{"id":1010,"date":"2020-03-20T14:05:46","date_gmt":"2020-03-20T13:05:46","guid":{"rendered":"https:\/\/www.ariasassessors.com\/aclariments-i-novetats-sobre-les-ajudes-i-mesures-adoptades-a-dia-davui-divendres-20-de-marc-respecte-el-covid-19\/"},"modified":"2020-03-20T14:05:46","modified_gmt":"2020-03-20T13:05:46","slug":"aclariments-i-novetats-sobre-les-ajudes-i-mesures-adoptades-a-dia-davui-divendres-20-de-marc-respecte-el-covid-19","status":"publish","type":"post","link":"https:\/\/www.ariasassessors.com\/ca\/aclariments-i-novetats-sobre-les-ajudes-i-mesures-adoptades-a-dia-davui-divendres-20-de-marc-respecte-el-covid-19\/","title":{"rendered":"ACLARIMENTS I NOVETATS SOBRE LES AJUDES I MESURES ADOPTADES A DIA D&#8217;AVUI DIVENDRES 20 DE MAR\u00c7 RESPECTE EL COVID-19"},"content":{"rendered":"<p>Us oferim a dia d&#8217;avui, divendres 20 de mar\u00e7 les novetats, i sobretot aclariments, sobre algunes de les mesures adoptades i ajudes disponibles. Esperem que serveixi a tots els nostres clients i seguidors per aclarir una mica m\u00e9s com est\u00e0 la situaci\u00f3 ara mateix, que dit sigui de pas com b\u00e9 sabem tots va variant per moments amb nous comunicats, correccions, modificacions d&#8217;ajudes i adaptacions:<\/p>\n<p><strong>AUT\u00d2NOMS<\/strong><\/p>\n<p>Actualment tenim obertes dues vies d&#8217;ajuda \/ subvenci\u00f3, l&#8217;estatal i l&#8217;auton\u00f2mica, dir d&#8217;entrada que els que puguin accedir a les dues perqu\u00e8 compleixen els requisits, hauran de triar entre una o altra ajuda, NO es poden tramitar totes dues.<\/p>\n<p>Ajuda auton\u00f2mica Generalitat 2.000 \u20ac per aut\u00f2nom. Nom\u00e9s ser\u00e0 possible per a aut\u00f2noms persona f\u00edsica amb activitat a nom propi (no SL etc &#8230;). I el m\u00e9s important, els dos requisits principals seran que la seva activitat estigui inclosa en el Reial Decret 463\/2020 (per tant les activitats suspeses i obligades a tancar &#8211; restauraci\u00f3 i hostaleria, gimnasos i activitats esportives a l&#8217;aire lliure, perruqueries i centres d&#8217;est\u00e8tica &#8230;). L&#8217;altre requisit, acreditar a m\u00e9s un descens en la facturaci\u00f3 dr\u00e0stic d&#8217;aquest mar\u00e7 respecte a l&#8217;Mar\u00e7 de 2019. Queda per tant restringida aquesta ajuda a un sector molt concret d&#8217;aut\u00f2noms, nom\u00e9s les persones f\u00edsiques i nom\u00e9s les activitats incloses en el Reial Decret en qu\u00e8 es va decretar l&#8217;estat d&#8217;alarma.<\/p>\n<p>Ajuda estatal, prestaci\u00f3 d&#8217;atur i exoneraci\u00f3 de pagament quota aut\u00f2noms. Encara no podem confirmar si a aquest ajut es poden acollir no nom\u00e9s els aut\u00f2noms persona f\u00edsica sin\u00f3 tamb\u00e9 els membres i socis treballadors de societats. En principi, de la mateixa manera que en l&#8217;ajuda de la Generalitat, havia de ser nom\u00e9s per a persones f\u00edsiques, per\u00f2 s&#8217;est\u00e0 negociant amb el Govern perqu\u00e8 s&#8217;ampli\u00ef a tots els aut\u00f2noms.<\/p>\n<p>Aquest ajut implicar\u00e0 l&#8217;obligaci\u00f3 de mantenir-se d&#8217;alta d&#8217;activitat i aut\u00f2noms (no caldr\u00e0 tramitar baixes) i se sol\u00b7licitar\u00e0 el pagament de la prestaci\u00f3 d&#8217;un mes d&#8217;atur (de moment \u00e9s el que hi ha garantit) al costat de l&#8217;exoneraci\u00f3 de pagament de la quota d&#8217;aut\u00f2noms. De moment ser\u00e0 per un mes, veurem si es prorroga la situaci\u00f3. El pagament ser\u00e0 d&#8217;un 70% de la base reguladora &#8211; base de cotitzaci\u00f3, en el cas d&#8217;un aut\u00f2nom que paga quotes m\u00ednimes parlar\u00edem d&#8217;un pagament de prestaci\u00f3 d&#8217;una mica menys de 700 \u20ac. Aquests ajuts podran sol\u00b7licitar-se en cas de ser activitats suspeses pel Reial Decret 463\/2020 o b\u00e9 si podem acreditar durant el mes de Mar\u00e7 un descens de l&#8217;75% de la facturaci\u00f3 respecte a el semestre anterior.<\/p>\n<p>En aquests dies veurem si hi ha m\u00e9s variacions o modificacions, i prendrem les decisions pertinents per escollir una opci\u00f3 o una altra, i, si escau tramitar per a final de mes o principis d&#8217;abril el cobrament de la prestaci\u00f3.<\/p>\n<p>Per a aquells que no puguin acreditar o no compleixen cap dels requisits d&#8217;acc\u00e9s a ajuts, i no puguin seguir amb la seva activitat ni tinguin previsi\u00f3 de treballs ni facturaci\u00f3, sempre quedar\u00e0 el donar-se de baixa d&#8217;activitat temporalment per a l&#8217;menys deixar de pagar la quota d&#8217;aut\u00f2noms mentre passi aquesta situaci\u00f3.<\/p>\n<p><strong>EXPEDIENTS ERTE FOR\u00c7A MAJOR &#8211; ERTE ALTRES CAUSES, PRODUCTIVES, T\u00c8CNIQUES O ORGANITZATIVES.<\/strong><\/p>\n<p>Creiem que a causa de l&#8217;allau de presentaci\u00f3 d&#8217;ERTE &#8216;s per for\u00e7a major, aquests s&#8217;aniran aprovant seguint uns criteris o nivells:<\/p>\n<p>Nivell 1: s&#8217;aprovaran r\u00e0pid i sense m\u00e9s contratemps tots els expedients que provinguin d&#8217;activitats suspeses per Reial Decret (el ja comentat abans 463\/2020)<br \/>\nNivell 2: s&#8217;aprovaran suposem amb prou agilitat aquells expedients que, sense ser les activitats obligades a tancar, presentin la sol\u00b7licitud per for\u00e7a major indirecta, \u00e9s a dir, que la totalitat dels seus clients si estan dins d&#8217;aquestes activitats i que per tant, si seus clients han estat obligats a tancar, ja que ells indirectament es veuen afectats i d&#8217;alguna manera \u00e9s com si els &#8220;obliguessin&#8221; a tancar tamb\u00e9.<br \/>\nNivell 3: expedients de for\u00e7a major que hagin d&#8217;acreditar el descens gaireb\u00e9 total de la seva facturaci\u00f3, que hagin de cancel\u00b7lar les seves activitats per falta de subministraments, per cancel\u00b7laci\u00f3 de serveis dels seus clients, per ser activitats de risc, etc &#8230; aquests seran els que h\u00e0gim de acreditar b\u00e9 els motius, adjuntar la documentaci\u00f3 i esperar a veure com actua l&#8217;autoritat laboral en cada cas.<\/p>\n<p>Se&#8217;ns ha indicat que en cas de no poder optar a l&#8217;ERTE per for\u00e7a major, fins i tot en cas que l&#8217;autoritat laboral ens ho denegui, podr\u00edem optar llavors per redirigir la petici\u00f3 a un ERTE per temes productius, t\u00e8cnics o organitzatius.<\/p>\n<p>Nom\u00e9s els expedients ERTE PER FOR\u00c7A MAJOR queden exonerats de pagament de les quota patronal de Seguretat Social, per tant la resta de ERTE &#8216;s com els productius o les empreses que no ho puguin tramitar hauran de continuar pagant les quotes de cotitzaci\u00f3 social d&#8217;empresa.<\/p>\n<p>En els casos d&#8217;ERTE PER FOR\u00c7A MAJOR, n&#8217;hi ha prou de cara a la comunicaci\u00f3 amb els treballadors acreditar que els ha comunicat que l&#8217;empresa ha tramitat un expedient ERTE, b\u00e9 sigui per mail o fins i tot whattssap, sense necessitat en aquests casos de la signatura de els treballadors.<\/p>\n<p>Poden tramitar tamb\u00e9 el ERTE PER FOR\u00c7A MAJOR i quedar exonerades de el pagament de la quota de Seguretat Social a les empreses que tinguin deutes pendents amb la TGSS. Quedaran suspesos els contractes, no pagaran la quota de Seguretat Social en aquest per\u00edode d&#8217;estat d&#8217;alarma per\u00f2 els seus deutes quedaran pendents en el seu expedient com fins ara.<\/p>\n<p>Els treballadors mantenen en aquests casos d&#8217;ERTE la mateixa cotitzaci\u00f3 que mantenien en els seus contractes i tots els seus drets, \u00fanicament varia el pagament de la n\u00f2mina, que ser\u00e0 a c\u00e0rrec de la INEM pagant un m\u00e0xim de el 70% de la seva base reguladora \/ cotitzaci\u00f3 mentre duri l&#8217;estat d&#8217;alarma, un cop transcorregut aix\u00f2 recuperaran la seva ocupaci\u00f3 i les seves condicions anteriors sense excepci\u00f3.<\/p>\n<p>Les empreses que s&#8217;acullen a l&#8217;ERTE PER FOR\u00c7A MAJOR hauran, un cop transcorri l&#8217;estat d&#8217;alarma i es cancel\u00b7li el ERTE, mantenir el mateix nivell d&#8217;ocupaci\u00f3 durant els seg\u00fcents 6 mesos. Si en el ERTE s&#8217;inclouen 8 treballadors, aquests 8 llocs de treball s&#8217;han de mantenir un cop passi el ERTE i fins a 6 mesos m\u00e9s. \u00c9s per aix\u00f2 que val la pena, en alguns casos, que els treballadors que estiguin a punt de finalitzar el seu contracte i no hagi intenci\u00f3 de renovar, que no entrin dins de l&#8217;expedient ERTE. En aquests casos es notificar\u00e0 a l&#8217;autoritat laboral la totalitat de la plantilla disponible fent inc\u00eds si algun treballador no forma part de l&#8217;expedient ja que el seu contracte est\u00e0 pr\u00f2xim al seu venciment.<\/p>\n<p>&nbsp;<\/p>\n","protected":false},"excerpt":{"rendered":"<p>Us oferim a dia d&#8217;avui, divendres 20 de mar\u00e7 les novetats, i sobretot aclariments, sobre algunes de les mesures adoptades i ajudes disponibles. Esperem que serveixi a tots els nostres clients i seguidors per aclarir una mica m\u00e9s com est\u00e0 la situaci\u00f3 ara mateix, que&#8230;<\/p>\n","protected":false},"author":2,"featured_media":1012,"comment_status":"open","ping_status":"open","sticky":false,"template":"","format":"standard","meta":{"footnotes":""},"categories":[4],"tags":[453],"class_list":["post-1010","post","type-post","status-publish","format-standard","has-post-thumbnail","hentry","category-noticies","tag-coronavirus-ca"],"yoast_head":"<!-- This site is optimized with the Yoast SEO plugin v24.3 - https:\/\/yoast.com\/wordpress\/plugins\/seo\/ -->\n<title>ACLARIMENTS I NOVETATS SOBRE LES AJUDES I MESURES ADOPTADES A DIA D&#039;AVUI DIVENDRES 20 DE MAR\u00c7 RESPECTE EL COVID-19 | Arias Assessors<\/title>\n<meta name=\"robots\" content=\"index, follow, max-snippet:-1, max-image-preview:large, max-video-preview:-1\" \/>\n<link rel=\"canonical\" href=\"https:\/\/www.ariasassessors.com\/ca\/aclariments-i-novetats-sobre-les-ajudes-i-mesures-adoptades-a-dia-davui-divendres-20-de-marc-respecte-el-covid-19\/\" \/>\n<meta property=\"og:locale\" content=\"ca_ES\" \/>\n<meta property=\"og:type\" content=\"article\" \/>\n<meta property=\"og:title\" content=\"ACLARIMENTS I NOVETATS SOBRE LES AJUDES I MESURES ADOPTADES A DIA D&#039;AVUI DIVENDRES 20 DE MAR\u00c7 RESPECTE EL COVID-19 | Arias Assessors\" \/>\n<meta property=\"og:description\" content=\"Us oferim a dia d&#8217;avui, divendres 20 de mar\u00e7 les novetats, i sobretot aclariments, sobre algunes de les mesures adoptades i ajudes disponibles. Esperem que serveixi a tots els nostres clients i seguidors per aclarir una mica m\u00e9s com est\u00e0 la situaci\u00f3 ara mateix, que...\" \/>\n<meta property=\"og:url\" content=\"https:\/\/www.ariasassessors.com\/ca\/aclariments-i-novetats-sobre-les-ajudes-i-mesures-adoptades-a-dia-davui-divendres-20-de-marc-respecte-el-covid-19\/\" \/>\n<meta property=\"og:site_name\" content=\"Arias Assessors\" \/>\n<meta property=\"article:publisher\" content=\"https:\/\/www.facebook.com\/ariasassessors\/\" \/>\n<meta property=\"article:published_time\" content=\"2020-03-20T13:05:46+00:00\" \/>\n<meta property=\"og:image\" content=\"https:\/\/www.ariasassessors.com\/wp-content\/uploads\/2020\/03\/5e5f8fcb230000d90fdddfa8.jpg\" \/>\n\t<meta property=\"og:image:width\" content=\"630\" \/>\n\t<meta property=\"og:image:height\" content=\"354\" \/>\n\t<meta property=\"og:image:type\" content=\"image\/jpeg\" \/>\n<meta name=\"author\" content=\"btorras\" \/>\n<meta name=\"twitter:card\" content=\"summary_large_image\" \/>\n<meta name=\"twitter:creator\" content=\"@ariasassessors\" \/>\n<meta name=\"twitter:site\" content=\"@ariasassessors\" \/>\n<meta name=\"twitter:label1\" content=\"Escrit per\" \/>\n\t<meta name=\"twitter:data1\" content=\"btorras\" \/>\n\t<meta name=\"twitter:label2\" content=\"Temps estimat de lectura\" \/>\n\t<meta name=\"twitter:data2\" content=\"6 minuts\" \/>\n<script type=\"application\/ld+json\" class=\"yoast-schema-graph\">{\"@context\":\"https:\/\/schema.org\",\"@graph\":[{\"@type\":\"Article\",\"@id\":\"https:\/\/www.ariasassessors.com\/ca\/aclariments-i-novetats-sobre-les-ajudes-i-mesures-adoptades-a-dia-davui-divendres-20-de-marc-respecte-el-covid-19\/#article\",\"isPartOf\":{\"@id\":\"https:\/\/www.ariasassessors.com\/ca\/aclariments-i-novetats-sobre-les-ajudes-i-mesures-adoptades-a-dia-davui-divendres-20-de-marc-respecte-el-covid-19\/\"},\"author\":{\"name\":\"btorras\",\"@id\":\"https:\/\/www.ariasassessors.com\/#\/schema\/person\/63c6ad1775f0a9413c37932562673cef\"},\"headline\":\"ACLARIMENTS I NOVETATS SOBRE LES AJUDES I MESURES ADOPTADES A DIA D&#8217;AVUI DIVENDRES 20 DE MAR\u00c7 RESPECTE EL COVID-19\",\"datePublished\":\"2020-03-20T13:05:46+00:00\",\"dateModified\":\"2020-03-20T13:05:46+00:00\",\"mainEntityOfPage\":{\"@id\":\"https:\/\/www.ariasassessors.com\/ca\/aclariments-i-novetats-sobre-les-ajudes-i-mesures-adoptades-a-dia-davui-divendres-20-de-marc-respecte-el-covid-19\/\"},\"wordCount\":1144,\"commentCount\":0,\"publisher\":{\"@id\":\"https:\/\/www.ariasassessors.com\/#organization\"},\"image\":{\"@id\":\"https:\/\/www.ariasassessors.com\/ca\/aclariments-i-novetats-sobre-les-ajudes-i-mesures-adoptades-a-dia-davui-divendres-20-de-marc-respecte-el-covid-19\/#primaryimage\"},\"thumbnailUrl\":\"https:\/\/www.ariasassessors.com\/wp-content\/uploads\/2020\/03\/5e5f8fcb230000d90fdddfa8.jpg\",\"keywords\":[\"COVID\"],\"articleSection\":[\"noticies\"],\"inLanguage\":\"ca\",\"potentialAction\":[{\"@type\":\"CommentAction\",\"name\":\"Comment\",\"target\":[\"https:\/\/www.ariasassessors.com\/ca\/aclariments-i-novetats-sobre-les-ajudes-i-mesures-adoptades-a-dia-davui-divendres-20-de-marc-respecte-el-covid-19\/#respond\"]}]},{\"@type\":\"WebPage\",\"@id\":\"https:\/\/www.ariasassessors.com\/ca\/aclariments-i-novetats-sobre-les-ajudes-i-mesures-adoptades-a-dia-davui-divendres-20-de-marc-respecte-el-covid-19\/\",\"url\":\"https:\/\/www.ariasassessors.com\/ca\/aclariments-i-novetats-sobre-les-ajudes-i-mesures-adoptades-a-dia-davui-divendres-20-de-marc-respecte-el-covid-19\/\",\"name\":\"ACLARIMENTS I NOVETATS SOBRE LES AJUDES I MESURES ADOPTADES A DIA D'AVUI DIVENDRES 20 DE MAR\u00c7 RESPECTE EL COVID-19 | Arias Assessors\",\"isPartOf\":{\"@id\":\"https:\/\/www.ariasassessors.com\/#website\"},\"primaryImageOfPage\":{\"@id\":\"https:\/\/www.ariasassessors.com\/ca\/aclariments-i-novetats-sobre-les-ajudes-i-mesures-adoptades-a-dia-davui-divendres-20-de-marc-respecte-el-covid-19\/#primaryimage\"},\"image\":{\"@id\":\"https:\/\/www.ariasassessors.com\/ca\/aclariments-i-novetats-sobre-les-ajudes-i-mesures-adoptades-a-dia-davui-divendres-20-de-marc-respecte-el-covid-19\/#primaryimage\"},\"thumbnailUrl\":\"https:\/\/www.ariasassessors.com\/wp-content\/uploads\/2020\/03\/5e5f8fcb230000d90fdddfa8.jpg\",\"datePublished\":\"2020-03-20T13:05:46+00:00\",\"dateModified\":\"2020-03-20T13:05:46+00:00\",\"breadcrumb\":{\"@id\":\"https:\/\/www.ariasassessors.com\/ca\/aclariments-i-novetats-sobre-les-ajudes-i-mesures-adoptades-a-dia-davui-divendres-20-de-marc-respecte-el-covid-19\/#breadcrumb\"},\"inLanguage\":\"ca\",\"potentialAction\":[{\"@type\":\"ReadAction\",\"target\":[\"https:\/\/www.ariasassessors.com\/ca\/aclariments-i-novetats-sobre-les-ajudes-i-mesures-adoptades-a-dia-davui-divendres-20-de-marc-respecte-el-covid-19\/\"]}]},{\"@type\":\"ImageObject\",\"inLanguage\":\"ca\",\"@id\":\"https:\/\/www.ariasassessors.com\/ca\/aclariments-i-novetats-sobre-les-ajudes-i-mesures-adoptades-a-dia-davui-divendres-20-de-marc-respecte-el-covid-19\/#primaryimage\",\"url\":\"https:\/\/www.ariasassessors.com\/wp-content\/uploads\/2020\/03\/5e5f8fcb230000d90fdddfa8.jpg\",\"contentUrl\":\"https:\/\/www.ariasassessors.com\/wp-content\/uploads\/2020\/03\/5e5f8fcb230000d90fdddfa8.jpg\",\"width\":630,\"height\":354,\"caption\":\"Coronavirus\"},{\"@type\":\"BreadcrumbList\",\"@id\":\"https:\/\/www.ariasassessors.com\/ca\/aclariments-i-novetats-sobre-les-ajudes-i-mesures-adoptades-a-dia-davui-divendres-20-de-marc-respecte-el-covid-19\/#breadcrumb\",\"itemListElement\":[{\"@type\":\"ListItem\",\"position\":1,\"name\":\"Portada\",\"item\":\"https:\/\/www.ariasassessors.com\/ca\/\"},{\"@type\":\"ListItem\",\"position\":2,\"name\":\"ACLARIMENTS I NOVETATS SOBRE LES AJUDES I MESURES ADOPTADES A DIA D&#8217;AVUI DIVENDRES 20 DE MAR\u00c7 RESPECTE EL COVID-19\"}]},{\"@type\":\"WebSite\",\"@id\":\"https:\/\/www.ariasassessors.com\/#website\",\"url\":\"https:\/\/www.ariasassessors.com\/\",\"name\":\"Arias Assessors\",\"description\":\"Asesor\u00eda para aut\u00f3nomos, profesionales y PYMES\",\"publisher\":{\"@id\":\"https:\/\/www.ariasassessors.com\/#organization\"},\"potentialAction\":[{\"@type\":\"SearchAction\",\"target\":{\"@type\":\"EntryPoint\",\"urlTemplate\":\"https:\/\/www.ariasassessors.com\/?s={search_term_string}\"},\"query-input\":{\"@type\":\"PropertyValueSpecification\",\"valueRequired\":true,\"valueName\":\"search_term_string\"}}],\"inLanguage\":\"ca\"},{\"@type\":\"Organization\",\"@id\":\"https:\/\/www.ariasassessors.com\/#organization\",\"name\":\"Arias Assessors\",\"url\":\"https:\/\/www.ariasassessors.com\/\",\"logo\":{\"@type\":\"ImageObject\",\"inLanguage\":\"ca\",\"@id\":\"https:\/\/www.ariasassessors.com\/#\/schema\/logo\/image\/\",\"url\":\"https:\/\/www.ariasassessors.com\/wp-content\/uploads\/2019\/01\/arias-logo.png\",\"contentUrl\":\"https:\/\/www.ariasassessors.com\/wp-content\/uploads\/2019\/01\/arias-logo.png\",\"width\":349,\"height\":254,\"caption\":\"Arias Assessors\"},\"image\":{\"@id\":\"https:\/\/www.ariasassessors.com\/#\/schema\/logo\/image\/\"},\"sameAs\":[\"https:\/\/www.facebook.com\/ariasassessors\/\",\"https:\/\/x.com\/ariasassessors\",\"https:\/\/www.linkedin.com\/company\/r&amp;amp;r-growing-knowledge\/\"]},{\"@type\":\"Person\",\"@id\":\"https:\/\/www.ariasassessors.com\/#\/schema\/person\/63c6ad1775f0a9413c37932562673cef\",\"name\":\"btorras\",\"image\":{\"@type\":\"ImageObject\",\"inLanguage\":\"ca\",\"@id\":\"https:\/\/www.ariasassessors.com\/#\/schema\/person\/image\/\",\"url\":\"https:\/\/secure.gravatar.com\/avatar\/0531db351fc361fdbfd204c58fa2d6a3?s=96&d=mm&r=g\",\"contentUrl\":\"https:\/\/secure.gravatar.com\/avatar\/0531db351fc361fdbfd204c58fa2d6a3?s=96&d=mm&r=g\",\"caption\":\"btorras\"}}]}<\/script>\n<!-- \/ Yoast SEO plugin. -->","yoast_head_json":{"title":"ACLARIMENTS I NOVETATS SOBRE LES AJUDES I MESURES ADOPTADES A DIA D'AVUI DIVENDRES 20 DE MAR\u00c7 RESPECTE EL COVID-19 | Arias Assessors","robots":{"index":"index","follow":"follow","max-snippet":"max-snippet:-1","max-image-preview":"max-image-preview:large","max-video-preview":"max-video-preview:-1"},"canonical":"https:\/\/www.ariasassessors.com\/ca\/aclariments-i-novetats-sobre-les-ajudes-i-mesures-adoptades-a-dia-davui-divendres-20-de-marc-respecte-el-covid-19\/","og_locale":"ca_ES","og_type":"article","og_title":"ACLARIMENTS I NOVETATS SOBRE LES AJUDES I MESURES ADOPTADES A DIA D'AVUI DIVENDRES 20 DE MAR\u00c7 RESPECTE EL COVID-19 | Arias Assessors","og_description":"Us oferim a dia d&#8217;avui, divendres 20 de mar\u00e7 les novetats, i sobretot aclariments, sobre algunes de les mesures adoptades i ajudes disponibles. Esperem que serveixi a tots els nostres clients i seguidors per aclarir una mica m\u00e9s com est\u00e0 la situaci\u00f3 ara mateix, que...","og_url":"https:\/\/www.ariasassessors.com\/ca\/aclariments-i-novetats-sobre-les-ajudes-i-mesures-adoptades-a-dia-davui-divendres-20-de-marc-respecte-el-covid-19\/","og_site_name":"Arias Assessors","article_publisher":"https:\/\/www.facebook.com\/ariasassessors\/","article_published_time":"2020-03-20T13:05:46+00:00","og_image":[{"width":630,"height":354,"url":"https:\/\/www.ariasassessors.com\/wp-content\/uploads\/2020\/03\/5e5f8fcb230000d90fdddfa8.jpg","type":"image\/jpeg"}],"author":"btorras","twitter_card":"summary_large_image","twitter_creator":"@ariasassessors","twitter_site":"@ariasassessors","twitter_misc":{"Escrit per":"btorras","Temps estimat de lectura":"6 minuts"},"schema":{"@context":"https:\/\/schema.org","@graph":[{"@type":"Article","@id":"https:\/\/www.ariasassessors.com\/ca\/aclariments-i-novetats-sobre-les-ajudes-i-mesures-adoptades-a-dia-davui-divendres-20-de-marc-respecte-el-covid-19\/#article","isPartOf":{"@id":"https:\/\/www.ariasassessors.com\/ca\/aclariments-i-novetats-sobre-les-ajudes-i-mesures-adoptades-a-dia-davui-divendres-20-de-marc-respecte-el-covid-19\/"},"author":{"name":"btorras","@id":"https:\/\/www.ariasassessors.com\/#\/schema\/person\/63c6ad1775f0a9413c37932562673cef"},"headline":"ACLARIMENTS I NOVETATS SOBRE LES AJUDES I MESURES ADOPTADES A DIA D&#8217;AVUI DIVENDRES 20 DE MAR\u00c7 RESPECTE EL COVID-19","datePublished":"2020-03-20T13:05:46+00:00","dateModified":"2020-03-20T13:05:46+00:00","mainEntityOfPage":{"@id":"https:\/\/www.ariasassessors.com\/ca\/aclariments-i-novetats-sobre-les-ajudes-i-mesures-adoptades-a-dia-davui-divendres-20-de-marc-respecte-el-covid-19\/"},"wordCount":1144,"commentCount":0,"publisher":{"@id":"https:\/\/www.ariasassessors.com\/#organization"},"image":{"@id":"https:\/\/www.ariasassessors.com\/ca\/aclariments-i-novetats-sobre-les-ajudes-i-mesures-adoptades-a-dia-davui-divendres-20-de-marc-respecte-el-covid-19\/#primaryimage"},"thumbnailUrl":"https:\/\/www.ariasassessors.com\/wp-content\/uploads\/2020\/03\/5e5f8fcb230000d90fdddfa8.jpg","keywords":["COVID"],"articleSection":["noticies"],"inLanguage":"ca","potentialAction":[{"@type":"CommentAction","name":"Comment","target":["https:\/\/www.ariasassessors.com\/ca\/aclariments-i-novetats-sobre-les-ajudes-i-mesures-adoptades-a-dia-davui-divendres-20-de-marc-respecte-el-covid-19\/#respond"]}]},{"@type":"WebPage","@id":"https:\/\/www.ariasassessors.com\/ca\/aclariments-i-novetats-sobre-les-ajudes-i-mesures-adoptades-a-dia-davui-divendres-20-de-marc-respecte-el-covid-19\/","url":"https:\/\/www.ariasassessors.com\/ca\/aclariments-i-novetats-sobre-les-ajudes-i-mesures-adoptades-a-dia-davui-divendres-20-de-marc-respecte-el-covid-19\/","name":"ACLARIMENTS I NOVETATS SOBRE LES AJUDES I MESURES ADOPTADES A DIA D'AVUI DIVENDRES 20 DE MAR\u00c7 RESPECTE EL COVID-19 | Arias Assessors","isPartOf":{"@id":"https:\/\/www.ariasassessors.com\/#website"},"primaryImageOfPage":{"@id":"https:\/\/www.ariasassessors.com\/ca\/aclariments-i-novetats-sobre-les-ajudes-i-mesures-adoptades-a-dia-davui-divendres-20-de-marc-respecte-el-covid-19\/#primaryimage"},"image":{"@id":"https:\/\/www.ariasassessors.com\/ca\/aclariments-i-novetats-sobre-les-ajudes-i-mesures-adoptades-a-dia-davui-divendres-20-de-marc-respecte-el-covid-19\/#primaryimage"},"thumbnailUrl":"https:\/\/www.ariasassessors.com\/wp-content\/uploads\/2020\/03\/5e5f8fcb230000d90fdddfa8.jpg","datePublished":"2020-03-20T13:05:46+00:00","dateModified":"2020-03-20T13:05:46+00:00","breadcrumb":{"@id":"https:\/\/www.ariasassessors.com\/ca\/aclariments-i-novetats-sobre-les-ajudes-i-mesures-adoptades-a-dia-davui-divendres-20-de-marc-respecte-el-covid-19\/#breadcrumb"},"inLanguage":"ca","potentialAction":[{"@type":"ReadAction","target":["https:\/\/www.ariasassessors.com\/ca\/aclariments-i-novetats-sobre-les-ajudes-i-mesures-adoptades-a-dia-davui-divendres-20-de-marc-respecte-el-covid-19\/"]}]},{"@type":"ImageObject","inLanguage":"ca","@id":"https:\/\/www.ariasassessors.com\/ca\/aclariments-i-novetats-sobre-les-ajudes-i-mesures-adoptades-a-dia-davui-divendres-20-de-marc-respecte-el-covid-19\/#primaryimage","url":"https:\/\/www.ariasassessors.com\/wp-content\/uploads\/2020\/03\/5e5f8fcb230000d90fdddfa8.jpg","contentUrl":"https:\/\/www.ariasassessors.com\/wp-content\/uploads\/2020\/03\/5e5f8fcb230000d90fdddfa8.jpg","width":630,"height":354,"caption":"Coronavirus"},{"@type":"BreadcrumbList","@id":"https:\/\/www.ariasassessors.com\/ca\/aclariments-i-novetats-sobre-les-ajudes-i-mesures-adoptades-a-dia-davui-divendres-20-de-marc-respecte-el-covid-19\/#breadcrumb","itemListElement":[{"@type":"ListItem","position":1,"name":"Portada","item":"https:\/\/www.ariasassessors.com\/ca\/"},{"@type":"ListItem","position":2,"name":"ACLARIMENTS I NOVETATS SOBRE LES AJUDES I MESURES ADOPTADES A DIA D&#8217;AVUI DIVENDRES 20 DE MAR\u00c7 RESPECTE EL COVID-19"}]},{"@type":"WebSite","@id":"https:\/\/www.ariasassessors.com\/#website","url":"https:\/\/www.ariasassessors.com\/","name":"Arias Assessors","description":"Asesor\u00eda para aut\u00f3nomos, profesionales y PYMES","publisher":{"@id":"https:\/\/www.ariasassessors.com\/#organization"},"potentialAction":[{"@type":"SearchAction","target":{"@type":"EntryPoint","urlTemplate":"https:\/\/www.ariasassessors.com\/?s={search_term_string}"},"query-input":{"@type":"PropertyValueSpecification","valueRequired":true,"valueName":"search_term_string"}}],"inLanguage":"ca"},{"@type":"Organization","@id":"https:\/\/www.ariasassessors.com\/#organization","name":"Arias Assessors","url":"https:\/\/www.ariasassessors.com\/","logo":{"@type":"ImageObject","inLanguage":"ca","@id":"https:\/\/www.ariasassessors.com\/#\/schema\/logo\/image\/","url":"https:\/\/www.ariasassessors.com\/wp-content\/uploads\/2019\/01\/arias-logo.png","contentUrl":"https:\/\/www.ariasassessors.com\/wp-content\/uploads\/2019\/01\/arias-logo.png","width":349,"height":254,"caption":"Arias Assessors"},"image":{"@id":"https:\/\/www.ariasassessors.com\/#\/schema\/logo\/image\/"},"sameAs":["https:\/\/www.facebook.com\/ariasassessors\/","https:\/\/x.com\/ariasassessors","https:\/\/www.linkedin.com\/company\/r&amp;amp;r-growing-knowledge\/"]},{"@type":"Person","@id":"https:\/\/www.ariasassessors.com\/#\/schema\/person\/63c6ad1775f0a9413c37932562673cef","name":"btorras","image":{"@type":"ImageObject","inLanguage":"ca","@id":"https:\/\/www.ariasassessors.com\/#\/schema\/person\/image\/","url":"https:\/\/secure.gravatar.com\/avatar\/0531db351fc361fdbfd204c58fa2d6a3?s=96&d=mm&r=g","contentUrl":"https:\/\/secure.gravatar.com\/avatar\/0531db351fc361fdbfd204c58fa2d6a3?s=96&d=mm&r=g","caption":"btorras"}}]}},"_links":{"self":[{"href":"https:\/\/www.ariasassessors.com\/ca\/wp-json\/wp\/v2\/posts\/1010","targetHints":{"allow":["GET"]}}],"collection":[{"href":"https:\/\/www.ariasassessors.com\/ca\/wp-json\/wp\/v2\/posts"}],"about":[{"href":"https:\/\/www.ariasassessors.com\/ca\/wp-json\/wp\/v2\/types\/post"}],"author":[{"embeddable":true,"href":"https:\/\/www.ariasassessors.com\/ca\/wp-json\/wp\/v2\/users\/2"}],"replies":[{"embeddable":true,"href":"https:\/\/www.ariasassessors.com\/ca\/wp-json\/wp\/v2\/comments?post=1010"}],"version-history":[{"count":0,"href":"https:\/\/www.ariasassessors.com\/ca\/wp-json\/wp\/v2\/posts\/1010\/revisions"}],"wp:featuredmedia":[{"embeddable":true,"href":"https:\/\/www.ariasassessors.com\/ca\/wp-json\/wp\/v2\/media\/1012"}],"wp:attachment":[{"href":"https:\/\/www.ariasassessors.com\/ca\/wp-json\/wp\/v2\/media?parent=1010"}],"wp:term":[{"taxonomy":"category","embeddable":true,"href":"https:\/\/www.ariasassessors.com\/ca\/wp-json\/wp\/v2\/categories?post=1010"},{"taxonomy":"post_tag","embeddable":true,"href":"https:\/\/www.ariasassessors.com\/ca\/wp-json\/wp\/v2\/tags?post=1010"}],"curies":[{"name":"wp","href":"https:\/\/api.w.org\/{rel}","templated":true}]}}