{"id":1022,"date":"2020-03-25T11:26:30","date_gmt":"2020-03-25T10:26:30","guid":{"rendered":"https:\/\/www.ariasassessors.com\/estat-dalarma-informacio-sobre-com-sol%c2%b7licitar-la-prestacio-individual-per-atur\/"},"modified":"2020-03-25T11:26:30","modified_gmt":"2020-03-25T10:26:30","slug":"estat-dalarma-informacio-sobre-com-sol%c2%b7licitar-la-prestacio-individual-per-atur","status":"publish","type":"post","link":"https:\/\/www.ariasassessors.com\/ca\/estat-dalarma-informacio-sobre-com-sol%c2%b7licitar-la-prestacio-individual-per-atur\/","title":{"rendered":"ESTAT D&#8217;ALARMA: INFORMACI\u00d3 SOBRE COM SOL\u00b7LICITAR LA PRESTACI\u00d3 INDIVIDUAL PER ATUR"},"content":{"rendered":"<p>Per a treballadors que finalitzen contracte, provenen d&#8217;ETT o acomiadaments NO AFECTATS PER UN ERTE:<\/p>\n<p>Ja est\u00e0 disponible el formulari pre-sol\u00b7licitud de prestaci\u00f3 individual per desocupaci\u00f3 durant l&#8217;aplicaci\u00f3 de les mesures COVID-19 per aquelles persones no afectades per un ERTE. Durant el per\u00edode de vig\u00e8ncia de les mesures extraordin\u00e0ries en mat\u00e8ria de salut p\u00fablica adoptades per les autoritats per combatre els efectes de l&#8217;extensi\u00f3 de l&#8217;COVID-19, a partir de l&#8217;24 de mar\u00e7 ja \u00e9s possible enviar el formulari que es troba a la Seu electr\u00f2nica i un gestor del SEPE es posar\u00e0 en contacte amb cada sol\u00b7licitant en els pr\u00f2xims dies per formalitzar la sol\u00b7licitud. Cal fer esment al fet que aquest formulari NO \u00e9s una sol\u00b7licitud definitiva per\u00f2 permet anticipar la recollida de dades per a agilitzar la tramitaci\u00f3 de la sol\u00b7licitud i nom\u00e9s \u00e9s v\u00e0lid per a persones desocupades (persones que v\u00e9nen d&#8217;ETT o per un acomiadament normal a la seva empresa), no per a aquelles persones afectes per ERTEs. A continuaci\u00f3 detallem l&#8217;enlla\u00e7 directe de l&#8217;formulari comentat:<\/p>\n<p><a href=\"https:\/\/sede.sepe.gob.es\/SolicPrestIndividualWeb\/flows\/solicitud?execution=e3s1\">https:\/\/sede.sepe.gob.es\/SolicPrestIndividualWeb\/flows\/solicitud?execution=e3s1<\/a><\/p>\n<p><img loading=\"lazy\" decoding=\"async\" class=\"alignnone wp-image-1017 size-full\" src=\"https:\/\/www.ariasassessors.com\/wp-content\/uploads\/2020\/03\/image002.jpg\" alt=\"SEPE\" width=\"240\" height=\"120\" \/><\/p>\n<p>Per a treballadors afectats i inclosos en expedients de regulaci\u00f3 d&#8217;ocupaci\u00f3 ERTE:<\/p>\n<p>Totes aquelles persones afectades per un ERTE i que hagin de sol\u00b7licitar la prestaci\u00f3 individual per desocupaci\u00f3, no han de demanar cita pr\u00e8via amb el SEPE ni tampoc trucar per tel\u00e8fon, ja que la gesti\u00f3 de la seva prestaci\u00f3 es tramitar\u00e0 entre l&#8217;empresa i el SEPE, la persona afectada en aquest cas no haur\u00e0 de fer cap gesti\u00f3. Properament donarem m\u00e9s detalls sobre aquest procediment per a tots els nostres clients, tot i que ja podem avan\u00e7ar que les empreses, un cop aprovat el ERTE, hauran d&#8217;omplir un document en format EXCEL relacionant a tota la plantilla afectada amb totes les dades necess\u00e0ries perqu\u00e8 el SEPE directament li pagui la prestaci\u00f3 corresponent a cada treballador.<\/p>\n<p><img loading=\"lazy\" decoding=\"async\" class=\"alignnone wp-image-1019 size-medium\" src=\"https:\/\/www.ariasassessors.com\/wp-content\/uploads\/2020\/03\/IMG_4179-300x154.jpg\" alt=\"SEPE\" width=\"300\" height=\"154\" srcset=\"https:\/\/www.ariasassessors.com\/wp-content\/uploads\/2020\/03\/IMG_4179-300x154.jpg 300w, https:\/\/www.ariasassessors.com\/wp-content\/uploads\/2020\/03\/IMG_4179-1024x527.jpg 1024w, https:\/\/www.ariasassessors.com\/wp-content\/uploads\/2020\/03\/IMG_4179-768x395.jpg 768w, https:\/\/www.ariasassessors.com\/wp-content\/uploads\/2020\/03\/IMG_4179-700x360.jpg 700w, https:\/\/www.ariasassessors.com\/wp-content\/uploads\/2020\/03\/IMG_4179.jpg 1124w\" sizes=\"auto, (max-width: 300px) 100vw, 300px\" \/><\/p>\n<p>Si tens qualsevol dubte recordem que a hores d&#8217;ara \u00e9s preferible <a href=\"https:\/\/www.ariasassessors.com\/ca\/contacte\/\">contactar via mail<\/a> amb nosaltres.<\/p>\n","protected":false},"excerpt":{"rendered":"<p>Per a treballadors que finalitzen contracte, provenen d&#8217;ETT o acomiadaments NO AFECTATS PER UN ERTE: Ja est\u00e0 disponible el formulari pre-sol\u00b7licitud de prestaci\u00f3 individual per desocupaci\u00f3 durant l&#8217;aplicaci\u00f3 de les mesures COVID-19 per aquelles persones no afectades per un ERTE. Durant el per\u00edode de vig\u00e8ncia&#8230;<\/p>\n","protected":false},"author":2,"featured_media":1028,"comment_status":"open","ping_status":"open","sticky":false,"template":"","format":"standard","meta":{"footnotes":""},"categories":[4],"tags":[453,483,484],"class_list":["post-1022","post","type-post","status-publish","format-standard","has-post-thumbnail","hentry","category-noticies","tag-coronavirus-ca","tag-erte-ca","tag-estat-dalarma"],"yoast_head":"<!-- This site is optimized with the Yoast SEO plugin v24.3 - https:\/\/yoast.com\/wordpress\/plugins\/seo\/ -->\n<title>PRESTACI\u00d3N INDIVIDUAL POR DESEMPLEO | Arias Assessors<\/title>\n<meta name=\"description\" content=\"Ya est\u00e1 disponible el formulario pre-solicitud de prestaci\u00f3n individual por desempleo durante la aplicaci\u00f3n de las medidas COVID-19 por aquellas personas\" \/>\n<meta name=\"robots\" content=\"index, follow, max-snippet:-1, max-image-preview:large, max-video-preview:-1\" \/>\n<link rel=\"canonical\" href=\"https:\/\/www.ariasassessors.com\/ca\/estat-dalarma-informacio-sobre-com-sol\u00b7licitar-la-prestacio-individual-per-atur\/\" \/>\n<meta property=\"og:locale\" content=\"ca_ES\" \/>\n<meta property=\"og:type\" content=\"article\" \/>\n<meta property=\"og:title\" content=\"PRESTACI\u00d3N INDIVIDUAL POR DESEMPLEO | Arias Assessors\" \/>\n<meta property=\"og:description\" content=\"Ya est\u00e1 disponible el formulario pre-solicitud de prestaci\u00f3n individual por desempleo durante la aplicaci\u00f3n de las medidas COVID-19 por aquellas personas\" \/>\n<meta property=\"og:url\" content=\"https:\/\/www.ariasassessors.com\/ca\/estat-dalarma-informacio-sobre-com-sol\u00b7licitar-la-prestacio-individual-per-atur\/\" \/>\n<meta property=\"og:site_name\" content=\"Arias Assessors\" \/>\n<meta property=\"article:publisher\" content=\"https:\/\/www.facebook.com\/ariasassessors\/\" \/>\n<meta property=\"article:published_time\" content=\"2020-03-25T10:26:30+00:00\" \/>\n<meta property=\"og:image\" content=\"https:\/\/www.ariasassessors.com\/wp-content\/uploads\/2020\/03\/apple-business-computer-connection-392018-1024x683.jpg\" \/>\n\t<meta property=\"og:image:width\" content=\"1024\" \/>\n\t<meta property=\"og:image:height\" content=\"683\" \/>\n\t<meta property=\"og:image:type\" content=\"image\/jpeg\" \/>\n<meta name=\"author\" content=\"btorras\" \/>\n<meta name=\"twitter:card\" content=\"summary_large_image\" \/>\n<meta name=\"twitter:creator\" content=\"@ariasassessors\" \/>\n<meta name=\"twitter:site\" content=\"@ariasassessors\" \/>\n<meta name=\"twitter:label1\" content=\"Escrit per\" \/>\n\t<meta name=\"twitter:data1\" content=\"btorras\" \/>\n\t<meta name=\"twitter:label2\" content=\"Temps estimat de lectura\" \/>\n\t<meta name=\"twitter:data2\" content=\"2 minuts\" \/>\n<script type=\"application\/ld+json\" class=\"yoast-schema-graph\">{\"@context\":\"https:\/\/schema.org\",\"@graph\":[{\"@type\":\"Article\",\"@id\":\"https:\/\/www.ariasassessors.com\/ca\/estat-dalarma-informacio-sobre-com-sol%c2%b7licitar-la-prestacio-individual-per-atur\/#article\",\"isPartOf\":{\"@id\":\"https:\/\/www.ariasassessors.com\/ca\/estat-dalarma-informacio-sobre-com-sol%c2%b7licitar-la-prestacio-individual-per-atur\/\"},\"author\":{\"name\":\"btorras\",\"@id\":\"https:\/\/www.ariasassessors.com\/#\/schema\/person\/63c6ad1775f0a9413c37932562673cef\"},\"headline\":\"ESTAT D&#8217;ALARMA: INFORMACI\u00d3 SOBRE COM SOL\u00b7LICITAR LA PRESTACI\u00d3 INDIVIDUAL PER ATUR\",\"datePublished\":\"2020-03-25T10:26:30+00:00\",\"dateModified\":\"2020-03-25T10:26:30+00:00\",\"mainEntityOfPage\":{\"@id\":\"https:\/\/www.ariasassessors.com\/ca\/estat-dalarma-informacio-sobre-com-sol%c2%b7licitar-la-prestacio-individual-per-atur\/\"},\"wordCount\":357,\"commentCount\":0,\"publisher\":{\"@id\":\"https:\/\/www.ariasassessors.com\/#organization\"},\"image\":{\"@id\":\"https:\/\/www.ariasassessors.com\/ca\/estat-dalarma-informacio-sobre-com-sol%c2%b7licitar-la-prestacio-individual-per-atur\/#primaryimage\"},\"thumbnailUrl\":\"https:\/\/www.ariasassessors.com\/wp-content\/uploads\/2020\/03\/apple-business-computer-connection-392018.jpg\",\"keywords\":[\"COVID\",\"ERTE\",\"estat d'alarma\"],\"articleSection\":[\"noticies\"],\"inLanguage\":\"ca\",\"potentialAction\":[{\"@type\":\"CommentAction\",\"name\":\"Comment\",\"target\":[\"https:\/\/www.ariasassessors.com\/ca\/estat-dalarma-informacio-sobre-com-sol%c2%b7licitar-la-prestacio-individual-per-atur\/#respond\"]}]},{\"@type\":\"WebPage\",\"@id\":\"https:\/\/www.ariasassessors.com\/ca\/estat-dalarma-informacio-sobre-com-sol%c2%b7licitar-la-prestacio-individual-per-atur\/\",\"url\":\"https:\/\/www.ariasassessors.com\/ca\/estat-dalarma-informacio-sobre-com-sol%c2%b7licitar-la-prestacio-individual-per-atur\/\",\"name\":\"PRESTACI\u00d3N INDIVIDUAL POR DESEMPLEO | Arias Assessors\",\"isPartOf\":{\"@id\":\"https:\/\/www.ariasassessors.com\/#website\"},\"primaryImageOfPage\":{\"@id\":\"https:\/\/www.ariasassessors.com\/ca\/estat-dalarma-informacio-sobre-com-sol%c2%b7licitar-la-prestacio-individual-per-atur\/#primaryimage\"},\"image\":{\"@id\":\"https:\/\/www.ariasassessors.com\/ca\/estat-dalarma-informacio-sobre-com-sol%c2%b7licitar-la-prestacio-individual-per-atur\/#primaryimage\"},\"thumbnailUrl\":\"https:\/\/www.ariasassessors.com\/wp-content\/uploads\/2020\/03\/apple-business-computer-connection-392018.jpg\",\"datePublished\":\"2020-03-25T10:26:30+00:00\",\"dateModified\":\"2020-03-25T10:26:30+00:00\",\"description\":\"Ya est\u00e1 disponible el formulario pre-solicitud de prestaci\u00f3n individual por desempleo durante la aplicaci\u00f3n de las medidas COVID-19 por aquellas personas\",\"breadcrumb\":{\"@id\":\"https:\/\/www.ariasassessors.com\/ca\/estat-dalarma-informacio-sobre-com-sol%c2%b7licitar-la-prestacio-individual-per-atur\/#breadcrumb\"},\"inLanguage\":\"ca\",\"potentialAction\":[{\"@type\":\"ReadAction\",\"target\":[\"https:\/\/www.ariasassessors.com\/ca\/estat-dalarma-informacio-sobre-com-sol%c2%b7licitar-la-prestacio-individual-per-atur\/\"]}]},{\"@type\":\"ImageObject\",\"inLanguage\":\"ca\",\"@id\":\"https:\/\/www.ariasassessors.com\/ca\/estat-dalarma-informacio-sobre-com-sol%c2%b7licitar-la-prestacio-individual-per-atur\/#primaryimage\",\"url\":\"https:\/\/www.ariasassessors.com\/wp-content\/uploads\/2020\/03\/apple-business-computer-connection-392018.jpg\",\"contentUrl\":\"https:\/\/www.ariasassessors.com\/wp-content\/uploads\/2020\/03\/apple-business-computer-connection-392018.jpg\",\"width\":2560,\"height\":1707,\"caption\":\"Covid-19 teletrabajo\"},{\"@type\":\"BreadcrumbList\",\"@id\":\"https:\/\/www.ariasassessors.com\/ca\/estat-dalarma-informacio-sobre-com-sol%c2%b7licitar-la-prestacio-individual-per-atur\/#breadcrumb\",\"itemListElement\":[{\"@type\":\"ListItem\",\"position\":1,\"name\":\"Portada\",\"item\":\"https:\/\/www.ariasassessors.com\/ca\/\"},{\"@type\":\"ListItem\",\"position\":2,\"name\":\"ESTAT D&#8217;ALARMA: INFORMACI\u00d3 SOBRE COM SOL\u00b7LICITAR LA PRESTACI\u00d3 INDIVIDUAL PER ATUR\"}]},{\"@type\":\"WebSite\",\"@id\":\"https:\/\/www.ariasassessors.com\/#website\",\"url\":\"https:\/\/www.ariasassessors.com\/\",\"name\":\"Arias Assessors\",\"description\":\"Asesor\u00eda para aut\u00f3nomos, profesionales y PYMES\",\"publisher\":{\"@id\":\"https:\/\/www.ariasassessors.com\/#organization\"},\"potentialAction\":[{\"@type\":\"SearchAction\",\"target\":{\"@type\":\"EntryPoint\",\"urlTemplate\":\"https:\/\/www.ariasassessors.com\/?s={search_term_string}\"},\"query-input\":{\"@type\":\"PropertyValueSpecification\",\"valueRequired\":true,\"valueName\":\"search_term_string\"}}],\"inLanguage\":\"ca\"},{\"@type\":\"Organization\",\"@id\":\"https:\/\/www.ariasassessors.com\/#organization\",\"name\":\"Arias Assessors\",\"url\":\"https:\/\/www.ariasassessors.com\/\",\"logo\":{\"@type\":\"ImageObject\",\"inLanguage\":\"ca\",\"@id\":\"https:\/\/www.ariasassessors.com\/#\/schema\/logo\/image\/\",\"url\":\"https:\/\/www.ariasassessors.com\/wp-content\/uploads\/2019\/01\/arias-logo.png\",\"contentUrl\":\"https:\/\/www.ariasassessors.com\/wp-content\/uploads\/2019\/01\/arias-logo.png\",\"width\":349,\"height\":254,\"caption\":\"Arias Assessors\"},\"image\":{\"@id\":\"https:\/\/www.ariasassessors.com\/#\/schema\/logo\/image\/\"},\"sameAs\":[\"https:\/\/www.facebook.com\/ariasassessors\/\",\"https:\/\/x.com\/ariasassessors\",\"https:\/\/www.linkedin.com\/company\/r&amp;amp;r-growing-knowledge\/\"]},{\"@type\":\"Person\",\"@id\":\"https:\/\/www.ariasassessors.com\/#\/schema\/person\/63c6ad1775f0a9413c37932562673cef\",\"name\":\"btorras\",\"image\":{\"@type\":\"ImageObject\",\"inLanguage\":\"ca\",\"@id\":\"https:\/\/www.ariasassessors.com\/#\/schema\/person\/image\/\",\"url\":\"https:\/\/secure.gravatar.com\/avatar\/0531db351fc361fdbfd204c58fa2d6a3?s=96&d=mm&r=g\",\"contentUrl\":\"https:\/\/secure.gravatar.com\/avatar\/0531db351fc361fdbfd204c58fa2d6a3?s=96&d=mm&r=g\",\"caption\":\"btorras\"}}]}<\/script>\n<!-- \/ Yoast SEO plugin. -->","yoast_head_json":{"title":"PRESTACI\u00d3N INDIVIDUAL POR DESEMPLEO | Arias Assessors","description":"Ya est\u00e1 disponible el formulario pre-solicitud de prestaci\u00f3n individual por desempleo durante la aplicaci\u00f3n de las medidas COVID-19 por aquellas personas","robots":{"index":"index","follow":"follow","max-snippet":"max-snippet:-1","max-image-preview":"max-image-preview:large","max-video-preview":"max-video-preview:-1"},"canonical":"https:\/\/www.ariasassessors.com\/ca\/estat-dalarma-informacio-sobre-com-sol\u00b7licitar-la-prestacio-individual-per-atur\/","og_locale":"ca_ES","og_type":"article","og_title":"PRESTACI\u00d3N INDIVIDUAL POR DESEMPLEO | Arias Assessors","og_description":"Ya est\u00e1 disponible el formulario pre-solicitud de prestaci\u00f3n individual por desempleo durante la aplicaci\u00f3n de las medidas COVID-19 por aquellas personas","og_url":"https:\/\/www.ariasassessors.com\/ca\/estat-dalarma-informacio-sobre-com-sol\u00b7licitar-la-prestacio-individual-per-atur\/","og_site_name":"Arias Assessors","article_publisher":"https:\/\/www.facebook.com\/ariasassessors\/","article_published_time":"2020-03-25T10:26:30+00:00","og_image":[{"width":1024,"height":683,"url":"https:\/\/www.ariasassessors.com\/wp-content\/uploads\/2020\/03\/apple-business-computer-connection-392018-1024x683.jpg","type":"image\/jpeg"}],"author":"btorras","twitter_card":"summary_large_image","twitter_creator":"@ariasassessors","twitter_site":"@ariasassessors","twitter_misc":{"Escrit per":"btorras","Temps estimat de lectura":"2 minuts"},"schema":{"@context":"https:\/\/schema.org","@graph":[{"@type":"Article","@id":"https:\/\/www.ariasassessors.com\/ca\/estat-dalarma-informacio-sobre-com-sol%c2%b7licitar-la-prestacio-individual-per-atur\/#article","isPartOf":{"@id":"https:\/\/www.ariasassessors.com\/ca\/estat-dalarma-informacio-sobre-com-sol%c2%b7licitar-la-prestacio-individual-per-atur\/"},"author":{"name":"btorras","@id":"https:\/\/www.ariasassessors.com\/#\/schema\/person\/63c6ad1775f0a9413c37932562673cef"},"headline":"ESTAT D&#8217;ALARMA: INFORMACI\u00d3 SOBRE COM SOL\u00b7LICITAR LA PRESTACI\u00d3 INDIVIDUAL PER ATUR","datePublished":"2020-03-25T10:26:30+00:00","dateModified":"2020-03-25T10:26:30+00:00","mainEntityOfPage":{"@id":"https:\/\/www.ariasassessors.com\/ca\/estat-dalarma-informacio-sobre-com-sol%c2%b7licitar-la-prestacio-individual-per-atur\/"},"wordCount":357,"commentCount":0,"publisher":{"@id":"https:\/\/www.ariasassessors.com\/#organization"},"image":{"@id":"https:\/\/www.ariasassessors.com\/ca\/estat-dalarma-informacio-sobre-com-sol%c2%b7licitar-la-prestacio-individual-per-atur\/#primaryimage"},"thumbnailUrl":"https:\/\/www.ariasassessors.com\/wp-content\/uploads\/2020\/03\/apple-business-computer-connection-392018.jpg","keywords":["COVID","ERTE","estat d'alarma"],"articleSection":["noticies"],"inLanguage":"ca","potentialAction":[{"@type":"CommentAction","name":"Comment","target":["https:\/\/www.ariasassessors.com\/ca\/estat-dalarma-informacio-sobre-com-sol%c2%b7licitar-la-prestacio-individual-per-atur\/#respond"]}]},{"@type":"WebPage","@id":"https:\/\/www.ariasassessors.com\/ca\/estat-dalarma-informacio-sobre-com-sol%c2%b7licitar-la-prestacio-individual-per-atur\/","url":"https:\/\/www.ariasassessors.com\/ca\/estat-dalarma-informacio-sobre-com-sol%c2%b7licitar-la-prestacio-individual-per-atur\/","name":"PRESTACI\u00d3N INDIVIDUAL POR DESEMPLEO | Arias Assessors","isPartOf":{"@id":"https:\/\/www.ariasassessors.com\/#website"},"primaryImageOfPage":{"@id":"https:\/\/www.ariasassessors.com\/ca\/estat-dalarma-informacio-sobre-com-sol%c2%b7licitar-la-prestacio-individual-per-atur\/#primaryimage"},"image":{"@id":"https:\/\/www.ariasassessors.com\/ca\/estat-dalarma-informacio-sobre-com-sol%c2%b7licitar-la-prestacio-individual-per-atur\/#primaryimage"},"thumbnailUrl":"https:\/\/www.ariasassessors.com\/wp-content\/uploads\/2020\/03\/apple-business-computer-connection-392018.jpg","datePublished":"2020-03-25T10:26:30+00:00","dateModified":"2020-03-25T10:26:30+00:00","description":"Ya est\u00e1 disponible el formulario pre-solicitud de prestaci\u00f3n individual por desempleo durante la aplicaci\u00f3n de las medidas COVID-19 por aquellas personas","breadcrumb":{"@id":"https:\/\/www.ariasassessors.com\/ca\/estat-dalarma-informacio-sobre-com-sol%c2%b7licitar-la-prestacio-individual-per-atur\/#breadcrumb"},"inLanguage":"ca","potentialAction":[{"@type":"ReadAction","target":["https:\/\/www.ariasassessors.com\/ca\/estat-dalarma-informacio-sobre-com-sol%c2%b7licitar-la-prestacio-individual-per-atur\/"]}]},{"@type":"ImageObject","inLanguage":"ca","@id":"https:\/\/www.ariasassessors.com\/ca\/estat-dalarma-informacio-sobre-com-sol%c2%b7licitar-la-prestacio-individual-per-atur\/#primaryimage","url":"https:\/\/www.ariasassessors.com\/wp-content\/uploads\/2020\/03\/apple-business-computer-connection-392018.jpg","contentUrl":"https:\/\/www.ariasassessors.com\/wp-content\/uploads\/2020\/03\/apple-business-computer-connection-392018.jpg","width":2560,"height":1707,"caption":"Covid-19 teletrabajo"},{"@type":"BreadcrumbList","@id":"https:\/\/www.ariasassessors.com\/ca\/estat-dalarma-informacio-sobre-com-sol%c2%b7licitar-la-prestacio-individual-per-atur\/#breadcrumb","itemListElement":[{"@type":"ListItem","position":1,"name":"Portada","item":"https:\/\/www.ariasassessors.com\/ca\/"},{"@type":"ListItem","position":2,"name":"ESTAT D&#8217;ALARMA: INFORMACI\u00d3 SOBRE COM SOL\u00b7LICITAR LA PRESTACI\u00d3 INDIVIDUAL PER ATUR"}]},{"@type":"WebSite","@id":"https:\/\/www.ariasassessors.com\/#website","url":"https:\/\/www.ariasassessors.com\/","name":"Arias Assessors","description":"Asesor\u00eda para aut\u00f3nomos, profesionales y PYMES","publisher":{"@id":"https:\/\/www.ariasassessors.com\/#organization"},"potentialAction":[{"@type":"SearchAction","target":{"@type":"EntryPoint","urlTemplate":"https:\/\/www.ariasassessors.com\/?s={search_term_string}"},"query-input":{"@type":"PropertyValueSpecification","valueRequired":true,"valueName":"search_term_string"}}],"inLanguage":"ca"},{"@type":"Organization","@id":"https:\/\/www.ariasassessors.com\/#organization","name":"Arias Assessors","url":"https:\/\/www.ariasassessors.com\/","logo":{"@type":"ImageObject","inLanguage":"ca","@id":"https:\/\/www.ariasassessors.com\/#\/schema\/logo\/image\/","url":"https:\/\/www.ariasassessors.com\/wp-content\/uploads\/2019\/01\/arias-logo.png","contentUrl":"https:\/\/www.ariasassessors.com\/wp-content\/uploads\/2019\/01\/arias-logo.png","width":349,"height":254,"caption":"Arias Assessors"},"image":{"@id":"https:\/\/www.ariasassessors.com\/#\/schema\/logo\/image\/"},"sameAs":["https:\/\/www.facebook.com\/ariasassessors\/","https:\/\/x.com\/ariasassessors","https:\/\/www.linkedin.com\/company\/r&amp;amp;r-growing-knowledge\/"]},{"@type":"Person","@id":"https:\/\/www.ariasassessors.com\/#\/schema\/person\/63c6ad1775f0a9413c37932562673cef","name":"btorras","image":{"@type":"ImageObject","inLanguage":"ca","@id":"https:\/\/www.ariasassessors.com\/#\/schema\/person\/image\/","url":"https:\/\/secure.gravatar.com\/avatar\/0531db351fc361fdbfd204c58fa2d6a3?s=96&d=mm&r=g","contentUrl":"https:\/\/secure.gravatar.com\/avatar\/0531db351fc361fdbfd204c58fa2d6a3?s=96&d=mm&r=g","caption":"btorras"}}]}},"_links":{"self":[{"href":"https:\/\/www.ariasassessors.com\/ca\/wp-json\/wp\/v2\/posts\/1022","targetHints":{"allow":["GET"]}}],"collection":[{"href":"https:\/\/www.ariasassessors.com\/ca\/wp-json\/wp\/v2\/posts"}],"about":[{"href":"https:\/\/www.ariasassessors.com\/ca\/wp-json\/wp\/v2\/types\/post"}],"author":[{"embeddable":true,"href":"https:\/\/www.ariasassessors.com\/ca\/wp-json\/wp\/v2\/users\/2"}],"replies":[{"embeddable":true,"href":"https:\/\/www.ariasassessors.com\/ca\/wp-json\/wp\/v2\/comments?post=1022"}],"version-history":[{"count":0,"href":"https:\/\/www.ariasassessors.com\/ca\/wp-json\/wp\/v2\/posts\/1022\/revisions"}],"wp:featuredmedia":[{"embeddable":true,"href":"https:\/\/www.ariasassessors.com\/ca\/wp-json\/wp\/v2\/media\/1028"}],"wp:attachment":[{"href":"https:\/\/www.ariasassessors.com\/ca\/wp-json\/wp\/v2\/media?parent=1022"}],"wp:term":[{"taxonomy":"category","embeddable":true,"href":"https:\/\/www.ariasassessors.com\/ca\/wp-json\/wp\/v2\/categories?post=1022"},{"taxonomy":"post_tag","embeddable":true,"href":"https:\/\/www.ariasassessors.com\/ca\/wp-json\/wp\/v2\/tags?post=1022"}],"curies":[{"name":"wp","href":"https:\/\/api.w.org\/{rel}","templated":true}]}}