{"id":1026,"date":"2020-03-30T13:19:09","date_gmt":"2020-03-30T11:19:09","guid":{"rendered":"https:\/\/www.ariasassessors.com\/covid-19-actualizacion-real-decreto-ley-9-2020-de-27-de-marzo-y-real-decreto-ley-10-2020-de-29-de-mazo-2020\/"},"modified":"2020-03-30T13:54:46","modified_gmt":"2020-03-30T11:54:46","slug":"covid-19-actualizacion-real-decreto-ley-9-2020-de-27-de-marzo-y-real-decreto-ley-10-2020-de-29-de-mazo-2020","status":"publish","type":"post","link":"https:\/\/www.ariasassessors.com\/ca\/covid-19-actualizacion-real-decreto-ley-9-2020-de-27-de-marzo-y-real-decreto-ley-10-2020-de-29-de-mazo-2020\/","title":{"rendered":"COVID-19: ACTUALIZACI\u00d3N REAL DECRETO LEY 9\/2020 DE 27 DE MARZO Y REAL DECRETO LEY 10\/2020 DE 29 DE MAZO 2020"},"content":{"rendered":"<p>En relaci\u00f3n a las medidas en el \u00e1mbito laboral tomadas mediante el Real Decreto Ley 9\/2020 de 27 de Marzo, hay que hacer inciso principalmente a 3 aspectos fundamentales que afectan a las empresas inmersas en expediente de ERTE por fuerza mayor as\u00ed como a los trabajadores implicados:<\/p>\n<ol>\n<li>El plazo para la solicitud de la prestaci\u00f3n de paro para los trabajadores (comunicaci\u00f3n de la empresa al SEPE) es de 5 d\u00edas h\u00e1biles como plazo m\u00e1ximo desde la presentaci\u00f3n del ERTE en los casos de fuerza mayor (art. 22 RDL 8\/2020). Para los expedientes presentados con anterioridad a este 27 de Marzo, el plazo de los 5 d\u00edas comienza a contar desde el d\u00eda 28 de Marzo 2020. Por tanto hay plazo m\u00e1ximo, para los ERTE ya presentados en las dos semanas anteriores, hasta el d\u00eda 3 de Abril, Viernes.<\/li>\n<\/ol>\n<p>Permitidme, a t\u00edtulo personal como titular del despacho de Arias Assessors, el inciso \u201cgratuito\u201d de que alguien deber\u00eda pensar en el trabajo de gestor\u00edas y asesor\u00edas, es absolutamente inviable asumir todos estos plazos por volumen de tareas. Sumemos la variaci\u00f3n de normativa, la publicaci\u00f3n constante de nuevos RDL que modifican lo anterior, a\u00f1adamos el tr\u00e1mite de ayudas a aut\u00f3nomos, y todo ello lo podemos condimentar con el inicio del per\u00edodo de presentaci\u00f3n de impuestos de empresas, primer trimestre de 2020, e inicio de Campa\u00f1a de Renta 2019. Casi nada. Solo podemos pedir un poco de comprensi\u00f3n por parte de nuestros clientes. En cualquier caso y volviendo al Real Decreto Ley 9\/2020, hoy por hoy el plazo para presentar la relaci\u00f3n de trabajadores afectados por ERTE a la INEM es d\u00eda 3 de Abril.<\/p>\n<ol start=\"2\">\n<li>Los ERTE de fuerza mayor presentados a partir del S\u00e1bado, 28 de Marzo, no disfrutar\u00e1n de la exoneraci\u00f3n de la cuota de la Seguridad Social de empresa.<\/li>\n<li>Los trabajadores que cobren la prestaci\u00f3n de paro, con estos ERTE presentados a partir del 28 de Marzo, lo har\u00e1n de su prestaci\u00f3n acumulada, no como hasta la fecha, que no se ten\u00eda en cuenta el per\u00edodo que el trabajador parado estuviera en esta situaci\u00f3n de de cara al c\u00f3mputo de su futuro paro.<\/li>\n<\/ol>\n<p>Sin comentarios respecto a estas dos \u00faltimas medidas, todo ello pueden consultarlo en el Real Decreto Ley 9\/2020 art. 3.3, disposici\u00f3n adicional segunda, disposici\u00f3n adicional tercera y disposici\u00f3n final primera. Esperemos que, como viene siendo habitual, estas medidas y ante la presi\u00f3n de sindicatos etc. se modifiquen nuevamente.<\/p>\n<p>En cuanto al RDL 10\/2020 lo m\u00e1s destacado es que se detienen todas las actividades no esenciales y no incluidas en el Anexo del RDL (que ahora veremos). Lo hacen a partir de ma\u00f1ana martes, 31 de Marzo, puesto que existe una moratoria para el d\u00eda de hoy debido a la publicaci\u00f3n en fin de semana del Real Decreto Ley y no haber podido las empresas organizarse y proceder a un cierre ordenado de su negocio. Por tanto, a partir de ma\u00f1ana, las empresas no incluidas como trabajos esenciales deben dar permiso retribuido a los trabajadores hasta el pr\u00f3ximo 9 de Abril, hasta nueva orden, claro. Las horas no realizadas por el personal laboral durante este permiso retribuido se recuperar\u00e1n despu\u00e9s a lo largo del a\u00f1o 2020, de acuerdo a la negociaci\u00f3n y pactos entre empresas y trabajadores. Todo ello claro est\u00e1 tambi\u00e9n, dejando aparte a los trabajadores incluidos en un ERTE o a aquellos trabajadores que tengan la posibilidad de realizar teletrabajo y ya lo vengan haciendo con anterioridad.<\/p>\n<p>La lista de trabajos esenciales, que imaginamos se ir\u00e1 aclarando y puliendo en las pr\u00f3ximas horas, debido a la elevada duda de muchas empresas respecto a su actividad y la obligaci\u00f3n de cerrar o poder continuar trabajando, es la que sigue:<\/p>\n<ol>\n<li>Las que realicen las actividades que deban continuar desarroll\u00e1ndose al amparo de los art\u00edculos 10.1, 10.4, 14.4, 16, 17 y 18, del Real Decreto 463\/2020, de 14 de marzo, por el que se declara el estado de alarma para la gesti\u00f3n de la situaci\u00f3n de crisis sanitaria ocasionada por el COVID-19 y de la normativa aprobada por la Autoridad Competente y las Autoridades Competentes Delegadas.<\/li>\n<li>Las que trabajan en las actividades que participan en la cadena de abastecimiento del mercado y en el funcionamiento de los servicios de los centros de producci\u00f3n de bienes y servicios de primera necesidad, incluyendo alimentos, bebidas, alimentaci\u00f3n animal, productos higi\u00e9nicos, medicamentos, productos sanitarios o cualquier producto necesario para la protecci\u00f3n de la salud, permitiendo la distribuci\u00f3n de los mismos desde el origen hasta el destino final.<\/li>\n<li>Las que prestan servicios en las actividades de hosteler\u00eda y restauraci\u00f3n que prestan servicios de entrega a domicilio.<\/li>\n<li>Las que prestan servicios en la cadena de producci\u00f3n y distribuci\u00f3n de bienes, servicios, tecnolog\u00eda sanitaria, material m\u00e9dico, equipos de protecci\u00f3n, equipamiento sanitario y hospitalario y cualesquiera otros materiales necesarios para la prestaci\u00f3n de servicios sanitarios.<\/li>\n<li>Aquellas imprescindibles para el mantenimiento de las actividades productivas de la industria manufacturera que ofrecen los suministros, equipos y materiales necesarios para el correcto desarrollo de las actividades esenciales recogidas en este Anexo.<\/li>\n<li>Las que realizan los servicios de transporte, tanto de personas como de mercanc\u00edas, que se contin\u00faen desarrollando desde la declaraci\u00f3n del estado de alarma, as\u00ed como de aqu\u00e9llas que deban asegurar el mantenimiento de los medios empleados para ello, al amparo de la normativa aprobada por la autoridad competente y las autoridades competentes delegadas desde la declaraci\u00f3n del estado de alarma.<\/li>\n<li>Las que prestan servicios en Instituciones Penitenciarias, de protecci\u00f3n civil, salvamento mar\u00edtimo, salvamento y prevenci\u00f3n y extinci\u00f3n de incendios, seguridad de las minas, y de tr\u00e1fico y seguridad vial. Asimismo, las que trabajan en las empresas de seguridad privada que prestan servicios de transporte de seguridad, de respuesta ante alarmas, de ronda o vigilancia discontinua, y aquellos que resulte preciso utilizar para el desempe\u00f1o de servicios de seguridad en garant\u00eda de los servicios esenciales y el abastecimiento a la poblaci\u00f3n.<\/li>\n<li>Las indispensables que apoyan el mantenimiento del material y equipos de las fuerzas armadas.<\/li>\n<li>Las de los centros, servicios y establecimientos sanitarios, as\u00ed como a las personas que (i) atiendan mayores, menores, personas dependientes o personas con discapacidad, y las personas que trabajen en empresas, centros de I+D+I y biotecnol\u00f3gicos vinculados al COVID-19, (ii) los animalarios a ellos asociados, (iii) el mantenimiento de los servicios m\u00ednimos de las instalaciones a ellos asociados y las empresas suministradoras de productos necesarios para dicha investigaci\u00f3n, y (iv) las personas que trabajan en servicios funerarios y otras actividades conexas.<\/li>\n<li>Las de los centros, servicios y establecimientos de atenci\u00f3n sanitaria a animales.<\/li>\n<li>Las que prestan servicios en puntos de venta de prensa y en medios de comunicaci\u00f3n o agencias de noticias de titularidad p\u00fablica y privada, as\u00ed como en su impresi\u00f3n o distribuci\u00f3n.<\/li>\n<li>Las de empresas de servicios financieros, incluidos los bancarios, de seguros y de inversi\u00f3n, para la prestaci\u00f3n de los servicios que sean indispensables, y las actividades propias de las infraestructuras de pagos y de los mercados financieros.<\/li>\n<li>Las de empresas de telecomunicaciones y audiovisuales y de servicios inform\u00e1ticos esenciales, as\u00ed como aquellas redes e instalaciones que los soportan y los sectores o subsectores necesarios para su correcto funcionamiento, especialmente aqu\u00e9llos que resulten imprescindibles para la adecuada prestaci\u00f3n de los servicios p\u00fablicos, as\u00ed como el funcionamiento del trabajo no presencial de los empleados p\u00fablicos<\/li>\n<li>Las que prestan servicios relacionados con la protecci\u00f3n y atenci\u00f3n de v\u00edctimas de violencia de g\u00e9nero.<\/li>\n<li>Las que trabajan como abogados, procuradores, graduados sociales, traductores, int\u00e9rpretes y psic\u00f3logos y que asistan a las actuaciones procesales no suspendidas por el Real Decreto 463\/2020, de 14 de marzo, por el que se declara el estado de alarma para la gesti\u00f3n de la situaci\u00f3n de crisis sanitaria ocasionada por el COVID-19 y, de esta manera, cumplan con los servicios esenciales fijados consensuadamente por el Ministerio de Justicia, Consejo General del Poder Judicial, la Fiscal\u00eda General del Estado y las Comunidades Aut\u00f3nomas con competencias en la materia y plasmados en la Resoluci\u00f3n del Secretario de Estado de Justicia de fecha 14 de marzo de 2020, y las adaptaciones que en su caos puedan acordarse.<\/li>\n<li>Las que prestan servicios en despachos y asesor\u00edas legales, gestor\u00edas administrativas y de graduados sociales, y servicios ajenos y propios de prevenci\u00f3n de riesgos laborales, en cuestiones urgentes.<\/li>\n<li>Las que prestan servicios en las notar\u00edas y registros para el cumplimiento de los servicios esenciales fijados por la Direcci\u00f3n General de Seguridad Jur\u00eddica y Fe P\u00fablica.<\/li>\n<li>Las que presten servicios de limpieza, mantenimiento, reparaci\u00f3n de aver\u00edas urgentes y vigilancia, as\u00ed como que presten servicios en materia de recogida, gesti\u00f3n y tratamiento de residuos peligrosos, as\u00ed como de residuos s\u00f3lidos urbanos, peligrosos y no peligrosos, recogida y tratamiento de aguas residuales, potabilizaci\u00f3n y saneamiento de agua.<\/li>\n<li>Las que trabajen en los Centros de Acogida a Refugiados y en los Centros de Estancia Temporal de Inmigrantes y a las entidades p\u00fablicas de gesti\u00f3n privada subvencionadas por la Secretar\u00eda de Estado de Migraciones y que operan en el marco de la Protecci\u00f3n Internacional y de la Atenci\u00f3n Humanitaria.<\/li>\n<li>Las que trabajan en actividades de abastecimiento, depuraci\u00f3n, conducci\u00f3n, potabilizaci\u00f3n y saneamiento de agua.<\/li>\n<li>Las que sean indispensables para la provisi\u00f3n de servicios meteorol\u00f3gicos de predicci\u00f3n y observaci\u00f3n y los procesos asociados de mantenimiento, vigilancia y control de procesos operativos.<\/li>\n<li>Las del operador designado por el Estado para prestar el servicio postal universal, con el fin de prestar los servicios de recogida, admisi\u00f3n, transporte, clasificaci\u00f3n, distribuci\u00f3n y entrega a los exclusivos efectos de garantizar dicho servicio postal universal.<\/li>\n<li>Las que prestan servicios en aquellos sectores o subsectores que participan en la importaci\u00f3n y suministro de material sanitario, como las empresas de log\u00edstica, transporte, almacenaje, tr\u00e1nsito aduanero (transitarios) y, en general, todas aquellas que participan en los corredores sanitarios.<\/li>\n<li>Las que trabajan en la distribuci\u00f3n y entrega de productos adquiridos en el comercio por internet, telef\u00f3nico o correspondencia.<\/li>\n<li>Cualesquiera otras que presten servicios que hayan sido considerados esenciales.<\/li>\n<\/ol>\n<p>Si tienes cualquier duda puedes <a href=\"https:\/\/www.ariasassessors.com\/ca\/contacte\/\">contactar con nosotros.<\/a><\/p>\n","protected":false},"excerpt":{"rendered":"<p>En relaci\u00f3n a las medidas en el \u00e1mbito laboral tomadas mediante el Real Decreto Ley 9\/2020 de 27 de Marzo, hay que hacer inciso principalmente a 3 aspectos fundamentales que afectan a las empresas inmersas en expediente de ERTE por fuerza mayor as\u00ed como a&#8230;<\/p>\n","protected":false},"author":2,"featured_media":1030,"comment_status":"open","ping_status":"open","sticky":false,"template":"","format":"standard","meta":{"footnotes":""},"categories":[4],"tags":[453],"class_list":["post-1026","post","type-post","status-publish","format-standard","has-post-thumbnail","hentry","category-noticies","tag-coronavirus-ca"],"yoast_head":"<!-- This site is optimized with the Yoast SEO plugin v24.3 - https:\/\/yoast.com\/wordpress\/plugins\/seo\/ -->\n<title>REAL DECRETO LEY 9\/2020 DE 27 DE MARZO | Arias Assessors<\/title>\n<meta name=\"description\" content=\"En relaci\u00f3n a las medidas en el \u00e1mbito laboral tomadas mediante el Real Decreto Ley 9\/2020 de 27 de Marzo, hay que hacer inciso principalmente a 3 aspectos\" \/>\n<meta name=\"robots\" content=\"index, follow, max-snippet:-1, max-image-preview:large, max-video-preview:-1\" \/>\n<link rel=\"canonical\" href=\"https:\/\/www.ariasassessors.com\/ca\/covid-19-actualizacion-real-decreto-ley-9-2020-de-27-de-marzo-y-real-decreto-ley-10-2020-de-29-de-mazo-2020\/\" \/>\n<meta property=\"og:locale\" content=\"ca_ES\" \/>\n<meta property=\"og:type\" content=\"article\" \/>\n<meta property=\"og:title\" content=\"REAL DECRETO LEY 9\/2020 DE 27 DE MARZO | Arias Assessors\" \/>\n<meta property=\"og:description\" content=\"En relaci\u00f3n a las medidas en el \u00e1mbito laboral tomadas mediante el Real Decreto Ley 9\/2020 de 27 de Marzo, hay que hacer inciso principalmente a 3 aspectos\" \/>\n<meta property=\"og:url\" content=\"https:\/\/www.ariasassessors.com\/ca\/covid-19-actualizacion-real-decreto-ley-9-2020-de-27-de-marzo-y-real-decreto-ley-10-2020-de-29-de-mazo-2020\/\" \/>\n<meta property=\"og:site_name\" content=\"Arias Assessors\" \/>\n<meta property=\"article:publisher\" content=\"https:\/\/www.facebook.com\/ariasassessors\/\" \/>\n<meta property=\"article:published_time\" content=\"2020-03-30T11:19:09+00:00\" \/>\n<meta property=\"article:modified_time\" content=\"2020-03-30T11:54:46+00:00\" \/>\n<meta property=\"og:image\" content=\"https:\/\/www.ariasassessors.com\/wp-content\/uploads\/2020\/03\/nl_arias_marzo-VIRUS-30_08uu.jpg\" \/>\n\t<meta property=\"og:image:width\" content=\"600\" \/>\n\t<meta property=\"og:image:height\" content=\"355\" \/>\n\t<meta property=\"og:image:type\" content=\"image\/jpeg\" \/>\n<meta name=\"author\" content=\"btorras\" \/>\n<meta name=\"twitter:card\" content=\"summary_large_image\" \/>\n<meta name=\"twitter:creator\" content=\"@ariasassessors\" \/>\n<meta name=\"twitter:site\" content=\"@ariasassessors\" \/>\n<meta name=\"twitter:label1\" content=\"Escrit per\" \/>\n\t<meta name=\"twitter:data1\" content=\"btorras\" \/>\n\t<meta name=\"twitter:label2\" content=\"Temps estimat de lectura\" \/>\n\t<meta name=\"twitter:data2\" content=\"9 minuts\" \/>\n<script type=\"application\/ld+json\" class=\"yoast-schema-graph\">{\"@context\":\"https:\/\/schema.org\",\"@graph\":[{\"@type\":\"Article\",\"@id\":\"https:\/\/www.ariasassessors.com\/ca\/covid-19-actualizacion-real-decreto-ley-9-2020-de-27-de-marzo-y-real-decreto-ley-10-2020-de-29-de-mazo-2020\/#article\",\"isPartOf\":{\"@id\":\"https:\/\/www.ariasassessors.com\/ca\/covid-19-actualizacion-real-decreto-ley-9-2020-de-27-de-marzo-y-real-decreto-ley-10-2020-de-29-de-mazo-2020\/\"},\"author\":{\"name\":\"btorras\",\"@id\":\"https:\/\/www.ariasassessors.com\/#\/schema\/person\/63c6ad1775f0a9413c37932562673cef\"},\"headline\":\"COVID-19: ACTUALIZACI\u00d3N REAL DECRETO LEY 9\/2020 DE 27 DE MARZO Y REAL DECRETO LEY 10\/2020 DE 29 DE MAZO 2020\",\"datePublished\":\"2020-03-30T11:19:09+00:00\",\"dateModified\":\"2020-03-30T11:54:46+00:00\",\"mainEntityOfPage\":{\"@id\":\"https:\/\/www.ariasassessors.com\/ca\/covid-19-actualizacion-real-decreto-ley-9-2020-de-27-de-marzo-y-real-decreto-ley-10-2020-de-29-de-mazo-2020\/\"},\"wordCount\":1766,\"commentCount\":0,\"publisher\":{\"@id\":\"https:\/\/www.ariasassessors.com\/#organization\"},\"image\":{\"@id\":\"https:\/\/www.ariasassessors.com\/ca\/covid-19-actualizacion-real-decreto-ley-9-2020-de-27-de-marzo-y-real-decreto-ley-10-2020-de-29-de-mazo-2020\/#primaryimage\"},\"thumbnailUrl\":\"https:\/\/www.ariasassessors.com\/wp-content\/uploads\/2020\/03\/nl_arias_marzo-VIRUS-30_08uu.jpg\",\"keywords\":[\"COVID\"],\"articleSection\":[\"noticies\"],\"inLanguage\":\"ca\",\"potentialAction\":[{\"@type\":\"CommentAction\",\"name\":\"Comment\",\"target\":[\"https:\/\/www.ariasassessors.com\/ca\/covid-19-actualizacion-real-decreto-ley-9-2020-de-27-de-marzo-y-real-decreto-ley-10-2020-de-29-de-mazo-2020\/#respond\"]}]},{\"@type\":\"WebPage\",\"@id\":\"https:\/\/www.ariasassessors.com\/ca\/covid-19-actualizacion-real-decreto-ley-9-2020-de-27-de-marzo-y-real-decreto-ley-10-2020-de-29-de-mazo-2020\/\",\"url\":\"https:\/\/www.ariasassessors.com\/ca\/covid-19-actualizacion-real-decreto-ley-9-2020-de-27-de-marzo-y-real-decreto-ley-10-2020-de-29-de-mazo-2020\/\",\"name\":\"REAL DECRETO LEY 9\/2020 DE 27 DE MARZO | Arias Assessors\",\"isPartOf\":{\"@id\":\"https:\/\/www.ariasassessors.com\/#website\"},\"primaryImageOfPage\":{\"@id\":\"https:\/\/www.ariasassessors.com\/ca\/covid-19-actualizacion-real-decreto-ley-9-2020-de-27-de-marzo-y-real-decreto-ley-10-2020-de-29-de-mazo-2020\/#primaryimage\"},\"image\":{\"@id\":\"https:\/\/www.ariasassessors.com\/ca\/covid-19-actualizacion-real-decreto-ley-9-2020-de-27-de-marzo-y-real-decreto-ley-10-2020-de-29-de-mazo-2020\/#primaryimage\"},\"thumbnailUrl\":\"https:\/\/www.ariasassessors.com\/wp-content\/uploads\/2020\/03\/nl_arias_marzo-VIRUS-30_08uu.jpg\",\"datePublished\":\"2020-03-30T11:19:09+00:00\",\"dateModified\":\"2020-03-30T11:54:46+00:00\",\"description\":\"En relaci\u00f3n a las medidas en el \u00e1mbito laboral tomadas mediante el Real Decreto Ley 9\/2020 de 27 de Marzo, hay que hacer inciso principalmente a 3 aspectos\",\"breadcrumb\":{\"@id\":\"https:\/\/www.ariasassessors.com\/ca\/covid-19-actualizacion-real-decreto-ley-9-2020-de-27-de-marzo-y-real-decreto-ley-10-2020-de-29-de-mazo-2020\/#breadcrumb\"},\"inLanguage\":\"ca\",\"potentialAction\":[{\"@type\":\"ReadAction\",\"target\":[\"https:\/\/www.ariasassessors.com\/ca\/covid-19-actualizacion-real-decreto-ley-9-2020-de-27-de-marzo-y-real-decreto-ley-10-2020-de-29-de-mazo-2020\/\"]}]},{\"@type\":\"ImageObject\",\"inLanguage\":\"ca\",\"@id\":\"https:\/\/www.ariasassessors.com\/ca\/covid-19-actualizacion-real-decreto-ley-9-2020-de-27-de-marzo-y-real-decreto-ley-10-2020-de-29-de-mazo-2020\/#primaryimage\",\"url\":\"https:\/\/www.ariasassessors.com\/wp-content\/uploads\/2020\/03\/nl_arias_marzo-VIRUS-30_08uu.jpg\",\"contentUrl\":\"https:\/\/www.ariasassessors.com\/wp-content\/uploads\/2020\/03\/nl_arias_marzo-VIRUS-30_08uu.jpg\",\"width\":600,\"height\":355,\"caption\":\"REAL DECRETO LEY 9\/2020 DE 27 DE MARZO Y REAL DECRETO LEY 10\/2020 DE 29 DE MAZO 2020\"},{\"@type\":\"BreadcrumbList\",\"@id\":\"https:\/\/www.ariasassessors.com\/ca\/covid-19-actualizacion-real-decreto-ley-9-2020-de-27-de-marzo-y-real-decreto-ley-10-2020-de-29-de-mazo-2020\/#breadcrumb\",\"itemListElement\":[{\"@type\":\"ListItem\",\"position\":1,\"name\":\"Portada\",\"item\":\"https:\/\/www.ariasassessors.com\/ca\/\"},{\"@type\":\"ListItem\",\"position\":2,\"name\":\"COVID-19: ACTUALIZACI\u00d3N REAL DECRETO LEY 9\/2020 DE 27 DE MARZO Y REAL DECRETO LEY 10\/2020 DE 29 DE MAZO 2020\"}]},{\"@type\":\"WebSite\",\"@id\":\"https:\/\/www.ariasassessors.com\/#website\",\"url\":\"https:\/\/www.ariasassessors.com\/\",\"name\":\"Arias Assessors\",\"description\":\"Asesor\u00eda para aut\u00f3nomos, profesionales y PYMES\",\"publisher\":{\"@id\":\"https:\/\/www.ariasassessors.com\/#organization\"},\"potentialAction\":[{\"@type\":\"SearchAction\",\"target\":{\"@type\":\"EntryPoint\",\"urlTemplate\":\"https:\/\/www.ariasassessors.com\/?s={search_term_string}\"},\"query-input\":{\"@type\":\"PropertyValueSpecification\",\"valueRequired\":true,\"valueName\":\"search_term_string\"}}],\"inLanguage\":\"ca\"},{\"@type\":\"Organization\",\"@id\":\"https:\/\/www.ariasassessors.com\/#organization\",\"name\":\"Arias Assessors\",\"url\":\"https:\/\/www.ariasassessors.com\/\",\"logo\":{\"@type\":\"ImageObject\",\"inLanguage\":\"ca\",\"@id\":\"https:\/\/www.ariasassessors.com\/#\/schema\/logo\/image\/\",\"url\":\"https:\/\/www.ariasassessors.com\/wp-content\/uploads\/2019\/01\/arias-logo.png\",\"contentUrl\":\"https:\/\/www.ariasassessors.com\/wp-content\/uploads\/2019\/01\/arias-logo.png\",\"width\":349,\"height\":254,\"caption\":\"Arias Assessors\"},\"image\":{\"@id\":\"https:\/\/www.ariasassessors.com\/#\/schema\/logo\/image\/\"},\"sameAs\":[\"https:\/\/www.facebook.com\/ariasassessors\/\",\"https:\/\/x.com\/ariasassessors\",\"https:\/\/www.linkedin.com\/company\/r&amp;amp;r-growing-knowledge\/\"]},{\"@type\":\"Person\",\"@id\":\"https:\/\/www.ariasassessors.com\/#\/schema\/person\/63c6ad1775f0a9413c37932562673cef\",\"name\":\"btorras\",\"image\":{\"@type\":\"ImageObject\",\"inLanguage\":\"ca\",\"@id\":\"https:\/\/www.ariasassessors.com\/#\/schema\/person\/image\/\",\"url\":\"https:\/\/secure.gravatar.com\/avatar\/0531db351fc361fdbfd204c58fa2d6a3?s=96&d=mm&r=g\",\"contentUrl\":\"https:\/\/secure.gravatar.com\/avatar\/0531db351fc361fdbfd204c58fa2d6a3?s=96&d=mm&r=g\",\"caption\":\"btorras\"}}]}<\/script>\n<!-- \/ Yoast SEO plugin. -->","yoast_head_json":{"title":"REAL DECRETO LEY 9\/2020 DE 27 DE MARZO | Arias Assessors","description":"En relaci\u00f3n a las medidas en el \u00e1mbito laboral tomadas mediante el Real Decreto Ley 9\/2020 de 27 de Marzo, hay que hacer inciso principalmente a 3 aspectos","robots":{"index":"index","follow":"follow","max-snippet":"max-snippet:-1","max-image-preview":"max-image-preview:large","max-video-preview":"max-video-preview:-1"},"canonical":"https:\/\/www.ariasassessors.com\/ca\/covid-19-actualizacion-real-decreto-ley-9-2020-de-27-de-marzo-y-real-decreto-ley-10-2020-de-29-de-mazo-2020\/","og_locale":"ca_ES","og_type":"article","og_title":"REAL DECRETO LEY 9\/2020 DE 27 DE MARZO | Arias Assessors","og_description":"En relaci\u00f3n a las medidas en el \u00e1mbito laboral tomadas mediante el Real Decreto Ley 9\/2020 de 27 de Marzo, hay que hacer inciso principalmente a 3 aspectos","og_url":"https:\/\/www.ariasassessors.com\/ca\/covid-19-actualizacion-real-decreto-ley-9-2020-de-27-de-marzo-y-real-decreto-ley-10-2020-de-29-de-mazo-2020\/","og_site_name":"Arias Assessors","article_publisher":"https:\/\/www.facebook.com\/ariasassessors\/","article_published_time":"2020-03-30T11:19:09+00:00","article_modified_time":"2020-03-30T11:54:46+00:00","og_image":[{"width":600,"height":355,"url":"https:\/\/www.ariasassessors.com\/wp-content\/uploads\/2020\/03\/nl_arias_marzo-VIRUS-30_08uu.jpg","type":"image\/jpeg"}],"author":"btorras","twitter_card":"summary_large_image","twitter_creator":"@ariasassessors","twitter_site":"@ariasassessors","twitter_misc":{"Escrit per":"btorras","Temps estimat de lectura":"9 minuts"},"schema":{"@context":"https:\/\/schema.org","@graph":[{"@type":"Article","@id":"https:\/\/www.ariasassessors.com\/ca\/covid-19-actualizacion-real-decreto-ley-9-2020-de-27-de-marzo-y-real-decreto-ley-10-2020-de-29-de-mazo-2020\/#article","isPartOf":{"@id":"https:\/\/www.ariasassessors.com\/ca\/covid-19-actualizacion-real-decreto-ley-9-2020-de-27-de-marzo-y-real-decreto-ley-10-2020-de-29-de-mazo-2020\/"},"author":{"name":"btorras","@id":"https:\/\/www.ariasassessors.com\/#\/schema\/person\/63c6ad1775f0a9413c37932562673cef"},"headline":"COVID-19: ACTUALIZACI\u00d3N REAL DECRETO LEY 9\/2020 DE 27 DE MARZO Y REAL DECRETO LEY 10\/2020 DE 29 DE MAZO 2020","datePublished":"2020-03-30T11:19:09+00:00","dateModified":"2020-03-30T11:54:46+00:00","mainEntityOfPage":{"@id":"https:\/\/www.ariasassessors.com\/ca\/covid-19-actualizacion-real-decreto-ley-9-2020-de-27-de-marzo-y-real-decreto-ley-10-2020-de-29-de-mazo-2020\/"},"wordCount":1766,"commentCount":0,"publisher":{"@id":"https:\/\/www.ariasassessors.com\/#organization"},"image":{"@id":"https:\/\/www.ariasassessors.com\/ca\/covid-19-actualizacion-real-decreto-ley-9-2020-de-27-de-marzo-y-real-decreto-ley-10-2020-de-29-de-mazo-2020\/#primaryimage"},"thumbnailUrl":"https:\/\/www.ariasassessors.com\/wp-content\/uploads\/2020\/03\/nl_arias_marzo-VIRUS-30_08uu.jpg","keywords":["COVID"],"articleSection":["noticies"],"inLanguage":"ca","potentialAction":[{"@type":"CommentAction","name":"Comment","target":["https:\/\/www.ariasassessors.com\/ca\/covid-19-actualizacion-real-decreto-ley-9-2020-de-27-de-marzo-y-real-decreto-ley-10-2020-de-29-de-mazo-2020\/#respond"]}]},{"@type":"WebPage","@id":"https:\/\/www.ariasassessors.com\/ca\/covid-19-actualizacion-real-decreto-ley-9-2020-de-27-de-marzo-y-real-decreto-ley-10-2020-de-29-de-mazo-2020\/","url":"https:\/\/www.ariasassessors.com\/ca\/covid-19-actualizacion-real-decreto-ley-9-2020-de-27-de-marzo-y-real-decreto-ley-10-2020-de-29-de-mazo-2020\/","name":"REAL DECRETO LEY 9\/2020 DE 27 DE MARZO | Arias Assessors","isPartOf":{"@id":"https:\/\/www.ariasassessors.com\/#website"},"primaryImageOfPage":{"@id":"https:\/\/www.ariasassessors.com\/ca\/covid-19-actualizacion-real-decreto-ley-9-2020-de-27-de-marzo-y-real-decreto-ley-10-2020-de-29-de-mazo-2020\/#primaryimage"},"image":{"@id":"https:\/\/www.ariasassessors.com\/ca\/covid-19-actualizacion-real-decreto-ley-9-2020-de-27-de-marzo-y-real-decreto-ley-10-2020-de-29-de-mazo-2020\/#primaryimage"},"thumbnailUrl":"https:\/\/www.ariasassessors.com\/wp-content\/uploads\/2020\/03\/nl_arias_marzo-VIRUS-30_08uu.jpg","datePublished":"2020-03-30T11:19:09+00:00","dateModified":"2020-03-30T11:54:46+00:00","description":"En relaci\u00f3n a las medidas en el \u00e1mbito laboral tomadas mediante el Real Decreto Ley 9\/2020 de 27 de Marzo, hay que hacer inciso principalmente a 3 aspectos","breadcrumb":{"@id":"https:\/\/www.ariasassessors.com\/ca\/covid-19-actualizacion-real-decreto-ley-9-2020-de-27-de-marzo-y-real-decreto-ley-10-2020-de-29-de-mazo-2020\/#breadcrumb"},"inLanguage":"ca","potentialAction":[{"@type":"ReadAction","target":["https:\/\/www.ariasassessors.com\/ca\/covid-19-actualizacion-real-decreto-ley-9-2020-de-27-de-marzo-y-real-decreto-ley-10-2020-de-29-de-mazo-2020\/"]}]},{"@type":"ImageObject","inLanguage":"ca","@id":"https:\/\/www.ariasassessors.com\/ca\/covid-19-actualizacion-real-decreto-ley-9-2020-de-27-de-marzo-y-real-decreto-ley-10-2020-de-29-de-mazo-2020\/#primaryimage","url":"https:\/\/www.ariasassessors.com\/wp-content\/uploads\/2020\/03\/nl_arias_marzo-VIRUS-30_08uu.jpg","contentUrl":"https:\/\/www.ariasassessors.com\/wp-content\/uploads\/2020\/03\/nl_arias_marzo-VIRUS-30_08uu.jpg","width":600,"height":355,"caption":"REAL DECRETO LEY 9\/2020 DE 27 DE MARZO Y REAL DECRETO LEY 10\/2020 DE 29 DE MAZO 2020"},{"@type":"BreadcrumbList","@id":"https:\/\/www.ariasassessors.com\/ca\/covid-19-actualizacion-real-decreto-ley-9-2020-de-27-de-marzo-y-real-decreto-ley-10-2020-de-29-de-mazo-2020\/#breadcrumb","itemListElement":[{"@type":"ListItem","position":1,"name":"Portada","item":"https:\/\/www.ariasassessors.com\/ca\/"},{"@type":"ListItem","position":2,"name":"COVID-19: ACTUALIZACI\u00d3N REAL DECRETO LEY 9\/2020 DE 27 DE MARZO Y REAL DECRETO LEY 10\/2020 DE 29 DE MAZO 2020"}]},{"@type":"WebSite","@id":"https:\/\/www.ariasassessors.com\/#website","url":"https:\/\/www.ariasassessors.com\/","name":"Arias Assessors","description":"Asesor\u00eda para aut\u00f3nomos, profesionales y PYMES","publisher":{"@id":"https:\/\/www.ariasassessors.com\/#organization"},"potentialAction":[{"@type":"SearchAction","target":{"@type":"EntryPoint","urlTemplate":"https:\/\/www.ariasassessors.com\/?s={search_term_string}"},"query-input":{"@type":"PropertyValueSpecification","valueRequired":true,"valueName":"search_term_string"}}],"inLanguage":"ca"},{"@type":"Organization","@id":"https:\/\/www.ariasassessors.com\/#organization","name":"Arias Assessors","url":"https:\/\/www.ariasassessors.com\/","logo":{"@type":"ImageObject","inLanguage":"ca","@id":"https:\/\/www.ariasassessors.com\/#\/schema\/logo\/image\/","url":"https:\/\/www.ariasassessors.com\/wp-content\/uploads\/2019\/01\/arias-logo.png","contentUrl":"https:\/\/www.ariasassessors.com\/wp-content\/uploads\/2019\/01\/arias-logo.png","width":349,"height":254,"caption":"Arias Assessors"},"image":{"@id":"https:\/\/www.ariasassessors.com\/#\/schema\/logo\/image\/"},"sameAs":["https:\/\/www.facebook.com\/ariasassessors\/","https:\/\/x.com\/ariasassessors","https:\/\/www.linkedin.com\/company\/r&amp;amp;r-growing-knowledge\/"]},{"@type":"Person","@id":"https:\/\/www.ariasassessors.com\/#\/schema\/person\/63c6ad1775f0a9413c37932562673cef","name":"btorras","image":{"@type":"ImageObject","inLanguage":"ca","@id":"https:\/\/www.ariasassessors.com\/#\/schema\/person\/image\/","url":"https:\/\/secure.gravatar.com\/avatar\/0531db351fc361fdbfd204c58fa2d6a3?s=96&d=mm&r=g","contentUrl":"https:\/\/secure.gravatar.com\/avatar\/0531db351fc361fdbfd204c58fa2d6a3?s=96&d=mm&r=g","caption":"btorras"}}]}},"_links":{"self":[{"href":"https:\/\/www.ariasassessors.com\/ca\/wp-json\/wp\/v2\/posts\/1026","targetHints":{"allow":["GET"]}}],"collection":[{"href":"https:\/\/www.ariasassessors.com\/ca\/wp-json\/wp\/v2\/posts"}],"about":[{"href":"https:\/\/www.ariasassessors.com\/ca\/wp-json\/wp\/v2\/types\/post"}],"author":[{"embeddable":true,"href":"https:\/\/www.ariasassessors.com\/ca\/wp-json\/wp\/v2\/users\/2"}],"replies":[{"embeddable":true,"href":"https:\/\/www.ariasassessors.com\/ca\/wp-json\/wp\/v2\/comments?post=1026"}],"version-history":[{"count":1,"href":"https:\/\/www.ariasassessors.com\/ca\/wp-json\/wp\/v2\/posts\/1026\/revisions"}],"predecessor-version":[{"id":1031,"href":"https:\/\/www.ariasassessors.com\/ca\/wp-json\/wp\/v2\/posts\/1026\/revisions\/1031"}],"wp:featuredmedia":[{"embeddable":true,"href":"https:\/\/www.ariasassessors.com\/ca\/wp-json\/wp\/v2\/media\/1030"}],"wp:attachment":[{"href":"https:\/\/www.ariasassessors.com\/ca\/wp-json\/wp\/v2\/media?parent=1026"}],"wp:term":[{"taxonomy":"category","embeddable":true,"href":"https:\/\/www.ariasassessors.com\/ca\/wp-json\/wp\/v2\/categories?post=1026"},{"taxonomy":"post_tag","embeddable":true,"href":"https:\/\/www.ariasassessors.com\/ca\/wp-json\/wp\/v2\/tags?post=1026"}],"curies":[{"name":"wp","href":"https:\/\/api.w.org\/{rel}","templated":true}]}}