{"id":1036,"date":"2020-04-02T13:47:38","date_gmt":"2020-04-02T11:47:38","guid":{"rendered":"https:\/\/www.ariasassessors.com\/nuevas-medidas-de-apoyo-para-autonomos-y-pymes-real-decreto-ley-11-2020-de-31-de-marzo\/"},"modified":"2020-04-02T17:06:31","modified_gmt":"2020-04-02T15:06:31","slug":"nuevas-medidas-de-apoyo-para-autonomos-y-pymes-real-decreto-ley-11-2020-de-31-de-marzo","status":"publish","type":"post","link":"https:\/\/www.ariasassessors.com\/ca\/nuevas-medidas-de-apoyo-para-autonomos-y-pymes-real-decreto-ley-11-2020-de-31-de-marzo\/","title":{"rendered":"NUEVAS MEDIDAS DE APOYO PARA AUT\u00d3NOMOS Y PYMES (Real Decreto-ley 11\/2020, de 31 de marzo)"},"content":{"rendered":"<p>Dentro del\u00a0amplio paquete de medidas aprobado, en el \u00e1mbito laboral y social, por el\u00a0<a href=\"https:\/\/www.iberley.es\/legislacion\/rd-ley-11-2020-31-mar-medidas-urgentes-complementarias-ambito-social-economico-frente-covid-19-26538847\">Real Decreto-ley 11\/2020, de 31 de marzo<\/a>, por el que se adoptan medidas urgentes complementarias en el \u00e1mbito social y econ\u00f3mico para hacer frente al COVID-19, encontramos:<\/p>\n<p><strong>1.-\u00a0Medidas de apoyo a los aut\u00f3nomos.<\/strong><\/p>\n<p>Moratoria de hasta seis meses para el pago de las obligaciones y el aplazamiento de las cuotas que se deben abonar los aut\u00f3nomos en el mes de abril a un inter\u00e9s reducido del 0,5%.<\/p>\n<p>Se habilita\u00a0la posible concesi\u00f3n de\u00a0moratorias en el pago de las cotizaciones sociales a empresas y aut\u00f3nomos y se permite el aplazamiento del pago de deudas con la Seguridad Social hasta el 30 de junio.<\/p>\n<p><strong>Posibilidad de abonar fuera de plazo cuotas a la seguridad social,<\/strong>\u00a0en concreto, se recoge que aquellos aut\u00f3nomos que hayan suspendido su actividad y pasen a percibir la prestaci\u00f3n por cese de actividad regulada en el Real Decreto-ley 8\/2020 y que no hayan ingresado en plazo las cotizaciones sociales correspondientes a los d\u00edas efectivamente trabajados del mes de marzo, podr\u00e1n abonarlas fuera de plazo sin recargo.<\/p>\n<p><strong>Se flexibiliza el requisito de fajada en la facturaci\u00f3n para el acceso a la prestaci\u00f3n extraordinaria por cese de actividad\u00a0y se aclara la acreditaci\u00f3n de la misma<\/strong><strong>: <\/strong>se toman medidas para que al determinar el descenso de facturaci\u00f3n que de derecho a la prestaci\u00f3n extraordinaria contemplada en el art. 17 del Real decreto-ley 8\/2020, la referencia de partida se haga sobre la base del conjunto de la campa\u00f1a anterior y no en relaci\u00f3n con el semestre anterior, ya que existen producciones que centralizan su facturaci\u00f3n en determinados meses de la campa\u00f1a.<\/p>\n<p><strong>2.-\u00a0Aclaraci\u00f3n de la D.A 6\u00aa\u00a0<a href=\"https:\/\/www.iberley.es\/legislacion\/rd-ley-8-2020-17-mar-medidas-urgentes-extraordinarias-frente-impacto-economico-social-covid-19-26532892\">Real Decreto-ley 8\/2020, de 17 de marzo<\/a>:\u00a0Salvaguarda del empleo.<\/strong><\/p>\n<p>El compromiso de mantener el empleo fijado D.A 6\u00aa\u00a0<a href=\"https:\/\/www.iberley.es\/legislacion\/rd-ley-8-2020-17-mar-medidas-urgentes-extraordinarias-frente-impacto-economico-social-covid-19-26532892\">Real Decreto-ley 8\/2020, de 17 de marzo<\/a>, no se entender\u00e1 incumplido cuando el contrato de trabajo se extinga por despido disciplinario declarado como procedente, dimisi\u00f3n, jubilaci\u00f3n o incapacidad permanente total, absoluta o gran invalidez de la persona trabajadora. En el caso de contratos temporales, el compromiso tampoco se entender\u00e1 incumplido cuando el contrato se extinga por expiraci\u00f3n del tiempo convenido o la realizaci\u00f3n de la obra o servicio que constituye su objeto o cuando no pueda realizarse de forma inmediata la actividad objeto de contrataci\u00f3n<\/p>\n<p><strong>3.- Nuevo subsidio para empleadas del hogar afectadas por el cese o reducci\u00f3n de actividad y para trabajadores temporales cuyo contrato finalice y que no tuviesen derecho a prestaci\u00f3n.<\/strong><\/p>\n<ol>\n<li>a) Se crea un\u00a0subsidio extraordinario por falta de actividad para las personas integradas en el Sistema Especial de Empleados de Hogar del R\u00e9gimen General de la Seguridad Social<\/li>\n<li>b) Se crea un subsidio de desempleo excepcional por fin de contrato temporal.<\/li>\n<\/ol>\n<p>Ser\u00e1n beneficiarias del subsidio de desempleo excepcional por fin de contrato temporal las personas trabajadoras que se les hubiera extinguido un contrato de duraci\u00f3n determinada de, al menos, dos meses de duraci\u00f3n, con posterioridad a la entrada en vigor del\u00a0<a href=\"https:\/\/www.iberley.es\/legislacion\/real-decreto-463-2020-14-mar-declaracion-estado-alarma-gestion-situacion-crisis-sanitaria-ocasionada-covid-19-26531118\">Real Decreto 463\/2020, de 14 de marzo<\/a>, por el que se declara el estado de alarma para la gesti\u00f3n de la situaci\u00f3n de crisis sanitaria ocasionada por el COVID-19, y no contaran con la cotizaci\u00f3n necesaria para acceder a otra prestaci\u00f3n o subsidio si carecieran de rentas (art.\u00a0<a href=\"https:\/\/www.iberley.es\/legislacion\/rdleg-8-2015-30-oct-tr-ley-general-seguridad-social-lgss-23990341?ancla=9298511#ancla_9298511\">275<\/a>\u00a0<a href=\"https:\/\/www.iberley.es\/legislacion\/rdleg-8-2015-30-oct-tr-ley-general-seguridad-social-lgss-23990341\">LGSS<\/a>).<\/p>\n<p><strong>4.- Flexibilizaci\u00f3n de los contratos de suministro de electricidad y gas para aut\u00f3nomos y empresas, y los plazos y procedimientos administrativos para las empresas. <\/strong><em>Para los aut\u00f3nomos y PYMES, se ha establecido un mecanismo de<\/em><strong><em>\u00a0<\/em><\/strong><strong>suspensi\u00f3n del pago de la factura de electricidad, gas natural y determinados productos derivados del petr\u00f3leo<\/strong><em><strong>,<\/strong><\/em><em> por parte del titular del contrato al comercializador de electricidad y gas o, en su caso, el distribuidor en gases manufacturados y Gas Licuado del Petr\u00f3leo (GLP) canalizado. Asimismo, para que los comercializadores no asuman cargas de tesorer\u00eda indebidas, se les exime de afrontar el pago de los peajes y de la liquidaci\u00f3n de los impuestos indirectos que gravan estos consumos durante el periodo de suspensi\u00f3n del pago.<\/em><\/p>\n<p><strong>5.-\u00a0Viabilidad de las empresas tur\u00edsticas.<\/strong><\/p>\n<p>Con el fin de asegurar la liquidez y, por lo tanto, la viabilidad de las empresas tur\u00edsticas, se suspenden durante un a\u00f1o y sin penalizaci\u00f3n alguna, el pago de intereses y amortizaciones correspondientes a los pr\u00e9stamos concedidos por la Secretar\u00eda de Estado de Turismo en el marco del Programa Emprendetur I+D+i, del Programa Emprendetur J\u00f3venes Emprendedores y el Programa Emprendetur Internacionalizaci\u00f3n.<\/p>\n<p>Se considera imprescindible que estas empresas puedan acceder en las circunstancias actuales a un ERTE cuando hayan sido afectadas por la situaci\u00f3n derivada del COVID-19.<\/p>\n<p><strong>6.-\u00a0Bono social\u00a0por parte de trabajadores aut\u00f3nomos que hayan cesado su actividad o hayan visto reducida su facturaci\u00f3n como consecuencia del COVID-19.<\/strong><\/p>\n<p>Tendr\u00e1n\u00a0<strong>consideraci\u00f3n de consumidores vulnerables en su vivienda habitual<\/strong><strong>\u00a0<\/strong>y en los t\u00e9rminos recogidos en el\u00a0<a href=\"https:\/\/www.iberley.es\/legislacion\/real-decreto-897-2017-6-oct-figura-consumidor-vulnerable-energia-electrica-25416939\">Real Decreto 897\/2017, de 6 de octubre<\/a>, por el que se regula la figura del consumidor vulnerable, el bono social y otras medidas de protecci\u00f3n para los consumidores dom\u00e9sticos, los consumidores que, cumpliendo el requisito de renta del apartado 2,<strong>\u00a0<\/strong><strong>acrediten con fecha posterior a la entrada en vigor del<\/strong><strong>\u00a0<a href=\"https:\/\/www.iberley.es\/legislacion\/real-decreto-463-2020-14-mar-declaracion-estado-alarma-gestion-situacion-crisis-sanitaria-ocasionada-covid-19-26531118\">Real Decreto 463\/2020, de 14 de marzo<\/a><\/strong><strong>, que el titular del punto de suministro, o alguno de los miembros de su unidad familiar, profesionales por cuenta propia o aut\u00f3nomos, tienen derecho a la prestaci\u00f3n por cese total de actividad profesional o por haber visto su facturaci\u00f3n en el mes anterior al que se solicita el bono social reducida en, al menos, un 75 por ciento en relaci\u00f3n con el promedio de facturaci\u00f3n del semestre anterior<\/strong><strong>, <\/strong>en los t\u00e9rminos establecidos en el\u00a0<a href=\"https:\/\/www.iberley.es\/legislacion\/rd-ley-8-2020-17-mar-medidas-urgentes-extraordinarias-frente-impacto-economico-social-covid-19-26532892\">Real Decreto-ley 8\/2020, de 17 de marzo<\/a>.<\/p>\n","protected":false},"excerpt":{"rendered":"<p>Dentro del\u00a0amplio paquete de medidas aprobado, en el \u00e1mbito laboral y social, por el\u00a0Real Decreto-ley 11\/2020, de 31 de marzo, por el que se adoptan medidas urgentes complementarias en el \u00e1mbito social y econ\u00f3mico para hacer frente al COVID-19, encontramos: 1.-\u00a0Medidas de apoyo a los&#8230;<\/p>\n","protected":false},"author":2,"featured_media":1038,"comment_status":"open","ping_status":"open","sticky":false,"template":"","format":"standard","meta":{"footnotes":""},"categories":[4],"tags":[225,453],"class_list":["post-1036","post","type-post","status-publish","format-standard","has-post-thumbnail","hentry","category-noticies","tag-autonomos-ca","tag-coronavirus-ca"],"yoast_head":"<!-- This site is optimized with the Yoast SEO plugin v24.3 - https:\/\/yoast.com\/wordpress\/plugins\/seo\/ -->\n<title>NUEVAS MEDIDAS DE APOYO PARA AUT\u00d3NOMOS Y PYMES (Real Decreto-ley 11\/2020, de 31 de marzo) | Arias Assessors<\/title>\n<meta name=\"robots\" content=\"index, follow, max-snippet:-1, max-image-preview:large, max-video-preview:-1\" \/>\n<link rel=\"canonical\" href=\"https:\/\/www.ariasassessors.com\/ca\/nuevas-medidas-de-apoyo-para-autonomos-y-pymes-real-decreto-ley-11-2020-de-31-de-marzo\/\" \/>\n<meta property=\"og:locale\" content=\"ca_ES\" \/>\n<meta property=\"og:type\" content=\"article\" \/>\n<meta property=\"og:title\" content=\"NUEVAS MEDIDAS DE APOYO PARA AUT\u00d3NOMOS Y PYMES (Real Decreto-ley 11\/2020, de 31 de marzo) | Arias Assessors\" \/>\n<meta property=\"og:description\" content=\"Dentro del\u00a0amplio paquete de medidas aprobado, en el \u00e1mbito laboral y social, por el\u00a0Real Decreto-ley 11\/2020, de 31 de marzo, por el que se adoptan medidas urgentes complementarias en el \u00e1mbito social y econ\u00f3mico para hacer frente al COVID-19, encontramos: 1.-\u00a0Medidas de apoyo a los...\" \/>\n<meta property=\"og:url\" content=\"https:\/\/www.ariasassessors.com\/ca\/nuevas-medidas-de-apoyo-para-autonomos-y-pymes-real-decreto-ley-11-2020-de-31-de-marzo\/\" \/>\n<meta property=\"og:site_name\" content=\"Arias Assessors\" \/>\n<meta property=\"article:publisher\" content=\"https:\/\/www.facebook.com\/ariasassessors\/\" \/>\n<meta property=\"article:published_time\" content=\"2020-04-02T11:47:38+00:00\" \/>\n<meta property=\"article:modified_time\" content=\"2020-04-02T15:06:31+00:00\" \/>\n<meta property=\"og:image\" content=\"https:\/\/www.ariasassessors.com\/wp-content\/uploads\/2020\/04\/nl_arias_2-ABR_08.jpg\" \/>\n\t<meta property=\"og:image:width\" content=\"581\" \/>\n\t<meta property=\"og:image:height\" content=\"350\" \/>\n\t<meta property=\"og:image:type\" content=\"image\/jpeg\" \/>\n<meta name=\"author\" content=\"btorras\" \/>\n<meta name=\"twitter:card\" content=\"summary_large_image\" \/>\n<meta name=\"twitter:creator\" content=\"@ariasassessors\" \/>\n<meta name=\"twitter:site\" content=\"@ariasassessors\" \/>\n<meta name=\"twitter:label1\" content=\"Escrit per\" \/>\n\t<meta name=\"twitter:data1\" content=\"btorras\" \/>\n\t<meta name=\"twitter:label2\" content=\"Temps estimat de lectura\" \/>\n\t<meta name=\"twitter:data2\" content=\"5 minuts\" \/>\n<script type=\"application\/ld+json\" class=\"yoast-schema-graph\">{\"@context\":\"https:\/\/schema.org\",\"@graph\":[{\"@type\":\"Article\",\"@id\":\"https:\/\/www.ariasassessors.com\/ca\/nuevas-medidas-de-apoyo-para-autonomos-y-pymes-real-decreto-ley-11-2020-de-31-de-marzo\/#article\",\"isPartOf\":{\"@id\":\"https:\/\/www.ariasassessors.com\/ca\/nuevas-medidas-de-apoyo-para-autonomos-y-pymes-real-decreto-ley-11-2020-de-31-de-marzo\/\"},\"author\":{\"name\":\"btorras\",\"@id\":\"https:\/\/www.ariasassessors.com\/#\/schema\/person\/63c6ad1775f0a9413c37932562673cef\"},\"headline\":\"NUEVAS MEDIDAS DE APOYO PARA AUT\u00d3NOMOS Y PYMES (Real Decreto-ley 11\/2020, de 31 de marzo)\",\"datePublished\":\"2020-04-02T11:47:38+00:00\",\"dateModified\":\"2020-04-02T15:06:31+00:00\",\"mainEntityOfPage\":{\"@id\":\"https:\/\/www.ariasassessors.com\/ca\/nuevas-medidas-de-apoyo-para-autonomos-y-pymes-real-decreto-ley-11-2020-de-31-de-marzo\/\"},\"wordCount\":996,\"commentCount\":0,\"publisher\":{\"@id\":\"https:\/\/www.ariasassessors.com\/#organization\"},\"image\":{\"@id\":\"https:\/\/www.ariasassessors.com\/ca\/nuevas-medidas-de-apoyo-para-autonomos-y-pymes-real-decreto-ley-11-2020-de-31-de-marzo\/#primaryimage\"},\"thumbnailUrl\":\"https:\/\/www.ariasassessors.com\/wp-content\/uploads\/2020\/04\/nl_arias_2-ABR_08.jpg\",\"keywords\":[\"aut\u00f2noms\",\"COVID\"],\"articleSection\":[\"noticies\"],\"inLanguage\":\"ca\",\"potentialAction\":[{\"@type\":\"CommentAction\",\"name\":\"Comment\",\"target\":[\"https:\/\/www.ariasassessors.com\/ca\/nuevas-medidas-de-apoyo-para-autonomos-y-pymes-real-decreto-ley-11-2020-de-31-de-marzo\/#respond\"]}]},{\"@type\":\"WebPage\",\"@id\":\"https:\/\/www.ariasassessors.com\/ca\/nuevas-medidas-de-apoyo-para-autonomos-y-pymes-real-decreto-ley-11-2020-de-31-de-marzo\/\",\"url\":\"https:\/\/www.ariasassessors.com\/ca\/nuevas-medidas-de-apoyo-para-autonomos-y-pymes-real-decreto-ley-11-2020-de-31-de-marzo\/\",\"name\":\"NUEVAS MEDIDAS DE APOYO PARA AUT\u00d3NOMOS Y PYMES (Real Decreto-ley 11\/2020, de 31 de marzo) | Arias Assessors\",\"isPartOf\":{\"@id\":\"https:\/\/www.ariasassessors.com\/#website\"},\"primaryImageOfPage\":{\"@id\":\"https:\/\/www.ariasassessors.com\/ca\/nuevas-medidas-de-apoyo-para-autonomos-y-pymes-real-decreto-ley-11-2020-de-31-de-marzo\/#primaryimage\"},\"image\":{\"@id\":\"https:\/\/www.ariasassessors.com\/ca\/nuevas-medidas-de-apoyo-para-autonomos-y-pymes-real-decreto-ley-11-2020-de-31-de-marzo\/#primaryimage\"},\"thumbnailUrl\":\"https:\/\/www.ariasassessors.com\/wp-content\/uploads\/2020\/04\/nl_arias_2-ABR_08.jpg\",\"datePublished\":\"2020-04-02T11:47:38+00:00\",\"dateModified\":\"2020-04-02T15:06:31+00:00\",\"breadcrumb\":{\"@id\":\"https:\/\/www.ariasassessors.com\/ca\/nuevas-medidas-de-apoyo-para-autonomos-y-pymes-real-decreto-ley-11-2020-de-31-de-marzo\/#breadcrumb\"},\"inLanguage\":\"ca\",\"potentialAction\":[{\"@type\":\"ReadAction\",\"target\":[\"https:\/\/www.ariasassessors.com\/ca\/nuevas-medidas-de-apoyo-para-autonomos-y-pymes-real-decreto-ley-11-2020-de-31-de-marzo\/\"]}]},{\"@type\":\"ImageObject\",\"inLanguage\":\"ca\",\"@id\":\"https:\/\/www.ariasassessors.com\/ca\/nuevas-medidas-de-apoyo-para-autonomos-y-pymes-real-decreto-ley-11-2020-de-31-de-marzo\/#primaryimage\",\"url\":\"https:\/\/www.ariasassessors.com\/wp-content\/uploads\/2020\/04\/nl_arias_2-ABR_08.jpg\",\"contentUrl\":\"https:\/\/www.ariasassessors.com\/wp-content\/uploads\/2020\/04\/nl_arias_2-ABR_08.jpg\",\"width\":581,\"height\":350},{\"@type\":\"BreadcrumbList\",\"@id\":\"https:\/\/www.ariasassessors.com\/ca\/nuevas-medidas-de-apoyo-para-autonomos-y-pymes-real-decreto-ley-11-2020-de-31-de-marzo\/#breadcrumb\",\"itemListElement\":[{\"@type\":\"ListItem\",\"position\":1,\"name\":\"Portada\",\"item\":\"https:\/\/www.ariasassessors.com\/ca\/\"},{\"@type\":\"ListItem\",\"position\":2,\"name\":\"NUEVAS MEDIDAS DE APOYO PARA AUT\u00d3NOMOS Y PYMES (Real Decreto-ley 11\/2020, de 31 de marzo)\"}]},{\"@type\":\"WebSite\",\"@id\":\"https:\/\/www.ariasassessors.com\/#website\",\"url\":\"https:\/\/www.ariasassessors.com\/\",\"name\":\"Arias Assessors\",\"description\":\"Asesor\u00eda para aut\u00f3nomos, profesionales y PYMES\",\"publisher\":{\"@id\":\"https:\/\/www.ariasassessors.com\/#organization\"},\"potentialAction\":[{\"@type\":\"SearchAction\",\"target\":{\"@type\":\"EntryPoint\",\"urlTemplate\":\"https:\/\/www.ariasassessors.com\/?s={search_term_string}\"},\"query-input\":{\"@type\":\"PropertyValueSpecification\",\"valueRequired\":true,\"valueName\":\"search_term_string\"}}],\"inLanguage\":\"ca\"},{\"@type\":\"Organization\",\"@id\":\"https:\/\/www.ariasassessors.com\/#organization\",\"name\":\"Arias Assessors\",\"url\":\"https:\/\/www.ariasassessors.com\/\",\"logo\":{\"@type\":\"ImageObject\",\"inLanguage\":\"ca\",\"@id\":\"https:\/\/www.ariasassessors.com\/#\/schema\/logo\/image\/\",\"url\":\"https:\/\/www.ariasassessors.com\/wp-content\/uploads\/2019\/01\/arias-logo.png\",\"contentUrl\":\"https:\/\/www.ariasassessors.com\/wp-content\/uploads\/2019\/01\/arias-logo.png\",\"width\":349,\"height\":254,\"caption\":\"Arias Assessors\"},\"image\":{\"@id\":\"https:\/\/www.ariasassessors.com\/#\/schema\/logo\/image\/\"},\"sameAs\":[\"https:\/\/www.facebook.com\/ariasassessors\/\",\"https:\/\/x.com\/ariasassessors\",\"https:\/\/www.linkedin.com\/company\/r&amp;amp;r-growing-knowledge\/\"]},{\"@type\":\"Person\",\"@id\":\"https:\/\/www.ariasassessors.com\/#\/schema\/person\/63c6ad1775f0a9413c37932562673cef\",\"name\":\"btorras\",\"image\":{\"@type\":\"ImageObject\",\"inLanguage\":\"ca\",\"@id\":\"https:\/\/www.ariasassessors.com\/#\/schema\/person\/image\/\",\"url\":\"https:\/\/secure.gravatar.com\/avatar\/0531db351fc361fdbfd204c58fa2d6a3?s=96&d=mm&r=g\",\"contentUrl\":\"https:\/\/secure.gravatar.com\/avatar\/0531db351fc361fdbfd204c58fa2d6a3?s=96&d=mm&r=g\",\"caption\":\"btorras\"}}]}<\/script>\n<!-- \/ Yoast SEO plugin. -->","yoast_head_json":{"title":"NUEVAS MEDIDAS DE APOYO PARA AUT\u00d3NOMOS Y PYMES (Real Decreto-ley 11\/2020, de 31 de marzo) | Arias Assessors","robots":{"index":"index","follow":"follow","max-snippet":"max-snippet:-1","max-image-preview":"max-image-preview:large","max-video-preview":"max-video-preview:-1"},"canonical":"https:\/\/www.ariasassessors.com\/ca\/nuevas-medidas-de-apoyo-para-autonomos-y-pymes-real-decreto-ley-11-2020-de-31-de-marzo\/","og_locale":"ca_ES","og_type":"article","og_title":"NUEVAS MEDIDAS DE APOYO PARA AUT\u00d3NOMOS Y PYMES (Real Decreto-ley 11\/2020, de 31 de marzo) | Arias Assessors","og_description":"Dentro del\u00a0amplio paquete de medidas aprobado, en el \u00e1mbito laboral y social, por el\u00a0Real Decreto-ley 11\/2020, de 31 de marzo, por el que se adoptan medidas urgentes complementarias en el \u00e1mbito social y econ\u00f3mico para hacer frente al COVID-19, encontramos: 1.-\u00a0Medidas de apoyo a los...","og_url":"https:\/\/www.ariasassessors.com\/ca\/nuevas-medidas-de-apoyo-para-autonomos-y-pymes-real-decreto-ley-11-2020-de-31-de-marzo\/","og_site_name":"Arias Assessors","article_publisher":"https:\/\/www.facebook.com\/ariasassessors\/","article_published_time":"2020-04-02T11:47:38+00:00","article_modified_time":"2020-04-02T15:06:31+00:00","og_image":[{"width":581,"height":350,"url":"https:\/\/www.ariasassessors.com\/wp-content\/uploads\/2020\/04\/nl_arias_2-ABR_08.jpg","type":"image\/jpeg"}],"author":"btorras","twitter_card":"summary_large_image","twitter_creator":"@ariasassessors","twitter_site":"@ariasassessors","twitter_misc":{"Escrit per":"btorras","Temps estimat de lectura":"5 minuts"},"schema":{"@context":"https:\/\/schema.org","@graph":[{"@type":"Article","@id":"https:\/\/www.ariasassessors.com\/ca\/nuevas-medidas-de-apoyo-para-autonomos-y-pymes-real-decreto-ley-11-2020-de-31-de-marzo\/#article","isPartOf":{"@id":"https:\/\/www.ariasassessors.com\/ca\/nuevas-medidas-de-apoyo-para-autonomos-y-pymes-real-decreto-ley-11-2020-de-31-de-marzo\/"},"author":{"name":"btorras","@id":"https:\/\/www.ariasassessors.com\/#\/schema\/person\/63c6ad1775f0a9413c37932562673cef"},"headline":"NUEVAS MEDIDAS DE APOYO PARA AUT\u00d3NOMOS Y PYMES (Real Decreto-ley 11\/2020, de 31 de marzo)","datePublished":"2020-04-02T11:47:38+00:00","dateModified":"2020-04-02T15:06:31+00:00","mainEntityOfPage":{"@id":"https:\/\/www.ariasassessors.com\/ca\/nuevas-medidas-de-apoyo-para-autonomos-y-pymes-real-decreto-ley-11-2020-de-31-de-marzo\/"},"wordCount":996,"commentCount":0,"publisher":{"@id":"https:\/\/www.ariasassessors.com\/#organization"},"image":{"@id":"https:\/\/www.ariasassessors.com\/ca\/nuevas-medidas-de-apoyo-para-autonomos-y-pymes-real-decreto-ley-11-2020-de-31-de-marzo\/#primaryimage"},"thumbnailUrl":"https:\/\/www.ariasassessors.com\/wp-content\/uploads\/2020\/04\/nl_arias_2-ABR_08.jpg","keywords":["aut\u00f2noms","COVID"],"articleSection":["noticies"],"inLanguage":"ca","potentialAction":[{"@type":"CommentAction","name":"Comment","target":["https:\/\/www.ariasassessors.com\/ca\/nuevas-medidas-de-apoyo-para-autonomos-y-pymes-real-decreto-ley-11-2020-de-31-de-marzo\/#respond"]}]},{"@type":"WebPage","@id":"https:\/\/www.ariasassessors.com\/ca\/nuevas-medidas-de-apoyo-para-autonomos-y-pymes-real-decreto-ley-11-2020-de-31-de-marzo\/","url":"https:\/\/www.ariasassessors.com\/ca\/nuevas-medidas-de-apoyo-para-autonomos-y-pymes-real-decreto-ley-11-2020-de-31-de-marzo\/","name":"NUEVAS MEDIDAS DE APOYO PARA AUT\u00d3NOMOS Y PYMES (Real Decreto-ley 11\/2020, de 31 de marzo) | Arias Assessors","isPartOf":{"@id":"https:\/\/www.ariasassessors.com\/#website"},"primaryImageOfPage":{"@id":"https:\/\/www.ariasassessors.com\/ca\/nuevas-medidas-de-apoyo-para-autonomos-y-pymes-real-decreto-ley-11-2020-de-31-de-marzo\/#primaryimage"},"image":{"@id":"https:\/\/www.ariasassessors.com\/ca\/nuevas-medidas-de-apoyo-para-autonomos-y-pymes-real-decreto-ley-11-2020-de-31-de-marzo\/#primaryimage"},"thumbnailUrl":"https:\/\/www.ariasassessors.com\/wp-content\/uploads\/2020\/04\/nl_arias_2-ABR_08.jpg","datePublished":"2020-04-02T11:47:38+00:00","dateModified":"2020-04-02T15:06:31+00:00","breadcrumb":{"@id":"https:\/\/www.ariasassessors.com\/ca\/nuevas-medidas-de-apoyo-para-autonomos-y-pymes-real-decreto-ley-11-2020-de-31-de-marzo\/#breadcrumb"},"inLanguage":"ca","potentialAction":[{"@type":"ReadAction","target":["https:\/\/www.ariasassessors.com\/ca\/nuevas-medidas-de-apoyo-para-autonomos-y-pymes-real-decreto-ley-11-2020-de-31-de-marzo\/"]}]},{"@type":"ImageObject","inLanguage":"ca","@id":"https:\/\/www.ariasassessors.com\/ca\/nuevas-medidas-de-apoyo-para-autonomos-y-pymes-real-decreto-ley-11-2020-de-31-de-marzo\/#primaryimage","url":"https:\/\/www.ariasassessors.com\/wp-content\/uploads\/2020\/04\/nl_arias_2-ABR_08.jpg","contentUrl":"https:\/\/www.ariasassessors.com\/wp-content\/uploads\/2020\/04\/nl_arias_2-ABR_08.jpg","width":581,"height":350},{"@type":"BreadcrumbList","@id":"https:\/\/www.ariasassessors.com\/ca\/nuevas-medidas-de-apoyo-para-autonomos-y-pymes-real-decreto-ley-11-2020-de-31-de-marzo\/#breadcrumb","itemListElement":[{"@type":"ListItem","position":1,"name":"Portada","item":"https:\/\/www.ariasassessors.com\/ca\/"},{"@type":"ListItem","position":2,"name":"NUEVAS MEDIDAS DE APOYO PARA AUT\u00d3NOMOS Y PYMES (Real Decreto-ley 11\/2020, de 31 de marzo)"}]},{"@type":"WebSite","@id":"https:\/\/www.ariasassessors.com\/#website","url":"https:\/\/www.ariasassessors.com\/","name":"Arias Assessors","description":"Asesor\u00eda para aut\u00f3nomos, profesionales y PYMES","publisher":{"@id":"https:\/\/www.ariasassessors.com\/#organization"},"potentialAction":[{"@type":"SearchAction","target":{"@type":"EntryPoint","urlTemplate":"https:\/\/www.ariasassessors.com\/?s={search_term_string}"},"query-input":{"@type":"PropertyValueSpecification","valueRequired":true,"valueName":"search_term_string"}}],"inLanguage":"ca"},{"@type":"Organization","@id":"https:\/\/www.ariasassessors.com\/#organization","name":"Arias Assessors","url":"https:\/\/www.ariasassessors.com\/","logo":{"@type":"ImageObject","inLanguage":"ca","@id":"https:\/\/www.ariasassessors.com\/#\/schema\/logo\/image\/","url":"https:\/\/www.ariasassessors.com\/wp-content\/uploads\/2019\/01\/arias-logo.png","contentUrl":"https:\/\/www.ariasassessors.com\/wp-content\/uploads\/2019\/01\/arias-logo.png","width":349,"height":254,"caption":"Arias Assessors"},"image":{"@id":"https:\/\/www.ariasassessors.com\/#\/schema\/logo\/image\/"},"sameAs":["https:\/\/www.facebook.com\/ariasassessors\/","https:\/\/x.com\/ariasassessors","https:\/\/www.linkedin.com\/company\/r&amp;amp;r-growing-knowledge\/"]},{"@type":"Person","@id":"https:\/\/www.ariasassessors.com\/#\/schema\/person\/63c6ad1775f0a9413c37932562673cef","name":"btorras","image":{"@type":"ImageObject","inLanguage":"ca","@id":"https:\/\/www.ariasassessors.com\/#\/schema\/person\/image\/","url":"https:\/\/secure.gravatar.com\/avatar\/0531db351fc361fdbfd204c58fa2d6a3?s=96&d=mm&r=g","contentUrl":"https:\/\/secure.gravatar.com\/avatar\/0531db351fc361fdbfd204c58fa2d6a3?s=96&d=mm&r=g","caption":"btorras"}}]}},"_links":{"self":[{"href":"https:\/\/www.ariasassessors.com\/ca\/wp-json\/wp\/v2\/posts\/1036","targetHints":{"allow":["GET"]}}],"collection":[{"href":"https:\/\/www.ariasassessors.com\/ca\/wp-json\/wp\/v2\/posts"}],"about":[{"href":"https:\/\/www.ariasassessors.com\/ca\/wp-json\/wp\/v2\/types\/post"}],"author":[{"embeddable":true,"href":"https:\/\/www.ariasassessors.com\/ca\/wp-json\/wp\/v2\/users\/2"}],"replies":[{"embeddable":true,"href":"https:\/\/www.ariasassessors.com\/ca\/wp-json\/wp\/v2\/comments?post=1036"}],"version-history":[{"count":1,"href":"https:\/\/www.ariasassessors.com\/ca\/wp-json\/wp\/v2\/posts\/1036\/revisions"}],"predecessor-version":[{"id":1039,"href":"https:\/\/www.ariasassessors.com\/ca\/wp-json\/wp\/v2\/posts\/1036\/revisions\/1039"}],"wp:featuredmedia":[{"embeddable":true,"href":"https:\/\/www.ariasassessors.com\/ca\/wp-json\/wp\/v2\/media\/1038"}],"wp:attachment":[{"href":"https:\/\/www.ariasassessors.com\/ca\/wp-json\/wp\/v2\/media?parent=1036"}],"wp:term":[{"taxonomy":"category","embeddable":true,"href":"https:\/\/www.ariasassessors.com\/ca\/wp-json\/wp\/v2\/categories?post=1036"},{"taxonomy":"post_tag","embeddable":true,"href":"https:\/\/www.ariasassessors.com\/ca\/wp-json\/wp\/v2\/tags?post=1036"}],"curies":[{"name":"wp","href":"https:\/\/api.w.org\/{rel}","templated":true}]}}