{"id":1044,"date":"2020-04-09T11:06:01","date_gmt":"2020-04-09T09:06:01","guid":{"rendered":"https:\/\/www.ariasassessors.com\/importante-medidas-adoptadas-en-los-ultimos-dias-rdl-11-2020-aplazamiento-cuotas-seguridad-social\/"},"modified":"2020-04-09T11:51:18","modified_gmt":"2020-04-09T09:51:18","slug":"importante-medidas-adoptadas-en-los-ultimos-dias-rdl-11-2020-aplazamiento-cuotas-seguridad-social","status":"publish","type":"post","link":"https:\/\/www.ariasassessors.com\/ca\/importante-medidas-adoptadas-en-los-ultimos-dias-rdl-11-2020-aplazamiento-cuotas-seguridad-social\/","title":{"rendered":"IMPORTANTE: MEDIDAS ADOPTADAS EN LOS \u00daLTIMOS DIAS &#8211; RDL 11\/2020 &#8211; APLAZAMIENTO CUOTAS SEGURIDAD SOCIAL"},"content":{"rendered":"<p>Desde Arias Assessors queremos hacerles un breve resumen de las \u00faltimas medidas adoptadas por el Gobierno en la lucha contra el coronavirus y evidentemente en la parte que afecta a nuestros clientes, empresas y profesionales. La medida adoptada recientemente que m\u00e1s queremos destacar, por la URGENCIA en la presentaci\u00f3n en cuanto a plazos es:<\/p>\n<p>&nbsp;<\/p>\n<ol>\n<li>Para aquellos trabajadores aut\u00f3nomos que no han tenido acceso a ayudas estatales o auton\u00f3micas como la prestaci\u00f3n extraordinaria y la exoneraci\u00f3n del pago de la cuota de aut\u00f3nomos a final de Abril, se ha abierto un procedimiento para poder APLAZAR la cuota de aut\u00f3nomos de Abril. A este aplazamiento tienen acceso todos los aut\u00f3nomos (personas f\u00edsicas y societarios), teniendo en cuenta que todos aquellos que ya han tramitado la ayuda estatal quedan exonerados del pago, y por tanto esta medida no tiene sentido para ellos. La Seguridad Social aplicar\u00e1 un inter\u00e9s para este aplazamiento de un 0,5%, con lo cual puede ser interesante para los aut\u00f3nomos que no est\u00e1n en condiciones de hacer frente a m\u00e1s gastos durante el mes de Abril. Si est\u00e1 en esta situaci\u00f3n y quiere aplazar su recibo de aut\u00f3nomo, debe ponerse en contacto urgentemente con nosotros al correo <a href=\"mailto:fiscal@ariasassessors.com\">fiscal@ariasassessors.com<\/a> indic\u00e1ndonos su voluntad de aplazar la cuota de Abril, <strong><u>EL PLAZO PARA DICHO TR\u00c1MITE FINALIZA MA\u00d1ANA DIA 10 DE ABRIL. <\/u><\/strong><\/li>\n<\/ol>\n<p>&nbsp;<\/p>\n<ol start=\"2\">\n<li>En cuanto a empresas con trabajadores, sean sociedades o aut\u00f3nomos, que deban a final de Abril pagar las cotizaciones sociales por sus trabajadores, que como saben se corresponden a las cuotas sociales de empresa devengadas en el mes de Marzo 2020, y que como en el caso anterior no hayan accedido a ayudas y exoneraci\u00f3n de cuotas de Seguridad Social (por tanto, que no hayan tramitado y\/o no les hayan concedido un ERTE por fuerza mayor), tambi\u00e9n tienen acceso a la posibilidad de aplazar el pago de final de Abril. El tipo de inter\u00e9s que aplicar\u00e1 la Seguridad Social es el mismo que en el caso anterior, un 0,5%. Y tambi\u00e9n la premura en los plazos es la misma, es decir, deben solicitarse los aplazamientos <strong><u>MAXIMO MA\u00d1ANA DIA 10 DE ABRIL<\/u><\/strong>. Les rogamos pues que todos aquellos clientes que deseen solicitar este aplazamiento, se pongan en contacto con nosotros al correo electr\u00f3nico <a href=\"mailto:i.delatorre@ariasassessors.com\">i.delatorre@ariasassessors.com<\/a><\/li>\n<\/ol>\n<p>&nbsp;<\/p>\n<p>De cara al siguiente mes de Mayo, y hasta Julio 2020, se ha habilitado a la Tesorer\u00eda General de la Seguridad Social para la concesi\u00f3n de forma excepcional de moratorias en el pago de las cotizaciones sociales atendiendo a excepcionales circunstancias, en los casos y condiciones que se determinen mediante Orden Ministerial. El periodo de devengo en el caso de empresas ser\u00eda el comprendido entre abril y junio de 2020, mientras que en el caso de los aut\u00f3nomos ser\u00eda el comprendido entre mayo y julio de 2020 (moratoria de pago de seis meses sin recargos ni intereses). Faltar\u00e1 ver los requisitos solicitados para las empresas cuando se publique la Orden Ministerial. Aquellos que no puedan optar por esta moratoria, siempre podr\u00e1n acogerse al aplazamiento de cuotas como hemos explicado en este primer apartado, a un 0,5% de inter\u00e9s.<\/p>\n<p>&nbsp;<\/p>\n<p><strong><u>Otras medidas a destacar y aspectos a tener en cuenta: <\/u><\/strong><\/p>\n<p>&nbsp;<\/p>\n<p><strong>Desde el pasado lunes d\u00eda 6 de Abril ya se pueden solicitar las l\u00edneas ICO COVID-19<\/strong>. No importa el tama\u00f1o de la empresa o la actividad, existen avales para cada tipo de empresa. Aunque nos resistimos a pensar que endeudarse sea una ayuda como tal, puede ser la soluci\u00f3n a la que opten muchos empresarios para poder disponer de la liquidez suficiente en estos meses. Habr\u00e1 que estar atentos a los intereses que cada entidad financiera ofrezca y a productos \u201cextra\u201d que pueden encarecer las operaciones como seguros de vida y dem\u00e1s. Les aconsejamos est\u00e9n atentos y busquen la mejor financiaci\u00f3n\u00a0 y sobre todo las mejores condiciones posibles, y no dejarse llevar por la necesidad inmediata. Deben ponerse directamente en contacto con su entidad financiera y valorar las opciones disponibles.<\/p>\n<p>&nbsp;<\/p>\n<p><strong>Aplazamiento o condonaci\u00f3n de alquiler de VIVIENDA HABITUAL (no locales comerciales).<\/strong> El <a href=\"https:\/\/www.boe.es\/buscar\/act.php?id=BOE-A-2020-4208\">RDL 11\/2020<\/a> establece un sistema para el aplazamiento, o incluso condonaci\u00f3n, del alquiler de vivienda habitual, con el fin de ayudar a los inquilinos que se vean en situaci\u00f3n de vulnerabilidad econ\u00f3mica* debido al coronavirus, garantizando, al mismo tiempo un equilibrio entre las partes que impida que la vulnerabilidad de los inquilinos sea trasladada a los arrendadores, especialmente a aquellos para los que los ingresos generados por la renta del alquiler pueden ser esenciales, teniendo en cuenta adem\u00e1s que el 85% de los arrendamientos de vivienda el propietario es una persona f\u00edsica.<\/p>\n<p>&nbsp;<\/p>\n<p>\u00bfQui\u00e9n debe aplicar el aplazamiento, o incluso condonar, autom\u00e1ticamente? Los\u00a0grandes tenedores, entendiendo por tales a la persona, f\u00edsica o jur\u00eddica, que sea titular de m\u00e1s de diez inmuebles urbanos, excluyendo garajes y trasteros, o una superficie construida de m\u00e1s de 1.500 m2, siempre que dicho aplazamiento o la condonaci\u00f3n total o parcial de la misma no se hubiera conseguido ya con car\u00e1cter voluntario por acuerdo entre ambas partes.<\/p>\n<p><em>(*) Situaciones de desempleo \u2013 Afectados por un ERTE \u2013 Reducciones de jornada por cuidado de mayores o menores \u2013 empresarios, profesionales y aut\u00f3nomos que sufran una p\u00e9rdida sustancial de ingresos.<\/em><\/p>\n<p>&nbsp;<\/p>\n<p><strong>Pago de suministros en hogares y locales<\/strong>. Algunos de vosotros nos pregunt\u00e1is por las medidas en relaci\u00f3n a la moratoria en los pagos de luz, agua, etc\u2026 que tambi\u00e9n aparecen en el RDL 11\/2020 como medidas sociales y econ\u00f3micas complementarias. Lamentamos no poder dar mucha m\u00e1s informaci\u00f3n que la que sigue, y entendemos que deben ponerse en contacto con sus compa\u00f1\u00edas para valorar dicha posibilidad. Obviamente habr\u00e1 unos requisitos de vulnerabilidad econ\u00f3mica y p\u00e9rdida de ingresos que habr\u00e1 que justificar, o al menos eso creemos.<\/p>\n<p>&nbsp;<\/p>\n<p><strong>Los cortes de suministros energ\u00e9ticos y de agua en la vivienda habitual<\/strong>\u00a0quedar\u00e1n prohibidos para el conjunto de la poblaci\u00f3n mientras est\u00e9 en vigor el estado de alarma. Asimismo, el periodo de tiempo en que est\u00e9 en vigor el estado de alarma no computar\u00e1 a efectos de los plazos de los procedimientos de suspensi\u00f3n del suministro iniciados con anterioridad a dicho periodo.<\/p>\n<p>&nbsp;<\/p>\n<p><strong>Se aplicar\u00e1n medidas para flexibilizar los contratos de suministro de electricidad y gas natural para aut\u00f3nomos y empresas<\/strong><strong>,<\/strong> adem\u00e1s de medidas de corte m\u00e1s t\u00e9cnico para permitir un buen funcionamiento de estos servicios esenciales (moratoria en el pago de suministros para aut\u00f3nomos y pymes, que podr\u00e1n, adem\u00e1s, adaptar sus contratos a sus nuevas realidades de consumo, sin penalizaci\u00f3n por parte de sus compa\u00f1\u00edas suministradoras).<\/p>\n<p>&nbsp;<\/p>\n<p><strong>Por \u00faltimo y por indicaci\u00f3n de nuestro colaborador ADAPTALIA CORPORACI\u00d3N<\/strong>, como especialistas en protecci\u00f3n de datos y ciberseguridad, les alertamos que se est\u00e1 produciendo una <strong>campa\u00f1a de correos maliciosos suplantando al Ministerio de Trabajo<\/strong>, por lo que en caso de recibir dicho mail, en el que se comunica a las empresas una falsa investigaci\u00f3n de la Inspecci\u00f3n de Trabajo y Seguridad Social, lo eliminen inmediatamente. El mensaje que suplanta a la Inspecci\u00f3n de Trabajo viene encabezado por un banner de INCIBE \u2013 Instituto Nacional de Ciberseguridad y un logo de \u201cProtege tu empresa\u201d junto a indicaciones de que se trata de una notificaci\u00f3n oficial, y habla sobre la incapacidad de la empresa que recibe el correo de adaptarse y respetar la legislaci\u00f3n vigente durante este per\u00edodo. Se da la opci\u00f3n de clicar en un enlace para conocer m\u00e1s detalles. <strong>Recuerden hacer caso omiso de dichas indicaciones y eliminar el correo sin acceder a los enlaces<\/strong>.<\/p>\n<p>&nbsp;<\/p>\n<p>Si ten\u00e9is cualquier duda podeis <a href=\"https:\/\/www.ariasassessors.com\/ca\/contacte\/\">contactar con nosotros.<\/a><\/p>\n","protected":false},"excerpt":{"rendered":"<p>Desde Arias Assessors queremos hacerles un breve resumen de las \u00faltimas medidas adoptadas por el Gobierno en la lucha contra el coronavirus y evidentemente en la parte que afecta a nuestros clientes, empresas y profesionales. La medida adoptada recientemente que m\u00e1s queremos destacar, por la&#8230;<\/p>\n","protected":false},"author":2,"featured_media":1051,"comment_status":"open","ping_status":"open","sticky":false,"template":"","format":"standard","meta":{"footnotes":""},"categories":[4],"tags":[490,453,491],"class_list":["post-1044","post","type-post","status-publish","format-standard","has-post-thumbnail","hentry","category-noticies","tag-aplazamiento-ca","tag-coronavirus-ca","tag-seguridad-social-ca"],"yoast_head":"<!-- This site is optimized with the Yoast SEO plugin v24.3 - https:\/\/yoast.com\/wordpress\/plugins\/seo\/ -->\n<title>APLAZAMIENTO CUOTAS SEGURIDAD SOCIAL | Arias Assessors<\/title>\n<meta name=\"description\" content=\"APLAZAMIENTO CUOTAS SEGURIDAD SOCIAL, Desde Arias Assessors queremos hacerles un breve resumen de las \u00faltimas medidas adoptadas por el Gobierno\" \/>\n<meta name=\"robots\" content=\"index, follow, max-snippet:-1, max-image-preview:large, max-video-preview:-1\" \/>\n<link rel=\"canonical\" href=\"https:\/\/www.ariasassessors.com\/ca\/importante-medidas-adoptadas-en-los-ultimos-dias-rdl-11-2020-aplazamiento-cuotas-seguridad-social\/\" \/>\n<meta property=\"og:locale\" content=\"ca_ES\" \/>\n<meta property=\"og:type\" content=\"article\" \/>\n<meta property=\"og:title\" content=\"APLAZAMIENTO CUOTAS SEGURIDAD SOCIAL | Arias Assessors\" \/>\n<meta property=\"og:description\" content=\"APLAZAMIENTO CUOTAS SEGURIDAD SOCIAL, Desde Arias Assessors queremos hacerles un breve resumen de las \u00faltimas medidas adoptadas por el Gobierno\" \/>\n<meta property=\"og:url\" content=\"https:\/\/www.ariasassessors.com\/ca\/importante-medidas-adoptadas-en-los-ultimos-dias-rdl-11-2020-aplazamiento-cuotas-seguridad-social\/\" \/>\n<meta property=\"og:site_name\" content=\"Arias Assessors\" \/>\n<meta property=\"article:publisher\" content=\"https:\/\/www.facebook.com\/ariasassessors\/\" \/>\n<meta property=\"article:published_time\" content=\"2020-04-09T09:06:01+00:00\" \/>\n<meta property=\"article:modified_time\" content=\"2020-04-09T09:51:18+00:00\" \/>\n<meta property=\"og:image\" content=\"https:\/\/www.ariasassessors.com\/wp-content\/uploads\/2020\/04\/1.jpg\" \/>\n\t<meta property=\"og:image:width\" content=\"577\" \/>\n\t<meta property=\"og:image:height\" content=\"352\" \/>\n\t<meta property=\"og:image:type\" content=\"image\/jpeg\" \/>\n<meta name=\"author\" content=\"btorras\" \/>\n<meta name=\"twitter:card\" content=\"summary_large_image\" \/>\n<meta name=\"twitter:creator\" content=\"@ariasassessors\" \/>\n<meta name=\"twitter:site\" content=\"@ariasassessors\" \/>\n<meta name=\"twitter:label1\" content=\"Escrit per\" \/>\n\t<meta name=\"twitter:data1\" content=\"btorras\" \/>\n\t<meta name=\"twitter:label2\" content=\"Temps estimat de lectura\" \/>\n\t<meta name=\"twitter:data2\" content=\"7 minuts\" \/>\n<script type=\"application\/ld+json\" class=\"yoast-schema-graph\">{\"@context\":\"https:\/\/schema.org\",\"@graph\":[{\"@type\":\"Article\",\"@id\":\"https:\/\/www.ariasassessors.com\/ca\/importante-medidas-adoptadas-en-los-ultimos-dias-rdl-11-2020-aplazamiento-cuotas-seguridad-social\/#article\",\"isPartOf\":{\"@id\":\"https:\/\/www.ariasassessors.com\/ca\/importante-medidas-adoptadas-en-los-ultimos-dias-rdl-11-2020-aplazamiento-cuotas-seguridad-social\/\"},\"author\":{\"name\":\"btorras\",\"@id\":\"https:\/\/www.ariasassessors.com\/#\/schema\/person\/63c6ad1775f0a9413c37932562673cef\"},\"headline\":\"IMPORTANTE: MEDIDAS ADOPTADAS EN LOS \u00daLTIMOS DIAS &#8211; RDL 11\/2020 &#8211; APLAZAMIENTO CUOTAS SEGURIDAD SOCIAL\",\"datePublished\":\"2020-04-09T09:06:01+00:00\",\"dateModified\":\"2020-04-09T09:51:18+00:00\",\"mainEntityOfPage\":{\"@id\":\"https:\/\/www.ariasassessors.com\/ca\/importante-medidas-adoptadas-en-los-ultimos-dias-rdl-11-2020-aplazamiento-cuotas-seguridad-social\/\"},\"wordCount\":1332,\"commentCount\":0,\"publisher\":{\"@id\":\"https:\/\/www.ariasassessors.com\/#organization\"},\"image\":{\"@id\":\"https:\/\/www.ariasassessors.com\/ca\/importante-medidas-adoptadas-en-los-ultimos-dias-rdl-11-2020-aplazamiento-cuotas-seguridad-social\/#primaryimage\"},\"thumbnailUrl\":\"https:\/\/www.ariasassessors.com\/wp-content\/uploads\/2020\/04\/1.jpg\",\"keywords\":[\"Aplazamiento\",\"COVID\",\"Seguridad Social\"],\"articleSection\":[\"noticies\"],\"inLanguage\":\"ca\",\"potentialAction\":[{\"@type\":\"CommentAction\",\"name\":\"Comment\",\"target\":[\"https:\/\/www.ariasassessors.com\/ca\/importante-medidas-adoptadas-en-los-ultimos-dias-rdl-11-2020-aplazamiento-cuotas-seguridad-social\/#respond\"]}]},{\"@type\":\"WebPage\",\"@id\":\"https:\/\/www.ariasassessors.com\/ca\/importante-medidas-adoptadas-en-los-ultimos-dias-rdl-11-2020-aplazamiento-cuotas-seguridad-social\/\",\"url\":\"https:\/\/www.ariasassessors.com\/ca\/importante-medidas-adoptadas-en-los-ultimos-dias-rdl-11-2020-aplazamiento-cuotas-seguridad-social\/\",\"name\":\"APLAZAMIENTO CUOTAS SEGURIDAD SOCIAL | Arias Assessors\",\"isPartOf\":{\"@id\":\"https:\/\/www.ariasassessors.com\/#website\"},\"primaryImageOfPage\":{\"@id\":\"https:\/\/www.ariasassessors.com\/ca\/importante-medidas-adoptadas-en-los-ultimos-dias-rdl-11-2020-aplazamiento-cuotas-seguridad-social\/#primaryimage\"},\"image\":{\"@id\":\"https:\/\/www.ariasassessors.com\/ca\/importante-medidas-adoptadas-en-los-ultimos-dias-rdl-11-2020-aplazamiento-cuotas-seguridad-social\/#primaryimage\"},\"thumbnailUrl\":\"https:\/\/www.ariasassessors.com\/wp-content\/uploads\/2020\/04\/1.jpg\",\"datePublished\":\"2020-04-09T09:06:01+00:00\",\"dateModified\":\"2020-04-09T09:51:18+00:00\",\"description\":\"APLAZAMIENTO CUOTAS SEGURIDAD SOCIAL, Desde Arias Assessors queremos hacerles un breve resumen de las \u00faltimas medidas adoptadas por el Gobierno\",\"breadcrumb\":{\"@id\":\"https:\/\/www.ariasassessors.com\/ca\/importante-medidas-adoptadas-en-los-ultimos-dias-rdl-11-2020-aplazamiento-cuotas-seguridad-social\/#breadcrumb\"},\"inLanguage\":\"ca\",\"potentialAction\":[{\"@type\":\"ReadAction\",\"target\":[\"https:\/\/www.ariasassessors.com\/ca\/importante-medidas-adoptadas-en-los-ultimos-dias-rdl-11-2020-aplazamiento-cuotas-seguridad-social\/\"]}]},{\"@type\":\"ImageObject\",\"inLanguage\":\"ca\",\"@id\":\"https:\/\/www.ariasassessors.com\/ca\/importante-medidas-adoptadas-en-los-ultimos-dias-rdl-11-2020-aplazamiento-cuotas-seguridad-social\/#primaryimage\",\"url\":\"https:\/\/www.ariasassessors.com\/wp-content\/uploads\/2020\/04\/1.jpg\",\"contentUrl\":\"https:\/\/www.ariasassessors.com\/wp-content\/uploads\/2020\/04\/1.jpg\",\"width\":577,\"height\":352,\"caption\":\"RDL 11\/2020\"},{\"@type\":\"BreadcrumbList\",\"@id\":\"https:\/\/www.ariasassessors.com\/ca\/importante-medidas-adoptadas-en-los-ultimos-dias-rdl-11-2020-aplazamiento-cuotas-seguridad-social\/#breadcrumb\",\"itemListElement\":[{\"@type\":\"ListItem\",\"position\":1,\"name\":\"Portada\",\"item\":\"https:\/\/www.ariasassessors.com\/ca\/\"},{\"@type\":\"ListItem\",\"position\":2,\"name\":\"IMPORTANTE: MEDIDAS ADOPTADAS EN LOS \u00daLTIMOS DIAS &#8211; RDL 11\/2020 &#8211; APLAZAMIENTO CUOTAS SEGURIDAD SOCIAL\"}]},{\"@type\":\"WebSite\",\"@id\":\"https:\/\/www.ariasassessors.com\/#website\",\"url\":\"https:\/\/www.ariasassessors.com\/\",\"name\":\"Arias Assessors\",\"description\":\"Asesor\u00eda para aut\u00f3nomos, profesionales y PYMES\",\"publisher\":{\"@id\":\"https:\/\/www.ariasassessors.com\/#organization\"},\"potentialAction\":[{\"@type\":\"SearchAction\",\"target\":{\"@type\":\"EntryPoint\",\"urlTemplate\":\"https:\/\/www.ariasassessors.com\/?s={search_term_string}\"},\"query-input\":{\"@type\":\"PropertyValueSpecification\",\"valueRequired\":true,\"valueName\":\"search_term_string\"}}],\"inLanguage\":\"ca\"},{\"@type\":\"Organization\",\"@id\":\"https:\/\/www.ariasassessors.com\/#organization\",\"name\":\"Arias Assessors\",\"url\":\"https:\/\/www.ariasassessors.com\/\",\"logo\":{\"@type\":\"ImageObject\",\"inLanguage\":\"ca\",\"@id\":\"https:\/\/www.ariasassessors.com\/#\/schema\/logo\/image\/\",\"url\":\"https:\/\/www.ariasassessors.com\/wp-content\/uploads\/2019\/01\/arias-logo.png\",\"contentUrl\":\"https:\/\/www.ariasassessors.com\/wp-content\/uploads\/2019\/01\/arias-logo.png\",\"width\":349,\"height\":254,\"caption\":\"Arias Assessors\"},\"image\":{\"@id\":\"https:\/\/www.ariasassessors.com\/#\/schema\/logo\/image\/\"},\"sameAs\":[\"https:\/\/www.facebook.com\/ariasassessors\/\",\"https:\/\/x.com\/ariasassessors\",\"https:\/\/www.linkedin.com\/company\/r&amp;amp;r-growing-knowledge\/\"]},{\"@type\":\"Person\",\"@id\":\"https:\/\/www.ariasassessors.com\/#\/schema\/person\/63c6ad1775f0a9413c37932562673cef\",\"name\":\"btorras\",\"image\":{\"@type\":\"ImageObject\",\"inLanguage\":\"ca\",\"@id\":\"https:\/\/www.ariasassessors.com\/#\/schema\/person\/image\/\",\"url\":\"https:\/\/secure.gravatar.com\/avatar\/0531db351fc361fdbfd204c58fa2d6a3?s=96&d=mm&r=g\",\"contentUrl\":\"https:\/\/secure.gravatar.com\/avatar\/0531db351fc361fdbfd204c58fa2d6a3?s=96&d=mm&r=g\",\"caption\":\"btorras\"}}]}<\/script>\n<!-- \/ Yoast SEO plugin. -->","yoast_head_json":{"title":"APLAZAMIENTO CUOTAS SEGURIDAD SOCIAL | Arias Assessors","description":"APLAZAMIENTO CUOTAS SEGURIDAD SOCIAL, Desde Arias Assessors queremos hacerles un breve resumen de las \u00faltimas medidas adoptadas por el Gobierno","robots":{"index":"index","follow":"follow","max-snippet":"max-snippet:-1","max-image-preview":"max-image-preview:large","max-video-preview":"max-video-preview:-1"},"canonical":"https:\/\/www.ariasassessors.com\/ca\/importante-medidas-adoptadas-en-los-ultimos-dias-rdl-11-2020-aplazamiento-cuotas-seguridad-social\/","og_locale":"ca_ES","og_type":"article","og_title":"APLAZAMIENTO CUOTAS SEGURIDAD SOCIAL | Arias Assessors","og_description":"APLAZAMIENTO CUOTAS SEGURIDAD SOCIAL, Desde Arias Assessors queremos hacerles un breve resumen de las \u00faltimas medidas adoptadas por el Gobierno","og_url":"https:\/\/www.ariasassessors.com\/ca\/importante-medidas-adoptadas-en-los-ultimos-dias-rdl-11-2020-aplazamiento-cuotas-seguridad-social\/","og_site_name":"Arias Assessors","article_publisher":"https:\/\/www.facebook.com\/ariasassessors\/","article_published_time":"2020-04-09T09:06:01+00:00","article_modified_time":"2020-04-09T09:51:18+00:00","og_image":[{"width":577,"height":352,"url":"https:\/\/www.ariasassessors.com\/wp-content\/uploads\/2020\/04\/1.jpg","type":"image\/jpeg"}],"author":"btorras","twitter_card":"summary_large_image","twitter_creator":"@ariasassessors","twitter_site":"@ariasassessors","twitter_misc":{"Escrit per":"btorras","Temps estimat de lectura":"7 minuts"},"schema":{"@context":"https:\/\/schema.org","@graph":[{"@type":"Article","@id":"https:\/\/www.ariasassessors.com\/ca\/importante-medidas-adoptadas-en-los-ultimos-dias-rdl-11-2020-aplazamiento-cuotas-seguridad-social\/#article","isPartOf":{"@id":"https:\/\/www.ariasassessors.com\/ca\/importante-medidas-adoptadas-en-los-ultimos-dias-rdl-11-2020-aplazamiento-cuotas-seguridad-social\/"},"author":{"name":"btorras","@id":"https:\/\/www.ariasassessors.com\/#\/schema\/person\/63c6ad1775f0a9413c37932562673cef"},"headline":"IMPORTANTE: MEDIDAS ADOPTADAS EN LOS \u00daLTIMOS DIAS &#8211; RDL 11\/2020 &#8211; APLAZAMIENTO CUOTAS SEGURIDAD SOCIAL","datePublished":"2020-04-09T09:06:01+00:00","dateModified":"2020-04-09T09:51:18+00:00","mainEntityOfPage":{"@id":"https:\/\/www.ariasassessors.com\/ca\/importante-medidas-adoptadas-en-los-ultimos-dias-rdl-11-2020-aplazamiento-cuotas-seguridad-social\/"},"wordCount":1332,"commentCount":0,"publisher":{"@id":"https:\/\/www.ariasassessors.com\/#organization"},"image":{"@id":"https:\/\/www.ariasassessors.com\/ca\/importante-medidas-adoptadas-en-los-ultimos-dias-rdl-11-2020-aplazamiento-cuotas-seguridad-social\/#primaryimage"},"thumbnailUrl":"https:\/\/www.ariasassessors.com\/wp-content\/uploads\/2020\/04\/1.jpg","keywords":["Aplazamiento","COVID","Seguridad Social"],"articleSection":["noticies"],"inLanguage":"ca","potentialAction":[{"@type":"CommentAction","name":"Comment","target":["https:\/\/www.ariasassessors.com\/ca\/importante-medidas-adoptadas-en-los-ultimos-dias-rdl-11-2020-aplazamiento-cuotas-seguridad-social\/#respond"]}]},{"@type":"WebPage","@id":"https:\/\/www.ariasassessors.com\/ca\/importante-medidas-adoptadas-en-los-ultimos-dias-rdl-11-2020-aplazamiento-cuotas-seguridad-social\/","url":"https:\/\/www.ariasassessors.com\/ca\/importante-medidas-adoptadas-en-los-ultimos-dias-rdl-11-2020-aplazamiento-cuotas-seguridad-social\/","name":"APLAZAMIENTO CUOTAS SEGURIDAD SOCIAL | Arias Assessors","isPartOf":{"@id":"https:\/\/www.ariasassessors.com\/#website"},"primaryImageOfPage":{"@id":"https:\/\/www.ariasassessors.com\/ca\/importante-medidas-adoptadas-en-los-ultimos-dias-rdl-11-2020-aplazamiento-cuotas-seguridad-social\/#primaryimage"},"image":{"@id":"https:\/\/www.ariasassessors.com\/ca\/importante-medidas-adoptadas-en-los-ultimos-dias-rdl-11-2020-aplazamiento-cuotas-seguridad-social\/#primaryimage"},"thumbnailUrl":"https:\/\/www.ariasassessors.com\/wp-content\/uploads\/2020\/04\/1.jpg","datePublished":"2020-04-09T09:06:01+00:00","dateModified":"2020-04-09T09:51:18+00:00","description":"APLAZAMIENTO CUOTAS SEGURIDAD SOCIAL, Desde Arias Assessors queremos hacerles un breve resumen de las \u00faltimas medidas adoptadas por el Gobierno","breadcrumb":{"@id":"https:\/\/www.ariasassessors.com\/ca\/importante-medidas-adoptadas-en-los-ultimos-dias-rdl-11-2020-aplazamiento-cuotas-seguridad-social\/#breadcrumb"},"inLanguage":"ca","potentialAction":[{"@type":"ReadAction","target":["https:\/\/www.ariasassessors.com\/ca\/importante-medidas-adoptadas-en-los-ultimos-dias-rdl-11-2020-aplazamiento-cuotas-seguridad-social\/"]}]},{"@type":"ImageObject","inLanguage":"ca","@id":"https:\/\/www.ariasassessors.com\/ca\/importante-medidas-adoptadas-en-los-ultimos-dias-rdl-11-2020-aplazamiento-cuotas-seguridad-social\/#primaryimage","url":"https:\/\/www.ariasassessors.com\/wp-content\/uploads\/2020\/04\/1.jpg","contentUrl":"https:\/\/www.ariasassessors.com\/wp-content\/uploads\/2020\/04\/1.jpg","width":577,"height":352,"caption":"RDL 11\/2020"},{"@type":"BreadcrumbList","@id":"https:\/\/www.ariasassessors.com\/ca\/importante-medidas-adoptadas-en-los-ultimos-dias-rdl-11-2020-aplazamiento-cuotas-seguridad-social\/#breadcrumb","itemListElement":[{"@type":"ListItem","position":1,"name":"Portada","item":"https:\/\/www.ariasassessors.com\/ca\/"},{"@type":"ListItem","position":2,"name":"IMPORTANTE: MEDIDAS ADOPTADAS EN LOS \u00daLTIMOS DIAS &#8211; RDL 11\/2020 &#8211; APLAZAMIENTO CUOTAS SEGURIDAD SOCIAL"}]},{"@type":"WebSite","@id":"https:\/\/www.ariasassessors.com\/#website","url":"https:\/\/www.ariasassessors.com\/","name":"Arias Assessors","description":"Asesor\u00eda para aut\u00f3nomos, profesionales y PYMES","publisher":{"@id":"https:\/\/www.ariasassessors.com\/#organization"},"potentialAction":[{"@type":"SearchAction","target":{"@type":"EntryPoint","urlTemplate":"https:\/\/www.ariasassessors.com\/?s={search_term_string}"},"query-input":{"@type":"PropertyValueSpecification","valueRequired":true,"valueName":"search_term_string"}}],"inLanguage":"ca"},{"@type":"Organization","@id":"https:\/\/www.ariasassessors.com\/#organization","name":"Arias Assessors","url":"https:\/\/www.ariasassessors.com\/","logo":{"@type":"ImageObject","inLanguage":"ca","@id":"https:\/\/www.ariasassessors.com\/#\/schema\/logo\/image\/","url":"https:\/\/www.ariasassessors.com\/wp-content\/uploads\/2019\/01\/arias-logo.png","contentUrl":"https:\/\/www.ariasassessors.com\/wp-content\/uploads\/2019\/01\/arias-logo.png","width":349,"height":254,"caption":"Arias Assessors"},"image":{"@id":"https:\/\/www.ariasassessors.com\/#\/schema\/logo\/image\/"},"sameAs":["https:\/\/www.facebook.com\/ariasassessors\/","https:\/\/x.com\/ariasassessors","https:\/\/www.linkedin.com\/company\/r&amp;amp;r-growing-knowledge\/"]},{"@type":"Person","@id":"https:\/\/www.ariasassessors.com\/#\/schema\/person\/63c6ad1775f0a9413c37932562673cef","name":"btorras","image":{"@type":"ImageObject","inLanguage":"ca","@id":"https:\/\/www.ariasassessors.com\/#\/schema\/person\/image\/","url":"https:\/\/secure.gravatar.com\/avatar\/0531db351fc361fdbfd204c58fa2d6a3?s=96&d=mm&r=g","contentUrl":"https:\/\/secure.gravatar.com\/avatar\/0531db351fc361fdbfd204c58fa2d6a3?s=96&d=mm&r=g","caption":"btorras"}}]}},"_links":{"self":[{"href":"https:\/\/www.ariasassessors.com\/ca\/wp-json\/wp\/v2\/posts\/1044","targetHints":{"allow":["GET"]}}],"collection":[{"href":"https:\/\/www.ariasassessors.com\/ca\/wp-json\/wp\/v2\/posts"}],"about":[{"href":"https:\/\/www.ariasassessors.com\/ca\/wp-json\/wp\/v2\/types\/post"}],"author":[{"embeddable":true,"href":"https:\/\/www.ariasassessors.com\/ca\/wp-json\/wp\/v2\/users\/2"}],"replies":[{"embeddable":true,"href":"https:\/\/www.ariasassessors.com\/ca\/wp-json\/wp\/v2\/comments?post=1044"}],"version-history":[{"count":4,"href":"https:\/\/www.ariasassessors.com\/ca\/wp-json\/wp\/v2\/posts\/1044\/revisions"}],"predecessor-version":[{"id":1048,"href":"https:\/\/www.ariasassessors.com\/ca\/wp-json\/wp\/v2\/posts\/1044\/revisions\/1048"}],"wp:featuredmedia":[{"embeddable":true,"href":"https:\/\/www.ariasassessors.com\/ca\/wp-json\/wp\/v2\/media\/1051"}],"wp:attachment":[{"href":"https:\/\/www.ariasassessors.com\/ca\/wp-json\/wp\/v2\/media?parent=1044"}],"wp:term":[{"taxonomy":"category","embeddable":true,"href":"https:\/\/www.ariasassessors.com\/ca\/wp-json\/wp\/v2\/categories?post=1044"},{"taxonomy":"post_tag","embeddable":true,"href":"https:\/\/www.ariasassessors.com\/ca\/wp-json\/wp\/v2\/tags?post=1044"}],"curies":[{"name":"wp","href":"https:\/\/api.w.org\/{rel}","templated":true}]}}