{"id":1066,"date":"2020-04-20T11:52:52","date_gmt":"2020-04-20T09:52:52","guid":{"rendered":"https:\/\/www.ariasassessors.com\/autonomos-cuota-seguridad-social\/"},"modified":"2020-04-22T13:34:39","modified_gmt":"2020-04-22T11:34:39","slug":"autonomos-cuota-seguridad-social","status":"publish","type":"post","link":"https:\/\/www.ariasassessors.com\/ca\/autonomos-cuota-seguridad-social\/","title":{"rendered":"COVID-19: PAGO DE CUOTAS DE SEGURIDAD SOCIAL AUT\u00d3NOMOS"},"content":{"rendered":"<p>En el d\u00eda de hoy les queremos hacer part\u00edcipes de la informaci\u00f3n que nos aporta la Tesorer\u00eda General de la Seguridad Social, \u00a0para aclarar algunas de las dudas que se han generado respecto al pago de cuota de aut\u00f3nomos de aquellos trabajadores en este r\u00e9gimen, que han solicitado la prestaci\u00f3n extraordinaria y por tanto deber\u00edan quedar \u201cexonerados\u201d del pago de la cuota de aut\u00f3nomos.<\/p>\n<p>Como bien saben a final del mes de Marzo se cargaron las cuotas de aut\u00f3nomos correspondientes a ese mes a todos los trabajadores aut\u00f3nomos, tambi\u00e9n a aquellos que se vieron obligados a cerrar sus negocios a fecha 14 de Marzo 2020 tras el decreto de estado de alarma. Estos aut\u00f3nomos en su mayor\u00eda solicitaron la prestaci\u00f3n extraordinaria por cese en la actividad, que consist\u00eda en una prestaci\u00f3n econ\u00f3mica correspondiente al 70% de la base de cotizaci\u00f3n m\u00e1s la exoneraci\u00f3n de la cuota de aut\u00f3nomo, que sin embargo fue cargada en su cuenta como cada final de mes. Esta misma prestaci\u00f3n ha sido solicitada posteriormente tambi\u00e9n por numerosos aut\u00f3nomos que han visto reducida su facturaci\u00f3n en m\u00e1s de un 75% en el mes de Marzo y en relaci\u00f3n a promedio de \u00a0per\u00edodos anteriores.<\/p>\n<p>La TGSS ha informado, sobre las devoluciones de cuotas de los trabajadores por cuenta propia que tengan aprobada la prestaci\u00f3n extraordinaria que:<\/p>\n<ol>\n<li>Las cuotas correspondientes a los d\u00edas comprendidos entre el 14 y el 31 de marzo, de los trabajadores aut\u00f3nomos que sean beneficiarios de la prestaci\u00f3n por cese en la actividad, <strong>ser\u00e1n devueltas en la segunda quincena del mes de mayo<\/strong>.<\/li>\n<li>Para el pr\u00f3ximo pago a final de Abril, hay que tener en cuenta que no en todos los casos la solicitud de prestaci\u00f3n y su comunicaci\u00f3n a la Seguridad Social llegar\u00e1 a tiempo, por lo que hay que prevenir que dicha cuota se pueda cobrar. Eso s\u00ed, como aclara la TGSS, las cuotas del mes de abril que pudieran ser cargadas a los trabajadores aut\u00f3nomos por haberse reconocido la prestaci\u00f3n por las mutuas despu\u00e9s de que la TGSS hubiese remitido la informaci\u00f3n a las entidades financieras para el cargo en cuenta, <strong>ser\u00e1n devueltas de oficio en el mes de junio<\/strong>.<\/li>\n<li>La devoluci\u00f3n de estas cuotas se efectuar\u00e1 de oficio y, por tanto, no es necesario presentar ninguna solicitud. El importe ser\u00e1 ingresado en la cuenta bancaria donde se realiz\u00f3 el cargo.<\/li>\n<\/ol>\n<p>Si tienen cualquier duda, <a href=\"https:\/\/www.ariasassessors.com\/ca\/contacte\/\">contacten con nosotros.<\/a><\/p>\n","protected":false},"excerpt":{"rendered":"<p>En el d\u00eda de hoy les queremos hacer part\u00edcipes de la informaci\u00f3n que nos aporta la Tesorer\u00eda General de la Seguridad Social, \u00a0para aclarar algunas de las dudas que se han generado respecto al pago de cuota de aut\u00f3nomos de aquellos trabajadores en este r\u00e9gimen,&#8230;<\/p>\n","protected":false},"author":2,"featured_media":1065,"comment_status":"open","ping_status":"open","sticky":false,"template":"","format":"standard","meta":{"footnotes":""},"categories":[4],"tags":[225,453],"class_list":["post-1066","post","type-post","status-publish","format-standard","has-post-thumbnail","hentry","category-noticies","tag-autonomos-ca","tag-coronavirus-ca"],"yoast_head":"<!-- This site is optimized with the Yoast SEO plugin v24.3 - https:\/\/yoast.com\/wordpress\/plugins\/seo\/ -->\n<title>CUOTAS DE SEGURIDAD SOCIAL AUT\u00d3NOMOS | Arias Assessors<\/title>\n<meta name=\"description\" content=\"Informaci\u00f3n que nos aporta la Tesorer\u00eda General de la Seguridad Social, \u00a0para aclarar dudas que se han generado respecto al pago de cuota de aut\u00f3nomos\" \/>\n<meta name=\"robots\" content=\"index, follow, max-snippet:-1, max-image-preview:large, max-video-preview:-1\" \/>\n<link rel=\"canonical\" href=\"https:\/\/www.ariasassessors.com\/ca\/autonomos-cuota-seguridad-social\/\" \/>\n<meta property=\"og:locale\" content=\"ca_ES\" \/>\n<meta property=\"og:type\" content=\"article\" \/>\n<meta property=\"og:title\" content=\"CUOTAS DE SEGURIDAD SOCIAL AUT\u00d3NOMOS | Arias Assessors\" \/>\n<meta property=\"og:description\" content=\"Informaci\u00f3n que nos aporta la Tesorer\u00eda General de la Seguridad Social, \u00a0para aclarar dudas que se han generado respecto al pago de cuota de aut\u00f3nomos\" \/>\n<meta property=\"og:url\" content=\"https:\/\/www.ariasassessors.com\/ca\/autonomos-cuota-seguridad-social\/\" \/>\n<meta property=\"og:site_name\" content=\"Arias Assessors\" \/>\n<meta property=\"article:publisher\" content=\"https:\/\/www.facebook.com\/ariasassessors\/\" \/>\n<meta property=\"article:published_time\" content=\"2020-04-20T09:52:52+00:00\" \/>\n<meta property=\"article:modified_time\" content=\"2020-04-22T11:34:39+00:00\" \/>\n<meta property=\"og:image\" content=\"https:\/\/www.ariasassessors.com\/wp-content\/uploads\/2020\/04\/nl_arias_abr_09.gif\" \/>\n\t<meta property=\"og:image:width\" content=\"600\" \/>\n\t<meta property=\"og:image:height\" content=\"357\" \/>\n\t<meta property=\"og:image:type\" content=\"image\/gif\" \/>\n<meta name=\"author\" content=\"btorras\" \/>\n<meta name=\"twitter:card\" content=\"summary_large_image\" \/>\n<meta name=\"twitter:creator\" content=\"@ariasassessors\" \/>\n<meta name=\"twitter:site\" content=\"@ariasassessors\" \/>\n<meta name=\"twitter:label1\" content=\"Escrit per\" \/>\n\t<meta name=\"twitter:data1\" content=\"btorras\" \/>\n\t<meta name=\"twitter:label2\" content=\"Temps estimat de lectura\" \/>\n\t<meta name=\"twitter:data2\" content=\"2 minuts\" \/>\n<script type=\"application\/ld+json\" class=\"yoast-schema-graph\">{\"@context\":\"https:\/\/schema.org\",\"@graph\":[{\"@type\":\"Article\",\"@id\":\"https:\/\/www.ariasassessors.com\/ca\/autonomos-cuota-seguridad-social\/#article\",\"isPartOf\":{\"@id\":\"https:\/\/www.ariasassessors.com\/ca\/autonomos-cuota-seguridad-social\/\"},\"author\":{\"name\":\"btorras\",\"@id\":\"https:\/\/www.ariasassessors.com\/#\/schema\/person\/63c6ad1775f0a9413c37932562673cef\"},\"headline\":\"COVID-19: PAGO DE CUOTAS DE SEGURIDAD SOCIAL AUT\u00d3NOMOS\",\"datePublished\":\"2020-04-20T09:52:52+00:00\",\"dateModified\":\"2020-04-22T11:34:39+00:00\",\"mainEntityOfPage\":{\"@id\":\"https:\/\/www.ariasassessors.com\/ca\/autonomos-cuota-seguridad-social\/\"},\"wordCount\":442,\"commentCount\":0,\"publisher\":{\"@id\":\"https:\/\/www.ariasassessors.com\/#organization\"},\"image\":{\"@id\":\"https:\/\/www.ariasassessors.com\/ca\/autonomos-cuota-seguridad-social\/#primaryimage\"},\"thumbnailUrl\":\"https:\/\/www.ariasassessors.com\/wp-content\/uploads\/2020\/04\/nl_arias_abr_09.gif\",\"keywords\":[\"aut\u00f2noms\",\"COVID\"],\"articleSection\":[\"noticies\"],\"inLanguage\":\"ca\",\"potentialAction\":[{\"@type\":\"CommentAction\",\"name\":\"Comment\",\"target\":[\"https:\/\/www.ariasassessors.com\/ca\/autonomos-cuota-seguridad-social\/#respond\"]}]},{\"@type\":\"WebPage\",\"@id\":\"https:\/\/www.ariasassessors.com\/ca\/autonomos-cuota-seguridad-social\/\",\"url\":\"https:\/\/www.ariasassessors.com\/ca\/autonomos-cuota-seguridad-social\/\",\"name\":\"CUOTAS DE SEGURIDAD SOCIAL AUT\u00d3NOMOS | Arias Assessors\",\"isPartOf\":{\"@id\":\"https:\/\/www.ariasassessors.com\/#website\"},\"primaryImageOfPage\":{\"@id\":\"https:\/\/www.ariasassessors.com\/ca\/autonomos-cuota-seguridad-social\/#primaryimage\"},\"image\":{\"@id\":\"https:\/\/www.ariasassessors.com\/ca\/autonomos-cuota-seguridad-social\/#primaryimage\"},\"thumbnailUrl\":\"https:\/\/www.ariasassessors.com\/wp-content\/uploads\/2020\/04\/nl_arias_abr_09.gif\",\"datePublished\":\"2020-04-20T09:52:52+00:00\",\"dateModified\":\"2020-04-22T11:34:39+00:00\",\"description\":\"Informaci\u00f3n que nos aporta la Tesorer\u00eda General de la Seguridad Social, \u00a0para aclarar dudas que se han generado respecto al pago de cuota de aut\u00f3nomos\",\"breadcrumb\":{\"@id\":\"https:\/\/www.ariasassessors.com\/ca\/autonomos-cuota-seguridad-social\/#breadcrumb\"},\"inLanguage\":\"ca\",\"potentialAction\":[{\"@type\":\"ReadAction\",\"target\":[\"https:\/\/www.ariasassessors.com\/ca\/autonomos-cuota-seguridad-social\/\"]}]},{\"@type\":\"ImageObject\",\"inLanguage\":\"ca\",\"@id\":\"https:\/\/www.ariasassessors.com\/ca\/autonomos-cuota-seguridad-social\/#primaryimage\",\"url\":\"https:\/\/www.ariasassessors.com\/wp-content\/uploads\/2020\/04\/nl_arias_abr_09.gif\",\"contentUrl\":\"https:\/\/www.ariasassessors.com\/wp-content\/uploads\/2020\/04\/nl_arias_abr_09.gif\",\"width\":600,\"height\":357,\"caption\":\"Aut\u00f3nomos\"},{\"@type\":\"BreadcrumbList\",\"@id\":\"https:\/\/www.ariasassessors.com\/ca\/autonomos-cuota-seguridad-social\/#breadcrumb\",\"itemListElement\":[{\"@type\":\"ListItem\",\"position\":1,\"name\":\"Portada\",\"item\":\"https:\/\/www.ariasassessors.com\/ca\/\"},{\"@type\":\"ListItem\",\"position\":2,\"name\":\"COVID-19: PAGO DE CUOTAS DE SEGURIDAD SOCIAL AUT\u00d3NOMOS\"}]},{\"@type\":\"WebSite\",\"@id\":\"https:\/\/www.ariasassessors.com\/#website\",\"url\":\"https:\/\/www.ariasassessors.com\/\",\"name\":\"Arias Assessors\",\"description\":\"Asesor\u00eda para aut\u00f3nomos, profesionales y PYMES\",\"publisher\":{\"@id\":\"https:\/\/www.ariasassessors.com\/#organization\"},\"potentialAction\":[{\"@type\":\"SearchAction\",\"target\":{\"@type\":\"EntryPoint\",\"urlTemplate\":\"https:\/\/www.ariasassessors.com\/?s={search_term_string}\"},\"query-input\":{\"@type\":\"PropertyValueSpecification\",\"valueRequired\":true,\"valueName\":\"search_term_string\"}}],\"inLanguage\":\"ca\"},{\"@type\":\"Organization\",\"@id\":\"https:\/\/www.ariasassessors.com\/#organization\",\"name\":\"Arias Assessors\",\"url\":\"https:\/\/www.ariasassessors.com\/\",\"logo\":{\"@type\":\"ImageObject\",\"inLanguage\":\"ca\",\"@id\":\"https:\/\/www.ariasassessors.com\/#\/schema\/logo\/image\/\",\"url\":\"https:\/\/www.ariasassessors.com\/wp-content\/uploads\/2019\/01\/arias-logo.png\",\"contentUrl\":\"https:\/\/www.ariasassessors.com\/wp-content\/uploads\/2019\/01\/arias-logo.png\",\"width\":349,\"height\":254,\"caption\":\"Arias Assessors\"},\"image\":{\"@id\":\"https:\/\/www.ariasassessors.com\/#\/schema\/logo\/image\/\"},\"sameAs\":[\"https:\/\/www.facebook.com\/ariasassessors\/\",\"https:\/\/x.com\/ariasassessors\",\"https:\/\/www.linkedin.com\/company\/r&amp;amp;r-growing-knowledge\/\"]},{\"@type\":\"Person\",\"@id\":\"https:\/\/www.ariasassessors.com\/#\/schema\/person\/63c6ad1775f0a9413c37932562673cef\",\"name\":\"btorras\",\"image\":{\"@type\":\"ImageObject\",\"inLanguage\":\"ca\",\"@id\":\"https:\/\/www.ariasassessors.com\/#\/schema\/person\/image\/\",\"url\":\"https:\/\/secure.gravatar.com\/avatar\/0531db351fc361fdbfd204c58fa2d6a3?s=96&d=mm&r=g\",\"contentUrl\":\"https:\/\/secure.gravatar.com\/avatar\/0531db351fc361fdbfd204c58fa2d6a3?s=96&d=mm&r=g\",\"caption\":\"btorras\"}}]}<\/script>\n<!-- \/ Yoast SEO plugin. -->","yoast_head_json":{"title":"CUOTAS DE SEGURIDAD SOCIAL AUT\u00d3NOMOS | Arias Assessors","description":"Informaci\u00f3n que nos aporta la Tesorer\u00eda General de la Seguridad Social, \u00a0para aclarar dudas que se han generado respecto al pago de cuota de aut\u00f3nomos","robots":{"index":"index","follow":"follow","max-snippet":"max-snippet:-1","max-image-preview":"max-image-preview:large","max-video-preview":"max-video-preview:-1"},"canonical":"https:\/\/www.ariasassessors.com\/ca\/autonomos-cuota-seguridad-social\/","og_locale":"ca_ES","og_type":"article","og_title":"CUOTAS DE SEGURIDAD SOCIAL AUT\u00d3NOMOS | Arias Assessors","og_description":"Informaci\u00f3n que nos aporta la Tesorer\u00eda General de la Seguridad Social, \u00a0para aclarar dudas que se han generado respecto al pago de cuota de aut\u00f3nomos","og_url":"https:\/\/www.ariasassessors.com\/ca\/autonomos-cuota-seguridad-social\/","og_site_name":"Arias Assessors","article_publisher":"https:\/\/www.facebook.com\/ariasassessors\/","article_published_time":"2020-04-20T09:52:52+00:00","article_modified_time":"2020-04-22T11:34:39+00:00","og_image":[{"width":600,"height":357,"url":"https:\/\/www.ariasassessors.com\/wp-content\/uploads\/2020\/04\/nl_arias_abr_09.gif","type":"image\/gif"}],"author":"btorras","twitter_card":"summary_large_image","twitter_creator":"@ariasassessors","twitter_site":"@ariasassessors","twitter_misc":{"Escrit per":"btorras","Temps estimat de lectura":"2 minuts"},"schema":{"@context":"https:\/\/schema.org","@graph":[{"@type":"Article","@id":"https:\/\/www.ariasassessors.com\/ca\/autonomos-cuota-seguridad-social\/#article","isPartOf":{"@id":"https:\/\/www.ariasassessors.com\/ca\/autonomos-cuota-seguridad-social\/"},"author":{"name":"btorras","@id":"https:\/\/www.ariasassessors.com\/#\/schema\/person\/63c6ad1775f0a9413c37932562673cef"},"headline":"COVID-19: PAGO DE CUOTAS DE SEGURIDAD SOCIAL AUT\u00d3NOMOS","datePublished":"2020-04-20T09:52:52+00:00","dateModified":"2020-04-22T11:34:39+00:00","mainEntityOfPage":{"@id":"https:\/\/www.ariasassessors.com\/ca\/autonomos-cuota-seguridad-social\/"},"wordCount":442,"commentCount":0,"publisher":{"@id":"https:\/\/www.ariasassessors.com\/#organization"},"image":{"@id":"https:\/\/www.ariasassessors.com\/ca\/autonomos-cuota-seguridad-social\/#primaryimage"},"thumbnailUrl":"https:\/\/www.ariasassessors.com\/wp-content\/uploads\/2020\/04\/nl_arias_abr_09.gif","keywords":["aut\u00f2noms","COVID"],"articleSection":["noticies"],"inLanguage":"ca","potentialAction":[{"@type":"CommentAction","name":"Comment","target":["https:\/\/www.ariasassessors.com\/ca\/autonomos-cuota-seguridad-social\/#respond"]}]},{"@type":"WebPage","@id":"https:\/\/www.ariasassessors.com\/ca\/autonomos-cuota-seguridad-social\/","url":"https:\/\/www.ariasassessors.com\/ca\/autonomos-cuota-seguridad-social\/","name":"CUOTAS DE SEGURIDAD SOCIAL AUT\u00d3NOMOS | Arias Assessors","isPartOf":{"@id":"https:\/\/www.ariasassessors.com\/#website"},"primaryImageOfPage":{"@id":"https:\/\/www.ariasassessors.com\/ca\/autonomos-cuota-seguridad-social\/#primaryimage"},"image":{"@id":"https:\/\/www.ariasassessors.com\/ca\/autonomos-cuota-seguridad-social\/#primaryimage"},"thumbnailUrl":"https:\/\/www.ariasassessors.com\/wp-content\/uploads\/2020\/04\/nl_arias_abr_09.gif","datePublished":"2020-04-20T09:52:52+00:00","dateModified":"2020-04-22T11:34:39+00:00","description":"Informaci\u00f3n que nos aporta la Tesorer\u00eda General de la Seguridad Social, \u00a0para aclarar dudas que se han generado respecto al pago de cuota de aut\u00f3nomos","breadcrumb":{"@id":"https:\/\/www.ariasassessors.com\/ca\/autonomos-cuota-seguridad-social\/#breadcrumb"},"inLanguage":"ca","potentialAction":[{"@type":"ReadAction","target":["https:\/\/www.ariasassessors.com\/ca\/autonomos-cuota-seguridad-social\/"]}]},{"@type":"ImageObject","inLanguage":"ca","@id":"https:\/\/www.ariasassessors.com\/ca\/autonomos-cuota-seguridad-social\/#primaryimage","url":"https:\/\/www.ariasassessors.com\/wp-content\/uploads\/2020\/04\/nl_arias_abr_09.gif","contentUrl":"https:\/\/www.ariasassessors.com\/wp-content\/uploads\/2020\/04\/nl_arias_abr_09.gif","width":600,"height":357,"caption":"Aut\u00f3nomos"},{"@type":"BreadcrumbList","@id":"https:\/\/www.ariasassessors.com\/ca\/autonomos-cuota-seguridad-social\/#breadcrumb","itemListElement":[{"@type":"ListItem","position":1,"name":"Portada","item":"https:\/\/www.ariasassessors.com\/ca\/"},{"@type":"ListItem","position":2,"name":"COVID-19: PAGO DE CUOTAS DE SEGURIDAD SOCIAL AUT\u00d3NOMOS"}]},{"@type":"WebSite","@id":"https:\/\/www.ariasassessors.com\/#website","url":"https:\/\/www.ariasassessors.com\/","name":"Arias Assessors","description":"Asesor\u00eda para aut\u00f3nomos, profesionales y PYMES","publisher":{"@id":"https:\/\/www.ariasassessors.com\/#organization"},"potentialAction":[{"@type":"SearchAction","target":{"@type":"EntryPoint","urlTemplate":"https:\/\/www.ariasassessors.com\/?s={search_term_string}"},"query-input":{"@type":"PropertyValueSpecification","valueRequired":true,"valueName":"search_term_string"}}],"inLanguage":"ca"},{"@type":"Organization","@id":"https:\/\/www.ariasassessors.com\/#organization","name":"Arias Assessors","url":"https:\/\/www.ariasassessors.com\/","logo":{"@type":"ImageObject","inLanguage":"ca","@id":"https:\/\/www.ariasassessors.com\/#\/schema\/logo\/image\/","url":"https:\/\/www.ariasassessors.com\/wp-content\/uploads\/2019\/01\/arias-logo.png","contentUrl":"https:\/\/www.ariasassessors.com\/wp-content\/uploads\/2019\/01\/arias-logo.png","width":349,"height":254,"caption":"Arias Assessors"},"image":{"@id":"https:\/\/www.ariasassessors.com\/#\/schema\/logo\/image\/"},"sameAs":["https:\/\/www.facebook.com\/ariasassessors\/","https:\/\/x.com\/ariasassessors","https:\/\/www.linkedin.com\/company\/r&amp;amp;r-growing-knowledge\/"]},{"@type":"Person","@id":"https:\/\/www.ariasassessors.com\/#\/schema\/person\/63c6ad1775f0a9413c37932562673cef","name":"btorras","image":{"@type":"ImageObject","inLanguage":"ca","@id":"https:\/\/www.ariasassessors.com\/#\/schema\/person\/image\/","url":"https:\/\/secure.gravatar.com\/avatar\/0531db351fc361fdbfd204c58fa2d6a3?s=96&d=mm&r=g","contentUrl":"https:\/\/secure.gravatar.com\/avatar\/0531db351fc361fdbfd204c58fa2d6a3?s=96&d=mm&r=g","caption":"btorras"}}]}},"_links":{"self":[{"href":"https:\/\/www.ariasassessors.com\/ca\/wp-json\/wp\/v2\/posts\/1066","targetHints":{"allow":["GET"]}}],"collection":[{"href":"https:\/\/www.ariasassessors.com\/ca\/wp-json\/wp\/v2\/posts"}],"about":[{"href":"https:\/\/www.ariasassessors.com\/ca\/wp-json\/wp\/v2\/types\/post"}],"author":[{"embeddable":true,"href":"https:\/\/www.ariasassessors.com\/ca\/wp-json\/wp\/v2\/users\/2"}],"replies":[{"embeddable":true,"href":"https:\/\/www.ariasassessors.com\/ca\/wp-json\/wp\/v2\/comments?post=1066"}],"version-history":[{"count":1,"href":"https:\/\/www.ariasassessors.com\/ca\/wp-json\/wp\/v2\/posts\/1066\/revisions"}],"predecessor-version":[{"id":1067,"href":"https:\/\/www.ariasassessors.com\/ca\/wp-json\/wp\/v2\/posts\/1066\/revisions\/1067"}],"wp:featuredmedia":[{"embeddable":true,"href":"https:\/\/www.ariasassessors.com\/ca\/wp-json\/wp\/v2\/media\/1065"}],"wp:attachment":[{"href":"https:\/\/www.ariasassessors.com\/ca\/wp-json\/wp\/v2\/media?parent=1066"}],"wp:term":[{"taxonomy":"category","embeddable":true,"href":"https:\/\/www.ariasassessors.com\/ca\/wp-json\/wp\/v2\/categories?post=1066"},{"taxonomy":"post_tag","embeddable":true,"href":"https:\/\/www.ariasassessors.com\/ca\/wp-json\/wp\/v2\/tags?post=1066"}],"curies":[{"name":"wp","href":"https:\/\/api.w.org\/{rel}","templated":true}]}}