{"id":1076,"date":"2020-04-22T13:23:13","date_gmt":"2020-04-22T11:23:13","guid":{"rendered":"https:\/\/www.ariasassessors.com\/?p=1076"},"modified":"2020-04-22T13:23:13","modified_gmt":"2020-04-22T11:23:13","slug":"medidas-fiscales-adoptadas-segun-rdl-15-2020-de-21-de-abril-en-especial-para-autonomos-en-regimen-de-modulos-y-para-impuesto-de-sociedades","status":"publish","type":"post","link":"https:\/\/www.ariasassessors.com\/ca\/medidas-fiscales-adoptadas-segun-rdl-15-2020-de-21-de-abril-en-especial-para-autonomos-en-regimen-de-modulos-y-para-impuesto-de-sociedades\/","title":{"rendered":"MEDIDAS FISCALES ADOPTADAS SEG\u00daN RDL 15\/2020, DE 21 DE ABRIL, EN ESPECIAL PARA AUT\u00d3NOMOS EN R\u00c9GIMEN DE M\u00d3DULOS Y PARA IMPUESTO DE SOCIEDADES"},"content":{"rendered":"<p>Medidas fiscales adoptadas para los aut\u00f3nomos que tributan en r\u00e9gimen de M\u00f3dulos:<\/p>\n<ol>\n<li>Los contribuyentes del IRPF que determinen su rendimiento en<strong> EO<\/strong> (Estimaci\u00f3n Objetiva &#8211; m\u00f3dulos) <strong>pueden renunciar a su aplicaci\u00f3n en el plazo para la presentaci\u00f3n del pago fraccionado correspondiente al primer trimestre del ejercicio 2020,<\/strong> renunciando a la aplicaci\u00f3n del mismo mediante la presentaci\u00f3n del modelo 130 aplicando el m\u00e9todo de estimaci\u00f3n directa. De forma excepcional, esta renuncia no les vincular\u00e1 para los pr\u00f3ximos 3 a\u00f1os sino que podr\u00e1n volver a determinar el rendimiento neto de su actividad econ\u00f3mica con arreglo al m\u00e9todo de estimaci\u00f3n objetiva en el ejercicio 2021, siempre que cumplan los requisitos para su aplicaci\u00f3n y revoquen la renuncia al m\u00e9todo de estimaci\u00f3n objetiva durante el mes de diciembre de 2020 o mediante la presentaci\u00f3n en plazo de la declaraci\u00f3n correspondiente al pago fraccionado del primer trimestre del ejercicio 2021 en la forma dispuesta para el m\u00e9todo de estimaci\u00f3n objetiva.<\/li>\n<\/ol>\n<p>Como aclaraci\u00f3n y respuesta a la pregunta formulada por algunos de nuestros clientes, esta renuncia a m\u00f3dulos en el 1T de 2020 incluye tambi\u00e9n las del 2\u00ba, 3\u00ba y 4\u00ba trimestre, puesto que debe tributarse todo el ejercicio en el mismo r\u00e9gimen. El cambio o vuelta nuevamente a m\u00f3dulos ya ser\u00eda, seg\u00fan indica el punto anterior, para 2021.<\/p>\n<ol start=\"2\">\n<li>Los contribuyentes del IRPF que determinen su rendimiento en EO y no renuncien a su aplicaci\u00f3n, para el c\u00e1lculo de la cantidad a ingresar del pago fraccionado <strong>no computar\u00e1n, en cada trimestre natural, como d\u00edas de ejercicio de la actividad, los d\u00edas naturales en los que hubiera estado declarado el estado de alarma en dicho trimestre<\/strong>.<\/li>\n<li>Paralelamente, los sujetos pasivos del Impuesto sobre el Valor A\u00f1adido que apliquen el r\u00e9gimen especial simplificado para el c\u00e1lculo del ingreso a cuenta en el a\u00f1o 2020 <strong>no computar\u00e1n, en cada trimestre natural, como d\u00edas de ejercicio de la actividad, los d\u00edas naturales en los que hubiera estado declarado el estado de alarma en dicho trimestre<\/strong><\/li>\n<\/ol>\n<p>Medidas fiscales adoptadas en torno al pago fraccionado del trimestre del impuesto de Sociedades:<\/p>\n<p>Se prev\u00e9 la opci\u00f3n extraordinaria por la modalidad de pagos fraccionados prevista en el art\u00edculo 40.3 de la Ley 27\/2014, de 27 de noviembre, del Impuesto sobre Sociedades, distinguiendo entre:<\/p>\n<p>\u2192 Los contribuyentes del Impuesto sobre Sociedades a los que result\u00f3 de aplicaci\u00f3n la extensi\u00f3n del plazo hasta el 20 de mayo, que podr\u00e1n realizar esta opci\u00f3n mediante la presentaci\u00f3n en el plazo ampliado del primer pago fraccionado a cuenta de la liquidaci\u00f3n determinado por aplicaci\u00f3n de la modalidad de pago fraccionado del art\u00edculo 40.3.<\/p>\n<p>\u2192 Los contribuyentes del Impuesto sobre Sociedades que no hayan tenido derecho a la extensi\u00f3n del plazo, pero cuyo importe neto de la cifra de negocios no haya superado la cantidad de 6.000.000 de euros podr\u00e1n ejercitar la opci\u00f3n, mediante la presentaci\u00f3n en plazo del segundo pago fraccionado a cuenta de la liquidaci\u00f3n correspondiente a dicho per\u00edodo impositivo que deba efectuarse en los primeros 20 d\u00edas naturales del mes de octubre de 2020 determinado por aplicaci\u00f3n de la modalidad de pago fraccionado regulado en dicho apartado.<\/p>\n<p>En este supuesto, el pago fraccionado efectuado en los 20 d\u00edas naturales del mes de abril de 2020 ser\u00e1 deducible de la cuota del resto de pagos fraccionados que se efect\u00faen a cuenta del mismo per\u00edodo impositivo determinados con arreglo a la opci\u00f3n prevista en el p\u00e1rrafo anterior.<\/p>\n<p>En todo caso, ninguna de estas opciones resultar\u00e1 de aplicaci\u00f3n a los grupos fiscales que apliquen el r\u00e9gimen especial de consolidaci\u00f3n fiscal regulado en el cap\u00edtulo VI del t\u00edtulo VII de la Ley 27\/2014, de 27 de noviembre, del Impuesto sobre Sociedades. El ejercicio de cualquiera de estas opciones vincular\u00e1 exclusivamente, respecto de los pagos correspondientes al mismo periodo impositivo.<\/p>\n<p>Otras medidas fiscales adoptadas:<\/p>\n<ol>\n<li>a) Se aplicar\u00e1 el tipo del 0 por ciento del Impuesto sobre el Valor A\u00f1adido a las entregas de bienes, importaciones y adquisiciones intracomunitarias de determinados bienes (los referidos en el Anexo del real decreto-ley) <strong>cuyos destinatarios sean entidades de Derecho P\u00fablico, cl\u00ednicas o centros hospitalarios, o entidades privadas de car\u00e1cter social<\/strong>. Estas operaciones se documentar\u00e1n en factura como operaciones exentas, pero, seg\u00fan se expone en el pre\u00e1mbulo no determinar\u00e1 la limitaci\u00f3n del derecho a la deducci\u00f3n del IVA soportado<\/li>\n<li>b) Se reduce al 4 por ciento el tipo impositivo aplicable a los <strong>libros, peri\u00f3dicos y revistas digitales<\/strong>, a la vez que se elimina la discriminaci\u00f3n existente en materia de tipos impositivos entre el libro f\u00edsico y el libro electr\u00f3nico., se justifica esta reducci\u00f3n del tipo impositivo por el incremento de la demanda de estos productos durante el per\u00edodo de confinamiento.<\/li>\n<li>c) La presentaci\u00f3n de declaraciones-liquidaciones y autoliquidaciones presentadas por un contribuyente en el plazo voluntario <strong>sin efectuar el ingreso correspondiente a las deudas tributarias resultantes de las mismas<\/strong>, impedir\u00e1 el inicio del periodo ejecutivo siempre que se cumplan los siguientes requisitos:<\/li>\n<\/ol>\n<p>\u2192 Que se haya solicitado dentro del plazo voluntario del tributo la financiaci\u00f3n a que se refiere el art\u00edculo 29 del Real Decreto-ley 8\/2020, para el pago de las deudas tributarias resultantes de dichas declaraciones liquidaciones y autoliquidaciones y por, al menos, el importe de dichas deudas.<\/p>\n<p>\u2192 Que se aporte a la Administraci\u00f3n Tributaria hasta el plazo m\u00e1ximo de cinco d\u00edas desde el fin del plazo de presentaci\u00f3n de la declaraci\u00f3n-liquidaci\u00f3n o autoliquidaci\u00f3n, un certificado expedido por la entidad financiera acreditativo de haberse efectuado la solicitud de financiaci\u00f3n incluyendo el importe y las deudas tributarias objeto de la misma.<\/p>\n<p>\u2192 Que dicha solicitud de financiaci\u00f3n sea concedida en, al menos, el importe de las deudas mencionadas.<\/p>\n<p>\u2192 Que las deudas se satisfagan efectiva, completa e inmediatamente en el momento de la concesi\u00f3n de la financiaci\u00f3n. En caso de incumplimiento de cualquiera de los requisitos enumerados, no se habr\u00e1 entendido impedido el inicio del periodo ejecutivo al finalizar el plazo voluntario<\/p>\n<p>&nbsp;<\/p>\n<p>Si tienes cualquier duda, puedes <a href=\"https:\/\/www.ariasassessors.com\/contacto\/\">contactar con nosotros.<\/a><\/p>\n","protected":false},"excerpt":{"rendered":"<p>Medidas fiscales adoptadas para los aut\u00f3nomos que tributan en r\u00e9gimen de M\u00f3dulos: Los contribuyentes del IRPF que determinen su rendimiento en EO (Estimaci\u00f3n Objetiva &#8211; m\u00f3dulos) pueden renunciar a su aplicaci\u00f3n en el plazo para la presentaci\u00f3n del pago fraccionado correspondiente al primer trimestre del&#8230;<\/p>\n","protected":false},"author":2,"featured_media":1082,"comment_status":"open","ping_status":"open","sticky":false,"template":"","format":"standard","meta":{"footnotes":""},"categories":[4],"tags":[225,453],"class_list":["post-1076","post","type-post","status-publish","format-standard","has-post-thumbnail","hentry","category-noticies","tag-autonomos-ca","tag-coronavirus-ca"],"yoast_head":"<!-- This site is optimized with the Yoast SEO plugin v24.3 - https:\/\/yoast.com\/wordpress\/plugins\/seo\/ -->\n<title>MEDIDAS FISCALES ADOPTADAS SEG\u00daN RDL 15\/2020, DE 21 DE ABRIL, EN ESPECIAL PARA AUT\u00d3NOMOS EN R\u00c9GIMEN DE M\u00d3DULOS Y PARA IMPUESTO DE SOCIEDADES | Arias Assessors<\/title>\n<meta name=\"robots\" content=\"index, follow, max-snippet:-1, max-image-preview:large, max-video-preview:-1\" \/>\n<link rel=\"canonical\" href=\"https:\/\/www.ariasassessors.com\/ca\/medidas-fiscales-adoptadas-segun-rdl-15-2020-de-21-de-abril-en-especial-para-autonomos-en-regimen-de-modulos-y-para-impuesto-de-sociedades\/\" \/>\n<meta property=\"og:locale\" content=\"ca_ES\" \/>\n<meta property=\"og:type\" content=\"article\" \/>\n<meta property=\"og:title\" content=\"MEDIDAS FISCALES ADOPTADAS SEG\u00daN RDL 15\/2020, DE 21 DE ABRIL, EN ESPECIAL PARA AUT\u00d3NOMOS EN R\u00c9GIMEN DE M\u00d3DULOS Y PARA IMPUESTO DE SOCIEDADES | Arias Assessors\" \/>\n<meta property=\"og:description\" content=\"Medidas fiscales adoptadas para los aut\u00f3nomos que tributan en r\u00e9gimen de M\u00f3dulos: Los contribuyentes del IRPF que determinen su rendimiento en EO (Estimaci\u00f3n Objetiva &#8211; m\u00f3dulos) pueden renunciar a su aplicaci\u00f3n en el plazo para la presentaci\u00f3n del pago fraccionado correspondiente al primer trimestre del...\" \/>\n<meta property=\"og:url\" content=\"https:\/\/www.ariasassessors.com\/ca\/medidas-fiscales-adoptadas-segun-rdl-15-2020-de-21-de-abril-en-especial-para-autonomos-en-regimen-de-modulos-y-para-impuesto-de-sociedades\/\" \/>\n<meta property=\"og:site_name\" content=\"Arias Assessors\" \/>\n<meta property=\"article:publisher\" content=\"https:\/\/www.facebook.com\/ariasassessors\/\" \/>\n<meta property=\"article:published_time\" content=\"2020-04-22T11:23:13+00:00\" \/>\n<meta property=\"og:image\" content=\"https:\/\/www.ariasassessors.com\/wp-content\/uploads\/2020\/04\/foto-22-abr_09.gif\" \/>\n\t<meta property=\"og:image:width\" content=\"600\" \/>\n\t<meta property=\"og:image:height\" content=\"357\" \/>\n\t<meta property=\"og:image:type\" content=\"image\/gif\" \/>\n<meta name=\"author\" content=\"btorras\" \/>\n<meta name=\"twitter:card\" content=\"summary_large_image\" \/>\n<meta name=\"twitter:creator\" content=\"@ariasassessors\" \/>\n<meta name=\"twitter:site\" content=\"@ariasassessors\" \/>\n<meta name=\"twitter:label1\" content=\"Escrit per\" \/>\n\t<meta name=\"twitter:data1\" content=\"btorras\" \/>\n\t<meta name=\"twitter:label2\" content=\"Temps estimat de lectura\" \/>\n\t<meta name=\"twitter:data2\" content=\"5 minuts\" \/>\n<script type=\"application\/ld+json\" class=\"yoast-schema-graph\">{\"@context\":\"https:\/\/schema.org\",\"@graph\":[{\"@type\":\"Article\",\"@id\":\"https:\/\/www.ariasassessors.com\/ca\/medidas-fiscales-adoptadas-segun-rdl-15-2020-de-21-de-abril-en-especial-para-autonomos-en-regimen-de-modulos-y-para-impuesto-de-sociedades\/#article\",\"isPartOf\":{\"@id\":\"https:\/\/www.ariasassessors.com\/ca\/medidas-fiscales-adoptadas-segun-rdl-15-2020-de-21-de-abril-en-especial-para-autonomos-en-regimen-de-modulos-y-para-impuesto-de-sociedades\/\"},\"author\":{\"name\":\"btorras\",\"@id\":\"https:\/\/www.ariasassessors.com\/#\/schema\/person\/63c6ad1775f0a9413c37932562673cef\"},\"headline\":\"MEDIDAS FISCALES ADOPTADAS SEG\u00daN RDL 15\/2020, DE 21 DE ABRIL, EN ESPECIAL PARA AUT\u00d3NOMOS EN R\u00c9GIMEN DE M\u00d3DULOS Y PARA IMPUESTO DE SOCIEDADES\",\"datePublished\":\"2020-04-22T11:23:13+00:00\",\"dateModified\":\"2020-04-22T11:23:13+00:00\",\"mainEntityOfPage\":{\"@id\":\"https:\/\/www.ariasassessors.com\/ca\/medidas-fiscales-adoptadas-segun-rdl-15-2020-de-21-de-abril-en-especial-para-autonomos-en-regimen-de-modulos-y-para-impuesto-de-sociedades\/\"},\"wordCount\":1065,\"commentCount\":0,\"publisher\":{\"@id\":\"https:\/\/www.ariasassessors.com\/#organization\"},\"image\":{\"@id\":\"https:\/\/www.ariasassessors.com\/ca\/medidas-fiscales-adoptadas-segun-rdl-15-2020-de-21-de-abril-en-especial-para-autonomos-en-regimen-de-modulos-y-para-impuesto-de-sociedades\/#primaryimage\"},\"thumbnailUrl\":\"https:\/\/www.ariasassessors.com\/wp-content\/uploads\/2020\/04\/foto-22-abr_09.gif\",\"keywords\":[\"aut\u00f2noms\",\"COVID\"],\"articleSection\":[\"noticies\"],\"inLanguage\":\"ca\",\"potentialAction\":[{\"@type\":\"CommentAction\",\"name\":\"Comment\",\"target\":[\"https:\/\/www.ariasassessors.com\/ca\/medidas-fiscales-adoptadas-segun-rdl-15-2020-de-21-de-abril-en-especial-para-autonomos-en-regimen-de-modulos-y-para-impuesto-de-sociedades\/#respond\"]}]},{\"@type\":\"WebPage\",\"@id\":\"https:\/\/www.ariasassessors.com\/ca\/medidas-fiscales-adoptadas-segun-rdl-15-2020-de-21-de-abril-en-especial-para-autonomos-en-regimen-de-modulos-y-para-impuesto-de-sociedades\/\",\"url\":\"https:\/\/www.ariasassessors.com\/ca\/medidas-fiscales-adoptadas-segun-rdl-15-2020-de-21-de-abril-en-especial-para-autonomos-en-regimen-de-modulos-y-para-impuesto-de-sociedades\/\",\"name\":\"MEDIDAS FISCALES ADOPTADAS SEG\u00daN RDL 15\/2020, DE 21 DE ABRIL, EN ESPECIAL PARA AUT\u00d3NOMOS EN R\u00c9GIMEN DE M\u00d3DULOS Y PARA IMPUESTO DE SOCIEDADES | Arias Assessors\",\"isPartOf\":{\"@id\":\"https:\/\/www.ariasassessors.com\/#website\"},\"primaryImageOfPage\":{\"@id\":\"https:\/\/www.ariasassessors.com\/ca\/medidas-fiscales-adoptadas-segun-rdl-15-2020-de-21-de-abril-en-especial-para-autonomos-en-regimen-de-modulos-y-para-impuesto-de-sociedades\/#primaryimage\"},\"image\":{\"@id\":\"https:\/\/www.ariasassessors.com\/ca\/medidas-fiscales-adoptadas-segun-rdl-15-2020-de-21-de-abril-en-especial-para-autonomos-en-regimen-de-modulos-y-para-impuesto-de-sociedades\/#primaryimage\"},\"thumbnailUrl\":\"https:\/\/www.ariasassessors.com\/wp-content\/uploads\/2020\/04\/foto-22-abr_09.gif\",\"datePublished\":\"2020-04-22T11:23:13+00:00\",\"dateModified\":\"2020-04-22T11:23:13+00:00\",\"breadcrumb\":{\"@id\":\"https:\/\/www.ariasassessors.com\/ca\/medidas-fiscales-adoptadas-segun-rdl-15-2020-de-21-de-abril-en-especial-para-autonomos-en-regimen-de-modulos-y-para-impuesto-de-sociedades\/#breadcrumb\"},\"inLanguage\":\"ca\",\"potentialAction\":[{\"@type\":\"ReadAction\",\"target\":[\"https:\/\/www.ariasassessors.com\/ca\/medidas-fiscales-adoptadas-segun-rdl-15-2020-de-21-de-abril-en-especial-para-autonomos-en-regimen-de-modulos-y-para-impuesto-de-sociedades\/\"]}]},{\"@type\":\"ImageObject\",\"inLanguage\":\"ca\",\"@id\":\"https:\/\/www.ariasassessors.com\/ca\/medidas-fiscales-adoptadas-segun-rdl-15-2020-de-21-de-abril-en-especial-para-autonomos-en-regimen-de-modulos-y-para-impuesto-de-sociedades\/#primaryimage\",\"url\":\"https:\/\/www.ariasassessors.com\/wp-content\/uploads\/2020\/04\/foto-22-abr_09.gif\",\"contentUrl\":\"https:\/\/www.ariasassessors.com\/wp-content\/uploads\/2020\/04\/foto-22-abr_09.gif\",\"width\":600,\"height\":357,\"caption\":\"RDL 15\/2020\"},{\"@type\":\"BreadcrumbList\",\"@id\":\"https:\/\/www.ariasassessors.com\/ca\/medidas-fiscales-adoptadas-segun-rdl-15-2020-de-21-de-abril-en-especial-para-autonomos-en-regimen-de-modulos-y-para-impuesto-de-sociedades\/#breadcrumb\",\"itemListElement\":[{\"@type\":\"ListItem\",\"position\":1,\"name\":\"Portada\",\"item\":\"https:\/\/www.ariasassessors.com\/ca\/\"},{\"@type\":\"ListItem\",\"position\":2,\"name\":\"MEDIDAS FISCALES ADOPTADAS SEG\u00daN RDL 15\/2020, DE 21 DE ABRIL, EN ESPECIAL PARA AUT\u00d3NOMOS EN R\u00c9GIMEN DE M\u00d3DULOS Y PARA IMPUESTO DE SOCIEDADES\"}]},{\"@type\":\"WebSite\",\"@id\":\"https:\/\/www.ariasassessors.com\/#website\",\"url\":\"https:\/\/www.ariasassessors.com\/\",\"name\":\"Arias Assessors\",\"description\":\"Asesor\u00eda para aut\u00f3nomos, profesionales y PYMES\",\"publisher\":{\"@id\":\"https:\/\/www.ariasassessors.com\/#organization\"},\"potentialAction\":[{\"@type\":\"SearchAction\",\"target\":{\"@type\":\"EntryPoint\",\"urlTemplate\":\"https:\/\/www.ariasassessors.com\/?s={search_term_string}\"},\"query-input\":{\"@type\":\"PropertyValueSpecification\",\"valueRequired\":true,\"valueName\":\"search_term_string\"}}],\"inLanguage\":\"ca\"},{\"@type\":\"Organization\",\"@id\":\"https:\/\/www.ariasassessors.com\/#organization\",\"name\":\"Arias Assessors\",\"url\":\"https:\/\/www.ariasassessors.com\/\",\"logo\":{\"@type\":\"ImageObject\",\"inLanguage\":\"ca\",\"@id\":\"https:\/\/www.ariasassessors.com\/#\/schema\/logo\/image\/\",\"url\":\"https:\/\/www.ariasassessors.com\/wp-content\/uploads\/2019\/01\/arias-logo.png\",\"contentUrl\":\"https:\/\/www.ariasassessors.com\/wp-content\/uploads\/2019\/01\/arias-logo.png\",\"width\":349,\"height\":254,\"caption\":\"Arias Assessors\"},\"image\":{\"@id\":\"https:\/\/www.ariasassessors.com\/#\/schema\/logo\/image\/\"},\"sameAs\":[\"https:\/\/www.facebook.com\/ariasassessors\/\",\"https:\/\/x.com\/ariasassessors\",\"https:\/\/www.linkedin.com\/company\/r&amp;amp;r-growing-knowledge\/\"]},{\"@type\":\"Person\",\"@id\":\"https:\/\/www.ariasassessors.com\/#\/schema\/person\/63c6ad1775f0a9413c37932562673cef\",\"name\":\"btorras\",\"image\":{\"@type\":\"ImageObject\",\"inLanguage\":\"ca\",\"@id\":\"https:\/\/www.ariasassessors.com\/#\/schema\/person\/image\/\",\"url\":\"https:\/\/secure.gravatar.com\/avatar\/0531db351fc361fdbfd204c58fa2d6a3?s=96&d=mm&r=g\",\"contentUrl\":\"https:\/\/secure.gravatar.com\/avatar\/0531db351fc361fdbfd204c58fa2d6a3?s=96&d=mm&r=g\",\"caption\":\"btorras\"}}]}<\/script>\n<!-- \/ Yoast SEO plugin. -->","yoast_head_json":{"title":"MEDIDAS FISCALES ADOPTADAS SEG\u00daN RDL 15\/2020, DE 21 DE ABRIL, EN ESPECIAL PARA AUT\u00d3NOMOS EN R\u00c9GIMEN DE M\u00d3DULOS Y PARA IMPUESTO DE SOCIEDADES | Arias Assessors","robots":{"index":"index","follow":"follow","max-snippet":"max-snippet:-1","max-image-preview":"max-image-preview:large","max-video-preview":"max-video-preview:-1"},"canonical":"https:\/\/www.ariasassessors.com\/ca\/medidas-fiscales-adoptadas-segun-rdl-15-2020-de-21-de-abril-en-especial-para-autonomos-en-regimen-de-modulos-y-para-impuesto-de-sociedades\/","og_locale":"ca_ES","og_type":"article","og_title":"MEDIDAS FISCALES ADOPTADAS SEG\u00daN RDL 15\/2020, DE 21 DE ABRIL, EN ESPECIAL PARA AUT\u00d3NOMOS EN R\u00c9GIMEN DE M\u00d3DULOS Y PARA IMPUESTO DE SOCIEDADES | Arias Assessors","og_description":"Medidas fiscales adoptadas para los aut\u00f3nomos que tributan en r\u00e9gimen de M\u00f3dulos: Los contribuyentes del IRPF que determinen su rendimiento en EO (Estimaci\u00f3n Objetiva &#8211; m\u00f3dulos) pueden renunciar a su aplicaci\u00f3n en el plazo para la presentaci\u00f3n del pago fraccionado correspondiente al primer trimestre del...","og_url":"https:\/\/www.ariasassessors.com\/ca\/medidas-fiscales-adoptadas-segun-rdl-15-2020-de-21-de-abril-en-especial-para-autonomos-en-regimen-de-modulos-y-para-impuesto-de-sociedades\/","og_site_name":"Arias Assessors","article_publisher":"https:\/\/www.facebook.com\/ariasassessors\/","article_published_time":"2020-04-22T11:23:13+00:00","og_image":[{"width":600,"height":357,"url":"https:\/\/www.ariasassessors.com\/wp-content\/uploads\/2020\/04\/foto-22-abr_09.gif","type":"image\/gif"}],"author":"btorras","twitter_card":"summary_large_image","twitter_creator":"@ariasassessors","twitter_site":"@ariasassessors","twitter_misc":{"Escrit per":"btorras","Temps estimat de lectura":"5 minuts"},"schema":{"@context":"https:\/\/schema.org","@graph":[{"@type":"Article","@id":"https:\/\/www.ariasassessors.com\/ca\/medidas-fiscales-adoptadas-segun-rdl-15-2020-de-21-de-abril-en-especial-para-autonomos-en-regimen-de-modulos-y-para-impuesto-de-sociedades\/#article","isPartOf":{"@id":"https:\/\/www.ariasassessors.com\/ca\/medidas-fiscales-adoptadas-segun-rdl-15-2020-de-21-de-abril-en-especial-para-autonomos-en-regimen-de-modulos-y-para-impuesto-de-sociedades\/"},"author":{"name":"btorras","@id":"https:\/\/www.ariasassessors.com\/#\/schema\/person\/63c6ad1775f0a9413c37932562673cef"},"headline":"MEDIDAS FISCALES ADOPTADAS SEG\u00daN RDL 15\/2020, DE 21 DE ABRIL, EN ESPECIAL PARA AUT\u00d3NOMOS EN R\u00c9GIMEN DE M\u00d3DULOS Y PARA IMPUESTO DE SOCIEDADES","datePublished":"2020-04-22T11:23:13+00:00","dateModified":"2020-04-22T11:23:13+00:00","mainEntityOfPage":{"@id":"https:\/\/www.ariasassessors.com\/ca\/medidas-fiscales-adoptadas-segun-rdl-15-2020-de-21-de-abril-en-especial-para-autonomos-en-regimen-de-modulos-y-para-impuesto-de-sociedades\/"},"wordCount":1065,"commentCount":0,"publisher":{"@id":"https:\/\/www.ariasassessors.com\/#organization"},"image":{"@id":"https:\/\/www.ariasassessors.com\/ca\/medidas-fiscales-adoptadas-segun-rdl-15-2020-de-21-de-abril-en-especial-para-autonomos-en-regimen-de-modulos-y-para-impuesto-de-sociedades\/#primaryimage"},"thumbnailUrl":"https:\/\/www.ariasassessors.com\/wp-content\/uploads\/2020\/04\/foto-22-abr_09.gif","keywords":["aut\u00f2noms","COVID"],"articleSection":["noticies"],"inLanguage":"ca","potentialAction":[{"@type":"CommentAction","name":"Comment","target":["https:\/\/www.ariasassessors.com\/ca\/medidas-fiscales-adoptadas-segun-rdl-15-2020-de-21-de-abril-en-especial-para-autonomos-en-regimen-de-modulos-y-para-impuesto-de-sociedades\/#respond"]}]},{"@type":"WebPage","@id":"https:\/\/www.ariasassessors.com\/ca\/medidas-fiscales-adoptadas-segun-rdl-15-2020-de-21-de-abril-en-especial-para-autonomos-en-regimen-de-modulos-y-para-impuesto-de-sociedades\/","url":"https:\/\/www.ariasassessors.com\/ca\/medidas-fiscales-adoptadas-segun-rdl-15-2020-de-21-de-abril-en-especial-para-autonomos-en-regimen-de-modulos-y-para-impuesto-de-sociedades\/","name":"MEDIDAS FISCALES ADOPTADAS SEG\u00daN RDL 15\/2020, DE 21 DE ABRIL, EN ESPECIAL PARA AUT\u00d3NOMOS EN R\u00c9GIMEN DE M\u00d3DULOS Y PARA IMPUESTO DE SOCIEDADES | Arias Assessors","isPartOf":{"@id":"https:\/\/www.ariasassessors.com\/#website"},"primaryImageOfPage":{"@id":"https:\/\/www.ariasassessors.com\/ca\/medidas-fiscales-adoptadas-segun-rdl-15-2020-de-21-de-abril-en-especial-para-autonomos-en-regimen-de-modulos-y-para-impuesto-de-sociedades\/#primaryimage"},"image":{"@id":"https:\/\/www.ariasassessors.com\/ca\/medidas-fiscales-adoptadas-segun-rdl-15-2020-de-21-de-abril-en-especial-para-autonomos-en-regimen-de-modulos-y-para-impuesto-de-sociedades\/#primaryimage"},"thumbnailUrl":"https:\/\/www.ariasassessors.com\/wp-content\/uploads\/2020\/04\/foto-22-abr_09.gif","datePublished":"2020-04-22T11:23:13+00:00","dateModified":"2020-04-22T11:23:13+00:00","breadcrumb":{"@id":"https:\/\/www.ariasassessors.com\/ca\/medidas-fiscales-adoptadas-segun-rdl-15-2020-de-21-de-abril-en-especial-para-autonomos-en-regimen-de-modulos-y-para-impuesto-de-sociedades\/#breadcrumb"},"inLanguage":"ca","potentialAction":[{"@type":"ReadAction","target":["https:\/\/www.ariasassessors.com\/ca\/medidas-fiscales-adoptadas-segun-rdl-15-2020-de-21-de-abril-en-especial-para-autonomos-en-regimen-de-modulos-y-para-impuesto-de-sociedades\/"]}]},{"@type":"ImageObject","inLanguage":"ca","@id":"https:\/\/www.ariasassessors.com\/ca\/medidas-fiscales-adoptadas-segun-rdl-15-2020-de-21-de-abril-en-especial-para-autonomos-en-regimen-de-modulos-y-para-impuesto-de-sociedades\/#primaryimage","url":"https:\/\/www.ariasassessors.com\/wp-content\/uploads\/2020\/04\/foto-22-abr_09.gif","contentUrl":"https:\/\/www.ariasassessors.com\/wp-content\/uploads\/2020\/04\/foto-22-abr_09.gif","width":600,"height":357,"caption":"RDL 15\/2020"},{"@type":"BreadcrumbList","@id":"https:\/\/www.ariasassessors.com\/ca\/medidas-fiscales-adoptadas-segun-rdl-15-2020-de-21-de-abril-en-especial-para-autonomos-en-regimen-de-modulos-y-para-impuesto-de-sociedades\/#breadcrumb","itemListElement":[{"@type":"ListItem","position":1,"name":"Portada","item":"https:\/\/www.ariasassessors.com\/ca\/"},{"@type":"ListItem","position":2,"name":"MEDIDAS FISCALES ADOPTADAS SEG\u00daN RDL 15\/2020, DE 21 DE ABRIL, EN ESPECIAL PARA AUT\u00d3NOMOS EN R\u00c9GIMEN DE M\u00d3DULOS Y PARA IMPUESTO DE SOCIEDADES"}]},{"@type":"WebSite","@id":"https:\/\/www.ariasassessors.com\/#website","url":"https:\/\/www.ariasassessors.com\/","name":"Arias Assessors","description":"Asesor\u00eda para aut\u00f3nomos, profesionales y PYMES","publisher":{"@id":"https:\/\/www.ariasassessors.com\/#organization"},"potentialAction":[{"@type":"SearchAction","target":{"@type":"EntryPoint","urlTemplate":"https:\/\/www.ariasassessors.com\/?s={search_term_string}"},"query-input":{"@type":"PropertyValueSpecification","valueRequired":true,"valueName":"search_term_string"}}],"inLanguage":"ca"},{"@type":"Organization","@id":"https:\/\/www.ariasassessors.com\/#organization","name":"Arias Assessors","url":"https:\/\/www.ariasassessors.com\/","logo":{"@type":"ImageObject","inLanguage":"ca","@id":"https:\/\/www.ariasassessors.com\/#\/schema\/logo\/image\/","url":"https:\/\/www.ariasassessors.com\/wp-content\/uploads\/2019\/01\/arias-logo.png","contentUrl":"https:\/\/www.ariasassessors.com\/wp-content\/uploads\/2019\/01\/arias-logo.png","width":349,"height":254,"caption":"Arias Assessors"},"image":{"@id":"https:\/\/www.ariasassessors.com\/#\/schema\/logo\/image\/"},"sameAs":["https:\/\/www.facebook.com\/ariasassessors\/","https:\/\/x.com\/ariasassessors","https:\/\/www.linkedin.com\/company\/r&amp;amp;r-growing-knowledge\/"]},{"@type":"Person","@id":"https:\/\/www.ariasassessors.com\/#\/schema\/person\/63c6ad1775f0a9413c37932562673cef","name":"btorras","image":{"@type":"ImageObject","inLanguage":"ca","@id":"https:\/\/www.ariasassessors.com\/#\/schema\/person\/image\/","url":"https:\/\/secure.gravatar.com\/avatar\/0531db351fc361fdbfd204c58fa2d6a3?s=96&d=mm&r=g","contentUrl":"https:\/\/secure.gravatar.com\/avatar\/0531db351fc361fdbfd204c58fa2d6a3?s=96&d=mm&r=g","caption":"btorras"}}]}},"_links":{"self":[{"href":"https:\/\/www.ariasassessors.com\/ca\/wp-json\/wp\/v2\/posts\/1076","targetHints":{"allow":["GET"]}}],"collection":[{"href":"https:\/\/www.ariasassessors.com\/ca\/wp-json\/wp\/v2\/posts"}],"about":[{"href":"https:\/\/www.ariasassessors.com\/ca\/wp-json\/wp\/v2\/types\/post"}],"author":[{"embeddable":true,"href":"https:\/\/www.ariasassessors.com\/ca\/wp-json\/wp\/v2\/users\/2"}],"replies":[{"embeddable":true,"href":"https:\/\/www.ariasassessors.com\/ca\/wp-json\/wp\/v2\/comments?post=1076"}],"version-history":[{"count":1,"href":"https:\/\/www.ariasassessors.com\/ca\/wp-json\/wp\/v2\/posts\/1076\/revisions"}],"predecessor-version":[{"id":1077,"href":"https:\/\/www.ariasassessors.com\/ca\/wp-json\/wp\/v2\/posts\/1076\/revisions\/1077"}],"wp:featuredmedia":[{"embeddable":true,"href":"https:\/\/www.ariasassessors.com\/ca\/wp-json\/wp\/v2\/media\/1082"}],"wp:attachment":[{"href":"https:\/\/www.ariasassessors.com\/ca\/wp-json\/wp\/v2\/media?parent=1076"}],"wp:term":[{"taxonomy":"category","embeddable":true,"href":"https:\/\/www.ariasassessors.com\/ca\/wp-json\/wp\/v2\/categories?post=1076"},{"taxonomy":"post_tag","embeddable":true,"href":"https:\/\/www.ariasassessors.com\/ca\/wp-json\/wp\/v2\/tags?post=1076"}],"curies":[{"name":"wp","href":"https:\/\/api.w.org\/{rel}","templated":true}]}}