{"id":1089,"date":"2020-04-23T11:02:33","date_gmt":"2020-04-23T09:02:33","guid":{"rendered":"https:\/\/www.ariasassessors.com\/medidas-fiscales-covid-19-alquiler-de-locales-medidas-de-apoyo-a-autonomos-y-pymes-para-el-pago-del-alquiler\/"},"modified":"2020-04-23T13:29:11","modified_gmt":"2020-04-23T11:29:11","slug":"medidas-fiscales-covid-19-alquiler-de-locales-medidas-de-apoyo-a-autonomos-y-pymes-para-el-pago-del-alquiler","status":"publish","type":"post","link":"https:\/\/www.ariasassessors.com\/ca\/medidas-fiscales-covid-19-alquiler-de-locales-medidas-de-apoyo-a-autonomos-y-pymes-para-el-pago-del-alquiler\/","title":{"rendered":"MEDIDAS FISCALES COVID-19: ALQUILER DE LOCALES &#8211; MEDIDAS DE APOYO A AUTONOMOS Y PYMES PARA EL PAGO DEL ALQUILER"},"content":{"rendered":"<p>De acuerdo al <a href=\"https:\/\/www.boe.es\/diario_boe\/txt.php?id=BOE-A-2020-4554\">Real Decreto-ley 15\/2020, de 21 de Abril<\/a>, as\u00ed quedan las medidas que se han venido escuchando recientemente en relaci\u00f3n a la ayuda que se brinda a los inquilinos de locales de negocio, para poder hacer frente a los pagos de alquiler del local donde desarrollan su actividad:<\/p>\n<p>Lo primero que hay que tener claro es si el propietario de su local es lo que se considera un \u201cgran tenedor\u201d o no. En este primer caso, incluir\u00edamos a <strong>aquellos propietarios que son titulares de m\u00e1s de 10 inmuebles<\/strong>, o tambi\u00e9n en el caso de que su <strong>local de negocio tenga m\u00e1s de 1.500 m2<\/strong>. Si se dan alguna de estas dos circunstancias, el inquilino aut\u00f3nomo o PYME puede solicitar una moratoria en el pago del alquiler. La moratoria consiste en retrasar el pago del alquiler mientras dure el estado de alarma, pudiendo demorar el pago un m\u00e1ximo de 4 meses de alquiler.<\/p>\n<p>A partir del Jueves 23 de Abril 2020 y durante el plazo de un mes se pueden pedir estas moratorias, que el propietario estar\u00e1 obligado a aceptar, siempre y cuando no hayan acordado previamente algo diferente entre ambas partes. Adem\u00e1s, cabe decir que esta moratoria no devengar\u00e1 intereses posteriores en el pago atrasado. <strong>El plazo para la devoluci\u00f3n de los meses de alquiler ser\u00e1 de 2 a\u00f1os<\/strong>, a contar desde el d\u00eda que finalice el estado de alarma, o desde que finalice el plazo de los 4 meses cuyo pago ha sido aplazado.<\/p>\n<p>En el caso que el propietario de su local de negocio no fuera un \u201cgran tenedor\u201d sino lo que podr\u00edamos llamar un peque\u00f1o propietario, la opci\u00f3n que se ofrece es la <strong>utilizaci\u00f3n del importe depositado como fianza para proceder a la moratoria o reducci\u00f3n del importe del alquiler<\/strong>. En este caso, se permitir\u00e1 que las partes acuerden que la fianza se destine al pago total o parcial de la renta, y se establecer\u00e1 un plazo de m\u00e1ximo de 1 a\u00f1o para reponer el importe de la fianza utilizado para tales fines. El plazo para solicitar esta moratoria al propietario es de un mes desde la publicaci\u00f3n del RDL 15\/2020 en fecha 21 de Abril.<\/p>\n<p>Para ambos casos, <strong>los requisitos que deben acreditarse frente al\u00a0 propietario son<\/strong>:<\/p>\n<p>En caso de ser aut\u00f3nomo persona f\u00edsica:<\/p>\n<p>&#8211;\u00a0\u00a0\u00a0\u00a0\u00a0\u00a0\u00a0\u00a0\u00a0 Estar dado de alta de actividad y aut\u00f3nomos en fecha 14 de Marzo de 2020.<\/p>\n<p>&#8211;\u00a0\u00a0\u00a0\u00a0\u00a0\u00a0\u00a0\u00a0\u00a0 Ejercer una de las actividades suspendidas por el Real Decreto en que se inici\u00f3 el estado de alarma (bares, restaurantes, gimnasios, actividades al aire libre, peluquer\u00edas y centros de est\u00e9tica, comercio minorista\u2026)<\/p>\n<p>&#8211;\u00a0\u00a0\u00a0\u00a0\u00a0\u00a0\u00a0\u00a0\u00a0 Reducci\u00f3n de la facturaci\u00f3n para el resto de actividades de m\u00e1s de un 75% en comparaci\u00f3n con el mismo trimestre \u2013 mes del a\u00f1o anterior.<\/p>\n<p>En el caso de sociedades PYMES los requisitos son los mismos, incluyendo adem\u00e1s que no se superen los l\u00edmites del art. 257.1 del RDL 1\/2010 de 2 de Julio de sociedades de capital.<\/p>\n<p>Para acreditar dichos requisitos frente al propietario se necesitar\u00e1 o bien <strong>certificado censal con la actividad de alta<\/strong>, donde aparezca que la actividad que se realiza es una de las suspendidas por el estado de alarma, o bien una <strong>declaraci\u00f3n responsable<\/strong> acreditando la circunstancia de la reducci\u00f3n de la facturaci\u00f3n en m\u00e1s de un 75% de un a\u00f1o a otro, seg\u00fan lo indicado anteriormente.<\/p>\n<p>Si tienes alguna duda puedes <a href=\"https:\/\/www.ariasassessors.com\/ca\/contacte\/\">contactar con nosotros.<\/a><\/p>\n","protected":false},"excerpt":{"rendered":"<p>De acuerdo al Real Decreto-ley 15\/2020, de 21 de Abril, as\u00ed quedan las medidas que se han venido escuchando recientemente en relaci\u00f3n a la ayuda que se brinda a los inquilinos de locales de negocio, para poder hacer frente a los pagos de alquiler del&#8230;<\/p>\n","protected":false},"author":2,"featured_media":1096,"comment_status":"open","ping_status":"open","sticky":false,"template":"","format":"standard","meta":{"footnotes":""},"categories":[4],"tags":[225,453,273],"class_list":["post-1089","post","type-post","status-publish","format-standard","has-post-thumbnail","hentry","category-noticies","tag-autonomos-ca","tag-coronavirus-ca","tag-empreses"],"yoast_head":"<!-- This site is optimized with the Yoast SEO plugin v24.3 - https:\/\/yoast.com\/wordpress\/plugins\/seo\/ -->\n<title>ALQUILER DE LOCALES - MEDIDAS PARA AUTONOMOS Y PYMES<\/title>\n<meta name=\"description\" content=\"ayuda que se brinda a los inquilinos de locales de negocio, para poder hacer frente a los pagos de alquiler del local donde desarrollan su actividad:\" \/>\n<meta name=\"robots\" content=\"index, follow, max-snippet:-1, max-image-preview:large, max-video-preview:-1\" \/>\n<link rel=\"canonical\" href=\"https:\/\/www.ariasassessors.com\/ca\/medidas-fiscales-covid-19-alquiler-de-locales-medidas-de-apoyo-a-autonomos-y-pymes-para-el-pago-del-alquiler\/\" \/>\n<meta property=\"og:locale\" content=\"ca_ES\" \/>\n<meta property=\"og:type\" content=\"article\" \/>\n<meta property=\"og:title\" content=\"ALQUILER DE LOCALES - MEDIDAS PARA AUTONOMOS Y PYMES\" \/>\n<meta property=\"og:description\" content=\"ayuda que se brinda a los inquilinos de locales de negocio, para poder hacer frente a los pagos de alquiler del local donde desarrollan su actividad:\" \/>\n<meta property=\"og:url\" content=\"https:\/\/www.ariasassessors.com\/ca\/medidas-fiscales-covid-19-alquiler-de-locales-medidas-de-apoyo-a-autonomos-y-pymes-para-el-pago-del-alquiler\/\" \/>\n<meta property=\"og:site_name\" content=\"Arias Assessors\" \/>\n<meta property=\"article:publisher\" content=\"https:\/\/www.facebook.com\/ariasassessors\/\" \/>\n<meta property=\"article:published_time\" content=\"2020-04-23T09:02:33+00:00\" \/>\n<meta property=\"article:modified_time\" content=\"2020-04-23T11:29:11+00:00\" \/>\n<meta property=\"og:image\" content=\"https:\/\/www.ariasassessors.com\/wp-content\/uploads\/2020\/04\/foto-22-abr_09_09_09.gif\" \/>\n\t<meta property=\"og:image:width\" content=\"600\" \/>\n\t<meta property=\"og:image:height\" content=\"357\" \/>\n\t<meta property=\"og:image:type\" content=\"image\/gif\" \/>\n<meta name=\"author\" content=\"btorras\" \/>\n<meta name=\"twitter:card\" content=\"summary_large_image\" \/>\n<meta name=\"twitter:creator\" content=\"@ariasassessors\" \/>\n<meta name=\"twitter:site\" content=\"@ariasassessors\" \/>\n<meta name=\"twitter:label1\" content=\"Escrit per\" \/>\n\t<meta name=\"twitter:data1\" content=\"btorras\" \/>\n\t<meta name=\"twitter:label2\" content=\"Temps estimat de lectura\" \/>\n\t<meta name=\"twitter:data2\" content=\"3 minuts\" \/>\n<script type=\"application\/ld+json\" class=\"yoast-schema-graph\">{\"@context\":\"https:\/\/schema.org\",\"@graph\":[{\"@type\":\"Article\",\"@id\":\"https:\/\/www.ariasassessors.com\/ca\/medidas-fiscales-covid-19-alquiler-de-locales-medidas-de-apoyo-a-autonomos-y-pymes-para-el-pago-del-alquiler\/#article\",\"isPartOf\":{\"@id\":\"https:\/\/www.ariasassessors.com\/ca\/medidas-fiscales-covid-19-alquiler-de-locales-medidas-de-apoyo-a-autonomos-y-pymes-para-el-pago-del-alquiler\/\"},\"author\":{\"name\":\"btorras\",\"@id\":\"https:\/\/www.ariasassessors.com\/#\/schema\/person\/63c6ad1775f0a9413c37932562673cef\"},\"headline\":\"MEDIDAS FISCALES COVID-19: ALQUILER DE LOCALES &#8211; MEDIDAS DE APOYO A AUTONOMOS Y PYMES PARA EL PAGO DEL ALQUILER\",\"datePublished\":\"2020-04-23T09:02:33+00:00\",\"dateModified\":\"2020-04-23T11:29:11+00:00\",\"mainEntityOfPage\":{\"@id\":\"https:\/\/www.ariasassessors.com\/ca\/medidas-fiscales-covid-19-alquiler-de-locales-medidas-de-apoyo-a-autonomos-y-pymes-para-el-pago-del-alquiler\/\"},\"wordCount\":596,\"commentCount\":0,\"publisher\":{\"@id\":\"https:\/\/www.ariasassessors.com\/#organization\"},\"image\":{\"@id\":\"https:\/\/www.ariasassessors.com\/ca\/medidas-fiscales-covid-19-alquiler-de-locales-medidas-de-apoyo-a-autonomos-y-pymes-para-el-pago-del-alquiler\/#primaryimage\"},\"thumbnailUrl\":\"https:\/\/www.ariasassessors.com\/wp-content\/uploads\/2020\/04\/foto-22-abr_09_09_09.gif\",\"keywords\":[\"aut\u00f2noms\",\"COVID\",\"Empreses\"],\"articleSection\":[\"noticies\"],\"inLanguage\":\"ca\",\"potentialAction\":[{\"@type\":\"CommentAction\",\"name\":\"Comment\",\"target\":[\"https:\/\/www.ariasassessors.com\/ca\/medidas-fiscales-covid-19-alquiler-de-locales-medidas-de-apoyo-a-autonomos-y-pymes-para-el-pago-del-alquiler\/#respond\"]}]},{\"@type\":\"WebPage\",\"@id\":\"https:\/\/www.ariasassessors.com\/ca\/medidas-fiscales-covid-19-alquiler-de-locales-medidas-de-apoyo-a-autonomos-y-pymes-para-el-pago-del-alquiler\/\",\"url\":\"https:\/\/www.ariasassessors.com\/ca\/medidas-fiscales-covid-19-alquiler-de-locales-medidas-de-apoyo-a-autonomos-y-pymes-para-el-pago-del-alquiler\/\",\"name\":\"ALQUILER DE LOCALES - MEDIDAS PARA AUTONOMOS Y PYMES\",\"isPartOf\":{\"@id\":\"https:\/\/www.ariasassessors.com\/#website\"},\"primaryImageOfPage\":{\"@id\":\"https:\/\/www.ariasassessors.com\/ca\/medidas-fiscales-covid-19-alquiler-de-locales-medidas-de-apoyo-a-autonomos-y-pymes-para-el-pago-del-alquiler\/#primaryimage\"},\"image\":{\"@id\":\"https:\/\/www.ariasassessors.com\/ca\/medidas-fiscales-covid-19-alquiler-de-locales-medidas-de-apoyo-a-autonomos-y-pymes-para-el-pago-del-alquiler\/#primaryimage\"},\"thumbnailUrl\":\"https:\/\/www.ariasassessors.com\/wp-content\/uploads\/2020\/04\/foto-22-abr_09_09_09.gif\",\"datePublished\":\"2020-04-23T09:02:33+00:00\",\"dateModified\":\"2020-04-23T11:29:11+00:00\",\"description\":\"ayuda que se brinda a los inquilinos de locales de negocio, para poder hacer frente a los pagos de alquiler del local donde desarrollan su actividad:\",\"breadcrumb\":{\"@id\":\"https:\/\/www.ariasassessors.com\/ca\/medidas-fiscales-covid-19-alquiler-de-locales-medidas-de-apoyo-a-autonomos-y-pymes-para-el-pago-del-alquiler\/#breadcrumb\"},\"inLanguage\":\"ca\",\"potentialAction\":[{\"@type\":\"ReadAction\",\"target\":[\"https:\/\/www.ariasassessors.com\/ca\/medidas-fiscales-covid-19-alquiler-de-locales-medidas-de-apoyo-a-autonomos-y-pymes-para-el-pago-del-alquiler\/\"]}]},{\"@type\":\"ImageObject\",\"inLanguage\":\"ca\",\"@id\":\"https:\/\/www.ariasassessors.com\/ca\/medidas-fiscales-covid-19-alquiler-de-locales-medidas-de-apoyo-a-autonomos-y-pymes-para-el-pago-del-alquiler\/#primaryimage\",\"url\":\"https:\/\/www.ariasassessors.com\/wp-content\/uploads\/2020\/04\/foto-22-abr_09_09_09.gif\",\"contentUrl\":\"https:\/\/www.ariasassessors.com\/wp-content\/uploads\/2020\/04\/foto-22-abr_09_09_09.gif\",\"width\":600,\"height\":357,\"caption\":\"Alquiler\"},{\"@type\":\"BreadcrumbList\",\"@id\":\"https:\/\/www.ariasassessors.com\/ca\/medidas-fiscales-covid-19-alquiler-de-locales-medidas-de-apoyo-a-autonomos-y-pymes-para-el-pago-del-alquiler\/#breadcrumb\",\"itemListElement\":[{\"@type\":\"ListItem\",\"position\":1,\"name\":\"Portada\",\"item\":\"https:\/\/www.ariasassessors.com\/ca\/\"},{\"@type\":\"ListItem\",\"position\":2,\"name\":\"MEDIDAS FISCALES COVID-19: ALQUILER DE LOCALES &#8211; MEDIDAS DE APOYO A AUTONOMOS Y PYMES PARA EL PAGO DEL ALQUILER\"}]},{\"@type\":\"WebSite\",\"@id\":\"https:\/\/www.ariasassessors.com\/#website\",\"url\":\"https:\/\/www.ariasassessors.com\/\",\"name\":\"Arias Assessors\",\"description\":\"Asesor\u00eda para aut\u00f3nomos, profesionales y PYMES\",\"publisher\":{\"@id\":\"https:\/\/www.ariasassessors.com\/#organization\"},\"potentialAction\":[{\"@type\":\"SearchAction\",\"target\":{\"@type\":\"EntryPoint\",\"urlTemplate\":\"https:\/\/www.ariasassessors.com\/?s={search_term_string}\"},\"query-input\":{\"@type\":\"PropertyValueSpecification\",\"valueRequired\":true,\"valueName\":\"search_term_string\"}}],\"inLanguage\":\"ca\"},{\"@type\":\"Organization\",\"@id\":\"https:\/\/www.ariasassessors.com\/#organization\",\"name\":\"Arias Assessors\",\"url\":\"https:\/\/www.ariasassessors.com\/\",\"logo\":{\"@type\":\"ImageObject\",\"inLanguage\":\"ca\",\"@id\":\"https:\/\/www.ariasassessors.com\/#\/schema\/logo\/image\/\",\"url\":\"https:\/\/www.ariasassessors.com\/wp-content\/uploads\/2019\/01\/arias-logo.png\",\"contentUrl\":\"https:\/\/www.ariasassessors.com\/wp-content\/uploads\/2019\/01\/arias-logo.png\",\"width\":349,\"height\":254,\"caption\":\"Arias Assessors\"},\"image\":{\"@id\":\"https:\/\/www.ariasassessors.com\/#\/schema\/logo\/image\/\"},\"sameAs\":[\"https:\/\/www.facebook.com\/ariasassessors\/\",\"https:\/\/x.com\/ariasassessors\",\"https:\/\/www.linkedin.com\/company\/r&amp;amp;r-growing-knowledge\/\"]},{\"@type\":\"Person\",\"@id\":\"https:\/\/www.ariasassessors.com\/#\/schema\/person\/63c6ad1775f0a9413c37932562673cef\",\"name\":\"btorras\",\"image\":{\"@type\":\"ImageObject\",\"inLanguage\":\"ca\",\"@id\":\"https:\/\/www.ariasassessors.com\/#\/schema\/person\/image\/\",\"url\":\"https:\/\/secure.gravatar.com\/avatar\/0531db351fc361fdbfd204c58fa2d6a3?s=96&d=mm&r=g\",\"contentUrl\":\"https:\/\/secure.gravatar.com\/avatar\/0531db351fc361fdbfd204c58fa2d6a3?s=96&d=mm&r=g\",\"caption\":\"btorras\"}}]}<\/script>\n<!-- \/ Yoast SEO plugin. -->","yoast_head_json":{"title":"ALQUILER DE LOCALES - MEDIDAS PARA AUTONOMOS Y PYMES","description":"ayuda que se brinda a los inquilinos de locales de negocio, para poder hacer frente a los pagos de alquiler del local donde desarrollan su actividad:","robots":{"index":"index","follow":"follow","max-snippet":"max-snippet:-1","max-image-preview":"max-image-preview:large","max-video-preview":"max-video-preview:-1"},"canonical":"https:\/\/www.ariasassessors.com\/ca\/medidas-fiscales-covid-19-alquiler-de-locales-medidas-de-apoyo-a-autonomos-y-pymes-para-el-pago-del-alquiler\/","og_locale":"ca_ES","og_type":"article","og_title":"ALQUILER DE LOCALES - MEDIDAS PARA AUTONOMOS Y PYMES","og_description":"ayuda que se brinda a los inquilinos de locales de negocio, para poder hacer frente a los pagos de alquiler del local donde desarrollan su actividad:","og_url":"https:\/\/www.ariasassessors.com\/ca\/medidas-fiscales-covid-19-alquiler-de-locales-medidas-de-apoyo-a-autonomos-y-pymes-para-el-pago-del-alquiler\/","og_site_name":"Arias Assessors","article_publisher":"https:\/\/www.facebook.com\/ariasassessors\/","article_published_time":"2020-04-23T09:02:33+00:00","article_modified_time":"2020-04-23T11:29:11+00:00","og_image":[{"width":600,"height":357,"url":"https:\/\/www.ariasassessors.com\/wp-content\/uploads\/2020\/04\/foto-22-abr_09_09_09.gif","type":"image\/gif"}],"author":"btorras","twitter_card":"summary_large_image","twitter_creator":"@ariasassessors","twitter_site":"@ariasassessors","twitter_misc":{"Escrit per":"btorras","Temps estimat de lectura":"3 minuts"},"schema":{"@context":"https:\/\/schema.org","@graph":[{"@type":"Article","@id":"https:\/\/www.ariasassessors.com\/ca\/medidas-fiscales-covid-19-alquiler-de-locales-medidas-de-apoyo-a-autonomos-y-pymes-para-el-pago-del-alquiler\/#article","isPartOf":{"@id":"https:\/\/www.ariasassessors.com\/ca\/medidas-fiscales-covid-19-alquiler-de-locales-medidas-de-apoyo-a-autonomos-y-pymes-para-el-pago-del-alquiler\/"},"author":{"name":"btorras","@id":"https:\/\/www.ariasassessors.com\/#\/schema\/person\/63c6ad1775f0a9413c37932562673cef"},"headline":"MEDIDAS FISCALES COVID-19: ALQUILER DE LOCALES &#8211; MEDIDAS DE APOYO A AUTONOMOS Y PYMES PARA EL PAGO DEL ALQUILER","datePublished":"2020-04-23T09:02:33+00:00","dateModified":"2020-04-23T11:29:11+00:00","mainEntityOfPage":{"@id":"https:\/\/www.ariasassessors.com\/ca\/medidas-fiscales-covid-19-alquiler-de-locales-medidas-de-apoyo-a-autonomos-y-pymes-para-el-pago-del-alquiler\/"},"wordCount":596,"commentCount":0,"publisher":{"@id":"https:\/\/www.ariasassessors.com\/#organization"},"image":{"@id":"https:\/\/www.ariasassessors.com\/ca\/medidas-fiscales-covid-19-alquiler-de-locales-medidas-de-apoyo-a-autonomos-y-pymes-para-el-pago-del-alquiler\/#primaryimage"},"thumbnailUrl":"https:\/\/www.ariasassessors.com\/wp-content\/uploads\/2020\/04\/foto-22-abr_09_09_09.gif","keywords":["aut\u00f2noms","COVID","Empreses"],"articleSection":["noticies"],"inLanguage":"ca","potentialAction":[{"@type":"CommentAction","name":"Comment","target":["https:\/\/www.ariasassessors.com\/ca\/medidas-fiscales-covid-19-alquiler-de-locales-medidas-de-apoyo-a-autonomos-y-pymes-para-el-pago-del-alquiler\/#respond"]}]},{"@type":"WebPage","@id":"https:\/\/www.ariasassessors.com\/ca\/medidas-fiscales-covid-19-alquiler-de-locales-medidas-de-apoyo-a-autonomos-y-pymes-para-el-pago-del-alquiler\/","url":"https:\/\/www.ariasassessors.com\/ca\/medidas-fiscales-covid-19-alquiler-de-locales-medidas-de-apoyo-a-autonomos-y-pymes-para-el-pago-del-alquiler\/","name":"ALQUILER DE LOCALES - MEDIDAS PARA AUTONOMOS Y PYMES","isPartOf":{"@id":"https:\/\/www.ariasassessors.com\/#website"},"primaryImageOfPage":{"@id":"https:\/\/www.ariasassessors.com\/ca\/medidas-fiscales-covid-19-alquiler-de-locales-medidas-de-apoyo-a-autonomos-y-pymes-para-el-pago-del-alquiler\/#primaryimage"},"image":{"@id":"https:\/\/www.ariasassessors.com\/ca\/medidas-fiscales-covid-19-alquiler-de-locales-medidas-de-apoyo-a-autonomos-y-pymes-para-el-pago-del-alquiler\/#primaryimage"},"thumbnailUrl":"https:\/\/www.ariasassessors.com\/wp-content\/uploads\/2020\/04\/foto-22-abr_09_09_09.gif","datePublished":"2020-04-23T09:02:33+00:00","dateModified":"2020-04-23T11:29:11+00:00","description":"ayuda que se brinda a los inquilinos de locales de negocio, para poder hacer frente a los pagos de alquiler del local donde desarrollan su actividad:","breadcrumb":{"@id":"https:\/\/www.ariasassessors.com\/ca\/medidas-fiscales-covid-19-alquiler-de-locales-medidas-de-apoyo-a-autonomos-y-pymes-para-el-pago-del-alquiler\/#breadcrumb"},"inLanguage":"ca","potentialAction":[{"@type":"ReadAction","target":["https:\/\/www.ariasassessors.com\/ca\/medidas-fiscales-covid-19-alquiler-de-locales-medidas-de-apoyo-a-autonomos-y-pymes-para-el-pago-del-alquiler\/"]}]},{"@type":"ImageObject","inLanguage":"ca","@id":"https:\/\/www.ariasassessors.com\/ca\/medidas-fiscales-covid-19-alquiler-de-locales-medidas-de-apoyo-a-autonomos-y-pymes-para-el-pago-del-alquiler\/#primaryimage","url":"https:\/\/www.ariasassessors.com\/wp-content\/uploads\/2020\/04\/foto-22-abr_09_09_09.gif","contentUrl":"https:\/\/www.ariasassessors.com\/wp-content\/uploads\/2020\/04\/foto-22-abr_09_09_09.gif","width":600,"height":357,"caption":"Alquiler"},{"@type":"BreadcrumbList","@id":"https:\/\/www.ariasassessors.com\/ca\/medidas-fiscales-covid-19-alquiler-de-locales-medidas-de-apoyo-a-autonomos-y-pymes-para-el-pago-del-alquiler\/#breadcrumb","itemListElement":[{"@type":"ListItem","position":1,"name":"Portada","item":"https:\/\/www.ariasassessors.com\/ca\/"},{"@type":"ListItem","position":2,"name":"MEDIDAS FISCALES COVID-19: ALQUILER DE LOCALES &#8211; MEDIDAS DE APOYO A AUTONOMOS Y PYMES PARA EL PAGO DEL ALQUILER"}]},{"@type":"WebSite","@id":"https:\/\/www.ariasassessors.com\/#website","url":"https:\/\/www.ariasassessors.com\/","name":"Arias Assessors","description":"Asesor\u00eda para aut\u00f3nomos, profesionales y PYMES","publisher":{"@id":"https:\/\/www.ariasassessors.com\/#organization"},"potentialAction":[{"@type":"SearchAction","target":{"@type":"EntryPoint","urlTemplate":"https:\/\/www.ariasassessors.com\/?s={search_term_string}"},"query-input":{"@type":"PropertyValueSpecification","valueRequired":true,"valueName":"search_term_string"}}],"inLanguage":"ca"},{"@type":"Organization","@id":"https:\/\/www.ariasassessors.com\/#organization","name":"Arias Assessors","url":"https:\/\/www.ariasassessors.com\/","logo":{"@type":"ImageObject","inLanguage":"ca","@id":"https:\/\/www.ariasassessors.com\/#\/schema\/logo\/image\/","url":"https:\/\/www.ariasassessors.com\/wp-content\/uploads\/2019\/01\/arias-logo.png","contentUrl":"https:\/\/www.ariasassessors.com\/wp-content\/uploads\/2019\/01\/arias-logo.png","width":349,"height":254,"caption":"Arias Assessors"},"image":{"@id":"https:\/\/www.ariasassessors.com\/#\/schema\/logo\/image\/"},"sameAs":["https:\/\/www.facebook.com\/ariasassessors\/","https:\/\/x.com\/ariasassessors","https:\/\/www.linkedin.com\/company\/r&amp;amp;r-growing-knowledge\/"]},{"@type":"Person","@id":"https:\/\/www.ariasassessors.com\/#\/schema\/person\/63c6ad1775f0a9413c37932562673cef","name":"btorras","image":{"@type":"ImageObject","inLanguage":"ca","@id":"https:\/\/www.ariasassessors.com\/#\/schema\/person\/image\/","url":"https:\/\/secure.gravatar.com\/avatar\/0531db351fc361fdbfd204c58fa2d6a3?s=96&d=mm&r=g","contentUrl":"https:\/\/secure.gravatar.com\/avatar\/0531db351fc361fdbfd204c58fa2d6a3?s=96&d=mm&r=g","caption":"btorras"}}]}},"_links":{"self":[{"href":"https:\/\/www.ariasassessors.com\/ca\/wp-json\/wp\/v2\/posts\/1089","targetHints":{"allow":["GET"]}}],"collection":[{"href":"https:\/\/www.ariasassessors.com\/ca\/wp-json\/wp\/v2\/posts"}],"about":[{"href":"https:\/\/www.ariasassessors.com\/ca\/wp-json\/wp\/v2\/types\/post"}],"author":[{"embeddable":true,"href":"https:\/\/www.ariasassessors.com\/ca\/wp-json\/wp\/v2\/users\/2"}],"replies":[{"embeddable":true,"href":"https:\/\/www.ariasassessors.com\/ca\/wp-json\/wp\/v2\/comments?post=1089"}],"version-history":[{"count":1,"href":"https:\/\/www.ariasassessors.com\/ca\/wp-json\/wp\/v2\/posts\/1089\/revisions"}],"predecessor-version":[{"id":1094,"href":"https:\/\/www.ariasassessors.com\/ca\/wp-json\/wp\/v2\/posts\/1089\/revisions\/1094"}],"wp:featuredmedia":[{"embeddable":true,"href":"https:\/\/www.ariasassessors.com\/ca\/wp-json\/wp\/v2\/media\/1096"}],"wp:attachment":[{"href":"https:\/\/www.ariasassessors.com\/ca\/wp-json\/wp\/v2\/media?parent=1089"}],"wp:term":[{"taxonomy":"category","embeddable":true,"href":"https:\/\/www.ariasassessors.com\/ca\/wp-json\/wp\/v2\/categories?post=1089"},{"taxonomy":"post_tag","embeddable":true,"href":"https:\/\/www.ariasassessors.com\/ca\/wp-json\/wp\/v2\/tags?post=1089"}],"curies":[{"name":"wp","href":"https:\/\/api.w.org\/{rel}","templated":true}]}}