{"id":1112,"date":"2020-04-28T10:50:27","date_gmt":"2020-04-28T08:50:27","guid":{"rendered":"https:\/\/www.ariasassessors.com\/ayudas-covid-19-aclaracion-ayuda-autonomos-para-el-mes-de-abril-de-2020-reduccion-de-facturacion-de-mas-del-75-respecto-al-semestre-anterior\/"},"modified":"2020-04-28T11:16:11","modified_gmt":"2020-04-28T09:16:11","slug":"ayudas-covid-19-aclaracion-ayuda-autonomos-para-el-mes-de-abril-de-2020-reduccion-de-facturacion-de-mas-del-75-respecto-al-semestre-anterior","status":"publish","type":"post","link":"https:\/\/www.ariasassessors.com\/ca\/ayudas-covid-19-aclaracion-ayuda-autonomos-para-el-mes-de-abril-de-2020-reduccion-de-facturacion-de-mas-del-75-respecto-al-semestre-anterior\/","title":{"rendered":"AYUDAS COVID-19: ACLARACI\u00d3N AYUDA AUT\u00d3NOMOS PARA EL MES DE ABRIL DE 2020 \u2013 REDUCCI\u00d3N DE FACTURACI\u00d3N DE M\u00c1S DEL 75% RESPECTO AL SEMESTRE ANTERIOR"},"content":{"rendered":"<p>Algunos de nuestros clientes que en el mes de Marzo no pudieron acogerse a la ayuda \u2013 prestaci\u00f3n extraordinaria que ofrec\u00eda el Estado por no superar el 75% de descenso de facturaci\u00f3n, nos han ido preguntando si esta medida se alargar\u00eda tambi\u00e9n para el mes de Abril, donde s\u00ed era factible que muchos aut\u00f3nomos tuviesen ese descenso de facturaci\u00f3n de forma efectiva. La respuesta es que s\u00ed, es posible. De acuerdo con la informaci\u00f3n que gentilmente nos avanzan las mutuas colaboradoras, os resumimos:<\/p>\n<ul>\n<li>\u00a0La prestaci\u00f3n extraordinaria se considera una prestaci\u00f3n \u00fanica de tanto alzado que se percibe desde el primer d\u00eda de inicio del estado de alarma hasta el \u00faltimo d\u00eda del mes de finalizaci\u00f3n del estado de alarma (aprobado hasta el 9 de Mayo actualmente).<\/li>\n<li>Por tanto, esta ayuda es una prestaci\u00f3n \u00fanica de tanto alzado que se percibe desde el 14.03.2020 hasta el 31.05.2020 (en el supuesto que el \u2018Estado\u00a0 de Alarma\u201d se levante en el mes de mayo)<\/li>\n<li>La prestaci\u00f3n se puede solicitar hasta el \u00faltimo d\u00eda del mes siguiente a la finalizaci\u00f3n del estado de alarma. Ahora mismo el \u00faltimo d\u00eda para solicitarla es el 30.06.2020.<\/li>\n<li>\u00bfQu\u00e9 quiere decir \u201cprestaci\u00f3n \u00fanica de tanto alzado\u201d? Que aunque se pague en diferentes plazos, es una prestaci\u00f3n que cuando se accede a ella se tiene derecho a TODA la prestaci\u00f3n desde el d\u00eda 14.03 hasta el 31.05 con independencia del momento en que se haya solicitado o aprobado, excepto en los casos de fallecimiento, IT, SREL, maternidad, paternidad y jubilaci\u00f3n total, que se comentar\u00e1n m\u00e1s adelante.<\/li>\n<li>\u00bfPuede un trabajador renunciar a la prestaci\u00f3n? S\u00ed. Pero su <u>renuncia solo puede ser para TODA la prestaci\u00f3n<\/u>. Si ha percibido alguna cantidad se le reclamar\u00e1 oportunamente. Al ser una prestaci\u00f3n \u00fanica de tanto alzado no caben renuncias parciales por retorno a la actividad u otros motivos. La decisi\u00f3n de renuncia es una decisi\u00f3n personal del trabajador, no nuestra.<\/li>\n<li>\u00bfEs necesario renovar la solicitud para poder seguir percibiendo la prestaci\u00f3n? No es necesario. Si ya est\u00e1 aprobada se seguir\u00e1 percibiendo hasta el \u00faltimo d\u00eda del mes de finalizaci\u00f3n del estado de alarma, tanto para las solicitudes por suspensi\u00f3n de actividad como para las de reducci\u00f3n de ingresos aprobadas entre marzo y abril.<\/li>\n<li>Si presento la solicitud en mayo \u00bfa partir de qu\u00e9 fecha tengo derecho a la prestaci\u00f3n? La ayuda es una prestaci\u00f3n de pago \u00fanico. Tienen derecho a la prestaci\u00f3n desde 14.03.2020 hasta el 31.05.2020.<\/li>\n<li>Si presento la solicitud en mayo por motivo facturaci\u00f3n, \u00bfcontra qu\u00e9 mes se justifica la reducci\u00f3n de ingresos? De acuerdo con la regulaci\u00f3n a d\u00eda de hoy, se revisar\u00e1 el mes anterior al de la fecha de solicitud respecto al semestre natural anterior, es decir, el mes de abril-2020 contra el semestre octubre-2019 a marzo-2020.<\/li>\n<li>La pr\u00f3xima fecha de pago ser\u00e1 el 30 de Abril. \u00bfQu\u00e9 est\u00e1 previsto pagar en dicha transferencia?<\/li>\n<\/ul>\n<ul>\n<li style=\"list-style-type: none;\">\n<ul>\n<li>Solicitudes ya aprobadas que el pasado d\u00eda 17 recibieron la prestaci\u00f3n desde 14.03 hasta el 13.04, AHORA percibir\u00e1n el tramo desde 14.04 hasta 30.04.<\/li>\n<li>Los solicitantes que se les ha comunicado invitaci\u00f3n al pago, si se ponen al corriente de pago con la TGSS, percibir\u00e1n el tramo desde 14.03 hasta 30.04.<\/li>\n<li>Todas las nuevas solicitudes que se aprueben durante estos d\u00edas, percibir\u00e1n el tramo desde 14.03 hasta 30.04.<\/li>\n<\/ul>\n<\/li>\n<\/ul>\n<p>Puedes <a href=\"https:\/\/www.ariasassessors.com\/ca\/contacte\/\">contactar con nosotros<\/a> a trav\u00e9s de este enlace para saber m\u00e1s sobre ayudas Covid-19.<\/p>\n","protected":false},"excerpt":{"rendered":"<p>Algunos de nuestros clientes que en el mes de Marzo no pudieron acogerse a la ayuda \u2013 prestaci\u00f3n extraordinaria que ofrec\u00eda el Estado por no superar el 75% de descenso de facturaci\u00f3n, nos han ido preguntando si esta medida se alargar\u00eda tambi\u00e9n para el mes&#8230;<\/p>\n","protected":false},"author":2,"featured_media":1115,"comment_status":"open","ping_status":"open","sticky":false,"template":"","format":"standard","meta":{"footnotes":""},"categories":[4],"tags":[225,453],"class_list":["post-1112","post","type-post","status-publish","format-standard","has-post-thumbnail","hentry","category-noticies","tag-autonomos-ca","tag-coronavirus-ca"],"yoast_head":"<!-- This site is optimized with the Yoast SEO plugin v24.3 - https:\/\/yoast.com\/wordpress\/plugins\/seo\/ -->\n<title>AYUDAS COVID-19: Aut\u00f3nomos reducci\u00f3n facturaci\u00f3n de m\u00e1s 75% |<\/title>\n<meta name=\"description\" content=\"AYUDAS COVID-19, Algunos de nuestros clientes que en el mes de Marzo no pudieron acogerse a la ayuda \u2013 prestaci\u00f3n extraordinaria que ofrec\u00eda el Estado\" \/>\n<meta name=\"robots\" content=\"index, follow, max-snippet:-1, max-image-preview:large, max-video-preview:-1\" \/>\n<link rel=\"canonical\" href=\"https:\/\/www.ariasassessors.com\/ca\/ayudas-covid-19-aclaracion-ayuda-autonomos-para-el-mes-de-abril-de-2020-reduccion-de-facturacion-de-mas-del-75-respecto-al-semestre-anterior\/\" \/>\n<meta property=\"og:locale\" content=\"ca_ES\" \/>\n<meta property=\"og:type\" content=\"article\" \/>\n<meta property=\"og:title\" content=\"AYUDAS COVID-19: Aut\u00f3nomos reducci\u00f3n facturaci\u00f3n de m\u00e1s 75% |\" \/>\n<meta property=\"og:description\" content=\"AYUDAS COVID-19, Algunos de nuestros clientes que en el mes de Marzo no pudieron acogerse a la ayuda \u2013 prestaci\u00f3n extraordinaria que ofrec\u00eda el Estado\" \/>\n<meta property=\"og:url\" content=\"https:\/\/www.ariasassessors.com\/ca\/ayudas-covid-19-aclaracion-ayuda-autonomos-para-el-mes-de-abril-de-2020-reduccion-de-facturacion-de-mas-del-75-respecto-al-semestre-anterior\/\" \/>\n<meta property=\"og:site_name\" content=\"Arias Assessors\" \/>\n<meta property=\"article:publisher\" content=\"https:\/\/www.facebook.com\/ariasassessors\/\" \/>\n<meta property=\"article:published_time\" content=\"2020-04-28T08:50:27+00:00\" \/>\n<meta property=\"article:modified_time\" content=\"2020-04-28T09:16:11+00:00\" \/>\n<meta property=\"og:image\" content=\"https:\/\/www.ariasassessors.com\/wp-content\/uploads\/2020\/04\/28-abr_08_09.gif\" \/>\n\t<meta property=\"og:image:width\" content=\"600\" \/>\n\t<meta property=\"og:image:height\" content=\"357\" \/>\n\t<meta property=\"og:image:type\" content=\"image\/gif\" \/>\n<meta name=\"author\" content=\"btorras\" \/>\n<meta name=\"twitter:card\" content=\"summary_large_image\" \/>\n<meta name=\"twitter:creator\" content=\"@ariasassessors\" \/>\n<meta name=\"twitter:site\" content=\"@ariasassessors\" \/>\n<meta name=\"twitter:label1\" content=\"Escrit per\" \/>\n\t<meta name=\"twitter:data1\" content=\"btorras\" \/>\n\t<meta name=\"twitter:label2\" content=\"Temps estimat de lectura\" \/>\n\t<meta name=\"twitter:data2\" content=\"3 minuts\" \/>\n<script type=\"application\/ld+json\" class=\"yoast-schema-graph\">{\"@context\":\"https:\/\/schema.org\",\"@graph\":[{\"@type\":\"Article\",\"@id\":\"https:\/\/www.ariasassessors.com\/ca\/ayudas-covid-19-aclaracion-ayuda-autonomos-para-el-mes-de-abril-de-2020-reduccion-de-facturacion-de-mas-del-75-respecto-al-semestre-anterior\/#article\",\"isPartOf\":{\"@id\":\"https:\/\/www.ariasassessors.com\/ca\/ayudas-covid-19-aclaracion-ayuda-autonomos-para-el-mes-de-abril-de-2020-reduccion-de-facturacion-de-mas-del-75-respecto-al-semestre-anterior\/\"},\"author\":{\"name\":\"btorras\",\"@id\":\"https:\/\/www.ariasassessors.com\/#\/schema\/person\/63c6ad1775f0a9413c37932562673cef\"},\"headline\":\"AYUDAS COVID-19: ACLARACI\u00d3N AYUDA AUT\u00d3NOMOS PARA EL MES DE ABRIL DE 2020 \u2013 REDUCCI\u00d3N DE FACTURACI\u00d3N DE M\u00c1S DEL 75% RESPECTO AL SEMESTRE ANTERIOR\",\"datePublished\":\"2020-04-28T08:50:27+00:00\",\"dateModified\":\"2020-04-28T09:16:11+00:00\",\"mainEntityOfPage\":{\"@id\":\"https:\/\/www.ariasassessors.com\/ca\/ayudas-covid-19-aclaracion-ayuda-autonomos-para-el-mes-de-abril-de-2020-reduccion-de-facturacion-de-mas-del-75-respecto-al-semestre-anterior\/\"},\"wordCount\":616,\"commentCount\":0,\"publisher\":{\"@id\":\"https:\/\/www.ariasassessors.com\/#organization\"},\"image\":{\"@id\":\"https:\/\/www.ariasassessors.com\/ca\/ayudas-covid-19-aclaracion-ayuda-autonomos-para-el-mes-de-abril-de-2020-reduccion-de-facturacion-de-mas-del-75-respecto-al-semestre-anterior\/#primaryimage\"},\"thumbnailUrl\":\"https:\/\/www.ariasassessors.com\/wp-content\/uploads\/2020\/04\/28-abr_08_09.gif\",\"keywords\":[\"aut\u00f2noms\",\"COVID\"],\"articleSection\":[\"noticies\"],\"inLanguage\":\"ca\",\"potentialAction\":[{\"@type\":\"CommentAction\",\"name\":\"Comment\",\"target\":[\"https:\/\/www.ariasassessors.com\/ca\/ayudas-covid-19-aclaracion-ayuda-autonomos-para-el-mes-de-abril-de-2020-reduccion-de-facturacion-de-mas-del-75-respecto-al-semestre-anterior\/#respond\"]}]},{\"@type\":\"WebPage\",\"@id\":\"https:\/\/www.ariasassessors.com\/ca\/ayudas-covid-19-aclaracion-ayuda-autonomos-para-el-mes-de-abril-de-2020-reduccion-de-facturacion-de-mas-del-75-respecto-al-semestre-anterior\/\",\"url\":\"https:\/\/www.ariasassessors.com\/ca\/ayudas-covid-19-aclaracion-ayuda-autonomos-para-el-mes-de-abril-de-2020-reduccion-de-facturacion-de-mas-del-75-respecto-al-semestre-anterior\/\",\"name\":\"AYUDAS COVID-19: Aut\u00f3nomos reducci\u00f3n facturaci\u00f3n de m\u00e1s 75% |\",\"isPartOf\":{\"@id\":\"https:\/\/www.ariasassessors.com\/#website\"},\"primaryImageOfPage\":{\"@id\":\"https:\/\/www.ariasassessors.com\/ca\/ayudas-covid-19-aclaracion-ayuda-autonomos-para-el-mes-de-abril-de-2020-reduccion-de-facturacion-de-mas-del-75-respecto-al-semestre-anterior\/#primaryimage\"},\"image\":{\"@id\":\"https:\/\/www.ariasassessors.com\/ca\/ayudas-covid-19-aclaracion-ayuda-autonomos-para-el-mes-de-abril-de-2020-reduccion-de-facturacion-de-mas-del-75-respecto-al-semestre-anterior\/#primaryimage\"},\"thumbnailUrl\":\"https:\/\/www.ariasassessors.com\/wp-content\/uploads\/2020\/04\/28-abr_08_09.gif\",\"datePublished\":\"2020-04-28T08:50:27+00:00\",\"dateModified\":\"2020-04-28T09:16:11+00:00\",\"description\":\"AYUDAS COVID-19, Algunos de nuestros clientes que en el mes de Marzo no pudieron acogerse a la ayuda \u2013 prestaci\u00f3n extraordinaria que ofrec\u00eda el Estado\",\"breadcrumb\":{\"@id\":\"https:\/\/www.ariasassessors.com\/ca\/ayudas-covid-19-aclaracion-ayuda-autonomos-para-el-mes-de-abril-de-2020-reduccion-de-facturacion-de-mas-del-75-respecto-al-semestre-anterior\/#breadcrumb\"},\"inLanguage\":\"ca\",\"potentialAction\":[{\"@type\":\"ReadAction\",\"target\":[\"https:\/\/www.ariasassessors.com\/ca\/ayudas-covid-19-aclaracion-ayuda-autonomos-para-el-mes-de-abril-de-2020-reduccion-de-facturacion-de-mas-del-75-respecto-al-semestre-anterior\/\"]}]},{\"@type\":\"ImageObject\",\"inLanguage\":\"ca\",\"@id\":\"https:\/\/www.ariasassessors.com\/ca\/ayudas-covid-19-aclaracion-ayuda-autonomos-para-el-mes-de-abril-de-2020-reduccion-de-facturacion-de-mas-del-75-respecto-al-semestre-anterior\/#primaryimage\",\"url\":\"https:\/\/www.ariasassessors.com\/wp-content\/uploads\/2020\/04\/28-abr_08_09.gif\",\"contentUrl\":\"https:\/\/www.ariasassessors.com\/wp-content\/uploads\/2020\/04\/28-abr_08_09.gif\",\"width\":600,\"height\":357,\"caption\":\"AYUDAS COVID-19\"},{\"@type\":\"BreadcrumbList\",\"@id\":\"https:\/\/www.ariasassessors.com\/ca\/ayudas-covid-19-aclaracion-ayuda-autonomos-para-el-mes-de-abril-de-2020-reduccion-de-facturacion-de-mas-del-75-respecto-al-semestre-anterior\/#breadcrumb\",\"itemListElement\":[{\"@type\":\"ListItem\",\"position\":1,\"name\":\"Portada\",\"item\":\"https:\/\/www.ariasassessors.com\/ca\/\"},{\"@type\":\"ListItem\",\"position\":2,\"name\":\"AYUDAS COVID-19: ACLARACI\u00d3N AYUDA AUT\u00d3NOMOS PARA EL MES DE ABRIL DE 2020 \u2013 REDUCCI\u00d3N DE FACTURACI\u00d3N DE M\u00c1S DEL 75% RESPECTO AL SEMESTRE ANTERIOR\"}]},{\"@type\":\"WebSite\",\"@id\":\"https:\/\/www.ariasassessors.com\/#website\",\"url\":\"https:\/\/www.ariasassessors.com\/\",\"name\":\"Arias Assessors\",\"description\":\"Asesor\u00eda para aut\u00f3nomos, profesionales y PYMES\",\"publisher\":{\"@id\":\"https:\/\/www.ariasassessors.com\/#organization\"},\"potentialAction\":[{\"@type\":\"SearchAction\",\"target\":{\"@type\":\"EntryPoint\",\"urlTemplate\":\"https:\/\/www.ariasassessors.com\/?s={search_term_string}\"},\"query-input\":{\"@type\":\"PropertyValueSpecification\",\"valueRequired\":true,\"valueName\":\"search_term_string\"}}],\"inLanguage\":\"ca\"},{\"@type\":\"Organization\",\"@id\":\"https:\/\/www.ariasassessors.com\/#organization\",\"name\":\"Arias Assessors\",\"url\":\"https:\/\/www.ariasassessors.com\/\",\"logo\":{\"@type\":\"ImageObject\",\"inLanguage\":\"ca\",\"@id\":\"https:\/\/www.ariasassessors.com\/#\/schema\/logo\/image\/\",\"url\":\"https:\/\/www.ariasassessors.com\/wp-content\/uploads\/2019\/01\/arias-logo.png\",\"contentUrl\":\"https:\/\/www.ariasassessors.com\/wp-content\/uploads\/2019\/01\/arias-logo.png\",\"width\":349,\"height\":254,\"caption\":\"Arias Assessors\"},\"image\":{\"@id\":\"https:\/\/www.ariasassessors.com\/#\/schema\/logo\/image\/\"},\"sameAs\":[\"https:\/\/www.facebook.com\/ariasassessors\/\",\"https:\/\/x.com\/ariasassessors\",\"https:\/\/www.linkedin.com\/company\/r&amp;amp;r-growing-knowledge\/\"]},{\"@type\":\"Person\",\"@id\":\"https:\/\/www.ariasassessors.com\/#\/schema\/person\/63c6ad1775f0a9413c37932562673cef\",\"name\":\"btorras\",\"image\":{\"@type\":\"ImageObject\",\"inLanguage\":\"ca\",\"@id\":\"https:\/\/www.ariasassessors.com\/#\/schema\/person\/image\/\",\"url\":\"https:\/\/secure.gravatar.com\/avatar\/0531db351fc361fdbfd204c58fa2d6a3?s=96&d=mm&r=g\",\"contentUrl\":\"https:\/\/secure.gravatar.com\/avatar\/0531db351fc361fdbfd204c58fa2d6a3?s=96&d=mm&r=g\",\"caption\":\"btorras\"}}]}<\/script>\n<!-- \/ Yoast SEO plugin. -->","yoast_head_json":{"title":"AYUDAS COVID-19: Aut\u00f3nomos reducci\u00f3n facturaci\u00f3n de m\u00e1s 75% |","description":"AYUDAS COVID-19, Algunos de nuestros clientes que en el mes de Marzo no pudieron acogerse a la ayuda \u2013 prestaci\u00f3n extraordinaria que ofrec\u00eda el Estado","robots":{"index":"index","follow":"follow","max-snippet":"max-snippet:-1","max-image-preview":"max-image-preview:large","max-video-preview":"max-video-preview:-1"},"canonical":"https:\/\/www.ariasassessors.com\/ca\/ayudas-covid-19-aclaracion-ayuda-autonomos-para-el-mes-de-abril-de-2020-reduccion-de-facturacion-de-mas-del-75-respecto-al-semestre-anterior\/","og_locale":"ca_ES","og_type":"article","og_title":"AYUDAS COVID-19: Aut\u00f3nomos reducci\u00f3n facturaci\u00f3n de m\u00e1s 75% |","og_description":"AYUDAS COVID-19, Algunos de nuestros clientes que en el mes de Marzo no pudieron acogerse a la ayuda \u2013 prestaci\u00f3n extraordinaria que ofrec\u00eda el Estado","og_url":"https:\/\/www.ariasassessors.com\/ca\/ayudas-covid-19-aclaracion-ayuda-autonomos-para-el-mes-de-abril-de-2020-reduccion-de-facturacion-de-mas-del-75-respecto-al-semestre-anterior\/","og_site_name":"Arias Assessors","article_publisher":"https:\/\/www.facebook.com\/ariasassessors\/","article_published_time":"2020-04-28T08:50:27+00:00","article_modified_time":"2020-04-28T09:16:11+00:00","og_image":[{"width":600,"height":357,"url":"https:\/\/www.ariasassessors.com\/wp-content\/uploads\/2020\/04\/28-abr_08_09.gif","type":"image\/gif"}],"author":"btorras","twitter_card":"summary_large_image","twitter_creator":"@ariasassessors","twitter_site":"@ariasassessors","twitter_misc":{"Escrit per":"btorras","Temps estimat de lectura":"3 minuts"},"schema":{"@context":"https:\/\/schema.org","@graph":[{"@type":"Article","@id":"https:\/\/www.ariasassessors.com\/ca\/ayudas-covid-19-aclaracion-ayuda-autonomos-para-el-mes-de-abril-de-2020-reduccion-de-facturacion-de-mas-del-75-respecto-al-semestre-anterior\/#article","isPartOf":{"@id":"https:\/\/www.ariasassessors.com\/ca\/ayudas-covid-19-aclaracion-ayuda-autonomos-para-el-mes-de-abril-de-2020-reduccion-de-facturacion-de-mas-del-75-respecto-al-semestre-anterior\/"},"author":{"name":"btorras","@id":"https:\/\/www.ariasassessors.com\/#\/schema\/person\/63c6ad1775f0a9413c37932562673cef"},"headline":"AYUDAS COVID-19: ACLARACI\u00d3N AYUDA AUT\u00d3NOMOS PARA EL MES DE ABRIL DE 2020 \u2013 REDUCCI\u00d3N DE FACTURACI\u00d3N DE M\u00c1S DEL 75% RESPECTO AL SEMESTRE ANTERIOR","datePublished":"2020-04-28T08:50:27+00:00","dateModified":"2020-04-28T09:16:11+00:00","mainEntityOfPage":{"@id":"https:\/\/www.ariasassessors.com\/ca\/ayudas-covid-19-aclaracion-ayuda-autonomos-para-el-mes-de-abril-de-2020-reduccion-de-facturacion-de-mas-del-75-respecto-al-semestre-anterior\/"},"wordCount":616,"commentCount":0,"publisher":{"@id":"https:\/\/www.ariasassessors.com\/#organization"},"image":{"@id":"https:\/\/www.ariasassessors.com\/ca\/ayudas-covid-19-aclaracion-ayuda-autonomos-para-el-mes-de-abril-de-2020-reduccion-de-facturacion-de-mas-del-75-respecto-al-semestre-anterior\/#primaryimage"},"thumbnailUrl":"https:\/\/www.ariasassessors.com\/wp-content\/uploads\/2020\/04\/28-abr_08_09.gif","keywords":["aut\u00f2noms","COVID"],"articleSection":["noticies"],"inLanguage":"ca","potentialAction":[{"@type":"CommentAction","name":"Comment","target":["https:\/\/www.ariasassessors.com\/ca\/ayudas-covid-19-aclaracion-ayuda-autonomos-para-el-mes-de-abril-de-2020-reduccion-de-facturacion-de-mas-del-75-respecto-al-semestre-anterior\/#respond"]}]},{"@type":"WebPage","@id":"https:\/\/www.ariasassessors.com\/ca\/ayudas-covid-19-aclaracion-ayuda-autonomos-para-el-mes-de-abril-de-2020-reduccion-de-facturacion-de-mas-del-75-respecto-al-semestre-anterior\/","url":"https:\/\/www.ariasassessors.com\/ca\/ayudas-covid-19-aclaracion-ayuda-autonomos-para-el-mes-de-abril-de-2020-reduccion-de-facturacion-de-mas-del-75-respecto-al-semestre-anterior\/","name":"AYUDAS COVID-19: Aut\u00f3nomos reducci\u00f3n facturaci\u00f3n de m\u00e1s 75% |","isPartOf":{"@id":"https:\/\/www.ariasassessors.com\/#website"},"primaryImageOfPage":{"@id":"https:\/\/www.ariasassessors.com\/ca\/ayudas-covid-19-aclaracion-ayuda-autonomos-para-el-mes-de-abril-de-2020-reduccion-de-facturacion-de-mas-del-75-respecto-al-semestre-anterior\/#primaryimage"},"image":{"@id":"https:\/\/www.ariasassessors.com\/ca\/ayudas-covid-19-aclaracion-ayuda-autonomos-para-el-mes-de-abril-de-2020-reduccion-de-facturacion-de-mas-del-75-respecto-al-semestre-anterior\/#primaryimage"},"thumbnailUrl":"https:\/\/www.ariasassessors.com\/wp-content\/uploads\/2020\/04\/28-abr_08_09.gif","datePublished":"2020-04-28T08:50:27+00:00","dateModified":"2020-04-28T09:16:11+00:00","description":"AYUDAS COVID-19, Algunos de nuestros clientes que en el mes de Marzo no pudieron acogerse a la ayuda \u2013 prestaci\u00f3n extraordinaria que ofrec\u00eda el Estado","breadcrumb":{"@id":"https:\/\/www.ariasassessors.com\/ca\/ayudas-covid-19-aclaracion-ayuda-autonomos-para-el-mes-de-abril-de-2020-reduccion-de-facturacion-de-mas-del-75-respecto-al-semestre-anterior\/#breadcrumb"},"inLanguage":"ca","potentialAction":[{"@type":"ReadAction","target":["https:\/\/www.ariasassessors.com\/ca\/ayudas-covid-19-aclaracion-ayuda-autonomos-para-el-mes-de-abril-de-2020-reduccion-de-facturacion-de-mas-del-75-respecto-al-semestre-anterior\/"]}]},{"@type":"ImageObject","inLanguage":"ca","@id":"https:\/\/www.ariasassessors.com\/ca\/ayudas-covid-19-aclaracion-ayuda-autonomos-para-el-mes-de-abril-de-2020-reduccion-de-facturacion-de-mas-del-75-respecto-al-semestre-anterior\/#primaryimage","url":"https:\/\/www.ariasassessors.com\/wp-content\/uploads\/2020\/04\/28-abr_08_09.gif","contentUrl":"https:\/\/www.ariasassessors.com\/wp-content\/uploads\/2020\/04\/28-abr_08_09.gif","width":600,"height":357,"caption":"AYUDAS COVID-19"},{"@type":"BreadcrumbList","@id":"https:\/\/www.ariasassessors.com\/ca\/ayudas-covid-19-aclaracion-ayuda-autonomos-para-el-mes-de-abril-de-2020-reduccion-de-facturacion-de-mas-del-75-respecto-al-semestre-anterior\/#breadcrumb","itemListElement":[{"@type":"ListItem","position":1,"name":"Portada","item":"https:\/\/www.ariasassessors.com\/ca\/"},{"@type":"ListItem","position":2,"name":"AYUDAS COVID-19: ACLARACI\u00d3N AYUDA AUT\u00d3NOMOS PARA EL MES DE ABRIL DE 2020 \u2013 REDUCCI\u00d3N DE FACTURACI\u00d3N DE M\u00c1S DEL 75% RESPECTO AL SEMESTRE ANTERIOR"}]},{"@type":"WebSite","@id":"https:\/\/www.ariasassessors.com\/#website","url":"https:\/\/www.ariasassessors.com\/","name":"Arias Assessors","description":"Asesor\u00eda para aut\u00f3nomos, profesionales y PYMES","publisher":{"@id":"https:\/\/www.ariasassessors.com\/#organization"},"potentialAction":[{"@type":"SearchAction","target":{"@type":"EntryPoint","urlTemplate":"https:\/\/www.ariasassessors.com\/?s={search_term_string}"},"query-input":{"@type":"PropertyValueSpecification","valueRequired":true,"valueName":"search_term_string"}}],"inLanguage":"ca"},{"@type":"Organization","@id":"https:\/\/www.ariasassessors.com\/#organization","name":"Arias Assessors","url":"https:\/\/www.ariasassessors.com\/","logo":{"@type":"ImageObject","inLanguage":"ca","@id":"https:\/\/www.ariasassessors.com\/#\/schema\/logo\/image\/","url":"https:\/\/www.ariasassessors.com\/wp-content\/uploads\/2019\/01\/arias-logo.png","contentUrl":"https:\/\/www.ariasassessors.com\/wp-content\/uploads\/2019\/01\/arias-logo.png","width":349,"height":254,"caption":"Arias Assessors"},"image":{"@id":"https:\/\/www.ariasassessors.com\/#\/schema\/logo\/image\/"},"sameAs":["https:\/\/www.facebook.com\/ariasassessors\/","https:\/\/x.com\/ariasassessors","https:\/\/www.linkedin.com\/company\/r&amp;amp;r-growing-knowledge\/"]},{"@type":"Person","@id":"https:\/\/www.ariasassessors.com\/#\/schema\/person\/63c6ad1775f0a9413c37932562673cef","name":"btorras","image":{"@type":"ImageObject","inLanguage":"ca","@id":"https:\/\/www.ariasassessors.com\/#\/schema\/person\/image\/","url":"https:\/\/secure.gravatar.com\/avatar\/0531db351fc361fdbfd204c58fa2d6a3?s=96&d=mm&r=g","contentUrl":"https:\/\/secure.gravatar.com\/avatar\/0531db351fc361fdbfd204c58fa2d6a3?s=96&d=mm&r=g","caption":"btorras"}}]}},"_links":{"self":[{"href":"https:\/\/www.ariasassessors.com\/ca\/wp-json\/wp\/v2\/posts\/1112","targetHints":{"allow":["GET"]}}],"collection":[{"href":"https:\/\/www.ariasassessors.com\/ca\/wp-json\/wp\/v2\/posts"}],"about":[{"href":"https:\/\/www.ariasassessors.com\/ca\/wp-json\/wp\/v2\/types\/post"}],"author":[{"embeddable":true,"href":"https:\/\/www.ariasassessors.com\/ca\/wp-json\/wp\/v2\/users\/2"}],"replies":[{"embeddable":true,"href":"https:\/\/www.ariasassessors.com\/ca\/wp-json\/wp\/v2\/comments?post=1112"}],"version-history":[{"count":1,"href":"https:\/\/www.ariasassessors.com\/ca\/wp-json\/wp\/v2\/posts\/1112\/revisions"}],"predecessor-version":[{"id":1113,"href":"https:\/\/www.ariasassessors.com\/ca\/wp-json\/wp\/v2\/posts\/1112\/revisions\/1113"}],"wp:featuredmedia":[{"embeddable":true,"href":"https:\/\/www.ariasassessors.com\/ca\/wp-json\/wp\/v2\/media\/1115"}],"wp:attachment":[{"href":"https:\/\/www.ariasassessors.com\/ca\/wp-json\/wp\/v2\/media?parent=1112"}],"wp:term":[{"taxonomy":"category","embeddable":true,"href":"https:\/\/www.ariasassessors.com\/ca\/wp-json\/wp\/v2\/categories?post=1112"},{"taxonomy":"post_tag","embeddable":true,"href":"https:\/\/www.ariasassessors.com\/ca\/wp-json\/wp\/v2\/tags?post=1112"}],"curies":[{"name":"wp","href":"https:\/\/api.w.org\/{rel}","templated":true}]}}