{"id":1124,"date":"2020-05-07T16:25:25","date_gmt":"2020-05-07T14:25:25","guid":{"rendered":"https:\/\/www.ariasassessors.com\/covid-19-dudas-y-aclaraciones-sobre-ayudas-disponibles-ambitos-estatal-autonomico-y-municipal\/"},"modified":"2020-05-07T18:03:30","modified_gmt":"2020-05-07T16:03:30","slug":"covid-19-dudas-y-aclaraciones-sobre-ayudas-disponibles-ambitos-estatal-autonomico-y-municipal","status":"publish","type":"post","link":"https:\/\/www.ariasassessors.com\/ca\/covid-19-dudas-y-aclaraciones-sobre-ayudas-disponibles-ambitos-estatal-autonomico-y-municipal\/","title":{"rendered":"COVID-19: DUDAS Y ACLARACIONES SOBRE AYUDAS DISPONIBLES \u00c1MBITOS ESTATAL, AUTON\u00d3MICO Y MUNICIPAL"},"content":{"rendered":"<p>Distinguidos clientes, para el d\u00eda de hoy queremos hacerles un peque\u00f1o repaso de dudas y requisitos respecto a nuevas ayudas en este per\u00edodo de estado de alarma por COVID 19. Vamos a aclarar un poco m\u00e1s las grandes ayudas que existen en la actualidad, en primer lugar para todo el \u00e1mbito auton\u00f3mico de Catalunya, y despu\u00e9s y en especial para el territorio donde tenemos un mayor n\u00famero de clientes, que es en Barcelona capital y en segundo lugar en Sant Boi del Llobregat. Para el resto de municipios, adem\u00e1s de las ayudas previstas de \u00e1mbito estatal y auton\u00f3mico, les recomendamos hacer seguimiento de Ayuntamientos y corporaciones locales porque en casi todas ellas van saliendo ayudas o saldr\u00e1n en breve. En caso de necesitar documentaci\u00f3n para tramitar dichas ayudas en corporaciones locales no duden en solicit\u00e1rnosla.<\/p>\n<p><strong>En cuanto a la ayuda estatal que han solicitado la mayor\u00eda de aut\u00f3nomos (la famosa PRESTACI\u00d3N EXTRAORDINARIA \u201cPECATA\u201d)<\/strong> recuerden que deben haber recibido 2 pagos, uno por el per\u00edodo 14 Marzo \u2013 14 Abril y otro pago, a final de Abril, por la segunda quincena de Abril. Queda pendiente pues el mes de Mayo, ya que la ayuda est\u00e1 reconocida hasta la finalizaci\u00f3n del mes en que dure el Estado de Alarma, por tanto 31 de Mayo es seguro, sino hay m\u00e1s pr\u00f3rrogas que alcancen al mes de Junio. Y recuerden tambi\u00e9n que es perfectamente compatible percibir la ayuda hasta el final de \u00e9sta aunque reinicien ya la actividad y abran al p\u00fablico el negocio , o aunque combinen la ayuda con estar contratados por cuenta ajena. Ya nos confirmaron desde la autoridad laboral y el SEPE que no hay que solicitar ninguna baja de la ayuda ni que se vayan a tener que devolver en ninguno de estos casos. Lo que se exige para cobrar la ayuda de principio a fin es cumplir los requisitos para su concesi\u00f3n (actividad suspendida el 14\/03 o descenso de la facturaci\u00f3n) pero una vez concedida y acreditada esta circunstancia ning\u00fan otro factor har\u00e1 que se deban devolver.<\/p>\n<p>Vayamos pues ahora a las ayudas m\u00e1s pr\u00f3ximas a nuestro territorio:<\/p>\n<p><strong><u>\u00c1MBITO AUTON\u00d3MICO: PRESTACION EXTRAORDINARIA DE LA GENERALITAT PARA SUMINISTROS B\u00c1SICOS <\/u><\/strong><\/p>\n<p>Se trata de una ayuda extraordinaria de 200\u20ac pensada para destinarla a la adquisici\u00f3n de productos de alimentaci\u00f3n, farmacia i otros suministros b\u00e1sicos, de forma que se pueda ayudar a la sostenibilidad de familias en vulnerabilidad afectados por la crisis econ\u00f3mica a ra\u00edz del COVID-19.<\/p>\n<p>Est\u00e1 destinado a trabajadores por cuenta ajena que se han visto afectados por un expediente de regulaci\u00f3n temporal de ocupaci\u00f3n por fuerza mayor, por causes econ\u00f3micas, t\u00e9cnicas y de producci\u00f3n previstos en los art\u00edculos 22 y 23 del Real Decreto Ley 8\/2020, trabajadores por cuenta ajena, fijos discontinuos, afectados por un ERTO y aquellos afectados por una extinci\u00f3n del contrato de Trabajo. Tambi\u00e9n ser\u00e1 destinado a aut\u00f3nomos con suspensi\u00f3n o reducci\u00f3n de su actividad econ\u00f3mica.<\/p>\n<p>Los requisitos para solicitarla son: ser mayor de edad, empadronamiento o residencia legal en Catalunya y descenso de los ingresos de m\u00e1s de un 30% respecto al a\u00f1o anterior. La media de los ingresos de la unidad familiar durante los meses de Marzo y Abril no deber\u00e1 superar los 2.098,37\u20ac brutos.<\/p>\n<p>IMPORTANTE: Imprescindible tener un familiar a cargo con el que se conviva. (Si est\u00e1 separado\/divorciado y pasa una pensi\u00f3n compensatoria, cuenta como persona a cargo)<\/p>\n<p>Solo se podr\u00e1 presentar un expediente por unidad familiar, siendo compatible con las ayudas estatales proporcionadas a los aut\u00f3nomos, pensiones de jubilaci\u00f3n, paro, viudedad, etc. siempre que no superen en la unidad familiar los 2098,37\u20ac.<\/p>\n<p>No ser\u00e1 viable esta prestaci\u00f3n para aut\u00f3nomos que hayan iniciado su actividad a partir de Febrero, dado que no pueden justificar su descenso de facturaci\u00f3n.<\/p>\n<p>Comenz\u00f3 el 30 de Abril y ser\u00e1 vigente hasta agotar los fondos destinados a esta prestaci\u00f3n. Podr\u00e1 solicitarse mediante el certificado digital o el IdCat. De no poder realizar ning\u00fan tipo de firma telem\u00e1tica, existe un formulario exclusivamente para estos casos.<\/p>\n<p><strong><u>\u00c1MBITO AUTON\u00d3MICO: <\/u><\/strong><strong><u>SUBVENCION DE LA GENERALITAT PARA EL COMERCIO, ARTESANIA Y MODA DE CATALUNYA (VARIOS PROGRAMAS QUE SE DETALLAN A CONTINUACI\u00d3N)<\/u><\/strong><\/p>\n<div id=\"ez-toc-container\" class=\"ez-toc-v2_0_72 counter-hierarchy ez-toc-counter ez-toc-grey ez-toc-container-direction\">\n<div class=\"ez-toc-title-container\">\n<p class=\"ez-toc-title\" style=\"cursor:inherit\">\u00cdndice de Contenidos<\/p>\n<span class=\"ez-toc-title-toggle\"><a href=\"#\" class=\"ez-toc-pull-right ez-toc-btn ez-toc-btn-xs ez-toc-btn-default ez-toc-toggle\" aria-label=\"Toggle Table of Content\"><span class=\"ez-toc-js-icon-con\"><span class=\"\"><span class=\"eztoc-hide\" style=\"display:none;\">Toggle<\/span><span class=\"ez-toc-icon-toggle-span\"><svg style=\"fill: #428bca;color:#428bca\" xmlns=\"http:\/\/www.w3.org\/2000\/svg\" class=\"list-377408\" width=\"20px\" height=\"20px\" viewBox=\"0 0 24 24\" fill=\"none\"><path d=\"M6 6H4v2h2V6zm14 0H8v2h12V6zM4 11h2v2H4v-2zm16 0H8v2h12v-2zM4 16h2v2H4v-2zm16 0H8v2h12v-2z\" fill=\"currentColor\"><\/path><\/svg><svg style=\"fill: #428bca;color:#428bca\" class=\"arrow-unsorted-368013\" xmlns=\"http:\/\/www.w3.org\/2000\/svg\" width=\"10px\" height=\"10px\" viewBox=\"0 0 24 24\" version=\"1.2\" baseProfile=\"tiny\"><path d=\"M18.2 9.3l-6.2-6.3-6.2 6.3c-.2.2-.3.4-.3.7s.1.5.3.7c.2.2.4.3.7.3h11c.3 0 .5-.1.7-.3.2-.2.3-.5.3-.7s-.1-.5-.3-.7zM5.8 14.7l6.2 6.3 6.2-6.3c.2-.2.3-.5.3-.7s-.1-.5-.3-.7c-.2-.2-.4-.3-.7-.3h-11c-.3 0-.5.1-.7.3-.2.2-.3.5-.3.7s.1.5.3.7z\"\/><\/svg><\/span><\/span><\/span><\/a><\/span><\/div>\n<nav><ul class='ez-toc-list ez-toc-list-level-1 eztoc-toggle-hide-by-default' ><li class='ez-toc-page-1 ez-toc-heading-level-4'><a class=\"ez-toc-link ez-toc-heading-1\" href=\"https:\/\/www.ariasassessors.com\/ca\/covid-19-dudas-y-aclaraciones-sobre-ayudas-disponibles-ambitos-estatal-autonomico-y-municipal\/#PROGRAMA_DE_REACTIVACION_DEL_COMERCIO\" title=\"PROGRAMA DE REACTIVACION DEL COMERCIO\">PROGRAMA DE REACTIVACION DEL COMERCIO<\/a><\/li><li class='ez-toc-page-1 ez-toc-heading-level-4'><a class=\"ez-toc-link ez-toc-heading-2\" href=\"https:\/\/www.ariasassessors.com\/ca\/covid-19-dudas-y-aclaraciones-sobre-ayudas-disponibles-ambitos-estatal-autonomico-y-municipal\/#PROGRAMA_DE_SOPORTE_A_LA_INVERSION_PARA_LA_NUEVA_IMPLANTACION_DE_COMERCIOS_Y_MEJORA_DE_LOS_ESTABLECIMIENTO\" title=\"PROGRAMA DE SOPORTE A LA INVERSION PARA LA NUEVA IMPLANTACION DE COMERCIOS Y MEJORA DE LOS ESTABLECIMIENTO\">PROGRAMA DE SOPORTE A LA INVERSION PARA LA NUEVA IMPLANTACION DE COMERCIOS Y MEJORA DE LOS ESTABLECIMIENTO<\/a><\/li><li class='ez-toc-page-1 ez-toc-heading-level-4'><a class=\"ez-toc-link ez-toc-heading-3\" href=\"https:\/\/www.ariasassessors.com\/ca\/covid-19-dudas-y-aclaraciones-sobre-ayudas-disponibles-ambitos-estatal-autonomico-y-municipal\/#PROGRAMA_DE_REACTIVACION_DE_LA_MODA_CATALANA\" title=\"PROGRAMA DE REACTIVACI\u00d3N DE LA MODA CATALANA\">PROGRAMA DE REACTIVACI\u00d3N DE LA MODA CATALANA<\/a><\/li><li class='ez-toc-page-1 ez-toc-heading-level-4'><a class=\"ez-toc-link ez-toc-heading-4\" href=\"https:\/\/www.ariasassessors.com\/ca\/covid-19-dudas-y-aclaraciones-sobre-ayudas-disponibles-ambitos-estatal-autonomico-y-municipal\/#PROGRAMA_DE_REACTIVACION_DE_LA_EMPRESA_ARTESANA\" title=\"PROGRAMA DE REACTIVACI\u00d3N DE LA EMPRESA ARTESANA\">PROGRAMA DE REACTIVACI\u00d3N DE LA EMPRESA ARTESANA<\/a><\/li><li class='ez-toc-page-1 ez-toc-heading-level-4'><a class=\"ez-toc-link ez-toc-heading-5\" href=\"https:\/\/www.ariasassessors.com\/ca\/covid-19-dudas-y-aclaraciones-sobre-ayudas-disponibles-ambitos-estatal-autonomico-y-municipal\/#AMBITO_MUNICIPAL_AYUDA_DEL_AYUNTAMIENTO_DE_BARCELONA_A_LOS_AUTONOMOS\" title=\"\u00c1MBITO MUNICIPAL: AYUDA DEL AYUNTAMIENTO DE BARCELONA A LOS AUTONOMOS\">\u00c1MBITO MUNICIPAL: AYUDA DEL AYUNTAMIENTO DE BARCELONA A LOS AUTONOMOS<\/a><\/li><li class='ez-toc-page-1 ez-toc-heading-level-4'><a class=\"ez-toc-link ez-toc-heading-6\" href=\"https:\/\/www.ariasassessors.com\/ca\/covid-19-dudas-y-aclaraciones-sobre-ayudas-disponibles-ambitos-estatal-autonomico-y-municipal\/#AMBITO_MUNICIPAL_AYUDA_DEL_AYUNTAMIENTO_DE_SANT_BOI_DE_LLOBREGAT\" title=\"\u00c1MBITO MUNICIPAL: AYUDA DEL AYUNTAMIENTO DE SANT BOI DE LLOBREGAT\">\u00c1MBITO MUNICIPAL: AYUDA DEL AYUNTAMIENTO DE SANT BOI DE LLOBREGAT<\/a><\/li><\/ul><\/nav><\/div>\n<h4><span class=\"ez-toc-section\" id=\"PROGRAMA_DE_REACTIVACION_DEL_COMERCIO\"><\/span><strong>PROGRAMA DE REACTIVACION DEL COMERCIO<\/strong><span class=\"ez-toc-section-end\"><\/span><\/h4>\n<p>Para reactivar el sector del comercio frente a los efectos causados por la declaraci\u00f3n del estado de alarma decretado en <a href=\"https:\/\/boe.es\/buscar\/pdf\/2020\/BOE-A-2020-3692-consolidado.pdf\">RD 463\/2020, de 14 de Marzo<\/a>, la Generalitat ofrecer\u00e1 una ayuda m\u00e1xima de 2.500\u20ac destinada a cualquier gesti\u00f3n que el empresario realice y que pueda suponer una recuperaci\u00f3n o incremento del volumen de ventas, as\u00ed como la estimulaci\u00f3n de la demanda, fortaleciendo la solvencia financiera. Tambi\u00e9n ser\u00e1n subvencionadas aquellas actuaciones que fomenten la creaci\u00f3n de sistemas efectivos y agiles de venta online y su log\u00edstica.<\/p>\n<p>Podr\u00e1n beneficiarse de esta ayuda aquellos profesionales aut\u00f3nomos y empresas de comercio y servicios con establecimiento a pie de calle, as\u00ed como paradas de mercados municipales, que se vieron obligados a cerrar por el estado de alarma o que su facturaci\u00f3n ha bajado m\u00e1s del 70% durante los meses de Marzo y Abril, en comparaci\u00f3n con el a\u00f1o anterior.<\/p>\n<p>Los requisitos para esta subvenci\u00f3n son:<\/p>\n<p>o\u00a0\u00a0 Realizar una declaraci\u00f3n jurada indicando su situaci\u00f3n de cierre forzoso o descenso dr\u00e1stico de facturaci\u00f3n.<\/p>\n<p>o\u00a0\u00a0 \u00a0El beneficiario de la ayuda deber\u00e1 inscribirse en todas las campa\u00f1as de activaci\u00f3n del sector comercial y de servicios, que se impulsen desde CCAM.<\/p>\n<p>La subvenci\u00f3n podr\u00e1 solicitarse a partir del d\u00eda 30-04-2020 hasta el 31-12-2020 o cuando se acaben los fondos de la ayuda. Lamentablemente esta ayuda desde el d\u00eda en que se conoci\u00f3 ya nos sali\u00f3 denegada (que no present\u00e1ramos solicitudes) puesto que qued\u00f3 colapsada desde primera hora de la ma\u00f1ana, as\u00ed que hasta nueva orden o nuevos fondos no se va a poder tramitar. El texto que nos aparece en la web de la Generalitat es:<\/p>\n<p>ATENCI\u00d3! Aquest programa queda suspesa la presentaci\u00f3 de noves sol\u00b7licituds de subvenci\u00f3 at\u00e8s que el n\u00famero de peticions rebudes i pendents de valoraci\u00f3 supera amb escreix el pressupost inicialment assignat per a aquesta l\u00ednia d\u2019ajuts.<\/p>\n<h4><span class=\"ez-toc-section\" id=\"PROGRAMA_DE_SOPORTE_A_LA_INVERSION_PARA_LA_NUEVA_IMPLANTACION_DE_COMERCIOS_Y_MEJORA_DE_LOS_ESTABLECIMIENTO\"><\/span><strong>PROGRAMA DE SOPORTE A LA INVERSION PARA LA NUEVA IMPLANTACION DE COMERCIOS Y MEJORA DE LOS ESTABLECIMIENTO<\/strong><span class=\"ez-toc-section-end\"><\/span><\/h4>\n<p>El objetivo de esta subvenci\u00f3n, es ayudar a los aut\u00f3nomos y empresas de comercio y servicio a dinamizar el sector mediante proyectos de recuperaci\u00f3n de locales vac\u00edos situados\u00a0 en la zona urbana y casco antiguo, as\u00ed como garantizar un comercio \u00f3ptimo y adecuado a cada zona, incrementando el atractivo y rompiendo el continuo comercial mediante reformas de establecimiento con cierto grado de antig\u00fcedad o paradas de mercados municipales.<\/p>\n<p>Para ello existen dos l\u00edneas de actuaci\u00f3n seg\u00fan el \u00e1mbito a subvencionar:<\/p>\n<p>o\u00a0\u00a0 <u>Recuperaci\u00f3n de locales vac\u00edos: <\/u>con una inversi\u00f3n subvencionable m\u00ednima de 2.000\u20ac y cubriendo hasta el 50% de los gastos con un m\u00e1ximo de 5.000\u20ac, destinados para la compra, alquiler o concesi\u00f3n administrativa de locales y la continuidad o ampliaci\u00f3n de la superficie de venta de la empresa.<\/p>\n<p>o\u00a0\u00a0 <u>Reforma de establecimientos: <\/u>con una inversi\u00f3n subvencionable m\u00ednima de 2.000\u20ac y cubriendo hasta el 50% de los gastos con un m\u00e1ximo de 5.000\u20ac, destinados para las paradas de mercados municipales sedentarias o no, as\u00ed como las tiendas a pie de calle con una antig\u00fcedad m\u00ednima de 10 a\u00f1os.<\/p>\n<p>Esta ayuda es incompatible con la ayuda anterior. La subvenci\u00f3n podr\u00e1 solicitarse a partir del d\u00eda 30-04-2020 hasta el 31-12-2020 o cuando se acaben los fondos de la ayuda.<\/p>\n<h4><span class=\"ez-toc-section\" id=\"PROGRAMA_DE_REACTIVACION_DE_LA_MODA_CATALANA\"><\/span><strong>PROGRAMA DE REACTIVACI\u00d3N DE LA MODA CATALANA<\/strong><span class=\"ez-toc-section-end\"><\/span><\/h4>\n<p>Con tal de reactivar el sector de la moda, la Generalitat conceder\u00e1 hasta 2.500\u20ac\u00a0 a aut\u00f3nomos y empresas de dise\u00f1o de moda i textiles que se dediquen exclusivamente a la fabricaci\u00f3n de productos para el sector de la moda y que se hayan visto afectados por el COVID-19, bien por el cierre forzoso o por descenso de facturaci\u00f3n. El objetivo es dar soporte a la fabricaci\u00f3n y comercializaci\u00f3n de los productos catalanes as\u00ed como aumentar el grado de internacionalizaci\u00f3n de las marcas y dise\u00f1adores de Catalunya.<\/p>\n<p>Por ello no podr\u00e1n ser beneficiarios importadores o distribuidores y s\u00f3lo podr\u00e1 ser beneficiario de la ayuda una persona f\u00edsica o jur\u00eddica por cada empresa.<\/p>\n<p>Incompatible con la ayuda anterior de locales y reformas. La subvenci\u00f3n podr\u00e1 solicitarse a partir del d\u00eda 30-04-2020 hasta el 31-12-2020 o cuando se acaben los fondos de la ayuda.<\/p>\n<h4><span class=\"ez-toc-section\" id=\"PROGRAMA_DE_REACTIVACION_DE_LA_EMPRESA_ARTESANA\"><\/span><strong>PROGRAMA DE REACTIVACI\u00d3N DE LA EMPRESA ARTESANA<\/strong><span class=\"ez-toc-section-end\"><\/span><\/h4>\n<p>Desde la Generalitat se promueve una ayuda de hasta 2.500\u20ac para cualquier tipo de actuaci\u00f3n que durante el tiempo de recuperaci\u00f3n econ\u00f3mica que atravesamos promueva un incremento del volumen de negocio y ayude a reactivar la producci\u00f3n y comercializaci\u00f3n de productos artesanos, as\u00ed como la estimulaci\u00f3n de su demanda. Est\u00e1 destinada a aut\u00f3nomos y empresas que desarrollen y tengan dominio t\u00e9cnico de actividades incluidas en el <em>Repertorio de familias de oficios artesanos <\/em>publicado en el anexo del Decreto 182\/2014, de 30 de Septiembre, pudi\u00e9ndose beneficiar una persona f\u00edsica o jur\u00eddica por marca comercial. Quedan excluidas la artesan\u00eda alimentaria y aquella que no\u00a0 est\u00e9 detallada en el citado Repertorio.<\/p>\n<p>Los requisitos para esta ayuda son:<\/p>\n<ul>\n<li>Presentar declaraci\u00f3n responsable que certifique el cese de actividad o el descenso de al menos el 70% de facturaci\u00f3n en los meses de marzo y Abril con respecto del a\u00f1o anterior.<\/li>\n<li>Como m\u00ednimo, un 75% de la pieza\/producto debe ser artesanal.<\/li>\n<li>Si no disponen del carnet de artesano o maestro artesano expedido por la Generalitat, se deber\u00e1 aportar una memoria audiovisual donde se observe la realizaci\u00f3n de la pieza\/producto de complejidad t\u00e9cnica elevada en el oficio vinculado al producto elaborado, con indicaci\u00f3n de los oficios incluidos en el Repertorio que se realicen.<\/li>\n<li>En caso de alquiler o suministros, aparecer como titular.<\/li>\n<li>Los establecimientos se han de destinar a la realizaci\u00f3n de actividades incluidas en el <em>Repertorio de familias de oficios artesanos.<\/em><\/li>\n<\/ul>\n<p>La subvenci\u00f3n podr\u00e1 solicitarse a partir del d\u00eda 30-04-2020 hasta el 31-12-2020 o cuando se acaben los fondos de la ayuda.<\/p>\n<h4><span class=\"ez-toc-section\" id=\"AMBITO_MUNICIPAL_AYUDA_DEL_AYUNTAMIENTO_DE_BARCELONA_A_LOS_AUTONOMOS\"><\/span><strong><u>\u00c1MBITO MUNICIPAL: AYUDA DEL AYUNTAMIENTO DE BARCELONA A LOS AUTONOMOS<\/u><\/strong><span class=\"ez-toc-section-end\"><\/span><\/h4>\n<p>El ayuntamiento de Barcelona, a trav\u00e9s de Barcelona Activa, ofrece una ayuda de 300\u20ac a los trabajadores aut\u00f3nomos de Barcelona m\u00e1s afectados por el COVID-19, ya sea porque han visto caer en m\u00e1s de un 75% sus ventas o porque han tenido que cerrar sus establecimientos o negocio, con la finalidad de que pueda complementarse con las ayudas tramitadas por otras administraciones. Los requisitos para esta prestaci\u00f3n son:<\/p>\n<p>&#8211;\u00a0\u00a0\u00a0\u00a0\u00a0\u00a0\u00a0\u00a0\u00a0 Estar dadas de alta en el r\u00e9gimen Especial de Trabajadores Aut\u00f3nomos (RETA)<\/p>\n<p>&#8211;\u00a0\u00a0\u00a0\u00a0\u00a0\u00a0\u00a0\u00a0\u00a0 Estar empadronados en la ciudad de Barcelona antes de la publicaci\u00f3n de la convocatoria. (No es necesario aportar nada, se revisar\u00e1 de oficio)<\/p>\n<p>&#8211;\u00a0\u00a0\u00a0\u00a0\u00a0\u00a0\u00a0\u00a0\u00a0 Que tengan reconocida la Prestaci\u00f3n Econ\u00f3mica Extraordinaria promovida por el Estado.<\/p>\n<p>&#8211;\u00a0\u00a0\u00a0\u00a0\u00a0\u00a0\u00a0\u00a0\u00a0 Estar al corriente de pago de pago de AEAT, SS e IMH- Ayuntamiento de BCN<\/p>\n<p>Se podr\u00e1 solicitar a partir del 20-05 hasta el 30-09 de 2020 telem\u00e1ticamente, por lo que ser\u00e1 necesario tener el certificado digital para poder acceder y firmar las solicitudes.<\/p>\n<h4><span class=\"ez-toc-section\" id=\"AMBITO_MUNICIPAL_AYUDA_DEL_AYUNTAMIENTO_DE_SANT_BOI_DE_LLOBREGAT\"><\/span><strong><u>\u00c1MBITO MUNICIPAL: AYUDA DEL AYUNTAMIENTO DE SANT BOI DE LLOBREGAT<\/u><\/strong><span class=\"ez-toc-section-end\"><\/span><\/h4>\n<p>Con el objetivo de poder dar soporte y ayuda a las personas que han sufrido una disminuci\u00f3n de sus ingresos a causa de la pandemia que atravesamos, el ayuntamiento de Sant Boi de Ll. ha abierto una l\u00ednea de ayuda municipal de 450\u20ac compatible con cualquier otra ayuda que se pueda haber solicitado debido a esta causa. Se debe estar empadronado en Sant Boi al menos desde el 1-1-2020. El resto de requisitos para esta ayuda son:<\/p>\n<p>&#8211;\u00a0\u00a0\u00a0\u00a0\u00a0\u00a0\u00a0\u00a0\u00a0 Que en la unidad conviviente, al menos una persona se encuentre en situaci\u00f3n de paro (ERTO o finalizaci\u00f3n de contrato), disminuci\u00f3n o cese de actividades a causa del COVID-19.<\/p>\n<p>&#8211;\u00a0\u00a0\u00a0\u00a0\u00a0\u00a0\u00a0\u00a0\u00a0 La media de ingresos netos de la unidad conviviente debe haber disminuido un m\u00ednimo del 30% respecto meses anteriores.<\/p>\n<p>&#8211;\u00a0\u00a0\u00a0\u00a0\u00a0\u00a0\u00a0\u00a0\u00a0 \u00a0Que los ingresos de la unidad conviviente no superen 1.5 veces el IRSC ponderado, es decir:<\/p>\n<p>1\u00a0\u00a0\u00a0\u00a0\u00a0\u00a0\u00a0\u00a0 miembro: 1.138,24\u20ac\/mensual \/ 2 miembros: 1.173,44\u20ac\/mensual \/ 3 miembros: 1.223,91\u20ac\/mensual \/ 4 miembros: 1.264,71\u20ac\/mensual. El pago que se realiza de hipoteca o alquiler del hogar se descuentan de estas cantidades para el c\u00e1lculo.<\/p>\n<p>&#8211;\u00a0\u00a0\u00a0\u00a0\u00a0\u00a0\u00a0\u00a0\u00a0 Que la unidad familiar no disponga de fondos propios superiores a los 5.000\u20ac<\/p>\n<p>&#8211;\u00a0\u00a0\u00a0\u00a0\u00a0\u00a0\u00a0\u00a0\u00a0 Que no se tenga expediente abierto en los Servicios Sociales.<\/p>\n<p>Podr\u00e1 solicitarse telem\u00e1ticamente, con o sin certificado digital, a partir del 30-04-2020 y mientras dure el estado de alarma.<\/p>\n<p>Desde<a href=\"https:\/\/www.ariasassessors.com\/\"> Arias Assessors<\/a> facilitamos la documentaci\u00f3n necesaria para la tramitaci\u00f3n de estas ayudas, pero debido al colapso de trabajo que tenemos tanto nosotros como el resto de gestor\u00edas y asesor\u00edas, nos vemos en la obligaci\u00f3n de comunicarles que no tramitaremos m\u00e1s peticiones de las ya recibidas en este sentido, y que en caso de que por falta de medios, recursos tecnol\u00f3gicos o tiempo etc\u2026 nos pidan que por necesidad lo hagamos nosotros, nos veremos en la obligaci\u00f3n de repercutir al cliente unos honorarios de gesti\u00f3n de 50\u20ac por ayuda \/servicio. Muchas gracias por su comprensi\u00f3n.<\/p>\n","protected":false},"excerpt":{"rendered":"<p>Distinguidos clientes, para el d\u00eda de hoy queremos hacerles un peque\u00f1o repaso de dudas y requisitos respecto a nuevas ayudas en este per\u00edodo de estado de alarma por COVID 19. Vamos a aclarar un poco m\u00e1s las grandes ayudas que existen en la actualidad, en&#8230;<\/p>\n","protected":false},"author":2,"featured_media":1129,"comment_status":"open","ping_status":"open","sticky":false,"template":"","format":"standard","meta":{"footnotes":""},"categories":[4],"tags":[225,453],"class_list":["post-1124","post","type-post","status-publish","format-standard","has-post-thumbnail","hentry","category-noticies","tag-autonomos-ca","tag-coronavirus-ca"],"yoast_head":"<!-- This site is optimized with the Yoast SEO plugin v24.3 - https:\/\/yoast.com\/wordpress\/plugins\/seo\/ -->\n<title>AYUDAS \u00c1MBITOS ESTATAL, AUTON\u00d3MICO Y MUNICIPAL<\/title>\n<meta name=\"description\" content=\"Nuevas ayudas en este per\u00edodo de estado de alarma por COVID 19. Vamos a aclarar un poco m\u00e1s las grandes ayudas que existen en la actualidad\" \/>\n<meta name=\"robots\" content=\"index, follow, max-snippet:-1, max-image-preview:large, max-video-preview:-1\" \/>\n<link rel=\"canonical\" href=\"https:\/\/www.ariasassessors.com\/ca\/covid-19-dudas-y-aclaraciones-sobre-ayudas-disponibles-ambitos-estatal-autonomico-y-municipal\/\" \/>\n<meta property=\"og:locale\" content=\"ca_ES\" \/>\n<meta property=\"og:type\" content=\"article\" \/>\n<meta property=\"og:title\" content=\"AYUDAS \u00c1MBITOS ESTATAL, AUTON\u00d3MICO Y MUNICIPAL\" \/>\n<meta property=\"og:description\" content=\"Nuevas ayudas en este per\u00edodo de estado de alarma por COVID 19. Vamos a aclarar un poco m\u00e1s las grandes ayudas que existen en la actualidad\" \/>\n<meta property=\"og:url\" content=\"https:\/\/www.ariasassessors.com\/ca\/covid-19-dudas-y-aclaraciones-sobre-ayudas-disponibles-ambitos-estatal-autonomico-y-municipal\/\" \/>\n<meta property=\"og:site_name\" content=\"Arias Assessors\" \/>\n<meta property=\"article:publisher\" content=\"https:\/\/www.facebook.com\/ariasassessors\/\" \/>\n<meta property=\"article:published_time\" content=\"2020-05-07T14:25:25+00:00\" \/>\n<meta property=\"article:modified_time\" content=\"2020-05-07T16:03:30+00:00\" \/>\n<meta property=\"og:image\" content=\"https:\/\/www.ariasassessors.com\/wp-content\/uploads\/2020\/05\/nl_arias_marzo-VIRUS_09.gif\" \/>\n\t<meta property=\"og:image:width\" content=\"600\" \/>\n\t<meta property=\"og:image:height\" content=\"357\" \/>\n\t<meta property=\"og:image:type\" content=\"image\/gif\" \/>\n<meta name=\"author\" content=\"btorras\" \/>\n<meta name=\"twitter:card\" content=\"summary_large_image\" \/>\n<meta name=\"twitter:creator\" content=\"@ariasassessors\" \/>\n<meta name=\"twitter:site\" content=\"@ariasassessors\" \/>\n<meta name=\"twitter:label1\" content=\"Escrit per\" \/>\n\t<meta name=\"twitter:data1\" content=\"btorras\" \/>\n\t<meta name=\"twitter:label2\" content=\"Temps estimat de lectura\" \/>\n\t<meta name=\"twitter:data2\" content=\"11 minuts\" \/>\n<script type=\"application\/ld+json\" class=\"yoast-schema-graph\">{\"@context\":\"https:\/\/schema.org\",\"@graph\":[{\"@type\":\"Article\",\"@id\":\"https:\/\/www.ariasassessors.com\/ca\/covid-19-dudas-y-aclaraciones-sobre-ayudas-disponibles-ambitos-estatal-autonomico-y-municipal\/#article\",\"isPartOf\":{\"@id\":\"https:\/\/www.ariasassessors.com\/ca\/covid-19-dudas-y-aclaraciones-sobre-ayudas-disponibles-ambitos-estatal-autonomico-y-municipal\/\"},\"author\":{\"name\":\"btorras\",\"@id\":\"https:\/\/www.ariasassessors.com\/#\/schema\/person\/63c6ad1775f0a9413c37932562673cef\"},\"headline\":\"COVID-19: DUDAS Y ACLARACIONES SOBRE AYUDAS DISPONIBLES \u00c1MBITOS ESTATAL, AUTON\u00d3MICO Y MUNICIPAL\",\"datePublished\":\"2020-05-07T14:25:25+00:00\",\"dateModified\":\"2020-05-07T16:03:30+00:00\",\"mainEntityOfPage\":{\"@id\":\"https:\/\/www.ariasassessors.com\/ca\/covid-19-dudas-y-aclaraciones-sobre-ayudas-disponibles-ambitos-estatal-autonomico-y-municipal\/\"},\"wordCount\":2275,\"commentCount\":0,\"publisher\":{\"@id\":\"https:\/\/www.ariasassessors.com\/#organization\"},\"image\":{\"@id\":\"https:\/\/www.ariasassessors.com\/ca\/covid-19-dudas-y-aclaraciones-sobre-ayudas-disponibles-ambitos-estatal-autonomico-y-municipal\/#primaryimage\"},\"thumbnailUrl\":\"https:\/\/www.ariasassessors.com\/wp-content\/uploads\/2020\/05\/nl_arias_marzo-VIRUS_09.gif\",\"keywords\":[\"aut\u00f2noms\",\"COVID\"],\"articleSection\":[\"noticies\"],\"inLanguage\":\"ca\",\"potentialAction\":[{\"@type\":\"CommentAction\",\"name\":\"Comment\",\"target\":[\"https:\/\/www.ariasassessors.com\/ca\/covid-19-dudas-y-aclaraciones-sobre-ayudas-disponibles-ambitos-estatal-autonomico-y-municipal\/#respond\"]}]},{\"@type\":\"WebPage\",\"@id\":\"https:\/\/www.ariasassessors.com\/ca\/covid-19-dudas-y-aclaraciones-sobre-ayudas-disponibles-ambitos-estatal-autonomico-y-municipal\/\",\"url\":\"https:\/\/www.ariasassessors.com\/ca\/covid-19-dudas-y-aclaraciones-sobre-ayudas-disponibles-ambitos-estatal-autonomico-y-municipal\/\",\"name\":\"AYUDAS \u00c1MBITOS ESTATAL, AUTON\u00d3MICO Y MUNICIPAL\",\"isPartOf\":{\"@id\":\"https:\/\/www.ariasassessors.com\/#website\"},\"primaryImageOfPage\":{\"@id\":\"https:\/\/www.ariasassessors.com\/ca\/covid-19-dudas-y-aclaraciones-sobre-ayudas-disponibles-ambitos-estatal-autonomico-y-municipal\/#primaryimage\"},\"image\":{\"@id\":\"https:\/\/www.ariasassessors.com\/ca\/covid-19-dudas-y-aclaraciones-sobre-ayudas-disponibles-ambitos-estatal-autonomico-y-municipal\/#primaryimage\"},\"thumbnailUrl\":\"https:\/\/www.ariasassessors.com\/wp-content\/uploads\/2020\/05\/nl_arias_marzo-VIRUS_09.gif\",\"datePublished\":\"2020-05-07T14:25:25+00:00\",\"dateModified\":\"2020-05-07T16:03:30+00:00\",\"description\":\"Nuevas ayudas en este per\u00edodo de estado de alarma por COVID 19. Vamos a aclarar un poco m\u00e1s las grandes ayudas que existen en la actualidad\",\"breadcrumb\":{\"@id\":\"https:\/\/www.ariasassessors.com\/ca\/covid-19-dudas-y-aclaraciones-sobre-ayudas-disponibles-ambitos-estatal-autonomico-y-municipal\/#breadcrumb\"},\"inLanguage\":\"ca\",\"potentialAction\":[{\"@type\":\"ReadAction\",\"target\":[\"https:\/\/www.ariasassessors.com\/ca\/covid-19-dudas-y-aclaraciones-sobre-ayudas-disponibles-ambitos-estatal-autonomico-y-municipal\/\"]}]},{\"@type\":\"ImageObject\",\"inLanguage\":\"ca\",\"@id\":\"https:\/\/www.ariasassessors.com\/ca\/covid-19-dudas-y-aclaraciones-sobre-ayudas-disponibles-ambitos-estatal-autonomico-y-municipal\/#primaryimage\",\"url\":\"https:\/\/www.ariasassessors.com\/wp-content\/uploads\/2020\/05\/nl_arias_marzo-VIRUS_09.gif\",\"contentUrl\":\"https:\/\/www.ariasassessors.com\/wp-content\/uploads\/2020\/05\/nl_arias_marzo-VIRUS_09.gif\",\"width\":600,\"height\":357,\"caption\":\"Ayudas covid-19\"},{\"@type\":\"BreadcrumbList\",\"@id\":\"https:\/\/www.ariasassessors.com\/ca\/covid-19-dudas-y-aclaraciones-sobre-ayudas-disponibles-ambitos-estatal-autonomico-y-municipal\/#breadcrumb\",\"itemListElement\":[{\"@type\":\"ListItem\",\"position\":1,\"name\":\"Portada\",\"item\":\"https:\/\/www.ariasassessors.com\/ca\/\"},{\"@type\":\"ListItem\",\"position\":2,\"name\":\"COVID-19: DUDAS Y ACLARACIONES SOBRE AYUDAS DISPONIBLES \u00c1MBITOS ESTATAL, AUTON\u00d3MICO Y MUNICIPAL\"}]},{\"@type\":\"WebSite\",\"@id\":\"https:\/\/www.ariasassessors.com\/#website\",\"url\":\"https:\/\/www.ariasassessors.com\/\",\"name\":\"Arias Assessors\",\"description\":\"Asesor\u00eda para aut\u00f3nomos, profesionales y PYMES\",\"publisher\":{\"@id\":\"https:\/\/www.ariasassessors.com\/#organization\"},\"potentialAction\":[{\"@type\":\"SearchAction\",\"target\":{\"@type\":\"EntryPoint\",\"urlTemplate\":\"https:\/\/www.ariasassessors.com\/?s={search_term_string}\"},\"query-input\":{\"@type\":\"PropertyValueSpecification\",\"valueRequired\":true,\"valueName\":\"search_term_string\"}}],\"inLanguage\":\"ca\"},{\"@type\":\"Organization\",\"@id\":\"https:\/\/www.ariasassessors.com\/#organization\",\"name\":\"Arias Assessors\",\"url\":\"https:\/\/www.ariasassessors.com\/\",\"logo\":{\"@type\":\"ImageObject\",\"inLanguage\":\"ca\",\"@id\":\"https:\/\/www.ariasassessors.com\/#\/schema\/logo\/image\/\",\"url\":\"https:\/\/www.ariasassessors.com\/wp-content\/uploads\/2019\/01\/arias-logo.png\",\"contentUrl\":\"https:\/\/www.ariasassessors.com\/wp-content\/uploads\/2019\/01\/arias-logo.png\",\"width\":349,\"height\":254,\"caption\":\"Arias Assessors\"},\"image\":{\"@id\":\"https:\/\/www.ariasassessors.com\/#\/schema\/logo\/image\/\"},\"sameAs\":[\"https:\/\/www.facebook.com\/ariasassessors\/\",\"https:\/\/x.com\/ariasassessors\",\"https:\/\/www.linkedin.com\/company\/r&amp;amp;r-growing-knowledge\/\"]},{\"@type\":\"Person\",\"@id\":\"https:\/\/www.ariasassessors.com\/#\/schema\/person\/63c6ad1775f0a9413c37932562673cef\",\"name\":\"btorras\",\"image\":{\"@type\":\"ImageObject\",\"inLanguage\":\"ca\",\"@id\":\"https:\/\/www.ariasassessors.com\/#\/schema\/person\/image\/\",\"url\":\"https:\/\/secure.gravatar.com\/avatar\/0531db351fc361fdbfd204c58fa2d6a3?s=96&d=mm&r=g\",\"contentUrl\":\"https:\/\/secure.gravatar.com\/avatar\/0531db351fc361fdbfd204c58fa2d6a3?s=96&d=mm&r=g\",\"caption\":\"btorras\"}}]}<\/script>\n<!-- \/ Yoast SEO plugin. -->","yoast_head_json":{"title":"AYUDAS \u00c1MBITOS ESTATAL, AUTON\u00d3MICO Y MUNICIPAL","description":"Nuevas ayudas en este per\u00edodo de estado de alarma por COVID 19. Vamos a aclarar un poco m\u00e1s las grandes ayudas que existen en la actualidad","robots":{"index":"index","follow":"follow","max-snippet":"max-snippet:-1","max-image-preview":"max-image-preview:large","max-video-preview":"max-video-preview:-1"},"canonical":"https:\/\/www.ariasassessors.com\/ca\/covid-19-dudas-y-aclaraciones-sobre-ayudas-disponibles-ambitos-estatal-autonomico-y-municipal\/","og_locale":"ca_ES","og_type":"article","og_title":"AYUDAS \u00c1MBITOS ESTATAL, AUTON\u00d3MICO Y MUNICIPAL","og_description":"Nuevas ayudas en este per\u00edodo de estado de alarma por COVID 19. Vamos a aclarar un poco m\u00e1s las grandes ayudas que existen en la actualidad","og_url":"https:\/\/www.ariasassessors.com\/ca\/covid-19-dudas-y-aclaraciones-sobre-ayudas-disponibles-ambitos-estatal-autonomico-y-municipal\/","og_site_name":"Arias Assessors","article_publisher":"https:\/\/www.facebook.com\/ariasassessors\/","article_published_time":"2020-05-07T14:25:25+00:00","article_modified_time":"2020-05-07T16:03:30+00:00","og_image":[{"width":600,"height":357,"url":"https:\/\/www.ariasassessors.com\/wp-content\/uploads\/2020\/05\/nl_arias_marzo-VIRUS_09.gif","type":"image\/gif"}],"author":"btorras","twitter_card":"summary_large_image","twitter_creator":"@ariasassessors","twitter_site":"@ariasassessors","twitter_misc":{"Escrit per":"btorras","Temps estimat de lectura":"11 minuts"},"schema":{"@context":"https:\/\/schema.org","@graph":[{"@type":"Article","@id":"https:\/\/www.ariasassessors.com\/ca\/covid-19-dudas-y-aclaraciones-sobre-ayudas-disponibles-ambitos-estatal-autonomico-y-municipal\/#article","isPartOf":{"@id":"https:\/\/www.ariasassessors.com\/ca\/covid-19-dudas-y-aclaraciones-sobre-ayudas-disponibles-ambitos-estatal-autonomico-y-municipal\/"},"author":{"name":"btorras","@id":"https:\/\/www.ariasassessors.com\/#\/schema\/person\/63c6ad1775f0a9413c37932562673cef"},"headline":"COVID-19: DUDAS Y ACLARACIONES SOBRE AYUDAS DISPONIBLES \u00c1MBITOS ESTATAL, AUTON\u00d3MICO Y MUNICIPAL","datePublished":"2020-05-07T14:25:25+00:00","dateModified":"2020-05-07T16:03:30+00:00","mainEntityOfPage":{"@id":"https:\/\/www.ariasassessors.com\/ca\/covid-19-dudas-y-aclaraciones-sobre-ayudas-disponibles-ambitos-estatal-autonomico-y-municipal\/"},"wordCount":2275,"commentCount":0,"publisher":{"@id":"https:\/\/www.ariasassessors.com\/#organization"},"image":{"@id":"https:\/\/www.ariasassessors.com\/ca\/covid-19-dudas-y-aclaraciones-sobre-ayudas-disponibles-ambitos-estatal-autonomico-y-municipal\/#primaryimage"},"thumbnailUrl":"https:\/\/www.ariasassessors.com\/wp-content\/uploads\/2020\/05\/nl_arias_marzo-VIRUS_09.gif","keywords":["aut\u00f2noms","COVID"],"articleSection":["noticies"],"inLanguage":"ca","potentialAction":[{"@type":"CommentAction","name":"Comment","target":["https:\/\/www.ariasassessors.com\/ca\/covid-19-dudas-y-aclaraciones-sobre-ayudas-disponibles-ambitos-estatal-autonomico-y-municipal\/#respond"]}]},{"@type":"WebPage","@id":"https:\/\/www.ariasassessors.com\/ca\/covid-19-dudas-y-aclaraciones-sobre-ayudas-disponibles-ambitos-estatal-autonomico-y-municipal\/","url":"https:\/\/www.ariasassessors.com\/ca\/covid-19-dudas-y-aclaraciones-sobre-ayudas-disponibles-ambitos-estatal-autonomico-y-municipal\/","name":"AYUDAS \u00c1MBITOS ESTATAL, AUTON\u00d3MICO Y MUNICIPAL","isPartOf":{"@id":"https:\/\/www.ariasassessors.com\/#website"},"primaryImageOfPage":{"@id":"https:\/\/www.ariasassessors.com\/ca\/covid-19-dudas-y-aclaraciones-sobre-ayudas-disponibles-ambitos-estatal-autonomico-y-municipal\/#primaryimage"},"image":{"@id":"https:\/\/www.ariasassessors.com\/ca\/covid-19-dudas-y-aclaraciones-sobre-ayudas-disponibles-ambitos-estatal-autonomico-y-municipal\/#primaryimage"},"thumbnailUrl":"https:\/\/www.ariasassessors.com\/wp-content\/uploads\/2020\/05\/nl_arias_marzo-VIRUS_09.gif","datePublished":"2020-05-07T14:25:25+00:00","dateModified":"2020-05-07T16:03:30+00:00","description":"Nuevas ayudas en este per\u00edodo de estado de alarma por COVID 19. Vamos a aclarar un poco m\u00e1s las grandes ayudas que existen en la actualidad","breadcrumb":{"@id":"https:\/\/www.ariasassessors.com\/ca\/covid-19-dudas-y-aclaraciones-sobre-ayudas-disponibles-ambitos-estatal-autonomico-y-municipal\/#breadcrumb"},"inLanguage":"ca","potentialAction":[{"@type":"ReadAction","target":["https:\/\/www.ariasassessors.com\/ca\/covid-19-dudas-y-aclaraciones-sobre-ayudas-disponibles-ambitos-estatal-autonomico-y-municipal\/"]}]},{"@type":"ImageObject","inLanguage":"ca","@id":"https:\/\/www.ariasassessors.com\/ca\/covid-19-dudas-y-aclaraciones-sobre-ayudas-disponibles-ambitos-estatal-autonomico-y-municipal\/#primaryimage","url":"https:\/\/www.ariasassessors.com\/wp-content\/uploads\/2020\/05\/nl_arias_marzo-VIRUS_09.gif","contentUrl":"https:\/\/www.ariasassessors.com\/wp-content\/uploads\/2020\/05\/nl_arias_marzo-VIRUS_09.gif","width":600,"height":357,"caption":"Ayudas covid-19"},{"@type":"BreadcrumbList","@id":"https:\/\/www.ariasassessors.com\/ca\/covid-19-dudas-y-aclaraciones-sobre-ayudas-disponibles-ambitos-estatal-autonomico-y-municipal\/#breadcrumb","itemListElement":[{"@type":"ListItem","position":1,"name":"Portada","item":"https:\/\/www.ariasassessors.com\/ca\/"},{"@type":"ListItem","position":2,"name":"COVID-19: DUDAS Y ACLARACIONES SOBRE AYUDAS DISPONIBLES \u00c1MBITOS ESTATAL, AUTON\u00d3MICO Y MUNICIPAL"}]},{"@type":"WebSite","@id":"https:\/\/www.ariasassessors.com\/#website","url":"https:\/\/www.ariasassessors.com\/","name":"Arias Assessors","description":"Asesor\u00eda para aut\u00f3nomos, profesionales y PYMES","publisher":{"@id":"https:\/\/www.ariasassessors.com\/#organization"},"potentialAction":[{"@type":"SearchAction","target":{"@type":"EntryPoint","urlTemplate":"https:\/\/www.ariasassessors.com\/?s={search_term_string}"},"query-input":{"@type":"PropertyValueSpecification","valueRequired":true,"valueName":"search_term_string"}}],"inLanguage":"ca"},{"@type":"Organization","@id":"https:\/\/www.ariasassessors.com\/#organization","name":"Arias Assessors","url":"https:\/\/www.ariasassessors.com\/","logo":{"@type":"ImageObject","inLanguage":"ca","@id":"https:\/\/www.ariasassessors.com\/#\/schema\/logo\/image\/","url":"https:\/\/www.ariasassessors.com\/wp-content\/uploads\/2019\/01\/arias-logo.png","contentUrl":"https:\/\/www.ariasassessors.com\/wp-content\/uploads\/2019\/01\/arias-logo.png","width":349,"height":254,"caption":"Arias Assessors"},"image":{"@id":"https:\/\/www.ariasassessors.com\/#\/schema\/logo\/image\/"},"sameAs":["https:\/\/www.facebook.com\/ariasassessors\/","https:\/\/x.com\/ariasassessors","https:\/\/www.linkedin.com\/company\/r&amp;amp;r-growing-knowledge\/"]},{"@type":"Person","@id":"https:\/\/www.ariasassessors.com\/#\/schema\/person\/63c6ad1775f0a9413c37932562673cef","name":"btorras","image":{"@type":"ImageObject","inLanguage":"ca","@id":"https:\/\/www.ariasassessors.com\/#\/schema\/person\/image\/","url":"https:\/\/secure.gravatar.com\/avatar\/0531db351fc361fdbfd204c58fa2d6a3?s=96&d=mm&r=g","contentUrl":"https:\/\/secure.gravatar.com\/avatar\/0531db351fc361fdbfd204c58fa2d6a3?s=96&d=mm&r=g","caption":"btorras"}}]}},"_links":{"self":[{"href":"https:\/\/www.ariasassessors.com\/ca\/wp-json\/wp\/v2\/posts\/1124","targetHints":{"allow":["GET"]}}],"collection":[{"href":"https:\/\/www.ariasassessors.com\/ca\/wp-json\/wp\/v2\/posts"}],"about":[{"href":"https:\/\/www.ariasassessors.com\/ca\/wp-json\/wp\/v2\/types\/post"}],"author":[{"embeddable":true,"href":"https:\/\/www.ariasassessors.com\/ca\/wp-json\/wp\/v2\/users\/2"}],"replies":[{"embeddable":true,"href":"https:\/\/www.ariasassessors.com\/ca\/wp-json\/wp\/v2\/comments?post=1124"}],"version-history":[{"count":1,"href":"https:\/\/www.ariasassessors.com\/ca\/wp-json\/wp\/v2\/posts\/1124\/revisions"}],"predecessor-version":[{"id":1127,"href":"https:\/\/www.ariasassessors.com\/ca\/wp-json\/wp\/v2\/posts\/1124\/revisions\/1127"}],"wp:featuredmedia":[{"embeddable":true,"href":"https:\/\/www.ariasassessors.com\/ca\/wp-json\/wp\/v2\/media\/1129"}],"wp:attachment":[{"href":"https:\/\/www.ariasassessors.com\/ca\/wp-json\/wp\/v2\/media?parent=1124"}],"wp:term":[{"taxonomy":"category","embeddable":true,"href":"https:\/\/www.ariasassessors.com\/ca\/wp-json\/wp\/v2\/categories?post=1124"},{"taxonomy":"post_tag","embeddable":true,"href":"https:\/\/www.ariasassessors.com\/ca\/wp-json\/wp\/v2\/tags?post=1124"}],"curies":[{"name":"wp","href":"https:\/\/api.w.org\/{rel}","templated":true}]}}