{"id":1132,"date":"2020-05-08T13:02:12","date_gmt":"2020-05-08T11:02:12","guid":{"rendered":"https:\/\/www.ariasassessors.com\/nota-informativa-ertes-fuerza-mayor\/"},"modified":"2020-05-08T14:09:41","modified_gmt":"2020-05-08T12:09:41","slug":"nota-informativa-ertes-fuerza-mayor","status":"publish","type":"post","link":"https:\/\/www.ariasassessors.com\/ca\/nota-informativa-ertes-fuerza-mayor\/","title":{"rendered":"NOTA INFORMATIVA ERTES FUERZA MAYOR"},"content":{"rendered":"<p>NOTA INFORMATIVA SOBRE EXPEDIENTES DE REGULACION TEMPORAL DE EMPLEO (ERTES) POR CAUSA DE FUERZA MAYOR<\/p>\n<ol>\n<li>FORMAS DE FINALIZACI\u00d3N DE LOS ERTES<\/li>\n<\/ol>\n<p>Los ERTE por causa mayor aprobados en virtud del <a href=\"https:\/\/www.boe.es\/diario_boe\/txt.php?id=BOE-A-2020-3692\">Real Decreto 463\/2020, de 14 de marzo<\/a>, que decreta el Estado de Alarma consecuencia del COVID-A9 de fuerza mayor, y por el Real Decreto Ley 8\/2020, de 17 de marzo, puede finalizar de las siguientes formas:<\/p>\n<p>1.- FIN DEL ESTADO DE ALARMA: Con la regulaci\u00f3n actual los ERTES por fuerza mayor se extinguen actualmente con la finalizaci\u00f3n del estado de alarma que, a fecha de hoy, se ha acordado prorrogarse hasta el pr\u00f3ximo d\u00eda 24 de mayo de 2020, sin perjuicio de posteriores pr\u00f3rrogas<\/p>\n<p>Nota: Las pr\u00f3rrogas se acuerdan por decisi\u00f3n del Consejo de Ministros que debe ser aprobada por el Congreso de los Diputados, aprobaci\u00f3n que se produce con una antelaci\u00f3n aproximada de 5 o 6 d\u00edas a la finalizaci\u00f3n del estado de alarma; es decir, en caso de haber nueva pr\u00f3rroga, \u00e9sta se decidir\u00e1 entre el 19 y 20 de mayo de 2020<\/p>\n<p>2.- POR DECISI\u00d3N DE LA EMPRESA AFECTADA POR EL ERTE DE FORMA TOTAL:<\/p>\n<p>La empresa puede decidir en cualquier momento y con anterioridad a la finalizaci\u00f3n del estado de alarma, si desafecta del ERTE a la totalidad de la plantilla. Para ello, dicha desafectaci\u00f3n deber\u00e1 de comunicarse al INSS y al SEPE a los efectos, respectivamente, de cursar de nuevo el alta en el R\u00e9gimen General de Seguridad Social, y la baja en la prestaci\u00f3n de desempleo.<\/p>\n<ol>\n<li>DESAFECTACI\u00d3N PARCIAL DEL ERTE<\/li>\n<\/ol>\n<p>La desafectaci\u00f3n parcial y progresiva es una medida que no se encuentra recogida en la normativa laboral que, con car\u00e1cter excepcional, se ha aprobado durante la crisis sanitaria. No obstante, tras las declaraciones recientes de la responsable del Ministerio de Trabajo, ha sido admitida en Criterio de la Direcci\u00f3n General de Empleo publicado en fecha 1 de mayo de 2020 y habilitado por el propio SEPE de forma inmediata.<\/p>\n<p>Por tanto, la Empresa puede decidir a su conveniencia si desafecta o desvincula del ERTE a todos o a parte de los trabajadores, ya sea de forma simult\u00e1nea o progresiva. Para ello, al igual que en el supuesto anterior dicha decisi\u00f3n deber\u00e1 de comunicarse al INSS y al SEPE a los efectos, respectivamente, de cursar de nuevo el alta en el R\u00e9gimen General de Seguridad Social, y la baja en la prestaci\u00f3n de desempleo.<\/p>\n<p>C)MODIFICACI\u00d3N DE LAS CONDICIONES DEL ERTE: Acerca de la posibilidad de modificar las condiciones del ERTE, pasando de <u>suspensi\u00f3n de contrato del trabajador afectado a reducci\u00f3n de su jornada<\/u><u>.<\/u><\/p>\n<p>A fecha de hoy, respecto a dicha posibilidad, anticipada por la Direcci\u00f3n General de Empleo en el Criterio de 1 de mayo de 2020 arriba mencionado, \u00a0a\u00fan no ha sido habilitado por el SEPE el mecanismo para poder llevarlo a cabo, sin perjuicio de que pueda serlo en los pr\u00f3ximos d\u00edas.<\/p>\n<p>D)PR\u00d3RROGA DE LOS ERTES POR FUERZA MAYOR M\u00c1S ALL\u00c1 DEL ESTADO DE ALARMA:<\/p>\n<p>A falta de publicaci\u00f3n en el BOE del Decreto-Ley de la forma y condiciones de la eventual pr\u00f3rroga, de los ERTES por causa de fuerza mayor m\u00e1s all\u00e1 del periodo de alarma, en el d\u00eda de ayer se ha cerrado un acuerdo entre la Patronal, los Sindicatos y el Gobierno. Seg\u00fan dicho acuerdo, una vez finalizado el estado de alarma, en funci\u00f3n de los sectores de actividad, ser\u00e1 posible prorrogar los ERTES por FUERZA MAYOR hasta final del mes de junio y, en alg\u00fan sector, incluso m\u00e1s all\u00e1 de dicha fecha<\/p>\n<p>Nota Importante: Una vez el trabajador sea desvinculado del ERTE, no ser\u00e1 posible incluirlo de nuevo, a no ser que se inicie un nuevo ERTE por causas productivas, econ\u00f3micas u organizativas por parte de la empresa<\/p>\n<p>En Barcelona, a 8 de mayo de 2020<\/p>\n","protected":false},"excerpt":{"rendered":"<p>NOTA INFORMATIVA SOBRE EXPEDIENTES DE REGULACION TEMPORAL DE EMPLEO (ERTES) POR CAUSA DE FUERZA MAYOR FORMAS DE FINALIZACI\u00d3N DE LOS ERTES Los ERTE por causa mayor aprobados en virtud del Real Decreto 463\/2020, de 14 de marzo, que decreta el Estado de Alarma consecuencia del&#8230;<\/p>\n","protected":false},"author":2,"featured_media":1134,"comment_status":"open","ping_status":"open","sticky":false,"template":"","format":"standard","meta":{"footnotes":""},"categories":[4],"tags":[454,453,483],"class_list":["post-1132","post","type-post","status-publish","format-standard","has-post-thumbnail","hentry","category-noticies","tag-coronavirus-ambito-laboral-ca","tag-coronavirus-ca","tag-erte-ca"],"yoast_head":"<!-- This site is optimized with the Yoast SEO plugin v24.3 - https:\/\/yoast.com\/wordpress\/plugins\/seo\/ -->\n<title>NOTA INFORMATIVA ERTES FUERZA MAYOR | Arias Assessors<\/title>\n<meta name=\"description\" content=\"Nota informativa sobre expedientes de regulaci\u00f3n temporal de empleo (ERTES) por causa de fuerza mayor. 1- Formas de finalizaci\u00f3n de los ERTES\" \/>\n<meta name=\"robots\" content=\"index, follow, max-snippet:-1, max-image-preview:large, max-video-preview:-1\" \/>\n<link rel=\"canonical\" href=\"https:\/\/www.ariasassessors.com\/ca\/nota-informativa-ertes-fuerza-mayor\/\" \/>\n<meta property=\"og:locale\" content=\"ca_ES\" \/>\n<meta property=\"og:type\" content=\"article\" \/>\n<meta property=\"og:title\" content=\"NOTA INFORMATIVA ERTES FUERZA MAYOR | Arias Assessors\" \/>\n<meta property=\"og:description\" content=\"Nota informativa sobre expedientes de regulaci\u00f3n temporal de empleo (ERTES) por causa de fuerza mayor. 1- Formas de finalizaci\u00f3n de los ERTES\" \/>\n<meta property=\"og:url\" content=\"https:\/\/www.ariasassessors.com\/ca\/nota-informativa-ertes-fuerza-mayor\/\" \/>\n<meta property=\"og:site_name\" content=\"Arias Assessors\" \/>\n<meta property=\"article:publisher\" content=\"https:\/\/www.facebook.com\/ariasassessors\/\" \/>\n<meta property=\"article:published_time\" content=\"2020-05-08T11:02:12+00:00\" \/>\n<meta property=\"article:modified_time\" content=\"2020-05-08T12:09:41+00:00\" \/>\n<meta property=\"og:image\" content=\"https:\/\/www.ariasassessors.com\/wp-content\/uploads\/2020\/05\/8-m_09.gif\" \/>\n\t<meta property=\"og:image:width\" content=\"600\" \/>\n\t<meta property=\"og:image:height\" content=\"357\" \/>\n\t<meta property=\"og:image:type\" content=\"image\/gif\" \/>\n<meta name=\"author\" content=\"btorras\" \/>\n<meta name=\"twitter:card\" content=\"summary_large_image\" \/>\n<meta name=\"twitter:creator\" content=\"@ariasassessors\" \/>\n<meta name=\"twitter:site\" content=\"@ariasassessors\" \/>\n<meta name=\"twitter:label1\" content=\"Escrit per\" \/>\n\t<meta name=\"twitter:data1\" content=\"btorras\" \/>\n\t<meta name=\"twitter:label2\" content=\"Temps estimat de lectura\" \/>\n\t<meta name=\"twitter:data2\" content=\"3 minuts\" \/>\n<script type=\"application\/ld+json\" class=\"yoast-schema-graph\">{\"@context\":\"https:\/\/schema.org\",\"@graph\":[{\"@type\":\"Article\",\"@id\":\"https:\/\/www.ariasassessors.com\/ca\/nota-informativa-ertes-fuerza-mayor\/#article\",\"isPartOf\":{\"@id\":\"https:\/\/www.ariasassessors.com\/ca\/nota-informativa-ertes-fuerza-mayor\/\"},\"author\":{\"name\":\"btorras\",\"@id\":\"https:\/\/www.ariasassessors.com\/#\/schema\/person\/63c6ad1775f0a9413c37932562673cef\"},\"headline\":\"NOTA INFORMATIVA ERTES FUERZA MAYOR\",\"datePublished\":\"2020-05-08T11:02:12+00:00\",\"dateModified\":\"2020-05-08T12:09:41+00:00\",\"mainEntityOfPage\":{\"@id\":\"https:\/\/www.ariasassessors.com\/ca\/nota-informativa-ertes-fuerza-mayor\/\"},\"wordCount\":661,\"commentCount\":0,\"publisher\":{\"@id\":\"https:\/\/www.ariasassessors.com\/#organization\"},\"image\":{\"@id\":\"https:\/\/www.ariasassessors.com\/ca\/nota-informativa-ertes-fuerza-mayor\/#primaryimage\"},\"thumbnailUrl\":\"https:\/\/www.ariasassessors.com\/wp-content\/uploads\/2020\/05\/8-m_09.gif\",\"keywords\":[\"coronavirus ambito laboral\",\"COVID\",\"ERTE\"],\"articleSection\":[\"noticies\"],\"inLanguage\":\"ca\",\"potentialAction\":[{\"@type\":\"CommentAction\",\"name\":\"Comment\",\"target\":[\"https:\/\/www.ariasassessors.com\/ca\/nota-informativa-ertes-fuerza-mayor\/#respond\"]}]},{\"@type\":\"WebPage\",\"@id\":\"https:\/\/www.ariasassessors.com\/ca\/nota-informativa-ertes-fuerza-mayor\/\",\"url\":\"https:\/\/www.ariasassessors.com\/ca\/nota-informativa-ertes-fuerza-mayor\/\",\"name\":\"NOTA INFORMATIVA ERTES FUERZA MAYOR | Arias Assessors\",\"isPartOf\":{\"@id\":\"https:\/\/www.ariasassessors.com\/#website\"},\"primaryImageOfPage\":{\"@id\":\"https:\/\/www.ariasassessors.com\/ca\/nota-informativa-ertes-fuerza-mayor\/#primaryimage\"},\"image\":{\"@id\":\"https:\/\/www.ariasassessors.com\/ca\/nota-informativa-ertes-fuerza-mayor\/#primaryimage\"},\"thumbnailUrl\":\"https:\/\/www.ariasassessors.com\/wp-content\/uploads\/2020\/05\/8-m_09.gif\",\"datePublished\":\"2020-05-08T11:02:12+00:00\",\"dateModified\":\"2020-05-08T12:09:41+00:00\",\"description\":\"Nota informativa sobre expedientes de regulaci\u00f3n temporal de empleo (ERTES) por causa de fuerza mayor. 1- Formas de finalizaci\u00f3n de los ERTES\",\"breadcrumb\":{\"@id\":\"https:\/\/www.ariasassessors.com\/ca\/nota-informativa-ertes-fuerza-mayor\/#breadcrumb\"},\"inLanguage\":\"ca\",\"potentialAction\":[{\"@type\":\"ReadAction\",\"target\":[\"https:\/\/www.ariasassessors.com\/ca\/nota-informativa-ertes-fuerza-mayor\/\"]}]},{\"@type\":\"ImageObject\",\"inLanguage\":\"ca\",\"@id\":\"https:\/\/www.ariasassessors.com\/ca\/nota-informativa-ertes-fuerza-mayor\/#primaryimage\",\"url\":\"https:\/\/www.ariasassessors.com\/wp-content\/uploads\/2020\/05\/8-m_09.gif\",\"contentUrl\":\"https:\/\/www.ariasassessors.com\/wp-content\/uploads\/2020\/05\/8-m_09.gif\",\"width\":600,\"height\":357,\"caption\":\"Erte\"},{\"@type\":\"BreadcrumbList\",\"@id\":\"https:\/\/www.ariasassessors.com\/ca\/nota-informativa-ertes-fuerza-mayor\/#breadcrumb\",\"itemListElement\":[{\"@type\":\"ListItem\",\"position\":1,\"name\":\"Portada\",\"item\":\"https:\/\/www.ariasassessors.com\/ca\/\"},{\"@type\":\"ListItem\",\"position\":2,\"name\":\"NOTA INFORMATIVA ERTES FUERZA MAYOR\"}]},{\"@type\":\"WebSite\",\"@id\":\"https:\/\/www.ariasassessors.com\/#website\",\"url\":\"https:\/\/www.ariasassessors.com\/\",\"name\":\"Arias Assessors\",\"description\":\"Asesor\u00eda para aut\u00f3nomos, profesionales y PYMES\",\"publisher\":{\"@id\":\"https:\/\/www.ariasassessors.com\/#organization\"},\"potentialAction\":[{\"@type\":\"SearchAction\",\"target\":{\"@type\":\"EntryPoint\",\"urlTemplate\":\"https:\/\/www.ariasassessors.com\/?s={search_term_string}\"},\"query-input\":{\"@type\":\"PropertyValueSpecification\",\"valueRequired\":true,\"valueName\":\"search_term_string\"}}],\"inLanguage\":\"ca\"},{\"@type\":\"Organization\",\"@id\":\"https:\/\/www.ariasassessors.com\/#organization\",\"name\":\"Arias Assessors\",\"url\":\"https:\/\/www.ariasassessors.com\/\",\"logo\":{\"@type\":\"ImageObject\",\"inLanguage\":\"ca\",\"@id\":\"https:\/\/www.ariasassessors.com\/#\/schema\/logo\/image\/\",\"url\":\"https:\/\/www.ariasassessors.com\/wp-content\/uploads\/2019\/01\/arias-logo.png\",\"contentUrl\":\"https:\/\/www.ariasassessors.com\/wp-content\/uploads\/2019\/01\/arias-logo.png\",\"width\":349,\"height\":254,\"caption\":\"Arias Assessors\"},\"image\":{\"@id\":\"https:\/\/www.ariasassessors.com\/#\/schema\/logo\/image\/\"},\"sameAs\":[\"https:\/\/www.facebook.com\/ariasassessors\/\",\"https:\/\/x.com\/ariasassessors\",\"https:\/\/www.linkedin.com\/company\/r&amp;amp;r-growing-knowledge\/\"]},{\"@type\":\"Person\",\"@id\":\"https:\/\/www.ariasassessors.com\/#\/schema\/person\/63c6ad1775f0a9413c37932562673cef\",\"name\":\"btorras\",\"image\":{\"@type\":\"ImageObject\",\"inLanguage\":\"ca\",\"@id\":\"https:\/\/www.ariasassessors.com\/#\/schema\/person\/image\/\",\"url\":\"https:\/\/secure.gravatar.com\/avatar\/0531db351fc361fdbfd204c58fa2d6a3?s=96&d=mm&r=g\",\"contentUrl\":\"https:\/\/secure.gravatar.com\/avatar\/0531db351fc361fdbfd204c58fa2d6a3?s=96&d=mm&r=g\",\"caption\":\"btorras\"}}]}<\/script>\n<!-- \/ Yoast SEO plugin. -->","yoast_head_json":{"title":"NOTA INFORMATIVA ERTES FUERZA MAYOR | Arias Assessors","description":"Nota informativa sobre expedientes de regulaci\u00f3n temporal de empleo (ERTES) por causa de fuerza mayor. 1- Formas de finalizaci\u00f3n de los ERTES","robots":{"index":"index","follow":"follow","max-snippet":"max-snippet:-1","max-image-preview":"max-image-preview:large","max-video-preview":"max-video-preview:-1"},"canonical":"https:\/\/www.ariasassessors.com\/ca\/nota-informativa-ertes-fuerza-mayor\/","og_locale":"ca_ES","og_type":"article","og_title":"NOTA INFORMATIVA ERTES FUERZA MAYOR | Arias Assessors","og_description":"Nota informativa sobre expedientes de regulaci\u00f3n temporal de empleo (ERTES) por causa de fuerza mayor. 1- Formas de finalizaci\u00f3n de los ERTES","og_url":"https:\/\/www.ariasassessors.com\/ca\/nota-informativa-ertes-fuerza-mayor\/","og_site_name":"Arias Assessors","article_publisher":"https:\/\/www.facebook.com\/ariasassessors\/","article_published_time":"2020-05-08T11:02:12+00:00","article_modified_time":"2020-05-08T12:09:41+00:00","og_image":[{"width":600,"height":357,"url":"https:\/\/www.ariasassessors.com\/wp-content\/uploads\/2020\/05\/8-m_09.gif","type":"image\/gif"}],"author":"btorras","twitter_card":"summary_large_image","twitter_creator":"@ariasassessors","twitter_site":"@ariasassessors","twitter_misc":{"Escrit per":"btorras","Temps estimat de lectura":"3 minuts"},"schema":{"@context":"https:\/\/schema.org","@graph":[{"@type":"Article","@id":"https:\/\/www.ariasassessors.com\/ca\/nota-informativa-ertes-fuerza-mayor\/#article","isPartOf":{"@id":"https:\/\/www.ariasassessors.com\/ca\/nota-informativa-ertes-fuerza-mayor\/"},"author":{"name":"btorras","@id":"https:\/\/www.ariasassessors.com\/#\/schema\/person\/63c6ad1775f0a9413c37932562673cef"},"headline":"NOTA INFORMATIVA ERTES FUERZA MAYOR","datePublished":"2020-05-08T11:02:12+00:00","dateModified":"2020-05-08T12:09:41+00:00","mainEntityOfPage":{"@id":"https:\/\/www.ariasassessors.com\/ca\/nota-informativa-ertes-fuerza-mayor\/"},"wordCount":661,"commentCount":0,"publisher":{"@id":"https:\/\/www.ariasassessors.com\/#organization"},"image":{"@id":"https:\/\/www.ariasassessors.com\/ca\/nota-informativa-ertes-fuerza-mayor\/#primaryimage"},"thumbnailUrl":"https:\/\/www.ariasassessors.com\/wp-content\/uploads\/2020\/05\/8-m_09.gif","keywords":["coronavirus ambito laboral","COVID","ERTE"],"articleSection":["noticies"],"inLanguage":"ca","potentialAction":[{"@type":"CommentAction","name":"Comment","target":["https:\/\/www.ariasassessors.com\/ca\/nota-informativa-ertes-fuerza-mayor\/#respond"]}]},{"@type":"WebPage","@id":"https:\/\/www.ariasassessors.com\/ca\/nota-informativa-ertes-fuerza-mayor\/","url":"https:\/\/www.ariasassessors.com\/ca\/nota-informativa-ertes-fuerza-mayor\/","name":"NOTA INFORMATIVA ERTES FUERZA MAYOR | Arias Assessors","isPartOf":{"@id":"https:\/\/www.ariasassessors.com\/#website"},"primaryImageOfPage":{"@id":"https:\/\/www.ariasassessors.com\/ca\/nota-informativa-ertes-fuerza-mayor\/#primaryimage"},"image":{"@id":"https:\/\/www.ariasassessors.com\/ca\/nota-informativa-ertes-fuerza-mayor\/#primaryimage"},"thumbnailUrl":"https:\/\/www.ariasassessors.com\/wp-content\/uploads\/2020\/05\/8-m_09.gif","datePublished":"2020-05-08T11:02:12+00:00","dateModified":"2020-05-08T12:09:41+00:00","description":"Nota informativa sobre expedientes de regulaci\u00f3n temporal de empleo (ERTES) por causa de fuerza mayor. 1- Formas de finalizaci\u00f3n de los ERTES","breadcrumb":{"@id":"https:\/\/www.ariasassessors.com\/ca\/nota-informativa-ertes-fuerza-mayor\/#breadcrumb"},"inLanguage":"ca","potentialAction":[{"@type":"ReadAction","target":["https:\/\/www.ariasassessors.com\/ca\/nota-informativa-ertes-fuerza-mayor\/"]}]},{"@type":"ImageObject","inLanguage":"ca","@id":"https:\/\/www.ariasassessors.com\/ca\/nota-informativa-ertes-fuerza-mayor\/#primaryimage","url":"https:\/\/www.ariasassessors.com\/wp-content\/uploads\/2020\/05\/8-m_09.gif","contentUrl":"https:\/\/www.ariasassessors.com\/wp-content\/uploads\/2020\/05\/8-m_09.gif","width":600,"height":357,"caption":"Erte"},{"@type":"BreadcrumbList","@id":"https:\/\/www.ariasassessors.com\/ca\/nota-informativa-ertes-fuerza-mayor\/#breadcrumb","itemListElement":[{"@type":"ListItem","position":1,"name":"Portada","item":"https:\/\/www.ariasassessors.com\/ca\/"},{"@type":"ListItem","position":2,"name":"NOTA INFORMATIVA ERTES FUERZA MAYOR"}]},{"@type":"WebSite","@id":"https:\/\/www.ariasassessors.com\/#website","url":"https:\/\/www.ariasassessors.com\/","name":"Arias Assessors","description":"Asesor\u00eda para aut\u00f3nomos, profesionales y PYMES","publisher":{"@id":"https:\/\/www.ariasassessors.com\/#organization"},"potentialAction":[{"@type":"SearchAction","target":{"@type":"EntryPoint","urlTemplate":"https:\/\/www.ariasassessors.com\/?s={search_term_string}"},"query-input":{"@type":"PropertyValueSpecification","valueRequired":true,"valueName":"search_term_string"}}],"inLanguage":"ca"},{"@type":"Organization","@id":"https:\/\/www.ariasassessors.com\/#organization","name":"Arias Assessors","url":"https:\/\/www.ariasassessors.com\/","logo":{"@type":"ImageObject","inLanguage":"ca","@id":"https:\/\/www.ariasassessors.com\/#\/schema\/logo\/image\/","url":"https:\/\/www.ariasassessors.com\/wp-content\/uploads\/2019\/01\/arias-logo.png","contentUrl":"https:\/\/www.ariasassessors.com\/wp-content\/uploads\/2019\/01\/arias-logo.png","width":349,"height":254,"caption":"Arias Assessors"},"image":{"@id":"https:\/\/www.ariasassessors.com\/#\/schema\/logo\/image\/"},"sameAs":["https:\/\/www.facebook.com\/ariasassessors\/","https:\/\/x.com\/ariasassessors","https:\/\/www.linkedin.com\/company\/r&amp;amp;r-growing-knowledge\/"]},{"@type":"Person","@id":"https:\/\/www.ariasassessors.com\/#\/schema\/person\/63c6ad1775f0a9413c37932562673cef","name":"btorras","image":{"@type":"ImageObject","inLanguage":"ca","@id":"https:\/\/www.ariasassessors.com\/#\/schema\/person\/image\/","url":"https:\/\/secure.gravatar.com\/avatar\/0531db351fc361fdbfd204c58fa2d6a3?s=96&d=mm&r=g","contentUrl":"https:\/\/secure.gravatar.com\/avatar\/0531db351fc361fdbfd204c58fa2d6a3?s=96&d=mm&r=g","caption":"btorras"}}]}},"_links":{"self":[{"href":"https:\/\/www.ariasassessors.com\/ca\/wp-json\/wp\/v2\/posts\/1132","targetHints":{"allow":["GET"]}}],"collection":[{"href":"https:\/\/www.ariasassessors.com\/ca\/wp-json\/wp\/v2\/posts"}],"about":[{"href":"https:\/\/www.ariasassessors.com\/ca\/wp-json\/wp\/v2\/types\/post"}],"author":[{"embeddable":true,"href":"https:\/\/www.ariasassessors.com\/ca\/wp-json\/wp\/v2\/users\/2"}],"replies":[{"embeddable":true,"href":"https:\/\/www.ariasassessors.com\/ca\/wp-json\/wp\/v2\/comments?post=1132"}],"version-history":[{"count":1,"href":"https:\/\/www.ariasassessors.com\/ca\/wp-json\/wp\/v2\/posts\/1132\/revisions"}],"predecessor-version":[{"id":1135,"href":"https:\/\/www.ariasassessors.com\/ca\/wp-json\/wp\/v2\/posts\/1132\/revisions\/1135"}],"wp:featuredmedia":[{"embeddable":true,"href":"https:\/\/www.ariasassessors.com\/ca\/wp-json\/wp\/v2\/media\/1134"}],"wp:attachment":[{"href":"https:\/\/www.ariasassessors.com\/ca\/wp-json\/wp\/v2\/media?parent=1132"}],"wp:term":[{"taxonomy":"category","embeddable":true,"href":"https:\/\/www.ariasassessors.com\/ca\/wp-json\/wp\/v2\/categories?post=1132"},{"taxonomy":"post_tag","embeddable":true,"href":"https:\/\/www.ariasassessors.com\/ca\/wp-json\/wp\/v2\/tags?post=1132"}],"curies":[{"name":"wp","href":"https:\/\/api.w.org\/{rel}","templated":true}]}}