{"id":1148,"date":"2020-05-18T10:32:45","date_gmt":"2020-05-18T08:32:45","guid":{"rendered":"https:\/\/www.ariasassessors.com\/comunicado-sobre-las-novedades-legislativas-establecidas-en-el-real-decreto-ley-18-2020-de-12-de-mayo-en-relacion-a-expedientes-de-regulacion-temporal-de-empleo-ertes-por-causa-de-fuerza-mayor-y-c\/"},"modified":"2020-05-18T10:32:45","modified_gmt":"2020-05-18T08:32:45","slug":"comunicado-sobre-las-novedades-legislativas-establecidas-en-el-real-decreto-ley-18-2020-de-12-de-mayo-en-relacion-a-expedientes-de-regulacion-temporal-de-empleo-ertes-por-causa-de-fuerza-mayor-y-c","status":"publish","type":"post","link":"https:\/\/www.ariasassessors.com\/ca\/comunicado-sobre-las-novedades-legislativas-establecidas-en-el-real-decreto-ley-18-2020-de-12-de-mayo-en-relacion-a-expedientes-de-regulacion-temporal-de-empleo-ertes-por-causa-de-fuerza-mayor-y-c\/","title":{"rendered":"EXPEDIENTES ERTE: NOVEDADES LEGISLATIVAS RDL 18\/2020 DE 12 DE MAYO"},"content":{"rendered":"<p>\u201cDistinguidos clientes,<\/p>\n<p>Por gentileza del Sr. Pedro Pablo Le\u00f3n, abogado laboralista que muchos de ustedes ya conocen como colaborador directo de Arias Assessors, les hacemos llegar un resumen detallado de la actual situaci\u00f3n referente a los expedientes ERTE tramitados:<\/p>\n<div id=\"ez-toc-container\" class=\"ez-toc-v2_0_72 counter-hierarchy ez-toc-counter ez-toc-grey ez-toc-container-direction\">\n<div class=\"ez-toc-title-container\">\n<p class=\"ez-toc-title\" style=\"cursor:inherit\">\u00cdndice de Contenidos<\/p>\n<span class=\"ez-toc-title-toggle\"><a href=\"#\" class=\"ez-toc-pull-right ez-toc-btn ez-toc-btn-xs ez-toc-btn-default ez-toc-toggle\" aria-label=\"Toggle Table of Content\"><span class=\"ez-toc-js-icon-con\"><span class=\"\"><span class=\"eztoc-hide\" style=\"display:none;\">Toggle<\/span><span class=\"ez-toc-icon-toggle-span\"><svg style=\"fill: #428bca;color:#428bca\" xmlns=\"http:\/\/www.w3.org\/2000\/svg\" class=\"list-377408\" width=\"20px\" height=\"20px\" viewBox=\"0 0 24 24\" fill=\"none\"><path d=\"M6 6H4v2h2V6zm14 0H8v2h12V6zM4 11h2v2H4v-2zm16 0H8v2h12v-2zM4 16h2v2H4v-2zm16 0H8v2h12v-2z\" fill=\"currentColor\"><\/path><\/svg><svg style=\"fill: #428bca;color:#428bca\" class=\"arrow-unsorted-368013\" xmlns=\"http:\/\/www.w3.org\/2000\/svg\" width=\"10px\" height=\"10px\" viewBox=\"0 0 24 24\" version=\"1.2\" baseProfile=\"tiny\"><path d=\"M18.2 9.3l-6.2-6.3-6.2 6.3c-.2.2-.3.4-.3.7s.1.5.3.7c.2.2.4.3.7.3h11c.3 0 .5-.1.7-.3.2-.2.3-.5.3-.7s-.1-.5-.3-.7zM5.8 14.7l6.2 6.3 6.2-6.3c.2-.2.3-.5.3-.7s-.1-.5-.3-.7c-.2-.2-.4-.3-.7-.3h-11c-.3 0-.5.1-.7.3-.2.2-.3.5-.3.7s.1.5.3.7z\"\/><\/svg><\/span><\/span><\/span><\/a><\/span><\/div>\n<nav><ul class='ez-toc-list ez-toc-list-level-1 eztoc-toggle-hide-by-default' ><li class='ez-toc-page-1 ez-toc-heading-level-5'><a class=\"ez-toc-link ez-toc-heading-1\" href=\"https:\/\/www.ariasassessors.com\/ca\/comunicado-sobre-las-novedades-legislativas-establecidas-en-el-real-decreto-ley-18-2020-de-12-de-mayo-en-relacion-a-expedientes-de-regulacion-temporal-de-empleo-ertes-por-causa-de-fuerza-mayor-y-c\/#COMUNICADO_SOBRE_LAS_NOVEDADES_LEGISLATIVAS_ESTABLECIDAS_EN_EL_REAL_DECRETO_LEY_182020_DE_12_DE_MAYO_EN_RELACION_A_EXPEDIENTES_DE_REGULACION_TEMPORAL_DE_EMPLEO_ERTES_POR_CAUSA_DE_FUERZA_MAYOR_Y_CAUSAS_PRODUCTIVAS_ORGANIZATIVAS_O_ECONOMICAS\" title=\"COMUNICADO SOBRE LAS NOVEDADES LEGISLATIVAS ESTABLECIDAS EN EL REAL DECRETO LEY 18\/2020, DE 12 DE MAYO, EN RELACION A EXPEDIENTES DE REGULACION TEMPORAL DE EMPLEO (ERTES) POR CAUSA DE FUERZA MAYOR Y CAUSAS PRODUCTIVAS, ORGANIZATIVAS O ECON\u00d3MICAS\">COMUNICADO SOBRE LAS NOVEDADES LEGISLATIVAS ESTABLECIDAS EN EL REAL DECRETO LEY 18\/2020, DE 12 DE MAYO, EN RELACION A EXPEDIENTES DE REGULACION TEMPORAL DE EMPLEO (ERTES) POR CAUSA DE FUERZA MAYOR Y CAUSAS PRODUCTIVAS, ORGANIZATIVAS O ECON\u00d3MICAS<\/a><ul class='ez-toc-list-level-6' ><li class='ez-toc-heading-level-6'><a class=\"ez-toc-link ez-toc-heading-2\" href=\"https:\/\/www.ariasassessors.com\/ca\/comunicado-sobre-las-novedades-legislativas-establecidas-en-el-real-decreto-ley-18-2020-de-12-de-mayo-en-relacion-a-expedientes-de-regulacion-temporal-de-empleo-ertes-por-causa-de-fuerza-mayor-y-c\/#1a-_ERTES_por_FUERZA_MAYOR\" title=\"1\u00aa,.- \u00a0ERTES por FUERZA MAYOR.\">1\u00aa,.- \u00a0ERTES por FUERZA MAYOR.<\/a><\/li><li class='ez-toc-page-1 ez-toc-heading-level-6'><a class=\"ez-toc-link ez-toc-heading-3\" href=\"https:\/\/www.ariasassessors.com\/ca\/comunicado-sobre-las-novedades-legislativas-establecidas-en-el-real-decreto-ley-18-2020-de-12-de-mayo-en-relacion-a-expedientes-de-regulacion-temporal-de-empleo-ertes-por-causa-de-fuerza-mayor-y-c\/#2a-_Nueva_modalidad_de_ERTES_ERTES_por_FUERZA_MAYOR_PARCIAL\" title=\"2\u00aa.- Nueva modalidad de ERTES: ERTES por FUERZA MAYOR PARCIAL\">2\u00aa.- Nueva modalidad de ERTES: ERTES por FUERZA MAYOR PARCIAL<\/a><\/li><li class='ez-toc-page-1 ez-toc-heading-level-6'><a class=\"ez-toc-link ez-toc-heading-4\" href=\"https:\/\/www.ariasassessors.com\/ca\/comunicado-sobre-las-novedades-legislativas-establecidas-en-el-real-decreto-ley-18-2020-de-12-de-mayo-en-relacion-a-expedientes-de-regulacion-temporal-de-empleo-ertes-por-causa-de-fuerza-mayor-y-c\/#3a-_Novedades_en_materia_de_COTIZACION_A_LA_SEGURIDAD_SOCIAL\" title=\"3\u00aa.- Novedades en materia de COTIZACI\u00d3N A LA SEGURIDAD SOCIAL\">3\u00aa.- Novedades en materia de COTIZACI\u00d3N A LA SEGURIDAD SOCIAL<\/a><\/li><li class='ez-toc-page-1 ez-toc-heading-level-6'><a class=\"ez-toc-link ez-toc-heading-5\" href=\"https:\/\/www.ariasassessors.com\/ca\/comunicado-sobre-las-novedades-legislativas-establecidas-en-el-real-decreto-ley-18-2020-de-12-de-mayo-en-relacion-a-expedientes-de-regulacion-temporal-de-empleo-ertes-por-causa-de-fuerza-mayor-y-c\/#4a-_Novedades_en_los_ERTES_por_causas_tecnicas_economicas_productivas_u_organizativas_ETOP\" title=\"4\u00aa.- Novedades en los ERTES por causas t\u00e9cnicas, econ\u00f3micas, productivas u organizativas (ETOP)\">4\u00aa.- Novedades en los ERTES por causas t\u00e9cnicas, econ\u00f3micas, productivas u organizativas (ETOP)<\/a><\/li><li class='ez-toc-page-1 ez-toc-heading-level-6'><a class=\"ez-toc-link ez-toc-heading-6\" href=\"https:\/\/www.ariasassessors.com\/ca\/comunicado-sobre-las-novedades-legislativas-establecidas-en-el-real-decreto-ley-18-2020-de-12-de-mayo-en-relacion-a-expedientes-de-regulacion-temporal-de-empleo-ertes-por-causa-de-fuerza-mayor-y-c\/#5a_Novedades_en_cuanto_al_compromiso_de_mantenimiento_del_empleo_establecido_en_la_Disposicion_Adicional_Sexta_del_RD_Ley_82020\" title=\"5\u00aa. Novedades en cuanto al compromiso de mantenimiento del empleo establecido en la Disposici\u00f3n Adicional Sexta del R.D. Ley 8\/2020.\">5\u00aa. Novedades en cuanto al compromiso de mantenimiento del empleo establecido en la Disposici\u00f3n Adicional Sexta del R.D. Ley 8\/2020.<\/a><\/li><\/ul><\/li><\/ul><\/nav><\/div>\n<h5><span class=\"ez-toc-section\" id=\"COMUNICADO_SOBRE_LAS_NOVEDADES_LEGISLATIVAS_ESTABLECIDAS_EN_EL_REAL_DECRETO_LEY_182020_DE_12_DE_MAYO_EN_RELACION_A_EXPEDIENTES_DE_REGULACION_TEMPORAL_DE_EMPLEO_ERTES_POR_CAUSA_DE_FUERZA_MAYOR_Y_CAUSAS_PRODUCTIVAS_ORGANIZATIVAS_O_ECONOMICAS\"><\/span>COMUNICADO SOBRE LAS NOVEDADES LEGISLATIVAS ESTABLECIDAS EN EL REAL DECRETO LEY 18\/2020, DE 12 DE MAYO, EN RELACION A EXPEDIENTES DE REGULACION TEMPORAL DE EMPLEO (ERTES) POR CAUSA DE FUERZA MAYOR Y CAUSAS PRODUCTIVAS, ORGANIZATIVAS O ECON\u00d3MICAS<span class=\"ez-toc-section-end\"><\/span><\/h5>\n<h6><span class=\"ez-toc-section\" id=\"1a-_ERTES_por_FUERZA_MAYOR\"><\/span>1\u00aa<u>,.- \u00a0<\/u><u>ERTES por FUERZA MAYOR<\/u>.<span class=\"ez-toc-section-end\"><\/span><\/h6>\n<p>Los ERTES por FUERZA MAYOR aprobados en virtud del Real Decreto 463\/2020, de 14 de marzo, que decreta el Estado de Alarma consecuencia del COVID-A9 de fuerza mayor, y por el Real Decreto Ley 8\/2020, de 17 de marzo, quedan en la siguiente situaci\u00f3n:<\/p>\n<p>1\u00ba.- La <u>duraci\u00f3n<\/u> de los mismos <u>ya no queda vinculada a la duraci\u00f3n del estado de alarma<\/u> \u2013 hasta el 25 de mayo, a fecha de hoy-, sino que <u>subsistir\u00e1n mientras se mantengan las causas que impidan el reinicio de la actividad de la empresa y en ning\u00fan caso m\u00e1s all\u00e1 del 30 de junio de 2020<\/u>. En cualquier caso, se prev\u00e9 la posibilidad de que, por Acuerdo del Consejo de Ministros, los ERTES se puedan prorrogar m\u00e1s all\u00e1 del 30 de junio en algunos sectores de actividad, si persisten las restricciones de actividad de empresas por razones sanitarias.<\/p>\n<h6><span class=\"ez-toc-section\" id=\"2a-_Nueva_modalidad_de_ERTES_ERTES_por_FUERZA_MAYOR_PARCIAL\"><\/span>2\u00aa.- Nueva modalidad de ERTES: <u>ERTES por FUERZA MAYOR PARCIAL<\/u><span class=\"ez-toc-section-end\"><\/span><\/h6>\n<p>Con el fin de afrontar la desescalada y para permitir la reincorporaci\u00f3n parcial de los trabajadores afectados por una suspensi\u00f3n de sus contratos, se establece una nueva modalidad de Expediente de Regulaci\u00f3n de Empleo, el ERTE por FUERZA MAYOR PARCIAL, cuya duraci\u00f3n se extiende tambi\u00e9n hasta el 30 de junio de 2020.<\/p>\n<p>Se refiere con este t\u00e9rmino a la posibilidad de que las empresas que se han acogido a un ERTE por FUERZA MAYOR, en la medida que vayan recuperando su actividad, puedan ir desafectando del ERTE a uno o varios trabajadores vinculados al mismo, o incluso pasar de un ERTE de suspensi\u00f3n a un ERTE de reducci\u00f3n de jornada, lo que supone un menor impacto econ\u00f3mico sobre la persona trabajadora. La posibilidad de desafectar a los trabajadores de forma completa del ERTE est\u00e1 habilitada en el SEPE desde el pasado 1 de mayo de 2020, estando pendiente de habilitarse en los pr\u00f3ximos d\u00edas el mecanismo o herramienta necesaria para desafectar parcialmente al trabajador mediante la reducci\u00f3n de su jornada.<\/p>\n<h6><span class=\"ez-toc-section\" id=\"3a-_Novedades_en_materia_de_COTIZACION_A_LA_SEGURIDAD_SOCIAL\"><\/span>3\u00aa.- <u>Novedades en materia de COTIZACI\u00d3N A LA SEGURIDAD SOCIAL<\/u><span class=\"ez-toc-section-end\"><\/span><\/h6>\n<p>Para el caso de los ERTES por FUERZA MAYOR que no hayan desvinculado a ning\u00fan trabajador continuar\u00e1n disfrutando de las exenciones de cotizaci\u00f3n tanto de la cuota empresarial como de la cuota conjunta hasta el final del periodo de alarma y, seg\u00fan se deduce del redactado del RD Ley 18\/2020, (no lo dice de forma expresa), tambi\u00e9n hasta el 30 de junio de 2020 si el estado de alarma finaliza con anterioridad a dicha<\/p>\n<p>Sin embargo, en los casos de ERTES por FUERZA MAYOR PARCIAL, podr\u00e1n beneficiarse de una exoneraci\u00f3n de cuotas de Seguridad Social durante los meses de mayo y junio de 2020, aunque ya no es una exoneraci\u00f3n total, sino que se aplica de la siguiente forma:<\/p>\n<ul>\n<li>Exoneraci\u00f3n de un 85% en mayo y 70% en junio para los trabajadores desafectados que vuelvan a la actividad<\/li>\n<li>Exoneraci\u00f3n del 60% en mayo y 45% en junio para los trabajadores que contin\u00faen afectados por el ERTES.<\/li>\n<\/ul>\n<p>Las citadas exenciones se aplicar\u00e1n por la Tesorer\u00eda General de la Seguridad Social, si bien las empresas deber\u00e1n comunicar previamente mediante una declaraci\u00f3n responsable la situaci\u00f3n de fuerza mayor total o parcial, e identificar a los trabajadores afectados y el periodo de suspensi\u00f3n o reducci\u00f3n de jornada.<\/p>\n<h6><span class=\"ez-toc-section\" id=\"4a-_Novedades_en_los_ERTES_por_causas_tecnicas_economicas_productivas_u_organizativas_ETOP\"><\/span>4\u00aa.- <u>Novedades en los ERTES por causas t\u00e9cnicas, econ\u00f3micas, productivas u organizativas (ETOP)<\/u><span class=\"ez-toc-section-end\"><\/span><\/h6>\n<p>La novedad para este tipo de ERTES es que se establece la posibilidad de concatenarlos con los ERTES por FUERZA MAYOR y as\u00ed, aprovechar las ventajas, tanto en simplificaci\u00f3n de tr\u00e1mites como acortamiento de plazos\u00a0 ofrece el art. 23 del RD. Ley 8\/2020, de 17 de marzo.<\/p>\n<p>Es decir, si la empresa tiene intenci\u00f3n de solicitar un ERTE por causas t\u00e9cnicas, organizativas o productivas cuando finalice el ERTE POR FUERZA MAYOR, en caso de iniciarlo antes del 30 de junio de 2020, obtendr\u00eda las siguientes ventajas:<\/p>\n<ul>\n<li>Los efectos se retrotraen a la fecha de finalizaci\u00f3n del ERTE por FUERZA MAYOR, sucedi\u00e9ndose de forma inmediata ambos ERTES.<\/li>\n<li>Los tr\u00e1mites y plazos para reducci\u00f3n y\/o suspensi\u00f3n de jornada son m\u00e1s sencillos y cortos, respectivamente.<\/li>\n<\/ul>\n<h6><span class=\"ez-toc-section\" id=\"5a_Novedades_en_cuanto_al_compromiso_de_mantenimiento_del_empleo_establecido_en_la_Disposicion_Adicional_Sexta_del_RD_Ley_82020\"><\/span>5\u00aa. <u>Novedades en cuanto al compromiso de mantenimiento del empleo establecido en la Disposici\u00f3n Adicional Sexta del R.D. Ley 8\/2020<\/u>.<span class=\"ez-toc-section-end\"><\/span><\/h6>\n<p>Con la modificaci\u00f3n de dicha Disposici\u00f3n Adicional Sexta establecida en el Real Decreto 18\/2020, el compromiso de mantenimiento del empleo de los 6 meses posteriores a la finalizaci\u00f3n de los ERTES,\u00a0 s\u00f3lo se aplicar\u00e1 a las empresas que se hayan acogido a un ERTE de FUERZA MAYOR, no en el caso de ERTES por CAUSAS T\u00c9CNICAS, PRODUCTIVAS, ECON\u00d3MICAS U ORGANIZATIVAS.<\/p>\n<p>Al mismo tiempo el Real Decreto Ley 18\/2020, nos clarifica cu\u00e1les son las <u>consecuencias<\/u> del incumplimiento del compromiso de mantenimiento del empleo, que ser\u00e1n la <u>devoluci\u00f3n de la totalidad de cotizaciones cuyas cuotas se han visto exoneradas, con el recargo y los intereses de demora correspondientes<\/u><\/p>\n<p>Por \u00faltimo, tambi\u00e9n se aclara que no constituye incumplimiento del compromiso las extinciones de los contratos que, antes de los seis meses se produzcan por las siguientes causas:<\/p>\n<ul>\n<li>Dimisi\u00f3n del trabajador por baja voluntaria.<\/li>\n<li>Incapacidad permanente total o absoluta del trabajador.<\/li>\n<li>Muerte o jubilaci\u00f3n<\/li>\n<li>Despido disciplinario declarado procedente.<\/li>\n<li>Fin de llamamiento en contratos fijos discontinuos<\/li>\n<li>Extinci\u00f3n del contrato temporal por las causas consignadas en el mismo (fin de obra o servicio en contratos de obra, fin de acumulaci\u00f3n de tareas o pedidos en contratos eventuales)<\/li>\n<\/ul>\n<p>Tampoco se aplicar\u00e1 la sanci\u00f3n por incumplimiento del compromiso en los casos de empresas en riesgo de concurso de acreedores<\/p>\n<p>En Barcelona, a 15 de mayo de 2020<\/p>\n","protected":false},"excerpt":{"rendered":"<p>\u201cDistinguidos clientes, Por gentileza del Sr. Pedro Pablo Le\u00f3n, abogado laboralista que muchos de ustedes ya conocen como colaborador directo de Arias Assessors, les hacemos llegar un resumen detallado de la actual situaci\u00f3n referente a los expedientes ERTE tramitados: COMUNICADO SOBRE LAS NOVEDADES LEGISLATIVAS ESTABLECIDAS&#8230;<\/p>\n","protected":false},"author":2,"featured_media":1145,"comment_status":"open","ping_status":"open","sticky":false,"template":"","format":"standard","meta":{"footnotes":""},"categories":[4],"tags":[],"class_list":["post-1148","post","type-post","status-publish","format-standard","has-post-thumbnail","hentry","category-noticies"],"yoast_head":"<!-- This site is optimized with the Yoast SEO plugin v24.3 - https:\/\/yoast.com\/wordpress\/plugins\/seo\/ -->\n<title>Comunicado sobre novedades legislativas RDL 18-2020 | Arias Assessors<\/title>\n<meta name=\"description\" content=\"\u00a0Los ERTES por FUERZA MAYOR aprobados en virtud del Real Decreto 463\/2020, de 14 de marzo, que decreta el Estado de Alarma consecuencia del COVID-A9\" \/>\n<meta name=\"robots\" content=\"index, follow, max-snippet:-1, max-image-preview:large, max-video-preview:-1\" \/>\n<link rel=\"canonical\" href=\"https:\/\/www.ariasassessors.com\/ca\/comunicado-sobre-las-novedades-legislativas-establecidas-en-el-real-decreto-ley-18-2020-de-12-de-mayo-en-relacion-a-expedientes-de-regulacion-temporal-de-empleo-ertes-por-causa-de-fuerza-mayor-y-c\/\" \/>\n<meta property=\"og:locale\" content=\"ca_ES\" \/>\n<meta property=\"og:type\" content=\"article\" \/>\n<meta property=\"og:title\" content=\"Comunicado sobre novedades legislativas RDL 18-2020 | Arias Assessors\" \/>\n<meta property=\"og:description\" content=\"\u00a0Los ERTES por FUERZA MAYOR aprobados en virtud del Real Decreto 463\/2020, de 14 de marzo, que decreta el Estado de Alarma consecuencia del COVID-A9\" \/>\n<meta property=\"og:url\" content=\"https:\/\/www.ariasassessors.com\/ca\/comunicado-sobre-las-novedades-legislativas-establecidas-en-el-real-decreto-ley-18-2020-de-12-de-mayo-en-relacion-a-expedientes-de-regulacion-temporal-de-empleo-ertes-por-causa-de-fuerza-mayor-y-c\/\" \/>\n<meta property=\"og:site_name\" content=\"Arias Assessors\" \/>\n<meta property=\"article:publisher\" content=\"https:\/\/www.facebook.com\/ariasassessors\/\" \/>\n<meta property=\"article:published_time\" content=\"2020-05-18T08:32:45+00:00\" \/>\n<meta property=\"og:image\" content=\"https:\/\/www.ariasassessors.com\/wp-content\/uploads\/2020\/05\/18-m_09.gif\" \/>\n\t<meta property=\"og:image:width\" content=\"600\" \/>\n\t<meta property=\"og:image:height\" content=\"357\" \/>\n\t<meta property=\"og:image:type\" content=\"image\/gif\" \/>\n<meta name=\"author\" content=\"btorras\" \/>\n<meta name=\"twitter:card\" content=\"summary_large_image\" \/>\n<meta name=\"twitter:creator\" content=\"@ariasassessors\" \/>\n<meta name=\"twitter:site\" content=\"@ariasassessors\" \/>\n<meta name=\"twitter:label1\" content=\"Escrit per\" \/>\n\t<meta name=\"twitter:data1\" content=\"btorras\" \/>\n\t<meta name=\"twitter:label2\" content=\"Temps estimat de lectura\" \/>\n\t<meta name=\"twitter:data2\" content=\"5 minuts\" \/>\n<script type=\"application\/ld+json\" class=\"yoast-schema-graph\">{\"@context\":\"https:\/\/schema.org\",\"@graph\":[{\"@type\":\"Article\",\"@id\":\"https:\/\/www.ariasassessors.com\/ca\/comunicado-sobre-las-novedades-legislativas-establecidas-en-el-real-decreto-ley-18-2020-de-12-de-mayo-en-relacion-a-expedientes-de-regulacion-temporal-de-empleo-ertes-por-causa-de-fuerza-mayor-y-c\/#article\",\"isPartOf\":{\"@id\":\"https:\/\/www.ariasassessors.com\/ca\/comunicado-sobre-las-novedades-legislativas-establecidas-en-el-real-decreto-ley-18-2020-de-12-de-mayo-en-relacion-a-expedientes-de-regulacion-temporal-de-empleo-ertes-por-causa-de-fuerza-mayor-y-c\/\"},\"author\":{\"name\":\"btorras\",\"@id\":\"https:\/\/www.ariasassessors.com\/#\/schema\/person\/63c6ad1775f0a9413c37932562673cef\"},\"headline\":\"EXPEDIENTES ERTE: NOVEDADES LEGISLATIVAS RDL 18\/2020 DE 12 DE MAYO\",\"datePublished\":\"2020-05-18T08:32:45+00:00\",\"dateModified\":\"2020-05-18T08:32:45+00:00\",\"mainEntityOfPage\":{\"@id\":\"https:\/\/www.ariasassessors.com\/ca\/comunicado-sobre-las-novedades-legislativas-establecidas-en-el-real-decreto-ley-18-2020-de-12-de-mayo-en-relacion-a-expedientes-de-regulacion-temporal-de-empleo-ertes-por-causa-de-fuerza-mayor-y-c\/\"},\"wordCount\":1036,\"commentCount\":0,\"publisher\":{\"@id\":\"https:\/\/www.ariasassessors.com\/#organization\"},\"image\":{\"@id\":\"https:\/\/www.ariasassessors.com\/ca\/comunicado-sobre-las-novedades-legislativas-establecidas-en-el-real-decreto-ley-18-2020-de-12-de-mayo-en-relacion-a-expedientes-de-regulacion-temporal-de-empleo-ertes-por-causa-de-fuerza-mayor-y-c\/#primaryimage\"},\"thumbnailUrl\":\"https:\/\/www.ariasassessors.com\/wp-content\/uploads\/2020\/05\/18-m_09.gif\",\"articleSection\":[\"noticies\"],\"inLanguage\":\"ca\",\"potentialAction\":[{\"@type\":\"CommentAction\",\"name\":\"Comment\",\"target\":[\"https:\/\/www.ariasassessors.com\/ca\/comunicado-sobre-las-novedades-legislativas-establecidas-en-el-real-decreto-ley-18-2020-de-12-de-mayo-en-relacion-a-expedientes-de-regulacion-temporal-de-empleo-ertes-por-causa-de-fuerza-mayor-y-c\/#respond\"]}]},{\"@type\":\"WebPage\",\"@id\":\"https:\/\/www.ariasassessors.com\/ca\/comunicado-sobre-las-novedades-legislativas-establecidas-en-el-real-decreto-ley-18-2020-de-12-de-mayo-en-relacion-a-expedientes-de-regulacion-temporal-de-empleo-ertes-por-causa-de-fuerza-mayor-y-c\/\",\"url\":\"https:\/\/www.ariasassessors.com\/ca\/comunicado-sobre-las-novedades-legislativas-establecidas-en-el-real-decreto-ley-18-2020-de-12-de-mayo-en-relacion-a-expedientes-de-regulacion-temporal-de-empleo-ertes-por-causa-de-fuerza-mayor-y-c\/\",\"name\":\"Comunicado sobre novedades legislativas RDL 18-2020 | Arias Assessors\",\"isPartOf\":{\"@id\":\"https:\/\/www.ariasassessors.com\/#website\"},\"primaryImageOfPage\":{\"@id\":\"https:\/\/www.ariasassessors.com\/ca\/comunicado-sobre-las-novedades-legislativas-establecidas-en-el-real-decreto-ley-18-2020-de-12-de-mayo-en-relacion-a-expedientes-de-regulacion-temporal-de-empleo-ertes-por-causa-de-fuerza-mayor-y-c\/#primaryimage\"},\"image\":{\"@id\":\"https:\/\/www.ariasassessors.com\/ca\/comunicado-sobre-las-novedades-legislativas-establecidas-en-el-real-decreto-ley-18-2020-de-12-de-mayo-en-relacion-a-expedientes-de-regulacion-temporal-de-empleo-ertes-por-causa-de-fuerza-mayor-y-c\/#primaryimage\"},\"thumbnailUrl\":\"https:\/\/www.ariasassessors.com\/wp-content\/uploads\/2020\/05\/18-m_09.gif\",\"datePublished\":\"2020-05-18T08:32:45+00:00\",\"dateModified\":\"2020-05-18T08:32:45+00:00\",\"description\":\"\u00a0Los ERTES por FUERZA MAYOR aprobados en virtud del Real Decreto 463\/2020, de 14 de marzo, que decreta el Estado de Alarma consecuencia del COVID-A9\",\"breadcrumb\":{\"@id\":\"https:\/\/www.ariasassessors.com\/ca\/comunicado-sobre-las-novedades-legislativas-establecidas-en-el-real-decreto-ley-18-2020-de-12-de-mayo-en-relacion-a-expedientes-de-regulacion-temporal-de-empleo-ertes-por-causa-de-fuerza-mayor-y-c\/#breadcrumb\"},\"inLanguage\":\"ca\",\"potentialAction\":[{\"@type\":\"ReadAction\",\"target\":[\"https:\/\/www.ariasassessors.com\/ca\/comunicado-sobre-las-novedades-legislativas-establecidas-en-el-real-decreto-ley-18-2020-de-12-de-mayo-en-relacion-a-expedientes-de-regulacion-temporal-de-empleo-ertes-por-causa-de-fuerza-mayor-y-c\/\"]}]},{\"@type\":\"ImageObject\",\"inLanguage\":\"ca\",\"@id\":\"https:\/\/www.ariasassessors.com\/ca\/comunicado-sobre-las-novedades-legislativas-establecidas-en-el-real-decreto-ley-18-2020-de-12-de-mayo-en-relacion-a-expedientes-de-regulacion-temporal-de-empleo-ertes-por-causa-de-fuerza-mayor-y-c\/#primaryimage\",\"url\":\"https:\/\/www.ariasassessors.com\/wp-content\/uploads\/2020\/05\/18-m_09.gif\",\"contentUrl\":\"https:\/\/www.ariasassessors.com\/wp-content\/uploads\/2020\/05\/18-m_09.gif\",\"width\":600,\"height\":357,\"caption\":\"Ertes\"},{\"@type\":\"BreadcrumbList\",\"@id\":\"https:\/\/www.ariasassessors.com\/ca\/comunicado-sobre-las-novedades-legislativas-establecidas-en-el-real-decreto-ley-18-2020-de-12-de-mayo-en-relacion-a-expedientes-de-regulacion-temporal-de-empleo-ertes-por-causa-de-fuerza-mayor-y-c\/#breadcrumb\",\"itemListElement\":[{\"@type\":\"ListItem\",\"position\":1,\"name\":\"Portada\",\"item\":\"https:\/\/www.ariasassessors.com\/ca\/\"},{\"@type\":\"ListItem\",\"position\":2,\"name\":\"EXPEDIENTES ERTE: NOVEDADES LEGISLATIVAS RDL 18\/2020 DE 12 DE MAYO\"}]},{\"@type\":\"WebSite\",\"@id\":\"https:\/\/www.ariasassessors.com\/#website\",\"url\":\"https:\/\/www.ariasassessors.com\/\",\"name\":\"Arias Assessors\",\"description\":\"Asesor\u00eda para aut\u00f3nomos, profesionales y PYMES\",\"publisher\":{\"@id\":\"https:\/\/www.ariasassessors.com\/#organization\"},\"potentialAction\":[{\"@type\":\"SearchAction\",\"target\":{\"@type\":\"EntryPoint\",\"urlTemplate\":\"https:\/\/www.ariasassessors.com\/?s={search_term_string}\"},\"query-input\":{\"@type\":\"PropertyValueSpecification\",\"valueRequired\":true,\"valueName\":\"search_term_string\"}}],\"inLanguage\":\"ca\"},{\"@type\":\"Organization\",\"@id\":\"https:\/\/www.ariasassessors.com\/#organization\",\"name\":\"Arias Assessors\",\"url\":\"https:\/\/www.ariasassessors.com\/\",\"logo\":{\"@type\":\"ImageObject\",\"inLanguage\":\"ca\",\"@id\":\"https:\/\/www.ariasassessors.com\/#\/schema\/logo\/image\/\",\"url\":\"https:\/\/www.ariasassessors.com\/wp-content\/uploads\/2019\/01\/arias-logo.png\",\"contentUrl\":\"https:\/\/www.ariasassessors.com\/wp-content\/uploads\/2019\/01\/arias-logo.png\",\"width\":349,\"height\":254,\"caption\":\"Arias Assessors\"},\"image\":{\"@id\":\"https:\/\/www.ariasassessors.com\/#\/schema\/logo\/image\/\"},\"sameAs\":[\"https:\/\/www.facebook.com\/ariasassessors\/\",\"https:\/\/x.com\/ariasassessors\",\"https:\/\/www.linkedin.com\/company\/r&amp;amp;r-growing-knowledge\/\"]},{\"@type\":\"Person\",\"@id\":\"https:\/\/www.ariasassessors.com\/#\/schema\/person\/63c6ad1775f0a9413c37932562673cef\",\"name\":\"btorras\",\"image\":{\"@type\":\"ImageObject\",\"inLanguage\":\"ca\",\"@id\":\"https:\/\/www.ariasassessors.com\/#\/schema\/person\/image\/\",\"url\":\"https:\/\/secure.gravatar.com\/avatar\/0531db351fc361fdbfd204c58fa2d6a3?s=96&d=mm&r=g\",\"contentUrl\":\"https:\/\/secure.gravatar.com\/avatar\/0531db351fc361fdbfd204c58fa2d6a3?s=96&d=mm&r=g\",\"caption\":\"btorras\"}}]}<\/script>\n<!-- \/ Yoast SEO plugin. -->","yoast_head_json":{"title":"Comunicado sobre novedades legislativas RDL 18-2020 | Arias Assessors","description":"\u00a0Los ERTES por FUERZA MAYOR aprobados en virtud del Real Decreto 463\/2020, de 14 de marzo, que decreta el Estado de Alarma consecuencia del COVID-A9","robots":{"index":"index","follow":"follow","max-snippet":"max-snippet:-1","max-image-preview":"max-image-preview:large","max-video-preview":"max-video-preview:-1"},"canonical":"https:\/\/www.ariasassessors.com\/ca\/comunicado-sobre-las-novedades-legislativas-establecidas-en-el-real-decreto-ley-18-2020-de-12-de-mayo-en-relacion-a-expedientes-de-regulacion-temporal-de-empleo-ertes-por-causa-de-fuerza-mayor-y-c\/","og_locale":"ca_ES","og_type":"article","og_title":"Comunicado sobre novedades legislativas RDL 18-2020 | Arias Assessors","og_description":"\u00a0Los ERTES por FUERZA MAYOR aprobados en virtud del Real Decreto 463\/2020, de 14 de marzo, que decreta el Estado de Alarma consecuencia del COVID-A9","og_url":"https:\/\/www.ariasassessors.com\/ca\/comunicado-sobre-las-novedades-legislativas-establecidas-en-el-real-decreto-ley-18-2020-de-12-de-mayo-en-relacion-a-expedientes-de-regulacion-temporal-de-empleo-ertes-por-causa-de-fuerza-mayor-y-c\/","og_site_name":"Arias Assessors","article_publisher":"https:\/\/www.facebook.com\/ariasassessors\/","article_published_time":"2020-05-18T08:32:45+00:00","og_image":[{"width":600,"height":357,"url":"https:\/\/www.ariasassessors.com\/wp-content\/uploads\/2020\/05\/18-m_09.gif","type":"image\/gif"}],"author":"btorras","twitter_card":"summary_large_image","twitter_creator":"@ariasassessors","twitter_site":"@ariasassessors","twitter_misc":{"Escrit per":"btorras","Temps estimat de lectura":"5 minuts"},"schema":{"@context":"https:\/\/schema.org","@graph":[{"@type":"Article","@id":"https:\/\/www.ariasassessors.com\/ca\/comunicado-sobre-las-novedades-legislativas-establecidas-en-el-real-decreto-ley-18-2020-de-12-de-mayo-en-relacion-a-expedientes-de-regulacion-temporal-de-empleo-ertes-por-causa-de-fuerza-mayor-y-c\/#article","isPartOf":{"@id":"https:\/\/www.ariasassessors.com\/ca\/comunicado-sobre-las-novedades-legislativas-establecidas-en-el-real-decreto-ley-18-2020-de-12-de-mayo-en-relacion-a-expedientes-de-regulacion-temporal-de-empleo-ertes-por-causa-de-fuerza-mayor-y-c\/"},"author":{"name":"btorras","@id":"https:\/\/www.ariasassessors.com\/#\/schema\/person\/63c6ad1775f0a9413c37932562673cef"},"headline":"EXPEDIENTES ERTE: NOVEDADES LEGISLATIVAS RDL 18\/2020 DE 12 DE MAYO","datePublished":"2020-05-18T08:32:45+00:00","dateModified":"2020-05-18T08:32:45+00:00","mainEntityOfPage":{"@id":"https:\/\/www.ariasassessors.com\/ca\/comunicado-sobre-las-novedades-legislativas-establecidas-en-el-real-decreto-ley-18-2020-de-12-de-mayo-en-relacion-a-expedientes-de-regulacion-temporal-de-empleo-ertes-por-causa-de-fuerza-mayor-y-c\/"},"wordCount":1036,"commentCount":0,"publisher":{"@id":"https:\/\/www.ariasassessors.com\/#organization"},"image":{"@id":"https:\/\/www.ariasassessors.com\/ca\/comunicado-sobre-las-novedades-legislativas-establecidas-en-el-real-decreto-ley-18-2020-de-12-de-mayo-en-relacion-a-expedientes-de-regulacion-temporal-de-empleo-ertes-por-causa-de-fuerza-mayor-y-c\/#primaryimage"},"thumbnailUrl":"https:\/\/www.ariasassessors.com\/wp-content\/uploads\/2020\/05\/18-m_09.gif","articleSection":["noticies"],"inLanguage":"ca","potentialAction":[{"@type":"CommentAction","name":"Comment","target":["https:\/\/www.ariasassessors.com\/ca\/comunicado-sobre-las-novedades-legislativas-establecidas-en-el-real-decreto-ley-18-2020-de-12-de-mayo-en-relacion-a-expedientes-de-regulacion-temporal-de-empleo-ertes-por-causa-de-fuerza-mayor-y-c\/#respond"]}]},{"@type":"WebPage","@id":"https:\/\/www.ariasassessors.com\/ca\/comunicado-sobre-las-novedades-legislativas-establecidas-en-el-real-decreto-ley-18-2020-de-12-de-mayo-en-relacion-a-expedientes-de-regulacion-temporal-de-empleo-ertes-por-causa-de-fuerza-mayor-y-c\/","url":"https:\/\/www.ariasassessors.com\/ca\/comunicado-sobre-las-novedades-legislativas-establecidas-en-el-real-decreto-ley-18-2020-de-12-de-mayo-en-relacion-a-expedientes-de-regulacion-temporal-de-empleo-ertes-por-causa-de-fuerza-mayor-y-c\/","name":"Comunicado sobre novedades legislativas RDL 18-2020 | Arias Assessors","isPartOf":{"@id":"https:\/\/www.ariasassessors.com\/#website"},"primaryImageOfPage":{"@id":"https:\/\/www.ariasassessors.com\/ca\/comunicado-sobre-las-novedades-legislativas-establecidas-en-el-real-decreto-ley-18-2020-de-12-de-mayo-en-relacion-a-expedientes-de-regulacion-temporal-de-empleo-ertes-por-causa-de-fuerza-mayor-y-c\/#primaryimage"},"image":{"@id":"https:\/\/www.ariasassessors.com\/ca\/comunicado-sobre-las-novedades-legislativas-establecidas-en-el-real-decreto-ley-18-2020-de-12-de-mayo-en-relacion-a-expedientes-de-regulacion-temporal-de-empleo-ertes-por-causa-de-fuerza-mayor-y-c\/#primaryimage"},"thumbnailUrl":"https:\/\/www.ariasassessors.com\/wp-content\/uploads\/2020\/05\/18-m_09.gif","datePublished":"2020-05-18T08:32:45+00:00","dateModified":"2020-05-18T08:32:45+00:00","description":"\u00a0Los ERTES por FUERZA MAYOR aprobados en virtud del Real Decreto 463\/2020, de 14 de marzo, que decreta el Estado de Alarma consecuencia del COVID-A9","breadcrumb":{"@id":"https:\/\/www.ariasassessors.com\/ca\/comunicado-sobre-las-novedades-legislativas-establecidas-en-el-real-decreto-ley-18-2020-de-12-de-mayo-en-relacion-a-expedientes-de-regulacion-temporal-de-empleo-ertes-por-causa-de-fuerza-mayor-y-c\/#breadcrumb"},"inLanguage":"ca","potentialAction":[{"@type":"ReadAction","target":["https:\/\/www.ariasassessors.com\/ca\/comunicado-sobre-las-novedades-legislativas-establecidas-en-el-real-decreto-ley-18-2020-de-12-de-mayo-en-relacion-a-expedientes-de-regulacion-temporal-de-empleo-ertes-por-causa-de-fuerza-mayor-y-c\/"]}]},{"@type":"ImageObject","inLanguage":"ca","@id":"https:\/\/www.ariasassessors.com\/ca\/comunicado-sobre-las-novedades-legislativas-establecidas-en-el-real-decreto-ley-18-2020-de-12-de-mayo-en-relacion-a-expedientes-de-regulacion-temporal-de-empleo-ertes-por-causa-de-fuerza-mayor-y-c\/#primaryimage","url":"https:\/\/www.ariasassessors.com\/wp-content\/uploads\/2020\/05\/18-m_09.gif","contentUrl":"https:\/\/www.ariasassessors.com\/wp-content\/uploads\/2020\/05\/18-m_09.gif","width":600,"height":357,"caption":"Ertes"},{"@type":"BreadcrumbList","@id":"https:\/\/www.ariasassessors.com\/ca\/comunicado-sobre-las-novedades-legislativas-establecidas-en-el-real-decreto-ley-18-2020-de-12-de-mayo-en-relacion-a-expedientes-de-regulacion-temporal-de-empleo-ertes-por-causa-de-fuerza-mayor-y-c\/#breadcrumb","itemListElement":[{"@type":"ListItem","position":1,"name":"Portada","item":"https:\/\/www.ariasassessors.com\/ca\/"},{"@type":"ListItem","position":2,"name":"EXPEDIENTES ERTE: NOVEDADES LEGISLATIVAS RDL 18\/2020 DE 12 DE MAYO"}]},{"@type":"WebSite","@id":"https:\/\/www.ariasassessors.com\/#website","url":"https:\/\/www.ariasassessors.com\/","name":"Arias Assessors","description":"Asesor\u00eda para aut\u00f3nomos, profesionales y PYMES","publisher":{"@id":"https:\/\/www.ariasassessors.com\/#organization"},"potentialAction":[{"@type":"SearchAction","target":{"@type":"EntryPoint","urlTemplate":"https:\/\/www.ariasassessors.com\/?s={search_term_string}"},"query-input":{"@type":"PropertyValueSpecification","valueRequired":true,"valueName":"search_term_string"}}],"inLanguage":"ca"},{"@type":"Organization","@id":"https:\/\/www.ariasassessors.com\/#organization","name":"Arias Assessors","url":"https:\/\/www.ariasassessors.com\/","logo":{"@type":"ImageObject","inLanguage":"ca","@id":"https:\/\/www.ariasassessors.com\/#\/schema\/logo\/image\/","url":"https:\/\/www.ariasassessors.com\/wp-content\/uploads\/2019\/01\/arias-logo.png","contentUrl":"https:\/\/www.ariasassessors.com\/wp-content\/uploads\/2019\/01\/arias-logo.png","width":349,"height":254,"caption":"Arias Assessors"},"image":{"@id":"https:\/\/www.ariasassessors.com\/#\/schema\/logo\/image\/"},"sameAs":["https:\/\/www.facebook.com\/ariasassessors\/","https:\/\/x.com\/ariasassessors","https:\/\/www.linkedin.com\/company\/r&amp;amp;r-growing-knowledge\/"]},{"@type":"Person","@id":"https:\/\/www.ariasassessors.com\/#\/schema\/person\/63c6ad1775f0a9413c37932562673cef","name":"btorras","image":{"@type":"ImageObject","inLanguage":"ca","@id":"https:\/\/www.ariasassessors.com\/#\/schema\/person\/image\/","url":"https:\/\/secure.gravatar.com\/avatar\/0531db351fc361fdbfd204c58fa2d6a3?s=96&d=mm&r=g","contentUrl":"https:\/\/secure.gravatar.com\/avatar\/0531db351fc361fdbfd204c58fa2d6a3?s=96&d=mm&r=g","caption":"btorras"}}]}},"_links":{"self":[{"href":"https:\/\/www.ariasassessors.com\/ca\/wp-json\/wp\/v2\/posts\/1148","targetHints":{"allow":["GET"]}}],"collection":[{"href":"https:\/\/www.ariasassessors.com\/ca\/wp-json\/wp\/v2\/posts"}],"about":[{"href":"https:\/\/www.ariasassessors.com\/ca\/wp-json\/wp\/v2\/types\/post"}],"author":[{"embeddable":true,"href":"https:\/\/www.ariasassessors.com\/ca\/wp-json\/wp\/v2\/users\/2"}],"replies":[{"embeddable":true,"href":"https:\/\/www.ariasassessors.com\/ca\/wp-json\/wp\/v2\/comments?post=1148"}],"version-history":[{"count":0,"href":"https:\/\/www.ariasassessors.com\/ca\/wp-json\/wp\/v2\/posts\/1148\/revisions"}],"wp:featuredmedia":[{"embeddable":true,"href":"https:\/\/www.ariasassessors.com\/ca\/wp-json\/wp\/v2\/media\/1145"}],"wp:attachment":[{"href":"https:\/\/www.ariasassessors.com\/ca\/wp-json\/wp\/v2\/media?parent=1148"}],"wp:term":[{"taxonomy":"category","embeddable":true,"href":"https:\/\/www.ariasassessors.com\/ca\/wp-json\/wp\/v2\/categories?post=1148"},{"taxonomy":"post_tag","embeddable":true,"href":"https:\/\/www.ariasassessors.com\/ca\/wp-json\/wp\/v2\/tags?post=1148"}],"curies":[{"name":"wp","href":"https:\/\/api.w.org\/{rel}","templated":true}]}}