{"id":1169,"date":"2020-06-22T11:45:16","date_gmt":"2020-06-22T09:45:16","guid":{"rendered":"https:\/\/www.ariasassessors.com\/ayuda-estatal-ingreso-minimo-vital\/"},"modified":"2020-06-22T11:52:41","modified_gmt":"2020-06-22T09:52:41","slug":"ajuda-estatal-ingres-minim-vital","status":"publish","type":"post","link":"https:\/\/www.ariasassessors.com\/ca\/ajuda-estatal-ingres-minim-vital\/","title":{"rendered":"AJUDA ESTATAL INGR\u00c9S MINIM VITAL"},"content":{"rendered":"<p>Els comuniquem que s&#8217;ha habilitat un enlla\u00e7 a la p\u00e0gina web de la Seguretat Social perqu\u00e8 qualsevol persona que aix\u00ed ho desitgi pugui verificar per si mateixa si t\u00e9 acc\u00e9s a l&#8217;ajuda aprovada per l&#8217;estat &#8211; IMV-. En aquest enlla\u00e7 trobareu m\u00e9s informaci\u00f3, requisits i com tramitar la seva sol\u00b7licitud:<\/p>\n<p><a href=\"https:\/\/sede.seg-social.gob.es\/wps\/portal\/sede\/sede\/Inicio\/!ut\/p\/z1\/hY5PD4IwDMU_iweO0pIpEW8cjEHxYAwRdzGDDJiZG9kmfH0X9ea_Jm3ye3l9LVAogSo2iJY5oRWTnk80PpMonkUJRvkasxWmxW5bJGRPMIng-DDgl0oR6L99-tuCL8OPExugrdTV891UVWTRAjW84Yab8Ga83DnXLwMMcBzH0PJ2anUtmAy59VLvR6-NY9KD9SCU40ZxF2CmRC30p9hOWwflWxwcfPfXEi9zOeRNOrkDRW7ADw!!\/dz\/d5\/L2dBISEvZ0FBIS9nQSEh\/\"><img loading=\"lazy\" decoding=\"async\" class=\"wp-image-1165 aligncenter\" src=\"https:\/\/www.ariasassessors.com\/wp-content\/uploads\/2020\/06\/Captura-de-Pantalla-2020-06-22-a-les-11.40.57-300x242.png\" alt=\"Ayuda\" width=\"727\" height=\"587\" srcset=\"https:\/\/www.ariasassessors.com\/wp-content\/uploads\/2020\/06\/Captura-de-Pantalla-2020-06-22-a-les-11.40.57-300x242.png 300w, https:\/\/www.ariasassessors.com\/wp-content\/uploads\/2020\/06\/Captura-de-Pantalla-2020-06-22-a-les-11.40.57-768x620.png 768w, https:\/\/www.ariasassessors.com\/wp-content\/uploads\/2020\/06\/Captura-de-Pantalla-2020-06-22-a-les-11.40.57-700x565.png 700w, https:\/\/www.ariasassessors.com\/wp-content\/uploads\/2020\/06\/Captura-de-Pantalla-2020-06-22-a-les-11.40.57.png 894w\" sizes=\"auto, (max-width: 727px) 100vw, 727px\" \/><\/a><\/p>\n<p>Els recordem que si tenen qualsevol dubte o aclariment poden <a href=\"https:\/\/www.ariasassessors.com\/ca\/contacte\/\">contactar amb nosaltres.<\/a><\/p>\n","protected":false},"excerpt":{"rendered":"<p>Els comuniquem que s&#8217;ha habilitat un enlla\u00e7 a la p\u00e0gina web de la Seguretat Social perqu\u00e8 qualsevol persona que aix\u00ed ho desitgi pugui verificar per si mateixa si t\u00e9 acc\u00e9s a l&#8217;ajuda aprovada per l&#8217;estat &#8211; IMV-. En aquest enlla\u00e7 trobareu m\u00e9s informaci\u00f3, requisits i&#8230;<\/p>\n","protected":false},"author":2,"featured_media":1174,"comment_status":"open","ping_status":"open","sticky":false,"template":"","format":"standard","meta":{"footnotes":""},"categories":[4],"tags":[506,453],"class_list":["post-1169","post","type-post","status-publish","format-standard","has-post-thumbnail","hentry","category-noticies","tag-ajudes","tag-coronavirus-ca"],"yoast_head":"<!-- This site is optimized with the Yoast SEO plugin v24.3 - https:\/\/yoast.com\/wordpress\/plugins\/seo\/ -->\n<title>AJUDA ESTATAL INGR\u00c9S MINIM VITAL | Arias Assessors<\/title>\n<meta name=\"robots\" content=\"index, follow, max-snippet:-1, max-image-preview:large, max-video-preview:-1\" \/>\n<link rel=\"canonical\" href=\"https:\/\/www.ariasassessors.com\/ca\/ajuda-estatal-ingres-minim-vital\/\" \/>\n<meta property=\"og:locale\" content=\"ca_ES\" \/>\n<meta property=\"og:type\" content=\"article\" \/>\n<meta property=\"og:title\" content=\"AJUDA ESTATAL INGR\u00c9S MINIM VITAL | Arias Assessors\" \/>\n<meta property=\"og:description\" content=\"Els comuniquem que s&#8217;ha habilitat un enlla\u00e7 a la p\u00e0gina web de la Seguretat Social perqu\u00e8 qualsevol persona que aix\u00ed ho desitgi pugui verificar per si mateixa si t\u00e9 acc\u00e9s a l&#8217;ajuda aprovada per l&#8217;estat &#8211; IMV-. En aquest enlla\u00e7 trobareu m\u00e9s informaci\u00f3, requisits i...\" \/>\n<meta property=\"og:url\" content=\"https:\/\/www.ariasassessors.com\/ca\/ajuda-estatal-ingres-minim-vital\/\" \/>\n<meta property=\"og:site_name\" content=\"Arias Assessors\" \/>\n<meta property=\"article:publisher\" content=\"https:\/\/www.facebook.com\/ariasassessors\/\" \/>\n<meta property=\"article:published_time\" content=\"2020-06-22T09:45:16+00:00\" \/>\n<meta property=\"article:modified_time\" content=\"2020-06-22T09:52:41+00:00\" \/>\n<meta property=\"og:image\" content=\"https:\/\/www.ariasassessors.com\/wp-content\/uploads\/2020\/06\/ayuda_10.jpg\" \/>\n\t<meta property=\"og:image:width\" content=\"600\" \/>\n\t<meta property=\"og:image:height\" content=\"295\" \/>\n\t<meta property=\"og:image:type\" content=\"image\/jpeg\" \/>\n<meta name=\"author\" content=\"btorras\" \/>\n<meta name=\"twitter:card\" content=\"summary_large_image\" \/>\n<meta name=\"twitter:creator\" content=\"@ariasassessors\" \/>\n<meta name=\"twitter:site\" content=\"@ariasassessors\" \/>\n<meta name=\"twitter:label1\" content=\"Escrit per\" \/>\n\t<meta name=\"twitter:data1\" content=\"btorras\" \/>\n<script type=\"application\/ld+json\" class=\"yoast-schema-graph\">{\"@context\":\"https:\/\/schema.org\",\"@graph\":[{\"@type\":\"Article\",\"@id\":\"https:\/\/www.ariasassessors.com\/ca\/ajuda-estatal-ingres-minim-vital\/#article\",\"isPartOf\":{\"@id\":\"https:\/\/www.ariasassessors.com\/ca\/ajuda-estatal-ingres-minim-vital\/\"},\"author\":{\"name\":\"btorras\",\"@id\":\"https:\/\/www.ariasassessors.com\/#\/schema\/person\/63c6ad1775f0a9413c37932562673cef\"},\"headline\":\"AJUDA ESTATAL INGR\u00c9S MINIM VITAL\",\"datePublished\":\"2020-06-22T09:45:16+00:00\",\"dateModified\":\"2020-06-22T09:52:41+00:00\",\"mainEntityOfPage\":{\"@id\":\"https:\/\/www.ariasassessors.com\/ca\/ajuda-estatal-ingres-minim-vital\/\"},\"wordCount\":73,\"commentCount\":0,\"publisher\":{\"@id\":\"https:\/\/www.ariasassessors.com\/#organization\"},\"image\":{\"@id\":\"https:\/\/www.ariasassessors.com\/ca\/ajuda-estatal-ingres-minim-vital\/#primaryimage\"},\"thumbnailUrl\":\"https:\/\/www.ariasassessors.com\/wp-content\/uploads\/2020\/06\/ayuda_10.jpg\",\"keywords\":[\"Ajudes\",\"COVID\"],\"articleSection\":[\"noticies\"],\"inLanguage\":\"ca\",\"potentialAction\":[{\"@type\":\"CommentAction\",\"name\":\"Comment\",\"target\":[\"https:\/\/www.ariasassessors.com\/ca\/ajuda-estatal-ingres-minim-vital\/#respond\"]}]},{\"@type\":\"WebPage\",\"@id\":\"https:\/\/www.ariasassessors.com\/ca\/ajuda-estatal-ingres-minim-vital\/\",\"url\":\"https:\/\/www.ariasassessors.com\/ca\/ajuda-estatal-ingres-minim-vital\/\",\"name\":\"AJUDA ESTATAL INGR\u00c9S MINIM VITAL | Arias Assessors\",\"isPartOf\":{\"@id\":\"https:\/\/www.ariasassessors.com\/#website\"},\"primaryImageOfPage\":{\"@id\":\"https:\/\/www.ariasassessors.com\/ca\/ajuda-estatal-ingres-minim-vital\/#primaryimage\"},\"image\":{\"@id\":\"https:\/\/www.ariasassessors.com\/ca\/ajuda-estatal-ingres-minim-vital\/#primaryimage\"},\"thumbnailUrl\":\"https:\/\/www.ariasassessors.com\/wp-content\/uploads\/2020\/06\/ayuda_10.jpg\",\"datePublished\":\"2020-06-22T09:45:16+00:00\",\"dateModified\":\"2020-06-22T09:52:41+00:00\",\"breadcrumb\":{\"@id\":\"https:\/\/www.ariasassessors.com\/ca\/ajuda-estatal-ingres-minim-vital\/#breadcrumb\"},\"inLanguage\":\"ca\",\"potentialAction\":[{\"@type\":\"ReadAction\",\"target\":[\"https:\/\/www.ariasassessors.com\/ca\/ajuda-estatal-ingres-minim-vital\/\"]}]},{\"@type\":\"ImageObject\",\"inLanguage\":\"ca\",\"@id\":\"https:\/\/www.ariasassessors.com\/ca\/ajuda-estatal-ingres-minim-vital\/#primaryimage\",\"url\":\"https:\/\/www.ariasassessors.com\/wp-content\/uploads\/2020\/06\/ayuda_10.jpg\",\"contentUrl\":\"https:\/\/www.ariasassessors.com\/wp-content\/uploads\/2020\/06\/ayuda_10.jpg\",\"width\":600,\"height\":295,\"caption\":\"Ayuda\"},{\"@type\":\"BreadcrumbList\",\"@id\":\"https:\/\/www.ariasassessors.com\/ca\/ajuda-estatal-ingres-minim-vital\/#breadcrumb\",\"itemListElement\":[{\"@type\":\"ListItem\",\"position\":1,\"name\":\"Portada\",\"item\":\"https:\/\/www.ariasassessors.com\/ca\/\"},{\"@type\":\"ListItem\",\"position\":2,\"name\":\"AJUDA ESTATAL INGR\u00c9S MINIM VITAL\"}]},{\"@type\":\"WebSite\",\"@id\":\"https:\/\/www.ariasassessors.com\/#website\",\"url\":\"https:\/\/www.ariasassessors.com\/\",\"name\":\"Arias Assessors\",\"description\":\"Asesor\u00eda para aut\u00f3nomos, profesionales y PYMES\",\"publisher\":{\"@id\":\"https:\/\/www.ariasassessors.com\/#organization\"},\"potentialAction\":[{\"@type\":\"SearchAction\",\"target\":{\"@type\":\"EntryPoint\",\"urlTemplate\":\"https:\/\/www.ariasassessors.com\/?s={search_term_string}\"},\"query-input\":{\"@type\":\"PropertyValueSpecification\",\"valueRequired\":true,\"valueName\":\"search_term_string\"}}],\"inLanguage\":\"ca\"},{\"@type\":\"Organization\",\"@id\":\"https:\/\/www.ariasassessors.com\/#organization\",\"name\":\"Arias Assessors\",\"url\":\"https:\/\/www.ariasassessors.com\/\",\"logo\":{\"@type\":\"ImageObject\",\"inLanguage\":\"ca\",\"@id\":\"https:\/\/www.ariasassessors.com\/#\/schema\/logo\/image\/\",\"url\":\"https:\/\/www.ariasassessors.com\/wp-content\/uploads\/2019\/01\/arias-logo.png\",\"contentUrl\":\"https:\/\/www.ariasassessors.com\/wp-content\/uploads\/2019\/01\/arias-logo.png\",\"width\":349,\"height\":254,\"caption\":\"Arias Assessors\"},\"image\":{\"@id\":\"https:\/\/www.ariasassessors.com\/#\/schema\/logo\/image\/\"},\"sameAs\":[\"https:\/\/www.facebook.com\/ariasassessors\/\",\"https:\/\/x.com\/ariasassessors\",\"https:\/\/www.linkedin.com\/company\/r&amp;amp;r-growing-knowledge\/\"]},{\"@type\":\"Person\",\"@id\":\"https:\/\/www.ariasassessors.com\/#\/schema\/person\/63c6ad1775f0a9413c37932562673cef\",\"name\":\"btorras\",\"image\":{\"@type\":\"ImageObject\",\"inLanguage\":\"ca\",\"@id\":\"https:\/\/www.ariasassessors.com\/#\/schema\/person\/image\/\",\"url\":\"https:\/\/secure.gravatar.com\/avatar\/0531db351fc361fdbfd204c58fa2d6a3?s=96&d=mm&r=g\",\"contentUrl\":\"https:\/\/secure.gravatar.com\/avatar\/0531db351fc361fdbfd204c58fa2d6a3?s=96&d=mm&r=g\",\"caption\":\"btorras\"}}]}<\/script>\n<!-- \/ Yoast SEO plugin. -->","yoast_head_json":{"title":"AJUDA ESTATAL INGR\u00c9S MINIM VITAL | Arias Assessors","robots":{"index":"index","follow":"follow","max-snippet":"max-snippet:-1","max-image-preview":"max-image-preview:large","max-video-preview":"max-video-preview:-1"},"canonical":"https:\/\/www.ariasassessors.com\/ca\/ajuda-estatal-ingres-minim-vital\/","og_locale":"ca_ES","og_type":"article","og_title":"AJUDA ESTATAL INGR\u00c9S MINIM VITAL | Arias Assessors","og_description":"Els comuniquem que s&#8217;ha habilitat un enlla\u00e7 a la p\u00e0gina web de la Seguretat Social perqu\u00e8 qualsevol persona que aix\u00ed ho desitgi pugui verificar per si mateixa si t\u00e9 acc\u00e9s a l&#8217;ajuda aprovada per l&#8217;estat &#8211; IMV-. En aquest enlla\u00e7 trobareu m\u00e9s informaci\u00f3, requisits i...","og_url":"https:\/\/www.ariasassessors.com\/ca\/ajuda-estatal-ingres-minim-vital\/","og_site_name":"Arias Assessors","article_publisher":"https:\/\/www.facebook.com\/ariasassessors\/","article_published_time":"2020-06-22T09:45:16+00:00","article_modified_time":"2020-06-22T09:52:41+00:00","og_image":[{"width":600,"height":295,"url":"https:\/\/www.ariasassessors.com\/wp-content\/uploads\/2020\/06\/ayuda_10.jpg","type":"image\/jpeg"}],"author":"btorras","twitter_card":"summary_large_image","twitter_creator":"@ariasassessors","twitter_site":"@ariasassessors","twitter_misc":{"Escrit per":"btorras"},"schema":{"@context":"https:\/\/schema.org","@graph":[{"@type":"Article","@id":"https:\/\/www.ariasassessors.com\/ca\/ajuda-estatal-ingres-minim-vital\/#article","isPartOf":{"@id":"https:\/\/www.ariasassessors.com\/ca\/ajuda-estatal-ingres-minim-vital\/"},"author":{"name":"btorras","@id":"https:\/\/www.ariasassessors.com\/#\/schema\/person\/63c6ad1775f0a9413c37932562673cef"},"headline":"AJUDA ESTATAL INGR\u00c9S MINIM VITAL","datePublished":"2020-06-22T09:45:16+00:00","dateModified":"2020-06-22T09:52:41+00:00","mainEntityOfPage":{"@id":"https:\/\/www.ariasassessors.com\/ca\/ajuda-estatal-ingres-minim-vital\/"},"wordCount":73,"commentCount":0,"publisher":{"@id":"https:\/\/www.ariasassessors.com\/#organization"},"image":{"@id":"https:\/\/www.ariasassessors.com\/ca\/ajuda-estatal-ingres-minim-vital\/#primaryimage"},"thumbnailUrl":"https:\/\/www.ariasassessors.com\/wp-content\/uploads\/2020\/06\/ayuda_10.jpg","keywords":["Ajudes","COVID"],"articleSection":["noticies"],"inLanguage":"ca","potentialAction":[{"@type":"CommentAction","name":"Comment","target":["https:\/\/www.ariasassessors.com\/ca\/ajuda-estatal-ingres-minim-vital\/#respond"]}]},{"@type":"WebPage","@id":"https:\/\/www.ariasassessors.com\/ca\/ajuda-estatal-ingres-minim-vital\/","url":"https:\/\/www.ariasassessors.com\/ca\/ajuda-estatal-ingres-minim-vital\/","name":"AJUDA ESTATAL INGR\u00c9S MINIM VITAL | Arias Assessors","isPartOf":{"@id":"https:\/\/www.ariasassessors.com\/#website"},"primaryImageOfPage":{"@id":"https:\/\/www.ariasassessors.com\/ca\/ajuda-estatal-ingres-minim-vital\/#primaryimage"},"image":{"@id":"https:\/\/www.ariasassessors.com\/ca\/ajuda-estatal-ingres-minim-vital\/#primaryimage"},"thumbnailUrl":"https:\/\/www.ariasassessors.com\/wp-content\/uploads\/2020\/06\/ayuda_10.jpg","datePublished":"2020-06-22T09:45:16+00:00","dateModified":"2020-06-22T09:52:41+00:00","breadcrumb":{"@id":"https:\/\/www.ariasassessors.com\/ca\/ajuda-estatal-ingres-minim-vital\/#breadcrumb"},"inLanguage":"ca","potentialAction":[{"@type":"ReadAction","target":["https:\/\/www.ariasassessors.com\/ca\/ajuda-estatal-ingres-minim-vital\/"]}]},{"@type":"ImageObject","inLanguage":"ca","@id":"https:\/\/www.ariasassessors.com\/ca\/ajuda-estatal-ingres-minim-vital\/#primaryimage","url":"https:\/\/www.ariasassessors.com\/wp-content\/uploads\/2020\/06\/ayuda_10.jpg","contentUrl":"https:\/\/www.ariasassessors.com\/wp-content\/uploads\/2020\/06\/ayuda_10.jpg","width":600,"height":295,"caption":"Ayuda"},{"@type":"BreadcrumbList","@id":"https:\/\/www.ariasassessors.com\/ca\/ajuda-estatal-ingres-minim-vital\/#breadcrumb","itemListElement":[{"@type":"ListItem","position":1,"name":"Portada","item":"https:\/\/www.ariasassessors.com\/ca\/"},{"@type":"ListItem","position":2,"name":"AJUDA ESTATAL INGR\u00c9S MINIM VITAL"}]},{"@type":"WebSite","@id":"https:\/\/www.ariasassessors.com\/#website","url":"https:\/\/www.ariasassessors.com\/","name":"Arias Assessors","description":"Asesor\u00eda para aut\u00f3nomos, profesionales y PYMES","publisher":{"@id":"https:\/\/www.ariasassessors.com\/#organization"},"potentialAction":[{"@type":"SearchAction","target":{"@type":"EntryPoint","urlTemplate":"https:\/\/www.ariasassessors.com\/?s={search_term_string}"},"query-input":{"@type":"PropertyValueSpecification","valueRequired":true,"valueName":"search_term_string"}}],"inLanguage":"ca"},{"@type":"Organization","@id":"https:\/\/www.ariasassessors.com\/#organization","name":"Arias Assessors","url":"https:\/\/www.ariasassessors.com\/","logo":{"@type":"ImageObject","inLanguage":"ca","@id":"https:\/\/www.ariasassessors.com\/#\/schema\/logo\/image\/","url":"https:\/\/www.ariasassessors.com\/wp-content\/uploads\/2019\/01\/arias-logo.png","contentUrl":"https:\/\/www.ariasassessors.com\/wp-content\/uploads\/2019\/01\/arias-logo.png","width":349,"height":254,"caption":"Arias Assessors"},"image":{"@id":"https:\/\/www.ariasassessors.com\/#\/schema\/logo\/image\/"},"sameAs":["https:\/\/www.facebook.com\/ariasassessors\/","https:\/\/x.com\/ariasassessors","https:\/\/www.linkedin.com\/company\/r&amp;amp;r-growing-knowledge\/"]},{"@type":"Person","@id":"https:\/\/www.ariasassessors.com\/#\/schema\/person\/63c6ad1775f0a9413c37932562673cef","name":"btorras","image":{"@type":"ImageObject","inLanguage":"ca","@id":"https:\/\/www.ariasassessors.com\/#\/schema\/person\/image\/","url":"https:\/\/secure.gravatar.com\/avatar\/0531db351fc361fdbfd204c58fa2d6a3?s=96&d=mm&r=g","contentUrl":"https:\/\/secure.gravatar.com\/avatar\/0531db351fc361fdbfd204c58fa2d6a3?s=96&d=mm&r=g","caption":"btorras"}}]}},"_links":{"self":[{"href":"https:\/\/www.ariasassessors.com\/ca\/wp-json\/wp\/v2\/posts\/1169","targetHints":{"allow":["GET"]}}],"collection":[{"href":"https:\/\/www.ariasassessors.com\/ca\/wp-json\/wp\/v2\/posts"}],"about":[{"href":"https:\/\/www.ariasassessors.com\/ca\/wp-json\/wp\/v2\/types\/post"}],"author":[{"embeddable":true,"href":"https:\/\/www.ariasassessors.com\/ca\/wp-json\/wp\/v2\/users\/2"}],"replies":[{"embeddable":true,"href":"https:\/\/www.ariasassessors.com\/ca\/wp-json\/wp\/v2\/comments?post=1169"}],"version-history":[{"count":3,"href":"https:\/\/www.ariasassessors.com\/ca\/wp-json\/wp\/v2\/posts\/1169\/revisions"}],"predecessor-version":[{"id":1172,"href":"https:\/\/www.ariasassessors.com\/ca\/wp-json\/wp\/v2\/posts\/1169\/revisions\/1172"}],"wp:featuredmedia":[{"embeddable":true,"href":"https:\/\/www.ariasassessors.com\/ca\/wp-json\/wp\/v2\/media\/1174"}],"wp:attachment":[{"href":"https:\/\/www.ariasassessors.com\/ca\/wp-json\/wp\/v2\/media?parent=1169"}],"wp:term":[{"taxonomy":"category","embeddable":true,"href":"https:\/\/www.ariasassessors.com\/ca\/wp-json\/wp\/v2\/categories?post=1169"},{"taxonomy":"post_tag","embeddable":true,"href":"https:\/\/www.ariasassessors.com\/ca\/wp-json\/wp\/v2\/tags?post=1169"}],"curies":[{"name":"wp","href":"https:\/\/api.w.org\/{rel}","templated":true}]}}