{"id":1180,"date":"2020-07-01T14:01:38","date_gmt":"2020-07-01T12:01:38","guid":{"rendered":"https:\/\/www.ariasassessors.com\/prorroga-de-la-ayuda-prestacion-extraordinaria-cese-de-actividad-para-autonomos\/"},"modified":"2020-07-01T18:26:56","modified_gmt":"2020-07-01T16:26:56","slug":"prorroga-de-la-ayuda-prestacion-extraordinaria-cese-de-actividad-para-autonomos","status":"publish","type":"post","link":"https:\/\/www.ariasassessors.com\/ca\/prorroga-de-la-ayuda-prestacion-extraordinaria-cese-de-actividad-para-autonomos\/","title":{"rendered":"PRORROGA DE LA AYUDA \u2013 PRESTACI\u00d3N EXTRAORDINARIA CESE DE ACTIVIDAD PARA AUTONOMOS"},"content":{"rendered":"<p>Son muchos los aut\u00f3nomos que nos preguntaban acerca del rumor de una posible negociaci\u00f3n para la pr\u00f3rroga de la ayuda estatal recibida por cese de actividad ocasionada por la pandemia del COVID-19 hasta Septiembre. No fue hasta el pasado viernes que se hicieron efectivas estas negociaciones, reflejadas en el Real Decreto-ley 24\/2020, de 26 de junio, que a continuaci\u00f3n explicamos.<\/p>\n<p>Partiendo de aquellos aut\u00f3nomos que a d\u00eda 30 de Junio cobran la prestaci\u00f3n extraordinaria, hay dos aspectos que regularan el cese de actividad desde el 1 de Julio hasta el 30 de Septiembre.<\/p>\n<ol>\n<li>Aquellos trabajadores por cuenta propia que hayan sido beneficiarios de la prestaci\u00f3n por cese de actividad hasta el 30 de Junio as\u00ed como de la exoneraci\u00f3n del pago de las cuotas a la Seguridad Social, y que hayan podido recuperarse econ\u00f3micamente en estos meses (est\u00e1n volviendo a facturar con normalidad), no tendr\u00e1n opci\u00f3n a continuar con el cobro de la prestaci\u00f3n por cese de actividad. <u>Sin embargo, podr\u00e1n acogerse a la bonificaci\u00f3n en las cuotas de aut\u00f3nomo, de manera que el mes de Julio quedar\u00e1 exonerado al 100%, en Agosto al 50% y en el mes de Septiembre al 25%<\/u>. Por otro lado, s\u00ed ser\u00e1n compatibles con prestaciones por incapacidad temporal o cualesquiera otro subsidio que mantenga la obligaci\u00f3n de cotizar.<\/li>\n<li>Para aquellos aut\u00f3nomos que no han conseguido reavivar su facturaci\u00f3n y mantengan una reducci\u00f3n de actividad de al menos el 75% durante el tercer trimestre de 2020 en comparaci\u00f3n con el mismo periodo del 2019, <u>tendr\u00e1n opci\u00f3n a las mismas bonificaciones en las cuotas de Julio, Agosto y Septiembre<\/u> y ser\u00e1 compatible la pr\u00f3rroga de la ayuda extraordinaria (seguir cobrando una prestaci\u00f3n mensual) siempre y cuando cumplan los siguientes requisitos:<\/li>\n<\/ol>\n<ul>\n<li>No haber obtenido durante el tercer trimestre de 2020 unos rendimientos netos superiores a\u00a05.818,75 euros\u00a0(1.939,58 euros mensuales).<\/li>\n<li>Estar afiliados y en\u00a0alta en el R\u00e9gimen Especial de Trabajadores por Cuenta Propia\u00a0(<a href=\"https:\/\/www.infoautonomos.com\/seguridad-social\/que-es-el-reta\/\">RETA<\/a>) o Aut\u00f3nomos o en el R\u00e9gimen Especial de los Trabajadores del Mar, en su caso.<\/li>\n<li>Tener cubierto el\u00a0per\u00edodo m\u00ednimo de cotizaci\u00f3n\u00a0por cese de actividad de al menos 12 meses.<\/li>\n<li>No haber cumplido la edad ordinaria para causar derecho a la pensi\u00f3n contributiva de jubilaci\u00f3n, salvo que el trabajador aut\u00f3nomo no tuviera acreditado el per\u00edodo de cotizaci\u00f3n requerido para ello.<\/li>\n<li>Hallarse al corriente en el pago de las cuotas a la Seguridad Social. En caso de no estarlo se invitar\u00e1 al pago se invitar\u00e1 al pago al trabajador aut\u00f3nomo para que en el plazo improrrogable de treinta d\u00edas naturales ingrese las cuotas debidas y regularice as\u00ed su situaci\u00f3n con Seguridad Social.<\/li>\n<li>En caso de tener trabajadores a cargo, deber\u00e1 acreditarse al tiempo de solicitar la prestaci\u00f3n el cumplimiento de todas las obligaciones laborales y de Seguridad Social que tenga asumidas.<\/li>\n<\/ul>\n<p>Aunque esta pr\u00f3rroga se haga a ra\u00edz de los ingresos obtenidos en el tercer trimestre, na har\u00e1 falta esperar a que \u00e9ste finalice para la solicitud de la prestaci\u00f3n ya que podr\u00e1 realizarse de forma previa, en concreto el d\u00eda 1 de Julio hasta el 15 Julio. Estas solicitudes tendr\u00e1n efectos desde el 1 de Julio 2020 manteniendo por tanto la ayuda que se ten\u00eda hasta la fecha. Las solicitudes de pr\u00f3rroga que se reciban posteriormente al 15 de Julio, tambi\u00e9n podr\u00e1n ser aprobadas pero ya tendr\u00e1n fecha efecto desde el d\u00eda en que se haga la solicitud, debi\u00e9ndose regularizar posteriormente.<\/p>\n<p>Las regulaciones y comprobaciones pertinentes se realizar\u00e1n una vez finalice Septiembre. Para ello, las mutuas solicitaran permiso en la solicitud para recabar informaci\u00f3n directamente de Hacienda y, si no ha sido concedido, le ser\u00e1 solicitado al trabajador aut\u00f3nomo directamente.<\/p>\n<p>En ambas casos, la bonificaci\u00f3n y la prorroga ser\u00e1n compatibles con el desarrollo de la actividad econ\u00f3mica, pudiendo acogerse a una u otra modalidad seg\u00fan el volumen de facturaci\u00f3n indicado.<\/p>\n<p>Si tiene cualquier duda puede <a href=\"https:\/\/www.ariasassessors.com\/ca\/contacte\/\">contactar con nosotros<\/a>.<\/p>\n","protected":false},"excerpt":{"rendered":"<p>Son muchos los aut\u00f3nomos que nos preguntaban acerca del rumor de una posible negociaci\u00f3n para la pr\u00f3rroga de la ayuda estatal recibida por cese de actividad ocasionada por la pandemia del COVID-19 hasta Septiembre. No fue hasta el pasado viernes que se hicieron efectivas estas&#8230;<\/p>\n","protected":false},"author":2,"featured_media":1182,"comment_status":"open","ping_status":"open","sticky":false,"template":"","format":"standard","meta":{"footnotes":""},"categories":[4],"tags":[225,453],"class_list":["post-1180","post","type-post","status-publish","format-standard","has-post-thumbnail","hentry","category-noticies","tag-autonomos-ca","tag-coronavirus-ca"],"yoast_head":"<!-- This site is optimized with the Yoast SEO plugin v24.3 - https:\/\/yoast.com\/wordpress\/plugins\/seo\/ -->\n<title>Aut\u00f3nomos - Pr\u00f3rroga ayuda prestaci\u00f3n extraordinaria cese de actividad<\/title>\n<meta name=\"description\" content=\"Son muchos los aut\u00f3nomos que nos preguntaban acerca del rumor de una posible negociaci\u00f3n para la pr\u00f3rroga de la ayuda estatal\" \/>\n<meta name=\"robots\" content=\"index, follow, max-snippet:-1, max-image-preview:large, max-video-preview:-1\" \/>\n<link rel=\"canonical\" href=\"https:\/\/www.ariasassessors.com\/ca\/prorroga-de-la-ayuda-prestacion-extraordinaria-cese-de-actividad-para-autonomos\/\" \/>\n<meta property=\"og:locale\" content=\"ca_ES\" \/>\n<meta property=\"og:type\" content=\"article\" \/>\n<meta property=\"og:title\" content=\"Aut\u00f3nomos - Pr\u00f3rroga ayuda prestaci\u00f3n extraordinaria cese de actividad\" \/>\n<meta property=\"og:description\" content=\"Son muchos los aut\u00f3nomos que nos preguntaban acerca del rumor de una posible negociaci\u00f3n para la pr\u00f3rroga de la ayuda estatal\" \/>\n<meta property=\"og:url\" content=\"https:\/\/www.ariasassessors.com\/ca\/prorroga-de-la-ayuda-prestacion-extraordinaria-cese-de-actividad-para-autonomos\/\" \/>\n<meta property=\"og:site_name\" content=\"Arias Assessors\" \/>\n<meta property=\"article:publisher\" content=\"https:\/\/www.facebook.com\/ariasassessors\/\" \/>\n<meta property=\"article:published_time\" content=\"2020-07-01T12:01:38+00:00\" \/>\n<meta property=\"article:modified_time\" content=\"2020-07-01T16:26:56+00:00\" \/>\n<meta property=\"og:image\" content=\"https:\/\/www.ariasassessors.com\/wp-content\/uploads\/2020\/07\/nl_arias_marzo-VIRUS_09.jpg\" \/>\n\t<meta property=\"og:image:width\" content=\"600\" \/>\n\t<meta property=\"og:image:height\" content=\"357\" \/>\n\t<meta property=\"og:image:type\" content=\"image\/jpeg\" \/>\n<meta name=\"author\" content=\"btorras\" \/>\n<meta name=\"twitter:card\" content=\"summary_large_image\" \/>\n<meta name=\"twitter:creator\" content=\"@ariasassessors\" \/>\n<meta name=\"twitter:site\" content=\"@ariasassessors\" \/>\n<meta name=\"twitter:label1\" content=\"Escrit per\" \/>\n\t<meta name=\"twitter:data1\" content=\"btorras\" \/>\n\t<meta name=\"twitter:label2\" content=\"Temps estimat de lectura\" \/>\n\t<meta name=\"twitter:data2\" content=\"3 minuts\" \/>\n<script type=\"application\/ld+json\" class=\"yoast-schema-graph\">{\"@context\":\"https:\/\/schema.org\",\"@graph\":[{\"@type\":\"Article\",\"@id\":\"https:\/\/www.ariasassessors.com\/ca\/prorroga-de-la-ayuda-prestacion-extraordinaria-cese-de-actividad-para-autonomos\/#article\",\"isPartOf\":{\"@id\":\"https:\/\/www.ariasassessors.com\/ca\/prorroga-de-la-ayuda-prestacion-extraordinaria-cese-de-actividad-para-autonomos\/\"},\"author\":{\"name\":\"btorras\",\"@id\":\"https:\/\/www.ariasassessors.com\/#\/schema\/person\/63c6ad1775f0a9413c37932562673cef\"},\"headline\":\"PRORROGA DE LA AYUDA \u2013 PRESTACI\u00d3N EXTRAORDINARIA CESE DE ACTIVIDAD PARA AUTONOMOS\",\"datePublished\":\"2020-07-01T12:01:38+00:00\",\"dateModified\":\"2020-07-01T16:26:56+00:00\",\"mainEntityOfPage\":{\"@id\":\"https:\/\/www.ariasassessors.com\/ca\/prorroga-de-la-ayuda-prestacion-extraordinaria-cese-de-actividad-para-autonomos\/\"},\"wordCount\":690,\"commentCount\":0,\"publisher\":{\"@id\":\"https:\/\/www.ariasassessors.com\/#organization\"},\"image\":{\"@id\":\"https:\/\/www.ariasassessors.com\/ca\/prorroga-de-la-ayuda-prestacion-extraordinaria-cese-de-actividad-para-autonomos\/#primaryimage\"},\"thumbnailUrl\":\"https:\/\/www.ariasassessors.com\/wp-content\/uploads\/2020\/07\/nl_arias_marzo-VIRUS_09.jpg\",\"keywords\":[\"aut\u00f2noms\",\"COVID\"],\"articleSection\":[\"noticies\"],\"inLanguage\":\"ca\",\"potentialAction\":[{\"@type\":\"CommentAction\",\"name\":\"Comment\",\"target\":[\"https:\/\/www.ariasassessors.com\/ca\/prorroga-de-la-ayuda-prestacion-extraordinaria-cese-de-actividad-para-autonomos\/#respond\"]}]},{\"@type\":\"WebPage\",\"@id\":\"https:\/\/www.ariasassessors.com\/ca\/prorroga-de-la-ayuda-prestacion-extraordinaria-cese-de-actividad-para-autonomos\/\",\"url\":\"https:\/\/www.ariasassessors.com\/ca\/prorroga-de-la-ayuda-prestacion-extraordinaria-cese-de-actividad-para-autonomos\/\",\"name\":\"Aut\u00f3nomos - Pr\u00f3rroga ayuda prestaci\u00f3n extraordinaria cese de actividad\",\"isPartOf\":{\"@id\":\"https:\/\/www.ariasassessors.com\/#website\"},\"primaryImageOfPage\":{\"@id\":\"https:\/\/www.ariasassessors.com\/ca\/prorroga-de-la-ayuda-prestacion-extraordinaria-cese-de-actividad-para-autonomos\/#primaryimage\"},\"image\":{\"@id\":\"https:\/\/www.ariasassessors.com\/ca\/prorroga-de-la-ayuda-prestacion-extraordinaria-cese-de-actividad-para-autonomos\/#primaryimage\"},\"thumbnailUrl\":\"https:\/\/www.ariasassessors.com\/wp-content\/uploads\/2020\/07\/nl_arias_marzo-VIRUS_09.jpg\",\"datePublished\":\"2020-07-01T12:01:38+00:00\",\"dateModified\":\"2020-07-01T16:26:56+00:00\",\"description\":\"Son muchos los aut\u00f3nomos que nos preguntaban acerca del rumor de una posible negociaci\u00f3n para la pr\u00f3rroga de la ayuda estatal\",\"breadcrumb\":{\"@id\":\"https:\/\/www.ariasassessors.com\/ca\/prorroga-de-la-ayuda-prestacion-extraordinaria-cese-de-actividad-para-autonomos\/#breadcrumb\"},\"inLanguage\":\"ca\",\"potentialAction\":[{\"@type\":\"ReadAction\",\"target\":[\"https:\/\/www.ariasassessors.com\/ca\/prorroga-de-la-ayuda-prestacion-extraordinaria-cese-de-actividad-para-autonomos\/\"]}]},{\"@type\":\"ImageObject\",\"inLanguage\":\"ca\",\"@id\":\"https:\/\/www.ariasassessors.com\/ca\/prorroga-de-la-ayuda-prestacion-extraordinaria-cese-de-actividad-para-autonomos\/#primaryimage\",\"url\":\"https:\/\/www.ariasassessors.com\/wp-content\/uploads\/2020\/07\/nl_arias_marzo-VIRUS_09.jpg\",\"contentUrl\":\"https:\/\/www.ariasassessors.com\/wp-content\/uploads\/2020\/07\/nl_arias_marzo-VIRUS_09.jpg\",\"width\":600,\"height\":357,\"caption\":\"aut\u00f3nomos\"},{\"@type\":\"BreadcrumbList\",\"@id\":\"https:\/\/www.ariasassessors.com\/ca\/prorroga-de-la-ayuda-prestacion-extraordinaria-cese-de-actividad-para-autonomos\/#breadcrumb\",\"itemListElement\":[{\"@type\":\"ListItem\",\"position\":1,\"name\":\"Portada\",\"item\":\"https:\/\/www.ariasassessors.com\/ca\/\"},{\"@type\":\"ListItem\",\"position\":2,\"name\":\"PRORROGA DE LA AYUDA \u2013 PRESTACI\u00d3N EXTRAORDINARIA CESE DE ACTIVIDAD PARA AUTONOMOS\"}]},{\"@type\":\"WebSite\",\"@id\":\"https:\/\/www.ariasassessors.com\/#website\",\"url\":\"https:\/\/www.ariasassessors.com\/\",\"name\":\"Arias Assessors\",\"description\":\"Asesor\u00eda para aut\u00f3nomos, profesionales y PYMES\",\"publisher\":{\"@id\":\"https:\/\/www.ariasassessors.com\/#organization\"},\"potentialAction\":[{\"@type\":\"SearchAction\",\"target\":{\"@type\":\"EntryPoint\",\"urlTemplate\":\"https:\/\/www.ariasassessors.com\/?s={search_term_string}\"},\"query-input\":{\"@type\":\"PropertyValueSpecification\",\"valueRequired\":true,\"valueName\":\"search_term_string\"}}],\"inLanguage\":\"ca\"},{\"@type\":\"Organization\",\"@id\":\"https:\/\/www.ariasassessors.com\/#organization\",\"name\":\"Arias Assessors\",\"url\":\"https:\/\/www.ariasassessors.com\/\",\"logo\":{\"@type\":\"ImageObject\",\"inLanguage\":\"ca\",\"@id\":\"https:\/\/www.ariasassessors.com\/#\/schema\/logo\/image\/\",\"url\":\"https:\/\/www.ariasassessors.com\/wp-content\/uploads\/2019\/01\/arias-logo.png\",\"contentUrl\":\"https:\/\/www.ariasassessors.com\/wp-content\/uploads\/2019\/01\/arias-logo.png\",\"width\":349,\"height\":254,\"caption\":\"Arias Assessors\"},\"image\":{\"@id\":\"https:\/\/www.ariasassessors.com\/#\/schema\/logo\/image\/\"},\"sameAs\":[\"https:\/\/www.facebook.com\/ariasassessors\/\",\"https:\/\/x.com\/ariasassessors\",\"https:\/\/www.linkedin.com\/company\/r&amp;amp;r-growing-knowledge\/\"]},{\"@type\":\"Person\",\"@id\":\"https:\/\/www.ariasassessors.com\/#\/schema\/person\/63c6ad1775f0a9413c37932562673cef\",\"name\":\"btorras\",\"image\":{\"@type\":\"ImageObject\",\"inLanguage\":\"ca\",\"@id\":\"https:\/\/www.ariasassessors.com\/#\/schema\/person\/image\/\",\"url\":\"https:\/\/secure.gravatar.com\/avatar\/0531db351fc361fdbfd204c58fa2d6a3?s=96&d=mm&r=g\",\"contentUrl\":\"https:\/\/secure.gravatar.com\/avatar\/0531db351fc361fdbfd204c58fa2d6a3?s=96&d=mm&r=g\",\"caption\":\"btorras\"}}]}<\/script>\n<!-- \/ Yoast SEO plugin. -->","yoast_head_json":{"title":"Aut\u00f3nomos - Pr\u00f3rroga ayuda prestaci\u00f3n extraordinaria cese de actividad","description":"Son muchos los aut\u00f3nomos que nos preguntaban acerca del rumor de una posible negociaci\u00f3n para la pr\u00f3rroga de la ayuda estatal","robots":{"index":"index","follow":"follow","max-snippet":"max-snippet:-1","max-image-preview":"max-image-preview:large","max-video-preview":"max-video-preview:-1"},"canonical":"https:\/\/www.ariasassessors.com\/ca\/prorroga-de-la-ayuda-prestacion-extraordinaria-cese-de-actividad-para-autonomos\/","og_locale":"ca_ES","og_type":"article","og_title":"Aut\u00f3nomos - Pr\u00f3rroga ayuda prestaci\u00f3n extraordinaria cese de actividad","og_description":"Son muchos los aut\u00f3nomos que nos preguntaban acerca del rumor de una posible negociaci\u00f3n para la pr\u00f3rroga de la ayuda estatal","og_url":"https:\/\/www.ariasassessors.com\/ca\/prorroga-de-la-ayuda-prestacion-extraordinaria-cese-de-actividad-para-autonomos\/","og_site_name":"Arias Assessors","article_publisher":"https:\/\/www.facebook.com\/ariasassessors\/","article_published_time":"2020-07-01T12:01:38+00:00","article_modified_time":"2020-07-01T16:26:56+00:00","og_image":[{"width":600,"height":357,"url":"https:\/\/www.ariasassessors.com\/wp-content\/uploads\/2020\/07\/nl_arias_marzo-VIRUS_09.jpg","type":"image\/jpeg"}],"author":"btorras","twitter_card":"summary_large_image","twitter_creator":"@ariasassessors","twitter_site":"@ariasassessors","twitter_misc":{"Escrit per":"btorras","Temps estimat de lectura":"3 minuts"},"schema":{"@context":"https:\/\/schema.org","@graph":[{"@type":"Article","@id":"https:\/\/www.ariasassessors.com\/ca\/prorroga-de-la-ayuda-prestacion-extraordinaria-cese-de-actividad-para-autonomos\/#article","isPartOf":{"@id":"https:\/\/www.ariasassessors.com\/ca\/prorroga-de-la-ayuda-prestacion-extraordinaria-cese-de-actividad-para-autonomos\/"},"author":{"name":"btorras","@id":"https:\/\/www.ariasassessors.com\/#\/schema\/person\/63c6ad1775f0a9413c37932562673cef"},"headline":"PRORROGA DE LA AYUDA \u2013 PRESTACI\u00d3N EXTRAORDINARIA CESE DE ACTIVIDAD PARA AUTONOMOS","datePublished":"2020-07-01T12:01:38+00:00","dateModified":"2020-07-01T16:26:56+00:00","mainEntityOfPage":{"@id":"https:\/\/www.ariasassessors.com\/ca\/prorroga-de-la-ayuda-prestacion-extraordinaria-cese-de-actividad-para-autonomos\/"},"wordCount":690,"commentCount":0,"publisher":{"@id":"https:\/\/www.ariasassessors.com\/#organization"},"image":{"@id":"https:\/\/www.ariasassessors.com\/ca\/prorroga-de-la-ayuda-prestacion-extraordinaria-cese-de-actividad-para-autonomos\/#primaryimage"},"thumbnailUrl":"https:\/\/www.ariasassessors.com\/wp-content\/uploads\/2020\/07\/nl_arias_marzo-VIRUS_09.jpg","keywords":["aut\u00f2noms","COVID"],"articleSection":["noticies"],"inLanguage":"ca","potentialAction":[{"@type":"CommentAction","name":"Comment","target":["https:\/\/www.ariasassessors.com\/ca\/prorroga-de-la-ayuda-prestacion-extraordinaria-cese-de-actividad-para-autonomos\/#respond"]}]},{"@type":"WebPage","@id":"https:\/\/www.ariasassessors.com\/ca\/prorroga-de-la-ayuda-prestacion-extraordinaria-cese-de-actividad-para-autonomos\/","url":"https:\/\/www.ariasassessors.com\/ca\/prorroga-de-la-ayuda-prestacion-extraordinaria-cese-de-actividad-para-autonomos\/","name":"Aut\u00f3nomos - Pr\u00f3rroga ayuda prestaci\u00f3n extraordinaria cese de actividad","isPartOf":{"@id":"https:\/\/www.ariasassessors.com\/#website"},"primaryImageOfPage":{"@id":"https:\/\/www.ariasassessors.com\/ca\/prorroga-de-la-ayuda-prestacion-extraordinaria-cese-de-actividad-para-autonomos\/#primaryimage"},"image":{"@id":"https:\/\/www.ariasassessors.com\/ca\/prorroga-de-la-ayuda-prestacion-extraordinaria-cese-de-actividad-para-autonomos\/#primaryimage"},"thumbnailUrl":"https:\/\/www.ariasassessors.com\/wp-content\/uploads\/2020\/07\/nl_arias_marzo-VIRUS_09.jpg","datePublished":"2020-07-01T12:01:38+00:00","dateModified":"2020-07-01T16:26:56+00:00","description":"Son muchos los aut\u00f3nomos que nos preguntaban acerca del rumor de una posible negociaci\u00f3n para la pr\u00f3rroga de la ayuda estatal","breadcrumb":{"@id":"https:\/\/www.ariasassessors.com\/ca\/prorroga-de-la-ayuda-prestacion-extraordinaria-cese-de-actividad-para-autonomos\/#breadcrumb"},"inLanguage":"ca","potentialAction":[{"@type":"ReadAction","target":["https:\/\/www.ariasassessors.com\/ca\/prorroga-de-la-ayuda-prestacion-extraordinaria-cese-de-actividad-para-autonomos\/"]}]},{"@type":"ImageObject","inLanguage":"ca","@id":"https:\/\/www.ariasassessors.com\/ca\/prorroga-de-la-ayuda-prestacion-extraordinaria-cese-de-actividad-para-autonomos\/#primaryimage","url":"https:\/\/www.ariasassessors.com\/wp-content\/uploads\/2020\/07\/nl_arias_marzo-VIRUS_09.jpg","contentUrl":"https:\/\/www.ariasassessors.com\/wp-content\/uploads\/2020\/07\/nl_arias_marzo-VIRUS_09.jpg","width":600,"height":357,"caption":"aut\u00f3nomos"},{"@type":"BreadcrumbList","@id":"https:\/\/www.ariasassessors.com\/ca\/prorroga-de-la-ayuda-prestacion-extraordinaria-cese-de-actividad-para-autonomos\/#breadcrumb","itemListElement":[{"@type":"ListItem","position":1,"name":"Portada","item":"https:\/\/www.ariasassessors.com\/ca\/"},{"@type":"ListItem","position":2,"name":"PRORROGA DE LA AYUDA \u2013 PRESTACI\u00d3N EXTRAORDINARIA CESE DE ACTIVIDAD PARA AUTONOMOS"}]},{"@type":"WebSite","@id":"https:\/\/www.ariasassessors.com\/#website","url":"https:\/\/www.ariasassessors.com\/","name":"Arias Assessors","description":"Asesor\u00eda para aut\u00f3nomos, profesionales y PYMES","publisher":{"@id":"https:\/\/www.ariasassessors.com\/#organization"},"potentialAction":[{"@type":"SearchAction","target":{"@type":"EntryPoint","urlTemplate":"https:\/\/www.ariasassessors.com\/?s={search_term_string}"},"query-input":{"@type":"PropertyValueSpecification","valueRequired":true,"valueName":"search_term_string"}}],"inLanguage":"ca"},{"@type":"Organization","@id":"https:\/\/www.ariasassessors.com\/#organization","name":"Arias Assessors","url":"https:\/\/www.ariasassessors.com\/","logo":{"@type":"ImageObject","inLanguage":"ca","@id":"https:\/\/www.ariasassessors.com\/#\/schema\/logo\/image\/","url":"https:\/\/www.ariasassessors.com\/wp-content\/uploads\/2019\/01\/arias-logo.png","contentUrl":"https:\/\/www.ariasassessors.com\/wp-content\/uploads\/2019\/01\/arias-logo.png","width":349,"height":254,"caption":"Arias Assessors"},"image":{"@id":"https:\/\/www.ariasassessors.com\/#\/schema\/logo\/image\/"},"sameAs":["https:\/\/www.facebook.com\/ariasassessors\/","https:\/\/x.com\/ariasassessors","https:\/\/www.linkedin.com\/company\/r&amp;amp;r-growing-knowledge\/"]},{"@type":"Person","@id":"https:\/\/www.ariasassessors.com\/#\/schema\/person\/63c6ad1775f0a9413c37932562673cef","name":"btorras","image":{"@type":"ImageObject","inLanguage":"ca","@id":"https:\/\/www.ariasassessors.com\/#\/schema\/person\/image\/","url":"https:\/\/secure.gravatar.com\/avatar\/0531db351fc361fdbfd204c58fa2d6a3?s=96&d=mm&r=g","contentUrl":"https:\/\/secure.gravatar.com\/avatar\/0531db351fc361fdbfd204c58fa2d6a3?s=96&d=mm&r=g","caption":"btorras"}}]}},"_links":{"self":[{"href":"https:\/\/www.ariasassessors.com\/ca\/wp-json\/wp\/v2\/posts\/1180","targetHints":{"allow":["GET"]}}],"collection":[{"href":"https:\/\/www.ariasassessors.com\/ca\/wp-json\/wp\/v2\/posts"}],"about":[{"href":"https:\/\/www.ariasassessors.com\/ca\/wp-json\/wp\/v2\/types\/post"}],"author":[{"embeddable":true,"href":"https:\/\/www.ariasassessors.com\/ca\/wp-json\/wp\/v2\/users\/2"}],"replies":[{"embeddable":true,"href":"https:\/\/www.ariasassessors.com\/ca\/wp-json\/wp\/v2\/comments?post=1180"}],"version-history":[{"count":1,"href":"https:\/\/www.ariasassessors.com\/ca\/wp-json\/wp\/v2\/posts\/1180\/revisions"}],"predecessor-version":[{"id":1183,"href":"https:\/\/www.ariasassessors.com\/ca\/wp-json\/wp\/v2\/posts\/1180\/revisions\/1183"}],"wp:featuredmedia":[{"embeddable":true,"href":"https:\/\/www.ariasassessors.com\/ca\/wp-json\/wp\/v2\/media\/1182"}],"wp:attachment":[{"href":"https:\/\/www.ariasassessors.com\/ca\/wp-json\/wp\/v2\/media?parent=1180"}],"wp:term":[{"taxonomy":"category","embeddable":true,"href":"https:\/\/www.ariasassessors.com\/ca\/wp-json\/wp\/v2\/categories?post=1180"},{"taxonomy":"post_tag","embeddable":true,"href":"https:\/\/www.ariasassessors.com\/ca\/wp-json\/wp\/v2\/tags?post=1180"}],"curies":[{"name":"wp","href":"https:\/\/api.w.org\/{rel}","templated":true}]}}