{"id":1205,"date":"2020-09-01T11:09:34","date_gmt":"2020-09-01T09:09:34","guid":{"rendered":"https:\/\/www.ariasassessors.com\/aclaracion-sobre-solapamiento-entre-vacaciones-y-permisos-retribuidos-solicitados-por-los-trabajadores\/"},"modified":"2020-09-01T11:09:34","modified_gmt":"2020-09-01T09:09:34","slug":"aclaracion-sobre-solapamiento-entre-vacaciones-y-permisos-retribuidos-solicitados-por-los-trabajadores","status":"publish","type":"post","link":"https:\/\/www.ariasassessors.com\/ca\/aclaracion-sobre-solapamiento-entre-vacaciones-y-permisos-retribuidos-solicitados-por-los-trabajadores\/","title":{"rendered":"ACLARACI\u00d3N SOBRE SOLAPAMIENTO ENTRE VACACIONES Y PERMISOS RETRIBUIDOS SOLICITADOS POR LOS TRABAJADORES"},"content":{"rendered":"<p>En este per\u00edodo vacacional hemos recibido la consulta de varios de nuestros clientes respecto a la posibilidad de otorgar a un trabajador, previa petici\u00f3n de \u00e9ste, un d\u00eda de permiso retribuido a mitad del per\u00edodo vacacional, solicitando por tanto \u00e9ste que dicho d\u00eda no contara como per\u00edodo de vacaciones. A este respecto, y seg\u00fan ha aclarado recientemente el Tribunal de Justicia de la Uni\u00f3n Europea (a petici\u00f3n de una consulta de la Audiencia Nacional) debemos aclarar:<\/p>\n<p>No es lo mismo en este sentido que se solapen per\u00edodos de baja laboral con vacaciones, a permisos retribuidos con vacaciones, es decir:<\/p>\n<p>En el caso que un trabajador est\u00e9 disfrutando o vaya a disfrutar de un per\u00edodo vacacional, el TJUE recuerda que la finalidad del derecho a vacaciones anuales retribuidas consiste en permitir que los trabajadores descansen y dispongan de un per\u00edodo de ocio y esparcimiento, concluyendo que, cuando un trabajador se encuentre de baja por enfermedad durante un per\u00edodo de vacaciones anuales fijado previamente, tiene derecho a petici\u00f3n suya y al objeto de poder disfrutar de manera efectiva sus vacaciones, a tomarlas en fecha distinta a la de la baja por enfermedad.<\/p>\n<p>Por el contrario, en los\u00a0permisos retribuidos, que reconoce a los trabajadores el derecho a ausentarse del trabajo manteniendo la remuneraci\u00f3n, est\u00e1 sujeto a dos requisitos acumulativos, como es el acaecimiento de alguno de los acontecimientos contemplados en dicha normativa y el hecho de que las necesidades u obligaciones que justifican la concesi\u00f3n de un permiso retribuido se produzcan durante un per\u00edodo de trabajo. Considera el TJUE que, en la medida en que \u00fanicamente tienen por objeto permitir a los trabajadores ausentarse del trabajo para atender a ciertas necesidades u obligaciones determinadas que requieren de su asistencia personal, est\u00e1n indisociablemente ligados al\u00a0tiempo de trabajo\u00a0como tal, de modo que no pueden reclamarlos en per\u00edodos de descanso semanal o de vacaciones anuales retribuidas. Por lo tanto, estos permisos retribuidos no son asimilables a la baja por enfermedad y en caso de estar en per\u00edodo de vacaciones computar\u00edan como un d\u00eda menos de vacaciones.<\/p>\n<p>As\u00ed pues:<\/p>\n<p><strong>Seg\u00fan el TJUE los d\u00edas por matrimonio, mudanza u hospitalizaci\u00f3n de familiar que coincidan con vacaciones o fin de semana no han de compensarse con d\u00edas libres (permisos retribuidos).<\/strong><\/p>\n<p>Por otra parte, alegan que, cuando los acontecimientos que justifican la concesi\u00f3n de estos permisos retribuidos sucedan\u00a0durante un per\u00edodo de descanso semanal\u00a0o de vacaciones anuales retribuidas, los trabajadores deber\u00edan poder disfrutar estos permisos retribuidos durante un per\u00edodo de trabajo subsiguiente. EL TJUE responde negativamente, puesto que estos permisos como el r\u00e9gimen que se les aplica, se sit\u00faan fuera del r\u00e9gimen establecido por la Dir.2003\/88.<\/p>\n<p>Finalmente, el TJUE recuerda que esos permisos estar\u00edan dentro del \u00e1mbito de aplicaci\u00f3n del Acuerdo Marco sobre permiso parental y, por tanto de la Dir 2010\/18\/UE,\u00a0 que \u00fanicamente prev\u00e9 la autorizaci\u00f3n a los trabajadores a ausentarse del trabajo por motivos de fuerza mayor vinculados a asuntos familiares urgentes en caso de enfermedad o accidente que hagan indispensable la presencia inmediata del trabajador. Esto supone que estos derechos m\u00ednimos no pueden asimilarse a un permiso, en el sentido de la jurisprudencia del TJUE<\/p>\n<p>&nbsp;<\/p>\n<p>Si tiene cualquier duda recuerde que nos puede\u00a0<a href=\"https:\/\/www.ariasassessors.com\/ca\/contacte\/\">hacer la consulta.<\/a><\/p>\n","protected":false},"excerpt":{"rendered":"<p>En este per\u00edodo vacacional hemos recibido la consulta de varios de nuestros clientes respecto a la posibilidad de otorgar a un trabajador, previa petici\u00f3n de \u00e9ste, un d\u00eda de permiso retribuido a mitad del per\u00edodo vacacional, solicitando por tanto \u00e9ste que dicho d\u00eda no contara&#8230;<\/p>\n","protected":false},"author":2,"featured_media":1204,"comment_status":"open","ping_status":"open","sticky":false,"template":"","format":"standard","meta":{"footnotes":""},"categories":[4],"tags":[],"class_list":["post-1205","post","type-post","status-publish","format-standard","has-post-thumbnail","hentry","category-noticies"],"yoast_head":"<!-- This site is optimized with the Yoast SEO plugin v24.3 - https:\/\/yoast.com\/wordpress\/plugins\/seo\/ -->\n<title>Solapamiento entre vacaciones y permisos retribuidos | Arias Assessors<\/title>\n<meta name=\"description\" content=\"En este per\u00edodo de vacaciones hemos recibido la consulta de varios de nuestros clientes respecto a la posibilidad de otorgar a un trabajador\" \/>\n<meta name=\"robots\" content=\"index, follow, max-snippet:-1, max-image-preview:large, max-video-preview:-1\" \/>\n<link rel=\"canonical\" href=\"https:\/\/www.ariasassessors.com\/ca\/aclaracion-sobre-solapamiento-entre-vacaciones-y-permisos-retribuidos-solicitados-por-los-trabajadores\/\" \/>\n<meta property=\"og:locale\" content=\"ca_ES\" \/>\n<meta property=\"og:type\" content=\"article\" \/>\n<meta property=\"og:title\" content=\"Solapamiento entre vacaciones y permisos retribuidos | Arias Assessors\" \/>\n<meta property=\"og:description\" content=\"En este per\u00edodo de vacaciones hemos recibido la consulta de varios de nuestros clientes respecto a la posibilidad de otorgar a un trabajador\" \/>\n<meta property=\"og:url\" content=\"https:\/\/www.ariasassessors.com\/ca\/aclaracion-sobre-solapamiento-entre-vacaciones-y-permisos-retribuidos-solicitados-por-los-trabajadores\/\" \/>\n<meta property=\"og:site_name\" content=\"Arias Assessors\" \/>\n<meta property=\"article:publisher\" content=\"https:\/\/www.facebook.com\/ariasassessors\/\" \/>\n<meta property=\"article:published_time\" content=\"2020-09-01T09:09:34+00:00\" \/>\n<meta property=\"og:image\" content=\"https:\/\/www.ariasassessors.com\/wp-content\/uploads\/2020\/09\/nl_sept-2-img_09.jpg\" \/>\n\t<meta property=\"og:image:width\" content=\"600\" \/>\n\t<meta property=\"og:image:height\" content=\"357\" \/>\n\t<meta property=\"og:image:type\" content=\"image\/jpeg\" \/>\n<meta name=\"author\" content=\"btorras\" \/>\n<meta name=\"twitter:card\" content=\"summary_large_image\" \/>\n<meta name=\"twitter:creator\" content=\"@ariasassessors\" \/>\n<meta name=\"twitter:site\" content=\"@ariasassessors\" \/>\n<meta name=\"twitter:label1\" content=\"Escrit per\" \/>\n\t<meta name=\"twitter:data1\" content=\"btorras\" \/>\n\t<meta name=\"twitter:label2\" content=\"Temps estimat de lectura\" \/>\n\t<meta name=\"twitter:data2\" content=\"3 minuts\" \/>\n<script type=\"application\/ld+json\" class=\"yoast-schema-graph\">{\"@context\":\"https:\/\/schema.org\",\"@graph\":[{\"@type\":\"Article\",\"@id\":\"https:\/\/www.ariasassessors.com\/ca\/aclaracion-sobre-solapamiento-entre-vacaciones-y-permisos-retribuidos-solicitados-por-los-trabajadores\/#article\",\"isPartOf\":{\"@id\":\"https:\/\/www.ariasassessors.com\/ca\/aclaracion-sobre-solapamiento-entre-vacaciones-y-permisos-retribuidos-solicitados-por-los-trabajadores\/\"},\"author\":{\"name\":\"btorras\",\"@id\":\"https:\/\/www.ariasassessors.com\/#\/schema\/person\/63c6ad1775f0a9413c37932562673cef\"},\"headline\":\"ACLARACI\u00d3N SOBRE SOLAPAMIENTO ENTRE VACACIONES Y PERMISOS RETRIBUIDOS SOLICITADOS POR LOS TRABAJADORES\",\"datePublished\":\"2020-09-01T09:09:34+00:00\",\"dateModified\":\"2020-09-01T09:09:34+00:00\",\"mainEntityOfPage\":{\"@id\":\"https:\/\/www.ariasassessors.com\/ca\/aclaracion-sobre-solapamiento-entre-vacaciones-y-permisos-retribuidos-solicitados-por-los-trabajadores\/\"},\"wordCount\":584,\"commentCount\":0,\"publisher\":{\"@id\":\"https:\/\/www.ariasassessors.com\/#organization\"},\"image\":{\"@id\":\"https:\/\/www.ariasassessors.com\/ca\/aclaracion-sobre-solapamiento-entre-vacaciones-y-permisos-retribuidos-solicitados-por-los-trabajadores\/#primaryimage\"},\"thumbnailUrl\":\"https:\/\/www.ariasassessors.com\/wp-content\/uploads\/2020\/09\/nl_sept-2-img_09.jpg\",\"articleSection\":[\"noticies\"],\"inLanguage\":\"ca\",\"potentialAction\":[{\"@type\":\"CommentAction\",\"name\":\"Comment\",\"target\":[\"https:\/\/www.ariasassessors.com\/ca\/aclaracion-sobre-solapamiento-entre-vacaciones-y-permisos-retribuidos-solicitados-por-los-trabajadores\/#respond\"]}]},{\"@type\":\"WebPage\",\"@id\":\"https:\/\/www.ariasassessors.com\/ca\/aclaracion-sobre-solapamiento-entre-vacaciones-y-permisos-retribuidos-solicitados-por-los-trabajadores\/\",\"url\":\"https:\/\/www.ariasassessors.com\/ca\/aclaracion-sobre-solapamiento-entre-vacaciones-y-permisos-retribuidos-solicitados-por-los-trabajadores\/\",\"name\":\"Solapamiento entre vacaciones y permisos retribuidos | Arias Assessors\",\"isPartOf\":{\"@id\":\"https:\/\/www.ariasassessors.com\/#website\"},\"primaryImageOfPage\":{\"@id\":\"https:\/\/www.ariasassessors.com\/ca\/aclaracion-sobre-solapamiento-entre-vacaciones-y-permisos-retribuidos-solicitados-por-los-trabajadores\/#primaryimage\"},\"image\":{\"@id\":\"https:\/\/www.ariasassessors.com\/ca\/aclaracion-sobre-solapamiento-entre-vacaciones-y-permisos-retribuidos-solicitados-por-los-trabajadores\/#primaryimage\"},\"thumbnailUrl\":\"https:\/\/www.ariasassessors.com\/wp-content\/uploads\/2020\/09\/nl_sept-2-img_09.jpg\",\"datePublished\":\"2020-09-01T09:09:34+00:00\",\"dateModified\":\"2020-09-01T09:09:34+00:00\",\"description\":\"En este per\u00edodo de vacaciones hemos recibido la consulta de varios de nuestros clientes respecto a la posibilidad de otorgar a un trabajador\",\"breadcrumb\":{\"@id\":\"https:\/\/www.ariasassessors.com\/ca\/aclaracion-sobre-solapamiento-entre-vacaciones-y-permisos-retribuidos-solicitados-por-los-trabajadores\/#breadcrumb\"},\"inLanguage\":\"ca\",\"potentialAction\":[{\"@type\":\"ReadAction\",\"target\":[\"https:\/\/www.ariasassessors.com\/ca\/aclaracion-sobre-solapamiento-entre-vacaciones-y-permisos-retribuidos-solicitados-por-los-trabajadores\/\"]}]},{\"@type\":\"ImageObject\",\"inLanguage\":\"ca\",\"@id\":\"https:\/\/www.ariasassessors.com\/ca\/aclaracion-sobre-solapamiento-entre-vacaciones-y-permisos-retribuidos-solicitados-por-los-trabajadores\/#primaryimage\",\"url\":\"https:\/\/www.ariasassessors.com\/wp-content\/uploads\/2020\/09\/nl_sept-2-img_09.jpg\",\"contentUrl\":\"https:\/\/www.ariasassessors.com\/wp-content\/uploads\/2020\/09\/nl_sept-2-img_09.jpg\",\"width\":600,\"height\":357,\"caption\":\"Vacaciones\"},{\"@type\":\"BreadcrumbList\",\"@id\":\"https:\/\/www.ariasassessors.com\/ca\/aclaracion-sobre-solapamiento-entre-vacaciones-y-permisos-retribuidos-solicitados-por-los-trabajadores\/#breadcrumb\",\"itemListElement\":[{\"@type\":\"ListItem\",\"position\":1,\"name\":\"Portada\",\"item\":\"https:\/\/www.ariasassessors.com\/ca\/\"},{\"@type\":\"ListItem\",\"position\":2,\"name\":\"ACLARACI\u00d3N SOBRE SOLAPAMIENTO ENTRE VACACIONES Y PERMISOS RETRIBUIDOS SOLICITADOS POR LOS TRABAJADORES\"}]},{\"@type\":\"WebSite\",\"@id\":\"https:\/\/www.ariasassessors.com\/#website\",\"url\":\"https:\/\/www.ariasassessors.com\/\",\"name\":\"Arias Assessors\",\"description\":\"Asesor\u00eda para aut\u00f3nomos, profesionales y PYMES\",\"publisher\":{\"@id\":\"https:\/\/www.ariasassessors.com\/#organization\"},\"potentialAction\":[{\"@type\":\"SearchAction\",\"target\":{\"@type\":\"EntryPoint\",\"urlTemplate\":\"https:\/\/www.ariasassessors.com\/?s={search_term_string}\"},\"query-input\":{\"@type\":\"PropertyValueSpecification\",\"valueRequired\":true,\"valueName\":\"search_term_string\"}}],\"inLanguage\":\"ca\"},{\"@type\":\"Organization\",\"@id\":\"https:\/\/www.ariasassessors.com\/#organization\",\"name\":\"Arias Assessors\",\"url\":\"https:\/\/www.ariasassessors.com\/\",\"logo\":{\"@type\":\"ImageObject\",\"inLanguage\":\"ca\",\"@id\":\"https:\/\/www.ariasassessors.com\/#\/schema\/logo\/image\/\",\"url\":\"https:\/\/www.ariasassessors.com\/wp-content\/uploads\/2019\/01\/arias-logo.png\",\"contentUrl\":\"https:\/\/www.ariasassessors.com\/wp-content\/uploads\/2019\/01\/arias-logo.png\",\"width\":349,\"height\":254,\"caption\":\"Arias Assessors\"},\"image\":{\"@id\":\"https:\/\/www.ariasassessors.com\/#\/schema\/logo\/image\/\"},\"sameAs\":[\"https:\/\/www.facebook.com\/ariasassessors\/\",\"https:\/\/x.com\/ariasassessors\",\"https:\/\/www.linkedin.com\/company\/r&amp;amp;r-growing-knowledge\/\"]},{\"@type\":\"Person\",\"@id\":\"https:\/\/www.ariasassessors.com\/#\/schema\/person\/63c6ad1775f0a9413c37932562673cef\",\"name\":\"btorras\",\"image\":{\"@type\":\"ImageObject\",\"inLanguage\":\"ca\",\"@id\":\"https:\/\/www.ariasassessors.com\/#\/schema\/person\/image\/\",\"url\":\"https:\/\/secure.gravatar.com\/avatar\/0531db351fc361fdbfd204c58fa2d6a3?s=96&d=mm&r=g\",\"contentUrl\":\"https:\/\/secure.gravatar.com\/avatar\/0531db351fc361fdbfd204c58fa2d6a3?s=96&d=mm&r=g\",\"caption\":\"btorras\"}}]}<\/script>\n<!-- \/ Yoast SEO plugin. -->","yoast_head_json":{"title":"Solapamiento entre vacaciones y permisos retribuidos | Arias Assessors","description":"En este per\u00edodo de vacaciones hemos recibido la consulta de varios de nuestros clientes respecto a la posibilidad de otorgar a un trabajador","robots":{"index":"index","follow":"follow","max-snippet":"max-snippet:-1","max-image-preview":"max-image-preview:large","max-video-preview":"max-video-preview:-1"},"canonical":"https:\/\/www.ariasassessors.com\/ca\/aclaracion-sobre-solapamiento-entre-vacaciones-y-permisos-retribuidos-solicitados-por-los-trabajadores\/","og_locale":"ca_ES","og_type":"article","og_title":"Solapamiento entre vacaciones y permisos retribuidos | Arias Assessors","og_description":"En este per\u00edodo de vacaciones hemos recibido la consulta de varios de nuestros clientes respecto a la posibilidad de otorgar a un trabajador","og_url":"https:\/\/www.ariasassessors.com\/ca\/aclaracion-sobre-solapamiento-entre-vacaciones-y-permisos-retribuidos-solicitados-por-los-trabajadores\/","og_site_name":"Arias Assessors","article_publisher":"https:\/\/www.facebook.com\/ariasassessors\/","article_published_time":"2020-09-01T09:09:34+00:00","og_image":[{"width":600,"height":357,"url":"https:\/\/www.ariasassessors.com\/wp-content\/uploads\/2020\/09\/nl_sept-2-img_09.jpg","type":"image\/jpeg"}],"author":"btorras","twitter_card":"summary_large_image","twitter_creator":"@ariasassessors","twitter_site":"@ariasassessors","twitter_misc":{"Escrit per":"btorras","Temps estimat de lectura":"3 minuts"},"schema":{"@context":"https:\/\/schema.org","@graph":[{"@type":"Article","@id":"https:\/\/www.ariasassessors.com\/ca\/aclaracion-sobre-solapamiento-entre-vacaciones-y-permisos-retribuidos-solicitados-por-los-trabajadores\/#article","isPartOf":{"@id":"https:\/\/www.ariasassessors.com\/ca\/aclaracion-sobre-solapamiento-entre-vacaciones-y-permisos-retribuidos-solicitados-por-los-trabajadores\/"},"author":{"name":"btorras","@id":"https:\/\/www.ariasassessors.com\/#\/schema\/person\/63c6ad1775f0a9413c37932562673cef"},"headline":"ACLARACI\u00d3N SOBRE SOLAPAMIENTO ENTRE VACACIONES Y PERMISOS RETRIBUIDOS SOLICITADOS POR LOS TRABAJADORES","datePublished":"2020-09-01T09:09:34+00:00","dateModified":"2020-09-01T09:09:34+00:00","mainEntityOfPage":{"@id":"https:\/\/www.ariasassessors.com\/ca\/aclaracion-sobre-solapamiento-entre-vacaciones-y-permisos-retribuidos-solicitados-por-los-trabajadores\/"},"wordCount":584,"commentCount":0,"publisher":{"@id":"https:\/\/www.ariasassessors.com\/#organization"},"image":{"@id":"https:\/\/www.ariasassessors.com\/ca\/aclaracion-sobre-solapamiento-entre-vacaciones-y-permisos-retribuidos-solicitados-por-los-trabajadores\/#primaryimage"},"thumbnailUrl":"https:\/\/www.ariasassessors.com\/wp-content\/uploads\/2020\/09\/nl_sept-2-img_09.jpg","articleSection":["noticies"],"inLanguage":"ca","potentialAction":[{"@type":"CommentAction","name":"Comment","target":["https:\/\/www.ariasassessors.com\/ca\/aclaracion-sobre-solapamiento-entre-vacaciones-y-permisos-retribuidos-solicitados-por-los-trabajadores\/#respond"]}]},{"@type":"WebPage","@id":"https:\/\/www.ariasassessors.com\/ca\/aclaracion-sobre-solapamiento-entre-vacaciones-y-permisos-retribuidos-solicitados-por-los-trabajadores\/","url":"https:\/\/www.ariasassessors.com\/ca\/aclaracion-sobre-solapamiento-entre-vacaciones-y-permisos-retribuidos-solicitados-por-los-trabajadores\/","name":"Solapamiento entre vacaciones y permisos retribuidos | Arias Assessors","isPartOf":{"@id":"https:\/\/www.ariasassessors.com\/#website"},"primaryImageOfPage":{"@id":"https:\/\/www.ariasassessors.com\/ca\/aclaracion-sobre-solapamiento-entre-vacaciones-y-permisos-retribuidos-solicitados-por-los-trabajadores\/#primaryimage"},"image":{"@id":"https:\/\/www.ariasassessors.com\/ca\/aclaracion-sobre-solapamiento-entre-vacaciones-y-permisos-retribuidos-solicitados-por-los-trabajadores\/#primaryimage"},"thumbnailUrl":"https:\/\/www.ariasassessors.com\/wp-content\/uploads\/2020\/09\/nl_sept-2-img_09.jpg","datePublished":"2020-09-01T09:09:34+00:00","dateModified":"2020-09-01T09:09:34+00:00","description":"En este per\u00edodo de vacaciones hemos recibido la consulta de varios de nuestros clientes respecto a la posibilidad de otorgar a un trabajador","breadcrumb":{"@id":"https:\/\/www.ariasassessors.com\/ca\/aclaracion-sobre-solapamiento-entre-vacaciones-y-permisos-retribuidos-solicitados-por-los-trabajadores\/#breadcrumb"},"inLanguage":"ca","potentialAction":[{"@type":"ReadAction","target":["https:\/\/www.ariasassessors.com\/ca\/aclaracion-sobre-solapamiento-entre-vacaciones-y-permisos-retribuidos-solicitados-por-los-trabajadores\/"]}]},{"@type":"ImageObject","inLanguage":"ca","@id":"https:\/\/www.ariasassessors.com\/ca\/aclaracion-sobre-solapamiento-entre-vacaciones-y-permisos-retribuidos-solicitados-por-los-trabajadores\/#primaryimage","url":"https:\/\/www.ariasassessors.com\/wp-content\/uploads\/2020\/09\/nl_sept-2-img_09.jpg","contentUrl":"https:\/\/www.ariasassessors.com\/wp-content\/uploads\/2020\/09\/nl_sept-2-img_09.jpg","width":600,"height":357,"caption":"Vacaciones"},{"@type":"BreadcrumbList","@id":"https:\/\/www.ariasassessors.com\/ca\/aclaracion-sobre-solapamiento-entre-vacaciones-y-permisos-retribuidos-solicitados-por-los-trabajadores\/#breadcrumb","itemListElement":[{"@type":"ListItem","position":1,"name":"Portada","item":"https:\/\/www.ariasassessors.com\/ca\/"},{"@type":"ListItem","position":2,"name":"ACLARACI\u00d3N SOBRE SOLAPAMIENTO ENTRE VACACIONES Y PERMISOS RETRIBUIDOS SOLICITADOS POR LOS TRABAJADORES"}]},{"@type":"WebSite","@id":"https:\/\/www.ariasassessors.com\/#website","url":"https:\/\/www.ariasassessors.com\/","name":"Arias Assessors","description":"Asesor\u00eda para aut\u00f3nomos, profesionales y PYMES","publisher":{"@id":"https:\/\/www.ariasassessors.com\/#organization"},"potentialAction":[{"@type":"SearchAction","target":{"@type":"EntryPoint","urlTemplate":"https:\/\/www.ariasassessors.com\/?s={search_term_string}"},"query-input":{"@type":"PropertyValueSpecification","valueRequired":true,"valueName":"search_term_string"}}],"inLanguage":"ca"},{"@type":"Organization","@id":"https:\/\/www.ariasassessors.com\/#organization","name":"Arias Assessors","url":"https:\/\/www.ariasassessors.com\/","logo":{"@type":"ImageObject","inLanguage":"ca","@id":"https:\/\/www.ariasassessors.com\/#\/schema\/logo\/image\/","url":"https:\/\/www.ariasassessors.com\/wp-content\/uploads\/2019\/01\/arias-logo.png","contentUrl":"https:\/\/www.ariasassessors.com\/wp-content\/uploads\/2019\/01\/arias-logo.png","width":349,"height":254,"caption":"Arias Assessors"},"image":{"@id":"https:\/\/www.ariasassessors.com\/#\/schema\/logo\/image\/"},"sameAs":["https:\/\/www.facebook.com\/ariasassessors\/","https:\/\/x.com\/ariasassessors","https:\/\/www.linkedin.com\/company\/r&amp;amp;r-growing-knowledge\/"]},{"@type":"Person","@id":"https:\/\/www.ariasassessors.com\/#\/schema\/person\/63c6ad1775f0a9413c37932562673cef","name":"btorras","image":{"@type":"ImageObject","inLanguage":"ca","@id":"https:\/\/www.ariasassessors.com\/#\/schema\/person\/image\/","url":"https:\/\/secure.gravatar.com\/avatar\/0531db351fc361fdbfd204c58fa2d6a3?s=96&d=mm&r=g","contentUrl":"https:\/\/secure.gravatar.com\/avatar\/0531db351fc361fdbfd204c58fa2d6a3?s=96&d=mm&r=g","caption":"btorras"}}]}},"_links":{"self":[{"href":"https:\/\/www.ariasassessors.com\/ca\/wp-json\/wp\/v2\/posts\/1205","targetHints":{"allow":["GET"]}}],"collection":[{"href":"https:\/\/www.ariasassessors.com\/ca\/wp-json\/wp\/v2\/posts"}],"about":[{"href":"https:\/\/www.ariasassessors.com\/ca\/wp-json\/wp\/v2\/types\/post"}],"author":[{"embeddable":true,"href":"https:\/\/www.ariasassessors.com\/ca\/wp-json\/wp\/v2\/users\/2"}],"replies":[{"embeddable":true,"href":"https:\/\/www.ariasassessors.com\/ca\/wp-json\/wp\/v2\/comments?post=1205"}],"version-history":[{"count":0,"href":"https:\/\/www.ariasassessors.com\/ca\/wp-json\/wp\/v2\/posts\/1205\/revisions"}],"wp:featuredmedia":[{"embeddable":true,"href":"https:\/\/www.ariasassessors.com\/ca\/wp-json\/wp\/v2\/media\/1204"}],"wp:attachment":[{"href":"https:\/\/www.ariasassessors.com\/ca\/wp-json\/wp\/v2\/media?parent=1205"}],"wp:term":[{"taxonomy":"category","embeddable":true,"href":"https:\/\/www.ariasassessors.com\/ca\/wp-json\/wp\/v2\/categories?post=1205"},{"taxonomy":"post_tag","embeddable":true,"href":"https:\/\/www.ariasassessors.com\/ca\/wp-json\/wp\/v2\/tags?post=1205"}],"curies":[{"name":"wp","href":"https:\/\/api.w.org\/{rel}","templated":true}]}}