{"id":1217,"date":"2020-09-09T10:55:15","date_gmt":"2020-09-09T08:55:15","guid":{"rendered":"https:\/\/www.ariasassessors.com\/evolucion-historica-del-salario-minimo-interprofesional\/"},"modified":"2020-09-09T10:55:15","modified_gmt":"2020-09-09T08:55:15","slug":"evolucion-historica-del-salario-minimo-interprofesional","status":"publish","type":"post","link":"https:\/\/www.ariasassessors.com\/ca\/evolucion-historica-del-salario-minimo-interprofesional\/","title":{"rendered":"Evoluci\u00f3n hist\u00f3rica del Salario M\u00ednimo Interprofesional"},"content":{"rendered":"<p>En la siguiente tabla podr\u00e1n ver la evoluci\u00f3n des de el a\u00f1o 2000 a 2020 del Salario M\u00ednimo Interprofesional.<\/p>\n<table>\n<tbody>\n<tr>\n<td><strong>A\u00f1o<\/strong><\/td>\n<td><strong>Euros\/mes<\/strong><\/td>\n<td><strong>Reales Decretos para fijar anualmente el salario m\u00ednimo interprofesional<\/strong><\/td>\n<\/tr>\n<tr>\n<td>2020<\/td>\n<td>950<\/td>\n<td><a href=\"https:\/\/www.iberley.es\/legislacion\/real-decreto-231-2020-4-feb-salario-minimo-interprofesional-2020-26490731\">Real Decreto 231\/2020, de 4 de febrero<\/a>, por el que se fija el salario m\u00ednimo interprofesional para 2020, 950 euros 14 pagas (1.108,33\u20ac con pagas extras prorrateadas mensualmente).<\/td>\n<\/tr>\n<tr>\n<td><\/td>\n<td><\/td>\n<td><\/td>\n<\/tr>\n<tr>\n<td>\u00a02019<\/td>\n<td>900<\/td>\n<td><a href=\"https:\/\/www.iberley.es\/legislacion\/real-decreto-1462-2018-21-dic-salario-minimo-interprofesional-2019-26137682\">Real Decreto 1462\/2018, de 21 de diciembre<\/a>.<\/td>\n<\/tr>\n<tr>\n<td>2018<\/td>\n<td>735,90<\/td>\n<td><a href=\"https:\/\/www.iberley.es\/legislacion\/real-decreto-1077-2017-29-dic-salario-minimo-interprofesional-2018-25578999\">Real Decreto 1077\/2017, de 29 de diciembre<\/a>.<\/td>\n<\/tr>\n<tr>\n<td>2017<\/td>\n<td>707,70<\/td>\n<td><a href=\"https:\/\/www.iberley.es\/legislacion\/rd-ley-3-2016-2-dic-medidas-ambito-tributario-dirigidas-consolidacion-finanzas-publicas-medidas-urgentes-materia-social-24860008\">Real Decreto-ley 3\/2016, de 2 de diciembre<\/a>\u00a0\/\u00a0<a href=\"https:\/\/www.iberley.es\/legislacion\/real-decreto-742-2016-30-dic-salario-minimo-interprofesional-2017-24911201\">Real Decreto 742\/2016, de 30 de diciembre<\/a>.<\/td>\n<\/tr>\n<tr>\n<td>2016<\/td>\n<td>655,20<\/td>\n<td><a href=\"https:\/\/www.iberley.es\/legislacion\/real-decreto-1171-2015-29-dic-salario-minimo-interprofesional-2016-24245708\">Real Decreto 1171\/2015, de 29 de diciembre<\/a>.<\/td>\n<\/tr>\n<tr>\n<td>2.015<\/td>\n<td>648,60<\/td>\n<td><a href=\"https:\/\/www.iberley.es\/legislacion\/real-decreto-1106-2014-26-dic-salario-minimo-interprofesional-2015-17464511\">Real Decreto 1106\/2014, de 26 de diciembre<\/a>.<\/td>\n<\/tr>\n<tr>\n<td>2.014<\/td>\n<td>645,30<\/td>\n<td><a href=\"https:\/\/www.iberley.es\/legislacion\/real-decreto-1046-2013-27-dic-salario-minimo-interprofesional-2014-13002394\">Real Decreto 1046\/2013, de 27 de diciembre<\/a>.<\/td>\n<\/tr>\n<tr>\n<td>2.013<\/td>\n<td>645,30<\/td>\n<td><a href=\"https:\/\/www.iberley.es\/legislacion\/real-decreto-1717-2012-28-dic-salario-minimo-interprofesional-2013-10356882\">Real Decreto 1717\/2012, de 28 de diciembre<\/a>.<\/td>\n<\/tr>\n<tr>\n<td>2.012<\/td>\n<td>641,40<\/td>\n<td><a href=\"https:\/\/www.iberley.es\/legislacion\/real-decreto-1888-2011-30-dic-salario-minimo-interprofesional-2012-9418633\">Real Decreto 1888\/2011, de 30 de diciembre<\/a>.<\/td>\n<\/tr>\n<tr>\n<td>2.011<\/td>\n<td>641,40<\/td>\n<td><a href=\"https:\/\/www.iberley.es\/legislacion\/real-decreto-1795-2010-30-dic-fija-salario-minimo-interprofesional-2011-8418916\">REAL DECRETO 1795\/2010, de 30 de diciembre<\/a>.<\/td>\n<\/tr>\n<tr>\n<td>2.010<\/td>\n<td>633,30<\/td>\n<td><a href=\"https:\/\/www.iberley.es\/legislacion\/real-decreto-2030-2009-30-dic-salario-minimo-interprofesional-2010-7321610\">REAL DECRETO 2030\/2009, de 30 de diciembre<\/a>.<\/td>\n<\/tr>\n<tr>\n<td>2.009<\/td>\n<td>624<\/td>\n<td>REAL DECRETO 2128\/2008, de 26 de diciembre.<\/td>\n<\/tr>\n<tr>\n<td>2.008<\/td>\n<td>600<\/td>\n<td>REAL DECRETO 1763\/2007, de 28 de diciembre.<\/td>\n<\/tr>\n<tr>\n<td>2.007<\/td>\n<td>570,60<\/td>\n<td>REAL DECRETO 1632\/2006, de 29 de diciembre.<\/td>\n<\/tr>\n<tr>\n<td>2.006<\/td>\n<td>540,90<\/td>\n<td>REAL DECRETO 1613\/2005, de 30 diciembre.<\/td>\n<\/tr>\n<tr>\n<td>2.005<\/td>\n<td>513,00<\/td>\n<td>REAL DECRETO 2388\/2004, de 30 de diciembre.<\/td>\n<\/tr>\n<tr>\n<td>2.004 (Desde el 01\/07\/2004)<\/td>\n<td>490,80<\/td>\n<td>REAL DECRETO 2\/2004, de 25 de junio.<\/td>\n<\/tr>\n<tr>\n<td>2.004 (Hasta el 30\/06\/2004)<\/td>\n<td>460,50<\/td>\n<td>REAL DECRETO 1793\/2003, de 27 de diciembre.<\/td>\n<\/tr>\n<tr>\n<td>2.003<\/td>\n<td>451,20<\/td>\n<td>REAL DECRETO 1426\/2002, de 27 de diciembre.<\/td>\n<\/tr>\n<tr>\n<td>2.002<\/td>\n<td>442,20<\/td>\n<td>REAL DECRETO 1466\/2001, de 27 de diciembre.<\/td>\n<\/tr>\n<tr>\n<td>2.001<\/td>\n<td>433,45<\/td>\n<td>REAL DECRETO 3476\/2000, de 29\/12\/00.<\/td>\n<\/tr>\n<tr>\n<td>2.000<\/td>\n<td>424,80<\/td>\n<td>REAL DECRETO 2065\/1999, de 30\/12\/99.<\/td>\n<\/tr>\n<\/tbody>\n<\/table>\n<p>&nbsp;<\/p>\n<p>Si tiene cualquier duda puede <a href=\"https:\/\/www.ariasassessors.com\/ca\/contacte\/\">contactar con nosotros.<\/a><\/p>\n","protected":false},"excerpt":{"rendered":"<p>En la siguiente tabla podr\u00e1n ver la evoluci\u00f3n des de el a\u00f1o 2000 a 2020 del Salario M\u00ednimo Interprofesional. A\u00f1o Euros\/mes Reales Decretos para fijar anualmente el salario m\u00ednimo interprofesional 2020 950 Real Decreto 231\/2020, de 4 de febrero, por el que se fija el&#8230;<\/p>\n","protected":false},"author":2,"featured_media":1215,"comment_status":"open","ping_status":"open","sticky":false,"template":"","format":"standard","meta":{"footnotes":""},"categories":[4],"tags":[229],"class_list":["post-1217","post","type-post","status-publish","format-standard","has-post-thumbnail","hentry","category-noticies","tag-noticias-ca"],"yoast_head":"<!-- This site is optimized with the Yoast SEO plugin v24.3 - https:\/\/yoast.com\/wordpress\/plugins\/seo\/ -->\n<title>Salario M\u00ednimo Interprofesional evoluci\u00f3n 2000-2020 | Arias Assessors<\/title>\n<meta name=\"description\" content=\"En la siguiente tabla podr\u00e1n ver la evoluci\u00f3n des de el a\u00f1o 2000 a 2020 del Salario M\u00ednimo Interprofesional.\" \/>\n<meta name=\"robots\" content=\"index, follow, max-snippet:-1, max-image-preview:large, max-video-preview:-1\" \/>\n<link rel=\"canonical\" href=\"https:\/\/www.ariasassessors.com\/ca\/evolucion-historica-del-salario-minimo-interprofesional\/\" \/>\n<meta property=\"og:locale\" content=\"ca_ES\" \/>\n<meta property=\"og:type\" content=\"article\" \/>\n<meta property=\"og:title\" content=\"Salario M\u00ednimo Interprofesional evoluci\u00f3n 2000-2020 | Arias Assessors\" \/>\n<meta property=\"og:description\" content=\"En la siguiente tabla podr\u00e1n ver la evoluci\u00f3n des de el a\u00f1o 2000 a 2020 del Salario M\u00ednimo Interprofesional.\" \/>\n<meta property=\"og:url\" content=\"https:\/\/www.ariasassessors.com\/ca\/evolucion-historica-del-salario-minimo-interprofesional\/\" \/>\n<meta property=\"og:site_name\" content=\"Arias Assessors\" \/>\n<meta property=\"article:publisher\" content=\"https:\/\/www.facebook.com\/ariasassessors\/\" \/>\n<meta property=\"article:published_time\" content=\"2020-09-09T08:55:15+00:00\" \/>\n<meta property=\"og:image\" content=\"https:\/\/www.ariasassessors.com\/wp-content\/uploads\/2020\/09\/banner_09.jpg\" \/>\n\t<meta property=\"og:image:width\" content=\"600\" \/>\n\t<meta property=\"og:image:height\" content=\"357\" \/>\n\t<meta property=\"og:image:type\" content=\"image\/jpeg\" \/>\n<meta name=\"author\" content=\"btorras\" \/>\n<meta name=\"twitter:card\" content=\"summary_large_image\" \/>\n<meta name=\"twitter:creator\" content=\"@ariasassessors\" \/>\n<meta name=\"twitter:site\" content=\"@ariasassessors\" \/>\n<meta name=\"twitter:label1\" content=\"Escrit per\" \/>\n\t<meta name=\"twitter:data1\" content=\"btorras\" \/>\n\t<meta name=\"twitter:label2\" content=\"Temps estimat de lectura\" \/>\n\t<meta name=\"twitter:data2\" content=\"1 minut\" \/>\n<script type=\"application\/ld+json\" class=\"yoast-schema-graph\">{\"@context\":\"https:\/\/schema.org\",\"@graph\":[{\"@type\":\"Article\",\"@id\":\"https:\/\/www.ariasassessors.com\/ca\/evolucion-historica-del-salario-minimo-interprofesional\/#article\",\"isPartOf\":{\"@id\":\"https:\/\/www.ariasassessors.com\/ca\/evolucion-historica-del-salario-minimo-interprofesional\/\"},\"author\":{\"name\":\"btorras\",\"@id\":\"https:\/\/www.ariasassessors.com\/#\/schema\/person\/63c6ad1775f0a9413c37932562673cef\"},\"headline\":\"Evoluci\u00f3n hist\u00f3rica del Salario M\u00ednimo Interprofesional\",\"datePublished\":\"2020-09-09T08:55:15+00:00\",\"dateModified\":\"2020-09-09T08:55:15+00:00\",\"mainEntityOfPage\":{\"@id\":\"https:\/\/www.ariasassessors.com\/ca\/evolucion-historica-del-salario-minimo-interprofesional\/\"},\"wordCount\":185,\"commentCount\":0,\"publisher\":{\"@id\":\"https:\/\/www.ariasassessors.com\/#organization\"},\"image\":{\"@id\":\"https:\/\/www.ariasassessors.com\/ca\/evolucion-historica-del-salario-minimo-interprofesional\/#primaryimage\"},\"thumbnailUrl\":\"https:\/\/www.ariasassessors.com\/wp-content\/uploads\/2020\/09\/banner_09.jpg\",\"keywords\":[\"noticias\"],\"articleSection\":[\"noticies\"],\"inLanguage\":\"ca\",\"potentialAction\":[{\"@type\":\"CommentAction\",\"name\":\"Comment\",\"target\":[\"https:\/\/www.ariasassessors.com\/ca\/evolucion-historica-del-salario-minimo-interprofesional\/#respond\"]}]},{\"@type\":\"WebPage\",\"@id\":\"https:\/\/www.ariasassessors.com\/ca\/evolucion-historica-del-salario-minimo-interprofesional\/\",\"url\":\"https:\/\/www.ariasassessors.com\/ca\/evolucion-historica-del-salario-minimo-interprofesional\/\",\"name\":\"Salario M\u00ednimo Interprofesional evoluci\u00f3n 2000-2020 | Arias Assessors\",\"isPartOf\":{\"@id\":\"https:\/\/www.ariasassessors.com\/#website\"},\"primaryImageOfPage\":{\"@id\":\"https:\/\/www.ariasassessors.com\/ca\/evolucion-historica-del-salario-minimo-interprofesional\/#primaryimage\"},\"image\":{\"@id\":\"https:\/\/www.ariasassessors.com\/ca\/evolucion-historica-del-salario-minimo-interprofesional\/#primaryimage\"},\"thumbnailUrl\":\"https:\/\/www.ariasassessors.com\/wp-content\/uploads\/2020\/09\/banner_09.jpg\",\"datePublished\":\"2020-09-09T08:55:15+00:00\",\"dateModified\":\"2020-09-09T08:55:15+00:00\",\"description\":\"En la siguiente tabla podr\u00e1n ver la evoluci\u00f3n des de el a\u00f1o 2000 a 2020 del Salario M\u00ednimo Interprofesional.\",\"breadcrumb\":{\"@id\":\"https:\/\/www.ariasassessors.com\/ca\/evolucion-historica-del-salario-minimo-interprofesional\/#breadcrumb\"},\"inLanguage\":\"ca\",\"potentialAction\":[{\"@type\":\"ReadAction\",\"target\":[\"https:\/\/www.ariasassessors.com\/ca\/evolucion-historica-del-salario-minimo-interprofesional\/\"]}]},{\"@type\":\"ImageObject\",\"inLanguage\":\"ca\",\"@id\":\"https:\/\/www.ariasassessors.com\/ca\/evolucion-historica-del-salario-minimo-interprofesional\/#primaryimage\",\"url\":\"https:\/\/www.ariasassessors.com\/wp-content\/uploads\/2020\/09\/banner_09.jpg\",\"contentUrl\":\"https:\/\/www.ariasassessors.com\/wp-content\/uploads\/2020\/09\/banner_09.jpg\",\"width\":600,\"height\":357,\"caption\":\"SALARIO MINIMO INTERPROFESIONAL\"},{\"@type\":\"BreadcrumbList\",\"@id\":\"https:\/\/www.ariasassessors.com\/ca\/evolucion-historica-del-salario-minimo-interprofesional\/#breadcrumb\",\"itemListElement\":[{\"@type\":\"ListItem\",\"position\":1,\"name\":\"Portada\",\"item\":\"https:\/\/www.ariasassessors.com\/ca\/\"},{\"@type\":\"ListItem\",\"position\":2,\"name\":\"Evoluci\u00f3n hist\u00f3rica del Salario M\u00ednimo Interprofesional\"}]},{\"@type\":\"WebSite\",\"@id\":\"https:\/\/www.ariasassessors.com\/#website\",\"url\":\"https:\/\/www.ariasassessors.com\/\",\"name\":\"Arias Assessors\",\"description\":\"Asesor\u00eda para aut\u00f3nomos, profesionales y PYMES\",\"publisher\":{\"@id\":\"https:\/\/www.ariasassessors.com\/#organization\"},\"potentialAction\":[{\"@type\":\"SearchAction\",\"target\":{\"@type\":\"EntryPoint\",\"urlTemplate\":\"https:\/\/www.ariasassessors.com\/?s={search_term_string}\"},\"query-input\":{\"@type\":\"PropertyValueSpecification\",\"valueRequired\":true,\"valueName\":\"search_term_string\"}}],\"inLanguage\":\"ca\"},{\"@type\":\"Organization\",\"@id\":\"https:\/\/www.ariasassessors.com\/#organization\",\"name\":\"Arias Assessors\",\"url\":\"https:\/\/www.ariasassessors.com\/\",\"logo\":{\"@type\":\"ImageObject\",\"inLanguage\":\"ca\",\"@id\":\"https:\/\/www.ariasassessors.com\/#\/schema\/logo\/image\/\",\"url\":\"https:\/\/www.ariasassessors.com\/wp-content\/uploads\/2019\/01\/arias-logo.png\",\"contentUrl\":\"https:\/\/www.ariasassessors.com\/wp-content\/uploads\/2019\/01\/arias-logo.png\",\"width\":349,\"height\":254,\"caption\":\"Arias Assessors\"},\"image\":{\"@id\":\"https:\/\/www.ariasassessors.com\/#\/schema\/logo\/image\/\"},\"sameAs\":[\"https:\/\/www.facebook.com\/ariasassessors\/\",\"https:\/\/x.com\/ariasassessors\",\"https:\/\/www.linkedin.com\/company\/r&amp;amp;r-growing-knowledge\/\"]},{\"@type\":\"Person\",\"@id\":\"https:\/\/www.ariasassessors.com\/#\/schema\/person\/63c6ad1775f0a9413c37932562673cef\",\"name\":\"btorras\",\"image\":{\"@type\":\"ImageObject\",\"inLanguage\":\"ca\",\"@id\":\"https:\/\/www.ariasassessors.com\/#\/schema\/person\/image\/\",\"url\":\"https:\/\/secure.gravatar.com\/avatar\/0531db351fc361fdbfd204c58fa2d6a3?s=96&d=mm&r=g\",\"contentUrl\":\"https:\/\/secure.gravatar.com\/avatar\/0531db351fc361fdbfd204c58fa2d6a3?s=96&d=mm&r=g\",\"caption\":\"btorras\"}}]}<\/script>\n<!-- \/ Yoast SEO plugin. -->","yoast_head_json":{"title":"Salario M\u00ednimo Interprofesional evoluci\u00f3n 2000-2020 | Arias Assessors","description":"En la siguiente tabla podr\u00e1n ver la evoluci\u00f3n des de el a\u00f1o 2000 a 2020 del Salario M\u00ednimo Interprofesional.","robots":{"index":"index","follow":"follow","max-snippet":"max-snippet:-1","max-image-preview":"max-image-preview:large","max-video-preview":"max-video-preview:-1"},"canonical":"https:\/\/www.ariasassessors.com\/ca\/evolucion-historica-del-salario-minimo-interprofesional\/","og_locale":"ca_ES","og_type":"article","og_title":"Salario M\u00ednimo Interprofesional evoluci\u00f3n 2000-2020 | Arias Assessors","og_description":"En la siguiente tabla podr\u00e1n ver la evoluci\u00f3n des de el a\u00f1o 2000 a 2020 del Salario M\u00ednimo Interprofesional.","og_url":"https:\/\/www.ariasassessors.com\/ca\/evolucion-historica-del-salario-minimo-interprofesional\/","og_site_name":"Arias Assessors","article_publisher":"https:\/\/www.facebook.com\/ariasassessors\/","article_published_time":"2020-09-09T08:55:15+00:00","og_image":[{"width":600,"height":357,"url":"https:\/\/www.ariasassessors.com\/wp-content\/uploads\/2020\/09\/banner_09.jpg","type":"image\/jpeg"}],"author":"btorras","twitter_card":"summary_large_image","twitter_creator":"@ariasassessors","twitter_site":"@ariasassessors","twitter_misc":{"Escrit per":"btorras","Temps estimat de lectura":"1 minut"},"schema":{"@context":"https:\/\/schema.org","@graph":[{"@type":"Article","@id":"https:\/\/www.ariasassessors.com\/ca\/evolucion-historica-del-salario-minimo-interprofesional\/#article","isPartOf":{"@id":"https:\/\/www.ariasassessors.com\/ca\/evolucion-historica-del-salario-minimo-interprofesional\/"},"author":{"name":"btorras","@id":"https:\/\/www.ariasassessors.com\/#\/schema\/person\/63c6ad1775f0a9413c37932562673cef"},"headline":"Evoluci\u00f3n hist\u00f3rica del Salario M\u00ednimo Interprofesional","datePublished":"2020-09-09T08:55:15+00:00","dateModified":"2020-09-09T08:55:15+00:00","mainEntityOfPage":{"@id":"https:\/\/www.ariasassessors.com\/ca\/evolucion-historica-del-salario-minimo-interprofesional\/"},"wordCount":185,"commentCount":0,"publisher":{"@id":"https:\/\/www.ariasassessors.com\/#organization"},"image":{"@id":"https:\/\/www.ariasassessors.com\/ca\/evolucion-historica-del-salario-minimo-interprofesional\/#primaryimage"},"thumbnailUrl":"https:\/\/www.ariasassessors.com\/wp-content\/uploads\/2020\/09\/banner_09.jpg","keywords":["noticias"],"articleSection":["noticies"],"inLanguage":"ca","potentialAction":[{"@type":"CommentAction","name":"Comment","target":["https:\/\/www.ariasassessors.com\/ca\/evolucion-historica-del-salario-minimo-interprofesional\/#respond"]}]},{"@type":"WebPage","@id":"https:\/\/www.ariasassessors.com\/ca\/evolucion-historica-del-salario-minimo-interprofesional\/","url":"https:\/\/www.ariasassessors.com\/ca\/evolucion-historica-del-salario-minimo-interprofesional\/","name":"Salario M\u00ednimo Interprofesional evoluci\u00f3n 2000-2020 | Arias Assessors","isPartOf":{"@id":"https:\/\/www.ariasassessors.com\/#website"},"primaryImageOfPage":{"@id":"https:\/\/www.ariasassessors.com\/ca\/evolucion-historica-del-salario-minimo-interprofesional\/#primaryimage"},"image":{"@id":"https:\/\/www.ariasassessors.com\/ca\/evolucion-historica-del-salario-minimo-interprofesional\/#primaryimage"},"thumbnailUrl":"https:\/\/www.ariasassessors.com\/wp-content\/uploads\/2020\/09\/banner_09.jpg","datePublished":"2020-09-09T08:55:15+00:00","dateModified":"2020-09-09T08:55:15+00:00","description":"En la siguiente tabla podr\u00e1n ver la evoluci\u00f3n des de el a\u00f1o 2000 a 2020 del Salario M\u00ednimo Interprofesional.","breadcrumb":{"@id":"https:\/\/www.ariasassessors.com\/ca\/evolucion-historica-del-salario-minimo-interprofesional\/#breadcrumb"},"inLanguage":"ca","potentialAction":[{"@type":"ReadAction","target":["https:\/\/www.ariasassessors.com\/ca\/evolucion-historica-del-salario-minimo-interprofesional\/"]}]},{"@type":"ImageObject","inLanguage":"ca","@id":"https:\/\/www.ariasassessors.com\/ca\/evolucion-historica-del-salario-minimo-interprofesional\/#primaryimage","url":"https:\/\/www.ariasassessors.com\/wp-content\/uploads\/2020\/09\/banner_09.jpg","contentUrl":"https:\/\/www.ariasassessors.com\/wp-content\/uploads\/2020\/09\/banner_09.jpg","width":600,"height":357,"caption":"SALARIO MINIMO INTERPROFESIONAL"},{"@type":"BreadcrumbList","@id":"https:\/\/www.ariasassessors.com\/ca\/evolucion-historica-del-salario-minimo-interprofesional\/#breadcrumb","itemListElement":[{"@type":"ListItem","position":1,"name":"Portada","item":"https:\/\/www.ariasassessors.com\/ca\/"},{"@type":"ListItem","position":2,"name":"Evoluci\u00f3n hist\u00f3rica del Salario M\u00ednimo Interprofesional"}]},{"@type":"WebSite","@id":"https:\/\/www.ariasassessors.com\/#website","url":"https:\/\/www.ariasassessors.com\/","name":"Arias Assessors","description":"Asesor\u00eda para aut\u00f3nomos, profesionales y PYMES","publisher":{"@id":"https:\/\/www.ariasassessors.com\/#organization"},"potentialAction":[{"@type":"SearchAction","target":{"@type":"EntryPoint","urlTemplate":"https:\/\/www.ariasassessors.com\/?s={search_term_string}"},"query-input":{"@type":"PropertyValueSpecification","valueRequired":true,"valueName":"search_term_string"}}],"inLanguage":"ca"},{"@type":"Organization","@id":"https:\/\/www.ariasassessors.com\/#organization","name":"Arias Assessors","url":"https:\/\/www.ariasassessors.com\/","logo":{"@type":"ImageObject","inLanguage":"ca","@id":"https:\/\/www.ariasassessors.com\/#\/schema\/logo\/image\/","url":"https:\/\/www.ariasassessors.com\/wp-content\/uploads\/2019\/01\/arias-logo.png","contentUrl":"https:\/\/www.ariasassessors.com\/wp-content\/uploads\/2019\/01\/arias-logo.png","width":349,"height":254,"caption":"Arias Assessors"},"image":{"@id":"https:\/\/www.ariasassessors.com\/#\/schema\/logo\/image\/"},"sameAs":["https:\/\/www.facebook.com\/ariasassessors\/","https:\/\/x.com\/ariasassessors","https:\/\/www.linkedin.com\/company\/r&amp;amp;r-growing-knowledge\/"]},{"@type":"Person","@id":"https:\/\/www.ariasassessors.com\/#\/schema\/person\/63c6ad1775f0a9413c37932562673cef","name":"btorras","image":{"@type":"ImageObject","inLanguage":"ca","@id":"https:\/\/www.ariasassessors.com\/#\/schema\/person\/image\/","url":"https:\/\/secure.gravatar.com\/avatar\/0531db351fc361fdbfd204c58fa2d6a3?s=96&d=mm&r=g","contentUrl":"https:\/\/secure.gravatar.com\/avatar\/0531db351fc361fdbfd204c58fa2d6a3?s=96&d=mm&r=g","caption":"btorras"}}]}},"_links":{"self":[{"href":"https:\/\/www.ariasassessors.com\/ca\/wp-json\/wp\/v2\/posts\/1217","targetHints":{"allow":["GET"]}}],"collection":[{"href":"https:\/\/www.ariasassessors.com\/ca\/wp-json\/wp\/v2\/posts"}],"about":[{"href":"https:\/\/www.ariasassessors.com\/ca\/wp-json\/wp\/v2\/types\/post"}],"author":[{"embeddable":true,"href":"https:\/\/www.ariasassessors.com\/ca\/wp-json\/wp\/v2\/users\/2"}],"replies":[{"embeddable":true,"href":"https:\/\/www.ariasassessors.com\/ca\/wp-json\/wp\/v2\/comments?post=1217"}],"version-history":[{"count":0,"href":"https:\/\/www.ariasassessors.com\/ca\/wp-json\/wp\/v2\/posts\/1217\/revisions"}],"wp:featuredmedia":[{"embeddable":true,"href":"https:\/\/www.ariasassessors.com\/ca\/wp-json\/wp\/v2\/media\/1215"}],"wp:attachment":[{"href":"https:\/\/www.ariasassessors.com\/ca\/wp-json\/wp\/v2\/media?parent=1217"}],"wp:term":[{"taxonomy":"category","embeddable":true,"href":"https:\/\/www.ariasassessors.com\/ca\/wp-json\/wp\/v2\/categories?post=1217"},{"taxonomy":"post_tag","embeddable":true,"href":"https:\/\/www.ariasassessors.com\/ca\/wp-json\/wp\/v2\/tags?post=1217"}],"curies":[{"name":"wp","href":"https:\/\/api.w.org\/{rel}","templated":true}]}}