{"id":1222,"date":"2020-09-14T18:01:34","date_gmt":"2020-09-14T16:01:34","guid":{"rendered":"https:\/\/www.ariasassessors.com\/la-seguridad-social-cambia-de-criterio-y-reconoce-la-tarifa-plana-a-los-autonomos-societarios\/"},"modified":"2020-09-14T18:01:34","modified_gmt":"2020-09-14T16:01:34","slug":"la-seguridad-social-cambia-de-criterio-y-reconoce-la-tarifa-plana-a-los-autonomos-societarios","status":"publish","type":"post","link":"https:\/\/www.ariasassessors.com\/ca\/la-seguridad-social-cambia-de-criterio-y-reconoce-la-tarifa-plana-a-los-autonomos-societarios\/","title":{"rendered":"LA SEGURIDAD SOCIAL CAMBIA DE CRITERIO Y RECONOCE LA TARIFA PLANA A LOS AUT\u00d3NOMOS SOCIETARIOS"},"content":{"rendered":"<p>Distinguidos clientes,<\/p>\n<p>Como es bien sabido por consultas que nos han formulado y art\u00edculos relacionados, la posibilidad de que los nuevos aut\u00f3nomos que se dieran de alta, y lo hicieran como miembros \/ socios de una sociedad mercantil, pudieran beneficiarse de la bonificaci\u00f3n por \u201cTarifa Plana\u201d como s\u00ed lo hacen los nuevos aut\u00f3nomos \u201cpersonas f\u00edsicas\u201d, hab\u00eda sido una y otra vez denegada por la misma Seguridad Social, cuyo criterio era que \u00fanicamente pod\u00edan beneficiarse de dicha bonificaci\u00f3n las personas f\u00edsicas. Recordamos que la bonificaci\u00f3n permite pagar, por ejemplo durante los primeros 12 meses, una cuota fija de 60\u20ac mensuales a aquellos nuevos aut\u00f3nomos que nunca lo hubieran sido, o al menos no durante los dos a\u00f1os anteriores al alta o tres desde la \u00faltima aplicaci\u00f3n de bonificaci\u00f3n en aut\u00f3nomos.<\/p>\n<p>A pesar de que ya hab\u00eda noticias de sentencias del Tribunal Supremo (n\u00famero 1669\/19, de 3 de Diciembre de 2019 o 286\/2020 de 27 de febrero) en favor de que los aut\u00f3nomos societarios tambi\u00e9n tuvieran el derecho a la bonificaci\u00f3n, la Seguridad Social se manten\u00eda firme en su criterio inicial de 2013, fecha de inicio de aplicaci\u00f3n de la medida.<\/p>\n<p>Finalmente, el pasado 7 de Agosto 2020 la Seguridad Social ha rectificado este criterio, de manera \u201cque se permita a los trabajadores aut\u00f3nomos socios de sociedades mercantiles capitalistas acogerse a los beneficios en la cotizaci\u00f3n previstos por el art\u00edculo 31 de la <a href=\"https:\/\/www.boe.es\/buscar\/act.php?id=BOE-A-2007-13409\">Ley 20\/2007, del Estatuto del Trabajo Aut\u00f3nomo<\/a>\u201d.<\/p>\n<p>Apuntes a tener en cuenta:<\/p>\n<ol>\n<li>El aut\u00f3nomo societario es aquel que posee al menos el 25% de las participaciones de una sociedad y desempe\u00f1a labores de direcci\u00f3n \/ gerencia en la misma, por ejemplo administradores. En casos de no tener labores de administraci\u00f3n y gerencia, pero el socio aporta su trabajo personal, tambi\u00e9n deben darse de alta de aut\u00f3nomos aquellos socios que tienen al menos un 33% de participaciones. Finalmente, tambi\u00e9n ser\u00edan aut\u00f3nomos societarios aquellas personas que aportan su trabajo personal sin tener participaciones, pero conviven con un socio que tenga al menos el 50% de \u00e9sta.<\/li>\n<li>El criterio parece que tambi\u00e9n permite reclamar a la TGSS la prestaci\u00f3n por parte de aquellos aut\u00f3nomos societarios que ya estuviesen dados de alta, siempre y cuando no hayan transcurrido m\u00e1s de cuatro a\u00f1os desde el pago de la primera cuota como aut\u00f3nomo societario.<\/li>\n<li>Para reclamar en este \u00faltimo caso, debemos desde Arias Assessors o el propio interesado, presentar escrito solicitando la devoluci\u00f3n de ingresos indebidos por lo pagado de m\u00e1s en estos \u00faltimos 4 a\u00f1os. En caso de denegaci\u00f3n, presentar\u00edamos recurso de alzada, y finalmente se podr\u00eda acudir por v\u00eda judicial al Contencioso-Administrativo.<\/li>\n<\/ol>\n<p>Esperamos que la Seguridad Social agilice estos procesos tanto para los nuevos aut\u00f3nomos societarios como para las reclamaciones. Tanto para un caso como para el otro, u obtener m\u00e1s informaci\u00f3n, pueden ponerse en contacto con nosotros en nuestro mail <a href=\"mailto:info@ariasassessors.com\">info@ariasassessors.com<\/a> o <a href=\"https:\/\/www.ariasassessors.com\/ca\/contacte\/\">solicitar una cita para aclarar las dudas existentes.<\/a><\/p>\n","protected":false},"excerpt":{"rendered":"<p>Distinguidos clientes, Como es bien sabido por consultas que nos han formulado y art\u00edculos relacionados, la posibilidad de que los nuevos aut\u00f3nomos que se dieran de alta, y lo hicieran como miembros \/ socios de una sociedad mercantil, pudieran beneficiarse de la bonificaci\u00f3n por \u201cTarifa&#8230;<\/p>\n","protected":false},"author":2,"featured_media":1220,"comment_status":"open","ping_status":"open","sticky":false,"template":"","format":"standard","meta":{"footnotes":""},"categories":[4],"tags":[225],"class_list":["post-1222","post","type-post","status-publish","format-standard","has-post-thumbnail","hentry","category-noticies","tag-autonomos-ca"],"yoast_head":"<!-- This site is optimized with the Yoast SEO plugin v24.3 - https:\/\/yoast.com\/wordpress\/plugins\/seo\/ -->\n<title>Tarifa plana a los aut\u00f3nomos societarios | Arias Assessors<\/title>\n<meta name=\"description\" content=\"La posibilidad de que los nuevos aut\u00f3nomos que se dieran de alta, y lo hicieran como miembros \/ socios de una sociedad mercantil\" \/>\n<meta name=\"robots\" content=\"index, follow, max-snippet:-1, max-image-preview:large, max-video-preview:-1\" \/>\n<link rel=\"canonical\" href=\"https:\/\/www.ariasassessors.com\/ca\/la-seguridad-social-cambia-de-criterio-y-reconoce-la-tarifa-plana-a-los-autonomos-societarios\/\" \/>\n<meta property=\"og:locale\" content=\"ca_ES\" \/>\n<meta property=\"og:type\" content=\"article\" \/>\n<meta property=\"og:title\" content=\"Tarifa plana a los aut\u00f3nomos societarios | Arias Assessors\" \/>\n<meta property=\"og:description\" content=\"La posibilidad de que los nuevos aut\u00f3nomos que se dieran de alta, y lo hicieran como miembros \/ socios de una sociedad mercantil\" \/>\n<meta property=\"og:url\" content=\"https:\/\/www.ariasassessors.com\/ca\/la-seguridad-social-cambia-de-criterio-y-reconoce-la-tarifa-plana-a-los-autonomos-societarios\/\" \/>\n<meta property=\"og:site_name\" content=\"Arias Assessors\" \/>\n<meta property=\"article:publisher\" content=\"https:\/\/www.facebook.com\/ariasassessors\/\" \/>\n<meta property=\"article:published_time\" content=\"2020-09-14T16:01:34+00:00\" \/>\n<meta property=\"og:image\" content=\"https:\/\/www.ariasassessors.com\/wp-content\/uploads\/2020\/09\/autonomos-societarios_09.gif\" \/>\n\t<meta property=\"og:image:width\" content=\"600\" \/>\n\t<meta property=\"og:image:height\" content=\"276\" \/>\n\t<meta property=\"og:image:type\" content=\"image\/gif\" \/>\n<meta name=\"author\" content=\"btorras\" \/>\n<meta name=\"twitter:card\" content=\"summary_large_image\" \/>\n<meta name=\"twitter:creator\" content=\"@ariasassessors\" \/>\n<meta name=\"twitter:site\" content=\"@ariasassessors\" \/>\n<meta name=\"twitter:label1\" content=\"Escrit per\" \/>\n\t<meta name=\"twitter:data1\" content=\"btorras\" \/>\n\t<meta name=\"twitter:label2\" content=\"Temps estimat de lectura\" \/>\n\t<meta name=\"twitter:data2\" content=\"3 minuts\" \/>\n<script type=\"application\/ld+json\" class=\"yoast-schema-graph\">{\"@context\":\"https:\/\/schema.org\",\"@graph\":[{\"@type\":\"Article\",\"@id\":\"https:\/\/www.ariasassessors.com\/ca\/la-seguridad-social-cambia-de-criterio-y-reconoce-la-tarifa-plana-a-los-autonomos-societarios\/#article\",\"isPartOf\":{\"@id\":\"https:\/\/www.ariasassessors.com\/ca\/la-seguridad-social-cambia-de-criterio-y-reconoce-la-tarifa-plana-a-los-autonomos-societarios\/\"},\"author\":{\"name\":\"btorras\",\"@id\":\"https:\/\/www.ariasassessors.com\/#\/schema\/person\/63c6ad1775f0a9413c37932562673cef\"},\"headline\":\"LA SEGURIDAD SOCIAL CAMBIA DE CRITERIO Y RECONOCE LA TARIFA PLANA A LOS AUT\u00d3NOMOS SOCIETARIOS\",\"datePublished\":\"2020-09-14T16:01:34+00:00\",\"dateModified\":\"2020-09-14T16:01:34+00:00\",\"mainEntityOfPage\":{\"@id\":\"https:\/\/www.ariasassessors.com\/ca\/la-seguridad-social-cambia-de-criterio-y-reconoce-la-tarifa-plana-a-los-autonomos-societarios\/\"},\"wordCount\":529,\"commentCount\":0,\"publisher\":{\"@id\":\"https:\/\/www.ariasassessors.com\/#organization\"},\"image\":{\"@id\":\"https:\/\/www.ariasassessors.com\/ca\/la-seguridad-social-cambia-de-criterio-y-reconoce-la-tarifa-plana-a-los-autonomos-societarios\/#primaryimage\"},\"thumbnailUrl\":\"https:\/\/www.ariasassessors.com\/wp-content\/uploads\/2020\/09\/autonomos-societarios_09.gif\",\"keywords\":[\"aut\u00f2noms\"],\"articleSection\":[\"noticies\"],\"inLanguage\":\"ca\",\"potentialAction\":[{\"@type\":\"CommentAction\",\"name\":\"Comment\",\"target\":[\"https:\/\/www.ariasassessors.com\/ca\/la-seguridad-social-cambia-de-criterio-y-reconoce-la-tarifa-plana-a-los-autonomos-societarios\/#respond\"]}]},{\"@type\":\"WebPage\",\"@id\":\"https:\/\/www.ariasassessors.com\/ca\/la-seguridad-social-cambia-de-criterio-y-reconoce-la-tarifa-plana-a-los-autonomos-societarios\/\",\"url\":\"https:\/\/www.ariasassessors.com\/ca\/la-seguridad-social-cambia-de-criterio-y-reconoce-la-tarifa-plana-a-los-autonomos-societarios\/\",\"name\":\"Tarifa plana a los aut\u00f3nomos societarios | Arias Assessors\",\"isPartOf\":{\"@id\":\"https:\/\/www.ariasassessors.com\/#website\"},\"primaryImageOfPage\":{\"@id\":\"https:\/\/www.ariasassessors.com\/ca\/la-seguridad-social-cambia-de-criterio-y-reconoce-la-tarifa-plana-a-los-autonomos-societarios\/#primaryimage\"},\"image\":{\"@id\":\"https:\/\/www.ariasassessors.com\/ca\/la-seguridad-social-cambia-de-criterio-y-reconoce-la-tarifa-plana-a-los-autonomos-societarios\/#primaryimage\"},\"thumbnailUrl\":\"https:\/\/www.ariasassessors.com\/wp-content\/uploads\/2020\/09\/autonomos-societarios_09.gif\",\"datePublished\":\"2020-09-14T16:01:34+00:00\",\"dateModified\":\"2020-09-14T16:01:34+00:00\",\"description\":\"La posibilidad de que los nuevos aut\u00f3nomos que se dieran de alta, y lo hicieran como miembros \/ socios de una sociedad mercantil\",\"breadcrumb\":{\"@id\":\"https:\/\/www.ariasassessors.com\/ca\/la-seguridad-social-cambia-de-criterio-y-reconoce-la-tarifa-plana-a-los-autonomos-societarios\/#breadcrumb\"},\"inLanguage\":\"ca\",\"potentialAction\":[{\"@type\":\"ReadAction\",\"target\":[\"https:\/\/www.ariasassessors.com\/ca\/la-seguridad-social-cambia-de-criterio-y-reconoce-la-tarifa-plana-a-los-autonomos-societarios\/\"]}]},{\"@type\":\"ImageObject\",\"inLanguage\":\"ca\",\"@id\":\"https:\/\/www.ariasassessors.com\/ca\/la-seguridad-social-cambia-de-criterio-y-reconoce-la-tarifa-plana-a-los-autonomos-societarios\/#primaryimage\",\"url\":\"https:\/\/www.ariasassessors.com\/wp-content\/uploads\/2020\/09\/autonomos-societarios_09.gif\",\"contentUrl\":\"https:\/\/www.ariasassessors.com\/wp-content\/uploads\/2020\/09\/autonomos-societarios_09.gif\",\"width\":600,\"height\":276,\"caption\":\"Aut\u00f3nomos\"},{\"@type\":\"BreadcrumbList\",\"@id\":\"https:\/\/www.ariasassessors.com\/ca\/la-seguridad-social-cambia-de-criterio-y-reconoce-la-tarifa-plana-a-los-autonomos-societarios\/#breadcrumb\",\"itemListElement\":[{\"@type\":\"ListItem\",\"position\":1,\"name\":\"Portada\",\"item\":\"https:\/\/www.ariasassessors.com\/ca\/\"},{\"@type\":\"ListItem\",\"position\":2,\"name\":\"LA SEGURIDAD SOCIAL CAMBIA DE CRITERIO Y RECONOCE LA TARIFA PLANA A LOS AUT\u00d3NOMOS SOCIETARIOS\"}]},{\"@type\":\"WebSite\",\"@id\":\"https:\/\/www.ariasassessors.com\/#website\",\"url\":\"https:\/\/www.ariasassessors.com\/\",\"name\":\"Arias Assessors\",\"description\":\"Asesor\u00eda para aut\u00f3nomos, profesionales y PYMES\",\"publisher\":{\"@id\":\"https:\/\/www.ariasassessors.com\/#organization\"},\"potentialAction\":[{\"@type\":\"SearchAction\",\"target\":{\"@type\":\"EntryPoint\",\"urlTemplate\":\"https:\/\/www.ariasassessors.com\/?s={search_term_string}\"},\"query-input\":{\"@type\":\"PropertyValueSpecification\",\"valueRequired\":true,\"valueName\":\"search_term_string\"}}],\"inLanguage\":\"ca\"},{\"@type\":\"Organization\",\"@id\":\"https:\/\/www.ariasassessors.com\/#organization\",\"name\":\"Arias Assessors\",\"url\":\"https:\/\/www.ariasassessors.com\/\",\"logo\":{\"@type\":\"ImageObject\",\"inLanguage\":\"ca\",\"@id\":\"https:\/\/www.ariasassessors.com\/#\/schema\/logo\/image\/\",\"url\":\"https:\/\/www.ariasassessors.com\/wp-content\/uploads\/2019\/01\/arias-logo.png\",\"contentUrl\":\"https:\/\/www.ariasassessors.com\/wp-content\/uploads\/2019\/01\/arias-logo.png\",\"width\":349,\"height\":254,\"caption\":\"Arias Assessors\"},\"image\":{\"@id\":\"https:\/\/www.ariasassessors.com\/#\/schema\/logo\/image\/\"},\"sameAs\":[\"https:\/\/www.facebook.com\/ariasassessors\/\",\"https:\/\/x.com\/ariasassessors\",\"https:\/\/www.linkedin.com\/company\/r&amp;amp;r-growing-knowledge\/\"]},{\"@type\":\"Person\",\"@id\":\"https:\/\/www.ariasassessors.com\/#\/schema\/person\/63c6ad1775f0a9413c37932562673cef\",\"name\":\"btorras\",\"image\":{\"@type\":\"ImageObject\",\"inLanguage\":\"ca\",\"@id\":\"https:\/\/www.ariasassessors.com\/#\/schema\/person\/image\/\",\"url\":\"https:\/\/secure.gravatar.com\/avatar\/0531db351fc361fdbfd204c58fa2d6a3?s=96&d=mm&r=g\",\"contentUrl\":\"https:\/\/secure.gravatar.com\/avatar\/0531db351fc361fdbfd204c58fa2d6a3?s=96&d=mm&r=g\",\"caption\":\"btorras\"}}]}<\/script>\n<!-- \/ Yoast SEO plugin. -->","yoast_head_json":{"title":"Tarifa plana a los aut\u00f3nomos societarios | Arias Assessors","description":"La posibilidad de que los nuevos aut\u00f3nomos que se dieran de alta, y lo hicieran como miembros \/ socios de una sociedad mercantil","robots":{"index":"index","follow":"follow","max-snippet":"max-snippet:-1","max-image-preview":"max-image-preview:large","max-video-preview":"max-video-preview:-1"},"canonical":"https:\/\/www.ariasassessors.com\/ca\/la-seguridad-social-cambia-de-criterio-y-reconoce-la-tarifa-plana-a-los-autonomos-societarios\/","og_locale":"ca_ES","og_type":"article","og_title":"Tarifa plana a los aut\u00f3nomos societarios | Arias Assessors","og_description":"La posibilidad de que los nuevos aut\u00f3nomos que se dieran de alta, y lo hicieran como miembros \/ socios de una sociedad mercantil","og_url":"https:\/\/www.ariasassessors.com\/ca\/la-seguridad-social-cambia-de-criterio-y-reconoce-la-tarifa-plana-a-los-autonomos-societarios\/","og_site_name":"Arias Assessors","article_publisher":"https:\/\/www.facebook.com\/ariasassessors\/","article_published_time":"2020-09-14T16:01:34+00:00","og_image":[{"width":600,"height":276,"url":"https:\/\/www.ariasassessors.com\/wp-content\/uploads\/2020\/09\/autonomos-societarios_09.gif","type":"image\/gif"}],"author":"btorras","twitter_card":"summary_large_image","twitter_creator":"@ariasassessors","twitter_site":"@ariasassessors","twitter_misc":{"Escrit per":"btorras","Temps estimat de lectura":"3 minuts"},"schema":{"@context":"https:\/\/schema.org","@graph":[{"@type":"Article","@id":"https:\/\/www.ariasassessors.com\/ca\/la-seguridad-social-cambia-de-criterio-y-reconoce-la-tarifa-plana-a-los-autonomos-societarios\/#article","isPartOf":{"@id":"https:\/\/www.ariasassessors.com\/ca\/la-seguridad-social-cambia-de-criterio-y-reconoce-la-tarifa-plana-a-los-autonomos-societarios\/"},"author":{"name":"btorras","@id":"https:\/\/www.ariasassessors.com\/#\/schema\/person\/63c6ad1775f0a9413c37932562673cef"},"headline":"LA SEGURIDAD SOCIAL CAMBIA DE CRITERIO Y RECONOCE LA TARIFA PLANA A LOS AUT\u00d3NOMOS SOCIETARIOS","datePublished":"2020-09-14T16:01:34+00:00","dateModified":"2020-09-14T16:01:34+00:00","mainEntityOfPage":{"@id":"https:\/\/www.ariasassessors.com\/ca\/la-seguridad-social-cambia-de-criterio-y-reconoce-la-tarifa-plana-a-los-autonomos-societarios\/"},"wordCount":529,"commentCount":0,"publisher":{"@id":"https:\/\/www.ariasassessors.com\/#organization"},"image":{"@id":"https:\/\/www.ariasassessors.com\/ca\/la-seguridad-social-cambia-de-criterio-y-reconoce-la-tarifa-plana-a-los-autonomos-societarios\/#primaryimage"},"thumbnailUrl":"https:\/\/www.ariasassessors.com\/wp-content\/uploads\/2020\/09\/autonomos-societarios_09.gif","keywords":["aut\u00f2noms"],"articleSection":["noticies"],"inLanguage":"ca","potentialAction":[{"@type":"CommentAction","name":"Comment","target":["https:\/\/www.ariasassessors.com\/ca\/la-seguridad-social-cambia-de-criterio-y-reconoce-la-tarifa-plana-a-los-autonomos-societarios\/#respond"]}]},{"@type":"WebPage","@id":"https:\/\/www.ariasassessors.com\/ca\/la-seguridad-social-cambia-de-criterio-y-reconoce-la-tarifa-plana-a-los-autonomos-societarios\/","url":"https:\/\/www.ariasassessors.com\/ca\/la-seguridad-social-cambia-de-criterio-y-reconoce-la-tarifa-plana-a-los-autonomos-societarios\/","name":"Tarifa plana a los aut\u00f3nomos societarios | Arias Assessors","isPartOf":{"@id":"https:\/\/www.ariasassessors.com\/#website"},"primaryImageOfPage":{"@id":"https:\/\/www.ariasassessors.com\/ca\/la-seguridad-social-cambia-de-criterio-y-reconoce-la-tarifa-plana-a-los-autonomos-societarios\/#primaryimage"},"image":{"@id":"https:\/\/www.ariasassessors.com\/ca\/la-seguridad-social-cambia-de-criterio-y-reconoce-la-tarifa-plana-a-los-autonomos-societarios\/#primaryimage"},"thumbnailUrl":"https:\/\/www.ariasassessors.com\/wp-content\/uploads\/2020\/09\/autonomos-societarios_09.gif","datePublished":"2020-09-14T16:01:34+00:00","dateModified":"2020-09-14T16:01:34+00:00","description":"La posibilidad de que los nuevos aut\u00f3nomos que se dieran de alta, y lo hicieran como miembros \/ socios de una sociedad mercantil","breadcrumb":{"@id":"https:\/\/www.ariasassessors.com\/ca\/la-seguridad-social-cambia-de-criterio-y-reconoce-la-tarifa-plana-a-los-autonomos-societarios\/#breadcrumb"},"inLanguage":"ca","potentialAction":[{"@type":"ReadAction","target":["https:\/\/www.ariasassessors.com\/ca\/la-seguridad-social-cambia-de-criterio-y-reconoce-la-tarifa-plana-a-los-autonomos-societarios\/"]}]},{"@type":"ImageObject","inLanguage":"ca","@id":"https:\/\/www.ariasassessors.com\/ca\/la-seguridad-social-cambia-de-criterio-y-reconoce-la-tarifa-plana-a-los-autonomos-societarios\/#primaryimage","url":"https:\/\/www.ariasassessors.com\/wp-content\/uploads\/2020\/09\/autonomos-societarios_09.gif","contentUrl":"https:\/\/www.ariasassessors.com\/wp-content\/uploads\/2020\/09\/autonomos-societarios_09.gif","width":600,"height":276,"caption":"Aut\u00f3nomos"},{"@type":"BreadcrumbList","@id":"https:\/\/www.ariasassessors.com\/ca\/la-seguridad-social-cambia-de-criterio-y-reconoce-la-tarifa-plana-a-los-autonomos-societarios\/#breadcrumb","itemListElement":[{"@type":"ListItem","position":1,"name":"Portada","item":"https:\/\/www.ariasassessors.com\/ca\/"},{"@type":"ListItem","position":2,"name":"LA SEGURIDAD SOCIAL CAMBIA DE CRITERIO Y RECONOCE LA TARIFA PLANA A LOS AUT\u00d3NOMOS SOCIETARIOS"}]},{"@type":"WebSite","@id":"https:\/\/www.ariasassessors.com\/#website","url":"https:\/\/www.ariasassessors.com\/","name":"Arias Assessors","description":"Asesor\u00eda para aut\u00f3nomos, profesionales y PYMES","publisher":{"@id":"https:\/\/www.ariasassessors.com\/#organization"},"potentialAction":[{"@type":"SearchAction","target":{"@type":"EntryPoint","urlTemplate":"https:\/\/www.ariasassessors.com\/?s={search_term_string}"},"query-input":{"@type":"PropertyValueSpecification","valueRequired":true,"valueName":"search_term_string"}}],"inLanguage":"ca"},{"@type":"Organization","@id":"https:\/\/www.ariasassessors.com\/#organization","name":"Arias Assessors","url":"https:\/\/www.ariasassessors.com\/","logo":{"@type":"ImageObject","inLanguage":"ca","@id":"https:\/\/www.ariasassessors.com\/#\/schema\/logo\/image\/","url":"https:\/\/www.ariasassessors.com\/wp-content\/uploads\/2019\/01\/arias-logo.png","contentUrl":"https:\/\/www.ariasassessors.com\/wp-content\/uploads\/2019\/01\/arias-logo.png","width":349,"height":254,"caption":"Arias Assessors"},"image":{"@id":"https:\/\/www.ariasassessors.com\/#\/schema\/logo\/image\/"},"sameAs":["https:\/\/www.facebook.com\/ariasassessors\/","https:\/\/x.com\/ariasassessors","https:\/\/www.linkedin.com\/company\/r&amp;amp;r-growing-knowledge\/"]},{"@type":"Person","@id":"https:\/\/www.ariasassessors.com\/#\/schema\/person\/63c6ad1775f0a9413c37932562673cef","name":"btorras","image":{"@type":"ImageObject","inLanguage":"ca","@id":"https:\/\/www.ariasassessors.com\/#\/schema\/person\/image\/","url":"https:\/\/secure.gravatar.com\/avatar\/0531db351fc361fdbfd204c58fa2d6a3?s=96&d=mm&r=g","contentUrl":"https:\/\/secure.gravatar.com\/avatar\/0531db351fc361fdbfd204c58fa2d6a3?s=96&d=mm&r=g","caption":"btorras"}}]}},"_links":{"self":[{"href":"https:\/\/www.ariasassessors.com\/ca\/wp-json\/wp\/v2\/posts\/1222","targetHints":{"allow":["GET"]}}],"collection":[{"href":"https:\/\/www.ariasassessors.com\/ca\/wp-json\/wp\/v2\/posts"}],"about":[{"href":"https:\/\/www.ariasassessors.com\/ca\/wp-json\/wp\/v2\/types\/post"}],"author":[{"embeddable":true,"href":"https:\/\/www.ariasassessors.com\/ca\/wp-json\/wp\/v2\/users\/2"}],"replies":[{"embeddable":true,"href":"https:\/\/www.ariasassessors.com\/ca\/wp-json\/wp\/v2\/comments?post=1222"}],"version-history":[{"count":0,"href":"https:\/\/www.ariasassessors.com\/ca\/wp-json\/wp\/v2\/posts\/1222\/revisions"}],"wp:featuredmedia":[{"embeddable":true,"href":"https:\/\/www.ariasassessors.com\/ca\/wp-json\/wp\/v2\/media\/1220"}],"wp:attachment":[{"href":"https:\/\/www.ariasassessors.com\/ca\/wp-json\/wp\/v2\/media?parent=1222"}],"wp:term":[{"taxonomy":"category","embeddable":true,"href":"https:\/\/www.ariasassessors.com\/ca\/wp-json\/wp\/v2\/categories?post=1222"},{"taxonomy":"post_tag","embeddable":true,"href":"https:\/\/www.ariasassessors.com\/ca\/wp-json\/wp\/v2\/tags?post=1222"}],"curies":[{"name":"wp","href":"https:\/\/api.w.org\/{rel}","templated":true}]}}