{"id":1233,"date":"2020-09-22T12:28:31","date_gmt":"2020-09-22T10:28:31","guid":{"rendered":"https:\/\/www.ariasassessors.com\/?p=1233"},"modified":"2020-09-22T12:28:31","modified_gmt":"2020-09-22T10:28:31","slug":"tramitacio-ajut-a-persones-treballadores-de-centres-assistencials","status":"publish","type":"post","link":"https:\/\/www.ariasassessors.com\/ca\/tramitacio-ajut-a-persones-treballadores-de-centres-assistencials\/","title":{"rendered":"TRAMITACI\u00d3 AJUT A PERSONES TREBALLADORES DE CENTRES ASSISTENCIALS"},"content":{"rendered":"<p>Des del passat 14 de Setembre i fins les 15 hores del dia 14 d\u2019Octubre, est\u00e0 obert el pla\u00e7 per sol.licitar aquest ajut de 900\u20ac per a persones treballadores dels centres propis amb gesti\u00f3 delegada i dels centres privats de serveis socials de car\u00e0cter residencial de gent gran, discapacitat Intel.lectual i f\u00edsica, que acreditin que han prestat serveis assistencials de forma presencial durant el per\u00edodo compr\u00e9s entre l\u20191 de Mar\u00e7 i el 31 de Maig de 2020 (crisi del COVID-19).<\/p>\n<p>&nbsp;<\/p>\n<p>La tramitaci\u00f3 \u00fanicament es pot fer per Internet i el treballador ha de disposar de CERTIFICAT DIGITAL DE PERSONA F\u00cdSICA al seu nom. A m\u00e9s, caldr\u00e0 que el treballador\/a disposi del certificat d\u2019empresa corresponent per acreditar aquests serveis.<\/p>\n<p>Per a m\u00e9s informaci\u00f3, poden accedir a la web i p\u00e0gina del tr\u00e0mit:<\/p>\n<p><a href=\"http:\/\/web.gencat.cat\/ca\/tramits\/tramits-temes\/Ajut-a-persones-treballadores-de-centres-residencials?category\">http:\/\/web.gencat.cat\/ca\/tramits\/tramits-temes\/Ajut-a-persones-treballadores-de-centres-residencials?category<\/a>=<\/p>\n<p>Normativa en referent a l\u2019ajut:<\/p>\n<p><a href=\"http:\/\/dogc.gencat.cat\/ca\/pdogc_canals_interns\/pdogc_resultats_fitxa\/?action=fitxa&amp;documentId=881461\">http:\/\/dogc.gencat.cat\/ca\/pdogc_canals_interns\/pdogc_resultats_fitxa\/?action=fitxa&amp;documentId=881461<\/a><\/p>\n<p>Per qualsevol dubte podeu <a href=\"https:\/\/www.ariasassessors.com\/contacto\/\">contactar amb nosaltres<\/a>.<\/p>\n","protected":false},"excerpt":{"rendered":"<p>Des del passat 14 de Setembre i fins les 15 hores del dia 14 d\u2019Octubre, est\u00e0 obert el pla\u00e7 per sol.licitar aquest ajut de 900\u20ac per a persones treballadores dels centres propis amb gesti\u00f3 delegada i dels centres privats de serveis socials de car\u00e0cter residencial&#8230;<\/p>\n","protected":false},"author":2,"featured_media":1232,"comment_status":"open","ping_status":"open","sticky":false,"template":"","format":"standard","meta":{"footnotes":""},"categories":[4],"tags":[],"class_list":["post-1233","post","type-post","status-publish","format-standard","has-post-thumbnail","hentry","category-noticies"],"yoast_head":"<!-- This site is optimized with the Yoast SEO plugin v24.3 - https:\/\/yoast.com\/wordpress\/plugins\/seo\/ -->\n<title>TRAMITACI\u00d3 AJUT A PERSONES TREBALLADORES DE CENTRES ASSISTENCIALS | Arias Assessors<\/title>\n<meta name=\"robots\" content=\"index, follow, max-snippet:-1, max-image-preview:large, max-video-preview:-1\" \/>\n<link rel=\"canonical\" href=\"https:\/\/www.ariasassessors.com\/ca\/tramitacio-ajut-a-persones-treballadores-de-centres-assistencials\/\" \/>\n<meta property=\"og:locale\" content=\"ca_ES\" \/>\n<meta property=\"og:type\" content=\"article\" \/>\n<meta property=\"og:title\" content=\"TRAMITACI\u00d3 AJUT A PERSONES TREBALLADORES DE CENTRES ASSISTENCIALS | Arias Assessors\" \/>\n<meta property=\"og:description\" content=\"Des del passat 14 de Setembre i fins les 15 hores del dia 14 d\u2019Octubre, est\u00e0 obert el pla\u00e7 per sol.licitar aquest ajut de 900\u20ac per a persones treballadores dels centres propis amb gesti\u00f3 delegada i dels centres privats de serveis socials de car\u00e0cter residencial...\" \/>\n<meta property=\"og:url\" content=\"https:\/\/www.ariasassessors.com\/ca\/tramitacio-ajut-a-persones-treballadores-de-centres-assistencials\/\" \/>\n<meta property=\"og:site_name\" content=\"Arias Assessors\" \/>\n<meta property=\"article:publisher\" content=\"https:\/\/www.facebook.com\/ariasassessors\/\" \/>\n<meta property=\"article:published_time\" content=\"2020-09-22T10:28:31+00:00\" \/>\n<meta property=\"og:image\" content=\"https:\/\/www.ariasassessors.com\/wp-content\/uploads\/2020\/09\/nl_arias_marzo-VIRUS-copia_08.jpg\" \/>\n\t<meta property=\"og:image:width\" content=\"600\" \/>\n\t<meta property=\"og:image:height\" content=\"327\" \/>\n\t<meta property=\"og:image:type\" content=\"image\/jpeg\" \/>\n<meta name=\"author\" content=\"btorras\" \/>\n<meta name=\"twitter:card\" content=\"summary_large_image\" \/>\n<meta name=\"twitter:creator\" content=\"@ariasassessors\" \/>\n<meta name=\"twitter:site\" content=\"@ariasassessors\" \/>\n<meta name=\"twitter:label1\" content=\"Escrit per\" \/>\n\t<meta name=\"twitter:data1\" content=\"btorras\" \/>\n\t<meta name=\"twitter:label2\" content=\"Temps estimat de lectura\" \/>\n\t<meta name=\"twitter:data2\" content=\"1 minut\" \/>\n<script type=\"application\/ld+json\" class=\"yoast-schema-graph\">{\"@context\":\"https:\/\/schema.org\",\"@graph\":[{\"@type\":\"Article\",\"@id\":\"https:\/\/www.ariasassessors.com\/ca\/tramitacio-ajut-a-persones-treballadores-de-centres-assistencials\/#article\",\"isPartOf\":{\"@id\":\"https:\/\/www.ariasassessors.com\/ca\/tramitacio-ajut-a-persones-treballadores-de-centres-assistencials\/\"},\"author\":{\"name\":\"btorras\",\"@id\":\"https:\/\/www.ariasassessors.com\/#\/schema\/person\/63c6ad1775f0a9413c37932562673cef\"},\"headline\":\"TRAMITACI\u00d3 AJUT A PERSONES TREBALLADORES DE CENTRES ASSISTENCIALS\",\"datePublished\":\"2020-09-22T10:28:31+00:00\",\"dateModified\":\"2020-09-22T10:28:31+00:00\",\"mainEntityOfPage\":{\"@id\":\"https:\/\/www.ariasassessors.com\/ca\/tramitacio-ajut-a-persones-treballadores-de-centres-assistencials\/\"},\"wordCount\":185,\"commentCount\":0,\"publisher\":{\"@id\":\"https:\/\/www.ariasassessors.com\/#organization\"},\"image\":{\"@id\":\"https:\/\/www.ariasassessors.com\/ca\/tramitacio-ajut-a-persones-treballadores-de-centres-assistencials\/#primaryimage\"},\"thumbnailUrl\":\"https:\/\/www.ariasassessors.com\/wp-content\/uploads\/2020\/09\/nl_arias_marzo-VIRUS-copia_08.jpg\",\"articleSection\":[\"noticies\"],\"inLanguage\":\"ca\",\"potentialAction\":[{\"@type\":\"CommentAction\",\"name\":\"Comment\",\"target\":[\"https:\/\/www.ariasassessors.com\/ca\/tramitacio-ajut-a-persones-treballadores-de-centres-assistencials\/#respond\"]}]},{\"@type\":\"WebPage\",\"@id\":\"https:\/\/www.ariasassessors.com\/ca\/tramitacio-ajut-a-persones-treballadores-de-centres-assistencials\/\",\"url\":\"https:\/\/www.ariasassessors.com\/ca\/tramitacio-ajut-a-persones-treballadores-de-centres-assistencials\/\",\"name\":\"TRAMITACI\u00d3 AJUT A PERSONES TREBALLADORES DE CENTRES ASSISTENCIALS | Arias Assessors\",\"isPartOf\":{\"@id\":\"https:\/\/www.ariasassessors.com\/#website\"},\"primaryImageOfPage\":{\"@id\":\"https:\/\/www.ariasassessors.com\/ca\/tramitacio-ajut-a-persones-treballadores-de-centres-assistencials\/#primaryimage\"},\"image\":{\"@id\":\"https:\/\/www.ariasassessors.com\/ca\/tramitacio-ajut-a-persones-treballadores-de-centres-assistencials\/#primaryimage\"},\"thumbnailUrl\":\"https:\/\/www.ariasassessors.com\/wp-content\/uploads\/2020\/09\/nl_arias_marzo-VIRUS-copia_08.jpg\",\"datePublished\":\"2020-09-22T10:28:31+00:00\",\"dateModified\":\"2020-09-22T10:28:31+00:00\",\"breadcrumb\":{\"@id\":\"https:\/\/www.ariasassessors.com\/ca\/tramitacio-ajut-a-persones-treballadores-de-centres-assistencials\/#breadcrumb\"},\"inLanguage\":\"ca\",\"potentialAction\":[{\"@type\":\"ReadAction\",\"target\":[\"https:\/\/www.ariasassessors.com\/ca\/tramitacio-ajut-a-persones-treballadores-de-centres-assistencials\/\"]}]},{\"@type\":\"ImageObject\",\"inLanguage\":\"ca\",\"@id\":\"https:\/\/www.ariasassessors.com\/ca\/tramitacio-ajut-a-persones-treballadores-de-centres-assistencials\/#primaryimage\",\"url\":\"https:\/\/www.ariasassessors.com\/wp-content\/uploads\/2020\/09\/nl_arias_marzo-VIRUS-copia_08.jpg\",\"contentUrl\":\"https:\/\/www.ariasassessors.com\/wp-content\/uploads\/2020\/09\/nl_arias_marzo-VIRUS-copia_08.jpg\",\"width\":600,\"height\":327,\"caption\":\"Ayuda\"},{\"@type\":\"BreadcrumbList\",\"@id\":\"https:\/\/www.ariasassessors.com\/ca\/tramitacio-ajut-a-persones-treballadores-de-centres-assistencials\/#breadcrumb\",\"itemListElement\":[{\"@type\":\"ListItem\",\"position\":1,\"name\":\"Portada\",\"item\":\"https:\/\/www.ariasassessors.com\/ca\/\"},{\"@type\":\"ListItem\",\"position\":2,\"name\":\"TRAMITACI\u00d3 AJUT A PERSONES TREBALLADORES DE CENTRES ASSISTENCIALS\"}]},{\"@type\":\"WebSite\",\"@id\":\"https:\/\/www.ariasassessors.com\/#website\",\"url\":\"https:\/\/www.ariasassessors.com\/\",\"name\":\"Arias Assessors\",\"description\":\"Asesor\u00eda para aut\u00f3nomos, profesionales y PYMES\",\"publisher\":{\"@id\":\"https:\/\/www.ariasassessors.com\/#organization\"},\"potentialAction\":[{\"@type\":\"SearchAction\",\"target\":{\"@type\":\"EntryPoint\",\"urlTemplate\":\"https:\/\/www.ariasassessors.com\/?s={search_term_string}\"},\"query-input\":{\"@type\":\"PropertyValueSpecification\",\"valueRequired\":true,\"valueName\":\"search_term_string\"}}],\"inLanguage\":\"ca\"},{\"@type\":\"Organization\",\"@id\":\"https:\/\/www.ariasassessors.com\/#organization\",\"name\":\"Arias Assessors\",\"url\":\"https:\/\/www.ariasassessors.com\/\",\"logo\":{\"@type\":\"ImageObject\",\"inLanguage\":\"ca\",\"@id\":\"https:\/\/www.ariasassessors.com\/#\/schema\/logo\/image\/\",\"url\":\"https:\/\/www.ariasassessors.com\/wp-content\/uploads\/2019\/01\/arias-logo.png\",\"contentUrl\":\"https:\/\/www.ariasassessors.com\/wp-content\/uploads\/2019\/01\/arias-logo.png\",\"width\":349,\"height\":254,\"caption\":\"Arias Assessors\"},\"image\":{\"@id\":\"https:\/\/www.ariasassessors.com\/#\/schema\/logo\/image\/\"},\"sameAs\":[\"https:\/\/www.facebook.com\/ariasassessors\/\",\"https:\/\/x.com\/ariasassessors\",\"https:\/\/www.linkedin.com\/company\/r&amp;amp;r-growing-knowledge\/\"]},{\"@type\":\"Person\",\"@id\":\"https:\/\/www.ariasassessors.com\/#\/schema\/person\/63c6ad1775f0a9413c37932562673cef\",\"name\":\"btorras\",\"image\":{\"@type\":\"ImageObject\",\"inLanguage\":\"ca\",\"@id\":\"https:\/\/www.ariasassessors.com\/#\/schema\/person\/image\/\",\"url\":\"https:\/\/secure.gravatar.com\/avatar\/0531db351fc361fdbfd204c58fa2d6a3?s=96&d=mm&r=g\",\"contentUrl\":\"https:\/\/secure.gravatar.com\/avatar\/0531db351fc361fdbfd204c58fa2d6a3?s=96&d=mm&r=g\",\"caption\":\"btorras\"}}]}<\/script>\n<!-- \/ Yoast SEO plugin. -->","yoast_head_json":{"title":"TRAMITACI\u00d3 AJUT A PERSONES TREBALLADORES DE CENTRES ASSISTENCIALS | Arias Assessors","robots":{"index":"index","follow":"follow","max-snippet":"max-snippet:-1","max-image-preview":"max-image-preview:large","max-video-preview":"max-video-preview:-1"},"canonical":"https:\/\/www.ariasassessors.com\/ca\/tramitacio-ajut-a-persones-treballadores-de-centres-assistencials\/","og_locale":"ca_ES","og_type":"article","og_title":"TRAMITACI\u00d3 AJUT A PERSONES TREBALLADORES DE CENTRES ASSISTENCIALS | Arias Assessors","og_description":"Des del passat 14 de Setembre i fins les 15 hores del dia 14 d\u2019Octubre, est\u00e0 obert el pla\u00e7 per sol.licitar aquest ajut de 900\u20ac per a persones treballadores dels centres propis amb gesti\u00f3 delegada i dels centres privats de serveis socials de car\u00e0cter residencial...","og_url":"https:\/\/www.ariasassessors.com\/ca\/tramitacio-ajut-a-persones-treballadores-de-centres-assistencials\/","og_site_name":"Arias Assessors","article_publisher":"https:\/\/www.facebook.com\/ariasassessors\/","article_published_time":"2020-09-22T10:28:31+00:00","og_image":[{"width":600,"height":327,"url":"https:\/\/www.ariasassessors.com\/wp-content\/uploads\/2020\/09\/nl_arias_marzo-VIRUS-copia_08.jpg","type":"image\/jpeg"}],"author":"btorras","twitter_card":"summary_large_image","twitter_creator":"@ariasassessors","twitter_site":"@ariasassessors","twitter_misc":{"Escrit per":"btorras","Temps estimat de lectura":"1 minut"},"schema":{"@context":"https:\/\/schema.org","@graph":[{"@type":"Article","@id":"https:\/\/www.ariasassessors.com\/ca\/tramitacio-ajut-a-persones-treballadores-de-centres-assistencials\/#article","isPartOf":{"@id":"https:\/\/www.ariasassessors.com\/ca\/tramitacio-ajut-a-persones-treballadores-de-centres-assistencials\/"},"author":{"name":"btorras","@id":"https:\/\/www.ariasassessors.com\/#\/schema\/person\/63c6ad1775f0a9413c37932562673cef"},"headline":"TRAMITACI\u00d3 AJUT A PERSONES TREBALLADORES DE CENTRES ASSISTENCIALS","datePublished":"2020-09-22T10:28:31+00:00","dateModified":"2020-09-22T10:28:31+00:00","mainEntityOfPage":{"@id":"https:\/\/www.ariasassessors.com\/ca\/tramitacio-ajut-a-persones-treballadores-de-centres-assistencials\/"},"wordCount":185,"commentCount":0,"publisher":{"@id":"https:\/\/www.ariasassessors.com\/#organization"},"image":{"@id":"https:\/\/www.ariasassessors.com\/ca\/tramitacio-ajut-a-persones-treballadores-de-centres-assistencials\/#primaryimage"},"thumbnailUrl":"https:\/\/www.ariasassessors.com\/wp-content\/uploads\/2020\/09\/nl_arias_marzo-VIRUS-copia_08.jpg","articleSection":["noticies"],"inLanguage":"ca","potentialAction":[{"@type":"CommentAction","name":"Comment","target":["https:\/\/www.ariasassessors.com\/ca\/tramitacio-ajut-a-persones-treballadores-de-centres-assistencials\/#respond"]}]},{"@type":"WebPage","@id":"https:\/\/www.ariasassessors.com\/ca\/tramitacio-ajut-a-persones-treballadores-de-centres-assistencials\/","url":"https:\/\/www.ariasassessors.com\/ca\/tramitacio-ajut-a-persones-treballadores-de-centres-assistencials\/","name":"TRAMITACI\u00d3 AJUT A PERSONES TREBALLADORES DE CENTRES ASSISTENCIALS | Arias Assessors","isPartOf":{"@id":"https:\/\/www.ariasassessors.com\/#website"},"primaryImageOfPage":{"@id":"https:\/\/www.ariasassessors.com\/ca\/tramitacio-ajut-a-persones-treballadores-de-centres-assistencials\/#primaryimage"},"image":{"@id":"https:\/\/www.ariasassessors.com\/ca\/tramitacio-ajut-a-persones-treballadores-de-centres-assistencials\/#primaryimage"},"thumbnailUrl":"https:\/\/www.ariasassessors.com\/wp-content\/uploads\/2020\/09\/nl_arias_marzo-VIRUS-copia_08.jpg","datePublished":"2020-09-22T10:28:31+00:00","dateModified":"2020-09-22T10:28:31+00:00","breadcrumb":{"@id":"https:\/\/www.ariasassessors.com\/ca\/tramitacio-ajut-a-persones-treballadores-de-centres-assistencials\/#breadcrumb"},"inLanguage":"ca","potentialAction":[{"@type":"ReadAction","target":["https:\/\/www.ariasassessors.com\/ca\/tramitacio-ajut-a-persones-treballadores-de-centres-assistencials\/"]}]},{"@type":"ImageObject","inLanguage":"ca","@id":"https:\/\/www.ariasassessors.com\/ca\/tramitacio-ajut-a-persones-treballadores-de-centres-assistencials\/#primaryimage","url":"https:\/\/www.ariasassessors.com\/wp-content\/uploads\/2020\/09\/nl_arias_marzo-VIRUS-copia_08.jpg","contentUrl":"https:\/\/www.ariasassessors.com\/wp-content\/uploads\/2020\/09\/nl_arias_marzo-VIRUS-copia_08.jpg","width":600,"height":327,"caption":"Ayuda"},{"@type":"BreadcrumbList","@id":"https:\/\/www.ariasassessors.com\/ca\/tramitacio-ajut-a-persones-treballadores-de-centres-assistencials\/#breadcrumb","itemListElement":[{"@type":"ListItem","position":1,"name":"Portada","item":"https:\/\/www.ariasassessors.com\/ca\/"},{"@type":"ListItem","position":2,"name":"TRAMITACI\u00d3 AJUT A PERSONES TREBALLADORES DE CENTRES ASSISTENCIALS"}]},{"@type":"WebSite","@id":"https:\/\/www.ariasassessors.com\/#website","url":"https:\/\/www.ariasassessors.com\/","name":"Arias Assessors","description":"Asesor\u00eda para aut\u00f3nomos, profesionales y PYMES","publisher":{"@id":"https:\/\/www.ariasassessors.com\/#organization"},"potentialAction":[{"@type":"SearchAction","target":{"@type":"EntryPoint","urlTemplate":"https:\/\/www.ariasassessors.com\/?s={search_term_string}"},"query-input":{"@type":"PropertyValueSpecification","valueRequired":true,"valueName":"search_term_string"}}],"inLanguage":"ca"},{"@type":"Organization","@id":"https:\/\/www.ariasassessors.com\/#organization","name":"Arias Assessors","url":"https:\/\/www.ariasassessors.com\/","logo":{"@type":"ImageObject","inLanguage":"ca","@id":"https:\/\/www.ariasassessors.com\/#\/schema\/logo\/image\/","url":"https:\/\/www.ariasassessors.com\/wp-content\/uploads\/2019\/01\/arias-logo.png","contentUrl":"https:\/\/www.ariasassessors.com\/wp-content\/uploads\/2019\/01\/arias-logo.png","width":349,"height":254,"caption":"Arias Assessors"},"image":{"@id":"https:\/\/www.ariasassessors.com\/#\/schema\/logo\/image\/"},"sameAs":["https:\/\/www.facebook.com\/ariasassessors\/","https:\/\/x.com\/ariasassessors","https:\/\/www.linkedin.com\/company\/r&amp;amp;r-growing-knowledge\/"]},{"@type":"Person","@id":"https:\/\/www.ariasassessors.com\/#\/schema\/person\/63c6ad1775f0a9413c37932562673cef","name":"btorras","image":{"@type":"ImageObject","inLanguage":"ca","@id":"https:\/\/www.ariasassessors.com\/#\/schema\/person\/image\/","url":"https:\/\/secure.gravatar.com\/avatar\/0531db351fc361fdbfd204c58fa2d6a3?s=96&d=mm&r=g","contentUrl":"https:\/\/secure.gravatar.com\/avatar\/0531db351fc361fdbfd204c58fa2d6a3?s=96&d=mm&r=g","caption":"btorras"}}]}},"_links":{"self":[{"href":"https:\/\/www.ariasassessors.com\/ca\/wp-json\/wp\/v2\/posts\/1233","targetHints":{"allow":["GET"]}}],"collection":[{"href":"https:\/\/www.ariasassessors.com\/ca\/wp-json\/wp\/v2\/posts"}],"about":[{"href":"https:\/\/www.ariasassessors.com\/ca\/wp-json\/wp\/v2\/types\/post"}],"author":[{"embeddable":true,"href":"https:\/\/www.ariasassessors.com\/ca\/wp-json\/wp\/v2\/users\/2"}],"replies":[{"embeddable":true,"href":"https:\/\/www.ariasassessors.com\/ca\/wp-json\/wp\/v2\/comments?post=1233"}],"version-history":[{"count":2,"href":"https:\/\/www.ariasassessors.com\/ca\/wp-json\/wp\/v2\/posts\/1233\/revisions"}],"predecessor-version":[{"id":1235,"href":"https:\/\/www.ariasassessors.com\/ca\/wp-json\/wp\/v2\/posts\/1233\/revisions\/1235"}],"wp:featuredmedia":[{"embeddable":true,"href":"https:\/\/www.ariasassessors.com\/ca\/wp-json\/wp\/v2\/media\/1232"}],"wp:attachment":[{"href":"https:\/\/www.ariasassessors.com\/ca\/wp-json\/wp\/v2\/media?parent=1233"}],"wp:term":[{"taxonomy":"category","embeddable":true,"href":"https:\/\/www.ariasassessors.com\/ca\/wp-json\/wp\/v2\/categories?post=1233"},{"taxonomy":"post_tag","embeddable":true,"href":"https:\/\/www.ariasassessors.com\/ca\/wp-json\/wp\/v2\/tags?post=1233"}],"curies":[{"name":"wp","href":"https:\/\/api.w.org\/{rel}","templated":true}]}}