{"id":1238,"date":"2020-09-25T12:00:12","date_gmt":"2020-09-25T10:00:12","guid":{"rendered":"https:\/\/www.ariasassessors.com\/?p=1238"},"modified":"2020-09-22T12:33:59","modified_gmt":"2020-09-22T10:33:59","slug":"requisitos-para-cobrar-el-paro-en-caso-de-darse-de-baja-de-actividad-y-autonomos","status":"publish","type":"post","link":"https:\/\/www.ariasassessors.com\/ca\/requisitos-para-cobrar-el-paro-en-caso-de-darse-de-baja-de-actividad-y-autonomos\/","title":{"rendered":"REQUISITOS PARA COBRAR EL PARO EN CASO DE DARSE DE BAJA DE ACTIVIDAD Y AUT\u00d3NOMOS"},"content":{"rendered":"<p>Distinguidos clientes,<\/p>\n<p>Como bien saben, desde el 1 de Enero de 2019 est\u00e1 incluida como obligatoria la cotizaci\u00f3n por la cobertura por cese de actividad para los aut\u00f3nomos, con lo cual estos, cumpliendo una serie de requisitos que ahora indicaremos, podr\u00edan tener derecho a cobrar la prestaci\u00f3n (el paro) como lo hace m\u00e1s com\u00fanmente un trabajador asalariado.<\/p>\n<p>El primer requisito y fundamental es tener al menos 12 meses cotizados inmediatamente anteriores a la fecha del cese de la cobertura espec\u00edfica de PROTECCI\u00d3N POR CESE DE ACTIVIDAD, lo cual en todos los casos en que obligatoriamente se les incluy\u00f3 desde Enero 2019, se estar\u00eda cumpliendo actualmente este primer requisito. Si bien se estableci\u00f3 como cobertura a cotizar obligatoriamente por todos los aut\u00f3nomos, algunos sectores como aquellos nuevos aut\u00f3nomos a los que se les est\u00e1 aplicando la tarifa plana no lo tienen incluido por defecto, as\u00ed que en primer lugar habr\u00eda que asegurar que se est\u00e1 cotizando por dicho concepto y con al menos 1 a\u00f1o de antig\u00fcedad.<\/p>\n<p>Comprobado esto, debe cumplirse un segundo requisito, y aqu\u00ed es donde la cosa se complica: seg\u00fan el Real Decreto Legislativo 8\/2015, de 30 de octubre, por el que se aprueba el texto refundido de la Ley General de la Seguridad Social, el aut\u00f3nomo podr\u00e1 acceder a la prestaci\u00f3n en caso de estar \u201cen situaci\u00f3n legal de cese de actividad\u201d. Qu\u00e9 quiere decir esto a efectos pr\u00e1cticos? Que el aut\u00f3nomo deber\u00e1 acreditar algunas de las causas siguientes para poder acceder al cobro del subsidio (paro):<\/p>\n<ul>\n<li>Motivos econ\u00f3micos, t\u00e9cnicos, productivos u organizativos que impiden proseguir con la actividad:\n<ul>\n<li><strong><em>P\u00e9rdidas econ\u00f3micas: P\u00e9rdidas derivadas del desarrollo de la actividad en un a\u00f1o completo, superiores al 10 por ciento de los ingresos obtenidos en el mismo periodo, excluido el primer a\u00f1o de inicio de la actividad.<\/em><\/strong><\/li>\n<li>Ejecuciones y concursos: Ejecuciones judiciales o administrativas tendentes al cobro de las deudas reconocidas por los \u00f3rganos ejecutivos, que comporten al menos el 30 por ciento de los ingresos del ejercicio econ\u00f3mico inmediatamente anterior.<\/li>\n<li>La declaraci\u00f3n judicial de concurso que impida continuar con la actividad, en los t\u00e9rminos de la Ley 22\/2003, de 9 de julio, Concursal.<\/li>\n<\/ul>\n<\/li>\n<li>P\u00e9rdida de la licencia administrativa, siempre que la misma constituya un requisito para el ejercicio de la actividad econ\u00f3mica o profesional y no venga motivada por la comisi\u00f3n de infracciones penales.<\/li>\n<li>Fuerza mayor que determine el cese, temporal o definitivo, de la actividad.<\/li>\n<li>Violencia de g\u00e9nero determinante del cese, temporal o definitivo, de la actividad.<\/li>\n<li>Divorcio o acuerdo de separaci\u00f3n matrimonial en los supuestos en que el\u00a0<a href=\"https:\/\/www.fraternidad.com\/es-ES\/autonomo-0\">aut\u00f3nomo<\/a> divorciado o separado ejerciera funciones de ayuda familiar en el negocio de su exc\u00f3nyuge o de la persona que se ha separado.<\/li>\n<li>Muerte, incapacidad o jubilaci\u00f3n del c\u00f3nyuge titular del negocio con quien realizaba funciones de ayuda familiar.<\/li>\n<\/ul>\n<p>En la mayor\u00eda de casos, deberemos atender el requisito n\u00famero 1 de las p\u00e9rdidas econ\u00f3micas, marcado espec\u00edficamente en negrita pues entendemos que es el requisito m\u00e1s habitual que habr\u00e1 que cumplir.<\/p>\n<p>Existen otros requisitos, entre los cuales se encuentran el estar al corriente de pago de las obligaciones con la Seguridad Social, no estar cobrando cualquier otra prestaci\u00f3n o pensi\u00f3n de la Seguridad Social, no tener la edad para jubilarse, etc\u2026 pero queremos espec\u00edficamente centrar el art\u00edculo en el requisito de p\u00e9rdidas econ\u00f3micas, pues creemos que es el mayor escollo en estos casos para nuestros clientes y dem\u00e1s trabajadores aut\u00f3nomos.<\/p>\n<p>Indicar finalmente, en cuanto al per\u00edodo de paro previsto y posible seg\u00fan lo anteriormente cotizado, el siguiente resumen:<\/p>\n<p><strong>Periodo de\u00a0cotizaci\u00f3n\u00a0(meses cotizados a CATA \u2013 protecci\u00f3n cese de actividad)<\/strong><\/p>\n<p>&nbsp;<\/p>\n<p><strong>12-17 meses \u2013 4 meses de prestaci\u00f3n<\/strong><\/p>\n<p><strong>18-23 meses \u2013 6 meses de prestaci\u00f3n<\/strong><\/p>\n<p><strong>24-29 meses \u2013 8 meses de prestaci\u00f3n<\/strong><\/p>\n<p><strong>30-35 meses \u2013 10 meses de prestaci\u00f3n<\/strong><\/p>\n<p><strong>36-42 meses \u2013 12 meses de prestaci\u00f3n<\/strong><\/p>\n<p><strong>43-47 meses \u2013 16 meses de prestaci\u00f3n<\/strong><\/p>\n<p><strong>+ de 48 meses \u2013 24 meses de prestaci\u00f3n<\/strong><\/p>\n<p>&nbsp;<\/p>\n<p>Para cualquier duda en los requisitos para cobrar el paro pueden<a href=\"https:\/\/www.ariasassessors.com\/ca\/contacte\/\"> contactar con nosotros.<\/a><\/p>\n","protected":false},"excerpt":{"rendered":"<p>Distinguidos clientes, Como bien saben, desde el 1 de Enero de 2019 est\u00e1 incluida como obligatoria la cotizaci\u00f3n por la cobertura por cese de actividad para los aut\u00f3nomos, con lo cual estos, cumpliendo una serie de requisitos que ahora indicaremos, podr\u00edan tener derecho a cobrar&#8230;<\/p>\n","protected":false},"author":2,"featured_media":1237,"comment_status":"open","ping_status":"open","sticky":false,"template":"","format":"standard","meta":{"footnotes":""},"categories":[4],"tags":[],"class_list":["post-1238","post","type-post","status-publish","format-standard","has-post-thumbnail","hentry","category-noticies"],"yoast_head":"<!-- This site is optimized with the Yoast SEO plugin v24.3 - https:\/\/yoast.com\/wordpress\/plugins\/seo\/ -->\n<title>Requisitos para cobrar el paro, baja actividad aut\u00f3nomos | Arias Assessors<\/title>\n<meta name=\"description\" content=\"cumpliendo una serie de requisitos que ahora indicaremos, podr\u00edan tener derecho a cobrar la prestaci\u00f3n (el paro) como lo hace un trabajador.\" \/>\n<meta name=\"robots\" content=\"index, follow, max-snippet:-1, max-image-preview:large, max-video-preview:-1\" \/>\n<link rel=\"canonical\" href=\"https:\/\/www.ariasassessors.com\/ca\/requisitos-para-cobrar-el-paro-en-caso-de-darse-de-baja-de-actividad-y-autonomos\/\" \/>\n<meta property=\"og:locale\" content=\"ca_ES\" \/>\n<meta property=\"og:type\" content=\"article\" \/>\n<meta property=\"og:title\" content=\"Requisitos para cobrar el paro, baja actividad aut\u00f3nomos | Arias Assessors\" \/>\n<meta property=\"og:description\" content=\"cumpliendo una serie de requisitos que ahora indicaremos, podr\u00edan tener derecho a cobrar la prestaci\u00f3n (el paro) como lo hace un trabajador.\" \/>\n<meta property=\"og:url\" content=\"https:\/\/www.ariasassessors.com\/ca\/requisitos-para-cobrar-el-paro-en-caso-de-darse-de-baja-de-actividad-y-autonomos\/\" \/>\n<meta property=\"og:site_name\" content=\"Arias Assessors\" \/>\n<meta property=\"article:publisher\" content=\"https:\/\/www.facebook.com\/ariasassessors\/\" \/>\n<meta property=\"article:published_time\" content=\"2020-09-25T10:00:12+00:00\" \/>\n<meta property=\"article:modified_time\" content=\"2020-09-22T10:33:59+00:00\" \/>\n<meta property=\"og:image\" content=\"https:\/\/www.ariasassessors.com\/wp-content\/uploads\/2020\/09\/nl_arias_marzo-VIRUS-copia_08-1.jpg\" \/>\n\t<meta property=\"og:image:width\" content=\"600\" \/>\n\t<meta property=\"og:image:height\" content=\"327\" \/>\n\t<meta property=\"og:image:type\" content=\"image\/jpeg\" \/>\n<meta name=\"author\" content=\"btorras\" \/>\n<meta name=\"twitter:card\" content=\"summary_large_image\" \/>\n<meta name=\"twitter:creator\" content=\"@ariasassessors\" \/>\n<meta name=\"twitter:site\" content=\"@ariasassessors\" \/>\n<meta name=\"twitter:label1\" content=\"Escrit per\" \/>\n\t<meta name=\"twitter:data1\" content=\"btorras\" \/>\n\t<meta name=\"twitter:label2\" content=\"Temps estimat de lectura\" \/>\n\t<meta name=\"twitter:data2\" content=\"3 minuts\" \/>\n<script type=\"application\/ld+json\" class=\"yoast-schema-graph\">{\"@context\":\"https:\/\/schema.org\",\"@graph\":[{\"@type\":\"Article\",\"@id\":\"https:\/\/www.ariasassessors.com\/ca\/requisitos-para-cobrar-el-paro-en-caso-de-darse-de-baja-de-actividad-y-autonomos\/#article\",\"isPartOf\":{\"@id\":\"https:\/\/www.ariasassessors.com\/ca\/requisitos-para-cobrar-el-paro-en-caso-de-darse-de-baja-de-actividad-y-autonomos\/\"},\"author\":{\"name\":\"btorras\",\"@id\":\"https:\/\/www.ariasassessors.com\/#\/schema\/person\/63c6ad1775f0a9413c37932562673cef\"},\"headline\":\"REQUISITOS PARA COBRAR EL PARO EN CASO DE DARSE DE BAJA DE ACTIVIDAD Y AUT\u00d3NOMOS\",\"datePublished\":\"2020-09-25T10:00:12+00:00\",\"dateModified\":\"2020-09-22T10:33:59+00:00\",\"mainEntityOfPage\":{\"@id\":\"https:\/\/www.ariasassessors.com\/ca\/requisitos-para-cobrar-el-paro-en-caso-de-darse-de-baja-de-actividad-y-autonomos\/\"},\"wordCount\":708,\"commentCount\":0,\"publisher\":{\"@id\":\"https:\/\/www.ariasassessors.com\/#organization\"},\"image\":{\"@id\":\"https:\/\/www.ariasassessors.com\/ca\/requisitos-para-cobrar-el-paro-en-caso-de-darse-de-baja-de-actividad-y-autonomos\/#primaryimage\"},\"thumbnailUrl\":\"https:\/\/www.ariasassessors.com\/wp-content\/uploads\/2020\/09\/nl_arias_marzo-VIRUS-copia_08-1.jpg\",\"articleSection\":[\"noticies\"],\"inLanguage\":\"ca\",\"potentialAction\":[{\"@type\":\"CommentAction\",\"name\":\"Comment\",\"target\":[\"https:\/\/www.ariasassessors.com\/ca\/requisitos-para-cobrar-el-paro-en-caso-de-darse-de-baja-de-actividad-y-autonomos\/#respond\"]}]},{\"@type\":\"WebPage\",\"@id\":\"https:\/\/www.ariasassessors.com\/ca\/requisitos-para-cobrar-el-paro-en-caso-de-darse-de-baja-de-actividad-y-autonomos\/\",\"url\":\"https:\/\/www.ariasassessors.com\/ca\/requisitos-para-cobrar-el-paro-en-caso-de-darse-de-baja-de-actividad-y-autonomos\/\",\"name\":\"Requisitos para cobrar el paro, baja actividad aut\u00f3nomos | Arias Assessors\",\"isPartOf\":{\"@id\":\"https:\/\/www.ariasassessors.com\/#website\"},\"primaryImageOfPage\":{\"@id\":\"https:\/\/www.ariasassessors.com\/ca\/requisitos-para-cobrar-el-paro-en-caso-de-darse-de-baja-de-actividad-y-autonomos\/#primaryimage\"},\"image\":{\"@id\":\"https:\/\/www.ariasassessors.com\/ca\/requisitos-para-cobrar-el-paro-en-caso-de-darse-de-baja-de-actividad-y-autonomos\/#primaryimage\"},\"thumbnailUrl\":\"https:\/\/www.ariasassessors.com\/wp-content\/uploads\/2020\/09\/nl_arias_marzo-VIRUS-copia_08-1.jpg\",\"datePublished\":\"2020-09-25T10:00:12+00:00\",\"dateModified\":\"2020-09-22T10:33:59+00:00\",\"description\":\"cumpliendo una serie de requisitos que ahora indicaremos, podr\u00edan tener derecho a cobrar la prestaci\u00f3n (el paro) como lo hace un trabajador.\",\"breadcrumb\":{\"@id\":\"https:\/\/www.ariasassessors.com\/ca\/requisitos-para-cobrar-el-paro-en-caso-de-darse-de-baja-de-actividad-y-autonomos\/#breadcrumb\"},\"inLanguage\":\"ca\",\"potentialAction\":[{\"@type\":\"ReadAction\",\"target\":[\"https:\/\/www.ariasassessors.com\/ca\/requisitos-para-cobrar-el-paro-en-caso-de-darse-de-baja-de-actividad-y-autonomos\/\"]}]},{\"@type\":\"ImageObject\",\"inLanguage\":\"ca\",\"@id\":\"https:\/\/www.ariasassessors.com\/ca\/requisitos-para-cobrar-el-paro-en-caso-de-darse-de-baja-de-actividad-y-autonomos\/#primaryimage\",\"url\":\"https:\/\/www.ariasassessors.com\/wp-content\/uploads\/2020\/09\/nl_arias_marzo-VIRUS-copia_08-1.jpg\",\"contentUrl\":\"https:\/\/www.ariasassessors.com\/wp-content\/uploads\/2020\/09\/nl_arias_marzo-VIRUS-copia_08-1.jpg\",\"width\":600,\"height\":327,\"caption\":\"PARO\"},{\"@type\":\"BreadcrumbList\",\"@id\":\"https:\/\/www.ariasassessors.com\/ca\/requisitos-para-cobrar-el-paro-en-caso-de-darse-de-baja-de-actividad-y-autonomos\/#breadcrumb\",\"itemListElement\":[{\"@type\":\"ListItem\",\"position\":1,\"name\":\"Portada\",\"item\":\"https:\/\/www.ariasassessors.com\/ca\/\"},{\"@type\":\"ListItem\",\"position\":2,\"name\":\"REQUISITOS PARA COBRAR EL PARO EN CASO DE DARSE DE BAJA DE ACTIVIDAD Y AUT\u00d3NOMOS\"}]},{\"@type\":\"WebSite\",\"@id\":\"https:\/\/www.ariasassessors.com\/#website\",\"url\":\"https:\/\/www.ariasassessors.com\/\",\"name\":\"Arias Assessors\",\"description\":\"Asesor\u00eda para aut\u00f3nomos, profesionales y PYMES\",\"publisher\":{\"@id\":\"https:\/\/www.ariasassessors.com\/#organization\"},\"potentialAction\":[{\"@type\":\"SearchAction\",\"target\":{\"@type\":\"EntryPoint\",\"urlTemplate\":\"https:\/\/www.ariasassessors.com\/?s={search_term_string}\"},\"query-input\":{\"@type\":\"PropertyValueSpecification\",\"valueRequired\":true,\"valueName\":\"search_term_string\"}}],\"inLanguage\":\"ca\"},{\"@type\":\"Organization\",\"@id\":\"https:\/\/www.ariasassessors.com\/#organization\",\"name\":\"Arias Assessors\",\"url\":\"https:\/\/www.ariasassessors.com\/\",\"logo\":{\"@type\":\"ImageObject\",\"inLanguage\":\"ca\",\"@id\":\"https:\/\/www.ariasassessors.com\/#\/schema\/logo\/image\/\",\"url\":\"https:\/\/www.ariasassessors.com\/wp-content\/uploads\/2019\/01\/arias-logo.png\",\"contentUrl\":\"https:\/\/www.ariasassessors.com\/wp-content\/uploads\/2019\/01\/arias-logo.png\",\"width\":349,\"height\":254,\"caption\":\"Arias Assessors\"},\"image\":{\"@id\":\"https:\/\/www.ariasassessors.com\/#\/schema\/logo\/image\/\"},\"sameAs\":[\"https:\/\/www.facebook.com\/ariasassessors\/\",\"https:\/\/x.com\/ariasassessors\",\"https:\/\/www.linkedin.com\/company\/r&amp;amp;r-growing-knowledge\/\"]},{\"@type\":\"Person\",\"@id\":\"https:\/\/www.ariasassessors.com\/#\/schema\/person\/63c6ad1775f0a9413c37932562673cef\",\"name\":\"btorras\",\"image\":{\"@type\":\"ImageObject\",\"inLanguage\":\"ca\",\"@id\":\"https:\/\/www.ariasassessors.com\/#\/schema\/person\/image\/\",\"url\":\"https:\/\/secure.gravatar.com\/avatar\/0531db351fc361fdbfd204c58fa2d6a3?s=96&d=mm&r=g\",\"contentUrl\":\"https:\/\/secure.gravatar.com\/avatar\/0531db351fc361fdbfd204c58fa2d6a3?s=96&d=mm&r=g\",\"caption\":\"btorras\"}}]}<\/script>\n<!-- \/ Yoast SEO plugin. -->","yoast_head_json":{"title":"Requisitos para cobrar el paro, baja actividad aut\u00f3nomos | Arias Assessors","description":"cumpliendo una serie de requisitos que ahora indicaremos, podr\u00edan tener derecho a cobrar la prestaci\u00f3n (el paro) como lo hace un trabajador.","robots":{"index":"index","follow":"follow","max-snippet":"max-snippet:-1","max-image-preview":"max-image-preview:large","max-video-preview":"max-video-preview:-1"},"canonical":"https:\/\/www.ariasassessors.com\/ca\/requisitos-para-cobrar-el-paro-en-caso-de-darse-de-baja-de-actividad-y-autonomos\/","og_locale":"ca_ES","og_type":"article","og_title":"Requisitos para cobrar el paro, baja actividad aut\u00f3nomos | Arias Assessors","og_description":"cumpliendo una serie de requisitos que ahora indicaremos, podr\u00edan tener derecho a cobrar la prestaci\u00f3n (el paro) como lo hace un trabajador.","og_url":"https:\/\/www.ariasassessors.com\/ca\/requisitos-para-cobrar-el-paro-en-caso-de-darse-de-baja-de-actividad-y-autonomos\/","og_site_name":"Arias Assessors","article_publisher":"https:\/\/www.facebook.com\/ariasassessors\/","article_published_time":"2020-09-25T10:00:12+00:00","article_modified_time":"2020-09-22T10:33:59+00:00","og_image":[{"width":600,"height":327,"url":"https:\/\/www.ariasassessors.com\/wp-content\/uploads\/2020\/09\/nl_arias_marzo-VIRUS-copia_08-1.jpg","type":"image\/jpeg"}],"author":"btorras","twitter_card":"summary_large_image","twitter_creator":"@ariasassessors","twitter_site":"@ariasassessors","twitter_misc":{"Escrit per":"btorras","Temps estimat de lectura":"3 minuts"},"schema":{"@context":"https:\/\/schema.org","@graph":[{"@type":"Article","@id":"https:\/\/www.ariasassessors.com\/ca\/requisitos-para-cobrar-el-paro-en-caso-de-darse-de-baja-de-actividad-y-autonomos\/#article","isPartOf":{"@id":"https:\/\/www.ariasassessors.com\/ca\/requisitos-para-cobrar-el-paro-en-caso-de-darse-de-baja-de-actividad-y-autonomos\/"},"author":{"name":"btorras","@id":"https:\/\/www.ariasassessors.com\/#\/schema\/person\/63c6ad1775f0a9413c37932562673cef"},"headline":"REQUISITOS PARA COBRAR EL PARO EN CASO DE DARSE DE BAJA DE ACTIVIDAD Y AUT\u00d3NOMOS","datePublished":"2020-09-25T10:00:12+00:00","dateModified":"2020-09-22T10:33:59+00:00","mainEntityOfPage":{"@id":"https:\/\/www.ariasassessors.com\/ca\/requisitos-para-cobrar-el-paro-en-caso-de-darse-de-baja-de-actividad-y-autonomos\/"},"wordCount":708,"commentCount":0,"publisher":{"@id":"https:\/\/www.ariasassessors.com\/#organization"},"image":{"@id":"https:\/\/www.ariasassessors.com\/ca\/requisitos-para-cobrar-el-paro-en-caso-de-darse-de-baja-de-actividad-y-autonomos\/#primaryimage"},"thumbnailUrl":"https:\/\/www.ariasassessors.com\/wp-content\/uploads\/2020\/09\/nl_arias_marzo-VIRUS-copia_08-1.jpg","articleSection":["noticies"],"inLanguage":"ca","potentialAction":[{"@type":"CommentAction","name":"Comment","target":["https:\/\/www.ariasassessors.com\/ca\/requisitos-para-cobrar-el-paro-en-caso-de-darse-de-baja-de-actividad-y-autonomos\/#respond"]}]},{"@type":"WebPage","@id":"https:\/\/www.ariasassessors.com\/ca\/requisitos-para-cobrar-el-paro-en-caso-de-darse-de-baja-de-actividad-y-autonomos\/","url":"https:\/\/www.ariasassessors.com\/ca\/requisitos-para-cobrar-el-paro-en-caso-de-darse-de-baja-de-actividad-y-autonomos\/","name":"Requisitos para cobrar el paro, baja actividad aut\u00f3nomos | Arias Assessors","isPartOf":{"@id":"https:\/\/www.ariasassessors.com\/#website"},"primaryImageOfPage":{"@id":"https:\/\/www.ariasassessors.com\/ca\/requisitos-para-cobrar-el-paro-en-caso-de-darse-de-baja-de-actividad-y-autonomos\/#primaryimage"},"image":{"@id":"https:\/\/www.ariasassessors.com\/ca\/requisitos-para-cobrar-el-paro-en-caso-de-darse-de-baja-de-actividad-y-autonomos\/#primaryimage"},"thumbnailUrl":"https:\/\/www.ariasassessors.com\/wp-content\/uploads\/2020\/09\/nl_arias_marzo-VIRUS-copia_08-1.jpg","datePublished":"2020-09-25T10:00:12+00:00","dateModified":"2020-09-22T10:33:59+00:00","description":"cumpliendo una serie de requisitos que ahora indicaremos, podr\u00edan tener derecho a cobrar la prestaci\u00f3n (el paro) como lo hace un trabajador.","breadcrumb":{"@id":"https:\/\/www.ariasassessors.com\/ca\/requisitos-para-cobrar-el-paro-en-caso-de-darse-de-baja-de-actividad-y-autonomos\/#breadcrumb"},"inLanguage":"ca","potentialAction":[{"@type":"ReadAction","target":["https:\/\/www.ariasassessors.com\/ca\/requisitos-para-cobrar-el-paro-en-caso-de-darse-de-baja-de-actividad-y-autonomos\/"]}]},{"@type":"ImageObject","inLanguage":"ca","@id":"https:\/\/www.ariasassessors.com\/ca\/requisitos-para-cobrar-el-paro-en-caso-de-darse-de-baja-de-actividad-y-autonomos\/#primaryimage","url":"https:\/\/www.ariasassessors.com\/wp-content\/uploads\/2020\/09\/nl_arias_marzo-VIRUS-copia_08-1.jpg","contentUrl":"https:\/\/www.ariasassessors.com\/wp-content\/uploads\/2020\/09\/nl_arias_marzo-VIRUS-copia_08-1.jpg","width":600,"height":327,"caption":"PARO"},{"@type":"BreadcrumbList","@id":"https:\/\/www.ariasassessors.com\/ca\/requisitos-para-cobrar-el-paro-en-caso-de-darse-de-baja-de-actividad-y-autonomos\/#breadcrumb","itemListElement":[{"@type":"ListItem","position":1,"name":"Portada","item":"https:\/\/www.ariasassessors.com\/ca\/"},{"@type":"ListItem","position":2,"name":"REQUISITOS PARA COBRAR EL PARO EN CASO DE DARSE DE BAJA DE ACTIVIDAD Y AUT\u00d3NOMOS"}]},{"@type":"WebSite","@id":"https:\/\/www.ariasassessors.com\/#website","url":"https:\/\/www.ariasassessors.com\/","name":"Arias Assessors","description":"Asesor\u00eda para aut\u00f3nomos, profesionales y PYMES","publisher":{"@id":"https:\/\/www.ariasassessors.com\/#organization"},"potentialAction":[{"@type":"SearchAction","target":{"@type":"EntryPoint","urlTemplate":"https:\/\/www.ariasassessors.com\/?s={search_term_string}"},"query-input":{"@type":"PropertyValueSpecification","valueRequired":true,"valueName":"search_term_string"}}],"inLanguage":"ca"},{"@type":"Organization","@id":"https:\/\/www.ariasassessors.com\/#organization","name":"Arias Assessors","url":"https:\/\/www.ariasassessors.com\/","logo":{"@type":"ImageObject","inLanguage":"ca","@id":"https:\/\/www.ariasassessors.com\/#\/schema\/logo\/image\/","url":"https:\/\/www.ariasassessors.com\/wp-content\/uploads\/2019\/01\/arias-logo.png","contentUrl":"https:\/\/www.ariasassessors.com\/wp-content\/uploads\/2019\/01\/arias-logo.png","width":349,"height":254,"caption":"Arias Assessors"},"image":{"@id":"https:\/\/www.ariasassessors.com\/#\/schema\/logo\/image\/"},"sameAs":["https:\/\/www.facebook.com\/ariasassessors\/","https:\/\/x.com\/ariasassessors","https:\/\/www.linkedin.com\/company\/r&amp;amp;r-growing-knowledge\/"]},{"@type":"Person","@id":"https:\/\/www.ariasassessors.com\/#\/schema\/person\/63c6ad1775f0a9413c37932562673cef","name":"btorras","image":{"@type":"ImageObject","inLanguage":"ca","@id":"https:\/\/www.ariasassessors.com\/#\/schema\/person\/image\/","url":"https:\/\/secure.gravatar.com\/avatar\/0531db351fc361fdbfd204c58fa2d6a3?s=96&d=mm&r=g","contentUrl":"https:\/\/secure.gravatar.com\/avatar\/0531db351fc361fdbfd204c58fa2d6a3?s=96&d=mm&r=g","caption":"btorras"}}]}},"_links":{"self":[{"href":"https:\/\/www.ariasassessors.com\/ca\/wp-json\/wp\/v2\/posts\/1238","targetHints":{"allow":["GET"]}}],"collection":[{"href":"https:\/\/www.ariasassessors.com\/ca\/wp-json\/wp\/v2\/posts"}],"about":[{"href":"https:\/\/www.ariasassessors.com\/ca\/wp-json\/wp\/v2\/types\/post"}],"author":[{"embeddable":true,"href":"https:\/\/www.ariasassessors.com\/ca\/wp-json\/wp\/v2\/users\/2"}],"replies":[{"embeddable":true,"href":"https:\/\/www.ariasassessors.com\/ca\/wp-json\/wp\/v2\/comments?post=1238"}],"version-history":[{"count":2,"href":"https:\/\/www.ariasassessors.com\/ca\/wp-json\/wp\/v2\/posts\/1238\/revisions"}],"predecessor-version":[{"id":1240,"href":"https:\/\/www.ariasassessors.com\/ca\/wp-json\/wp\/v2\/posts\/1238\/revisions\/1240"}],"wp:featuredmedia":[{"embeddable":true,"href":"https:\/\/www.ariasassessors.com\/ca\/wp-json\/wp\/v2\/media\/1237"}],"wp:attachment":[{"href":"https:\/\/www.ariasassessors.com\/ca\/wp-json\/wp\/v2\/media?parent=1238"}],"wp:term":[{"taxonomy":"category","embeddable":true,"href":"https:\/\/www.ariasassessors.com\/ca\/wp-json\/wp\/v2\/categories?post=1238"},{"taxonomy":"post_tag","embeddable":true,"href":"https:\/\/www.ariasassessors.com\/ca\/wp-json\/wp\/v2\/tags?post=1238"}],"curies":[{"name":"wp","href":"https:\/\/api.w.org\/{rel}","templated":true}]}}