{"id":1246,"date":"2020-09-29T16:54:21","date_gmt":"2020-09-29T14:54:21","guid":{"rendered":"https:\/\/www.ariasassessors.com\/aprobada-la-prorroga-de-las-ayudas-a-autonomos\/"},"modified":"2020-09-29T16:54:21","modified_gmt":"2020-09-29T14:54:21","slug":"aprobada-la-prorroga-de-las-ayudas-a-autonomos","status":"publish","type":"post","link":"https:\/\/www.ariasassessors.com\/ca\/aprobada-la-prorroga-de-las-ayudas-a-autonomos\/","title":{"rendered":"APROBADA LA PRORROGA DE LAS AYUDAS A AUT\u00d3NOMOS"},"content":{"rendered":"<p>El Gobierno ha acordado con las asociaciones de trabajadores aut\u00f3nomos ATA y UPTA\u00a0<strong>ampliar las ayudas a aut\u00f3nomos hasta el 31 de enero<\/strong>, seg\u00fan ha confirmado esta noche el Ministerio de Inclusi\u00f3n, Seguridad Social y Migraciones en un comunicado. Se trata del conjunto\u00a0de ayudas puestas en marcha a ra\u00edz de la crisis del coronavirus,\u00a0<a href=\"https:\/\/www.rtve.es\/noticias\/20200626\/consejo-ministros-aprueba-prorroga-erte-ayudas-autonomos\/2022704.shtml\">que vencen el pr\u00f3ximo mi\u00e9rcoles.<\/a><\/p>\n<p>Entre las principales novedades,\u00a0<strong>se\u00a0recupera\u00a0la prestaci\u00f3n extraordinaria por cese de actividad\u00a0<\/strong>para aquellos trabajadores que se vean obligados a cerrar por un rebrote, se\u00a0alarga la compatibilidad del cese de actividad ordinario con los ingresos laborales y se flexibilizan los requisitos para el acceso a las ayudas a los aut\u00f3nomos de temporada.<\/p>\n<p><strong>\u00bfQu\u00e9 ayudas se han prorrogado?<\/strong><\/p>\n<p>El acuerdo incluye la creaci\u00f3n de una\u00a0nueva prestaci\u00f3n extraordinaria por suspensi\u00f3n de la actividad y\u00a0la\u00a0pr\u00f3rroga hasta el 31 de enero de 2021 de la prestaci\u00f3n por cese compatible con la actividad y para aut\u00f3nomos de temporada.<\/p>\n<p>Adem\u00e1s, para cubrir a aquellos que no cumplen los requisitos para acceder a la prestaci\u00f3n compatible con la actividad (por ejemplo, por tener una tarifa plana o no haber cotizado durante los \u00faltimos doce meses) se crea una\u00a0nueva ayuda por bajos ingresos.<\/p>\n<p>La nueva prestaci\u00f3n extraordinaria por suspensi\u00f3n de actividad, est\u00e1 dirigida a aquellos aut\u00f3nomos con una suspensi\u00f3n temporal de toda su actividad como consecuencia de medidas de las Administraciones para contener la pandemia de la COVID-19, a los que adem\u00e1s se les exonerar\u00e1 del pago de las cotizaciones.<\/p>\n<p>Respecto a la pr\u00f3rroga de la prestaci\u00f3n ordinaria de cese compatible con la actividad, se extender\u00e1 hasta el 31 de enero,\u00a0siempre que durante el cuarto trimestre de 2020 se sigan cumpliendo los requisitos exigidos para su concesi\u00f3n.<\/p>\n<p>Entre ellos, explica el Ministerio, est\u00e1 acreditar una reducci\u00f3n en la facturaci\u00f3n durante el cuarto trimestre de 2020 de al menos el 75 % en relaci\u00f3n con el mismo periodo de 2019, as\u00ed como\u00a0<strong>no superar unos rendimientos netos de 5.818,5 euros<\/strong>\u00a0(1,75 veces el salario m\u00ednimo interprofesional -SMI-) en el periodo octubre-diciembre de este a\u00f1o.<\/p>\n<p>Quienes no cumplan los requisitos para acceder a esta prestaci\u00f3n, por ejemplo, por tener una tarifa plana o no haber cotizado el per\u00edodo m\u00ednimo necesario (12 meses),\u00a0<strong>podr\u00e1n solicitar una ayuda por bajos ingresos siempre y cuando sus ingresos en el \u00faltimo trimestre de 2020 no superen el SMI.<\/strong><\/p>\n<p>Por \u00faltimo, se prorroga las ayudas para los trabajadores aut\u00f3nomos de temporada con una flexibilizaci\u00f3n de los requisitos temporales.<\/p>\n<p><strong>As\u00ed, el acuerdo ha sido ratificado este lunes por los trabajadores aut\u00f3nomos<\/strong>, para posteriormente ser aprobado este martes en el Consejo de Ministros, justo un d\u00eda antes de que venza el plazo actual.\u00a0<u>En breve daremos m\u00e1s detalles sobre la tramitaci\u00f3n de estas pr\u00f3rrogas.<\/u><\/p>\n<p>&nbsp;<\/p>\n<p>Si tiene cualquier duda sobre ayudas a aut\u00f3nomos puede <a href=\"https:\/\/www.ariasassessors.com\/ca\/contacte\/\">contactar con nosotros.<\/a><\/p>\n","protected":false},"excerpt":{"rendered":"<p>El Gobierno ha acordado con las asociaciones de trabajadores aut\u00f3nomos ATA y UPTA\u00a0ampliar las ayudas a aut\u00f3nomos hasta el 31 de enero, seg\u00fan ha confirmado esta noche el Ministerio de Inclusi\u00f3n, Seguridad Social y Migraciones en un comunicado. Se trata del conjunto\u00a0de ayudas puestas en&#8230;<\/p>\n","protected":false},"author":2,"featured_media":1244,"comment_status":"open","ping_status":"open","sticky":false,"template":"","format":"standard","meta":{"footnotes":""},"categories":[4],"tags":[],"class_list":["post-1246","post","type-post","status-publish","format-standard","has-post-thumbnail","hentry","category-noticies"],"yoast_head":"<!-- This site is optimized with the Yoast SEO plugin v24.3 - https:\/\/yoast.com\/wordpress\/plugins\/seo\/ -->\n<title>APROBADA LA PRORROGA DE LAS AYUDAS A AUT\u00d3NOMOS<\/title>\n<meta name=\"description\" content=\"El Gobierno ha acordado con las asociaciones de trabajadores aut\u00f3nomos ATA y UPTA\u00a0ampliar las ayudas a aut\u00f3nomos hasta el 31 de enero\" \/>\n<meta name=\"robots\" content=\"index, follow, max-snippet:-1, max-image-preview:large, max-video-preview:-1\" \/>\n<link rel=\"canonical\" href=\"https:\/\/www.ariasassessors.com\/ca\/aprobada-la-prorroga-de-las-ayudas-a-autonomos\/\" \/>\n<meta property=\"og:locale\" content=\"ca_ES\" \/>\n<meta property=\"og:type\" content=\"article\" \/>\n<meta property=\"og:title\" content=\"APROBADA LA PRORROGA DE LAS AYUDAS A AUT\u00d3NOMOS\" \/>\n<meta property=\"og:description\" content=\"El Gobierno ha acordado con las asociaciones de trabajadores aut\u00f3nomos ATA y UPTA\u00a0ampliar las ayudas a aut\u00f3nomos hasta el 31 de enero\" \/>\n<meta property=\"og:url\" content=\"https:\/\/www.ariasassessors.com\/ca\/aprobada-la-prorroga-de-las-ayudas-a-autonomos\/\" \/>\n<meta property=\"og:site_name\" content=\"Arias Assessors\" \/>\n<meta property=\"article:publisher\" content=\"https:\/\/www.facebook.com\/ariasassessors\/\" \/>\n<meta property=\"article:published_time\" content=\"2020-09-29T14:54:21+00:00\" \/>\n<meta property=\"og:image\" content=\"https:\/\/www.ariasassessors.com\/wp-content\/uploads\/2020\/09\/nl_arias_marzo-VIRUS-copia_08-2.jpg\" \/>\n\t<meta property=\"og:image:width\" content=\"600\" \/>\n\t<meta property=\"og:image:height\" content=\"320\" \/>\n\t<meta property=\"og:image:type\" content=\"image\/jpeg\" \/>\n<meta name=\"author\" content=\"btorras\" \/>\n<meta name=\"twitter:card\" content=\"summary_large_image\" \/>\n<meta name=\"twitter:creator\" content=\"@ariasassessors\" \/>\n<meta name=\"twitter:site\" content=\"@ariasassessors\" \/>\n<meta name=\"twitter:label1\" content=\"Escrit per\" \/>\n\t<meta name=\"twitter:data1\" content=\"btorras\" \/>\n\t<meta name=\"twitter:label2\" content=\"Temps estimat de lectura\" \/>\n\t<meta name=\"twitter:data2\" content=\"2 minuts\" \/>\n<script type=\"application\/ld+json\" class=\"yoast-schema-graph\">{\"@context\":\"https:\/\/schema.org\",\"@graph\":[{\"@type\":\"Article\",\"@id\":\"https:\/\/www.ariasassessors.com\/ca\/aprobada-la-prorroga-de-las-ayudas-a-autonomos\/#article\",\"isPartOf\":{\"@id\":\"https:\/\/www.ariasassessors.com\/ca\/aprobada-la-prorroga-de-las-ayudas-a-autonomos\/\"},\"author\":{\"name\":\"btorras\",\"@id\":\"https:\/\/www.ariasassessors.com\/#\/schema\/person\/63c6ad1775f0a9413c37932562673cef\"},\"headline\":\"APROBADA LA PRORROGA DE LAS AYUDAS A AUT\u00d3NOMOS\",\"datePublished\":\"2020-09-29T14:54:21+00:00\",\"dateModified\":\"2020-09-29T14:54:21+00:00\",\"mainEntityOfPage\":{\"@id\":\"https:\/\/www.ariasassessors.com\/ca\/aprobada-la-prorroga-de-las-ayudas-a-autonomos\/\"},\"wordCount\":505,\"commentCount\":0,\"publisher\":{\"@id\":\"https:\/\/www.ariasassessors.com\/#organization\"},\"image\":{\"@id\":\"https:\/\/www.ariasassessors.com\/ca\/aprobada-la-prorroga-de-las-ayudas-a-autonomos\/#primaryimage\"},\"thumbnailUrl\":\"https:\/\/www.ariasassessors.com\/wp-content\/uploads\/2020\/09\/nl_arias_marzo-VIRUS-copia_08-2.jpg\",\"articleSection\":[\"noticies\"],\"inLanguage\":\"ca\",\"potentialAction\":[{\"@type\":\"CommentAction\",\"name\":\"Comment\",\"target\":[\"https:\/\/www.ariasassessors.com\/ca\/aprobada-la-prorroga-de-las-ayudas-a-autonomos\/#respond\"]}]},{\"@type\":\"WebPage\",\"@id\":\"https:\/\/www.ariasassessors.com\/ca\/aprobada-la-prorroga-de-las-ayudas-a-autonomos\/\",\"url\":\"https:\/\/www.ariasassessors.com\/ca\/aprobada-la-prorroga-de-las-ayudas-a-autonomos\/\",\"name\":\"APROBADA LA PRORROGA DE LAS AYUDAS A AUT\u00d3NOMOS\",\"isPartOf\":{\"@id\":\"https:\/\/www.ariasassessors.com\/#website\"},\"primaryImageOfPage\":{\"@id\":\"https:\/\/www.ariasassessors.com\/ca\/aprobada-la-prorroga-de-las-ayudas-a-autonomos\/#primaryimage\"},\"image\":{\"@id\":\"https:\/\/www.ariasassessors.com\/ca\/aprobada-la-prorroga-de-las-ayudas-a-autonomos\/#primaryimage\"},\"thumbnailUrl\":\"https:\/\/www.ariasassessors.com\/wp-content\/uploads\/2020\/09\/nl_arias_marzo-VIRUS-copia_08-2.jpg\",\"datePublished\":\"2020-09-29T14:54:21+00:00\",\"dateModified\":\"2020-09-29T14:54:21+00:00\",\"description\":\"El Gobierno ha acordado con las asociaciones de trabajadores aut\u00f3nomos ATA y UPTA\u00a0ampliar las ayudas a aut\u00f3nomos hasta el 31 de enero\",\"breadcrumb\":{\"@id\":\"https:\/\/www.ariasassessors.com\/ca\/aprobada-la-prorroga-de-las-ayudas-a-autonomos\/#breadcrumb\"},\"inLanguage\":\"ca\",\"potentialAction\":[{\"@type\":\"ReadAction\",\"target\":[\"https:\/\/www.ariasassessors.com\/ca\/aprobada-la-prorroga-de-las-ayudas-a-autonomos\/\"]}]},{\"@type\":\"ImageObject\",\"inLanguage\":\"ca\",\"@id\":\"https:\/\/www.ariasassessors.com\/ca\/aprobada-la-prorroga-de-las-ayudas-a-autonomos\/#primaryimage\",\"url\":\"https:\/\/www.ariasassessors.com\/wp-content\/uploads\/2020\/09\/nl_arias_marzo-VIRUS-copia_08-2.jpg\",\"contentUrl\":\"https:\/\/www.ariasassessors.com\/wp-content\/uploads\/2020\/09\/nl_arias_marzo-VIRUS-copia_08-2.jpg\",\"width\":600,\"height\":320,\"caption\":\"AYUDAS A AUT\u00d3NOMOS\"},{\"@type\":\"BreadcrumbList\",\"@id\":\"https:\/\/www.ariasassessors.com\/ca\/aprobada-la-prorroga-de-las-ayudas-a-autonomos\/#breadcrumb\",\"itemListElement\":[{\"@type\":\"ListItem\",\"position\":1,\"name\":\"Portada\",\"item\":\"https:\/\/www.ariasassessors.com\/ca\/\"},{\"@type\":\"ListItem\",\"position\":2,\"name\":\"APROBADA LA PRORROGA DE LAS AYUDAS A AUT\u00d3NOMOS\"}]},{\"@type\":\"WebSite\",\"@id\":\"https:\/\/www.ariasassessors.com\/#website\",\"url\":\"https:\/\/www.ariasassessors.com\/\",\"name\":\"Arias Assessors\",\"description\":\"Asesor\u00eda para aut\u00f3nomos, profesionales y PYMES\",\"publisher\":{\"@id\":\"https:\/\/www.ariasassessors.com\/#organization\"},\"potentialAction\":[{\"@type\":\"SearchAction\",\"target\":{\"@type\":\"EntryPoint\",\"urlTemplate\":\"https:\/\/www.ariasassessors.com\/?s={search_term_string}\"},\"query-input\":{\"@type\":\"PropertyValueSpecification\",\"valueRequired\":true,\"valueName\":\"search_term_string\"}}],\"inLanguage\":\"ca\"},{\"@type\":\"Organization\",\"@id\":\"https:\/\/www.ariasassessors.com\/#organization\",\"name\":\"Arias Assessors\",\"url\":\"https:\/\/www.ariasassessors.com\/\",\"logo\":{\"@type\":\"ImageObject\",\"inLanguage\":\"ca\",\"@id\":\"https:\/\/www.ariasassessors.com\/#\/schema\/logo\/image\/\",\"url\":\"https:\/\/www.ariasassessors.com\/wp-content\/uploads\/2019\/01\/arias-logo.png\",\"contentUrl\":\"https:\/\/www.ariasassessors.com\/wp-content\/uploads\/2019\/01\/arias-logo.png\",\"width\":349,\"height\":254,\"caption\":\"Arias Assessors\"},\"image\":{\"@id\":\"https:\/\/www.ariasassessors.com\/#\/schema\/logo\/image\/\"},\"sameAs\":[\"https:\/\/www.facebook.com\/ariasassessors\/\",\"https:\/\/x.com\/ariasassessors\",\"https:\/\/www.linkedin.com\/company\/r&amp;amp;r-growing-knowledge\/\"]},{\"@type\":\"Person\",\"@id\":\"https:\/\/www.ariasassessors.com\/#\/schema\/person\/63c6ad1775f0a9413c37932562673cef\",\"name\":\"btorras\",\"image\":{\"@type\":\"ImageObject\",\"inLanguage\":\"ca\",\"@id\":\"https:\/\/www.ariasassessors.com\/#\/schema\/person\/image\/\",\"url\":\"https:\/\/secure.gravatar.com\/avatar\/0531db351fc361fdbfd204c58fa2d6a3?s=96&d=mm&r=g\",\"contentUrl\":\"https:\/\/secure.gravatar.com\/avatar\/0531db351fc361fdbfd204c58fa2d6a3?s=96&d=mm&r=g\",\"caption\":\"btorras\"}}]}<\/script>\n<!-- \/ Yoast SEO plugin. -->","yoast_head_json":{"title":"APROBADA LA PRORROGA DE LAS AYUDAS A AUT\u00d3NOMOS","description":"El Gobierno ha acordado con las asociaciones de trabajadores aut\u00f3nomos ATA y UPTA\u00a0ampliar las ayudas a aut\u00f3nomos hasta el 31 de enero","robots":{"index":"index","follow":"follow","max-snippet":"max-snippet:-1","max-image-preview":"max-image-preview:large","max-video-preview":"max-video-preview:-1"},"canonical":"https:\/\/www.ariasassessors.com\/ca\/aprobada-la-prorroga-de-las-ayudas-a-autonomos\/","og_locale":"ca_ES","og_type":"article","og_title":"APROBADA LA PRORROGA DE LAS AYUDAS A AUT\u00d3NOMOS","og_description":"El Gobierno ha acordado con las asociaciones de trabajadores aut\u00f3nomos ATA y UPTA\u00a0ampliar las ayudas a aut\u00f3nomos hasta el 31 de enero","og_url":"https:\/\/www.ariasassessors.com\/ca\/aprobada-la-prorroga-de-las-ayudas-a-autonomos\/","og_site_name":"Arias Assessors","article_publisher":"https:\/\/www.facebook.com\/ariasassessors\/","article_published_time":"2020-09-29T14:54:21+00:00","og_image":[{"width":600,"height":320,"url":"https:\/\/www.ariasassessors.com\/wp-content\/uploads\/2020\/09\/nl_arias_marzo-VIRUS-copia_08-2.jpg","type":"image\/jpeg"}],"author":"btorras","twitter_card":"summary_large_image","twitter_creator":"@ariasassessors","twitter_site":"@ariasassessors","twitter_misc":{"Escrit per":"btorras","Temps estimat de lectura":"2 minuts"},"schema":{"@context":"https:\/\/schema.org","@graph":[{"@type":"Article","@id":"https:\/\/www.ariasassessors.com\/ca\/aprobada-la-prorroga-de-las-ayudas-a-autonomos\/#article","isPartOf":{"@id":"https:\/\/www.ariasassessors.com\/ca\/aprobada-la-prorroga-de-las-ayudas-a-autonomos\/"},"author":{"name":"btorras","@id":"https:\/\/www.ariasassessors.com\/#\/schema\/person\/63c6ad1775f0a9413c37932562673cef"},"headline":"APROBADA LA PRORROGA DE LAS AYUDAS A AUT\u00d3NOMOS","datePublished":"2020-09-29T14:54:21+00:00","dateModified":"2020-09-29T14:54:21+00:00","mainEntityOfPage":{"@id":"https:\/\/www.ariasassessors.com\/ca\/aprobada-la-prorroga-de-las-ayudas-a-autonomos\/"},"wordCount":505,"commentCount":0,"publisher":{"@id":"https:\/\/www.ariasassessors.com\/#organization"},"image":{"@id":"https:\/\/www.ariasassessors.com\/ca\/aprobada-la-prorroga-de-las-ayudas-a-autonomos\/#primaryimage"},"thumbnailUrl":"https:\/\/www.ariasassessors.com\/wp-content\/uploads\/2020\/09\/nl_arias_marzo-VIRUS-copia_08-2.jpg","articleSection":["noticies"],"inLanguage":"ca","potentialAction":[{"@type":"CommentAction","name":"Comment","target":["https:\/\/www.ariasassessors.com\/ca\/aprobada-la-prorroga-de-las-ayudas-a-autonomos\/#respond"]}]},{"@type":"WebPage","@id":"https:\/\/www.ariasassessors.com\/ca\/aprobada-la-prorroga-de-las-ayudas-a-autonomos\/","url":"https:\/\/www.ariasassessors.com\/ca\/aprobada-la-prorroga-de-las-ayudas-a-autonomos\/","name":"APROBADA LA PRORROGA DE LAS AYUDAS A AUT\u00d3NOMOS","isPartOf":{"@id":"https:\/\/www.ariasassessors.com\/#website"},"primaryImageOfPage":{"@id":"https:\/\/www.ariasassessors.com\/ca\/aprobada-la-prorroga-de-las-ayudas-a-autonomos\/#primaryimage"},"image":{"@id":"https:\/\/www.ariasassessors.com\/ca\/aprobada-la-prorroga-de-las-ayudas-a-autonomos\/#primaryimage"},"thumbnailUrl":"https:\/\/www.ariasassessors.com\/wp-content\/uploads\/2020\/09\/nl_arias_marzo-VIRUS-copia_08-2.jpg","datePublished":"2020-09-29T14:54:21+00:00","dateModified":"2020-09-29T14:54:21+00:00","description":"El Gobierno ha acordado con las asociaciones de trabajadores aut\u00f3nomos ATA y UPTA\u00a0ampliar las ayudas a aut\u00f3nomos hasta el 31 de enero","breadcrumb":{"@id":"https:\/\/www.ariasassessors.com\/ca\/aprobada-la-prorroga-de-las-ayudas-a-autonomos\/#breadcrumb"},"inLanguage":"ca","potentialAction":[{"@type":"ReadAction","target":["https:\/\/www.ariasassessors.com\/ca\/aprobada-la-prorroga-de-las-ayudas-a-autonomos\/"]}]},{"@type":"ImageObject","inLanguage":"ca","@id":"https:\/\/www.ariasassessors.com\/ca\/aprobada-la-prorroga-de-las-ayudas-a-autonomos\/#primaryimage","url":"https:\/\/www.ariasassessors.com\/wp-content\/uploads\/2020\/09\/nl_arias_marzo-VIRUS-copia_08-2.jpg","contentUrl":"https:\/\/www.ariasassessors.com\/wp-content\/uploads\/2020\/09\/nl_arias_marzo-VIRUS-copia_08-2.jpg","width":600,"height":320,"caption":"AYUDAS A AUT\u00d3NOMOS"},{"@type":"BreadcrumbList","@id":"https:\/\/www.ariasassessors.com\/ca\/aprobada-la-prorroga-de-las-ayudas-a-autonomos\/#breadcrumb","itemListElement":[{"@type":"ListItem","position":1,"name":"Portada","item":"https:\/\/www.ariasassessors.com\/ca\/"},{"@type":"ListItem","position":2,"name":"APROBADA LA PRORROGA DE LAS AYUDAS A AUT\u00d3NOMOS"}]},{"@type":"WebSite","@id":"https:\/\/www.ariasassessors.com\/#website","url":"https:\/\/www.ariasassessors.com\/","name":"Arias Assessors","description":"Asesor\u00eda para aut\u00f3nomos, profesionales y PYMES","publisher":{"@id":"https:\/\/www.ariasassessors.com\/#organization"},"potentialAction":[{"@type":"SearchAction","target":{"@type":"EntryPoint","urlTemplate":"https:\/\/www.ariasassessors.com\/?s={search_term_string}"},"query-input":{"@type":"PropertyValueSpecification","valueRequired":true,"valueName":"search_term_string"}}],"inLanguage":"ca"},{"@type":"Organization","@id":"https:\/\/www.ariasassessors.com\/#organization","name":"Arias Assessors","url":"https:\/\/www.ariasassessors.com\/","logo":{"@type":"ImageObject","inLanguage":"ca","@id":"https:\/\/www.ariasassessors.com\/#\/schema\/logo\/image\/","url":"https:\/\/www.ariasassessors.com\/wp-content\/uploads\/2019\/01\/arias-logo.png","contentUrl":"https:\/\/www.ariasassessors.com\/wp-content\/uploads\/2019\/01\/arias-logo.png","width":349,"height":254,"caption":"Arias Assessors"},"image":{"@id":"https:\/\/www.ariasassessors.com\/#\/schema\/logo\/image\/"},"sameAs":["https:\/\/www.facebook.com\/ariasassessors\/","https:\/\/x.com\/ariasassessors","https:\/\/www.linkedin.com\/company\/r&amp;amp;r-growing-knowledge\/"]},{"@type":"Person","@id":"https:\/\/www.ariasassessors.com\/#\/schema\/person\/63c6ad1775f0a9413c37932562673cef","name":"btorras","image":{"@type":"ImageObject","inLanguage":"ca","@id":"https:\/\/www.ariasassessors.com\/#\/schema\/person\/image\/","url":"https:\/\/secure.gravatar.com\/avatar\/0531db351fc361fdbfd204c58fa2d6a3?s=96&d=mm&r=g","contentUrl":"https:\/\/secure.gravatar.com\/avatar\/0531db351fc361fdbfd204c58fa2d6a3?s=96&d=mm&r=g","caption":"btorras"}}]}},"_links":{"self":[{"href":"https:\/\/www.ariasassessors.com\/ca\/wp-json\/wp\/v2\/posts\/1246","targetHints":{"allow":["GET"]}}],"collection":[{"href":"https:\/\/www.ariasassessors.com\/ca\/wp-json\/wp\/v2\/posts"}],"about":[{"href":"https:\/\/www.ariasassessors.com\/ca\/wp-json\/wp\/v2\/types\/post"}],"author":[{"embeddable":true,"href":"https:\/\/www.ariasassessors.com\/ca\/wp-json\/wp\/v2\/users\/2"}],"replies":[{"embeddable":true,"href":"https:\/\/www.ariasassessors.com\/ca\/wp-json\/wp\/v2\/comments?post=1246"}],"version-history":[{"count":0,"href":"https:\/\/www.ariasassessors.com\/ca\/wp-json\/wp\/v2\/posts\/1246\/revisions"}],"wp:featuredmedia":[{"embeddable":true,"href":"https:\/\/www.ariasassessors.com\/ca\/wp-json\/wp\/v2\/media\/1244"}],"wp:attachment":[{"href":"https:\/\/www.ariasassessors.com\/ca\/wp-json\/wp\/v2\/media?parent=1246"}],"wp:term":[{"taxonomy":"category","embeddable":true,"href":"https:\/\/www.ariasassessors.com\/ca\/wp-json\/wp\/v2\/categories?post=1246"},{"taxonomy":"post_tag","embeddable":true,"href":"https:\/\/www.ariasassessors.com\/ca\/wp-json\/wp\/v2\/tags?post=1246"}],"curies":[{"name":"wp","href":"https:\/\/api.w.org\/{rel}","templated":true}]}}