{"id":1265,"date":"2020-10-27T18:31:09","date_gmt":"2020-10-27T17:31:09","guid":{"rendered":"https:\/\/www.ariasassessors.com\/tres-medidas-urgentes-a-los-sectores-mas-afectados-por-las-medidas-sanitarias-en-catalunya\/"},"modified":"2020-10-27T18:31:09","modified_gmt":"2020-10-27T17:31:09","slug":"tres-medidas-urgentes-a-los-sectores-mas-afectados-por-las-medidas-sanitarias-en-catalunya","status":"publish","type":"post","link":"https:\/\/www.ariasassessors.com\/ca\/tres-medidas-urgentes-a-los-sectores-mas-afectados-por-las-medidas-sanitarias-en-catalunya\/","title":{"rendered":"Tres medidas urgentes a los sectores m\u00e1s afectados por las medidas sanitarias en Catalunya"},"content":{"rendered":"<p>Se habilitan subvenciones para aut\u00f3nomos y pymes de la restauraci\u00f3n y de est\u00e9tica y belleza<\/p>\n<p>El Gobierno de la Generalitat ha acordado la activaci\u00f3n de un paquete de medidas urgentes para apoyar a aquellos sectores econ\u00f3micos m\u00e1s afectados por las nuevas medidas de contenci\u00f3n del COVID-19.<\/p>\n<ul>\n<li><strong><u>Subvenci\u00f3nes para aut\u00f3nomos, pymes y microempresas de los sectores de la restauraci\u00f3n y de est\u00e9tica y belleza<\/u><\/strong>, con una dotaci\u00f3n inicial de 40 millones de euros, que se podr\u00e1n ampliar en funci\u00f3n de las necesidades. El importe m\u00e1ximo concedido por cada beneficiario ser\u00e1 de 1.500 euros. Informaci\u00f3n Gencat:<\/li>\n<\/ul>\n<p>Poden acollir-se a aquests ajuts els locals de restauraci\u00f3 i tamb\u00e9 el centres d\u2019est\u00e8tica i bellesa. Els 40 milions que ha previst la Generalitat, per tant, s\u2019hauran de repartir entre uns i altres. Els sol\u00b7licitants han de ser professionals aut\u00f2noms o pimes (fins a 249 treballadors); tamb\u00e9 se\u2019n poden beneficiar els restauradors que desenvolupen la seva activitat dins d\u2019un establiment col\u00b7lectiu (un centre comercial o un mercat municipal, per exemple). Nom\u00e9s es pot presentar una sol\u00b7licitud per NIF (encara que l\u2019empresa tingui diversos establiments). \u00c9s indiferent que el local estigui duent a terme les activitats de repartiment a domicili (delivery) o recollida a l\u2019establiment (take away).<\/p>\n<p>Sol\u00b7licitud i atorgament La Generalitat ens ha confirmat que la convocat\u00f2ria s\u2019obrir\u00e0 durant la setmana vinent; a partir d\u2019aquest moment, disposarem de 15 dies per presentar la sol\u00b7licitud. Totes les gestions s\u2019han de realitzar obligat\u00f2riament de manera telem\u00e0tica pel propi interessat (en el cas de societats mercantils, el seu representant legal). No s\u2019admet la presentaci\u00f3 en nom d\u2019un tercer. En aquest enlla\u00e7 trobareu informaci\u00f3 sobre les certificacions digitals acceptades. Per formalitzar la sol\u00b7licitud es necessita omplir el formulari (encara no est\u00e0 actiu), signar aquesta declaraci\u00f3 responsable i adjuntar 2 fotografies de l\u2019establiment (fa\u00e7ana i interior). Els ajuts es concedeixen per ordre d\u2019arribada i fins que s\u2019esgoti la dotaci\u00f3 pressupost\u00e0ria, d\u2019aqu\u00ed la import\u00e0ncia de formalitzar el tr\u00e0mit tant bon punt s\u2019obri la convocat\u00f2ria.<\/p>\n<p>La llista de beneficiaris es publicar\u00e0 abans del 31\/12.<\/p>\n<p>Justificaci\u00f3 L\u2019ajut s\u2019ha de justificar fent servir el corresponent formulari. S\u2019hauran d\u2019aportar una o diverses factures per import de 1.500 euros (base imposable). Servir\u00e0 qualsevol factura, amb data entre l\u20191 de gener i el 31 de desembre de 2020, que correspongui a una despesa pr\u00f2pia de l\u2019activitat de restauraci\u00f3: compres de producte o de maquin\u00e0ria, lloguers, assegurances, comunicaci\u00f3, venda online, etc. S\u2019exclouen els sous, els salaris, les amortitzacions i els rentings. Cobrament Un cop l\u2019administraci\u00f3 hagi validat la justificaci\u00f3 presentada, es procedeix a realitzar l\u2019ingr\u00e9s; pr\u00e8viament s\u2019haur\u00e0 comprovat que el beneficiari est\u00e0 al corrent de les obligacions tribut\u00e0ries i amb la Seguretat Social. El cobrament es produir\u00e0, per tant, durant 2021.<\/p>\n<ul>\n<li><strong><u>Decreto ley para aligerar la carga de los alquileres<\/u><u> de los establecimientos comerciales<\/u><\/strong><\/li>\n<\/ul>\n<p>Los arrendatarios de locales comerciales cerrados o con el uso limitado por las medidas contra la COVID-19 podr\u00e1n renegociar el precio de los alquileres. El Consejo Ejecutivo ha aprobado un decreto ley que faculta a los titulares de los negocios para iniciar una negociaci\u00f3n con los propietarios de los inmuebles para establecer, de mutuo acuerdo, una rebaja del importe de la mensualidad.<\/p>\n<p><strong>Rebaja del 50% en los establecimientos cerrados<\/strong><\/p>\n<ul>\n<li>Si el acuerdo entre las partes es imposible, la nueva norma fija que el importe del alquiler de los negocios cerrados quedar\u00e1 autom\u00e1ticamente rebajado al 50%, a contar desde el d\u00eda que el inquilino haya notificado la voluntad de negociar.<\/li>\n<li>Con las restricciones en vigor, esta medida afecta bares, restaurantes, gimnasios, centros de est\u00e9tica, bingos, casinos, salas de juego y ludotecas.<\/li>\n<\/ul>\n<p><strong>Reducci\u00f3n del precio en los negocios en funcionamiento parcial<\/strong><\/p>\n<ul>\n<li>En las actividades parcialmente restringidas, si no hay acuerdo para la revisi\u00f3n temporal del alquiler, la rebaja de la cuota tambi\u00e9n ser\u00e1 del 50% de la parte desaprovechada. Es decir, que si un negocio tiene el aforo limitado a la mitad, el titular deber\u00e1 pagar la totalidad del alquiler de la mitad de la que s\u00ed puede sacar rendimiento, pero s\u00f3lo pagar\u00e1 el 50% de la parte restringida por las medidas sanitarias.<\/li>\n<li>Seg\u00fan las restricciones actuales, entre los negocios con el aforo o los horarios parcialmente afectados hay teatros, comercios, tiendas de 24 horas y hoteles.<\/li>\n<\/ul>\n<p><strong>Exclusi\u00f3n de los productos para llevar y del env\u00edo a domicilio<\/strong><\/p>\n<p>A los efectos de esta norma, la venta de producto para llevar y el env\u00edo a domicilio no se tienen en cuenta. Por ejemplo, si este es el \u00fanico servicio que puede ofrecer un restaurante, el decreto ley considera que el negocio est\u00e1 cerrado y que la reducci\u00f3n de la cuota del alquiler debe ser igualmente del 50%.<\/p>\n<ul>\n<li><strong><u>Pr\u00e9stamos de 15.000 euros a trav\u00e9s de Avalis de Catalunya y el ICF.<\/u><\/strong><u>\u00a0El objetivo es impulsar la reactivaci\u00f3n de los negocios del sector de la restauraci\u00f3n y el comercio. Estos pr\u00e9stamos se pueden solicitar digitalmente a partir del 21 de octubre a trav\u00e9s de la\u00a0<a href=\"http:\/\/www.avalis.cat\/\">web de Avalis<\/a>\u00a0de Catalu\u00f1a.<\/u><\/li>\n<\/ul>\n<p>Si tiene cualquier duda sobre las subvenciones puede <a href=\"https:\/\/www.ariasassessors.com\/ca\/contacte\/\">contactar con nosotros.<\/a><\/p>\n","protected":false},"excerpt":{"rendered":"<p>Se habilitan subvenciones para aut\u00f3nomos y pymes de la restauraci\u00f3n y de est\u00e9tica y belleza El Gobierno de la Generalitat ha acordado la activaci\u00f3n de un paquete de medidas urgentes para apoyar a aquellos sectores econ\u00f3micos m\u00e1s afectados por las nuevas medidas de contenci\u00f3n del&#8230;<\/p>\n","protected":false},"author":2,"featured_media":1263,"comment_status":"open","ping_status":"open","sticky":false,"template":"","format":"standard","meta":{"footnotes":""},"categories":[4],"tags":[],"class_list":["post-1265","post","type-post","status-publish","format-standard","has-post-thumbnail","hentry","category-noticies"],"yoast_head":"<!-- This site is optimized with the Yoast SEO plugin v24.3 - https:\/\/yoast.com\/wordpress\/plugins\/seo\/ -->\n<title>Tres medidas urgentes a los sectores m\u00e1s afectados | Arias Assessors<\/title>\n<meta name=\"description\" content=\"Se habilitan subvenciones para aut\u00f3nomos y pymes de la restauraci\u00f3n y de est\u00e9tica y belleza. El Gobierno de la Generalitat ha acordado la\" \/>\n<meta name=\"robots\" content=\"index, follow, max-snippet:-1, max-image-preview:large, max-video-preview:-1\" \/>\n<link rel=\"canonical\" href=\"https:\/\/www.ariasassessors.com\/ca\/tres-medidas-urgentes-a-los-sectores-mas-afectados-por-las-medidas-sanitarias-en-catalunya\/\" \/>\n<meta property=\"og:locale\" content=\"ca_ES\" \/>\n<meta property=\"og:type\" content=\"article\" \/>\n<meta property=\"og:title\" content=\"Tres medidas urgentes a los sectores m\u00e1s afectados | Arias Assessors\" \/>\n<meta property=\"og:description\" content=\"Se habilitan subvenciones para aut\u00f3nomos y pymes de la restauraci\u00f3n y de est\u00e9tica y belleza. El Gobierno de la Generalitat ha acordado la\" \/>\n<meta property=\"og:url\" content=\"https:\/\/www.ariasassessors.com\/ca\/tres-medidas-urgentes-a-los-sectores-mas-afectados-por-las-medidas-sanitarias-en-catalunya\/\" \/>\n<meta property=\"og:site_name\" content=\"Arias Assessors\" \/>\n<meta property=\"article:publisher\" content=\"https:\/\/www.facebook.com\/ariasassessors\/\" \/>\n<meta property=\"article:published_time\" content=\"2020-10-27T17:31:09+00:00\" \/>\n<meta property=\"og:image\" content=\"https:\/\/www.ariasassessors.com\/wp-content\/uploads\/2020\/10\/centro-estetica_09.jpg\" \/>\n\t<meta property=\"og:image:width\" content=\"600\" \/>\n\t<meta property=\"og:image:height\" content=\"320\" \/>\n\t<meta property=\"og:image:type\" content=\"image\/jpeg\" \/>\n<meta name=\"author\" content=\"btorras\" \/>\n<meta name=\"twitter:card\" content=\"summary_large_image\" \/>\n<meta name=\"twitter:creator\" content=\"@ariasassessors\" \/>\n<meta name=\"twitter:site\" content=\"@ariasassessors\" \/>\n<meta name=\"twitter:label1\" content=\"Escrit per\" \/>\n\t<meta name=\"twitter:data1\" content=\"btorras\" \/>\n\t<meta name=\"twitter:label2\" content=\"Temps estimat de lectura\" \/>\n\t<meta name=\"twitter:data2\" content=\"4 minuts\" \/>\n<script type=\"application\/ld+json\" class=\"yoast-schema-graph\">{\"@context\":\"https:\/\/schema.org\",\"@graph\":[{\"@type\":\"Article\",\"@id\":\"https:\/\/www.ariasassessors.com\/ca\/tres-medidas-urgentes-a-los-sectores-mas-afectados-por-las-medidas-sanitarias-en-catalunya\/#article\",\"isPartOf\":{\"@id\":\"https:\/\/www.ariasassessors.com\/ca\/tres-medidas-urgentes-a-los-sectores-mas-afectados-por-las-medidas-sanitarias-en-catalunya\/\"},\"author\":{\"name\":\"btorras\",\"@id\":\"https:\/\/www.ariasassessors.com\/#\/schema\/person\/63c6ad1775f0a9413c37932562673cef\"},\"headline\":\"Tres medidas urgentes a los sectores m\u00e1s afectados por las medidas sanitarias en Catalunya\",\"datePublished\":\"2020-10-27T17:31:09+00:00\",\"dateModified\":\"2020-10-27T17:31:09+00:00\",\"mainEntityOfPage\":{\"@id\":\"https:\/\/www.ariasassessors.com\/ca\/tres-medidas-urgentes-a-los-sectores-mas-afectados-por-las-medidas-sanitarias-en-catalunya\/\"},\"wordCount\":901,\"commentCount\":0,\"publisher\":{\"@id\":\"https:\/\/www.ariasassessors.com\/#organization\"},\"image\":{\"@id\":\"https:\/\/www.ariasassessors.com\/ca\/tres-medidas-urgentes-a-los-sectores-mas-afectados-por-las-medidas-sanitarias-en-catalunya\/#primaryimage\"},\"thumbnailUrl\":\"https:\/\/www.ariasassessors.com\/wp-content\/uploads\/2020\/10\/centro-estetica_09.jpg\",\"articleSection\":[\"noticies\"],\"inLanguage\":\"ca\",\"potentialAction\":[{\"@type\":\"CommentAction\",\"name\":\"Comment\",\"target\":[\"https:\/\/www.ariasassessors.com\/ca\/tres-medidas-urgentes-a-los-sectores-mas-afectados-por-las-medidas-sanitarias-en-catalunya\/#respond\"]}]},{\"@type\":\"WebPage\",\"@id\":\"https:\/\/www.ariasassessors.com\/ca\/tres-medidas-urgentes-a-los-sectores-mas-afectados-por-las-medidas-sanitarias-en-catalunya\/\",\"url\":\"https:\/\/www.ariasassessors.com\/ca\/tres-medidas-urgentes-a-los-sectores-mas-afectados-por-las-medidas-sanitarias-en-catalunya\/\",\"name\":\"Tres medidas urgentes a los sectores m\u00e1s afectados | Arias Assessors\",\"isPartOf\":{\"@id\":\"https:\/\/www.ariasassessors.com\/#website\"},\"primaryImageOfPage\":{\"@id\":\"https:\/\/www.ariasassessors.com\/ca\/tres-medidas-urgentes-a-los-sectores-mas-afectados-por-las-medidas-sanitarias-en-catalunya\/#primaryimage\"},\"image\":{\"@id\":\"https:\/\/www.ariasassessors.com\/ca\/tres-medidas-urgentes-a-los-sectores-mas-afectados-por-las-medidas-sanitarias-en-catalunya\/#primaryimage\"},\"thumbnailUrl\":\"https:\/\/www.ariasassessors.com\/wp-content\/uploads\/2020\/10\/centro-estetica_09.jpg\",\"datePublished\":\"2020-10-27T17:31:09+00:00\",\"dateModified\":\"2020-10-27T17:31:09+00:00\",\"description\":\"Se habilitan subvenciones para aut\u00f3nomos y pymes de la restauraci\u00f3n y de est\u00e9tica y belleza. El Gobierno de la Generalitat ha acordado la\",\"breadcrumb\":{\"@id\":\"https:\/\/www.ariasassessors.com\/ca\/tres-medidas-urgentes-a-los-sectores-mas-afectados-por-las-medidas-sanitarias-en-catalunya\/#breadcrumb\"},\"inLanguage\":\"ca\",\"potentialAction\":[{\"@type\":\"ReadAction\",\"target\":[\"https:\/\/www.ariasassessors.com\/ca\/tres-medidas-urgentes-a-los-sectores-mas-afectados-por-las-medidas-sanitarias-en-catalunya\/\"]}]},{\"@type\":\"ImageObject\",\"inLanguage\":\"ca\",\"@id\":\"https:\/\/www.ariasassessors.com\/ca\/tres-medidas-urgentes-a-los-sectores-mas-afectados-por-las-medidas-sanitarias-en-catalunya\/#primaryimage\",\"url\":\"https:\/\/www.ariasassessors.com\/wp-content\/uploads\/2020\/10\/centro-estetica_09.jpg\",\"contentUrl\":\"https:\/\/www.ariasassessors.com\/wp-content\/uploads\/2020\/10\/centro-estetica_09.jpg\",\"width\":600,\"height\":320,\"caption\":\"subvenciones\"},{\"@type\":\"BreadcrumbList\",\"@id\":\"https:\/\/www.ariasassessors.com\/ca\/tres-medidas-urgentes-a-los-sectores-mas-afectados-por-las-medidas-sanitarias-en-catalunya\/#breadcrumb\",\"itemListElement\":[{\"@type\":\"ListItem\",\"position\":1,\"name\":\"Portada\",\"item\":\"https:\/\/www.ariasassessors.com\/ca\/\"},{\"@type\":\"ListItem\",\"position\":2,\"name\":\"Tres medidas urgentes a los sectores m\u00e1s afectados por las medidas sanitarias en Catalunya\"}]},{\"@type\":\"WebSite\",\"@id\":\"https:\/\/www.ariasassessors.com\/#website\",\"url\":\"https:\/\/www.ariasassessors.com\/\",\"name\":\"Arias Assessors\",\"description\":\"Asesor\u00eda para aut\u00f3nomos, profesionales y PYMES\",\"publisher\":{\"@id\":\"https:\/\/www.ariasassessors.com\/#organization\"},\"potentialAction\":[{\"@type\":\"SearchAction\",\"target\":{\"@type\":\"EntryPoint\",\"urlTemplate\":\"https:\/\/www.ariasassessors.com\/?s={search_term_string}\"},\"query-input\":{\"@type\":\"PropertyValueSpecification\",\"valueRequired\":true,\"valueName\":\"search_term_string\"}}],\"inLanguage\":\"ca\"},{\"@type\":\"Organization\",\"@id\":\"https:\/\/www.ariasassessors.com\/#organization\",\"name\":\"Arias Assessors\",\"url\":\"https:\/\/www.ariasassessors.com\/\",\"logo\":{\"@type\":\"ImageObject\",\"inLanguage\":\"ca\",\"@id\":\"https:\/\/www.ariasassessors.com\/#\/schema\/logo\/image\/\",\"url\":\"https:\/\/www.ariasassessors.com\/wp-content\/uploads\/2019\/01\/arias-logo.png\",\"contentUrl\":\"https:\/\/www.ariasassessors.com\/wp-content\/uploads\/2019\/01\/arias-logo.png\",\"width\":349,\"height\":254,\"caption\":\"Arias Assessors\"},\"image\":{\"@id\":\"https:\/\/www.ariasassessors.com\/#\/schema\/logo\/image\/\"},\"sameAs\":[\"https:\/\/www.facebook.com\/ariasassessors\/\",\"https:\/\/x.com\/ariasassessors\",\"https:\/\/www.linkedin.com\/company\/r&amp;amp;r-growing-knowledge\/\"]},{\"@type\":\"Person\",\"@id\":\"https:\/\/www.ariasassessors.com\/#\/schema\/person\/63c6ad1775f0a9413c37932562673cef\",\"name\":\"btorras\",\"image\":{\"@type\":\"ImageObject\",\"inLanguage\":\"ca\",\"@id\":\"https:\/\/www.ariasassessors.com\/#\/schema\/person\/image\/\",\"url\":\"https:\/\/secure.gravatar.com\/avatar\/0531db351fc361fdbfd204c58fa2d6a3?s=96&d=mm&r=g\",\"contentUrl\":\"https:\/\/secure.gravatar.com\/avatar\/0531db351fc361fdbfd204c58fa2d6a3?s=96&d=mm&r=g\",\"caption\":\"btorras\"}}]}<\/script>\n<!-- \/ Yoast SEO plugin. -->","yoast_head_json":{"title":"Tres medidas urgentes a los sectores m\u00e1s afectados | Arias Assessors","description":"Se habilitan subvenciones para aut\u00f3nomos y pymes de la restauraci\u00f3n y de est\u00e9tica y belleza. El Gobierno de la Generalitat ha acordado la","robots":{"index":"index","follow":"follow","max-snippet":"max-snippet:-1","max-image-preview":"max-image-preview:large","max-video-preview":"max-video-preview:-1"},"canonical":"https:\/\/www.ariasassessors.com\/ca\/tres-medidas-urgentes-a-los-sectores-mas-afectados-por-las-medidas-sanitarias-en-catalunya\/","og_locale":"ca_ES","og_type":"article","og_title":"Tres medidas urgentes a los sectores m\u00e1s afectados | Arias Assessors","og_description":"Se habilitan subvenciones para aut\u00f3nomos y pymes de la restauraci\u00f3n y de est\u00e9tica y belleza. El Gobierno de la Generalitat ha acordado la","og_url":"https:\/\/www.ariasassessors.com\/ca\/tres-medidas-urgentes-a-los-sectores-mas-afectados-por-las-medidas-sanitarias-en-catalunya\/","og_site_name":"Arias Assessors","article_publisher":"https:\/\/www.facebook.com\/ariasassessors\/","article_published_time":"2020-10-27T17:31:09+00:00","og_image":[{"width":600,"height":320,"url":"https:\/\/www.ariasassessors.com\/wp-content\/uploads\/2020\/10\/centro-estetica_09.jpg","type":"image\/jpeg"}],"author":"btorras","twitter_card":"summary_large_image","twitter_creator":"@ariasassessors","twitter_site":"@ariasassessors","twitter_misc":{"Escrit per":"btorras","Temps estimat de lectura":"4 minuts"},"schema":{"@context":"https:\/\/schema.org","@graph":[{"@type":"Article","@id":"https:\/\/www.ariasassessors.com\/ca\/tres-medidas-urgentes-a-los-sectores-mas-afectados-por-las-medidas-sanitarias-en-catalunya\/#article","isPartOf":{"@id":"https:\/\/www.ariasassessors.com\/ca\/tres-medidas-urgentes-a-los-sectores-mas-afectados-por-las-medidas-sanitarias-en-catalunya\/"},"author":{"name":"btorras","@id":"https:\/\/www.ariasassessors.com\/#\/schema\/person\/63c6ad1775f0a9413c37932562673cef"},"headline":"Tres medidas urgentes a los sectores m\u00e1s afectados por las medidas sanitarias en Catalunya","datePublished":"2020-10-27T17:31:09+00:00","dateModified":"2020-10-27T17:31:09+00:00","mainEntityOfPage":{"@id":"https:\/\/www.ariasassessors.com\/ca\/tres-medidas-urgentes-a-los-sectores-mas-afectados-por-las-medidas-sanitarias-en-catalunya\/"},"wordCount":901,"commentCount":0,"publisher":{"@id":"https:\/\/www.ariasassessors.com\/#organization"},"image":{"@id":"https:\/\/www.ariasassessors.com\/ca\/tres-medidas-urgentes-a-los-sectores-mas-afectados-por-las-medidas-sanitarias-en-catalunya\/#primaryimage"},"thumbnailUrl":"https:\/\/www.ariasassessors.com\/wp-content\/uploads\/2020\/10\/centro-estetica_09.jpg","articleSection":["noticies"],"inLanguage":"ca","potentialAction":[{"@type":"CommentAction","name":"Comment","target":["https:\/\/www.ariasassessors.com\/ca\/tres-medidas-urgentes-a-los-sectores-mas-afectados-por-las-medidas-sanitarias-en-catalunya\/#respond"]}]},{"@type":"WebPage","@id":"https:\/\/www.ariasassessors.com\/ca\/tres-medidas-urgentes-a-los-sectores-mas-afectados-por-las-medidas-sanitarias-en-catalunya\/","url":"https:\/\/www.ariasassessors.com\/ca\/tres-medidas-urgentes-a-los-sectores-mas-afectados-por-las-medidas-sanitarias-en-catalunya\/","name":"Tres medidas urgentes a los sectores m\u00e1s afectados | Arias Assessors","isPartOf":{"@id":"https:\/\/www.ariasassessors.com\/#website"},"primaryImageOfPage":{"@id":"https:\/\/www.ariasassessors.com\/ca\/tres-medidas-urgentes-a-los-sectores-mas-afectados-por-las-medidas-sanitarias-en-catalunya\/#primaryimage"},"image":{"@id":"https:\/\/www.ariasassessors.com\/ca\/tres-medidas-urgentes-a-los-sectores-mas-afectados-por-las-medidas-sanitarias-en-catalunya\/#primaryimage"},"thumbnailUrl":"https:\/\/www.ariasassessors.com\/wp-content\/uploads\/2020\/10\/centro-estetica_09.jpg","datePublished":"2020-10-27T17:31:09+00:00","dateModified":"2020-10-27T17:31:09+00:00","description":"Se habilitan subvenciones para aut\u00f3nomos y pymes de la restauraci\u00f3n y de est\u00e9tica y belleza. El Gobierno de la Generalitat ha acordado la","breadcrumb":{"@id":"https:\/\/www.ariasassessors.com\/ca\/tres-medidas-urgentes-a-los-sectores-mas-afectados-por-las-medidas-sanitarias-en-catalunya\/#breadcrumb"},"inLanguage":"ca","potentialAction":[{"@type":"ReadAction","target":["https:\/\/www.ariasassessors.com\/ca\/tres-medidas-urgentes-a-los-sectores-mas-afectados-por-las-medidas-sanitarias-en-catalunya\/"]}]},{"@type":"ImageObject","inLanguage":"ca","@id":"https:\/\/www.ariasassessors.com\/ca\/tres-medidas-urgentes-a-los-sectores-mas-afectados-por-las-medidas-sanitarias-en-catalunya\/#primaryimage","url":"https:\/\/www.ariasassessors.com\/wp-content\/uploads\/2020\/10\/centro-estetica_09.jpg","contentUrl":"https:\/\/www.ariasassessors.com\/wp-content\/uploads\/2020\/10\/centro-estetica_09.jpg","width":600,"height":320,"caption":"subvenciones"},{"@type":"BreadcrumbList","@id":"https:\/\/www.ariasassessors.com\/ca\/tres-medidas-urgentes-a-los-sectores-mas-afectados-por-las-medidas-sanitarias-en-catalunya\/#breadcrumb","itemListElement":[{"@type":"ListItem","position":1,"name":"Portada","item":"https:\/\/www.ariasassessors.com\/ca\/"},{"@type":"ListItem","position":2,"name":"Tres medidas urgentes a los sectores m\u00e1s afectados por las medidas sanitarias en Catalunya"}]},{"@type":"WebSite","@id":"https:\/\/www.ariasassessors.com\/#website","url":"https:\/\/www.ariasassessors.com\/","name":"Arias Assessors","description":"Asesor\u00eda para aut\u00f3nomos, profesionales y PYMES","publisher":{"@id":"https:\/\/www.ariasassessors.com\/#organization"},"potentialAction":[{"@type":"SearchAction","target":{"@type":"EntryPoint","urlTemplate":"https:\/\/www.ariasassessors.com\/?s={search_term_string}"},"query-input":{"@type":"PropertyValueSpecification","valueRequired":true,"valueName":"search_term_string"}}],"inLanguage":"ca"},{"@type":"Organization","@id":"https:\/\/www.ariasassessors.com\/#organization","name":"Arias Assessors","url":"https:\/\/www.ariasassessors.com\/","logo":{"@type":"ImageObject","inLanguage":"ca","@id":"https:\/\/www.ariasassessors.com\/#\/schema\/logo\/image\/","url":"https:\/\/www.ariasassessors.com\/wp-content\/uploads\/2019\/01\/arias-logo.png","contentUrl":"https:\/\/www.ariasassessors.com\/wp-content\/uploads\/2019\/01\/arias-logo.png","width":349,"height":254,"caption":"Arias Assessors"},"image":{"@id":"https:\/\/www.ariasassessors.com\/#\/schema\/logo\/image\/"},"sameAs":["https:\/\/www.facebook.com\/ariasassessors\/","https:\/\/x.com\/ariasassessors","https:\/\/www.linkedin.com\/company\/r&amp;amp;r-growing-knowledge\/"]},{"@type":"Person","@id":"https:\/\/www.ariasassessors.com\/#\/schema\/person\/63c6ad1775f0a9413c37932562673cef","name":"btorras","image":{"@type":"ImageObject","inLanguage":"ca","@id":"https:\/\/www.ariasassessors.com\/#\/schema\/person\/image\/","url":"https:\/\/secure.gravatar.com\/avatar\/0531db351fc361fdbfd204c58fa2d6a3?s=96&d=mm&r=g","contentUrl":"https:\/\/secure.gravatar.com\/avatar\/0531db351fc361fdbfd204c58fa2d6a3?s=96&d=mm&r=g","caption":"btorras"}}]}},"_links":{"self":[{"href":"https:\/\/www.ariasassessors.com\/ca\/wp-json\/wp\/v2\/posts\/1265","targetHints":{"allow":["GET"]}}],"collection":[{"href":"https:\/\/www.ariasassessors.com\/ca\/wp-json\/wp\/v2\/posts"}],"about":[{"href":"https:\/\/www.ariasassessors.com\/ca\/wp-json\/wp\/v2\/types\/post"}],"author":[{"embeddable":true,"href":"https:\/\/www.ariasassessors.com\/ca\/wp-json\/wp\/v2\/users\/2"}],"replies":[{"embeddable":true,"href":"https:\/\/www.ariasassessors.com\/ca\/wp-json\/wp\/v2\/comments?post=1265"}],"version-history":[{"count":0,"href":"https:\/\/www.ariasassessors.com\/ca\/wp-json\/wp\/v2\/posts\/1265\/revisions"}],"wp:featuredmedia":[{"embeddable":true,"href":"https:\/\/www.ariasassessors.com\/ca\/wp-json\/wp\/v2\/media\/1263"}],"wp:attachment":[{"href":"https:\/\/www.ariasassessors.com\/ca\/wp-json\/wp\/v2\/media?parent=1265"}],"wp:term":[{"taxonomy":"category","embeddable":true,"href":"https:\/\/www.ariasassessors.com\/ca\/wp-json\/wp\/v2\/categories?post=1265"},{"taxonomy":"post_tag","embeddable":true,"href":"https:\/\/www.ariasassessors.com\/ca\/wp-json\/wp\/v2\/tags?post=1265"}],"curies":[{"name":"wp","href":"https:\/\/api.w.org\/{rel}","templated":true}]}}