{"id":1347,"date":"2020-11-05T10:52:26","date_gmt":"2020-11-05T09:52:26","guid":{"rendered":"https:\/\/www.ariasassessors.com\/?p=1347"},"modified":"2020-11-06T13:15:22","modified_gmt":"2020-11-06T12:15:22","slug":"ajut-de-2-000-euros-per-autonoms-i-microempreses","status":"publish","type":"post","link":"https:\/\/www.ariasassessors.com\/ca\/ajut-de-2-000-euros-per-autonoms-i-microempreses\/","title":{"rendered":"Ajut de 2.000 euros per aut\u00f3noms i microempreses"},"content":{"rendered":"<p>La <a href=\"https:\/\/treball.gencat.cat\/es\/ambits\/autonom\/ci\/ajuts-persones-autonomes-afectades-coronavirus\/\">Generalitat de Catalunya<\/a> estableix una ajuda extraordin\u00e0ria i puntual en forma de prestaci\u00f3 econ\u00f2mica. \u00c9s de pagament \u00fanic d&#8217;un import fix de 2.000 euros per a aut\u00f2noms i microempreses per a fer front al manteniment de l&#8217;activitat econ\u00f2mica per l&#8217;aturada produ\u00efda per la\u00a0Covid19.<\/p>\n<p><!--more--><\/p>\n<div id=\"ez-toc-container\" class=\"ez-toc-v2_0_72 counter-hierarchy ez-toc-counter ez-toc-grey ez-toc-container-direction\">\n<div class=\"ez-toc-title-container\">\n<p class=\"ez-toc-title\" style=\"cursor:inherit\">\u00cdndice de Contenidos<\/p>\n<span class=\"ez-toc-title-toggle\"><a href=\"#\" class=\"ez-toc-pull-right ez-toc-btn ez-toc-btn-xs ez-toc-btn-default ez-toc-toggle\" aria-label=\"Toggle Table of Content\"><span class=\"ez-toc-js-icon-con\"><span class=\"\"><span class=\"eztoc-hide\" style=\"display:none;\">Toggle<\/span><span class=\"ez-toc-icon-toggle-span\"><svg style=\"fill: #428bca;color:#428bca\" xmlns=\"http:\/\/www.w3.org\/2000\/svg\" class=\"list-377408\" width=\"20px\" height=\"20px\" viewBox=\"0 0 24 24\" fill=\"none\"><path d=\"M6 6H4v2h2V6zm14 0H8v2h12V6zM4 11h2v2H4v-2zm16 0H8v2h12v-2zM4 16h2v2H4v-2zm16 0H8v2h12v-2z\" fill=\"currentColor\"><\/path><\/svg><svg style=\"fill: #428bca;color:#428bca\" class=\"arrow-unsorted-368013\" xmlns=\"http:\/\/www.w3.org\/2000\/svg\" width=\"10px\" height=\"10px\" viewBox=\"0 0 24 24\" version=\"1.2\" baseProfile=\"tiny\"><path d=\"M18.2 9.3l-6.2-6.3-6.2 6.3c-.2.2-.3.4-.3.7s.1.5.3.7c.2.2.4.3.7.3h11c.3 0 .5-.1.7-.3.2-.2.3-.5.3-.7s-.1-.5-.3-.7zM5.8 14.7l6.2 6.3 6.2-6.3c.2-.2.3-.5.3-.7s-.1-.5-.3-.7c-.2-.2-.4-.3-.7-.3h-11c-.3 0-.5.1-.7.3-.2.2-.3.5-.3.7s.1.5.3.7z\"\/><\/svg><\/span><\/span><\/span><\/a><\/span><\/div>\n<nav><ul class='ez-toc-list ez-toc-list-level-1 eztoc-toggle-hide-by-default' ><li class='ez-toc-page-1 ez-toc-heading-level-2'><a class=\"ez-toc-link ez-toc-heading-1\" href=\"https:\/\/www.ariasassessors.com\/ca\/ajut-de-2-000-euros-per-autonoms-i-microempreses\/#Quina_es_la_quantia_de_lajut\" title=\"Quina \u00e9s la quantia de l&#8217;ajut?\">Quina \u00e9s la quantia de l&#8217;ajut?<\/a><ul class='ez-toc-list-level-3' ><li class='ez-toc-heading-level-3'><a class=\"ez-toc-link ez-toc-heading-2\" href=\"https:\/\/www.ariasassessors.com\/ca\/ajut-de-2-000-euros-per-autonoms-i-microempreses\/#Presentacio_de_sollicituds\" title=\"Presentaci\u00f3 de sol\u00b7licituds\">Presentaci\u00f3 de sol\u00b7licituds<\/a><ul class='ez-toc-list-level-4' ><li class='ez-toc-heading-level-4'><a class=\"ez-toc-link ez-toc-heading-3\" href=\"https:\/\/www.ariasassessors.com\/ca\/ajut-de-2-000-euros-per-autonoms-i-microempreses\/#A_qui_va_adrecat\" title=\"A qui va adre\u00e7at?\">A qui va adre\u00e7at?<\/a><ul class='ez-toc-list-level-5' ><li class='ez-toc-heading-level-5'><a class=\"ez-toc-link ez-toc-heading-4\" href=\"https:\/\/www.ariasassessors.com\/ca\/ajut-de-2-000-euros-per-autonoms-i-microempreses\/#Quins_requisits_shan_de_complir\" title=\"Quins requisits s\u2019han de complir?\">Quins requisits s\u2019han de complir?<\/a><\/li><\/ul><\/li><\/ul><\/li><\/ul><\/li><\/ul><\/nav><\/div>\n<h2><span class=\"ez-toc-section\" id=\"Quina_es_la_quantia_de_lajut\"><\/span>Quina \u00e9s la quantia de l&#8217;ajut?<span class=\"ez-toc-section-end\"><\/span><\/h2>\n<p style=\"background: white; margin: 0cm 0cm 7.5pt 0cm;\"><b><span style=\"font-size: 10.5pt; font-family: OpenSansRegular;\">Aquest ajut ser\u00e0 compatible amb la percepci\u00f3 de qualsevol altre ajut, prestaci\u00f3, subsidi o subvenci\u00f3, p\u00fablics o privats, destinat a la mateixa finalitat<\/span><\/b><span style=\"font-size: 10.5pt; font-family: OpenSansRegular;\">, excepte amb els ajuts establerts a la Resoluci\u00f3 TSF\/1270\/2020, de 3 de juny, per la qual s&#8217;obre la convocat\u00f2ria per a la concessi\u00f3 de subvencions per afavorir l&#8217;autoocupaci\u00f3 de joves inscrits al programa de Garantia Juvenil per a l&#8217;any 2020. La\u00a0prestaci\u00f3 no pot \u00e9sser objecte de cessi\u00f3, embargament o retenci\u00f3.<\/span><\/p>\n<p>&nbsp;<\/p>\n<h3><span class=\"ez-toc-section\" id=\"Presentacio_de_sollicituds\"><\/span><strong>Presentaci\u00f3 de sol\u00b7licituds<\/strong><span class=\"ez-toc-section-end\"><\/span><\/h3>\n<p><em>A partir del dilluns 9\/11\/2020 es podr\u00e0 sol\u00b7licitar.<\/em><\/p>\n<h4><span class=\"ez-toc-section\" id=\"A_qui_va_adrecat\"><\/span><strong>A qui va adre\u00e7at?<\/strong><span class=\"ez-toc-section-end\"><\/span><\/h4>\n<ol>\n<li>Les persones donades d&#8217;alta al R\u00e8gim Especial de Treballadors Aut\u00f2noms o per compte propi de la Seguretat Social (RETA), o b\u00e9, a una mutualitat com a sistema alternatiu al RETA, que exerceixin l&#8217;activitat econ\u00f2mica com a persona f\u00edsica.<\/li>\n<li>Les persones treballadores aut\u00f2nomes donades d&#8217;alta al RETA, o b\u00e9 a una mutualitat com a sistema alternatiu al RETA, s\u00f2cies d&#8217;una empresa amb personalitat jur\u00eddica pr\u00f2pia (d&#8217;un m\u00e0xim de 3 socis).<\/li>\n<li>Les persones s\u00f2cies de les cooperatives de treball associat que cotitzen al RETA o a una mutualitat com a sistema alternatiu al RETA, sempre que la cooperativa estigui formada com a m\u00e0xim per 3 socis treballadors.<\/li>\n<\/ol>\n<h5><span class=\"ez-toc-section\" id=\"Quins_requisits_shan_de_complir\"><\/span><strong>Quins requisits s\u2019han de complir?<\/strong><span class=\"ez-toc-section-end\"><\/span><\/h5>\n<ul>\n<li>Ser persona\u00a0<strong>treballadora aut\u00f2noma<\/strong>.<\/li>\n<li>La base imposable de la darrera declaraci\u00f3 de la renda de les persones f\u00edsiques disponible (RENDA 2019) ha de ser\u00a0<strong>igual o inferior a <\/strong><strong>000 euros<\/strong>en cas d&#8217;acollir-se al sistema de tributaci\u00f3 individual i d&#8217;igual quantia, en relaci\u00f3 amb la part de la base imposable corresponent al sol\u00b7licitant, en cas d&#8217;acollir-se al sistema de tributaci\u00f3 conjunta.<\/li>\n<li>Que en les\u00a0<strong>declaracions dels tres primers trimestres de l&#8217;exercici 2020<\/strong>, o per\u00edode equivalent (en cas d&#8217;alta com a treballador aut\u00f2nom a partir de l&#8217;1 de juny de 2020), la base imposable\u00a0<strong>sigui igual o inferior a <\/strong><strong>125 euros<\/strong>.\u00a0En cas de persones treballadores aut\u00f2nomes que l\u2019alta com a treballador aut\u00f2nom ha estat posterior a l\u20191 de gener de 2020, el c\u00e0lcul de l\u2019import m\u00e0xim del rendiment net de l\u2019activitat es far\u00e0 amb el prorrateig dels dies d\u2019alta com a persona treballadora aut\u00f2noma prenent\u00a0 com a refer\u00e8ncia l\u2019import de 13.150 euros.<\/li>\n<li><u>Tant en cas de persones treballadores aut\u00f2nomes a t\u00edtol individual com persones s\u00f2cies d\u2019una societat mercantil o d\u2019una cooperativa el n\u00famero m\u00e0xim de persones de la unitat de negoci no pot ser superior a 6.<\/u> <u>SUMA D\u2019AUTONOMS + EMPLEATS M\u00c0XIM 5 PERSONES EN L\u2019EMPRESA.<\/u><\/li>\n<li><strong>Complir les obligacions tribut\u00e0ries<\/strong>davant l&#8217;Estat i la Generalitat, aix\u00ed com les obligacions davant la Seguretat Social o b\u00e9 disposar de la corresponent resoluci\u00f3 de pr\u00f2rroga, ajornament, morat\u00f2ria o qualsevol altra condici\u00f3 especial dels seus deutes amb l&#8217;Estat, la Generalitat i la Seguretat Social.\u00a0<strong>Aquest compliment s&#8217;ha de mantenir al llarg de tot el procediment.<\/strong><\/li>\n<li><strong>Estar en situaci\u00f3 d&#8217;alta al RETA o a una mutualitat<\/strong>com a sistema alternatiu al RETA de forma ininterrompuda abans de l\u20191 d&#8217;octubre de 2020 i com a m\u00ednim s\u2019haur\u00e0 de romandre d\u2019alta fins al 31 de desembre de 2020.<\/li>\n<li>Tenir el\u00a0<strong>domicili fiscal a un municipi de Catalunya<\/strong>.<\/li>\n<li>No ser \/haver estat\u00a0<strong>beneficiari\/\u00e0ria de l&#8217;ajut<\/strong>regulat a la Resoluci\u00f3 TSF\/1270\/2020, de 3 de juny, per la qual s&#8217;obre la convocat\u00f2ria per a la concessi\u00f3 de subvencions per afavorir l&#8217;autoocupaci\u00f3 de joves inscrits al programa de\u00a0<strong>Garantia Juvenil<\/strong>\u00a0per a l&#8217;any 2020.<\/li>\n<\/ul>\n<p>Aquest ajut no est\u00e0 disponible per a aut\u00f2noms col.laboradors familiars del titular de l\u2019activitat.<\/p>\n<p>&nbsp;<\/p>\n<p><strong>En cas d\u2019estar interessats en sol.licitar l\u2019ajut, una vegada comprovats els requisits, preguem us poseu en <a href=\"https:\/\/www.ariasassessors.com\/contacto\/\">contacte amb la nostra companya Lidia<\/a> al tel\u00e8fon de l\u2019assessoria 93 454 50 95 o mitjan\u00e7ant correu electr\u00f2nic<\/strong> <a href=\"mailto:fiscal@ariasassessors.com\">fiscal@ariasassessors.com<\/a> <strong>i ell\u00e0 us indicar\u00e0 els passos a seguir i els honoraris de gesti\u00f3.<\/strong><\/p>\n<p>&nbsp;<\/p>\n<p>&nbsp;<\/p>\n<p>&nbsp;<\/p>\n<p>&nbsp;<\/p>\n<p>&nbsp;<\/p>\n","protected":false},"excerpt":{"rendered":"<p>La Generalitat de Catalunya estableix una ajuda extraordin\u00e0ria i puntual en forma de prestaci\u00f3 econ\u00f2mica. \u00c9s de pagament \u00fanic d&#8217;un import fix de 2.000 euros per a aut\u00f2noms i microempreses per a fer front al manteniment de l&#8217;activitat econ\u00f2mica per l&#8217;aturada produ\u00efda per la\u00a0Covid19.<\/p>\n","protected":false},"author":2,"featured_media":1344,"comment_status":"open","ping_status":"open","sticky":false,"template":"","format":"standard","meta":{"footnotes":""},"categories":[4],"tags":[225],"class_list":["post-1347","post","type-post","status-publish","format-standard","has-post-thumbnail","hentry","category-noticies","tag-autonomos-ca"],"yoast_head":"<!-- This site is optimized with the Yoast SEO plugin v24.3 - https:\/\/yoast.com\/wordpress\/plugins\/seo\/ -->\n<title>Ajut de 2.000 euros per aut\u00f3noms i microempreses | Arias Assessors<\/title>\n<meta name=\"robots\" content=\"index, follow, max-snippet:-1, max-image-preview:large, max-video-preview:-1\" \/>\n<link rel=\"canonical\" href=\"https:\/\/www.ariasassessors.com\/ca\/ajut-de-2-000-euros-per-autonoms-i-microempreses\/\" \/>\n<meta property=\"og:locale\" content=\"ca_ES\" \/>\n<meta property=\"og:type\" content=\"article\" \/>\n<meta property=\"og:title\" content=\"Ajut de 2.000 euros per aut\u00f3noms i microempreses | Arias Assessors\" \/>\n<meta property=\"og:description\" content=\"La Generalitat de Catalunya estableix una ajuda extraordin\u00e0ria i puntual en forma de prestaci\u00f3 econ\u00f2mica. \u00c9s de pagament \u00fanic d&#8217;un import fix de 2.000 euros per a aut\u00f2noms i microempreses per a fer front al manteniment de l&#8217;activitat econ\u00f2mica per l&#8217;aturada produ\u00efda per la\u00a0Covid19.\" \/>\n<meta property=\"og:url\" content=\"https:\/\/www.ariasassessors.com\/ca\/ajut-de-2-000-euros-per-autonoms-i-microempreses\/\" \/>\n<meta property=\"og:site_name\" content=\"Arias Assessors\" \/>\n<meta property=\"article:publisher\" content=\"https:\/\/www.facebook.com\/ariasassessors\/\" \/>\n<meta property=\"article:published_time\" content=\"2020-11-05T09:52:26+00:00\" \/>\n<meta property=\"article:modified_time\" content=\"2020-11-06T12:15:22+00:00\" \/>\n<meta property=\"og:image\" content=\"https:\/\/www.ariasassessors.com\/wp-content\/uploads\/2020\/11\/Diseno-sin-titulo-2-1024x641.png\" \/>\n\t<meta property=\"og:image:width\" content=\"1024\" \/>\n\t<meta property=\"og:image:height\" content=\"641\" \/>\n\t<meta property=\"og:image:type\" content=\"image\/png\" \/>\n<meta name=\"author\" content=\"btorras\" \/>\n<meta name=\"twitter:card\" content=\"summary_large_image\" \/>\n<meta name=\"twitter:creator\" content=\"@ariasassessors\" \/>\n<meta name=\"twitter:site\" content=\"@ariasassessors\" \/>\n<meta name=\"twitter:label1\" content=\"Escrit per\" \/>\n\t<meta name=\"twitter:data1\" content=\"btorras\" \/>\n\t<meta name=\"twitter:label2\" content=\"Temps estimat de lectura\" \/>\n\t<meta name=\"twitter:data2\" content=\"4 minuts\" \/>\n<script type=\"application\/ld+json\" class=\"yoast-schema-graph\">{\"@context\":\"https:\/\/schema.org\",\"@graph\":[{\"@type\":\"Article\",\"@id\":\"https:\/\/www.ariasassessors.com\/ca\/ajut-de-2-000-euros-per-autonoms-i-microempreses\/#article\",\"isPartOf\":{\"@id\":\"https:\/\/www.ariasassessors.com\/ca\/ajut-de-2-000-euros-per-autonoms-i-microempreses\/\"},\"author\":{\"name\":\"btorras\",\"@id\":\"https:\/\/www.ariasassessors.com\/#\/schema\/person\/63c6ad1775f0a9413c37932562673cef\"},\"headline\":\"Ajut de 2.000 euros per aut\u00f3noms i microempreses\",\"datePublished\":\"2020-11-05T09:52:26+00:00\",\"dateModified\":\"2020-11-06T12:15:22+00:00\",\"mainEntityOfPage\":{\"@id\":\"https:\/\/www.ariasassessors.com\/ca\/ajut-de-2-000-euros-per-autonoms-i-microempreses\/\"},\"wordCount\":709,\"commentCount\":0,\"publisher\":{\"@id\":\"https:\/\/www.ariasassessors.com\/#organization\"},\"image\":{\"@id\":\"https:\/\/www.ariasassessors.com\/ca\/ajut-de-2-000-euros-per-autonoms-i-microempreses\/#primaryimage\"},\"thumbnailUrl\":\"https:\/\/www.ariasassessors.com\/wp-content\/uploads\/2020\/11\/Diseno-sin-titulo-2.png\",\"keywords\":[\"aut\u00f2noms\"],\"articleSection\":[\"noticies\"],\"inLanguage\":\"ca\",\"potentialAction\":[{\"@type\":\"CommentAction\",\"name\":\"Comment\",\"target\":[\"https:\/\/www.ariasassessors.com\/ca\/ajut-de-2-000-euros-per-autonoms-i-microempreses\/#respond\"]}]},{\"@type\":\"WebPage\",\"@id\":\"https:\/\/www.ariasassessors.com\/ca\/ajut-de-2-000-euros-per-autonoms-i-microempreses\/\",\"url\":\"https:\/\/www.ariasassessors.com\/ca\/ajut-de-2-000-euros-per-autonoms-i-microempreses\/\",\"name\":\"Ajut de 2.000 euros per aut\u00f3noms i microempreses | Arias Assessors\",\"isPartOf\":{\"@id\":\"https:\/\/www.ariasassessors.com\/#website\"},\"primaryImageOfPage\":{\"@id\":\"https:\/\/www.ariasassessors.com\/ca\/ajut-de-2-000-euros-per-autonoms-i-microempreses\/#primaryimage\"},\"image\":{\"@id\":\"https:\/\/www.ariasassessors.com\/ca\/ajut-de-2-000-euros-per-autonoms-i-microempreses\/#primaryimage\"},\"thumbnailUrl\":\"https:\/\/www.ariasassessors.com\/wp-content\/uploads\/2020\/11\/Diseno-sin-titulo-2.png\",\"datePublished\":\"2020-11-05T09:52:26+00:00\",\"dateModified\":\"2020-11-06T12:15:22+00:00\",\"breadcrumb\":{\"@id\":\"https:\/\/www.ariasassessors.com\/ca\/ajut-de-2-000-euros-per-autonoms-i-microempreses\/#breadcrumb\"},\"inLanguage\":\"ca\",\"potentialAction\":[{\"@type\":\"ReadAction\",\"target\":[\"https:\/\/www.ariasassessors.com\/ca\/ajut-de-2-000-euros-per-autonoms-i-microempreses\/\"]}]},{\"@type\":\"ImageObject\",\"inLanguage\":\"ca\",\"@id\":\"https:\/\/www.ariasassessors.com\/ca\/ajut-de-2-000-euros-per-autonoms-i-microempreses\/#primaryimage\",\"url\":\"https:\/\/www.ariasassessors.com\/wp-content\/uploads\/2020\/11\/Diseno-sin-titulo-2.png\",\"contentUrl\":\"https:\/\/www.ariasassessors.com\/wp-content\/uploads\/2020\/11\/Diseno-sin-titulo-2.png\",\"width\":1920,\"height\":1202},{\"@type\":\"BreadcrumbList\",\"@id\":\"https:\/\/www.ariasassessors.com\/ca\/ajut-de-2-000-euros-per-autonoms-i-microempreses\/#breadcrumb\",\"itemListElement\":[{\"@type\":\"ListItem\",\"position\":1,\"name\":\"Portada\",\"item\":\"https:\/\/www.ariasassessors.com\/ca\/\"},{\"@type\":\"ListItem\",\"position\":2,\"name\":\"Ajut de 2.000 euros per aut\u00f3noms i microempreses\"}]},{\"@type\":\"WebSite\",\"@id\":\"https:\/\/www.ariasassessors.com\/#website\",\"url\":\"https:\/\/www.ariasassessors.com\/\",\"name\":\"Arias Assessors\",\"description\":\"Asesor\u00eda para aut\u00f3nomos, profesionales y PYMES\",\"publisher\":{\"@id\":\"https:\/\/www.ariasassessors.com\/#organization\"},\"potentialAction\":[{\"@type\":\"SearchAction\",\"target\":{\"@type\":\"EntryPoint\",\"urlTemplate\":\"https:\/\/www.ariasassessors.com\/?s={search_term_string}\"},\"query-input\":{\"@type\":\"PropertyValueSpecification\",\"valueRequired\":true,\"valueName\":\"search_term_string\"}}],\"inLanguage\":\"ca\"},{\"@type\":\"Organization\",\"@id\":\"https:\/\/www.ariasassessors.com\/#organization\",\"name\":\"Arias Assessors\",\"url\":\"https:\/\/www.ariasassessors.com\/\",\"logo\":{\"@type\":\"ImageObject\",\"inLanguage\":\"ca\",\"@id\":\"https:\/\/www.ariasassessors.com\/#\/schema\/logo\/image\/\",\"url\":\"https:\/\/www.ariasassessors.com\/wp-content\/uploads\/2019\/01\/arias-logo.png\",\"contentUrl\":\"https:\/\/www.ariasassessors.com\/wp-content\/uploads\/2019\/01\/arias-logo.png\",\"width\":349,\"height\":254,\"caption\":\"Arias Assessors\"},\"image\":{\"@id\":\"https:\/\/www.ariasassessors.com\/#\/schema\/logo\/image\/\"},\"sameAs\":[\"https:\/\/www.facebook.com\/ariasassessors\/\",\"https:\/\/x.com\/ariasassessors\",\"https:\/\/www.linkedin.com\/company\/r&amp;amp;r-growing-knowledge\/\"]},{\"@type\":\"Person\",\"@id\":\"https:\/\/www.ariasassessors.com\/#\/schema\/person\/63c6ad1775f0a9413c37932562673cef\",\"name\":\"btorras\",\"image\":{\"@type\":\"ImageObject\",\"inLanguage\":\"ca\",\"@id\":\"https:\/\/www.ariasassessors.com\/#\/schema\/person\/image\/\",\"url\":\"https:\/\/secure.gravatar.com\/avatar\/0531db351fc361fdbfd204c58fa2d6a3?s=96&d=mm&r=g\",\"contentUrl\":\"https:\/\/secure.gravatar.com\/avatar\/0531db351fc361fdbfd204c58fa2d6a3?s=96&d=mm&r=g\",\"caption\":\"btorras\"}}]}<\/script>\n<!-- \/ Yoast SEO plugin. -->","yoast_head_json":{"title":"Ajut de 2.000 euros per aut\u00f3noms i microempreses | Arias Assessors","robots":{"index":"index","follow":"follow","max-snippet":"max-snippet:-1","max-image-preview":"max-image-preview:large","max-video-preview":"max-video-preview:-1"},"canonical":"https:\/\/www.ariasassessors.com\/ca\/ajut-de-2-000-euros-per-autonoms-i-microempreses\/","og_locale":"ca_ES","og_type":"article","og_title":"Ajut de 2.000 euros per aut\u00f3noms i microempreses | Arias Assessors","og_description":"La Generalitat de Catalunya estableix una ajuda extraordin\u00e0ria i puntual en forma de prestaci\u00f3 econ\u00f2mica. \u00c9s de pagament \u00fanic d&#8217;un import fix de 2.000 euros per a aut\u00f2noms i microempreses per a fer front al manteniment de l&#8217;activitat econ\u00f2mica per l&#8217;aturada produ\u00efda per la\u00a0Covid19.","og_url":"https:\/\/www.ariasassessors.com\/ca\/ajut-de-2-000-euros-per-autonoms-i-microempreses\/","og_site_name":"Arias Assessors","article_publisher":"https:\/\/www.facebook.com\/ariasassessors\/","article_published_time":"2020-11-05T09:52:26+00:00","article_modified_time":"2020-11-06T12:15:22+00:00","og_image":[{"width":1024,"height":641,"url":"https:\/\/www.ariasassessors.com\/wp-content\/uploads\/2020\/11\/Diseno-sin-titulo-2-1024x641.png","type":"image\/png"}],"author":"btorras","twitter_card":"summary_large_image","twitter_creator":"@ariasassessors","twitter_site":"@ariasassessors","twitter_misc":{"Escrit per":"btorras","Temps estimat de lectura":"4 minuts"},"schema":{"@context":"https:\/\/schema.org","@graph":[{"@type":"Article","@id":"https:\/\/www.ariasassessors.com\/ca\/ajut-de-2-000-euros-per-autonoms-i-microempreses\/#article","isPartOf":{"@id":"https:\/\/www.ariasassessors.com\/ca\/ajut-de-2-000-euros-per-autonoms-i-microempreses\/"},"author":{"name":"btorras","@id":"https:\/\/www.ariasassessors.com\/#\/schema\/person\/63c6ad1775f0a9413c37932562673cef"},"headline":"Ajut de 2.000 euros per aut\u00f3noms i microempreses","datePublished":"2020-11-05T09:52:26+00:00","dateModified":"2020-11-06T12:15:22+00:00","mainEntityOfPage":{"@id":"https:\/\/www.ariasassessors.com\/ca\/ajut-de-2-000-euros-per-autonoms-i-microempreses\/"},"wordCount":709,"commentCount":0,"publisher":{"@id":"https:\/\/www.ariasassessors.com\/#organization"},"image":{"@id":"https:\/\/www.ariasassessors.com\/ca\/ajut-de-2-000-euros-per-autonoms-i-microempreses\/#primaryimage"},"thumbnailUrl":"https:\/\/www.ariasassessors.com\/wp-content\/uploads\/2020\/11\/Diseno-sin-titulo-2.png","keywords":["aut\u00f2noms"],"articleSection":["noticies"],"inLanguage":"ca","potentialAction":[{"@type":"CommentAction","name":"Comment","target":["https:\/\/www.ariasassessors.com\/ca\/ajut-de-2-000-euros-per-autonoms-i-microempreses\/#respond"]}]},{"@type":"WebPage","@id":"https:\/\/www.ariasassessors.com\/ca\/ajut-de-2-000-euros-per-autonoms-i-microempreses\/","url":"https:\/\/www.ariasassessors.com\/ca\/ajut-de-2-000-euros-per-autonoms-i-microempreses\/","name":"Ajut de 2.000 euros per aut\u00f3noms i microempreses | Arias Assessors","isPartOf":{"@id":"https:\/\/www.ariasassessors.com\/#website"},"primaryImageOfPage":{"@id":"https:\/\/www.ariasassessors.com\/ca\/ajut-de-2-000-euros-per-autonoms-i-microempreses\/#primaryimage"},"image":{"@id":"https:\/\/www.ariasassessors.com\/ca\/ajut-de-2-000-euros-per-autonoms-i-microempreses\/#primaryimage"},"thumbnailUrl":"https:\/\/www.ariasassessors.com\/wp-content\/uploads\/2020\/11\/Diseno-sin-titulo-2.png","datePublished":"2020-11-05T09:52:26+00:00","dateModified":"2020-11-06T12:15:22+00:00","breadcrumb":{"@id":"https:\/\/www.ariasassessors.com\/ca\/ajut-de-2-000-euros-per-autonoms-i-microempreses\/#breadcrumb"},"inLanguage":"ca","potentialAction":[{"@type":"ReadAction","target":["https:\/\/www.ariasassessors.com\/ca\/ajut-de-2-000-euros-per-autonoms-i-microempreses\/"]}]},{"@type":"ImageObject","inLanguage":"ca","@id":"https:\/\/www.ariasassessors.com\/ca\/ajut-de-2-000-euros-per-autonoms-i-microempreses\/#primaryimage","url":"https:\/\/www.ariasassessors.com\/wp-content\/uploads\/2020\/11\/Diseno-sin-titulo-2.png","contentUrl":"https:\/\/www.ariasassessors.com\/wp-content\/uploads\/2020\/11\/Diseno-sin-titulo-2.png","width":1920,"height":1202},{"@type":"BreadcrumbList","@id":"https:\/\/www.ariasassessors.com\/ca\/ajut-de-2-000-euros-per-autonoms-i-microempreses\/#breadcrumb","itemListElement":[{"@type":"ListItem","position":1,"name":"Portada","item":"https:\/\/www.ariasassessors.com\/ca\/"},{"@type":"ListItem","position":2,"name":"Ajut de 2.000 euros per aut\u00f3noms i microempreses"}]},{"@type":"WebSite","@id":"https:\/\/www.ariasassessors.com\/#website","url":"https:\/\/www.ariasassessors.com\/","name":"Arias Assessors","description":"Asesor\u00eda para aut\u00f3nomos, profesionales y PYMES","publisher":{"@id":"https:\/\/www.ariasassessors.com\/#organization"},"potentialAction":[{"@type":"SearchAction","target":{"@type":"EntryPoint","urlTemplate":"https:\/\/www.ariasassessors.com\/?s={search_term_string}"},"query-input":{"@type":"PropertyValueSpecification","valueRequired":true,"valueName":"search_term_string"}}],"inLanguage":"ca"},{"@type":"Organization","@id":"https:\/\/www.ariasassessors.com\/#organization","name":"Arias Assessors","url":"https:\/\/www.ariasassessors.com\/","logo":{"@type":"ImageObject","inLanguage":"ca","@id":"https:\/\/www.ariasassessors.com\/#\/schema\/logo\/image\/","url":"https:\/\/www.ariasassessors.com\/wp-content\/uploads\/2019\/01\/arias-logo.png","contentUrl":"https:\/\/www.ariasassessors.com\/wp-content\/uploads\/2019\/01\/arias-logo.png","width":349,"height":254,"caption":"Arias Assessors"},"image":{"@id":"https:\/\/www.ariasassessors.com\/#\/schema\/logo\/image\/"},"sameAs":["https:\/\/www.facebook.com\/ariasassessors\/","https:\/\/x.com\/ariasassessors","https:\/\/www.linkedin.com\/company\/r&amp;amp;r-growing-knowledge\/"]},{"@type":"Person","@id":"https:\/\/www.ariasassessors.com\/#\/schema\/person\/63c6ad1775f0a9413c37932562673cef","name":"btorras","image":{"@type":"ImageObject","inLanguage":"ca","@id":"https:\/\/www.ariasassessors.com\/#\/schema\/person\/image\/","url":"https:\/\/secure.gravatar.com\/avatar\/0531db351fc361fdbfd204c58fa2d6a3?s=96&d=mm&r=g","contentUrl":"https:\/\/secure.gravatar.com\/avatar\/0531db351fc361fdbfd204c58fa2d6a3?s=96&d=mm&r=g","caption":"btorras"}}]}},"_links":{"self":[{"href":"https:\/\/www.ariasassessors.com\/ca\/wp-json\/wp\/v2\/posts\/1347","targetHints":{"allow":["GET"]}}],"collection":[{"href":"https:\/\/www.ariasassessors.com\/ca\/wp-json\/wp\/v2\/posts"}],"about":[{"href":"https:\/\/www.ariasassessors.com\/ca\/wp-json\/wp\/v2\/types\/post"}],"author":[{"embeddable":true,"href":"https:\/\/www.ariasassessors.com\/ca\/wp-json\/wp\/v2\/users\/2"}],"replies":[{"embeddable":true,"href":"https:\/\/www.ariasassessors.com\/ca\/wp-json\/wp\/v2\/comments?post=1347"}],"version-history":[{"count":2,"href":"https:\/\/www.ariasassessors.com\/ca\/wp-json\/wp\/v2\/posts\/1347\/revisions"}],"predecessor-version":[{"id":1350,"href":"https:\/\/www.ariasassessors.com\/ca\/wp-json\/wp\/v2\/posts\/1347\/revisions\/1350"}],"wp:featuredmedia":[{"embeddable":true,"href":"https:\/\/www.ariasassessors.com\/ca\/wp-json\/wp\/v2\/media\/1344"}],"wp:attachment":[{"href":"https:\/\/www.ariasassessors.com\/ca\/wp-json\/wp\/v2\/media?parent=1347"}],"wp:term":[{"taxonomy":"category","embeddable":true,"href":"https:\/\/www.ariasassessors.com\/ca\/wp-json\/wp\/v2\/categories?post=1347"},{"taxonomy":"post_tag","embeddable":true,"href":"https:\/\/www.ariasassessors.com\/ca\/wp-json\/wp\/v2\/tags?post=1347"}],"curies":[{"name":"wp","href":"https:\/\/api.w.org\/{rel}","templated":true}]}}