{"id":1447,"date":"2021-01-11T11:42:50","date_gmt":"2021-01-11T10:42:50","guid":{"rendered":"https:\/\/www.ariasassessors.com\/calendario-de-obligaciones-fiscales-del-contribuyente-2021\/"},"modified":"2021-01-11T11:42:50","modified_gmt":"2021-01-11T10:42:50","slug":"calendario-de-obligaciones-fiscales-del-contribuyente-2021","status":"publish","type":"post","link":"https:\/\/www.ariasassessors.com\/ca\/calendario-de-obligaciones-fiscales-del-contribuyente-2021\/","title":{"rendered":"Calendario de obligaciones fiscales del contribuyente 2021"},"content":{"rendered":"<p>La Agencia Tributaria ha publicado el calendario de obligaciones fiscales del contribuyente para este 2021. A continuaci\u00f3n, te destacamos las informaci\u00f3n que no debes perder de vista.<\/p>\n<p><!--more--><\/p>\n<div id=\"ez-toc-container\" class=\"ez-toc-v2_0_72 counter-hierarchy ez-toc-counter ez-toc-grey ez-toc-container-direction\">\n<div class=\"ez-toc-title-container\">\n<p class=\"ez-toc-title\" style=\"cursor:inherit\">\u00cdndice de Contenidos<\/p>\n<span class=\"ez-toc-title-toggle\"><a href=\"#\" class=\"ez-toc-pull-right ez-toc-btn ez-toc-btn-xs ez-toc-btn-default ez-toc-toggle\" aria-label=\"Toggle Table of Content\"><span class=\"ez-toc-js-icon-con\"><span class=\"\"><span class=\"eztoc-hide\" style=\"display:none;\">Toggle<\/span><span class=\"ez-toc-icon-toggle-span\"><svg style=\"fill: #428bca;color:#428bca\" xmlns=\"http:\/\/www.w3.org\/2000\/svg\" class=\"list-377408\" width=\"20px\" height=\"20px\" viewBox=\"0 0 24 24\" fill=\"none\"><path d=\"M6 6H4v2h2V6zm14 0H8v2h12V6zM4 11h2v2H4v-2zm16 0H8v2h12v-2zM4 16h2v2H4v-2zm16 0H8v2h12v-2z\" fill=\"currentColor\"><\/path><\/svg><svg style=\"fill: #428bca;color:#428bca\" class=\"arrow-unsorted-368013\" xmlns=\"http:\/\/www.w3.org\/2000\/svg\" width=\"10px\" height=\"10px\" viewBox=\"0 0 24 24\" version=\"1.2\" baseProfile=\"tiny\"><path d=\"M18.2 9.3l-6.2-6.3-6.2 6.3c-.2.2-.3.4-.3.7s.1.5.3.7c.2.2.4.3.7.3h11c.3 0 .5-.1.7-.3.2-.2.3-.5.3-.7s-.1-.5-.3-.7zM5.8 14.7l6.2 6.3 6.2-6.3c.2-.2.3-.5.3-.7s-.1-.5-.3-.7c-.2-.2-.4-.3-.7-.3h-11c-.3 0-.5.1-.7.3-.2.2-.3.5-.3.7s.1.5.3.7z\"\/><\/svg><\/span><\/span><\/span><\/a><\/span><\/div>\n<nav><ul class='ez-toc-list ez-toc-list-level-1 eztoc-toggle-hide-by-default' ><li class='ez-toc-page-1 ez-toc-heading-level-3'><a class=\"ez-toc-link ez-toc-heading-1\" href=\"https:\/\/www.ariasassessors.com\/ca\/calendario-de-obligaciones-fiscales-del-contribuyente-2021\/#Renta_2020\" title=\"Renta 2020\">Renta 2020<\/a><\/li><li class='ez-toc-page-1 ez-toc-heading-level-3'><a class=\"ez-toc-link ez-toc-heading-2\" href=\"https:\/\/www.ariasassessors.com\/ca\/calendario-de-obligaciones-fiscales-del-contribuyente-2021\/#Modelo_349\" title=\"Modelo 349\">Modelo 349<\/a><\/li><li class='ez-toc-page-1 ez-toc-heading-level-3'><a class=\"ez-toc-link ez-toc-heading-3\" href=\"https:\/\/www.ariasassessors.com\/ca\/calendario-de-obligaciones-fiscales-del-contribuyente-2021\/#Modelo_390\" title=\"Modelo 390\">Modelo 390<\/a><\/li><li class='ez-toc-page-1 ez-toc-heading-level-3'><a class=\"ez-toc-link ez-toc-heading-4\" href=\"https:\/\/www.ariasassessors.com\/ca\/calendario-de-obligaciones-fiscales-del-contribuyente-2021\/#Libros_registro_SII\" title=\"Libros registro SII\">Libros registro SII<\/a><\/li><li class='ez-toc-page-1 ez-toc-heading-level-3'><a class=\"ez-toc-link ez-toc-heading-5\" href=\"https:\/\/www.ariasassessors.com\/ca\/calendario-de-obligaciones-fiscales-del-contribuyente-2021\/#Nuevos_modelos_fiscales\" title=\"Nuevos modelos fiscales\">Nuevos modelos fiscales<\/a><\/li><li class='ez-toc-page-1 ez-toc-heading-level-3'><a class=\"ez-toc-link ez-toc-heading-6\" href=\"https:\/\/www.ariasassessors.com\/ca\/calendario-de-obligaciones-fiscales-del-contribuyente-2021\/#Modelo_035\" title=\"Modelo 035\u00a0\">Modelo 035\u00a0<\/a><\/li><li class='ez-toc-page-1 ez-toc-heading-level-3'><a class=\"ez-toc-link ez-toc-heading-7\" href=\"https:\/\/www.ariasassessors.com\/ca\/calendario-de-obligaciones-fiscales-del-contribuyente-2021\/#Modelo_369\" title=\"Modelo 369\u00a0\">Modelo 369\u00a0<\/a><\/li><li class='ez-toc-page-1 ez-toc-heading-level-3'><a class=\"ez-toc-link ez-toc-heading-8\" href=\"https:\/\/www.ariasassessors.com\/ca\/calendario-de-obligaciones-fiscales-del-contribuyente-2021\/#Modelo_179\" title=\"Modelo 179\u00a0\">Modelo 179\u00a0<\/a><\/li><li class='ez-toc-page-1 ez-toc-heading-level-3'><a class=\"ez-toc-link ez-toc-heading-9\" href=\"https:\/\/www.ariasassessors.com\/ca\/calendario-de-obligaciones-fiscales-del-contribuyente-2021\/#Modelo_234\" title=\"Modelo 234\u00a0\">Modelo 234\u00a0<\/a><\/li><li class='ez-toc-page-1 ez-toc-heading-level-3'><a class=\"ez-toc-link ez-toc-heading-10\" href=\"https:\/\/www.ariasassessors.com\/ca\/calendario-de-obligaciones-fiscales-del-contribuyente-2021\/#Modelo_235\" title=\"Modelo 235\">Modelo 235<\/a><\/li><li class='ez-toc-page-1 ez-toc-heading-level-3'><a class=\"ez-toc-link ez-toc-heading-11\" href=\"https:\/\/www.ariasassessors.com\/ca\/calendario-de-obligaciones-fiscales-del-contribuyente-2021\/#Modelo_420\" title=\"Modelo 420\">Modelo 420<\/a><\/li><li class='ez-toc-page-1 ez-toc-heading-level-3'><a class=\"ez-toc-link ez-toc-heading-12\" href=\"https:\/\/www.ariasassessors.com\/ca\/calendario-de-obligaciones-fiscales-del-contribuyente-2021\/#Modelo_604\" title=\"Modelo 604\">Modelo 604<\/a><\/li><\/ul><\/nav><\/div>\n<h3><span class=\"ez-toc-section\" id=\"Renta_2020\"><\/span><strong>Renta 2020<\/strong><span class=\"ez-toc-section-end\"><\/span><\/h3>\n<p>El\u00a0<strong>7 de abril de 2021 dar\u00e1 comienzo la campa\u00f1a de la Renta y Patrimonio 2020<\/strong>\u00a0con su presentaci\u00f3n a trav\u00e9s de Internet.\u00a0\u00a0A partir del 6 de mayo la Agencia Tributaria le podr\u00e1 confeccionar su declaraci\u00f3n de Renta 2020 por tel\u00e9fono y a partir del 2 de junio presencialmente en sus oficinas y hasta el 30 de junio de 2021. Para ser atendido por la Agencia Tributaria concierte previamente cita, a partir del 4 de mayo para su atenci\u00f3n por tel\u00e9fono y a partir del 27 de\u00a0mayo para acudir a las oficinas.<\/p>\n<h3><span class=\"ez-toc-section\" id=\"Modelo_349\"><\/span><strong>Modelo 349<\/strong><span class=\"ez-toc-section-end\"><\/span><\/h3>\n<p>La declaraci\u00f3n anual del modelo 349 \u201cDeclaraci\u00f3n recapitulativa de operaciones intracomunitarias\u201d\u00a0<strong>ya no se deber\u00e1 presentar en el a\u00f1o 2021.<\/strong><\/p>\n<h3><span class=\"ez-toc-section\" id=\"Modelo_390\"><\/span><strong>Modelo 390<\/strong><span class=\"ez-toc-section-end\"><\/span><\/h3>\n<p>Quedan\u00a0<strong>exonerados de presentar el modelo\u00a0390\u00a0&#8220;Declaraci\u00f3n-Resumen anual del\u00a0IVA&#8221;<\/strong>\u00a0los contribuyentes que, realizando liquidaciones trimestrales de IVA, tributen solo en territorio com\u00fan y realicen actividades en r\u00e9gimen simplificado y\/o operaciones de arrendamiento de bienes inmuebles urbanos (aunque realicen, adem\u00e1s, actividades por las que no exista obligaci\u00f3n de presentar autoliquidaciones peri\u00f3dicas), as\u00ed como los sujetos pasivos que lleven los libros registro a trav\u00e9s de la Sede electr\u00f3nica de la Agencia Tributaria\u00a0debiendo cumplimentar la informaci\u00f3n adicional solicitada, en la autoliquidaci\u00f3n del \u00faltimo per\u00edodo de liquidaci\u00f3n del modelo 303 de IVA del ejercicio. La exoneraci\u00f3n no proceder\u00e1 cuando no exista obligaci\u00f3n de presentar la autoliquidaci\u00f3n correspondiente al \u00faltimo per\u00edodo de liquidaci\u00f3n del ejercicio.<\/p>\n<h3><span class=\"ez-toc-section\" id=\"Libros_registro_SII\"><\/span><strong>Libros registro SII<\/strong><span class=\"ez-toc-section-end\"><\/span><\/h3>\n<p>El sistema de\u00a0llevanza de libros registro<strong>\u00a0a trav\u00e9s de la Sede electr\u00f3nica de la Agencia Tributaria\u00a0&#8211;\u00a0SII\u00a0<\/strong>&#8211; consistente en el suministro electr\u00f3nico de los registros de facturaci\u00f3n,\u00a0es obligatorio desde 1 de julio de 2017, para empresarios, profesionales y otros sujetos pasivos cuyo per\u00edodo de liquidaci\u00f3n coincida con el mes natural: grandes empresas (volumen de operaciones de acuerdo con el art\u00edculo 121\u00a0<a class=\"enlaceDocumentacion\" href=\"https:\/\/www.iberley.es\/legislacion\/ley-impuesto-sobre-valor-anadido-iva-ley-37-1992-28-dic-1298236\" target=\"_blank\" rel=\"noopener\">LIVA<\/a>\u00a0superior a 6.010.121,04 \u20ac en el a\u00f1o anterior), grupos de IVA e inscritos en el REDEME (Registro de Devoluci\u00f3n mensual del IVA).<\/p>\n<p>Quienes no est\u00e9n obligados a acogerse al SII lo podr\u00e1n hacer de forma voluntaria, ejerciendo la opci\u00f3n en el modelo 036 que podr\u00e1 presentarse durante todo el ejercicio y surtir\u00e1 efecto para el primer periodo de liquidaci\u00f3n que se inicie despu\u00e9s de ejercer dicha opci\u00f3n. La opci\u00f3n se entender\u00e1 prorrogada para los a\u00f1os siguientes mientras no se renuncie a su aplicaci\u00f3n. La renuncia se realizar\u00e1 en el modelo 036 durante el mes de noviembre anterior al inicio del a\u00f1o en que deba surtir efecto.<\/p>\n<p>Aquellos que apliquen el SII est\u00e1n exonerados de presentar los modelos\u00a0347\u00a0\u201cDeclaraci\u00f3n de operaciones con terceras personas\u201d y\u00a0390\u00a0\u201cDeclaraci\u00f3n-resumen anual del IVA\u201d.<\/p>\n<h3><span class=\"ez-toc-section\" id=\"Nuevos_modelos_fiscales\"><\/span><strong>Nuevos modelos fiscales<\/strong><span class=\"ez-toc-section-end\"><\/span><\/h3>\n<p>Pr\u00f3ximamente ser\u00e1n aprobados los modelos que se indican a continuaci\u00f3n, cuyo plazo de presentaci\u00f3n tendr\u00e1 en cuenta la fecha de entrada en vigor de los mismos:<\/p>\n<h3><span class=\"ez-toc-section\" id=\"Modelo_035\"><\/span><strong>Modelo 035\u00a0<\/strong><span class=\"ez-toc-section-end\"><\/span><\/h3>\n<p><strong>\u201cDeclaraci\u00f3n de inicio, modificaci\u00f3n o cese de operaciones comprendidas en los reg\u00edmenes especiales aplicables a los sujetos pasivos que presten servicios a personas que no tengan la condici\u00f3n de sujetos pasivos o que realicen ventas a distancia de bienes o determinadas entregas nacionales de bienes\u201d<\/strong>: inicio (antes del inicio de las actividades o cuando ya se hubieran iniciado hasta el d\u00e9cimo d\u00eda del mes siguiente a este inicio), modificaci\u00f3n: hasta el d\u00e9cimo d\u00eda del mes siguiente a la modificaci\u00f3n) y baja (al menos quince d\u00edas antes del final del mes o trimestre anterior al que se pretenda dejar de utilizar el r\u00e9gimen).<\/p>\n<h3><span class=\"ez-toc-section\" id=\"Modelo_369\"><\/span><strong>Modelo 369\u00a0<\/strong><span class=\"ez-toc-section-end\"><\/span><\/h3>\n<p><strong>\u201cDeclaraci\u00f3n \u2013 liquidaci\u00f3n peri\u00f3dica de los reg\u00edmenes especiales aplicables a los sujetos pasivos que presten servicios a personas que no tengan la condici\u00f3n de sujetos pasivos o que realicen ventas a distancia de bienes o determinadas entregas nacionales de bienes\u201d<\/strong>: hasta el \u00faltimo d\u00eda del mes siguiente al mes o trimestre natural al que se refiera la declaraci\u00f3n.<\/p>\n<h3><span class=\"ez-toc-section\" id=\"Modelo_179\"><\/span><strong>Modelo 179\u00a0<\/strong><span class=\"ez-toc-section-end\"><\/span><\/h3>\n<p><strong>\u201cDeclaraci\u00f3n informativa trimestral de la cesi\u00f3n de uso de viviendas con fines tur\u00edsticos\u201d<\/strong>. Se encuentra actualmente en fase de elaboraci\u00f3n la nueva normativa, tras la anulaci\u00f3n por el Tribunal Supremo (Sentencia 1106\/2020) de la obligaci\u00f3n de informaci\u00f3n.<\/p>\n<h3><span class=\"ez-toc-section\" id=\"Modelo_234\"><\/span><strong>Modelo 234\u00a0<\/strong><span class=\"ez-toc-section-end\"><\/span><\/h3>\n<p><strong>\u201cDeclaraci\u00f3n de informaci\u00f3n de determinados mecanismos transfronterizos de planificaci\u00f3n fiscal\u201d<\/strong>: 30 d\u00edas naturales siguientes al nacimiento de la obligaci\u00f3n de informar.<\/p>\n<h3><span class=\"ez-toc-section\" id=\"Modelo_235\"><\/span><strong>Modelo 235 <\/strong><span class=\"ez-toc-section-end\"><\/span><\/h3>\n<p><strong>\u201cDeclaraci\u00f3n de informaci\u00f3n de actualizaci\u00f3n de determinados mecanismos transfronterizos comercializables\u201d<\/strong>: mes natural siguiente a la finalizaci\u00f3n del trimestre natural en el que se haya obtenido nueva informaci\u00f3n que deba comunicarse.<\/p>\n<h3><span class=\"ez-toc-section\" id=\"Modelo_420\"><\/span><strong>Modelo 420 <\/strong><span class=\"ez-toc-section-end\"><\/span><\/h3>\n<p><strong>\u201cImpuesto sobre Determinados Servicios Digitales. Autoliquidaci\u00f3n&#8221;<\/strong>\u00a0(obligaci\u00f3n trimestral): mes de abril, julio, octubre y enero.<\/p>\n<h3><span class=\"ez-toc-section\" id=\"Modelo_604\"><\/span><strong>Modelo 604 <\/strong><span class=\"ez-toc-section-end\"><\/span><\/h3>\n<p><strong>\u201cImpuesto sobre las Transacciones Financieras&#8221;<\/strong>\u00a0(obligaci\u00f3n mensual): 10 al 20 del mes siguiente al correspondiente periodo de liquidaci\u00f3n mensual.<\/p>\n<p><!--more--><\/p>\n<p>Si necesitas m\u00e1s informaci\u00f3n, puedes contactarnos<a href=\"https:\/\/www.ariasassessors.com\/ca\/contacte\/\"> aqu\u00ed.<\/a><\/p>\n","protected":false},"excerpt":{"rendered":"<p>La Agencia Tributaria ha publicado el calendario de obligaciones fiscales del contribuyente para este 2021. A continuaci\u00f3n, te destacamos las informaci\u00f3n que no debes perder de vista.<\/p>\n","protected":false},"author":3,"featured_media":1398,"comment_status":"open","ping_status":"open","sticky":false,"template":"","format":"standard","meta":{"footnotes":""},"categories":[4],"tags":[],"class_list":["post-1447","post","type-post","status-publish","format-standard","has-post-thumbnail","hentry","category-noticies"],"yoast_head":"<!-- This site is optimized with the Yoast SEO plugin v24.3 - https:\/\/yoast.com\/wordpress\/plugins\/seo\/ -->\n<title>Calendario de obligaciones fiscales del contribuyente 2021 | Arias Assessors<\/title>\n<meta name=\"description\" content=\"La Agencia Tributaria ha publicado el calendario de las obligaciones fiscales de los contribuyentes para este 2021. \u00a1Te damos todos los detalles!\" \/>\n<meta name=\"robots\" content=\"index, follow, max-snippet:-1, max-image-preview:large, max-video-preview:-1\" \/>\n<link rel=\"canonical\" href=\"https:\/\/www.ariasassessors.com\/ca\/calendario-de-obligaciones-fiscales-del-contribuyente-2021\/\" \/>\n<meta property=\"og:locale\" content=\"ca_ES\" \/>\n<meta property=\"og:type\" content=\"article\" \/>\n<meta property=\"og:title\" content=\"Calendario de obligaciones fiscales del contribuyente 2021 | Arias Assessors\" \/>\n<meta property=\"og:description\" content=\"La Agencia Tributaria ha publicado el calendario de las obligaciones fiscales de los contribuyentes para este 2021. \u00a1Te damos todos los detalles!\" \/>\n<meta property=\"og:url\" content=\"https:\/\/www.ariasassessors.com\/ca\/calendario-de-obligaciones-fiscales-del-contribuyente-2021\/\" \/>\n<meta property=\"og:site_name\" content=\"Arias Assessors\" \/>\n<meta property=\"article:publisher\" content=\"https:\/\/www.facebook.com\/ariasassessors\/\" \/>\n<meta property=\"article:published_time\" content=\"2021-01-11T10:42:50+00:00\" \/>\n<meta property=\"og:image\" content=\"https:\/\/www.ariasassessors.com\/wp-content\/uploads\/2021\/01\/Arias_Blog_IMAGEN_DESTACADA-4.png\" \/>\n\t<meta property=\"og:image:width\" content=\"1920\" \/>\n\t<meta property=\"og:image:height\" content=\"1202\" \/>\n\t<meta property=\"og:image:type\" content=\"image\/png\" \/>\n<meta name=\"author\" content=\"Raul Arias\" \/>\n<meta name=\"twitter:card\" content=\"summary_large_image\" \/>\n<meta name=\"twitter:creator\" content=\"@ariasassessors\" \/>\n<meta name=\"twitter:site\" content=\"@ariasassessors\" \/>\n<meta name=\"twitter:label1\" content=\"Escrit per\" \/>\n\t<meta name=\"twitter:data1\" content=\"Raul Arias\" \/>\n\t<meta name=\"twitter:label2\" content=\"Temps estimat de lectura\" \/>\n\t<meta name=\"twitter:data2\" content=\"4 minuts\" \/>\n<script type=\"application\/ld+json\" class=\"yoast-schema-graph\">{\"@context\":\"https:\/\/schema.org\",\"@graph\":[{\"@type\":\"Article\",\"@id\":\"https:\/\/www.ariasassessors.com\/ca\/calendario-de-obligaciones-fiscales-del-contribuyente-2021\/#article\",\"isPartOf\":{\"@id\":\"https:\/\/www.ariasassessors.com\/ca\/calendario-de-obligaciones-fiscales-del-contribuyente-2021\/\"},\"author\":{\"name\":\"Raul Arias\",\"@id\":\"https:\/\/www.ariasassessors.com\/#\/schema\/person\/31e56f9d79e07edcad0513599b863b5a\"},\"headline\":\"Calendario de obligaciones fiscales del contribuyente 2021\",\"datePublished\":\"2021-01-11T10:42:50+00:00\",\"dateModified\":\"2021-01-11T10:42:50+00:00\",\"mainEntityOfPage\":{\"@id\":\"https:\/\/www.ariasassessors.com\/ca\/calendario-de-obligaciones-fiscales-del-contribuyente-2021\/\"},\"wordCount\":856,\"commentCount\":0,\"publisher\":{\"@id\":\"https:\/\/www.ariasassessors.com\/#organization\"},\"image\":{\"@id\":\"https:\/\/www.ariasassessors.com\/ca\/calendario-de-obligaciones-fiscales-del-contribuyente-2021\/#primaryimage\"},\"thumbnailUrl\":\"https:\/\/www.ariasassessors.com\/wp-content\/uploads\/2021\/01\/Arias_Blog_IMAGEN_DESTACADA-4.png\",\"articleSection\":[\"noticies\"],\"inLanguage\":\"ca\",\"potentialAction\":[{\"@type\":\"CommentAction\",\"name\":\"Comment\",\"target\":[\"https:\/\/www.ariasassessors.com\/ca\/calendario-de-obligaciones-fiscales-del-contribuyente-2021\/#respond\"]}]},{\"@type\":\"WebPage\",\"@id\":\"https:\/\/www.ariasassessors.com\/ca\/calendario-de-obligaciones-fiscales-del-contribuyente-2021\/\",\"url\":\"https:\/\/www.ariasassessors.com\/ca\/calendario-de-obligaciones-fiscales-del-contribuyente-2021\/\",\"name\":\"Calendario de obligaciones fiscales del contribuyente 2021 | Arias Assessors\",\"isPartOf\":{\"@id\":\"https:\/\/www.ariasassessors.com\/#website\"},\"primaryImageOfPage\":{\"@id\":\"https:\/\/www.ariasassessors.com\/ca\/calendario-de-obligaciones-fiscales-del-contribuyente-2021\/#primaryimage\"},\"image\":{\"@id\":\"https:\/\/www.ariasassessors.com\/ca\/calendario-de-obligaciones-fiscales-del-contribuyente-2021\/#primaryimage\"},\"thumbnailUrl\":\"https:\/\/www.ariasassessors.com\/wp-content\/uploads\/2021\/01\/Arias_Blog_IMAGEN_DESTACADA-4.png\",\"datePublished\":\"2021-01-11T10:42:50+00:00\",\"dateModified\":\"2021-01-11T10:42:50+00:00\",\"description\":\"La Agencia Tributaria ha publicado el calendario de las obligaciones fiscales de los contribuyentes para este 2021. \u00a1Te damos todos los detalles!\",\"breadcrumb\":{\"@id\":\"https:\/\/www.ariasassessors.com\/ca\/calendario-de-obligaciones-fiscales-del-contribuyente-2021\/#breadcrumb\"},\"inLanguage\":\"ca\",\"potentialAction\":[{\"@type\":\"ReadAction\",\"target\":[\"https:\/\/www.ariasassessors.com\/ca\/calendario-de-obligaciones-fiscales-del-contribuyente-2021\/\"]}]},{\"@type\":\"ImageObject\",\"inLanguage\":\"ca\",\"@id\":\"https:\/\/www.ariasassessors.com\/ca\/calendario-de-obligaciones-fiscales-del-contribuyente-2021\/#primaryimage\",\"url\":\"https:\/\/www.ariasassessors.com\/wp-content\/uploads\/2021\/01\/Arias_Blog_IMAGEN_DESTACADA-4.png\",\"contentUrl\":\"https:\/\/www.ariasassessors.com\/wp-content\/uploads\/2021\/01\/Arias_Blog_IMAGEN_DESTACADA-4.png\",\"width\":1920,\"height\":1202,\"caption\":\"calendario del contribuyente para el a\u00f1o 2021\"},{\"@type\":\"BreadcrumbList\",\"@id\":\"https:\/\/www.ariasassessors.com\/ca\/calendario-de-obligaciones-fiscales-del-contribuyente-2021\/#breadcrumb\",\"itemListElement\":[{\"@type\":\"ListItem\",\"position\":1,\"name\":\"Portada\",\"item\":\"https:\/\/www.ariasassessors.com\/ca\/\"},{\"@type\":\"ListItem\",\"position\":2,\"name\":\"Calendario de obligaciones fiscales del contribuyente 2021\"}]},{\"@type\":\"WebSite\",\"@id\":\"https:\/\/www.ariasassessors.com\/#website\",\"url\":\"https:\/\/www.ariasassessors.com\/\",\"name\":\"Arias Assessors\",\"description\":\"Asesor\u00eda para aut\u00f3nomos, profesionales y PYMES\",\"publisher\":{\"@id\":\"https:\/\/www.ariasassessors.com\/#organization\"},\"potentialAction\":[{\"@type\":\"SearchAction\",\"target\":{\"@type\":\"EntryPoint\",\"urlTemplate\":\"https:\/\/www.ariasassessors.com\/?s={search_term_string}\"},\"query-input\":{\"@type\":\"PropertyValueSpecification\",\"valueRequired\":true,\"valueName\":\"search_term_string\"}}],\"inLanguage\":\"ca\"},{\"@type\":\"Organization\",\"@id\":\"https:\/\/www.ariasassessors.com\/#organization\",\"name\":\"Arias Assessors\",\"url\":\"https:\/\/www.ariasassessors.com\/\",\"logo\":{\"@type\":\"ImageObject\",\"inLanguage\":\"ca\",\"@id\":\"https:\/\/www.ariasassessors.com\/#\/schema\/logo\/image\/\",\"url\":\"https:\/\/www.ariasassessors.com\/wp-content\/uploads\/2019\/01\/arias-logo.png\",\"contentUrl\":\"https:\/\/www.ariasassessors.com\/wp-content\/uploads\/2019\/01\/arias-logo.png\",\"width\":349,\"height\":254,\"caption\":\"Arias Assessors\"},\"image\":{\"@id\":\"https:\/\/www.ariasassessors.com\/#\/schema\/logo\/image\/\"},\"sameAs\":[\"https:\/\/www.facebook.com\/ariasassessors\/\",\"https:\/\/x.com\/ariasassessors\",\"https:\/\/www.linkedin.com\/company\/r&amp;amp;r-growing-knowledge\/\"]},{\"@type\":\"Person\",\"@id\":\"https:\/\/www.ariasassessors.com\/#\/schema\/person\/31e56f9d79e07edcad0513599b863b5a\",\"name\":\"Raul Arias\",\"image\":{\"@type\":\"ImageObject\",\"inLanguage\":\"ca\",\"@id\":\"https:\/\/www.ariasassessors.com\/#\/schema\/person\/image\/\",\"url\":\"https:\/\/secure.gravatar.com\/avatar\/c4b15316f6e35082f0ca6aa967d452bf?s=96&d=mm&r=g\",\"contentUrl\":\"https:\/\/secure.gravatar.com\/avatar\/c4b15316f6e35082f0ca6aa967d452bf?s=96&d=mm&r=g\",\"caption\":\"Raul Arias\"}}]}<\/script>\n<!-- \/ Yoast SEO plugin. -->","yoast_head_json":{"title":"Calendario de obligaciones fiscales del contribuyente 2021 | Arias Assessors","description":"La Agencia Tributaria ha publicado el calendario de las obligaciones fiscales de los contribuyentes para este 2021. \u00a1Te damos todos los detalles!","robots":{"index":"index","follow":"follow","max-snippet":"max-snippet:-1","max-image-preview":"max-image-preview:large","max-video-preview":"max-video-preview:-1"},"canonical":"https:\/\/www.ariasassessors.com\/ca\/calendario-de-obligaciones-fiscales-del-contribuyente-2021\/","og_locale":"ca_ES","og_type":"article","og_title":"Calendario de obligaciones fiscales del contribuyente 2021 | Arias Assessors","og_description":"La Agencia Tributaria ha publicado el calendario de las obligaciones fiscales de los contribuyentes para este 2021. \u00a1Te damos todos los detalles!","og_url":"https:\/\/www.ariasassessors.com\/ca\/calendario-de-obligaciones-fiscales-del-contribuyente-2021\/","og_site_name":"Arias Assessors","article_publisher":"https:\/\/www.facebook.com\/ariasassessors\/","article_published_time":"2021-01-11T10:42:50+00:00","og_image":[{"width":1920,"height":1202,"url":"https:\/\/www.ariasassessors.com\/wp-content\/uploads\/2021\/01\/Arias_Blog_IMAGEN_DESTACADA-4.png","type":"image\/png"}],"author":"Raul Arias","twitter_card":"summary_large_image","twitter_creator":"@ariasassessors","twitter_site":"@ariasassessors","twitter_misc":{"Escrit per":"Raul Arias","Temps estimat de lectura":"4 minuts"},"schema":{"@context":"https:\/\/schema.org","@graph":[{"@type":"Article","@id":"https:\/\/www.ariasassessors.com\/ca\/calendario-de-obligaciones-fiscales-del-contribuyente-2021\/#article","isPartOf":{"@id":"https:\/\/www.ariasassessors.com\/ca\/calendario-de-obligaciones-fiscales-del-contribuyente-2021\/"},"author":{"name":"Raul Arias","@id":"https:\/\/www.ariasassessors.com\/#\/schema\/person\/31e56f9d79e07edcad0513599b863b5a"},"headline":"Calendario de obligaciones fiscales del contribuyente 2021","datePublished":"2021-01-11T10:42:50+00:00","dateModified":"2021-01-11T10:42:50+00:00","mainEntityOfPage":{"@id":"https:\/\/www.ariasassessors.com\/ca\/calendario-de-obligaciones-fiscales-del-contribuyente-2021\/"},"wordCount":856,"commentCount":0,"publisher":{"@id":"https:\/\/www.ariasassessors.com\/#organization"},"image":{"@id":"https:\/\/www.ariasassessors.com\/ca\/calendario-de-obligaciones-fiscales-del-contribuyente-2021\/#primaryimage"},"thumbnailUrl":"https:\/\/www.ariasassessors.com\/wp-content\/uploads\/2021\/01\/Arias_Blog_IMAGEN_DESTACADA-4.png","articleSection":["noticies"],"inLanguage":"ca","potentialAction":[{"@type":"CommentAction","name":"Comment","target":["https:\/\/www.ariasassessors.com\/ca\/calendario-de-obligaciones-fiscales-del-contribuyente-2021\/#respond"]}]},{"@type":"WebPage","@id":"https:\/\/www.ariasassessors.com\/ca\/calendario-de-obligaciones-fiscales-del-contribuyente-2021\/","url":"https:\/\/www.ariasassessors.com\/ca\/calendario-de-obligaciones-fiscales-del-contribuyente-2021\/","name":"Calendario de obligaciones fiscales del contribuyente 2021 | Arias Assessors","isPartOf":{"@id":"https:\/\/www.ariasassessors.com\/#website"},"primaryImageOfPage":{"@id":"https:\/\/www.ariasassessors.com\/ca\/calendario-de-obligaciones-fiscales-del-contribuyente-2021\/#primaryimage"},"image":{"@id":"https:\/\/www.ariasassessors.com\/ca\/calendario-de-obligaciones-fiscales-del-contribuyente-2021\/#primaryimage"},"thumbnailUrl":"https:\/\/www.ariasassessors.com\/wp-content\/uploads\/2021\/01\/Arias_Blog_IMAGEN_DESTACADA-4.png","datePublished":"2021-01-11T10:42:50+00:00","dateModified":"2021-01-11T10:42:50+00:00","description":"La Agencia Tributaria ha publicado el calendario de las obligaciones fiscales de los contribuyentes para este 2021. \u00a1Te damos todos los detalles!","breadcrumb":{"@id":"https:\/\/www.ariasassessors.com\/ca\/calendario-de-obligaciones-fiscales-del-contribuyente-2021\/#breadcrumb"},"inLanguage":"ca","potentialAction":[{"@type":"ReadAction","target":["https:\/\/www.ariasassessors.com\/ca\/calendario-de-obligaciones-fiscales-del-contribuyente-2021\/"]}]},{"@type":"ImageObject","inLanguage":"ca","@id":"https:\/\/www.ariasassessors.com\/ca\/calendario-de-obligaciones-fiscales-del-contribuyente-2021\/#primaryimage","url":"https:\/\/www.ariasassessors.com\/wp-content\/uploads\/2021\/01\/Arias_Blog_IMAGEN_DESTACADA-4.png","contentUrl":"https:\/\/www.ariasassessors.com\/wp-content\/uploads\/2021\/01\/Arias_Blog_IMAGEN_DESTACADA-4.png","width":1920,"height":1202,"caption":"calendario del contribuyente para el a\u00f1o 2021"},{"@type":"BreadcrumbList","@id":"https:\/\/www.ariasassessors.com\/ca\/calendario-de-obligaciones-fiscales-del-contribuyente-2021\/#breadcrumb","itemListElement":[{"@type":"ListItem","position":1,"name":"Portada","item":"https:\/\/www.ariasassessors.com\/ca\/"},{"@type":"ListItem","position":2,"name":"Calendario de obligaciones fiscales del contribuyente 2021"}]},{"@type":"WebSite","@id":"https:\/\/www.ariasassessors.com\/#website","url":"https:\/\/www.ariasassessors.com\/","name":"Arias Assessors","description":"Asesor\u00eda para aut\u00f3nomos, profesionales y PYMES","publisher":{"@id":"https:\/\/www.ariasassessors.com\/#organization"},"potentialAction":[{"@type":"SearchAction","target":{"@type":"EntryPoint","urlTemplate":"https:\/\/www.ariasassessors.com\/?s={search_term_string}"},"query-input":{"@type":"PropertyValueSpecification","valueRequired":true,"valueName":"search_term_string"}}],"inLanguage":"ca"},{"@type":"Organization","@id":"https:\/\/www.ariasassessors.com\/#organization","name":"Arias Assessors","url":"https:\/\/www.ariasassessors.com\/","logo":{"@type":"ImageObject","inLanguage":"ca","@id":"https:\/\/www.ariasassessors.com\/#\/schema\/logo\/image\/","url":"https:\/\/www.ariasassessors.com\/wp-content\/uploads\/2019\/01\/arias-logo.png","contentUrl":"https:\/\/www.ariasassessors.com\/wp-content\/uploads\/2019\/01\/arias-logo.png","width":349,"height":254,"caption":"Arias Assessors"},"image":{"@id":"https:\/\/www.ariasassessors.com\/#\/schema\/logo\/image\/"},"sameAs":["https:\/\/www.facebook.com\/ariasassessors\/","https:\/\/x.com\/ariasassessors","https:\/\/www.linkedin.com\/company\/r&amp;amp;r-growing-knowledge\/"]},{"@type":"Person","@id":"https:\/\/www.ariasassessors.com\/#\/schema\/person\/31e56f9d79e07edcad0513599b863b5a","name":"Raul Arias","image":{"@type":"ImageObject","inLanguage":"ca","@id":"https:\/\/www.ariasassessors.com\/#\/schema\/person\/image\/","url":"https:\/\/secure.gravatar.com\/avatar\/c4b15316f6e35082f0ca6aa967d452bf?s=96&d=mm&r=g","contentUrl":"https:\/\/secure.gravatar.com\/avatar\/c4b15316f6e35082f0ca6aa967d452bf?s=96&d=mm&r=g","caption":"Raul Arias"}}]}},"_links":{"self":[{"href":"https:\/\/www.ariasassessors.com\/ca\/wp-json\/wp\/v2\/posts\/1447","targetHints":{"allow":["GET"]}}],"collection":[{"href":"https:\/\/www.ariasassessors.com\/ca\/wp-json\/wp\/v2\/posts"}],"about":[{"href":"https:\/\/www.ariasassessors.com\/ca\/wp-json\/wp\/v2\/types\/post"}],"author":[{"embeddable":true,"href":"https:\/\/www.ariasassessors.com\/ca\/wp-json\/wp\/v2\/users\/3"}],"replies":[{"embeddable":true,"href":"https:\/\/www.ariasassessors.com\/ca\/wp-json\/wp\/v2\/comments?post=1447"}],"version-history":[{"count":0,"href":"https:\/\/www.ariasassessors.com\/ca\/wp-json\/wp\/v2\/posts\/1447\/revisions"}],"wp:featuredmedia":[{"embeddable":true,"href":"https:\/\/www.ariasassessors.com\/ca\/wp-json\/wp\/v2\/media\/1398"}],"wp:attachment":[{"href":"https:\/\/www.ariasassessors.com\/ca\/wp-json\/wp\/v2\/media?parent=1447"}],"wp:term":[{"taxonomy":"category","embeddable":true,"href":"https:\/\/www.ariasassessors.com\/ca\/wp-json\/wp\/v2\/categories?post=1447"},{"taxonomy":"post_tag","embeddable":true,"href":"https:\/\/www.ariasassessors.com\/ca\/wp-json\/wp\/v2\/tags?post=1447"}],"curies":[{"name":"wp","href":"https:\/\/api.w.org\/{rel}","templated":true}]}}