{"id":1449,"date":"2021-01-20T10:02:48","date_gmt":"2021-01-20T09:02:48","guid":{"rendered":"https:\/\/www.ariasassessors.com\/los-pge-posibilitan-aplazar-las-cuotas-de-seguridad-social-y-autonomos\/"},"modified":"2021-01-20T10:02:48","modified_gmt":"2021-01-20T09:02:48","slug":"los-pge-posibilitan-aplazar-las-cuotas-de-seguridad-social-y-autonomos","status":"publish","type":"post","link":"https:\/\/www.ariasassessors.com\/ca\/los-pge-posibilitan-aplazar-las-cuotas-de-seguridad-social-y-autonomos\/","title":{"rendered":"Los PGE posibilitan aplazar las cuotas de Seguridad Social y aut\u00f3nomos"},"content":{"rendered":"<p>Los <strong>Presupuestos Generales del Estado o PGE<\/strong> para este 2021, en materia laboral y social, posibilitan aplazar las cuotas de seguridad social de empresa y de trabajadores aut\u00f3nomos para el per\u00edodo diciembre 2020 &#8211; Marzo 2021.<\/p>\n<p><!--more--><\/p>\n<h2>Lo que establecen los PGE<\/h2>\n<p style=\"background: white; margin: 0cm 0cm 7.5pt 0cm;\"><span style=\"font-size: 11.0pt; font-family: 'Arial',sans-serif; color: #555555;\">La disposici\u00f3n final cuadrag\u00e9sima tercera, sobre <strong><span style=\"font-family: 'Arial',sans-serif;\">moratoria en el pago de cuotas mediante aplazamiento con la Seguridad Social<\/span><\/strong>, establece lo siguiente:<\/span><\/p>\n<p style=\"background: white; box-sizing: border-box; font-variant-ligatures: normal; font-variant-caps: normal; orphans: 2; text-align: start; widows: 2; -webkit-text-stroke-width: 0px; text-decoration-thickness: initial; text-decoration-style: initial; text-decoration-color: initial; word-spacing: 0px; margin: 0cm 0cm 7.5pt 0cm;\"><em><span style=\"font-size: 11.0pt; font-family: 'Arial',sans-serif; color: #555555;\">&#8220;Las empresas y los trabajadores por cuenta propia incluidos en cualquier r\u00e9gimen de la Seguridad Social,\u00a0<\/span><\/em><strong><i><span style=\"font-size: 11.0pt; font-family: 'Arial',sans-serif; color: #555555;\">siempre que se encuentren al corriente en sus obligaciones con la Seguridad Social y no tuvieran otro aplazamiento en vigor<\/span><\/i><\/strong><em><span style=\"font-size: 11.0pt; font-family: 'Arial',sans-serif; color: #555555;\">, podr\u00e1n solicitar a trav\u00e9s del aplazamiento regulado en este art\u00edculo, directamente o a trav\u00e9s de sus autorizados para actuar a trav\u00e9s del Sistema de remisi\u00f3n electr\u00f3nica de datos en el \u00e1mbito de la Seguridad Social (Sistema RED), la moratoria en el pago de las cuotas con la Seguridad Social y por conceptos de recaudaci\u00f3n conjunta cuyo devengo tenga lugar entre los\u00a0<\/span><\/em><strong><i><span style=\"font-size: 11.0pt; font-family: 'Arial',sans-serif; color: #555555;\">meses de diciembre de 2020 y febrero de 2021, en el caso de empresas<\/span><\/i><\/strong><em><span style=\"font-size: 11.0pt; font-family: 'Arial',sans-serif; color: #555555;\">, y entre los\u00a0<\/span><\/em><strong><i><span style=\"font-size: 11.0pt; font-family: 'Arial',sans-serif; color: #555555;\">meses de enero a marzo de 2021 en el caso de trabajadores aut\u00f3nomos.<\/span><\/i><\/strong><em><span style=\"font-size: 11.0pt; font-family: 'Arial',sans-serif; color: #555555;\">\u00a0<\/span><\/em><\/p>\n<p style=\"background: white; box-sizing: border-box; font-variant-ligatures: normal; font-variant-caps: normal; orphans: 2; text-align: start; widows: 2; -webkit-text-stroke-width: 0px; text-decoration-thickness: initial; text-decoration-style: initial; text-decoration-color: initial; word-spacing: 0px; margin: 0cm 0cm 7.5pt 0cm;\"><em><span style=\"font-size: 11.0pt; font-family: 'Arial',sans-serif; color: #555555;\">Este aplazamiento se ajustar\u00e1 a los t\u00e9rminos y condiciones establecidos con car\u00e1cter general en la normativa de Seguridad Social, con las siguientes particularidades:<\/span><\/em><\/p>\n<ol>\n<li><em><span style=\"font-size: 11.0pt; font-family: 'Arial',sans-serif; color: #555555;\">1.\u00aa Ser\u00e1 de\u00a0<\/span><\/em><strong><i><span style=\"font-size: 11.0pt; font-family: 'Arial',sans-serif; color: #555555;\">aplicaci\u00f3n un inter\u00e9s del 0,5 %,<\/span><\/i><\/strong><em><span style=\"font-size: 11.0pt; font-family: 'Arial',sans-serif; color: #555555;\">\u00a0en lugar del previsto en el art\u00edculo 23.5 del texto refundido de la\u00a0<a href=\"https:\/\/www.iberley.es\/legislacion\/rdleg-8-2015-30-oct-tr-ley-general-seguridad-social-lgss-23990341\" target=\"_blank\" rel=\"noopener\"><span style=\"color: #2f83e0; text-decoration: none; text-underline: none;\">Ley General de la Seguridad Social<\/span><\/a>, aprobado por el\u00a0<a href=\"https:\/\/www.iberley.es\/legislacion\/rdleg-8-2015-30-oct-tr-ley-general-seguridad-social-lgss-23990341\" target=\"_blank\" rel=\"noopener\"><span style=\"color: #2f83e0; text-decoration: none; text-underline: none;\">Real Decreto Legislativo 8\/2015, de 30 de octubre<\/span><\/a>.<\/span><\/em><\/li>\n<li><em><span style=\"font-size: 11.0pt; font-family: 'Arial',sans-serif; color: #555555;\">2.\u00aa Las solicitudes de aplazamiento deber\u00e1n efectuarse antes del transcurso de los\u00a0<\/span><\/em><strong><i><span style=\"font-size: 11.0pt; font-family: 'Arial',sans-serif; color: #555555;\">diez primeros d\u00edas naturales de cada uno de los plazos reglamentarios de ingreso<\/span><\/i><\/strong><em><span style=\"font-size: 11.0pt; font-family: 'Arial',sans-serif; color: #555555;\">\u00a0correspondientes a las cuotas devengadas antes se\u00f1aladas.<\/span><\/em><\/li>\n<li><em><span style=\"font-size: 11.0pt; font-family: 'Arial',sans-serif; color: #555555;\">3.\u00aa El aplazamiento se conceder\u00e1 mediante una\u00a0<\/span><\/em><strong><i><span style=\"font-size: 11.0pt; font-family: 'Arial',sans-serif; color: #555555;\">\u00fanica resoluci\u00f3n<\/span><\/i><\/strong><em><span style=\"font-size: 11.0pt; font-family: 'Arial',sans-serif; color: #555555;\">, con independencia de los meses que comprenda, se amortizar\u00e1 mediante pagos mensuales y determinar\u00e1 un plazo de amortizaci\u00f3n de 4 meses por cada mensualidad solicitada, sin que exceda en total de 12 mensualidades. El primer pago se producir\u00e1 a partir del mes siguiente al que aqu\u00e9lla se haya dictado.<\/span><\/em><\/li>\n<li><em><span style=\"font-size: 11.0pt; font-family: 'Arial',sans-serif; color: #555555;\">4.\u00aa La solicitud de este aplazamiento determinar\u00e1 que el deudor sea considerado al<\/span><\/em><strong><i><span style=\"font-size: 11.0pt; font-family: 'Arial',sans-serif; color: #555555;\">\u00a0corriente de sus obligaciones con la Seguridad Social,<\/span><\/i><\/strong><em><span style=\"font-size: 11.0pt; font-family: 'Arial',sans-serif; color: #555555;\">\u00a0respecto a las cuotas afectadas por el mismo, hasta que se dicte la correspondiente resoluci\u00f3n&#8221;.<\/span><\/em><\/li>\n<\/ol>\n","protected":false},"excerpt":{"rendered":"<p>Los Presupuestos Generales del Estado o PGE para este 2021, en materia laboral y social, posibilitan aplazar las cuotas de seguridad social de empresa y de trabajadores aut\u00f3nomos para el per\u00edodo diciembre 2020 &#8211; Marzo 2021.<\/p>\n","protected":false},"author":3,"featured_media":1410,"comment_status":"open","ping_status":"open","sticky":false,"template":"","format":"standard","meta":{"footnotes":""},"categories":[4],"tags":[552,553,554,491],"class_list":["post-1449","post","type-post","status-publish","format-standard","has-post-thumbnail","hentry","category-noticies","tag-autonomo-ca","tag-cuota-ca","tag-pge-ca","tag-seguridad-social-ca"],"yoast_head":"<!-- This site is optimized with the Yoast SEO plugin v24.3 - https:\/\/yoast.com\/wordpress\/plugins\/seo\/ -->\n<title>Los PGE posibilitan aplazar las cuotas de Seguridad Social y aut\u00f3nomos | Arias Assessors<\/title>\n<meta name=\"description\" content=\"Los PGE posibilitan aplazar la cuota de Seguridad Social y aut\u00f3nomos con un 0&#039;5% de inter\u00e9s para estes meses\" \/>\n<meta name=\"robots\" content=\"index, follow, max-snippet:-1, max-image-preview:large, max-video-preview:-1\" \/>\n<link rel=\"canonical\" href=\"https:\/\/www.ariasassessors.com\/ca\/los-pge-posibilitan-aplazar-las-cuotas-de-seguridad-social-y-autonomos\/\" \/>\n<meta property=\"og:locale\" content=\"ca_ES\" \/>\n<meta property=\"og:type\" content=\"article\" \/>\n<meta property=\"og:title\" content=\"Los PGE posibilitan aplazar las cuotas de Seguridad Social y aut\u00f3nomos | Arias Assessors\" \/>\n<meta property=\"og:description\" content=\"Los PGE posibilitan aplazar la cuota de Seguridad Social y aut\u00f3nomos con un 0&#039;5% de inter\u00e9s para estes meses\" \/>\n<meta property=\"og:url\" content=\"https:\/\/www.ariasassessors.com\/ca\/los-pge-posibilitan-aplazar-las-cuotas-de-seguridad-social-y-autonomos\/\" \/>\n<meta property=\"og:site_name\" content=\"Arias Assessors\" \/>\n<meta property=\"article:publisher\" content=\"https:\/\/www.facebook.com\/ariasassessors\/\" \/>\n<meta property=\"article:published_time\" content=\"2021-01-20T09:02:48+00:00\" \/>\n<meta property=\"og:image\" content=\"https:\/\/www.ariasassessors.com\/wp-content\/uploads\/2021\/01\/Arias_Blog_IMAGEN_DESTACADA-6.png\" \/>\n\t<meta property=\"og:image:width\" content=\"1920\" \/>\n\t<meta property=\"og:image:height\" content=\"1202\" \/>\n\t<meta property=\"og:image:type\" content=\"image\/png\" \/>\n<meta name=\"author\" content=\"Raul Arias\" \/>\n<meta name=\"twitter:card\" content=\"summary_large_image\" \/>\n<meta name=\"twitter:creator\" content=\"@ariasassessors\" \/>\n<meta name=\"twitter:site\" content=\"@ariasassessors\" \/>\n<meta name=\"twitter:label1\" content=\"Escrit per\" \/>\n\t<meta name=\"twitter:data1\" content=\"Raul Arias\" \/>\n\t<meta name=\"twitter:label2\" content=\"Temps estimat de lectura\" \/>\n\t<meta name=\"twitter:data2\" content=\"2 minuts\" \/>\n<script type=\"application\/ld+json\" class=\"yoast-schema-graph\">{\"@context\":\"https:\/\/schema.org\",\"@graph\":[{\"@type\":\"Article\",\"@id\":\"https:\/\/www.ariasassessors.com\/ca\/los-pge-posibilitan-aplazar-las-cuotas-de-seguridad-social-y-autonomos\/#article\",\"isPartOf\":{\"@id\":\"https:\/\/www.ariasassessors.com\/ca\/los-pge-posibilitan-aplazar-las-cuotas-de-seguridad-social-y-autonomos\/\"},\"author\":{\"name\":\"Raul Arias\",\"@id\":\"https:\/\/www.ariasassessors.com\/#\/schema\/person\/31e56f9d79e07edcad0513599b863b5a\"},\"headline\":\"Los PGE posibilitan aplazar las cuotas de Seguridad Social y aut\u00f3nomos\",\"datePublished\":\"2021-01-20T09:02:48+00:00\",\"dateModified\":\"2021-01-20T09:02:48+00:00\",\"mainEntityOfPage\":{\"@id\":\"https:\/\/www.ariasassessors.com\/ca\/los-pge-posibilitan-aplazar-las-cuotas-de-seguridad-social-y-autonomos\/\"},\"wordCount\":398,\"commentCount\":0,\"publisher\":{\"@id\":\"https:\/\/www.ariasassessors.com\/#organization\"},\"image\":{\"@id\":\"https:\/\/www.ariasassessors.com\/ca\/los-pge-posibilitan-aplazar-las-cuotas-de-seguridad-social-y-autonomos\/#primaryimage\"},\"thumbnailUrl\":\"https:\/\/www.ariasassessors.com\/wp-content\/uploads\/2021\/01\/Arias_Blog_IMAGEN_DESTACADA-6.png\",\"keywords\":[\"autonomo\",\"cuota\",\"pge\",\"Seguridad Social\"],\"articleSection\":[\"noticies\"],\"inLanguage\":\"ca\",\"potentialAction\":[{\"@type\":\"CommentAction\",\"name\":\"Comment\",\"target\":[\"https:\/\/www.ariasassessors.com\/ca\/los-pge-posibilitan-aplazar-las-cuotas-de-seguridad-social-y-autonomos\/#respond\"]}]},{\"@type\":\"WebPage\",\"@id\":\"https:\/\/www.ariasassessors.com\/ca\/los-pge-posibilitan-aplazar-las-cuotas-de-seguridad-social-y-autonomos\/\",\"url\":\"https:\/\/www.ariasassessors.com\/ca\/los-pge-posibilitan-aplazar-las-cuotas-de-seguridad-social-y-autonomos\/\",\"name\":\"Los PGE posibilitan aplazar las cuotas de Seguridad Social y aut\u00f3nomos | Arias Assessors\",\"isPartOf\":{\"@id\":\"https:\/\/www.ariasassessors.com\/#website\"},\"primaryImageOfPage\":{\"@id\":\"https:\/\/www.ariasassessors.com\/ca\/los-pge-posibilitan-aplazar-las-cuotas-de-seguridad-social-y-autonomos\/#primaryimage\"},\"image\":{\"@id\":\"https:\/\/www.ariasassessors.com\/ca\/los-pge-posibilitan-aplazar-las-cuotas-de-seguridad-social-y-autonomos\/#primaryimage\"},\"thumbnailUrl\":\"https:\/\/www.ariasassessors.com\/wp-content\/uploads\/2021\/01\/Arias_Blog_IMAGEN_DESTACADA-6.png\",\"datePublished\":\"2021-01-20T09:02:48+00:00\",\"dateModified\":\"2021-01-20T09:02:48+00:00\",\"description\":\"Los PGE posibilitan aplazar la cuota de Seguridad Social y aut\u00f3nomos con un 0'5% de inter\u00e9s para estes meses\",\"breadcrumb\":{\"@id\":\"https:\/\/www.ariasassessors.com\/ca\/los-pge-posibilitan-aplazar-las-cuotas-de-seguridad-social-y-autonomos\/#breadcrumb\"},\"inLanguage\":\"ca\",\"potentialAction\":[{\"@type\":\"ReadAction\",\"target\":[\"https:\/\/www.ariasassessors.com\/ca\/los-pge-posibilitan-aplazar-las-cuotas-de-seguridad-social-y-autonomos\/\"]}]},{\"@type\":\"ImageObject\",\"inLanguage\":\"ca\",\"@id\":\"https:\/\/www.ariasassessors.com\/ca\/los-pge-posibilitan-aplazar-las-cuotas-de-seguridad-social-y-autonomos\/#primaryimage\",\"url\":\"https:\/\/www.ariasassessors.com\/wp-content\/uploads\/2021\/01\/Arias_Blog_IMAGEN_DESTACADA-6.png\",\"contentUrl\":\"https:\/\/www.ariasassessors.com\/wp-content\/uploads\/2021\/01\/Arias_Blog_IMAGEN_DESTACADA-6.png\",\"width\":1920,\"height\":1202,\"caption\":\"PGE APLAZAR CUOTA AUTONOMO SS\"},{\"@type\":\"BreadcrumbList\",\"@id\":\"https:\/\/www.ariasassessors.com\/ca\/los-pge-posibilitan-aplazar-las-cuotas-de-seguridad-social-y-autonomos\/#breadcrumb\",\"itemListElement\":[{\"@type\":\"ListItem\",\"position\":1,\"name\":\"Portada\",\"item\":\"https:\/\/www.ariasassessors.com\/ca\/\"},{\"@type\":\"ListItem\",\"position\":2,\"name\":\"Los PGE posibilitan aplazar las cuotas de Seguridad Social y aut\u00f3nomos\"}]},{\"@type\":\"WebSite\",\"@id\":\"https:\/\/www.ariasassessors.com\/#website\",\"url\":\"https:\/\/www.ariasassessors.com\/\",\"name\":\"Arias Assessors\",\"description\":\"Asesor\u00eda para aut\u00f3nomos, profesionales y PYMES\",\"publisher\":{\"@id\":\"https:\/\/www.ariasassessors.com\/#organization\"},\"potentialAction\":[{\"@type\":\"SearchAction\",\"target\":{\"@type\":\"EntryPoint\",\"urlTemplate\":\"https:\/\/www.ariasassessors.com\/?s={search_term_string}\"},\"query-input\":{\"@type\":\"PropertyValueSpecification\",\"valueRequired\":true,\"valueName\":\"search_term_string\"}}],\"inLanguage\":\"ca\"},{\"@type\":\"Organization\",\"@id\":\"https:\/\/www.ariasassessors.com\/#organization\",\"name\":\"Arias Assessors\",\"url\":\"https:\/\/www.ariasassessors.com\/\",\"logo\":{\"@type\":\"ImageObject\",\"inLanguage\":\"ca\",\"@id\":\"https:\/\/www.ariasassessors.com\/#\/schema\/logo\/image\/\",\"url\":\"https:\/\/www.ariasassessors.com\/wp-content\/uploads\/2019\/01\/arias-logo.png\",\"contentUrl\":\"https:\/\/www.ariasassessors.com\/wp-content\/uploads\/2019\/01\/arias-logo.png\",\"width\":349,\"height\":254,\"caption\":\"Arias Assessors\"},\"image\":{\"@id\":\"https:\/\/www.ariasassessors.com\/#\/schema\/logo\/image\/\"},\"sameAs\":[\"https:\/\/www.facebook.com\/ariasassessors\/\",\"https:\/\/x.com\/ariasassessors\",\"https:\/\/www.linkedin.com\/company\/r&amp;amp;r-growing-knowledge\/\"]},{\"@type\":\"Person\",\"@id\":\"https:\/\/www.ariasassessors.com\/#\/schema\/person\/31e56f9d79e07edcad0513599b863b5a\",\"name\":\"Raul Arias\",\"image\":{\"@type\":\"ImageObject\",\"inLanguage\":\"ca\",\"@id\":\"https:\/\/www.ariasassessors.com\/#\/schema\/person\/image\/\",\"url\":\"https:\/\/secure.gravatar.com\/avatar\/c4b15316f6e35082f0ca6aa967d452bf?s=96&d=mm&r=g\",\"contentUrl\":\"https:\/\/secure.gravatar.com\/avatar\/c4b15316f6e35082f0ca6aa967d452bf?s=96&d=mm&r=g\",\"caption\":\"Raul Arias\"}}]}<\/script>\n<!-- \/ Yoast SEO plugin. -->","yoast_head_json":{"title":"Los PGE posibilitan aplazar las cuotas de Seguridad Social y aut\u00f3nomos | Arias Assessors","description":"Los PGE posibilitan aplazar la cuota de Seguridad Social y aut\u00f3nomos con un 0'5% de inter\u00e9s para estes meses","robots":{"index":"index","follow":"follow","max-snippet":"max-snippet:-1","max-image-preview":"max-image-preview:large","max-video-preview":"max-video-preview:-1"},"canonical":"https:\/\/www.ariasassessors.com\/ca\/los-pge-posibilitan-aplazar-las-cuotas-de-seguridad-social-y-autonomos\/","og_locale":"ca_ES","og_type":"article","og_title":"Los PGE posibilitan aplazar las cuotas de Seguridad Social y aut\u00f3nomos | Arias Assessors","og_description":"Los PGE posibilitan aplazar la cuota de Seguridad Social y aut\u00f3nomos con un 0'5% de inter\u00e9s para estes meses","og_url":"https:\/\/www.ariasassessors.com\/ca\/los-pge-posibilitan-aplazar-las-cuotas-de-seguridad-social-y-autonomos\/","og_site_name":"Arias Assessors","article_publisher":"https:\/\/www.facebook.com\/ariasassessors\/","article_published_time":"2021-01-20T09:02:48+00:00","og_image":[{"width":1920,"height":1202,"url":"https:\/\/www.ariasassessors.com\/wp-content\/uploads\/2021\/01\/Arias_Blog_IMAGEN_DESTACADA-6.png","type":"image\/png"}],"author":"Raul Arias","twitter_card":"summary_large_image","twitter_creator":"@ariasassessors","twitter_site":"@ariasassessors","twitter_misc":{"Escrit per":"Raul Arias","Temps estimat de lectura":"2 minuts"},"schema":{"@context":"https:\/\/schema.org","@graph":[{"@type":"Article","@id":"https:\/\/www.ariasassessors.com\/ca\/los-pge-posibilitan-aplazar-las-cuotas-de-seguridad-social-y-autonomos\/#article","isPartOf":{"@id":"https:\/\/www.ariasassessors.com\/ca\/los-pge-posibilitan-aplazar-las-cuotas-de-seguridad-social-y-autonomos\/"},"author":{"name":"Raul Arias","@id":"https:\/\/www.ariasassessors.com\/#\/schema\/person\/31e56f9d79e07edcad0513599b863b5a"},"headline":"Los PGE posibilitan aplazar las cuotas de Seguridad Social y aut\u00f3nomos","datePublished":"2021-01-20T09:02:48+00:00","dateModified":"2021-01-20T09:02:48+00:00","mainEntityOfPage":{"@id":"https:\/\/www.ariasassessors.com\/ca\/los-pge-posibilitan-aplazar-las-cuotas-de-seguridad-social-y-autonomos\/"},"wordCount":398,"commentCount":0,"publisher":{"@id":"https:\/\/www.ariasassessors.com\/#organization"},"image":{"@id":"https:\/\/www.ariasassessors.com\/ca\/los-pge-posibilitan-aplazar-las-cuotas-de-seguridad-social-y-autonomos\/#primaryimage"},"thumbnailUrl":"https:\/\/www.ariasassessors.com\/wp-content\/uploads\/2021\/01\/Arias_Blog_IMAGEN_DESTACADA-6.png","keywords":["autonomo","cuota","pge","Seguridad Social"],"articleSection":["noticies"],"inLanguage":"ca","potentialAction":[{"@type":"CommentAction","name":"Comment","target":["https:\/\/www.ariasassessors.com\/ca\/los-pge-posibilitan-aplazar-las-cuotas-de-seguridad-social-y-autonomos\/#respond"]}]},{"@type":"WebPage","@id":"https:\/\/www.ariasassessors.com\/ca\/los-pge-posibilitan-aplazar-las-cuotas-de-seguridad-social-y-autonomos\/","url":"https:\/\/www.ariasassessors.com\/ca\/los-pge-posibilitan-aplazar-las-cuotas-de-seguridad-social-y-autonomos\/","name":"Los PGE posibilitan aplazar las cuotas de Seguridad Social y aut\u00f3nomos | Arias Assessors","isPartOf":{"@id":"https:\/\/www.ariasassessors.com\/#website"},"primaryImageOfPage":{"@id":"https:\/\/www.ariasassessors.com\/ca\/los-pge-posibilitan-aplazar-las-cuotas-de-seguridad-social-y-autonomos\/#primaryimage"},"image":{"@id":"https:\/\/www.ariasassessors.com\/ca\/los-pge-posibilitan-aplazar-las-cuotas-de-seguridad-social-y-autonomos\/#primaryimage"},"thumbnailUrl":"https:\/\/www.ariasassessors.com\/wp-content\/uploads\/2021\/01\/Arias_Blog_IMAGEN_DESTACADA-6.png","datePublished":"2021-01-20T09:02:48+00:00","dateModified":"2021-01-20T09:02:48+00:00","description":"Los PGE posibilitan aplazar la cuota de Seguridad Social y aut\u00f3nomos con un 0'5% de inter\u00e9s para estes meses","breadcrumb":{"@id":"https:\/\/www.ariasassessors.com\/ca\/los-pge-posibilitan-aplazar-las-cuotas-de-seguridad-social-y-autonomos\/#breadcrumb"},"inLanguage":"ca","potentialAction":[{"@type":"ReadAction","target":["https:\/\/www.ariasassessors.com\/ca\/los-pge-posibilitan-aplazar-las-cuotas-de-seguridad-social-y-autonomos\/"]}]},{"@type":"ImageObject","inLanguage":"ca","@id":"https:\/\/www.ariasassessors.com\/ca\/los-pge-posibilitan-aplazar-las-cuotas-de-seguridad-social-y-autonomos\/#primaryimage","url":"https:\/\/www.ariasassessors.com\/wp-content\/uploads\/2021\/01\/Arias_Blog_IMAGEN_DESTACADA-6.png","contentUrl":"https:\/\/www.ariasassessors.com\/wp-content\/uploads\/2021\/01\/Arias_Blog_IMAGEN_DESTACADA-6.png","width":1920,"height":1202,"caption":"PGE APLAZAR CUOTA AUTONOMO SS"},{"@type":"BreadcrumbList","@id":"https:\/\/www.ariasassessors.com\/ca\/los-pge-posibilitan-aplazar-las-cuotas-de-seguridad-social-y-autonomos\/#breadcrumb","itemListElement":[{"@type":"ListItem","position":1,"name":"Portada","item":"https:\/\/www.ariasassessors.com\/ca\/"},{"@type":"ListItem","position":2,"name":"Los PGE posibilitan aplazar las cuotas de Seguridad Social y aut\u00f3nomos"}]},{"@type":"WebSite","@id":"https:\/\/www.ariasassessors.com\/#website","url":"https:\/\/www.ariasassessors.com\/","name":"Arias Assessors","description":"Asesor\u00eda para aut\u00f3nomos, profesionales y PYMES","publisher":{"@id":"https:\/\/www.ariasassessors.com\/#organization"},"potentialAction":[{"@type":"SearchAction","target":{"@type":"EntryPoint","urlTemplate":"https:\/\/www.ariasassessors.com\/?s={search_term_string}"},"query-input":{"@type":"PropertyValueSpecification","valueRequired":true,"valueName":"search_term_string"}}],"inLanguage":"ca"},{"@type":"Organization","@id":"https:\/\/www.ariasassessors.com\/#organization","name":"Arias Assessors","url":"https:\/\/www.ariasassessors.com\/","logo":{"@type":"ImageObject","inLanguage":"ca","@id":"https:\/\/www.ariasassessors.com\/#\/schema\/logo\/image\/","url":"https:\/\/www.ariasassessors.com\/wp-content\/uploads\/2019\/01\/arias-logo.png","contentUrl":"https:\/\/www.ariasassessors.com\/wp-content\/uploads\/2019\/01\/arias-logo.png","width":349,"height":254,"caption":"Arias Assessors"},"image":{"@id":"https:\/\/www.ariasassessors.com\/#\/schema\/logo\/image\/"},"sameAs":["https:\/\/www.facebook.com\/ariasassessors\/","https:\/\/x.com\/ariasassessors","https:\/\/www.linkedin.com\/company\/r&amp;amp;r-growing-knowledge\/"]},{"@type":"Person","@id":"https:\/\/www.ariasassessors.com\/#\/schema\/person\/31e56f9d79e07edcad0513599b863b5a","name":"Raul Arias","image":{"@type":"ImageObject","inLanguage":"ca","@id":"https:\/\/www.ariasassessors.com\/#\/schema\/person\/image\/","url":"https:\/\/secure.gravatar.com\/avatar\/c4b15316f6e35082f0ca6aa967d452bf?s=96&d=mm&r=g","contentUrl":"https:\/\/secure.gravatar.com\/avatar\/c4b15316f6e35082f0ca6aa967d452bf?s=96&d=mm&r=g","caption":"Raul Arias"}}]}},"_links":{"self":[{"href":"https:\/\/www.ariasassessors.com\/ca\/wp-json\/wp\/v2\/posts\/1449","targetHints":{"allow":["GET"]}}],"collection":[{"href":"https:\/\/www.ariasassessors.com\/ca\/wp-json\/wp\/v2\/posts"}],"about":[{"href":"https:\/\/www.ariasassessors.com\/ca\/wp-json\/wp\/v2\/types\/post"}],"author":[{"embeddable":true,"href":"https:\/\/www.ariasassessors.com\/ca\/wp-json\/wp\/v2\/users\/3"}],"replies":[{"embeddable":true,"href":"https:\/\/www.ariasassessors.com\/ca\/wp-json\/wp\/v2\/comments?post=1449"}],"version-history":[{"count":0,"href":"https:\/\/www.ariasassessors.com\/ca\/wp-json\/wp\/v2\/posts\/1449\/revisions"}],"wp:featuredmedia":[{"embeddable":true,"href":"https:\/\/www.ariasassessors.com\/ca\/wp-json\/wp\/v2\/media\/1410"}],"wp:attachment":[{"href":"https:\/\/www.ariasassessors.com\/ca\/wp-json\/wp\/v2\/media?parent=1449"}],"wp:term":[{"taxonomy":"category","embeddable":true,"href":"https:\/\/www.ariasassessors.com\/ca\/wp-json\/wp\/v2\/categories?post=1449"},{"taxonomy":"post_tag","embeddable":true,"href":"https:\/\/www.ariasassessors.com\/ca\/wp-json\/wp\/v2\/tags?post=1449"}],"curies":[{"name":"wp","href":"https:\/\/api.w.org\/{rel}","templated":true}]}}