{"id":1450,"date":"2021-01-29T12:56:04","date_gmt":"2021-01-29T11:56:04","guid":{"rendered":"https:\/\/www.ariasassessors.com\/nuevas-prestaciones-para-autonomos-afectados-por-la-covid19\/"},"modified":"2021-01-29T12:56:04","modified_gmt":"2021-01-29T11:56:04","slug":"nuevas-prestaciones-para-autonomos-afectados-por-la-covid19","status":"publish","type":"post","link":"https:\/\/www.ariasassessors.com\/ca\/nuevas-prestaciones-para-autonomos-afectados-por-la-covid19\/","title":{"rendered":"Nuevas ayudas para aut\u00f3nomos afectados por la Covid19"},"content":{"rendered":"<p>Tras la publicaci\u00f3n en el <a href=\"https:\/\/www.boe.es\/diario_boe\/txt.php?id=BOE-A-2021-1130\">BOE del RD-LEY 2\/2021, de 26 de enero<\/a>, de refuerzo y consolidaci\u00f3n de medidas sociales en defensa del empleo (BOE n\u00fam. 23 de 27\/01\/2021), te explicamos las prestaciones y ayudas para aut\u00f3nomos que se han aprobado.<\/p>\n<p><!--more--><\/p>\n<p>El Gobierno flexibiliza el acceso a las prestaciones creadas por cese de la actividad a trav\u00e9s varias v\u00edas. Entre ellas, puede que la m\u00e1s destacada sea que a partir de ahora se relaja la exigencia de ca\u00edda de ingresos del 75% al 50% para poder acceder a las prestaciones por cese.<\/p>\n<p>Tambi\u00e9n se suprime el requisito de tener que haber sido beneficiario de la prestaci\u00f3n extraordinaria por cese de actividad hasta el 30 de junio 2020, durante el primer estado de alarma, para poder beneficiarse de estas ayudas, un criterio que hab\u00eda generado\u00a0un vac\u00edo de protecci\u00f3n.<\/p>\n<div id=\"ez-toc-container\" class=\"ez-toc-v2_0_72 counter-hierarchy ez-toc-counter ez-toc-grey ez-toc-container-direction\">\n<div class=\"ez-toc-title-container\">\n<p class=\"ez-toc-title\" style=\"cursor:inherit\">\u00cdndice de Contenidos<\/p>\n<span class=\"ez-toc-title-toggle\"><a href=\"#\" class=\"ez-toc-pull-right ez-toc-btn ez-toc-btn-xs ez-toc-btn-default ez-toc-toggle\" aria-label=\"Toggle Table of Content\"><span class=\"ez-toc-js-icon-con\"><span class=\"\"><span class=\"eztoc-hide\" style=\"display:none;\">Toggle<\/span><span class=\"ez-toc-icon-toggle-span\"><svg style=\"fill: #428bca;color:#428bca\" xmlns=\"http:\/\/www.w3.org\/2000\/svg\" class=\"list-377408\" width=\"20px\" height=\"20px\" viewBox=\"0 0 24 24\" fill=\"none\"><path d=\"M6 6H4v2h2V6zm14 0H8v2h12V6zM4 11h2v2H4v-2zm16 0H8v2h12v-2zM4 16h2v2H4v-2zm16 0H8v2h12v-2z\" fill=\"currentColor\"><\/path><\/svg><svg style=\"fill: #428bca;color:#428bca\" class=\"arrow-unsorted-368013\" xmlns=\"http:\/\/www.w3.org\/2000\/svg\" width=\"10px\" height=\"10px\" viewBox=\"0 0 24 24\" version=\"1.2\" baseProfile=\"tiny\"><path d=\"M18.2 9.3l-6.2-6.3-6.2 6.3c-.2.2-.3.4-.3.7s.1.5.3.7c.2.2.4.3.7.3h11c.3 0 .5-.1.7-.3.2-.2.3-.5.3-.7s-.1-.5-.3-.7zM5.8 14.7l6.2 6.3 6.2-6.3c.2-.2.3-.5.3-.7s-.1-.5-.3-.7c-.2-.2-.4-.3-.7-.3h-11c-.3 0-.5.1-.7.3-.2.2-.3.5-.3.7s.1.5.3.7z\"\/><\/svg><\/span><\/span><\/span><\/a><\/span><\/div>\n<nav><ul class='ez-toc-list ez-toc-list-level-1 eztoc-toggle-hide-by-default' ><li class='ez-toc-page-1 ez-toc-heading-level-2'><a class=\"ez-toc-link ez-toc-heading-1\" href=\"https:\/\/www.ariasassessors.com\/ca\/nuevas-prestaciones-para-autonomos-afectados-por-la-covid19\/#%C2%BFQue_ayudas_se_han_aprobado\" title=\"\u00bfQu\u00e9 ayudas se han aprobado?\">\u00bfQu\u00e9 ayudas se han aprobado?<\/a><\/li><li class='ez-toc-page-1 ez-toc-heading-level-2'><a class=\"ez-toc-link ez-toc-heading-2\" href=\"https:\/\/www.ariasassessors.com\/ca\/nuevas-prestaciones-para-autonomos-afectados-por-la-covid19\/#%C2%BFQue_duracion_tienen_las_prestaciones\" title=\"\u00bfQu\u00e9 duraci\u00f3n tienen las prestaciones?\">\u00bfQu\u00e9 duraci\u00f3n tienen las prestaciones?<\/a><\/li><li class='ez-toc-page-1 ez-toc-heading-level-2'><a class=\"ez-toc-link ez-toc-heading-3\" href=\"https:\/\/www.ariasassessors.com\/ca\/nuevas-prestaciones-para-autonomos-afectados-por-la-covid19\/#%C2%BFQue_cantidad_voy_a_percibir_de_la_prestacion\" title=\"\u00bfQu\u00e9 cantidad voy a percibir de la prestaci\u00f3n?\">\u00bfQu\u00e9 cantidad voy a percibir de la prestaci\u00f3n?<\/a><\/li><li class='ez-toc-page-1 ez-toc-heading-level-2'><a class=\"ez-toc-link ez-toc-heading-4\" href=\"https:\/\/www.ariasassessors.com\/ca\/nuevas-prestaciones-para-autonomos-afectados-por-la-covid19\/#%C2%BFDonde_y_cuando_realizar_la_peticion_de_la_prestacion\" title=\"\u00bfD\u00f3nde y cu\u00e1ndo realizar la petici\u00f3n de la prestaci\u00f3n?\">\u00bfD\u00f3nde y cu\u00e1ndo realizar la petici\u00f3n de la prestaci\u00f3n?<\/a><\/li><\/ul><\/nav><\/div>\n<h2><span class=\"ez-toc-section\" id=\"%C2%BFQue_ayudas_se_han_aprobado\"><\/span><strong>\u00bfQu\u00e9 ayudas se han aprobado?<\/strong><span class=\"ez-toc-section-end\"><\/span><\/h2>\n<p>La protecci\u00f3n para los aut\u00f3nomos se seguir\u00e1 articulando en torno a las siguientes cuatro prestaciones:<\/p>\n<ol>\n<li><strong>La prestaci\u00f3n por suspensi\u00f3n de actividad<\/strong>, es decir, que se obligue al cierre de una actividad en virtud de una nueva resoluci\u00f3n que el Gobierno pueda adoptar al respecto.<\/li>\n<li><strong>La prestaci\u00f3n compatible con la actividad cuando haya ca\u00edda de ingresos<\/strong>.\n<ul>\n<li>Requisitos:\n<ul>\n<li>Acreditar en el primer semestre de 2021 una reducci\u00f3n de los ingresos por cuenta propia de m\u00e1s del 50 % de los habidos en el segundo semestre de 2019.<\/li>\n<li>No haber obtenido durante el semestre indicado de 2021 unos rendimientos netos computables fiscalmente superiores a 7.980 euros.<\/li>\n<\/ul>\n<\/li>\n<li>Para el c\u00e1lculo de la reducci\u00f3n de ingresos se tendr\u00e1 en cuenta el periodo en alta en el segundo semestre de 2019 y se comparar\u00e1 con la parte proporcional de los ingresos habidos en el primer semestre de 2021 en la misma proporci\u00f3n.<\/li>\n<\/ul>\n<\/li>\n<li><strong>La prestaci\u00f3n extraordinaria prevista para quienes no puedan acceder a las dos ayudas anteriores. <\/strong>\n<ul>\n<li>Requisitos:\n<ul>\n<li>Estar dado de alta y al corriente en el pago de las cuotas desde antes del 1 de abril de 2020.<\/li>\n<li>De no estar al corriente en el pago se invita en plazo 30 d\u00edas a liquidar la deuda. &#8211; No tener rendimientos netos computables fiscalmente procedentes de la actividad por cuenta propia en el primer semestre de 2021 superiores a 6.650 euros.<\/li>\n<li>Acreditar en el primer semestre del 2021 unos ingresos computables fiscalmente de la actividad por cuenta propia inferiores a los habidos en el primer trimestre de 2020. Para el c\u00e1lculo de la reducci\u00f3n de ingresos se tendr\u00e1 en cuenta el periodo en alta en el primer trimestre del a\u00f1o 2020 y se comparar\u00e1 con la parte proporcional de los ingresos habidos en el primer semestre de 2021 en la misma proporci\u00f3n.<\/li>\n<\/ul>\n<\/li>\n<\/ul>\n<\/li>\n<li><strong>Prestaci\u00f3n para aut\u00f3nomos de temporada<\/strong>.\n<ul>\n<li>Requisitos:\n<ul>\n<li>Haber estado de alta y cotizado en el RETA o RETMAR como trabajador por cuenta propia durante un m\u00ednimo de cuatro meses y un m\u00e1ximo de seis meses de cada uno de los a\u00f1os 2018 y 2019, siempre que ese marco temporal abarque un m\u00ednimo de dos meses en la primera mitad del a\u00f1o.<\/li>\n<li>No haber estado en alta o asimilado al alta como trabajador por cuenta ajena en el r\u00e9gimen de Seguridad Social correspondiente m\u00e1s de 60 d\u00edas durante el primer semestre del a\u00f1o 2021.<\/li>\n<li>No obtener durante la primera mitad del a\u00f1o 2021 unos ingresos netos computables fiscalmente que superen los 6.650 euros.<\/li>\n<li>Hallarse al corriente en el pago de las cuotas a la Seguridad Social. De lo contrario se invita al pago en 30 d\u00edas.<\/li>\n<\/ul>\n<\/li>\n<\/ul>\n<\/li>\n<\/ol>\n<h2><span class=\"ez-toc-section\" id=\"%C2%BFQue_duracion_tienen_las_prestaciones\"><\/span><strong>\u00bfQu\u00e9 duraci\u00f3n tienen las prestaciones?<\/strong><span class=\"ez-toc-section-end\"><\/span><\/h2>\n<p>Todas las prestaciones tienen un per\u00edodo de duraci\u00f3n inicialmente previsto desde el 1 de Febrero de 2021 hasta el 31 de Mayo de 2021.<\/p>\n<p>&nbsp;<\/p>\n<h2><span class=\"ez-toc-section\" id=\"%C2%BFQue_cantidad_voy_a_percibir_de_la_prestacion\"><\/span><strong>\u00bfQu\u00e9 cantidad voy a percibir de la prestaci\u00f3n?<\/strong><span class=\"ez-toc-section-end\"><\/span><\/h2>\n<p>La cuant\u00eda a percibir en general es un 50%-70% sobre la base de cotizaci\u00f3n del aut\u00f3nomo, aunque existen particularidades seg\u00fan cada prestaci\u00f3n (en el caso de los aut\u00f3nomos de temporada la prestaci\u00f3n es del 70% sobre la base de cotizaci\u00f3n). Tambi\u00e9n los requisitos de acceso y las bonificaciones\/exoneraciones en cuanto a la cuota de Seguridad Social var\u00edan en funci\u00f3n de la ayuda a la que se pueda optar.<\/p>\n<h2><span class=\"ez-toc-section\" id=\"%C2%BFDonde_y_cuando_realizar_la_peticion_de_la_prestacion\"><\/span><strong>\u00bfD\u00f3nde y cu\u00e1ndo realizar la petici\u00f3n de la prestaci\u00f3n?<\/strong><span class=\"ez-toc-section-end\"><\/span><\/h2>\n<p>La solicitud debe realizarse en general entre el 1 y 21 de Febrero de 2021 ante la respectiva mutua colaboradora del trabajador aut\u00f3nomo.<\/p>\n<p><!--more--><\/p>\n<p>En caso de dudas al respecto, o de querer que realicemos nosotros la tramitaci\u00f3n, pueden ponerse en <a href=\"https:\/\/www.ariasassessors.com\/ca\/contacte\/\">contacto con nosotros<\/a> a trav\u00e9s de Lidia P\u00e9rez, por tel\u00e9fono o en el mail <a href=\"mailto:fiscal@ariasassessors.com\">fiscal@ariasassessors.com<\/a>, y les informaremos del coste y del proceso de tramitaci\u00f3n.<\/p>\n<p>&nbsp;<\/p>\n","protected":false},"excerpt":{"rendered":"<p>Tras la publicaci\u00f3n en el BOE del RD-LEY 2\/2021, de 26 de enero, de refuerzo y consolidaci\u00f3n de medidas sociales en defensa del empleo (BOE n\u00fam. 23 de 27\/01\/2021), te explicamos las prestaciones y ayudas para aut\u00f3nomos que se han aprobado.<\/p>\n","protected":false},"author":3,"featured_media":1420,"comment_status":"open","ping_status":"open","sticky":false,"template":"","format":"standard","meta":{"footnotes":""},"categories":[4],"tags":[],"class_list":["post-1450","post","type-post","status-publish","format-standard","has-post-thumbnail","hentry","category-noticies"],"yoast_head":"<!-- This site is optimized with the Yoast SEO plugin v24.3 - https:\/\/yoast.com\/wordpress\/plugins\/seo\/ -->\n<title>Nuevas ayudas para aut\u00f3nomos afectados por la Covid19 | Arias Assessors<\/title>\n<meta name=\"description\" content=\"Se han aprobado nuevas prestaciones para los trabajadores aut\u00f3nomos afectados por la Covid19. Te explicamos los detalles.\" \/>\n<meta name=\"robots\" content=\"index, follow, max-snippet:-1, max-image-preview:large, max-video-preview:-1\" \/>\n<link rel=\"canonical\" href=\"https:\/\/www.ariasassessors.com\/ca\/nuevas-prestaciones-para-autonomos-afectados-por-la-covid19\/\" \/>\n<meta property=\"og:locale\" content=\"ca_ES\" \/>\n<meta property=\"og:type\" content=\"article\" \/>\n<meta property=\"og:title\" content=\"Nuevas ayudas para aut\u00f3nomos afectados por la Covid19 | Arias Assessors\" \/>\n<meta property=\"og:description\" content=\"Se han aprobado nuevas prestaciones para los trabajadores aut\u00f3nomos afectados por la Covid19. Te explicamos los detalles.\" \/>\n<meta property=\"og:url\" content=\"https:\/\/www.ariasassessors.com\/ca\/nuevas-prestaciones-para-autonomos-afectados-por-la-covid19\/\" \/>\n<meta property=\"og:site_name\" content=\"Arias Assessors\" \/>\n<meta property=\"article:publisher\" content=\"https:\/\/www.facebook.com\/ariasassessors\/\" \/>\n<meta property=\"article:published_time\" content=\"2021-01-29T11:56:04+00:00\" \/>\n<meta property=\"og:image\" content=\"https:\/\/www.ariasassessors.com\/wp-content\/uploads\/2021\/01\/IMAGEN_DESTACADA_Autonomos.png\" \/>\n\t<meta property=\"og:image:width\" content=\"1920\" \/>\n\t<meta property=\"og:image:height\" content=\"1202\" \/>\n\t<meta property=\"og:image:type\" content=\"image\/png\" \/>\n<meta name=\"author\" content=\"Raul Arias\" \/>\n<meta name=\"twitter:card\" content=\"summary_large_image\" \/>\n<meta name=\"twitter:creator\" content=\"@ariasassessors\" \/>\n<meta name=\"twitter:site\" content=\"@ariasassessors\" \/>\n<meta name=\"twitter:label1\" content=\"Escrit per\" \/>\n\t<meta name=\"twitter:data1\" content=\"Raul Arias\" \/>\n\t<meta name=\"twitter:label2\" content=\"Temps estimat de lectura\" \/>\n\t<meta name=\"twitter:data2\" content=\"4 minuts\" \/>\n<script type=\"application\/ld+json\" class=\"yoast-schema-graph\">{\"@context\":\"https:\/\/schema.org\",\"@graph\":[{\"@type\":\"Article\",\"@id\":\"https:\/\/www.ariasassessors.com\/ca\/nuevas-prestaciones-para-autonomos-afectados-por-la-covid19\/#article\",\"isPartOf\":{\"@id\":\"https:\/\/www.ariasassessors.com\/ca\/nuevas-prestaciones-para-autonomos-afectados-por-la-covid19\/\"},\"author\":{\"name\":\"Raul Arias\",\"@id\":\"https:\/\/www.ariasassessors.com\/#\/schema\/person\/31e56f9d79e07edcad0513599b863b5a\"},\"headline\":\"Nuevas ayudas para aut\u00f3nomos afectados por la Covid19\",\"datePublished\":\"2021-01-29T11:56:04+00:00\",\"dateModified\":\"2021-01-29T11:56:04+00:00\",\"mainEntityOfPage\":{\"@id\":\"https:\/\/www.ariasassessors.com\/ca\/nuevas-prestaciones-para-autonomos-afectados-por-la-covid19\/\"},\"wordCount\":794,\"commentCount\":0,\"publisher\":{\"@id\":\"https:\/\/www.ariasassessors.com\/#organization\"},\"image\":{\"@id\":\"https:\/\/www.ariasassessors.com\/ca\/nuevas-prestaciones-para-autonomos-afectados-por-la-covid19\/#primaryimage\"},\"thumbnailUrl\":\"https:\/\/www.ariasassessors.com\/wp-content\/uploads\/2021\/01\/IMAGEN_DESTACADA_Autonomos.png\",\"articleSection\":[\"noticies\"],\"inLanguage\":\"ca\",\"potentialAction\":[{\"@type\":\"CommentAction\",\"name\":\"Comment\",\"target\":[\"https:\/\/www.ariasassessors.com\/ca\/nuevas-prestaciones-para-autonomos-afectados-por-la-covid19\/#respond\"]}]},{\"@type\":\"WebPage\",\"@id\":\"https:\/\/www.ariasassessors.com\/ca\/nuevas-prestaciones-para-autonomos-afectados-por-la-covid19\/\",\"url\":\"https:\/\/www.ariasassessors.com\/ca\/nuevas-prestaciones-para-autonomos-afectados-por-la-covid19\/\",\"name\":\"Nuevas ayudas para aut\u00f3nomos afectados por la Covid19 | Arias Assessors\",\"isPartOf\":{\"@id\":\"https:\/\/www.ariasassessors.com\/#website\"},\"primaryImageOfPage\":{\"@id\":\"https:\/\/www.ariasassessors.com\/ca\/nuevas-prestaciones-para-autonomos-afectados-por-la-covid19\/#primaryimage\"},\"image\":{\"@id\":\"https:\/\/www.ariasassessors.com\/ca\/nuevas-prestaciones-para-autonomos-afectados-por-la-covid19\/#primaryimage\"},\"thumbnailUrl\":\"https:\/\/www.ariasassessors.com\/wp-content\/uploads\/2021\/01\/IMAGEN_DESTACADA_Autonomos.png\",\"datePublished\":\"2021-01-29T11:56:04+00:00\",\"dateModified\":\"2021-01-29T11:56:04+00:00\",\"description\":\"Se han aprobado nuevas prestaciones para los trabajadores aut\u00f3nomos afectados por la Covid19. Te explicamos los detalles.\",\"breadcrumb\":{\"@id\":\"https:\/\/www.ariasassessors.com\/ca\/nuevas-prestaciones-para-autonomos-afectados-por-la-covid19\/#breadcrumb\"},\"inLanguage\":\"ca\",\"potentialAction\":[{\"@type\":\"ReadAction\",\"target\":[\"https:\/\/www.ariasassessors.com\/ca\/nuevas-prestaciones-para-autonomos-afectados-por-la-covid19\/\"]}]},{\"@type\":\"ImageObject\",\"inLanguage\":\"ca\",\"@id\":\"https:\/\/www.ariasassessors.com\/ca\/nuevas-prestaciones-para-autonomos-afectados-por-la-covid19\/#primaryimage\",\"url\":\"https:\/\/www.ariasassessors.com\/wp-content\/uploads\/2021\/01\/IMAGEN_DESTACADA_Autonomos.png\",\"contentUrl\":\"https:\/\/www.ariasassessors.com\/wp-content\/uploads\/2021\/01\/IMAGEN_DESTACADA_Autonomos.png\",\"width\":1920,\"height\":1202,\"caption\":\"Nuevas prestaciones para aut\u00f3nomos afectados por la Covid19\"},{\"@type\":\"BreadcrumbList\",\"@id\":\"https:\/\/www.ariasassessors.com\/ca\/nuevas-prestaciones-para-autonomos-afectados-por-la-covid19\/#breadcrumb\",\"itemListElement\":[{\"@type\":\"ListItem\",\"position\":1,\"name\":\"Portada\",\"item\":\"https:\/\/www.ariasassessors.com\/ca\/\"},{\"@type\":\"ListItem\",\"position\":2,\"name\":\"Nuevas ayudas para aut\u00f3nomos afectados por la Covid19\"}]},{\"@type\":\"WebSite\",\"@id\":\"https:\/\/www.ariasassessors.com\/#website\",\"url\":\"https:\/\/www.ariasassessors.com\/\",\"name\":\"Arias Assessors\",\"description\":\"Asesor\u00eda para aut\u00f3nomos, profesionales y PYMES\",\"publisher\":{\"@id\":\"https:\/\/www.ariasassessors.com\/#organization\"},\"potentialAction\":[{\"@type\":\"SearchAction\",\"target\":{\"@type\":\"EntryPoint\",\"urlTemplate\":\"https:\/\/www.ariasassessors.com\/?s={search_term_string}\"},\"query-input\":{\"@type\":\"PropertyValueSpecification\",\"valueRequired\":true,\"valueName\":\"search_term_string\"}}],\"inLanguage\":\"ca\"},{\"@type\":\"Organization\",\"@id\":\"https:\/\/www.ariasassessors.com\/#organization\",\"name\":\"Arias Assessors\",\"url\":\"https:\/\/www.ariasassessors.com\/\",\"logo\":{\"@type\":\"ImageObject\",\"inLanguage\":\"ca\",\"@id\":\"https:\/\/www.ariasassessors.com\/#\/schema\/logo\/image\/\",\"url\":\"https:\/\/www.ariasassessors.com\/wp-content\/uploads\/2019\/01\/arias-logo.png\",\"contentUrl\":\"https:\/\/www.ariasassessors.com\/wp-content\/uploads\/2019\/01\/arias-logo.png\",\"width\":349,\"height\":254,\"caption\":\"Arias Assessors\"},\"image\":{\"@id\":\"https:\/\/www.ariasassessors.com\/#\/schema\/logo\/image\/\"},\"sameAs\":[\"https:\/\/www.facebook.com\/ariasassessors\/\",\"https:\/\/x.com\/ariasassessors\",\"https:\/\/www.linkedin.com\/company\/r&amp;amp;r-growing-knowledge\/\"]},{\"@type\":\"Person\",\"@id\":\"https:\/\/www.ariasassessors.com\/#\/schema\/person\/31e56f9d79e07edcad0513599b863b5a\",\"name\":\"Raul Arias\",\"image\":{\"@type\":\"ImageObject\",\"inLanguage\":\"ca\",\"@id\":\"https:\/\/www.ariasassessors.com\/#\/schema\/person\/image\/\",\"url\":\"https:\/\/secure.gravatar.com\/avatar\/c4b15316f6e35082f0ca6aa967d452bf?s=96&d=mm&r=g\",\"contentUrl\":\"https:\/\/secure.gravatar.com\/avatar\/c4b15316f6e35082f0ca6aa967d452bf?s=96&d=mm&r=g\",\"caption\":\"Raul Arias\"}}]}<\/script>\n<!-- \/ Yoast SEO plugin. -->","yoast_head_json":{"title":"Nuevas ayudas para aut\u00f3nomos afectados por la Covid19 | Arias Assessors","description":"Se han aprobado nuevas prestaciones para los trabajadores aut\u00f3nomos afectados por la Covid19. Te explicamos los detalles.","robots":{"index":"index","follow":"follow","max-snippet":"max-snippet:-1","max-image-preview":"max-image-preview:large","max-video-preview":"max-video-preview:-1"},"canonical":"https:\/\/www.ariasassessors.com\/ca\/nuevas-prestaciones-para-autonomos-afectados-por-la-covid19\/","og_locale":"ca_ES","og_type":"article","og_title":"Nuevas ayudas para aut\u00f3nomos afectados por la Covid19 | Arias Assessors","og_description":"Se han aprobado nuevas prestaciones para los trabajadores aut\u00f3nomos afectados por la Covid19. Te explicamos los detalles.","og_url":"https:\/\/www.ariasassessors.com\/ca\/nuevas-prestaciones-para-autonomos-afectados-por-la-covid19\/","og_site_name":"Arias Assessors","article_publisher":"https:\/\/www.facebook.com\/ariasassessors\/","article_published_time":"2021-01-29T11:56:04+00:00","og_image":[{"width":1920,"height":1202,"url":"https:\/\/www.ariasassessors.com\/wp-content\/uploads\/2021\/01\/IMAGEN_DESTACADA_Autonomos.png","type":"image\/png"}],"author":"Raul Arias","twitter_card":"summary_large_image","twitter_creator":"@ariasassessors","twitter_site":"@ariasassessors","twitter_misc":{"Escrit per":"Raul Arias","Temps estimat de lectura":"4 minuts"},"schema":{"@context":"https:\/\/schema.org","@graph":[{"@type":"Article","@id":"https:\/\/www.ariasassessors.com\/ca\/nuevas-prestaciones-para-autonomos-afectados-por-la-covid19\/#article","isPartOf":{"@id":"https:\/\/www.ariasassessors.com\/ca\/nuevas-prestaciones-para-autonomos-afectados-por-la-covid19\/"},"author":{"name":"Raul Arias","@id":"https:\/\/www.ariasassessors.com\/#\/schema\/person\/31e56f9d79e07edcad0513599b863b5a"},"headline":"Nuevas ayudas para aut\u00f3nomos afectados por la Covid19","datePublished":"2021-01-29T11:56:04+00:00","dateModified":"2021-01-29T11:56:04+00:00","mainEntityOfPage":{"@id":"https:\/\/www.ariasassessors.com\/ca\/nuevas-prestaciones-para-autonomos-afectados-por-la-covid19\/"},"wordCount":794,"commentCount":0,"publisher":{"@id":"https:\/\/www.ariasassessors.com\/#organization"},"image":{"@id":"https:\/\/www.ariasassessors.com\/ca\/nuevas-prestaciones-para-autonomos-afectados-por-la-covid19\/#primaryimage"},"thumbnailUrl":"https:\/\/www.ariasassessors.com\/wp-content\/uploads\/2021\/01\/IMAGEN_DESTACADA_Autonomos.png","articleSection":["noticies"],"inLanguage":"ca","potentialAction":[{"@type":"CommentAction","name":"Comment","target":["https:\/\/www.ariasassessors.com\/ca\/nuevas-prestaciones-para-autonomos-afectados-por-la-covid19\/#respond"]}]},{"@type":"WebPage","@id":"https:\/\/www.ariasassessors.com\/ca\/nuevas-prestaciones-para-autonomos-afectados-por-la-covid19\/","url":"https:\/\/www.ariasassessors.com\/ca\/nuevas-prestaciones-para-autonomos-afectados-por-la-covid19\/","name":"Nuevas ayudas para aut\u00f3nomos afectados por la Covid19 | Arias Assessors","isPartOf":{"@id":"https:\/\/www.ariasassessors.com\/#website"},"primaryImageOfPage":{"@id":"https:\/\/www.ariasassessors.com\/ca\/nuevas-prestaciones-para-autonomos-afectados-por-la-covid19\/#primaryimage"},"image":{"@id":"https:\/\/www.ariasassessors.com\/ca\/nuevas-prestaciones-para-autonomos-afectados-por-la-covid19\/#primaryimage"},"thumbnailUrl":"https:\/\/www.ariasassessors.com\/wp-content\/uploads\/2021\/01\/IMAGEN_DESTACADA_Autonomos.png","datePublished":"2021-01-29T11:56:04+00:00","dateModified":"2021-01-29T11:56:04+00:00","description":"Se han aprobado nuevas prestaciones para los trabajadores aut\u00f3nomos afectados por la Covid19. Te explicamos los detalles.","breadcrumb":{"@id":"https:\/\/www.ariasassessors.com\/ca\/nuevas-prestaciones-para-autonomos-afectados-por-la-covid19\/#breadcrumb"},"inLanguage":"ca","potentialAction":[{"@type":"ReadAction","target":["https:\/\/www.ariasassessors.com\/ca\/nuevas-prestaciones-para-autonomos-afectados-por-la-covid19\/"]}]},{"@type":"ImageObject","inLanguage":"ca","@id":"https:\/\/www.ariasassessors.com\/ca\/nuevas-prestaciones-para-autonomos-afectados-por-la-covid19\/#primaryimage","url":"https:\/\/www.ariasassessors.com\/wp-content\/uploads\/2021\/01\/IMAGEN_DESTACADA_Autonomos.png","contentUrl":"https:\/\/www.ariasassessors.com\/wp-content\/uploads\/2021\/01\/IMAGEN_DESTACADA_Autonomos.png","width":1920,"height":1202,"caption":"Nuevas prestaciones para aut\u00f3nomos afectados por la Covid19"},{"@type":"BreadcrumbList","@id":"https:\/\/www.ariasassessors.com\/ca\/nuevas-prestaciones-para-autonomos-afectados-por-la-covid19\/#breadcrumb","itemListElement":[{"@type":"ListItem","position":1,"name":"Portada","item":"https:\/\/www.ariasassessors.com\/ca\/"},{"@type":"ListItem","position":2,"name":"Nuevas ayudas para aut\u00f3nomos afectados por la Covid19"}]},{"@type":"WebSite","@id":"https:\/\/www.ariasassessors.com\/#website","url":"https:\/\/www.ariasassessors.com\/","name":"Arias Assessors","description":"Asesor\u00eda para aut\u00f3nomos, profesionales y PYMES","publisher":{"@id":"https:\/\/www.ariasassessors.com\/#organization"},"potentialAction":[{"@type":"SearchAction","target":{"@type":"EntryPoint","urlTemplate":"https:\/\/www.ariasassessors.com\/?s={search_term_string}"},"query-input":{"@type":"PropertyValueSpecification","valueRequired":true,"valueName":"search_term_string"}}],"inLanguage":"ca"},{"@type":"Organization","@id":"https:\/\/www.ariasassessors.com\/#organization","name":"Arias Assessors","url":"https:\/\/www.ariasassessors.com\/","logo":{"@type":"ImageObject","inLanguage":"ca","@id":"https:\/\/www.ariasassessors.com\/#\/schema\/logo\/image\/","url":"https:\/\/www.ariasassessors.com\/wp-content\/uploads\/2019\/01\/arias-logo.png","contentUrl":"https:\/\/www.ariasassessors.com\/wp-content\/uploads\/2019\/01\/arias-logo.png","width":349,"height":254,"caption":"Arias Assessors"},"image":{"@id":"https:\/\/www.ariasassessors.com\/#\/schema\/logo\/image\/"},"sameAs":["https:\/\/www.facebook.com\/ariasassessors\/","https:\/\/x.com\/ariasassessors","https:\/\/www.linkedin.com\/company\/r&amp;amp;r-growing-knowledge\/"]},{"@type":"Person","@id":"https:\/\/www.ariasassessors.com\/#\/schema\/person\/31e56f9d79e07edcad0513599b863b5a","name":"Raul Arias","image":{"@type":"ImageObject","inLanguage":"ca","@id":"https:\/\/www.ariasassessors.com\/#\/schema\/person\/image\/","url":"https:\/\/secure.gravatar.com\/avatar\/c4b15316f6e35082f0ca6aa967d452bf?s=96&d=mm&r=g","contentUrl":"https:\/\/secure.gravatar.com\/avatar\/c4b15316f6e35082f0ca6aa967d452bf?s=96&d=mm&r=g","caption":"Raul Arias"}}]}},"_links":{"self":[{"href":"https:\/\/www.ariasassessors.com\/ca\/wp-json\/wp\/v2\/posts\/1450","targetHints":{"allow":["GET"]}}],"collection":[{"href":"https:\/\/www.ariasassessors.com\/ca\/wp-json\/wp\/v2\/posts"}],"about":[{"href":"https:\/\/www.ariasassessors.com\/ca\/wp-json\/wp\/v2\/types\/post"}],"author":[{"embeddable":true,"href":"https:\/\/www.ariasassessors.com\/ca\/wp-json\/wp\/v2\/users\/3"}],"replies":[{"embeddable":true,"href":"https:\/\/www.ariasassessors.com\/ca\/wp-json\/wp\/v2\/comments?post=1450"}],"version-history":[{"count":0,"href":"https:\/\/www.ariasassessors.com\/ca\/wp-json\/wp\/v2\/posts\/1450\/revisions"}],"wp:featuredmedia":[{"embeddable":true,"href":"https:\/\/www.ariasassessors.com\/ca\/wp-json\/wp\/v2\/media\/1420"}],"wp:attachment":[{"href":"https:\/\/www.ariasassessors.com\/ca\/wp-json\/wp\/v2\/media?parent=1450"}],"wp:term":[{"taxonomy":"category","embeddable":true,"href":"https:\/\/www.ariasassessors.com\/ca\/wp-json\/wp\/v2\/categories?post=1450"},{"taxonomy":"post_tag","embeddable":true,"href":"https:\/\/www.ariasassessors.com\/ca\/wp-json\/wp\/v2\/tags?post=1450"}],"curies":[{"name":"wp","href":"https:\/\/api.w.org\/{rel}","templated":true}]}}