{"id":1451,"date":"2021-02-10T11:06:50","date_gmt":"2021-02-10T10:06:50","guid":{"rendered":"https:\/\/www.ariasassessors.com\/tercera-convocatoria-de-ayudas-para-autonomos-afectados-por-la-covid19\/"},"modified":"2021-02-10T11:06:50","modified_gmt":"2021-02-10T10:06:50","slug":"tercera-convocatoria-de-ayudas-para-autonomos-afectados-por-la-covid19","status":"publish","type":"post","link":"https:\/\/www.ariasassessors.com\/ca\/tercera-convocatoria-de-ayudas-para-autonomos-afectados-por-la-covid19\/","title":{"rendered":"Tercera convocatoria de ayudas para Aut\u00f3nomos afectados por la Covid19"},"content":{"rendered":"<ul>\n<li>La Generalitat de Catalunya ha aprobado una tercera convocatoria de ayudas para trabajadores aut\u00f3nomos afectados por la Covid19<\/li>\n<li>Para poder solicitar la ayuda, poneros en contacto con Lidia P\u00e9rez, experta fiscal, para concretar todos los detalles al mail fiscal@ariasassessors.com o al tel\u00e9fono 93 454 50 95.<\/li>\n<\/ul>\n<p><img loading=\"lazy\" decoding=\"async\" class=\"wp-image-1430 size-full aligncenter\" src=\"https:\/\/www.ariasassessors.com\/wp-content\/uploads\/2021\/02\/registre-autonoms_page-0001.jpg\" alt=\"registro-autonomos-generalitat-covid19\" width=\"1241\" height=\"1754\" srcset=\"https:\/\/www.ariasassessors.com\/wp-content\/uploads\/2021\/02\/registre-autonoms_page-0001.jpg 1241w, https:\/\/www.ariasassessors.com\/wp-content\/uploads\/2021\/02\/registre-autonoms_page-0001-212x300.jpg 212w, https:\/\/www.ariasassessors.com\/wp-content\/uploads\/2021\/02\/registre-autonoms_page-0001-725x1024.jpg 725w, https:\/\/www.ariasassessors.com\/wp-content\/uploads\/2021\/02\/registre-autonoms_page-0001-768x1085.jpg 768w, https:\/\/www.ariasassessors.com\/wp-content\/uploads\/2021\/02\/registre-autonoms_page-0001-1087x1536.jpg 1087w, https:\/\/www.ariasassessors.com\/wp-content\/uploads\/2021\/02\/registre-autonoms_page-0001-700x989.jpg 700w\" sizes=\"auto, (max-width: 1241px) 100vw, 1241px\" \/><\/p>\n<p>&nbsp;<\/p>\n<p>Recordad que para poder solicitar la ayuda, deb\u00e9is poneros en contacto con Lidia P\u00e9rez, nuestra experta fiscal, a fin de concretar todos los detalles de la ayuda.<\/p>\n<p>Contactar al mail fiscal@ariasassessors.com o al tel\u00e9fono 93 454 50 95<\/p>\n","protected":false},"excerpt":{"rendered":"<p>La Generalitat de Catalunya ha aprobado una tercera convocatoria de ayudas para trabajadores aut\u00f3nomos afectados por la Covid19 Para poder solicitar la ayuda, poneros en contacto con Lidia P\u00e9rez, experta fiscal, para concretar todos los detalles al mail fiscal@ariasassessors.com o al tel\u00e9fono 93 454 50&#8230;<\/p>\n","protected":false},"author":3,"featured_media":1434,"comment_status":"open","ping_status":"open","sticky":false,"template":"","format":"standard","meta":{"footnotes":""},"categories":[4],"tags":[506,225,555],"class_list":["post-1451","post","type-post","status-publish","format-standard","has-post-thumbnail","hentry","category-noticies","tag-ajudes","tag-autonomos-ca","tag-covid19-ca"],"yoast_head":"<!-- This site is optimized with the Yoast SEO plugin v24.3 - https:\/\/yoast.com\/wordpress\/plugins\/seo\/ -->\n<title>Tercera convocatoria de ayudas para Aut\u00f3nomos afectados por la Covid19 | Arias Assessors<\/title>\n<meta name=\"description\" content=\"La Generalitat ha aprobado una tercera convocatoria de ayudas para aut\u00f3nomos afectados por la Covid19. Cont\u00e1ctanos para solicitarla.\" \/>\n<meta name=\"robots\" content=\"index, follow, max-snippet:-1, max-image-preview:large, max-video-preview:-1\" \/>\n<link rel=\"canonical\" href=\"https:\/\/www.ariasassessors.com\/ca\/tercera-convocatoria-de-ayudas-para-autonomos-afectados-por-la-covid19\/\" \/>\n<meta property=\"og:locale\" content=\"ca_ES\" \/>\n<meta property=\"og:type\" content=\"article\" \/>\n<meta property=\"og:title\" content=\"Tercera convocatoria de ayudas para Aut\u00f3nomos afectados por la Covid19 | Arias Assessors\" \/>\n<meta property=\"og:description\" content=\"La Generalitat ha aprobado una tercera convocatoria de ayudas para aut\u00f3nomos afectados por la Covid19. Cont\u00e1ctanos para solicitarla.\" \/>\n<meta property=\"og:url\" content=\"https:\/\/www.ariasassessors.com\/ca\/tercera-convocatoria-de-ayudas-para-autonomos-afectados-por-la-covid19\/\" \/>\n<meta property=\"og:site_name\" content=\"Arias Assessors\" \/>\n<meta property=\"article:publisher\" content=\"https:\/\/www.facebook.com\/ariasassessors\/\" \/>\n<meta property=\"article:published_time\" content=\"2021-02-10T10:06:50+00:00\" \/>\n<meta property=\"og:image\" content=\"https:\/\/www.ariasassessors.com\/wp-content\/uploads\/2021\/02\/Arias_Blog_IMAGEN_DESTACADA-7.png\" \/>\n\t<meta property=\"og:image:width\" content=\"1920\" \/>\n\t<meta property=\"og:image:height\" content=\"1202\" \/>\n\t<meta property=\"og:image:type\" content=\"image\/png\" \/>\n<meta name=\"author\" content=\"Raul Arias\" \/>\n<meta name=\"twitter:card\" content=\"summary_large_image\" \/>\n<meta name=\"twitter:creator\" content=\"@ariasassessors\" \/>\n<meta name=\"twitter:site\" content=\"@ariasassessors\" \/>\n<meta name=\"twitter:label1\" content=\"Escrit per\" \/>\n\t<meta name=\"twitter:data1\" content=\"Raul Arias\" \/>\n<script type=\"application\/ld+json\" class=\"yoast-schema-graph\">{\"@context\":\"https:\/\/schema.org\",\"@graph\":[{\"@type\":\"Article\",\"@id\":\"https:\/\/www.ariasassessors.com\/ca\/tercera-convocatoria-de-ayudas-para-autonomos-afectados-por-la-covid19\/#article\",\"isPartOf\":{\"@id\":\"https:\/\/www.ariasassessors.com\/ca\/tercera-convocatoria-de-ayudas-para-autonomos-afectados-por-la-covid19\/\"},\"author\":{\"name\":\"Raul Arias\",\"@id\":\"https:\/\/www.ariasassessors.com\/#\/schema\/person\/31e56f9d79e07edcad0513599b863b5a\"},\"headline\":\"Tercera convocatoria de ayudas para Aut\u00f3nomos afectados por la Covid19\",\"datePublished\":\"2021-02-10T10:06:50+00:00\",\"dateModified\":\"2021-02-10T10:06:50+00:00\",\"mainEntityOfPage\":{\"@id\":\"https:\/\/www.ariasassessors.com\/ca\/tercera-convocatoria-de-ayudas-para-autonomos-afectados-por-la-covid19\/\"},\"wordCount\":98,\"commentCount\":0,\"publisher\":{\"@id\":\"https:\/\/www.ariasassessors.com\/#organization\"},\"image\":{\"@id\":\"https:\/\/www.ariasassessors.com\/ca\/tercera-convocatoria-de-ayudas-para-autonomos-afectados-por-la-covid19\/#primaryimage\"},\"thumbnailUrl\":\"https:\/\/www.ariasassessors.com\/wp-content\/uploads\/2021\/02\/Arias_Blog_IMAGEN_DESTACADA-7.png\",\"keywords\":[\"Ajudes\",\"aut\u00f2noms\",\"covid19\"],\"articleSection\":[\"noticies\"],\"inLanguage\":\"ca\",\"potentialAction\":[{\"@type\":\"CommentAction\",\"name\":\"Comment\",\"target\":[\"https:\/\/www.ariasassessors.com\/ca\/tercera-convocatoria-de-ayudas-para-autonomos-afectados-por-la-covid19\/#respond\"]}]},{\"@type\":\"WebPage\",\"@id\":\"https:\/\/www.ariasassessors.com\/ca\/tercera-convocatoria-de-ayudas-para-autonomos-afectados-por-la-covid19\/\",\"url\":\"https:\/\/www.ariasassessors.com\/ca\/tercera-convocatoria-de-ayudas-para-autonomos-afectados-por-la-covid19\/\",\"name\":\"Tercera convocatoria de ayudas para Aut\u00f3nomos afectados por la Covid19 | Arias Assessors\",\"isPartOf\":{\"@id\":\"https:\/\/www.ariasassessors.com\/#website\"},\"primaryImageOfPage\":{\"@id\":\"https:\/\/www.ariasassessors.com\/ca\/tercera-convocatoria-de-ayudas-para-autonomos-afectados-por-la-covid19\/#primaryimage\"},\"image\":{\"@id\":\"https:\/\/www.ariasassessors.com\/ca\/tercera-convocatoria-de-ayudas-para-autonomos-afectados-por-la-covid19\/#primaryimage\"},\"thumbnailUrl\":\"https:\/\/www.ariasassessors.com\/wp-content\/uploads\/2021\/02\/Arias_Blog_IMAGEN_DESTACADA-7.png\",\"datePublished\":\"2021-02-10T10:06:50+00:00\",\"dateModified\":\"2021-02-10T10:06:50+00:00\",\"description\":\"La Generalitat ha aprobado una tercera convocatoria de ayudas para aut\u00f3nomos afectados por la Covid19. Cont\u00e1ctanos para solicitarla.\",\"breadcrumb\":{\"@id\":\"https:\/\/www.ariasassessors.com\/ca\/tercera-convocatoria-de-ayudas-para-autonomos-afectados-por-la-covid19\/#breadcrumb\"},\"inLanguage\":\"ca\",\"potentialAction\":[{\"@type\":\"ReadAction\",\"target\":[\"https:\/\/www.ariasassessors.com\/ca\/tercera-convocatoria-de-ayudas-para-autonomos-afectados-por-la-covid19\/\"]}]},{\"@type\":\"ImageObject\",\"inLanguage\":\"ca\",\"@id\":\"https:\/\/www.ariasassessors.com\/ca\/tercera-convocatoria-de-ayudas-para-autonomos-afectados-por-la-covid19\/#primaryimage\",\"url\":\"https:\/\/www.ariasassessors.com\/wp-content\/uploads\/2021\/02\/Arias_Blog_IMAGEN_DESTACADA-7.png\",\"contentUrl\":\"https:\/\/www.ariasassessors.com\/wp-content\/uploads\/2021\/02\/Arias_Blog_IMAGEN_DESTACADA-7.png\",\"width\":1920,\"height\":1202,\"caption\":\"ayuda_covid19_autonomos\"},{\"@type\":\"BreadcrumbList\",\"@id\":\"https:\/\/www.ariasassessors.com\/ca\/tercera-convocatoria-de-ayudas-para-autonomos-afectados-por-la-covid19\/#breadcrumb\",\"itemListElement\":[{\"@type\":\"ListItem\",\"position\":1,\"name\":\"Portada\",\"item\":\"https:\/\/www.ariasassessors.com\/ca\/\"},{\"@type\":\"ListItem\",\"position\":2,\"name\":\"Tercera convocatoria de ayudas para Aut\u00f3nomos afectados por la Covid19\"}]},{\"@type\":\"WebSite\",\"@id\":\"https:\/\/www.ariasassessors.com\/#website\",\"url\":\"https:\/\/www.ariasassessors.com\/\",\"name\":\"Arias Assessors\",\"description\":\"Asesor\u00eda para aut\u00f3nomos, profesionales y PYMES\",\"publisher\":{\"@id\":\"https:\/\/www.ariasassessors.com\/#organization\"},\"potentialAction\":[{\"@type\":\"SearchAction\",\"target\":{\"@type\":\"EntryPoint\",\"urlTemplate\":\"https:\/\/www.ariasassessors.com\/?s={search_term_string}\"},\"query-input\":{\"@type\":\"PropertyValueSpecification\",\"valueRequired\":true,\"valueName\":\"search_term_string\"}}],\"inLanguage\":\"ca\"},{\"@type\":\"Organization\",\"@id\":\"https:\/\/www.ariasassessors.com\/#organization\",\"name\":\"Arias Assessors\",\"url\":\"https:\/\/www.ariasassessors.com\/\",\"logo\":{\"@type\":\"ImageObject\",\"inLanguage\":\"ca\",\"@id\":\"https:\/\/www.ariasassessors.com\/#\/schema\/logo\/image\/\",\"url\":\"https:\/\/www.ariasassessors.com\/wp-content\/uploads\/2019\/01\/arias-logo.png\",\"contentUrl\":\"https:\/\/www.ariasassessors.com\/wp-content\/uploads\/2019\/01\/arias-logo.png\",\"width\":349,\"height\":254,\"caption\":\"Arias Assessors\"},\"image\":{\"@id\":\"https:\/\/www.ariasassessors.com\/#\/schema\/logo\/image\/\"},\"sameAs\":[\"https:\/\/www.facebook.com\/ariasassessors\/\",\"https:\/\/x.com\/ariasassessors\",\"https:\/\/www.linkedin.com\/company\/r&amp;amp;r-growing-knowledge\/\"]},{\"@type\":\"Person\",\"@id\":\"https:\/\/www.ariasassessors.com\/#\/schema\/person\/31e56f9d79e07edcad0513599b863b5a\",\"name\":\"Raul Arias\",\"image\":{\"@type\":\"ImageObject\",\"inLanguage\":\"ca\",\"@id\":\"https:\/\/www.ariasassessors.com\/#\/schema\/person\/image\/\",\"url\":\"https:\/\/secure.gravatar.com\/avatar\/c4b15316f6e35082f0ca6aa967d452bf?s=96&d=mm&r=g\",\"contentUrl\":\"https:\/\/secure.gravatar.com\/avatar\/c4b15316f6e35082f0ca6aa967d452bf?s=96&d=mm&r=g\",\"caption\":\"Raul Arias\"}}]}<\/script>\n<!-- \/ Yoast SEO plugin. -->","yoast_head_json":{"title":"Tercera convocatoria de ayudas para Aut\u00f3nomos afectados por la Covid19 | Arias Assessors","description":"La Generalitat ha aprobado una tercera convocatoria de ayudas para aut\u00f3nomos afectados por la Covid19. Cont\u00e1ctanos para solicitarla.","robots":{"index":"index","follow":"follow","max-snippet":"max-snippet:-1","max-image-preview":"max-image-preview:large","max-video-preview":"max-video-preview:-1"},"canonical":"https:\/\/www.ariasassessors.com\/ca\/tercera-convocatoria-de-ayudas-para-autonomos-afectados-por-la-covid19\/","og_locale":"ca_ES","og_type":"article","og_title":"Tercera convocatoria de ayudas para Aut\u00f3nomos afectados por la Covid19 | Arias Assessors","og_description":"La Generalitat ha aprobado una tercera convocatoria de ayudas para aut\u00f3nomos afectados por la Covid19. Cont\u00e1ctanos para solicitarla.","og_url":"https:\/\/www.ariasassessors.com\/ca\/tercera-convocatoria-de-ayudas-para-autonomos-afectados-por-la-covid19\/","og_site_name":"Arias Assessors","article_publisher":"https:\/\/www.facebook.com\/ariasassessors\/","article_published_time":"2021-02-10T10:06:50+00:00","og_image":[{"width":1920,"height":1202,"url":"https:\/\/www.ariasassessors.com\/wp-content\/uploads\/2021\/02\/Arias_Blog_IMAGEN_DESTACADA-7.png","type":"image\/png"}],"author":"Raul Arias","twitter_card":"summary_large_image","twitter_creator":"@ariasassessors","twitter_site":"@ariasassessors","twitter_misc":{"Escrit per":"Raul Arias"},"schema":{"@context":"https:\/\/schema.org","@graph":[{"@type":"Article","@id":"https:\/\/www.ariasassessors.com\/ca\/tercera-convocatoria-de-ayudas-para-autonomos-afectados-por-la-covid19\/#article","isPartOf":{"@id":"https:\/\/www.ariasassessors.com\/ca\/tercera-convocatoria-de-ayudas-para-autonomos-afectados-por-la-covid19\/"},"author":{"name":"Raul Arias","@id":"https:\/\/www.ariasassessors.com\/#\/schema\/person\/31e56f9d79e07edcad0513599b863b5a"},"headline":"Tercera convocatoria de ayudas para Aut\u00f3nomos afectados por la Covid19","datePublished":"2021-02-10T10:06:50+00:00","dateModified":"2021-02-10T10:06:50+00:00","mainEntityOfPage":{"@id":"https:\/\/www.ariasassessors.com\/ca\/tercera-convocatoria-de-ayudas-para-autonomos-afectados-por-la-covid19\/"},"wordCount":98,"commentCount":0,"publisher":{"@id":"https:\/\/www.ariasassessors.com\/#organization"},"image":{"@id":"https:\/\/www.ariasassessors.com\/ca\/tercera-convocatoria-de-ayudas-para-autonomos-afectados-por-la-covid19\/#primaryimage"},"thumbnailUrl":"https:\/\/www.ariasassessors.com\/wp-content\/uploads\/2021\/02\/Arias_Blog_IMAGEN_DESTACADA-7.png","keywords":["Ajudes","aut\u00f2noms","covid19"],"articleSection":["noticies"],"inLanguage":"ca","potentialAction":[{"@type":"CommentAction","name":"Comment","target":["https:\/\/www.ariasassessors.com\/ca\/tercera-convocatoria-de-ayudas-para-autonomos-afectados-por-la-covid19\/#respond"]}]},{"@type":"WebPage","@id":"https:\/\/www.ariasassessors.com\/ca\/tercera-convocatoria-de-ayudas-para-autonomos-afectados-por-la-covid19\/","url":"https:\/\/www.ariasassessors.com\/ca\/tercera-convocatoria-de-ayudas-para-autonomos-afectados-por-la-covid19\/","name":"Tercera convocatoria de ayudas para Aut\u00f3nomos afectados por la Covid19 | Arias Assessors","isPartOf":{"@id":"https:\/\/www.ariasassessors.com\/#website"},"primaryImageOfPage":{"@id":"https:\/\/www.ariasassessors.com\/ca\/tercera-convocatoria-de-ayudas-para-autonomos-afectados-por-la-covid19\/#primaryimage"},"image":{"@id":"https:\/\/www.ariasassessors.com\/ca\/tercera-convocatoria-de-ayudas-para-autonomos-afectados-por-la-covid19\/#primaryimage"},"thumbnailUrl":"https:\/\/www.ariasassessors.com\/wp-content\/uploads\/2021\/02\/Arias_Blog_IMAGEN_DESTACADA-7.png","datePublished":"2021-02-10T10:06:50+00:00","dateModified":"2021-02-10T10:06:50+00:00","description":"La Generalitat ha aprobado una tercera convocatoria de ayudas para aut\u00f3nomos afectados por la Covid19. Cont\u00e1ctanos para solicitarla.","breadcrumb":{"@id":"https:\/\/www.ariasassessors.com\/ca\/tercera-convocatoria-de-ayudas-para-autonomos-afectados-por-la-covid19\/#breadcrumb"},"inLanguage":"ca","potentialAction":[{"@type":"ReadAction","target":["https:\/\/www.ariasassessors.com\/ca\/tercera-convocatoria-de-ayudas-para-autonomos-afectados-por-la-covid19\/"]}]},{"@type":"ImageObject","inLanguage":"ca","@id":"https:\/\/www.ariasassessors.com\/ca\/tercera-convocatoria-de-ayudas-para-autonomos-afectados-por-la-covid19\/#primaryimage","url":"https:\/\/www.ariasassessors.com\/wp-content\/uploads\/2021\/02\/Arias_Blog_IMAGEN_DESTACADA-7.png","contentUrl":"https:\/\/www.ariasassessors.com\/wp-content\/uploads\/2021\/02\/Arias_Blog_IMAGEN_DESTACADA-7.png","width":1920,"height":1202,"caption":"ayuda_covid19_autonomos"},{"@type":"BreadcrumbList","@id":"https:\/\/www.ariasassessors.com\/ca\/tercera-convocatoria-de-ayudas-para-autonomos-afectados-por-la-covid19\/#breadcrumb","itemListElement":[{"@type":"ListItem","position":1,"name":"Portada","item":"https:\/\/www.ariasassessors.com\/ca\/"},{"@type":"ListItem","position":2,"name":"Tercera convocatoria de ayudas para Aut\u00f3nomos afectados por la Covid19"}]},{"@type":"WebSite","@id":"https:\/\/www.ariasassessors.com\/#website","url":"https:\/\/www.ariasassessors.com\/","name":"Arias Assessors","description":"Asesor\u00eda para aut\u00f3nomos, profesionales y PYMES","publisher":{"@id":"https:\/\/www.ariasassessors.com\/#organization"},"potentialAction":[{"@type":"SearchAction","target":{"@type":"EntryPoint","urlTemplate":"https:\/\/www.ariasassessors.com\/?s={search_term_string}"},"query-input":{"@type":"PropertyValueSpecification","valueRequired":true,"valueName":"search_term_string"}}],"inLanguage":"ca"},{"@type":"Organization","@id":"https:\/\/www.ariasassessors.com\/#organization","name":"Arias Assessors","url":"https:\/\/www.ariasassessors.com\/","logo":{"@type":"ImageObject","inLanguage":"ca","@id":"https:\/\/www.ariasassessors.com\/#\/schema\/logo\/image\/","url":"https:\/\/www.ariasassessors.com\/wp-content\/uploads\/2019\/01\/arias-logo.png","contentUrl":"https:\/\/www.ariasassessors.com\/wp-content\/uploads\/2019\/01\/arias-logo.png","width":349,"height":254,"caption":"Arias Assessors"},"image":{"@id":"https:\/\/www.ariasassessors.com\/#\/schema\/logo\/image\/"},"sameAs":["https:\/\/www.facebook.com\/ariasassessors\/","https:\/\/x.com\/ariasassessors","https:\/\/www.linkedin.com\/company\/r&amp;amp;r-growing-knowledge\/"]},{"@type":"Person","@id":"https:\/\/www.ariasassessors.com\/#\/schema\/person\/31e56f9d79e07edcad0513599b863b5a","name":"Raul Arias","image":{"@type":"ImageObject","inLanguage":"ca","@id":"https:\/\/www.ariasassessors.com\/#\/schema\/person\/image\/","url":"https:\/\/secure.gravatar.com\/avatar\/c4b15316f6e35082f0ca6aa967d452bf?s=96&d=mm&r=g","contentUrl":"https:\/\/secure.gravatar.com\/avatar\/c4b15316f6e35082f0ca6aa967d452bf?s=96&d=mm&r=g","caption":"Raul Arias"}}]}},"_links":{"self":[{"href":"https:\/\/www.ariasassessors.com\/ca\/wp-json\/wp\/v2\/posts\/1451","targetHints":{"allow":["GET"]}}],"collection":[{"href":"https:\/\/www.ariasassessors.com\/ca\/wp-json\/wp\/v2\/posts"}],"about":[{"href":"https:\/\/www.ariasassessors.com\/ca\/wp-json\/wp\/v2\/types\/post"}],"author":[{"embeddable":true,"href":"https:\/\/www.ariasassessors.com\/ca\/wp-json\/wp\/v2\/users\/3"}],"replies":[{"embeddable":true,"href":"https:\/\/www.ariasassessors.com\/ca\/wp-json\/wp\/v2\/comments?post=1451"}],"version-history":[{"count":0,"href":"https:\/\/www.ariasassessors.com\/ca\/wp-json\/wp\/v2\/posts\/1451\/revisions"}],"wp:featuredmedia":[{"embeddable":true,"href":"https:\/\/www.ariasassessors.com\/ca\/wp-json\/wp\/v2\/media\/1434"}],"wp:attachment":[{"href":"https:\/\/www.ariasassessors.com\/ca\/wp-json\/wp\/v2\/media?parent=1451"}],"wp:term":[{"taxonomy":"category","embeddable":true,"href":"https:\/\/www.ariasassessors.com\/ca\/wp-json\/wp\/v2\/categories?post=1451"},{"taxonomy":"post_tag","embeddable":true,"href":"https:\/\/www.ariasassessors.com\/ca\/wp-json\/wp\/v2\/tags?post=1451"}],"curies":[{"name":"wp","href":"https:\/\/api.w.org\/{rel}","templated":true}]}}