{"id":1452,"date":"2021-02-17T16:06:19","date_gmt":"2021-02-17T15:06:19","guid":{"rendered":"https:\/\/www.ariasassessors.com\/ayuda-extraordinaria-en-el-ambito-de-la-educacion-en-el-ocio-y-las-actividades-extraescolares\/"},"modified":"2021-02-17T16:06:19","modified_gmt":"2021-02-17T15:06:19","slug":"ayuda-extraordinaria-en-el-ambito-de-la-educacion-en-el-ocio-y-las-actividades-extraescolares","status":"publish","type":"post","link":"https:\/\/www.ariasassessors.com\/ca\/ayuda-extraordinaria-en-el-ambito-de-la-educacion-en-el-ocio-y-las-actividades-extraescolares\/","title":{"rendered":"Ayuda extraordinaria en el \u00e1mbito de la educaci\u00f3n en el ocio y las actividades extraescolares"},"content":{"rendered":"<p>Nuevo ayuda econ\u00f3mica extraordinaria destinado a todas estas entidades, empresas y personas trabajadoras aut\u00f3nomas del \u00e1mbito de la educaci\u00f3n en el ocio y las actividades extraescolares con el fin de favorecer la sostenibilidad econ\u00f3mica del sector y mantener su viabilidad. Si est\u00e1s interesado en tramitar estas ayudas ponte en contacto con nosotros al 93 454 50 95.<\/p>\n<p><!--more--><\/p>\n<div id=\"ez-toc-container\" class=\"ez-toc-v2_0_72 counter-hierarchy ez-toc-counter ez-toc-grey ez-toc-container-direction\">\n<div class=\"ez-toc-title-container\">\n<p class=\"ez-toc-title\" style=\"cursor:inherit\">\u00cdndice de Contenidos<\/p>\n<span class=\"ez-toc-title-toggle\"><a href=\"#\" class=\"ez-toc-pull-right ez-toc-btn ez-toc-btn-xs ez-toc-btn-default ez-toc-toggle\" aria-label=\"Toggle Table of Content\"><span class=\"ez-toc-js-icon-con\"><span class=\"\"><span class=\"eztoc-hide\" style=\"display:none;\">Toggle<\/span><span class=\"ez-toc-icon-toggle-span\"><svg style=\"fill: #428bca;color:#428bca\" xmlns=\"http:\/\/www.w3.org\/2000\/svg\" class=\"list-377408\" width=\"20px\" height=\"20px\" viewBox=\"0 0 24 24\" fill=\"none\"><path d=\"M6 6H4v2h2V6zm14 0H8v2h12V6zM4 11h2v2H4v-2zm16 0H8v2h12v-2zM4 16h2v2H4v-2zm16 0H8v2h12v-2z\" fill=\"currentColor\"><\/path><\/svg><svg style=\"fill: #428bca;color:#428bca\" class=\"arrow-unsorted-368013\" xmlns=\"http:\/\/www.w3.org\/2000\/svg\" width=\"10px\" height=\"10px\" viewBox=\"0 0 24 24\" version=\"1.2\" baseProfile=\"tiny\"><path d=\"M18.2 9.3l-6.2-6.3-6.2 6.3c-.2.2-.3.4-.3.7s.1.5.3.7c.2.2.4.3.7.3h11c.3 0 .5-.1.7-.3.2-.2.3-.5.3-.7s-.1-.5-.3-.7zM5.8 14.7l6.2 6.3 6.2-6.3c.2-.2.3-.5.3-.7s-.1-.5-.3-.7c-.2-.2-.4-.3-.7-.3h-11c-.3 0-.5.1-.7.3-.2.2-.3.5-.3.7s.1.5.3.7z\"\/><\/svg><\/span><\/span><\/span><\/a><\/span><\/div>\n<nav><ul class='ez-toc-list ez-toc-list-level-1 eztoc-toggle-hide-by-default' ><li class='ez-toc-page-1 ez-toc-heading-level-2'><a class=\"ez-toc-link ez-toc-heading-1\" href=\"https:\/\/www.ariasassessors.com\/ca\/ayuda-extraordinaria-en-el-ambito-de-la-educacion-en-el-ocio-y-las-actividades-extraescolares\/#Personas_beneficiarias\" title=\"Personas beneficiarias\">Personas beneficiarias<\/a><\/li><li class='ez-toc-page-1 ez-toc-heading-level-2'><a class=\"ez-toc-link ez-toc-heading-2\" href=\"https:\/\/www.ariasassessors.com\/ca\/ayuda-extraordinaria-en-el-ambito-de-la-educacion-en-el-ocio-y-las-actividades-extraescolares\/#Modalidades_de_la_ayuda_y_requisitos\" title=\"Modalidades de la ayuda y requisitos\">Modalidades de la ayuda y requisitos<\/a><\/li><li class='ez-toc-page-1 ez-toc-heading-level-2'><a class=\"ez-toc-link ez-toc-heading-3\" href=\"https:\/\/www.ariasassessors.com\/ca\/ayuda-extraordinaria-en-el-ambito-de-la-educacion-en-el-ocio-y-las-actividades-extraescolares\/#Presentacion_de_solicitudes\" title=\"Presentaci\u00f3n de solicitudes\">Presentaci\u00f3n de solicitudes<\/a><\/li><\/ul><\/nav><\/div>\n<h2><span class=\"ez-toc-section\" id=\"Personas_beneficiarias\"><\/span>Personas beneficiarias<span class=\"ez-toc-section-end\"><\/span><\/h2>\n<p>Pueden serlo las entidades, las empresas, las asociaciones, las federaciones, los centros docentes privados y las personas trabajadoras aut\u00f3nomas de los sectores de la educaci\u00f3n en el ocio y de las actividades extraescolares que desarrollen su actividad en Catalu\u00f1a y cumplan los requisitos.<\/p>\n<h2><span class=\"ez-toc-section\" id=\"Modalidades_de_la_ayuda_y_requisitos\"><\/span>Modalidades de la ayuda y requisitos<span class=\"ez-toc-section-end\"><\/span><\/h2>\n<ul class=\"p-rich_text_list p-rich_text_list__bullet\" data-stringify-type=\"unordered-list\" data-indent=\"0\">\n<li data-stringify-indent=\"0\">Entidades no federadas de educaci\u00f3n en el ocio, federaciones y coordinadoras de entidades inscritas al Censo de Entidades Juveniles de la Direcci\u00f3n General de Juventud que realicen actividades de ocio educativo entre semana dirigidas a ni\u00f1os y j\u00f3venes de entre 3 y 18 a\u00f1os.<\/li>\n<li data-stringify-indent=\"0\">Entidades, empresas, personas trabajadoras aut\u00f3nomas, centros docentes privados y otras entidades sin \u00e1nimo de lucro como asociaciones de madres y padres de alumnos o fundaciones, dadas de alta en el censo del impuesto de actividades econ\u00f3micas en los ep\u00edgrafes 933.9 (otras actividades de ense\u00f1anza) o 932.1 (ense\u00f1anza de formaci\u00f3n y perfeccionamiento profesional no superior) que presten con sus propios medianos actividades extraescolares y de ocio dirigidas a los ni\u00f1os y j\u00f3venes de entre 3 y 18 a\u00f1os.<\/li>\n<li data-stringify-indent=\"0\">Instalaciones juveniles, entidades privadas, empresas y personas trabajadoras aut\u00f3nomas titulares o gestoras de las instalaciones juveniles previstas a la Ley 38\/1991, de 30 de diciembre, que est\u00e9n inscritas al Registro de instalaciones juveniles de la Direcci\u00f3n General de Juventud.<\/li>\n<\/ul>\n<p>Todas ellas tienen que haber suspendido las actividades o quedado afectadas por la Resoluci\u00f3n\u00a0SLT\/1\/2021, de 4 de enero.<\/p>\n<h2><span class=\"ez-toc-section\" id=\"Presentacion_de_solicitudes\"><\/span>Presentaci\u00f3n de solicitudes<span class=\"ez-toc-section-end\"><\/span><\/h2>\n<p>Desde las 9 de la ma\u00f1ana del 16 de febrero hasta las 3 de la tarde del 1 de marzo de 2021.<\/p>\n<p><!--more--><\/p>\n<p>Aquellos de nuestros clientas que se dedican a las actividades de formaci\u00f3n, en sus diferentes especialidades, pod\u00e9is poneros contacto cono nosotros a fin de aclarar las dudas y posibilidades al respeto:<\/p>\n<p>Telf: 93 454 50 95<\/p>\n<p>Mail: <a class=\"c-link\" href=\"mailto:fiscal@ariasassessors.com\" target=\"_blank\" rel=\"noopener noreferrer\" data-stringify-link=\"mailto:fiscal@ariasassessors.com\" data-sk=\"tooltip_parent\">fiscal@ariasassessors.com<\/a><\/p>\n","protected":false},"excerpt":{"rendered":"<p>Nuevo ayuda econ\u00f3mica extraordinaria destinado a todas estas entidades, empresas y personas trabajadoras aut\u00f3nomas del \u00e1mbito de la educaci\u00f3n en el ocio y las actividades extraescolares con el fin de favorecer la sostenibilidad econ\u00f3mica del sector y mantener su viabilidad. Si est\u00e1s interesado en tramitar&#8230;<\/p>\n","protected":false},"author":3,"featured_media":1440,"comment_status":"open","ping_status":"open","sticky":false,"template":"","format":"standard","meta":{"footnotes":""},"categories":[4],"tags":[],"class_list":["post-1452","post","type-post","status-publish","format-standard","has-post-thumbnail","hentry","category-noticies"],"yoast_head":"<!-- This site is optimized with the Yoast SEO plugin v24.3 - https:\/\/yoast.com\/wordpress\/plugins\/seo\/ -->\n<title>Ayuda extraordinaria en el \u00e1mbito de la educaci\u00f3n en el ocio y las actividades extraescolares | Arias Assessors<\/title>\n<meta name=\"description\" content=\"La Generalitat ha aprobado una nueva ayuda para afectados del \u00e1mbito de la educaci\u00f3n y actividades extraescolares. Aqu\u00ed tienes toda la informaci\u00f3n.\" \/>\n<meta name=\"robots\" content=\"index, follow, max-snippet:-1, max-image-preview:large, max-video-preview:-1\" \/>\n<link rel=\"canonical\" href=\"https:\/\/www.ariasassessors.com\/ca\/ayuda-extraordinaria-en-el-ambito-de-la-educacion-en-el-ocio-y-las-actividades-extraescolares\/\" \/>\n<meta property=\"og:locale\" content=\"ca_ES\" \/>\n<meta property=\"og:type\" content=\"article\" \/>\n<meta property=\"og:title\" content=\"Ayuda extraordinaria en el \u00e1mbito de la educaci\u00f3n en el ocio y las actividades extraescolares | Arias Assessors\" \/>\n<meta property=\"og:description\" content=\"La Generalitat ha aprobado una nueva ayuda para afectados del \u00e1mbito de la educaci\u00f3n y actividades extraescolares. Aqu\u00ed tienes toda la informaci\u00f3n.\" \/>\n<meta property=\"og:url\" content=\"https:\/\/www.ariasassessors.com\/ca\/ayuda-extraordinaria-en-el-ambito-de-la-educacion-en-el-ocio-y-las-actividades-extraescolares\/\" \/>\n<meta property=\"og:site_name\" content=\"Arias Assessors\" \/>\n<meta property=\"article:publisher\" content=\"https:\/\/www.facebook.com\/ariasassessors\/\" \/>\n<meta property=\"article:published_time\" content=\"2021-02-17T15:06:19+00:00\" \/>\n<meta property=\"og:image\" content=\"https:\/\/www.ariasassessors.com\/wp-content\/uploads\/2021\/02\/Arias_Blog_IMAGEN_DESTACADA-1024x641.png\" \/>\n\t<meta property=\"og:image:width\" content=\"1024\" \/>\n\t<meta property=\"og:image:height\" content=\"641\" \/>\n\t<meta property=\"og:image:type\" content=\"image\/png\" \/>\n<meta name=\"author\" content=\"Raul Arias\" \/>\n<meta name=\"twitter:card\" content=\"summary_large_image\" \/>\n<meta name=\"twitter:creator\" content=\"@ariasassessors\" \/>\n<meta name=\"twitter:site\" content=\"@ariasassessors\" \/>\n<meta name=\"twitter:label1\" content=\"Escrit per\" \/>\n\t<meta name=\"twitter:data1\" content=\"Raul Arias\" \/>\n\t<meta name=\"twitter:label2\" content=\"Temps estimat de lectura\" \/>\n\t<meta name=\"twitter:data2\" content=\"2 minuts\" \/>\n<script type=\"application\/ld+json\" class=\"yoast-schema-graph\">{\"@context\":\"https:\/\/schema.org\",\"@graph\":[{\"@type\":\"Article\",\"@id\":\"https:\/\/www.ariasassessors.com\/ca\/ayuda-extraordinaria-en-el-ambito-de-la-educacion-en-el-ocio-y-las-actividades-extraescolares\/#article\",\"isPartOf\":{\"@id\":\"https:\/\/www.ariasassessors.com\/ca\/ayuda-extraordinaria-en-el-ambito-de-la-educacion-en-el-ocio-y-las-actividades-extraescolares\/\"},\"author\":{\"name\":\"Raul Arias\",\"@id\":\"https:\/\/www.ariasassessors.com\/#\/schema\/person\/31e56f9d79e07edcad0513599b863b5a\"},\"headline\":\"Ayuda extraordinaria en el \u00e1mbito de la educaci\u00f3n en el ocio y las actividades extraescolares\",\"datePublished\":\"2021-02-17T15:06:19+00:00\",\"dateModified\":\"2021-02-17T15:06:19+00:00\",\"mainEntityOfPage\":{\"@id\":\"https:\/\/www.ariasassessors.com\/ca\/ayuda-extraordinaria-en-el-ambito-de-la-educacion-en-el-ocio-y-las-actividades-extraescolares\/\"},\"wordCount\":376,\"commentCount\":0,\"publisher\":{\"@id\":\"https:\/\/www.ariasassessors.com\/#organization\"},\"image\":{\"@id\":\"https:\/\/www.ariasassessors.com\/ca\/ayuda-extraordinaria-en-el-ambito-de-la-educacion-en-el-ocio-y-las-actividades-extraescolares\/#primaryimage\"},\"thumbnailUrl\":\"https:\/\/www.ariasassessors.com\/wp-content\/uploads\/2021\/02\/Arias_Blog_IMAGEN_DESTACADA.png\",\"articleSection\":[\"noticies\"],\"inLanguage\":\"ca\",\"potentialAction\":[{\"@type\":\"CommentAction\",\"name\":\"Comment\",\"target\":[\"https:\/\/www.ariasassessors.com\/ca\/ayuda-extraordinaria-en-el-ambito-de-la-educacion-en-el-ocio-y-las-actividades-extraescolares\/#respond\"]}]},{\"@type\":\"WebPage\",\"@id\":\"https:\/\/www.ariasassessors.com\/ca\/ayuda-extraordinaria-en-el-ambito-de-la-educacion-en-el-ocio-y-las-actividades-extraescolares\/\",\"url\":\"https:\/\/www.ariasassessors.com\/ca\/ayuda-extraordinaria-en-el-ambito-de-la-educacion-en-el-ocio-y-las-actividades-extraescolares\/\",\"name\":\"Ayuda extraordinaria en el \u00e1mbito de la educaci\u00f3n en el ocio y las actividades extraescolares | Arias Assessors\",\"isPartOf\":{\"@id\":\"https:\/\/www.ariasassessors.com\/#website\"},\"primaryImageOfPage\":{\"@id\":\"https:\/\/www.ariasassessors.com\/ca\/ayuda-extraordinaria-en-el-ambito-de-la-educacion-en-el-ocio-y-las-actividades-extraescolares\/#primaryimage\"},\"image\":{\"@id\":\"https:\/\/www.ariasassessors.com\/ca\/ayuda-extraordinaria-en-el-ambito-de-la-educacion-en-el-ocio-y-las-actividades-extraescolares\/#primaryimage\"},\"thumbnailUrl\":\"https:\/\/www.ariasassessors.com\/wp-content\/uploads\/2021\/02\/Arias_Blog_IMAGEN_DESTACADA.png\",\"datePublished\":\"2021-02-17T15:06:19+00:00\",\"dateModified\":\"2021-02-17T15:06:19+00:00\",\"description\":\"La Generalitat ha aprobado una nueva ayuda para afectados del \u00e1mbito de la educaci\u00f3n y actividades extraescolares. Aqu\u00ed tienes toda la informaci\u00f3n.\",\"breadcrumb\":{\"@id\":\"https:\/\/www.ariasassessors.com\/ca\/ayuda-extraordinaria-en-el-ambito-de-la-educacion-en-el-ocio-y-las-actividades-extraescolares\/#breadcrumb\"},\"inLanguage\":\"ca\",\"potentialAction\":[{\"@type\":\"ReadAction\",\"target\":[\"https:\/\/www.ariasassessors.com\/ca\/ayuda-extraordinaria-en-el-ambito-de-la-educacion-en-el-ocio-y-las-actividades-extraescolares\/\"]}]},{\"@type\":\"ImageObject\",\"inLanguage\":\"ca\",\"@id\":\"https:\/\/www.ariasassessors.com\/ca\/ayuda-extraordinaria-en-el-ambito-de-la-educacion-en-el-ocio-y-las-actividades-extraescolares\/#primaryimage\",\"url\":\"https:\/\/www.ariasassessors.com\/wp-content\/uploads\/2021\/02\/Arias_Blog_IMAGEN_DESTACADA.png\",\"contentUrl\":\"https:\/\/www.ariasassessors.com\/wp-content\/uploads\/2021\/02\/Arias_Blog_IMAGEN_DESTACADA.png\",\"width\":1920,\"height\":1202,\"caption\":\"Ayuda extraordinaria en el \u00e1mbito de la educaci\u00f3n en el ocio y las actividades extraescolares\"},{\"@type\":\"BreadcrumbList\",\"@id\":\"https:\/\/www.ariasassessors.com\/ca\/ayuda-extraordinaria-en-el-ambito-de-la-educacion-en-el-ocio-y-las-actividades-extraescolares\/#breadcrumb\",\"itemListElement\":[{\"@type\":\"ListItem\",\"position\":1,\"name\":\"Portada\",\"item\":\"https:\/\/www.ariasassessors.com\/ca\/\"},{\"@type\":\"ListItem\",\"position\":2,\"name\":\"Ayuda extraordinaria en el \u00e1mbito de la educaci\u00f3n en el ocio y las actividades extraescolares\"}]},{\"@type\":\"WebSite\",\"@id\":\"https:\/\/www.ariasassessors.com\/#website\",\"url\":\"https:\/\/www.ariasassessors.com\/\",\"name\":\"Arias Assessors\",\"description\":\"Asesor\u00eda para aut\u00f3nomos, profesionales y PYMES\",\"publisher\":{\"@id\":\"https:\/\/www.ariasassessors.com\/#organization\"},\"potentialAction\":[{\"@type\":\"SearchAction\",\"target\":{\"@type\":\"EntryPoint\",\"urlTemplate\":\"https:\/\/www.ariasassessors.com\/?s={search_term_string}\"},\"query-input\":{\"@type\":\"PropertyValueSpecification\",\"valueRequired\":true,\"valueName\":\"search_term_string\"}}],\"inLanguage\":\"ca\"},{\"@type\":\"Organization\",\"@id\":\"https:\/\/www.ariasassessors.com\/#organization\",\"name\":\"Arias Assessors\",\"url\":\"https:\/\/www.ariasassessors.com\/\",\"logo\":{\"@type\":\"ImageObject\",\"inLanguage\":\"ca\",\"@id\":\"https:\/\/www.ariasassessors.com\/#\/schema\/logo\/image\/\",\"url\":\"https:\/\/www.ariasassessors.com\/wp-content\/uploads\/2019\/01\/arias-logo.png\",\"contentUrl\":\"https:\/\/www.ariasassessors.com\/wp-content\/uploads\/2019\/01\/arias-logo.png\",\"width\":349,\"height\":254,\"caption\":\"Arias Assessors\"},\"image\":{\"@id\":\"https:\/\/www.ariasassessors.com\/#\/schema\/logo\/image\/\"},\"sameAs\":[\"https:\/\/www.facebook.com\/ariasassessors\/\",\"https:\/\/x.com\/ariasassessors\",\"https:\/\/www.linkedin.com\/company\/r&amp;amp;r-growing-knowledge\/\"]},{\"@type\":\"Person\",\"@id\":\"https:\/\/www.ariasassessors.com\/#\/schema\/person\/31e56f9d79e07edcad0513599b863b5a\",\"name\":\"Raul Arias\",\"image\":{\"@type\":\"ImageObject\",\"inLanguage\":\"ca\",\"@id\":\"https:\/\/www.ariasassessors.com\/#\/schema\/person\/image\/\",\"url\":\"https:\/\/secure.gravatar.com\/avatar\/c4b15316f6e35082f0ca6aa967d452bf?s=96&d=mm&r=g\",\"contentUrl\":\"https:\/\/secure.gravatar.com\/avatar\/c4b15316f6e35082f0ca6aa967d452bf?s=96&d=mm&r=g\",\"caption\":\"Raul Arias\"}}]}<\/script>\n<!-- \/ Yoast SEO plugin. -->","yoast_head_json":{"title":"Ayuda extraordinaria en el \u00e1mbito de la educaci\u00f3n en el ocio y las actividades extraescolares | Arias Assessors","description":"La Generalitat ha aprobado una nueva ayuda para afectados del \u00e1mbito de la educaci\u00f3n y actividades extraescolares. Aqu\u00ed tienes toda la informaci\u00f3n.","robots":{"index":"index","follow":"follow","max-snippet":"max-snippet:-1","max-image-preview":"max-image-preview:large","max-video-preview":"max-video-preview:-1"},"canonical":"https:\/\/www.ariasassessors.com\/ca\/ayuda-extraordinaria-en-el-ambito-de-la-educacion-en-el-ocio-y-las-actividades-extraescolares\/","og_locale":"ca_ES","og_type":"article","og_title":"Ayuda extraordinaria en el \u00e1mbito de la educaci\u00f3n en el ocio y las actividades extraescolares | Arias Assessors","og_description":"La Generalitat ha aprobado una nueva ayuda para afectados del \u00e1mbito de la educaci\u00f3n y actividades extraescolares. Aqu\u00ed tienes toda la informaci\u00f3n.","og_url":"https:\/\/www.ariasassessors.com\/ca\/ayuda-extraordinaria-en-el-ambito-de-la-educacion-en-el-ocio-y-las-actividades-extraescolares\/","og_site_name":"Arias Assessors","article_publisher":"https:\/\/www.facebook.com\/ariasassessors\/","article_published_time":"2021-02-17T15:06:19+00:00","og_image":[{"width":1024,"height":641,"url":"https:\/\/www.ariasassessors.com\/wp-content\/uploads\/2021\/02\/Arias_Blog_IMAGEN_DESTACADA-1024x641.png","type":"image\/png"}],"author":"Raul Arias","twitter_card":"summary_large_image","twitter_creator":"@ariasassessors","twitter_site":"@ariasassessors","twitter_misc":{"Escrit per":"Raul Arias","Temps estimat de lectura":"2 minuts"},"schema":{"@context":"https:\/\/schema.org","@graph":[{"@type":"Article","@id":"https:\/\/www.ariasassessors.com\/ca\/ayuda-extraordinaria-en-el-ambito-de-la-educacion-en-el-ocio-y-las-actividades-extraescolares\/#article","isPartOf":{"@id":"https:\/\/www.ariasassessors.com\/ca\/ayuda-extraordinaria-en-el-ambito-de-la-educacion-en-el-ocio-y-las-actividades-extraescolares\/"},"author":{"name":"Raul Arias","@id":"https:\/\/www.ariasassessors.com\/#\/schema\/person\/31e56f9d79e07edcad0513599b863b5a"},"headline":"Ayuda extraordinaria en el \u00e1mbito de la educaci\u00f3n en el ocio y las actividades extraescolares","datePublished":"2021-02-17T15:06:19+00:00","dateModified":"2021-02-17T15:06:19+00:00","mainEntityOfPage":{"@id":"https:\/\/www.ariasassessors.com\/ca\/ayuda-extraordinaria-en-el-ambito-de-la-educacion-en-el-ocio-y-las-actividades-extraescolares\/"},"wordCount":376,"commentCount":0,"publisher":{"@id":"https:\/\/www.ariasassessors.com\/#organization"},"image":{"@id":"https:\/\/www.ariasassessors.com\/ca\/ayuda-extraordinaria-en-el-ambito-de-la-educacion-en-el-ocio-y-las-actividades-extraescolares\/#primaryimage"},"thumbnailUrl":"https:\/\/www.ariasassessors.com\/wp-content\/uploads\/2021\/02\/Arias_Blog_IMAGEN_DESTACADA.png","articleSection":["noticies"],"inLanguage":"ca","potentialAction":[{"@type":"CommentAction","name":"Comment","target":["https:\/\/www.ariasassessors.com\/ca\/ayuda-extraordinaria-en-el-ambito-de-la-educacion-en-el-ocio-y-las-actividades-extraescolares\/#respond"]}]},{"@type":"WebPage","@id":"https:\/\/www.ariasassessors.com\/ca\/ayuda-extraordinaria-en-el-ambito-de-la-educacion-en-el-ocio-y-las-actividades-extraescolares\/","url":"https:\/\/www.ariasassessors.com\/ca\/ayuda-extraordinaria-en-el-ambito-de-la-educacion-en-el-ocio-y-las-actividades-extraescolares\/","name":"Ayuda extraordinaria en el \u00e1mbito de la educaci\u00f3n en el ocio y las actividades extraescolares | Arias Assessors","isPartOf":{"@id":"https:\/\/www.ariasassessors.com\/#website"},"primaryImageOfPage":{"@id":"https:\/\/www.ariasassessors.com\/ca\/ayuda-extraordinaria-en-el-ambito-de-la-educacion-en-el-ocio-y-las-actividades-extraescolares\/#primaryimage"},"image":{"@id":"https:\/\/www.ariasassessors.com\/ca\/ayuda-extraordinaria-en-el-ambito-de-la-educacion-en-el-ocio-y-las-actividades-extraescolares\/#primaryimage"},"thumbnailUrl":"https:\/\/www.ariasassessors.com\/wp-content\/uploads\/2021\/02\/Arias_Blog_IMAGEN_DESTACADA.png","datePublished":"2021-02-17T15:06:19+00:00","dateModified":"2021-02-17T15:06:19+00:00","description":"La Generalitat ha aprobado una nueva ayuda para afectados del \u00e1mbito de la educaci\u00f3n y actividades extraescolares. Aqu\u00ed tienes toda la informaci\u00f3n.","breadcrumb":{"@id":"https:\/\/www.ariasassessors.com\/ca\/ayuda-extraordinaria-en-el-ambito-de-la-educacion-en-el-ocio-y-las-actividades-extraescolares\/#breadcrumb"},"inLanguage":"ca","potentialAction":[{"@type":"ReadAction","target":["https:\/\/www.ariasassessors.com\/ca\/ayuda-extraordinaria-en-el-ambito-de-la-educacion-en-el-ocio-y-las-actividades-extraescolares\/"]}]},{"@type":"ImageObject","inLanguage":"ca","@id":"https:\/\/www.ariasassessors.com\/ca\/ayuda-extraordinaria-en-el-ambito-de-la-educacion-en-el-ocio-y-las-actividades-extraescolares\/#primaryimage","url":"https:\/\/www.ariasassessors.com\/wp-content\/uploads\/2021\/02\/Arias_Blog_IMAGEN_DESTACADA.png","contentUrl":"https:\/\/www.ariasassessors.com\/wp-content\/uploads\/2021\/02\/Arias_Blog_IMAGEN_DESTACADA.png","width":1920,"height":1202,"caption":"Ayuda extraordinaria en el \u00e1mbito de la educaci\u00f3n en el ocio y las actividades extraescolares"},{"@type":"BreadcrumbList","@id":"https:\/\/www.ariasassessors.com\/ca\/ayuda-extraordinaria-en-el-ambito-de-la-educacion-en-el-ocio-y-las-actividades-extraescolares\/#breadcrumb","itemListElement":[{"@type":"ListItem","position":1,"name":"Portada","item":"https:\/\/www.ariasassessors.com\/ca\/"},{"@type":"ListItem","position":2,"name":"Ayuda extraordinaria en el \u00e1mbito de la educaci\u00f3n en el ocio y las actividades extraescolares"}]},{"@type":"WebSite","@id":"https:\/\/www.ariasassessors.com\/#website","url":"https:\/\/www.ariasassessors.com\/","name":"Arias Assessors","description":"Asesor\u00eda para aut\u00f3nomos, profesionales y PYMES","publisher":{"@id":"https:\/\/www.ariasassessors.com\/#organization"},"potentialAction":[{"@type":"SearchAction","target":{"@type":"EntryPoint","urlTemplate":"https:\/\/www.ariasassessors.com\/?s={search_term_string}"},"query-input":{"@type":"PropertyValueSpecification","valueRequired":true,"valueName":"search_term_string"}}],"inLanguage":"ca"},{"@type":"Organization","@id":"https:\/\/www.ariasassessors.com\/#organization","name":"Arias Assessors","url":"https:\/\/www.ariasassessors.com\/","logo":{"@type":"ImageObject","inLanguage":"ca","@id":"https:\/\/www.ariasassessors.com\/#\/schema\/logo\/image\/","url":"https:\/\/www.ariasassessors.com\/wp-content\/uploads\/2019\/01\/arias-logo.png","contentUrl":"https:\/\/www.ariasassessors.com\/wp-content\/uploads\/2019\/01\/arias-logo.png","width":349,"height":254,"caption":"Arias Assessors"},"image":{"@id":"https:\/\/www.ariasassessors.com\/#\/schema\/logo\/image\/"},"sameAs":["https:\/\/www.facebook.com\/ariasassessors\/","https:\/\/x.com\/ariasassessors","https:\/\/www.linkedin.com\/company\/r&amp;amp;r-growing-knowledge\/"]},{"@type":"Person","@id":"https:\/\/www.ariasassessors.com\/#\/schema\/person\/31e56f9d79e07edcad0513599b863b5a","name":"Raul Arias","image":{"@type":"ImageObject","inLanguage":"ca","@id":"https:\/\/www.ariasassessors.com\/#\/schema\/person\/image\/","url":"https:\/\/secure.gravatar.com\/avatar\/c4b15316f6e35082f0ca6aa967d452bf?s=96&d=mm&r=g","contentUrl":"https:\/\/secure.gravatar.com\/avatar\/c4b15316f6e35082f0ca6aa967d452bf?s=96&d=mm&r=g","caption":"Raul Arias"}}]}},"_links":{"self":[{"href":"https:\/\/www.ariasassessors.com\/ca\/wp-json\/wp\/v2\/posts\/1452","targetHints":{"allow":["GET"]}}],"collection":[{"href":"https:\/\/www.ariasassessors.com\/ca\/wp-json\/wp\/v2\/posts"}],"about":[{"href":"https:\/\/www.ariasassessors.com\/ca\/wp-json\/wp\/v2\/types\/post"}],"author":[{"embeddable":true,"href":"https:\/\/www.ariasassessors.com\/ca\/wp-json\/wp\/v2\/users\/3"}],"replies":[{"embeddable":true,"href":"https:\/\/www.ariasassessors.com\/ca\/wp-json\/wp\/v2\/comments?post=1452"}],"version-history":[{"count":0,"href":"https:\/\/www.ariasassessors.com\/ca\/wp-json\/wp\/v2\/posts\/1452\/revisions"}],"wp:featuredmedia":[{"embeddable":true,"href":"https:\/\/www.ariasassessors.com\/ca\/wp-json\/wp\/v2\/media\/1440"}],"wp:attachment":[{"href":"https:\/\/www.ariasassessors.com\/ca\/wp-json\/wp\/v2\/media?parent=1452"}],"wp:term":[{"taxonomy":"category","embeddable":true,"href":"https:\/\/www.ariasassessors.com\/ca\/wp-json\/wp\/v2\/categories?post=1452"},{"taxonomy":"post_tag","embeddable":true,"href":"https:\/\/www.ariasassessors.com\/ca\/wp-json\/wp\/v2\/tags?post=1452"}],"curies":[{"name":"wp","href":"https:\/\/api.w.org\/{rel}","templated":true}]}}