{"id":1458,"date":"2021-03-15T11:45:25","date_gmt":"2021-03-15T10:45:25","guid":{"rendered":"https:\/\/www.ariasassessors.com\/tributacion-de-las-ayudas-covid-19\/"},"modified":"2021-03-15T11:45:25","modified_gmt":"2021-03-15T10:45:25","slug":"tributacion-de-las-ayudas-covid-19","status":"publish","type":"post","link":"https:\/\/www.ariasassessors.com\/ca\/tributacion-de-las-ayudas-covid-19\/","title":{"rendered":"Tributaci\u00f3n de las ayudas por la Covid19"},"content":{"rendered":"<p>Este a\u00f1o,\u00a0<strong>la presentaci\u00f3n de la declaraci\u00f3n de la renta<\/strong>\u00a0va a ser bien diferente. Es la campa\u00f1a en la que se presenta el IRPF correspondiente al ejercicio 2020, a\u00f1o totalmente at\u00edpico, que ha tenido su incidencia sobre la actividad de muchos trabajadores, tanto asalariados como aquellos que trabajan por cuenta propia.<\/p>\n<p>El\u00a0<a href=\"https:\/\/www.pymesyautonomos.com\/actualidad\/todo-que-debes-saber-nueva-prestacion-cese-actividad-para-paliar-crisis-coronavirus\">cese extraordinario de actividad<\/a>, puesto en marcha por el Gobierno para paliar los efectos de la crisis sanitaria, ha sido una de las medidas de ayuda que han tenido los peque\u00f1os empresarios. Y como cualquier otra prestaci\u00f3n de la Seguridad Social, es un ingreso que tiene su impacto en la declaraci\u00f3n de la renta.<\/p>\n<p>As\u00ed lo establece el art\u00edculo 17.1.b) de la\u00a0<a href=\"https:\/\/www.boe.es\/buscar\/act.php?id=BOE-A-2006-20764\">ley 35\/2006 del<\/a>\u00a0IRPF:<\/p>\n<p><em>\u201cSe considerar\u00e1n rendimientos \u00edntegros del trabajo todas las contraprestaciones o utilidades, cualquiera que sea su denominaci\u00f3n o naturaleza, dinerarias o en especie, que deriven, directa o indirectamente, del trabajo personal o de la relaci\u00f3n laboral o estatutaria y no tengan el car\u00e1cter de rendimientos de actividades econ\u00f3micas. Se incluir\u00e1n, en particular [\u2026] b) Las prestaciones por desempleo.\u201d&gt;<\/em><\/p>\n<p>Al ser un rendimiento del trabajo,\u00a0<strong>ha sido la propia Seguridad Social quien ha abonado las cuotas a Hacienda<\/strong>. Dicho de otra manera, no tiene la consideraci\u00f3n de rendimiento de actividades econ\u00f3micas como el resto de ingresos del aut\u00f3nomo y, en consecuencia, no se ha presentado el modelo 130.<\/p>\n<p>S\u00ed deben considerarse en cambio, como ingresos de la actividad econ\u00f3mica (y haberse declarado a qui\u00e9n le corresponda en el correspondiente modelo 130 \u2013 pago fraccionado a cuenta de la renta) las subvenciones recibidas por parte de la Generalitat de Catalunya, por ejemplo la ayuda reciente de 2.000\u20ac para aut\u00f3nomos que han visto afectada su actividad econ\u00f3mica por la pandemia.<\/p>\n<p>Una de las principales consecuencias del cese de actividad es que\u00a0<strong>muchos trabajadores acogidos a esta prestaci\u00f3n estar\u00e1n obligados a presentar la declaraci\u00f3n de la renta<\/strong>, incluso aunque en conjunto hubiesen obtenido ingresos similares (o incluso inferiores) a los de ejercicios anteriores, sin obligaci\u00f3n a presentarla.<\/p>\n<p>El motivo es que el SEPE\u00a0<a href=\"https:\/\/www.pymesyautonomos.com\/fiscalidad-y-contabilidad\/irpf-para-todos-cuando-se-considera-que-existe-un-segundo-pagador\">se considera segundo pagador a efectos fiscales<\/a>, una de las circunstancias establecidas en la ley que rebaja los l\u00edmites que obligan a su presentaci\u00f3n. En concreto, con dos o m\u00e1s pagadores, el importe a partir del cual hay que presentar la declaraci\u00f3n se\u00a0<strong>rebaja a 12.643 euros anuales<\/strong>, frente a los 22.000 euros de un solo pagador.<\/p>\n<p>Eso s\u00ed, este l\u00edmite solo es de aplicaci\u00f3n en el supuesto de que los ingresos obtenidos por parte del SEPE sean\u00a0<strong>inferiores a los 1.500 euros<\/strong>. Y todo ello con independencia del resultado de la declaraci\u00f3n en ejercicios anteriores.<\/p>\n<p>Otra de las consecuencias para muchos aut\u00f3nomos, en funci\u00f3n de los ingresos totales obtenidos, es que\u00a0<strong>su declaraci\u00f3n les puede salir a pagar<\/strong>. El SEPE aplica la retenci\u00f3n m\u00ednima del 2 por ciento a la prestaci\u00f3n por desempleo, de manera que en la regularizaci\u00f3n de este a\u00f1o habr\u00e1 que abonar la diferencia.<\/p>\n<p>A todo ello se le suma que, durante\u00a0<strong>el disfrute de la prestaci\u00f3n por cese de actividad<\/strong>, el Gobierno estableci\u00f3 la exoneraci\u00f3n de las cuotas sociales. En consecuencia, el aut\u00f3nomo habr\u00e1 pagado menos cuota de aut\u00f3nomos, lo que reducir\u00e1 sus gastos deducibles.<\/p>\n","protected":false},"excerpt":{"rendered":"<p>Este a\u00f1o,\u00a0la presentaci\u00f3n de la declaraci\u00f3n de la renta\u00a0va a ser bien diferente. Es la campa\u00f1a en la que se presenta el IRPF correspondiente al ejercicio 2020, a\u00f1o totalmente at\u00edpico, que ha tenido su incidencia sobre la actividad de muchos trabajadores, tanto asalariados como aquellos&#8230;<\/p>\n","protected":false},"author":2,"featured_media":1455,"comment_status":"open","ping_status":"open","sticky":false,"template":"","format":"standard","meta":{"footnotes":""},"categories":[4],"tags":[],"class_list":["post-1458","post","type-post","status-publish","format-standard","has-post-thumbnail","hentry","category-noticies"],"yoast_head":"<!-- This site is optimized with the Yoast SEO plugin v24.3 - https:\/\/yoast.com\/wordpress\/plugins\/seo\/ -->\n<title>Tributaci\u00f3n de las ayudas por la Covid19 | Arias Assessors<\/title>\n<meta name=\"description\" content=\"Se acerca la presentaci\u00f3n de la declaraci\u00f3n de la renta del 2020. Si has percibido ayudas por la covid19, te explicamos c\u00f3mo debes aplicarlas.\" \/>\n<meta name=\"robots\" content=\"index, follow, max-snippet:-1, max-image-preview:large, max-video-preview:-1\" \/>\n<link rel=\"canonical\" href=\"https:\/\/www.ariasassessors.com\/ca\/tributacion-de-las-ayudas-covid-19\/\" \/>\n<meta property=\"og:locale\" content=\"ca_ES\" \/>\n<meta property=\"og:type\" content=\"article\" \/>\n<meta property=\"og:title\" content=\"Tributaci\u00f3n de las ayudas por la Covid19 | Arias Assessors\" \/>\n<meta property=\"og:description\" content=\"Se acerca la presentaci\u00f3n de la declaraci\u00f3n de la renta del 2020. Si has percibido ayudas por la covid19, te explicamos c\u00f3mo debes aplicarlas.\" \/>\n<meta property=\"og:url\" content=\"https:\/\/www.ariasassessors.com\/ca\/tributacion-de-las-ayudas-covid-19\/\" \/>\n<meta property=\"og:site_name\" content=\"Arias Assessors\" \/>\n<meta property=\"article:publisher\" content=\"https:\/\/www.facebook.com\/ariasassessors\/\" \/>\n<meta property=\"article:published_time\" content=\"2021-03-15T10:45:25+00:00\" \/>\n<meta property=\"og:image\" content=\"https:\/\/www.ariasassessors.com\/wp-content\/uploads\/2021\/03\/Arias_Blog_IMAGEN_DESTACADA.jpg\" \/>\n\t<meta property=\"og:image:width\" content=\"1920\" \/>\n\t<meta property=\"og:image:height\" content=\"1202\" \/>\n\t<meta property=\"og:image:type\" content=\"image\/jpeg\" \/>\n<meta name=\"author\" content=\"btorras\" \/>\n<meta name=\"twitter:card\" content=\"summary_large_image\" \/>\n<meta name=\"twitter:creator\" content=\"@ariasassessors\" \/>\n<meta name=\"twitter:site\" content=\"@ariasassessors\" \/>\n<meta name=\"twitter:label1\" content=\"Escrit per\" \/>\n\t<meta name=\"twitter:data1\" content=\"btorras\" \/>\n\t<meta name=\"twitter:label2\" content=\"Temps estimat de lectura\" \/>\n\t<meta name=\"twitter:data2\" content=\"3 minuts\" \/>\n<script type=\"application\/ld+json\" class=\"yoast-schema-graph\">{\"@context\":\"https:\/\/schema.org\",\"@graph\":[{\"@type\":\"Article\",\"@id\":\"https:\/\/www.ariasassessors.com\/ca\/tributacion-de-las-ayudas-covid-19\/#article\",\"isPartOf\":{\"@id\":\"https:\/\/www.ariasassessors.com\/ca\/tributacion-de-las-ayudas-covid-19\/\"},\"author\":{\"name\":\"btorras\",\"@id\":\"https:\/\/www.ariasassessors.com\/#\/schema\/person\/63c6ad1775f0a9413c37932562673cef\"},\"headline\":\"Tributaci\u00f3n de las ayudas por la Covid19\",\"datePublished\":\"2021-03-15T10:45:25+00:00\",\"dateModified\":\"2021-03-15T10:45:25+00:00\",\"mainEntityOfPage\":{\"@id\":\"https:\/\/www.ariasassessors.com\/ca\/tributacion-de-las-ayudas-covid-19\/\"},\"wordCount\":571,\"commentCount\":0,\"publisher\":{\"@id\":\"https:\/\/www.ariasassessors.com\/#organization\"},\"image\":{\"@id\":\"https:\/\/www.ariasassessors.com\/ca\/tributacion-de-las-ayudas-covid-19\/#primaryimage\"},\"thumbnailUrl\":\"https:\/\/www.ariasassessors.com\/wp-content\/uploads\/2021\/03\/Arias_Blog_IMAGEN_DESTACADA.jpg\",\"articleSection\":[\"noticies\"],\"inLanguage\":\"ca\",\"potentialAction\":[{\"@type\":\"CommentAction\",\"name\":\"Comment\",\"target\":[\"https:\/\/www.ariasassessors.com\/ca\/tributacion-de-las-ayudas-covid-19\/#respond\"]}]},{\"@type\":\"WebPage\",\"@id\":\"https:\/\/www.ariasassessors.com\/ca\/tributacion-de-las-ayudas-covid-19\/\",\"url\":\"https:\/\/www.ariasassessors.com\/ca\/tributacion-de-las-ayudas-covid-19\/\",\"name\":\"Tributaci\u00f3n de las ayudas por la Covid19 | Arias Assessors\",\"isPartOf\":{\"@id\":\"https:\/\/www.ariasassessors.com\/#website\"},\"primaryImageOfPage\":{\"@id\":\"https:\/\/www.ariasassessors.com\/ca\/tributacion-de-las-ayudas-covid-19\/#primaryimage\"},\"image\":{\"@id\":\"https:\/\/www.ariasassessors.com\/ca\/tributacion-de-las-ayudas-covid-19\/#primaryimage\"},\"thumbnailUrl\":\"https:\/\/www.ariasassessors.com\/wp-content\/uploads\/2021\/03\/Arias_Blog_IMAGEN_DESTACADA.jpg\",\"datePublished\":\"2021-03-15T10:45:25+00:00\",\"dateModified\":\"2021-03-15T10:45:25+00:00\",\"description\":\"Se acerca la presentaci\u00f3n de la declaraci\u00f3n de la renta del 2020. Si has percibido ayudas por la covid19, te explicamos c\u00f3mo debes aplicarlas.\",\"breadcrumb\":{\"@id\":\"https:\/\/www.ariasassessors.com\/ca\/tributacion-de-las-ayudas-covid-19\/#breadcrumb\"},\"inLanguage\":\"ca\",\"potentialAction\":[{\"@type\":\"ReadAction\",\"target\":[\"https:\/\/www.ariasassessors.com\/ca\/tributacion-de-las-ayudas-covid-19\/\"]}]},{\"@type\":\"ImageObject\",\"inLanguage\":\"ca\",\"@id\":\"https:\/\/www.ariasassessors.com\/ca\/tributacion-de-las-ayudas-covid-19\/#primaryimage\",\"url\":\"https:\/\/www.ariasassessors.com\/wp-content\/uploads\/2021\/03\/Arias_Blog_IMAGEN_DESTACADA.jpg\",\"contentUrl\":\"https:\/\/www.ariasassessors.com\/wp-content\/uploads\/2021\/03\/Arias_Blog_IMAGEN_DESTACADA.jpg\",\"width\":1920,\"height\":1202,\"caption\":\"TRIBUTACI\u00d3N DE LAS AYUDAS COVID-19\"},{\"@type\":\"BreadcrumbList\",\"@id\":\"https:\/\/www.ariasassessors.com\/ca\/tributacion-de-las-ayudas-covid-19\/#breadcrumb\",\"itemListElement\":[{\"@type\":\"ListItem\",\"position\":1,\"name\":\"Portada\",\"item\":\"https:\/\/www.ariasassessors.com\/ca\/\"},{\"@type\":\"ListItem\",\"position\":2,\"name\":\"Tributaci\u00f3n de las ayudas por la Covid19\"}]},{\"@type\":\"WebSite\",\"@id\":\"https:\/\/www.ariasassessors.com\/#website\",\"url\":\"https:\/\/www.ariasassessors.com\/\",\"name\":\"Arias Assessors\",\"description\":\"Asesor\u00eda para aut\u00f3nomos, profesionales y PYMES\",\"publisher\":{\"@id\":\"https:\/\/www.ariasassessors.com\/#organization\"},\"potentialAction\":[{\"@type\":\"SearchAction\",\"target\":{\"@type\":\"EntryPoint\",\"urlTemplate\":\"https:\/\/www.ariasassessors.com\/?s={search_term_string}\"},\"query-input\":{\"@type\":\"PropertyValueSpecification\",\"valueRequired\":true,\"valueName\":\"search_term_string\"}}],\"inLanguage\":\"ca\"},{\"@type\":\"Organization\",\"@id\":\"https:\/\/www.ariasassessors.com\/#organization\",\"name\":\"Arias Assessors\",\"url\":\"https:\/\/www.ariasassessors.com\/\",\"logo\":{\"@type\":\"ImageObject\",\"inLanguage\":\"ca\",\"@id\":\"https:\/\/www.ariasassessors.com\/#\/schema\/logo\/image\/\",\"url\":\"https:\/\/www.ariasassessors.com\/wp-content\/uploads\/2019\/01\/arias-logo.png\",\"contentUrl\":\"https:\/\/www.ariasassessors.com\/wp-content\/uploads\/2019\/01\/arias-logo.png\",\"width\":349,\"height\":254,\"caption\":\"Arias Assessors\"},\"image\":{\"@id\":\"https:\/\/www.ariasassessors.com\/#\/schema\/logo\/image\/\"},\"sameAs\":[\"https:\/\/www.facebook.com\/ariasassessors\/\",\"https:\/\/x.com\/ariasassessors\",\"https:\/\/www.linkedin.com\/company\/r&amp;amp;r-growing-knowledge\/\"]},{\"@type\":\"Person\",\"@id\":\"https:\/\/www.ariasassessors.com\/#\/schema\/person\/63c6ad1775f0a9413c37932562673cef\",\"name\":\"btorras\",\"image\":{\"@type\":\"ImageObject\",\"inLanguage\":\"ca\",\"@id\":\"https:\/\/www.ariasassessors.com\/#\/schema\/person\/image\/\",\"url\":\"https:\/\/secure.gravatar.com\/avatar\/0531db351fc361fdbfd204c58fa2d6a3?s=96&d=mm&r=g\",\"contentUrl\":\"https:\/\/secure.gravatar.com\/avatar\/0531db351fc361fdbfd204c58fa2d6a3?s=96&d=mm&r=g\",\"caption\":\"btorras\"}}]}<\/script>\n<!-- \/ Yoast SEO plugin. -->","yoast_head_json":{"title":"Tributaci\u00f3n de las ayudas por la Covid19 | Arias Assessors","description":"Se acerca la presentaci\u00f3n de la declaraci\u00f3n de la renta del 2020. Si has percibido ayudas por la covid19, te explicamos c\u00f3mo debes aplicarlas.","robots":{"index":"index","follow":"follow","max-snippet":"max-snippet:-1","max-image-preview":"max-image-preview:large","max-video-preview":"max-video-preview:-1"},"canonical":"https:\/\/www.ariasassessors.com\/ca\/tributacion-de-las-ayudas-covid-19\/","og_locale":"ca_ES","og_type":"article","og_title":"Tributaci\u00f3n de las ayudas por la Covid19 | Arias Assessors","og_description":"Se acerca la presentaci\u00f3n de la declaraci\u00f3n de la renta del 2020. Si has percibido ayudas por la covid19, te explicamos c\u00f3mo debes aplicarlas.","og_url":"https:\/\/www.ariasassessors.com\/ca\/tributacion-de-las-ayudas-covid-19\/","og_site_name":"Arias Assessors","article_publisher":"https:\/\/www.facebook.com\/ariasassessors\/","article_published_time":"2021-03-15T10:45:25+00:00","og_image":[{"width":1920,"height":1202,"url":"https:\/\/www.ariasassessors.com\/wp-content\/uploads\/2021\/03\/Arias_Blog_IMAGEN_DESTACADA.jpg","type":"image\/jpeg"}],"author":"btorras","twitter_card":"summary_large_image","twitter_creator":"@ariasassessors","twitter_site":"@ariasassessors","twitter_misc":{"Escrit per":"btorras","Temps estimat de lectura":"3 minuts"},"schema":{"@context":"https:\/\/schema.org","@graph":[{"@type":"Article","@id":"https:\/\/www.ariasassessors.com\/ca\/tributacion-de-las-ayudas-covid-19\/#article","isPartOf":{"@id":"https:\/\/www.ariasassessors.com\/ca\/tributacion-de-las-ayudas-covid-19\/"},"author":{"name":"btorras","@id":"https:\/\/www.ariasassessors.com\/#\/schema\/person\/63c6ad1775f0a9413c37932562673cef"},"headline":"Tributaci\u00f3n de las ayudas por la Covid19","datePublished":"2021-03-15T10:45:25+00:00","dateModified":"2021-03-15T10:45:25+00:00","mainEntityOfPage":{"@id":"https:\/\/www.ariasassessors.com\/ca\/tributacion-de-las-ayudas-covid-19\/"},"wordCount":571,"commentCount":0,"publisher":{"@id":"https:\/\/www.ariasassessors.com\/#organization"},"image":{"@id":"https:\/\/www.ariasassessors.com\/ca\/tributacion-de-las-ayudas-covid-19\/#primaryimage"},"thumbnailUrl":"https:\/\/www.ariasassessors.com\/wp-content\/uploads\/2021\/03\/Arias_Blog_IMAGEN_DESTACADA.jpg","articleSection":["noticies"],"inLanguage":"ca","potentialAction":[{"@type":"CommentAction","name":"Comment","target":["https:\/\/www.ariasassessors.com\/ca\/tributacion-de-las-ayudas-covid-19\/#respond"]}]},{"@type":"WebPage","@id":"https:\/\/www.ariasassessors.com\/ca\/tributacion-de-las-ayudas-covid-19\/","url":"https:\/\/www.ariasassessors.com\/ca\/tributacion-de-las-ayudas-covid-19\/","name":"Tributaci\u00f3n de las ayudas por la Covid19 | Arias Assessors","isPartOf":{"@id":"https:\/\/www.ariasassessors.com\/#website"},"primaryImageOfPage":{"@id":"https:\/\/www.ariasassessors.com\/ca\/tributacion-de-las-ayudas-covid-19\/#primaryimage"},"image":{"@id":"https:\/\/www.ariasassessors.com\/ca\/tributacion-de-las-ayudas-covid-19\/#primaryimage"},"thumbnailUrl":"https:\/\/www.ariasassessors.com\/wp-content\/uploads\/2021\/03\/Arias_Blog_IMAGEN_DESTACADA.jpg","datePublished":"2021-03-15T10:45:25+00:00","dateModified":"2021-03-15T10:45:25+00:00","description":"Se acerca la presentaci\u00f3n de la declaraci\u00f3n de la renta del 2020. Si has percibido ayudas por la covid19, te explicamos c\u00f3mo debes aplicarlas.","breadcrumb":{"@id":"https:\/\/www.ariasassessors.com\/ca\/tributacion-de-las-ayudas-covid-19\/#breadcrumb"},"inLanguage":"ca","potentialAction":[{"@type":"ReadAction","target":["https:\/\/www.ariasassessors.com\/ca\/tributacion-de-las-ayudas-covid-19\/"]}]},{"@type":"ImageObject","inLanguage":"ca","@id":"https:\/\/www.ariasassessors.com\/ca\/tributacion-de-las-ayudas-covid-19\/#primaryimage","url":"https:\/\/www.ariasassessors.com\/wp-content\/uploads\/2021\/03\/Arias_Blog_IMAGEN_DESTACADA.jpg","contentUrl":"https:\/\/www.ariasassessors.com\/wp-content\/uploads\/2021\/03\/Arias_Blog_IMAGEN_DESTACADA.jpg","width":1920,"height":1202,"caption":"TRIBUTACI\u00d3N DE LAS AYUDAS COVID-19"},{"@type":"BreadcrumbList","@id":"https:\/\/www.ariasassessors.com\/ca\/tributacion-de-las-ayudas-covid-19\/#breadcrumb","itemListElement":[{"@type":"ListItem","position":1,"name":"Portada","item":"https:\/\/www.ariasassessors.com\/ca\/"},{"@type":"ListItem","position":2,"name":"Tributaci\u00f3n de las ayudas por la Covid19"}]},{"@type":"WebSite","@id":"https:\/\/www.ariasassessors.com\/#website","url":"https:\/\/www.ariasassessors.com\/","name":"Arias Assessors","description":"Asesor\u00eda para aut\u00f3nomos, profesionales y PYMES","publisher":{"@id":"https:\/\/www.ariasassessors.com\/#organization"},"potentialAction":[{"@type":"SearchAction","target":{"@type":"EntryPoint","urlTemplate":"https:\/\/www.ariasassessors.com\/?s={search_term_string}"},"query-input":{"@type":"PropertyValueSpecification","valueRequired":true,"valueName":"search_term_string"}}],"inLanguage":"ca"},{"@type":"Organization","@id":"https:\/\/www.ariasassessors.com\/#organization","name":"Arias Assessors","url":"https:\/\/www.ariasassessors.com\/","logo":{"@type":"ImageObject","inLanguage":"ca","@id":"https:\/\/www.ariasassessors.com\/#\/schema\/logo\/image\/","url":"https:\/\/www.ariasassessors.com\/wp-content\/uploads\/2019\/01\/arias-logo.png","contentUrl":"https:\/\/www.ariasassessors.com\/wp-content\/uploads\/2019\/01\/arias-logo.png","width":349,"height":254,"caption":"Arias Assessors"},"image":{"@id":"https:\/\/www.ariasassessors.com\/#\/schema\/logo\/image\/"},"sameAs":["https:\/\/www.facebook.com\/ariasassessors\/","https:\/\/x.com\/ariasassessors","https:\/\/www.linkedin.com\/company\/r&amp;amp;r-growing-knowledge\/"]},{"@type":"Person","@id":"https:\/\/www.ariasassessors.com\/#\/schema\/person\/63c6ad1775f0a9413c37932562673cef","name":"btorras","image":{"@type":"ImageObject","inLanguage":"ca","@id":"https:\/\/www.ariasassessors.com\/#\/schema\/person\/image\/","url":"https:\/\/secure.gravatar.com\/avatar\/0531db351fc361fdbfd204c58fa2d6a3?s=96&d=mm&r=g","contentUrl":"https:\/\/secure.gravatar.com\/avatar\/0531db351fc361fdbfd204c58fa2d6a3?s=96&d=mm&r=g","caption":"btorras"}}]}},"_links":{"self":[{"href":"https:\/\/www.ariasassessors.com\/ca\/wp-json\/wp\/v2\/posts\/1458","targetHints":{"allow":["GET"]}}],"collection":[{"href":"https:\/\/www.ariasassessors.com\/ca\/wp-json\/wp\/v2\/posts"}],"about":[{"href":"https:\/\/www.ariasassessors.com\/ca\/wp-json\/wp\/v2\/types\/post"}],"author":[{"embeddable":true,"href":"https:\/\/www.ariasassessors.com\/ca\/wp-json\/wp\/v2\/users\/2"}],"replies":[{"embeddable":true,"href":"https:\/\/www.ariasassessors.com\/ca\/wp-json\/wp\/v2\/comments?post=1458"}],"version-history":[{"count":0,"href":"https:\/\/www.ariasassessors.com\/ca\/wp-json\/wp\/v2\/posts\/1458\/revisions"}],"wp:featuredmedia":[{"embeddable":true,"href":"https:\/\/www.ariasassessors.com\/ca\/wp-json\/wp\/v2\/media\/1455"}],"wp:attachment":[{"href":"https:\/\/www.ariasassessors.com\/ca\/wp-json\/wp\/v2\/media?parent=1458"}],"wp:term":[{"taxonomy":"category","embeddable":true,"href":"https:\/\/www.ariasassessors.com\/ca\/wp-json\/wp\/v2\/categories?post=1458"},{"taxonomy":"post_tag","embeddable":true,"href":"https:\/\/www.ariasassessors.com\/ca\/wp-json\/wp\/v2\/tags?post=1458"}],"curies":[{"name":"wp","href":"https:\/\/api.w.org\/{rel}","templated":true}]}}