{"id":1489,"date":"2021-04-22T15:56:26","date_gmt":"2021-04-22T13:56:26","guid":{"rendered":"https:\/\/www.ariasassessors.com\/como-declarar-los-ertes-en-la-declaracion-de-la-renta-2020\/"},"modified":"2021-05-03T09:36:16","modified_gmt":"2021-05-03T07:36:16","slug":"como-declarar-los-ertes-en-la-declaracion-de-la-renta-2020","status":"publish","type":"post","link":"https:\/\/www.ariasassessors.com\/ca\/como-declarar-los-ertes-en-la-declaracion-de-la-renta-2020\/","title":{"rendered":"C\u00f3mo declarar los ERTES en la Declaraci\u00f3n de la Renta 2020"},"content":{"rendered":"<p>Ha llegado el momento de la Declaraci\u00f3n de la Renta del 2020 y, muchas son las dudas sobre c\u00f3mo declarar los ERTES en la declaraci\u00f3n. A continuaci\u00f3n te explicamos c\u00f3mo se debe se indicar en esta declaraci\u00f3n. Recuerda que por cualquier tipo de duda o problema puedes ponerte en <a href=\"https:\/\/www.ariasassessors.com\/ca\/contacte\/\">contacto con nosotros.<\/a><\/p>\n<p><!--more--><\/p>\n<div id=\"ez-toc-container\" class=\"ez-toc-v2_0_72 counter-hierarchy ez-toc-counter ez-toc-grey ez-toc-container-direction\">\n<div class=\"ez-toc-title-container\">\n<p class=\"ez-toc-title\" style=\"cursor:inherit\">\u00cdndice de Contenidos<\/p>\n<span class=\"ez-toc-title-toggle\"><a href=\"#\" class=\"ez-toc-pull-right ez-toc-btn ez-toc-btn-xs ez-toc-btn-default ez-toc-toggle\" aria-label=\"Toggle Table of Content\"><span class=\"ez-toc-js-icon-con\"><span class=\"\"><span class=\"eztoc-hide\" style=\"display:none;\">Toggle<\/span><span class=\"ez-toc-icon-toggle-span\"><svg style=\"fill: #428bca;color:#428bca\" xmlns=\"http:\/\/www.w3.org\/2000\/svg\" class=\"list-377408\" width=\"20px\" height=\"20px\" viewBox=\"0 0 24 24\" fill=\"none\"><path d=\"M6 6H4v2h2V6zm14 0H8v2h12V6zM4 11h2v2H4v-2zm16 0H8v2h12v-2zM4 16h2v2H4v-2zm16 0H8v2h12v-2z\" fill=\"currentColor\"><\/path><\/svg><svg style=\"fill: #428bca;color:#428bca\" class=\"arrow-unsorted-368013\" xmlns=\"http:\/\/www.w3.org\/2000\/svg\" width=\"10px\" height=\"10px\" viewBox=\"0 0 24 24\" version=\"1.2\" baseProfile=\"tiny\"><path d=\"M18.2 9.3l-6.2-6.3-6.2 6.3c-.2.2-.3.4-.3.7s.1.5.3.7c.2.2.4.3.7.3h11c.3 0 .5-.1.7-.3.2-.2.3-.5.3-.7s-.1-.5-.3-.7zM5.8 14.7l6.2 6.3 6.2-6.3c.2-.2.3-.5.3-.7s-.1-.5-.3-.7c-.2-.2-.4-.3-.7-.3h-11c-.3 0-.5.1-.7.3-.2.2-.3.5-.3.7s.1.5.3.7z\"\/><\/svg><\/span><\/span><\/span><\/a><\/span><\/div>\n<nav><ul class='ez-toc-list ez-toc-list-level-1 eztoc-toggle-hide-by-default' ><li class='ez-toc-page-1 ez-toc-heading-level-2'><a class=\"ez-toc-link ez-toc-heading-1\" href=\"https:\/\/www.ariasassessors.com\/ca\/como-declarar-los-ertes-en-la-declaracion-de-la-renta-2020\/#%C2%BFPor_que_hay_que_declarar_si_tenemos_mas_de_un_pagador\" title=\"\u00bfPor qu\u00e9 hay que declarar si tenemos m\u00e1s de un pagador?\">\u00bfPor qu\u00e9 hay que declarar si tenemos m\u00e1s de un pagador?<\/a><\/li><li class='ez-toc-page-1 ez-toc-heading-level-2'><a class=\"ez-toc-link ez-toc-heading-2\" href=\"https:\/\/www.ariasassessors.com\/ca\/como-declarar-los-ertes-en-la-declaracion-de-la-renta-2020\/#%C2%BFHay_algun_mecanismo_para_evitar_pagar_en_Catalunya\" title=\"\u00bfHay alg\u00fan mecanismo para evitar pagar en Catalunya?\">\u00bfHay alg\u00fan mecanismo para evitar pagar en Catalunya?<\/a><\/li><li class='ez-toc-page-1 ez-toc-heading-level-2'><a class=\"ez-toc-link ez-toc-heading-3\" href=\"https:\/\/www.ariasassessors.com\/ca\/como-declarar-los-ertes-en-la-declaracion-de-la-renta-2020\/#%C2%BFComo_funciona_la_deduccion_en_Catalunya\" title=\"\u00bfC\u00f3mo funciona la deducci\u00f3n en Catalunya?\">\u00bfC\u00f3mo funciona la deducci\u00f3n en Catalunya?<\/a><\/li><li class='ez-toc-page-1 ez-toc-heading-level-2'><a class=\"ez-toc-link ez-toc-heading-4\" href=\"https:\/\/www.ariasassessors.com\/ca\/como-declarar-los-ertes-en-la-declaracion-de-la-renta-2020\/#%C2%BFY_si_el_SEPE_pago_de_mas\" title=\"\u00bfY si el SEPE pag\u00f3 de m\u00e1s?\">\u00bfY si el SEPE pag\u00f3 de m\u00e1s?<\/a><\/li><\/ul><\/nav><\/div>\n<h2><span class=\"ez-toc-section\" id=\"%C2%BFPor_que_hay_que_declarar_si_tenemos_mas_de_un_pagador\"><\/span>\u00bfPor qu\u00e9 hay que declarar si tenemos m\u00e1s de un pagador?<span class=\"ez-toc-section-end\"><\/span><\/h2>\n<p>En t\u00e9rminos generales, no es obligatorio presentar la declaraci\u00f3n de la renta cuando los ingresos del trabajo no superan los 22.000 euros. En cambio, cuando hay m\u00e1s de un pagador y el segundo y dem\u00e1s superan los 1.500 euros, el list\u00f3n es a partir de 14.000 euros.<\/p>\n<p>Es el caso de quienes percibieron el salario de su empresa y tambi\u00e9n la parte correspondiente por un erte. As\u00ed, muchos afectados que en la declaraci\u00f3n de 2019 no tuvieron que presentar la declaraci\u00f3n, este a\u00f1o pueden verse obligados a hacerlo. Cuando hay un solo pagador, la retenci\u00f3n y la cuota final suelen estar muy ajustadas y no se suele tener que pagar si no hay otros tipos de rentas.<\/p>\n<p>En cambio, al haber un segundo pagador, se aplica la tarifa del impuesto, ya que el SEPE no retiene, o aplica un tipo muy bajo, y el resultado puede ser tener que pagar.<\/p>\n<p>Un trabajador que haya ingresado 21.000 euros y no tenga otras rentas ni deducciones, no tendr\u00eda que presentar declaraci\u00f3n y con la retenci\u00f3n de 2.578 euros habr\u00eda saldado sus cuentas con el fisco. Otro que haya percibido lo mismo, pero 16.000 de salario y 5.000 del SEPE, registrar\u00eda una retenci\u00f3n salarial de 859,2 euros y deber\u00eda pagar a Hacienda, tras presentar la declaraci\u00f3n, 1.645,22 euros.<\/p>\n<h2><span class=\"ez-toc-section\" id=\"%C2%BFHay_algun_mecanismo_para_evitar_pagar_en_Catalunya\"><\/span>\u00bfHay alg\u00fan mecanismo para evitar pagar en Catalunya?<span class=\"ez-toc-section-end\"><\/span><\/h2>\n<p>Como el tipo m\u00ednimo en el IRPF en Catalunya es m\u00e1s alto, el 21,5%, fruto de la suma entre la tarifa estatal y la auton\u00f3mica, est\u00e1 por encima del 19% de otros territorios. Como la tabla de retenciones no incorpora las especificidades de las tarifas auton\u00f3micas, se ven perjudicadas las rentas m\u00e1s bajas, precisamente las que est\u00e1n entre los 14.000 y los 22.000 euros. Para solventarlo, <a href=\"https:\/\/www.elperiodico.com\/es\/economia\/20201102\/deduccion-irpf-8185159\">el Govern aprob\u00f3 el a\u00f1o pasado<\/a> una deducci\u00f3n que se instrumentaliza en la declaraci\u00f3n de este a\u00f1o a trav\u00e9s de una deducci\u00f3n auton\u00f3mica equivalente a la diferencia entre la cuota \u00edntegra estatal y la auton\u00f3mica cuando esta diferencia resulte positiva. Con esta medida, el Ejecutivo catal\u00e1n dejar\u00e1 de ingresar la parte adicional que tributa este colectivo, que estima en unos 16,5 millones de euros, si bien el impacto se notar\u00e1 en el 2022.<\/p>\n<h2><span class=\"ez-toc-section\" id=\"%C2%BFComo_funciona_la_deduccion_en_Catalunya\"><\/span>\u00bfC\u00f3mo funciona la deducci\u00f3n en Catalunya?<span class=\"ez-toc-section-end\"><\/span><\/h2>\n<p>Un contribuyente con unos ingresos de 20.000 euros anuales procedentes de un solo pagador y sin hijos ni ascendientes a cargo registra una retenci\u00f3n de 2.340 euros y no tiene que presentar declaraci\u00f3n de la renta.<\/p>\n<p>Otro contribuyente con los mismos ingresos anuales y la misma situaci\u00f3n personal y familiar, pero con dos pagadores, uno de ellos el SEPE porque estuvo sujeto a un erte, registra una retenci\u00f3n de 2.513 euros, de los que 1.343 euros (porque el tipo en Catalunya es m\u00e1s elevado) corresponden a la cuota \u00edntegra auton\u00f3mica y 1.170 euros, a la estatal.<\/p>\n<p>Sin esta nueva deducci\u00f3n deber\u00eda pagar 173 euros, la diferencia entre la deducci\u00f3n auton\u00f3mica y la estatal; con la nueva medida, podr\u00e1 restar los 173 euros de los 2.513 euros que resulten de la declaraci\u00f3n y su tributaci\u00f3n se limitar\u00e1 a lo que le han retenido.<\/p>\n<h2><span class=\"ez-toc-section\" id=\"%C2%BFY_si_el_SEPE_pago_de_mas\"><\/span>\u00bfY si el SEPE pag\u00f3 de m\u00e1s?<span class=\"ez-toc-section-end\"><\/span><\/h2>\n<p>En el caso de que se hayan percibido abonos no procedentes o superiores a los que corresponden por los ertes, la casu\u00edstica es diferente en funci\u00f3n de si el SEPE ha iniciado o completado ya el expediente de reintegro de ese exceso en el momento en que el contribuyente presente su declaraci\u00f3n, o si todav\u00eda el expediente de reintegro no se ha iniciado.<\/p>\n<p>Incluso en el caso de que no se haya iniciado el procedimiento de reintegro, si el contribuyente puede conocer la cantidad que debe devolver al SEPE, podr\u00e1 presentar la declaraci\u00f3n con un resultado, en t\u00e9rminos de impuesto final, igual al que realmente le corresponde.<\/p>\n<p>Hacienda recomienda que si el contribuyente desconoce la cantidad que debe devolver, consulte al SEPE la cuant\u00eda exacta o aproximada de esa devoluci\u00f3n que debe realizar.<\/p>\n<p>Alternativamente, puede esperar que avance la campa\u00f1a de renta, aumentando as\u00ed la posibilidad de recibir la notificaci\u00f3n del SEPE con la cantidad a devolver, seg\u00fan recomienda el Registro de Economistas Asesores Fiscales (REAF).<\/p>\n","protected":false},"excerpt":{"rendered":"<p>Ha llegado el momento de la Declaraci\u00f3n de la Renta del 2020 y, muchas son las dudas sobre c\u00f3mo declarar los ERTES en la declaraci\u00f3n. A continuaci\u00f3n te explicamos c\u00f3mo se debe se indicar en esta declaraci\u00f3n. Recuerda que por cualquier tipo de duda o&#8230;<\/p>\n","protected":false},"author":3,"featured_media":1476,"comment_status":"open","ping_status":"open","sticky":false,"template":"","format":"standard","meta":{"footnotes":""},"categories":[4],"tags":[],"class_list":["post-1489","post","type-post","status-publish","format-standard","has-post-thumbnail","hentry","category-noticies"],"yoast_head":"<!-- This site is optimized with the Yoast SEO plugin v24.3 - https:\/\/yoast.com\/wordpress\/plugins\/seo\/ -->\n<title>C\u00f3mo declarar los ERTES en la Declaraci\u00f3n de la Renta 2020 | Arias Assessors<\/title>\n<meta name=\"description\" content=\"Te explicamos c\u00f3mo declarar los ERTES en la Declaraci\u00f3n de la Renta del 2020.\" \/>\n<meta name=\"robots\" content=\"index, follow, max-snippet:-1, max-image-preview:large, max-video-preview:-1\" \/>\n<link rel=\"canonical\" href=\"https:\/\/www.ariasassessors.com\/ca\/como-declarar-los-ertes-en-la-declaracion-de-la-renta-2020\/\" \/>\n<meta property=\"og:locale\" content=\"ca_ES\" \/>\n<meta property=\"og:type\" content=\"article\" \/>\n<meta property=\"og:title\" content=\"C\u00f3mo declarar los ERTES en la Declaraci\u00f3n de la Renta 2020 | Arias Assessors\" \/>\n<meta property=\"og:description\" content=\"Te explicamos c\u00f3mo declarar los ERTES en la Declaraci\u00f3n de la Renta del 2020.\" \/>\n<meta property=\"og:url\" content=\"https:\/\/www.ariasassessors.com\/ca\/como-declarar-los-ertes-en-la-declaracion-de-la-renta-2020\/\" \/>\n<meta property=\"og:site_name\" content=\"Arias Assessors\" \/>\n<meta property=\"article:publisher\" content=\"https:\/\/www.facebook.com\/ariasassessors\/\" \/>\n<meta property=\"article:published_time\" content=\"2021-04-22T13:56:26+00:00\" \/>\n<meta property=\"article:modified_time\" content=\"2021-05-03T07:36:16+00:00\" \/>\n<meta property=\"og:image\" content=\"https:\/\/www.ariasassessors.com\/wp-content\/uploads\/2021\/04\/Arias_Blog_IMAGEN_DESTACADA-1-1024x641.png\" \/>\n\t<meta property=\"og:image:width\" content=\"1024\" \/>\n\t<meta property=\"og:image:height\" content=\"641\" \/>\n\t<meta property=\"og:image:type\" content=\"image\/png\" \/>\n<meta name=\"author\" content=\"Raul Arias\" \/>\n<meta name=\"twitter:card\" content=\"summary_large_image\" \/>\n<meta name=\"twitter:creator\" content=\"@ariasassessors\" \/>\n<meta name=\"twitter:site\" content=\"@ariasassessors\" \/>\n<meta name=\"twitter:label1\" content=\"Escrit per\" \/>\n\t<meta name=\"twitter:data1\" content=\"Raul Arias\" \/>\n\t<meta name=\"twitter:label2\" content=\"Temps estimat de lectura\" \/>\n\t<meta name=\"twitter:data2\" content=\"4 minuts\" \/>\n<script type=\"application\/ld+json\" class=\"yoast-schema-graph\">{\"@context\":\"https:\/\/schema.org\",\"@graph\":[{\"@type\":\"Article\",\"@id\":\"https:\/\/www.ariasassessors.com\/ca\/como-declarar-los-ertes-en-la-declaracion-de-la-renta-2020\/#article\",\"isPartOf\":{\"@id\":\"https:\/\/www.ariasassessors.com\/ca\/como-declarar-los-ertes-en-la-declaracion-de-la-renta-2020\/\"},\"author\":{\"name\":\"Raul Arias\",\"@id\":\"https:\/\/www.ariasassessors.com\/#\/schema\/person\/31e56f9d79e07edcad0513599b863b5a\"},\"headline\":\"C\u00f3mo declarar los ERTES en la Declaraci\u00f3n de la Renta 2020\",\"datePublished\":\"2021-04-22T13:56:26+00:00\",\"dateModified\":\"2021-05-03T07:36:16+00:00\",\"mainEntityOfPage\":{\"@id\":\"https:\/\/www.ariasassessors.com\/ca\/como-declarar-los-ertes-en-la-declaracion-de-la-renta-2020\/\"},\"wordCount\":800,\"commentCount\":0,\"publisher\":{\"@id\":\"https:\/\/www.ariasassessors.com\/#organization\"},\"image\":{\"@id\":\"https:\/\/www.ariasassessors.com\/ca\/como-declarar-los-ertes-en-la-declaracion-de-la-renta-2020\/#primaryimage\"},\"thumbnailUrl\":\"https:\/\/www.ariasassessors.com\/wp-content\/uploads\/2021\/04\/Arias_Blog_IMAGEN_DESTACADA-1.png\",\"articleSection\":[\"noticies\"],\"inLanguage\":\"ca\",\"potentialAction\":[{\"@type\":\"CommentAction\",\"name\":\"Comment\",\"target\":[\"https:\/\/www.ariasassessors.com\/ca\/como-declarar-los-ertes-en-la-declaracion-de-la-renta-2020\/#respond\"]}]},{\"@type\":\"WebPage\",\"@id\":\"https:\/\/www.ariasassessors.com\/ca\/como-declarar-los-ertes-en-la-declaracion-de-la-renta-2020\/\",\"url\":\"https:\/\/www.ariasassessors.com\/ca\/como-declarar-los-ertes-en-la-declaracion-de-la-renta-2020\/\",\"name\":\"C\u00f3mo declarar los ERTES en la Declaraci\u00f3n de la Renta 2020 | Arias Assessors\",\"isPartOf\":{\"@id\":\"https:\/\/www.ariasassessors.com\/#website\"},\"primaryImageOfPage\":{\"@id\":\"https:\/\/www.ariasassessors.com\/ca\/como-declarar-los-ertes-en-la-declaracion-de-la-renta-2020\/#primaryimage\"},\"image\":{\"@id\":\"https:\/\/www.ariasassessors.com\/ca\/como-declarar-los-ertes-en-la-declaracion-de-la-renta-2020\/#primaryimage\"},\"thumbnailUrl\":\"https:\/\/www.ariasassessors.com\/wp-content\/uploads\/2021\/04\/Arias_Blog_IMAGEN_DESTACADA-1.png\",\"datePublished\":\"2021-04-22T13:56:26+00:00\",\"dateModified\":\"2021-05-03T07:36:16+00:00\",\"description\":\"Te explicamos c\u00f3mo declarar los ERTES en la Declaraci\u00f3n de la Renta del 2020.\",\"breadcrumb\":{\"@id\":\"https:\/\/www.ariasassessors.com\/ca\/como-declarar-los-ertes-en-la-declaracion-de-la-renta-2020\/#breadcrumb\"},\"inLanguage\":\"ca\",\"potentialAction\":[{\"@type\":\"ReadAction\",\"target\":[\"https:\/\/www.ariasassessors.com\/ca\/como-declarar-los-ertes-en-la-declaracion-de-la-renta-2020\/\"]}]},{\"@type\":\"ImageObject\",\"inLanguage\":\"ca\",\"@id\":\"https:\/\/www.ariasassessors.com\/ca\/como-declarar-los-ertes-en-la-declaracion-de-la-renta-2020\/#primaryimage\",\"url\":\"https:\/\/www.ariasassessors.com\/wp-content\/uploads\/2021\/04\/Arias_Blog_IMAGEN_DESTACADA-1.png\",\"contentUrl\":\"https:\/\/www.ariasassessors.com\/wp-content\/uploads\/2021\/04\/Arias_Blog_IMAGEN_DESTACADA-1.png\",\"width\":1920,\"height\":1202,\"caption\":\"PROBLEM\u00c1TICA DE LOS ERTES EN RENTA 2020\"},{\"@type\":\"BreadcrumbList\",\"@id\":\"https:\/\/www.ariasassessors.com\/ca\/como-declarar-los-ertes-en-la-declaracion-de-la-renta-2020\/#breadcrumb\",\"itemListElement\":[{\"@type\":\"ListItem\",\"position\":1,\"name\":\"Portada\",\"item\":\"https:\/\/www.ariasassessors.com\/ca\/\"},{\"@type\":\"ListItem\",\"position\":2,\"name\":\"C\u00f3mo declarar los ERTES en la Declaraci\u00f3n de la Renta 2020\"}]},{\"@type\":\"WebSite\",\"@id\":\"https:\/\/www.ariasassessors.com\/#website\",\"url\":\"https:\/\/www.ariasassessors.com\/\",\"name\":\"Arias Assessors\",\"description\":\"Asesor\u00eda para aut\u00f3nomos, profesionales y PYMES\",\"publisher\":{\"@id\":\"https:\/\/www.ariasassessors.com\/#organization\"},\"potentialAction\":[{\"@type\":\"SearchAction\",\"target\":{\"@type\":\"EntryPoint\",\"urlTemplate\":\"https:\/\/www.ariasassessors.com\/?s={search_term_string}\"},\"query-input\":{\"@type\":\"PropertyValueSpecification\",\"valueRequired\":true,\"valueName\":\"search_term_string\"}}],\"inLanguage\":\"ca\"},{\"@type\":\"Organization\",\"@id\":\"https:\/\/www.ariasassessors.com\/#organization\",\"name\":\"Arias Assessors\",\"url\":\"https:\/\/www.ariasassessors.com\/\",\"logo\":{\"@type\":\"ImageObject\",\"inLanguage\":\"ca\",\"@id\":\"https:\/\/www.ariasassessors.com\/#\/schema\/logo\/image\/\",\"url\":\"https:\/\/www.ariasassessors.com\/wp-content\/uploads\/2019\/01\/arias-logo.png\",\"contentUrl\":\"https:\/\/www.ariasassessors.com\/wp-content\/uploads\/2019\/01\/arias-logo.png\",\"width\":349,\"height\":254,\"caption\":\"Arias Assessors\"},\"image\":{\"@id\":\"https:\/\/www.ariasassessors.com\/#\/schema\/logo\/image\/\"},\"sameAs\":[\"https:\/\/www.facebook.com\/ariasassessors\/\",\"https:\/\/x.com\/ariasassessors\",\"https:\/\/www.linkedin.com\/company\/r&amp;amp;r-growing-knowledge\/\"]},{\"@type\":\"Person\",\"@id\":\"https:\/\/www.ariasassessors.com\/#\/schema\/person\/31e56f9d79e07edcad0513599b863b5a\",\"name\":\"Raul Arias\",\"image\":{\"@type\":\"ImageObject\",\"inLanguage\":\"ca\",\"@id\":\"https:\/\/www.ariasassessors.com\/#\/schema\/person\/image\/\",\"url\":\"https:\/\/secure.gravatar.com\/avatar\/c4b15316f6e35082f0ca6aa967d452bf?s=96&d=mm&r=g\",\"contentUrl\":\"https:\/\/secure.gravatar.com\/avatar\/c4b15316f6e35082f0ca6aa967d452bf?s=96&d=mm&r=g\",\"caption\":\"Raul Arias\"}}]}<\/script>\n<!-- \/ Yoast SEO plugin. -->","yoast_head_json":{"title":"C\u00f3mo declarar los ERTES en la Declaraci\u00f3n de la Renta 2020 | Arias Assessors","description":"Te explicamos c\u00f3mo declarar los ERTES en la Declaraci\u00f3n de la Renta del 2020.","robots":{"index":"index","follow":"follow","max-snippet":"max-snippet:-1","max-image-preview":"max-image-preview:large","max-video-preview":"max-video-preview:-1"},"canonical":"https:\/\/www.ariasassessors.com\/ca\/como-declarar-los-ertes-en-la-declaracion-de-la-renta-2020\/","og_locale":"ca_ES","og_type":"article","og_title":"C\u00f3mo declarar los ERTES en la Declaraci\u00f3n de la Renta 2020 | Arias Assessors","og_description":"Te explicamos c\u00f3mo declarar los ERTES en la Declaraci\u00f3n de la Renta del 2020.","og_url":"https:\/\/www.ariasassessors.com\/ca\/como-declarar-los-ertes-en-la-declaracion-de-la-renta-2020\/","og_site_name":"Arias Assessors","article_publisher":"https:\/\/www.facebook.com\/ariasassessors\/","article_published_time":"2021-04-22T13:56:26+00:00","article_modified_time":"2021-05-03T07:36:16+00:00","og_image":[{"width":1024,"height":641,"url":"https:\/\/www.ariasassessors.com\/wp-content\/uploads\/2021\/04\/Arias_Blog_IMAGEN_DESTACADA-1-1024x641.png","type":"image\/png"}],"author":"Raul Arias","twitter_card":"summary_large_image","twitter_creator":"@ariasassessors","twitter_site":"@ariasassessors","twitter_misc":{"Escrit per":"Raul Arias","Temps estimat de lectura":"4 minuts"},"schema":{"@context":"https:\/\/schema.org","@graph":[{"@type":"Article","@id":"https:\/\/www.ariasassessors.com\/ca\/como-declarar-los-ertes-en-la-declaracion-de-la-renta-2020\/#article","isPartOf":{"@id":"https:\/\/www.ariasassessors.com\/ca\/como-declarar-los-ertes-en-la-declaracion-de-la-renta-2020\/"},"author":{"name":"Raul Arias","@id":"https:\/\/www.ariasassessors.com\/#\/schema\/person\/31e56f9d79e07edcad0513599b863b5a"},"headline":"C\u00f3mo declarar los ERTES en la Declaraci\u00f3n de la Renta 2020","datePublished":"2021-04-22T13:56:26+00:00","dateModified":"2021-05-03T07:36:16+00:00","mainEntityOfPage":{"@id":"https:\/\/www.ariasassessors.com\/ca\/como-declarar-los-ertes-en-la-declaracion-de-la-renta-2020\/"},"wordCount":800,"commentCount":0,"publisher":{"@id":"https:\/\/www.ariasassessors.com\/#organization"},"image":{"@id":"https:\/\/www.ariasassessors.com\/ca\/como-declarar-los-ertes-en-la-declaracion-de-la-renta-2020\/#primaryimage"},"thumbnailUrl":"https:\/\/www.ariasassessors.com\/wp-content\/uploads\/2021\/04\/Arias_Blog_IMAGEN_DESTACADA-1.png","articleSection":["noticies"],"inLanguage":"ca","potentialAction":[{"@type":"CommentAction","name":"Comment","target":["https:\/\/www.ariasassessors.com\/ca\/como-declarar-los-ertes-en-la-declaracion-de-la-renta-2020\/#respond"]}]},{"@type":"WebPage","@id":"https:\/\/www.ariasassessors.com\/ca\/como-declarar-los-ertes-en-la-declaracion-de-la-renta-2020\/","url":"https:\/\/www.ariasassessors.com\/ca\/como-declarar-los-ertes-en-la-declaracion-de-la-renta-2020\/","name":"C\u00f3mo declarar los ERTES en la Declaraci\u00f3n de la Renta 2020 | Arias Assessors","isPartOf":{"@id":"https:\/\/www.ariasassessors.com\/#website"},"primaryImageOfPage":{"@id":"https:\/\/www.ariasassessors.com\/ca\/como-declarar-los-ertes-en-la-declaracion-de-la-renta-2020\/#primaryimage"},"image":{"@id":"https:\/\/www.ariasassessors.com\/ca\/como-declarar-los-ertes-en-la-declaracion-de-la-renta-2020\/#primaryimage"},"thumbnailUrl":"https:\/\/www.ariasassessors.com\/wp-content\/uploads\/2021\/04\/Arias_Blog_IMAGEN_DESTACADA-1.png","datePublished":"2021-04-22T13:56:26+00:00","dateModified":"2021-05-03T07:36:16+00:00","description":"Te explicamos c\u00f3mo declarar los ERTES en la Declaraci\u00f3n de la Renta del 2020.","breadcrumb":{"@id":"https:\/\/www.ariasassessors.com\/ca\/como-declarar-los-ertes-en-la-declaracion-de-la-renta-2020\/#breadcrumb"},"inLanguage":"ca","potentialAction":[{"@type":"ReadAction","target":["https:\/\/www.ariasassessors.com\/ca\/como-declarar-los-ertes-en-la-declaracion-de-la-renta-2020\/"]}]},{"@type":"ImageObject","inLanguage":"ca","@id":"https:\/\/www.ariasassessors.com\/ca\/como-declarar-los-ertes-en-la-declaracion-de-la-renta-2020\/#primaryimage","url":"https:\/\/www.ariasassessors.com\/wp-content\/uploads\/2021\/04\/Arias_Blog_IMAGEN_DESTACADA-1.png","contentUrl":"https:\/\/www.ariasassessors.com\/wp-content\/uploads\/2021\/04\/Arias_Blog_IMAGEN_DESTACADA-1.png","width":1920,"height":1202,"caption":"PROBLEM\u00c1TICA DE LOS ERTES EN RENTA 2020"},{"@type":"BreadcrumbList","@id":"https:\/\/www.ariasassessors.com\/ca\/como-declarar-los-ertes-en-la-declaracion-de-la-renta-2020\/#breadcrumb","itemListElement":[{"@type":"ListItem","position":1,"name":"Portada","item":"https:\/\/www.ariasassessors.com\/ca\/"},{"@type":"ListItem","position":2,"name":"C\u00f3mo declarar los ERTES en la Declaraci\u00f3n de la Renta 2020"}]},{"@type":"WebSite","@id":"https:\/\/www.ariasassessors.com\/#website","url":"https:\/\/www.ariasassessors.com\/","name":"Arias Assessors","description":"Asesor\u00eda para aut\u00f3nomos, profesionales y PYMES","publisher":{"@id":"https:\/\/www.ariasassessors.com\/#organization"},"potentialAction":[{"@type":"SearchAction","target":{"@type":"EntryPoint","urlTemplate":"https:\/\/www.ariasassessors.com\/?s={search_term_string}"},"query-input":{"@type":"PropertyValueSpecification","valueRequired":true,"valueName":"search_term_string"}}],"inLanguage":"ca"},{"@type":"Organization","@id":"https:\/\/www.ariasassessors.com\/#organization","name":"Arias Assessors","url":"https:\/\/www.ariasassessors.com\/","logo":{"@type":"ImageObject","inLanguage":"ca","@id":"https:\/\/www.ariasassessors.com\/#\/schema\/logo\/image\/","url":"https:\/\/www.ariasassessors.com\/wp-content\/uploads\/2019\/01\/arias-logo.png","contentUrl":"https:\/\/www.ariasassessors.com\/wp-content\/uploads\/2019\/01\/arias-logo.png","width":349,"height":254,"caption":"Arias Assessors"},"image":{"@id":"https:\/\/www.ariasassessors.com\/#\/schema\/logo\/image\/"},"sameAs":["https:\/\/www.facebook.com\/ariasassessors\/","https:\/\/x.com\/ariasassessors","https:\/\/www.linkedin.com\/company\/r&amp;amp;r-growing-knowledge\/"]},{"@type":"Person","@id":"https:\/\/www.ariasassessors.com\/#\/schema\/person\/31e56f9d79e07edcad0513599b863b5a","name":"Raul Arias","image":{"@type":"ImageObject","inLanguage":"ca","@id":"https:\/\/www.ariasassessors.com\/#\/schema\/person\/image\/","url":"https:\/\/secure.gravatar.com\/avatar\/c4b15316f6e35082f0ca6aa967d452bf?s=96&d=mm&r=g","contentUrl":"https:\/\/secure.gravatar.com\/avatar\/c4b15316f6e35082f0ca6aa967d452bf?s=96&d=mm&r=g","caption":"Raul Arias"}}]}},"_links":{"self":[{"href":"https:\/\/www.ariasassessors.com\/ca\/wp-json\/wp\/v2\/posts\/1489","targetHints":{"allow":["GET"]}}],"collection":[{"href":"https:\/\/www.ariasassessors.com\/ca\/wp-json\/wp\/v2\/posts"}],"about":[{"href":"https:\/\/www.ariasassessors.com\/ca\/wp-json\/wp\/v2\/types\/post"}],"author":[{"embeddable":true,"href":"https:\/\/www.ariasassessors.com\/ca\/wp-json\/wp\/v2\/users\/3"}],"replies":[{"embeddable":true,"href":"https:\/\/www.ariasassessors.com\/ca\/wp-json\/wp\/v2\/comments?post=1489"}],"version-history":[{"count":1,"href":"https:\/\/www.ariasassessors.com\/ca\/wp-json\/wp\/v2\/posts\/1489\/revisions"}],"predecessor-version":[{"id":1491,"href":"https:\/\/www.ariasassessors.com\/ca\/wp-json\/wp\/v2\/posts\/1489\/revisions\/1491"}],"wp:featuredmedia":[{"embeddable":true,"href":"https:\/\/www.ariasassessors.com\/ca\/wp-json\/wp\/v2\/media\/1476"}],"wp:attachment":[{"href":"https:\/\/www.ariasassessors.com\/ca\/wp-json\/wp\/v2\/media?parent=1489"}],"wp:term":[{"taxonomy":"category","embeddable":true,"href":"https:\/\/www.ariasassessors.com\/ca\/wp-json\/wp\/v2\/categories?post=1489"},{"taxonomy":"post_tag","embeddable":true,"href":"https:\/\/www.ariasassessors.com\/ca\/wp-json\/wp\/v2\/tags?post=1489"}],"curies":[{"name":"wp","href":"https:\/\/api.w.org\/{rel}","templated":true}]}}