{"id":1509,"date":"2021-06-01T14:29:08","date_gmt":"2021-06-01T12:29:08","guid":{"rendered":"https:\/\/www.ariasassessors.com\/?p=1509"},"modified":"2021-07-01T11:46:37","modified_gmt":"2021-07-01T09:46:37","slug":"aprobada-la-prorroga-de-los-eres-hasta-el-30-de-septiembre-2021","status":"publish","type":"post","link":"https:\/\/www.ariasassessors.com\/ca\/aprobada-la-prorroga-de-los-eres-hasta-el-30-de-septiembre-2021\/","title":{"rendered":"Aprobada la prorroga de los ERTES hasta el 30 de septiembre 2021"},"content":{"rendered":"<p>El nuevo Real Decreto-Ley \u2013 Real Decreto-Ley 11\/2021, de 27 de mayo, sobre medidas urgentes para la defensa del empleo, la reactivaci\u00f3n econ\u00f3mica y la protecci\u00f3n de los trabajadores aut\u00f3nomos \u2013 se produce tras el acuerdo alcanzado entre los agentes sociales e incluye la pr\u00f3rroga de los Expedientes de Regulaci\u00f3n Temporal de Empleo (ERTE) hasta el 30 de Septiembre de 2021, con el objeto de extender esta medida de protecci\u00f3n social y del empleo que se ha mostrado transcendental ante la pandemia.<\/p>\n<p>Contempla la pr\u00f3rroga de todos los <a href=\"https:\/\/www.sepe.es\/HomeSepe\/que-es-el-sepe\/comunicacion-institucional\/noticias\/detalle-noticia.html?folder=\/2021\/Mayo\/&amp;detail=Aprobada-la-prorroga-de-los-ERTES-hasta-el-30-de-septiembre\">ERTE<\/a>, de manera que el acuerdo permite prorrogar la aplicaci\u00f3n de las medidas de flexibilidad que se han adoptado desde el comienzo de la crisis sanitaria y en los t\u00e9rminos previsto en el Real Decreto-Ley 2\/2021, de 26 de enero, y las medidas extraordinarias en materia de exoneraciones en las cotizaciones a la Seguridad Social de las empresas. Tambi\u00e9n prorroga las medidas extraordinarias en materia de protecci\u00f3n por desempleo de las personas trabajadoras recogidas en el Real Decreto-ley 30\/2020, de 29 de septiembre, de medidas sociales en defensa del empleo y, por \u00faltimo, prorroga todas aquellas medidas complementarias de protecci\u00f3n necesarias para garantizar la estabilidad en el empleo, evitando despidos y destrucci\u00f3n de puestos de trabajo.<\/p>\n<p>Mantendr\u00e1n su vigencia las medidas extraordinarias recogidas en el Real Decreto-ley 30\/2020, de 29 de septiembre, relacionadas con extinciones y despidos, la interrupci\u00f3n del c\u00f3mputo de los contratos temporales, la salvaguarda del empleo, as\u00ed como los l\u00edmites relacionados con el reparto de dividendos y transparencia fiscal y el uso de horas extraordinarias y nuevas externalizaciones.<\/p>\n<div id=\"ez-toc-container\" class=\"ez-toc-v2_0_72 counter-hierarchy ez-toc-counter ez-toc-grey ez-toc-container-direction\">\n<div class=\"ez-toc-title-container\">\n<p class=\"ez-toc-title\" style=\"cursor:inherit\">\u00cdndice de Contenidos<\/p>\n<span class=\"ez-toc-title-toggle\"><a href=\"#\" class=\"ez-toc-pull-right ez-toc-btn ez-toc-btn-xs ez-toc-btn-default ez-toc-toggle\" aria-label=\"Toggle Table of Content\"><span class=\"ez-toc-js-icon-con\"><span class=\"\"><span class=\"eztoc-hide\" style=\"display:none;\">Toggle<\/span><span class=\"ez-toc-icon-toggle-span\"><svg style=\"fill: #428bca;color:#428bca\" xmlns=\"http:\/\/www.w3.org\/2000\/svg\" class=\"list-377408\" width=\"20px\" height=\"20px\" viewBox=\"0 0 24 24\" fill=\"none\"><path d=\"M6 6H4v2h2V6zm14 0H8v2h12V6zM4 11h2v2H4v-2zm16 0H8v2h12v-2zM4 16h2v2H4v-2zm16 0H8v2h12v-2z\" fill=\"currentColor\"><\/path><\/svg><svg style=\"fill: #428bca;color:#428bca\" class=\"arrow-unsorted-368013\" xmlns=\"http:\/\/www.w3.org\/2000\/svg\" width=\"10px\" height=\"10px\" viewBox=\"0 0 24 24\" version=\"1.2\" baseProfile=\"tiny\"><path d=\"M18.2 9.3l-6.2-6.3-6.2 6.3c-.2.2-.3.4-.3.7s.1.5.3.7c.2.2.4.3.7.3h11c.3 0 .5-.1.7-.3.2-.2.3-.5.3-.7s-.1-.5-.3-.7zM5.8 14.7l6.2 6.3 6.2-6.3c.2-.2.3-.5.3-.7s-.1-.5-.3-.7c-.2-.2-.4-.3-.7-.3h-11c-.3 0-.5.1-.7.3-.2.2-.3.5-.3.7s.1.5.3.7z\"\/><\/svg><\/span><\/span><\/span><\/a><\/span><\/div>\n<nav><ul class='ez-toc-list ez-toc-list-level-1 eztoc-toggle-hide-by-default' ><li class='ez-toc-page-1 ez-toc-heading-level-3'><a class=\"ez-toc-link ez-toc-heading-1\" href=\"https:\/\/www.ariasassessors.com\/ca\/aprobada-la-prorroga-de-los-eres-hasta-el-30-de-septiembre-2021\/#Sectores_ultraprotegidos\" title=\"Sectores ultraprotegidos\">Sectores ultraprotegidos<\/a><\/li><li class='ez-toc-page-1 ez-toc-heading-level-3'><a class=\"ez-toc-link ez-toc-heading-2\" href=\"https:\/\/www.ariasassessors.com\/ca\/aprobada-la-prorroga-de-los-eres-hasta-el-30-de-septiembre-2021\/#Limitacion_o_impedimento\" title=\"Limitaci\u00f3n o impedimento\">Limitaci\u00f3n o impedimento<\/a><\/li><li class='ez-toc-page-1 ez-toc-heading-level-3'><a class=\"ez-toc-link ez-toc-heading-3\" href=\"https:\/\/www.ariasassessors.com\/ca\/aprobada-la-prorroga-de-los-eres-hasta-el-30-de-septiembre-2021\/#Garantias_de_los_ERTE\" title=\"Garant\u00edas de los ERTE\">Garant\u00edas de los ERTE<\/a><\/li><li class='ez-toc-page-1 ez-toc-heading-level-3'><a class=\"ez-toc-link ez-toc-heading-4\" href=\"https:\/\/www.ariasassessors.com\/ca\/aprobada-la-prorroga-de-los-eres-hasta-el-30-de-septiembre-2021\/#El_denominado_contador_a_cero_continuara_vigente_en_los_terminos_del_articulo_87_del_RDL_30_2020_de_29_de_septiembre\" title=\"El denominado contador a cero continuar\u00e1 vigente en los t\u00e9rminos del art\u00edculo 8.7 del RDL 30\/ 2020 de 29 de septiembre.\">El denominado contador a cero continuar\u00e1 vigente en los t\u00e9rminos del art\u00edculo 8.7 del RDL 30\/ 2020 de 29 de septiembre.<\/a><\/li><\/ul><\/nav><\/div>\n<h3><span class=\"ez-toc-section\" id=\"Sectores_ultraprotegidos\"><\/span><strong>Sectores ultraprotegidos<\/strong><span class=\"ez-toc-section-end\"><\/span><\/h3>\n<p>Estos sectores, indicados en la lista de c\u00f3digos CNAE, tendr\u00e1n exoneraciones diferentes e los casos de trabajadores en suspensi\u00f3n de empleo frente\u00a0 alos qu ese activen en un contexto de mayor recuperaci\u00f3n que en meses anteriores. Con el objetivo de incentivar la activaci\u00f3n de empleo, en esta ocasi\u00f3n se incluyen unas exoneraciones mayores para los casos de los trabajadores que se reincorporen a la actividad: del 95% para las empresas con menos de 50 trabajadores y del 85% para las que tienen 50 o m\u00e1s en los meses de junio, julio, agosto y septiembre.<\/p>\n<p>Cuando se mantenga a los trabajadores suspendidos, habr\u00e1 una exoneraci\u00f3n del 85% en junio, julio y agosto y del 70% en septiembre si la empresa tiene menos de 50 trabajadores. En el caso de contar con 50 trabajadores o m\u00e1s, las exoneraciones ser\u00e1n del 75% en junio, julio y agosto y del 60% en septiembre.<\/p>\n<p>En esta lista se incluyen tres nuevos sectores (1419- Confecci\u00f3n de otras prendas de vestir y accesorios, 4637-Comercio al por mayor de caf\u00e9, cacao y especias, y 7420- Actividades de fotograf\u00eda-). Y salen cinco (1811- Artes gr\u00e1ficas y servicios relacionados con las mismas-, 2670- fabricaci\u00f3n de instrumentos de \u00f3ptica y equipo fotogr\u00e1fico, 4741- Comercio al por menor de ordenadores, equipos perif\u00e9ricos y programas inform\u00e1ticos en establecimientos especializados-, 5122- Transporte espacial- y 7734- Alquiler de medios de navegaci\u00f3n.).<\/p>\n<p>Se han incluido en este listado aquellas empresas cuyo CNAE entre finales de abril 2020 y finales de mayo ha recuperado la actividad en porcentaje inferior al 75% y tengan un porcentaje de afiliados cubiertos por los ERTE igual o superior al 15%<\/p>\n<h3><span class=\"ez-toc-section\" id=\"Limitacion_o_impedimento\"><\/span><strong>Limitaci\u00f3n o impedimento<\/strong><span class=\"ez-toc-section-end\"><\/span><\/h3>\n<p>Por su parte, los ERTE por limitaci\u00f3n de su actividad se ver\u00e1n prorrogados con un nuevo esquema de exoneraciones: si la empresa tiene menos de 50 trabajadores, ser\u00e1 del 85% en junio y julio, y del 75% en agosto y septiembre. Si la empresa tiene 50 trabajadores o m\u00e1s, la exenci\u00f3n ser\u00e1 del 75% en junio y julio y del 65% en agosto y septiembre.<\/p>\n<p>Por su parte, las empresas que vean impedido el desarrollo de su actividad en los pr\u00f3ximos cuatro meses en alguno de sus centros de trabajo como consecuencia de las restricciones administrativas para luchar contra la pandemia podr\u00e1n solicitar un ERTE de impedimento.<\/p>\n<p>Estas empresas tendr\u00e1n una exoneraci\u00f3n en sus cotizaciones a la Seguridad Social durante el periodo de cierre y hasta el 30 de septiembre 2021, que ser\u00e1 del 100% de la aportaci\u00f3n empresarial durante el periodo de cierre si tienen menos de 50 trabajadores y del 90% si tienen 50 trabajadores o m\u00e1s.<\/p>\n<h3><span class=\"ez-toc-section\" id=\"Garantias_de_los_ERTE\"><\/span><strong>Garant\u00edas de los ERTE<\/strong><span class=\"ez-toc-section-end\"><\/span><\/h3>\n<p>El sistema de ERTE vigente a partir del 1 de junio mantiene las caracter\u00edsticas de flexibilidad del modelo anterior y se ajusta al ciclo de actividad del tejido productivo acorde con la evoluci\u00f3n de la pandemia. Las condiciones de cierta incertidumbre y el restablecimiento de la actividad empresarial, en estos momentos asim\u00e9trica y sectorizada, exige mantener las medidas excepcionales previstas en las diferentes normas adoptadas desde el comienzo de la crisis sanitaria, todo ello sin perjuicio de la previsible y paulatina normalizaci\u00f3n de la situaci\u00f3n sanitaria.<\/p>\n<p>La norma dispone, para el colectivo de fijos discontinuos y aquellas personas que realizan trabajos fijos y peri\u00f3dicos que se repitan en fechas ciertas, la obligaci\u00f3n de que las empresas procedan a su incorporaci\u00f3n efectiva durante los per\u00edodos te\u00f3ricos de llamamiento de las personas trabajadoras. En caso de que no puedan desarrollar su actividad en el periodo de llamamiento, se dispone su afectaci\u00f3n por los expedientes de regulaci\u00f3n temporal de empleo vigentes a fecha de entrada en vigor de esta norma o autorizados con posterioridad.<\/p>\n<h3><span class=\"ez-toc-section\" id=\"El_denominado_contador_a_cero_continuara_vigente_en_los_terminos_del_articulo_87_del_RDL_30_2020_de_29_de_septiembre\"><\/span><strong>El denominado contador a cero continuar\u00e1 vigente en los t\u00e9rminos del art\u00edculo 8.7 del RDL 30\/ 2020 de 29 de septiembre.<\/strong><span class=\"ez-toc-section-end\"><\/span><\/h3>\n<p>Los profesionales de las artes en espect\u00e1culos p\u00fablicos que tuvieran derecho al acceso extraordinario a las prestaciones econ\u00f3micas por desempleo, en los t\u00e9rminos previstos en el art\u00edculo 2 del Real Decreto-ley 17\/2020, de 5 de mayo, por el que se aprueban medidas de apoyo al sector cultural y de car\u00e1cter tributario para hacer frente al impacto econ\u00f3mico y social del COVID-2019, podr\u00e1n continuar percibi\u00e9ndolas hasta el 30 de septiembre de 2021.<\/p>\n<p>Recordamos a nuestros clientes que se vean afectados por esta noticia que pueden ampliar informaci\u00f3n llamando a nuestro despacho 934545095 y nuestro departamento laboral estar\u00e1 encantado de ayudarles y darle la informaci\u00f3n extra que necesiten. Tambi\u00e9n pueden hacerlo al mail <a href=\"mailto:i.delatorre@ariasassessors.com\">i.delatorre@ariasassessors.com<\/a><\/p>\n<p>Como coment\u00e1bamos anteriormente, tambi\u00e9n se han prorrogado las ayudas para trabajadores aut\u00f3nomos, de la cual les daremos noticias y ampliaremos la informaci\u00f3n en pr\u00f3ximas fechas. Igualmente para este caso pueden ya <a href=\"https:\/\/www.ariasassessors.com\/ca\/contacte\/\">ponerse en contacto<\/a> con nuestra compa\u00f1era Lidia en el mismo tel\u00e9fono o mail <a href=\"mailto:fiscal@ariasassessors.com\">fiscal@ariasassessors.com<\/a><\/p>\n","protected":false},"excerpt":{"rendered":"<p>El nuevo Real Decreto-Ley \u2013 Real Decreto-Ley 11\/2021, de 27 de mayo, sobre medidas urgentes para la defensa del empleo, la reactivaci\u00f3n econ\u00f3mica y la protecci\u00f3n de los trabajadores aut\u00f3nomos \u2013 se produce tras el acuerdo alcanzado entre los agentes sociales e incluye la pr\u00f3rroga&#8230;<\/p>\n","protected":false},"author":3,"featured_media":1541,"comment_status":"open","ping_status":"open","sticky":false,"template":"","format":"standard","meta":{"footnotes":""},"categories":[4],"tags":[],"class_list":["post-1509","post","type-post","status-publish","format-standard","has-post-thumbnail","hentry","category-noticies"],"yoast_head":"<!-- This site is optimized with the Yoast SEO plugin v24.3 - https:\/\/yoast.com\/wordpress\/plugins\/seo\/ -->\n<title>Aprobada la prorroga de los ERES hasta el 30 de septiembre 2021<\/title>\n<meta name=\"description\" content=\"Se prorrogan los Expedientes de Regulaci\u00f3n Temporal de Empleo (ERTE) hasta el 30 de Septiembre de 2021 para medidas de protecci\u00f3n social.\" \/>\n<meta name=\"robots\" content=\"index, follow, max-snippet:-1, max-image-preview:large, max-video-preview:-1\" \/>\n<link rel=\"canonical\" href=\"https:\/\/www.ariasassessors.com\/ca\/aprobada-la-prorroga-de-los-eres-hasta-el-30-de-septiembre-2021\/\" \/>\n<meta property=\"og:locale\" content=\"ca_ES\" \/>\n<meta property=\"og:type\" content=\"article\" \/>\n<meta property=\"og:title\" content=\"Aprobada la prorroga de los ERES hasta el 30 de septiembre 2021\" \/>\n<meta property=\"og:description\" content=\"Se prorrogan los Expedientes de Regulaci\u00f3n Temporal de Empleo (ERTE) hasta el 30 de Septiembre de 2021 para medidas de protecci\u00f3n social.\" \/>\n<meta property=\"og:url\" content=\"https:\/\/www.ariasassessors.com\/ca\/aprobada-la-prorroga-de-los-eres-hasta-el-30-de-septiembre-2021\/\" \/>\n<meta property=\"og:site_name\" content=\"Arias Assessors\" \/>\n<meta property=\"article:publisher\" content=\"https:\/\/www.facebook.com\/ariasassessors\/\" \/>\n<meta property=\"article:published_time\" content=\"2021-06-01T12:29:08+00:00\" \/>\n<meta property=\"article:modified_time\" content=\"2021-07-01T09:46:37+00:00\" \/>\n<meta property=\"og:image\" content=\"https:\/\/www.ariasassessors.com\/wp-content\/uploads\/2021\/06\/Arias_Blog_IMAGEN_DESTACADA-1-1.png\" \/>\n\t<meta property=\"og:image:width\" content=\"1920\" \/>\n\t<meta property=\"og:image:height\" content=\"1202\" \/>\n\t<meta property=\"og:image:type\" content=\"image\/png\" \/>\n<meta name=\"author\" content=\"Raul Arias\" \/>\n<meta name=\"twitter:card\" content=\"summary_large_image\" \/>\n<meta name=\"twitter:creator\" content=\"@ariasassessors\" \/>\n<meta name=\"twitter:site\" content=\"@ariasassessors\" \/>\n<meta name=\"twitter:label1\" content=\"Escrit per\" \/>\n\t<meta name=\"twitter:data1\" content=\"Raul Arias\" \/>\n\t<meta name=\"twitter:label2\" content=\"Temps estimat de lectura\" \/>\n\t<meta name=\"twitter:data2\" content=\"5 minuts\" \/>\n<script type=\"application\/ld+json\" class=\"yoast-schema-graph\">{\"@context\":\"https:\/\/schema.org\",\"@graph\":[{\"@type\":\"Article\",\"@id\":\"https:\/\/www.ariasassessors.com\/ca\/aprobada-la-prorroga-de-los-eres-hasta-el-30-de-septiembre-2021\/#article\",\"isPartOf\":{\"@id\":\"https:\/\/www.ariasassessors.com\/ca\/aprobada-la-prorroga-de-los-eres-hasta-el-30-de-septiembre-2021\/\"},\"author\":{\"name\":\"Raul Arias\",\"@id\":\"https:\/\/www.ariasassessors.com\/#\/schema\/person\/31e56f9d79e07edcad0513599b863b5a\"},\"headline\":\"Aprobada la prorroga de los ERTES hasta el 30 de septiembre 2021\",\"datePublished\":\"2021-06-01T12:29:08+00:00\",\"dateModified\":\"2021-07-01T09:46:37+00:00\",\"mainEntityOfPage\":{\"@id\":\"https:\/\/www.ariasassessors.com\/ca\/aprobada-la-prorroga-de-los-eres-hasta-el-30-de-septiembre-2021\/\"},\"wordCount\":1093,\"commentCount\":0,\"publisher\":{\"@id\":\"https:\/\/www.ariasassessors.com\/#organization\"},\"image\":{\"@id\":\"https:\/\/www.ariasassessors.com\/ca\/aprobada-la-prorroga-de-los-eres-hasta-el-30-de-septiembre-2021\/#primaryimage\"},\"thumbnailUrl\":\"https:\/\/www.ariasassessors.com\/wp-content\/uploads\/2021\/06\/Arias_Blog_IMAGEN_DESTACADA-1-1.png\",\"articleSection\":[\"noticies\"],\"inLanguage\":\"ca\",\"potentialAction\":[{\"@type\":\"CommentAction\",\"name\":\"Comment\",\"target\":[\"https:\/\/www.ariasassessors.com\/ca\/aprobada-la-prorroga-de-los-eres-hasta-el-30-de-septiembre-2021\/#respond\"]}]},{\"@type\":\"WebPage\",\"@id\":\"https:\/\/www.ariasassessors.com\/ca\/aprobada-la-prorroga-de-los-eres-hasta-el-30-de-septiembre-2021\/\",\"url\":\"https:\/\/www.ariasassessors.com\/ca\/aprobada-la-prorroga-de-los-eres-hasta-el-30-de-septiembre-2021\/\",\"name\":\"Aprobada la prorroga de los ERES hasta el 30 de septiembre 2021\",\"isPartOf\":{\"@id\":\"https:\/\/www.ariasassessors.com\/#website\"},\"primaryImageOfPage\":{\"@id\":\"https:\/\/www.ariasassessors.com\/ca\/aprobada-la-prorroga-de-los-eres-hasta-el-30-de-septiembre-2021\/#primaryimage\"},\"image\":{\"@id\":\"https:\/\/www.ariasassessors.com\/ca\/aprobada-la-prorroga-de-los-eres-hasta-el-30-de-septiembre-2021\/#primaryimage\"},\"thumbnailUrl\":\"https:\/\/www.ariasassessors.com\/wp-content\/uploads\/2021\/06\/Arias_Blog_IMAGEN_DESTACADA-1-1.png\",\"datePublished\":\"2021-06-01T12:29:08+00:00\",\"dateModified\":\"2021-07-01T09:46:37+00:00\",\"description\":\"Se prorrogan los Expedientes de Regulaci\u00f3n Temporal de Empleo (ERTE) hasta el 30 de Septiembre de 2021 para medidas de protecci\u00f3n social.\",\"breadcrumb\":{\"@id\":\"https:\/\/www.ariasassessors.com\/ca\/aprobada-la-prorroga-de-los-eres-hasta-el-30-de-septiembre-2021\/#breadcrumb\"},\"inLanguage\":\"ca\",\"potentialAction\":[{\"@type\":\"ReadAction\",\"target\":[\"https:\/\/www.ariasassessors.com\/ca\/aprobada-la-prorroga-de-los-eres-hasta-el-30-de-septiembre-2021\/\"]}]},{\"@type\":\"ImageObject\",\"inLanguage\":\"ca\",\"@id\":\"https:\/\/www.ariasassessors.com\/ca\/aprobada-la-prorroga-de-los-eres-hasta-el-30-de-septiembre-2021\/#primaryimage\",\"url\":\"https:\/\/www.ariasassessors.com\/wp-content\/uploads\/2021\/06\/Arias_Blog_IMAGEN_DESTACADA-1-1.png\",\"contentUrl\":\"https:\/\/www.ariasassessors.com\/wp-content\/uploads\/2021\/06\/Arias_Blog_IMAGEN_DESTACADA-1-1.png\",\"width\":1920,\"height\":1202},{\"@type\":\"BreadcrumbList\",\"@id\":\"https:\/\/www.ariasassessors.com\/ca\/aprobada-la-prorroga-de-los-eres-hasta-el-30-de-septiembre-2021\/#breadcrumb\",\"itemListElement\":[{\"@type\":\"ListItem\",\"position\":1,\"name\":\"Portada\",\"item\":\"https:\/\/www.ariasassessors.com\/ca\/\"},{\"@type\":\"ListItem\",\"position\":2,\"name\":\"Aprobada la prorroga de los ERTES hasta el 30 de septiembre 2021\"}]},{\"@type\":\"WebSite\",\"@id\":\"https:\/\/www.ariasassessors.com\/#website\",\"url\":\"https:\/\/www.ariasassessors.com\/\",\"name\":\"Arias Assessors\",\"description\":\"Asesor\u00eda para aut\u00f3nomos, profesionales y PYMES\",\"publisher\":{\"@id\":\"https:\/\/www.ariasassessors.com\/#organization\"},\"potentialAction\":[{\"@type\":\"SearchAction\",\"target\":{\"@type\":\"EntryPoint\",\"urlTemplate\":\"https:\/\/www.ariasassessors.com\/?s={search_term_string}\"},\"query-input\":{\"@type\":\"PropertyValueSpecification\",\"valueRequired\":true,\"valueName\":\"search_term_string\"}}],\"inLanguage\":\"ca\"},{\"@type\":\"Organization\",\"@id\":\"https:\/\/www.ariasassessors.com\/#organization\",\"name\":\"Arias Assessors\",\"url\":\"https:\/\/www.ariasassessors.com\/\",\"logo\":{\"@type\":\"ImageObject\",\"inLanguage\":\"ca\",\"@id\":\"https:\/\/www.ariasassessors.com\/#\/schema\/logo\/image\/\",\"url\":\"https:\/\/www.ariasassessors.com\/wp-content\/uploads\/2019\/01\/arias-logo.png\",\"contentUrl\":\"https:\/\/www.ariasassessors.com\/wp-content\/uploads\/2019\/01\/arias-logo.png\",\"width\":349,\"height\":254,\"caption\":\"Arias Assessors\"},\"image\":{\"@id\":\"https:\/\/www.ariasassessors.com\/#\/schema\/logo\/image\/\"},\"sameAs\":[\"https:\/\/www.facebook.com\/ariasassessors\/\",\"https:\/\/x.com\/ariasassessors\",\"https:\/\/www.linkedin.com\/company\/r&amp;amp;r-growing-knowledge\/\"]},{\"@type\":\"Person\",\"@id\":\"https:\/\/www.ariasassessors.com\/#\/schema\/person\/31e56f9d79e07edcad0513599b863b5a\",\"name\":\"Raul Arias\",\"image\":{\"@type\":\"ImageObject\",\"inLanguage\":\"ca\",\"@id\":\"https:\/\/www.ariasassessors.com\/#\/schema\/person\/image\/\",\"url\":\"https:\/\/secure.gravatar.com\/avatar\/c4b15316f6e35082f0ca6aa967d452bf?s=96&d=mm&r=g\",\"contentUrl\":\"https:\/\/secure.gravatar.com\/avatar\/c4b15316f6e35082f0ca6aa967d452bf?s=96&d=mm&r=g\",\"caption\":\"Raul Arias\"}}]}<\/script>\n<!-- \/ Yoast SEO plugin. -->","yoast_head_json":{"title":"Aprobada la prorroga de los ERES hasta el 30 de septiembre 2021","description":"Se prorrogan los Expedientes de Regulaci\u00f3n Temporal de Empleo (ERTE) hasta el 30 de Septiembre de 2021 para medidas de protecci\u00f3n social.","robots":{"index":"index","follow":"follow","max-snippet":"max-snippet:-1","max-image-preview":"max-image-preview:large","max-video-preview":"max-video-preview:-1"},"canonical":"https:\/\/www.ariasassessors.com\/ca\/aprobada-la-prorroga-de-los-eres-hasta-el-30-de-septiembre-2021\/","og_locale":"ca_ES","og_type":"article","og_title":"Aprobada la prorroga de los ERES hasta el 30 de septiembre 2021","og_description":"Se prorrogan los Expedientes de Regulaci\u00f3n Temporal de Empleo (ERTE) hasta el 30 de Septiembre de 2021 para medidas de protecci\u00f3n social.","og_url":"https:\/\/www.ariasassessors.com\/ca\/aprobada-la-prorroga-de-los-eres-hasta-el-30-de-septiembre-2021\/","og_site_name":"Arias Assessors","article_publisher":"https:\/\/www.facebook.com\/ariasassessors\/","article_published_time":"2021-06-01T12:29:08+00:00","article_modified_time":"2021-07-01T09:46:37+00:00","og_image":[{"width":1920,"height":1202,"url":"https:\/\/www.ariasassessors.com\/wp-content\/uploads\/2021\/06\/Arias_Blog_IMAGEN_DESTACADA-1-1.png","type":"image\/png"}],"author":"Raul Arias","twitter_card":"summary_large_image","twitter_creator":"@ariasassessors","twitter_site":"@ariasassessors","twitter_misc":{"Escrit per":"Raul Arias","Temps estimat de lectura":"5 minuts"},"schema":{"@context":"https:\/\/schema.org","@graph":[{"@type":"Article","@id":"https:\/\/www.ariasassessors.com\/ca\/aprobada-la-prorroga-de-los-eres-hasta-el-30-de-septiembre-2021\/#article","isPartOf":{"@id":"https:\/\/www.ariasassessors.com\/ca\/aprobada-la-prorroga-de-los-eres-hasta-el-30-de-septiembre-2021\/"},"author":{"name":"Raul Arias","@id":"https:\/\/www.ariasassessors.com\/#\/schema\/person\/31e56f9d79e07edcad0513599b863b5a"},"headline":"Aprobada la prorroga de los ERTES hasta el 30 de septiembre 2021","datePublished":"2021-06-01T12:29:08+00:00","dateModified":"2021-07-01T09:46:37+00:00","mainEntityOfPage":{"@id":"https:\/\/www.ariasassessors.com\/ca\/aprobada-la-prorroga-de-los-eres-hasta-el-30-de-septiembre-2021\/"},"wordCount":1093,"commentCount":0,"publisher":{"@id":"https:\/\/www.ariasassessors.com\/#organization"},"image":{"@id":"https:\/\/www.ariasassessors.com\/ca\/aprobada-la-prorroga-de-los-eres-hasta-el-30-de-septiembre-2021\/#primaryimage"},"thumbnailUrl":"https:\/\/www.ariasassessors.com\/wp-content\/uploads\/2021\/06\/Arias_Blog_IMAGEN_DESTACADA-1-1.png","articleSection":["noticies"],"inLanguage":"ca","potentialAction":[{"@type":"CommentAction","name":"Comment","target":["https:\/\/www.ariasassessors.com\/ca\/aprobada-la-prorroga-de-los-eres-hasta-el-30-de-septiembre-2021\/#respond"]}]},{"@type":"WebPage","@id":"https:\/\/www.ariasassessors.com\/ca\/aprobada-la-prorroga-de-los-eres-hasta-el-30-de-septiembre-2021\/","url":"https:\/\/www.ariasassessors.com\/ca\/aprobada-la-prorroga-de-los-eres-hasta-el-30-de-septiembre-2021\/","name":"Aprobada la prorroga de los ERES hasta el 30 de septiembre 2021","isPartOf":{"@id":"https:\/\/www.ariasassessors.com\/#website"},"primaryImageOfPage":{"@id":"https:\/\/www.ariasassessors.com\/ca\/aprobada-la-prorroga-de-los-eres-hasta-el-30-de-septiembre-2021\/#primaryimage"},"image":{"@id":"https:\/\/www.ariasassessors.com\/ca\/aprobada-la-prorroga-de-los-eres-hasta-el-30-de-septiembre-2021\/#primaryimage"},"thumbnailUrl":"https:\/\/www.ariasassessors.com\/wp-content\/uploads\/2021\/06\/Arias_Blog_IMAGEN_DESTACADA-1-1.png","datePublished":"2021-06-01T12:29:08+00:00","dateModified":"2021-07-01T09:46:37+00:00","description":"Se prorrogan los Expedientes de Regulaci\u00f3n Temporal de Empleo (ERTE) hasta el 30 de Septiembre de 2021 para medidas de protecci\u00f3n social.","breadcrumb":{"@id":"https:\/\/www.ariasassessors.com\/ca\/aprobada-la-prorroga-de-los-eres-hasta-el-30-de-septiembre-2021\/#breadcrumb"},"inLanguage":"ca","potentialAction":[{"@type":"ReadAction","target":["https:\/\/www.ariasassessors.com\/ca\/aprobada-la-prorroga-de-los-eres-hasta-el-30-de-septiembre-2021\/"]}]},{"@type":"ImageObject","inLanguage":"ca","@id":"https:\/\/www.ariasassessors.com\/ca\/aprobada-la-prorroga-de-los-eres-hasta-el-30-de-septiembre-2021\/#primaryimage","url":"https:\/\/www.ariasassessors.com\/wp-content\/uploads\/2021\/06\/Arias_Blog_IMAGEN_DESTACADA-1-1.png","contentUrl":"https:\/\/www.ariasassessors.com\/wp-content\/uploads\/2021\/06\/Arias_Blog_IMAGEN_DESTACADA-1-1.png","width":1920,"height":1202},{"@type":"BreadcrumbList","@id":"https:\/\/www.ariasassessors.com\/ca\/aprobada-la-prorroga-de-los-eres-hasta-el-30-de-septiembre-2021\/#breadcrumb","itemListElement":[{"@type":"ListItem","position":1,"name":"Portada","item":"https:\/\/www.ariasassessors.com\/ca\/"},{"@type":"ListItem","position":2,"name":"Aprobada la prorroga de los ERTES hasta el 30 de septiembre 2021"}]},{"@type":"WebSite","@id":"https:\/\/www.ariasassessors.com\/#website","url":"https:\/\/www.ariasassessors.com\/","name":"Arias Assessors","description":"Asesor\u00eda para aut\u00f3nomos, profesionales y PYMES","publisher":{"@id":"https:\/\/www.ariasassessors.com\/#organization"},"potentialAction":[{"@type":"SearchAction","target":{"@type":"EntryPoint","urlTemplate":"https:\/\/www.ariasassessors.com\/?s={search_term_string}"},"query-input":{"@type":"PropertyValueSpecification","valueRequired":true,"valueName":"search_term_string"}}],"inLanguage":"ca"},{"@type":"Organization","@id":"https:\/\/www.ariasassessors.com\/#organization","name":"Arias Assessors","url":"https:\/\/www.ariasassessors.com\/","logo":{"@type":"ImageObject","inLanguage":"ca","@id":"https:\/\/www.ariasassessors.com\/#\/schema\/logo\/image\/","url":"https:\/\/www.ariasassessors.com\/wp-content\/uploads\/2019\/01\/arias-logo.png","contentUrl":"https:\/\/www.ariasassessors.com\/wp-content\/uploads\/2019\/01\/arias-logo.png","width":349,"height":254,"caption":"Arias Assessors"},"image":{"@id":"https:\/\/www.ariasassessors.com\/#\/schema\/logo\/image\/"},"sameAs":["https:\/\/www.facebook.com\/ariasassessors\/","https:\/\/x.com\/ariasassessors","https:\/\/www.linkedin.com\/company\/r&amp;amp;r-growing-knowledge\/"]},{"@type":"Person","@id":"https:\/\/www.ariasassessors.com\/#\/schema\/person\/31e56f9d79e07edcad0513599b863b5a","name":"Raul Arias","image":{"@type":"ImageObject","inLanguage":"ca","@id":"https:\/\/www.ariasassessors.com\/#\/schema\/person\/image\/","url":"https:\/\/secure.gravatar.com\/avatar\/c4b15316f6e35082f0ca6aa967d452bf?s=96&d=mm&r=g","contentUrl":"https:\/\/secure.gravatar.com\/avatar\/c4b15316f6e35082f0ca6aa967d452bf?s=96&d=mm&r=g","caption":"Raul Arias"}}]}},"_links":{"self":[{"href":"https:\/\/www.ariasassessors.com\/ca\/wp-json\/wp\/v2\/posts\/1509","targetHints":{"allow":["GET"]}}],"collection":[{"href":"https:\/\/www.ariasassessors.com\/ca\/wp-json\/wp\/v2\/posts"}],"about":[{"href":"https:\/\/www.ariasassessors.com\/ca\/wp-json\/wp\/v2\/types\/post"}],"author":[{"embeddable":true,"href":"https:\/\/www.ariasassessors.com\/ca\/wp-json\/wp\/v2\/users\/3"}],"replies":[{"embeddable":true,"href":"https:\/\/www.ariasassessors.com\/ca\/wp-json\/wp\/v2\/comments?post=1509"}],"version-history":[{"count":2,"href":"https:\/\/www.ariasassessors.com\/ca\/wp-json\/wp\/v2\/posts\/1509\/revisions"}],"predecessor-version":[{"id":1512,"href":"https:\/\/www.ariasassessors.com\/ca\/wp-json\/wp\/v2\/posts\/1509\/revisions\/1512"}],"wp:featuredmedia":[{"embeddable":true,"href":"https:\/\/www.ariasassessors.com\/ca\/wp-json\/wp\/v2\/media\/1541"}],"wp:attachment":[{"href":"https:\/\/www.ariasassessors.com\/ca\/wp-json\/wp\/v2\/media?parent=1509"}],"wp:term":[{"taxonomy":"category","embeddable":true,"href":"https:\/\/www.ariasassessors.com\/ca\/wp-json\/wp\/v2\/categories?post=1509"},{"taxonomy":"post_tag","embeddable":true,"href":"https:\/\/www.ariasassessors.com\/ca\/wp-json\/wp\/v2\/tags?post=1509"}],"curies":[{"name":"wp","href":"https:\/\/api.w.org\/{rel}","templated":true}]}}