{"id":1521,"date":"2021-06-08T14:17:21","date_gmt":"2021-06-08T12:17:21","guid":{"rendered":"https:\/\/www.ariasassessors.com\/prorrogadas-las-ayudas-a-autonomos-con-motivo-de-la-pandemia-covid-19-segun-real-decreto-11-2021-de-27-de-mayo\/"},"modified":"2021-07-01T11:46:51","modified_gmt":"2021-07-01T09:46:51","slug":"prorrogadas-las-ayudas-a-autonomos-con-motivo-de-la-pandemia-covid-19-segun-real-decreto-11-2021-de-27-de-mayo","status":"publish","type":"post","link":"https:\/\/www.ariasassessors.com\/ca\/prorrogadas-las-ayudas-a-autonomos-con-motivo-de-la-pandemia-covid-19-segun-real-decreto-11-2021-de-27-de-mayo\/","title":{"rendered":"PRORROGADAS LAS AYUDAS A AUT\u00d3NOMOS CON MOTIVO DE LA PANDEMIA COVID-19 \u2013 SEG\u00daN REAL DECRETO 11\/2021, DE 27 DE MAYO"},"content":{"rendered":"<p>Si hace pocas fechas avis\u00e1bamos a nuestros clientes de la pr\u00f3rroga de los Expedientes de Regulaci\u00f3n Temporal de Empleo (ERTE) con motivo de la pandemia y sus principales peculiaridades en cuanto a los tipos de pr\u00f3rroga, fechas, etc\u2026 ahora llega el turno de las ayudas para los aut\u00f3nomos \u201cpersonas f\u00edsicas\u201d tanto que realizan actividades empresariales como profesionales y freelance.<\/p>\n<p>Las ayudas est\u00e1n previstas para el per\u00edodo 1 de Junio 2021 hasta 30 Septiembre 2021 (excepto la ayuda n\u00ba 2 vinculada a una suspensi\u00f3n de la actividad por parte de las autoridades competentes)<\/p>\n<p>Los pagos se reciben a trav\u00e9s de la mutua correspondiente que el aut\u00f3nomo tiene asignada, una cantidad mensual que puede ir del 50% al 70% de la base de cotizaci\u00f3n.<\/p>\n<p>Para estos casos, se establecen las siguientes ayudas y pr\u00f3rrogas:<\/p>\n<div id=\"ez-toc-container\" class=\"ez-toc-v2_0_72 counter-hierarchy ez-toc-counter ez-toc-grey ez-toc-container-direction\">\n<div class=\"ez-toc-title-container\">\n<p class=\"ez-toc-title\" style=\"cursor:inherit\">\u00cdndice de Contenidos<\/p>\n<span class=\"ez-toc-title-toggle\"><a href=\"#\" class=\"ez-toc-pull-right ez-toc-btn ez-toc-btn-xs ez-toc-btn-default ez-toc-toggle\" aria-label=\"Toggle Table of Content\"><span class=\"ez-toc-js-icon-con\"><span class=\"\"><span class=\"eztoc-hide\" style=\"display:none;\">Toggle<\/span><span class=\"ez-toc-icon-toggle-span\"><svg style=\"fill: #428bca;color:#428bca\" xmlns=\"http:\/\/www.w3.org\/2000\/svg\" class=\"list-377408\" width=\"20px\" height=\"20px\" viewBox=\"0 0 24 24\" fill=\"none\"><path d=\"M6 6H4v2h2V6zm14 0H8v2h12V6zM4 11h2v2H4v-2zm16 0H8v2h12v-2zM4 16h2v2H4v-2zm16 0H8v2h12v-2z\" fill=\"currentColor\"><\/path><\/svg><svg style=\"fill: #428bca;color:#428bca\" class=\"arrow-unsorted-368013\" xmlns=\"http:\/\/www.w3.org\/2000\/svg\" width=\"10px\" height=\"10px\" viewBox=\"0 0 24 24\" version=\"1.2\" baseProfile=\"tiny\"><path d=\"M18.2 9.3l-6.2-6.3-6.2 6.3c-.2.2-.3.4-.3.7s.1.5.3.7c.2.2.4.3.7.3h11c.3 0 .5-.1.7-.3.2-.2.3-.5.3-.7s-.1-.5-.3-.7zM5.8 14.7l6.2 6.3 6.2-6.3c.2-.2.3-.5.3-.7s-.1-.5-.3-.7c-.2-.2-.4-.3-.7-.3h-11c-.3 0-.5.1-.7.3-.2.2-.3.5-.3.7s.1.5.3.7z\"\/><\/svg><\/span><\/span><\/span><\/a><\/span><\/div>\n<nav><ul class='ez-toc-list ez-toc-list-level-1 eztoc-toggle-hide-by-default' ><li class='ez-toc-page-1 ez-toc-heading-level-4'><a class=\"ez-toc-link ez-toc-heading-1\" href=\"https:\/\/www.ariasassessors.com\/ca\/prorrogadas-las-ayudas-a-autonomos-con-motivo-de-la-pandemia-covid-19-segun-real-decreto-11-2021-de-27-de-mayo\/#1_AYUDA_%E2%80%9CPOECATA_4%E2%80%9D_PRESTACION_EXTRAORDINARIA_POR_CESE_DE_ACTIVIDAD_COMPATIBLE_CON_TRABAJO_POR_CUENTA_PROPIA\" title=\"1. AYUDA \u201cPOECATA 4\u201d PRESTACI\u00d3N EXTRAORDINARIA POR CESE DE ACTIVIDAD COMPATIBLE CON TRABAJO POR CUENTA PROPIA.\">1. AYUDA \u201cPOECATA 4\u201d PRESTACI\u00d3N EXTRAORDINARIA POR CESE DE ACTIVIDAD COMPATIBLE CON TRABAJO POR CUENTA PROPIA.<\/a><\/li><li class='ez-toc-page-1 ez-toc-heading-level-4'><a class=\"ez-toc-link ez-toc-heading-2\" href=\"https:\/\/www.ariasassessors.com\/ca\/prorrogadas-las-ayudas-a-autonomos-con-motivo-de-la-pandemia-covid-19-segun-real-decreto-11-2021-de-27-de-mayo\/#2_PECANE_13_PRESTACION_EXTRAORDINARIA_DE_CESE_DE_ACTIVIDAD_POR_SUSPENSION_TEMPORAL_DE_LA_ACTIVIDAD\" title=\"2. PECANE 1.3 PRESTACI\u00d3N EXTRAORDINARIA DE CESE DE ACTIVIDAD POR SUSPENSI\u00d3N TEMPORAL DE LA ACTIVIDAD\">2. PECANE 1.3 PRESTACI\u00d3N EXTRAORDINARIA DE CESE DE ACTIVIDAD POR SUSPENSI\u00d3N TEMPORAL DE LA ACTIVIDAD<\/a><\/li><li class='ez-toc-page-1 ez-toc-heading-level-4'><a class=\"ez-toc-link ez-toc-heading-3\" href=\"https:\/\/www.ariasassessors.com\/ca\/prorrogadas-las-ayudas-a-autonomos-con-motivo-de-la-pandemia-covid-19-segun-real-decreto-11-2021-de-27-de-mayo\/#3_PECANE_23_PRESTACION_EXTRAORDINARIA_CESE_ACTIVIDAD_PARA_AUTONOMOS_QUE_A_FECHA_3152021_VINIERAN_PERCIBIENDO_LA_AYUDA_POECATA_3_O_PECANE_22\" title=\"3. PECANE 2.3 PRESTACI\u00d3N EXTRAORDINARIA CESE ACTIVIDAD PARA AUTONOMOS QUE A FECHA 31\/5\/2021 VINIERAN PERCIBIENDO LA AYUDA POECATA 3 O PECANE 2.2\">3. PECANE 2.3 PRESTACI\u00d3N EXTRAORDINARIA CESE ACTIVIDAD PARA AUTONOMOS QUE A FECHA 31\/5\/2021 VINIERAN PERCIBIENDO LA AYUDA POECATA 3 O PECANE 2.2<\/a><\/li><li class='ez-toc-page-1 ez-toc-heading-level-4'><a class=\"ez-toc-link ez-toc-heading-4\" href=\"https:\/\/www.ariasassessors.com\/ca\/prorrogadas-las-ayudas-a-autonomos-con-motivo-de-la-pandemia-covid-19-segun-real-decreto-11-2021-de-27-de-mayo\/#4_PETECATA_4_PRESTACION_CESE_TRABAJADORES_DE_TEMPORADA\" title=\"4. PETECATA 4 PRESTACI\u00d3N CESE TRABAJADORES DE TEMPORADA\">4. PETECATA 4 PRESTACI\u00d3N CESE TRABAJADORES DE TEMPORADA<\/a><\/li><\/ul><\/nav><\/div>\n<h4><span class=\"ez-toc-section\" id=\"1_AYUDA_%E2%80%9CPOECATA_4%E2%80%9D_PRESTACION_EXTRAORDINARIA_POR_CESE_DE_ACTIVIDAD_COMPATIBLE_CON_TRABAJO_POR_CUENTA_PROPIA\"><\/span>1. AYUDA \u201cPOECATA 4\u201d PRESTACI\u00d3N EXTRAORDINARIA POR CESE DE ACTIVIDAD COMPATIBLE CON TRABAJO POR CUENTA PROPIA.<span class=\"ez-toc-section-end\"><\/span><\/h4>\n<ul>\n<li>Para aut\u00f3nomos con carencia que a 31\/5\/2021 no hayan consumido la totalidad del per\u00edodo prestaci\u00f3n previsto en el art. 338 LGSS y adem\u00e1s:<\/li>\n<li>Que estuvieran percibiendo la ayuda POECATA 3<\/li>\n<li>Reducci\u00f3n de ingresos en el 2\u00ba y 3\u00ba trimestre de 2021 inferior al 50% respecto\u00a0 al 2\u00ba y 3\u00ba trimestre de 2019<\/li>\n<li>Rendimientos netos en 2\u00ba y 3\u00ba trimestre 2021 inferiores a 7.980\u20ac<\/li>\n<\/ul>\n<h4><\/h4>\n<h4><span class=\"ez-toc-section\" id=\"2_PECANE_13_PRESTACION_EXTRAORDINARIA_DE_CESE_DE_ACTIVIDAD_POR_SUSPENSION_TEMPORAL_DE_LA_ACTIVIDAD\"><\/span>2. PECANE 1.3 PRESTACI\u00d3N EXTRAORDINARIA DE CESE DE ACTIVIDAD POR SUSPENSI\u00d3N TEMPORAL DE LA ACTIVIDAD<span class=\"ez-toc-section-end\"><\/span><\/h4>\n<ul>\n<li>Solo para trabajadores aut\u00f3nomos que deban paralizar toda su actividad por resoluci\u00f3n de la autoridad competente posterior a 1\/6\/2021 con motivo de la pandemia COVID-19<\/li>\n<\/ul>\n<h4><\/h4>\n<h4><span class=\"ez-toc-section\" id=\"3_PECANE_23_PRESTACION_EXTRAORDINARIA_CESE_ACTIVIDAD_PARA_AUTONOMOS_QUE_A_FECHA_3152021_VINIERAN_PERCIBIENDO_LA_AYUDA_POECATA_3_O_PECANE_22\"><\/span>3. PECANE 2.3 PRESTACI\u00d3N EXTRAORDINARIA CESE ACTIVIDAD PARA AUTONOMOS QUE A FECHA 31\/5\/2021 VINIERAN PERCIBIENDO LA AYUDA POECATA 3 O PECANE 2.2<span class=\"ez-toc-section-end\"><\/span><\/h4>\n<ul>\n<li>Para aquellos aut\u00f3nomos que no pueden acceder por requisitos a la primera de las ayudas enumeradas, POECATA 4<\/li>\n<li>Rendimientos netos de la actividad previstos para el 2\u00ba y 3\u00ba trimestre de 2021 no superiores a 6.650\u20ac<\/li>\n<li>Acredita en el 2\u00ba y 3\u00ba trimestre de 2021 ingresos inferiores a los habidos en el 1\u00ba trimestre de 2020<\/li>\n<\/ul>\n<h4><\/h4>\n<h4><span class=\"ez-toc-section\" id=\"4_PETECATA_4_PRESTACION_CESE_TRABAJADORES_DE_TEMPORADA\"><\/span>4. PETECATA 4 PRESTACI\u00d3N CESE TRABAJADORES DE TEMPORADA<span class=\"ez-toc-section-end\"><\/span><\/h4>\n<ul>\n<li>Para trabajadores aut\u00f3nomos, con o sin carencia de prestaci\u00f3n pendiente, que hayan estado de alta en RETA o REM en 2018 y 2019 un m\u00ednimo de 4 meses y un m\u00e1ximo de 7<\/li>\n<li>Ingresos 2\u00ba y 3\u00ba trimestre 2021 inferiores a 6.650\u20ac<\/li>\n<li>Alta en R\u00e9gimen General un m\u00e1ximo de 120 d\u00edas durante 2018 y 2019.<\/li>\n<\/ul>\n<p>Como es habitual desde el inicio de la pandemia, para tener m\u00e1s informaci\u00f3n sobre las ayudas y la posibilidad de tramitarlas pueden ponerse en contacto con Arias Assessors en el tel\u00e9fono 93 454 50 95 (Lidia) o por correo electr\u00f3nico <a href=\"mailto:fiscal@ariasassessors.com\">fiscal@ariasassessors.com<\/a><\/p>\n","protected":false},"excerpt":{"rendered":"<p>Si hace pocas fechas avis\u00e1bamos a nuestros clientes de la pr\u00f3rroga de los Expedientes de Regulaci\u00f3n Temporal de Empleo (ERTE) con motivo de la pandemia y sus principales peculiaridades en cuanto a los tipos de pr\u00f3rroga, fechas, etc\u2026 ahora llega el turno de las ayudas&#8230;<\/p>\n","protected":false},"author":3,"featured_media":1543,"comment_status":"open","ping_status":"open","sticky":false,"template":"","format":"standard","meta":{"footnotes":""},"categories":[4],"tags":[],"class_list":["post-1521","post","type-post","status-publish","format-standard","has-post-thumbnail","hentry","category-noticies"],"yoast_head":"<!-- This site is optimized with the Yoast SEO plugin v24.3 - https:\/\/yoast.com\/wordpress\/plugins\/seo\/ -->\n<title>Prorrogadas las ayudas a aut\u00f3nomos con motivo de la pandemia covid-19<\/title>\n<meta name=\"description\" content=\"Ayudas para los aut\u00f3nomos \u201cpersonas f\u00edsicas\u201d tanto que realizan actividades empresariales como profesionales y freelance.\" \/>\n<meta name=\"robots\" content=\"index, follow, max-snippet:-1, max-image-preview:large, max-video-preview:-1\" \/>\n<link rel=\"canonical\" href=\"https:\/\/www.ariasassessors.com\/ca\/prorrogadas-las-ayudas-a-autonomos-con-motivo-de-la-pandemia-covid-19-segun-real-decreto-11-2021-de-27-de-mayo\/\" \/>\n<meta property=\"og:locale\" content=\"ca_ES\" \/>\n<meta property=\"og:type\" content=\"article\" \/>\n<meta property=\"og:title\" content=\"Prorrogadas las ayudas a aut\u00f3nomos con motivo de la pandemia covid-19\" \/>\n<meta property=\"og:description\" content=\"Ayudas para los aut\u00f3nomos \u201cpersonas f\u00edsicas\u201d tanto que realizan actividades empresariales como profesionales y freelance.\" \/>\n<meta property=\"og:url\" content=\"https:\/\/www.ariasassessors.com\/ca\/prorrogadas-las-ayudas-a-autonomos-con-motivo-de-la-pandemia-covid-19-segun-real-decreto-11-2021-de-27-de-mayo\/\" \/>\n<meta property=\"og:site_name\" content=\"Arias Assessors\" \/>\n<meta property=\"article:publisher\" content=\"https:\/\/www.facebook.com\/ariasassessors\/\" \/>\n<meta property=\"article:published_time\" content=\"2021-06-08T12:17:21+00:00\" \/>\n<meta property=\"article:modified_time\" content=\"2021-07-01T09:46:51+00:00\" \/>\n<meta property=\"og:image\" content=\"https:\/\/www.ariasassessors.com\/wp-content\/uploads\/2021\/06\/Arias_Blog_IMAGEN_DESTACADA-2.png\" \/>\n\t<meta property=\"og:image:width\" content=\"1920\" \/>\n\t<meta property=\"og:image:height\" content=\"1202\" \/>\n\t<meta property=\"og:image:type\" content=\"image\/png\" \/>\n<meta name=\"author\" content=\"Raul Arias\" \/>\n<meta name=\"twitter:card\" content=\"summary_large_image\" \/>\n<meta name=\"twitter:creator\" content=\"@ariasassessors\" \/>\n<meta name=\"twitter:site\" content=\"@ariasassessors\" \/>\n<meta name=\"twitter:label1\" content=\"Escrit per\" \/>\n\t<meta name=\"twitter:data1\" content=\"Raul Arias\" \/>\n\t<meta name=\"twitter:label2\" content=\"Temps estimat de lectura\" \/>\n\t<meta name=\"twitter:data2\" content=\"2 minuts\" \/>\n<script type=\"application\/ld+json\" class=\"yoast-schema-graph\">{\"@context\":\"https:\/\/schema.org\",\"@graph\":[{\"@type\":\"Article\",\"@id\":\"https:\/\/www.ariasassessors.com\/ca\/prorrogadas-las-ayudas-a-autonomos-con-motivo-de-la-pandemia-covid-19-segun-real-decreto-11-2021-de-27-de-mayo\/#article\",\"isPartOf\":{\"@id\":\"https:\/\/www.ariasassessors.com\/ca\/prorrogadas-las-ayudas-a-autonomos-con-motivo-de-la-pandemia-covid-19-segun-real-decreto-11-2021-de-27-de-mayo\/\"},\"author\":{\"name\":\"Raul Arias\",\"@id\":\"https:\/\/www.ariasassessors.com\/#\/schema\/person\/31e56f9d79e07edcad0513599b863b5a\"},\"headline\":\"PRORROGADAS LAS AYUDAS A AUT\u00d3NOMOS CON MOTIVO DE LA PANDEMIA COVID-19 \u2013 SEG\u00daN REAL DECRETO 11\/2021, DE 27 DE MAYO\",\"datePublished\":\"2021-06-08T12:17:21+00:00\",\"dateModified\":\"2021-07-01T09:46:51+00:00\",\"mainEntityOfPage\":{\"@id\":\"https:\/\/www.ariasassessors.com\/ca\/prorrogadas-las-ayudas-a-autonomos-con-motivo-de-la-pandemia-covid-19-segun-real-decreto-11-2021-de-27-de-mayo\/\"},\"wordCount\":433,\"commentCount\":0,\"publisher\":{\"@id\":\"https:\/\/www.ariasassessors.com\/#organization\"},\"image\":{\"@id\":\"https:\/\/www.ariasassessors.com\/ca\/prorrogadas-las-ayudas-a-autonomos-con-motivo-de-la-pandemia-covid-19-segun-real-decreto-11-2021-de-27-de-mayo\/#primaryimage\"},\"thumbnailUrl\":\"https:\/\/www.ariasassessors.com\/wp-content\/uploads\/2021\/06\/Arias_Blog_IMAGEN_DESTACADA-2.png\",\"articleSection\":[\"noticies\"],\"inLanguage\":\"ca\",\"potentialAction\":[{\"@type\":\"CommentAction\",\"name\":\"Comment\",\"target\":[\"https:\/\/www.ariasassessors.com\/ca\/prorrogadas-las-ayudas-a-autonomos-con-motivo-de-la-pandemia-covid-19-segun-real-decreto-11-2021-de-27-de-mayo\/#respond\"]}]},{\"@type\":\"WebPage\",\"@id\":\"https:\/\/www.ariasassessors.com\/ca\/prorrogadas-las-ayudas-a-autonomos-con-motivo-de-la-pandemia-covid-19-segun-real-decreto-11-2021-de-27-de-mayo\/\",\"url\":\"https:\/\/www.ariasassessors.com\/ca\/prorrogadas-las-ayudas-a-autonomos-con-motivo-de-la-pandemia-covid-19-segun-real-decreto-11-2021-de-27-de-mayo\/\",\"name\":\"Prorrogadas las ayudas a aut\u00f3nomos con motivo de la pandemia covid-19\",\"isPartOf\":{\"@id\":\"https:\/\/www.ariasassessors.com\/#website\"},\"primaryImageOfPage\":{\"@id\":\"https:\/\/www.ariasassessors.com\/ca\/prorrogadas-las-ayudas-a-autonomos-con-motivo-de-la-pandemia-covid-19-segun-real-decreto-11-2021-de-27-de-mayo\/#primaryimage\"},\"image\":{\"@id\":\"https:\/\/www.ariasassessors.com\/ca\/prorrogadas-las-ayudas-a-autonomos-con-motivo-de-la-pandemia-covid-19-segun-real-decreto-11-2021-de-27-de-mayo\/#primaryimage\"},\"thumbnailUrl\":\"https:\/\/www.ariasassessors.com\/wp-content\/uploads\/2021\/06\/Arias_Blog_IMAGEN_DESTACADA-2.png\",\"datePublished\":\"2021-06-08T12:17:21+00:00\",\"dateModified\":\"2021-07-01T09:46:51+00:00\",\"description\":\"Ayudas para los aut\u00f3nomos \u201cpersonas f\u00edsicas\u201d tanto que realizan actividades empresariales como profesionales y freelance.\",\"breadcrumb\":{\"@id\":\"https:\/\/www.ariasassessors.com\/ca\/prorrogadas-las-ayudas-a-autonomos-con-motivo-de-la-pandemia-covid-19-segun-real-decreto-11-2021-de-27-de-mayo\/#breadcrumb\"},\"inLanguage\":\"ca\",\"potentialAction\":[{\"@type\":\"ReadAction\",\"target\":[\"https:\/\/www.ariasassessors.com\/ca\/prorrogadas-las-ayudas-a-autonomos-con-motivo-de-la-pandemia-covid-19-segun-real-decreto-11-2021-de-27-de-mayo\/\"]}]},{\"@type\":\"ImageObject\",\"inLanguage\":\"ca\",\"@id\":\"https:\/\/www.ariasassessors.com\/ca\/prorrogadas-las-ayudas-a-autonomos-con-motivo-de-la-pandemia-covid-19-segun-real-decreto-11-2021-de-27-de-mayo\/#primaryimage\",\"url\":\"https:\/\/www.ariasassessors.com\/wp-content\/uploads\/2021\/06\/Arias_Blog_IMAGEN_DESTACADA-2.png\",\"contentUrl\":\"https:\/\/www.ariasassessors.com\/wp-content\/uploads\/2021\/06\/Arias_Blog_IMAGEN_DESTACADA-2.png\",\"width\":1920,\"height\":1202},{\"@type\":\"BreadcrumbList\",\"@id\":\"https:\/\/www.ariasassessors.com\/ca\/prorrogadas-las-ayudas-a-autonomos-con-motivo-de-la-pandemia-covid-19-segun-real-decreto-11-2021-de-27-de-mayo\/#breadcrumb\",\"itemListElement\":[{\"@type\":\"ListItem\",\"position\":1,\"name\":\"Portada\",\"item\":\"https:\/\/www.ariasassessors.com\/ca\/\"},{\"@type\":\"ListItem\",\"position\":2,\"name\":\"PRORROGADAS LAS AYUDAS A AUT\u00d3NOMOS CON MOTIVO DE LA PANDEMIA COVID-19 \u2013 SEG\u00daN REAL DECRETO 11\/2021, DE 27 DE MAYO\"}]},{\"@type\":\"WebSite\",\"@id\":\"https:\/\/www.ariasassessors.com\/#website\",\"url\":\"https:\/\/www.ariasassessors.com\/\",\"name\":\"Arias Assessors\",\"description\":\"Asesor\u00eda para aut\u00f3nomos, profesionales y PYMES\",\"publisher\":{\"@id\":\"https:\/\/www.ariasassessors.com\/#organization\"},\"potentialAction\":[{\"@type\":\"SearchAction\",\"target\":{\"@type\":\"EntryPoint\",\"urlTemplate\":\"https:\/\/www.ariasassessors.com\/?s={search_term_string}\"},\"query-input\":{\"@type\":\"PropertyValueSpecification\",\"valueRequired\":true,\"valueName\":\"search_term_string\"}}],\"inLanguage\":\"ca\"},{\"@type\":\"Organization\",\"@id\":\"https:\/\/www.ariasassessors.com\/#organization\",\"name\":\"Arias Assessors\",\"url\":\"https:\/\/www.ariasassessors.com\/\",\"logo\":{\"@type\":\"ImageObject\",\"inLanguage\":\"ca\",\"@id\":\"https:\/\/www.ariasassessors.com\/#\/schema\/logo\/image\/\",\"url\":\"https:\/\/www.ariasassessors.com\/wp-content\/uploads\/2019\/01\/arias-logo.png\",\"contentUrl\":\"https:\/\/www.ariasassessors.com\/wp-content\/uploads\/2019\/01\/arias-logo.png\",\"width\":349,\"height\":254,\"caption\":\"Arias Assessors\"},\"image\":{\"@id\":\"https:\/\/www.ariasassessors.com\/#\/schema\/logo\/image\/\"},\"sameAs\":[\"https:\/\/www.facebook.com\/ariasassessors\/\",\"https:\/\/x.com\/ariasassessors\",\"https:\/\/www.linkedin.com\/company\/r&amp;amp;r-growing-knowledge\/\"]},{\"@type\":\"Person\",\"@id\":\"https:\/\/www.ariasassessors.com\/#\/schema\/person\/31e56f9d79e07edcad0513599b863b5a\",\"name\":\"Raul Arias\",\"image\":{\"@type\":\"ImageObject\",\"inLanguage\":\"ca\",\"@id\":\"https:\/\/www.ariasassessors.com\/#\/schema\/person\/image\/\",\"url\":\"https:\/\/secure.gravatar.com\/avatar\/c4b15316f6e35082f0ca6aa967d452bf?s=96&d=mm&r=g\",\"contentUrl\":\"https:\/\/secure.gravatar.com\/avatar\/c4b15316f6e35082f0ca6aa967d452bf?s=96&d=mm&r=g\",\"caption\":\"Raul Arias\"}}]}<\/script>\n<!-- \/ Yoast SEO plugin. -->","yoast_head_json":{"title":"Prorrogadas las ayudas a aut\u00f3nomos con motivo de la pandemia covid-19","description":"Ayudas para los aut\u00f3nomos \u201cpersonas f\u00edsicas\u201d tanto que realizan actividades empresariales como profesionales y freelance.","robots":{"index":"index","follow":"follow","max-snippet":"max-snippet:-1","max-image-preview":"max-image-preview:large","max-video-preview":"max-video-preview:-1"},"canonical":"https:\/\/www.ariasassessors.com\/ca\/prorrogadas-las-ayudas-a-autonomos-con-motivo-de-la-pandemia-covid-19-segun-real-decreto-11-2021-de-27-de-mayo\/","og_locale":"ca_ES","og_type":"article","og_title":"Prorrogadas las ayudas a aut\u00f3nomos con motivo de la pandemia covid-19","og_description":"Ayudas para los aut\u00f3nomos \u201cpersonas f\u00edsicas\u201d tanto que realizan actividades empresariales como profesionales y freelance.","og_url":"https:\/\/www.ariasassessors.com\/ca\/prorrogadas-las-ayudas-a-autonomos-con-motivo-de-la-pandemia-covid-19-segun-real-decreto-11-2021-de-27-de-mayo\/","og_site_name":"Arias Assessors","article_publisher":"https:\/\/www.facebook.com\/ariasassessors\/","article_published_time":"2021-06-08T12:17:21+00:00","article_modified_time":"2021-07-01T09:46:51+00:00","og_image":[{"width":1920,"height":1202,"url":"https:\/\/www.ariasassessors.com\/wp-content\/uploads\/2021\/06\/Arias_Blog_IMAGEN_DESTACADA-2.png","type":"image\/png"}],"author":"Raul Arias","twitter_card":"summary_large_image","twitter_creator":"@ariasassessors","twitter_site":"@ariasassessors","twitter_misc":{"Escrit per":"Raul Arias","Temps estimat de lectura":"2 minuts"},"schema":{"@context":"https:\/\/schema.org","@graph":[{"@type":"Article","@id":"https:\/\/www.ariasassessors.com\/ca\/prorrogadas-las-ayudas-a-autonomos-con-motivo-de-la-pandemia-covid-19-segun-real-decreto-11-2021-de-27-de-mayo\/#article","isPartOf":{"@id":"https:\/\/www.ariasassessors.com\/ca\/prorrogadas-las-ayudas-a-autonomos-con-motivo-de-la-pandemia-covid-19-segun-real-decreto-11-2021-de-27-de-mayo\/"},"author":{"name":"Raul Arias","@id":"https:\/\/www.ariasassessors.com\/#\/schema\/person\/31e56f9d79e07edcad0513599b863b5a"},"headline":"PRORROGADAS LAS AYUDAS A AUT\u00d3NOMOS CON MOTIVO DE LA PANDEMIA COVID-19 \u2013 SEG\u00daN REAL DECRETO 11\/2021, DE 27 DE MAYO","datePublished":"2021-06-08T12:17:21+00:00","dateModified":"2021-07-01T09:46:51+00:00","mainEntityOfPage":{"@id":"https:\/\/www.ariasassessors.com\/ca\/prorrogadas-las-ayudas-a-autonomos-con-motivo-de-la-pandemia-covid-19-segun-real-decreto-11-2021-de-27-de-mayo\/"},"wordCount":433,"commentCount":0,"publisher":{"@id":"https:\/\/www.ariasassessors.com\/#organization"},"image":{"@id":"https:\/\/www.ariasassessors.com\/ca\/prorrogadas-las-ayudas-a-autonomos-con-motivo-de-la-pandemia-covid-19-segun-real-decreto-11-2021-de-27-de-mayo\/#primaryimage"},"thumbnailUrl":"https:\/\/www.ariasassessors.com\/wp-content\/uploads\/2021\/06\/Arias_Blog_IMAGEN_DESTACADA-2.png","articleSection":["noticies"],"inLanguage":"ca","potentialAction":[{"@type":"CommentAction","name":"Comment","target":["https:\/\/www.ariasassessors.com\/ca\/prorrogadas-las-ayudas-a-autonomos-con-motivo-de-la-pandemia-covid-19-segun-real-decreto-11-2021-de-27-de-mayo\/#respond"]}]},{"@type":"WebPage","@id":"https:\/\/www.ariasassessors.com\/ca\/prorrogadas-las-ayudas-a-autonomos-con-motivo-de-la-pandemia-covid-19-segun-real-decreto-11-2021-de-27-de-mayo\/","url":"https:\/\/www.ariasassessors.com\/ca\/prorrogadas-las-ayudas-a-autonomos-con-motivo-de-la-pandemia-covid-19-segun-real-decreto-11-2021-de-27-de-mayo\/","name":"Prorrogadas las ayudas a aut\u00f3nomos con motivo de la pandemia covid-19","isPartOf":{"@id":"https:\/\/www.ariasassessors.com\/#website"},"primaryImageOfPage":{"@id":"https:\/\/www.ariasassessors.com\/ca\/prorrogadas-las-ayudas-a-autonomos-con-motivo-de-la-pandemia-covid-19-segun-real-decreto-11-2021-de-27-de-mayo\/#primaryimage"},"image":{"@id":"https:\/\/www.ariasassessors.com\/ca\/prorrogadas-las-ayudas-a-autonomos-con-motivo-de-la-pandemia-covid-19-segun-real-decreto-11-2021-de-27-de-mayo\/#primaryimage"},"thumbnailUrl":"https:\/\/www.ariasassessors.com\/wp-content\/uploads\/2021\/06\/Arias_Blog_IMAGEN_DESTACADA-2.png","datePublished":"2021-06-08T12:17:21+00:00","dateModified":"2021-07-01T09:46:51+00:00","description":"Ayudas para los aut\u00f3nomos \u201cpersonas f\u00edsicas\u201d tanto que realizan actividades empresariales como profesionales y freelance.","breadcrumb":{"@id":"https:\/\/www.ariasassessors.com\/ca\/prorrogadas-las-ayudas-a-autonomos-con-motivo-de-la-pandemia-covid-19-segun-real-decreto-11-2021-de-27-de-mayo\/#breadcrumb"},"inLanguage":"ca","potentialAction":[{"@type":"ReadAction","target":["https:\/\/www.ariasassessors.com\/ca\/prorrogadas-las-ayudas-a-autonomos-con-motivo-de-la-pandemia-covid-19-segun-real-decreto-11-2021-de-27-de-mayo\/"]}]},{"@type":"ImageObject","inLanguage":"ca","@id":"https:\/\/www.ariasassessors.com\/ca\/prorrogadas-las-ayudas-a-autonomos-con-motivo-de-la-pandemia-covid-19-segun-real-decreto-11-2021-de-27-de-mayo\/#primaryimage","url":"https:\/\/www.ariasassessors.com\/wp-content\/uploads\/2021\/06\/Arias_Blog_IMAGEN_DESTACADA-2.png","contentUrl":"https:\/\/www.ariasassessors.com\/wp-content\/uploads\/2021\/06\/Arias_Blog_IMAGEN_DESTACADA-2.png","width":1920,"height":1202},{"@type":"BreadcrumbList","@id":"https:\/\/www.ariasassessors.com\/ca\/prorrogadas-las-ayudas-a-autonomos-con-motivo-de-la-pandemia-covid-19-segun-real-decreto-11-2021-de-27-de-mayo\/#breadcrumb","itemListElement":[{"@type":"ListItem","position":1,"name":"Portada","item":"https:\/\/www.ariasassessors.com\/ca\/"},{"@type":"ListItem","position":2,"name":"PRORROGADAS LAS AYUDAS A AUT\u00d3NOMOS CON MOTIVO DE LA PANDEMIA COVID-19 \u2013 SEG\u00daN REAL DECRETO 11\/2021, DE 27 DE MAYO"}]},{"@type":"WebSite","@id":"https:\/\/www.ariasassessors.com\/#website","url":"https:\/\/www.ariasassessors.com\/","name":"Arias Assessors","description":"Asesor\u00eda para aut\u00f3nomos, profesionales y PYMES","publisher":{"@id":"https:\/\/www.ariasassessors.com\/#organization"},"potentialAction":[{"@type":"SearchAction","target":{"@type":"EntryPoint","urlTemplate":"https:\/\/www.ariasassessors.com\/?s={search_term_string}"},"query-input":{"@type":"PropertyValueSpecification","valueRequired":true,"valueName":"search_term_string"}}],"inLanguage":"ca"},{"@type":"Organization","@id":"https:\/\/www.ariasassessors.com\/#organization","name":"Arias Assessors","url":"https:\/\/www.ariasassessors.com\/","logo":{"@type":"ImageObject","inLanguage":"ca","@id":"https:\/\/www.ariasassessors.com\/#\/schema\/logo\/image\/","url":"https:\/\/www.ariasassessors.com\/wp-content\/uploads\/2019\/01\/arias-logo.png","contentUrl":"https:\/\/www.ariasassessors.com\/wp-content\/uploads\/2019\/01\/arias-logo.png","width":349,"height":254,"caption":"Arias Assessors"},"image":{"@id":"https:\/\/www.ariasassessors.com\/#\/schema\/logo\/image\/"},"sameAs":["https:\/\/www.facebook.com\/ariasassessors\/","https:\/\/x.com\/ariasassessors","https:\/\/www.linkedin.com\/company\/r&amp;amp;r-growing-knowledge\/"]},{"@type":"Person","@id":"https:\/\/www.ariasassessors.com\/#\/schema\/person\/31e56f9d79e07edcad0513599b863b5a","name":"Raul Arias","image":{"@type":"ImageObject","inLanguage":"ca","@id":"https:\/\/www.ariasassessors.com\/#\/schema\/person\/image\/","url":"https:\/\/secure.gravatar.com\/avatar\/c4b15316f6e35082f0ca6aa967d452bf?s=96&d=mm&r=g","contentUrl":"https:\/\/secure.gravatar.com\/avatar\/c4b15316f6e35082f0ca6aa967d452bf?s=96&d=mm&r=g","caption":"Raul Arias"}}]}},"_links":{"self":[{"href":"https:\/\/www.ariasassessors.com\/ca\/wp-json\/wp\/v2\/posts\/1521","targetHints":{"allow":["GET"]}}],"collection":[{"href":"https:\/\/www.ariasassessors.com\/ca\/wp-json\/wp\/v2\/posts"}],"about":[{"href":"https:\/\/www.ariasassessors.com\/ca\/wp-json\/wp\/v2\/types\/post"}],"author":[{"embeddable":true,"href":"https:\/\/www.ariasassessors.com\/ca\/wp-json\/wp\/v2\/users\/3"}],"replies":[{"embeddable":true,"href":"https:\/\/www.ariasassessors.com\/ca\/wp-json\/wp\/v2\/comments?post=1521"}],"version-history":[{"count":1,"href":"https:\/\/www.ariasassessors.com\/ca\/wp-json\/wp\/v2\/posts\/1521\/revisions"}],"predecessor-version":[{"id":1544,"href":"https:\/\/www.ariasassessors.com\/ca\/wp-json\/wp\/v2\/posts\/1521\/revisions\/1544"}],"wp:featuredmedia":[{"embeddable":true,"href":"https:\/\/www.ariasassessors.com\/ca\/wp-json\/wp\/v2\/media\/1543"}],"wp:attachment":[{"href":"https:\/\/www.ariasassessors.com\/ca\/wp-json\/wp\/v2\/media?parent=1521"}],"wp:term":[{"taxonomy":"category","embeddable":true,"href":"https:\/\/www.ariasassessors.com\/ca\/wp-json\/wp\/v2\/categories?post=1521"},{"taxonomy":"post_tag","embeddable":true,"href":"https:\/\/www.ariasassessors.com\/ca\/wp-json\/wp\/v2\/tags?post=1521"}],"curies":[{"name":"wp","href":"https:\/\/api.w.org\/{rel}","templated":true}]}}