{"id":1523,"date":"2021-06-18T13:04:07","date_gmt":"2021-06-18T11:04:07","guid":{"rendered":"https:\/\/www.ariasassessors.com\/ayudas-de-apoyo-a-la-solvencia-empresarial-en-respuesta-a-la-covid-19\/"},"modified":"2021-06-18T13:09:44","modified_gmt":"2021-06-18T11:09:44","slug":"ayudas-de-apoyo-a-la-solvencia-empresarial-en-respuesta-a-la-covid-19","status":"publish","type":"post","link":"https:\/\/www.ariasassessors.com\/ca\/ayudas-de-apoyo-a-la-solvencia-empresarial-en-respuesta-a-la-covid-19\/","title":{"rendered":"Ayudas de apoyo a la solvencia empresarial en respuesta a la COVID-19"},"content":{"rendered":"<p class=\"v1MsoNormal\">El gobierno de Espa\u00f1a public\u00f3 en el Real decreto ley 5\/2021 una nueva l\u00ednea de ayudas directas a aut\u00f3nomos y empresas, que tiene como objetivo que las comunidades aut\u00f3nomas concedan ayudas directas a los aut\u00f3nomos y empresas de los sectores m\u00e1s afectados por la pandemia.<\/p>\n<p class=\"v1MsoNormal\">La Generalitat de Catalunya mediante la ORDRE ECO\/127\/2021, de 14 de Juny nos aclara como presentar la solicitud y qui\u00e9n puede tramitarla. Aqu\u00ed os dejamos los requisitos e informaci\u00f3n b\u00e1sica:<\/p>\n<ul>\n<li class=\"v1MsoListParagraph\">Pueden solicitarla las empresas y\/o profesionales aut\u00f3nomos que ya tuvieran actividad durante el 2019 y 2020, y que la contin\u00faen ejerciendo en la actualidad.<\/li>\n<li class=\"v1MsoListParagraph\">La ayuda estar\u00e1 destinada a pagar <b>deudas<\/b>\u00a0que se hayan generado en el per\u00edodo\u00a0<b>1\/03\/2020 al 31\/05\/2021<\/b>, y por tanto la ayuda ser\u00e1 en base a la deuda acreditada. La deuda m\u00ednima a acreditar deber\u00e1 ser no inferior a 4.000\u20ac (deudas con proveedores, con administraciones, con entidades bancarias, etc&#8230;)<\/li>\n<li class=\"v1MsoListParagraph\">Adem\u00e1s de acreditar dicha deuda, se deber\u00e1 acreditar un descenso de m\u00e1s del 30% de la facturaci\u00f3n en 2020 respecto a 2019.<\/li>\n<li class=\"v1MsoListParagraph\">La inscripci\u00f3n previa a la ayuda, que servir\u00e1 como solicitud, se podr\u00e1 realizar desde el d\u00eda 21 de Junio hasta el pr\u00f3ximo 30 de Junio 2021.<\/li>\n<li class=\"v1MsoListParagraph\">Para aquellos aut\u00f3nomos que tributan por m\u00f3dulos, se podr\u00e1 recibir una ayuda de hasta 3.000\u20ac, mientras que el resto de empresas y profesionales aut\u00f3nomos podr\u00e1n recibir entre 4.000\u20ac i 200.000\u20ac, siempre en funci\u00f3n de la deuda acreditada.<\/li>\n<li class=\"v1MsoListParagraph\">Estas ayudas son compatibles con el resto de ayudas percibidas en cada caso, si no se han recibido m\u00e1s de 1,8 millones de \u20ac en otras ayudas directas.<\/li>\n<li class=\"v1MsoListParagraph\">El orden de inscripci\u00f3n a partir del pr\u00f3ximo lunes d\u00eda 21 de Junio no se tendr\u00e1 en cuenta para la concesi\u00f3n de las ayudas.<\/li>\n<\/ul>\n<p class=\"v1MsoNormal\">Recordamos a nuestros clientes que en caso de que entiendan que pueden acogerse a dicha ayuda, tanto por per\u00edodo de actividad, deuda contra\u00edda y descenso de facturaci\u00f3n de 2020 respecto a 2019, se pongan en contacto con nosotros en los medios habituales de contacto: telf.. 93 454 50 95 y correo electr\u00f3nico\u00a0<a href=\"mailto:fiscal@ariasassessors.com\" rel=\"noreferrer\">fiscal@ariasassessors.com<\/a><\/p>\n","protected":false},"excerpt":{"rendered":"<p>El gobierno de Espa\u00f1a public\u00f3 en el Real decreto ley 5\/2021 una nueva l\u00ednea de ayudas directas a aut\u00f3nomos y empresas, que tiene como objetivo que las comunidades aut\u00f3nomas concedan ayudas directas a los aut\u00f3nomos y empresas de los sectores m\u00e1s afectados por la pandemia&#8230;.<\/p>\n","protected":false},"author":2,"featured_media":1507,"comment_status":"open","ping_status":"open","sticky":false,"template":"","format":"standard","meta":{"footnotes":""},"categories":[4],"tags":[],"class_list":["post-1523","post","type-post","status-publish","format-standard","has-post-thumbnail","hentry","category-noticies"],"yoast_head":"<!-- This site is optimized with the Yoast SEO plugin v24.3 - https:\/\/yoast.com\/wordpress\/plugins\/seo\/ -->\n<title>Ayudas de apoyo a la solvencia empresarial en respuesta a la COVID-19<\/title>\n<meta name=\"description\" content=\"El gobierno de Espa\u00f1a public\u00f3 una nueva l\u00ednea de ayudas directas a aut\u00f3nomos y empresas de los sectores m\u00e1s afectados por la pandemia.\" \/>\n<meta name=\"robots\" content=\"index, follow, max-snippet:-1, max-image-preview:large, max-video-preview:-1\" \/>\n<link rel=\"canonical\" href=\"https:\/\/www.ariasassessors.com\/ca\/ayudas-de-apoyo-a-la-solvencia-empresarial-en-respuesta-a-la-covid-19\/\" \/>\n<meta property=\"og:locale\" content=\"ca_ES\" \/>\n<meta property=\"og:type\" content=\"article\" \/>\n<meta property=\"og:title\" content=\"Ayudas de apoyo a la solvencia empresarial en respuesta a la COVID-19\" \/>\n<meta property=\"og:description\" content=\"El gobierno de Espa\u00f1a public\u00f3 una nueva l\u00ednea de ayudas directas a aut\u00f3nomos y empresas de los sectores m\u00e1s afectados por la pandemia.\" \/>\n<meta property=\"og:url\" content=\"https:\/\/www.ariasassessors.com\/ca\/ayudas-de-apoyo-a-la-solvencia-empresarial-en-respuesta-a-la-covid-19\/\" \/>\n<meta property=\"og:site_name\" content=\"Arias Assessors\" \/>\n<meta property=\"article:publisher\" content=\"https:\/\/www.facebook.com\/ariasassessors\/\" \/>\n<meta property=\"article:published_time\" content=\"2021-06-18T11:04:07+00:00\" \/>\n<meta property=\"article:modified_time\" content=\"2021-06-18T11:09:44+00:00\" \/>\n<meta property=\"og:image\" content=\"https:\/\/www.ariasassessors.com\/wp-content\/uploads\/2021\/06\/Arias_Blog_IMAGEN_DESTACADA-1.png\" \/>\n\t<meta property=\"og:image:width\" content=\"1920\" \/>\n\t<meta property=\"og:image:height\" content=\"1202\" \/>\n\t<meta property=\"og:image:type\" content=\"image\/png\" \/>\n<meta name=\"author\" content=\"btorras\" \/>\n<meta name=\"twitter:card\" content=\"summary_large_image\" \/>\n<meta name=\"twitter:creator\" content=\"@ariasassessors\" \/>\n<meta name=\"twitter:site\" content=\"@ariasassessors\" \/>\n<meta name=\"twitter:label1\" content=\"Escrit per\" \/>\n\t<meta name=\"twitter:data1\" content=\"btorras\" \/>\n\t<meta name=\"twitter:label2\" content=\"Temps estimat de lectura\" \/>\n\t<meta name=\"twitter:data2\" content=\"2 minuts\" \/>\n<script type=\"application\/ld+json\" class=\"yoast-schema-graph\">{\"@context\":\"https:\/\/schema.org\",\"@graph\":[{\"@type\":\"Article\",\"@id\":\"https:\/\/www.ariasassessors.com\/ca\/ayudas-de-apoyo-a-la-solvencia-empresarial-en-respuesta-a-la-covid-19\/#article\",\"isPartOf\":{\"@id\":\"https:\/\/www.ariasassessors.com\/ca\/ayudas-de-apoyo-a-la-solvencia-empresarial-en-respuesta-a-la-covid-19\/\"},\"author\":{\"name\":\"btorras\",\"@id\":\"https:\/\/www.ariasassessors.com\/#\/schema\/person\/63c6ad1775f0a9413c37932562673cef\"},\"headline\":\"Ayudas de apoyo a la solvencia empresarial en respuesta a la COVID-19\",\"datePublished\":\"2021-06-18T11:04:07+00:00\",\"dateModified\":\"2021-06-18T11:09:44+00:00\",\"mainEntityOfPage\":{\"@id\":\"https:\/\/www.ariasassessors.com\/ca\/ayudas-de-apoyo-a-la-solvencia-empresarial-en-respuesta-a-la-covid-19\/\"},\"wordCount\":361,\"commentCount\":0,\"publisher\":{\"@id\":\"https:\/\/www.ariasassessors.com\/#organization\"},\"image\":{\"@id\":\"https:\/\/www.ariasassessors.com\/ca\/ayudas-de-apoyo-a-la-solvencia-empresarial-en-respuesta-a-la-covid-19\/#primaryimage\"},\"thumbnailUrl\":\"https:\/\/www.ariasassessors.com\/wp-content\/uploads\/2021\/06\/Arias_Blog_IMAGEN_DESTACADA-1.png\",\"articleSection\":[\"noticies\"],\"inLanguage\":\"ca\",\"potentialAction\":[{\"@type\":\"CommentAction\",\"name\":\"Comment\",\"target\":[\"https:\/\/www.ariasassessors.com\/ca\/ayudas-de-apoyo-a-la-solvencia-empresarial-en-respuesta-a-la-covid-19\/#respond\"]}]},{\"@type\":\"WebPage\",\"@id\":\"https:\/\/www.ariasassessors.com\/ca\/ayudas-de-apoyo-a-la-solvencia-empresarial-en-respuesta-a-la-covid-19\/\",\"url\":\"https:\/\/www.ariasassessors.com\/ca\/ayudas-de-apoyo-a-la-solvencia-empresarial-en-respuesta-a-la-covid-19\/\",\"name\":\"Ayudas de apoyo a la solvencia empresarial en respuesta a la COVID-19\",\"isPartOf\":{\"@id\":\"https:\/\/www.ariasassessors.com\/#website\"},\"primaryImageOfPage\":{\"@id\":\"https:\/\/www.ariasassessors.com\/ca\/ayudas-de-apoyo-a-la-solvencia-empresarial-en-respuesta-a-la-covid-19\/#primaryimage\"},\"image\":{\"@id\":\"https:\/\/www.ariasassessors.com\/ca\/ayudas-de-apoyo-a-la-solvencia-empresarial-en-respuesta-a-la-covid-19\/#primaryimage\"},\"thumbnailUrl\":\"https:\/\/www.ariasassessors.com\/wp-content\/uploads\/2021\/06\/Arias_Blog_IMAGEN_DESTACADA-1.png\",\"datePublished\":\"2021-06-18T11:04:07+00:00\",\"dateModified\":\"2021-06-18T11:09:44+00:00\",\"description\":\"El gobierno de Espa\u00f1a public\u00f3 una nueva l\u00ednea de ayudas directas a aut\u00f3nomos y empresas de los sectores m\u00e1s afectados por la pandemia.\",\"breadcrumb\":{\"@id\":\"https:\/\/www.ariasassessors.com\/ca\/ayudas-de-apoyo-a-la-solvencia-empresarial-en-respuesta-a-la-covid-19\/#breadcrumb\"},\"inLanguage\":\"ca\",\"potentialAction\":[{\"@type\":\"ReadAction\",\"target\":[\"https:\/\/www.ariasassessors.com\/ca\/ayudas-de-apoyo-a-la-solvencia-empresarial-en-respuesta-a-la-covid-19\/\"]}]},{\"@type\":\"ImageObject\",\"inLanguage\":\"ca\",\"@id\":\"https:\/\/www.ariasassessors.com\/ca\/ayudas-de-apoyo-a-la-solvencia-empresarial-en-respuesta-a-la-covid-19\/#primaryimage\",\"url\":\"https:\/\/www.ariasassessors.com\/wp-content\/uploads\/2021\/06\/Arias_Blog_IMAGEN_DESTACADA-1.png\",\"contentUrl\":\"https:\/\/www.ariasassessors.com\/wp-content\/uploads\/2021\/06\/Arias_Blog_IMAGEN_DESTACADA-1.png\",\"width\":1920,\"height\":1202},{\"@type\":\"BreadcrumbList\",\"@id\":\"https:\/\/www.ariasassessors.com\/ca\/ayudas-de-apoyo-a-la-solvencia-empresarial-en-respuesta-a-la-covid-19\/#breadcrumb\",\"itemListElement\":[{\"@type\":\"ListItem\",\"position\":1,\"name\":\"Portada\",\"item\":\"https:\/\/www.ariasassessors.com\/ca\/\"},{\"@type\":\"ListItem\",\"position\":2,\"name\":\"Ayudas de apoyo a la solvencia empresarial en respuesta a la COVID-19\"}]},{\"@type\":\"WebSite\",\"@id\":\"https:\/\/www.ariasassessors.com\/#website\",\"url\":\"https:\/\/www.ariasassessors.com\/\",\"name\":\"Arias Assessors\",\"description\":\"Asesor\u00eda para aut\u00f3nomos, profesionales y PYMES\",\"publisher\":{\"@id\":\"https:\/\/www.ariasassessors.com\/#organization\"},\"potentialAction\":[{\"@type\":\"SearchAction\",\"target\":{\"@type\":\"EntryPoint\",\"urlTemplate\":\"https:\/\/www.ariasassessors.com\/?s={search_term_string}\"},\"query-input\":{\"@type\":\"PropertyValueSpecification\",\"valueRequired\":true,\"valueName\":\"search_term_string\"}}],\"inLanguage\":\"ca\"},{\"@type\":\"Organization\",\"@id\":\"https:\/\/www.ariasassessors.com\/#organization\",\"name\":\"Arias Assessors\",\"url\":\"https:\/\/www.ariasassessors.com\/\",\"logo\":{\"@type\":\"ImageObject\",\"inLanguage\":\"ca\",\"@id\":\"https:\/\/www.ariasassessors.com\/#\/schema\/logo\/image\/\",\"url\":\"https:\/\/www.ariasassessors.com\/wp-content\/uploads\/2019\/01\/arias-logo.png\",\"contentUrl\":\"https:\/\/www.ariasassessors.com\/wp-content\/uploads\/2019\/01\/arias-logo.png\",\"width\":349,\"height\":254,\"caption\":\"Arias Assessors\"},\"image\":{\"@id\":\"https:\/\/www.ariasassessors.com\/#\/schema\/logo\/image\/\"},\"sameAs\":[\"https:\/\/www.facebook.com\/ariasassessors\/\",\"https:\/\/x.com\/ariasassessors\",\"https:\/\/www.linkedin.com\/company\/r&amp;amp;r-growing-knowledge\/\"]},{\"@type\":\"Person\",\"@id\":\"https:\/\/www.ariasassessors.com\/#\/schema\/person\/63c6ad1775f0a9413c37932562673cef\",\"name\":\"btorras\",\"image\":{\"@type\":\"ImageObject\",\"inLanguage\":\"ca\",\"@id\":\"https:\/\/www.ariasassessors.com\/#\/schema\/person\/image\/\",\"url\":\"https:\/\/secure.gravatar.com\/avatar\/0531db351fc361fdbfd204c58fa2d6a3?s=96&d=mm&r=g\",\"contentUrl\":\"https:\/\/secure.gravatar.com\/avatar\/0531db351fc361fdbfd204c58fa2d6a3?s=96&d=mm&r=g\",\"caption\":\"btorras\"}}]}<\/script>\n<!-- \/ Yoast SEO plugin. -->","yoast_head_json":{"title":"Ayudas de apoyo a la solvencia empresarial en respuesta a la COVID-19","description":"El gobierno de Espa\u00f1a public\u00f3 una nueva l\u00ednea de ayudas directas a aut\u00f3nomos y empresas de los sectores m\u00e1s afectados por la pandemia.","robots":{"index":"index","follow":"follow","max-snippet":"max-snippet:-1","max-image-preview":"max-image-preview:large","max-video-preview":"max-video-preview:-1"},"canonical":"https:\/\/www.ariasassessors.com\/ca\/ayudas-de-apoyo-a-la-solvencia-empresarial-en-respuesta-a-la-covid-19\/","og_locale":"ca_ES","og_type":"article","og_title":"Ayudas de apoyo a la solvencia empresarial en respuesta a la COVID-19","og_description":"El gobierno de Espa\u00f1a public\u00f3 una nueva l\u00ednea de ayudas directas a aut\u00f3nomos y empresas de los sectores m\u00e1s afectados por la pandemia.","og_url":"https:\/\/www.ariasassessors.com\/ca\/ayudas-de-apoyo-a-la-solvencia-empresarial-en-respuesta-a-la-covid-19\/","og_site_name":"Arias Assessors","article_publisher":"https:\/\/www.facebook.com\/ariasassessors\/","article_published_time":"2021-06-18T11:04:07+00:00","article_modified_time":"2021-06-18T11:09:44+00:00","og_image":[{"width":1920,"height":1202,"url":"https:\/\/www.ariasassessors.com\/wp-content\/uploads\/2021\/06\/Arias_Blog_IMAGEN_DESTACADA-1.png","type":"image\/png"}],"author":"btorras","twitter_card":"summary_large_image","twitter_creator":"@ariasassessors","twitter_site":"@ariasassessors","twitter_misc":{"Escrit per":"btorras","Temps estimat de lectura":"2 minuts"},"schema":{"@context":"https:\/\/schema.org","@graph":[{"@type":"Article","@id":"https:\/\/www.ariasassessors.com\/ca\/ayudas-de-apoyo-a-la-solvencia-empresarial-en-respuesta-a-la-covid-19\/#article","isPartOf":{"@id":"https:\/\/www.ariasassessors.com\/ca\/ayudas-de-apoyo-a-la-solvencia-empresarial-en-respuesta-a-la-covid-19\/"},"author":{"name":"btorras","@id":"https:\/\/www.ariasassessors.com\/#\/schema\/person\/63c6ad1775f0a9413c37932562673cef"},"headline":"Ayudas de apoyo a la solvencia empresarial en respuesta a la COVID-19","datePublished":"2021-06-18T11:04:07+00:00","dateModified":"2021-06-18T11:09:44+00:00","mainEntityOfPage":{"@id":"https:\/\/www.ariasassessors.com\/ca\/ayudas-de-apoyo-a-la-solvencia-empresarial-en-respuesta-a-la-covid-19\/"},"wordCount":361,"commentCount":0,"publisher":{"@id":"https:\/\/www.ariasassessors.com\/#organization"},"image":{"@id":"https:\/\/www.ariasassessors.com\/ca\/ayudas-de-apoyo-a-la-solvencia-empresarial-en-respuesta-a-la-covid-19\/#primaryimage"},"thumbnailUrl":"https:\/\/www.ariasassessors.com\/wp-content\/uploads\/2021\/06\/Arias_Blog_IMAGEN_DESTACADA-1.png","articleSection":["noticies"],"inLanguage":"ca","potentialAction":[{"@type":"CommentAction","name":"Comment","target":["https:\/\/www.ariasassessors.com\/ca\/ayudas-de-apoyo-a-la-solvencia-empresarial-en-respuesta-a-la-covid-19\/#respond"]}]},{"@type":"WebPage","@id":"https:\/\/www.ariasassessors.com\/ca\/ayudas-de-apoyo-a-la-solvencia-empresarial-en-respuesta-a-la-covid-19\/","url":"https:\/\/www.ariasassessors.com\/ca\/ayudas-de-apoyo-a-la-solvencia-empresarial-en-respuesta-a-la-covid-19\/","name":"Ayudas de apoyo a la solvencia empresarial en respuesta a la COVID-19","isPartOf":{"@id":"https:\/\/www.ariasassessors.com\/#website"},"primaryImageOfPage":{"@id":"https:\/\/www.ariasassessors.com\/ca\/ayudas-de-apoyo-a-la-solvencia-empresarial-en-respuesta-a-la-covid-19\/#primaryimage"},"image":{"@id":"https:\/\/www.ariasassessors.com\/ca\/ayudas-de-apoyo-a-la-solvencia-empresarial-en-respuesta-a-la-covid-19\/#primaryimage"},"thumbnailUrl":"https:\/\/www.ariasassessors.com\/wp-content\/uploads\/2021\/06\/Arias_Blog_IMAGEN_DESTACADA-1.png","datePublished":"2021-06-18T11:04:07+00:00","dateModified":"2021-06-18T11:09:44+00:00","description":"El gobierno de Espa\u00f1a public\u00f3 una nueva l\u00ednea de ayudas directas a aut\u00f3nomos y empresas de los sectores m\u00e1s afectados por la pandemia.","breadcrumb":{"@id":"https:\/\/www.ariasassessors.com\/ca\/ayudas-de-apoyo-a-la-solvencia-empresarial-en-respuesta-a-la-covid-19\/#breadcrumb"},"inLanguage":"ca","potentialAction":[{"@type":"ReadAction","target":["https:\/\/www.ariasassessors.com\/ca\/ayudas-de-apoyo-a-la-solvencia-empresarial-en-respuesta-a-la-covid-19\/"]}]},{"@type":"ImageObject","inLanguage":"ca","@id":"https:\/\/www.ariasassessors.com\/ca\/ayudas-de-apoyo-a-la-solvencia-empresarial-en-respuesta-a-la-covid-19\/#primaryimage","url":"https:\/\/www.ariasassessors.com\/wp-content\/uploads\/2021\/06\/Arias_Blog_IMAGEN_DESTACADA-1.png","contentUrl":"https:\/\/www.ariasassessors.com\/wp-content\/uploads\/2021\/06\/Arias_Blog_IMAGEN_DESTACADA-1.png","width":1920,"height":1202},{"@type":"BreadcrumbList","@id":"https:\/\/www.ariasassessors.com\/ca\/ayudas-de-apoyo-a-la-solvencia-empresarial-en-respuesta-a-la-covid-19\/#breadcrumb","itemListElement":[{"@type":"ListItem","position":1,"name":"Portada","item":"https:\/\/www.ariasassessors.com\/ca\/"},{"@type":"ListItem","position":2,"name":"Ayudas de apoyo a la solvencia empresarial en respuesta a la COVID-19"}]},{"@type":"WebSite","@id":"https:\/\/www.ariasassessors.com\/#website","url":"https:\/\/www.ariasassessors.com\/","name":"Arias Assessors","description":"Asesor\u00eda para aut\u00f3nomos, profesionales y PYMES","publisher":{"@id":"https:\/\/www.ariasassessors.com\/#organization"},"potentialAction":[{"@type":"SearchAction","target":{"@type":"EntryPoint","urlTemplate":"https:\/\/www.ariasassessors.com\/?s={search_term_string}"},"query-input":{"@type":"PropertyValueSpecification","valueRequired":true,"valueName":"search_term_string"}}],"inLanguage":"ca"},{"@type":"Organization","@id":"https:\/\/www.ariasassessors.com\/#organization","name":"Arias Assessors","url":"https:\/\/www.ariasassessors.com\/","logo":{"@type":"ImageObject","inLanguage":"ca","@id":"https:\/\/www.ariasassessors.com\/#\/schema\/logo\/image\/","url":"https:\/\/www.ariasassessors.com\/wp-content\/uploads\/2019\/01\/arias-logo.png","contentUrl":"https:\/\/www.ariasassessors.com\/wp-content\/uploads\/2019\/01\/arias-logo.png","width":349,"height":254,"caption":"Arias Assessors"},"image":{"@id":"https:\/\/www.ariasassessors.com\/#\/schema\/logo\/image\/"},"sameAs":["https:\/\/www.facebook.com\/ariasassessors\/","https:\/\/x.com\/ariasassessors","https:\/\/www.linkedin.com\/company\/r&amp;amp;r-growing-knowledge\/"]},{"@type":"Person","@id":"https:\/\/www.ariasassessors.com\/#\/schema\/person\/63c6ad1775f0a9413c37932562673cef","name":"btorras","image":{"@type":"ImageObject","inLanguage":"ca","@id":"https:\/\/www.ariasassessors.com\/#\/schema\/person\/image\/","url":"https:\/\/secure.gravatar.com\/avatar\/0531db351fc361fdbfd204c58fa2d6a3?s=96&d=mm&r=g","contentUrl":"https:\/\/secure.gravatar.com\/avatar\/0531db351fc361fdbfd204c58fa2d6a3?s=96&d=mm&r=g","caption":"btorras"}}]}},"_links":{"self":[{"href":"https:\/\/www.ariasassessors.com\/ca\/wp-json\/wp\/v2\/posts\/1523","targetHints":{"allow":["GET"]}}],"collection":[{"href":"https:\/\/www.ariasassessors.com\/ca\/wp-json\/wp\/v2\/posts"}],"about":[{"href":"https:\/\/www.ariasassessors.com\/ca\/wp-json\/wp\/v2\/types\/post"}],"author":[{"embeddable":true,"href":"https:\/\/www.ariasassessors.com\/ca\/wp-json\/wp\/v2\/users\/2"}],"replies":[{"embeddable":true,"href":"https:\/\/www.ariasassessors.com\/ca\/wp-json\/wp\/v2\/comments?post=1523"}],"version-history":[{"count":1,"href":"https:\/\/www.ariasassessors.com\/ca\/wp-json\/wp\/v2\/posts\/1523\/revisions"}],"predecessor-version":[{"id":1524,"href":"https:\/\/www.ariasassessors.com\/ca\/wp-json\/wp\/v2\/posts\/1523\/revisions\/1524"}],"wp:featuredmedia":[{"embeddable":true,"href":"https:\/\/www.ariasassessors.com\/ca\/wp-json\/wp\/v2\/media\/1507"}],"wp:attachment":[{"href":"https:\/\/www.ariasassessors.com\/ca\/wp-json\/wp\/v2\/media?parent=1523"}],"wp:term":[{"taxonomy":"category","embeddable":true,"href":"https:\/\/www.ariasassessors.com\/ca\/wp-json\/wp\/v2\/categories?post=1523"},{"taxonomy":"post_tag","embeddable":true,"href":"https:\/\/www.ariasassessors.com\/ca\/wp-json\/wp\/v2\/tags?post=1523"}],"curies":[{"name":"wp","href":"https:\/\/api.w.org\/{rel}","templated":true}]}}