{"id":1532,"date":"2021-06-30T12:22:07","date_gmt":"2021-06-30T10:22:07","guid":{"rendered":"https:\/\/www.ariasassessors.com\/nueva-ley-del-iva-en-espana-y-la-ue-en-2021-para-el-ecommerce\/"},"modified":"2021-06-30T12:32:47","modified_gmt":"2021-06-30T10:32:47","slug":"nueva-ley-del-iva-en-espana-y-la-ue-en-2021-para-el-ecommerce","status":"publish","type":"post","link":"https:\/\/www.ariasassessors.com\/ca\/nueva-ley-del-iva-en-espana-y-la-ue-en-2021-para-el-ecommerce\/","title":{"rendered":"Nueva ley del IVA en Espa\u00f1a y la UE en 2021 para el ecommerce"},"content":{"rendered":"<p>La Uni\u00f3n Europea (UE) est\u00e1 llevando a cabo cambios importantes en sus reglas del impuesto al valor a\u00f1adido (IVA), que entrar\u00e1n en vigencia el 1 de julio de 2021. Esto afectar\u00e1 a las empresas que venden entre pa\u00edses miembro de la UE (tambi\u00e9n conocidas como vendedores a distancia) y a las empresas que exportan bienes a compradores de la UE.<\/p>\n<p>Estos cambios tendr\u00e1n como resultado una simplificaci\u00f3n de los procedimientos y reducci\u00f3n del proceso administrativo, as\u00ed como posibles implicaciones m\u00e1s amplias referentes a la forma en que los comerciantes realizan negocios en la UE. La plataforma de comercio electr\u00f3nico <em>shopify<\/em> nos ofrece una descripci\u00f3n general de los cambios m\u00e1s importantes que se implementar\u00e1n y c\u00f3mo afectar\u00e1n a los comerciantes que venden a compradores en la UE:<\/p>\n<h5>Hay tres cambios principales que afectan el umbral del IVA, la tasa aplicable a los pedidos intracomunitarios y la declaraci\u00f3n de impuestos para las empresas de la UE:<\/h5>\n<ol>\n<li style=\"list-style-type: none;\">\n<ol>\n<li><strong>Fin de las normas sobre umbrales de venta a distancia.\u00a0<\/strong>En la actualidad, los comerciantes de la UE tienen que registrarse a efectos del IVA en otros pa\u00edses de la UE en cuanto alcanzan un determinado umbral espec\u00edfico del pa\u00eds. Por ejemplo, 100.000 euros para Alemania y 35.000 euros para Francia. El 1 de julio se eliminar\u00e1n estos umbrales de venta a distancia. Los vendedores transfronterizos deber\u00e1n aplicar el tipo de IVA del pa\u00eds de residencia del comprador desde su primera venta, a menos que se aplique el umbral para microempresas.<\/li>\n<li><strong>Nuevo umbral de la UE para las microempresas. <\/strong>Existe una nueva exenci\u00f3n para las microempresas establecidas en un pa\u00eds de la UE con ventas no superiores a 10.000 euros en cada uno de los dos \u00faltimos a\u00f1os. Los comerciantes que se acojan a esta exenci\u00f3n podr\u00e1n seguir aplicando el tipo de IVA local del pa\u00eds de la UE en el que se origina el env\u00edo para todos los pa\u00edses de la UE a los que env\u00eden, y seguir remitiendo a su autoridad fiscal local.<\/li>\n<li><strong>Sistema\u00a0de ventanilla \u00fanica.\u00a0<\/strong>Los comerciantes pueden ahora presentar una \u00fanica declaraci\u00f3n de IVA conocida como\u00a0sistema de ventanilla \u00fanica\u00a0(One-Stop Shop, OSS, por sus siglas en ingl\u00e9s)\u00a0que funciona para m\u00faltiples pa\u00edses de la UE, lo que no requiere un registro fiscal individual para cada uno de esos pa\u00edses. Los comerciantes pueden utilizar la declaraci\u00f3n de la ventanilla \u00fanica para presentar y remitir el IVA para cualquier pa\u00eds de la UE al que realicen env\u00edos, siempre que no sea su pa\u00eds de origen, o un suministro nacional en un pa\u00eds en el que tengan una ubicaci\u00f3n f\u00edsica o dispongan de existencias. Para estos pa\u00edses, los comerciantes deben seguir presentando una declaraci\u00f3n local.\u00a0La ventanilla \u00fanica simplifica el proceso de presentaci\u00f3n y les ahorra la molestia de registrarse en varios pa\u00edses. El comerciante debe presentar una declaraci\u00f3n electr\u00f3nica trimestral del IVA a trav\u00e9s de su portal de\u00a0ventanilla \u00fanica nacional y asegurarse de que conserva los registros de todas las ventas de\u00a0ventanilla \u00fanica\u00a0elegibles durante 10 a\u00f1os.<\/li>\n<\/ol>\n<\/li>\n<\/ol>\n","protected":false},"excerpt":{"rendered":"<p>La Uni\u00f3n Europea (UE) est\u00e1 llevando a cabo cambios importantes en sus reglas del impuesto al valor a\u00f1adido (IVA), que entrar\u00e1n en vigencia el 1 de julio de 2021. Esto afectar\u00e1 a las empresas que venden entre pa\u00edses miembro de la UE (tambi\u00e9n conocidas como&#8230;<\/p>\n","protected":false},"author":2,"featured_media":1534,"comment_status":"open","ping_status":"open","sticky":false,"template":"","format":"standard","meta":{"footnotes":""},"categories":[4],"tags":[],"class_list":["post-1532","post","type-post","status-publish","format-standard","has-post-thumbnail","hentry","category-noticies"],"yoast_head":"<!-- This site is optimized with the Yoast SEO plugin v24.3 - https:\/\/yoast.com\/wordpress\/plugins\/seo\/ -->\n<title>Nueva ley del IVA en Espa\u00f1a y la UE en 2021 para el ecommerce | Arias Assessors<\/title>\n<meta name=\"robots\" content=\"index, follow, max-snippet:-1, max-image-preview:large, max-video-preview:-1\" \/>\n<link rel=\"canonical\" href=\"https:\/\/www.ariasassessors.com\/ca\/nueva-ley-del-iva-en-espana-y-la-ue-en-2021-para-el-ecommerce\/\" \/>\n<meta property=\"og:locale\" content=\"ca_ES\" \/>\n<meta property=\"og:type\" content=\"article\" \/>\n<meta property=\"og:title\" content=\"Nueva ley del IVA en Espa\u00f1a y la UE en 2021 para el ecommerce | Arias Assessors\" \/>\n<meta property=\"og:description\" content=\"La Uni\u00f3n Europea (UE) est\u00e1 llevando a cabo cambios importantes en sus reglas del impuesto al valor a\u00f1adido (IVA), que entrar\u00e1n en vigencia el 1 de julio de 2021. Esto afectar\u00e1 a las empresas que venden entre pa\u00edses miembro de la UE (tambi\u00e9n conocidas como...\" \/>\n<meta property=\"og:url\" content=\"https:\/\/www.ariasassessors.com\/ca\/nueva-ley-del-iva-en-espana-y-la-ue-en-2021-para-el-ecommerce\/\" \/>\n<meta property=\"og:site_name\" content=\"Arias Assessors\" \/>\n<meta property=\"article:publisher\" content=\"https:\/\/www.facebook.com\/ariasassessors\/\" \/>\n<meta property=\"article:published_time\" content=\"2021-06-30T10:22:07+00:00\" \/>\n<meta property=\"article:modified_time\" content=\"2021-06-30T10:32:47+00:00\" \/>\n<meta property=\"og:image\" content=\"https:\/\/www.ariasassessors.com\/wp-content\/uploads\/2021\/06\/Arias_Blog_IMAGEN_DESTACADA.png\" \/>\n\t<meta property=\"og:image:width\" content=\"1920\" \/>\n\t<meta property=\"og:image:height\" content=\"1202\" \/>\n\t<meta property=\"og:image:type\" content=\"image\/png\" \/>\n<meta name=\"author\" content=\"btorras\" \/>\n<meta name=\"twitter:card\" content=\"summary_large_image\" \/>\n<meta name=\"twitter:creator\" content=\"@ariasassessors\" \/>\n<meta name=\"twitter:site\" content=\"@ariasassessors\" \/>\n<meta name=\"twitter:label1\" content=\"Escrit per\" \/>\n\t<meta name=\"twitter:data1\" content=\"btorras\" \/>\n\t<meta name=\"twitter:label2\" content=\"Temps estimat de lectura\" \/>\n\t<meta name=\"twitter:data2\" content=\"3 minuts\" \/>\n<script type=\"application\/ld+json\" class=\"yoast-schema-graph\">{\"@context\":\"https:\/\/schema.org\",\"@graph\":[{\"@type\":\"Article\",\"@id\":\"https:\/\/www.ariasassessors.com\/ca\/nueva-ley-del-iva-en-espana-y-la-ue-en-2021-para-el-ecommerce\/#article\",\"isPartOf\":{\"@id\":\"https:\/\/www.ariasassessors.com\/ca\/nueva-ley-del-iva-en-espana-y-la-ue-en-2021-para-el-ecommerce\/\"},\"author\":{\"name\":\"btorras\",\"@id\":\"https:\/\/www.ariasassessors.com\/#\/schema\/person\/63c6ad1775f0a9413c37932562673cef\"},\"headline\":\"Nueva ley del IVA en Espa\u00f1a y la UE en 2021 para el ecommerce\",\"datePublished\":\"2021-06-30T10:22:07+00:00\",\"dateModified\":\"2021-06-30T10:32:47+00:00\",\"mainEntityOfPage\":{\"@id\":\"https:\/\/www.ariasassessors.com\/ca\/nueva-ley-del-iva-en-espana-y-la-ue-en-2021-para-el-ecommerce\/\"},\"wordCount\":555,\"commentCount\":0,\"publisher\":{\"@id\":\"https:\/\/www.ariasassessors.com\/#organization\"},\"image\":{\"@id\":\"https:\/\/www.ariasassessors.com\/ca\/nueva-ley-del-iva-en-espana-y-la-ue-en-2021-para-el-ecommerce\/#primaryimage\"},\"thumbnailUrl\":\"https:\/\/www.ariasassessors.com\/wp-content\/uploads\/2021\/06\/Arias_Blog_IMAGEN_DESTACADA.png\",\"articleSection\":[\"noticies\"],\"inLanguage\":\"ca\",\"potentialAction\":[{\"@type\":\"CommentAction\",\"name\":\"Comment\",\"target\":[\"https:\/\/www.ariasassessors.com\/ca\/nueva-ley-del-iva-en-espana-y-la-ue-en-2021-para-el-ecommerce\/#respond\"]}]},{\"@type\":\"WebPage\",\"@id\":\"https:\/\/www.ariasassessors.com\/ca\/nueva-ley-del-iva-en-espana-y-la-ue-en-2021-para-el-ecommerce\/\",\"url\":\"https:\/\/www.ariasassessors.com\/ca\/nueva-ley-del-iva-en-espana-y-la-ue-en-2021-para-el-ecommerce\/\",\"name\":\"Nueva ley del IVA en Espa\u00f1a y la UE en 2021 para el ecommerce | Arias Assessors\",\"isPartOf\":{\"@id\":\"https:\/\/www.ariasassessors.com\/#website\"},\"primaryImageOfPage\":{\"@id\":\"https:\/\/www.ariasassessors.com\/ca\/nueva-ley-del-iva-en-espana-y-la-ue-en-2021-para-el-ecommerce\/#primaryimage\"},\"image\":{\"@id\":\"https:\/\/www.ariasassessors.com\/ca\/nueva-ley-del-iva-en-espana-y-la-ue-en-2021-para-el-ecommerce\/#primaryimage\"},\"thumbnailUrl\":\"https:\/\/www.ariasassessors.com\/wp-content\/uploads\/2021\/06\/Arias_Blog_IMAGEN_DESTACADA.png\",\"datePublished\":\"2021-06-30T10:22:07+00:00\",\"dateModified\":\"2021-06-30T10:32:47+00:00\",\"breadcrumb\":{\"@id\":\"https:\/\/www.ariasassessors.com\/ca\/nueva-ley-del-iva-en-espana-y-la-ue-en-2021-para-el-ecommerce\/#breadcrumb\"},\"inLanguage\":\"ca\",\"potentialAction\":[{\"@type\":\"ReadAction\",\"target\":[\"https:\/\/www.ariasassessors.com\/ca\/nueva-ley-del-iva-en-espana-y-la-ue-en-2021-para-el-ecommerce\/\"]}]},{\"@type\":\"ImageObject\",\"inLanguage\":\"ca\",\"@id\":\"https:\/\/www.ariasassessors.com\/ca\/nueva-ley-del-iva-en-espana-y-la-ue-en-2021-para-el-ecommerce\/#primaryimage\",\"url\":\"https:\/\/www.ariasassessors.com\/wp-content\/uploads\/2021\/06\/Arias_Blog_IMAGEN_DESTACADA.png\",\"contentUrl\":\"https:\/\/www.ariasassessors.com\/wp-content\/uploads\/2021\/06\/Arias_Blog_IMAGEN_DESTACADA.png\",\"width\":1920,\"height\":1202},{\"@type\":\"BreadcrumbList\",\"@id\":\"https:\/\/www.ariasassessors.com\/ca\/nueva-ley-del-iva-en-espana-y-la-ue-en-2021-para-el-ecommerce\/#breadcrumb\",\"itemListElement\":[{\"@type\":\"ListItem\",\"position\":1,\"name\":\"Portada\",\"item\":\"https:\/\/www.ariasassessors.com\/ca\/\"},{\"@type\":\"ListItem\",\"position\":2,\"name\":\"Nueva ley del IVA en Espa\u00f1a y la UE en 2021 para el ecommerce\"}]},{\"@type\":\"WebSite\",\"@id\":\"https:\/\/www.ariasassessors.com\/#website\",\"url\":\"https:\/\/www.ariasassessors.com\/\",\"name\":\"Arias Assessors\",\"description\":\"Asesor\u00eda para aut\u00f3nomos, profesionales y PYMES\",\"publisher\":{\"@id\":\"https:\/\/www.ariasassessors.com\/#organization\"},\"potentialAction\":[{\"@type\":\"SearchAction\",\"target\":{\"@type\":\"EntryPoint\",\"urlTemplate\":\"https:\/\/www.ariasassessors.com\/?s={search_term_string}\"},\"query-input\":{\"@type\":\"PropertyValueSpecification\",\"valueRequired\":true,\"valueName\":\"search_term_string\"}}],\"inLanguage\":\"ca\"},{\"@type\":\"Organization\",\"@id\":\"https:\/\/www.ariasassessors.com\/#organization\",\"name\":\"Arias Assessors\",\"url\":\"https:\/\/www.ariasassessors.com\/\",\"logo\":{\"@type\":\"ImageObject\",\"inLanguage\":\"ca\",\"@id\":\"https:\/\/www.ariasassessors.com\/#\/schema\/logo\/image\/\",\"url\":\"https:\/\/www.ariasassessors.com\/wp-content\/uploads\/2019\/01\/arias-logo.png\",\"contentUrl\":\"https:\/\/www.ariasassessors.com\/wp-content\/uploads\/2019\/01\/arias-logo.png\",\"width\":349,\"height\":254,\"caption\":\"Arias Assessors\"},\"image\":{\"@id\":\"https:\/\/www.ariasassessors.com\/#\/schema\/logo\/image\/\"},\"sameAs\":[\"https:\/\/www.facebook.com\/ariasassessors\/\",\"https:\/\/x.com\/ariasassessors\",\"https:\/\/www.linkedin.com\/company\/r&amp;amp;r-growing-knowledge\/\"]},{\"@type\":\"Person\",\"@id\":\"https:\/\/www.ariasassessors.com\/#\/schema\/person\/63c6ad1775f0a9413c37932562673cef\",\"name\":\"btorras\",\"image\":{\"@type\":\"ImageObject\",\"inLanguage\":\"ca\",\"@id\":\"https:\/\/www.ariasassessors.com\/#\/schema\/person\/image\/\",\"url\":\"https:\/\/secure.gravatar.com\/avatar\/0531db351fc361fdbfd204c58fa2d6a3?s=96&d=mm&r=g\",\"contentUrl\":\"https:\/\/secure.gravatar.com\/avatar\/0531db351fc361fdbfd204c58fa2d6a3?s=96&d=mm&r=g\",\"caption\":\"btorras\"}}]}<\/script>\n<!-- \/ Yoast SEO plugin. -->","yoast_head_json":{"title":"Nueva ley del IVA en Espa\u00f1a y la UE en 2021 para el ecommerce | Arias Assessors","robots":{"index":"index","follow":"follow","max-snippet":"max-snippet:-1","max-image-preview":"max-image-preview:large","max-video-preview":"max-video-preview:-1"},"canonical":"https:\/\/www.ariasassessors.com\/ca\/nueva-ley-del-iva-en-espana-y-la-ue-en-2021-para-el-ecommerce\/","og_locale":"ca_ES","og_type":"article","og_title":"Nueva ley del IVA en Espa\u00f1a y la UE en 2021 para el ecommerce | Arias Assessors","og_description":"La Uni\u00f3n Europea (UE) est\u00e1 llevando a cabo cambios importantes en sus reglas del impuesto al valor a\u00f1adido (IVA), que entrar\u00e1n en vigencia el 1 de julio de 2021. Esto afectar\u00e1 a las empresas que venden entre pa\u00edses miembro de la UE (tambi\u00e9n conocidas como...","og_url":"https:\/\/www.ariasassessors.com\/ca\/nueva-ley-del-iva-en-espana-y-la-ue-en-2021-para-el-ecommerce\/","og_site_name":"Arias Assessors","article_publisher":"https:\/\/www.facebook.com\/ariasassessors\/","article_published_time":"2021-06-30T10:22:07+00:00","article_modified_time":"2021-06-30T10:32:47+00:00","og_image":[{"width":1920,"height":1202,"url":"https:\/\/www.ariasassessors.com\/wp-content\/uploads\/2021\/06\/Arias_Blog_IMAGEN_DESTACADA.png","type":"image\/png"}],"author":"btorras","twitter_card":"summary_large_image","twitter_creator":"@ariasassessors","twitter_site":"@ariasassessors","twitter_misc":{"Escrit per":"btorras","Temps estimat de lectura":"3 minuts"},"schema":{"@context":"https:\/\/schema.org","@graph":[{"@type":"Article","@id":"https:\/\/www.ariasassessors.com\/ca\/nueva-ley-del-iva-en-espana-y-la-ue-en-2021-para-el-ecommerce\/#article","isPartOf":{"@id":"https:\/\/www.ariasassessors.com\/ca\/nueva-ley-del-iva-en-espana-y-la-ue-en-2021-para-el-ecommerce\/"},"author":{"name":"btorras","@id":"https:\/\/www.ariasassessors.com\/#\/schema\/person\/63c6ad1775f0a9413c37932562673cef"},"headline":"Nueva ley del IVA en Espa\u00f1a y la UE en 2021 para el ecommerce","datePublished":"2021-06-30T10:22:07+00:00","dateModified":"2021-06-30T10:32:47+00:00","mainEntityOfPage":{"@id":"https:\/\/www.ariasassessors.com\/ca\/nueva-ley-del-iva-en-espana-y-la-ue-en-2021-para-el-ecommerce\/"},"wordCount":555,"commentCount":0,"publisher":{"@id":"https:\/\/www.ariasassessors.com\/#organization"},"image":{"@id":"https:\/\/www.ariasassessors.com\/ca\/nueva-ley-del-iva-en-espana-y-la-ue-en-2021-para-el-ecommerce\/#primaryimage"},"thumbnailUrl":"https:\/\/www.ariasassessors.com\/wp-content\/uploads\/2021\/06\/Arias_Blog_IMAGEN_DESTACADA.png","articleSection":["noticies"],"inLanguage":"ca","potentialAction":[{"@type":"CommentAction","name":"Comment","target":["https:\/\/www.ariasassessors.com\/ca\/nueva-ley-del-iva-en-espana-y-la-ue-en-2021-para-el-ecommerce\/#respond"]}]},{"@type":"WebPage","@id":"https:\/\/www.ariasassessors.com\/ca\/nueva-ley-del-iva-en-espana-y-la-ue-en-2021-para-el-ecommerce\/","url":"https:\/\/www.ariasassessors.com\/ca\/nueva-ley-del-iva-en-espana-y-la-ue-en-2021-para-el-ecommerce\/","name":"Nueva ley del IVA en Espa\u00f1a y la UE en 2021 para el ecommerce | Arias Assessors","isPartOf":{"@id":"https:\/\/www.ariasassessors.com\/#website"},"primaryImageOfPage":{"@id":"https:\/\/www.ariasassessors.com\/ca\/nueva-ley-del-iva-en-espana-y-la-ue-en-2021-para-el-ecommerce\/#primaryimage"},"image":{"@id":"https:\/\/www.ariasassessors.com\/ca\/nueva-ley-del-iva-en-espana-y-la-ue-en-2021-para-el-ecommerce\/#primaryimage"},"thumbnailUrl":"https:\/\/www.ariasassessors.com\/wp-content\/uploads\/2021\/06\/Arias_Blog_IMAGEN_DESTACADA.png","datePublished":"2021-06-30T10:22:07+00:00","dateModified":"2021-06-30T10:32:47+00:00","breadcrumb":{"@id":"https:\/\/www.ariasassessors.com\/ca\/nueva-ley-del-iva-en-espana-y-la-ue-en-2021-para-el-ecommerce\/#breadcrumb"},"inLanguage":"ca","potentialAction":[{"@type":"ReadAction","target":["https:\/\/www.ariasassessors.com\/ca\/nueva-ley-del-iva-en-espana-y-la-ue-en-2021-para-el-ecommerce\/"]}]},{"@type":"ImageObject","inLanguage":"ca","@id":"https:\/\/www.ariasassessors.com\/ca\/nueva-ley-del-iva-en-espana-y-la-ue-en-2021-para-el-ecommerce\/#primaryimage","url":"https:\/\/www.ariasassessors.com\/wp-content\/uploads\/2021\/06\/Arias_Blog_IMAGEN_DESTACADA.png","contentUrl":"https:\/\/www.ariasassessors.com\/wp-content\/uploads\/2021\/06\/Arias_Blog_IMAGEN_DESTACADA.png","width":1920,"height":1202},{"@type":"BreadcrumbList","@id":"https:\/\/www.ariasassessors.com\/ca\/nueva-ley-del-iva-en-espana-y-la-ue-en-2021-para-el-ecommerce\/#breadcrumb","itemListElement":[{"@type":"ListItem","position":1,"name":"Portada","item":"https:\/\/www.ariasassessors.com\/ca\/"},{"@type":"ListItem","position":2,"name":"Nueva ley del IVA en Espa\u00f1a y la UE en 2021 para el ecommerce"}]},{"@type":"WebSite","@id":"https:\/\/www.ariasassessors.com\/#website","url":"https:\/\/www.ariasassessors.com\/","name":"Arias Assessors","description":"Asesor\u00eda para aut\u00f3nomos, profesionales y PYMES","publisher":{"@id":"https:\/\/www.ariasassessors.com\/#organization"},"potentialAction":[{"@type":"SearchAction","target":{"@type":"EntryPoint","urlTemplate":"https:\/\/www.ariasassessors.com\/?s={search_term_string}"},"query-input":{"@type":"PropertyValueSpecification","valueRequired":true,"valueName":"search_term_string"}}],"inLanguage":"ca"},{"@type":"Organization","@id":"https:\/\/www.ariasassessors.com\/#organization","name":"Arias Assessors","url":"https:\/\/www.ariasassessors.com\/","logo":{"@type":"ImageObject","inLanguage":"ca","@id":"https:\/\/www.ariasassessors.com\/#\/schema\/logo\/image\/","url":"https:\/\/www.ariasassessors.com\/wp-content\/uploads\/2019\/01\/arias-logo.png","contentUrl":"https:\/\/www.ariasassessors.com\/wp-content\/uploads\/2019\/01\/arias-logo.png","width":349,"height":254,"caption":"Arias Assessors"},"image":{"@id":"https:\/\/www.ariasassessors.com\/#\/schema\/logo\/image\/"},"sameAs":["https:\/\/www.facebook.com\/ariasassessors\/","https:\/\/x.com\/ariasassessors","https:\/\/www.linkedin.com\/company\/r&amp;amp;r-growing-knowledge\/"]},{"@type":"Person","@id":"https:\/\/www.ariasassessors.com\/#\/schema\/person\/63c6ad1775f0a9413c37932562673cef","name":"btorras","image":{"@type":"ImageObject","inLanguage":"ca","@id":"https:\/\/www.ariasassessors.com\/#\/schema\/person\/image\/","url":"https:\/\/secure.gravatar.com\/avatar\/0531db351fc361fdbfd204c58fa2d6a3?s=96&d=mm&r=g","contentUrl":"https:\/\/secure.gravatar.com\/avatar\/0531db351fc361fdbfd204c58fa2d6a3?s=96&d=mm&r=g","caption":"btorras"}}]}},"_links":{"self":[{"href":"https:\/\/www.ariasassessors.com\/ca\/wp-json\/wp\/v2\/posts\/1532","targetHints":{"allow":["GET"]}}],"collection":[{"href":"https:\/\/www.ariasassessors.com\/ca\/wp-json\/wp\/v2\/posts"}],"about":[{"href":"https:\/\/www.ariasassessors.com\/ca\/wp-json\/wp\/v2\/types\/post"}],"author":[{"embeddable":true,"href":"https:\/\/www.ariasassessors.com\/ca\/wp-json\/wp\/v2\/users\/2"}],"replies":[{"embeddable":true,"href":"https:\/\/www.ariasassessors.com\/ca\/wp-json\/wp\/v2\/comments?post=1532"}],"version-history":[{"count":3,"href":"https:\/\/www.ariasassessors.com\/ca\/wp-json\/wp\/v2\/posts\/1532\/revisions"}],"predecessor-version":[{"id":1539,"href":"https:\/\/www.ariasassessors.com\/ca\/wp-json\/wp\/v2\/posts\/1532\/revisions\/1539"}],"wp:featuredmedia":[{"embeddable":true,"href":"https:\/\/www.ariasassessors.com\/ca\/wp-json\/wp\/v2\/media\/1534"}],"wp:attachment":[{"href":"https:\/\/www.ariasassessors.com\/ca\/wp-json\/wp\/v2\/media?parent=1532"}],"wp:term":[{"taxonomy":"category","embeddable":true,"href":"https:\/\/www.ariasassessors.com\/ca\/wp-json\/wp\/v2\/categories?post=1532"},{"taxonomy":"post_tag","embeddable":true,"href":"https:\/\/www.ariasassessors.com\/ca\/wp-json\/wp\/v2\/tags?post=1532"}],"curies":[{"name":"wp","href":"https:\/\/api.w.org\/{rel}","templated":true}]}}