{"id":1599,"date":"2021-09-08T12:05:31","date_gmt":"2021-09-08T10:05:31","guid":{"rendered":"https:\/\/www.ariasassessors.com\/los-autonomos-que-cotizan-como-socios-de-una-sociedad-autonomos-societarios-no-pueden-acceder-a-la-jubilacion-activa-compatibilizando-pension-de-jubilacion-y-trabajo\/"},"modified":"2021-09-08T12:06:48","modified_gmt":"2021-09-08T10:06:48","slug":"los-autonomos-que-cotizan-como-socios-de-una-sociedad-autonomos-societarios-no-pueden-acceder-a-la-jubilacion-activa-compatibilizando-pension-de-jubilacion-y-trabajo","status":"publish","type":"post","link":"https:\/\/www.ariasassessors.com\/ca\/los-autonomos-que-cotizan-como-socios-de-una-sociedad-autonomos-societarios-no-pueden-acceder-a-la-jubilacion-activa-compatibilizando-pension-de-jubilacion-y-trabajo\/","title":{"rendered":"LOS AUTONOMOS QUE COTIZAN COMO SOCIOS DE UNA SOCIEDAD (\u201cAUT\u00d3NOMOS SOCIETARIOS\u201d) NO PUEDEN ACCEDER A LA JUBILACI\u00d3N ACTIVA COMPATIBILIZANDO PENSI\u00d3N DE JUBILACI\u00d3N Y TRABAJO"},"content":{"rendered":"<p style=\"background: white; margin: 0cm 0cm 7.5pt 0cm;\"><span style=\"font-size: 11.5pt; font-family: 'Arial',sans-serif; color: #555555;\">Seg\u00fan la\u00a0<strong><span style=\"font-family: 'Arial',sans-serif;\">STS n.\u00ba\u00a0842\/2021, de\u00a023 de julio de 2021, ECLI:ES:TS:2021:3264<\/span><\/strong>,\u00a0la compatibilidad plena de la pensi\u00f3n de jubilaci\u00f3n en la cuant\u00eda del 100% con la actividad por cuenta propia constituye una excepci\u00f3n a la regla general de\u00a0<a href=\"https:\/\/www.iberley.es\/temas\/compatibilidad-entre-pension-jubilacion-trabajo-10221\" target=\"_blank\" rel=\"noopener\"><span style=\"color: #2f83e0;\">incompatibilidad del disfrute de la pensi\u00f3n de jubilaci\u00f3n con el trabajo del pensionista<\/span><\/a>\u00a0(art.\u00a0<a href=\"https:\/\/www.iberley.es\/legislacion\/rdleg-8-2015-30-oct-tr-ley-general-seguridad-social-lgss-23990341?ancla=9297711#ancla_9297711\" target=\"_blank\" rel=\"noopener\"><span style=\"color: #2f83e0;\">213.1<\/span><\/a>\u00a0de la\u00a0<a href=\"https:\/\/www.iberley.es\/legislacion\/rdleg-8-2015-30-oct-tr-ley-general-seguridad-social-lgss-23990341\" target=\"_blank\" rel=\"noopener\"><span style=\"color: #2f83e0;\">LGSS<\/span><\/a>), lo que impide que pueda interpretarse extensivamente.<\/span><\/p>\n<p style=\"background: white; box-sizing: border-box; font-variant-ligatures: normal; font-variant-caps: normal; orphans: 2; text-align: start; widows: 2; -webkit-text-stroke-width: 0px; text-decoration-thickness: initial; text-decoration-style: initial; text-decoration-color: initial; word-spacing: 0px; margin: 0cm 0cm 7.5pt 0cm;\"><span style=\"font-size: 11.5pt; font-family: 'Arial',sans-serif; color: #555555;\">La\u00a0<a href=\"https:\/\/www.iberley.es\/temas\/continuidad-actividad-cumplimiento-edad-jubilacion-trabajador-autonomo-14021\" target=\"_blank\" rel=\"noopener\"><span style=\"color: #2f83e0;\">jubilaci\u00f3n activa<\/span><\/a>\u00a0no puede disociarse de la normativa que regula el acceso a la compatibilizaci\u00f3n del 100% de la pensi\u00f3n de jubilaci\u00f3n, prevista exclusivamente para actividades por cuenta propia, que aseguren, el mantenimiento o la creaci\u00f3n de empleo en los t\u00e9rminos ya expuestos.<\/span><\/p>\n<p style=\"background: white; box-sizing: border-box; font-variant-ligatures: normal; font-variant-caps: normal; orphans: 2; text-align: start; widows: 2; -webkit-text-stroke-width: 0px; text-decoration-thickness: initial; text-decoration-style: initial; text-decoration-color: initial; word-spacing: 0px; margin: 0cm 0cm 7.5pt 0cm;\"><span style=\"font-size: 11.5pt; font-family: 'Arial',sans-serif; color: #555555;\">Para la Sala IV del TS, los aut\u00f3nomos societarios no causan derecho a la compatibilizaci\u00f3n del 100% de trabajo y pensi\u00f3n de jubilaci\u00f3n porque no trabajan por cuenta propia, aunque controlen la mercantil, ni contratan al personal de la sociedad.<\/span><\/p>\n<div id=\"ez-toc-container\" class=\"ez-toc-v2_0_72 counter-hierarchy ez-toc-counter ez-toc-grey ez-toc-container-direction\">\n<div class=\"ez-toc-title-container\">\n<p class=\"ez-toc-title\" style=\"cursor:inherit\">\u00cdndice de Contenidos<\/p>\n<span class=\"ez-toc-title-toggle\"><a href=\"#\" class=\"ez-toc-pull-right ez-toc-btn ez-toc-btn-xs ez-toc-btn-default ez-toc-toggle\" aria-label=\"Toggle Table of Content\"><span class=\"ez-toc-js-icon-con\"><span class=\"\"><span class=\"eztoc-hide\" style=\"display:none;\">Toggle<\/span><span class=\"ez-toc-icon-toggle-span\"><svg style=\"fill: #428bca;color:#428bca\" xmlns=\"http:\/\/www.w3.org\/2000\/svg\" class=\"list-377408\" width=\"20px\" height=\"20px\" viewBox=\"0 0 24 24\" fill=\"none\"><path d=\"M6 6H4v2h2V6zm14 0H8v2h12V6zM4 11h2v2H4v-2zm16 0H8v2h12v-2zM4 16h2v2H4v-2zm16 0H8v2h12v-2z\" fill=\"currentColor\"><\/path><\/svg><svg style=\"fill: #428bca;color:#428bca\" class=\"arrow-unsorted-368013\" xmlns=\"http:\/\/www.w3.org\/2000\/svg\" width=\"10px\" height=\"10px\" viewBox=\"0 0 24 24\" version=\"1.2\" baseProfile=\"tiny\"><path d=\"M18.2 9.3l-6.2-6.3-6.2 6.3c-.2.2-.3.4-.3.7s.1.5.3.7c.2.2.4.3.7.3h11c.3 0 .5-.1.7-.3.2-.2.3-.5.3-.7s-.1-.5-.3-.7zM5.8 14.7l6.2 6.3 6.2-6.3c.2-.2.3-.5.3-.7s-.1-.5-.3-.7c-.2-.2-.4-.3-.7-.3h-11c-.3 0-.5.1-.7.3-.2.2-.3.5-.3.7s.1.5.3.7z\"\/><\/svg><\/span><\/span><\/span><\/a><\/span><\/div>\n<nav><ul class='ez-toc-list ez-toc-list-level-1 eztoc-toggle-hide-by-default' ><li class='ez-toc-page-1 ez-toc-heading-level-4'><a class=\"ez-toc-link ez-toc-heading-1\" href=\"https:\/\/www.ariasassessors.com\/ca\/los-autonomos-que-cotizan-como-socios-de-una-sociedad-autonomos-societarios-no-pueden-acceder-a-la-jubilacion-activa-compatibilizando-pension-de-jubilacion-y-trabajo\/#Diferencia_entre_autonomo_clasico_y_societario_a_efectos_de_jubilacion\" title=\"Diferencia entre aut\u00f3nomo cl\u00e1sico y societario a efectos de jubilaci\u00f3n\">Diferencia entre aut\u00f3nomo cl\u00e1sico y societario a efectos de jubilaci\u00f3n<\/a><\/li><li class='ez-toc-page-1 ez-toc-heading-level-4'><a class=\"ez-toc-link ez-toc-heading-2\" href=\"https:\/\/www.ariasassessors.com\/ca\/los-autonomos-que-cotizan-como-socios-de-una-sociedad-autonomos-societarios-no-pueden-acceder-a-la-jubilacion-activa-compatibilizando-pension-de-jubilacion-y-trabajo\/#Si_el_empleador_es_una_persona_juridica_la_jubilacion_de_su_administrador_o_consejero_no_afecta_directamente_a_los_contratos\" title=\"Si el empleador es una persona jur\u00eddica, la jubilaci\u00f3n de su administrador o consejero, no\u00a0afecta directamente a los contratos\">Si el empleador es una persona jur\u00eddica, la jubilaci\u00f3n de su administrador o consejero, no\u00a0afecta directamente a los contratos<\/a><\/li><li class='ez-toc-page-1 ez-toc-heading-level-4'><a class=\"ez-toc-link ez-toc-heading-3\" href=\"https:\/\/www.ariasassessors.com\/ca\/los-autonomos-que-cotizan-como-socios-de-una-sociedad-autonomos-societarios-no-pueden-acceder-a-la-jubilacion-activa-compatibilizando-pension-de-jubilacion-y-trabajo\/#Dos_sentencias_del_TS_en_el_mismo_sentido\" title=\"Dos sentencias del TS en el mismo sentido\">Dos sentencias del TS en el mismo sentido<\/a><\/li><\/ul><\/nav><\/div>\n<h4 style=\"background: white; box-sizing: border-box; font-variant-ligatures: normal; font-variant-caps: normal; orphans: 2; text-align: start; widows: 2; -webkit-text-stroke-width: 0px; text-decoration-thickness: initial; text-decoration-style: initial; text-decoration-color: initial; word-spacing: 0px; margin: 0cm 0cm 7.5pt 0cm;\"><span class=\"ez-toc-section\" id=\"Diferencia_entre_autonomo_clasico_y_societario_a_efectos_de_jubilacion\"><\/span><strong><span style=\"font-size: 11.5pt; font-family: 'Arial',sans-serif; color: #555555;\">Diferencia entre aut\u00f3nomo cl\u00e1sico y societario a efectos de jubilaci\u00f3n<\/span><\/strong><span class=\"ez-toc-section-end\"><\/span><\/h4>\n<p style=\"background: white; box-sizing: border-box; font-variant-ligatures: normal; font-variant-caps: normal; orphans: 2; text-align: start; widows: 2; -webkit-text-stroke-width: 0px; text-decoration-thickness: initial; text-decoration-style: initial; text-decoration-color: initial; word-spacing: 0px; margin: 0cm 0cm 7.5pt 0cm;\"><span style=\"font-size: 11.5pt; font-family: 'Arial',sans-serif; color: #555555;\">Los arts.\u00a0<a href=\"https:\/\/www.iberley.es\/legislacion\/estatuto-trabajo-autonomo-ley-20-2007-11-jul-4695550?ancla=50848#ancla_50848\" target=\"_blank\" rel=\"noopener\"><span style=\"color: #2f83e0;\">1.1<\/span><\/a>\u00a0y\u00a0<a href=\"https:\/\/www.iberley.es\/legislacion\/estatuto-trabajo-autonomo-ley-20-2007-11-jul-4695550?ancla=50849#ancla_50849\" target=\"_blank\" rel=\"noopener\"><span style=\"color: #2f83e0;\">2.2<\/span><\/a>.c) de la\u00a0<a href=\"https:\/\/www.iberley.es\/legislacion\/estatuto-trabajo-autonomo-ley-20-2007-11-jul-4695550\" target=\"_blank\" rel=\"noopener\"><span style=\"color: #2f83e0;\">Ley 20\/2007, de 11 de julio<\/span><\/a>, del\u00a0<a href=\"https:\/\/www.iberley.es\/legislacion\/estatuto-trabajo-autonomo-ley-20-2007-11-jul-4695550\" target=\"_blank\" rel=\"noopener\"><span style=\"color: #2f83e0;\">Estatuto del Trabajador Aut\u00f3nomo<\/span><\/a>, as\u00ed como el art. 305.2.b) de la\u00a0<a href=\"https:\/\/www.iberley.es\/legislacion\/rdleg-8-2015-30-oct-tr-ley-general-seguridad-social-lgss-23990341\" target=\"_blank\" rel=\"noopener\"><span style=\"color: #2f83e0;\">LGSS<\/span><\/a>, que regulan el \u00e1mbito del trabajo aut\u00f3nomo, as\u00ed como su inclusi\u00f3n en el R\u00e9gimen Especial de la Seguridad Social de los Trabajadores Aut\u00f3nomos, distinguen claramente entre la regla general, que caracteriza al &#8220;aut\u00f3nomo cl\u00e1sico&#8221; e incluye a las personas f\u00edsicas, mayores de edad, que realicen de forma habitual, personal y directa, por cuenta propia y fuera del \u00e1mbito de direcci\u00f3n y organizaci\u00f3n de otra persona, una actividad profesional a t\u00edtulo lucrativo, den o no ocupaci\u00f3n a otros trabajadores, de las dem\u00e1s modalidades del trabajo aut\u00f3nomo, que se han ido integrando en el RETA a lo largo del tiempo.<\/span><\/p>\n<p style=\"background: white; box-sizing: border-box; font-variant-ligatures: normal; font-variant-caps: normal; orphans: 2; text-align: start; widows: 2; -webkit-text-stroke-width: 0px; text-decoration-thickness: initial; text-decoration-style: initial; text-decoration-color: initial; word-spacing: 0px; margin: 0cm 0cm 7.5pt 0cm;\"><span style=\"font-size: 11.5pt; font-family: 'Arial',sans-serif; color: #555555;\">De esta forma, se considera como trabajadores aut\u00f3nomos a quienes ejerzan las funciones de direcci\u00f3n y gerencia propias del cargo de consejero o administrador, o presten otros servicios a t\u00edtulo lucrativo y de forma habitual, personal y directa para una sociedad de capital, siempre que tengan el control efectivo de \u00e9sta, ya sea directo o indirecto.<\/span><\/p>\n<p style=\"background: white; box-sizing: border-box; font-variant-ligatures: normal; font-variant-caps: normal; orphans: 2; text-align: start; widows: 2; -webkit-text-stroke-width: 0px; text-decoration-thickness: initial; text-decoration-style: initial; text-decoration-color: initial; word-spacing: 0px; margin: 0cm 0cm 7.5pt 0cm;\"><span style=\"font-size: 11.5pt; font-family: 'Arial',sans-serif; color: #555555;\">Para el TS,<em><span style=\"font-family: 'Arial',sans-serif;\">\u00a0\u00abLa diferencia entre ambos tipos de aut\u00f3nomos es patente\u00bb<\/span><\/em>, toda vez que el aut\u00f3nomo cl\u00e1sico realiza su actividad profesional o econ\u00f3mica de forma habitual personal y directa por su propia cuenta, asumiendo, por tanto, el riesgo y ventura en el devenir de su negocio. Por el contrario, el aut\u00f3nomo societario realiza tambi\u00e9n funciones de direcci\u00f3n o gerencia propios del cargo de consejero o administrador u otros servicios, a t\u00edtulo\u00a0lucrativo, de forma personal, habitual y directa, pero no lo hace por cuenta propia, sino para la sociedad de capital, que es quien corre exclusivamente con los riesgos del negocio, como se expresa literalmente en los preceptos examinados.<\/span><\/p>\n<p style=\"background: white; box-sizing: border-box; font-variant-ligatures: normal; font-variant-caps: normal; orphans: 2; text-align: start; widows: 2; -webkit-text-stroke-width: 0px; text-decoration-thickness: initial; text-decoration-style: initial; text-decoration-color: initial; word-spacing: 0px; margin: 0cm 0cm 7.5pt 0cm;\"><span style=\"font-size: 11.5pt; font-family: 'Arial',sans-serif; color: #555555;\">Es cierto que, el presupuesto necesario, para que estas actividades se incluyan en el \u00e1mbito del trabajo aut\u00f3nomo, as\u00ed como su integraci\u00f3n en el RETA, es el control efectivo, directo o indirecto de la sociedad, pero dicha circunstancia activa su inclusi\u00f3n en el RETA, descartando, por tanto, su inclusi\u00f3n en el R\u00e9gimen General, pero no comporta, de ning\u00fan modo, que dichas actividades se realicen por cuenta propia, puesto que, tanto el art. 2.2.c\u00a0<a href=\"https:\/\/www.iberley.es\/legislacion\/estatuto-trabajo-autonomo-ley-20-2007-11-jul-4695550\" target=\"_blank\" rel=\"noopener\"><span style=\"color: #2f83e0;\">LETA<\/span><\/a>, como el art. 305.2.2.b) de la\u00a0<a href=\"https:\/\/www.iberley.es\/legislacion\/rdleg-8-2015-30-oct-tr-ley-general-seguridad-social-lgss-23990341\" target=\"_blank\" rel=\"noopener\"><span style=\"color: #2f83e0;\">LGSS<\/span><\/a>\u00a0dejan perfectamente claro que las actividades, realizadas por el\u00a0 aut\u00f3nomo societario, se desempe\u00f1an para la sociedad.<\/span><\/p>\n<p style=\"background: white; box-sizing: border-box; font-variant-ligatures: normal; font-variant-caps: normal; orphans: 2; text-align: start; widows: 2; -webkit-text-stroke-width: 0px; text-decoration-thickness: initial; text-decoration-style: initial; text-decoration-color: initial; word-spacing: 0px; margin: 0cm 0cm 7.5pt 0cm;\"><span style=\"font-size: 11.5pt; font-family: 'Arial',sans-serif; color: #555555;\">Por consiguiente, el aut\u00f3nomo cl\u00e1sico, al trabajar por &#8220;cuenta propia&#8221;, asume con su patrimonio personal todas las deudas de su negocio, incluidos salarios y cotizaciones de la Seguridad Social, respondiendo con sus bienes presentes y futuros (art. 1.111\u00a0<a href=\"https:\/\/www.iberley.es\/legislacion\/real-decreto-24-julio-1889-publica-codigo-civil-7499513\" target=\"_blank\" rel=\"noopener\"><span style=\"color: #2f83e0;\">CC<\/span><\/a>). De este modo, la prolongaci\u00f3n de su vida activa, con la correspondiente compatibilidad del 100% de su pensi\u00f3n de jubilaci\u00f3n, comporta asumir un riesgo empresarial que, al contratar o mantener, al menos, a un trabajador, justifica plenamente dicha compatibilidad, puesto que equilibra el gasto del 100% de la pensi\u00f3n de jubilaci\u00f3n con la creaci\u00f3n o el mantenimiento de un contrato por lo menos.<\/span><\/p>\n<h4 style=\"background: white; box-sizing: border-box; font-variant-ligatures: normal; font-variant-caps: normal; orphans: 2; text-align: start; widows: 2; -webkit-text-stroke-width: 0px; text-decoration-thickness: initial; text-decoration-style: initial; text-decoration-color: initial; word-spacing: 0px; margin: 0cm 0cm 7.5pt 0cm;\"><span class=\"ez-toc-section\" id=\"Si_el_empleador_es_una_persona_juridica_la_jubilacion_de_su_administrador_o_consejero_no_afecta_directamente_a_los_contratos\"><\/span><strong><span style=\"font-size: 11.5pt; font-family: 'Arial',sans-serif; color: #555555;\">Si el empleador es una persona jur\u00eddica, la jubilaci\u00f3n de su administrador o consejero, no\u00a0afecta directamente a los contratos<\/span><\/strong><span class=\"ez-toc-section-end\"><\/span><\/h4>\n<p style=\"background: white; box-sizing: border-box; font-variant-ligatures: normal; font-variant-caps: normal; orphans: 2; text-align: start; widows: 2; -webkit-text-stroke-width: 0px; text-decoration-thickness: initial; text-decoration-style: initial; text-decoration-color: initial; word-spacing: 0px; margin: 0cm 0cm 7.5pt 0cm;\"><span style=\"font-size: 11.5pt; font-family: 'Arial',sans-serif; color: #555555;\">El TS recuerda que\u00a0si el empleador es una persona jur\u00eddica, la jubilaci\u00f3n de su administrador o consejero, no\u00a0afecta directamente a los contratos, porque el empleador no es el jubilado.\u00a0<\/span><\/p>\n<h4 style=\"background: white; box-sizing: border-box; font-variant-ligatures: normal; font-variant-caps: normal; orphans: 2; text-align: start; widows: 2; -webkit-text-stroke-width: 0px; text-decoration-thickness: initial; text-decoration-style: initial; text-decoration-color: initial; word-spacing: 0px; margin: 0cm 0cm 7.5pt 0cm;\"><span class=\"ez-toc-section\" id=\"Dos_sentencias_del_TS_en_el_mismo_sentido\"><\/span><strong><span style=\"font-size: 11.5pt; font-family: 'Arial',sans-serif; color: #555555;\">Dos sentencias del TS en el mismo sentido<\/span><\/strong><span class=\"ez-toc-section-end\"><\/span><\/h4>\n<p style=\"background: white; box-sizing: border-box; font-variant-ligatures: normal; font-variant-caps: normal; orphans: 2; text-align: start; widows: 2; -webkit-text-stroke-width: 0px; text-decoration-thickness: initial; text-decoration-style: initial; text-decoration-color: initial; word-spacing: 0px; margin: 0cm 0cm 7.5pt 0cm;\"><span style=\"font-size: 11.5pt; font-family: 'Arial',sans-serif; color: #555555;\">El fallo citado se une a la\u00a0<a href=\"https:\/\/www.iberley.es\/jurisprudencia\/sentencia-social-n-846-2021-ts-sala-social-sec-1-rec-1515-2020-23-07-2021-48369946\" target=\"_blank\" rel=\"noopener\"><span style=\"color: #2f83e0;\">STS n.\u00ba 846\/2021, de 23 de julio de 2021,\u00a0<\/span><\/a><a href=\"https:\/\/www.iberley.es\/jurisprudencia\/sentencia-social-n-846-2021-ts-sala-social-sec-1-rec-1515-2020-23-07-2021-48369946\" target=\"_blank\" rel=\"noopener\"><span style=\"color: #2f83e0;\">ECLI:ES:TS:2021:3204<\/span><\/a>\u00a0(analizada en \u00ab<a href=\"https:\/\/www.iberley.es\/revista\/tribunal-supremo-autonomo-societario-no-cobrar-100-jubilacion-compatibilizandola-actividad-359\" target=\"_blank\" rel=\"noopener\"><span style=\"color: #2f83e0;\">Seg\u00fan el Tribunal Supremo un aut\u00f3nomo societario no puede cobrar el 100% de la jubilaci\u00f3n compatibiliz\u00e1ndola con la actividad<\/span><\/a>\u00bb).<\/span><\/p>\n<p style=\"background: white; box-sizing: border-box; font-variant-ligatures: normal; font-variant-caps: normal; orphans: 2; text-align: start; widows: 2; -webkit-text-stroke-width: 0px; text-decoration-thickness: initial; text-decoration-style: initial; text-decoration-color: initial; word-spacing: 0px; margin: 0cm 0cm 7.5pt 0cm;\"><em><span style=\"font-size: 11.5pt; font-family: 'Arial',sans-serif; color: #555555;\">\u00abLas recomendaciones efectuadas por la normativa internacional y europea instando a las legislaciones nacionales a posibilitar que las personas perceptoras de la pensi\u00f3n de jubilaci\u00f3n puedan continuar una actividad profesional, son meras recomendaciones o invitaciones que\u00a0<\/span><\/em><strong><i><span style=\"font-size: 11.5pt; font-family: 'Arial',sans-serif; color: #555555;\">no permiten eludir la normativa vigente en la actualidad, la cual impide\u00a0que los trabajadores aut\u00f3nomos que ocupan cargos de consejeros o administradores de\u00a0una sociedad capitalista puedan continuar desempe\u00f1ando dicha actividad\u00a0en iguales t\u00e9rminos antes y despu\u00e9s de su jubilaci\u00f3n, sin efectuar ellos mismos contrataci\u00f3n alguna por cuenta ajena, ni aplicar ninguna otra f\u00f3rmula de fomento de empleo, y percibir el 100% de su pensi\u00f3n de jubilaci\u00f3n activa<\/span><\/i><\/strong><em><span style=\"font-size: 11.5pt; font-family: 'Arial',sans-serif; color: #555555;\">\u00bb.<\/span><\/em><\/p>\n","protected":false},"excerpt":{"rendered":"<p>Seg\u00fan la\u00a0STS n.\u00ba\u00a0842\/2021, de\u00a023 de julio de 2021, ECLI:ES:TS:2021:3264,\u00a0la compatibilidad plena de la pensi\u00f3n de jubilaci\u00f3n en la cuant\u00eda del 100% con la actividad por cuenta propia constituye una excepci\u00f3n a la regla general de\u00a0incompatibilidad del disfrute de la pensi\u00f3n de jubilaci\u00f3n con el trabajo&#8230;<\/p>\n","protected":false},"author":2,"featured_media":1597,"comment_status":"open","ping_status":"open","sticky":false,"template":"","format":"standard","meta":{"footnotes":""},"categories":[4],"tags":[],"class_list":["post-1599","post","type-post","status-publish","format-standard","has-post-thumbnail","hentry","category-noticies"],"yoast_head":"<!-- This site is optimized with the Yoast SEO plugin v24.3 - https:\/\/yoast.com\/wordpress\/plugins\/seo\/ -->\n<title>LOS AUTONOMOS QUE COTIZAN COMO SOCIOS DE UNA SOCIEDAD (\u201cAUT\u00d3NOMOS SOCIETARIOS\u201d) NO PUEDEN ACCEDER A LA JUBILACI\u00d3N ACTIVA COMPATIBILIZANDO PENSI\u00d3N DE JUBILACI\u00d3N Y TRABAJO | Arias Assessors<\/title>\n<meta name=\"description\" content=\"Para la Sala IV del TS, los aut\u00f3nomos societarios no causan derecho a la compatibilizaci\u00f3n del 100% de trabajo y pensi\u00f3n de jubilaci\u00f3n porque no trabajan por cuenta propia\" \/>\n<meta name=\"robots\" content=\"index, follow, max-snippet:-1, max-image-preview:large, max-video-preview:-1\" \/>\n<link rel=\"canonical\" href=\"https:\/\/www.ariasassessors.com\/ca\/los-autonomos-que-cotizan-como-socios-de-una-sociedad-autonomos-societarios-no-pueden-acceder-a-la-jubilacion-activa-compatibilizando-pension-de-jubilacion-y-trabajo\/\" \/>\n<meta property=\"og:locale\" content=\"ca_ES\" \/>\n<meta property=\"og:type\" content=\"article\" \/>\n<meta property=\"og:title\" content=\"LOS AUTONOMOS QUE COTIZAN COMO SOCIOS DE UNA SOCIEDAD (\u201cAUT\u00d3NOMOS SOCIETARIOS\u201d) NO PUEDEN ACCEDER A LA JUBILACI\u00d3N ACTIVA COMPATIBILIZANDO PENSI\u00d3N DE JUBILACI\u00d3N Y TRABAJO | Arias Assessors\" \/>\n<meta property=\"og:description\" content=\"Para la Sala IV del TS, los aut\u00f3nomos societarios no causan derecho a la compatibilizaci\u00f3n del 100% de trabajo y pensi\u00f3n de jubilaci\u00f3n porque no trabajan por cuenta propia\" \/>\n<meta property=\"og:url\" content=\"https:\/\/www.ariasassessors.com\/ca\/los-autonomos-que-cotizan-como-socios-de-una-sociedad-autonomos-societarios-no-pueden-acceder-a-la-jubilacion-activa-compatibilizando-pension-de-jubilacion-y-trabajo\/\" \/>\n<meta property=\"og:site_name\" content=\"Arias Assessors\" \/>\n<meta property=\"article:publisher\" content=\"https:\/\/www.facebook.com\/ariasassessors\/\" \/>\n<meta property=\"article:published_time\" content=\"2021-09-08T10:05:31+00:00\" \/>\n<meta property=\"article:modified_time\" content=\"2021-09-08T10:06:48+00:00\" \/>\n<meta property=\"og:image\" content=\"https:\/\/www.ariasassessors.com\/wp-content\/uploads\/2021\/09\/Arias_Blog_IMAGEN_DESTACADA.png\" \/>\n\t<meta property=\"og:image:width\" content=\"1920\" \/>\n\t<meta property=\"og:image:height\" content=\"1202\" \/>\n\t<meta property=\"og:image:type\" content=\"image\/png\" \/>\n<meta name=\"author\" content=\"btorras\" \/>\n<meta name=\"twitter:card\" content=\"summary_large_image\" \/>\n<meta name=\"twitter:creator\" content=\"@ariasassessors\" \/>\n<meta name=\"twitter:site\" content=\"@ariasassessors\" \/>\n<meta name=\"twitter:label1\" content=\"Escrit per\" \/>\n\t<meta name=\"twitter:data1\" content=\"btorras\" \/>\n\t<meta name=\"twitter:label2\" content=\"Temps estimat de lectura\" \/>\n\t<meta name=\"twitter:data2\" content=\"4 minuts\" \/>\n<script type=\"application\/ld+json\" class=\"yoast-schema-graph\">{\"@context\":\"https:\/\/schema.org\",\"@graph\":[{\"@type\":\"Article\",\"@id\":\"https:\/\/www.ariasassessors.com\/ca\/los-autonomos-que-cotizan-como-socios-de-una-sociedad-autonomos-societarios-no-pueden-acceder-a-la-jubilacion-activa-compatibilizando-pension-de-jubilacion-y-trabajo\/#article\",\"isPartOf\":{\"@id\":\"https:\/\/www.ariasassessors.com\/ca\/los-autonomos-que-cotizan-como-socios-de-una-sociedad-autonomos-societarios-no-pueden-acceder-a-la-jubilacion-activa-compatibilizando-pension-de-jubilacion-y-trabajo\/\"},\"author\":{\"name\":\"btorras\",\"@id\":\"https:\/\/www.ariasassessors.com\/#\/schema\/person\/63c6ad1775f0a9413c37932562673cef\"},\"headline\":\"LOS AUTONOMOS QUE COTIZAN COMO SOCIOS DE UNA SOCIEDAD (\u201cAUT\u00d3NOMOS SOCIETARIOS\u201d) NO PUEDEN ACCEDER A LA JUBILACI\u00d3N ACTIVA COMPATIBILIZANDO PENSI\u00d3N DE JUBILACI\u00d3N Y TRABAJO\",\"datePublished\":\"2021-09-08T10:05:31+00:00\",\"dateModified\":\"2021-09-08T10:06:48+00:00\",\"mainEntityOfPage\":{\"@id\":\"https:\/\/www.ariasassessors.com\/ca\/los-autonomos-que-cotizan-como-socios-de-una-sociedad-autonomos-societarios-no-pueden-acceder-a-la-jubilacion-activa-compatibilizando-pension-de-jubilacion-y-trabajo\/\"},\"wordCount\":943,\"commentCount\":0,\"publisher\":{\"@id\":\"https:\/\/www.ariasassessors.com\/#organization\"},\"image\":{\"@id\":\"https:\/\/www.ariasassessors.com\/ca\/los-autonomos-que-cotizan-como-socios-de-una-sociedad-autonomos-societarios-no-pueden-acceder-a-la-jubilacion-activa-compatibilizando-pension-de-jubilacion-y-trabajo\/#primaryimage\"},\"thumbnailUrl\":\"https:\/\/www.ariasassessors.com\/wp-content\/uploads\/2021\/09\/Arias_Blog_IMAGEN_DESTACADA.png\",\"articleSection\":[\"noticies\"],\"inLanguage\":\"ca\",\"potentialAction\":[{\"@type\":\"CommentAction\",\"name\":\"Comment\",\"target\":[\"https:\/\/www.ariasassessors.com\/ca\/los-autonomos-que-cotizan-como-socios-de-una-sociedad-autonomos-societarios-no-pueden-acceder-a-la-jubilacion-activa-compatibilizando-pension-de-jubilacion-y-trabajo\/#respond\"]}]},{\"@type\":\"WebPage\",\"@id\":\"https:\/\/www.ariasassessors.com\/ca\/los-autonomos-que-cotizan-como-socios-de-una-sociedad-autonomos-societarios-no-pueden-acceder-a-la-jubilacion-activa-compatibilizando-pension-de-jubilacion-y-trabajo\/\",\"url\":\"https:\/\/www.ariasassessors.com\/ca\/los-autonomos-que-cotizan-como-socios-de-una-sociedad-autonomos-societarios-no-pueden-acceder-a-la-jubilacion-activa-compatibilizando-pension-de-jubilacion-y-trabajo\/\",\"name\":\"LOS AUTONOMOS QUE COTIZAN COMO SOCIOS DE UNA SOCIEDAD (\u201cAUT\u00d3NOMOS SOCIETARIOS\u201d) NO PUEDEN ACCEDER A LA JUBILACI\u00d3N ACTIVA COMPATIBILIZANDO PENSI\u00d3N DE JUBILACI\u00d3N Y TRABAJO | Arias Assessors\",\"isPartOf\":{\"@id\":\"https:\/\/www.ariasassessors.com\/#website\"},\"primaryImageOfPage\":{\"@id\":\"https:\/\/www.ariasassessors.com\/ca\/los-autonomos-que-cotizan-como-socios-de-una-sociedad-autonomos-societarios-no-pueden-acceder-a-la-jubilacion-activa-compatibilizando-pension-de-jubilacion-y-trabajo\/#primaryimage\"},\"image\":{\"@id\":\"https:\/\/www.ariasassessors.com\/ca\/los-autonomos-que-cotizan-como-socios-de-una-sociedad-autonomos-societarios-no-pueden-acceder-a-la-jubilacion-activa-compatibilizando-pension-de-jubilacion-y-trabajo\/#primaryimage\"},\"thumbnailUrl\":\"https:\/\/www.ariasassessors.com\/wp-content\/uploads\/2021\/09\/Arias_Blog_IMAGEN_DESTACADA.png\",\"datePublished\":\"2021-09-08T10:05:31+00:00\",\"dateModified\":\"2021-09-08T10:06:48+00:00\",\"description\":\"Para la Sala IV del TS, los aut\u00f3nomos societarios no causan derecho a la compatibilizaci\u00f3n del 100% de trabajo y pensi\u00f3n de jubilaci\u00f3n porque no trabajan por cuenta propia\",\"breadcrumb\":{\"@id\":\"https:\/\/www.ariasassessors.com\/ca\/los-autonomos-que-cotizan-como-socios-de-una-sociedad-autonomos-societarios-no-pueden-acceder-a-la-jubilacion-activa-compatibilizando-pension-de-jubilacion-y-trabajo\/#breadcrumb\"},\"inLanguage\":\"ca\",\"potentialAction\":[{\"@type\":\"ReadAction\",\"target\":[\"https:\/\/www.ariasassessors.com\/ca\/los-autonomos-que-cotizan-como-socios-de-una-sociedad-autonomos-societarios-no-pueden-acceder-a-la-jubilacion-activa-compatibilizando-pension-de-jubilacion-y-trabajo\/\"]}]},{\"@type\":\"ImageObject\",\"inLanguage\":\"ca\",\"@id\":\"https:\/\/www.ariasassessors.com\/ca\/los-autonomos-que-cotizan-como-socios-de-una-sociedad-autonomos-societarios-no-pueden-acceder-a-la-jubilacion-activa-compatibilizando-pension-de-jubilacion-y-trabajo\/#primaryimage\",\"url\":\"https:\/\/www.ariasassessors.com\/wp-content\/uploads\/2021\/09\/Arias_Blog_IMAGEN_DESTACADA.png\",\"contentUrl\":\"https:\/\/www.ariasassessors.com\/wp-content\/uploads\/2021\/09\/Arias_Blog_IMAGEN_DESTACADA.png\",\"width\":1920,\"height\":1202},{\"@type\":\"BreadcrumbList\",\"@id\":\"https:\/\/www.ariasassessors.com\/ca\/los-autonomos-que-cotizan-como-socios-de-una-sociedad-autonomos-societarios-no-pueden-acceder-a-la-jubilacion-activa-compatibilizando-pension-de-jubilacion-y-trabajo\/#breadcrumb\",\"itemListElement\":[{\"@type\":\"ListItem\",\"position\":1,\"name\":\"Portada\",\"item\":\"https:\/\/www.ariasassessors.com\/ca\/\"},{\"@type\":\"ListItem\",\"position\":2,\"name\":\"LOS AUTONOMOS QUE COTIZAN COMO SOCIOS DE UNA SOCIEDAD (\u201cAUT\u00d3NOMOS SOCIETARIOS\u201d) NO PUEDEN ACCEDER A LA JUBILACI\u00d3N ACTIVA COMPATIBILIZANDO PENSI\u00d3N DE JUBILACI\u00d3N Y TRABAJO\"}]},{\"@type\":\"WebSite\",\"@id\":\"https:\/\/www.ariasassessors.com\/#website\",\"url\":\"https:\/\/www.ariasassessors.com\/\",\"name\":\"Arias Assessors\",\"description\":\"Asesor\u00eda para aut\u00f3nomos, profesionales y PYMES\",\"publisher\":{\"@id\":\"https:\/\/www.ariasassessors.com\/#organization\"},\"potentialAction\":[{\"@type\":\"SearchAction\",\"target\":{\"@type\":\"EntryPoint\",\"urlTemplate\":\"https:\/\/www.ariasassessors.com\/?s={search_term_string}\"},\"query-input\":{\"@type\":\"PropertyValueSpecification\",\"valueRequired\":true,\"valueName\":\"search_term_string\"}}],\"inLanguage\":\"ca\"},{\"@type\":\"Organization\",\"@id\":\"https:\/\/www.ariasassessors.com\/#organization\",\"name\":\"Arias Assessors\",\"url\":\"https:\/\/www.ariasassessors.com\/\",\"logo\":{\"@type\":\"ImageObject\",\"inLanguage\":\"ca\",\"@id\":\"https:\/\/www.ariasassessors.com\/#\/schema\/logo\/image\/\",\"url\":\"https:\/\/www.ariasassessors.com\/wp-content\/uploads\/2019\/01\/arias-logo.png\",\"contentUrl\":\"https:\/\/www.ariasassessors.com\/wp-content\/uploads\/2019\/01\/arias-logo.png\",\"width\":349,\"height\":254,\"caption\":\"Arias Assessors\"},\"image\":{\"@id\":\"https:\/\/www.ariasassessors.com\/#\/schema\/logo\/image\/\"},\"sameAs\":[\"https:\/\/www.facebook.com\/ariasassessors\/\",\"https:\/\/x.com\/ariasassessors\",\"https:\/\/www.linkedin.com\/company\/r&amp;amp;r-growing-knowledge\/\"]},{\"@type\":\"Person\",\"@id\":\"https:\/\/www.ariasassessors.com\/#\/schema\/person\/63c6ad1775f0a9413c37932562673cef\",\"name\":\"btorras\",\"image\":{\"@type\":\"ImageObject\",\"inLanguage\":\"ca\",\"@id\":\"https:\/\/www.ariasassessors.com\/#\/schema\/person\/image\/\",\"url\":\"https:\/\/secure.gravatar.com\/avatar\/0531db351fc361fdbfd204c58fa2d6a3?s=96&d=mm&r=g\",\"contentUrl\":\"https:\/\/secure.gravatar.com\/avatar\/0531db351fc361fdbfd204c58fa2d6a3?s=96&d=mm&r=g\",\"caption\":\"btorras\"}}]}<\/script>\n<!-- \/ Yoast SEO plugin. -->","yoast_head_json":{"title":"LOS AUTONOMOS QUE COTIZAN COMO SOCIOS DE UNA SOCIEDAD (\u201cAUT\u00d3NOMOS SOCIETARIOS\u201d) NO PUEDEN ACCEDER A LA JUBILACI\u00d3N ACTIVA COMPATIBILIZANDO PENSI\u00d3N DE JUBILACI\u00d3N Y TRABAJO | Arias Assessors","description":"Para la Sala IV del TS, los aut\u00f3nomos societarios no causan derecho a la compatibilizaci\u00f3n del 100% de trabajo y pensi\u00f3n de jubilaci\u00f3n porque no trabajan por cuenta propia","robots":{"index":"index","follow":"follow","max-snippet":"max-snippet:-1","max-image-preview":"max-image-preview:large","max-video-preview":"max-video-preview:-1"},"canonical":"https:\/\/www.ariasassessors.com\/ca\/los-autonomos-que-cotizan-como-socios-de-una-sociedad-autonomos-societarios-no-pueden-acceder-a-la-jubilacion-activa-compatibilizando-pension-de-jubilacion-y-trabajo\/","og_locale":"ca_ES","og_type":"article","og_title":"LOS AUTONOMOS QUE COTIZAN COMO SOCIOS DE UNA SOCIEDAD (\u201cAUT\u00d3NOMOS SOCIETARIOS\u201d) NO PUEDEN ACCEDER A LA JUBILACI\u00d3N ACTIVA COMPATIBILIZANDO PENSI\u00d3N DE JUBILACI\u00d3N Y TRABAJO | Arias Assessors","og_description":"Para la Sala IV del TS, los aut\u00f3nomos societarios no causan derecho a la compatibilizaci\u00f3n del 100% de trabajo y pensi\u00f3n de jubilaci\u00f3n porque no trabajan por cuenta propia","og_url":"https:\/\/www.ariasassessors.com\/ca\/los-autonomos-que-cotizan-como-socios-de-una-sociedad-autonomos-societarios-no-pueden-acceder-a-la-jubilacion-activa-compatibilizando-pension-de-jubilacion-y-trabajo\/","og_site_name":"Arias Assessors","article_publisher":"https:\/\/www.facebook.com\/ariasassessors\/","article_published_time":"2021-09-08T10:05:31+00:00","article_modified_time":"2021-09-08T10:06:48+00:00","og_image":[{"width":1920,"height":1202,"url":"https:\/\/www.ariasassessors.com\/wp-content\/uploads\/2021\/09\/Arias_Blog_IMAGEN_DESTACADA.png","type":"image\/png"}],"author":"btorras","twitter_card":"summary_large_image","twitter_creator":"@ariasassessors","twitter_site":"@ariasassessors","twitter_misc":{"Escrit per":"btorras","Temps estimat de lectura":"4 minuts"},"schema":{"@context":"https:\/\/schema.org","@graph":[{"@type":"Article","@id":"https:\/\/www.ariasassessors.com\/ca\/los-autonomos-que-cotizan-como-socios-de-una-sociedad-autonomos-societarios-no-pueden-acceder-a-la-jubilacion-activa-compatibilizando-pension-de-jubilacion-y-trabajo\/#article","isPartOf":{"@id":"https:\/\/www.ariasassessors.com\/ca\/los-autonomos-que-cotizan-como-socios-de-una-sociedad-autonomos-societarios-no-pueden-acceder-a-la-jubilacion-activa-compatibilizando-pension-de-jubilacion-y-trabajo\/"},"author":{"name":"btorras","@id":"https:\/\/www.ariasassessors.com\/#\/schema\/person\/63c6ad1775f0a9413c37932562673cef"},"headline":"LOS AUTONOMOS QUE COTIZAN COMO SOCIOS DE UNA SOCIEDAD (\u201cAUT\u00d3NOMOS SOCIETARIOS\u201d) NO PUEDEN ACCEDER A LA JUBILACI\u00d3N ACTIVA COMPATIBILIZANDO PENSI\u00d3N DE JUBILACI\u00d3N Y TRABAJO","datePublished":"2021-09-08T10:05:31+00:00","dateModified":"2021-09-08T10:06:48+00:00","mainEntityOfPage":{"@id":"https:\/\/www.ariasassessors.com\/ca\/los-autonomos-que-cotizan-como-socios-de-una-sociedad-autonomos-societarios-no-pueden-acceder-a-la-jubilacion-activa-compatibilizando-pension-de-jubilacion-y-trabajo\/"},"wordCount":943,"commentCount":0,"publisher":{"@id":"https:\/\/www.ariasassessors.com\/#organization"},"image":{"@id":"https:\/\/www.ariasassessors.com\/ca\/los-autonomos-que-cotizan-como-socios-de-una-sociedad-autonomos-societarios-no-pueden-acceder-a-la-jubilacion-activa-compatibilizando-pension-de-jubilacion-y-trabajo\/#primaryimage"},"thumbnailUrl":"https:\/\/www.ariasassessors.com\/wp-content\/uploads\/2021\/09\/Arias_Blog_IMAGEN_DESTACADA.png","articleSection":["noticies"],"inLanguage":"ca","potentialAction":[{"@type":"CommentAction","name":"Comment","target":["https:\/\/www.ariasassessors.com\/ca\/los-autonomos-que-cotizan-como-socios-de-una-sociedad-autonomos-societarios-no-pueden-acceder-a-la-jubilacion-activa-compatibilizando-pension-de-jubilacion-y-trabajo\/#respond"]}]},{"@type":"WebPage","@id":"https:\/\/www.ariasassessors.com\/ca\/los-autonomos-que-cotizan-como-socios-de-una-sociedad-autonomos-societarios-no-pueden-acceder-a-la-jubilacion-activa-compatibilizando-pension-de-jubilacion-y-trabajo\/","url":"https:\/\/www.ariasassessors.com\/ca\/los-autonomos-que-cotizan-como-socios-de-una-sociedad-autonomos-societarios-no-pueden-acceder-a-la-jubilacion-activa-compatibilizando-pension-de-jubilacion-y-trabajo\/","name":"LOS AUTONOMOS QUE COTIZAN COMO SOCIOS DE UNA SOCIEDAD (\u201cAUT\u00d3NOMOS SOCIETARIOS\u201d) NO PUEDEN ACCEDER A LA JUBILACI\u00d3N ACTIVA COMPATIBILIZANDO PENSI\u00d3N DE JUBILACI\u00d3N Y TRABAJO | Arias Assessors","isPartOf":{"@id":"https:\/\/www.ariasassessors.com\/#website"},"primaryImageOfPage":{"@id":"https:\/\/www.ariasassessors.com\/ca\/los-autonomos-que-cotizan-como-socios-de-una-sociedad-autonomos-societarios-no-pueden-acceder-a-la-jubilacion-activa-compatibilizando-pension-de-jubilacion-y-trabajo\/#primaryimage"},"image":{"@id":"https:\/\/www.ariasassessors.com\/ca\/los-autonomos-que-cotizan-como-socios-de-una-sociedad-autonomos-societarios-no-pueden-acceder-a-la-jubilacion-activa-compatibilizando-pension-de-jubilacion-y-trabajo\/#primaryimage"},"thumbnailUrl":"https:\/\/www.ariasassessors.com\/wp-content\/uploads\/2021\/09\/Arias_Blog_IMAGEN_DESTACADA.png","datePublished":"2021-09-08T10:05:31+00:00","dateModified":"2021-09-08T10:06:48+00:00","description":"Para la Sala IV del TS, los aut\u00f3nomos societarios no causan derecho a la compatibilizaci\u00f3n del 100% de trabajo y pensi\u00f3n de jubilaci\u00f3n porque no trabajan por cuenta propia","breadcrumb":{"@id":"https:\/\/www.ariasassessors.com\/ca\/los-autonomos-que-cotizan-como-socios-de-una-sociedad-autonomos-societarios-no-pueden-acceder-a-la-jubilacion-activa-compatibilizando-pension-de-jubilacion-y-trabajo\/#breadcrumb"},"inLanguage":"ca","potentialAction":[{"@type":"ReadAction","target":["https:\/\/www.ariasassessors.com\/ca\/los-autonomos-que-cotizan-como-socios-de-una-sociedad-autonomos-societarios-no-pueden-acceder-a-la-jubilacion-activa-compatibilizando-pension-de-jubilacion-y-trabajo\/"]}]},{"@type":"ImageObject","inLanguage":"ca","@id":"https:\/\/www.ariasassessors.com\/ca\/los-autonomos-que-cotizan-como-socios-de-una-sociedad-autonomos-societarios-no-pueden-acceder-a-la-jubilacion-activa-compatibilizando-pension-de-jubilacion-y-trabajo\/#primaryimage","url":"https:\/\/www.ariasassessors.com\/wp-content\/uploads\/2021\/09\/Arias_Blog_IMAGEN_DESTACADA.png","contentUrl":"https:\/\/www.ariasassessors.com\/wp-content\/uploads\/2021\/09\/Arias_Blog_IMAGEN_DESTACADA.png","width":1920,"height":1202},{"@type":"BreadcrumbList","@id":"https:\/\/www.ariasassessors.com\/ca\/los-autonomos-que-cotizan-como-socios-de-una-sociedad-autonomos-societarios-no-pueden-acceder-a-la-jubilacion-activa-compatibilizando-pension-de-jubilacion-y-trabajo\/#breadcrumb","itemListElement":[{"@type":"ListItem","position":1,"name":"Portada","item":"https:\/\/www.ariasassessors.com\/ca\/"},{"@type":"ListItem","position":2,"name":"LOS AUTONOMOS QUE COTIZAN COMO SOCIOS DE UNA SOCIEDAD (\u201cAUT\u00d3NOMOS SOCIETARIOS\u201d) NO PUEDEN ACCEDER A LA JUBILACI\u00d3N ACTIVA COMPATIBILIZANDO PENSI\u00d3N DE JUBILACI\u00d3N Y TRABAJO"}]},{"@type":"WebSite","@id":"https:\/\/www.ariasassessors.com\/#website","url":"https:\/\/www.ariasassessors.com\/","name":"Arias Assessors","description":"Asesor\u00eda para aut\u00f3nomos, profesionales y PYMES","publisher":{"@id":"https:\/\/www.ariasassessors.com\/#organization"},"potentialAction":[{"@type":"SearchAction","target":{"@type":"EntryPoint","urlTemplate":"https:\/\/www.ariasassessors.com\/?s={search_term_string}"},"query-input":{"@type":"PropertyValueSpecification","valueRequired":true,"valueName":"search_term_string"}}],"inLanguage":"ca"},{"@type":"Organization","@id":"https:\/\/www.ariasassessors.com\/#organization","name":"Arias Assessors","url":"https:\/\/www.ariasassessors.com\/","logo":{"@type":"ImageObject","inLanguage":"ca","@id":"https:\/\/www.ariasassessors.com\/#\/schema\/logo\/image\/","url":"https:\/\/www.ariasassessors.com\/wp-content\/uploads\/2019\/01\/arias-logo.png","contentUrl":"https:\/\/www.ariasassessors.com\/wp-content\/uploads\/2019\/01\/arias-logo.png","width":349,"height":254,"caption":"Arias Assessors"},"image":{"@id":"https:\/\/www.ariasassessors.com\/#\/schema\/logo\/image\/"},"sameAs":["https:\/\/www.facebook.com\/ariasassessors\/","https:\/\/x.com\/ariasassessors","https:\/\/www.linkedin.com\/company\/r&amp;amp;r-growing-knowledge\/"]},{"@type":"Person","@id":"https:\/\/www.ariasassessors.com\/#\/schema\/person\/63c6ad1775f0a9413c37932562673cef","name":"btorras","image":{"@type":"ImageObject","inLanguage":"ca","@id":"https:\/\/www.ariasassessors.com\/#\/schema\/person\/image\/","url":"https:\/\/secure.gravatar.com\/avatar\/0531db351fc361fdbfd204c58fa2d6a3?s=96&d=mm&r=g","contentUrl":"https:\/\/secure.gravatar.com\/avatar\/0531db351fc361fdbfd204c58fa2d6a3?s=96&d=mm&r=g","caption":"btorras"}}]}},"_links":{"self":[{"href":"https:\/\/www.ariasassessors.com\/ca\/wp-json\/wp\/v2\/posts\/1599","targetHints":{"allow":["GET"]}}],"collection":[{"href":"https:\/\/www.ariasassessors.com\/ca\/wp-json\/wp\/v2\/posts"}],"about":[{"href":"https:\/\/www.ariasassessors.com\/ca\/wp-json\/wp\/v2\/types\/post"}],"author":[{"embeddable":true,"href":"https:\/\/www.ariasassessors.com\/ca\/wp-json\/wp\/v2\/users\/2"}],"replies":[{"embeddable":true,"href":"https:\/\/www.ariasassessors.com\/ca\/wp-json\/wp\/v2\/comments?post=1599"}],"version-history":[{"count":1,"href":"https:\/\/www.ariasassessors.com\/ca\/wp-json\/wp\/v2\/posts\/1599\/revisions"}],"predecessor-version":[{"id":1600,"href":"https:\/\/www.ariasassessors.com\/ca\/wp-json\/wp\/v2\/posts\/1599\/revisions\/1600"}],"wp:featuredmedia":[{"embeddable":true,"href":"https:\/\/www.ariasassessors.com\/ca\/wp-json\/wp\/v2\/media\/1597"}],"wp:attachment":[{"href":"https:\/\/www.ariasassessors.com\/ca\/wp-json\/wp\/v2\/media?parent=1599"}],"wp:term":[{"taxonomy":"category","embeddable":true,"href":"https:\/\/www.ariasassessors.com\/ca\/wp-json\/wp\/v2\/categories?post=1599"},{"taxonomy":"post_tag","embeddable":true,"href":"https:\/\/www.ariasassessors.com\/ca\/wp-json\/wp\/v2\/tags?post=1599"}],"curies":[{"name":"wp","href":"https:\/\/api.w.org\/{rel}","templated":true}]}}