{"id":1643,"date":"2021-09-15T13:39:45","date_gmt":"2021-09-15T11:39:45","guid":{"rendered":"https:\/\/www.ariasassessors.com\/?p=1643"},"modified":"2021-09-15T13:42:43","modified_gmt":"2021-09-15T11:42:43","slug":"pension-media-de-los-autonomos-por-comunidades-autonomas-en-2021","status":"publish","type":"post","link":"https:\/\/www.ariasassessors.com\/ca\/pension-media-de-los-autonomos-por-comunidades-autonomas-en-2021\/","title":{"rendered":"Pensi\u00f3n media de los aut\u00f3nomos por Comunidades Aut\u00f3nomas en 2021"},"content":{"rendered":"<p>Los aut\u00f3nomos espa\u00f1oles siguen cobrando de media menos de 800 euros al mes de jubilaci\u00f3n. Seg\u00fan los \u00faltimos datos de la Seguridad Social, recopilados por la Federaci\u00f3n Nacional de Asociaciones de Trabajadores Aut\u00f3nomos (ATA),\u00a0en agosto de 2021 la pensi\u00f3n media del colectivo se situ\u00f3 en 794,1 euros, dos euros m\u00e1s que en junio. La clave es su baja cotizaci\u00f3n porque muchos aut\u00f3nomos siguen vi\u00e9ndola como un impuesto y no como una inversi\u00f3n. Adem\u00e1s, su cuant\u00eda\u00a0difiere mucho seg\u00fan la CCAA donde viva el aut\u00f3nomo.<\/p>\n<p>Si bien la evoluci\u00f3n contin\u00faa siendo positiva y<a href=\"https:\/\/www.autonomosyemprendedor.es\/articulo\/tu-negocio\/asi-ha-evolucionado-pension-media-autonomos-ultimos-diez-anos\/20210423131753024317.html\">\u00a0los aut\u00f3nomos tienen cada vez mejores pensiones<\/a>\u00a0(ha subido 230 euros en diez a\u00f1os), lo cierto es\u00a0que\u00a0<strong>subsisten con prestaciones\u00a0que todav\u00eda son alrededor de\u00a0un 40% inferiores a las de los asalariados.<\/strong>\u00a0Seg\u00fan los expertos, la principal causa de esta baja pensi\u00f3n no depende tanto del tiempo cotizado a la Seguridad Social sino m\u00e1s bien de\u00a0la base por la que muchos aut\u00f3nomos han cotizado durante toda su vida.<\/p>\n<p>Precisamente por esto,<strong>\u00a0las dem\u00e1s pensiones del colectivo, desde viudedad hasta orfandad o favor de familiares son incluso m\u00e1s\u00a0bajas que la de jubilaci\u00f3n<\/strong>. A finales de agosto,\u00a0<strong>la pensi\u00f3n media por viudedad en el R\u00e9gimen Especial de Trabajadores Aut\u00f3nomos (RETA) fue de 533,6 euros<\/strong>; la de\u00a0<strong>orfandad fue de 345,9\u00a0euros<\/strong>; la de<strong>\u00a0favor de familiares fue de 472 euros<\/strong>\u00a0y la de\u00a0<strong>Incapacidad Permanente fue de 756,2 euros<\/strong>\u00a0al mes.<\/p>\n<p>Sin embargo, la diferencia entre las pensiones medias no s\u00f3lo afecta al tipo de prestaci\u00f3n -cuesti\u00f3n que se explica porque los porcentajes con los que se calcula cada una son diferentes- sino que tambi\u00e9n se observa entre las comunidades aut\u00f3nomas.\u00a0De hecho,<strong>\u00a0analizando el mapa de las pensiones medias de los aut\u00f3nomos en Espa\u00f1a en cada territorio,\u00a0se pueden apreciar diferencias de m\u00e1s de 200 euros entre una\u00a0y otra comunidad.\u00a0<\/strong><\/p>\n<p>As\u00ed pues, mientras que<strong>\u00a0en Pa\u00eds Vasco el conjunto de las pensiones medias\u00a0del RETA asciende\u00a0a 847 euros ( 906 euros por Incapacidad Permanente, 944,4 euros de jubilaci\u00f3n, o 591 euros al mes de viudedad), en Galicia se sit\u00faa\u00a0en apenas 620 euros (718 euros por Incapacidad Permanente, 681 por jubilaci\u00f3n o 452 euros por viudedad).\u00a0En Catalunya, por jubilaci\u00f3n, la pensi\u00f3n media asciende a 834,93\u20ac.<\/strong><\/p>\n<p>Seg\u00fan los expertos consultados, estas brechas en la cuant\u00eda media de las prestaciones entre los diferentes territorios<strong>\u00a0se deben, fundamentalmente, a la base de cotizaci\u00f3n que eligen los trabajadores por cuenta propia<\/strong>\u00a0y que determinar\u00e1 su futura pensi\u00f3n<strong>, no la regi\u00f3n ni la provincia a la que pertenezcan<\/strong>. Sin embargo, no es menos cierto que la elecci\u00f3n de esta base\u00a0<strong>s\u00ed puede depender de factores geogr\u00e1ficos, como el nivel de vida de cada\u00a0territorio, o la predominancia de algunos sectores como el de la pesca\u00a0o el agr\u00edcola\u00a0<\/strong>que suelen registras\u00a0bases inferiores a la media del RETA.<\/p>\n<p>A\u00fan con todo,\u00a0lo cierto es que todas las<strong>\u00a0pensiones medias de los jubilados aut\u00f3nomos, sea cu\u00e1l sea su comunidad,\u00a0siguen siendo muy inferiores a las de los asalariados, que superan en todo caso los 1.000 euros de media.\u00a0<\/strong>Esto se puede explicar, seg\u00fan asegur\u00f3 en anteriores ocasiones a este diario\u00a0el catedr\u00e1tico de Derecho del Trabajo y Seguridad Social, Juan L\u00f3pez Gand\u00eda, porque &#8220;m<strong>uchos aut\u00f3nomos ven su cotizaci\u00f3n como un impuesto y la intentan bajar al m\u00ednimo porque, seg\u00fan entienden, est\u00e1n ahorrando, siendo que en realidad est\u00e1n recortando de pensiones que, m\u00e1s adelante, podr\u00edan ser su \u00fanico sustento.<\/strong>\u00a0Pero, todav\u00eda m\u00e1s\u00a0preocupante es el caso de aquellos que ni si quiera saben que los aut\u00f3nomos pueden elegir la base que quieran.\u00a0Sigue habiendo trabajadores por cuenta propia que se piensan que la cuota de aut\u00f3nomos es fija y pagan la m\u00ednima por desconocimiento&#8221;.<\/p>\n<p>&nbsp;<\/p>\n","protected":false},"excerpt":{"rendered":"<p>Los aut\u00f3nomos espa\u00f1oles siguen cobrando de media menos de 800 euros al mes de jubilaci\u00f3n. Seg\u00fan los \u00faltimos datos de la Seguridad Social, recopilados por la Federaci\u00f3n Nacional de Asociaciones de Trabajadores Aut\u00f3nomos (ATA),\u00a0en agosto de 2021 la pensi\u00f3n media del colectivo se situ\u00f3 en&#8230;<\/p>\n","protected":false},"author":2,"featured_media":1645,"comment_status":"open","ping_status":"open","sticky":false,"template":"","format":"standard","meta":{"footnotes":""},"categories":[4],"tags":[],"class_list":["post-1643","post","type-post","status-publish","format-standard","has-post-thumbnail","hentry","category-noticies"],"yoast_head":"<!-- This site is optimized with the Yoast SEO plugin v24.3 - https:\/\/yoast.com\/wordpress\/plugins\/seo\/ -->\n<title>Pensi\u00f3n media de los aut\u00f3nomos por Comunidades Aut\u00f3nomas<\/title>\n<meta name=\"description\" content=\"La Pensi\u00f3n media de los aut\u00f3nomos por Comunidades Aut\u00f3nomas sigue siendo menos de 800 euros al mes. La clave es su baja cotizaci\u00f3n porque muchos aut\u00f3nomos siguen vi\u00e9ndola como un impuesto.\" \/>\n<meta name=\"robots\" content=\"index, follow, max-snippet:-1, max-image-preview:large, max-video-preview:-1\" \/>\n<link rel=\"canonical\" href=\"https:\/\/www.ariasassessors.com\/ca\/pension-media-de-los-autonomos-por-comunidades-autonomas-en-2021\/\" \/>\n<meta property=\"og:locale\" content=\"ca_ES\" \/>\n<meta property=\"og:type\" content=\"article\" \/>\n<meta property=\"og:title\" content=\"Pensi\u00f3n media de los aut\u00f3nomos por Comunidades Aut\u00f3nomas\" \/>\n<meta property=\"og:description\" content=\"La Pensi\u00f3n media de los aut\u00f3nomos por Comunidades Aut\u00f3nomas sigue siendo menos de 800 euros al mes. La clave es su baja cotizaci\u00f3n porque muchos aut\u00f3nomos siguen vi\u00e9ndola como un impuesto.\" \/>\n<meta property=\"og:url\" content=\"https:\/\/www.ariasassessors.com\/ca\/pension-media-de-los-autonomos-por-comunidades-autonomas-en-2021\/\" \/>\n<meta property=\"og:site_name\" content=\"Arias Assessors\" \/>\n<meta property=\"article:publisher\" content=\"https:\/\/www.facebook.com\/ariasassessors\/\" \/>\n<meta property=\"article:published_time\" content=\"2021-09-15T11:39:45+00:00\" \/>\n<meta property=\"article:modified_time\" content=\"2021-09-15T11:42:43+00:00\" \/>\n<meta property=\"og:image\" content=\"https:\/\/www.ariasassessors.com\/wp-content\/uploads\/2021\/09\/Arias_Blog_IMAGEN_DESTACADA-1.png\" \/>\n\t<meta property=\"og:image:width\" content=\"1920\" \/>\n\t<meta property=\"og:image:height\" content=\"1202\" \/>\n\t<meta property=\"og:image:type\" content=\"image\/png\" \/>\n<meta name=\"author\" content=\"btorras\" \/>\n<meta name=\"twitter:card\" content=\"summary_large_image\" \/>\n<meta name=\"twitter:creator\" content=\"@ariasassessors\" \/>\n<meta name=\"twitter:site\" content=\"@ariasassessors\" \/>\n<meta name=\"twitter:label1\" content=\"Escrit per\" \/>\n\t<meta name=\"twitter:data1\" content=\"btorras\" \/>\n\t<meta name=\"twitter:label2\" content=\"Temps estimat de lectura\" \/>\n\t<meta name=\"twitter:data2\" content=\"3 minuts\" \/>\n<script type=\"application\/ld+json\" class=\"yoast-schema-graph\">{\"@context\":\"https:\/\/schema.org\",\"@graph\":[{\"@type\":\"Article\",\"@id\":\"https:\/\/www.ariasassessors.com\/ca\/pension-media-de-los-autonomos-por-comunidades-autonomas-en-2021\/#article\",\"isPartOf\":{\"@id\":\"https:\/\/www.ariasassessors.com\/ca\/pension-media-de-los-autonomos-por-comunidades-autonomas-en-2021\/\"},\"author\":{\"name\":\"btorras\",\"@id\":\"https:\/\/www.ariasassessors.com\/#\/schema\/person\/63c6ad1775f0a9413c37932562673cef\"},\"headline\":\"Pensi\u00f3n media de los aut\u00f3nomos por Comunidades Aut\u00f3nomas en 2021\",\"datePublished\":\"2021-09-15T11:39:45+00:00\",\"dateModified\":\"2021-09-15T11:42:43+00:00\",\"mainEntityOfPage\":{\"@id\":\"https:\/\/www.ariasassessors.com\/ca\/pension-media-de-los-autonomos-por-comunidades-autonomas-en-2021\/\"},\"wordCount\":681,\"commentCount\":0,\"publisher\":{\"@id\":\"https:\/\/www.ariasassessors.com\/#organization\"},\"image\":{\"@id\":\"https:\/\/www.ariasassessors.com\/ca\/pension-media-de-los-autonomos-por-comunidades-autonomas-en-2021\/#primaryimage\"},\"thumbnailUrl\":\"https:\/\/www.ariasassessors.com\/wp-content\/uploads\/2021\/09\/Arias_Blog_IMAGEN_DESTACADA-1.png\",\"articleSection\":[\"noticies\"],\"inLanguage\":\"ca\",\"potentialAction\":[{\"@type\":\"CommentAction\",\"name\":\"Comment\",\"target\":[\"https:\/\/www.ariasassessors.com\/ca\/pension-media-de-los-autonomos-por-comunidades-autonomas-en-2021\/#respond\"]}]},{\"@type\":\"WebPage\",\"@id\":\"https:\/\/www.ariasassessors.com\/ca\/pension-media-de-los-autonomos-por-comunidades-autonomas-en-2021\/\",\"url\":\"https:\/\/www.ariasassessors.com\/ca\/pension-media-de-los-autonomos-por-comunidades-autonomas-en-2021\/\",\"name\":\"Pensi\u00f3n media de los aut\u00f3nomos por Comunidades Aut\u00f3nomas\",\"isPartOf\":{\"@id\":\"https:\/\/www.ariasassessors.com\/#website\"},\"primaryImageOfPage\":{\"@id\":\"https:\/\/www.ariasassessors.com\/ca\/pension-media-de-los-autonomos-por-comunidades-autonomas-en-2021\/#primaryimage\"},\"image\":{\"@id\":\"https:\/\/www.ariasassessors.com\/ca\/pension-media-de-los-autonomos-por-comunidades-autonomas-en-2021\/#primaryimage\"},\"thumbnailUrl\":\"https:\/\/www.ariasassessors.com\/wp-content\/uploads\/2021\/09\/Arias_Blog_IMAGEN_DESTACADA-1.png\",\"datePublished\":\"2021-09-15T11:39:45+00:00\",\"dateModified\":\"2021-09-15T11:42:43+00:00\",\"description\":\"La Pensi\u00f3n media de los aut\u00f3nomos por Comunidades Aut\u00f3nomas sigue siendo menos de 800 euros al mes. La clave es su baja cotizaci\u00f3n porque muchos aut\u00f3nomos siguen vi\u00e9ndola como un impuesto.\",\"breadcrumb\":{\"@id\":\"https:\/\/www.ariasassessors.com\/ca\/pension-media-de-los-autonomos-por-comunidades-autonomas-en-2021\/#breadcrumb\"},\"inLanguage\":\"ca\",\"potentialAction\":[{\"@type\":\"ReadAction\",\"target\":[\"https:\/\/www.ariasassessors.com\/ca\/pension-media-de-los-autonomos-por-comunidades-autonomas-en-2021\/\"]}]},{\"@type\":\"ImageObject\",\"inLanguage\":\"ca\",\"@id\":\"https:\/\/www.ariasassessors.com\/ca\/pension-media-de-los-autonomos-por-comunidades-autonomas-en-2021\/#primaryimage\",\"url\":\"https:\/\/www.ariasassessors.com\/wp-content\/uploads\/2021\/09\/Arias_Blog_IMAGEN_DESTACADA-1.png\",\"contentUrl\":\"https:\/\/www.ariasassessors.com\/wp-content\/uploads\/2021\/09\/Arias_Blog_IMAGEN_DESTACADA-1.png\",\"width\":1920,\"height\":1202},{\"@type\":\"BreadcrumbList\",\"@id\":\"https:\/\/www.ariasassessors.com\/ca\/pension-media-de-los-autonomos-por-comunidades-autonomas-en-2021\/#breadcrumb\",\"itemListElement\":[{\"@type\":\"ListItem\",\"position\":1,\"name\":\"Portada\",\"item\":\"https:\/\/www.ariasassessors.com\/ca\/\"},{\"@type\":\"ListItem\",\"position\":2,\"name\":\"Pensi\u00f3n media de los aut\u00f3nomos por Comunidades Aut\u00f3nomas en 2021\"}]},{\"@type\":\"WebSite\",\"@id\":\"https:\/\/www.ariasassessors.com\/#website\",\"url\":\"https:\/\/www.ariasassessors.com\/\",\"name\":\"Arias Assessors\",\"description\":\"Asesor\u00eda para aut\u00f3nomos, profesionales y PYMES\",\"publisher\":{\"@id\":\"https:\/\/www.ariasassessors.com\/#organization\"},\"potentialAction\":[{\"@type\":\"SearchAction\",\"target\":{\"@type\":\"EntryPoint\",\"urlTemplate\":\"https:\/\/www.ariasassessors.com\/?s={search_term_string}\"},\"query-input\":{\"@type\":\"PropertyValueSpecification\",\"valueRequired\":true,\"valueName\":\"search_term_string\"}}],\"inLanguage\":\"ca\"},{\"@type\":\"Organization\",\"@id\":\"https:\/\/www.ariasassessors.com\/#organization\",\"name\":\"Arias Assessors\",\"url\":\"https:\/\/www.ariasassessors.com\/\",\"logo\":{\"@type\":\"ImageObject\",\"inLanguage\":\"ca\",\"@id\":\"https:\/\/www.ariasassessors.com\/#\/schema\/logo\/image\/\",\"url\":\"https:\/\/www.ariasassessors.com\/wp-content\/uploads\/2019\/01\/arias-logo.png\",\"contentUrl\":\"https:\/\/www.ariasassessors.com\/wp-content\/uploads\/2019\/01\/arias-logo.png\",\"width\":349,\"height\":254,\"caption\":\"Arias Assessors\"},\"image\":{\"@id\":\"https:\/\/www.ariasassessors.com\/#\/schema\/logo\/image\/\"},\"sameAs\":[\"https:\/\/www.facebook.com\/ariasassessors\/\",\"https:\/\/x.com\/ariasassessors\",\"https:\/\/www.linkedin.com\/company\/r&amp;amp;r-growing-knowledge\/\"]},{\"@type\":\"Person\",\"@id\":\"https:\/\/www.ariasassessors.com\/#\/schema\/person\/63c6ad1775f0a9413c37932562673cef\",\"name\":\"btorras\",\"image\":{\"@type\":\"ImageObject\",\"inLanguage\":\"ca\",\"@id\":\"https:\/\/www.ariasassessors.com\/#\/schema\/person\/image\/\",\"url\":\"https:\/\/secure.gravatar.com\/avatar\/0531db351fc361fdbfd204c58fa2d6a3?s=96&d=mm&r=g\",\"contentUrl\":\"https:\/\/secure.gravatar.com\/avatar\/0531db351fc361fdbfd204c58fa2d6a3?s=96&d=mm&r=g\",\"caption\":\"btorras\"}}]}<\/script>\n<!-- \/ Yoast SEO plugin. -->","yoast_head_json":{"title":"Pensi\u00f3n media de los aut\u00f3nomos por Comunidades Aut\u00f3nomas","description":"La Pensi\u00f3n media de los aut\u00f3nomos por Comunidades Aut\u00f3nomas sigue siendo menos de 800 euros al mes. La clave es su baja cotizaci\u00f3n porque muchos aut\u00f3nomos siguen vi\u00e9ndola como un impuesto.","robots":{"index":"index","follow":"follow","max-snippet":"max-snippet:-1","max-image-preview":"max-image-preview:large","max-video-preview":"max-video-preview:-1"},"canonical":"https:\/\/www.ariasassessors.com\/ca\/pension-media-de-los-autonomos-por-comunidades-autonomas-en-2021\/","og_locale":"ca_ES","og_type":"article","og_title":"Pensi\u00f3n media de los aut\u00f3nomos por Comunidades Aut\u00f3nomas","og_description":"La Pensi\u00f3n media de los aut\u00f3nomos por Comunidades Aut\u00f3nomas sigue siendo menos de 800 euros al mes. La clave es su baja cotizaci\u00f3n porque muchos aut\u00f3nomos siguen vi\u00e9ndola como un impuesto.","og_url":"https:\/\/www.ariasassessors.com\/ca\/pension-media-de-los-autonomos-por-comunidades-autonomas-en-2021\/","og_site_name":"Arias Assessors","article_publisher":"https:\/\/www.facebook.com\/ariasassessors\/","article_published_time":"2021-09-15T11:39:45+00:00","article_modified_time":"2021-09-15T11:42:43+00:00","og_image":[{"width":1920,"height":1202,"url":"https:\/\/www.ariasassessors.com\/wp-content\/uploads\/2021\/09\/Arias_Blog_IMAGEN_DESTACADA-1.png","type":"image\/png"}],"author":"btorras","twitter_card":"summary_large_image","twitter_creator":"@ariasassessors","twitter_site":"@ariasassessors","twitter_misc":{"Escrit per":"btorras","Temps estimat de lectura":"3 minuts"},"schema":{"@context":"https:\/\/schema.org","@graph":[{"@type":"Article","@id":"https:\/\/www.ariasassessors.com\/ca\/pension-media-de-los-autonomos-por-comunidades-autonomas-en-2021\/#article","isPartOf":{"@id":"https:\/\/www.ariasassessors.com\/ca\/pension-media-de-los-autonomos-por-comunidades-autonomas-en-2021\/"},"author":{"name":"btorras","@id":"https:\/\/www.ariasassessors.com\/#\/schema\/person\/63c6ad1775f0a9413c37932562673cef"},"headline":"Pensi\u00f3n media de los aut\u00f3nomos por Comunidades Aut\u00f3nomas en 2021","datePublished":"2021-09-15T11:39:45+00:00","dateModified":"2021-09-15T11:42:43+00:00","mainEntityOfPage":{"@id":"https:\/\/www.ariasassessors.com\/ca\/pension-media-de-los-autonomos-por-comunidades-autonomas-en-2021\/"},"wordCount":681,"commentCount":0,"publisher":{"@id":"https:\/\/www.ariasassessors.com\/#organization"},"image":{"@id":"https:\/\/www.ariasassessors.com\/ca\/pension-media-de-los-autonomos-por-comunidades-autonomas-en-2021\/#primaryimage"},"thumbnailUrl":"https:\/\/www.ariasassessors.com\/wp-content\/uploads\/2021\/09\/Arias_Blog_IMAGEN_DESTACADA-1.png","articleSection":["noticies"],"inLanguage":"ca","potentialAction":[{"@type":"CommentAction","name":"Comment","target":["https:\/\/www.ariasassessors.com\/ca\/pension-media-de-los-autonomos-por-comunidades-autonomas-en-2021\/#respond"]}]},{"@type":"WebPage","@id":"https:\/\/www.ariasassessors.com\/ca\/pension-media-de-los-autonomos-por-comunidades-autonomas-en-2021\/","url":"https:\/\/www.ariasassessors.com\/ca\/pension-media-de-los-autonomos-por-comunidades-autonomas-en-2021\/","name":"Pensi\u00f3n media de los aut\u00f3nomos por Comunidades Aut\u00f3nomas","isPartOf":{"@id":"https:\/\/www.ariasassessors.com\/#website"},"primaryImageOfPage":{"@id":"https:\/\/www.ariasassessors.com\/ca\/pension-media-de-los-autonomos-por-comunidades-autonomas-en-2021\/#primaryimage"},"image":{"@id":"https:\/\/www.ariasassessors.com\/ca\/pension-media-de-los-autonomos-por-comunidades-autonomas-en-2021\/#primaryimage"},"thumbnailUrl":"https:\/\/www.ariasassessors.com\/wp-content\/uploads\/2021\/09\/Arias_Blog_IMAGEN_DESTACADA-1.png","datePublished":"2021-09-15T11:39:45+00:00","dateModified":"2021-09-15T11:42:43+00:00","description":"La Pensi\u00f3n media de los aut\u00f3nomos por Comunidades Aut\u00f3nomas sigue siendo menos de 800 euros al mes. La clave es su baja cotizaci\u00f3n porque muchos aut\u00f3nomos siguen vi\u00e9ndola como un impuesto.","breadcrumb":{"@id":"https:\/\/www.ariasassessors.com\/ca\/pension-media-de-los-autonomos-por-comunidades-autonomas-en-2021\/#breadcrumb"},"inLanguage":"ca","potentialAction":[{"@type":"ReadAction","target":["https:\/\/www.ariasassessors.com\/ca\/pension-media-de-los-autonomos-por-comunidades-autonomas-en-2021\/"]}]},{"@type":"ImageObject","inLanguage":"ca","@id":"https:\/\/www.ariasassessors.com\/ca\/pension-media-de-los-autonomos-por-comunidades-autonomas-en-2021\/#primaryimage","url":"https:\/\/www.ariasassessors.com\/wp-content\/uploads\/2021\/09\/Arias_Blog_IMAGEN_DESTACADA-1.png","contentUrl":"https:\/\/www.ariasassessors.com\/wp-content\/uploads\/2021\/09\/Arias_Blog_IMAGEN_DESTACADA-1.png","width":1920,"height":1202},{"@type":"BreadcrumbList","@id":"https:\/\/www.ariasassessors.com\/ca\/pension-media-de-los-autonomos-por-comunidades-autonomas-en-2021\/#breadcrumb","itemListElement":[{"@type":"ListItem","position":1,"name":"Portada","item":"https:\/\/www.ariasassessors.com\/ca\/"},{"@type":"ListItem","position":2,"name":"Pensi\u00f3n media de los aut\u00f3nomos por Comunidades Aut\u00f3nomas en 2021"}]},{"@type":"WebSite","@id":"https:\/\/www.ariasassessors.com\/#website","url":"https:\/\/www.ariasassessors.com\/","name":"Arias Assessors","description":"Asesor\u00eda para aut\u00f3nomos, profesionales y PYMES","publisher":{"@id":"https:\/\/www.ariasassessors.com\/#organization"},"potentialAction":[{"@type":"SearchAction","target":{"@type":"EntryPoint","urlTemplate":"https:\/\/www.ariasassessors.com\/?s={search_term_string}"},"query-input":{"@type":"PropertyValueSpecification","valueRequired":true,"valueName":"search_term_string"}}],"inLanguage":"ca"},{"@type":"Organization","@id":"https:\/\/www.ariasassessors.com\/#organization","name":"Arias Assessors","url":"https:\/\/www.ariasassessors.com\/","logo":{"@type":"ImageObject","inLanguage":"ca","@id":"https:\/\/www.ariasassessors.com\/#\/schema\/logo\/image\/","url":"https:\/\/www.ariasassessors.com\/wp-content\/uploads\/2019\/01\/arias-logo.png","contentUrl":"https:\/\/www.ariasassessors.com\/wp-content\/uploads\/2019\/01\/arias-logo.png","width":349,"height":254,"caption":"Arias Assessors"},"image":{"@id":"https:\/\/www.ariasassessors.com\/#\/schema\/logo\/image\/"},"sameAs":["https:\/\/www.facebook.com\/ariasassessors\/","https:\/\/x.com\/ariasassessors","https:\/\/www.linkedin.com\/company\/r&amp;amp;r-growing-knowledge\/"]},{"@type":"Person","@id":"https:\/\/www.ariasassessors.com\/#\/schema\/person\/63c6ad1775f0a9413c37932562673cef","name":"btorras","image":{"@type":"ImageObject","inLanguage":"ca","@id":"https:\/\/www.ariasassessors.com\/#\/schema\/person\/image\/","url":"https:\/\/secure.gravatar.com\/avatar\/0531db351fc361fdbfd204c58fa2d6a3?s=96&d=mm&r=g","contentUrl":"https:\/\/secure.gravatar.com\/avatar\/0531db351fc361fdbfd204c58fa2d6a3?s=96&d=mm&r=g","caption":"btorras"}}]}},"_links":{"self":[{"href":"https:\/\/www.ariasassessors.com\/ca\/wp-json\/wp\/v2\/posts\/1643","targetHints":{"allow":["GET"]}}],"collection":[{"href":"https:\/\/www.ariasassessors.com\/ca\/wp-json\/wp\/v2\/posts"}],"about":[{"href":"https:\/\/www.ariasassessors.com\/ca\/wp-json\/wp\/v2\/types\/post"}],"author":[{"embeddable":true,"href":"https:\/\/www.ariasassessors.com\/ca\/wp-json\/wp\/v2\/users\/2"}],"replies":[{"embeddable":true,"href":"https:\/\/www.ariasassessors.com\/ca\/wp-json\/wp\/v2\/comments?post=1643"}],"version-history":[{"count":1,"href":"https:\/\/www.ariasassessors.com\/ca\/wp-json\/wp\/v2\/posts\/1643\/revisions"}],"predecessor-version":[{"id":1647,"href":"https:\/\/www.ariasassessors.com\/ca\/wp-json\/wp\/v2\/posts\/1643\/revisions\/1647"}],"wp:featuredmedia":[{"embeddable":true,"href":"https:\/\/www.ariasassessors.com\/ca\/wp-json\/wp\/v2\/media\/1645"}],"wp:attachment":[{"href":"https:\/\/www.ariasassessors.com\/ca\/wp-json\/wp\/v2\/media?parent=1643"}],"wp:term":[{"taxonomy":"category","embeddable":true,"href":"https:\/\/www.ariasassessors.com\/ca\/wp-json\/wp\/v2\/categories?post=1643"},{"taxonomy":"post_tag","embeddable":true,"href":"https:\/\/www.ariasassessors.com\/ca\/wp-json\/wp\/v2\/tags?post=1643"}],"curies":[{"name":"wp","href":"https:\/\/api.w.org\/{rel}","templated":true}]}}