{"id":1655,"date":"2021-09-27T10:53:17","date_gmt":"2021-09-27T08:53:17","guid":{"rendered":"https:\/\/www.ariasassessors.com\/sexta-y-previsiblemente-ultima-prorroga-de-los-erte-hasta-el-31-de-enero-nuevas-reglas-y-ayudas-ligadas-a-la-formacion\/"},"modified":"2021-09-27T10:54:09","modified_gmt":"2021-09-27T08:54:09","slug":"sexta-y-previsiblemente-ultima-prorroga-de-los-erte-hasta-el-31-de-enero-nuevas-reglas-y-ayudas-ligadas-a-la-formacion","status":"publish","type":"post","link":"https:\/\/www.ariasassessors.com\/ca\/sexta-y-previsiblemente-ultima-prorroga-de-los-erte-hasta-el-31-de-enero-nuevas-reglas-y-ayudas-ligadas-a-la-formacion\/","title":{"rendered":"Sexta y previsiblemente \u00faltima pr\u00f3rroga de los ERTE hasta el 31 de enero: nuevas reglas y ayudas ligadas a la formaci\u00f3n"},"content":{"rendered":"<div id=\"ez-toc-container\" class=\"ez-toc-v2_0_72 counter-hierarchy ez-toc-counter ez-toc-grey ez-toc-container-direction\">\n<div class=\"ez-toc-title-container\">\n<p class=\"ez-toc-title\" style=\"cursor:inherit\">\u00cdndice de Contenidos<\/p>\n<span class=\"ez-toc-title-toggle\"><a href=\"#\" class=\"ez-toc-pull-right ez-toc-btn ez-toc-btn-xs ez-toc-btn-default ez-toc-toggle\" aria-label=\"Toggle Table of Content\"><span class=\"ez-toc-js-icon-con\"><span class=\"\"><span class=\"eztoc-hide\" style=\"display:none;\">Toggle<\/span><span class=\"ez-toc-icon-toggle-span\"><svg style=\"fill: #428bca;color:#428bca\" xmlns=\"http:\/\/www.w3.org\/2000\/svg\" class=\"list-377408\" width=\"20px\" height=\"20px\" viewBox=\"0 0 24 24\" fill=\"none\"><path d=\"M6 6H4v2h2V6zm14 0H8v2h12V6zM4 11h2v2H4v-2zm16 0H8v2h12v-2zM4 16h2v2H4v-2zm16 0H8v2h12v-2z\" fill=\"currentColor\"><\/path><\/svg><svg style=\"fill: #428bca;color:#428bca\" class=\"arrow-unsorted-368013\" xmlns=\"http:\/\/www.w3.org\/2000\/svg\" width=\"10px\" height=\"10px\" viewBox=\"0 0 24 24\" version=\"1.2\" baseProfile=\"tiny\"><path d=\"M18.2 9.3l-6.2-6.3-6.2 6.3c-.2.2-.3.4-.3.7s.1.5.3.7c.2.2.4.3.7.3h11c.3 0 .5-.1.7-.3.2-.2.3-.5.3-.7s-.1-.5-.3-.7zM5.8 14.7l6.2 6.3 6.2-6.3c.2-.2.3-.5.3-.7s-.1-.5-.3-.7c-.2-.2-.4-.3-.7-.3h-11c-.3 0-.5.1-.7.3-.2.2-.3.5-.3.7s.1.5.3.7z\"\/><\/svg><\/span><\/span><\/span><\/a><\/span><\/div>\n<nav><ul class='ez-toc-list ez-toc-list-level-1 eztoc-toggle-hide-by-default' ><li class='ez-toc-page-1 ez-toc-heading-level-4'><a class=\"ez-toc-link ez-toc-heading-1\" href=\"https:\/\/www.ariasassessors.com\/ca\/sexta-y-previsiblemente-ultima-prorroga-de-los-erte-hasta-el-31-de-enero-nuevas-reglas-y-ayudas-ligadas-a-la-formacion\/#Con_el_inicio_de_las_negociaciones_para_la_prorroga_de_los_ERTE_mas_alla_del_30_de_septiembre_se_empiezan_a_conocer_las_posibles_nuevas_reglas_para_estos_mecanismos_prorroga_hasta_el_31_de_enero_ayudas_ligadas_a_la_formacion_no_se_dara_una_renovacion_automatica_las_empresas_tendran_que_pedir_un_nuevo_expediente_y_los_trabajadores_deberan_renovar_sus_prestaciones\" title=\"Con el inicio de las negociaciones para la pr\u00f3rroga de los ERTE m\u00e1s all\u00e1 del 30 de septiembre se empiezan a conocer las posibles nuevas reglas para estos mecanismos: pr\u00f3rroga hasta el 31 de enero; ayudas ligadas a la formaci\u00f3n; no se dar\u00e1 una renovaci\u00f3n autom\u00e1tica, las empresas tendr\u00e1n que pedir un nuevo expediente; y, los trabajadores deber\u00e1n renovar sus prestaciones.\">Con el inicio de las negociaciones para la pr\u00f3rroga de los ERTE m\u00e1s all\u00e1 del 30 de septiembre se empiezan a conocer las posibles nuevas reglas para estos mecanismos: pr\u00f3rroga hasta el 31 de enero; ayudas ligadas a la formaci\u00f3n; no se dar\u00e1 una renovaci\u00f3n autom\u00e1tica, las empresas tendr\u00e1n que pedir un nuevo expediente; y, los trabajadores deber\u00e1n renovar sus prestaciones.<\/a><\/li><li class='ez-toc-page-1 ez-toc-heading-level-4'><a class=\"ez-toc-link ez-toc-heading-2\" href=\"https:\/\/www.ariasassessors.com\/ca\/sexta-y-previsiblemente-ultima-prorroga-de-los-erte-hasta-el-31-de-enero-nuevas-reglas-y-ayudas-ligadas-a-la-formacion\/#Formacion_durante_la_afectacion_por_un_ERTE\" title=\"Formaci\u00f3n durante la afectaci\u00f3n por un ERTE\">Formaci\u00f3n durante la afectaci\u00f3n por un ERTE<\/a><\/li><\/ul><\/nav><\/div>\n<h4><span class=\"ez-toc-section\" id=\"Con_el_inicio_de_las_negociaciones_para_la_prorroga_de_los_ERTE_mas_alla_del_30_de_septiembre_se_empiezan_a_conocer_las_posibles_nuevas_reglas_para_estos_mecanismos_prorroga_hasta_el_31_de_enero_ayudas_ligadas_a_la_formacion_no_se_dara_una_renovacion_automatica_las_empresas_tendran_que_pedir_un_nuevo_expediente_y_los_trabajadores_deberan_renovar_sus_prestaciones\"><\/span><em>Con el inicio de las negociaciones para la pr\u00f3rroga de los ERTE m\u00e1s all\u00e1 del 30 de septiembre se empiezan a conocer las posibles nuevas reglas para estos mecanismos: pr\u00f3rroga hasta el 31 de enero; ayudas ligadas a la formaci\u00f3n; no se dar\u00e1 una renovaci\u00f3n autom\u00e1tica, las empresas tendr\u00e1n que pedir un nuevo expediente; y, los trabajadores deber\u00e1n renovar sus prestaciones.<\/em><span class=\"ez-toc-section-end\"><\/span><\/h4>\n<p>Por lo adelantado en diferentes medios, hasta que resulte de aplicaci\u00f3n el\u00a0<a href=\"https:\/\/www.iberley.es\/noticias\/16-septiembre-arrancan-negociaciones-prorroga-erte-31007\">mecanismo\u00a0permanente para 2022<\/a>\u00a0del que a\u00fan no se conocen los detalles importantes, parece inminente una\u00a0<strong>nueva pr\u00f3rroga de los ERTES COVID-19 desde el 1 de octubre al 31 de enero de 2022<\/strong>.<\/p>\n<p>Teniendo en cuenta\u00a0que el n\u00famero de personas trabajadoras en ERTE ronda las 253.000 personas y, de ellas, menos de 180.000 est\u00e1n en suspensi\u00f3n total, la propuesta adelantada por el Ejecutivo para los denominados\u00a0<em>\u00ab<\/em><strong><em>ERTES de transici\u00f3n<\/em><\/strong><em>\u00bb<\/em>\u00a0llegar\u00e1n con novedades en distintos \u00e1mbitos:<\/p>\n<p>&#8211; Las ayudas de los nuevos ERTE se ligar\u00e1n a la formaci\u00f3n, siendo esta \u2014y no la \u00ab<em>activaci\u00f3n<\/em>\u00bb mediante exoneraciones de cuotas de la Seguridad Social para las empresas en ERTE que siguen sin poder reanudar su actividad\u2014\u00a0la prioridad.<\/p>\n<p>&#8211; La posible pr\u00f3rroga ser\u00eda hasta el 31 de enero.<\/p>\n<p>&#8211; No existir\u00e1 renovaci\u00f3n autom\u00e1tica por lo que:<\/p>\n<ul>\n<li>Las partes deber\u00e1n acordar condiciones para la suspensi\u00f3n o reducci\u00f3n de jornada.<\/li>\n<li>Las empresas deber\u00e1n presentar la documentaci\u00f3n requerida y realizar los tr\u00e1mites que se especifiquen.<\/li>\n<\/ul>\n<p>&#8211; Los trabajadores deber\u00e1n renovar sus prestaciones con el SEPE.<\/p>\n<p>Del mismo modo, de ha adelantado la renovaci\u00f3n\u00a0de la prestaci\u00f3n por cese de actividad de los aut\u00f3nomos ligada a los efectos de la pandemia, cuya protecci\u00f3n acoge actualmente a unas\u00a0225.000 personas aut\u00f3nomas.<\/p>\n<h4><span class=\"ez-toc-section\" id=\"Formacion_durante_la_afectacion_por_un_ERTE\"><\/span><strong>Formaci\u00f3n durante la afectaci\u00f3n por un ERTE<\/strong><span class=\"ez-toc-section-end\"><\/span><\/h4>\n<p>Siguiendo las declaraciones del ministro de Seguridad Social, Jos\u00e9 Lu\u00eds Escriv\u00e1, la formaci\u00f3n supondr\u00e1\u00a0un elemento adicional y central en el nuevo esquema de transici\u00f3n de los ERTE. A falta de conocer las novedades en la materia, recordar que el art.\u00a0<a href=\"https:\/\/www.iberley.es\/legislacion\/real-decreto-694-2017-3-jul-desarrollo-ley-30-2015-formacion-profesional-empleo-25267055?ancla=9429078#ancla_9429078\">5.1<\/a>.a) del\u00a0<a href=\"https:\/\/www.iberley.es\/legislacion\/real-decreto-694-2017-3-jul-desarrollo-ley-30-2015-formacion-profesional-empleo-25267055\">Real Decreto 694\/2017, de 3 de julio<\/a>, por el que se desarrolla la\u00a0<a href=\"https:\/\/www.iberley.es\/legislacion\/ley-30-2015-9-sep-sistema-formacion-profesional-empleo-ambito-laboral-23127501\">Ley 30\/2015, de 9 de septiembre<\/a>, por la que se regula el Sistema de Formaci\u00f3n Profesional para el Empleo en el \u00e1mbito laboral, establece la posibilidad de\u00a0ser destinatarios de la formaci\u00f3n profesional para el empleo todos los trabajadores ocupados y desempleados, en los t\u00e9rminos que a continuaci\u00f3n se se\u00f1alan:<\/p>\n<p><em>\u00aba) De acuerdo con lo establecido en el art\u00edculo\u00a0<a href=\"https:\/\/www.iberley.es\/legislacion\/ley-30-2015-9-sep-sistema-formacion-profesional-empleo-ambito-laboral-23127501?ancla=9202971#ancla_9202971\">9.1<\/a>\u00a0de la\u00a0<a href=\"https:\/\/www.iberley.es\/legislacion\/ley-30-2015-9-sep-sistema-formacion-profesional-empleo-ambito-laboral-23127501\">Ley 30\/2015, de 9 de septiembre<\/a>, en la formaci\u00f3n programada por las empresas, regulada en el cap\u00edtulo II, podr\u00e1n participar los trabajadores asalariados que presten sus servicios en empresas o en entidades p\u00fablicas no incluidas en el \u00e1mbito de aplicaci\u00f3n de los acuerdos de formaci\u00f3n en las Administraciones P\u00fablicas y coticen a la Seguridad Social en concepto de formaci\u00f3n profesional, incluidos los trabajadores fijos discontinuos en los per\u00edodos de no ocupaci\u00f3n, as\u00ed como los trabajadores que accedan a situaci\u00f3n de desempleo cuando se encuentren en per\u00edodo formativo y los\u00a0<\/em><strong><em>trabajadores afectados por medidas temporales de suspensi\u00f3n de contrato por causas econ\u00f3micas, t\u00e9cnicas, organizativas o de producci\u00f3n, en sus per\u00edodos de suspensi\u00f3n de empleo.<\/em><\/strong><\/p>\n<p><em>Asimismo, podr\u00e1n participar en esta iniciativa de formaci\u00f3n en las condiciones que se determinen, los trabajadores de los colectivos cuyo r\u00e9gimen de cotizaci\u00f3n contemple el pago de la cuota por el concepto de formaci\u00f3n profesional\u00bb.<\/em><\/p>\n","protected":false},"excerpt":{"rendered":"<p>Con el inicio de las negociaciones para la pr\u00f3rroga de los ERTE m\u00e1s all\u00e1 del 30 de septiembre se empiezan a conocer las posibles nuevas reglas para estos mecanismos: pr\u00f3rroga hasta el 31 de enero; ayudas ligadas a la formaci\u00f3n; no se dar\u00e1 una renovaci\u00f3n&#8230;<\/p>\n","protected":false},"author":2,"featured_media":1653,"comment_status":"open","ping_status":"open","sticky":false,"template":"","format":"standard","meta":{"footnotes":""},"categories":[4],"tags":[],"class_list":["post-1655","post","type-post","status-publish","format-standard","has-post-thumbnail","hentry","category-noticies"],"yoast_head":"<!-- This site is optimized with the Yoast SEO plugin v24.3 - https:\/\/yoast.com\/wordpress\/plugins\/seo\/ -->\n<title>Sexta y previsiblemente \u00faltima pr\u00f3rroga de los ERTE<\/title>\n<meta name=\"description\" content=\"Sexta y previsiblemente \u00faltima pr\u00f3rroga de los ERTE hasta el 31 de enero: nuevas reglas y ayudas ligadas a la formaci\u00f3n.\" \/>\n<meta name=\"robots\" content=\"index, follow, max-snippet:-1, max-image-preview:large, max-video-preview:-1\" \/>\n<link rel=\"canonical\" href=\"https:\/\/www.ariasassessors.com\/ca\/sexta-y-previsiblemente-ultima-prorroga-de-los-erte-hasta-el-31-de-enero-nuevas-reglas-y-ayudas-ligadas-a-la-formacion\/\" \/>\n<meta property=\"og:locale\" content=\"ca_ES\" \/>\n<meta property=\"og:type\" content=\"article\" \/>\n<meta property=\"og:title\" content=\"Sexta y previsiblemente \u00faltima pr\u00f3rroga de los ERTE\" \/>\n<meta property=\"og:description\" content=\"Sexta y previsiblemente \u00faltima pr\u00f3rroga de los ERTE hasta el 31 de enero: nuevas reglas y ayudas ligadas a la formaci\u00f3n.\" \/>\n<meta property=\"og:url\" content=\"https:\/\/www.ariasassessors.com\/ca\/sexta-y-previsiblemente-ultima-prorroga-de-los-erte-hasta-el-31-de-enero-nuevas-reglas-y-ayudas-ligadas-a-la-formacion\/\" \/>\n<meta property=\"og:site_name\" content=\"Arias Assessors\" \/>\n<meta property=\"article:publisher\" content=\"https:\/\/www.facebook.com\/ariasassessors\/\" \/>\n<meta property=\"article:published_time\" content=\"2021-09-27T08:53:17+00:00\" \/>\n<meta property=\"article:modified_time\" content=\"2021-09-27T08:54:09+00:00\" \/>\n<meta property=\"og:image\" content=\"https:\/\/www.ariasassessors.com\/wp-content\/uploads\/2021\/09\/Arias_Blog_IMAGEN_DESTACADA-2.png\" \/>\n\t<meta property=\"og:image:width\" content=\"1920\" \/>\n\t<meta property=\"og:image:height\" content=\"1202\" \/>\n\t<meta property=\"og:image:type\" content=\"image\/png\" \/>\n<meta name=\"author\" content=\"btorras\" \/>\n<meta name=\"twitter:card\" content=\"summary_large_image\" \/>\n<meta name=\"twitter:creator\" content=\"@ariasassessors\" \/>\n<meta name=\"twitter:site\" content=\"@ariasassessors\" \/>\n<meta name=\"twitter:label1\" content=\"Escrit per\" \/>\n\t<meta name=\"twitter:data1\" content=\"btorras\" \/>\n\t<meta name=\"twitter:label2\" content=\"Temps estimat de lectura\" \/>\n\t<meta name=\"twitter:data2\" content=\"3 minuts\" \/>\n<script type=\"application\/ld+json\" class=\"yoast-schema-graph\">{\"@context\":\"https:\/\/schema.org\",\"@graph\":[{\"@type\":\"Article\",\"@id\":\"https:\/\/www.ariasassessors.com\/ca\/sexta-y-previsiblemente-ultima-prorroga-de-los-erte-hasta-el-31-de-enero-nuevas-reglas-y-ayudas-ligadas-a-la-formacion\/#article\",\"isPartOf\":{\"@id\":\"https:\/\/www.ariasassessors.com\/ca\/sexta-y-previsiblemente-ultima-prorroga-de-los-erte-hasta-el-31-de-enero-nuevas-reglas-y-ayudas-ligadas-a-la-formacion\/\"},\"author\":{\"name\":\"btorras\",\"@id\":\"https:\/\/www.ariasassessors.com\/#\/schema\/person\/63c6ad1775f0a9413c37932562673cef\"},\"headline\":\"Sexta y previsiblemente \u00faltima pr\u00f3rroga de los ERTE hasta el 31 de enero: nuevas reglas y ayudas ligadas a la formaci\u00f3n\",\"datePublished\":\"2021-09-27T08:53:17+00:00\",\"dateModified\":\"2021-09-27T08:54:09+00:00\",\"mainEntityOfPage\":{\"@id\":\"https:\/\/www.ariasassessors.com\/ca\/sexta-y-previsiblemente-ultima-prorroga-de-los-erte-hasta-el-31-de-enero-nuevas-reglas-y-ayudas-ligadas-a-la-formacion\/\"},\"wordCount\":624,\"commentCount\":0,\"publisher\":{\"@id\":\"https:\/\/www.ariasassessors.com\/#organization\"},\"image\":{\"@id\":\"https:\/\/www.ariasassessors.com\/ca\/sexta-y-previsiblemente-ultima-prorroga-de-los-erte-hasta-el-31-de-enero-nuevas-reglas-y-ayudas-ligadas-a-la-formacion\/#primaryimage\"},\"thumbnailUrl\":\"https:\/\/www.ariasassessors.com\/wp-content\/uploads\/2021\/09\/Arias_Blog_IMAGEN_DESTACADA-2.png\",\"articleSection\":[\"noticies\"],\"inLanguage\":\"ca\",\"potentialAction\":[{\"@type\":\"CommentAction\",\"name\":\"Comment\",\"target\":[\"https:\/\/www.ariasassessors.com\/ca\/sexta-y-previsiblemente-ultima-prorroga-de-los-erte-hasta-el-31-de-enero-nuevas-reglas-y-ayudas-ligadas-a-la-formacion\/#respond\"]}]},{\"@type\":\"WebPage\",\"@id\":\"https:\/\/www.ariasassessors.com\/ca\/sexta-y-previsiblemente-ultima-prorroga-de-los-erte-hasta-el-31-de-enero-nuevas-reglas-y-ayudas-ligadas-a-la-formacion\/\",\"url\":\"https:\/\/www.ariasassessors.com\/ca\/sexta-y-previsiblemente-ultima-prorroga-de-los-erte-hasta-el-31-de-enero-nuevas-reglas-y-ayudas-ligadas-a-la-formacion\/\",\"name\":\"Sexta y previsiblemente \u00faltima pr\u00f3rroga de los ERTE\",\"isPartOf\":{\"@id\":\"https:\/\/www.ariasassessors.com\/#website\"},\"primaryImageOfPage\":{\"@id\":\"https:\/\/www.ariasassessors.com\/ca\/sexta-y-previsiblemente-ultima-prorroga-de-los-erte-hasta-el-31-de-enero-nuevas-reglas-y-ayudas-ligadas-a-la-formacion\/#primaryimage\"},\"image\":{\"@id\":\"https:\/\/www.ariasassessors.com\/ca\/sexta-y-previsiblemente-ultima-prorroga-de-los-erte-hasta-el-31-de-enero-nuevas-reglas-y-ayudas-ligadas-a-la-formacion\/#primaryimage\"},\"thumbnailUrl\":\"https:\/\/www.ariasassessors.com\/wp-content\/uploads\/2021\/09\/Arias_Blog_IMAGEN_DESTACADA-2.png\",\"datePublished\":\"2021-09-27T08:53:17+00:00\",\"dateModified\":\"2021-09-27T08:54:09+00:00\",\"description\":\"Sexta y previsiblemente \u00faltima pr\u00f3rroga de los ERTE hasta el 31 de enero: nuevas reglas y ayudas ligadas a la formaci\u00f3n.\",\"breadcrumb\":{\"@id\":\"https:\/\/www.ariasassessors.com\/ca\/sexta-y-previsiblemente-ultima-prorroga-de-los-erte-hasta-el-31-de-enero-nuevas-reglas-y-ayudas-ligadas-a-la-formacion\/#breadcrumb\"},\"inLanguage\":\"ca\",\"potentialAction\":[{\"@type\":\"ReadAction\",\"target\":[\"https:\/\/www.ariasassessors.com\/ca\/sexta-y-previsiblemente-ultima-prorroga-de-los-erte-hasta-el-31-de-enero-nuevas-reglas-y-ayudas-ligadas-a-la-formacion\/\"]}]},{\"@type\":\"ImageObject\",\"inLanguage\":\"ca\",\"@id\":\"https:\/\/www.ariasassessors.com\/ca\/sexta-y-previsiblemente-ultima-prorroga-de-los-erte-hasta-el-31-de-enero-nuevas-reglas-y-ayudas-ligadas-a-la-formacion\/#primaryimage\",\"url\":\"https:\/\/www.ariasassessors.com\/wp-content\/uploads\/2021\/09\/Arias_Blog_IMAGEN_DESTACADA-2.png\",\"contentUrl\":\"https:\/\/www.ariasassessors.com\/wp-content\/uploads\/2021\/09\/Arias_Blog_IMAGEN_DESTACADA-2.png\",\"width\":1920,\"height\":1202},{\"@type\":\"BreadcrumbList\",\"@id\":\"https:\/\/www.ariasassessors.com\/ca\/sexta-y-previsiblemente-ultima-prorroga-de-los-erte-hasta-el-31-de-enero-nuevas-reglas-y-ayudas-ligadas-a-la-formacion\/#breadcrumb\",\"itemListElement\":[{\"@type\":\"ListItem\",\"position\":1,\"name\":\"Portada\",\"item\":\"https:\/\/www.ariasassessors.com\/ca\/\"},{\"@type\":\"ListItem\",\"position\":2,\"name\":\"Sexta y previsiblemente \u00faltima pr\u00f3rroga de los ERTE hasta el 31 de enero: nuevas reglas y ayudas ligadas a la formaci\u00f3n\"}]},{\"@type\":\"WebSite\",\"@id\":\"https:\/\/www.ariasassessors.com\/#website\",\"url\":\"https:\/\/www.ariasassessors.com\/\",\"name\":\"Arias Assessors\",\"description\":\"Asesor\u00eda para aut\u00f3nomos, profesionales y PYMES\",\"publisher\":{\"@id\":\"https:\/\/www.ariasassessors.com\/#organization\"},\"potentialAction\":[{\"@type\":\"SearchAction\",\"target\":{\"@type\":\"EntryPoint\",\"urlTemplate\":\"https:\/\/www.ariasassessors.com\/?s={search_term_string}\"},\"query-input\":{\"@type\":\"PropertyValueSpecification\",\"valueRequired\":true,\"valueName\":\"search_term_string\"}}],\"inLanguage\":\"ca\"},{\"@type\":\"Organization\",\"@id\":\"https:\/\/www.ariasassessors.com\/#organization\",\"name\":\"Arias Assessors\",\"url\":\"https:\/\/www.ariasassessors.com\/\",\"logo\":{\"@type\":\"ImageObject\",\"inLanguage\":\"ca\",\"@id\":\"https:\/\/www.ariasassessors.com\/#\/schema\/logo\/image\/\",\"url\":\"https:\/\/www.ariasassessors.com\/wp-content\/uploads\/2019\/01\/arias-logo.png\",\"contentUrl\":\"https:\/\/www.ariasassessors.com\/wp-content\/uploads\/2019\/01\/arias-logo.png\",\"width\":349,\"height\":254,\"caption\":\"Arias Assessors\"},\"image\":{\"@id\":\"https:\/\/www.ariasassessors.com\/#\/schema\/logo\/image\/\"},\"sameAs\":[\"https:\/\/www.facebook.com\/ariasassessors\/\",\"https:\/\/x.com\/ariasassessors\",\"https:\/\/www.linkedin.com\/company\/r&amp;amp;r-growing-knowledge\/\"]},{\"@type\":\"Person\",\"@id\":\"https:\/\/www.ariasassessors.com\/#\/schema\/person\/63c6ad1775f0a9413c37932562673cef\",\"name\":\"btorras\",\"image\":{\"@type\":\"ImageObject\",\"inLanguage\":\"ca\",\"@id\":\"https:\/\/www.ariasassessors.com\/#\/schema\/person\/image\/\",\"url\":\"https:\/\/secure.gravatar.com\/avatar\/0531db351fc361fdbfd204c58fa2d6a3?s=96&d=mm&r=g\",\"contentUrl\":\"https:\/\/secure.gravatar.com\/avatar\/0531db351fc361fdbfd204c58fa2d6a3?s=96&d=mm&r=g\",\"caption\":\"btorras\"}}]}<\/script>\n<!-- \/ Yoast SEO plugin. -->","yoast_head_json":{"title":"Sexta y previsiblemente \u00faltima pr\u00f3rroga de los ERTE","description":"Sexta y previsiblemente \u00faltima pr\u00f3rroga de los ERTE hasta el 31 de enero: nuevas reglas y ayudas ligadas a la formaci\u00f3n.","robots":{"index":"index","follow":"follow","max-snippet":"max-snippet:-1","max-image-preview":"max-image-preview:large","max-video-preview":"max-video-preview:-1"},"canonical":"https:\/\/www.ariasassessors.com\/ca\/sexta-y-previsiblemente-ultima-prorroga-de-los-erte-hasta-el-31-de-enero-nuevas-reglas-y-ayudas-ligadas-a-la-formacion\/","og_locale":"ca_ES","og_type":"article","og_title":"Sexta y previsiblemente \u00faltima pr\u00f3rroga de los ERTE","og_description":"Sexta y previsiblemente \u00faltima pr\u00f3rroga de los ERTE hasta el 31 de enero: nuevas reglas y ayudas ligadas a la formaci\u00f3n.","og_url":"https:\/\/www.ariasassessors.com\/ca\/sexta-y-previsiblemente-ultima-prorroga-de-los-erte-hasta-el-31-de-enero-nuevas-reglas-y-ayudas-ligadas-a-la-formacion\/","og_site_name":"Arias Assessors","article_publisher":"https:\/\/www.facebook.com\/ariasassessors\/","article_published_time":"2021-09-27T08:53:17+00:00","article_modified_time":"2021-09-27T08:54:09+00:00","og_image":[{"width":1920,"height":1202,"url":"https:\/\/www.ariasassessors.com\/wp-content\/uploads\/2021\/09\/Arias_Blog_IMAGEN_DESTACADA-2.png","type":"image\/png"}],"author":"btorras","twitter_card":"summary_large_image","twitter_creator":"@ariasassessors","twitter_site":"@ariasassessors","twitter_misc":{"Escrit per":"btorras","Temps estimat de lectura":"3 minuts"},"schema":{"@context":"https:\/\/schema.org","@graph":[{"@type":"Article","@id":"https:\/\/www.ariasassessors.com\/ca\/sexta-y-previsiblemente-ultima-prorroga-de-los-erte-hasta-el-31-de-enero-nuevas-reglas-y-ayudas-ligadas-a-la-formacion\/#article","isPartOf":{"@id":"https:\/\/www.ariasassessors.com\/ca\/sexta-y-previsiblemente-ultima-prorroga-de-los-erte-hasta-el-31-de-enero-nuevas-reglas-y-ayudas-ligadas-a-la-formacion\/"},"author":{"name":"btorras","@id":"https:\/\/www.ariasassessors.com\/#\/schema\/person\/63c6ad1775f0a9413c37932562673cef"},"headline":"Sexta y previsiblemente \u00faltima pr\u00f3rroga de los ERTE hasta el 31 de enero: nuevas reglas y ayudas ligadas a la formaci\u00f3n","datePublished":"2021-09-27T08:53:17+00:00","dateModified":"2021-09-27T08:54:09+00:00","mainEntityOfPage":{"@id":"https:\/\/www.ariasassessors.com\/ca\/sexta-y-previsiblemente-ultima-prorroga-de-los-erte-hasta-el-31-de-enero-nuevas-reglas-y-ayudas-ligadas-a-la-formacion\/"},"wordCount":624,"commentCount":0,"publisher":{"@id":"https:\/\/www.ariasassessors.com\/#organization"},"image":{"@id":"https:\/\/www.ariasassessors.com\/ca\/sexta-y-previsiblemente-ultima-prorroga-de-los-erte-hasta-el-31-de-enero-nuevas-reglas-y-ayudas-ligadas-a-la-formacion\/#primaryimage"},"thumbnailUrl":"https:\/\/www.ariasassessors.com\/wp-content\/uploads\/2021\/09\/Arias_Blog_IMAGEN_DESTACADA-2.png","articleSection":["noticies"],"inLanguage":"ca","potentialAction":[{"@type":"CommentAction","name":"Comment","target":["https:\/\/www.ariasassessors.com\/ca\/sexta-y-previsiblemente-ultima-prorroga-de-los-erte-hasta-el-31-de-enero-nuevas-reglas-y-ayudas-ligadas-a-la-formacion\/#respond"]}]},{"@type":"WebPage","@id":"https:\/\/www.ariasassessors.com\/ca\/sexta-y-previsiblemente-ultima-prorroga-de-los-erte-hasta-el-31-de-enero-nuevas-reglas-y-ayudas-ligadas-a-la-formacion\/","url":"https:\/\/www.ariasassessors.com\/ca\/sexta-y-previsiblemente-ultima-prorroga-de-los-erte-hasta-el-31-de-enero-nuevas-reglas-y-ayudas-ligadas-a-la-formacion\/","name":"Sexta y previsiblemente \u00faltima pr\u00f3rroga de los ERTE","isPartOf":{"@id":"https:\/\/www.ariasassessors.com\/#website"},"primaryImageOfPage":{"@id":"https:\/\/www.ariasassessors.com\/ca\/sexta-y-previsiblemente-ultima-prorroga-de-los-erte-hasta-el-31-de-enero-nuevas-reglas-y-ayudas-ligadas-a-la-formacion\/#primaryimage"},"image":{"@id":"https:\/\/www.ariasassessors.com\/ca\/sexta-y-previsiblemente-ultima-prorroga-de-los-erte-hasta-el-31-de-enero-nuevas-reglas-y-ayudas-ligadas-a-la-formacion\/#primaryimage"},"thumbnailUrl":"https:\/\/www.ariasassessors.com\/wp-content\/uploads\/2021\/09\/Arias_Blog_IMAGEN_DESTACADA-2.png","datePublished":"2021-09-27T08:53:17+00:00","dateModified":"2021-09-27T08:54:09+00:00","description":"Sexta y previsiblemente \u00faltima pr\u00f3rroga de los ERTE hasta el 31 de enero: nuevas reglas y ayudas ligadas a la formaci\u00f3n.","breadcrumb":{"@id":"https:\/\/www.ariasassessors.com\/ca\/sexta-y-previsiblemente-ultima-prorroga-de-los-erte-hasta-el-31-de-enero-nuevas-reglas-y-ayudas-ligadas-a-la-formacion\/#breadcrumb"},"inLanguage":"ca","potentialAction":[{"@type":"ReadAction","target":["https:\/\/www.ariasassessors.com\/ca\/sexta-y-previsiblemente-ultima-prorroga-de-los-erte-hasta-el-31-de-enero-nuevas-reglas-y-ayudas-ligadas-a-la-formacion\/"]}]},{"@type":"ImageObject","inLanguage":"ca","@id":"https:\/\/www.ariasassessors.com\/ca\/sexta-y-previsiblemente-ultima-prorroga-de-los-erte-hasta-el-31-de-enero-nuevas-reglas-y-ayudas-ligadas-a-la-formacion\/#primaryimage","url":"https:\/\/www.ariasassessors.com\/wp-content\/uploads\/2021\/09\/Arias_Blog_IMAGEN_DESTACADA-2.png","contentUrl":"https:\/\/www.ariasassessors.com\/wp-content\/uploads\/2021\/09\/Arias_Blog_IMAGEN_DESTACADA-2.png","width":1920,"height":1202},{"@type":"BreadcrumbList","@id":"https:\/\/www.ariasassessors.com\/ca\/sexta-y-previsiblemente-ultima-prorroga-de-los-erte-hasta-el-31-de-enero-nuevas-reglas-y-ayudas-ligadas-a-la-formacion\/#breadcrumb","itemListElement":[{"@type":"ListItem","position":1,"name":"Portada","item":"https:\/\/www.ariasassessors.com\/ca\/"},{"@type":"ListItem","position":2,"name":"Sexta y previsiblemente \u00faltima pr\u00f3rroga de los ERTE hasta el 31 de enero: nuevas reglas y ayudas ligadas a la formaci\u00f3n"}]},{"@type":"WebSite","@id":"https:\/\/www.ariasassessors.com\/#website","url":"https:\/\/www.ariasassessors.com\/","name":"Arias Assessors","description":"Asesor\u00eda para aut\u00f3nomos, profesionales y PYMES","publisher":{"@id":"https:\/\/www.ariasassessors.com\/#organization"},"potentialAction":[{"@type":"SearchAction","target":{"@type":"EntryPoint","urlTemplate":"https:\/\/www.ariasassessors.com\/?s={search_term_string}"},"query-input":{"@type":"PropertyValueSpecification","valueRequired":true,"valueName":"search_term_string"}}],"inLanguage":"ca"},{"@type":"Organization","@id":"https:\/\/www.ariasassessors.com\/#organization","name":"Arias Assessors","url":"https:\/\/www.ariasassessors.com\/","logo":{"@type":"ImageObject","inLanguage":"ca","@id":"https:\/\/www.ariasassessors.com\/#\/schema\/logo\/image\/","url":"https:\/\/www.ariasassessors.com\/wp-content\/uploads\/2019\/01\/arias-logo.png","contentUrl":"https:\/\/www.ariasassessors.com\/wp-content\/uploads\/2019\/01\/arias-logo.png","width":349,"height":254,"caption":"Arias Assessors"},"image":{"@id":"https:\/\/www.ariasassessors.com\/#\/schema\/logo\/image\/"},"sameAs":["https:\/\/www.facebook.com\/ariasassessors\/","https:\/\/x.com\/ariasassessors","https:\/\/www.linkedin.com\/company\/r&amp;amp;r-growing-knowledge\/"]},{"@type":"Person","@id":"https:\/\/www.ariasassessors.com\/#\/schema\/person\/63c6ad1775f0a9413c37932562673cef","name":"btorras","image":{"@type":"ImageObject","inLanguage":"ca","@id":"https:\/\/www.ariasassessors.com\/#\/schema\/person\/image\/","url":"https:\/\/secure.gravatar.com\/avatar\/0531db351fc361fdbfd204c58fa2d6a3?s=96&d=mm&r=g","contentUrl":"https:\/\/secure.gravatar.com\/avatar\/0531db351fc361fdbfd204c58fa2d6a3?s=96&d=mm&r=g","caption":"btorras"}}]}},"_links":{"self":[{"href":"https:\/\/www.ariasassessors.com\/ca\/wp-json\/wp\/v2\/posts\/1655","targetHints":{"allow":["GET"]}}],"collection":[{"href":"https:\/\/www.ariasassessors.com\/ca\/wp-json\/wp\/v2\/posts"}],"about":[{"href":"https:\/\/www.ariasassessors.com\/ca\/wp-json\/wp\/v2\/types\/post"}],"author":[{"embeddable":true,"href":"https:\/\/www.ariasassessors.com\/ca\/wp-json\/wp\/v2\/users\/2"}],"replies":[{"embeddable":true,"href":"https:\/\/www.ariasassessors.com\/ca\/wp-json\/wp\/v2\/comments?post=1655"}],"version-history":[{"count":1,"href":"https:\/\/www.ariasassessors.com\/ca\/wp-json\/wp\/v2\/posts\/1655\/revisions"}],"predecessor-version":[{"id":1656,"href":"https:\/\/www.ariasassessors.com\/ca\/wp-json\/wp\/v2\/posts\/1655\/revisions\/1656"}],"wp:featuredmedia":[{"embeddable":true,"href":"https:\/\/www.ariasassessors.com\/ca\/wp-json\/wp\/v2\/media\/1653"}],"wp:attachment":[{"href":"https:\/\/www.ariasassessors.com\/ca\/wp-json\/wp\/v2\/media?parent=1655"}],"wp:term":[{"taxonomy":"category","embeddable":true,"href":"https:\/\/www.ariasassessors.com\/ca\/wp-json\/wp\/v2\/categories?post=1655"},{"taxonomy":"post_tag","embeddable":true,"href":"https:\/\/www.ariasassessors.com\/ca\/wp-json\/wp\/v2\/tags?post=1655"}],"curies":[{"name":"wp","href":"https:\/\/api.w.org\/{rel}","templated":true}]}}