{"id":1671,"date":"2021-10-04T16:04:19","date_gmt":"2021-10-04T14:04:19","guid":{"rendered":"https:\/\/www.ariasassessors.com\/subvencions-2021-comerc-i-serveis\/"},"modified":"2021-10-04T16:11:34","modified_gmt":"2021-10-04T14:11:34","slug":"subvencions-2021-comerc-i-serveis","status":"publish","type":"post","link":"https:\/\/www.ariasassessors.com\/ca\/subvencions-2021-comerc-i-serveis\/","title":{"rendered":"Subvencions 2021 &#8211; Comer\u00e7 i serveis"},"content":{"rendered":"<p>A Catalunya existeix una oferta extraordin\u00e0riament variada en comer\u00e7 i serveis i moda, tant en formats com en tipologies d\u2019empreses o canals de venda. \u00c9s voluntat del Govern de Catalunya estar al seu costat per aconseguir millorar-ne la posada al dia, modernitzaci\u00f3 i rendibilitat, alhora que se n\u2019impulsa un creixement sostenible i respectu\u00f3s amb l\u2019entorn i el medi ambient.<\/p>\n<p>Amb les l\u00ednies de subvencions a les entitats de l&#8217;\u00e0mbit del comer\u00e7 i els serveis, el Consorci de Comer\u00e7, Artesania i Moda de Catalunya fa pal\u00e8s el seu comprom\u00eds envers la competitivitat de les empreses individuals, associades o agrupades, que formen part del seu camp d&#8217;actuaci\u00f3. La seva millora constant \u00e9s la millora del servei als consumidors i consumidores, i subsidi\u00e0riament, un increment de la qualitat de vida de la qual hem de gaudir tots plegats.<\/p>\n<div id=\"ez-toc-container\" class=\"ez-toc-v2_0_72 counter-hierarchy ez-toc-counter ez-toc-grey ez-toc-container-direction\">\n<div class=\"ez-toc-title-container\">\n<p class=\"ez-toc-title\" style=\"cursor:inherit\">\u00cdndice de Contenidos<\/p>\n<span class=\"ez-toc-title-toggle\"><a href=\"#\" class=\"ez-toc-pull-right ez-toc-btn ez-toc-btn-xs ez-toc-btn-default ez-toc-toggle\" aria-label=\"Toggle Table of Content\"><span class=\"ez-toc-js-icon-con\"><span class=\"\"><span class=\"eztoc-hide\" style=\"display:none;\">Toggle<\/span><span class=\"ez-toc-icon-toggle-span\"><svg style=\"fill: #428bca;color:#428bca\" xmlns=\"http:\/\/www.w3.org\/2000\/svg\" class=\"list-377408\" width=\"20px\" height=\"20px\" viewBox=\"0 0 24 24\" fill=\"none\"><path d=\"M6 6H4v2h2V6zm14 0H8v2h12V6zM4 11h2v2H4v-2zm16 0H8v2h12v-2zM4 16h2v2H4v-2zm16 0H8v2h12v-2z\" fill=\"currentColor\"><\/path><\/svg><svg style=\"fill: #428bca;color:#428bca\" class=\"arrow-unsorted-368013\" xmlns=\"http:\/\/www.w3.org\/2000\/svg\" width=\"10px\" height=\"10px\" viewBox=\"0 0 24 24\" version=\"1.2\" baseProfile=\"tiny\"><path d=\"M18.2 9.3l-6.2-6.3-6.2 6.3c-.2.2-.3.4-.3.7s.1.5.3.7c.2.2.4.3.7.3h11c.3 0 .5-.1.7-.3.2-.2.3-.5.3-.7s-.1-.5-.3-.7zM5.8 14.7l6.2 6.3 6.2-6.3c.2-.2.3-.5.3-.7s-.1-.5-.3-.7c-.2-.2-.4-.3-.7-.3h-11c-.3 0-.5.1-.7.3-.2.2-.3.5-.3.7s.1.5.3.7z\"\/><\/svg><\/span><\/span><\/span><\/a><\/span><\/div>\n<nav><ul class='ez-toc-list ez-toc-list-level-1 eztoc-toggle-hide-by-default' ><li class='ez-toc-page-1 ez-toc-heading-level-1'><a class=\"ez-toc-link ez-toc-heading-1\" href=\"https:\/\/www.ariasassessors.com\/ca\/subvencions-2021-comerc-i-serveis\/#Linies_de_subvencions\" title=\"L\u00ednies de subvencions\">L\u00ednies de subvencions<\/a><ul class='ez-toc-list-level-4' ><li class='ez-toc-heading-level-4'><ul class='ez-toc-list-level-4' ><li class='ez-toc-heading-level-4'><ul class='ez-toc-list-level-4' ><li class='ez-toc-heading-level-4'><a class=\"ez-toc-link ez-toc-heading-2\" href=\"https:\/\/www.ariasassessors.com\/ca\/subvencions-2021-comerc-i-serveis\/#1_Programa_de_suport_a_les_entitats_representatives_del_sector_del_comerc\" title=\"1. Programa de suport a les entitats representatives del sector del comer\u00e7\">1. Programa de suport a les entitats representatives del sector del comer\u00e7<\/a><ul class='ez-toc-list-level-5' ><li class='ez-toc-heading-level-5'><a class=\"ez-toc-link ez-toc-heading-3\" href=\"https:\/\/www.ariasassessors.com\/ca\/subvencions-2021-comerc-i-serveis\/#Objectiu\" title=\"Objectiu\">Objectiu<\/a><\/li><\/ul><\/li><li class='ez-toc-page-1 ez-toc-heading-level-4'><a class=\"ez-toc-link ez-toc-heading-4\" href=\"https:\/\/www.ariasassessors.com\/ca\/subvencions-2021-comerc-i-serveis\/#2_Programa_de_suport_a_la_xarxa_associativa_de_comerc_artesania_i_moda\" title=\"2. Programa de suport a la xarxa associativa de comer\u00e7, artesania i moda\">2. Programa de suport a la xarxa associativa de comer\u00e7, artesania i moda<\/a><ul class='ez-toc-list-level-5' ><li class='ez-toc-heading-level-5'><a class=\"ez-toc-link ez-toc-heading-5\" href=\"https:\/\/www.ariasassessors.com\/ca\/subvencions-2021-comerc-i-serveis\/#Objectiu-2\" title=\"Objectiu\">Objectiu<\/a><\/li><\/ul><\/li><li class='ez-toc-page-1 ez-toc-heading-level-4'><a class=\"ez-toc-link ez-toc-heading-6\" href=\"https:\/\/www.ariasassessors.com\/ca\/subvencions-2021-comerc-i-serveis\/#3_Programa_de_suport_en_el_proces_de_transformacio_digital_de_les_empreses\" title=\"3. Programa de suport en el proc\u00e9s de transformaci\u00f3 digital de les empreses\">3. Programa de suport en el proc\u00e9s de transformaci\u00f3 digital de les empreses<\/a><\/li><li class='ez-toc-page-1 ez-toc-heading-level-4'><a class=\"ez-toc-link ez-toc-heading-7\" href=\"https:\/\/www.ariasassessors.com\/ca\/subvencions-2021-comerc-i-serveis\/#4_Programa_de_suport_per_a_la_obertura_de_comercos_i_de_suport_a_la_reforma_i_millora_destabliments_CONVOCATORIA_OBERTA_PARTIR_DEL_5102021_A_LES_9_00H\" title=\"4. Programa de suport per a la obertura de comer\u00e7os i de suport a la reforma i millora d\u2019establiments (CONVOCAT\u00d2RIA OBERTA PARTIR DEL 5.10.2021 A LES 9:00H)\">4. Programa de suport per a la obertura de comer\u00e7os i de suport a la reforma i millora d\u2019establiments (CONVOCAT\u00d2RIA OBERTA PARTIR DEL 5.10.2021 A LES 9:00H)<\/a><\/li><li class='ez-toc-page-1 ez-toc-heading-level-4'><a class=\"ez-toc-link ez-toc-heading-8\" href=\"https:\/\/www.ariasassessors.com\/ca\/subvencions-2021-comerc-i-serveis\/#5_Programa_de_suport_a_projectes_per_a_lactivacio_comercial_a_municipis_amb_alta_dependencia_turistica\" title=\"5. Programa de suport a projectes per a l\u2019activaci\u00f3 comercial a municipis amb alta depend\u00e8ncia tur\u00edstica\">5. Programa de suport a projectes per a l\u2019activaci\u00f3 comercial a municipis amb alta depend\u00e8ncia tur\u00edstica<\/a><\/li><li class='ez-toc-page-1 ez-toc-heading-level-4'><a class=\"ez-toc-link ez-toc-heading-9\" href=\"https:\/\/www.ariasassessors.com\/ca\/subvencions-2021-comerc-i-serveis\/#6_Programa_de_suport_als_municipis_en_lambit_del_comerc\" title=\"6. Programa de suport als municipis en l&#8217;\u00e0mbit del comer\u00e7\">6. Programa de suport als municipis en l&#8217;\u00e0mbit del comer\u00e7<\/a><\/li><li class='ez-toc-page-1 ez-toc-heading-level-4'><a class=\"ez-toc-link ez-toc-heading-10\" href=\"https:\/\/www.ariasassessors.com\/ca\/subvencions-2021-comerc-i-serveis\/#7_Programa_de_suport_per_a_la_creacio_i_definicio_de_les_Arees_de_Promocio_Economiques_Urbanes_APEUS\" title=\"7. Programa de suport per a la creaci\u00f3 i definici\u00f3 de les \u00c0rees de Promoci\u00f3 Econ\u00f2miques Urbanes (APEUS)\">7. Programa de suport per a la creaci\u00f3 i definici\u00f3 de les \u00c0rees de Promoci\u00f3 Econ\u00f2miques Urbanes (APEUS)<\/a><\/li><\/ul><\/li><\/ul><\/li><\/ul><\/li><\/ul><\/nav><\/div>\n<h1><span class=\"ez-toc-section\" id=\"Linies_de_subvencions\"><\/span>L\u00ednies de subvencions<span class=\"ez-toc-section-end\"><\/span><\/h1>\n<h4 class=\"basic_title col-sm-12 pd-10\"><span class=\"ez-toc-section\" id=\"1_Programa_de_suport_a_les_entitats_representatives_del_sector_del_comerc\"><\/span>1. Programa de suport a les entitats representatives del sector del comer\u00e7<span class=\"ez-toc-section-end\"><\/span><\/h4>\n<div class=\"col-sm-8 columna_esquerra\">\n<div class=\"cos_bloc basic_text_peq pd-15\">\n<h5><\/h5>\n<h5><span class=\"ez-toc-section\" id=\"Objectiu\"><\/span><strong>Objectiu<\/strong><span class=\"ez-toc-section-end\"><\/span><\/h5>\n<p>Donar suport a aquelles entitats m\u00e9s representatives del sector comercial, de forma contrastada, que tenen representaci\u00f3 territorial o b\u00e9 s\u00f3n entitats que agrupen empresaris multisectorials, que vetllen per la competitivitat i els interessos de les empreses catalanes. L\u2019objectiu concret \u00e9s impulsar accions derivades de la coordinaci\u00f3 i tutoritzaci\u00f3 de la implementaci\u00f3 dels \u201cPlans d\u2019Actuacions per a la les associacions de Comer\u00e7 2021\u201d per tal de multiplicar el seu impacte, alhora que promoure la participaci\u00f3 activa de les entitats m\u00e9s representatives en el \u201cPla de Xoc Post Covid-19\u201d que es desenvolupi des del CCAM per al sector.<\/p>\n<p><strong>Persones benefici\u00e0ries<\/strong><\/p>\n<p>Les entitats del sector del Comer\u00e7, sense \u00e0nim de lucre, que tinguin representativitat a tot el territori de Catalunya, a una prov\u00edncia o, en el cas de la ciutat de Barcelona, que tinguin associats almenys 15 eixos comercials que disposin d\u2019un Pla d\u2019Actuaci\u00f3 anual, com a m\u00ednim dels \u00faltims 3 anys.<\/p>\n<p><strong>Quantia de la subvenci\u00f3<\/strong><\/p>\n<p>Fins el 80% del cost de les accions subvencionables, amb un m\u00e0xim de 10.000 euros per despeses de gesti\u00f3 i d\u2019estructura i un m\u00e0xim total (incloent les despeses de gesti\u00f3 i estructura) de 40.000 euros.<\/p>\n<h4 class=\"basic_title col-sm-12 pd-10\"><span class=\"ez-toc-section\" id=\"2_Programa_de_suport_a_la_xarxa_associativa_de_comerc_artesania_i_moda\"><\/span>2. Programa de suport a la xarxa associativa de comer\u00e7, artesania i moda<span class=\"ez-toc-section-end\"><\/span><\/h4>\n<div class=\"col-sm-8 columna_esquerra\">\n<div class=\"cos_bloc basic_text_peq pd-15\">\n<h5><span class=\"ez-toc-section\" id=\"Objectiu-2\"><\/span><strong>Objectiu<\/strong><span class=\"ez-toc-section-end\"><\/span><\/h5>\n<p>Donar impuls al Programa de suport a les associacions definit en el marc de l\u2019Agenda de Comer\u00e7 20\/21, dins de l\u2019\u00e0mbit de Territori i Persones.<\/p>\n<p>En concret:<\/p>\n<ul>\n<li>Enfortir el model associatiu actual i dotar-lo d\u2019eines per afrontar els reptes sectorials i\/o del territori de forma integral.<\/li>\n<li>Donar suport a la revitalitzaci\u00f3 del teixit comercial i productiu dels seus associats, per superar els efectes que hagin pogut oc\u00f3rrer per la crisis sanit\u00e0ria de la pand\u00e8mia del Covid-19.<\/li>\n<li>Promoure la col.laboraci\u00f3, les economies d\u2019escala, sinergies i serveis compartits entre les associacions i altres agents sectorials del territori.<\/li>\n<\/ul>\n<p><strong>Persones benefici\u00e0ries<br \/>\n<\/strong><br \/>\nLes entitats del sector del comer\u00e7, el serveis, l\u2019artesania i la moda:<br \/>\n&#8211; Entitats territorials sense \u00e0nim de lucre.<br \/>\n&#8211; Gremis i entitats sectorials sense \u00e0nim de lucre.<br \/>\n&#8211; Empreses agrupades (cooperatives o centrals de compres).<br \/>\n&#8211; Les associacions de Mercats Municipals sedentaris i no sedentaris.<\/p>\n<p>S\u2019exclouen les fundacions i els col\u00b7legis professionals.<\/p>\n<p><strong>Quantia de la subvenci\u00f3<br \/>\n<\/strong><br \/>\nEn el cas de les entitats territorials, les associacions de mercats sedentaris i no sedentaris; els gremis i entitats sectorials d\u2019\u00e0mbit nacional o d\u2019\u00e0mbit municipal en el cas de la ciutat de Barcelona, fins el 80% del cost de les accions subvencionables, amb un m\u00e0xim de 10.000 euros per despeses de gesti\u00f3 i estructura, i un m\u00e0xim total<br \/>\n(incloent les despeses de gesti\u00f3 i estructura) de 26.000 euros.<\/p>\n<p>En el cas dels gremis i entitats sectorials d\u2019\u00e0mbit comarcal o municipal (excloent Barcelona) fins el 80% del cost de les accions subvencionables, amb un m\u00e0xim de 5.000 euros per despeses de gesti\u00f3 i estructura, i un m\u00e0xim total (incloent les despeses de gesti\u00f3 i estructura) de 12.000 euros.<\/p>\n<p>En el cas d\u2019empreses agrupades (cooperatives o centrals de compra), fins el 80% del cost de les accions subvencionables, amb un m\u00e0xim de 4.000 euros per despeses de gesti\u00f3 i estructura, i un m\u00e0xim total (incloent les despeses de gesti\u00f3 i estructura) de 8.000 euros.<\/p>\n<h4 class=\"basic_title col-sm-12 pd-10\"><span class=\"ez-toc-section\" id=\"3_Programa_de_suport_en_el_proces_de_transformacio_digital_de_les_empreses\"><\/span>3. Programa de suport en el proc\u00e9s de transformaci\u00f3 digital de les empreses<span class=\"ez-toc-section-end\"><\/span><\/h4>\n<div class=\"col-sm-8 columna_esquerra\">\n<div class=\"cos_bloc basic_text_peq pd-15\">\n<p><strong>Objectiu<br \/>\n<\/strong><br \/>\nPotenciar el coneixement i la incorporaci\u00f3 de noves tecnologies digitals per augmentar la competitivitat i la sostenibilitat de les empreses de comer\u00e7 i dels serveis, i les parades de mercats municipals sedentaris i no sedentaris.<\/p>\n<p>Facilitar d\u2019eines a les empreses que els permetin adaptar-se al nou model de negoci on es potenci\u00ed la omnicanalitat creant estrat\u00e8gies que integrin botiga f\u00edsica i online per millorar l&#8217;experi\u00e8ncia de compra dels clients.<\/p>\n<p>Millorar el posicionament i la pres\u00e8ncia a internet del sector del comer\u00e7 i dels serveis per tal d\u2019adaptar-se i fer front a la nova situaci\u00f3 i enfortir les seves capacitats i fer-lo m\u00e9s competitiu en l\u2019era post-Covid19.<\/p>\n<p><strong>Persones benefici\u00e0ries<br \/>\n<\/strong><br \/>\nEls professionals aut\u00f2noms que estiguin donats d&#8217;alta en el r\u00e8gim especial dels treballadors per compte propi o aut\u00f2noms (RETA), empreses de comer\u00e7, de serveis i parades de mercats municipals sedentaris i no sedentaris.<\/p>\n<p>S\u2019exclouen, les fundacions, les entitats territorials sense \u00e0nim de lucre i els gremis i entitats sectorials.<\/p>\n<p><strong><br \/>\nQuantia de la subvenci\u00f3<br \/>\n<\/strong><br \/>\nFins al 70% de les despeses subvencionables amb un m\u00e0xim de 5.000 euros.<\/p>\n<h4 class=\"basic_title col-sm-12 pd-10\"><span class=\"ez-toc-section\" id=\"4_Programa_de_suport_per_a_la_obertura_de_comercos_i_de_suport_a_la_reforma_i_millora_destabliments_CONVOCATORIA_OBERTA_PARTIR_DEL_5102021_A_LES_9_00H\"><\/span>4. Programa de suport per a la obertura de comer\u00e7os i de suport a la reforma i millora d\u2019establiments (CONVOCAT\u00d2RIA OBERTA PARTIR DEL 5.10.2021 A LES 9:00H)<span class=\"ez-toc-section-end\"><\/span><\/h4>\n<div class=\"col-sm-8 columna_esquerra\">\n<div class=\"cos_bloc basic_text_peq pd-15\">\n<p><strong><em>Atenent les peticions del sector, l\u2019obertura de la convocat\u00f2ria d\u2019aquest programa est\u00e0 prevista aproximadament pel proper mes de setembre. A trav\u00e9s dels nostres butlletins i xarxes socials us mantindrem informats.<\/em><\/strong><\/p>\n<p><strong>Objectiu<br \/>\n<\/strong><br \/>\nDinamitzar el comer\u00e7 mitjan\u00e7ant projectes de recuperaci\u00f3 dels locals buits situats a la trama urbana consolidada del municipi, o al casc hist\u00f2ric i els seus eixamples. Garantir el mix comercial \u00f2ptim i adequat a cada zona, incrementant-ne l&#8217;atractiu i evitant el trencament del continu comercial mitjan\u00e7ant la reforma d&#8217;establiments amb un graud&#8217;antiguitat o\u00a0 parades de mercats municipals. I donar resposta als efectes causats per la declaraci\u00f3 de l&#8217;estat d&#8217;alarma decretat arrel de l&#8217;emerg\u00e8ncia sanit\u00e0ria del COVID-19.<\/p>\n<p><strong>Persones benefici\u00e0ries<\/strong><\/p>\n<p>Els professionals aut\u00f2noms que estiguin donats d&#8217;alta en el r\u00e8gim especial dels treballadors per compte propi o aut\u00f2noms (RETA), empreses titulars d\u2019establiments de comer\u00e7 i serveis, situats a peu de carrer i de parades de mercats municipals sedentaris i no sedentaris.<\/p>\n<p>S\u2019exclouen, les fundacions, les entitats territorials sense \u00e0nim de lucre i els gremis i entitats sectorials.<\/p>\n<p><strong>Quantia de la subvenci\u00f3<br \/>\n<\/strong><br \/>\nFins el 50% de les despeses subvencionables amb un m\u00e0xim de 5.000 euros.<\/p>\n<p>&nbsp;<\/p>\n<\/div>\n<\/div>\n<\/div>\n<\/div>\n<h4 class=\"basic_title col-sm-12 pd-10\"><span class=\"ez-toc-section\" id=\"5_Programa_de_suport_a_projectes_per_a_lactivacio_comercial_a_municipis_amb_alta_dependencia_turistica\"><\/span>5. Programa de suport a projectes per a l\u2019activaci\u00f3 comercial a municipis amb alta depend\u00e8ncia tur\u00edstica<span class=\"ez-toc-section-end\"><\/span><\/h4>\n<div class=\"col-sm-8 columna_esquerra\">\n<div class=\"cos_bloc basic_text_peq pd-15\">\n<p><strong>Objectiu<\/strong><br \/>\nDonar suport per promoure accions d\u2019activaci\u00f3 comercial a diversos municipis de Catalunya afecats per la crisis sanitaria de la COVID\u201019, prioritzant els municipis catalans de m\u00e9s de 5.000 habitants i alta depend\u00e8ncia de la demanda tur\u00edstica.<\/p>\n<p>Les accions d\u2019activaci\u00f3 han de tenir un car\u00e0cter municipal o b\u00e9 supramunicipal, per\u00f2 en cap cas s\u2019han de circumscriure a demarcacions territorials m\u00e9s petites.<\/p>\n<p><strong>Persones benefici\u00e0ries<\/strong><br \/>\n&#8211; Entitats associatives empresarials territorials o sectorials.<br \/>\n&#8211; Ajuntaments i els seus organismes p\u00fablics que hi estiguin adscrits o vinculats, entitats municipals descentralitzades, mancomunitats i consells comarcals.<\/p>\n<p><strong>Quantia de la subvenci\u00f3<\/strong><br \/>\nFins el 100% del cost de les accions subvencionables, amb un m\u00e0xim de 20.000 euros.<\/p>\n<h4 class=\"basic_title col-sm-12 pd-10\"><span class=\"ez-toc-section\" id=\"6_Programa_de_suport_als_municipis_en_lambit_del_comerc\"><\/span>6. Programa de suport als municipis en l&#8217;\u00e0mbit del comer\u00e7<span class=\"ez-toc-section-end\"><\/span><\/h4>\n<div class=\"col-sm-8 columna_esquerra\">\n<div class=\"cos_bloc basic_text_peq pd-15\">\n<p><strong>Objectiu<br \/>\n<\/strong><br \/>\na) En el marc de l&#8217;Agenda de Comer\u00e7 20\/21, dins de l&#8217;\u00e0mbit de Territori i Persones, s&#8217;ha definit com a actuacions a realitzar, la creaci\u00f3 d&#8217;un \u201cPla d&#8217;ocupaci\u00f3 de locals buits\u201d i el \u201cPrograma d&#8217;impuls a zones d&#8217;inter\u00e8s especial\u201d. Aquestes actuacions han de perseguir els seg\u00fcents objectius:<\/p>\n<ul>\n<li>Aconseguir l&#8217;obertura dels locals buits, en zones definides i determinades, per tal que\u00a0es converteixin en pols d&#8217;activitat econ\u00f2mica.<\/li>\n<li>Estimular el comer\u00e7, l&#8217;activitat econ\u00f2mica i l&#8217;ocupaci\u00f3 de la zona definida.<\/li>\n<li>Potenciar i atreure aquella oferta comercial de la que el municipi t\u00e9 mancances.<\/li>\n<li>Potenciar la col\u00b7laboraci\u00f3 publico-privada.<\/li>\n<\/ul>\n<p><strong>Persones benefici\u00e0ries<\/strong><\/p>\n<p>Ajuntaments i els seus organismes p\u00fablics que hi estiguin adscrits o vinculats, entitats municipals descentralitzades, mancomunitats i consells comarcals.<\/p>\n<p><strong>Quantia de la subvenci\u00f3<br \/>\n<\/strong><br \/>\n\u00c0mbit 1: definici\u00f3 del projecte de suport als municipis per la recuperaci\u00f3 dels locals comercials buits<br \/>\nFins al 50% de la despesa subvencionable, amb un m\u00e0xim de 7.000 euros.<\/p>\n<p>\u00c0mbit 2: implementaci\u00f3 del projecte de suport als municipis per a la recuperaci\u00f3 dels locals comercials buits<br \/>\nFins al 50% de la despesa subvencionable, amb un m\u00e0xim de 10.000,00 euros.<\/p>\n<p>&nbsp;<\/p>\n<\/div>\n<h4 class=\"basic_title col-sm-12 pd-10\"><span class=\"ez-toc-section\" id=\"7_Programa_de_suport_per_a_la_creacio_i_definicio_de_les_Arees_de_Promocio_Economiques_Urbanes_APEUS\"><\/span>7. Programa de suport per a la creaci\u00f3 i definici\u00f3 de les \u00c0rees de Promoci\u00f3 Econ\u00f2miques Urbanes (APEUS)<span class=\"ez-toc-section-end\"><\/span><\/h4>\n<div class=\"col-sm-8 columna_esquerra\">\n<div class=\"cos_bloc basic_text_peq pd-15\">\n<p><strong>Objectiu<\/strong><br \/>\nSuport als ens locals i a les associacions territorials, per a impulsar la creaci\u00f3 i definici\u00f3 de les \u00c0rees de Promoci\u00f3 Econ\u00f2miques Urbanes (APEUS), d&#8217;acord amb el que preveu la Llei 15\/2020, de 22 de desembre, de les \u00e0rees de promoci\u00f3 econ\u00f2mica urbana (DOGC n\u00fam. 8303, de 24.12.2020), modificada pel Decret Llei 3\/2021, de 12 de gener (DOGC n\u00fam. 8315, de 14.1.2021).<\/p>\n<p><strong>Persones benefici\u00e0ries<br \/>\n<\/strong><br \/>\nAjuntaments i els seus organismes p\u00fablics que hi estiguin adscrits o vinculats, entitats municipals descentralitzades, mancomunitats i consells comarcals.<br \/>\nAssociacions comercials territorials.<\/p>\n<p><strong>Quantia de la subvenci\u00f3<\/strong><br \/>\nFins al 90% de la despesa subvencionable, amb un m\u00e0xim de 20.000 euros<\/p>\n<\/div>\n<\/div>\n<\/div>\n<\/div>\n<\/div>\n<\/div>\n<\/div>\n<\/div>\n<\/div>\n","protected":false},"excerpt":{"rendered":"<p>A Catalunya existeix una oferta extraordin\u00e0riament variada en comer\u00e7 i serveis i moda, tant en formats com en tipologies d\u2019empreses o canals de venda. \u00c9s voluntat del Govern de Catalunya estar al seu costat per aconseguir millorar-ne la posada al dia, modernitzaci\u00f3 i rendibilitat, alhora&#8230;<\/p>\n","protected":false},"author":2,"featured_media":1665,"comment_status":"open","ping_status":"open","sticky":false,"template":"","format":"standard","meta":{"footnotes":""},"categories":[4],"tags":[],"class_list":["post-1671","post","type-post","status-publish","format-standard","has-post-thumbnail","hentry","category-noticies"],"yoast_head":"<!-- This site is optimized with the Yoast SEO plugin v24.3 - https:\/\/yoast.com\/wordpress\/plugins\/seo\/ -->\n<title>Subvencions 2021 - Comer\u00e7 i serveis<\/title>\n<meta name=\"description\" content=\"L\u00ednies de subvencions a les entitats de l&#039;\u00e0mbit del comer\u00e7 i els serveis\" \/>\n<meta name=\"robots\" content=\"index, follow, max-snippet:-1, max-image-preview:large, max-video-preview:-1\" \/>\n<link rel=\"canonical\" href=\"https:\/\/www.ariasassessors.com\/ca\/subvencions-2021-comerc-i-serveis\/\" \/>\n<meta property=\"og:locale\" content=\"ca_ES\" \/>\n<meta property=\"og:type\" content=\"article\" \/>\n<meta property=\"og:title\" content=\"Subvencions 2021 - Comer\u00e7 i serveis\" \/>\n<meta property=\"og:description\" content=\"L\u00ednies de subvencions a les entitats de l&#039;\u00e0mbit del comer\u00e7 i els serveis\" \/>\n<meta property=\"og:url\" content=\"https:\/\/www.ariasassessors.com\/ca\/subvencions-2021-comerc-i-serveis\/\" \/>\n<meta property=\"og:site_name\" content=\"Arias Assessors\" \/>\n<meta property=\"article:publisher\" content=\"https:\/\/www.facebook.com\/ariasassessors\/\" \/>\n<meta property=\"article:published_time\" content=\"2021-10-04T14:04:19+00:00\" \/>\n<meta property=\"article:modified_time\" content=\"2021-10-04T14:11:34+00:00\" \/>\n<meta property=\"og:image\" content=\"https:\/\/www.ariasassessors.com\/wp-content\/uploads\/2021\/10\/Arias_Blog_IMAGEN_DESTACADA-1.png\" \/>\n\t<meta property=\"og:image:width\" content=\"1920\" \/>\n\t<meta property=\"og:image:height\" content=\"1202\" \/>\n\t<meta property=\"og:image:type\" content=\"image\/png\" \/>\n<meta name=\"author\" content=\"btorras\" \/>\n<meta name=\"twitter:card\" content=\"summary_large_image\" \/>\n<meta name=\"twitter:creator\" content=\"@ariasassessors\" \/>\n<meta name=\"twitter:site\" content=\"@ariasassessors\" \/>\n<meta name=\"twitter:label1\" content=\"Escrit per\" \/>\n\t<meta name=\"twitter:data1\" content=\"btorras\" \/>\n\t<meta name=\"twitter:label2\" content=\"Temps estimat de lectura\" \/>\n\t<meta name=\"twitter:data2\" content=\"7 minuts\" \/>\n<script type=\"application\/ld+json\" class=\"yoast-schema-graph\">{\"@context\":\"https:\/\/schema.org\",\"@graph\":[{\"@type\":\"Article\",\"@id\":\"https:\/\/www.ariasassessors.com\/ca\/subvencions-2021-comerc-i-serveis\/#article\",\"isPartOf\":{\"@id\":\"https:\/\/www.ariasassessors.com\/ca\/subvencions-2021-comerc-i-serveis\/\"},\"author\":{\"name\":\"btorras\",\"@id\":\"https:\/\/www.ariasassessors.com\/#\/schema\/person\/63c6ad1775f0a9413c37932562673cef\"},\"headline\":\"Subvencions 2021 &#8211; Comer\u00e7 i serveis\",\"datePublished\":\"2021-10-04T14:04:19+00:00\",\"dateModified\":\"2021-10-04T14:11:34+00:00\",\"mainEntityOfPage\":{\"@id\":\"https:\/\/www.ariasassessors.com\/ca\/subvencions-2021-comerc-i-serveis\/\"},\"wordCount\":1576,\"commentCount\":0,\"publisher\":{\"@id\":\"https:\/\/www.ariasassessors.com\/#organization\"},\"image\":{\"@id\":\"https:\/\/www.ariasassessors.com\/ca\/subvencions-2021-comerc-i-serveis\/#primaryimage\"},\"thumbnailUrl\":\"https:\/\/www.ariasassessors.com\/wp-content\/uploads\/2021\/10\/Arias_Blog_IMAGEN_DESTACADA-1.png\",\"articleSection\":[\"noticies\"],\"inLanguage\":\"ca\",\"potentialAction\":[{\"@type\":\"CommentAction\",\"name\":\"Comment\",\"target\":[\"https:\/\/www.ariasassessors.com\/ca\/subvencions-2021-comerc-i-serveis\/#respond\"]}]},{\"@type\":\"WebPage\",\"@id\":\"https:\/\/www.ariasassessors.com\/ca\/subvencions-2021-comerc-i-serveis\/\",\"url\":\"https:\/\/www.ariasassessors.com\/ca\/subvencions-2021-comerc-i-serveis\/\",\"name\":\"Subvencions 2021 - Comer\u00e7 i serveis\",\"isPartOf\":{\"@id\":\"https:\/\/www.ariasassessors.com\/#website\"},\"primaryImageOfPage\":{\"@id\":\"https:\/\/www.ariasassessors.com\/ca\/subvencions-2021-comerc-i-serveis\/#primaryimage\"},\"image\":{\"@id\":\"https:\/\/www.ariasassessors.com\/ca\/subvencions-2021-comerc-i-serveis\/#primaryimage\"},\"thumbnailUrl\":\"https:\/\/www.ariasassessors.com\/wp-content\/uploads\/2021\/10\/Arias_Blog_IMAGEN_DESTACADA-1.png\",\"datePublished\":\"2021-10-04T14:04:19+00:00\",\"dateModified\":\"2021-10-04T14:11:34+00:00\",\"description\":\"L\u00ednies de subvencions a les entitats de l'\u00e0mbit del comer\u00e7 i els serveis\",\"breadcrumb\":{\"@id\":\"https:\/\/www.ariasassessors.com\/ca\/subvencions-2021-comerc-i-serveis\/#breadcrumb\"},\"inLanguage\":\"ca\",\"potentialAction\":[{\"@type\":\"ReadAction\",\"target\":[\"https:\/\/www.ariasassessors.com\/ca\/subvencions-2021-comerc-i-serveis\/\"]}]},{\"@type\":\"ImageObject\",\"inLanguage\":\"ca\",\"@id\":\"https:\/\/www.ariasassessors.com\/ca\/subvencions-2021-comerc-i-serveis\/#primaryimage\",\"url\":\"https:\/\/www.ariasassessors.com\/wp-content\/uploads\/2021\/10\/Arias_Blog_IMAGEN_DESTACADA-1.png\",\"contentUrl\":\"https:\/\/www.ariasassessors.com\/wp-content\/uploads\/2021\/10\/Arias_Blog_IMAGEN_DESTACADA-1.png\",\"width\":1920,\"height\":1202},{\"@type\":\"BreadcrumbList\",\"@id\":\"https:\/\/www.ariasassessors.com\/ca\/subvencions-2021-comerc-i-serveis\/#breadcrumb\",\"itemListElement\":[{\"@type\":\"ListItem\",\"position\":1,\"name\":\"Portada\",\"item\":\"https:\/\/www.ariasassessors.com\/ca\/\"},{\"@type\":\"ListItem\",\"position\":2,\"name\":\"Subvencions 2021 &#8211; Comer\u00e7 i serveis\"}]},{\"@type\":\"WebSite\",\"@id\":\"https:\/\/www.ariasassessors.com\/#website\",\"url\":\"https:\/\/www.ariasassessors.com\/\",\"name\":\"Arias Assessors\",\"description\":\"Asesor\u00eda para aut\u00f3nomos, profesionales y PYMES\",\"publisher\":{\"@id\":\"https:\/\/www.ariasassessors.com\/#organization\"},\"potentialAction\":[{\"@type\":\"SearchAction\",\"target\":{\"@type\":\"EntryPoint\",\"urlTemplate\":\"https:\/\/www.ariasassessors.com\/?s={search_term_string}\"},\"query-input\":{\"@type\":\"PropertyValueSpecification\",\"valueRequired\":true,\"valueName\":\"search_term_string\"}}],\"inLanguage\":\"ca\"},{\"@type\":\"Organization\",\"@id\":\"https:\/\/www.ariasassessors.com\/#organization\",\"name\":\"Arias Assessors\",\"url\":\"https:\/\/www.ariasassessors.com\/\",\"logo\":{\"@type\":\"ImageObject\",\"inLanguage\":\"ca\",\"@id\":\"https:\/\/www.ariasassessors.com\/#\/schema\/logo\/image\/\",\"url\":\"https:\/\/www.ariasassessors.com\/wp-content\/uploads\/2019\/01\/arias-logo.png\",\"contentUrl\":\"https:\/\/www.ariasassessors.com\/wp-content\/uploads\/2019\/01\/arias-logo.png\",\"width\":349,\"height\":254,\"caption\":\"Arias Assessors\"},\"image\":{\"@id\":\"https:\/\/www.ariasassessors.com\/#\/schema\/logo\/image\/\"},\"sameAs\":[\"https:\/\/www.facebook.com\/ariasassessors\/\",\"https:\/\/x.com\/ariasassessors\",\"https:\/\/www.linkedin.com\/company\/r&amp;amp;r-growing-knowledge\/\"]},{\"@type\":\"Person\",\"@id\":\"https:\/\/www.ariasassessors.com\/#\/schema\/person\/63c6ad1775f0a9413c37932562673cef\",\"name\":\"btorras\",\"image\":{\"@type\":\"ImageObject\",\"inLanguage\":\"ca\",\"@id\":\"https:\/\/www.ariasassessors.com\/#\/schema\/person\/image\/\",\"url\":\"https:\/\/secure.gravatar.com\/avatar\/0531db351fc361fdbfd204c58fa2d6a3?s=96&d=mm&r=g\",\"contentUrl\":\"https:\/\/secure.gravatar.com\/avatar\/0531db351fc361fdbfd204c58fa2d6a3?s=96&d=mm&r=g\",\"caption\":\"btorras\"}}]}<\/script>\n<!-- \/ Yoast SEO plugin. -->","yoast_head_json":{"title":"Subvencions 2021 - Comer\u00e7 i serveis","description":"L\u00ednies de subvencions a les entitats de l'\u00e0mbit del comer\u00e7 i els serveis","robots":{"index":"index","follow":"follow","max-snippet":"max-snippet:-1","max-image-preview":"max-image-preview:large","max-video-preview":"max-video-preview:-1"},"canonical":"https:\/\/www.ariasassessors.com\/ca\/subvencions-2021-comerc-i-serveis\/","og_locale":"ca_ES","og_type":"article","og_title":"Subvencions 2021 - Comer\u00e7 i serveis","og_description":"L\u00ednies de subvencions a les entitats de l'\u00e0mbit del comer\u00e7 i els serveis","og_url":"https:\/\/www.ariasassessors.com\/ca\/subvencions-2021-comerc-i-serveis\/","og_site_name":"Arias Assessors","article_publisher":"https:\/\/www.facebook.com\/ariasassessors\/","article_published_time":"2021-10-04T14:04:19+00:00","article_modified_time":"2021-10-04T14:11:34+00:00","og_image":[{"width":1920,"height":1202,"url":"https:\/\/www.ariasassessors.com\/wp-content\/uploads\/2021\/10\/Arias_Blog_IMAGEN_DESTACADA-1.png","type":"image\/png"}],"author":"btorras","twitter_card":"summary_large_image","twitter_creator":"@ariasassessors","twitter_site":"@ariasassessors","twitter_misc":{"Escrit per":"btorras","Temps estimat de lectura":"7 minuts"},"schema":{"@context":"https:\/\/schema.org","@graph":[{"@type":"Article","@id":"https:\/\/www.ariasassessors.com\/ca\/subvencions-2021-comerc-i-serveis\/#article","isPartOf":{"@id":"https:\/\/www.ariasassessors.com\/ca\/subvencions-2021-comerc-i-serveis\/"},"author":{"name":"btorras","@id":"https:\/\/www.ariasassessors.com\/#\/schema\/person\/63c6ad1775f0a9413c37932562673cef"},"headline":"Subvencions 2021 &#8211; Comer\u00e7 i serveis","datePublished":"2021-10-04T14:04:19+00:00","dateModified":"2021-10-04T14:11:34+00:00","mainEntityOfPage":{"@id":"https:\/\/www.ariasassessors.com\/ca\/subvencions-2021-comerc-i-serveis\/"},"wordCount":1576,"commentCount":0,"publisher":{"@id":"https:\/\/www.ariasassessors.com\/#organization"},"image":{"@id":"https:\/\/www.ariasassessors.com\/ca\/subvencions-2021-comerc-i-serveis\/#primaryimage"},"thumbnailUrl":"https:\/\/www.ariasassessors.com\/wp-content\/uploads\/2021\/10\/Arias_Blog_IMAGEN_DESTACADA-1.png","articleSection":["noticies"],"inLanguage":"ca","potentialAction":[{"@type":"CommentAction","name":"Comment","target":["https:\/\/www.ariasassessors.com\/ca\/subvencions-2021-comerc-i-serveis\/#respond"]}]},{"@type":"WebPage","@id":"https:\/\/www.ariasassessors.com\/ca\/subvencions-2021-comerc-i-serveis\/","url":"https:\/\/www.ariasassessors.com\/ca\/subvencions-2021-comerc-i-serveis\/","name":"Subvencions 2021 - Comer\u00e7 i serveis","isPartOf":{"@id":"https:\/\/www.ariasassessors.com\/#website"},"primaryImageOfPage":{"@id":"https:\/\/www.ariasassessors.com\/ca\/subvencions-2021-comerc-i-serveis\/#primaryimage"},"image":{"@id":"https:\/\/www.ariasassessors.com\/ca\/subvencions-2021-comerc-i-serveis\/#primaryimage"},"thumbnailUrl":"https:\/\/www.ariasassessors.com\/wp-content\/uploads\/2021\/10\/Arias_Blog_IMAGEN_DESTACADA-1.png","datePublished":"2021-10-04T14:04:19+00:00","dateModified":"2021-10-04T14:11:34+00:00","description":"L\u00ednies de subvencions a les entitats de l'\u00e0mbit del comer\u00e7 i els serveis","breadcrumb":{"@id":"https:\/\/www.ariasassessors.com\/ca\/subvencions-2021-comerc-i-serveis\/#breadcrumb"},"inLanguage":"ca","potentialAction":[{"@type":"ReadAction","target":["https:\/\/www.ariasassessors.com\/ca\/subvencions-2021-comerc-i-serveis\/"]}]},{"@type":"ImageObject","inLanguage":"ca","@id":"https:\/\/www.ariasassessors.com\/ca\/subvencions-2021-comerc-i-serveis\/#primaryimage","url":"https:\/\/www.ariasassessors.com\/wp-content\/uploads\/2021\/10\/Arias_Blog_IMAGEN_DESTACADA-1.png","contentUrl":"https:\/\/www.ariasassessors.com\/wp-content\/uploads\/2021\/10\/Arias_Blog_IMAGEN_DESTACADA-1.png","width":1920,"height":1202},{"@type":"BreadcrumbList","@id":"https:\/\/www.ariasassessors.com\/ca\/subvencions-2021-comerc-i-serveis\/#breadcrumb","itemListElement":[{"@type":"ListItem","position":1,"name":"Portada","item":"https:\/\/www.ariasassessors.com\/ca\/"},{"@type":"ListItem","position":2,"name":"Subvencions 2021 &#8211; Comer\u00e7 i serveis"}]},{"@type":"WebSite","@id":"https:\/\/www.ariasassessors.com\/#website","url":"https:\/\/www.ariasassessors.com\/","name":"Arias Assessors","description":"Asesor\u00eda para aut\u00f3nomos, profesionales y PYMES","publisher":{"@id":"https:\/\/www.ariasassessors.com\/#organization"},"potentialAction":[{"@type":"SearchAction","target":{"@type":"EntryPoint","urlTemplate":"https:\/\/www.ariasassessors.com\/?s={search_term_string}"},"query-input":{"@type":"PropertyValueSpecification","valueRequired":true,"valueName":"search_term_string"}}],"inLanguage":"ca"},{"@type":"Organization","@id":"https:\/\/www.ariasassessors.com\/#organization","name":"Arias Assessors","url":"https:\/\/www.ariasassessors.com\/","logo":{"@type":"ImageObject","inLanguage":"ca","@id":"https:\/\/www.ariasassessors.com\/#\/schema\/logo\/image\/","url":"https:\/\/www.ariasassessors.com\/wp-content\/uploads\/2019\/01\/arias-logo.png","contentUrl":"https:\/\/www.ariasassessors.com\/wp-content\/uploads\/2019\/01\/arias-logo.png","width":349,"height":254,"caption":"Arias Assessors"},"image":{"@id":"https:\/\/www.ariasassessors.com\/#\/schema\/logo\/image\/"},"sameAs":["https:\/\/www.facebook.com\/ariasassessors\/","https:\/\/x.com\/ariasassessors","https:\/\/www.linkedin.com\/company\/r&amp;amp;r-growing-knowledge\/"]},{"@type":"Person","@id":"https:\/\/www.ariasassessors.com\/#\/schema\/person\/63c6ad1775f0a9413c37932562673cef","name":"btorras","image":{"@type":"ImageObject","inLanguage":"ca","@id":"https:\/\/www.ariasassessors.com\/#\/schema\/person\/image\/","url":"https:\/\/secure.gravatar.com\/avatar\/0531db351fc361fdbfd204c58fa2d6a3?s=96&d=mm&r=g","contentUrl":"https:\/\/secure.gravatar.com\/avatar\/0531db351fc361fdbfd204c58fa2d6a3?s=96&d=mm&r=g","caption":"btorras"}}]}},"_links":{"self":[{"href":"https:\/\/www.ariasassessors.com\/ca\/wp-json\/wp\/v2\/posts\/1671","targetHints":{"allow":["GET"]}}],"collection":[{"href":"https:\/\/www.ariasassessors.com\/ca\/wp-json\/wp\/v2\/posts"}],"about":[{"href":"https:\/\/www.ariasassessors.com\/ca\/wp-json\/wp\/v2\/types\/post"}],"author":[{"embeddable":true,"href":"https:\/\/www.ariasassessors.com\/ca\/wp-json\/wp\/v2\/users\/2"}],"replies":[{"embeddable":true,"href":"https:\/\/www.ariasassessors.com\/ca\/wp-json\/wp\/v2\/comments?post=1671"}],"version-history":[{"count":2,"href":"https:\/\/www.ariasassessors.com\/ca\/wp-json\/wp\/v2\/posts\/1671\/revisions"}],"predecessor-version":[{"id":1675,"href":"https:\/\/www.ariasassessors.com\/ca\/wp-json\/wp\/v2\/posts\/1671\/revisions\/1675"}],"wp:featuredmedia":[{"embeddable":true,"href":"https:\/\/www.ariasassessors.com\/ca\/wp-json\/wp\/v2\/media\/1665"}],"wp:attachment":[{"href":"https:\/\/www.ariasassessors.com\/ca\/wp-json\/wp\/v2\/media?parent=1671"}],"wp:term":[{"taxonomy":"category","embeddable":true,"href":"https:\/\/www.ariasassessors.com\/ca\/wp-json\/wp\/v2\/categories?post=1671"},{"taxonomy":"post_tag","embeddable":true,"href":"https:\/\/www.ariasassessors.com\/ca\/wp-json\/wp\/v2\/tags?post=1671"}],"curies":[{"name":"wp","href":"https:\/\/api.w.org\/{rel}","templated":true}]}}