{"id":1686,"date":"2021-10-05T17:27:43","date_gmt":"2021-10-05T15:27:43","guid":{"rendered":"https:\/\/www.ariasassessors.com\/cuadro-resumen-prorroga-ayudas-a-los-autonomos-prestacion-por-cese-actividad-covid-19\/"},"modified":"2021-10-05T17:35:00","modified_gmt":"2021-10-05T15:35:00","slug":"cuadro-resumen-prorroga-ayudas-a-los-autonomos-prestacion-por-cese-actividad-covid-19","status":"publish","type":"post","link":"https:\/\/www.ariasassessors.com\/ca\/cuadro-resumen-prorroga-ayudas-a-los-autonomos-prestacion-por-cese-actividad-covid-19\/","title":{"rendered":"CUADRO RESUMEN PR\u00d3RROGA AYUDAS A LOS AUT\u00d3NOMOS &#8211; PRESTACI\u00d3N POR CESE ACTIVIDAD COVID-19"},"content":{"rendered":"<div id=\"ez-toc-container\" class=\"ez-toc-v2_0_72 counter-hierarchy ez-toc-counter ez-toc-grey ez-toc-container-direction\">\n<div class=\"ez-toc-title-container\">\n<p class=\"ez-toc-title\" style=\"cursor:inherit\">\u00cdndice de Contenidos<\/p>\n<span class=\"ez-toc-title-toggle\"><a href=\"#\" class=\"ez-toc-pull-right ez-toc-btn ez-toc-btn-xs ez-toc-btn-default ez-toc-toggle\" aria-label=\"Toggle Table of Content\"><span class=\"ez-toc-js-icon-con\"><span class=\"\"><span class=\"eztoc-hide\" style=\"display:none;\">Toggle<\/span><span class=\"ez-toc-icon-toggle-span\"><svg style=\"fill: #428bca;color:#428bca\" xmlns=\"http:\/\/www.w3.org\/2000\/svg\" class=\"list-377408\" width=\"20px\" height=\"20px\" viewBox=\"0 0 24 24\" fill=\"none\"><path d=\"M6 6H4v2h2V6zm14 0H8v2h12V6zM4 11h2v2H4v-2zm16 0H8v2h12v-2zM4 16h2v2H4v-2zm16 0H8v2h12v-2z\" fill=\"currentColor\"><\/path><\/svg><svg style=\"fill: #428bca;color:#428bca\" class=\"arrow-unsorted-368013\" xmlns=\"http:\/\/www.w3.org\/2000\/svg\" width=\"10px\" height=\"10px\" viewBox=\"0 0 24 24\" version=\"1.2\" baseProfile=\"tiny\"><path d=\"M18.2 9.3l-6.2-6.3-6.2 6.3c-.2.2-.3.4-.3.7s.1.5.3.7c.2.2.4.3.7.3h11c.3 0 .5-.1.7-.3.2-.2.3-.5.3-.7s-.1-.5-.3-.7zM5.8 14.7l6.2 6.3 6.2-6.3c.2-.2.3-.5.3-.7s-.1-.5-.3-.7c-.2-.2-.4-.3-.7-.3h-11c-.3 0-.5.1-.7.3-.2.2-.3.5-.3.7s.1.5.3.7z\"\/><\/svg><\/span><\/span><\/span><\/a><\/span><\/div>\n<nav><ul class='ez-toc-list ez-toc-list-level-1 eztoc-toggle-hide-by-default' ><li class='ez-toc-page-1 ez-toc-heading-level-2'><a class=\"ez-toc-link ez-toc-heading-1\" href=\"https:\/\/www.ariasassessors.com\/ca\/cuadro-resumen-prorroga-ayudas-a-los-autonomos-prestacion-por-cese-actividad-covid-19\/#1_POR_SUSPENSION_DE_ACTIVIDADES\" title=\"1 POR SUSPENSI\u00d3N DE ACTIVIDADES\">1 POR SUSPENSI\u00d3N DE ACTIVIDADES<\/a><ul class='ez-toc-list-level-4' ><li class='ez-toc-heading-level-4'><ul class='ez-toc-list-level-4' ><li class='ez-toc-heading-level-4'><a class=\"ez-toc-link ez-toc-heading-2\" href=\"https:\/\/www.ariasassessors.com\/ca\/cuadro-resumen-prorroga-ayudas-a-los-autonomos-prestacion-por-cese-actividad-covid-19\/#COTIZACION\" title=\"COTIZACI\u00d3N:\">COTIZACI\u00d3N:<\/a><\/li><li class='ez-toc-page-1 ez-toc-heading-level-4'><a class=\"ez-toc-link ez-toc-heading-3\" href=\"https:\/\/www.ariasassessors.com\/ca\/cuadro-resumen-prorroga-ayudas-a-los-autonomos-prestacion-por-cese-actividad-covid-19\/#BASE_DE_CALCULO\" title=\"BASE DE C\u00c1LCULO\">BASE DE C\u00c1LCULO<\/a><\/li><li class='ez-toc-page-1 ez-toc-heading-level-4'><a class=\"ez-toc-link ez-toc-heading-4\" href=\"https:\/\/www.ariasassessors.com\/ca\/cuadro-resumen-prorroga-ayudas-a-los-autonomos-prestacion-por-cese-actividad-covid-19\/#INCOMPATIBILIDADES\" title=\"INCOMPATIBILIDADES\">INCOMPATIBILIDADES<\/a><\/li><\/ul><\/li><\/ul><\/li><li class='ez-toc-page-1 ez-toc-heading-level-2'><a class=\"ez-toc-link ez-toc-heading-5\" href=\"https:\/\/www.ariasassessors.com\/ca\/cuadro-resumen-prorroga-ayudas-a-los-autonomos-prestacion-por-cese-actividad-covid-19\/#2_CESE_DE_ACTIVIDAD_COMPATIBLE_CON_EL_TRABAJO_CUENTA_PROPIA\" title=\"2 CESE DE ACTIVIDAD COMPATIBLE CON EL TRABAJO CUENTA PROPIA\">2 CESE DE ACTIVIDAD COMPATIBLE CON EL TRABAJO CUENTA PROPIA<\/a><ul class='ez-toc-list-level-4' ><li class='ez-toc-heading-level-4'><ul class='ez-toc-list-level-4' ><li class='ez-toc-heading-level-4'><a class=\"ez-toc-link ez-toc-heading-6\" href=\"https:\/\/www.ariasassessors.com\/ca\/cuadro-resumen-prorroga-ayudas-a-los-autonomos-prestacion-por-cese-actividad-covid-19\/#COTIZACION-2\" title=\"COTIZACI\u00d3N\">COTIZACI\u00d3N<\/a><\/li><li class='ez-toc-page-1 ez-toc-heading-level-4'><a class=\"ez-toc-link ez-toc-heading-7\" href=\"https:\/\/www.ariasassessors.com\/ca\/cuadro-resumen-prorroga-ayudas-a-los-autonomos-prestacion-por-cese-actividad-covid-19\/#BASE_DE_CALCULO-2\" title=\"BASE DE C\u00c1LCULO\">BASE DE C\u00c1LCULO<\/a><\/li><li class='ez-toc-page-1 ez-toc-heading-level-4'><a class=\"ez-toc-link ez-toc-heading-8\" href=\"https:\/\/www.ariasassessors.com\/ca\/cuadro-resumen-prorroga-ayudas-a-los-autonomos-prestacion-por-cese-actividad-covid-19\/#INCOMPATIBILIDADES-2\" title=\"INCOMPATIBILIDADES\">INCOMPATIBILIDADES<\/a><\/li><\/ul><\/li><\/ul><\/li><li class='ez-toc-page-1 ez-toc-heading-level-2'><a class=\"ez-toc-link ez-toc-heading-9\" href=\"https:\/\/www.ariasassessors.com\/ca\/cuadro-resumen-prorroga-ayudas-a-los-autonomos-prestacion-por-cese-actividad-covid-19\/#3_CESE_DE_ACTIVIDAD_PARA_AUTONOMOS_QUE_NO_TIENEN_CABIDA_EN_EL_ART10_DE_ESTA_NORMA\" title=\"3 CESE DE ACTIVIDAD PARA AUT\u00d3NOMOS QUE NO TIENEN CABIDA EN EL ART.10 DE ESTA NORMA\">3 CESE DE ACTIVIDAD PARA AUT\u00d3NOMOS QUE NO TIENEN CABIDA EN EL ART.10 DE ESTA NORMA<\/a><ul class='ez-toc-list-level-4' ><li class='ez-toc-heading-level-4'><ul class='ez-toc-list-level-4' ><li class='ez-toc-heading-level-4'><a class=\"ez-toc-link ez-toc-heading-10\" href=\"https:\/\/www.ariasassessors.com\/ca\/cuadro-resumen-prorroga-ayudas-a-los-autonomos-prestacion-por-cese-actividad-covid-19\/#COTIZACION-3\" title=\"COTIZACI\u00d3N\">COTIZACI\u00d3N<\/a><\/li><li class='ez-toc-page-1 ez-toc-heading-level-4'><a class=\"ez-toc-link ez-toc-heading-11\" href=\"https:\/\/www.ariasassessors.com\/ca\/cuadro-resumen-prorroga-ayudas-a-los-autonomos-prestacion-por-cese-actividad-covid-19\/#BASE_DE_CALCULO-3\" title=\"BASE DE C\u00c1LCULO\">BASE DE C\u00c1LCULO<\/a><\/li><li class='ez-toc-page-1 ez-toc-heading-level-4'><a class=\"ez-toc-link ez-toc-heading-12\" href=\"https:\/\/www.ariasassessors.com\/ca\/cuadro-resumen-prorroga-ayudas-a-los-autonomos-prestacion-por-cese-actividad-covid-19\/#INCOMPATIBILIDADES-3\" title=\"INCOMPATIBILIDADES\">INCOMPATIBILIDADES<\/a><\/li><\/ul><\/li><\/ul><\/li><\/ul><\/nav><\/div>\n<h2><span class=\"ez-toc-section\" id=\"1_POR_SUSPENSION_DE_ACTIVIDADES\"><\/span><strong><u>1 POR SUSPENSI\u00d3N DE ACTIVIDADES <\/u><\/strong><span class=\"ez-toc-section-end\"><\/span><\/h2>\n<ul>\n<li>Resoluci\u00f3n autoridad que obligue a la suspensi\u00f3n de todas las actividades<\/li>\n<li>Estar afiliados y en alta al menos 30 d\u00edas naturales antes de la fecha de la resoluci\u00f3n.<\/li>\n<li>Hallarse al corriente en el pago de las cuotas.<\/li>\n<li>Continuar dado de alta mientras perciba la prestaci\u00f3n.<\/li>\n<li>Si se solicita dentro de los 21 d\u00edas naturales siguientes a la resoluci\u00f3n, se inicia desde el d\u00eda siguiente a la resoluci\u00f3n de cierre.<\/li>\n<li>Si se solicita despu\u00e9s de los 21 d\u00edas naturales siguientes a la resoluci\u00f3n, se inicia desde el primer d\u00eda del mes siguiente al de la solicitud.<\/li>\n<li>Si se trata de una resoluci\u00f3n anterior al 1 de octubre y no estuviera percibiendo otra prestaci\u00f3n por suspensi\u00f3n: tiene que pedirse antes del 21 de octubre y se inicia desde el 1 de octubre de 2021.<\/li>\n<li>Finaliza el \u00faltimo d\u00eda del mes del fin de la suspensi\u00f3n de la actividad o hasta el 28 de febrero de 2022 como m\u00e1ximo.<\/li>\n<\/ul>\n<h4><\/h4>\n<h4><span class=\"ez-toc-section\" id=\"COTIZACION\"><\/span>COTIZACI\u00d3N:<span class=\"ez-toc-section-end\"><\/span><\/h4>\n<ul>\n<li>Si se solicita dentro de los 21 d\u00edas naturales: Exento desde el primer d\u00eda del mes en el que se adopte la medida de cierre hasta el \u00faltimo d\u00eda del mes siguiente al que se levante la medida.<\/li>\n<li>Si se solicita despu\u00e9s de los 21 d\u00edas naturales: Exento desde el d\u00eda que tenga derecho a percibir la prestaci\u00f3n hasta el \u00faltimo d\u00eda del mes siguiente al que se levante la medida.<\/li>\n<li>Si se trata de una resoluci\u00f3n anterior al 1 de octubre y no estuviera percibiendo otra prestaci\u00f3n por suspensi\u00f3n, exento desde el 1 de octubre de 2021 hasta el \u00faltimo d\u00eda del mes siguiente al que se levante la medida.<\/li>\n<\/ul>\n<h4><\/h4>\n<h4><span class=\"ez-toc-section\" id=\"BASE_DE_CALCULO\"><\/span>BASE DE C\u00c1LCULO<span class=\"ez-toc-section-end\"><\/span><\/h4>\n<ul>\n<li>70% base cotizaci\u00f3n m\u00ednima de su actividad. \u2022 40% si conviven en un mismo domicilio dos o m\u00e1s personas con derecho a prestaci\u00f3n (hasta primer grado de parentesco por consanguinidad o afinidad).<\/li>\n<\/ul>\n<h4><\/h4>\n<h4><span class=\"ez-toc-section\" id=\"INCOMPATIBILIDADES\"><\/span>INCOMPATIBILIDADES<span class=\"ez-toc-section-end\"><\/span><\/h4>\n<ul>\n<li>Con el trabajo por cuenta ajena cuando los ingresos sean superiores a 1,25 veces el importe del SMI.<\/li>\n<li>Con el trabajo de otra actividad por cuenta propia. \u2022 Percepci\u00f3n de rendimientos procedentes de la sociedad que ha suspendido la actividad. \u2022 Prestaciones de la Seguridad Social que sean incompatibles con su actividad. \u2022 Ayudas a la paralizaci\u00f3n de la flota (Trabajadores del MAR).<\/li>\n<\/ul>\n<h3><\/h3>\n<p>&nbsp;<\/p>\n<h2><span class=\"ez-toc-section\" id=\"2_CESE_DE_ACTIVIDAD_COMPATIBLE_CON_EL_TRABAJO_CUENTA_PROPIA\"><\/span><strong><u>2 CESE DE ACTIVIDAD COMPATIBLE CON EL TRABAJO CUENTA PROPIA <\/u><\/strong><span class=\"ez-toc-section-end\"><\/span><\/h2>\n<ul>\n<li>Estar afiliados y en alta el 1 de octubre de 2021 y permanecer de alta mientras se cobra la prestaci\u00f3n<\/li>\n<li>No haber agotado los periodos de prestaci\u00f3n previstos en el art. 338.1 del TRLGSS<\/li>\n<li>Contar con la cobertura del cese de actividad, 12 meses ininterrumpidos.<\/li>\n<li>No haber cumplido la edad de jubilaci\u00f3n, salvo no tener carencia para ella.<\/li>\n<li>Hallarse al corriente en el pago de las cuotas \u2022 En caso de tener trabajadores, estar al corriente en sus obligaciones<\/li>\n<li>Reducci\u00f3n de ingresos por cuenta propia de m\u00e1s del 50% en el tercer y cuarto trimestre del 2021 vs tercer y cuarto trimestre de 2019.<\/li>\n<li>Rendimientos netos tercer y cuarto trimestre de 2021 inferiores a 8.070 euros.<\/li>\n<li>Si se solicita dentro de los primeros 21 d\u00edas naturales de octubre de 2021, la prestaci\u00f3n se inicia el 1 de octubre de 2021.<\/li>\n<li>Si se solicita del 22 de octubre en adelante, se inicia desde el primer d\u00eda del mes siguiente al de la solicitud.<\/li>\n<li>Finaliza el 28 de febrero de 2022.<\/li>\n<\/ul>\n<h4><\/h4>\n<h4><span class=\"ez-toc-section\" id=\"COTIZACION-2\"><\/span>COTIZACI\u00d3N<span class=\"ez-toc-section-end\"><\/span><\/h4>\n<ul>\n<li>Ingresar la totalidad de las cotizaciones (la mutua pagar\u00e1 junto a esta prestaci\u00f3n la parte de las cotizaciones por contigencia com\u00fan).<\/li>\n<\/ul>\n<h4><\/h4>\n<h4><span class=\"ez-toc-section\" id=\"BASE_DE_CALCULO-2\"><\/span>BASE DE C\u00c1LCULO<span class=\"ez-toc-section-end\"><\/span><\/h4>\n<ul>\n<li>70% de su base reguladora, promedio \u00faltimos 12 meses.<\/li>\n<li>50% de la base de cotizaci\u00f3n m\u00ednima de su actividad (si compatibiliza con trabajo cuenta ajena)<\/li>\n<\/ul>\n<h4><\/h4>\n<h4><span class=\"ez-toc-section\" id=\"INCOMPATIBILIDADES-2\"><\/span>INCOMPATIBILIDADES<span class=\"ez-toc-section-end\"><\/span><\/h4>\n<ul>\n<li>Con el trabajo por cuenta ajena cuando los ingresos netos de \u00e9ste y el trabajo por cuenta propia superen 2,2 veces el SMI. Y los ingresos por cuenta ajena superen el 1,25 veces el SMI.<\/li>\n<\/ul>\n<p>&nbsp;<\/p>\n<h2><span class=\"ez-toc-section\" id=\"3_CESE_DE_ACTIVIDAD_PARA_AUTONOMOS_QUE_NO_TIENEN_CABIDA_EN_EL_ART10_DE_ESTA_NORMA\"><\/span><strong><u>3 CESE DE ACTIVIDAD PARA AUT\u00d3NOMOS QUE NO TIENEN CABIDA EN EL ART.10 DE ESTA NORMA <\/u><\/strong><span class=\"ez-toc-section-end\"><\/span><\/h2>\n<ul>\n<li>Estar percibiendo a 30 de septiembre de 2021 la Prestaci\u00f3n de cese de actividad compatible con el trabajo por cuenta propia (art. 7 del RDL 11\/2021) o la Prestaci\u00f3n extraordinaria para trabajadores aut\u00f3nomos que no tienen cabida en el art. 7 del RDL 11\/2021 o en el cese ordinario (art. 8 del RDL 11\/2021).<\/li>\n<li>No tener derecho a la prestaci\u00f3n ordinaria de cese de actividad prevista en el art.10 del RDL 18\/2021.<\/li>\n<li>Estar afiliados y en alta antes del 1 de abril de 2020.<\/li>\n<li>Continuar dado de alta mientras perciba la prestaci\u00f3n.<\/li>\n<li>Hallarse al corriente en el pago de las cuotas.<\/li>\n<li>En caso de tener trabajadores, estar al corriente en sus obligaciones.<\/li>\n<li>No tener rendimientos netos por cuenta propia en el tercer y cuarto trimestre del 2021 superiores a 75% del SMI de dicho periodo.<\/li>\n<li>Y adem\u00e1s, acreditar en el cuarto trimestre del 2021 unos ingresos inferiores en un 75% a los habidos en el cuarto trimestre de 2019.<\/li>\n<li>Si se solicita dentro de los primeros 21 d\u00edas naturales de octubre de 2021, la prestaci\u00f3n se inicia el 1 de octubre de 2021.<\/li>\n<li>Si se solicita del 22 de octubre en adelante, la prestaci\u00f3n se inicia el primer d\u00eda del mes siguiente al de la solicitud.<\/li>\n<li>Finaliza el 28 de febrero de 2022.<\/li>\n<\/ul>\n<h4><\/h4>\n<h4><span class=\"ez-toc-section\" id=\"COTIZACION-3\"><\/span>COTIZACI\u00d3N<span class=\"ez-toc-section-end\"><\/span><\/h4>\n<ul>\n<li>Ingresar la totalidad de las cotizaciones (la mutua pagar\u00e1 junto a esta prestaci\u00f3n la parte de las cotizaciones por contigencia com\u00fan).<\/li>\n<\/ul>\n<h4><\/h4>\n<h4><span class=\"ez-toc-section\" id=\"BASE_DE_CALCULO-3\"><\/span>BASE DE C\u00c1LCULO<span class=\"ez-toc-section-end\"><\/span><\/h4>\n<ul>\n<li>50% de la base de cotizaci\u00f3n m\u00ednima de su actividad<\/li>\n<li>40% de la base de cotizaci\u00f3n m\u00ednima de su actividad si conviven en un mismo domicilio dos o m\u00e1s personas con derecho a prestaci\u00f3n (hasta primer grado de parentesco por consanguinidad o afinidad)<\/li>\n<\/ul>\n<h4><\/h4>\n<h4><span class=\"ez-toc-section\" id=\"INCOMPATIBILIDADES-3\"><\/span>INCOMPATIBILIDADES<span class=\"ez-toc-section-end\"><\/span><\/h4>\n<ul>\n<li>Con el trabajo por cuenta ajena.<\/li>\n<li>Con el trabajo de otra actividad por cuenta propia.<\/li>\n<li>Percepci\u00f3n de rendimientos procedentes de una sociedad.<\/li>\n<li>Prestaciones de la Seguridad Social que sean incompatibles con su actividad.<\/li>\n<li>Ayudas a la paralizaci\u00f3n de la flota (Trabajadores del MAR)<\/li>\n<\/ul>\n","protected":false},"excerpt":{"rendered":"<p>1 POR SUSPENSI\u00d3N DE ACTIVIDADES Resoluci\u00f3n autoridad que obligue a la suspensi\u00f3n de todas las actividades Estar afiliados y en alta al menos 30 d\u00edas naturales antes de la fecha de la resoluci\u00f3n. Hallarse al corriente en el pago de las cuotas. Continuar dado de&#8230;<\/p>\n","protected":false},"author":2,"featured_media":1684,"comment_status":"open","ping_status":"open","sticky":false,"template":"","format":"standard","meta":{"footnotes":""},"categories":[4],"tags":[],"class_list":["post-1686","post","type-post","status-publish","format-standard","has-post-thumbnail","hentry","category-noticies"],"yoast_head":"<!-- This site is optimized with the Yoast SEO plugin v24.3 - https:\/\/yoast.com\/wordpress\/plugins\/seo\/ -->\n<title>CUADRO RESUMEN PR\u00d3RROGA AYUDAS A LOS AUT\u00d3NOMOS<\/title>\n<meta name=\"description\" content=\"CUADRO RESUMEN PR\u00d3RROGA AYUDAS A LOS AUT\u00d3NOMOS - PRESTACI\u00d3N POR CESE ACTIVIDAD COVID-19.\" \/>\n<meta name=\"robots\" content=\"index, follow, max-snippet:-1, max-image-preview:large, max-video-preview:-1\" \/>\n<link rel=\"canonical\" href=\"https:\/\/www.ariasassessors.com\/ca\/cuadro-resumen-prorroga-ayudas-a-los-autonomos-prestacion-por-cese-actividad-covid-19\/\" \/>\n<meta property=\"og:locale\" content=\"ca_ES\" \/>\n<meta property=\"og:type\" content=\"article\" \/>\n<meta property=\"og:title\" content=\"CUADRO RESUMEN PR\u00d3RROGA AYUDAS A LOS AUT\u00d3NOMOS\" \/>\n<meta property=\"og:description\" content=\"CUADRO RESUMEN PR\u00d3RROGA AYUDAS A LOS AUT\u00d3NOMOS - PRESTACI\u00d3N POR CESE ACTIVIDAD COVID-19.\" \/>\n<meta property=\"og:url\" content=\"https:\/\/www.ariasassessors.com\/ca\/cuadro-resumen-prorroga-ayudas-a-los-autonomos-prestacion-por-cese-actividad-covid-19\/\" \/>\n<meta property=\"og:site_name\" content=\"Arias Assessors\" \/>\n<meta property=\"article:publisher\" content=\"https:\/\/www.facebook.com\/ariasassessors\/\" \/>\n<meta property=\"article:published_time\" content=\"2021-10-05T15:27:43+00:00\" \/>\n<meta property=\"article:modified_time\" content=\"2021-10-05T15:35:00+00:00\" \/>\n<meta property=\"og:image\" content=\"https:\/\/www.ariasassessors.com\/wp-content\/uploads\/2021\/10\/Arias_Blog_IMAGEN_DESTACADA-1-1.png\" \/>\n\t<meta property=\"og:image:width\" content=\"1920\" \/>\n\t<meta property=\"og:image:height\" content=\"1202\" \/>\n\t<meta property=\"og:image:type\" content=\"image\/png\" \/>\n<meta name=\"author\" content=\"btorras\" \/>\n<meta name=\"twitter:card\" content=\"summary_large_image\" \/>\n<meta name=\"twitter:creator\" content=\"@ariasassessors\" \/>\n<meta name=\"twitter:site\" content=\"@ariasassessors\" \/>\n<meta name=\"twitter:label1\" content=\"Escrit per\" \/>\n\t<meta name=\"twitter:data1\" content=\"btorras\" \/>\n\t<meta name=\"twitter:label2\" content=\"Temps estimat de lectura\" \/>\n\t<meta name=\"twitter:data2\" content=\"5 minuts\" \/>\n<script type=\"application\/ld+json\" class=\"yoast-schema-graph\">{\"@context\":\"https:\/\/schema.org\",\"@graph\":[{\"@type\":\"Article\",\"@id\":\"https:\/\/www.ariasassessors.com\/ca\/cuadro-resumen-prorroga-ayudas-a-los-autonomos-prestacion-por-cese-actividad-covid-19\/#article\",\"isPartOf\":{\"@id\":\"https:\/\/www.ariasassessors.com\/ca\/cuadro-resumen-prorroga-ayudas-a-los-autonomos-prestacion-por-cese-actividad-covid-19\/\"},\"author\":{\"name\":\"btorras\",\"@id\":\"https:\/\/www.ariasassessors.com\/#\/schema\/person\/63c6ad1775f0a9413c37932562673cef\"},\"headline\":\"CUADRO RESUMEN PR\u00d3RROGA AYUDAS A LOS AUT\u00d3NOMOS &#8211; PRESTACI\u00d3N POR CESE ACTIVIDAD COVID-19\",\"datePublished\":\"2021-10-05T15:27:43+00:00\",\"dateModified\":\"2021-10-05T15:35:00+00:00\",\"mainEntityOfPage\":{\"@id\":\"https:\/\/www.ariasassessors.com\/ca\/cuadro-resumen-prorroga-ayudas-a-los-autonomos-prestacion-por-cese-actividad-covid-19\/\"},\"wordCount\":1002,\"commentCount\":0,\"publisher\":{\"@id\":\"https:\/\/www.ariasassessors.com\/#organization\"},\"image\":{\"@id\":\"https:\/\/www.ariasassessors.com\/ca\/cuadro-resumen-prorroga-ayudas-a-los-autonomos-prestacion-por-cese-actividad-covid-19\/#primaryimage\"},\"thumbnailUrl\":\"https:\/\/www.ariasassessors.com\/wp-content\/uploads\/2021\/10\/Arias_Blog_IMAGEN_DESTACADA-1-1.png\",\"articleSection\":[\"noticies\"],\"inLanguage\":\"ca\",\"potentialAction\":[{\"@type\":\"CommentAction\",\"name\":\"Comment\",\"target\":[\"https:\/\/www.ariasassessors.com\/ca\/cuadro-resumen-prorroga-ayudas-a-los-autonomos-prestacion-por-cese-actividad-covid-19\/#respond\"]}]},{\"@type\":\"WebPage\",\"@id\":\"https:\/\/www.ariasassessors.com\/ca\/cuadro-resumen-prorroga-ayudas-a-los-autonomos-prestacion-por-cese-actividad-covid-19\/\",\"url\":\"https:\/\/www.ariasassessors.com\/ca\/cuadro-resumen-prorroga-ayudas-a-los-autonomos-prestacion-por-cese-actividad-covid-19\/\",\"name\":\"CUADRO RESUMEN PR\u00d3RROGA AYUDAS A LOS AUT\u00d3NOMOS\",\"isPartOf\":{\"@id\":\"https:\/\/www.ariasassessors.com\/#website\"},\"primaryImageOfPage\":{\"@id\":\"https:\/\/www.ariasassessors.com\/ca\/cuadro-resumen-prorroga-ayudas-a-los-autonomos-prestacion-por-cese-actividad-covid-19\/#primaryimage\"},\"image\":{\"@id\":\"https:\/\/www.ariasassessors.com\/ca\/cuadro-resumen-prorroga-ayudas-a-los-autonomos-prestacion-por-cese-actividad-covid-19\/#primaryimage\"},\"thumbnailUrl\":\"https:\/\/www.ariasassessors.com\/wp-content\/uploads\/2021\/10\/Arias_Blog_IMAGEN_DESTACADA-1-1.png\",\"datePublished\":\"2021-10-05T15:27:43+00:00\",\"dateModified\":\"2021-10-05T15:35:00+00:00\",\"description\":\"CUADRO RESUMEN PR\u00d3RROGA AYUDAS A LOS AUT\u00d3NOMOS - PRESTACI\u00d3N POR CESE ACTIVIDAD COVID-19.\",\"breadcrumb\":{\"@id\":\"https:\/\/www.ariasassessors.com\/ca\/cuadro-resumen-prorroga-ayudas-a-los-autonomos-prestacion-por-cese-actividad-covid-19\/#breadcrumb\"},\"inLanguage\":\"ca\",\"potentialAction\":[{\"@type\":\"ReadAction\",\"target\":[\"https:\/\/www.ariasassessors.com\/ca\/cuadro-resumen-prorroga-ayudas-a-los-autonomos-prestacion-por-cese-actividad-covid-19\/\"]}]},{\"@type\":\"ImageObject\",\"inLanguage\":\"ca\",\"@id\":\"https:\/\/www.ariasassessors.com\/ca\/cuadro-resumen-prorroga-ayudas-a-los-autonomos-prestacion-por-cese-actividad-covid-19\/#primaryimage\",\"url\":\"https:\/\/www.ariasassessors.com\/wp-content\/uploads\/2021\/10\/Arias_Blog_IMAGEN_DESTACADA-1-1.png\",\"contentUrl\":\"https:\/\/www.ariasassessors.com\/wp-content\/uploads\/2021\/10\/Arias_Blog_IMAGEN_DESTACADA-1-1.png\",\"width\":1920,\"height\":1202},{\"@type\":\"BreadcrumbList\",\"@id\":\"https:\/\/www.ariasassessors.com\/ca\/cuadro-resumen-prorroga-ayudas-a-los-autonomos-prestacion-por-cese-actividad-covid-19\/#breadcrumb\",\"itemListElement\":[{\"@type\":\"ListItem\",\"position\":1,\"name\":\"Portada\",\"item\":\"https:\/\/www.ariasassessors.com\/ca\/\"},{\"@type\":\"ListItem\",\"position\":2,\"name\":\"CUADRO RESUMEN PR\u00d3RROGA AYUDAS A LOS AUT\u00d3NOMOS &#8211; PRESTACI\u00d3N POR CESE ACTIVIDAD COVID-19\"}]},{\"@type\":\"WebSite\",\"@id\":\"https:\/\/www.ariasassessors.com\/#website\",\"url\":\"https:\/\/www.ariasassessors.com\/\",\"name\":\"Arias Assessors\",\"description\":\"Asesor\u00eda para aut\u00f3nomos, profesionales y PYMES\",\"publisher\":{\"@id\":\"https:\/\/www.ariasassessors.com\/#organization\"},\"potentialAction\":[{\"@type\":\"SearchAction\",\"target\":{\"@type\":\"EntryPoint\",\"urlTemplate\":\"https:\/\/www.ariasassessors.com\/?s={search_term_string}\"},\"query-input\":{\"@type\":\"PropertyValueSpecification\",\"valueRequired\":true,\"valueName\":\"search_term_string\"}}],\"inLanguage\":\"ca\"},{\"@type\":\"Organization\",\"@id\":\"https:\/\/www.ariasassessors.com\/#organization\",\"name\":\"Arias Assessors\",\"url\":\"https:\/\/www.ariasassessors.com\/\",\"logo\":{\"@type\":\"ImageObject\",\"inLanguage\":\"ca\",\"@id\":\"https:\/\/www.ariasassessors.com\/#\/schema\/logo\/image\/\",\"url\":\"https:\/\/www.ariasassessors.com\/wp-content\/uploads\/2019\/01\/arias-logo.png\",\"contentUrl\":\"https:\/\/www.ariasassessors.com\/wp-content\/uploads\/2019\/01\/arias-logo.png\",\"width\":349,\"height\":254,\"caption\":\"Arias Assessors\"},\"image\":{\"@id\":\"https:\/\/www.ariasassessors.com\/#\/schema\/logo\/image\/\"},\"sameAs\":[\"https:\/\/www.facebook.com\/ariasassessors\/\",\"https:\/\/x.com\/ariasassessors\",\"https:\/\/www.linkedin.com\/company\/r&amp;amp;r-growing-knowledge\/\"]},{\"@type\":\"Person\",\"@id\":\"https:\/\/www.ariasassessors.com\/#\/schema\/person\/63c6ad1775f0a9413c37932562673cef\",\"name\":\"btorras\",\"image\":{\"@type\":\"ImageObject\",\"inLanguage\":\"ca\",\"@id\":\"https:\/\/www.ariasassessors.com\/#\/schema\/person\/image\/\",\"url\":\"https:\/\/secure.gravatar.com\/avatar\/0531db351fc361fdbfd204c58fa2d6a3?s=96&d=mm&r=g\",\"contentUrl\":\"https:\/\/secure.gravatar.com\/avatar\/0531db351fc361fdbfd204c58fa2d6a3?s=96&d=mm&r=g\",\"caption\":\"btorras\"}}]}<\/script>\n<!-- \/ Yoast SEO plugin. -->","yoast_head_json":{"title":"CUADRO RESUMEN PR\u00d3RROGA AYUDAS A LOS AUT\u00d3NOMOS","description":"CUADRO RESUMEN PR\u00d3RROGA AYUDAS A LOS AUT\u00d3NOMOS - PRESTACI\u00d3N POR CESE ACTIVIDAD COVID-19.","robots":{"index":"index","follow":"follow","max-snippet":"max-snippet:-1","max-image-preview":"max-image-preview:large","max-video-preview":"max-video-preview:-1"},"canonical":"https:\/\/www.ariasassessors.com\/ca\/cuadro-resumen-prorroga-ayudas-a-los-autonomos-prestacion-por-cese-actividad-covid-19\/","og_locale":"ca_ES","og_type":"article","og_title":"CUADRO RESUMEN PR\u00d3RROGA AYUDAS A LOS AUT\u00d3NOMOS","og_description":"CUADRO RESUMEN PR\u00d3RROGA AYUDAS A LOS AUT\u00d3NOMOS - PRESTACI\u00d3N POR CESE ACTIVIDAD COVID-19.","og_url":"https:\/\/www.ariasassessors.com\/ca\/cuadro-resumen-prorroga-ayudas-a-los-autonomos-prestacion-por-cese-actividad-covid-19\/","og_site_name":"Arias Assessors","article_publisher":"https:\/\/www.facebook.com\/ariasassessors\/","article_published_time":"2021-10-05T15:27:43+00:00","article_modified_time":"2021-10-05T15:35:00+00:00","og_image":[{"width":1920,"height":1202,"url":"https:\/\/www.ariasassessors.com\/wp-content\/uploads\/2021\/10\/Arias_Blog_IMAGEN_DESTACADA-1-1.png","type":"image\/png"}],"author":"btorras","twitter_card":"summary_large_image","twitter_creator":"@ariasassessors","twitter_site":"@ariasassessors","twitter_misc":{"Escrit per":"btorras","Temps estimat de lectura":"5 minuts"},"schema":{"@context":"https:\/\/schema.org","@graph":[{"@type":"Article","@id":"https:\/\/www.ariasassessors.com\/ca\/cuadro-resumen-prorroga-ayudas-a-los-autonomos-prestacion-por-cese-actividad-covid-19\/#article","isPartOf":{"@id":"https:\/\/www.ariasassessors.com\/ca\/cuadro-resumen-prorroga-ayudas-a-los-autonomos-prestacion-por-cese-actividad-covid-19\/"},"author":{"name":"btorras","@id":"https:\/\/www.ariasassessors.com\/#\/schema\/person\/63c6ad1775f0a9413c37932562673cef"},"headline":"CUADRO RESUMEN PR\u00d3RROGA AYUDAS A LOS AUT\u00d3NOMOS &#8211; PRESTACI\u00d3N POR CESE ACTIVIDAD COVID-19","datePublished":"2021-10-05T15:27:43+00:00","dateModified":"2021-10-05T15:35:00+00:00","mainEntityOfPage":{"@id":"https:\/\/www.ariasassessors.com\/ca\/cuadro-resumen-prorroga-ayudas-a-los-autonomos-prestacion-por-cese-actividad-covid-19\/"},"wordCount":1002,"commentCount":0,"publisher":{"@id":"https:\/\/www.ariasassessors.com\/#organization"},"image":{"@id":"https:\/\/www.ariasassessors.com\/ca\/cuadro-resumen-prorroga-ayudas-a-los-autonomos-prestacion-por-cese-actividad-covid-19\/#primaryimage"},"thumbnailUrl":"https:\/\/www.ariasassessors.com\/wp-content\/uploads\/2021\/10\/Arias_Blog_IMAGEN_DESTACADA-1-1.png","articleSection":["noticies"],"inLanguage":"ca","potentialAction":[{"@type":"CommentAction","name":"Comment","target":["https:\/\/www.ariasassessors.com\/ca\/cuadro-resumen-prorroga-ayudas-a-los-autonomos-prestacion-por-cese-actividad-covid-19\/#respond"]}]},{"@type":"WebPage","@id":"https:\/\/www.ariasassessors.com\/ca\/cuadro-resumen-prorroga-ayudas-a-los-autonomos-prestacion-por-cese-actividad-covid-19\/","url":"https:\/\/www.ariasassessors.com\/ca\/cuadro-resumen-prorroga-ayudas-a-los-autonomos-prestacion-por-cese-actividad-covid-19\/","name":"CUADRO RESUMEN PR\u00d3RROGA AYUDAS A LOS AUT\u00d3NOMOS","isPartOf":{"@id":"https:\/\/www.ariasassessors.com\/#website"},"primaryImageOfPage":{"@id":"https:\/\/www.ariasassessors.com\/ca\/cuadro-resumen-prorroga-ayudas-a-los-autonomos-prestacion-por-cese-actividad-covid-19\/#primaryimage"},"image":{"@id":"https:\/\/www.ariasassessors.com\/ca\/cuadro-resumen-prorroga-ayudas-a-los-autonomos-prestacion-por-cese-actividad-covid-19\/#primaryimage"},"thumbnailUrl":"https:\/\/www.ariasassessors.com\/wp-content\/uploads\/2021\/10\/Arias_Blog_IMAGEN_DESTACADA-1-1.png","datePublished":"2021-10-05T15:27:43+00:00","dateModified":"2021-10-05T15:35:00+00:00","description":"CUADRO RESUMEN PR\u00d3RROGA AYUDAS A LOS AUT\u00d3NOMOS - PRESTACI\u00d3N POR CESE ACTIVIDAD COVID-19.","breadcrumb":{"@id":"https:\/\/www.ariasassessors.com\/ca\/cuadro-resumen-prorroga-ayudas-a-los-autonomos-prestacion-por-cese-actividad-covid-19\/#breadcrumb"},"inLanguage":"ca","potentialAction":[{"@type":"ReadAction","target":["https:\/\/www.ariasassessors.com\/ca\/cuadro-resumen-prorroga-ayudas-a-los-autonomos-prestacion-por-cese-actividad-covid-19\/"]}]},{"@type":"ImageObject","inLanguage":"ca","@id":"https:\/\/www.ariasassessors.com\/ca\/cuadro-resumen-prorroga-ayudas-a-los-autonomos-prestacion-por-cese-actividad-covid-19\/#primaryimage","url":"https:\/\/www.ariasassessors.com\/wp-content\/uploads\/2021\/10\/Arias_Blog_IMAGEN_DESTACADA-1-1.png","contentUrl":"https:\/\/www.ariasassessors.com\/wp-content\/uploads\/2021\/10\/Arias_Blog_IMAGEN_DESTACADA-1-1.png","width":1920,"height":1202},{"@type":"BreadcrumbList","@id":"https:\/\/www.ariasassessors.com\/ca\/cuadro-resumen-prorroga-ayudas-a-los-autonomos-prestacion-por-cese-actividad-covid-19\/#breadcrumb","itemListElement":[{"@type":"ListItem","position":1,"name":"Portada","item":"https:\/\/www.ariasassessors.com\/ca\/"},{"@type":"ListItem","position":2,"name":"CUADRO RESUMEN PR\u00d3RROGA AYUDAS A LOS AUT\u00d3NOMOS &#8211; PRESTACI\u00d3N POR CESE ACTIVIDAD COVID-19"}]},{"@type":"WebSite","@id":"https:\/\/www.ariasassessors.com\/#website","url":"https:\/\/www.ariasassessors.com\/","name":"Arias Assessors","description":"Asesor\u00eda para aut\u00f3nomos, profesionales y PYMES","publisher":{"@id":"https:\/\/www.ariasassessors.com\/#organization"},"potentialAction":[{"@type":"SearchAction","target":{"@type":"EntryPoint","urlTemplate":"https:\/\/www.ariasassessors.com\/?s={search_term_string}"},"query-input":{"@type":"PropertyValueSpecification","valueRequired":true,"valueName":"search_term_string"}}],"inLanguage":"ca"},{"@type":"Organization","@id":"https:\/\/www.ariasassessors.com\/#organization","name":"Arias Assessors","url":"https:\/\/www.ariasassessors.com\/","logo":{"@type":"ImageObject","inLanguage":"ca","@id":"https:\/\/www.ariasassessors.com\/#\/schema\/logo\/image\/","url":"https:\/\/www.ariasassessors.com\/wp-content\/uploads\/2019\/01\/arias-logo.png","contentUrl":"https:\/\/www.ariasassessors.com\/wp-content\/uploads\/2019\/01\/arias-logo.png","width":349,"height":254,"caption":"Arias Assessors"},"image":{"@id":"https:\/\/www.ariasassessors.com\/#\/schema\/logo\/image\/"},"sameAs":["https:\/\/www.facebook.com\/ariasassessors\/","https:\/\/x.com\/ariasassessors","https:\/\/www.linkedin.com\/company\/r&amp;amp;r-growing-knowledge\/"]},{"@type":"Person","@id":"https:\/\/www.ariasassessors.com\/#\/schema\/person\/63c6ad1775f0a9413c37932562673cef","name":"btorras","image":{"@type":"ImageObject","inLanguage":"ca","@id":"https:\/\/www.ariasassessors.com\/#\/schema\/person\/image\/","url":"https:\/\/secure.gravatar.com\/avatar\/0531db351fc361fdbfd204c58fa2d6a3?s=96&d=mm&r=g","contentUrl":"https:\/\/secure.gravatar.com\/avatar\/0531db351fc361fdbfd204c58fa2d6a3?s=96&d=mm&r=g","caption":"btorras"}}]}},"_links":{"self":[{"href":"https:\/\/www.ariasassessors.com\/ca\/wp-json\/wp\/v2\/posts\/1686","targetHints":{"allow":["GET"]}}],"collection":[{"href":"https:\/\/www.ariasassessors.com\/ca\/wp-json\/wp\/v2\/posts"}],"about":[{"href":"https:\/\/www.ariasassessors.com\/ca\/wp-json\/wp\/v2\/types\/post"}],"author":[{"embeddable":true,"href":"https:\/\/www.ariasassessors.com\/ca\/wp-json\/wp\/v2\/users\/2"}],"replies":[{"embeddable":true,"href":"https:\/\/www.ariasassessors.com\/ca\/wp-json\/wp\/v2\/comments?post=1686"}],"version-history":[{"count":3,"href":"https:\/\/www.ariasassessors.com\/ca\/wp-json\/wp\/v2\/posts\/1686\/revisions"}],"predecessor-version":[{"id":1693,"href":"https:\/\/www.ariasassessors.com\/ca\/wp-json\/wp\/v2\/posts\/1686\/revisions\/1693"}],"wp:featuredmedia":[{"embeddable":true,"href":"https:\/\/www.ariasassessors.com\/ca\/wp-json\/wp\/v2\/media\/1684"}],"wp:attachment":[{"href":"https:\/\/www.ariasassessors.com\/ca\/wp-json\/wp\/v2\/media?parent=1686"}],"wp:term":[{"taxonomy":"category","embeddable":true,"href":"https:\/\/www.ariasassessors.com\/ca\/wp-json\/wp\/v2\/categories?post=1686"},{"taxonomy":"post_tag","embeddable":true,"href":"https:\/\/www.ariasassessors.com\/ca\/wp-json\/wp\/v2\/tags?post=1686"}],"curies":[{"name":"wp","href":"https:\/\/api.w.org\/{rel}","templated":true}]}}