{"id":1699,"date":"2021-10-22T09:14:47","date_gmt":"2021-10-22T07:14:47","guid":{"rendered":"https:\/\/www.ariasassessors.com\/la-cuota-de-autonomos-subira-8-euros-al-mes-a-partir-de-2022\/"},"modified":"2021-10-22T09:25:53","modified_gmt":"2021-10-22T07:25:53","slug":"la-cuota-de-autonomos-subira-8-euros-al-mes-a-partir-de-2022","status":"publish","type":"post","link":"https:\/\/www.ariasassessors.com\/ca\/la-cuota-de-autonomos-subira-8-euros-al-mes-a-partir-de-2022\/","title":{"rendered":"La cuota de aut\u00f3nomos subir\u00e1 8 euros al mes a partir de 2022"},"content":{"rendered":"<h4 class=\"v1MsoNormal\">La cotizaci\u00f3n m\u00ednima ser\u00e1 de 960,6 euros<\/h4>\n<p>La cuota que pagan mensualmente los trabajadores aut\u00f3nomos a la Seguridad Social subir\u00e1 a partir del 2022. En concreto, la cuota tendr\u00e1 un incremento de 8 euros mensuales. As\u00ed se contempla en la Ley de presupuestos Generales del Estado para el pr\u00f3ximo a\u00f1o.<\/p>\n<p>Con este incremento, la cotizaci\u00f3n m\u00ednima pasar\u00e1 a ser de 960,60 euros, mientras que el tipo de cotizaci\u00f3n, de un 30,60%. Esto supondr\u00e1 un incremento de 96 euros anuales. Esto significa que los trabajadores aut\u00f3nomos que coticen por la base m\u00ednima deber\u00e1n pagar al mes 294 euros.<\/p>\n<p>El incremento en la cotizaci\u00f3n se aplicar\u00e1 a m\u00e1s de 1,8 millones de trabajadores aut\u00f3nomos que son los que actualmente cotizan por esta base. As\u00ed, la Seguridad Social pasar\u00e1 a recaudar unos 173 millones de euros.<\/p>\n<p>El Consejo de Ministros ya ha aprobado el proyecto de Ley de Presupuestos Generales del Estado para 2022. En \u00e9l tambi\u00e9n se refleja un incremento en la base de cotizaci\u00f3n m\u00e1xima, que pasa a situarse en 4.139,40 euros.<\/p>\n<p>La Uni\u00f3n de Profesionales y Trabajadores Aut\u00f3nomos (UPTA) ya ha expresado su desacuerdo en la medida. Desde la organizaci\u00f3n de aut\u00f3nomos consideran que la decisi\u00f3n del Gobierno \u201cno es acertada\u201d, ya que en el a\u00f1o 2021 se anunci\u00f3 de manera reiterada que se pondr\u00eda en marcha un nuevo sistema de cotizaci\u00f3n en funci\u00f3n de los ingresos reales.<\/p>\n<p>El presidente de UPTA, Eduardo Abad, advierte de que la medida es \u201cinconcebible\u201d y que ellos no dan cr\u00e9dito \u201ca la desidia con la que se nos est\u00e1 tratando en el \u00e1mbito fiscal\u201d. Seg\u00fan expone, no entienden por qu\u00e9 los Ministerios de Econom\u00eda y de Hacienda se niegan a poner freno a \u201cuna de las mayores injusticias fiscales que sufre el colectivo de trabajadores aut\u00f3nomos. Nos asombra, adem\u00e1s, que ning\u00fan partido pol\u00edtico haya dado un solo paso para tratar de solucionarlo, tan solo ERC ha presentado una proposici\u00f3n no de Ley con este asunto\u201d.<\/p>\n<p>Desde la organizaci\u00f3n recuerdan que el Gobierno tambi\u00e9n se ha negado a incluir en la ley las deducciones por manutenci\u00f3n que perjudican a m\u00e1s de 1.2 millones de trabajadores por cuenta propia.<\/p>\n","protected":false},"excerpt":{"rendered":"<p>La cotizaci\u00f3n m\u00ednima ser\u00e1 de 960,6 euros La cuota que pagan mensualmente los trabajadores aut\u00f3nomos a la Seguridad Social subir\u00e1 a partir del 2022. En concreto, la cuota tendr\u00e1 un incremento de 8 euros mensuales. As\u00ed se contempla en la Ley de presupuestos Generales del&#8230;<\/p>\n","protected":false},"author":2,"featured_media":1697,"comment_status":"open","ping_status":"open","sticky":false,"template":"","format":"standard","meta":{"footnotes":""},"categories":[4],"tags":[],"class_list":["post-1699","post","type-post","status-publish","format-standard","has-post-thumbnail","hentry","category-noticies"],"yoast_head":"<!-- This site is optimized with the Yoast SEO plugin v24.3 - https:\/\/yoast.com\/wordpress\/plugins\/seo\/ -->\n<title>La cuota de aut\u00f3nomos subir\u00e1 8 euros al mes a partir de 2022<\/title>\n<meta name=\"description\" content=\"La cuota que pagan los trabajadores aut\u00f3nomos subir\u00e1 a partir del 2022. En concreto, la cuota tendr\u00e1 un incremento de 8 euros mensuales.\" \/>\n<meta name=\"robots\" content=\"index, follow, max-snippet:-1, max-image-preview:large, max-video-preview:-1\" \/>\n<link rel=\"canonical\" href=\"https:\/\/www.ariasassessors.com\/ca\/la-cuota-de-autonomos-subira-8-euros-al-mes-a-partir-de-2022\/\" \/>\n<meta property=\"og:locale\" content=\"ca_ES\" \/>\n<meta property=\"og:type\" content=\"article\" \/>\n<meta property=\"og:title\" content=\"La cuota de aut\u00f3nomos subir\u00e1 8 euros al mes a partir de 2022\" \/>\n<meta property=\"og:description\" content=\"La cuota que pagan los trabajadores aut\u00f3nomos subir\u00e1 a partir del 2022. En concreto, la cuota tendr\u00e1 un incremento de 8 euros mensuales.\" \/>\n<meta property=\"og:url\" content=\"https:\/\/www.ariasassessors.com\/ca\/la-cuota-de-autonomos-subira-8-euros-al-mes-a-partir-de-2022\/\" \/>\n<meta property=\"og:site_name\" content=\"Arias Assessors\" \/>\n<meta property=\"article:publisher\" content=\"https:\/\/www.facebook.com\/ariasassessors\/\" \/>\n<meta property=\"article:published_time\" content=\"2021-10-22T07:14:47+00:00\" \/>\n<meta property=\"article:modified_time\" content=\"2021-10-22T07:25:53+00:00\" \/>\n<meta property=\"og:image\" content=\"https:\/\/www.ariasassessors.com\/wp-content\/uploads\/2021\/10\/Arias_Blog_IMAGEN_DESTACADA-2.png\" \/>\n\t<meta property=\"og:image:width\" content=\"1920\" \/>\n\t<meta property=\"og:image:height\" content=\"1202\" \/>\n\t<meta property=\"og:image:type\" content=\"image\/png\" \/>\n<meta name=\"author\" content=\"btorras\" \/>\n<meta name=\"twitter:card\" content=\"summary_large_image\" \/>\n<meta name=\"twitter:creator\" content=\"@ariasassessors\" \/>\n<meta name=\"twitter:site\" content=\"@ariasassessors\" \/>\n<meta name=\"twitter:label1\" content=\"Escrit per\" \/>\n\t<meta name=\"twitter:data1\" content=\"btorras\" \/>\n\t<meta name=\"twitter:label2\" content=\"Temps estimat de lectura\" \/>\n\t<meta name=\"twitter:data2\" content=\"2 minuts\" \/>\n<script type=\"application\/ld+json\" class=\"yoast-schema-graph\">{\"@context\":\"https:\/\/schema.org\",\"@graph\":[{\"@type\":\"Article\",\"@id\":\"https:\/\/www.ariasassessors.com\/ca\/la-cuota-de-autonomos-subira-8-euros-al-mes-a-partir-de-2022\/#article\",\"isPartOf\":{\"@id\":\"https:\/\/www.ariasassessors.com\/ca\/la-cuota-de-autonomos-subira-8-euros-al-mes-a-partir-de-2022\/\"},\"author\":{\"name\":\"btorras\",\"@id\":\"https:\/\/www.ariasassessors.com\/#\/schema\/person\/63c6ad1775f0a9413c37932562673cef\"},\"headline\":\"La cuota de aut\u00f3nomos subir\u00e1 8 euros al mes a partir de 2022\",\"datePublished\":\"2021-10-22T07:14:47+00:00\",\"dateModified\":\"2021-10-22T07:25:53+00:00\",\"mainEntityOfPage\":{\"@id\":\"https:\/\/www.ariasassessors.com\/ca\/la-cuota-de-autonomos-subira-8-euros-al-mes-a-partir-de-2022\/\"},\"wordCount\":391,\"commentCount\":0,\"publisher\":{\"@id\":\"https:\/\/www.ariasassessors.com\/#organization\"},\"image\":{\"@id\":\"https:\/\/www.ariasassessors.com\/ca\/la-cuota-de-autonomos-subira-8-euros-al-mes-a-partir-de-2022\/#primaryimage\"},\"thumbnailUrl\":\"https:\/\/www.ariasassessors.com\/wp-content\/uploads\/2021\/10\/Arias_Blog_IMAGEN_DESTACADA-2.png\",\"articleSection\":[\"noticies\"],\"inLanguage\":\"ca\",\"potentialAction\":[{\"@type\":\"CommentAction\",\"name\":\"Comment\",\"target\":[\"https:\/\/www.ariasassessors.com\/ca\/la-cuota-de-autonomos-subira-8-euros-al-mes-a-partir-de-2022\/#respond\"]}]},{\"@type\":\"WebPage\",\"@id\":\"https:\/\/www.ariasassessors.com\/ca\/la-cuota-de-autonomos-subira-8-euros-al-mes-a-partir-de-2022\/\",\"url\":\"https:\/\/www.ariasassessors.com\/ca\/la-cuota-de-autonomos-subira-8-euros-al-mes-a-partir-de-2022\/\",\"name\":\"La cuota de aut\u00f3nomos subir\u00e1 8 euros al mes a partir de 2022\",\"isPartOf\":{\"@id\":\"https:\/\/www.ariasassessors.com\/#website\"},\"primaryImageOfPage\":{\"@id\":\"https:\/\/www.ariasassessors.com\/ca\/la-cuota-de-autonomos-subira-8-euros-al-mes-a-partir-de-2022\/#primaryimage\"},\"image\":{\"@id\":\"https:\/\/www.ariasassessors.com\/ca\/la-cuota-de-autonomos-subira-8-euros-al-mes-a-partir-de-2022\/#primaryimage\"},\"thumbnailUrl\":\"https:\/\/www.ariasassessors.com\/wp-content\/uploads\/2021\/10\/Arias_Blog_IMAGEN_DESTACADA-2.png\",\"datePublished\":\"2021-10-22T07:14:47+00:00\",\"dateModified\":\"2021-10-22T07:25:53+00:00\",\"description\":\"La cuota que pagan los trabajadores aut\u00f3nomos subir\u00e1 a partir del 2022. En concreto, la cuota tendr\u00e1 un incremento de 8 euros mensuales.\",\"breadcrumb\":{\"@id\":\"https:\/\/www.ariasassessors.com\/ca\/la-cuota-de-autonomos-subira-8-euros-al-mes-a-partir-de-2022\/#breadcrumb\"},\"inLanguage\":\"ca\",\"potentialAction\":[{\"@type\":\"ReadAction\",\"target\":[\"https:\/\/www.ariasassessors.com\/ca\/la-cuota-de-autonomos-subira-8-euros-al-mes-a-partir-de-2022\/\"]}]},{\"@type\":\"ImageObject\",\"inLanguage\":\"ca\",\"@id\":\"https:\/\/www.ariasassessors.com\/ca\/la-cuota-de-autonomos-subira-8-euros-al-mes-a-partir-de-2022\/#primaryimage\",\"url\":\"https:\/\/www.ariasassessors.com\/wp-content\/uploads\/2021\/10\/Arias_Blog_IMAGEN_DESTACADA-2.png\",\"contentUrl\":\"https:\/\/www.ariasassessors.com\/wp-content\/uploads\/2021\/10\/Arias_Blog_IMAGEN_DESTACADA-2.png\",\"width\":1920,\"height\":1202},{\"@type\":\"BreadcrumbList\",\"@id\":\"https:\/\/www.ariasassessors.com\/ca\/la-cuota-de-autonomos-subira-8-euros-al-mes-a-partir-de-2022\/#breadcrumb\",\"itemListElement\":[{\"@type\":\"ListItem\",\"position\":1,\"name\":\"Portada\",\"item\":\"https:\/\/www.ariasassessors.com\/ca\/\"},{\"@type\":\"ListItem\",\"position\":2,\"name\":\"La cuota de aut\u00f3nomos subir\u00e1 8 euros al mes a partir de 2022\"}]},{\"@type\":\"WebSite\",\"@id\":\"https:\/\/www.ariasassessors.com\/#website\",\"url\":\"https:\/\/www.ariasassessors.com\/\",\"name\":\"Arias Assessors\",\"description\":\"Asesor\u00eda para aut\u00f3nomos, profesionales y PYMES\",\"publisher\":{\"@id\":\"https:\/\/www.ariasassessors.com\/#organization\"},\"potentialAction\":[{\"@type\":\"SearchAction\",\"target\":{\"@type\":\"EntryPoint\",\"urlTemplate\":\"https:\/\/www.ariasassessors.com\/?s={search_term_string}\"},\"query-input\":{\"@type\":\"PropertyValueSpecification\",\"valueRequired\":true,\"valueName\":\"search_term_string\"}}],\"inLanguage\":\"ca\"},{\"@type\":\"Organization\",\"@id\":\"https:\/\/www.ariasassessors.com\/#organization\",\"name\":\"Arias Assessors\",\"url\":\"https:\/\/www.ariasassessors.com\/\",\"logo\":{\"@type\":\"ImageObject\",\"inLanguage\":\"ca\",\"@id\":\"https:\/\/www.ariasassessors.com\/#\/schema\/logo\/image\/\",\"url\":\"https:\/\/www.ariasassessors.com\/wp-content\/uploads\/2019\/01\/arias-logo.png\",\"contentUrl\":\"https:\/\/www.ariasassessors.com\/wp-content\/uploads\/2019\/01\/arias-logo.png\",\"width\":349,\"height\":254,\"caption\":\"Arias Assessors\"},\"image\":{\"@id\":\"https:\/\/www.ariasassessors.com\/#\/schema\/logo\/image\/\"},\"sameAs\":[\"https:\/\/www.facebook.com\/ariasassessors\/\",\"https:\/\/x.com\/ariasassessors\",\"https:\/\/www.linkedin.com\/company\/r&amp;amp;r-growing-knowledge\/\"]},{\"@type\":\"Person\",\"@id\":\"https:\/\/www.ariasassessors.com\/#\/schema\/person\/63c6ad1775f0a9413c37932562673cef\",\"name\":\"btorras\",\"image\":{\"@type\":\"ImageObject\",\"inLanguage\":\"ca\",\"@id\":\"https:\/\/www.ariasassessors.com\/#\/schema\/person\/image\/\",\"url\":\"https:\/\/secure.gravatar.com\/avatar\/0531db351fc361fdbfd204c58fa2d6a3?s=96&d=mm&r=g\",\"contentUrl\":\"https:\/\/secure.gravatar.com\/avatar\/0531db351fc361fdbfd204c58fa2d6a3?s=96&d=mm&r=g\",\"caption\":\"btorras\"}}]}<\/script>\n<!-- \/ Yoast SEO plugin. -->","yoast_head_json":{"title":"La cuota de aut\u00f3nomos subir\u00e1 8 euros al mes a partir de 2022","description":"La cuota que pagan los trabajadores aut\u00f3nomos subir\u00e1 a partir del 2022. En concreto, la cuota tendr\u00e1 un incremento de 8 euros mensuales.","robots":{"index":"index","follow":"follow","max-snippet":"max-snippet:-1","max-image-preview":"max-image-preview:large","max-video-preview":"max-video-preview:-1"},"canonical":"https:\/\/www.ariasassessors.com\/ca\/la-cuota-de-autonomos-subira-8-euros-al-mes-a-partir-de-2022\/","og_locale":"ca_ES","og_type":"article","og_title":"La cuota de aut\u00f3nomos subir\u00e1 8 euros al mes a partir de 2022","og_description":"La cuota que pagan los trabajadores aut\u00f3nomos subir\u00e1 a partir del 2022. En concreto, la cuota tendr\u00e1 un incremento de 8 euros mensuales.","og_url":"https:\/\/www.ariasassessors.com\/ca\/la-cuota-de-autonomos-subira-8-euros-al-mes-a-partir-de-2022\/","og_site_name":"Arias Assessors","article_publisher":"https:\/\/www.facebook.com\/ariasassessors\/","article_published_time":"2021-10-22T07:14:47+00:00","article_modified_time":"2021-10-22T07:25:53+00:00","og_image":[{"width":1920,"height":1202,"url":"https:\/\/www.ariasassessors.com\/wp-content\/uploads\/2021\/10\/Arias_Blog_IMAGEN_DESTACADA-2.png","type":"image\/png"}],"author":"btorras","twitter_card":"summary_large_image","twitter_creator":"@ariasassessors","twitter_site":"@ariasassessors","twitter_misc":{"Escrit per":"btorras","Temps estimat de lectura":"2 minuts"},"schema":{"@context":"https:\/\/schema.org","@graph":[{"@type":"Article","@id":"https:\/\/www.ariasassessors.com\/ca\/la-cuota-de-autonomos-subira-8-euros-al-mes-a-partir-de-2022\/#article","isPartOf":{"@id":"https:\/\/www.ariasassessors.com\/ca\/la-cuota-de-autonomos-subira-8-euros-al-mes-a-partir-de-2022\/"},"author":{"name":"btorras","@id":"https:\/\/www.ariasassessors.com\/#\/schema\/person\/63c6ad1775f0a9413c37932562673cef"},"headline":"La cuota de aut\u00f3nomos subir\u00e1 8 euros al mes a partir de 2022","datePublished":"2021-10-22T07:14:47+00:00","dateModified":"2021-10-22T07:25:53+00:00","mainEntityOfPage":{"@id":"https:\/\/www.ariasassessors.com\/ca\/la-cuota-de-autonomos-subira-8-euros-al-mes-a-partir-de-2022\/"},"wordCount":391,"commentCount":0,"publisher":{"@id":"https:\/\/www.ariasassessors.com\/#organization"},"image":{"@id":"https:\/\/www.ariasassessors.com\/ca\/la-cuota-de-autonomos-subira-8-euros-al-mes-a-partir-de-2022\/#primaryimage"},"thumbnailUrl":"https:\/\/www.ariasassessors.com\/wp-content\/uploads\/2021\/10\/Arias_Blog_IMAGEN_DESTACADA-2.png","articleSection":["noticies"],"inLanguage":"ca","potentialAction":[{"@type":"CommentAction","name":"Comment","target":["https:\/\/www.ariasassessors.com\/ca\/la-cuota-de-autonomos-subira-8-euros-al-mes-a-partir-de-2022\/#respond"]}]},{"@type":"WebPage","@id":"https:\/\/www.ariasassessors.com\/ca\/la-cuota-de-autonomos-subira-8-euros-al-mes-a-partir-de-2022\/","url":"https:\/\/www.ariasassessors.com\/ca\/la-cuota-de-autonomos-subira-8-euros-al-mes-a-partir-de-2022\/","name":"La cuota de aut\u00f3nomos subir\u00e1 8 euros al mes a partir de 2022","isPartOf":{"@id":"https:\/\/www.ariasassessors.com\/#website"},"primaryImageOfPage":{"@id":"https:\/\/www.ariasassessors.com\/ca\/la-cuota-de-autonomos-subira-8-euros-al-mes-a-partir-de-2022\/#primaryimage"},"image":{"@id":"https:\/\/www.ariasassessors.com\/ca\/la-cuota-de-autonomos-subira-8-euros-al-mes-a-partir-de-2022\/#primaryimage"},"thumbnailUrl":"https:\/\/www.ariasassessors.com\/wp-content\/uploads\/2021\/10\/Arias_Blog_IMAGEN_DESTACADA-2.png","datePublished":"2021-10-22T07:14:47+00:00","dateModified":"2021-10-22T07:25:53+00:00","description":"La cuota que pagan los trabajadores aut\u00f3nomos subir\u00e1 a partir del 2022. En concreto, la cuota tendr\u00e1 un incremento de 8 euros mensuales.","breadcrumb":{"@id":"https:\/\/www.ariasassessors.com\/ca\/la-cuota-de-autonomos-subira-8-euros-al-mes-a-partir-de-2022\/#breadcrumb"},"inLanguage":"ca","potentialAction":[{"@type":"ReadAction","target":["https:\/\/www.ariasassessors.com\/ca\/la-cuota-de-autonomos-subira-8-euros-al-mes-a-partir-de-2022\/"]}]},{"@type":"ImageObject","inLanguage":"ca","@id":"https:\/\/www.ariasassessors.com\/ca\/la-cuota-de-autonomos-subira-8-euros-al-mes-a-partir-de-2022\/#primaryimage","url":"https:\/\/www.ariasassessors.com\/wp-content\/uploads\/2021\/10\/Arias_Blog_IMAGEN_DESTACADA-2.png","contentUrl":"https:\/\/www.ariasassessors.com\/wp-content\/uploads\/2021\/10\/Arias_Blog_IMAGEN_DESTACADA-2.png","width":1920,"height":1202},{"@type":"BreadcrumbList","@id":"https:\/\/www.ariasassessors.com\/ca\/la-cuota-de-autonomos-subira-8-euros-al-mes-a-partir-de-2022\/#breadcrumb","itemListElement":[{"@type":"ListItem","position":1,"name":"Portada","item":"https:\/\/www.ariasassessors.com\/ca\/"},{"@type":"ListItem","position":2,"name":"La cuota de aut\u00f3nomos subir\u00e1 8 euros al mes a partir de 2022"}]},{"@type":"WebSite","@id":"https:\/\/www.ariasassessors.com\/#website","url":"https:\/\/www.ariasassessors.com\/","name":"Arias Assessors","description":"Asesor\u00eda para aut\u00f3nomos, profesionales y PYMES","publisher":{"@id":"https:\/\/www.ariasassessors.com\/#organization"},"potentialAction":[{"@type":"SearchAction","target":{"@type":"EntryPoint","urlTemplate":"https:\/\/www.ariasassessors.com\/?s={search_term_string}"},"query-input":{"@type":"PropertyValueSpecification","valueRequired":true,"valueName":"search_term_string"}}],"inLanguage":"ca"},{"@type":"Organization","@id":"https:\/\/www.ariasassessors.com\/#organization","name":"Arias Assessors","url":"https:\/\/www.ariasassessors.com\/","logo":{"@type":"ImageObject","inLanguage":"ca","@id":"https:\/\/www.ariasassessors.com\/#\/schema\/logo\/image\/","url":"https:\/\/www.ariasassessors.com\/wp-content\/uploads\/2019\/01\/arias-logo.png","contentUrl":"https:\/\/www.ariasassessors.com\/wp-content\/uploads\/2019\/01\/arias-logo.png","width":349,"height":254,"caption":"Arias Assessors"},"image":{"@id":"https:\/\/www.ariasassessors.com\/#\/schema\/logo\/image\/"},"sameAs":["https:\/\/www.facebook.com\/ariasassessors\/","https:\/\/x.com\/ariasassessors","https:\/\/www.linkedin.com\/company\/r&amp;amp;r-growing-knowledge\/"]},{"@type":"Person","@id":"https:\/\/www.ariasassessors.com\/#\/schema\/person\/63c6ad1775f0a9413c37932562673cef","name":"btorras","image":{"@type":"ImageObject","inLanguage":"ca","@id":"https:\/\/www.ariasassessors.com\/#\/schema\/person\/image\/","url":"https:\/\/secure.gravatar.com\/avatar\/0531db351fc361fdbfd204c58fa2d6a3?s=96&d=mm&r=g","contentUrl":"https:\/\/secure.gravatar.com\/avatar\/0531db351fc361fdbfd204c58fa2d6a3?s=96&d=mm&r=g","caption":"btorras"}}]}},"_links":{"self":[{"href":"https:\/\/www.ariasassessors.com\/ca\/wp-json\/wp\/v2\/posts\/1699","targetHints":{"allow":["GET"]}}],"collection":[{"href":"https:\/\/www.ariasassessors.com\/ca\/wp-json\/wp\/v2\/posts"}],"about":[{"href":"https:\/\/www.ariasassessors.com\/ca\/wp-json\/wp\/v2\/types\/post"}],"author":[{"embeddable":true,"href":"https:\/\/www.ariasassessors.com\/ca\/wp-json\/wp\/v2\/users\/2"}],"replies":[{"embeddable":true,"href":"https:\/\/www.ariasassessors.com\/ca\/wp-json\/wp\/v2\/comments?post=1699"}],"version-history":[{"count":1,"href":"https:\/\/www.ariasassessors.com\/ca\/wp-json\/wp\/v2\/posts\/1699\/revisions"}],"predecessor-version":[{"id":1700,"href":"https:\/\/www.ariasassessors.com\/ca\/wp-json\/wp\/v2\/posts\/1699\/revisions\/1700"}],"wp:featuredmedia":[{"embeddable":true,"href":"https:\/\/www.ariasassessors.com\/ca\/wp-json\/wp\/v2\/media\/1697"}],"wp:attachment":[{"href":"https:\/\/www.ariasassessors.com\/ca\/wp-json\/wp\/v2\/media?parent=1699"}],"wp:term":[{"taxonomy":"category","embeddable":true,"href":"https:\/\/www.ariasassessors.com\/ca\/wp-json\/wp\/v2\/categories?post=1699"},{"taxonomy":"post_tag","embeddable":true,"href":"https:\/\/www.ariasassessors.com\/ca\/wp-json\/wp\/v2\/tags?post=1699"}],"curies":[{"name":"wp","href":"https:\/\/api.w.org\/{rel}","templated":true}]}}