{"id":1717,"date":"2021-11-12T13:26:32","date_gmt":"2021-11-12T12:26:32","guid":{"rendered":"https:\/\/www.ariasassessors.com\/?p=1717"},"modified":"2021-11-12T13:26:32","modified_gmt":"2021-11-12T12:26:32","slug":"3a-convocatoria-novembre-2021-ajuts-de-suport-a-la-solvencia-empresarial-en-resposta-a-la-covid-19","status":"publish","type":"post","link":"https:\/\/www.ariasassessors.com\/ca\/3a-convocatoria-novembre-2021-ajuts-de-suport-a-la-solvencia-empresarial-en-resposta-a-la-covid-19\/","title":{"rendered":"3a convocat\u00f2ria novembre 2021. Ajuts de suport a la solv\u00e8ncia empresarial en resposta a la COVID-19"},"content":{"rendered":"<p>La Generalitat de Catalunya va obrir una primera inscripci\u00f3 per als ajuts finan\u00e7ats pel Govern d\u2019Espanya mitjan\u00e7ant el\u00a0<em>Reial decret llei 5\/2021<\/em>, per mitj\u00e0 de l\u2019Ordre ECO\/127\/2021, de 14 de juny, destinada a determinats sectors, el termini de la qual ja va finalitzar. Posteriorment, es va obrir una\u00a0<strong>2a Convocat\u00f2ria,\u00a0<\/strong>que es va convocar amb\u00a0l\u2019\u00a0<a href=\"https:\/\/dogc.gencat.cat\/ca\/document-del-dogc\/?documentId=906633\">ORDRE ECO\/153\/2021, de 16 de juliol<\/a>, que ampliava els sectors destinataris.<\/p>\n<p>S\u2019ha obert tamb\u00e9 una tercera convocat\u00f2ria d&#8217;ajuts a trav\u00e9s de l&#8217;<a href=\"https:\/\/dogc.gencat.cat\/ca\/document-del-dogc\/?documentId=914097\">ORDRE ECO\/209\/2021, de 9 de novembre<\/a>, que incorpora les modificacions publicades al Reial Decret 17\/2021:<\/p>\n<ul>\n<li>Ampliant l&#8217;\u00e0mbit temporal dels deutes subvencionables en quatre mesos, des del 31 de maig fins al 30 de setembre.<\/li>\n<li>Considerant tamb\u00e9 com a deutes subvencionables els costos fixos incorreguts tant si estan pagats com no pagats, incloses les p\u00e8rdues comptables, sempre que aquests s\u2019hagin generat entre l&#8217;1 de mar\u00e7 de 2020 i el 30 de setembre de 2021 i procedeixin de contractes anteriors al 13 de mar\u00e7 de 2021.<\/li>\n<\/ul>\n<p>El termini d\u2019inscripci\u00f3 per a aquesta nova convocat\u00f2ria \u00e9s de les 9.00 hores del dia 12 de novembre de 2021 fins al dia 19 de novembre de 2021 a les 14.00 hores<\/p>\n<p>Aquests ajuts estan\u00a0destinats a pagar a prove\u00efdors, pagar costos fixos, reduir els deutes derivats de l\u2019activitat econ\u00f2mica i\u00a0en cas\u00a0de romanent, deutes amb creditors bancaris,\u00a0amb l&#8217;objectiu d&#8217;alleugerir l&#8217;afectaci\u00f3 causada per la Covid-19 i donar suport a la solv\u00e8ncia del sector privat a Catalunya.<\/p>\n<p><strong>Si voleu comprovar l&#8217;estat de les sol\u00b7licituds de la primera convocat\u00f2ria, d&#8217;acord amb les resolucions que es van publicant a l&#8217;E-Tauler, podeu fer-ho en\u00a0<a href=\"http:\/\/empresa.gencat.cat\/ca\/tramits\/intern\/cercador_ajuts_solvencia\/index.html\">aquest cercador<\/a>, introduint quatre xifres del NIF o CIF\u00a0del beneficiari dels ajuts.<\/strong><\/p>\n<p><strong>Si ja teniu\u00a0<a href=\"http:\/\/empresa.gencat.cat\/ca\/tramits\/intern\/preguntes-frequents-sobre-els-ajuts-de-suport-a-la-solvencia\/#distribuidora_99c18f6f-3652-11ec-a684-005056924a59_2\">n\u00famero d&#8217;expedient<\/a>, podeu saber en quina convocat\u00f2ria us v\u00e0reu presentar. Els expedients que comencen per SEC023 i SEC024 s\u00f3n de la primera convocat\u00f2ria. Els expedients que comencen per SEC027 i SEC028 s\u00f3n de la segona.<\/strong><\/p>\n<p><strong>Actualitzaci\u00f3 11\/11\/2021:<\/strong><\/p>\n<p><strong>S&#8217;ha publicat una nova ordre d&#8217;inscripci\u00f3 pr\u00e8via. El termini d&#8217;inscripci\u00f3 \u00e9s del 12 de novembre de 2021 a les 9:00 h fins al 19 de novembre del 2021 a les 14:00 h.<\/strong><\/p>\n<p><strong>Les persones i empreses que es van presentar en alguna de les dues convocat\u00f2ries anteriors (en el marc de l&#8217;Ordre ECO\/127\/2021 i de l&#8217;ORDRE ECO\/153\/2021) i complien els requisits poden realitzar aquesta nova inscripci\u00f3 pr\u00e8via, sempre que no hagin percebut l&#8217;import m\u00e0xim de l&#8217;ajut i el deute que declaren sigui complementari al ja declarat a la inscripci\u00f3 pr\u00e8via anterior.<\/strong><\/p>\n<p>Si tens qualsevol dubte ens pots contactar a trav\u00e9s de la <a href=\"https:\/\/www.ariasassessors.com\/contacto\/\">nostra p\u00e0gina de contacte<\/a>.<\/p>\n","protected":false},"excerpt":{"rendered":"<p>La Generalitat de Catalunya va obrir una primera inscripci\u00f3 per als ajuts finan\u00e7ats pel Govern d\u2019Espanya mitjan\u00e7ant el\u00a0Reial decret llei 5\/2021, per mitj\u00e0 de l\u2019Ordre ECO\/127\/2021, de 14 de juny, destinada a determinats sectors, el termini de la qual ja va finalitzar. Posteriorment, es va&#8230;<\/p>\n","protected":false},"author":2,"featured_media":1722,"comment_status":"open","ping_status":"open","sticky":false,"template":"","format":"standard","meta":{"footnotes":""},"categories":[4],"tags":[],"class_list":["post-1717","post","type-post","status-publish","format-standard","has-post-thumbnail","hentry","category-noticies"],"yoast_head":"<!-- This site is optimized with the Yoast SEO plugin v24.3 - https:\/\/yoast.com\/wordpress\/plugins\/seo\/ -->\n<title>3a convocat\u00f2ria novembre 2021. Ajuts de suport a la solv\u00e8ncia empresarial en resposta a la COVID-19 | Arias Assessors<\/title>\n<meta name=\"description\" content=\"S\u2019ha obert tamb\u00e9 una tercera convocat\u00f2ria a trav\u00e9s de l&#039;ORDRE ECO\/209\/2021, de 9 de novembre, que incorpora les modificacions publicades al Reial Decret 17\/2021.\" \/>\n<meta name=\"robots\" content=\"index, follow, max-snippet:-1, max-image-preview:large, max-video-preview:-1\" \/>\n<link rel=\"canonical\" href=\"https:\/\/www.ariasassessors.com\/ca\/3a-convocatoria-novembre-2021-ajuts-de-suport-a-la-solvencia-empresarial-en-resposta-a-la-covid-19\/\" \/>\n<meta property=\"og:locale\" content=\"ca_ES\" \/>\n<meta property=\"og:type\" content=\"article\" \/>\n<meta property=\"og:title\" content=\"3a convocat\u00f2ria novembre 2021. Ajuts de suport a la solv\u00e8ncia empresarial en resposta a la COVID-19 | Arias Assessors\" \/>\n<meta property=\"og:description\" content=\"S\u2019ha obert tamb\u00e9 una tercera convocat\u00f2ria a trav\u00e9s de l&#039;ORDRE ECO\/209\/2021, de 9 de novembre, que incorpora les modificacions publicades al Reial Decret 17\/2021.\" \/>\n<meta property=\"og:url\" content=\"https:\/\/www.ariasassessors.com\/ca\/3a-convocatoria-novembre-2021-ajuts-de-suport-a-la-solvencia-empresarial-en-resposta-a-la-covid-19\/\" \/>\n<meta property=\"og:site_name\" content=\"Arias Assessors\" \/>\n<meta property=\"article:publisher\" content=\"https:\/\/www.facebook.com\/ariasassessors\/\" \/>\n<meta property=\"article:published_time\" content=\"2021-11-12T12:26:32+00:00\" \/>\n<meta property=\"og:image\" content=\"https:\/\/www.ariasassessors.com\/wp-content\/uploads\/2021\/11\/Arias_Blog_IMAGEN_DESTACADA.jpg\" \/>\n\t<meta property=\"og:image:width\" content=\"1920\" \/>\n\t<meta property=\"og:image:height\" content=\"1202\" \/>\n\t<meta property=\"og:image:type\" content=\"image\/jpeg\" \/>\n<meta name=\"author\" content=\"btorras\" \/>\n<meta name=\"twitter:card\" content=\"summary_large_image\" \/>\n<meta name=\"twitter:creator\" content=\"@ariasassessors\" \/>\n<meta name=\"twitter:site\" content=\"@ariasassessors\" \/>\n<meta name=\"twitter:label1\" content=\"Escrit per\" \/>\n\t<meta name=\"twitter:data1\" content=\"btorras\" \/>\n\t<meta name=\"twitter:label2\" content=\"Temps estimat de lectura\" \/>\n\t<meta name=\"twitter:data2\" content=\"2 minuts\" \/>\n<script type=\"application\/ld+json\" class=\"yoast-schema-graph\">{\"@context\":\"https:\/\/schema.org\",\"@graph\":[{\"@type\":\"Article\",\"@id\":\"https:\/\/www.ariasassessors.com\/ca\/3a-convocatoria-novembre-2021-ajuts-de-suport-a-la-solvencia-empresarial-en-resposta-a-la-covid-19\/#article\",\"isPartOf\":{\"@id\":\"https:\/\/www.ariasassessors.com\/ca\/3a-convocatoria-novembre-2021-ajuts-de-suport-a-la-solvencia-empresarial-en-resposta-a-la-covid-19\/\"},\"author\":{\"name\":\"btorras\",\"@id\":\"https:\/\/www.ariasassessors.com\/#\/schema\/person\/63c6ad1775f0a9413c37932562673cef\"},\"headline\":\"3a convocat\u00f2ria novembre 2021. Ajuts de suport a la solv\u00e8ncia empresarial en resposta a la COVID-19\",\"datePublished\":\"2021-11-12T12:26:32+00:00\",\"dateModified\":\"2021-11-12T12:26:32+00:00\",\"mainEntityOfPage\":{\"@id\":\"https:\/\/www.ariasassessors.com\/ca\/3a-convocatoria-novembre-2021-ajuts-de-suport-a-la-solvencia-empresarial-en-resposta-a-la-covid-19\/\"},\"wordCount\":446,\"commentCount\":0,\"publisher\":{\"@id\":\"https:\/\/www.ariasassessors.com\/#organization\"},\"image\":{\"@id\":\"https:\/\/www.ariasassessors.com\/ca\/3a-convocatoria-novembre-2021-ajuts-de-suport-a-la-solvencia-empresarial-en-resposta-a-la-covid-19\/#primaryimage\"},\"thumbnailUrl\":\"https:\/\/www.ariasassessors.com\/wp-content\/uploads\/2021\/11\/Arias_Blog_IMAGEN_DESTACADA.jpg\",\"articleSection\":[\"noticies\"],\"inLanguage\":\"ca\",\"potentialAction\":[{\"@type\":\"CommentAction\",\"name\":\"Comment\",\"target\":[\"https:\/\/www.ariasassessors.com\/ca\/3a-convocatoria-novembre-2021-ajuts-de-suport-a-la-solvencia-empresarial-en-resposta-a-la-covid-19\/#respond\"]}]},{\"@type\":\"WebPage\",\"@id\":\"https:\/\/www.ariasassessors.com\/ca\/3a-convocatoria-novembre-2021-ajuts-de-suport-a-la-solvencia-empresarial-en-resposta-a-la-covid-19\/\",\"url\":\"https:\/\/www.ariasassessors.com\/ca\/3a-convocatoria-novembre-2021-ajuts-de-suport-a-la-solvencia-empresarial-en-resposta-a-la-covid-19\/\",\"name\":\"3a convocat\u00f2ria novembre 2021. Ajuts de suport a la solv\u00e8ncia empresarial en resposta a la COVID-19 | Arias Assessors\",\"isPartOf\":{\"@id\":\"https:\/\/www.ariasassessors.com\/#website\"},\"primaryImageOfPage\":{\"@id\":\"https:\/\/www.ariasassessors.com\/ca\/3a-convocatoria-novembre-2021-ajuts-de-suport-a-la-solvencia-empresarial-en-resposta-a-la-covid-19\/#primaryimage\"},\"image\":{\"@id\":\"https:\/\/www.ariasassessors.com\/ca\/3a-convocatoria-novembre-2021-ajuts-de-suport-a-la-solvencia-empresarial-en-resposta-a-la-covid-19\/#primaryimage\"},\"thumbnailUrl\":\"https:\/\/www.ariasassessors.com\/wp-content\/uploads\/2021\/11\/Arias_Blog_IMAGEN_DESTACADA.jpg\",\"datePublished\":\"2021-11-12T12:26:32+00:00\",\"dateModified\":\"2021-11-12T12:26:32+00:00\",\"description\":\"S\u2019ha obert tamb\u00e9 una tercera convocat\u00f2ria a trav\u00e9s de l'ORDRE ECO\/209\/2021, de 9 de novembre, que incorpora les modificacions publicades al Reial Decret 17\/2021.\",\"breadcrumb\":{\"@id\":\"https:\/\/www.ariasassessors.com\/ca\/3a-convocatoria-novembre-2021-ajuts-de-suport-a-la-solvencia-empresarial-en-resposta-a-la-covid-19\/#breadcrumb\"},\"inLanguage\":\"ca\",\"potentialAction\":[{\"@type\":\"ReadAction\",\"target\":[\"https:\/\/www.ariasassessors.com\/ca\/3a-convocatoria-novembre-2021-ajuts-de-suport-a-la-solvencia-empresarial-en-resposta-a-la-covid-19\/\"]}]},{\"@type\":\"ImageObject\",\"inLanguage\":\"ca\",\"@id\":\"https:\/\/www.ariasassessors.com\/ca\/3a-convocatoria-novembre-2021-ajuts-de-suport-a-la-solvencia-empresarial-en-resposta-a-la-covid-19\/#primaryimage\",\"url\":\"https:\/\/www.ariasassessors.com\/wp-content\/uploads\/2021\/11\/Arias_Blog_IMAGEN_DESTACADA.jpg\",\"contentUrl\":\"https:\/\/www.ariasassessors.com\/wp-content\/uploads\/2021\/11\/Arias_Blog_IMAGEN_DESTACADA.jpg\",\"width\":1920,\"height\":1202,\"caption\":\"Ajuts de suport\"},{\"@type\":\"BreadcrumbList\",\"@id\":\"https:\/\/www.ariasassessors.com\/ca\/3a-convocatoria-novembre-2021-ajuts-de-suport-a-la-solvencia-empresarial-en-resposta-a-la-covid-19\/#breadcrumb\",\"itemListElement\":[{\"@type\":\"ListItem\",\"position\":1,\"name\":\"Portada\",\"item\":\"https:\/\/www.ariasassessors.com\/ca\/\"},{\"@type\":\"ListItem\",\"position\":2,\"name\":\"3a convocat\u00f2ria novembre 2021. Ajuts de suport a la solv\u00e8ncia empresarial en resposta a la COVID-19\"}]},{\"@type\":\"WebSite\",\"@id\":\"https:\/\/www.ariasassessors.com\/#website\",\"url\":\"https:\/\/www.ariasassessors.com\/\",\"name\":\"Arias Assessors\",\"description\":\"Asesor\u00eda para aut\u00f3nomos, profesionales y PYMES\",\"publisher\":{\"@id\":\"https:\/\/www.ariasassessors.com\/#organization\"},\"potentialAction\":[{\"@type\":\"SearchAction\",\"target\":{\"@type\":\"EntryPoint\",\"urlTemplate\":\"https:\/\/www.ariasassessors.com\/?s={search_term_string}\"},\"query-input\":{\"@type\":\"PropertyValueSpecification\",\"valueRequired\":true,\"valueName\":\"search_term_string\"}}],\"inLanguage\":\"ca\"},{\"@type\":\"Organization\",\"@id\":\"https:\/\/www.ariasassessors.com\/#organization\",\"name\":\"Arias Assessors\",\"url\":\"https:\/\/www.ariasassessors.com\/\",\"logo\":{\"@type\":\"ImageObject\",\"inLanguage\":\"ca\",\"@id\":\"https:\/\/www.ariasassessors.com\/#\/schema\/logo\/image\/\",\"url\":\"https:\/\/www.ariasassessors.com\/wp-content\/uploads\/2019\/01\/arias-logo.png\",\"contentUrl\":\"https:\/\/www.ariasassessors.com\/wp-content\/uploads\/2019\/01\/arias-logo.png\",\"width\":349,\"height\":254,\"caption\":\"Arias Assessors\"},\"image\":{\"@id\":\"https:\/\/www.ariasassessors.com\/#\/schema\/logo\/image\/\"},\"sameAs\":[\"https:\/\/www.facebook.com\/ariasassessors\/\",\"https:\/\/x.com\/ariasassessors\",\"https:\/\/www.linkedin.com\/company\/r&amp;amp;r-growing-knowledge\/\"]},{\"@type\":\"Person\",\"@id\":\"https:\/\/www.ariasassessors.com\/#\/schema\/person\/63c6ad1775f0a9413c37932562673cef\",\"name\":\"btorras\",\"image\":{\"@type\":\"ImageObject\",\"inLanguage\":\"ca\",\"@id\":\"https:\/\/www.ariasassessors.com\/#\/schema\/person\/image\/\",\"url\":\"https:\/\/secure.gravatar.com\/avatar\/0531db351fc361fdbfd204c58fa2d6a3?s=96&d=mm&r=g\",\"contentUrl\":\"https:\/\/secure.gravatar.com\/avatar\/0531db351fc361fdbfd204c58fa2d6a3?s=96&d=mm&r=g\",\"caption\":\"btorras\"}}]}<\/script>\n<!-- \/ Yoast SEO plugin. -->","yoast_head_json":{"title":"3a convocat\u00f2ria novembre 2021. Ajuts de suport a la solv\u00e8ncia empresarial en resposta a la COVID-19 | Arias Assessors","description":"S\u2019ha obert tamb\u00e9 una tercera convocat\u00f2ria a trav\u00e9s de l'ORDRE ECO\/209\/2021, de 9 de novembre, que incorpora les modificacions publicades al Reial Decret 17\/2021.","robots":{"index":"index","follow":"follow","max-snippet":"max-snippet:-1","max-image-preview":"max-image-preview:large","max-video-preview":"max-video-preview:-1"},"canonical":"https:\/\/www.ariasassessors.com\/ca\/3a-convocatoria-novembre-2021-ajuts-de-suport-a-la-solvencia-empresarial-en-resposta-a-la-covid-19\/","og_locale":"ca_ES","og_type":"article","og_title":"3a convocat\u00f2ria novembre 2021. Ajuts de suport a la solv\u00e8ncia empresarial en resposta a la COVID-19 | Arias Assessors","og_description":"S\u2019ha obert tamb\u00e9 una tercera convocat\u00f2ria a trav\u00e9s de l'ORDRE ECO\/209\/2021, de 9 de novembre, que incorpora les modificacions publicades al Reial Decret 17\/2021.","og_url":"https:\/\/www.ariasassessors.com\/ca\/3a-convocatoria-novembre-2021-ajuts-de-suport-a-la-solvencia-empresarial-en-resposta-a-la-covid-19\/","og_site_name":"Arias Assessors","article_publisher":"https:\/\/www.facebook.com\/ariasassessors\/","article_published_time":"2021-11-12T12:26:32+00:00","og_image":[{"width":1920,"height":1202,"url":"https:\/\/www.ariasassessors.com\/wp-content\/uploads\/2021\/11\/Arias_Blog_IMAGEN_DESTACADA.jpg","type":"image\/jpeg"}],"author":"btorras","twitter_card":"summary_large_image","twitter_creator":"@ariasassessors","twitter_site":"@ariasassessors","twitter_misc":{"Escrit per":"btorras","Temps estimat de lectura":"2 minuts"},"schema":{"@context":"https:\/\/schema.org","@graph":[{"@type":"Article","@id":"https:\/\/www.ariasassessors.com\/ca\/3a-convocatoria-novembre-2021-ajuts-de-suport-a-la-solvencia-empresarial-en-resposta-a-la-covid-19\/#article","isPartOf":{"@id":"https:\/\/www.ariasassessors.com\/ca\/3a-convocatoria-novembre-2021-ajuts-de-suport-a-la-solvencia-empresarial-en-resposta-a-la-covid-19\/"},"author":{"name":"btorras","@id":"https:\/\/www.ariasassessors.com\/#\/schema\/person\/63c6ad1775f0a9413c37932562673cef"},"headline":"3a convocat\u00f2ria novembre 2021. Ajuts de suport a la solv\u00e8ncia empresarial en resposta a la COVID-19","datePublished":"2021-11-12T12:26:32+00:00","dateModified":"2021-11-12T12:26:32+00:00","mainEntityOfPage":{"@id":"https:\/\/www.ariasassessors.com\/ca\/3a-convocatoria-novembre-2021-ajuts-de-suport-a-la-solvencia-empresarial-en-resposta-a-la-covid-19\/"},"wordCount":446,"commentCount":0,"publisher":{"@id":"https:\/\/www.ariasassessors.com\/#organization"},"image":{"@id":"https:\/\/www.ariasassessors.com\/ca\/3a-convocatoria-novembre-2021-ajuts-de-suport-a-la-solvencia-empresarial-en-resposta-a-la-covid-19\/#primaryimage"},"thumbnailUrl":"https:\/\/www.ariasassessors.com\/wp-content\/uploads\/2021\/11\/Arias_Blog_IMAGEN_DESTACADA.jpg","articleSection":["noticies"],"inLanguage":"ca","potentialAction":[{"@type":"CommentAction","name":"Comment","target":["https:\/\/www.ariasassessors.com\/ca\/3a-convocatoria-novembre-2021-ajuts-de-suport-a-la-solvencia-empresarial-en-resposta-a-la-covid-19\/#respond"]}]},{"@type":"WebPage","@id":"https:\/\/www.ariasassessors.com\/ca\/3a-convocatoria-novembre-2021-ajuts-de-suport-a-la-solvencia-empresarial-en-resposta-a-la-covid-19\/","url":"https:\/\/www.ariasassessors.com\/ca\/3a-convocatoria-novembre-2021-ajuts-de-suport-a-la-solvencia-empresarial-en-resposta-a-la-covid-19\/","name":"3a convocat\u00f2ria novembre 2021. Ajuts de suport a la solv\u00e8ncia empresarial en resposta a la COVID-19 | Arias Assessors","isPartOf":{"@id":"https:\/\/www.ariasassessors.com\/#website"},"primaryImageOfPage":{"@id":"https:\/\/www.ariasassessors.com\/ca\/3a-convocatoria-novembre-2021-ajuts-de-suport-a-la-solvencia-empresarial-en-resposta-a-la-covid-19\/#primaryimage"},"image":{"@id":"https:\/\/www.ariasassessors.com\/ca\/3a-convocatoria-novembre-2021-ajuts-de-suport-a-la-solvencia-empresarial-en-resposta-a-la-covid-19\/#primaryimage"},"thumbnailUrl":"https:\/\/www.ariasassessors.com\/wp-content\/uploads\/2021\/11\/Arias_Blog_IMAGEN_DESTACADA.jpg","datePublished":"2021-11-12T12:26:32+00:00","dateModified":"2021-11-12T12:26:32+00:00","description":"S\u2019ha obert tamb\u00e9 una tercera convocat\u00f2ria a trav\u00e9s de l'ORDRE ECO\/209\/2021, de 9 de novembre, que incorpora les modificacions publicades al Reial Decret 17\/2021.","breadcrumb":{"@id":"https:\/\/www.ariasassessors.com\/ca\/3a-convocatoria-novembre-2021-ajuts-de-suport-a-la-solvencia-empresarial-en-resposta-a-la-covid-19\/#breadcrumb"},"inLanguage":"ca","potentialAction":[{"@type":"ReadAction","target":["https:\/\/www.ariasassessors.com\/ca\/3a-convocatoria-novembre-2021-ajuts-de-suport-a-la-solvencia-empresarial-en-resposta-a-la-covid-19\/"]}]},{"@type":"ImageObject","inLanguage":"ca","@id":"https:\/\/www.ariasassessors.com\/ca\/3a-convocatoria-novembre-2021-ajuts-de-suport-a-la-solvencia-empresarial-en-resposta-a-la-covid-19\/#primaryimage","url":"https:\/\/www.ariasassessors.com\/wp-content\/uploads\/2021\/11\/Arias_Blog_IMAGEN_DESTACADA.jpg","contentUrl":"https:\/\/www.ariasassessors.com\/wp-content\/uploads\/2021\/11\/Arias_Blog_IMAGEN_DESTACADA.jpg","width":1920,"height":1202,"caption":"Ajuts de suport"},{"@type":"BreadcrumbList","@id":"https:\/\/www.ariasassessors.com\/ca\/3a-convocatoria-novembre-2021-ajuts-de-suport-a-la-solvencia-empresarial-en-resposta-a-la-covid-19\/#breadcrumb","itemListElement":[{"@type":"ListItem","position":1,"name":"Portada","item":"https:\/\/www.ariasassessors.com\/ca\/"},{"@type":"ListItem","position":2,"name":"3a convocat\u00f2ria novembre 2021. Ajuts de suport a la solv\u00e8ncia empresarial en resposta a la COVID-19"}]},{"@type":"WebSite","@id":"https:\/\/www.ariasassessors.com\/#website","url":"https:\/\/www.ariasassessors.com\/","name":"Arias Assessors","description":"Asesor\u00eda para aut\u00f3nomos, profesionales y PYMES","publisher":{"@id":"https:\/\/www.ariasassessors.com\/#organization"},"potentialAction":[{"@type":"SearchAction","target":{"@type":"EntryPoint","urlTemplate":"https:\/\/www.ariasassessors.com\/?s={search_term_string}"},"query-input":{"@type":"PropertyValueSpecification","valueRequired":true,"valueName":"search_term_string"}}],"inLanguage":"ca"},{"@type":"Organization","@id":"https:\/\/www.ariasassessors.com\/#organization","name":"Arias Assessors","url":"https:\/\/www.ariasassessors.com\/","logo":{"@type":"ImageObject","inLanguage":"ca","@id":"https:\/\/www.ariasassessors.com\/#\/schema\/logo\/image\/","url":"https:\/\/www.ariasassessors.com\/wp-content\/uploads\/2019\/01\/arias-logo.png","contentUrl":"https:\/\/www.ariasassessors.com\/wp-content\/uploads\/2019\/01\/arias-logo.png","width":349,"height":254,"caption":"Arias Assessors"},"image":{"@id":"https:\/\/www.ariasassessors.com\/#\/schema\/logo\/image\/"},"sameAs":["https:\/\/www.facebook.com\/ariasassessors\/","https:\/\/x.com\/ariasassessors","https:\/\/www.linkedin.com\/company\/r&amp;amp;r-growing-knowledge\/"]},{"@type":"Person","@id":"https:\/\/www.ariasassessors.com\/#\/schema\/person\/63c6ad1775f0a9413c37932562673cef","name":"btorras","image":{"@type":"ImageObject","inLanguage":"ca","@id":"https:\/\/www.ariasassessors.com\/#\/schema\/person\/image\/","url":"https:\/\/secure.gravatar.com\/avatar\/0531db351fc361fdbfd204c58fa2d6a3?s=96&d=mm&r=g","contentUrl":"https:\/\/secure.gravatar.com\/avatar\/0531db351fc361fdbfd204c58fa2d6a3?s=96&d=mm&r=g","caption":"btorras"}}]}},"_links":{"self":[{"href":"https:\/\/www.ariasassessors.com\/ca\/wp-json\/wp\/v2\/posts\/1717","targetHints":{"allow":["GET"]}}],"collection":[{"href":"https:\/\/www.ariasassessors.com\/ca\/wp-json\/wp\/v2\/posts"}],"about":[{"href":"https:\/\/www.ariasassessors.com\/ca\/wp-json\/wp\/v2\/types\/post"}],"author":[{"embeddable":true,"href":"https:\/\/www.ariasassessors.com\/ca\/wp-json\/wp\/v2\/users\/2"}],"replies":[{"embeddable":true,"href":"https:\/\/www.ariasassessors.com\/ca\/wp-json\/wp\/v2\/comments?post=1717"}],"version-history":[{"count":1,"href":"https:\/\/www.ariasassessors.com\/ca\/wp-json\/wp\/v2\/posts\/1717\/revisions"}],"predecessor-version":[{"id":1724,"href":"https:\/\/www.ariasassessors.com\/ca\/wp-json\/wp\/v2\/posts\/1717\/revisions\/1724"}],"wp:featuredmedia":[{"embeddable":true,"href":"https:\/\/www.ariasassessors.com\/ca\/wp-json\/wp\/v2\/media\/1722"}],"wp:attachment":[{"href":"https:\/\/www.ariasassessors.com\/ca\/wp-json\/wp\/v2\/media?parent=1717"}],"wp:term":[{"taxonomy":"category","embeddable":true,"href":"https:\/\/www.ariasassessors.com\/ca\/wp-json\/wp\/v2\/categories?post=1717"},{"taxonomy":"post_tag","embeddable":true,"href":"https:\/\/www.ariasassessors.com\/ca\/wp-json\/wp\/v2\/tags?post=1717"}],"curies":[{"name":"wp","href":"https:\/\/api.w.org\/{rel}","templated":true}]}}