{"id":1742,"date":"2021-11-22T15:44:56","date_gmt":"2021-11-22T14:44:56","guid":{"rendered":"https:\/\/www.ariasassessors.com\/?p=1742"},"modified":"2021-11-22T15:50:46","modified_gmt":"2021-11-22T14:50:46","slug":"la-direccio-general-de-tributs-aclareix-la-possibilitat-dexempcio-per-reinversio-en-habitatge-habitual-motivat-pel-teletreball","status":"publish","type":"post","link":"https:\/\/www.ariasassessors.com\/ca\/la-direccio-general-de-tributs-aclareix-la-possibilitat-dexempcio-per-reinversio-en-habitatge-habitual-motivat-pel-teletreball\/","title":{"rendered":"La Direcci\u00f3 General de Tributs aclareix la possibilitat d&#8217;exempci\u00f3 per reinversi\u00f3 en habitatge habitual motivat pel teletreball."},"content":{"rendered":"<p><em>La Direcci\u00f3 General de Tributs ha analitzat la possibilitat d&#8217;aplicar l&#8217;exempci\u00f3 per reinversi\u00f3 d&#8217;habitatge habitual en un cas on no consolidada la condici\u00f3 d&#8217;habitatge habitual es procedir\u00e0 a la seva alienaci\u00f3 i reinversi\u00f3 per motiu de falta d&#8217;espai per a dur a terme el r\u00e8gim de teletreball imposat per l&#8217;empresa al propietari.<\/em><\/p>\n<p>La\u00a0<strong>exempci\u00f3 per reinversi\u00f3 en habitatge habitual<\/strong>\u00a0ha estat \u00e0mpliament tractada per la doctrina i jurisprud\u00e8ncia ja que en ella concorren una s\u00e8rie de\u00a0<strong>conceptes jur\u00eddics susceptibles d&#8217;interpretaci\u00f3.<\/strong> Si b\u00e9 aquests conceptes es desenvolupen sota sup\u00f2sits taxats \u2014temps de perman\u00e8ncia en l&#8217;habitatge, motius de l&#8217;alienaci\u00f3, etc.\u2014, la interpretaci\u00f3 que poden fer contribuent i Administraci\u00f3 de la mateixa norma pot, com sabem, diferir.<\/p>\n<p>\u00c9s per aix\u00f2 que \u00e9s habitual que molta de la doctrina efluent de la Direcci\u00f3 General de Tributs veure&#8217;s precisament sobre aquest tipus de conceptes jur\u00eddics subjectes, en major o menor grau, a interpretaci\u00f3. Doncs b\u00e9, es planteja a la Direcci\u00f3 General de Tributs la seg\u00fcent q\u00fcesti\u00f3: la consultant va adquirir, al novembre de 2019, juntament amb el seu c\u00f2njuge, el seu habitatge habitual. Manifesta la seva<strong>\u00a0intenci\u00f3 d&#8217;alienar el seu habitatge en propietat i reinvertir l&#8217;import<\/strong>\u00a0adquirit en l&#8217;adquisici\u00f3 d&#8217;un nou habitatge habitual. <strong>La\u00a0circumst\u00e0ncia al\u00b7legada<\/strong>\u00a0per a justificar el canvi de resid\u00e8ncia \u00e9s <strong>la\u00a0falta d&#8217;espai per a exercir<\/strong>, per part de tots dos c\u00f2njuges, les seves activitats laborals mitjan\u00e7ant\u00a0<strong>la modalitat de treball no presencial<\/strong>, \u00e9s aplicable l&#8217;exempci\u00f3 per reinversi\u00f3 en habitatge habitual?<\/p>\n<p>Com diem, aqu\u00ed concorren diverses q\u00fcestions:<\/p>\n<p><strong>Consideraci\u00f3 de l&#8217;habitatge com a habitatge habitual<\/strong><\/p>\n<p>A aquest efecte hem de remetre&#8217;ns, com fa la consulta, a la definici\u00f3 d&#8217;habitatge habitual que es recull en l&#8217;article 41 bis del RIRPF:<\/p>\n<p><em>\u00ab1. Als efectes previstos en els articles 7.t), 33.4.b), i 38 de la Llei de l&#8217;Impost\u00a0<strong>es considera habitatge habitual\u00a0<\/strong>del contribuent l&#8217;edificaci\u00f3 que constitueixi la seva<strong>\u00a0resid\u00e8ncia durant un termini continuat de, almenys, tres anys.<\/strong><\/em><\/p>\n<p><em>No obstant aix\u00f2,\u00a0<strong>s&#8217;entendr\u00e0 que l&#8217;habitatge va tenir el car\u00e0cter d&#8217;habitual<\/strong>\u00a0quan,<strong>\u00a0malgrat no haver transcorregut aquest termini<\/strong>, es produeixi la defunci\u00f3 del contribuent o concorrin<strong>\u00a0altres circumst\u00e0ncies que necess\u00e0riament exigeixin el canvi de domicili<\/strong>, com ara celebraci\u00f3 de matrimoni, separaci\u00f3 matrimonial, trasllat laboral, obtenci\u00f3 de la primera ocupaci\u00f3, o canvi d&#8217;ocupaci\u00f3, o altres an\u00e0logues justificades\u00bb<\/em><\/p>\n<p>A m\u00e9s d&#8217;aquesta q\u00fcesti\u00f3 temporal s&#8217;estableix l&#8217;obligaci\u00f3 que l&#8217;habitatge sigui efectivament habitada pel contribuent i la resid\u00e8ncia en ella tingui el car\u00e0cter de permanent. Per tant, se&#8217;ns estableix aqu\u00ed un criteri objectiu que no pot ser interpretable \u2014el l\u00edmit m\u00ednim temporal de tres anys per a la consideraci\u00f3 d&#8217;habitual de l&#8217;habitatge\u2014 i, d&#8217;altra banda, se&#8217;ns estableixen\u00a0<strong>dos criteris subjectes a interpretaci\u00f3:<\/strong> necessitat de canvi de resid\u00e8ncia per \u00abconc\u00f3rrer altres circumst\u00e0ncies que necess\u00e0riament exigeixin el canvi de domicili\u00bb i el car\u00e0cter de de perman\u00e8ncia en el temps de la intenci\u00f3 de residir en ella.<\/p>\n<p><strong>Q\u00fcesti\u00f3 controvertida: falta d&#8217;espai per a l&#8217;acompliment de l&#8217;activitat laboral en la modalitat de teletreball<\/strong><\/p>\n<p>I la resoluci\u00f3 a la q\u00fcesti\u00f3 plantejada que fa la\u00a0<a href=\"https:\/\/www.iberley.es\/resoluciones\/resolucion-vinculante-dgt-v2476-21-29-09-2021-1537083\">Consulta Vinculant (V2476-21), de 29 de setembre de 2021,<\/a> determina els seg\u00fcents\u00a0criteris:<\/p>\n<p><em>\u00abD&#8217;aquesta redacci\u00f3 es despr\u00e8n que, excepte en el cas de defunci\u00f3, en el qual l&#8217;exempci\u00f3 opera de manera autom\u00e0tica, davant la concurr\u00e8ncia de concretes circumst\u00e0ncies, aquestes\u00a0<strong>han d&#8217;exigir \u201cnecess\u00e0riament\u201d el canvi de domicili\u00a0o el no poder arribar a ocupar l&#8217;habitatge adquirit,<\/strong> segons sigui procedent. Havent d&#8217;existir una relaci\u00f3 directa entre la causa i l&#8217;efecte. Assenyalar que, la<a href=\"https:\/\/www.iberley.es\/legislacion\/ley-35-2006-28-nov-irpf-impuesto-sobre-renta-personas-fisicas-4140118\">\u00a0LIRPF<\/a>\u00a0cita tamb\u00e9 com a circumst\u00e0ncia l&#8217;obtenci\u00f3 de \u201cocupaci\u00f3 m\u00e9s avantatjosa\u201d (disposici\u00f3 addicional vintena tercera).<\/em><\/p>\n<p><em>L&#8217;expressi\u00f3 reglament\u00e0ria &#8220;circumst\u00e0ncies que necess\u00e0riament exigeixin el canvi de domicili&#8221; comporta una obligatorietat en aquest canvi. El terme \u201cnecess\u00e0riament\u201d \u00e9s un adverbi de manera que, d&#8217;acord amb el Diccionari de la Reial Acad\u00e8mia, significa amb o per necessitat o precisi\u00f3. Al seu torn, <strong>el terme \u201cnecessitat\u201d pot indicar tot all\u00f2 a qu\u00e8 \u00e9s impossible sostreure&#8217;s, faltar o resistir<\/strong>. Encara \u00e9s m\u00e9s esclaridor el substantiu precisi\u00f3, incl\u00f2s en la definici\u00f3 de \u201cnecess\u00e0riament\u201d, perqu\u00e8 suposa obligaci\u00f3 o necessitat indispensable que for\u00e7a i precisa a executar una cosa. Finalment, confirma l&#8217;anterior una de les definicions de <strong>\u201cnecessari\u201d<\/strong>: Es diu del que <strong>es fa i executa obligat d&#8217;una altra cosa, com a oposat a voluntari i espontani.<\/strong><\/em><\/p>\n<p><em>En conseq\u00fc\u00e8ncia, l&#8217;aplicaci\u00f3 d&#8217;aquesta norma requereix plantejar-se si davant una determinada situaci\u00f3, canviar de domicili \u00e9s una opci\u00f3 per al contribuent o queda al marge de la seva voluntat o conveni\u00e8ncia; \u00e9s a dir, que\u00a0<strong>el fet que concorri una de les circumst\u00e0ncies enumerades o altres an\u00e0logues no \u00e9s determinant per si sol, ni suposa sense m\u00e9s, una excepci\u00f3 a l&#8217;exig\u00e8ncia del termini general de resid\u00e8ncia efectiva durant tres anys.<\/strong> En el primer dels casos, \u00e9s a dir, si el contribuent mant\u00e9 la possibilitat de triar, no s&#8217;estar\u00e0 en pres\u00e8ncia d&#8217;una circumst\u00e0ncia que permeti excepcionar el termini de tres anys, i per tant,\u00a0<strong>si el contribuent decideix canviar de domicili, no per aix\u00f2 l&#8217;habitatge aconseguir\u00e0 la consideraci\u00f3 d&#8217;habitual.<\/strong> En la mateixa l\u00ednia, pot afirmar-se que si es prova la concurr\u00e8ncia de circumst\u00e0ncies an\u00e0logues a les enumerades per la normativa es podr\u00e0 excepcionar el termini de tres anys, sempre que les mateixes exigeixin tamb\u00e9 el canvi de domicili.<\/em><\/p>\n<p><em>Arribats a aquest punt, \u00e9s necessari determinar si les circumst\u00e0ncies concretes que concorren en cada cas, descrites pel contribuent, exigeixen el canvi de domicili.<\/em><\/p>\n<p><em>Respecte a\u00a0<strong>argumentar el canvi de resid\u00e8ncia<\/strong>\u00a0en la redu\u00efda superf\u00edcie de la mateixa davant la necessitat d&#8217;un espai addicional en el qual la consultant i el seu c\u00f2njuge puguin desenvolupar les seves activitats laborals a trav\u00e9s de la modalitat de treball no presencial, cal assenyalar que,<strong>\u00a0la normativa de l&#8217;Impost no inclou<\/strong>\u00a0espec\u00edficament, entre les circumst\u00e0ncies que necess\u00e0riament exigeixen el canvi de domicili -traslladant-se a un altre habitatge m\u00e9s gran-,<strong>\u00a0l&#8217;abs\u00e8ncia d&#8217;espai per a teletreballar\u00bb.<\/strong><\/em><\/p>\n<p><strong>D&#8217;aquesta manera, es despr\u00e8n de l&#8217;an\u00e0lisi sem\u00e0ntica que fa Tributs, a fi d&#8217;interpretar quin ha estat la intenci\u00f3 del legislat en redactar la norma com ho realitza, que no pot permetre&#8217;s aplicar l&#8217;exempci\u00f3 per reinversi\u00f3 en habitatge habitual quan no existeixi l&#8217;efectiva obligaci\u00f3 de dur a terme el canvi d&#8217;habitatge, \u00e9s a dir, malgrat la sobrevinguda precarietat que pot suposar per als c\u00f2njuges consultants l&#8217;haver de treballar en un immoble que no permet dur a terme correctament les seves obligacions laborals, no determina aix\u00f2 l&#8217;obligada \u00abnecessitat\u00bb de portar un canvi de domicili.<\/strong><\/p>\n<p>No obstant aix\u00f2, amb bona prud\u00e8ncia, remarca <a href=\"https:\/\/www.iberley.es\/resoluciones\/resolucion-vinculante-dgt-v2476-21-29-09-2021-1537083\">la\u00a0esmentada consulta<\/a>\u00a0que:<\/p>\n<p><em>\u00abEn tractar-se de\u00a0<strong>q\u00fcestions de fet<\/strong>\u00a0aquesta Subdirecci\u00f3 General<strong>\u00a0no pot entrar a valorar el seu abast ni conseq\u00fc\u00e8ncies, ni, per tant, la decisi\u00f3 adoptada<\/strong>.\u00a0En conseq\u00fc\u00e8ncia, cal concloure que les circumst\u00e0ncies podrien justificar o no el canvi d&#8217;habitatge o la seva no ocupaci\u00f3, d&#8217;acord amb l&#8217;assenyalat anteriorment.<\/em><\/p>\n<p>El contribuent haur\u00e0 de poder justificar prou les circumst\u00e0ncies com a necess\u00e0ries per qualsevol mitj\u00e0 de prova adm\u00e8s en Dret, segons disposa l&#8217;article\u00a0<a href=\"https:\/\/www.iberley.es\/legislacion\/ley-general-tributaria-ley-58-2003-17-dic-696586?ancla=78585#ancla_78585\">106<\/a>\u00a0de la\u00a0<a href=\"https:\/\/www.iberley.es\/legislacion\/ley-general-tributaria-ley-58-2003-17-dic-696586\">Llei General Tribut\u00e0ria<\/a>\u00a0(<a href=\"https:\/\/www.iberley.es\/legislacion\/ley-general-tributaria-ley-58-2003-17-dic-696586\">Llei 58\/2003, de 17 de desembre, BOE del 18)<\/a>, davant els \u00f2rgans de gesti\u00f3 i inspecci\u00f3 de l&#8217;Administraci\u00f3 Tribut\u00e0ria als qui correspondr\u00e0 valorar-les, a requeriment d&#8217;aquests, sent aquest el moment, i no un altre anterior, d&#8217;aportar les proves que estimi oportunes\u00bb.<\/p>\n<p>Si tens qualsevol dubte ens pots contactar a trav\u00e9s de\u00a0<a href=\"https:\/\/www.ariasassessors.com\/ca\/contacte\/\">la nostra p\u00e0gina de contacte.<\/a><\/p>\n","protected":false},"excerpt":{"rendered":"<p>La Direcci\u00f3 General de Tributs ha analitzat la possibilitat d&#8217;aplicar l&#8217;exempci\u00f3 per reinversi\u00f3 d&#8217;habitatge habitual en un cas on no consolidada la condici\u00f3 d&#8217;habitatge habitual es procedir\u00e0 a la seva alienaci\u00f3 i reinversi\u00f3 per motiu de falta d&#8217;espai per a dur a terme el r\u00e8gim&#8230;<\/p>\n","protected":false},"author":2,"featured_media":1736,"comment_status":"open","ping_status":"open","sticky":false,"template":"","format":"standard","meta":{"footnotes":""},"categories":[4],"tags":[],"class_list":["post-1742","post","type-post","status-publish","format-standard","has-post-thumbnail","hentry","category-noticies"],"yoast_head":"<!-- This site is optimized with the Yoast SEO plugin v24.3 - https:\/\/yoast.com\/wordpress\/plugins\/seo\/ -->\n<title>La Direcci\u00f3 General de Tributs aclareix la possibilitat d&#039;exempci\u00f3 per reinversi\u00f3 en habitatge habitual motivat pel teletreball. | Arias Assessors<\/title>\n<meta name=\"description\" content=\"La Direcci\u00f3 General de Tributs ha analitzat la possibilitat d&#039;aplicar l&#039;exempci\u00f3 per reinversi\u00f3 d&#039;habitatge habitual en un cas on no consolidada la condici\u00f3 d&#039;habitatge habitual es procedir\u00e0 a la seva alienaci\u00f3 i reinversi\u00f3 per motiu de falta d&#039;espai per a dur a terme el r\u00e8gim de teletreball imposat per l&#039;empresa al propietari.\" \/>\n<meta name=\"robots\" content=\"index, follow, max-snippet:-1, max-image-preview:large, max-video-preview:-1\" \/>\n<link rel=\"canonical\" href=\"https:\/\/www.ariasassessors.com\/ca\/la-direccio-general-de-tributs-aclareix-la-possibilitat-dexempcio-per-reinversio-en-habitatge-habitual-motivat-pel-teletreball\/\" \/>\n<meta property=\"og:locale\" content=\"ca_ES\" \/>\n<meta property=\"og:type\" content=\"article\" \/>\n<meta property=\"og:title\" content=\"La Direcci\u00f3 General de Tributs aclareix la possibilitat d&#039;exempci\u00f3 per reinversi\u00f3 en habitatge habitual motivat pel teletreball. | Arias Assessors\" \/>\n<meta property=\"og:description\" content=\"La Direcci\u00f3 General de Tributs ha analitzat la possibilitat d&#039;aplicar l&#039;exempci\u00f3 per reinversi\u00f3 d&#039;habitatge habitual en un cas on no consolidada la condici\u00f3 d&#039;habitatge habitual es procedir\u00e0 a la seva alienaci\u00f3 i reinversi\u00f3 per motiu de falta d&#039;espai per a dur a terme el r\u00e8gim de teletreball imposat per l&#039;empresa al propietari.\" \/>\n<meta property=\"og:url\" content=\"https:\/\/www.ariasassessors.com\/ca\/la-direccio-general-de-tributs-aclareix-la-possibilitat-dexempcio-per-reinversio-en-habitatge-habitual-motivat-pel-teletreball\/\" \/>\n<meta property=\"og:site_name\" content=\"Arias Assessors\" \/>\n<meta property=\"article:publisher\" content=\"https:\/\/www.facebook.com\/ariasassessors\/\" \/>\n<meta property=\"article:published_time\" content=\"2021-11-22T14:44:56+00:00\" \/>\n<meta property=\"article:modified_time\" content=\"2021-11-22T14:50:46+00:00\" \/>\n<meta property=\"og:image\" content=\"https:\/\/www.ariasassessors.com\/wp-content\/uploads\/2021\/11\/Arias_Blog_IMAGEN_DESTACADA-1.jpg\" \/>\n\t<meta property=\"og:image:width\" content=\"1920\" \/>\n\t<meta property=\"og:image:height\" content=\"1202\" \/>\n\t<meta property=\"og:image:type\" content=\"image\/jpeg\" \/>\n<meta name=\"author\" content=\"btorras\" \/>\n<meta name=\"twitter:card\" content=\"summary_large_image\" \/>\n<meta name=\"twitter:creator\" content=\"@ariasassessors\" \/>\n<meta name=\"twitter:site\" content=\"@ariasassessors\" \/>\n<meta name=\"twitter:label1\" content=\"Escrit per\" \/>\n\t<meta name=\"twitter:data1\" content=\"btorras\" \/>\n\t<meta name=\"twitter:label2\" content=\"Temps estimat de lectura\" \/>\n\t<meta name=\"twitter:data2\" content=\"6 minuts\" \/>\n<script type=\"application\/ld+json\" class=\"yoast-schema-graph\">{\"@context\":\"https:\/\/schema.org\",\"@graph\":[{\"@type\":\"Article\",\"@id\":\"https:\/\/www.ariasassessors.com\/ca\/la-direccio-general-de-tributs-aclareix-la-possibilitat-dexempcio-per-reinversio-en-habitatge-habitual-motivat-pel-teletreball\/#article\",\"isPartOf\":{\"@id\":\"https:\/\/www.ariasassessors.com\/ca\/la-direccio-general-de-tributs-aclareix-la-possibilitat-dexempcio-per-reinversio-en-habitatge-habitual-motivat-pel-teletreball\/\"},\"author\":{\"name\":\"btorras\",\"@id\":\"https:\/\/www.ariasassessors.com\/#\/schema\/person\/63c6ad1775f0a9413c37932562673cef\"},\"headline\":\"La Direcci\u00f3 General de Tributs aclareix la possibilitat d&#8217;exempci\u00f3 per reinversi\u00f3 en habitatge habitual motivat pel teletreball.\",\"datePublished\":\"2021-11-22T14:44:56+00:00\",\"dateModified\":\"2021-11-22T14:50:46+00:00\",\"mainEntityOfPage\":{\"@id\":\"https:\/\/www.ariasassessors.com\/ca\/la-direccio-general-de-tributs-aclareix-la-possibilitat-dexempcio-per-reinversio-en-habitatge-habitual-motivat-pel-teletreball\/\"},\"wordCount\":1279,\"commentCount\":0,\"publisher\":{\"@id\":\"https:\/\/www.ariasassessors.com\/#organization\"},\"image\":{\"@id\":\"https:\/\/www.ariasassessors.com\/ca\/la-direccio-general-de-tributs-aclareix-la-possibilitat-dexempcio-per-reinversio-en-habitatge-habitual-motivat-pel-teletreball\/#primaryimage\"},\"thumbnailUrl\":\"https:\/\/www.ariasassessors.com\/wp-content\/uploads\/2021\/11\/Arias_Blog_IMAGEN_DESTACADA-1.jpg\",\"articleSection\":[\"noticies\"],\"inLanguage\":\"ca\",\"potentialAction\":[{\"@type\":\"CommentAction\",\"name\":\"Comment\",\"target\":[\"https:\/\/www.ariasassessors.com\/ca\/la-direccio-general-de-tributs-aclareix-la-possibilitat-dexempcio-per-reinversio-en-habitatge-habitual-motivat-pel-teletreball\/#respond\"]}]},{\"@type\":\"WebPage\",\"@id\":\"https:\/\/www.ariasassessors.com\/ca\/la-direccio-general-de-tributs-aclareix-la-possibilitat-dexempcio-per-reinversio-en-habitatge-habitual-motivat-pel-teletreball\/\",\"url\":\"https:\/\/www.ariasassessors.com\/ca\/la-direccio-general-de-tributs-aclareix-la-possibilitat-dexempcio-per-reinversio-en-habitatge-habitual-motivat-pel-teletreball\/\",\"name\":\"La Direcci\u00f3 General de Tributs aclareix la possibilitat d'exempci\u00f3 per reinversi\u00f3 en habitatge habitual motivat pel teletreball. | Arias Assessors\",\"isPartOf\":{\"@id\":\"https:\/\/www.ariasassessors.com\/#website\"},\"primaryImageOfPage\":{\"@id\":\"https:\/\/www.ariasassessors.com\/ca\/la-direccio-general-de-tributs-aclareix-la-possibilitat-dexempcio-per-reinversio-en-habitatge-habitual-motivat-pel-teletreball\/#primaryimage\"},\"image\":{\"@id\":\"https:\/\/www.ariasassessors.com\/ca\/la-direccio-general-de-tributs-aclareix-la-possibilitat-dexempcio-per-reinversio-en-habitatge-habitual-motivat-pel-teletreball\/#primaryimage\"},\"thumbnailUrl\":\"https:\/\/www.ariasassessors.com\/wp-content\/uploads\/2021\/11\/Arias_Blog_IMAGEN_DESTACADA-1.jpg\",\"datePublished\":\"2021-11-22T14:44:56+00:00\",\"dateModified\":\"2021-11-22T14:50:46+00:00\",\"description\":\"La Direcci\u00f3 General de Tributs ha analitzat la possibilitat d'aplicar l'exempci\u00f3 per reinversi\u00f3 d'habitatge habitual en un cas on no consolidada la condici\u00f3 d'habitatge habitual es procedir\u00e0 a la seva alienaci\u00f3 i reinversi\u00f3 per motiu de falta d'espai per a dur a terme el r\u00e8gim de teletreball imposat per l'empresa al propietari.\",\"breadcrumb\":{\"@id\":\"https:\/\/www.ariasassessors.com\/ca\/la-direccio-general-de-tributs-aclareix-la-possibilitat-dexempcio-per-reinversio-en-habitatge-habitual-motivat-pel-teletreball\/#breadcrumb\"},\"inLanguage\":\"ca\",\"potentialAction\":[{\"@type\":\"ReadAction\",\"target\":[\"https:\/\/www.ariasassessors.com\/ca\/la-direccio-general-de-tributs-aclareix-la-possibilitat-dexempcio-per-reinversio-en-habitatge-habitual-motivat-pel-teletreball\/\"]}]},{\"@type\":\"ImageObject\",\"inLanguage\":\"ca\",\"@id\":\"https:\/\/www.ariasassessors.com\/ca\/la-direccio-general-de-tributs-aclareix-la-possibilitat-dexempcio-per-reinversio-en-habitatge-habitual-motivat-pel-teletreball\/#primaryimage\",\"url\":\"https:\/\/www.ariasassessors.com\/wp-content\/uploads\/2021\/11\/Arias_Blog_IMAGEN_DESTACADA-1.jpg\",\"contentUrl\":\"https:\/\/www.ariasassessors.com\/wp-content\/uploads\/2021\/11\/Arias_Blog_IMAGEN_DESTACADA-1.jpg\",\"width\":1920,\"height\":1202,\"caption\":\"reinversi\u00f3n\"},{\"@type\":\"BreadcrumbList\",\"@id\":\"https:\/\/www.ariasassessors.com\/ca\/la-direccio-general-de-tributs-aclareix-la-possibilitat-dexempcio-per-reinversio-en-habitatge-habitual-motivat-pel-teletreball\/#breadcrumb\",\"itemListElement\":[{\"@type\":\"ListItem\",\"position\":1,\"name\":\"Portada\",\"item\":\"https:\/\/www.ariasassessors.com\/ca\/\"},{\"@type\":\"ListItem\",\"position\":2,\"name\":\"La Direcci\u00f3 General de Tributs aclareix la possibilitat d&#8217;exempci\u00f3 per reinversi\u00f3 en habitatge habitual motivat pel teletreball.\"}]},{\"@type\":\"WebSite\",\"@id\":\"https:\/\/www.ariasassessors.com\/#website\",\"url\":\"https:\/\/www.ariasassessors.com\/\",\"name\":\"Arias Assessors\",\"description\":\"Asesor\u00eda para aut\u00f3nomos, profesionales y PYMES\",\"publisher\":{\"@id\":\"https:\/\/www.ariasassessors.com\/#organization\"},\"potentialAction\":[{\"@type\":\"SearchAction\",\"target\":{\"@type\":\"EntryPoint\",\"urlTemplate\":\"https:\/\/www.ariasassessors.com\/?s={search_term_string}\"},\"query-input\":{\"@type\":\"PropertyValueSpecification\",\"valueRequired\":true,\"valueName\":\"search_term_string\"}}],\"inLanguage\":\"ca\"},{\"@type\":\"Organization\",\"@id\":\"https:\/\/www.ariasassessors.com\/#organization\",\"name\":\"Arias Assessors\",\"url\":\"https:\/\/www.ariasassessors.com\/\",\"logo\":{\"@type\":\"ImageObject\",\"inLanguage\":\"ca\",\"@id\":\"https:\/\/www.ariasassessors.com\/#\/schema\/logo\/image\/\",\"url\":\"https:\/\/www.ariasassessors.com\/wp-content\/uploads\/2019\/01\/arias-logo.png\",\"contentUrl\":\"https:\/\/www.ariasassessors.com\/wp-content\/uploads\/2019\/01\/arias-logo.png\",\"width\":349,\"height\":254,\"caption\":\"Arias Assessors\"},\"image\":{\"@id\":\"https:\/\/www.ariasassessors.com\/#\/schema\/logo\/image\/\"},\"sameAs\":[\"https:\/\/www.facebook.com\/ariasassessors\/\",\"https:\/\/x.com\/ariasassessors\",\"https:\/\/www.linkedin.com\/company\/r&amp;amp;r-growing-knowledge\/\"]},{\"@type\":\"Person\",\"@id\":\"https:\/\/www.ariasassessors.com\/#\/schema\/person\/63c6ad1775f0a9413c37932562673cef\",\"name\":\"btorras\",\"image\":{\"@type\":\"ImageObject\",\"inLanguage\":\"ca\",\"@id\":\"https:\/\/www.ariasassessors.com\/#\/schema\/person\/image\/\",\"url\":\"https:\/\/secure.gravatar.com\/avatar\/0531db351fc361fdbfd204c58fa2d6a3?s=96&d=mm&r=g\",\"contentUrl\":\"https:\/\/secure.gravatar.com\/avatar\/0531db351fc361fdbfd204c58fa2d6a3?s=96&d=mm&r=g\",\"caption\":\"btorras\"}}]}<\/script>\n<!-- \/ Yoast SEO plugin. -->","yoast_head_json":{"title":"La Direcci\u00f3 General de Tributs aclareix la possibilitat d'exempci\u00f3 per reinversi\u00f3 en habitatge habitual motivat pel teletreball. | Arias Assessors","description":"La Direcci\u00f3 General de Tributs ha analitzat la possibilitat d'aplicar l'exempci\u00f3 per reinversi\u00f3 d'habitatge habitual en un cas on no consolidada la condici\u00f3 d'habitatge habitual es procedir\u00e0 a la seva alienaci\u00f3 i reinversi\u00f3 per motiu de falta d'espai per a dur a terme el r\u00e8gim de teletreball imposat per l'empresa al propietari.","robots":{"index":"index","follow":"follow","max-snippet":"max-snippet:-1","max-image-preview":"max-image-preview:large","max-video-preview":"max-video-preview:-1"},"canonical":"https:\/\/www.ariasassessors.com\/ca\/la-direccio-general-de-tributs-aclareix-la-possibilitat-dexempcio-per-reinversio-en-habitatge-habitual-motivat-pel-teletreball\/","og_locale":"ca_ES","og_type":"article","og_title":"La Direcci\u00f3 General de Tributs aclareix la possibilitat d'exempci\u00f3 per reinversi\u00f3 en habitatge habitual motivat pel teletreball. | Arias Assessors","og_description":"La Direcci\u00f3 General de Tributs ha analitzat la possibilitat d'aplicar l'exempci\u00f3 per reinversi\u00f3 d'habitatge habitual en un cas on no consolidada la condici\u00f3 d'habitatge habitual es procedir\u00e0 a la seva alienaci\u00f3 i reinversi\u00f3 per motiu de falta d'espai per a dur a terme el r\u00e8gim de teletreball imposat per l'empresa al propietari.","og_url":"https:\/\/www.ariasassessors.com\/ca\/la-direccio-general-de-tributs-aclareix-la-possibilitat-dexempcio-per-reinversio-en-habitatge-habitual-motivat-pel-teletreball\/","og_site_name":"Arias Assessors","article_publisher":"https:\/\/www.facebook.com\/ariasassessors\/","article_published_time":"2021-11-22T14:44:56+00:00","article_modified_time":"2021-11-22T14:50:46+00:00","og_image":[{"width":1920,"height":1202,"url":"https:\/\/www.ariasassessors.com\/wp-content\/uploads\/2021\/11\/Arias_Blog_IMAGEN_DESTACADA-1.jpg","type":"image\/jpeg"}],"author":"btorras","twitter_card":"summary_large_image","twitter_creator":"@ariasassessors","twitter_site":"@ariasassessors","twitter_misc":{"Escrit per":"btorras","Temps estimat de lectura":"6 minuts"},"schema":{"@context":"https:\/\/schema.org","@graph":[{"@type":"Article","@id":"https:\/\/www.ariasassessors.com\/ca\/la-direccio-general-de-tributs-aclareix-la-possibilitat-dexempcio-per-reinversio-en-habitatge-habitual-motivat-pel-teletreball\/#article","isPartOf":{"@id":"https:\/\/www.ariasassessors.com\/ca\/la-direccio-general-de-tributs-aclareix-la-possibilitat-dexempcio-per-reinversio-en-habitatge-habitual-motivat-pel-teletreball\/"},"author":{"name":"btorras","@id":"https:\/\/www.ariasassessors.com\/#\/schema\/person\/63c6ad1775f0a9413c37932562673cef"},"headline":"La Direcci\u00f3 General de Tributs aclareix la possibilitat d&#8217;exempci\u00f3 per reinversi\u00f3 en habitatge habitual motivat pel teletreball.","datePublished":"2021-11-22T14:44:56+00:00","dateModified":"2021-11-22T14:50:46+00:00","mainEntityOfPage":{"@id":"https:\/\/www.ariasassessors.com\/ca\/la-direccio-general-de-tributs-aclareix-la-possibilitat-dexempcio-per-reinversio-en-habitatge-habitual-motivat-pel-teletreball\/"},"wordCount":1279,"commentCount":0,"publisher":{"@id":"https:\/\/www.ariasassessors.com\/#organization"},"image":{"@id":"https:\/\/www.ariasassessors.com\/ca\/la-direccio-general-de-tributs-aclareix-la-possibilitat-dexempcio-per-reinversio-en-habitatge-habitual-motivat-pel-teletreball\/#primaryimage"},"thumbnailUrl":"https:\/\/www.ariasassessors.com\/wp-content\/uploads\/2021\/11\/Arias_Blog_IMAGEN_DESTACADA-1.jpg","articleSection":["noticies"],"inLanguage":"ca","potentialAction":[{"@type":"CommentAction","name":"Comment","target":["https:\/\/www.ariasassessors.com\/ca\/la-direccio-general-de-tributs-aclareix-la-possibilitat-dexempcio-per-reinversio-en-habitatge-habitual-motivat-pel-teletreball\/#respond"]}]},{"@type":"WebPage","@id":"https:\/\/www.ariasassessors.com\/ca\/la-direccio-general-de-tributs-aclareix-la-possibilitat-dexempcio-per-reinversio-en-habitatge-habitual-motivat-pel-teletreball\/","url":"https:\/\/www.ariasassessors.com\/ca\/la-direccio-general-de-tributs-aclareix-la-possibilitat-dexempcio-per-reinversio-en-habitatge-habitual-motivat-pel-teletreball\/","name":"La Direcci\u00f3 General de Tributs aclareix la possibilitat d'exempci\u00f3 per reinversi\u00f3 en habitatge habitual motivat pel teletreball. | Arias Assessors","isPartOf":{"@id":"https:\/\/www.ariasassessors.com\/#website"},"primaryImageOfPage":{"@id":"https:\/\/www.ariasassessors.com\/ca\/la-direccio-general-de-tributs-aclareix-la-possibilitat-dexempcio-per-reinversio-en-habitatge-habitual-motivat-pel-teletreball\/#primaryimage"},"image":{"@id":"https:\/\/www.ariasassessors.com\/ca\/la-direccio-general-de-tributs-aclareix-la-possibilitat-dexempcio-per-reinversio-en-habitatge-habitual-motivat-pel-teletreball\/#primaryimage"},"thumbnailUrl":"https:\/\/www.ariasassessors.com\/wp-content\/uploads\/2021\/11\/Arias_Blog_IMAGEN_DESTACADA-1.jpg","datePublished":"2021-11-22T14:44:56+00:00","dateModified":"2021-11-22T14:50:46+00:00","description":"La Direcci\u00f3 General de Tributs ha analitzat la possibilitat d'aplicar l'exempci\u00f3 per reinversi\u00f3 d'habitatge habitual en un cas on no consolidada la condici\u00f3 d'habitatge habitual es procedir\u00e0 a la seva alienaci\u00f3 i reinversi\u00f3 per motiu de falta d'espai per a dur a terme el r\u00e8gim de teletreball imposat per l'empresa al propietari.","breadcrumb":{"@id":"https:\/\/www.ariasassessors.com\/ca\/la-direccio-general-de-tributs-aclareix-la-possibilitat-dexempcio-per-reinversio-en-habitatge-habitual-motivat-pel-teletreball\/#breadcrumb"},"inLanguage":"ca","potentialAction":[{"@type":"ReadAction","target":["https:\/\/www.ariasassessors.com\/ca\/la-direccio-general-de-tributs-aclareix-la-possibilitat-dexempcio-per-reinversio-en-habitatge-habitual-motivat-pel-teletreball\/"]}]},{"@type":"ImageObject","inLanguage":"ca","@id":"https:\/\/www.ariasassessors.com\/ca\/la-direccio-general-de-tributs-aclareix-la-possibilitat-dexempcio-per-reinversio-en-habitatge-habitual-motivat-pel-teletreball\/#primaryimage","url":"https:\/\/www.ariasassessors.com\/wp-content\/uploads\/2021\/11\/Arias_Blog_IMAGEN_DESTACADA-1.jpg","contentUrl":"https:\/\/www.ariasassessors.com\/wp-content\/uploads\/2021\/11\/Arias_Blog_IMAGEN_DESTACADA-1.jpg","width":1920,"height":1202,"caption":"reinversi\u00f3n"},{"@type":"BreadcrumbList","@id":"https:\/\/www.ariasassessors.com\/ca\/la-direccio-general-de-tributs-aclareix-la-possibilitat-dexempcio-per-reinversio-en-habitatge-habitual-motivat-pel-teletreball\/#breadcrumb","itemListElement":[{"@type":"ListItem","position":1,"name":"Portada","item":"https:\/\/www.ariasassessors.com\/ca\/"},{"@type":"ListItem","position":2,"name":"La Direcci\u00f3 General de Tributs aclareix la possibilitat d&#8217;exempci\u00f3 per reinversi\u00f3 en habitatge habitual motivat pel teletreball."}]},{"@type":"WebSite","@id":"https:\/\/www.ariasassessors.com\/#website","url":"https:\/\/www.ariasassessors.com\/","name":"Arias Assessors","description":"Asesor\u00eda para aut\u00f3nomos, profesionales y PYMES","publisher":{"@id":"https:\/\/www.ariasassessors.com\/#organization"},"potentialAction":[{"@type":"SearchAction","target":{"@type":"EntryPoint","urlTemplate":"https:\/\/www.ariasassessors.com\/?s={search_term_string}"},"query-input":{"@type":"PropertyValueSpecification","valueRequired":true,"valueName":"search_term_string"}}],"inLanguage":"ca"},{"@type":"Organization","@id":"https:\/\/www.ariasassessors.com\/#organization","name":"Arias Assessors","url":"https:\/\/www.ariasassessors.com\/","logo":{"@type":"ImageObject","inLanguage":"ca","@id":"https:\/\/www.ariasassessors.com\/#\/schema\/logo\/image\/","url":"https:\/\/www.ariasassessors.com\/wp-content\/uploads\/2019\/01\/arias-logo.png","contentUrl":"https:\/\/www.ariasassessors.com\/wp-content\/uploads\/2019\/01\/arias-logo.png","width":349,"height":254,"caption":"Arias Assessors"},"image":{"@id":"https:\/\/www.ariasassessors.com\/#\/schema\/logo\/image\/"},"sameAs":["https:\/\/www.facebook.com\/ariasassessors\/","https:\/\/x.com\/ariasassessors","https:\/\/www.linkedin.com\/company\/r&amp;amp;r-growing-knowledge\/"]},{"@type":"Person","@id":"https:\/\/www.ariasassessors.com\/#\/schema\/person\/63c6ad1775f0a9413c37932562673cef","name":"btorras","image":{"@type":"ImageObject","inLanguage":"ca","@id":"https:\/\/www.ariasassessors.com\/#\/schema\/person\/image\/","url":"https:\/\/secure.gravatar.com\/avatar\/0531db351fc361fdbfd204c58fa2d6a3?s=96&d=mm&r=g","contentUrl":"https:\/\/secure.gravatar.com\/avatar\/0531db351fc361fdbfd204c58fa2d6a3?s=96&d=mm&r=g","caption":"btorras"}}]}},"_links":{"self":[{"href":"https:\/\/www.ariasassessors.com\/ca\/wp-json\/wp\/v2\/posts\/1742","targetHints":{"allow":["GET"]}}],"collection":[{"href":"https:\/\/www.ariasassessors.com\/ca\/wp-json\/wp\/v2\/posts"}],"about":[{"href":"https:\/\/www.ariasassessors.com\/ca\/wp-json\/wp\/v2\/types\/post"}],"author":[{"embeddable":true,"href":"https:\/\/www.ariasassessors.com\/ca\/wp-json\/wp\/v2\/users\/2"}],"replies":[{"embeddable":true,"href":"https:\/\/www.ariasassessors.com\/ca\/wp-json\/wp\/v2\/comments?post=1742"}],"version-history":[{"count":2,"href":"https:\/\/www.ariasassessors.com\/ca\/wp-json\/wp\/v2\/posts\/1742\/revisions"}],"predecessor-version":[{"id":1744,"href":"https:\/\/www.ariasassessors.com\/ca\/wp-json\/wp\/v2\/posts\/1742\/revisions\/1744"}],"wp:featuredmedia":[{"embeddable":true,"href":"https:\/\/www.ariasassessors.com\/ca\/wp-json\/wp\/v2\/media\/1736"}],"wp:attachment":[{"href":"https:\/\/www.ariasassessors.com\/ca\/wp-json\/wp\/v2\/media?parent=1742"}],"wp:term":[{"taxonomy":"category","embeddable":true,"href":"https:\/\/www.ariasassessors.com\/ca\/wp-json\/wp\/v2\/categories?post=1742"},{"taxonomy":"post_tag","embeddable":true,"href":"https:\/\/www.ariasassessors.com\/ca\/wp-json\/wp\/v2\/tags?post=1742"}],"curies":[{"name":"wp","href":"https:\/\/api.w.org\/{rel}","templated":true}]}}