{"id":1746,"date":"2021-11-29T10:49:59","date_gmt":"2021-11-29T09:49:59","guid":{"rendered":"https:\/\/www.ariasassessors.com\/?p=1746"},"modified":"2021-12-01T14:54:12","modified_gmt":"2021-12-01T13:54:12","slug":"la-valoracio-dels-bens-immobles-en-litpajd-i-lisd-a-partir-de-l1-1-2022","status":"publish","type":"post","link":"https:\/\/www.ariasassessors.com\/ca\/la-valoracio-dels-bens-immobles-en-litpajd-i-lisd-a-partir-de-l1-1-2022\/","title":{"rendered":"La valoraci\u00f3 dels b\u00e9ns immobles en l\u2019ITP\/AJD i l\u2019ISD a partir de l\u20191.1.2022"},"content":{"rendered":"<p>L\u2019entrada en vigor de la\u00a0<a href=\"https:\/\/www.boe.es\/boe\/dias\/2021\/07\/10\/pdfs\/BOE-A-2021-11473.pdf\">Llei 11\/2021, de 9 de juliol, de mesures de prevenci\u00f3 i lluita contra el frau fiscal<\/a>, fruit d\u2019una transposici\u00f3 de la Directiva (UE) 2016\/1164, del Consell, de 12 de juliol de 2016, per la qual s\u2019estableixen normes contra les pr\u00e0ctiques d\u2019elusi\u00f3 fiscal que incideixen directament en el funcionament del mercat interior, de modificaci\u00f3 de diverses normes tribut\u00e0ries i en mat\u00e8ria de regulaci\u00f3 del joc, ha introdu\u00eft en l\u2019\u00e0mbit d\u2019aplicaci\u00f3 de l\u2019impost sobre transmissions patrimonials i actes jur\u00eddics documentats (ITPAJD) i de l\u2019impost sobre successions i donacions (ISD) el concepte de\u00a0<em>valor de refer\u00e8ncia<\/em>.<\/p>\n<p>Previsiblement, la Direcci\u00f3 General del Cadastre publicar\u00e0 els valors de refer\u00e8ncia a partir de l\u20191 de gener del 2022, fet que determinar\u00e0 per als b\u00e9ns immobles que aquesta magnitud es constitueixi en la base imposable de l\u2019impost sobre transmissions patrimonials i actes jur\u00eddics documentats i de l\u2019impost sobre successions i donacions.<\/p>\n<p>A continuaci\u00f3, es tracten els conceptes fonamentals que cal tenir en compte sobre aquest tema i el procediment de comprovaci\u00f3 de l\u2019Ag\u00e8ncia Tribut\u00e0ria de Catalunya (ATC) pel que fa als valors declarats pels contribuents.<\/p>\n<p><strong>Valor de refer\u00e8ncia<\/strong><\/p>\n<p>\u00c9s determinat per la Direcci\u00f3 General del Cadastre com a resultat de l\u2019an\u00e0lisi dels preus de totes les compravendes d\u2019immobles amb intervenci\u00f3 de fedatari p\u00fablic, en funci\u00f3 de les dades de cada immoble que consten en el cadastre immobiliari.<\/p>\n<p>El valor de refer\u00e8ncia d\u2019un immoble \u00e9s una de les caracter\u00edstiques econ\u00f2miques de la seva descripci\u00f3 cadastral i \u00e9s una dada p\u00fablica consultable a la seu electr\u00f2nica del cadastre. \u00c9s configurat com el valor m\u00ednim de tributaci\u00f3. En tot cas, la base imposable \u00e9s el valor declarat, preu o contraprestaci\u00f3 pactada si alguna d\u2019aquestes magnituds fos superior al valor de refer\u00e8ncia.<\/p>\n<p>Quan els obligats tributaris considerin que la determinaci\u00f3 del valor de refer\u00e8ncia ha perjudicat els seus interessos leg\u00edtims, podran sol\u00b7licitar la rectificaci\u00f3 de l\u2019autoliquidaci\u00f3 impugnant el valor de refer\u00e8ncia. L\u2019Ag\u00e8ncia Tribut\u00e0ria de Catalunya resoldr\u00e0 sobre la q\u00fcesti\u00f3, amb informe preceptiu previ i vinculant de la Direcci\u00f3 General del Cadastre, la qual haur\u00e0 de ratificar o corregir el valor de refer\u00e8ncia.<\/p>\n<p><strong>Valor de mercat<\/strong><\/p>\n<p>En defecte del valor de refer\u00e8ncia, la base imposable de l\u2019impost sobre transmissions patrimonials i actes jur\u00eddics documentats i del de successions i donacions \u00e9s el valor de mercat del b\u00e9 en q\u00fcesti\u00f3, el qual es pot definir com el preu m\u00e9s probable pel qual es podria vendre, entre parts independents, un b\u00e9 lliure de c\u00e0rregues.<\/p>\n<p>Per comprovar el valor dels b\u00e9ns i drets, l\u2019Ag\u00e8ncia Tribut\u00e0ria de Catalunya utilitza els criteris que s\u2019especifiquen en el document\u00a0<a href=\"https:\/\/atc.gencat.cat\/ca\/normativa-i-criteris\/valoracions-immobiliaries\/valors-basics\/\"><em>Valors b\u00e0sics per a la comprovaci\u00f3 de b\u00e9ns immobles<\/em><\/a>, sobre la base del qual determina el que ent\u00e9n com a valor de mercat del b\u00e9 o dret gravat per l\u2019impost.<\/p>\n<p><strong>Valor m\u00ednim<\/strong><\/p>\n<p>El valor de refer\u00e8ncia \u00e9s la base m\u00ednima de tributaci\u00f3 de l\u2019immoble. Si l\u2019immoble no t\u00e9 assignat un valor de refer\u00e8ncia o b\u00e9 aquest no pot ser certificat per la Direcci\u00f3 General del Cadastre, la base imposable ser\u00e0 la m\u00e9s alta de les magnituds seg\u00fcents: el valor declarat pels interessats, el preu o contraprestaci\u00f3 pactada o el valor de mercat, sens perjudici de comprovaci\u00f3 administrativa.<\/p>\n<p>Cal assenyalar tamb\u00e9 que l\u2019Administraci\u00f3 tribut\u00e0ria disposa de facultats de comprovaci\u00f3 del valor dels b\u00e9ns i drets transmesos, i que, davant la impossibilitat de dur a terme adequadament un dictamen pericial de tots i cadascun dels b\u00e9ns transmesos, les\u00a0<a href=\"https:\/\/atc.gencat.cat\/ca\/normativa-i-criteris\/valoracions-immobiliaries\/instruccions-comprovacio-valors\/\">Instruccions de comprovaci\u00f3 de valors de b\u00e9ns immobles<\/a>, que s\u2019aproven cada any i es publiquen a la seu de l\u2019ATC, estableixen criteris de comprovaci\u00f3 priorit\u00e0ria aplicables als immobles que no tinguin valor de refer\u00e8ncia assignat en la data del fet imposable.<\/p>\n<p>L\u2019Ag\u00e8ncia no comprovar\u00e0 el valor declarat pel contribuent sempre que compleixi totes les condicions que s\u2019estableixen en aquestes instruccions (valor cadastral per coeficient i altres elements determinats en la instrucci\u00f3).<\/p>\n<p><strong>Procediment de comprovaci\u00f3 de l\u2019ATC pel que fa als valors declarats<\/strong><\/p>\n<p>En els casos en qu\u00e8 el b\u00e9 immoble disposi de valor de refer\u00e8ncia, si un contribuent declara per sota d\u2019aquest valor, l\u2019Ag\u00e8ncia Tribut\u00e0ria de Catalunya incoar\u00e0 el procediment corresponent per regularitzar-ne, si escau, la situaci\u00f3 tribut\u00e0ria mitjan\u00e7ant una liquidaci\u00f3. El contribuent podr\u00e0 impugnar el valor de refer\u00e8ncia interposant recurs de reposici\u00f3 contra aquesta liquidaci\u00f3. Tamb\u00e9 podr\u00e0 formular al\u00b7legacions en la tramitaci\u00f3 del procediment.<\/p>\n<p>L\u2019ATC resoldr\u00e0 els recursos amb informe previ, preceptiu i vinculant, de la Direcci\u00f3 General del Cadastre, el qual haur\u00e0 de ratificar o corregir el valor de refer\u00e8ncia.<\/p>\n<p>En canvi, en els casos en qu\u00e8 el b\u00e9 immoble no disposi de valor de refer\u00e8ncia, si un contribuent declara per sota dels criteris expressats en les instruccions esmentades, l\u2019expedient es declarar\u00e0 de comprovaci\u00f3 priorit\u00e0ria i l\u2019Ag\u00e8ncia Tribut\u00e0ria de Catalunya aplicar\u00e0 els criteris que s\u2019especifiquen en el document\u00a0<em>Valors b\u00e0sics per a la comprovaci\u00f3 de b\u00e9ns immobles<\/em>\u00a0per determinar el que l\u2019Administraci\u00f3 ent\u00e9n com a valor de mercat del b\u00e9 o dret gravat per l\u2019impost.<\/p>\n<p>Nom\u00e9s si aquest valor \u00e9s superior al que s\u2019ha declarat, el contribuent rebr\u00e0 una proposta de liquidaci\u00f3 complement\u00e0ria, contra la qual podr\u00e0 presentar al\u00b7legacions i les proves que estimi adients.<\/p>\n<p>En cas que l\u2019ATC confirmi la liquidaci\u00f3 complement\u00e0ria, el contribuent encara podr\u00e0 promoure el procediment de taxaci\u00f3 pericial contradict\u00f2ria que regulen l\u2019article 135 de la Llei 58\/2003, de 17 de desembre, general tribut\u00e0ria, i els articles 161 i 162 del Reial decret 1065\/2007, de 27 de juliol, pel qual s\u2019aprova el Reglament general de les actuacions i els procediments de gesti\u00f3 i inspecci\u00f3 tribut\u00e0ria i de desenvolupament de les normes comunes dels procediments d\u2019aplicaci\u00f3 dels tributs.<\/p>\n<p><strong>La valoraci\u00f3 dels b\u00e9ns immobles en l\u2019impost sobre el patrimoni a partir de l\u2019exercici 2022 (autoliquidaci\u00f3 el 2023)<\/strong><\/p>\n<p>L\u2019entrada en vigor de la Llei 11\/2021, de 9 de juliol, de mesures de prevenci\u00f3 i lluita contra el frau fiscal, fruit d\u2019una transposici\u00f3 de la Directiva 2016\/1164, per la qual s\u2019estableixen normes contra les pr\u00e0ctiques d\u2019elusi\u00f3 fiscal, tamb\u00e9 ha introdu\u00eft en l\u2019\u00e0mbit de l\u2019aplicaci\u00f3 de l\u2019impost sobre el patrimoni el concepte de\u00a0<em>valor de refer\u00e8ncia<\/em>.<\/p>\n<p>En aquest sentit, els b\u00e9ns de naturalesa urbana o r\u00fastica s\u2019hauran de computar pel valor de refer\u00e8ncia si aquest valor ha estat emprat o s\u2019hagu\u00e9s d\u2019haver emprat com a base imposable dels tributs que graven l\u2019adquisici\u00f3 del b\u00e9. Els b\u00e9ns adquirits pels contribuents amb anterioritat a l\u2019entrada en vigor del valor de refer\u00e8ncia no estaran afectats per la publicaci\u00f3 d\u2019aquest valor.<\/p>\n","protected":false},"excerpt":{"rendered":"<p>L\u2019entrada en vigor de la\u00a0Llei 11\/2021, de 9 de juliol, de mesures de prevenci\u00f3 i lluita contra el frau fiscal, fruit d\u2019una transposici\u00f3 de la Directiva (UE) 2016\/1164, del Consell, de 12 de juliol de 2016, per la qual s\u2019estableixen normes contra les pr\u00e0ctiques d\u2019elusi\u00f3&#8230;<\/p>\n","protected":false},"author":2,"featured_media":1749,"comment_status":"open","ping_status":"open","sticky":false,"template":"","format":"standard","meta":{"footnotes":""},"categories":[4],"tags":[],"class_list":["post-1746","post","type-post","status-publish","format-standard","has-post-thumbnail","hentry","category-noticies"],"yoast_head":"<!-- This site is optimized with the Yoast SEO plugin v24.3 - https:\/\/yoast.com\/wordpress\/plugins\/seo\/ -->\n<title>La valoraci\u00f3 dels b\u00e9ns immobles en l\u2019ITP\/AJD i l\u2019ISD a partir de l\u20191.1.2022 | Arias Assessors<\/title>\n<meta name=\"description\" content=\"La Direcci\u00f3 General del Cadastre publicar\u00e0 els valors de refer\u00e8ncia a partir de l\u20191 de gener del 2022, fet que determinar\u00e0 per als b\u00e9ns immobles que aquesta magnitud es constitueixi en la base imposable de l\u2019impost sobre transmissions patrimonials i actes jur\u00eddics documentats i de l\u2019impost sobre successions i donacions.\" \/>\n<meta name=\"robots\" content=\"index, follow, max-snippet:-1, max-image-preview:large, max-video-preview:-1\" \/>\n<link rel=\"canonical\" href=\"https:\/\/www.ariasassessors.com\/ca\/la-valoracio-dels-bens-immobles-en-litpajd-i-lisd-a-partir-de-l1-1-2022\/\" \/>\n<meta property=\"og:locale\" content=\"ca_ES\" \/>\n<meta property=\"og:type\" content=\"article\" \/>\n<meta property=\"og:title\" content=\"La valoraci\u00f3 dels b\u00e9ns immobles en l\u2019ITP\/AJD i l\u2019ISD a partir de l\u20191.1.2022 | Arias Assessors\" \/>\n<meta property=\"og:description\" content=\"La Direcci\u00f3 General del Cadastre publicar\u00e0 els valors de refer\u00e8ncia a partir de l\u20191 de gener del 2022, fet que determinar\u00e0 per als b\u00e9ns immobles que aquesta magnitud es constitueixi en la base imposable de l\u2019impost sobre transmissions patrimonials i actes jur\u00eddics documentats i de l\u2019impost sobre successions i donacions.\" \/>\n<meta property=\"og:url\" content=\"https:\/\/www.ariasassessors.com\/ca\/la-valoracio-dels-bens-immobles-en-litpajd-i-lisd-a-partir-de-l1-1-2022\/\" \/>\n<meta property=\"og:site_name\" content=\"Arias Assessors\" \/>\n<meta property=\"article:publisher\" content=\"https:\/\/www.facebook.com\/ariasassessors\/\" \/>\n<meta property=\"article:published_time\" content=\"2021-11-29T09:49:59+00:00\" \/>\n<meta property=\"article:modified_time\" content=\"2021-12-01T13:54:12+00:00\" \/>\n<meta property=\"og:image\" content=\"https:\/\/www.ariasassessors.com\/wp-content\/uploads\/2021\/11\/Arias_Blog_IMAGEN_DESTACADA-1-1.jpg\" \/>\n\t<meta property=\"og:image:width\" content=\"1920\" \/>\n\t<meta property=\"og:image:height\" content=\"1202\" \/>\n\t<meta property=\"og:image:type\" content=\"image\/jpeg\" \/>\n<meta name=\"author\" content=\"btorras\" \/>\n<meta name=\"twitter:card\" content=\"summary_large_image\" \/>\n<meta name=\"twitter:creator\" content=\"@ariasassessors\" \/>\n<meta name=\"twitter:site\" content=\"@ariasassessors\" \/>\n<meta name=\"twitter:label1\" content=\"Escrit per\" \/>\n\t<meta name=\"twitter:data1\" content=\"btorras\" \/>\n\t<meta name=\"twitter:label2\" content=\"Temps estimat de lectura\" \/>\n\t<meta name=\"twitter:data2\" content=\"5 minuts\" \/>\n<script type=\"application\/ld+json\" class=\"yoast-schema-graph\">{\"@context\":\"https:\/\/schema.org\",\"@graph\":[{\"@type\":\"Article\",\"@id\":\"https:\/\/www.ariasassessors.com\/ca\/la-valoracio-dels-bens-immobles-en-litpajd-i-lisd-a-partir-de-l1-1-2022\/#article\",\"isPartOf\":{\"@id\":\"https:\/\/www.ariasassessors.com\/ca\/la-valoracio-dels-bens-immobles-en-litpajd-i-lisd-a-partir-de-l1-1-2022\/\"},\"author\":{\"name\":\"btorras\",\"@id\":\"https:\/\/www.ariasassessors.com\/#\/schema\/person\/63c6ad1775f0a9413c37932562673cef\"},\"headline\":\"La valoraci\u00f3 dels b\u00e9ns immobles en l\u2019ITP\/AJD i l\u2019ISD a partir de l\u20191.1.2022\",\"datePublished\":\"2021-11-29T09:49:59+00:00\",\"dateModified\":\"2021-12-01T13:54:12+00:00\",\"mainEntityOfPage\":{\"@id\":\"https:\/\/www.ariasassessors.com\/ca\/la-valoracio-dels-bens-immobles-en-litpajd-i-lisd-a-partir-de-l1-1-2022\/\"},\"wordCount\":1190,\"commentCount\":0,\"publisher\":{\"@id\":\"https:\/\/www.ariasassessors.com\/#organization\"},\"image\":{\"@id\":\"https:\/\/www.ariasassessors.com\/ca\/la-valoracio-dels-bens-immobles-en-litpajd-i-lisd-a-partir-de-l1-1-2022\/#primaryimage\"},\"thumbnailUrl\":\"https:\/\/www.ariasassessors.com\/wp-content\/uploads\/2021\/11\/Arias_Blog_IMAGEN_DESTACADA-1-1.jpg\",\"articleSection\":[\"noticies\"],\"inLanguage\":\"ca\",\"potentialAction\":[{\"@type\":\"CommentAction\",\"name\":\"Comment\",\"target\":[\"https:\/\/www.ariasassessors.com\/ca\/la-valoracio-dels-bens-immobles-en-litpajd-i-lisd-a-partir-de-l1-1-2022\/#respond\"]}]},{\"@type\":\"WebPage\",\"@id\":\"https:\/\/www.ariasassessors.com\/ca\/la-valoracio-dels-bens-immobles-en-litpajd-i-lisd-a-partir-de-l1-1-2022\/\",\"url\":\"https:\/\/www.ariasassessors.com\/ca\/la-valoracio-dels-bens-immobles-en-litpajd-i-lisd-a-partir-de-l1-1-2022\/\",\"name\":\"La valoraci\u00f3 dels b\u00e9ns immobles en l\u2019ITP\/AJD i l\u2019ISD a partir de l\u20191.1.2022 | Arias Assessors\",\"isPartOf\":{\"@id\":\"https:\/\/www.ariasassessors.com\/#website\"},\"primaryImageOfPage\":{\"@id\":\"https:\/\/www.ariasassessors.com\/ca\/la-valoracio-dels-bens-immobles-en-litpajd-i-lisd-a-partir-de-l1-1-2022\/#primaryimage\"},\"image\":{\"@id\":\"https:\/\/www.ariasassessors.com\/ca\/la-valoracio-dels-bens-immobles-en-litpajd-i-lisd-a-partir-de-l1-1-2022\/#primaryimage\"},\"thumbnailUrl\":\"https:\/\/www.ariasassessors.com\/wp-content\/uploads\/2021\/11\/Arias_Blog_IMAGEN_DESTACADA-1-1.jpg\",\"datePublished\":\"2021-11-29T09:49:59+00:00\",\"dateModified\":\"2021-12-01T13:54:12+00:00\",\"description\":\"La Direcci\u00f3 General del Cadastre publicar\u00e0 els valors de refer\u00e8ncia a partir de l\u20191 de gener del 2022, fet que determinar\u00e0 per als b\u00e9ns immobles que aquesta magnitud es constitueixi en la base imposable de l\u2019impost sobre transmissions patrimonials i actes jur\u00eddics documentats i de l\u2019impost sobre successions i donacions.\",\"breadcrumb\":{\"@id\":\"https:\/\/www.ariasassessors.com\/ca\/la-valoracio-dels-bens-immobles-en-litpajd-i-lisd-a-partir-de-l1-1-2022\/#breadcrumb\"},\"inLanguage\":\"ca\",\"potentialAction\":[{\"@type\":\"ReadAction\",\"target\":[\"https:\/\/www.ariasassessors.com\/ca\/la-valoracio-dels-bens-immobles-en-litpajd-i-lisd-a-partir-de-l1-1-2022\/\"]}]},{\"@type\":\"ImageObject\",\"inLanguage\":\"ca\",\"@id\":\"https:\/\/www.ariasassessors.com\/ca\/la-valoracio-dels-bens-immobles-en-litpajd-i-lisd-a-partir-de-l1-1-2022\/#primaryimage\",\"url\":\"https:\/\/www.ariasassessors.com\/wp-content\/uploads\/2021\/11\/Arias_Blog_IMAGEN_DESTACADA-1-1.jpg\",\"contentUrl\":\"https:\/\/www.ariasassessors.com\/wp-content\/uploads\/2021\/11\/Arias_Blog_IMAGEN_DESTACADA-1-1.jpg\",\"width\":1920,\"height\":1202,\"caption\":\"b\u00e9ns immobles\"},{\"@type\":\"BreadcrumbList\",\"@id\":\"https:\/\/www.ariasassessors.com\/ca\/la-valoracio-dels-bens-immobles-en-litpajd-i-lisd-a-partir-de-l1-1-2022\/#breadcrumb\",\"itemListElement\":[{\"@type\":\"ListItem\",\"position\":1,\"name\":\"Portada\",\"item\":\"https:\/\/www.ariasassessors.com\/ca\/\"},{\"@type\":\"ListItem\",\"position\":2,\"name\":\"La valoraci\u00f3 dels b\u00e9ns immobles en l\u2019ITP\/AJD i l\u2019ISD a partir de l\u20191.1.2022\"}]},{\"@type\":\"WebSite\",\"@id\":\"https:\/\/www.ariasassessors.com\/#website\",\"url\":\"https:\/\/www.ariasassessors.com\/\",\"name\":\"Arias Assessors\",\"description\":\"Asesor\u00eda para aut\u00f3nomos, profesionales y PYMES\",\"publisher\":{\"@id\":\"https:\/\/www.ariasassessors.com\/#organization\"},\"potentialAction\":[{\"@type\":\"SearchAction\",\"target\":{\"@type\":\"EntryPoint\",\"urlTemplate\":\"https:\/\/www.ariasassessors.com\/?s={search_term_string}\"},\"query-input\":{\"@type\":\"PropertyValueSpecification\",\"valueRequired\":true,\"valueName\":\"search_term_string\"}}],\"inLanguage\":\"ca\"},{\"@type\":\"Organization\",\"@id\":\"https:\/\/www.ariasassessors.com\/#organization\",\"name\":\"Arias Assessors\",\"url\":\"https:\/\/www.ariasassessors.com\/\",\"logo\":{\"@type\":\"ImageObject\",\"inLanguage\":\"ca\",\"@id\":\"https:\/\/www.ariasassessors.com\/#\/schema\/logo\/image\/\",\"url\":\"https:\/\/www.ariasassessors.com\/wp-content\/uploads\/2019\/01\/arias-logo.png\",\"contentUrl\":\"https:\/\/www.ariasassessors.com\/wp-content\/uploads\/2019\/01\/arias-logo.png\",\"width\":349,\"height\":254,\"caption\":\"Arias Assessors\"},\"image\":{\"@id\":\"https:\/\/www.ariasassessors.com\/#\/schema\/logo\/image\/\"},\"sameAs\":[\"https:\/\/www.facebook.com\/ariasassessors\/\",\"https:\/\/x.com\/ariasassessors\",\"https:\/\/www.linkedin.com\/company\/r&amp;amp;r-growing-knowledge\/\"]},{\"@type\":\"Person\",\"@id\":\"https:\/\/www.ariasassessors.com\/#\/schema\/person\/63c6ad1775f0a9413c37932562673cef\",\"name\":\"btorras\",\"image\":{\"@type\":\"ImageObject\",\"inLanguage\":\"ca\",\"@id\":\"https:\/\/www.ariasassessors.com\/#\/schema\/person\/image\/\",\"url\":\"https:\/\/secure.gravatar.com\/avatar\/0531db351fc361fdbfd204c58fa2d6a3?s=96&d=mm&r=g\",\"contentUrl\":\"https:\/\/secure.gravatar.com\/avatar\/0531db351fc361fdbfd204c58fa2d6a3?s=96&d=mm&r=g\",\"caption\":\"btorras\"}}]}<\/script>\n<!-- \/ Yoast SEO plugin. -->","yoast_head_json":{"title":"La valoraci\u00f3 dels b\u00e9ns immobles en l\u2019ITP\/AJD i l\u2019ISD a partir de l\u20191.1.2022 | Arias Assessors","description":"La Direcci\u00f3 General del Cadastre publicar\u00e0 els valors de refer\u00e8ncia a partir de l\u20191 de gener del 2022, fet que determinar\u00e0 per als b\u00e9ns immobles que aquesta magnitud es constitueixi en la base imposable de l\u2019impost sobre transmissions patrimonials i actes jur\u00eddics documentats i de l\u2019impost sobre successions i donacions.","robots":{"index":"index","follow":"follow","max-snippet":"max-snippet:-1","max-image-preview":"max-image-preview:large","max-video-preview":"max-video-preview:-1"},"canonical":"https:\/\/www.ariasassessors.com\/ca\/la-valoracio-dels-bens-immobles-en-litpajd-i-lisd-a-partir-de-l1-1-2022\/","og_locale":"ca_ES","og_type":"article","og_title":"La valoraci\u00f3 dels b\u00e9ns immobles en l\u2019ITP\/AJD i l\u2019ISD a partir de l\u20191.1.2022 | Arias Assessors","og_description":"La Direcci\u00f3 General del Cadastre publicar\u00e0 els valors de refer\u00e8ncia a partir de l\u20191 de gener del 2022, fet que determinar\u00e0 per als b\u00e9ns immobles que aquesta magnitud es constitueixi en la base imposable de l\u2019impost sobre transmissions patrimonials i actes jur\u00eddics documentats i de l\u2019impost sobre successions i donacions.","og_url":"https:\/\/www.ariasassessors.com\/ca\/la-valoracio-dels-bens-immobles-en-litpajd-i-lisd-a-partir-de-l1-1-2022\/","og_site_name":"Arias Assessors","article_publisher":"https:\/\/www.facebook.com\/ariasassessors\/","article_published_time":"2021-11-29T09:49:59+00:00","article_modified_time":"2021-12-01T13:54:12+00:00","og_image":[{"width":1920,"height":1202,"url":"https:\/\/www.ariasassessors.com\/wp-content\/uploads\/2021\/11\/Arias_Blog_IMAGEN_DESTACADA-1-1.jpg","type":"image\/jpeg"}],"author":"btorras","twitter_card":"summary_large_image","twitter_creator":"@ariasassessors","twitter_site":"@ariasassessors","twitter_misc":{"Escrit per":"btorras","Temps estimat de lectura":"5 minuts"},"schema":{"@context":"https:\/\/schema.org","@graph":[{"@type":"Article","@id":"https:\/\/www.ariasassessors.com\/ca\/la-valoracio-dels-bens-immobles-en-litpajd-i-lisd-a-partir-de-l1-1-2022\/#article","isPartOf":{"@id":"https:\/\/www.ariasassessors.com\/ca\/la-valoracio-dels-bens-immobles-en-litpajd-i-lisd-a-partir-de-l1-1-2022\/"},"author":{"name":"btorras","@id":"https:\/\/www.ariasassessors.com\/#\/schema\/person\/63c6ad1775f0a9413c37932562673cef"},"headline":"La valoraci\u00f3 dels b\u00e9ns immobles en l\u2019ITP\/AJD i l\u2019ISD a partir de l\u20191.1.2022","datePublished":"2021-11-29T09:49:59+00:00","dateModified":"2021-12-01T13:54:12+00:00","mainEntityOfPage":{"@id":"https:\/\/www.ariasassessors.com\/ca\/la-valoracio-dels-bens-immobles-en-litpajd-i-lisd-a-partir-de-l1-1-2022\/"},"wordCount":1190,"commentCount":0,"publisher":{"@id":"https:\/\/www.ariasassessors.com\/#organization"},"image":{"@id":"https:\/\/www.ariasassessors.com\/ca\/la-valoracio-dels-bens-immobles-en-litpajd-i-lisd-a-partir-de-l1-1-2022\/#primaryimage"},"thumbnailUrl":"https:\/\/www.ariasassessors.com\/wp-content\/uploads\/2021\/11\/Arias_Blog_IMAGEN_DESTACADA-1-1.jpg","articleSection":["noticies"],"inLanguage":"ca","potentialAction":[{"@type":"CommentAction","name":"Comment","target":["https:\/\/www.ariasassessors.com\/ca\/la-valoracio-dels-bens-immobles-en-litpajd-i-lisd-a-partir-de-l1-1-2022\/#respond"]}]},{"@type":"WebPage","@id":"https:\/\/www.ariasassessors.com\/ca\/la-valoracio-dels-bens-immobles-en-litpajd-i-lisd-a-partir-de-l1-1-2022\/","url":"https:\/\/www.ariasassessors.com\/ca\/la-valoracio-dels-bens-immobles-en-litpajd-i-lisd-a-partir-de-l1-1-2022\/","name":"La valoraci\u00f3 dels b\u00e9ns immobles en l\u2019ITP\/AJD i l\u2019ISD a partir de l\u20191.1.2022 | Arias Assessors","isPartOf":{"@id":"https:\/\/www.ariasassessors.com\/#website"},"primaryImageOfPage":{"@id":"https:\/\/www.ariasassessors.com\/ca\/la-valoracio-dels-bens-immobles-en-litpajd-i-lisd-a-partir-de-l1-1-2022\/#primaryimage"},"image":{"@id":"https:\/\/www.ariasassessors.com\/ca\/la-valoracio-dels-bens-immobles-en-litpajd-i-lisd-a-partir-de-l1-1-2022\/#primaryimage"},"thumbnailUrl":"https:\/\/www.ariasassessors.com\/wp-content\/uploads\/2021\/11\/Arias_Blog_IMAGEN_DESTACADA-1-1.jpg","datePublished":"2021-11-29T09:49:59+00:00","dateModified":"2021-12-01T13:54:12+00:00","description":"La Direcci\u00f3 General del Cadastre publicar\u00e0 els valors de refer\u00e8ncia a partir de l\u20191 de gener del 2022, fet que determinar\u00e0 per als b\u00e9ns immobles que aquesta magnitud es constitueixi en la base imposable de l\u2019impost sobre transmissions patrimonials i actes jur\u00eddics documentats i de l\u2019impost sobre successions i donacions.","breadcrumb":{"@id":"https:\/\/www.ariasassessors.com\/ca\/la-valoracio-dels-bens-immobles-en-litpajd-i-lisd-a-partir-de-l1-1-2022\/#breadcrumb"},"inLanguage":"ca","potentialAction":[{"@type":"ReadAction","target":["https:\/\/www.ariasassessors.com\/ca\/la-valoracio-dels-bens-immobles-en-litpajd-i-lisd-a-partir-de-l1-1-2022\/"]}]},{"@type":"ImageObject","inLanguage":"ca","@id":"https:\/\/www.ariasassessors.com\/ca\/la-valoracio-dels-bens-immobles-en-litpajd-i-lisd-a-partir-de-l1-1-2022\/#primaryimage","url":"https:\/\/www.ariasassessors.com\/wp-content\/uploads\/2021\/11\/Arias_Blog_IMAGEN_DESTACADA-1-1.jpg","contentUrl":"https:\/\/www.ariasassessors.com\/wp-content\/uploads\/2021\/11\/Arias_Blog_IMAGEN_DESTACADA-1-1.jpg","width":1920,"height":1202,"caption":"b\u00e9ns immobles"},{"@type":"BreadcrumbList","@id":"https:\/\/www.ariasassessors.com\/ca\/la-valoracio-dels-bens-immobles-en-litpajd-i-lisd-a-partir-de-l1-1-2022\/#breadcrumb","itemListElement":[{"@type":"ListItem","position":1,"name":"Portada","item":"https:\/\/www.ariasassessors.com\/ca\/"},{"@type":"ListItem","position":2,"name":"La valoraci\u00f3 dels b\u00e9ns immobles en l\u2019ITP\/AJD i l\u2019ISD a partir de l\u20191.1.2022"}]},{"@type":"WebSite","@id":"https:\/\/www.ariasassessors.com\/#website","url":"https:\/\/www.ariasassessors.com\/","name":"Arias Assessors","description":"Asesor\u00eda para aut\u00f3nomos, profesionales y PYMES","publisher":{"@id":"https:\/\/www.ariasassessors.com\/#organization"},"potentialAction":[{"@type":"SearchAction","target":{"@type":"EntryPoint","urlTemplate":"https:\/\/www.ariasassessors.com\/?s={search_term_string}"},"query-input":{"@type":"PropertyValueSpecification","valueRequired":true,"valueName":"search_term_string"}}],"inLanguage":"ca"},{"@type":"Organization","@id":"https:\/\/www.ariasassessors.com\/#organization","name":"Arias Assessors","url":"https:\/\/www.ariasassessors.com\/","logo":{"@type":"ImageObject","inLanguage":"ca","@id":"https:\/\/www.ariasassessors.com\/#\/schema\/logo\/image\/","url":"https:\/\/www.ariasassessors.com\/wp-content\/uploads\/2019\/01\/arias-logo.png","contentUrl":"https:\/\/www.ariasassessors.com\/wp-content\/uploads\/2019\/01\/arias-logo.png","width":349,"height":254,"caption":"Arias Assessors"},"image":{"@id":"https:\/\/www.ariasassessors.com\/#\/schema\/logo\/image\/"},"sameAs":["https:\/\/www.facebook.com\/ariasassessors\/","https:\/\/x.com\/ariasassessors","https:\/\/www.linkedin.com\/company\/r&amp;amp;r-growing-knowledge\/"]},{"@type":"Person","@id":"https:\/\/www.ariasassessors.com\/#\/schema\/person\/63c6ad1775f0a9413c37932562673cef","name":"btorras","image":{"@type":"ImageObject","inLanguage":"ca","@id":"https:\/\/www.ariasassessors.com\/#\/schema\/person\/image\/","url":"https:\/\/secure.gravatar.com\/avatar\/0531db351fc361fdbfd204c58fa2d6a3?s=96&d=mm&r=g","contentUrl":"https:\/\/secure.gravatar.com\/avatar\/0531db351fc361fdbfd204c58fa2d6a3?s=96&d=mm&r=g","caption":"btorras"}}]}},"_links":{"self":[{"href":"https:\/\/www.ariasassessors.com\/ca\/wp-json\/wp\/v2\/posts\/1746","targetHints":{"allow":["GET"]}}],"collection":[{"href":"https:\/\/www.ariasassessors.com\/ca\/wp-json\/wp\/v2\/posts"}],"about":[{"href":"https:\/\/www.ariasassessors.com\/ca\/wp-json\/wp\/v2\/types\/post"}],"author":[{"embeddable":true,"href":"https:\/\/www.ariasassessors.com\/ca\/wp-json\/wp\/v2\/users\/2"}],"replies":[{"embeddable":true,"href":"https:\/\/www.ariasassessors.com\/ca\/wp-json\/wp\/v2\/comments?post=1746"}],"version-history":[{"count":2,"href":"https:\/\/www.ariasassessors.com\/ca\/wp-json\/wp\/v2\/posts\/1746\/revisions"}],"predecessor-version":[{"id":1757,"href":"https:\/\/www.ariasassessors.com\/ca\/wp-json\/wp\/v2\/posts\/1746\/revisions\/1757"}],"wp:featuredmedia":[{"embeddable":true,"href":"https:\/\/www.ariasassessors.com\/ca\/wp-json\/wp\/v2\/media\/1749"}],"wp:attachment":[{"href":"https:\/\/www.ariasassessors.com\/ca\/wp-json\/wp\/v2\/media?parent=1746"}],"wp:term":[{"taxonomy":"category","embeddable":true,"href":"https:\/\/www.ariasassessors.com\/ca\/wp-json\/wp\/v2\/categories?post=1746"},{"taxonomy":"post_tag","embeddable":true,"href":"https:\/\/www.ariasassessors.com\/ca\/wp-json\/wp\/v2\/tags?post=1746"}],"curies":[{"name":"wp","href":"https:\/\/api.w.org\/{rel}","templated":true}]}}