{"id":1870,"date":"2022-03-29T10:32:31","date_gmt":"2022-03-29T08:32:31","guid":{"rendered":"https:\/\/www.ariasassessors.com\/?p=1870"},"modified":"2022-03-29T10:47:53","modified_gmt":"2022-03-29T08:47:53","slug":"contractacio-de-persones-joves-en-situacio-d-atur","status":"publish","type":"post","link":"https:\/\/www.ariasassessors.com\/ca\/contractacio-de-persones-joves-en-situacio-d-atur\/","title":{"rendered":"Guia de sol\u00b7licitud d\u2019ajudes a la contractaci\u00f3 de persones joves en situaci\u00f3 d\u2019atur per a empreses i cooperatives de treball associat."},"content":{"rendered":"<p>L\u2019objectiu \u00e9s fomentar les actuacions adre\u00e7ades a persones en situaci\u00f3 d\u2018atur que altrament tindrien dificultats per trobar una feina amb una certa continu\u00eftat a curt termini. La hip\u00f2tesi d\u2019aquestes mesures de foment de la contractaci\u00f3 \u00e9s que la reducci\u00f3 dels costos laborals ha de constituir un impuls a la contractaci\u00f3 de persones que tenen una baixa ocupabilitat o que, per altres motius, no haurien pogut obtenir la feina.<\/p>\n<p>Comptar amb aquest instrument subvencional de foment de la contractaci\u00f3 pot permetre fomentar contractes per a persones i col\u00b7lectius que objectivament tinguin menor probabilitat de trobar feina, adaptant-los a les necessitats de cada moment.<\/p>\n<p><strong>\u00a0<\/strong>Aquesta guia va dirigida a aquelles empreses (persones f\u00edsiques o jur\u00eddiques) i cooperatives de treball associat contractants que sol\u00b7licitin l\u2019execuci\u00f3 de contractes de persones joves en situaci\u00f3 d\u2019atur (REACT-)<\/p>\n<p>Les persones destinat\u00e0ries s\u00f3n les que recull la base 6 de l\u2019annex 1 de amb l\u2019Ordre EMT\/214\/2021, de 17 de novembre. Tal i com s\u2019especifica en la base 6.2 de l\u2019Ordre amb l\u2019Ordre EMT\/214\/2021, de 17 de novembre i l\u2019article 5<\/p>\n<p>de la Resoluci\u00f3 EMT\/3861\/2021, de 22 de desembre per aquesta convocat\u00f2ria les persones destinat\u00e0ries dels contractes de treball subvencionats han de ser persones joves m\u00e9s grans de 16 anys i menors de 30 anys, incloses les persones amb discapacitat, i han de complir els requisits seg\u00fcents:<\/p>\n<p>a) Estar inscrites a l\u2019Oficina de Treball corresponent del Servei P\u00fablic d\u2019Ocupaci\u00f3 de Catalunya com a persones demandants d\u2019ocupaci\u00f3 no ocupades (DONO) i amb capacitat per formalitzar un contracte de treball en el moment de la seva signatura.<\/p>\n<p>b) Complir els requisits que exigeixi la modalitat del contracte de treball que se subscrigui d\u2019entre els tipus de contracte vigents, excepte el contracte en pr\u00e0ctiques i el contracte de formaci\u00f3 i aprenentatge.<\/p>\n<p>Tots els requisits i les condicions s\u2019han de poder acreditar el dia h\u00e0bil laborable immediatament anterior a l\u2019inici del contracte.<\/p>\n<p>Les entitats benefici\u00e0ries poden cercar i seleccionar la persona treballadora destinat\u00e0ria de l&#8217;ajut mitjan\u00e7ant una oferta d&#8217;ocupaci\u00f3 presentada en una oficina de Treball de la Generalitat o mitjan\u00e7ant els seus recursos propis, d\u2019acord amb les condicions exigides a la base 6 de l\u2019annex 1 de l&#8217;Ordre EMT\/214\/2021, de 17 de novembre. El Servei P\u00fablic d\u2019Ocupaci\u00f3 comprovar\u00e0, d\u2019ofici, el compliment de les condicions que exigeix aquesta base, de manera pr\u00e8via a l\u2019atorgament de la subvenci\u00f3.<\/p>\n<p>La persona jove es pot contractar mitjan\u00e7ant els contractes de qualsevol de les modalitats de contractaci\u00f3 laboral vigents, excepte el contracte en pr\u00e0ctiques i el contracte de formaci\u00f3 i aprenentatge i amb una durada m\u00ednima d\u2019un any en jornada a temps complet.<\/p>\n<p>El termini de presentaci\u00f3 de sol\u00b7licituds comen\u00e7a l\u2019endem\u00e0 de la publicaci\u00f3 de la convocat\u00f2ria a les 9:00h fins el 31 de mar\u00e7 del 2022 a les 15:00h<\/p>\n<p>El contracte es pot haver formalitzat fins a 1 mes d\u2019anterioritat a la Resoluci\u00f3. La data l\u00edmit per subscriure contractes \u00e9s el 28 de febrer de 2022, incl\u00f2s.<\/p>\n<p>Es pot subscriure un contracte per una durada superior o un contracte indefinit. En aquests casos la part subvencionada seran els dotze primers mesos.<\/p>\n<p>Les entitats benefici\u00e0ries han de formalitzar un contracte de treball amb una persona treballadora de nova incorporaci\u00f3. En cap cas, ha de representar un lloc estructural.<\/p>\n<p><strong><em>La quantia de la subvenci\u00f3 <\/em><\/strong>\u00c9s d\u2019un m\u00f2dul equivalent al Salari M\u00ednim Interprofessional de l\u2019any 2021 per jornada completa amb un m\u00e0xim de 12 mesos.<\/p>\n<p>Prenent com a refer\u00e8ncia el Salari M\u00ednim per aquesta convocat\u00f2ria es fixa una quantia de 1.473,71 euros mensual.<\/p>\n<p>La sol\u00b7licitud sempre s\u2019ha de fer per 12 mesos. Si el contracte finalment no arriba als 12, es far\u00e0 una revocaci\u00f3 proporcional al temps que hagi mancat per arribar-hi.<\/p>\n<p><strong>\u00a0<\/strong><\/p>\n","protected":false},"excerpt":{"rendered":"<p>L\u2019objectiu \u00e9s fomentar les actuacions adre\u00e7ades a persones en situaci\u00f3 d\u2018atur que altrament tindrien dificultats per trobar una feina amb una certa continu\u00eftat a curt termini. La hip\u00f2tesi d\u2019aquestes mesures de foment de la contractaci\u00f3 \u00e9s que la reducci\u00f3 dels costos laborals ha de constituir&#8230;<\/p>\n","protected":false},"author":2,"featured_media":1871,"comment_status":"open","ping_status":"open","sticky":false,"template":"","format":"standard","meta":{"footnotes":""},"categories":[4],"tags":[],"class_list":["post-1870","post","type-post","status-publish","format-standard","has-post-thumbnail","hentry","category-noticies"],"yoast_head":"<!-- This site is optimized with the Yoast SEO plugin v24.3 - https:\/\/yoast.com\/wordpress\/plugins\/seo\/ -->\n<title>Guia de sol\u00b7licitud d\u2019ajudes a la contractaci\u00f3 de persones joves en situaci\u00f3 d\u2019atur per a empreses i cooperatives de treball associat. | Arias Assessors<\/title>\n<meta name=\"description\" content=\"L\u2019objectiu \u00e9s fomentar les actuacions adre\u00e7ades a persones en situaci\u00f3 d\u2018atur que altrament tindrien dificultats per trobar una feina amb una certa continu\u00eftat a curt termini.\" \/>\n<meta name=\"robots\" content=\"index, follow, max-snippet:-1, max-image-preview:large, max-video-preview:-1\" \/>\n<link rel=\"canonical\" href=\"https:\/\/www.ariasassessors.com\/ca\/contractacio-de-persones-joves-en-situacio-d-atur\/\" \/>\n<meta property=\"og:locale\" content=\"ca_ES\" \/>\n<meta property=\"og:type\" content=\"article\" \/>\n<meta property=\"og:title\" content=\"Guia de sol\u00b7licitud d\u2019ajudes a la contractaci\u00f3 de persones joves en situaci\u00f3 d\u2019atur per a empreses i cooperatives de treball associat. | Arias Assessors\" \/>\n<meta property=\"og:description\" content=\"L\u2019objectiu \u00e9s fomentar les actuacions adre\u00e7ades a persones en situaci\u00f3 d\u2018atur que altrament tindrien dificultats per trobar una feina amb una certa continu\u00eftat a curt termini.\" \/>\n<meta property=\"og:url\" content=\"https:\/\/www.ariasassessors.com\/ca\/contractacio-de-persones-joves-en-situacio-d-atur\/\" \/>\n<meta property=\"og:site_name\" content=\"Arias Assessors\" \/>\n<meta property=\"article:publisher\" content=\"https:\/\/www.facebook.com\/ariasassessors\/\" \/>\n<meta property=\"article:published_time\" content=\"2022-03-29T08:32:31+00:00\" \/>\n<meta property=\"article:modified_time\" content=\"2022-03-29T08:47:53+00:00\" \/>\n<meta property=\"og:image\" content=\"https:\/\/www.ariasassessors.com\/wp-content\/uploads\/2022\/03\/Arias_Blog_IMAGEN_DESTACADA-14.jpg\" \/>\n\t<meta property=\"og:image:width\" content=\"1920\" \/>\n\t<meta property=\"og:image:height\" content=\"1202\" \/>\n\t<meta property=\"og:image:type\" content=\"image\/jpeg\" \/>\n<meta name=\"author\" content=\"btorras\" \/>\n<meta name=\"twitter:card\" content=\"summary_large_image\" \/>\n<meta name=\"twitter:creator\" content=\"@ariasassessors\" \/>\n<meta name=\"twitter:site\" content=\"@ariasassessors\" \/>\n<meta name=\"twitter:label1\" content=\"Escrit per\" \/>\n\t<meta name=\"twitter:data1\" content=\"btorras\" \/>\n\t<meta name=\"twitter:label2\" content=\"Temps estimat de lectura\" \/>\n\t<meta name=\"twitter:data2\" content=\"3 minuts\" \/>\n<script type=\"application\/ld+json\" class=\"yoast-schema-graph\">{\"@context\":\"https:\/\/schema.org\",\"@graph\":[{\"@type\":\"Article\",\"@id\":\"https:\/\/www.ariasassessors.com\/ca\/contractacio-de-persones-joves-en-situacio-d-atur\/#article\",\"isPartOf\":{\"@id\":\"https:\/\/www.ariasassessors.com\/ca\/contractacio-de-persones-joves-en-situacio-d-atur\/\"},\"author\":{\"name\":\"btorras\",\"@id\":\"https:\/\/www.ariasassessors.com\/#\/schema\/person\/63c6ad1775f0a9413c37932562673cef\"},\"headline\":\"Guia de sol\u00b7licitud d\u2019ajudes a la contractaci\u00f3 de persones joves en situaci\u00f3 d\u2019atur per a empreses i cooperatives de treball associat.\",\"datePublished\":\"2022-03-29T08:32:31+00:00\",\"dateModified\":\"2022-03-29T08:47:53+00:00\",\"mainEntityOfPage\":{\"@id\":\"https:\/\/www.ariasassessors.com\/ca\/contractacio-de-persones-joves-en-situacio-d-atur\/\"},\"wordCount\":670,\"commentCount\":0,\"publisher\":{\"@id\":\"https:\/\/www.ariasassessors.com\/#organization\"},\"image\":{\"@id\":\"https:\/\/www.ariasassessors.com\/ca\/contractacio-de-persones-joves-en-situacio-d-atur\/#primaryimage\"},\"thumbnailUrl\":\"https:\/\/www.ariasassessors.com\/wp-content\/uploads\/2022\/03\/Arias_Blog_IMAGEN_DESTACADA-14.jpg\",\"articleSection\":[\"noticies\"],\"inLanguage\":\"ca\",\"potentialAction\":[{\"@type\":\"CommentAction\",\"name\":\"Comment\",\"target\":[\"https:\/\/www.ariasassessors.com\/ca\/contractacio-de-persones-joves-en-situacio-d-atur\/#respond\"]}]},{\"@type\":\"WebPage\",\"@id\":\"https:\/\/www.ariasassessors.com\/ca\/contractacio-de-persones-joves-en-situacio-d-atur\/\",\"url\":\"https:\/\/www.ariasassessors.com\/ca\/contractacio-de-persones-joves-en-situacio-d-atur\/\",\"name\":\"Guia de sol\u00b7licitud d\u2019ajudes a la contractaci\u00f3 de persones joves en situaci\u00f3 d\u2019atur per a empreses i cooperatives de treball associat. | Arias Assessors\",\"isPartOf\":{\"@id\":\"https:\/\/www.ariasassessors.com\/#website\"},\"primaryImageOfPage\":{\"@id\":\"https:\/\/www.ariasassessors.com\/ca\/contractacio-de-persones-joves-en-situacio-d-atur\/#primaryimage\"},\"image\":{\"@id\":\"https:\/\/www.ariasassessors.com\/ca\/contractacio-de-persones-joves-en-situacio-d-atur\/#primaryimage\"},\"thumbnailUrl\":\"https:\/\/www.ariasassessors.com\/wp-content\/uploads\/2022\/03\/Arias_Blog_IMAGEN_DESTACADA-14.jpg\",\"datePublished\":\"2022-03-29T08:32:31+00:00\",\"dateModified\":\"2022-03-29T08:47:53+00:00\",\"description\":\"L\u2019objectiu \u00e9s fomentar les actuacions adre\u00e7ades a persones en situaci\u00f3 d\u2018atur que altrament tindrien dificultats per trobar una feina amb una certa continu\u00eftat a curt termini.\",\"breadcrumb\":{\"@id\":\"https:\/\/www.ariasassessors.com\/ca\/contractacio-de-persones-joves-en-situacio-d-atur\/#breadcrumb\"},\"inLanguage\":\"ca\",\"potentialAction\":[{\"@type\":\"ReadAction\",\"target\":[\"https:\/\/www.ariasassessors.com\/ca\/contractacio-de-persones-joves-en-situacio-d-atur\/\"]}]},{\"@type\":\"ImageObject\",\"inLanguage\":\"ca\",\"@id\":\"https:\/\/www.ariasassessors.com\/ca\/contractacio-de-persones-joves-en-situacio-d-atur\/#primaryimage\",\"url\":\"https:\/\/www.ariasassessors.com\/wp-content\/uploads\/2022\/03\/Arias_Blog_IMAGEN_DESTACADA-14.jpg\",\"contentUrl\":\"https:\/\/www.ariasassessors.com\/wp-content\/uploads\/2022\/03\/Arias_Blog_IMAGEN_DESTACADA-14.jpg\",\"width\":1920,\"height\":1202,\"caption\":\"atur persones joves\"},{\"@type\":\"BreadcrumbList\",\"@id\":\"https:\/\/www.ariasassessors.com\/ca\/contractacio-de-persones-joves-en-situacio-d-atur\/#breadcrumb\",\"itemListElement\":[{\"@type\":\"ListItem\",\"position\":1,\"name\":\"Portada\",\"item\":\"https:\/\/www.ariasassessors.com\/ca\/\"},{\"@type\":\"ListItem\",\"position\":2,\"name\":\"Guia de sol\u00b7licitud d\u2019ajudes a la contractaci\u00f3 de persones joves en situaci\u00f3 d\u2019atur per a empreses i cooperatives de treball associat.\"}]},{\"@type\":\"WebSite\",\"@id\":\"https:\/\/www.ariasassessors.com\/#website\",\"url\":\"https:\/\/www.ariasassessors.com\/\",\"name\":\"Arias Assessors\",\"description\":\"Asesor\u00eda para aut\u00f3nomos, profesionales y PYMES\",\"publisher\":{\"@id\":\"https:\/\/www.ariasassessors.com\/#organization\"},\"potentialAction\":[{\"@type\":\"SearchAction\",\"target\":{\"@type\":\"EntryPoint\",\"urlTemplate\":\"https:\/\/www.ariasassessors.com\/?s={search_term_string}\"},\"query-input\":{\"@type\":\"PropertyValueSpecification\",\"valueRequired\":true,\"valueName\":\"search_term_string\"}}],\"inLanguage\":\"ca\"},{\"@type\":\"Organization\",\"@id\":\"https:\/\/www.ariasassessors.com\/#organization\",\"name\":\"Arias Assessors\",\"url\":\"https:\/\/www.ariasassessors.com\/\",\"logo\":{\"@type\":\"ImageObject\",\"inLanguage\":\"ca\",\"@id\":\"https:\/\/www.ariasassessors.com\/#\/schema\/logo\/image\/\",\"url\":\"https:\/\/www.ariasassessors.com\/wp-content\/uploads\/2019\/01\/arias-logo.png\",\"contentUrl\":\"https:\/\/www.ariasassessors.com\/wp-content\/uploads\/2019\/01\/arias-logo.png\",\"width\":349,\"height\":254,\"caption\":\"Arias Assessors\"},\"image\":{\"@id\":\"https:\/\/www.ariasassessors.com\/#\/schema\/logo\/image\/\"},\"sameAs\":[\"https:\/\/www.facebook.com\/ariasassessors\/\",\"https:\/\/x.com\/ariasassessors\",\"https:\/\/www.linkedin.com\/company\/r&amp;amp;r-growing-knowledge\/\"]},{\"@type\":\"Person\",\"@id\":\"https:\/\/www.ariasassessors.com\/#\/schema\/person\/63c6ad1775f0a9413c37932562673cef\",\"name\":\"btorras\",\"image\":{\"@type\":\"ImageObject\",\"inLanguage\":\"ca\",\"@id\":\"https:\/\/www.ariasassessors.com\/#\/schema\/person\/image\/\",\"url\":\"https:\/\/secure.gravatar.com\/avatar\/0531db351fc361fdbfd204c58fa2d6a3?s=96&d=mm&r=g\",\"contentUrl\":\"https:\/\/secure.gravatar.com\/avatar\/0531db351fc361fdbfd204c58fa2d6a3?s=96&d=mm&r=g\",\"caption\":\"btorras\"}}]}<\/script>\n<!-- \/ Yoast SEO plugin. -->","yoast_head_json":{"title":"Guia de sol\u00b7licitud d\u2019ajudes a la contractaci\u00f3 de persones joves en situaci\u00f3 d\u2019atur per a empreses i cooperatives de treball associat. | Arias Assessors","description":"L\u2019objectiu \u00e9s fomentar les actuacions adre\u00e7ades a persones en situaci\u00f3 d\u2018atur que altrament tindrien dificultats per trobar una feina amb una certa continu\u00eftat a curt termini.","robots":{"index":"index","follow":"follow","max-snippet":"max-snippet:-1","max-image-preview":"max-image-preview:large","max-video-preview":"max-video-preview:-1"},"canonical":"https:\/\/www.ariasassessors.com\/ca\/contractacio-de-persones-joves-en-situacio-d-atur\/","og_locale":"ca_ES","og_type":"article","og_title":"Guia de sol\u00b7licitud d\u2019ajudes a la contractaci\u00f3 de persones joves en situaci\u00f3 d\u2019atur per a empreses i cooperatives de treball associat. | Arias Assessors","og_description":"L\u2019objectiu \u00e9s fomentar les actuacions adre\u00e7ades a persones en situaci\u00f3 d\u2018atur que altrament tindrien dificultats per trobar una feina amb una certa continu\u00eftat a curt termini.","og_url":"https:\/\/www.ariasassessors.com\/ca\/contractacio-de-persones-joves-en-situacio-d-atur\/","og_site_name":"Arias Assessors","article_publisher":"https:\/\/www.facebook.com\/ariasassessors\/","article_published_time":"2022-03-29T08:32:31+00:00","article_modified_time":"2022-03-29T08:47:53+00:00","og_image":[{"width":1920,"height":1202,"url":"https:\/\/www.ariasassessors.com\/wp-content\/uploads\/2022\/03\/Arias_Blog_IMAGEN_DESTACADA-14.jpg","type":"image\/jpeg"}],"author":"btorras","twitter_card":"summary_large_image","twitter_creator":"@ariasassessors","twitter_site":"@ariasassessors","twitter_misc":{"Escrit per":"btorras","Temps estimat de lectura":"3 minuts"},"schema":{"@context":"https:\/\/schema.org","@graph":[{"@type":"Article","@id":"https:\/\/www.ariasassessors.com\/ca\/contractacio-de-persones-joves-en-situacio-d-atur\/#article","isPartOf":{"@id":"https:\/\/www.ariasassessors.com\/ca\/contractacio-de-persones-joves-en-situacio-d-atur\/"},"author":{"name":"btorras","@id":"https:\/\/www.ariasassessors.com\/#\/schema\/person\/63c6ad1775f0a9413c37932562673cef"},"headline":"Guia de sol\u00b7licitud d\u2019ajudes a la contractaci\u00f3 de persones joves en situaci\u00f3 d\u2019atur per a empreses i cooperatives de treball associat.","datePublished":"2022-03-29T08:32:31+00:00","dateModified":"2022-03-29T08:47:53+00:00","mainEntityOfPage":{"@id":"https:\/\/www.ariasassessors.com\/ca\/contractacio-de-persones-joves-en-situacio-d-atur\/"},"wordCount":670,"commentCount":0,"publisher":{"@id":"https:\/\/www.ariasassessors.com\/#organization"},"image":{"@id":"https:\/\/www.ariasassessors.com\/ca\/contractacio-de-persones-joves-en-situacio-d-atur\/#primaryimage"},"thumbnailUrl":"https:\/\/www.ariasassessors.com\/wp-content\/uploads\/2022\/03\/Arias_Blog_IMAGEN_DESTACADA-14.jpg","articleSection":["noticies"],"inLanguage":"ca","potentialAction":[{"@type":"CommentAction","name":"Comment","target":["https:\/\/www.ariasassessors.com\/ca\/contractacio-de-persones-joves-en-situacio-d-atur\/#respond"]}]},{"@type":"WebPage","@id":"https:\/\/www.ariasassessors.com\/ca\/contractacio-de-persones-joves-en-situacio-d-atur\/","url":"https:\/\/www.ariasassessors.com\/ca\/contractacio-de-persones-joves-en-situacio-d-atur\/","name":"Guia de sol\u00b7licitud d\u2019ajudes a la contractaci\u00f3 de persones joves en situaci\u00f3 d\u2019atur per a empreses i cooperatives de treball associat. | Arias Assessors","isPartOf":{"@id":"https:\/\/www.ariasassessors.com\/#website"},"primaryImageOfPage":{"@id":"https:\/\/www.ariasassessors.com\/ca\/contractacio-de-persones-joves-en-situacio-d-atur\/#primaryimage"},"image":{"@id":"https:\/\/www.ariasassessors.com\/ca\/contractacio-de-persones-joves-en-situacio-d-atur\/#primaryimage"},"thumbnailUrl":"https:\/\/www.ariasassessors.com\/wp-content\/uploads\/2022\/03\/Arias_Blog_IMAGEN_DESTACADA-14.jpg","datePublished":"2022-03-29T08:32:31+00:00","dateModified":"2022-03-29T08:47:53+00:00","description":"L\u2019objectiu \u00e9s fomentar les actuacions adre\u00e7ades a persones en situaci\u00f3 d\u2018atur que altrament tindrien dificultats per trobar una feina amb una certa continu\u00eftat a curt termini.","breadcrumb":{"@id":"https:\/\/www.ariasassessors.com\/ca\/contractacio-de-persones-joves-en-situacio-d-atur\/#breadcrumb"},"inLanguage":"ca","potentialAction":[{"@type":"ReadAction","target":["https:\/\/www.ariasassessors.com\/ca\/contractacio-de-persones-joves-en-situacio-d-atur\/"]}]},{"@type":"ImageObject","inLanguage":"ca","@id":"https:\/\/www.ariasassessors.com\/ca\/contractacio-de-persones-joves-en-situacio-d-atur\/#primaryimage","url":"https:\/\/www.ariasassessors.com\/wp-content\/uploads\/2022\/03\/Arias_Blog_IMAGEN_DESTACADA-14.jpg","contentUrl":"https:\/\/www.ariasassessors.com\/wp-content\/uploads\/2022\/03\/Arias_Blog_IMAGEN_DESTACADA-14.jpg","width":1920,"height":1202,"caption":"atur persones joves"},{"@type":"BreadcrumbList","@id":"https:\/\/www.ariasassessors.com\/ca\/contractacio-de-persones-joves-en-situacio-d-atur\/#breadcrumb","itemListElement":[{"@type":"ListItem","position":1,"name":"Portada","item":"https:\/\/www.ariasassessors.com\/ca\/"},{"@type":"ListItem","position":2,"name":"Guia de sol\u00b7licitud d\u2019ajudes a la contractaci\u00f3 de persones joves en situaci\u00f3 d\u2019atur per a empreses i cooperatives de treball associat."}]},{"@type":"WebSite","@id":"https:\/\/www.ariasassessors.com\/#website","url":"https:\/\/www.ariasassessors.com\/","name":"Arias Assessors","description":"Asesor\u00eda para aut\u00f3nomos, profesionales y PYMES","publisher":{"@id":"https:\/\/www.ariasassessors.com\/#organization"},"potentialAction":[{"@type":"SearchAction","target":{"@type":"EntryPoint","urlTemplate":"https:\/\/www.ariasassessors.com\/?s={search_term_string}"},"query-input":{"@type":"PropertyValueSpecification","valueRequired":true,"valueName":"search_term_string"}}],"inLanguage":"ca"},{"@type":"Organization","@id":"https:\/\/www.ariasassessors.com\/#organization","name":"Arias Assessors","url":"https:\/\/www.ariasassessors.com\/","logo":{"@type":"ImageObject","inLanguage":"ca","@id":"https:\/\/www.ariasassessors.com\/#\/schema\/logo\/image\/","url":"https:\/\/www.ariasassessors.com\/wp-content\/uploads\/2019\/01\/arias-logo.png","contentUrl":"https:\/\/www.ariasassessors.com\/wp-content\/uploads\/2019\/01\/arias-logo.png","width":349,"height":254,"caption":"Arias Assessors"},"image":{"@id":"https:\/\/www.ariasassessors.com\/#\/schema\/logo\/image\/"},"sameAs":["https:\/\/www.facebook.com\/ariasassessors\/","https:\/\/x.com\/ariasassessors","https:\/\/www.linkedin.com\/company\/r&amp;amp;r-growing-knowledge\/"]},{"@type":"Person","@id":"https:\/\/www.ariasassessors.com\/#\/schema\/person\/63c6ad1775f0a9413c37932562673cef","name":"btorras","image":{"@type":"ImageObject","inLanguage":"ca","@id":"https:\/\/www.ariasassessors.com\/#\/schema\/person\/image\/","url":"https:\/\/secure.gravatar.com\/avatar\/0531db351fc361fdbfd204c58fa2d6a3?s=96&d=mm&r=g","contentUrl":"https:\/\/secure.gravatar.com\/avatar\/0531db351fc361fdbfd204c58fa2d6a3?s=96&d=mm&r=g","caption":"btorras"}}]}},"_links":{"self":[{"href":"https:\/\/www.ariasassessors.com\/ca\/wp-json\/wp\/v2\/posts\/1870","targetHints":{"allow":["GET"]}}],"collection":[{"href":"https:\/\/www.ariasassessors.com\/ca\/wp-json\/wp\/v2\/posts"}],"about":[{"href":"https:\/\/www.ariasassessors.com\/ca\/wp-json\/wp\/v2\/types\/post"}],"author":[{"embeddable":true,"href":"https:\/\/www.ariasassessors.com\/ca\/wp-json\/wp\/v2\/users\/2"}],"replies":[{"embeddable":true,"href":"https:\/\/www.ariasassessors.com\/ca\/wp-json\/wp\/v2\/comments?post=1870"}],"version-history":[{"count":2,"href":"https:\/\/www.ariasassessors.com\/ca\/wp-json\/wp\/v2\/posts\/1870\/revisions"}],"predecessor-version":[{"id":1874,"href":"https:\/\/www.ariasassessors.com\/ca\/wp-json\/wp\/v2\/posts\/1870\/revisions\/1874"}],"wp:featuredmedia":[{"embeddable":true,"href":"https:\/\/www.ariasassessors.com\/ca\/wp-json\/wp\/v2\/media\/1871"}],"wp:attachment":[{"href":"https:\/\/www.ariasassessors.com\/ca\/wp-json\/wp\/v2\/media?parent=1870"}],"wp:term":[{"taxonomy":"category","embeddable":true,"href":"https:\/\/www.ariasassessors.com\/ca\/wp-json\/wp\/v2\/categories?post=1870"},{"taxonomy":"post_tag","embeddable":true,"href":"https:\/\/www.ariasassessors.com\/ca\/wp-json\/wp\/v2\/tags?post=1870"}],"curies":[{"name":"wp","href":"https:\/\/api.w.org\/{rel}","templated":true}]}}