{"id":1885,"date":"2022-04-04T10:08:14","date_gmt":"2022-04-04T08:08:14","guid":{"rendered":"https:\/\/www.ariasassessors.com\/precio-del-gasoil-y-gasolina\/"},"modified":"2022-04-04T11:03:56","modified_gmt":"2022-04-04T09:03:56","slug":"precio-del-gasoil-y-gasolina","status":"publish","type":"post","link":"https:\/\/www.ariasassessors.com\/ca\/precio-del-gasoil-y-gasolina\/","title":{"rendered":"Es rebaixa el preu del gasoil i gasolina 0,20 euros per litre a partir del divendres 1 d&#8217;abril"},"content":{"rendered":"<p><strong><em>Aprovades avui, 30 de mar\u00e7 de 2022, una s\u00e8rie de mesures relatives al finan\u00e7ament en la venda al p\u00fablic d&#8217;hidrocarburs (com el gasoil i gasolina).<\/em><\/strong><\/p>\n<p>El t\u00edtol de la not\u00edcia \u00e9s clar: avui, 30 de mar\u00e7 de 2022, es publica en el BOE la reducci\u00f3 de 0,20 euros per litre de gasoil i gasolina anunciada pel Govern durant les \u00faltimes setmanes.<\/p>\n<p>Aquesta \u00e9s nom\u00e9s una de les mesures aprovades al <a href=\"https:\/\/www.iberley.es\/legislacion\/rd-ley-6-2022-29-mar-medidas-urgentes-respuesta-consecuencias-guerra-ucrania-27065576\">Real Decreto-ley 6\/2022, de 29 de marzo<\/a>, pel qual s&#8217;adopten mesures urgents en el marc del Pla Nacional de resposta a les conseq\u00fc\u00e8ncies econ\u00f2miques i socials de la guerra a Ucra\u00efna. Les veurem en major profunditat:<\/p>\n<div id=\"ez-toc-container\" class=\"ez-toc-v2_0_72 counter-hierarchy ez-toc-counter ez-toc-grey ez-toc-container-direction\">\n<div class=\"ez-toc-title-container\">\n<p class=\"ez-toc-title\" style=\"cursor:inherit\">\u00cdndice de Contenidos<\/p>\n<span class=\"ez-toc-title-toggle\"><a href=\"#\" class=\"ez-toc-pull-right ez-toc-btn ez-toc-btn-xs ez-toc-btn-default ez-toc-toggle\" aria-label=\"Toggle Table of Content\"><span class=\"ez-toc-js-icon-con\"><span class=\"\"><span class=\"eztoc-hide\" style=\"display:none;\">Toggle<\/span><span class=\"ez-toc-icon-toggle-span\"><svg style=\"fill: #428bca;color:#428bca\" xmlns=\"http:\/\/www.w3.org\/2000\/svg\" class=\"list-377408\" width=\"20px\" height=\"20px\" viewBox=\"0 0 24 24\" fill=\"none\"><path d=\"M6 6H4v2h2V6zm14 0H8v2h12V6zM4 11h2v2H4v-2zm16 0H8v2h12v-2zM4 16h2v2H4v-2zm16 0H8v2h12v-2z\" fill=\"currentColor\"><\/path><\/svg><svg style=\"fill: #428bca;color:#428bca\" class=\"arrow-unsorted-368013\" xmlns=\"http:\/\/www.w3.org\/2000\/svg\" width=\"10px\" height=\"10px\" viewBox=\"0 0 24 24\" version=\"1.2\" baseProfile=\"tiny\"><path d=\"M18.2 9.3l-6.2-6.3-6.2 6.3c-.2.2-.3.4-.3.7s.1.5.3.7c.2.2.4.3.7.3h11c.3 0 .5-.1.7-.3.2-.2.3-.5.3-.7s-.1-.5-.3-.7zM5.8 14.7l6.2 6.3 6.2-6.3c.2-.2.3-.5.3-.7s-.1-.5-.3-.7c-.2-.2-.4-.3-.7-.3h-11c-.3 0-.5.1-.7.3-.2.2-.3.5-.3.7s.1.5.3.7z\"\/><\/svg><\/span><\/span><\/span><\/a><\/span><\/div>\n<nav><ul class='ez-toc-list ez-toc-list-level-1 eztoc-toggle-hide-by-default' ><li class='ez-toc-page-1 ez-toc-heading-level-2'><a class=\"ez-toc-link ez-toc-heading-1\" href=\"https:\/\/www.ariasassessors.com\/ca\/precio-del-gasoil-y-gasolina\/#Rebaixa_de_020_euros_per_litre_en_el_gasoil_i_gasolina\" title=\"Rebaixa de 0,20 euros per litre en el gasoil i gasolina\">Rebaixa de 0,20 euros per litre en el gasoil i gasolina<\/a><\/li><li class='ez-toc-page-1 ez-toc-heading-level-2'><a class=\"ez-toc-link ez-toc-heading-2\" href=\"https:\/\/www.ariasassessors.com\/ca\/precio-del-gasoil-y-gasolina\/#Creacio_duna_nova_%C2%ABtaxa%C2%BB_a_les_empreses_de_refinament\" title=\"Creaci\u00f3 d&#8217;una nova \u00abtaxa\u00bb a les empreses de refinament\">Creaci\u00f3 d&#8217;una nova \u00abtaxa\u00bb a les empreses de refinament<\/a><\/li><li class='ez-toc-page-1 ez-toc-heading-level-2'><a class=\"ez-toc-link ez-toc-heading-3\" href=\"https:\/\/www.ariasassessors.com\/ca\/precio-del-gasoil-y-gasolina\/#Entrada_en_vigor_de_la_norma\" title=\"Entrada en vigor de la norma\">Entrada en vigor de la norma<\/a><\/li><\/ul><\/nav><\/div>\n<h2><span class=\"ez-toc-section\" id=\"Rebaixa_de_020_euros_per_litre_en_el_gasoil_i_gasolina\"><\/span>Rebaixa de 0,20 euros per litre en el gasoil i gasolina<span class=\"ez-toc-section-end\"><\/span><\/h2>\n<p>S&#8217;aprova una<strong>\u00a0bonificaci\u00f3 extraordin\u00e0ria i temporal<\/strong>\u00a0en el\u00a0<strong>preu de venda al p\u00fablic<\/strong>\u00a0de determinats productes energ\u00e8tics i additius, en concret, <strong>el\u00a0gasoil, gasolina, gas i\u00a0<em>adblue.<\/em><\/strong><\/p>\n<p>La bonificaci\u00f3 tindr\u00e0 un\u00a0import de\u00a00,20 euros\u00a0i s&#8217;aplicar\u00e0 sobre el preu de venda al p\u00fablic per cadascuna de les seg\u00fcents unitats de mesura:<\/p>\n<ul>\n<li><strong>Per cada litre de gasoil<\/strong>, gasolina i adblue.<\/li>\n<li><strong>Per cada quilogram\u00a0de gas<\/strong>, liquat o comprimit liquat.<\/li>\n<\/ul>\n<p>Els subministradors de carburants i combustibles podran sol\u00b7licitar mensualment la devoluci\u00f3 dels descomptes que implica aquesta bonificaci\u00f3 i tamb\u00e9 tindran la possibilitat de demanar un avan\u00e7ament a l&#8217;Ag\u00e8ncia Tribut\u00e0ria.<\/p>\n<p>Aquesta reducci\u00f3 del preu t\u00e9 car\u00e0cter temporal<strong>\u00a0des del dia 1 d&#8217;abril de 2022 fins al 30 de juny<\/strong>\u00a0del mateix any.<\/p>\n<h2><span class=\"ez-toc-section\" id=\"Creacio_duna_nova_%C2%ABtaxa%C2%BB_a_les_empreses_de_refinament\"><\/span>Creaci\u00f3 d&#8217;una nova \u00abtaxa\u00bb a les empreses de refinament<span class=\"ez-toc-section-end\"><\/span><\/h2>\n<p>Si b\u00e9 ho denominen com a \u00ab<strong>prestaci\u00f3 patrimonial de car\u00e0cter p\u00fablic no tributari temporal<\/strong>\u00a0a realitzar pels operadors a l&#8217;engr\u00f2s de productes petrol\u00edfers\u00bb, es tracta d&#8217;una nova taxa per als operadors a l&#8217;engr\u00f2s de productes petrol\u00edfers amb capacitat de refinament a Espanya i amb una xifra anual de negocis superior a\u00a0750 milions d&#8217;euros.<\/p>\n<p><strong>No estar\u00e1n obligados<\/strong>\u00a0a satisfacer dicha prestaci\u00f3n los operadores que se comprometan a realizar de forma inequ\u00edvoca un\u00a0<strong>descuento de 0,05 euros el litro\/kilo<\/strong>\u00a0en las ventas del gas\u00f3leo, gasolina, gas y\u00a0<em>adblue<\/em>, realizando el descuento sobre el precio de venta al p\u00fablico.<\/p>\n<p><strong>No estaran obligats<\/strong>\u00a0a satisfer aquesta prestaci\u00f3 els operadors que es comprometin a realitzar de manera inequ\u00edvoca un<strong>\u00a0descompte de 0,05 euros el litre\/quilo<\/strong>\u00a0en les vendes del gasoil, gasolina, gas i\u00a0adblue, realitzant el descompte sobre el preu de venda al p\u00fablic.<\/p>\n<p>En el cas dels productes adquirits als operadors subjectes a la prestaci\u00f3 patrimonial de car\u00e0cter p\u00fablic no tributari, la<strong>\u00a0bonificaci\u00f3 ser\u00e0 de\u00a00,15 euros<\/strong>\u00a0per litre o per quilogram, arribant amb el corresponent descompte a un m\u00ednim de\u00a00,20 euros per litre o per quilogram en total.<\/p>\n<p>Aquesta exoneraci\u00f3 quedar\u00e0 condicionada a la realitzaci\u00f3 efectiva d&#8217;aquest descompte, durant el per\u00edode compr\u00e8s entre <strong>els dies\u00a01 d&#8217;abril i\u00a030 de juny de\u00a02022.<\/strong><\/p>\n<h2><span class=\"ez-toc-section\" id=\"Entrada_en_vigor_de_la_norma\"><\/span>Entrada en vigor de la norma<span class=\"ez-toc-section-end\"><\/span><\/h2>\n<p>Si b\u00e9 es recull de manera expl\u00edcita el per\u00edode d&#8217;aplicaci\u00f3 de les reduccions, la\u00a0<strong>entrada en vigor de la norma\u00a0<\/strong>no coincideix amb la primera data d&#8217;aplicaci\u00f3,\u00a0quedant fixada aquesta <strong>a\u00a031 de mar\u00e7 de 2022.<\/strong><\/p>\n<p>Para m\u00e9s informaci\u00f3, poden contactar amb nosaltres <a href=\"https:\/\/www.ariasassessors.com\/ca\/contacte\/\">aqu\u00ed.\u00a0<\/a><\/p>\n","protected":false},"excerpt":{"rendered":"<p>Aprovades avui, 30 de mar\u00e7 de 2022, una s\u00e8rie de mesures relatives al finan\u00e7ament en la venda al p\u00fablic d&#8217;hidrocarburs (com el gasoil i gasolina). El t\u00edtol de la not\u00edcia \u00e9s clar: avui, 30 de mar\u00e7 de 2022, es publica en el BOE la reducci\u00f3&#8230;<\/p>\n","protected":false},"author":2,"featured_media":1883,"comment_status":"open","ping_status":"open","sticky":false,"template":"","format":"standard","meta":{"footnotes":""},"categories":[4],"tags":[],"class_list":["post-1885","post","type-post","status-publish","format-standard","has-post-thumbnail","hentry","category-noticies"],"yoast_head":"<!-- This site is optimized with the Yoast SEO plugin v24.3 - https:\/\/yoast.com\/wordpress\/plugins\/seo\/ -->\n<title>Es rebaixa el preu del gasoil i gasolina 0,20 euros per litre a partir del divendres 1 d&#039;abril | Arias Assessors<\/title>\n<meta name=\"description\" content=\"Aprobadas una serie de medidas relativas a la financiaci\u00f3n en la venta al p\u00fablico de gasolina y gasoil. Se aprueba una\u00a0bonificaci\u00f3n extraordinaria y temporal\u00a0en el\u00a0precio de venta al p\u00fablico\u00a0de determinados productos energ\u00e9ticos y aditivos\" \/>\n<meta name=\"robots\" content=\"index, follow, max-snippet:-1, max-image-preview:large, max-video-preview:-1\" \/>\n<link rel=\"canonical\" href=\"https:\/\/www.ariasassessors.com\/ca\/precio-del-gasoil-y-gasolina\/\" \/>\n<meta property=\"og:locale\" content=\"ca_ES\" \/>\n<meta property=\"og:type\" content=\"article\" \/>\n<meta property=\"og:title\" content=\"Es rebaixa el preu del gasoil i gasolina 0,20 euros per litre a partir del divendres 1 d&#039;abril | Arias Assessors\" \/>\n<meta property=\"og:description\" content=\"Aprobadas una serie de medidas relativas a la financiaci\u00f3n en la venta al p\u00fablico de gasolina y gasoil. Se aprueba una\u00a0bonificaci\u00f3n extraordinaria y temporal\u00a0en el\u00a0precio de venta al p\u00fablico\u00a0de determinados productos energ\u00e9ticos y aditivos\" \/>\n<meta property=\"og:url\" content=\"https:\/\/www.ariasassessors.com\/ca\/precio-del-gasoil-y-gasolina\/\" \/>\n<meta property=\"og:site_name\" content=\"Arias Assessors\" \/>\n<meta property=\"article:publisher\" content=\"https:\/\/www.facebook.com\/ariasassessors\/\" \/>\n<meta property=\"article:published_time\" content=\"2022-04-04T08:08:14+00:00\" \/>\n<meta property=\"article:modified_time\" content=\"2022-04-04T09:03:56+00:00\" \/>\n<meta property=\"og:image\" content=\"https:\/\/www.ariasassessors.com\/wp-content\/uploads\/2022\/04\/Arias_Blog_IMAGEN_DESTACADA-15.jpg\" \/>\n\t<meta property=\"og:image:width\" content=\"1920\" \/>\n\t<meta property=\"og:image:height\" content=\"1202\" \/>\n\t<meta property=\"og:image:type\" content=\"image\/jpeg\" \/>\n<meta name=\"author\" content=\"btorras\" \/>\n<meta name=\"twitter:card\" content=\"summary_large_image\" \/>\n<meta name=\"twitter:creator\" content=\"@ariasassessors\" \/>\n<meta name=\"twitter:site\" content=\"@ariasassessors\" \/>\n<meta name=\"twitter:label1\" content=\"Escrit per\" \/>\n\t<meta name=\"twitter:data1\" content=\"btorras\" \/>\n\t<meta name=\"twitter:label2\" content=\"Temps estimat de lectura\" \/>\n\t<meta name=\"twitter:data2\" content=\"3 minuts\" \/>\n<script type=\"application\/ld+json\" class=\"yoast-schema-graph\">{\"@context\":\"https:\/\/schema.org\",\"@graph\":[{\"@type\":\"Article\",\"@id\":\"https:\/\/www.ariasassessors.com\/ca\/precio-del-gasoil-y-gasolina\/#article\",\"isPartOf\":{\"@id\":\"https:\/\/www.ariasassessors.com\/ca\/precio-del-gasoil-y-gasolina\/\"},\"author\":{\"name\":\"btorras\",\"@id\":\"https:\/\/www.ariasassessors.com\/#\/schema\/person\/63c6ad1775f0a9413c37932562673cef\"},\"headline\":\"Es rebaixa el preu del gasoil i gasolina 0,20 euros per litre a partir del divendres 1 d&#8217;abril\",\"datePublished\":\"2022-04-04T08:08:14+00:00\",\"dateModified\":\"2022-04-04T09:03:56+00:00\",\"mainEntityOfPage\":{\"@id\":\"https:\/\/www.ariasassessors.com\/ca\/precio-del-gasoil-y-gasolina\/\"},\"wordCount\":544,\"commentCount\":0,\"publisher\":{\"@id\":\"https:\/\/www.ariasassessors.com\/#organization\"},\"image\":{\"@id\":\"https:\/\/www.ariasassessors.com\/ca\/precio-del-gasoil-y-gasolina\/#primaryimage\"},\"thumbnailUrl\":\"https:\/\/www.ariasassessors.com\/wp-content\/uploads\/2022\/04\/Arias_Blog_IMAGEN_DESTACADA-15.jpg\",\"articleSection\":[\"noticies\"],\"inLanguage\":\"ca\",\"potentialAction\":[{\"@type\":\"CommentAction\",\"name\":\"Comment\",\"target\":[\"https:\/\/www.ariasassessors.com\/ca\/precio-del-gasoil-y-gasolina\/#respond\"]}]},{\"@type\":\"WebPage\",\"@id\":\"https:\/\/www.ariasassessors.com\/ca\/precio-del-gasoil-y-gasolina\/\",\"url\":\"https:\/\/www.ariasassessors.com\/ca\/precio-del-gasoil-y-gasolina\/\",\"name\":\"Es rebaixa el preu del gasoil i gasolina 0,20 euros per litre a partir del divendres 1 d'abril | Arias Assessors\",\"isPartOf\":{\"@id\":\"https:\/\/www.ariasassessors.com\/#website\"},\"primaryImageOfPage\":{\"@id\":\"https:\/\/www.ariasassessors.com\/ca\/precio-del-gasoil-y-gasolina\/#primaryimage\"},\"image\":{\"@id\":\"https:\/\/www.ariasassessors.com\/ca\/precio-del-gasoil-y-gasolina\/#primaryimage\"},\"thumbnailUrl\":\"https:\/\/www.ariasassessors.com\/wp-content\/uploads\/2022\/04\/Arias_Blog_IMAGEN_DESTACADA-15.jpg\",\"datePublished\":\"2022-04-04T08:08:14+00:00\",\"dateModified\":\"2022-04-04T09:03:56+00:00\",\"description\":\"Aprobadas una serie de medidas relativas a la financiaci\u00f3n en la venta al p\u00fablico de gasolina y gasoil. Se aprueba una\u00a0bonificaci\u00f3n extraordinaria y temporal\u00a0en el\u00a0precio de venta al p\u00fablico\u00a0de determinados productos energ\u00e9ticos y aditivos\",\"breadcrumb\":{\"@id\":\"https:\/\/www.ariasassessors.com\/ca\/precio-del-gasoil-y-gasolina\/#breadcrumb\"},\"inLanguage\":\"ca\",\"potentialAction\":[{\"@type\":\"ReadAction\",\"target\":[\"https:\/\/www.ariasassessors.com\/ca\/precio-del-gasoil-y-gasolina\/\"]}]},{\"@type\":\"ImageObject\",\"inLanguage\":\"ca\",\"@id\":\"https:\/\/www.ariasassessors.com\/ca\/precio-del-gasoil-y-gasolina\/#primaryimage\",\"url\":\"https:\/\/www.ariasassessors.com\/wp-content\/uploads\/2022\/04\/Arias_Blog_IMAGEN_DESTACADA-15.jpg\",\"contentUrl\":\"https:\/\/www.ariasassessors.com\/wp-content\/uploads\/2022\/04\/Arias_Blog_IMAGEN_DESTACADA-15.jpg\",\"width\":1920,\"height\":1202,\"caption\":\"gasolina\"},{\"@type\":\"BreadcrumbList\",\"@id\":\"https:\/\/www.ariasassessors.com\/ca\/precio-del-gasoil-y-gasolina\/#breadcrumb\",\"itemListElement\":[{\"@type\":\"ListItem\",\"position\":1,\"name\":\"Portada\",\"item\":\"https:\/\/www.ariasassessors.com\/ca\/\"},{\"@type\":\"ListItem\",\"position\":2,\"name\":\"Es rebaixa el preu del gasoil i gasolina 0,20 euros per litre a partir del divendres 1 d&#8217;abril\"}]},{\"@type\":\"WebSite\",\"@id\":\"https:\/\/www.ariasassessors.com\/#website\",\"url\":\"https:\/\/www.ariasassessors.com\/\",\"name\":\"Arias Assessors\",\"description\":\"Asesor\u00eda para aut\u00f3nomos, profesionales y PYMES\",\"publisher\":{\"@id\":\"https:\/\/www.ariasassessors.com\/#organization\"},\"potentialAction\":[{\"@type\":\"SearchAction\",\"target\":{\"@type\":\"EntryPoint\",\"urlTemplate\":\"https:\/\/www.ariasassessors.com\/?s={search_term_string}\"},\"query-input\":{\"@type\":\"PropertyValueSpecification\",\"valueRequired\":true,\"valueName\":\"search_term_string\"}}],\"inLanguage\":\"ca\"},{\"@type\":\"Organization\",\"@id\":\"https:\/\/www.ariasassessors.com\/#organization\",\"name\":\"Arias Assessors\",\"url\":\"https:\/\/www.ariasassessors.com\/\",\"logo\":{\"@type\":\"ImageObject\",\"inLanguage\":\"ca\",\"@id\":\"https:\/\/www.ariasassessors.com\/#\/schema\/logo\/image\/\",\"url\":\"https:\/\/www.ariasassessors.com\/wp-content\/uploads\/2019\/01\/arias-logo.png\",\"contentUrl\":\"https:\/\/www.ariasassessors.com\/wp-content\/uploads\/2019\/01\/arias-logo.png\",\"width\":349,\"height\":254,\"caption\":\"Arias Assessors\"},\"image\":{\"@id\":\"https:\/\/www.ariasassessors.com\/#\/schema\/logo\/image\/\"},\"sameAs\":[\"https:\/\/www.facebook.com\/ariasassessors\/\",\"https:\/\/x.com\/ariasassessors\",\"https:\/\/www.linkedin.com\/company\/r&amp;amp;r-growing-knowledge\/\"]},{\"@type\":\"Person\",\"@id\":\"https:\/\/www.ariasassessors.com\/#\/schema\/person\/63c6ad1775f0a9413c37932562673cef\",\"name\":\"btorras\",\"image\":{\"@type\":\"ImageObject\",\"inLanguage\":\"ca\",\"@id\":\"https:\/\/www.ariasassessors.com\/#\/schema\/person\/image\/\",\"url\":\"https:\/\/secure.gravatar.com\/avatar\/0531db351fc361fdbfd204c58fa2d6a3?s=96&d=mm&r=g\",\"contentUrl\":\"https:\/\/secure.gravatar.com\/avatar\/0531db351fc361fdbfd204c58fa2d6a3?s=96&d=mm&r=g\",\"caption\":\"btorras\"}}]}<\/script>\n<!-- \/ Yoast SEO plugin. -->","yoast_head_json":{"title":"Es rebaixa el preu del gasoil i gasolina 0,20 euros per litre a partir del divendres 1 d'abril | Arias Assessors","description":"Aprobadas una serie de medidas relativas a la financiaci\u00f3n en la venta al p\u00fablico de gasolina y gasoil. Se aprueba una\u00a0bonificaci\u00f3n extraordinaria y temporal\u00a0en el\u00a0precio de venta al p\u00fablico\u00a0de determinados productos energ\u00e9ticos y aditivos","robots":{"index":"index","follow":"follow","max-snippet":"max-snippet:-1","max-image-preview":"max-image-preview:large","max-video-preview":"max-video-preview:-1"},"canonical":"https:\/\/www.ariasassessors.com\/ca\/precio-del-gasoil-y-gasolina\/","og_locale":"ca_ES","og_type":"article","og_title":"Es rebaixa el preu del gasoil i gasolina 0,20 euros per litre a partir del divendres 1 d'abril | Arias Assessors","og_description":"Aprobadas una serie de medidas relativas a la financiaci\u00f3n en la venta al p\u00fablico de gasolina y gasoil. Se aprueba una\u00a0bonificaci\u00f3n extraordinaria y temporal\u00a0en el\u00a0precio de venta al p\u00fablico\u00a0de determinados productos energ\u00e9ticos y aditivos","og_url":"https:\/\/www.ariasassessors.com\/ca\/precio-del-gasoil-y-gasolina\/","og_site_name":"Arias Assessors","article_publisher":"https:\/\/www.facebook.com\/ariasassessors\/","article_published_time":"2022-04-04T08:08:14+00:00","article_modified_time":"2022-04-04T09:03:56+00:00","og_image":[{"width":1920,"height":1202,"url":"https:\/\/www.ariasassessors.com\/wp-content\/uploads\/2022\/04\/Arias_Blog_IMAGEN_DESTACADA-15.jpg","type":"image\/jpeg"}],"author":"btorras","twitter_card":"summary_large_image","twitter_creator":"@ariasassessors","twitter_site":"@ariasassessors","twitter_misc":{"Escrit per":"btorras","Temps estimat de lectura":"3 minuts"},"schema":{"@context":"https:\/\/schema.org","@graph":[{"@type":"Article","@id":"https:\/\/www.ariasassessors.com\/ca\/precio-del-gasoil-y-gasolina\/#article","isPartOf":{"@id":"https:\/\/www.ariasassessors.com\/ca\/precio-del-gasoil-y-gasolina\/"},"author":{"name":"btorras","@id":"https:\/\/www.ariasassessors.com\/#\/schema\/person\/63c6ad1775f0a9413c37932562673cef"},"headline":"Es rebaixa el preu del gasoil i gasolina 0,20 euros per litre a partir del divendres 1 d&#8217;abril","datePublished":"2022-04-04T08:08:14+00:00","dateModified":"2022-04-04T09:03:56+00:00","mainEntityOfPage":{"@id":"https:\/\/www.ariasassessors.com\/ca\/precio-del-gasoil-y-gasolina\/"},"wordCount":544,"commentCount":0,"publisher":{"@id":"https:\/\/www.ariasassessors.com\/#organization"},"image":{"@id":"https:\/\/www.ariasassessors.com\/ca\/precio-del-gasoil-y-gasolina\/#primaryimage"},"thumbnailUrl":"https:\/\/www.ariasassessors.com\/wp-content\/uploads\/2022\/04\/Arias_Blog_IMAGEN_DESTACADA-15.jpg","articleSection":["noticies"],"inLanguage":"ca","potentialAction":[{"@type":"CommentAction","name":"Comment","target":["https:\/\/www.ariasassessors.com\/ca\/precio-del-gasoil-y-gasolina\/#respond"]}]},{"@type":"WebPage","@id":"https:\/\/www.ariasassessors.com\/ca\/precio-del-gasoil-y-gasolina\/","url":"https:\/\/www.ariasassessors.com\/ca\/precio-del-gasoil-y-gasolina\/","name":"Es rebaixa el preu del gasoil i gasolina 0,20 euros per litre a partir del divendres 1 d'abril | Arias Assessors","isPartOf":{"@id":"https:\/\/www.ariasassessors.com\/#website"},"primaryImageOfPage":{"@id":"https:\/\/www.ariasassessors.com\/ca\/precio-del-gasoil-y-gasolina\/#primaryimage"},"image":{"@id":"https:\/\/www.ariasassessors.com\/ca\/precio-del-gasoil-y-gasolina\/#primaryimage"},"thumbnailUrl":"https:\/\/www.ariasassessors.com\/wp-content\/uploads\/2022\/04\/Arias_Blog_IMAGEN_DESTACADA-15.jpg","datePublished":"2022-04-04T08:08:14+00:00","dateModified":"2022-04-04T09:03:56+00:00","description":"Aprobadas una serie de medidas relativas a la financiaci\u00f3n en la venta al p\u00fablico de gasolina y gasoil. Se aprueba una\u00a0bonificaci\u00f3n extraordinaria y temporal\u00a0en el\u00a0precio de venta al p\u00fablico\u00a0de determinados productos energ\u00e9ticos y aditivos","breadcrumb":{"@id":"https:\/\/www.ariasassessors.com\/ca\/precio-del-gasoil-y-gasolina\/#breadcrumb"},"inLanguage":"ca","potentialAction":[{"@type":"ReadAction","target":["https:\/\/www.ariasassessors.com\/ca\/precio-del-gasoil-y-gasolina\/"]}]},{"@type":"ImageObject","inLanguage":"ca","@id":"https:\/\/www.ariasassessors.com\/ca\/precio-del-gasoil-y-gasolina\/#primaryimage","url":"https:\/\/www.ariasassessors.com\/wp-content\/uploads\/2022\/04\/Arias_Blog_IMAGEN_DESTACADA-15.jpg","contentUrl":"https:\/\/www.ariasassessors.com\/wp-content\/uploads\/2022\/04\/Arias_Blog_IMAGEN_DESTACADA-15.jpg","width":1920,"height":1202,"caption":"gasolina"},{"@type":"BreadcrumbList","@id":"https:\/\/www.ariasassessors.com\/ca\/precio-del-gasoil-y-gasolina\/#breadcrumb","itemListElement":[{"@type":"ListItem","position":1,"name":"Portada","item":"https:\/\/www.ariasassessors.com\/ca\/"},{"@type":"ListItem","position":2,"name":"Es rebaixa el preu del gasoil i gasolina 0,20 euros per litre a partir del divendres 1 d&#8217;abril"}]},{"@type":"WebSite","@id":"https:\/\/www.ariasassessors.com\/#website","url":"https:\/\/www.ariasassessors.com\/","name":"Arias Assessors","description":"Asesor\u00eda para aut\u00f3nomos, profesionales y PYMES","publisher":{"@id":"https:\/\/www.ariasassessors.com\/#organization"},"potentialAction":[{"@type":"SearchAction","target":{"@type":"EntryPoint","urlTemplate":"https:\/\/www.ariasassessors.com\/?s={search_term_string}"},"query-input":{"@type":"PropertyValueSpecification","valueRequired":true,"valueName":"search_term_string"}}],"inLanguage":"ca"},{"@type":"Organization","@id":"https:\/\/www.ariasassessors.com\/#organization","name":"Arias Assessors","url":"https:\/\/www.ariasassessors.com\/","logo":{"@type":"ImageObject","inLanguage":"ca","@id":"https:\/\/www.ariasassessors.com\/#\/schema\/logo\/image\/","url":"https:\/\/www.ariasassessors.com\/wp-content\/uploads\/2019\/01\/arias-logo.png","contentUrl":"https:\/\/www.ariasassessors.com\/wp-content\/uploads\/2019\/01\/arias-logo.png","width":349,"height":254,"caption":"Arias Assessors"},"image":{"@id":"https:\/\/www.ariasassessors.com\/#\/schema\/logo\/image\/"},"sameAs":["https:\/\/www.facebook.com\/ariasassessors\/","https:\/\/x.com\/ariasassessors","https:\/\/www.linkedin.com\/company\/r&amp;amp;r-growing-knowledge\/"]},{"@type":"Person","@id":"https:\/\/www.ariasassessors.com\/#\/schema\/person\/63c6ad1775f0a9413c37932562673cef","name":"btorras","image":{"@type":"ImageObject","inLanguage":"ca","@id":"https:\/\/www.ariasassessors.com\/#\/schema\/person\/image\/","url":"https:\/\/secure.gravatar.com\/avatar\/0531db351fc361fdbfd204c58fa2d6a3?s=96&d=mm&r=g","contentUrl":"https:\/\/secure.gravatar.com\/avatar\/0531db351fc361fdbfd204c58fa2d6a3?s=96&d=mm&r=g","caption":"btorras"}}]}},"_links":{"self":[{"href":"https:\/\/www.ariasassessors.com\/ca\/wp-json\/wp\/v2\/posts\/1885","targetHints":{"allow":["GET"]}}],"collection":[{"href":"https:\/\/www.ariasassessors.com\/ca\/wp-json\/wp\/v2\/posts"}],"about":[{"href":"https:\/\/www.ariasassessors.com\/ca\/wp-json\/wp\/v2\/types\/post"}],"author":[{"embeddable":true,"href":"https:\/\/www.ariasassessors.com\/ca\/wp-json\/wp\/v2\/users\/2"}],"replies":[{"embeddable":true,"href":"https:\/\/www.ariasassessors.com\/ca\/wp-json\/wp\/v2\/comments?post=1885"}],"version-history":[{"count":7,"href":"https:\/\/www.ariasassessors.com\/ca\/wp-json\/wp\/v2\/posts\/1885\/revisions"}],"predecessor-version":[{"id":1898,"href":"https:\/\/www.ariasassessors.com\/ca\/wp-json\/wp\/v2\/posts\/1885\/revisions\/1898"}],"wp:featuredmedia":[{"embeddable":true,"href":"https:\/\/www.ariasassessors.com\/ca\/wp-json\/wp\/v2\/media\/1883"}],"wp:attachment":[{"href":"https:\/\/www.ariasassessors.com\/ca\/wp-json\/wp\/v2\/media?parent=1885"}],"wp:term":[{"taxonomy":"category","embeddable":true,"href":"https:\/\/www.ariasassessors.com\/ca\/wp-json\/wp\/v2\/categories?post=1885"},{"taxonomy":"post_tag","embeddable":true,"href":"https:\/\/www.ariasassessors.com\/ca\/wp-json\/wp\/v2\/tags?post=1885"}],"curies":[{"name":"wp","href":"https:\/\/api.w.org\/{rel}","templated":true}]}}