{"id":1912,"date":"2022-04-26T14:49:34","date_gmt":"2022-04-26T12:49:34","guid":{"rendered":"https:\/\/www.ariasassessors.com\/a-la-pension-de-viudedad\/"},"modified":"2022-04-26T15:05:05","modified_gmt":"2022-04-26T13:05:05","slug":"a-la-pensio-de-viuduitat","status":"publish","type":"post","link":"https:\/\/www.ariasassessors.com\/ca\/a-la-pensio-de-viuduitat\/","title":{"rendered":"El TS rectifica i exigeix el registre perqu\u00e8 les parelles de fet accedeixin a la pensi\u00f3 de vidu\u00eftat"},"content":{"rendered":"<p>La\u00a0STS\u00a0n\u00fam. <a href=\"https:\/\/www.iberley.es\/jurisprudencia\/sentencia-administrativo-n-372-2022-ts-sala-contencioso-sec-4-rec-3981-2020-24-03-2022-48411911\">n.\u00ba 372\/2022, de 24 de marzo, ECLI:ECLI:ES:TS:2022:1290<\/a>, canvia el criteri de nou sobre les parelles de fet i la pensi\u00f3 de vidu\u00eftat, aquesta resoluci\u00f3 versa sobre desestimaci\u00f3 del recurs de cassaci\u00f3 presentat per una v\u00eddua a la qual se li denega la pensi\u00f3 de vidu\u00eftat per no estar inscrita en el registre de parelles de fet.<\/p>\n<p><em>L&#8217;objecte del recurs de cassaci\u00f3 \u00e9s el de \u00ab(&#8230;)\u00a0precisar que la q\u00fcesti\u00f3 que gaudeix d&#8217;inter\u00e8s cassacional objectiu per a la formaci\u00f3 de jurisprud\u00e8ncia \u00e9s: si els requisits establerts en el par\u00e0graf quart del vigent article 38.4 del text ref\u00f3s de (<a href=\"https:\/\/www.iberley.es\/legislacion\/rdleg-670-1987-30-abr-tr-ley-clases-pasivas-estado-1259117\">Real Decreto Legislativo 670\/1987, de 30 de abril<\/a>),<\/em><\/p>\n<div class=\"traductor-textarea form-group\">\n<div class=\"textarea-desti col-xs-12 col-sm-6\">\n<div class=\"form-control second-textarea\">per a acreditar l&#8217;exist\u00e8ncia de la parella de fet, en llaures a generar un dret a la pensi\u00f3 de vidu\u00eftat s\u00f3n exclusivament els previstos en aquest precepte o si, per contra, \u00e9s possible acreditar la seva exist\u00e8ncia mitjan\u00e7ant altres mitjans diferents dels legalment previstos\u00bb.<\/div>\n<\/div>\n<\/div>\n<p>El Tribunal Suprem, torna al criteri de la <a href=\"https:\/\/www.iberley.es\/jurisprudencia\/sentencia-administrativo-n-608-2020-ts-sala-contencioso-sec-4-rec-6304-2017-28-05-2020-48133966\">sent\u00e8ncia de 28 de maig l&#8217;any 2020<\/a> i ha acordat pertinent exigir la inscripci\u00f3 de parelles de fet per a accedir a la pensi\u00f3 de vidu\u00eftat, la Sala Quarta rectifica la seva sent\u00e8ncia de el abril passat de l&#8217;<a href=\"https:\/\/www.iberley.es\/jurisprudencia\/sentencia-administrativo-n-480-2021-ts-sala-contencioso-sec-4-rec-2479-2019-07-04-2021-48350032\">abril (STS, n.\u00ba 480\/2021, de 7 d&#8217;abril, ECLI:ES:TS:2021:1283), <\/a>on assenyalava que qualsevol mitj\u00e0 en dret era v\u00e0lid per a justificar la conviv\u00e8ncia, aix\u00ed ho estableix en el\u00a0FJ\u00a0VUIT\u00c8: \u00abEn tal punt, considerem que ha de ser aplicada la doctrina general fixada en la sent\u00e8ncia de 28 de maig de 2020 (recurs de cassaci\u00f3 6304\/2017), segons la qual la prova de l&#8217;exist\u00e8ncia d&#8217;una parella de fet solament pot acreditar-se a l&#8217;efecte del reconeixement del dret a la pensi\u00f3 de vidu\u00eftat amb els mitjans assenyalats en el par\u00e0graf quart de l&#8217;article 38.4 del Reial decret legislatiu 670\/1987, \u00e9s a dir mitjan\u00e7ant la inscripci\u00f3 en un registre espec\u00edfic auton\u00f2mic o municipal del lloc de resid\u00e8ncia o mitjan\u00e7ant un document p\u00fablic i que tots dos han de ser anteriors, almenys, en dos anys a la defunci\u00f3 del causant\u00bb.<\/p>\n<p>Per tot l&#8217;anterior,\u00a0 la nova doctrina que sost\u00e9 l&#8217;Alt Tribunal \u00e9s\u00a0\u00ab<em>que la prova de l&#8217;exist\u00e8ncia d&#8217;una parella de fet solament pot acreditar-se a l&#8217;efecte del reconeixement del dret a la pensi\u00f3 de vidu\u00eftat mitjan\u00e7ant els mitjans assenyalats en el par\u00e0graf quart de l&#8217;article 38.4 del Reial decret legislatiu 670\/1987, \u00e9s a dir mitjan\u00e7ant la inscripci\u00f3 en un registre espec\u00edfic auton\u00f2mic o municipal del lloc de resid\u00e8ncia o mitjan\u00e7ant un document p\u00fablic i que tots dos han de ser anteriors, almenys, en dos anys a la defunci\u00f3 del causant\u00bb.<\/em><\/p>\n<p>Par qualsevol dubte o consulta pots contactar-nos <a href=\"https:\/\/www.ariasassessors.com\/contacto\/\">aqu\u00ed.<\/a><\/p>\n","protected":false},"excerpt":{"rendered":"<p>La\u00a0STS\u00a0n\u00fam. n.\u00ba 372\/2022, de 24 de marzo, ECLI:ECLI:ES:TS:2022:1290, canvia el criteri de nou sobre les parelles de fet i la pensi\u00f3 de vidu\u00eftat, aquesta resoluci\u00f3 versa sobre desestimaci\u00f3 del recurs de cassaci\u00f3 presentat per una v\u00eddua a la qual se li denega la pensi\u00f3 de&#8230;<\/p>\n","protected":false},"author":2,"featured_media":1910,"comment_status":"open","ping_status":"open","sticky":false,"template":"","format":"standard","meta":{"footnotes":""},"categories":[4],"tags":[],"class_list":["post-1912","post","type-post","status-publish","format-standard","has-post-thumbnail","hentry","category-noticies"],"yoast_head":"<!-- This site is optimized with the Yoast SEO plugin v24.3 - https:\/\/yoast.com\/wordpress\/plugins\/seo\/ -->\n<title>El TS rectifica i exigeix el registre perqu\u00e8 les parelles de fet accedeixin a la pensi\u00f3 de vidu\u00eftat | Arias Assessors<\/title>\n<meta name=\"description\" content=\"La\u00a0STS\u00a0canvia el criteri de nou sobre les parelles de fet i la pensi\u00f3 de vidu\u00eftat, aquesta resoluci\u00f3 versa sobre desestimaci\u00f3 del recurs de cassaci\u00f3.\" \/>\n<meta name=\"robots\" content=\"index, follow, max-snippet:-1, max-image-preview:large, max-video-preview:-1\" \/>\n<link rel=\"canonical\" href=\"https:\/\/www.ariasassessors.com\/ca\/a-la-pensio-de-viuduitat\/\" \/>\n<meta property=\"og:locale\" content=\"ca_ES\" \/>\n<meta property=\"og:type\" content=\"article\" \/>\n<meta property=\"og:title\" content=\"El TS rectifica i exigeix el registre perqu\u00e8 les parelles de fet accedeixin a la pensi\u00f3 de vidu\u00eftat | Arias Assessors\" \/>\n<meta property=\"og:description\" content=\"La\u00a0STS\u00a0canvia el criteri de nou sobre les parelles de fet i la pensi\u00f3 de vidu\u00eftat, aquesta resoluci\u00f3 versa sobre desestimaci\u00f3 del recurs de cassaci\u00f3.\" \/>\n<meta property=\"og:url\" content=\"https:\/\/www.ariasassessors.com\/ca\/a-la-pensio-de-viuduitat\/\" \/>\n<meta property=\"og:site_name\" content=\"Arias Assessors\" \/>\n<meta property=\"article:publisher\" content=\"https:\/\/www.facebook.com\/ariasassessors\/\" \/>\n<meta property=\"article:published_time\" content=\"2022-04-26T12:49:34+00:00\" \/>\n<meta property=\"article:modified_time\" content=\"2022-04-26T13:05:05+00:00\" \/>\n<meta property=\"og:image\" content=\"https:\/\/www.ariasassessors.com\/wp-content\/uploads\/2022\/04\/Arias_Blog_IMAGEN_DESTACADA-17.jpg\" \/>\n\t<meta property=\"og:image:width\" content=\"1920\" \/>\n\t<meta property=\"og:image:height\" content=\"1202\" \/>\n\t<meta property=\"og:image:type\" content=\"image\/jpeg\" \/>\n<meta name=\"author\" content=\"btorras\" \/>\n<meta name=\"twitter:card\" content=\"summary_large_image\" \/>\n<meta name=\"twitter:creator\" content=\"@ariasassessors\" \/>\n<meta name=\"twitter:site\" content=\"@ariasassessors\" \/>\n<meta name=\"twitter:label1\" content=\"Escrit per\" \/>\n\t<meta name=\"twitter:data1\" content=\"btorras\" \/>\n\t<meta name=\"twitter:label2\" content=\"Temps estimat de lectura\" \/>\n\t<meta name=\"twitter:data2\" content=\"2 minuts\" \/>\n<script type=\"application\/ld+json\" class=\"yoast-schema-graph\">{\"@context\":\"https:\/\/schema.org\",\"@graph\":[{\"@type\":\"Article\",\"@id\":\"https:\/\/www.ariasassessors.com\/ca\/a-la-pensio-de-viuduitat\/#article\",\"isPartOf\":{\"@id\":\"https:\/\/www.ariasassessors.com\/ca\/a-la-pensio-de-viuduitat\/\"},\"author\":{\"name\":\"btorras\",\"@id\":\"https:\/\/www.ariasassessors.com\/#\/schema\/person\/63c6ad1775f0a9413c37932562673cef\"},\"headline\":\"El TS rectifica i exigeix el registre perqu\u00e8 les parelles de fet accedeixin a la pensi\u00f3 de vidu\u00eftat\",\"datePublished\":\"2022-04-26T12:49:34+00:00\",\"dateModified\":\"2022-04-26T13:05:05+00:00\",\"mainEntityOfPage\":{\"@id\":\"https:\/\/www.ariasassessors.com\/ca\/a-la-pensio-de-viuduitat\/\"},\"wordCount\":476,\"commentCount\":0,\"publisher\":{\"@id\":\"https:\/\/www.ariasassessors.com\/#organization\"},\"image\":{\"@id\":\"https:\/\/www.ariasassessors.com\/ca\/a-la-pensio-de-viuduitat\/#primaryimage\"},\"thumbnailUrl\":\"https:\/\/www.ariasassessors.com\/wp-content\/uploads\/2022\/04\/Arias_Blog_IMAGEN_DESTACADA-17.jpg\",\"articleSection\":[\"noticies\"],\"inLanguage\":\"ca\",\"potentialAction\":[{\"@type\":\"CommentAction\",\"name\":\"Comment\",\"target\":[\"https:\/\/www.ariasassessors.com\/ca\/a-la-pensio-de-viuduitat\/#respond\"]}]},{\"@type\":\"WebPage\",\"@id\":\"https:\/\/www.ariasassessors.com\/ca\/a-la-pensio-de-viuduitat\/\",\"url\":\"https:\/\/www.ariasassessors.com\/ca\/a-la-pensio-de-viuduitat\/\",\"name\":\"El TS rectifica i exigeix el registre perqu\u00e8 les parelles de fet accedeixin a la pensi\u00f3 de vidu\u00eftat | Arias Assessors\",\"isPartOf\":{\"@id\":\"https:\/\/www.ariasassessors.com\/#website\"},\"primaryImageOfPage\":{\"@id\":\"https:\/\/www.ariasassessors.com\/ca\/a-la-pensio-de-viuduitat\/#primaryimage\"},\"image\":{\"@id\":\"https:\/\/www.ariasassessors.com\/ca\/a-la-pensio-de-viuduitat\/#primaryimage\"},\"thumbnailUrl\":\"https:\/\/www.ariasassessors.com\/wp-content\/uploads\/2022\/04\/Arias_Blog_IMAGEN_DESTACADA-17.jpg\",\"datePublished\":\"2022-04-26T12:49:34+00:00\",\"dateModified\":\"2022-04-26T13:05:05+00:00\",\"description\":\"La\u00a0STS\u00a0canvia el criteri de nou sobre les parelles de fet i la pensi\u00f3 de vidu\u00eftat, aquesta resoluci\u00f3 versa sobre desestimaci\u00f3 del recurs de cassaci\u00f3.\",\"breadcrumb\":{\"@id\":\"https:\/\/www.ariasassessors.com\/ca\/a-la-pensio-de-viuduitat\/#breadcrumb\"},\"inLanguage\":\"ca\",\"potentialAction\":[{\"@type\":\"ReadAction\",\"target\":[\"https:\/\/www.ariasassessors.com\/ca\/a-la-pensio-de-viuduitat\/\"]}]},{\"@type\":\"ImageObject\",\"inLanguage\":\"ca\",\"@id\":\"https:\/\/www.ariasassessors.com\/ca\/a-la-pensio-de-viuduitat\/#primaryimage\",\"url\":\"https:\/\/www.ariasassessors.com\/wp-content\/uploads\/2022\/04\/Arias_Blog_IMAGEN_DESTACADA-17.jpg\",\"contentUrl\":\"https:\/\/www.ariasassessors.com\/wp-content\/uploads\/2022\/04\/Arias_Blog_IMAGEN_DESTACADA-17.jpg\",\"width\":1920,\"height\":1202,\"caption\":\"pensi\u00f3 de vidu\u00eftat\"},{\"@type\":\"BreadcrumbList\",\"@id\":\"https:\/\/www.ariasassessors.com\/ca\/a-la-pensio-de-viuduitat\/#breadcrumb\",\"itemListElement\":[{\"@type\":\"ListItem\",\"position\":1,\"name\":\"Portada\",\"item\":\"https:\/\/www.ariasassessors.com\/ca\/\"},{\"@type\":\"ListItem\",\"position\":2,\"name\":\"El TS rectifica i exigeix el registre perqu\u00e8 les parelles de fet accedeixin a la pensi\u00f3 de vidu\u00eftat\"}]},{\"@type\":\"WebSite\",\"@id\":\"https:\/\/www.ariasassessors.com\/#website\",\"url\":\"https:\/\/www.ariasassessors.com\/\",\"name\":\"Arias Assessors\",\"description\":\"Asesor\u00eda para aut\u00f3nomos, profesionales y PYMES\",\"publisher\":{\"@id\":\"https:\/\/www.ariasassessors.com\/#organization\"},\"potentialAction\":[{\"@type\":\"SearchAction\",\"target\":{\"@type\":\"EntryPoint\",\"urlTemplate\":\"https:\/\/www.ariasassessors.com\/?s={search_term_string}\"},\"query-input\":{\"@type\":\"PropertyValueSpecification\",\"valueRequired\":true,\"valueName\":\"search_term_string\"}}],\"inLanguage\":\"ca\"},{\"@type\":\"Organization\",\"@id\":\"https:\/\/www.ariasassessors.com\/#organization\",\"name\":\"Arias Assessors\",\"url\":\"https:\/\/www.ariasassessors.com\/\",\"logo\":{\"@type\":\"ImageObject\",\"inLanguage\":\"ca\",\"@id\":\"https:\/\/www.ariasassessors.com\/#\/schema\/logo\/image\/\",\"url\":\"https:\/\/www.ariasassessors.com\/wp-content\/uploads\/2019\/01\/arias-logo.png\",\"contentUrl\":\"https:\/\/www.ariasassessors.com\/wp-content\/uploads\/2019\/01\/arias-logo.png\",\"width\":349,\"height\":254,\"caption\":\"Arias Assessors\"},\"image\":{\"@id\":\"https:\/\/www.ariasassessors.com\/#\/schema\/logo\/image\/\"},\"sameAs\":[\"https:\/\/www.facebook.com\/ariasassessors\/\",\"https:\/\/x.com\/ariasassessors\",\"https:\/\/www.linkedin.com\/company\/r&amp;amp;r-growing-knowledge\/\"]},{\"@type\":\"Person\",\"@id\":\"https:\/\/www.ariasassessors.com\/#\/schema\/person\/63c6ad1775f0a9413c37932562673cef\",\"name\":\"btorras\",\"image\":{\"@type\":\"ImageObject\",\"inLanguage\":\"ca\",\"@id\":\"https:\/\/www.ariasassessors.com\/#\/schema\/person\/image\/\",\"url\":\"https:\/\/secure.gravatar.com\/avatar\/0531db351fc361fdbfd204c58fa2d6a3?s=96&d=mm&r=g\",\"contentUrl\":\"https:\/\/secure.gravatar.com\/avatar\/0531db351fc361fdbfd204c58fa2d6a3?s=96&d=mm&r=g\",\"caption\":\"btorras\"}}]}<\/script>\n<!-- \/ Yoast SEO plugin. -->","yoast_head_json":{"title":"El TS rectifica i exigeix el registre perqu\u00e8 les parelles de fet accedeixin a la pensi\u00f3 de vidu\u00eftat | Arias Assessors","description":"La\u00a0STS\u00a0canvia el criteri de nou sobre les parelles de fet i la pensi\u00f3 de vidu\u00eftat, aquesta resoluci\u00f3 versa sobre desestimaci\u00f3 del recurs de cassaci\u00f3.","robots":{"index":"index","follow":"follow","max-snippet":"max-snippet:-1","max-image-preview":"max-image-preview:large","max-video-preview":"max-video-preview:-1"},"canonical":"https:\/\/www.ariasassessors.com\/ca\/a-la-pensio-de-viuduitat\/","og_locale":"ca_ES","og_type":"article","og_title":"El TS rectifica i exigeix el registre perqu\u00e8 les parelles de fet accedeixin a la pensi\u00f3 de vidu\u00eftat | Arias Assessors","og_description":"La\u00a0STS\u00a0canvia el criteri de nou sobre les parelles de fet i la pensi\u00f3 de vidu\u00eftat, aquesta resoluci\u00f3 versa sobre desestimaci\u00f3 del recurs de cassaci\u00f3.","og_url":"https:\/\/www.ariasassessors.com\/ca\/a-la-pensio-de-viuduitat\/","og_site_name":"Arias Assessors","article_publisher":"https:\/\/www.facebook.com\/ariasassessors\/","article_published_time":"2022-04-26T12:49:34+00:00","article_modified_time":"2022-04-26T13:05:05+00:00","og_image":[{"width":1920,"height":1202,"url":"https:\/\/www.ariasassessors.com\/wp-content\/uploads\/2022\/04\/Arias_Blog_IMAGEN_DESTACADA-17.jpg","type":"image\/jpeg"}],"author":"btorras","twitter_card":"summary_large_image","twitter_creator":"@ariasassessors","twitter_site":"@ariasassessors","twitter_misc":{"Escrit per":"btorras","Temps estimat de lectura":"2 minuts"},"schema":{"@context":"https:\/\/schema.org","@graph":[{"@type":"Article","@id":"https:\/\/www.ariasassessors.com\/ca\/a-la-pensio-de-viuduitat\/#article","isPartOf":{"@id":"https:\/\/www.ariasassessors.com\/ca\/a-la-pensio-de-viuduitat\/"},"author":{"name":"btorras","@id":"https:\/\/www.ariasassessors.com\/#\/schema\/person\/63c6ad1775f0a9413c37932562673cef"},"headline":"El TS rectifica i exigeix el registre perqu\u00e8 les parelles de fet accedeixin a la pensi\u00f3 de vidu\u00eftat","datePublished":"2022-04-26T12:49:34+00:00","dateModified":"2022-04-26T13:05:05+00:00","mainEntityOfPage":{"@id":"https:\/\/www.ariasassessors.com\/ca\/a-la-pensio-de-viuduitat\/"},"wordCount":476,"commentCount":0,"publisher":{"@id":"https:\/\/www.ariasassessors.com\/#organization"},"image":{"@id":"https:\/\/www.ariasassessors.com\/ca\/a-la-pensio-de-viuduitat\/#primaryimage"},"thumbnailUrl":"https:\/\/www.ariasassessors.com\/wp-content\/uploads\/2022\/04\/Arias_Blog_IMAGEN_DESTACADA-17.jpg","articleSection":["noticies"],"inLanguage":"ca","potentialAction":[{"@type":"CommentAction","name":"Comment","target":["https:\/\/www.ariasassessors.com\/ca\/a-la-pensio-de-viuduitat\/#respond"]}]},{"@type":"WebPage","@id":"https:\/\/www.ariasassessors.com\/ca\/a-la-pensio-de-viuduitat\/","url":"https:\/\/www.ariasassessors.com\/ca\/a-la-pensio-de-viuduitat\/","name":"El TS rectifica i exigeix el registre perqu\u00e8 les parelles de fet accedeixin a la pensi\u00f3 de vidu\u00eftat | Arias Assessors","isPartOf":{"@id":"https:\/\/www.ariasassessors.com\/#website"},"primaryImageOfPage":{"@id":"https:\/\/www.ariasassessors.com\/ca\/a-la-pensio-de-viuduitat\/#primaryimage"},"image":{"@id":"https:\/\/www.ariasassessors.com\/ca\/a-la-pensio-de-viuduitat\/#primaryimage"},"thumbnailUrl":"https:\/\/www.ariasassessors.com\/wp-content\/uploads\/2022\/04\/Arias_Blog_IMAGEN_DESTACADA-17.jpg","datePublished":"2022-04-26T12:49:34+00:00","dateModified":"2022-04-26T13:05:05+00:00","description":"La\u00a0STS\u00a0canvia el criteri de nou sobre les parelles de fet i la pensi\u00f3 de vidu\u00eftat, aquesta resoluci\u00f3 versa sobre desestimaci\u00f3 del recurs de cassaci\u00f3.","breadcrumb":{"@id":"https:\/\/www.ariasassessors.com\/ca\/a-la-pensio-de-viuduitat\/#breadcrumb"},"inLanguage":"ca","potentialAction":[{"@type":"ReadAction","target":["https:\/\/www.ariasassessors.com\/ca\/a-la-pensio-de-viuduitat\/"]}]},{"@type":"ImageObject","inLanguage":"ca","@id":"https:\/\/www.ariasassessors.com\/ca\/a-la-pensio-de-viuduitat\/#primaryimage","url":"https:\/\/www.ariasassessors.com\/wp-content\/uploads\/2022\/04\/Arias_Blog_IMAGEN_DESTACADA-17.jpg","contentUrl":"https:\/\/www.ariasassessors.com\/wp-content\/uploads\/2022\/04\/Arias_Blog_IMAGEN_DESTACADA-17.jpg","width":1920,"height":1202,"caption":"pensi\u00f3 de vidu\u00eftat"},{"@type":"BreadcrumbList","@id":"https:\/\/www.ariasassessors.com\/ca\/a-la-pensio-de-viuduitat\/#breadcrumb","itemListElement":[{"@type":"ListItem","position":1,"name":"Portada","item":"https:\/\/www.ariasassessors.com\/ca\/"},{"@type":"ListItem","position":2,"name":"El TS rectifica i exigeix el registre perqu\u00e8 les parelles de fet accedeixin a la pensi\u00f3 de vidu\u00eftat"}]},{"@type":"WebSite","@id":"https:\/\/www.ariasassessors.com\/#website","url":"https:\/\/www.ariasassessors.com\/","name":"Arias Assessors","description":"Asesor\u00eda para aut\u00f3nomos, profesionales y PYMES","publisher":{"@id":"https:\/\/www.ariasassessors.com\/#organization"},"potentialAction":[{"@type":"SearchAction","target":{"@type":"EntryPoint","urlTemplate":"https:\/\/www.ariasassessors.com\/?s={search_term_string}"},"query-input":{"@type":"PropertyValueSpecification","valueRequired":true,"valueName":"search_term_string"}}],"inLanguage":"ca"},{"@type":"Organization","@id":"https:\/\/www.ariasassessors.com\/#organization","name":"Arias Assessors","url":"https:\/\/www.ariasassessors.com\/","logo":{"@type":"ImageObject","inLanguage":"ca","@id":"https:\/\/www.ariasassessors.com\/#\/schema\/logo\/image\/","url":"https:\/\/www.ariasassessors.com\/wp-content\/uploads\/2019\/01\/arias-logo.png","contentUrl":"https:\/\/www.ariasassessors.com\/wp-content\/uploads\/2019\/01\/arias-logo.png","width":349,"height":254,"caption":"Arias Assessors"},"image":{"@id":"https:\/\/www.ariasassessors.com\/#\/schema\/logo\/image\/"},"sameAs":["https:\/\/www.facebook.com\/ariasassessors\/","https:\/\/x.com\/ariasassessors","https:\/\/www.linkedin.com\/company\/r&amp;amp;r-growing-knowledge\/"]},{"@type":"Person","@id":"https:\/\/www.ariasassessors.com\/#\/schema\/person\/63c6ad1775f0a9413c37932562673cef","name":"btorras","image":{"@type":"ImageObject","inLanguage":"ca","@id":"https:\/\/www.ariasassessors.com\/#\/schema\/person\/image\/","url":"https:\/\/secure.gravatar.com\/avatar\/0531db351fc361fdbfd204c58fa2d6a3?s=96&d=mm&r=g","contentUrl":"https:\/\/secure.gravatar.com\/avatar\/0531db351fc361fdbfd204c58fa2d6a3?s=96&d=mm&r=g","caption":"btorras"}}]}},"_links":{"self":[{"href":"https:\/\/www.ariasassessors.com\/ca\/wp-json\/wp\/v2\/posts\/1912","targetHints":{"allow":["GET"]}}],"collection":[{"href":"https:\/\/www.ariasassessors.com\/ca\/wp-json\/wp\/v2\/posts"}],"about":[{"href":"https:\/\/www.ariasassessors.com\/ca\/wp-json\/wp\/v2\/types\/post"}],"author":[{"embeddable":true,"href":"https:\/\/www.ariasassessors.com\/ca\/wp-json\/wp\/v2\/users\/2"}],"replies":[{"embeddable":true,"href":"https:\/\/www.ariasassessors.com\/ca\/wp-json\/wp\/v2\/comments?post=1912"}],"version-history":[{"count":2,"href":"https:\/\/www.ariasassessors.com\/ca\/wp-json\/wp\/v2\/posts\/1912\/revisions"}],"predecessor-version":[{"id":1914,"href":"https:\/\/www.ariasassessors.com\/ca\/wp-json\/wp\/v2\/posts\/1912\/revisions\/1914"}],"wp:featuredmedia":[{"embeddable":true,"href":"https:\/\/www.ariasassessors.com\/ca\/wp-json\/wp\/v2\/media\/1910"}],"wp:attachment":[{"href":"https:\/\/www.ariasassessors.com\/ca\/wp-json\/wp\/v2\/media?parent=1912"}],"wp:term":[{"taxonomy":"category","embeddable":true,"href":"https:\/\/www.ariasassessors.com\/ca\/wp-json\/wp\/v2\/categories?post=1912"},{"taxonomy":"post_tag","embeddable":true,"href":"https:\/\/www.ariasassessors.com\/ca\/wp-json\/wp\/v2\/tags?post=1912"}],"curies":[{"name":"wp","href":"https:\/\/api.w.org\/{rel}","templated":true}]}}