{"id":1916,"date":"2022-05-05T09:42:09","date_gmt":"2022-05-05T07:42:09","guid":{"rendered":"https:\/\/www.ariasassessors.com\/?p=1916"},"modified":"2022-05-05T09:53:43","modified_gmt":"2022-05-05T07:53:43","slug":"tributacio-dels-ajuts-a-treballador-autonom","status":"publish","type":"post","link":"https:\/\/www.ariasassessors.com\/ca\/tributacio-dels-ajuts-a-treballador-autonom\/","title":{"rendered":"Aclariment de l\u2019Ag\u00e8ncia Tribut\u00e0ria de Catalunya en relaci\u00f3 amb la tributaci\u00f3 dels ajuts al treballador aut\u00f2nom en la renda 2021"},"content":{"rendered":"<p>El treballador aut\u00f2nom que han rebut l\u2019any 2021 un ajut en forma de prestaci\u00f3 econ\u00f2mica \u00fanica prevista en el <a href=\"https:\/\/dogc.gencat.cat\/ca\/document-del-dogc\/?documentId=871223\">Decret llei 7\/2020, de 17 de mar\u00e7<\/a>, o un ajut previst en el\u00a0<a href=\"https:\/\/dogc.gencat.cat\/ca\/document-del-dogc\/?documentId=885582\">Decret llei 39\/2020, de 3 de novembre<\/a>, l\u2019han de declarar en l\u2019autoliquidaci\u00f3 de l\u2019impost sobre la renda de les persones f\u00edsiques d\u2019enguany, d\u2019acord amb els criteris seg\u00fcents:<\/p>\n<p>\u2013 En cas de ser treballador aut\u00f2nom d\u2019una microempresa i d\u2019haver rebut l\u2019ajut per un import fix de 2.000 euros previst en el Decret llei 39\/2020, de 3 de novembre, i en atenci\u00f3 a la convocat\u00f2ria efectuada mitjan\u00e7ant l\u2019Ordre TSF\/32\/2021, de 5 de febrer, per la qual s\u2019obre el tr\u00e0mit d&#8217;inscripci\u00f3 pr\u00e8via dels ajuts extraordinaris per al manteniment de l&#8217;activitat econ\u00f2mica enfront de la COVID-19 per a persones treballadores aut\u00f2nomes individuals o persones treballadores aut\u00f2nomes que formin part d&#8217;una microempresa, <strong>cal declarar aquest ajut en la mateixa categoria de rendiments que els rendiments ordinaris que es perceben de la microempresa<\/strong>. Per tant, cal declarar l\u2019ajut com a rendiment de l\u2019activitat econ\u00f2mica si els rendiments ordinaris provinents de l\u2019empresa tenen aquest car\u00e0cter; i, de la mateixa manera, cal declarar-lo com a rendiment del treball si aquesta \u00e9s la categoria dels rendiments que es perceben de l\u2019empresa.<\/p>\n<p>\u2013 En la resta de casos, cal declarar l\u2019ajut com a rendiment de l\u2019activitat econ\u00f2mica, sense que escaigui l\u2019aplicaci\u00f3 de cap exempci\u00f3.<\/p>\n<p>Per m\u00e9s informaci\u00f3, ens pots contactar amb nosaltres a trav\u00e9s de la nostra <a href=\"https:\/\/www.ariasassessors.com\/contacto\/\">p\u00e0gina de contacte.\u00a0<\/a><\/p>\n","protected":false},"excerpt":{"rendered":"<p>El treballador aut\u00f2nom que han rebut l\u2019any 2021 un ajut en forma de prestaci\u00f3 econ\u00f2mica \u00fanica prevista en el Decret llei 7\/2020, de 17 de mar\u00e7, o un ajut previst en el\u00a0Decret llei 39\/2020, de 3 de novembre, l\u2019han de declarar en l\u2019autoliquidaci\u00f3 de l\u2019impost&#8230;<\/p>\n","protected":false},"author":2,"featured_media":1917,"comment_status":"open","ping_status":"open","sticky":false,"template":"","format":"standard","meta":{"footnotes":""},"categories":[4],"tags":[],"class_list":["post-1916","post","type-post","status-publish","format-standard","has-post-thumbnail","hentry","category-noticies"],"yoast_head":"<!-- This site is optimized with the Yoast SEO plugin v24.3 - https:\/\/yoast.com\/wordpress\/plugins\/seo\/ -->\n<title>Aclariment de l\u2019Ag\u00e8ncia Tribut\u00e0ria de Catalunya en relaci\u00f3 amb la tributaci\u00f3 dels ajuts al treballador aut\u00f2nom en la renda 2021 | Arias Assessors<\/title>\n<meta name=\"description\" content=\"El treballador aut\u00f2nom que han rebut l\u2019any 2021 un ajut en forma de prestaci\u00f3 econ\u00f2mica \u00fanica, l\u2019han de declarar.\" \/>\n<meta name=\"robots\" content=\"index, follow, max-snippet:-1, max-image-preview:large, max-video-preview:-1\" \/>\n<link rel=\"canonical\" href=\"https:\/\/www.ariasassessors.com\/ca\/tributacio-dels-ajuts-a-treballador-autonom\/\" \/>\n<meta property=\"og:locale\" content=\"ca_ES\" \/>\n<meta property=\"og:type\" content=\"article\" \/>\n<meta property=\"og:title\" content=\"Aclariment de l\u2019Ag\u00e8ncia Tribut\u00e0ria de Catalunya en relaci\u00f3 amb la tributaci\u00f3 dels ajuts al treballador aut\u00f2nom en la renda 2021 | Arias Assessors\" \/>\n<meta property=\"og:description\" content=\"El treballador aut\u00f2nom que han rebut l\u2019any 2021 un ajut en forma de prestaci\u00f3 econ\u00f2mica \u00fanica, l\u2019han de declarar.\" \/>\n<meta property=\"og:url\" content=\"https:\/\/www.ariasassessors.com\/ca\/tributacio-dels-ajuts-a-treballador-autonom\/\" \/>\n<meta property=\"og:site_name\" content=\"Arias Assessors\" \/>\n<meta property=\"article:publisher\" content=\"https:\/\/www.facebook.com\/ariasassessors\/\" \/>\n<meta property=\"article:published_time\" content=\"2022-05-05T07:42:09+00:00\" \/>\n<meta property=\"article:modified_time\" content=\"2022-05-05T07:53:43+00:00\" \/>\n<meta property=\"og:image\" content=\"https:\/\/www.ariasassessors.com\/wp-content\/uploads\/2022\/05\/Arias_Blog_IMAGEN_DESTACADA-18.jpg\" \/>\n\t<meta property=\"og:image:width\" content=\"1920\" \/>\n\t<meta property=\"og:image:height\" content=\"1202\" \/>\n\t<meta property=\"og:image:type\" content=\"image\/jpeg\" \/>\n<meta name=\"author\" content=\"btorras\" \/>\n<meta name=\"twitter:card\" content=\"summary_large_image\" \/>\n<meta name=\"twitter:creator\" content=\"@ariasassessors\" \/>\n<meta name=\"twitter:site\" content=\"@ariasassessors\" \/>\n<meta name=\"twitter:label1\" content=\"Escrit per\" \/>\n\t<meta name=\"twitter:data1\" content=\"btorras\" \/>\n\t<meta name=\"twitter:label2\" content=\"Temps estimat de lectura\" \/>\n\t<meta name=\"twitter:data2\" content=\"2 minuts\" \/>\n<script type=\"application\/ld+json\" class=\"yoast-schema-graph\">{\"@context\":\"https:\/\/schema.org\",\"@graph\":[{\"@type\":\"Article\",\"@id\":\"https:\/\/www.ariasassessors.com\/ca\/tributacio-dels-ajuts-a-treballador-autonom\/#article\",\"isPartOf\":{\"@id\":\"https:\/\/www.ariasassessors.com\/ca\/tributacio-dels-ajuts-a-treballador-autonom\/\"},\"author\":{\"name\":\"btorras\",\"@id\":\"https:\/\/www.ariasassessors.com\/#\/schema\/person\/63c6ad1775f0a9413c37932562673cef\"},\"headline\":\"Aclariment de l\u2019Ag\u00e8ncia Tribut\u00e0ria de Catalunya en relaci\u00f3 amb la tributaci\u00f3 dels ajuts al treballador aut\u00f2nom en la renda 2021\",\"datePublished\":\"2022-05-05T07:42:09+00:00\",\"dateModified\":\"2022-05-05T07:53:43+00:00\",\"mainEntityOfPage\":{\"@id\":\"https:\/\/www.ariasassessors.com\/ca\/tributacio-dels-ajuts-a-treballador-autonom\/\"},\"wordCount\":290,\"commentCount\":0,\"publisher\":{\"@id\":\"https:\/\/www.ariasassessors.com\/#organization\"},\"image\":{\"@id\":\"https:\/\/www.ariasassessors.com\/ca\/tributacio-dels-ajuts-a-treballador-autonom\/#primaryimage\"},\"thumbnailUrl\":\"https:\/\/www.ariasassessors.com\/wp-content\/uploads\/2022\/05\/Arias_Blog_IMAGEN_DESTACADA-18.jpg\",\"articleSection\":[\"noticies\"],\"inLanguage\":\"ca\",\"potentialAction\":[{\"@type\":\"CommentAction\",\"name\":\"Comment\",\"target\":[\"https:\/\/www.ariasassessors.com\/ca\/tributacio-dels-ajuts-a-treballador-autonom\/#respond\"]}]},{\"@type\":\"WebPage\",\"@id\":\"https:\/\/www.ariasassessors.com\/ca\/tributacio-dels-ajuts-a-treballador-autonom\/\",\"url\":\"https:\/\/www.ariasassessors.com\/ca\/tributacio-dels-ajuts-a-treballador-autonom\/\",\"name\":\"Aclariment de l\u2019Ag\u00e8ncia Tribut\u00e0ria de Catalunya en relaci\u00f3 amb la tributaci\u00f3 dels ajuts al treballador aut\u00f2nom en la renda 2021 | Arias Assessors\",\"isPartOf\":{\"@id\":\"https:\/\/www.ariasassessors.com\/#website\"},\"primaryImageOfPage\":{\"@id\":\"https:\/\/www.ariasassessors.com\/ca\/tributacio-dels-ajuts-a-treballador-autonom\/#primaryimage\"},\"image\":{\"@id\":\"https:\/\/www.ariasassessors.com\/ca\/tributacio-dels-ajuts-a-treballador-autonom\/#primaryimage\"},\"thumbnailUrl\":\"https:\/\/www.ariasassessors.com\/wp-content\/uploads\/2022\/05\/Arias_Blog_IMAGEN_DESTACADA-18.jpg\",\"datePublished\":\"2022-05-05T07:42:09+00:00\",\"dateModified\":\"2022-05-05T07:53:43+00:00\",\"description\":\"El treballador aut\u00f2nom que han rebut l\u2019any 2021 un ajut en forma de prestaci\u00f3 econ\u00f2mica \u00fanica, l\u2019han de declarar.\",\"breadcrumb\":{\"@id\":\"https:\/\/www.ariasassessors.com\/ca\/tributacio-dels-ajuts-a-treballador-autonom\/#breadcrumb\"},\"inLanguage\":\"ca\",\"potentialAction\":[{\"@type\":\"ReadAction\",\"target\":[\"https:\/\/www.ariasassessors.com\/ca\/tributacio-dels-ajuts-a-treballador-autonom\/\"]}]},{\"@type\":\"ImageObject\",\"inLanguage\":\"ca\",\"@id\":\"https:\/\/www.ariasassessors.com\/ca\/tributacio-dels-ajuts-a-treballador-autonom\/#primaryimage\",\"url\":\"https:\/\/www.ariasassessors.com\/wp-content\/uploads\/2022\/05\/Arias_Blog_IMAGEN_DESTACADA-18.jpg\",\"contentUrl\":\"https:\/\/www.ariasassessors.com\/wp-content\/uploads\/2022\/05\/Arias_Blog_IMAGEN_DESTACADA-18.jpg\",\"width\":1920,\"height\":1202,\"caption\":\"aut\u00f2nom\"},{\"@type\":\"BreadcrumbList\",\"@id\":\"https:\/\/www.ariasassessors.com\/ca\/tributacio-dels-ajuts-a-treballador-autonom\/#breadcrumb\",\"itemListElement\":[{\"@type\":\"ListItem\",\"position\":1,\"name\":\"Portada\",\"item\":\"https:\/\/www.ariasassessors.com\/ca\/\"},{\"@type\":\"ListItem\",\"position\":2,\"name\":\"Aclariment de l\u2019Ag\u00e8ncia Tribut\u00e0ria de Catalunya en relaci\u00f3 amb la tributaci\u00f3 dels ajuts al treballador aut\u00f2nom en la renda 2021\"}]},{\"@type\":\"WebSite\",\"@id\":\"https:\/\/www.ariasassessors.com\/#website\",\"url\":\"https:\/\/www.ariasassessors.com\/\",\"name\":\"Arias Assessors\",\"description\":\"Asesor\u00eda para aut\u00f3nomos, profesionales y PYMES\",\"publisher\":{\"@id\":\"https:\/\/www.ariasassessors.com\/#organization\"},\"potentialAction\":[{\"@type\":\"SearchAction\",\"target\":{\"@type\":\"EntryPoint\",\"urlTemplate\":\"https:\/\/www.ariasassessors.com\/?s={search_term_string}\"},\"query-input\":{\"@type\":\"PropertyValueSpecification\",\"valueRequired\":true,\"valueName\":\"search_term_string\"}}],\"inLanguage\":\"ca\"},{\"@type\":\"Organization\",\"@id\":\"https:\/\/www.ariasassessors.com\/#organization\",\"name\":\"Arias Assessors\",\"url\":\"https:\/\/www.ariasassessors.com\/\",\"logo\":{\"@type\":\"ImageObject\",\"inLanguage\":\"ca\",\"@id\":\"https:\/\/www.ariasassessors.com\/#\/schema\/logo\/image\/\",\"url\":\"https:\/\/www.ariasassessors.com\/wp-content\/uploads\/2019\/01\/arias-logo.png\",\"contentUrl\":\"https:\/\/www.ariasassessors.com\/wp-content\/uploads\/2019\/01\/arias-logo.png\",\"width\":349,\"height\":254,\"caption\":\"Arias Assessors\"},\"image\":{\"@id\":\"https:\/\/www.ariasassessors.com\/#\/schema\/logo\/image\/\"},\"sameAs\":[\"https:\/\/www.facebook.com\/ariasassessors\/\",\"https:\/\/x.com\/ariasassessors\",\"https:\/\/www.linkedin.com\/company\/r&amp;amp;r-growing-knowledge\/\"]},{\"@type\":\"Person\",\"@id\":\"https:\/\/www.ariasassessors.com\/#\/schema\/person\/63c6ad1775f0a9413c37932562673cef\",\"name\":\"btorras\",\"image\":{\"@type\":\"ImageObject\",\"inLanguage\":\"ca\",\"@id\":\"https:\/\/www.ariasassessors.com\/#\/schema\/person\/image\/\",\"url\":\"https:\/\/secure.gravatar.com\/avatar\/0531db351fc361fdbfd204c58fa2d6a3?s=96&d=mm&r=g\",\"contentUrl\":\"https:\/\/secure.gravatar.com\/avatar\/0531db351fc361fdbfd204c58fa2d6a3?s=96&d=mm&r=g\",\"caption\":\"btorras\"}}]}<\/script>\n<!-- \/ Yoast SEO plugin. -->","yoast_head_json":{"title":"Aclariment de l\u2019Ag\u00e8ncia Tribut\u00e0ria de Catalunya en relaci\u00f3 amb la tributaci\u00f3 dels ajuts al treballador aut\u00f2nom en la renda 2021 | Arias Assessors","description":"El treballador aut\u00f2nom que han rebut l\u2019any 2021 un ajut en forma de prestaci\u00f3 econ\u00f2mica \u00fanica, l\u2019han de declarar.","robots":{"index":"index","follow":"follow","max-snippet":"max-snippet:-1","max-image-preview":"max-image-preview:large","max-video-preview":"max-video-preview:-1"},"canonical":"https:\/\/www.ariasassessors.com\/ca\/tributacio-dels-ajuts-a-treballador-autonom\/","og_locale":"ca_ES","og_type":"article","og_title":"Aclariment de l\u2019Ag\u00e8ncia Tribut\u00e0ria de Catalunya en relaci\u00f3 amb la tributaci\u00f3 dels ajuts al treballador aut\u00f2nom en la renda 2021 | Arias Assessors","og_description":"El treballador aut\u00f2nom que han rebut l\u2019any 2021 un ajut en forma de prestaci\u00f3 econ\u00f2mica \u00fanica, l\u2019han de declarar.","og_url":"https:\/\/www.ariasassessors.com\/ca\/tributacio-dels-ajuts-a-treballador-autonom\/","og_site_name":"Arias Assessors","article_publisher":"https:\/\/www.facebook.com\/ariasassessors\/","article_published_time":"2022-05-05T07:42:09+00:00","article_modified_time":"2022-05-05T07:53:43+00:00","og_image":[{"width":1920,"height":1202,"url":"https:\/\/www.ariasassessors.com\/wp-content\/uploads\/2022\/05\/Arias_Blog_IMAGEN_DESTACADA-18.jpg","type":"image\/jpeg"}],"author":"btorras","twitter_card":"summary_large_image","twitter_creator":"@ariasassessors","twitter_site":"@ariasassessors","twitter_misc":{"Escrit per":"btorras","Temps estimat de lectura":"2 minuts"},"schema":{"@context":"https:\/\/schema.org","@graph":[{"@type":"Article","@id":"https:\/\/www.ariasassessors.com\/ca\/tributacio-dels-ajuts-a-treballador-autonom\/#article","isPartOf":{"@id":"https:\/\/www.ariasassessors.com\/ca\/tributacio-dels-ajuts-a-treballador-autonom\/"},"author":{"name":"btorras","@id":"https:\/\/www.ariasassessors.com\/#\/schema\/person\/63c6ad1775f0a9413c37932562673cef"},"headline":"Aclariment de l\u2019Ag\u00e8ncia Tribut\u00e0ria de Catalunya en relaci\u00f3 amb la tributaci\u00f3 dels ajuts al treballador aut\u00f2nom en la renda 2021","datePublished":"2022-05-05T07:42:09+00:00","dateModified":"2022-05-05T07:53:43+00:00","mainEntityOfPage":{"@id":"https:\/\/www.ariasassessors.com\/ca\/tributacio-dels-ajuts-a-treballador-autonom\/"},"wordCount":290,"commentCount":0,"publisher":{"@id":"https:\/\/www.ariasassessors.com\/#organization"},"image":{"@id":"https:\/\/www.ariasassessors.com\/ca\/tributacio-dels-ajuts-a-treballador-autonom\/#primaryimage"},"thumbnailUrl":"https:\/\/www.ariasassessors.com\/wp-content\/uploads\/2022\/05\/Arias_Blog_IMAGEN_DESTACADA-18.jpg","articleSection":["noticies"],"inLanguage":"ca","potentialAction":[{"@type":"CommentAction","name":"Comment","target":["https:\/\/www.ariasassessors.com\/ca\/tributacio-dels-ajuts-a-treballador-autonom\/#respond"]}]},{"@type":"WebPage","@id":"https:\/\/www.ariasassessors.com\/ca\/tributacio-dels-ajuts-a-treballador-autonom\/","url":"https:\/\/www.ariasassessors.com\/ca\/tributacio-dels-ajuts-a-treballador-autonom\/","name":"Aclariment de l\u2019Ag\u00e8ncia Tribut\u00e0ria de Catalunya en relaci\u00f3 amb la tributaci\u00f3 dels ajuts al treballador aut\u00f2nom en la renda 2021 | Arias Assessors","isPartOf":{"@id":"https:\/\/www.ariasassessors.com\/#website"},"primaryImageOfPage":{"@id":"https:\/\/www.ariasassessors.com\/ca\/tributacio-dels-ajuts-a-treballador-autonom\/#primaryimage"},"image":{"@id":"https:\/\/www.ariasassessors.com\/ca\/tributacio-dels-ajuts-a-treballador-autonom\/#primaryimage"},"thumbnailUrl":"https:\/\/www.ariasassessors.com\/wp-content\/uploads\/2022\/05\/Arias_Blog_IMAGEN_DESTACADA-18.jpg","datePublished":"2022-05-05T07:42:09+00:00","dateModified":"2022-05-05T07:53:43+00:00","description":"El treballador aut\u00f2nom que han rebut l\u2019any 2021 un ajut en forma de prestaci\u00f3 econ\u00f2mica \u00fanica, l\u2019han de declarar.","breadcrumb":{"@id":"https:\/\/www.ariasassessors.com\/ca\/tributacio-dels-ajuts-a-treballador-autonom\/#breadcrumb"},"inLanguage":"ca","potentialAction":[{"@type":"ReadAction","target":["https:\/\/www.ariasassessors.com\/ca\/tributacio-dels-ajuts-a-treballador-autonom\/"]}]},{"@type":"ImageObject","inLanguage":"ca","@id":"https:\/\/www.ariasassessors.com\/ca\/tributacio-dels-ajuts-a-treballador-autonom\/#primaryimage","url":"https:\/\/www.ariasassessors.com\/wp-content\/uploads\/2022\/05\/Arias_Blog_IMAGEN_DESTACADA-18.jpg","contentUrl":"https:\/\/www.ariasassessors.com\/wp-content\/uploads\/2022\/05\/Arias_Blog_IMAGEN_DESTACADA-18.jpg","width":1920,"height":1202,"caption":"aut\u00f2nom"},{"@type":"BreadcrumbList","@id":"https:\/\/www.ariasassessors.com\/ca\/tributacio-dels-ajuts-a-treballador-autonom\/#breadcrumb","itemListElement":[{"@type":"ListItem","position":1,"name":"Portada","item":"https:\/\/www.ariasassessors.com\/ca\/"},{"@type":"ListItem","position":2,"name":"Aclariment de l\u2019Ag\u00e8ncia Tribut\u00e0ria de Catalunya en relaci\u00f3 amb la tributaci\u00f3 dels ajuts al treballador aut\u00f2nom en la renda 2021"}]},{"@type":"WebSite","@id":"https:\/\/www.ariasassessors.com\/#website","url":"https:\/\/www.ariasassessors.com\/","name":"Arias Assessors","description":"Asesor\u00eda para aut\u00f3nomos, profesionales y PYMES","publisher":{"@id":"https:\/\/www.ariasassessors.com\/#organization"},"potentialAction":[{"@type":"SearchAction","target":{"@type":"EntryPoint","urlTemplate":"https:\/\/www.ariasassessors.com\/?s={search_term_string}"},"query-input":{"@type":"PropertyValueSpecification","valueRequired":true,"valueName":"search_term_string"}}],"inLanguage":"ca"},{"@type":"Organization","@id":"https:\/\/www.ariasassessors.com\/#organization","name":"Arias Assessors","url":"https:\/\/www.ariasassessors.com\/","logo":{"@type":"ImageObject","inLanguage":"ca","@id":"https:\/\/www.ariasassessors.com\/#\/schema\/logo\/image\/","url":"https:\/\/www.ariasassessors.com\/wp-content\/uploads\/2019\/01\/arias-logo.png","contentUrl":"https:\/\/www.ariasassessors.com\/wp-content\/uploads\/2019\/01\/arias-logo.png","width":349,"height":254,"caption":"Arias Assessors"},"image":{"@id":"https:\/\/www.ariasassessors.com\/#\/schema\/logo\/image\/"},"sameAs":["https:\/\/www.facebook.com\/ariasassessors\/","https:\/\/x.com\/ariasassessors","https:\/\/www.linkedin.com\/company\/r&amp;amp;r-growing-knowledge\/"]},{"@type":"Person","@id":"https:\/\/www.ariasassessors.com\/#\/schema\/person\/63c6ad1775f0a9413c37932562673cef","name":"btorras","image":{"@type":"ImageObject","inLanguage":"ca","@id":"https:\/\/www.ariasassessors.com\/#\/schema\/person\/image\/","url":"https:\/\/secure.gravatar.com\/avatar\/0531db351fc361fdbfd204c58fa2d6a3?s=96&d=mm&r=g","contentUrl":"https:\/\/secure.gravatar.com\/avatar\/0531db351fc361fdbfd204c58fa2d6a3?s=96&d=mm&r=g","caption":"btorras"}}]}},"_links":{"self":[{"href":"https:\/\/www.ariasassessors.com\/ca\/wp-json\/wp\/v2\/posts\/1916","targetHints":{"allow":["GET"]}}],"collection":[{"href":"https:\/\/www.ariasassessors.com\/ca\/wp-json\/wp\/v2\/posts"}],"about":[{"href":"https:\/\/www.ariasassessors.com\/ca\/wp-json\/wp\/v2\/types\/post"}],"author":[{"embeddable":true,"href":"https:\/\/www.ariasassessors.com\/ca\/wp-json\/wp\/v2\/users\/2"}],"replies":[{"embeddable":true,"href":"https:\/\/www.ariasassessors.com\/ca\/wp-json\/wp\/v2\/comments?post=1916"}],"version-history":[{"count":2,"href":"https:\/\/www.ariasassessors.com\/ca\/wp-json\/wp\/v2\/posts\/1916\/revisions"}],"predecessor-version":[{"id":1923,"href":"https:\/\/www.ariasassessors.com\/ca\/wp-json\/wp\/v2\/posts\/1916\/revisions\/1923"}],"wp:featuredmedia":[{"embeddable":true,"href":"https:\/\/www.ariasassessors.com\/ca\/wp-json\/wp\/v2\/media\/1917"}],"wp:attachment":[{"href":"https:\/\/www.ariasassessors.com\/ca\/wp-json\/wp\/v2\/media?parent=1916"}],"wp:term":[{"taxonomy":"category","embeddable":true,"href":"https:\/\/www.ariasassessors.com\/ca\/wp-json\/wp\/v2\/categories?post=1916"},{"taxonomy":"post_tag","embeddable":true,"href":"https:\/\/www.ariasassessors.com\/ca\/wp-json\/wp\/v2\/tags?post=1916"}],"curies":[{"name":"wp","href":"https:\/\/api.w.org\/{rel}","templated":true}]}}