{"id":1928,"date":"2022-05-10T10:16:09","date_gmt":"2022-05-10T08:16:09","guid":{"rendered":"https:\/\/www.ariasassessors.com\/gastos-deducirse-autonomos-renta\/"},"modified":"2022-05-10T11:07:54","modified_gmt":"2022-05-10T09:07:54","slug":"despeses-deduir-autonoms-renta","status":"publish","type":"post","link":"https:\/\/www.ariasassessors.com\/ca\/despeses-deduir-autonoms-renta\/","title":{"rendered":"Despeses m\u00e9s habituals que poden deduir-se els aut\u00f2noms en l&#8217;Impost sobre la Renda de les Persones F\u00edsiques"},"content":{"rendered":"<p>De m\u00e0 de\u00a0Iberley, portal d&#8217;informaci\u00f3 jur\u00eddica, els fem arribar aquest interessant article sobre les principals despeses que poden deduir els treballadors aut\u00f2noms amb activitat econ\u00f2mica:<\/p>\n<p>En l&#8217;exercici de la seva activitat, els aut\u00f2noms incorren en m\u00faltiples despeses (subministraments, Seguretat Social, salaris, quotes col\u00b7legials&#8230;). Bona part d&#8217;ells podran ser objecte de deducci\u00f3 en l&#8217;IRPF, previ compliment d&#8217;una s\u00e8rie de requisits, d&#8217;aqu\u00ed la import\u00e0ncia que l&#8217;aut\u00f2nom tingui clar quines despeses poden ser objecte de deducci\u00f3 i en quines condicions.<\/p>\n<div id=\"ez-toc-container\" class=\"ez-toc-v2_0_72 counter-hierarchy ez-toc-counter ez-toc-grey ez-toc-container-direction\">\n<div class=\"ez-toc-title-container\">\n<p class=\"ez-toc-title\" style=\"cursor:inherit\">\u00cdndice de Contenidos<\/p>\n<span class=\"ez-toc-title-toggle\"><a href=\"#\" class=\"ez-toc-pull-right ez-toc-btn ez-toc-btn-xs ez-toc-btn-default ez-toc-toggle\" aria-label=\"Toggle Table of Content\"><span class=\"ez-toc-js-icon-con\"><span class=\"\"><span class=\"eztoc-hide\" style=\"display:none;\">Toggle<\/span><span class=\"ez-toc-icon-toggle-span\"><svg style=\"fill: #428bca;color:#428bca\" xmlns=\"http:\/\/www.w3.org\/2000\/svg\" class=\"list-377408\" width=\"20px\" height=\"20px\" viewBox=\"0 0 24 24\" fill=\"none\"><path d=\"M6 6H4v2h2V6zm14 0H8v2h12V6zM4 11h2v2H4v-2zm16 0H8v2h12v-2zM4 16h2v2H4v-2zm16 0H8v2h12v-2z\" fill=\"currentColor\"><\/path><\/svg><svg style=\"fill: #428bca;color:#428bca\" class=\"arrow-unsorted-368013\" xmlns=\"http:\/\/www.w3.org\/2000\/svg\" width=\"10px\" height=\"10px\" viewBox=\"0 0 24 24\" version=\"1.2\" baseProfile=\"tiny\"><path d=\"M18.2 9.3l-6.2-6.3-6.2 6.3c-.2.2-.3.4-.3.7s.1.5.3.7c.2.2.4.3.7.3h11c.3 0 .5-.1.7-.3.2-.2.3-.5.3-.7s-.1-.5-.3-.7zM5.8 14.7l6.2 6.3 6.2-6.3c.2-.2.3-.5.3-.7s-.1-.5-.3-.7c-.2-.2-.4-.3-.7-.3h-11c-.3 0-.5.1-.7.3-.2.2-.3.5-.3.7s.1.5.3.7z\"\/><\/svg><\/span><\/span><\/span><\/a><\/span><\/div>\n<nav><ul class='ez-toc-list ez-toc-list-level-1 eztoc-toggle-hide-by-default' ><li class='ez-toc-page-1 ez-toc-heading-level-2'><a class=\"ez-toc-link ez-toc-heading-1\" href=\"https:\/\/www.ariasassessors.com\/ca\/despeses-deduir-autonoms-renta\/#Requisits_generals_per_a_la_deduccio_duna_despesa\" title=\"Requisits generals per a la deducci\u00f3 d&#8217;una despesa\">Requisits generals per a la deducci\u00f3 d&#8217;una despesa<\/a><\/li><li class='ez-toc-page-1 ez-toc-heading-level-2'><a class=\"ez-toc-link ez-toc-heading-2\" href=\"https:\/\/www.ariasassessors.com\/ca\/despeses-deduir-autonoms-renta\/#Despeses_que_pot_deduir-se_un_autonom\" title=\"Despeses que pot deduir-se un aut\u00f2nom\">Despeses que pot deduir-se un aut\u00f2nom<\/a><ul class='ez-toc-list-level-3' ><li class='ez-toc-heading-level-3'><a class=\"ez-toc-link ez-toc-heading-3\" href=\"https:\/\/www.ariasassessors.com\/ca\/despeses-deduir-autonoms-renta\/#_a_Consums_dexplotacio\" title=\"\u00a0 \u00a0 a. Consums d&#8217;explotaci\u00f3\">\u00a0 \u00a0 a. Consums d&#8217;explotaci\u00f3<\/a><\/li><li class='ez-toc-page-1 ez-toc-heading-level-3'><a class=\"ez-toc-link ez-toc-heading-4\" href=\"https:\/\/www.ariasassessors.com\/ca\/despeses-deduir-autonoms-renta\/#_b_Sous_i_salaris_aixi_com_altres_despeses_del_personal\" title=\"\u00a0 \u00a0 b. Sous i salaris, aix\u00ed com altres despeses del personal\">\u00a0 \u00a0 b. Sous i salaris, aix\u00ed com altres despeses del personal<\/a><\/li><li class='ez-toc-page-1 ez-toc-heading-level-3'><a class=\"ez-toc-link ez-toc-heading-5\" href=\"https:\/\/www.ariasassessors.com\/ca\/despeses-deduir-autonoms-renta\/#_c_Seguretat_Social\" title=\"\u00a0 \u00a0 c. Seguretat Social\">\u00a0 \u00a0 c. Seguretat Social<\/a><\/li><li class='ez-toc-page-1 ez-toc-heading-level-3'><a class=\"ez-toc-link ez-toc-heading-6\" href=\"https:\/\/www.ariasassessors.com\/ca\/despeses-deduir-autonoms-renta\/#_d_Arrendaments_i_canons\" title=\"\u00a0 \u00a0 d. Arrendaments i c\u00e0nons\">\u00a0 \u00a0 d. Arrendaments i c\u00e0nons<\/a><\/li><li class='ez-toc-page-1 ez-toc-heading-level-3'><a class=\"ez-toc-link ez-toc-heading-7\" href=\"https:\/\/www.ariasassessors.com\/ca\/despeses-deduir-autonoms-renta\/#_eReparacions_i_conservacio\" title=\"\u00a0 \u00a0 e.Reparacions i conservaci\u00f3\">\u00a0 \u00a0 e.Reparacions i conservaci\u00f3<\/a><\/li><li class='ez-toc-page-1 ez-toc-heading-level-3'><a class=\"ez-toc-link ez-toc-heading-8\" href=\"https:\/\/www.ariasassessors.com\/ca\/despeses-deduir-autonoms-renta\/#_f_Serveis_de_professionals_independents\" title=\"\u00a0 \u00a0 f. Serveis de professionals independents\">\u00a0 \u00a0 f. Serveis de professionals independents<\/a><\/li><li class='ez-toc-page-1 ez-toc-heading-level-3'><a class=\"ez-toc-link ez-toc-heading-9\" href=\"https:\/\/www.ariasassessors.com\/ca\/despeses-deduir-autonoms-renta\/#_g_Tributs_fiscalment_deduibles\" title=\"\u00a0 \u00a0 g. Tributs fiscalment dedu\u00efbles\">\u00a0 \u00a0 g. Tributs fiscalment dedu\u00efbles<\/a><\/li><li class='ez-toc-page-1 ez-toc-heading-level-3'><a class=\"ez-toc-link ez-toc-heading-10\" href=\"https:\/\/www.ariasassessors.com\/ca\/despeses-deduir-autonoms-renta\/#_h_Despeses_financeres\" title=\"\u00a0 \u00a0 h. Despeses financeres\">\u00a0 \u00a0 h. Despeses financeres<\/a><\/li><li class='ez-toc-page-1 ez-toc-heading-level-3'><a class=\"ez-toc-link ez-toc-heading-11\" href=\"https:\/\/www.ariasassessors.com\/ca\/despeses-deduir-autonoms-renta\/#_i_Amortitzacions_dels_bens\" title=\"\u00a0 \u00a0 i. Amortitzacions dels b\u00e9ns\">\u00a0 \u00a0 i. Amortitzacions dels b\u00e9ns<\/a><\/li><li class='ez-toc-page-1 ez-toc-heading-level-3'><a class=\"ez-toc-link ez-toc-heading-12\" href=\"https:\/\/www.ariasassessors.com\/ca\/despeses-deduir-autonoms-renta\/#_j_Provisions_i_altres_despeses\" title=\"\u00a0 \u00a0 j. Provisions i altres despeses\">\u00a0 \u00a0 j. Provisions i altres despeses<\/a><\/li><li class='ez-toc-page-1 ez-toc-heading-level-3'><a class=\"ez-toc-link ez-toc-heading-13\" href=\"https:\/\/www.ariasassessors.com\/ca\/despeses-deduir-autonoms-renta\/#_k_Incentius_al_mecenatge\" title=\"\u00a0 \u00a0 k. Incentius al mecenatge\">\u00a0 \u00a0 k. Incentius al mecenatge<\/a><\/li><li class='ez-toc-page-1 ez-toc-heading-level-3'><a class=\"ez-toc-link ez-toc-heading-14\" href=\"https:\/\/www.ariasassessors.com\/ca\/despeses-deduir-autonoms-renta\/#_l_Perdues_per_deterioracio_del_valor_dels_elements_patrimonials\" title=\"\u00a0 \u00a0 l. P\u00e8rdues per deterioraci\u00f3 del valor dels elements patrimonials\">\u00a0 \u00a0 l. P\u00e8rdues per deterioraci\u00f3 del valor dels elements patrimonials<\/a><\/li><li class='ez-toc-page-1 ez-toc-heading-level-3'><a class=\"ez-toc-link ez-toc-heading-15\" href=\"https:\/\/www.ariasassessors.com\/ca\/despeses-deduir-autonoms-renta\/#_m_Assegurances_de_malaltia\" title=\"\u00a0 \u00a0 m. Assegurances de malaltia\">\u00a0 \u00a0 m. Assegurances de malaltia<\/a><\/li><li class='ez-toc-page-1 ez-toc-heading-level-3'><a class=\"ez-toc-link ez-toc-heading-16\" href=\"https:\/\/www.ariasassessors.com\/ca\/despeses-deduir-autonoms-renta\/#_n_Altres_conceptes_fiscalment_deduibles\" title=\"\u00a0 \u00a0 n. Altres conceptes fiscalment dedu\u00efbles\">\u00a0 \u00a0 n. Altres conceptes fiscalment dedu\u00efbles<\/a><\/li><\/ul><\/li><\/ul><\/nav><\/div>\n<h2><span class=\"ez-toc-section\" id=\"Requisits_generals_per_a_la_deduccio_duna_despesa\"><\/span>Requisits generals per a la deducci\u00f3 d&#8217;una despesa<span class=\"ez-toc-section-end\"><\/span><\/h2>\n<p>Abans d&#8217;entrar en l&#8217;enumeraci\u00f3 d&#8217;algunes d&#8217;aquestes despeses desgravables, no obstant aix\u00f2, hem de partir dels <strong>requisits generals que han de conc\u00f3rrer perqu\u00e8 una despesa sigui dedu\u00efble.<\/strong> I, \u00e9s que,\u00a0perqu\u00e8 un <a href=\"https:\/\/www.ariasassessors.com\/tributacion-de-las-ayudas-al-trabajador-autonomo\/\">aut\u00f3nom pugui deduirse una despesa<\/a> \u00a0\u00e9s necessari que aquesta despesa,\u00a0<strong>a m\u00e9s d&#8217;haver-se reportat<\/strong>, compleixi amb les seg\u00fcents condicions:<\/p>\n<ul>\n<li>Que<strong> estigui afecte o vinculat a l&#8217;activitat econ\u00f2mica<\/strong>; aix\u00f2 \u00e9s, que resulti acreditat que s&#8217;ha ocasionat en l&#8217;exercici de l&#8217;activitat.<\/li>\n<li>Que <strong>estigui degudament registrat en la comptabilitat<\/strong> de l&#8217;aut\u00f2nom, excepte les excepcions previstes legalment.<\/li>\n<li>Que<strong>\u00a0consti fefaentment documentat<\/strong>\u00a0a trav\u00e9s d&#8217;una factura, que en principi ha de ser completa, ja que l&#8217;Ag\u00e8ncia tribut\u00e0ria per regla general no sol admetre la deducci\u00f3 de despeses justificades a trav\u00e9s de tiquets o de factures simplificades en les quals no figurin les dades identificatives del destinatari de l&#8217;operaci\u00f3.<\/li>\n<\/ul>\n<h2><span class=\"ez-toc-section\" id=\"Despeses_que_pot_deduir-se_un_autonom\"><\/span>Despeses que pot deduir-se un aut\u00f2nom<span class=\"ez-toc-section-end\"><\/span><\/h2>\n<p>Vists aquests requisits generals, a continuaci\u00f3, ens referirem a les\u00a0<strong>principals despeses que un aut\u00f2nom pot deduir-se en l&#8217;Impost sobre la Renda<\/strong>, tant en estimaci\u00f3 directa normal com simplificada. Inclourem les despeses m\u00e9s freq\u00fcents, que no generen major controv\u00e8rsia i que la seva\u00a0deducibilidad\u00a0no sol plantejar dificultats:<\/p>\n<h3><span class=\"ez-toc-section\" id=\"_a_Consums_dexplotacio\"><\/span><strong>\u00a0 \u00a0 a. Consums d&#8217;explotaci\u00f3<\/strong><span class=\"ez-toc-section-end\"><\/span><\/h3>\n<p>L&#8217;aut\u00f2nom podr\u00e0 deduir-se els consums d&#8217;explotaci\u00f3, que comprenen, entre altres elements, les compres de mercaderies, mat\u00e8ries primeres i auxiliars, combustibles, envasos, embalatges, aix\u00ed com qualsevol altra adquisici\u00f3 corrent de b\u00e9ns efectuada a tercers.<\/p>\n<h3><span class=\"ez-toc-section\" id=\"_b_Sous_i_salaris_aixi_com_altres_despeses_del_personal\"><\/span><strong>\u00a0 \u00a0 b. Sous i salaris, aix\u00ed com altres despeses del personal<\/strong><span class=\"ez-toc-section-end\"><\/span><\/h3>\n<p>Seran dedu\u00efbles les<strong>\u00a0remuneracions fixes i eventuals realitzades al personal<\/strong>\u00a0de l&#8217;empresa, la qual cosa inclou, entre altres, els seg\u00fcents conceptes:\u00a0sous, pagues extraordin\u00e0ries, dietes i assignacions per a despeses de viatge, retribucions en esp\u00e8cie, premis i indemnitzacions.<\/p>\n<p>Aix\u00ed mateix, tamb\u00e9 podran ser objecte de deducci\u00f3\u00a0<strong>altres despeses del personal<\/strong>, com serien els de formaci\u00f3, assegurances d&#8217;accidents, obsequis o plans de pensions.<\/p>\n<h3><span class=\"ez-toc-section\" id=\"_c_Seguretat_Social\"><\/span><strong>\u00a0 \u00a0 c. Seguretat Social<\/strong><span class=\"ez-toc-section-end\"><\/span><\/h3>\n<p>La Seguretat Social a c\u00e0rrec de l&#8217;empresa tamb\u00e9 constitueix una despesa dedu\u00efble en l&#8217;IRPF de l&#8217;aut\u00f2nom:<strong>\u00a0tant les cotitzacions corresponents al titular de l&#8217;explotaci\u00f3 com les corresponents als seus empleats.<\/strong><\/p>\n<p>En el cas particular de les\u00a0<strong>aportacions a mutualitats de previsi\u00f3 social, s\u00f3n dedu\u00efbles aquelles que cobreixin les mateixes conting\u00e8ncies que el RETA<\/strong>\u00a0(R\u00e8gim Especial de Treballadors Aut\u00f2noms), amb el l\u00edmit de la quota m\u00e0xima per conting\u00e8ncies comunes establerta en aquest r\u00e8gim especial de la Seguretat Social.<\/p>\n<h3><span class=\"ez-toc-section\" id=\"_d_Arrendaments_i_canons\"><\/span><strong>\u00a0 \u00a0 d. Arrendaments i c\u00e0nons<\/strong><span class=\"ez-toc-section-end\"><\/span><\/h3>\n<p>En aquest \u00e0mbit, els aut\u00f2noms podran deduir-se, per exemple,\u00a0els lloguers de b\u00e9ns mobles o immobles, les quotes d&#8217;arrendament financer que no tinguin per objecte terrenys o un altre actiu no amortitzable, les quantitats satisfetes per l&#8217;\u00fas de patents o marques, etc.<\/p>\n<h3><span class=\"ez-toc-section\" id=\"_eReparacions_i_conservacio\"><\/span><strong>\u00a0 \u00a0 e.Reparacions i conservaci\u00f3<\/strong><span class=\"ez-toc-section-end\"><\/span><\/h3>\n<p>L&#8217;aut\u00f2nom tamb\u00e9 podr\u00e0 deduir-se les despeses de reparacions i conservaci\u00f3 necessaris per al manteniment i\/o adaptaci\u00f3 dels b\u00e9ns materials precisos per al desenvolupament de l&#8217;activitat,<strong>\u00a0sempre que no impliquin una ampliaci\u00f3 o millora.<\/strong><\/p>\n<h3><span class=\"ez-toc-section\" id=\"_f_Serveis_de_professionals_independents\"><\/span><strong>\u00a0 \u00a0 f. Serveis de professionals independents<\/strong><span class=\"ez-toc-section-end\"><\/span><\/h3>\n<p>Seran aix\u00ed mateix dedu\u00efbles els<strong>\u00a0imports satisfets a diferents professionals que hagin prestat serveis a l&#8217;aut\u00f2nom en el marc de la seva activitat<\/strong> (per exemple, advocats, economistes, auditors o inform\u00e0tics); aix\u00ed com les despeses derivades d<strong>&#8216;altres serveis externs que pugui contractar<\/strong>, com a transports, despeses per atenci\u00f3 a clients o serveis bancaris.<\/p>\n<h3><span class=\"ez-toc-section\" id=\"_g_Tributs_fiscalment_deduibles\"><\/span><strong>\u00a0 \u00a0 g. Tributs fiscalment dedu\u00efbles<\/strong><span class=\"ez-toc-section-end\"><\/span><\/h3>\n<p>Seran fiscalment dedu\u00efbles per a l&#8217;aut\u00f2nom les quantitats abonades en<strong>\u00a0impostos com l&#8217;IBI o l&#8217;IAE<\/strong>, altres tributs i rec\u00e0rrecs no estatals, aix\u00ed com taxes, rec\u00e0rrecs i contribucions estatals no repercutibles legalment, sempre que incideixin sobre els rendiments computats o els b\u00e9ns que els produeixen i no tinguin car\u00e0cter sancionador. Per part seva,\u00a0<strong>l&#8217;IVA suportat \u00fanicament podr\u00e0 deduir-se en l&#8217;IRPF quan no sigui desgravable a trav\u00e9s de la corresponent declaraci\u00f3 de l&#8217;<a href=\"https:\/\/www.iberley.es\/legislacion\/ley-37-1992-28-diciembre-impuesto-sobre-valor-anadido-1298236\">IVA<\/a>.<\/strong><\/p>\n<p>Ara b\u00e9,<strong>\u00a0no serien dedu\u00efbles les sancions, els rec\u00e0rrecs de constrenyiment ni els rec\u00e0rrecs per presentar fora de termini<\/strong>\u00a0declaracions o autoliquidacions.<\/p>\n<h3><span class=\"ez-toc-section\" id=\"_h_Despeses_financeres\"><\/span><strong>\u00a0 \u00a0 h. Despeses financeres<\/strong><span class=\"ez-toc-section-end\"><\/span><\/h3>\n<p>Com a despeses financeres, els aut\u00f2noms podran deduir-se els<strong>\u00a0derivats de la utilitzaci\u00f3 de recursos financers de tercers per al finan\u00e7ament de les activitats de l&#8217;empresa o dels seus elements d&#8217;actiu.<\/strong> Seria el cas, per exemple, dels interessos derivats de pr\u00e9stecs, de les despeses per descompte d&#8217;efectes comercials o dels rec\u00e0rrecs i interessos de demora per ajornament de pagament de deutes.\u00a0Ara b\u00e9, existeixen uns certs\u00a0<strong>l\u00edmits<\/strong> a la\u00a0deducibilidad\u00a0de les despeses financeres, en els termes que estableix l&#8217;article 16.1 de la \u00a0<a href=\"https:\/\/www.iberley.es\/legislacion\/ley-27-2014-27-noviembre-impuesto-sobre-sociedades-16746991\">LIS<\/a>.<\/p>\n<h3><span class=\"ez-toc-section\" id=\"_i_Amortitzacions_dels_bens\"><\/span><strong>\u00a0 \u00a0 i. Amortitzacions dels b\u00e9ns<\/strong><span class=\"ez-toc-section-end\"><\/span><\/h3>\n<p>Tamb\u00e9 seran despesa dedu\u00efble les quantitats comptabilitzades que, en concepte d&#8217;<strong>amortitzaci\u00f3 de l&#8217;immobilitzat material, intangible i de les inversions immobili\u00e0ries corresponguin a la depreciaci\u00f3 efectiva que sofreixin els diferents elements per funcionament, \u00fas, gaudi o obsolesc\u00e8ncia.<\/strong><\/p>\n<h3><span class=\"ez-toc-section\" id=\"_j_Provisions_i_altres_despeses\"><\/span><strong>\u00a0 \u00a0 j. Provisions i altres despeses<\/strong><span class=\"ez-toc-section-end\"><\/span><\/h3>\n<p>Seran dedu\u00efbles<strong> les\u00a0contribucions per a la cobertura de conting\u00e8ncies an\u00e0logues a les dels plans de pensions<\/strong>, sempre que es compleixin unes certes condicions, aix\u00ed com<\/p>\n<ul>\n<li><strong>\u00a0Determinades despeses corresponents a actuacions mediambientals<\/strong><\/li>\n<li><strong>Despeses de personal que es corresponguin amb pagaments basats en instruments de patrimoni<\/strong>, utilitzats com a f\u00f3rmula de retribuci\u00f3 als empleats.<\/li>\n<li><strong>Despeses inherents a els riscos derivats de garanties de reparaci\u00f3 i revisi\u00f3<\/strong>, que seran dedu\u00efbles fins a un cert import.<\/li>\n<\/ul>\n<p>En aquest punt, cal destacar que, en cas d&#8217;aplicaci\u00f3 del r\u00e8gim d&#8217;estimaci\u00f3 directa simplificada, el conjunt de les provisions dedu\u00efbles i les despeses de dif\u00edcil justificaci\u00f3 es quantificaran exclusivament aplicant el percentatge de el 5 per cent sobre el rendiment net. L&#8217;import m\u00e0xim dedu\u00efble per aquest concepte ser\u00e0 de 2.000 euros anuals. No obstant aix\u00f2, no resultar\u00e0 d&#8217;aplicaci\u00f3 aquest percentatge de deducci\u00f3 quan el contribuent opti per l&#8217;aplicaci\u00f3 de la reducci\u00f3 per l&#8217;exercici de determinades activitats econ\u00f2miques.<\/p>\n<h3><span class=\"ez-toc-section\" id=\"_k_Incentius_al_mecenatge\"><\/span><strong>\u00a0 \u00a0 k. Incentius al mecenatge<\/strong><span class=\"ez-toc-section-end\"><\/span><\/h3>\n<p>Seran dedu\u00efbles les despeses o quantitats satisfetes a conseq\u00fc\u00e8ncia de convenis de col\u00b7laboraci\u00f3 empresarial en activitats d&#8217;inter\u00e8s general celebrats amb les entitats previstes en la\u00a0Llei 49\/2002, de 23 de desembre, de r\u00e8gim fiscal de les entitats sense fins lucratius i dels incentius fiscals al mecenatge; aix\u00ed com les despeses realitzades per als fins d&#8217;inter\u00e8s general que enumera l&#8217;article 3.1\u00b0 d&#8217;aquesta Llei (per exemple, els de recerca cient\u00edfica o cooperaci\u00f3 per al desenvolupament).<\/p>\n<h3><span class=\"ez-toc-section\" id=\"_l_Perdues_per_deterioracio_del_valor_dels_elements_patrimonials\"><\/span><strong>\u00a0 \u00a0 l. P\u00e8rdues per deterioraci\u00f3 del valor dels elements patrimonials<\/strong><span class=\"ez-toc-section-end\"><\/span><\/h3>\n<p>Aix\u00ed mateix, seran fiscalment dedu\u00efbles per als aut\u00f2noms, amb els<strong>\u00a0l\u00edmits i exclusions que s&#8217;estableixen per a l&#8217;Impost de societats<\/strong>, les<strong>\u00a0p\u00e8rdues per deterioraci\u00f3 dels cr\u00e8dits derivades de possibles insolv\u00e8ncies dels deutors<\/strong>\u00a0(per exemple, quan en el moment de la meritaci\u00f3 hagi transcorregut un termini de sis mesos des del venciment de l&#8217;obligaci\u00f3 o el deutor hagi estat declarat en concurs).<\/p>\n<p>En particular, no seria possible la deducci\u00f3 de les despeses que s&#8217;exclouen en l&#8217;article 13 de la <a href=\"https:\/\/www.iberley.es\/legislacion\/ley-27-2014-27-noviembre-impuesto-sobre-sociedades-16746991\">LIS<\/a>, com serien els corresponents a cr\u00e8dits deguts per entitats de dret p\u00fablic, excepte que siguin objecte d&#8217;un procediment arbitral o judicial que versi sobre la seva exist\u00e8ncia o quantia; a cr\u00e8dits deguts per persones o entitats vinculades, tret que estiguin en situaci\u00f3 de concurs i s&#8217;hagi produ\u00eft l&#8217;obertura de la fase de liquidaci\u00f3 pel jutge; o a estimacions globals del risc d&#8217;insolv\u00e8ncies de clients i deutors.<\/p>\n<h3><span class=\"ez-toc-section\" id=\"_m_Assegurances_de_malaltia\"><\/span><strong>\u00a0 \u00a0 m. Assegurances de malaltia<\/strong><span class=\"ez-toc-section-end\"><\/span><\/h3>\n<p>Les\u00a0<strong>primes d&#8217;asseguran\u00e7a de malaltia satisfetes pel contribuent en la part corresponent a la seva pr\u00f2pia cobertura i a la del seu c\u00f2njuge i fills menors de 25 anys que convisquin amb ell<\/strong>\u00a0tamb\u00e9 seran dedu\u00efbles en l&#8217;IRPF amb el l\u00edmit de 500 euros per cadascuna de les esmentades persones o de 1.500 per cadascuna d&#8217;elles amb discapacitat.<\/p>\n<h3><span class=\"ez-toc-section\" id=\"_n_Altres_conceptes_fiscalment_deduibles\"><\/span><strong>\u00a0 \u00a0 n. Altres conceptes fiscalment dedu\u00efbles<\/strong><span class=\"ez-toc-section-end\"><\/span><\/h3>\n<p>Seran igualment dedu\u00efbles altres despeses com els d&#8217;assist\u00e8ncia a cursos o confer\u00e8ncies, subscripci\u00f3 a revistes professionals o quotes satisfetes a corporacions (per exemple, les quotes de col\u00b7legis professionals, que es podran deduir en els casos en qu\u00e8 la col\u00b7legiaci\u00f3 sigui obligat\u00f2ria i \u00fanicament en la part que correspongui als fins essencials d&#8217;aquesta instituci\u00f3, amb el l\u00edmit m\u00e0xim anual de 500 euros).<\/p>\n","protected":false},"excerpt":{"rendered":"<p>De m\u00e0 de\u00a0Iberley, portal d&#8217;informaci\u00f3 jur\u00eddica, els fem arribar aquest interessant article sobre les principals despeses que poden deduir els treballadors aut\u00f2noms amb activitat econ\u00f2mica: En l&#8217;exercici de la seva activitat, els aut\u00f2noms incorren en m\u00faltiples despeses (subministraments, Seguretat Social, salaris, quotes col\u00b7legials&#8230;). Bona part&#8230;<\/p>\n","protected":false},"author":2,"featured_media":1926,"comment_status":"open","ping_status":"open","sticky":false,"template":"","format":"standard","meta":{"footnotes":""},"categories":[4],"tags":[],"class_list":["post-1928","post","type-post","status-publish","format-standard","has-post-thumbnail","hentry","category-noticies"],"yoast_head":"<!-- This site is optimized with the Yoast SEO plugin v24.3 - https:\/\/yoast.com\/wordpress\/plugins\/seo\/ -->\n<title>Despeses m\u00e9s habituals que poden deduir-se els aut\u00f2noms en l&#039;Impost sobre la Renda de les Persones F\u00edsiques | Arias Assessors<\/title>\n<meta name=\"description\" content=\"La import\u00e0ncia que l&#039;aut\u00f2nom tingui clar quines despeses poden ser objecte de deducci\u00f3 i en quines condicions.\" \/>\n<meta name=\"robots\" content=\"index, follow, max-snippet:-1, max-image-preview:large, max-video-preview:-1\" \/>\n<link rel=\"canonical\" href=\"https:\/\/www.ariasassessors.com\/ca\/despeses-deduir-autonoms-renta\/\" \/>\n<meta property=\"og:locale\" content=\"ca_ES\" \/>\n<meta property=\"og:type\" content=\"article\" \/>\n<meta property=\"og:title\" content=\"Despeses m\u00e9s habituals que poden deduir-se els aut\u00f2noms en l&#039;Impost sobre la Renda de les Persones F\u00edsiques | Arias Assessors\" \/>\n<meta property=\"og:description\" content=\"La import\u00e0ncia que l&#039;aut\u00f2nom tingui clar quines despeses poden ser objecte de deducci\u00f3 i en quines condicions.\" \/>\n<meta property=\"og:url\" content=\"https:\/\/www.ariasassessors.com\/ca\/despeses-deduir-autonoms-renta\/\" \/>\n<meta property=\"og:site_name\" content=\"Arias Assessors\" \/>\n<meta property=\"article:publisher\" content=\"https:\/\/www.facebook.com\/ariasassessors\/\" \/>\n<meta property=\"article:published_time\" content=\"2022-05-10T08:16:09+00:00\" \/>\n<meta property=\"article:modified_time\" content=\"2022-05-10T09:07:54+00:00\" \/>\n<meta property=\"og:image\" content=\"https:\/\/www.ariasassessors.com\/wp-content\/uploads\/2022\/05\/Arias_Blog_IMAGEN_DESTACADA-19.jpg\" \/>\n\t<meta property=\"og:image:width\" content=\"1920\" \/>\n\t<meta property=\"og:image:height\" content=\"1202\" \/>\n\t<meta property=\"og:image:type\" content=\"image\/jpeg\" \/>\n<meta name=\"author\" content=\"btorras\" \/>\n<meta name=\"twitter:card\" content=\"summary_large_image\" \/>\n<meta name=\"twitter:creator\" content=\"@ariasassessors\" \/>\n<meta name=\"twitter:site\" content=\"@ariasassessors\" \/>\n<meta name=\"twitter:label1\" content=\"Escrit per\" \/>\n\t<meta name=\"twitter:data1\" content=\"btorras\" \/>\n\t<meta name=\"twitter:label2\" content=\"Temps estimat de lectura\" \/>\n\t<meta name=\"twitter:data2\" content=\"7 minuts\" \/>\n<script type=\"application\/ld+json\" class=\"yoast-schema-graph\">{\"@context\":\"https:\/\/schema.org\",\"@graph\":[{\"@type\":\"Article\",\"@id\":\"https:\/\/www.ariasassessors.com\/ca\/despeses-deduir-autonoms-renta\/#article\",\"isPartOf\":{\"@id\":\"https:\/\/www.ariasassessors.com\/ca\/despeses-deduir-autonoms-renta\/\"},\"author\":{\"name\":\"btorras\",\"@id\":\"https:\/\/www.ariasassessors.com\/#\/schema\/person\/63c6ad1775f0a9413c37932562673cef\"},\"headline\":\"Despeses m\u00e9s habituals que poden deduir-se els aut\u00f2noms en l&#8217;Impost sobre la Renda de les Persones F\u00edsiques\",\"datePublished\":\"2022-05-10T08:16:09+00:00\",\"dateModified\":\"2022-05-10T09:07:54+00:00\",\"mainEntityOfPage\":{\"@id\":\"https:\/\/www.ariasassessors.com\/ca\/despeses-deduir-autonoms-renta\/\"},\"wordCount\":1468,\"commentCount\":0,\"publisher\":{\"@id\":\"https:\/\/www.ariasassessors.com\/#organization\"},\"image\":{\"@id\":\"https:\/\/www.ariasassessors.com\/ca\/despeses-deduir-autonoms-renta\/#primaryimage\"},\"thumbnailUrl\":\"https:\/\/www.ariasassessors.com\/wp-content\/uploads\/2022\/05\/Arias_Blog_IMAGEN_DESTACADA-19.jpg\",\"articleSection\":[\"noticies\"],\"inLanguage\":\"ca\",\"potentialAction\":[{\"@type\":\"CommentAction\",\"name\":\"Comment\",\"target\":[\"https:\/\/www.ariasassessors.com\/ca\/despeses-deduir-autonoms-renta\/#respond\"]}]},{\"@type\":\"WebPage\",\"@id\":\"https:\/\/www.ariasassessors.com\/ca\/despeses-deduir-autonoms-renta\/\",\"url\":\"https:\/\/www.ariasassessors.com\/ca\/despeses-deduir-autonoms-renta\/\",\"name\":\"Despeses m\u00e9s habituals que poden deduir-se els aut\u00f2noms en l'Impost sobre la Renda de les Persones F\u00edsiques | Arias Assessors\",\"isPartOf\":{\"@id\":\"https:\/\/www.ariasassessors.com\/#website\"},\"primaryImageOfPage\":{\"@id\":\"https:\/\/www.ariasassessors.com\/ca\/despeses-deduir-autonoms-renta\/#primaryimage\"},\"image\":{\"@id\":\"https:\/\/www.ariasassessors.com\/ca\/despeses-deduir-autonoms-renta\/#primaryimage\"},\"thumbnailUrl\":\"https:\/\/www.ariasassessors.com\/wp-content\/uploads\/2022\/05\/Arias_Blog_IMAGEN_DESTACADA-19.jpg\",\"datePublished\":\"2022-05-10T08:16:09+00:00\",\"dateModified\":\"2022-05-10T09:07:54+00:00\",\"description\":\"La import\u00e0ncia que l'aut\u00f2nom tingui clar quines despeses poden ser objecte de deducci\u00f3 i en quines condicions.\",\"breadcrumb\":{\"@id\":\"https:\/\/www.ariasassessors.com\/ca\/despeses-deduir-autonoms-renta\/#breadcrumb\"},\"inLanguage\":\"ca\",\"potentialAction\":[{\"@type\":\"ReadAction\",\"target\":[\"https:\/\/www.ariasassessors.com\/ca\/despeses-deduir-autonoms-renta\/\"]}]},{\"@type\":\"ImageObject\",\"inLanguage\":\"ca\",\"@id\":\"https:\/\/www.ariasassessors.com\/ca\/despeses-deduir-autonoms-renta\/#primaryimage\",\"url\":\"https:\/\/www.ariasassessors.com\/wp-content\/uploads\/2022\/05\/Arias_Blog_IMAGEN_DESTACADA-19.jpg\",\"contentUrl\":\"https:\/\/www.ariasassessors.com\/wp-content\/uploads\/2022\/05\/Arias_Blog_IMAGEN_DESTACADA-19.jpg\",\"width\":1920,\"height\":1202,\"caption\":\"gastos\"},{\"@type\":\"BreadcrumbList\",\"@id\":\"https:\/\/www.ariasassessors.com\/ca\/despeses-deduir-autonoms-renta\/#breadcrumb\",\"itemListElement\":[{\"@type\":\"ListItem\",\"position\":1,\"name\":\"Portada\",\"item\":\"https:\/\/www.ariasassessors.com\/ca\/\"},{\"@type\":\"ListItem\",\"position\":2,\"name\":\"Despeses m\u00e9s habituals que poden deduir-se els aut\u00f2noms en l&#8217;Impost sobre la Renda de les Persones F\u00edsiques\"}]},{\"@type\":\"WebSite\",\"@id\":\"https:\/\/www.ariasassessors.com\/#website\",\"url\":\"https:\/\/www.ariasassessors.com\/\",\"name\":\"Arias Assessors\",\"description\":\"Asesor\u00eda para aut\u00f3nomos, profesionales y PYMES\",\"publisher\":{\"@id\":\"https:\/\/www.ariasassessors.com\/#organization\"},\"potentialAction\":[{\"@type\":\"SearchAction\",\"target\":{\"@type\":\"EntryPoint\",\"urlTemplate\":\"https:\/\/www.ariasassessors.com\/?s={search_term_string}\"},\"query-input\":{\"@type\":\"PropertyValueSpecification\",\"valueRequired\":true,\"valueName\":\"search_term_string\"}}],\"inLanguage\":\"ca\"},{\"@type\":\"Organization\",\"@id\":\"https:\/\/www.ariasassessors.com\/#organization\",\"name\":\"Arias Assessors\",\"url\":\"https:\/\/www.ariasassessors.com\/\",\"logo\":{\"@type\":\"ImageObject\",\"inLanguage\":\"ca\",\"@id\":\"https:\/\/www.ariasassessors.com\/#\/schema\/logo\/image\/\",\"url\":\"https:\/\/www.ariasassessors.com\/wp-content\/uploads\/2019\/01\/arias-logo.png\",\"contentUrl\":\"https:\/\/www.ariasassessors.com\/wp-content\/uploads\/2019\/01\/arias-logo.png\",\"width\":349,\"height\":254,\"caption\":\"Arias Assessors\"},\"image\":{\"@id\":\"https:\/\/www.ariasassessors.com\/#\/schema\/logo\/image\/\"},\"sameAs\":[\"https:\/\/www.facebook.com\/ariasassessors\/\",\"https:\/\/x.com\/ariasassessors\",\"https:\/\/www.linkedin.com\/company\/r&amp;amp;r-growing-knowledge\/\"]},{\"@type\":\"Person\",\"@id\":\"https:\/\/www.ariasassessors.com\/#\/schema\/person\/63c6ad1775f0a9413c37932562673cef\",\"name\":\"btorras\",\"image\":{\"@type\":\"ImageObject\",\"inLanguage\":\"ca\",\"@id\":\"https:\/\/www.ariasassessors.com\/#\/schema\/person\/image\/\",\"url\":\"https:\/\/secure.gravatar.com\/avatar\/0531db351fc361fdbfd204c58fa2d6a3?s=96&d=mm&r=g\",\"contentUrl\":\"https:\/\/secure.gravatar.com\/avatar\/0531db351fc361fdbfd204c58fa2d6a3?s=96&d=mm&r=g\",\"caption\":\"btorras\"}}]}<\/script>\n<!-- \/ Yoast SEO plugin. -->","yoast_head_json":{"title":"Despeses m\u00e9s habituals que poden deduir-se els aut\u00f2noms en l'Impost sobre la Renda de les Persones F\u00edsiques | Arias Assessors","description":"La import\u00e0ncia que l'aut\u00f2nom tingui clar quines despeses poden ser objecte de deducci\u00f3 i en quines condicions.","robots":{"index":"index","follow":"follow","max-snippet":"max-snippet:-1","max-image-preview":"max-image-preview:large","max-video-preview":"max-video-preview:-1"},"canonical":"https:\/\/www.ariasassessors.com\/ca\/despeses-deduir-autonoms-renta\/","og_locale":"ca_ES","og_type":"article","og_title":"Despeses m\u00e9s habituals que poden deduir-se els aut\u00f2noms en l'Impost sobre la Renda de les Persones F\u00edsiques | Arias Assessors","og_description":"La import\u00e0ncia que l'aut\u00f2nom tingui clar quines despeses poden ser objecte de deducci\u00f3 i en quines condicions.","og_url":"https:\/\/www.ariasassessors.com\/ca\/despeses-deduir-autonoms-renta\/","og_site_name":"Arias Assessors","article_publisher":"https:\/\/www.facebook.com\/ariasassessors\/","article_published_time":"2022-05-10T08:16:09+00:00","article_modified_time":"2022-05-10T09:07:54+00:00","og_image":[{"width":1920,"height":1202,"url":"https:\/\/www.ariasassessors.com\/wp-content\/uploads\/2022\/05\/Arias_Blog_IMAGEN_DESTACADA-19.jpg","type":"image\/jpeg"}],"author":"btorras","twitter_card":"summary_large_image","twitter_creator":"@ariasassessors","twitter_site":"@ariasassessors","twitter_misc":{"Escrit per":"btorras","Temps estimat de lectura":"7 minuts"},"schema":{"@context":"https:\/\/schema.org","@graph":[{"@type":"Article","@id":"https:\/\/www.ariasassessors.com\/ca\/despeses-deduir-autonoms-renta\/#article","isPartOf":{"@id":"https:\/\/www.ariasassessors.com\/ca\/despeses-deduir-autonoms-renta\/"},"author":{"name":"btorras","@id":"https:\/\/www.ariasassessors.com\/#\/schema\/person\/63c6ad1775f0a9413c37932562673cef"},"headline":"Despeses m\u00e9s habituals que poden deduir-se els aut\u00f2noms en l&#8217;Impost sobre la Renda de les Persones F\u00edsiques","datePublished":"2022-05-10T08:16:09+00:00","dateModified":"2022-05-10T09:07:54+00:00","mainEntityOfPage":{"@id":"https:\/\/www.ariasassessors.com\/ca\/despeses-deduir-autonoms-renta\/"},"wordCount":1468,"commentCount":0,"publisher":{"@id":"https:\/\/www.ariasassessors.com\/#organization"},"image":{"@id":"https:\/\/www.ariasassessors.com\/ca\/despeses-deduir-autonoms-renta\/#primaryimage"},"thumbnailUrl":"https:\/\/www.ariasassessors.com\/wp-content\/uploads\/2022\/05\/Arias_Blog_IMAGEN_DESTACADA-19.jpg","articleSection":["noticies"],"inLanguage":"ca","potentialAction":[{"@type":"CommentAction","name":"Comment","target":["https:\/\/www.ariasassessors.com\/ca\/despeses-deduir-autonoms-renta\/#respond"]}]},{"@type":"WebPage","@id":"https:\/\/www.ariasassessors.com\/ca\/despeses-deduir-autonoms-renta\/","url":"https:\/\/www.ariasassessors.com\/ca\/despeses-deduir-autonoms-renta\/","name":"Despeses m\u00e9s habituals que poden deduir-se els aut\u00f2noms en l'Impost sobre la Renda de les Persones F\u00edsiques | Arias Assessors","isPartOf":{"@id":"https:\/\/www.ariasassessors.com\/#website"},"primaryImageOfPage":{"@id":"https:\/\/www.ariasassessors.com\/ca\/despeses-deduir-autonoms-renta\/#primaryimage"},"image":{"@id":"https:\/\/www.ariasassessors.com\/ca\/despeses-deduir-autonoms-renta\/#primaryimage"},"thumbnailUrl":"https:\/\/www.ariasassessors.com\/wp-content\/uploads\/2022\/05\/Arias_Blog_IMAGEN_DESTACADA-19.jpg","datePublished":"2022-05-10T08:16:09+00:00","dateModified":"2022-05-10T09:07:54+00:00","description":"La import\u00e0ncia que l'aut\u00f2nom tingui clar quines despeses poden ser objecte de deducci\u00f3 i en quines condicions.","breadcrumb":{"@id":"https:\/\/www.ariasassessors.com\/ca\/despeses-deduir-autonoms-renta\/#breadcrumb"},"inLanguage":"ca","potentialAction":[{"@type":"ReadAction","target":["https:\/\/www.ariasassessors.com\/ca\/despeses-deduir-autonoms-renta\/"]}]},{"@type":"ImageObject","inLanguage":"ca","@id":"https:\/\/www.ariasassessors.com\/ca\/despeses-deduir-autonoms-renta\/#primaryimage","url":"https:\/\/www.ariasassessors.com\/wp-content\/uploads\/2022\/05\/Arias_Blog_IMAGEN_DESTACADA-19.jpg","contentUrl":"https:\/\/www.ariasassessors.com\/wp-content\/uploads\/2022\/05\/Arias_Blog_IMAGEN_DESTACADA-19.jpg","width":1920,"height":1202,"caption":"gastos"},{"@type":"BreadcrumbList","@id":"https:\/\/www.ariasassessors.com\/ca\/despeses-deduir-autonoms-renta\/#breadcrumb","itemListElement":[{"@type":"ListItem","position":1,"name":"Portada","item":"https:\/\/www.ariasassessors.com\/ca\/"},{"@type":"ListItem","position":2,"name":"Despeses m\u00e9s habituals que poden deduir-se els aut\u00f2noms en l&#8217;Impost sobre la Renda de les Persones F\u00edsiques"}]},{"@type":"WebSite","@id":"https:\/\/www.ariasassessors.com\/#website","url":"https:\/\/www.ariasassessors.com\/","name":"Arias Assessors","description":"Asesor\u00eda para aut\u00f3nomos, profesionales y PYMES","publisher":{"@id":"https:\/\/www.ariasassessors.com\/#organization"},"potentialAction":[{"@type":"SearchAction","target":{"@type":"EntryPoint","urlTemplate":"https:\/\/www.ariasassessors.com\/?s={search_term_string}"},"query-input":{"@type":"PropertyValueSpecification","valueRequired":true,"valueName":"search_term_string"}}],"inLanguage":"ca"},{"@type":"Organization","@id":"https:\/\/www.ariasassessors.com\/#organization","name":"Arias Assessors","url":"https:\/\/www.ariasassessors.com\/","logo":{"@type":"ImageObject","inLanguage":"ca","@id":"https:\/\/www.ariasassessors.com\/#\/schema\/logo\/image\/","url":"https:\/\/www.ariasassessors.com\/wp-content\/uploads\/2019\/01\/arias-logo.png","contentUrl":"https:\/\/www.ariasassessors.com\/wp-content\/uploads\/2019\/01\/arias-logo.png","width":349,"height":254,"caption":"Arias Assessors"},"image":{"@id":"https:\/\/www.ariasassessors.com\/#\/schema\/logo\/image\/"},"sameAs":["https:\/\/www.facebook.com\/ariasassessors\/","https:\/\/x.com\/ariasassessors","https:\/\/www.linkedin.com\/company\/r&amp;amp;r-growing-knowledge\/"]},{"@type":"Person","@id":"https:\/\/www.ariasassessors.com\/#\/schema\/person\/63c6ad1775f0a9413c37932562673cef","name":"btorras","image":{"@type":"ImageObject","inLanguage":"ca","@id":"https:\/\/www.ariasassessors.com\/#\/schema\/person\/image\/","url":"https:\/\/secure.gravatar.com\/avatar\/0531db351fc361fdbfd204c58fa2d6a3?s=96&d=mm&r=g","contentUrl":"https:\/\/secure.gravatar.com\/avatar\/0531db351fc361fdbfd204c58fa2d6a3?s=96&d=mm&r=g","caption":"btorras"}}]}},"_links":{"self":[{"href":"https:\/\/www.ariasassessors.com\/ca\/wp-json\/wp\/v2\/posts\/1928","targetHints":{"allow":["GET"]}}],"collection":[{"href":"https:\/\/www.ariasassessors.com\/ca\/wp-json\/wp\/v2\/posts"}],"about":[{"href":"https:\/\/www.ariasassessors.com\/ca\/wp-json\/wp\/v2\/types\/post"}],"author":[{"embeddable":true,"href":"https:\/\/www.ariasassessors.com\/ca\/wp-json\/wp\/v2\/users\/2"}],"replies":[{"embeddable":true,"href":"https:\/\/www.ariasassessors.com\/ca\/wp-json\/wp\/v2\/comments?post=1928"}],"version-history":[{"count":3,"href":"https:\/\/www.ariasassessors.com\/ca\/wp-json\/wp\/v2\/posts\/1928\/revisions"}],"predecessor-version":[{"id":1933,"href":"https:\/\/www.ariasassessors.com\/ca\/wp-json\/wp\/v2\/posts\/1928\/revisions\/1933"}],"wp:featuredmedia":[{"embeddable":true,"href":"https:\/\/www.ariasassessors.com\/ca\/wp-json\/wp\/v2\/media\/1926"}],"wp:attachment":[{"href":"https:\/\/www.ariasassessors.com\/ca\/wp-json\/wp\/v2\/media?parent=1928"}],"wp:term":[{"taxonomy":"category","embeddable":true,"href":"https:\/\/www.ariasassessors.com\/ca\/wp-json\/wp\/v2\/categories?post=1928"},{"taxonomy":"post_tag","embeddable":true,"href":"https:\/\/www.ariasassessors.com\/ca\/wp-json\/wp\/v2\/tags?post=1928"}],"curies":[{"name":"wp","href":"https:\/\/api.w.org\/{rel}","templated":true}]}}