{"id":1956,"date":"2022-06-20T10:30:39","date_gmt":"2022-06-20T08:30:39","guid":{"rendered":"https:\/\/www.ariasassessors.com\/?p=1956"},"modified":"2022-06-20T10:31:00","modified_gmt":"2022-06-20T08:31:00","slug":"subvencions-2022-generalitat","status":"publish","type":"post","link":"https:\/\/www.ariasassessors.com\/ca\/subvencions-2022-generalitat\/","title":{"rendered":"SUBVENCIONS 2022: BREU RESUM DE LES SUBVENCIONS ACTIVES DE LA GENERALITAT DE CATALUNYA"},"content":{"rendered":"<p>A <a href=\"https:\/\/www.ariasassessors.com\/\">Arias Assessors<\/a> t&#8217;ho posem f\u00e0cil i per aix\u00f2 avui et portem un breu resum de les subvencions 2022 actives de la Generalitat de Catalunya:<\/p>\n<div id=\"ez-toc-container\" class=\"ez-toc-v2_0_72 counter-hierarchy ez-toc-counter ez-toc-grey ez-toc-container-direction\">\n<div class=\"ez-toc-title-container\">\n<p class=\"ez-toc-title\" style=\"cursor:inherit\">\u00cdndice de Contenidos<\/p>\n<span class=\"ez-toc-title-toggle\"><a href=\"#\" class=\"ez-toc-pull-right ez-toc-btn ez-toc-btn-xs ez-toc-btn-default ez-toc-toggle\" aria-label=\"Toggle Table of Content\"><span class=\"ez-toc-js-icon-con\"><span class=\"\"><span class=\"eztoc-hide\" style=\"display:none;\">Toggle<\/span><span class=\"ez-toc-icon-toggle-span\"><svg style=\"fill: #428bca;color:#428bca\" xmlns=\"http:\/\/www.w3.org\/2000\/svg\" class=\"list-377408\" width=\"20px\" height=\"20px\" viewBox=\"0 0 24 24\" fill=\"none\"><path d=\"M6 6H4v2h2V6zm14 0H8v2h12V6zM4 11h2v2H4v-2zm16 0H8v2h12v-2zM4 16h2v2H4v-2zm16 0H8v2h12v-2z\" fill=\"currentColor\"><\/path><\/svg><svg style=\"fill: #428bca;color:#428bca\" class=\"arrow-unsorted-368013\" xmlns=\"http:\/\/www.w3.org\/2000\/svg\" width=\"10px\" height=\"10px\" viewBox=\"0 0 24 24\" version=\"1.2\" baseProfile=\"tiny\"><path d=\"M18.2 9.3l-6.2-6.3-6.2 6.3c-.2.2-.3.4-.3.7s.1.5.3.7c.2.2.4.3.7.3h11c.3 0 .5-.1.7-.3.2-.2.3-.5.3-.7s-.1-.5-.3-.7zM5.8 14.7l6.2 6.3 6.2-6.3c.2-.2.3-.5.3-.7s-.1-.5-.3-.7c-.2-.2-.4-.3-.7-.3h-11c-.3 0-.5.1-.7.3-.2.2-.3.5-.3.7s.1.5.3.7z\"\/><\/svg><\/span><\/span><\/span><\/a><\/span><\/div>\n<nav><ul class='ez-toc-list ez-toc-list-level-1 eztoc-toggle-hide-by-default' ><li class='ez-toc-page-1 ez-toc-heading-level-2'><a class=\"ez-toc-link ez-toc-heading-1\" href=\"https:\/\/www.ariasassessors.com\/ca\/subvencions-2022-generalitat\/#Subvencions_2022_%E2%80%93_Comerc_i_Serveis\" title=\"Subvencions 2022 &#8211; Comer\u00e7 i Serveis\">Subvencions 2022 &#8211; Comer\u00e7 i Serveis<\/a><\/li><li class='ez-toc-page-1 ez-toc-heading-level-2'><a class=\"ez-toc-link ez-toc-heading-2\" href=\"https:\/\/www.ariasassessors.com\/ca\/subvencions-2022-generalitat\/#Subvencions_2022_%E2%80%93_Moda\" title=\"Subvencions 2022 &#8211; Moda\">Subvencions 2022 &#8211; Moda<\/a><\/li><li class='ez-toc-page-1 ez-toc-heading-level-2'><a class=\"ez-toc-link ez-toc-heading-3\" href=\"https:\/\/www.ariasassessors.com\/ca\/subvencions-2022-generalitat\/#Subvencions_2022_%E2%80%93_Artesania\" title=\"Subvencions 2022 &#8211; Artesania\">Subvencions 2022 &#8211; Artesania<\/a><\/li><li class='ez-toc-page-1 ez-toc-heading-level-2'><a class=\"ez-toc-link ez-toc-heading-4\" href=\"https:\/\/www.ariasassessors.com\/ca\/subvencions-2022-generalitat\/#Subvencions_per_a_programes_de_compliment_normatiu_en_materia_de_competencia_de_les_empreses\" title=\"Subvencions per a programes de compliment normatiu en mat\u00e8ria de compet\u00e8ncia de les empreses\">Subvencions per a programes de compliment normatiu en mat\u00e8ria de compet\u00e8ncia de les empreses<\/a><\/li><\/ul><\/nav><\/div>\n<h2><span class=\"ez-toc-section\" id=\"Subvencions_2022_%E2%80%93_Comerc_i_Serveis\"><\/span>Subvencions 2022 &#8211; Comer\u00e7 i Serveis<span class=\"ez-toc-section-end\"><\/span><\/h2>\n<p>Presentaci\u00f3 de sol\u00b7licituds: des de les 9:00 hores del dia 16 de juny de 2022 fins a les 14:00 hores del dia 13 de juliol de 2022. A excepci\u00f3 del Programa de suport per a l&#8217;obertura de comer\u00e7os i de suport a la reforma i millora d&#8217;establiments que comen\u00e7a a les 9:00 hores del mateix dia 16 de juny de 2022 i fins a l&#8217;exhauriment del pressupost destinat a aquest programa amb el l\u00edmit m\u00e0xim del dia 31 de desembre de 2022.<\/p>\n<p>M\u00e9s informaci\u00f3 al link: <a href=\"https:\/\/canalempresa.gencat.cat\/ca\/detall\/article\/art_subvencions_2022_comerc\">Subvencions 2022 &#8211; Comer\u00e7 i Serveis. Canal Empresa (gencat.cat)<\/a><\/p>\n<h2><span class=\"ez-toc-section\" id=\"Subvencions_2022_%E2%80%93_Moda\"><\/span>Subvencions 2022 &#8211; Moda<span class=\"ez-toc-section-end\"><\/span><\/h2>\n<p>Amb la convocat\u00f2ria de subvencions 2022 per a empreses de moda, el Consorci de Comer\u00e7, Artesania i Moda de Catalunya vol donar suport a la internacionalitzaci\u00f3 de les marques catalanes de moda, la comercialitzaci\u00f3 dels seus productes, la sostenibilitat i la tecnologia aplicada a la ind\u00fastria de la moda (fash-tech).<\/p>\n<p>M\u00e9s informaci\u00f3 al link: <a href=\"https:\/\/canalempresa.gencat.cat\/ca\/detall\/article\/art_subvencions_2022_moda\">Subvencions 2022 &#8211; Moda. Canal Empresa (gencat.cat)<\/a><\/p>\n<h2><span class=\"ez-toc-section\" id=\"Subvencions_2022_%E2%80%93_Artesania\"><\/span>Subvencions 2022 &#8211; Artesania<span class=\"ez-toc-section-end\"><\/span><\/h2>\n<p>La finalitat de les subvencions per a l&#8217;\u00e0mbit de l&#8217;artesania 2022 \u00e9s reactivar i impulsar el sector artesanal, i fomentar la competitivitat i la qualitat d&#8217;aquest sector.<\/p>\n<p>M\u00e9s informaci\u00f3 al link: <a href=\"https:\/\/canalempresa.gencat.cat\/ca\/detall\/article\/art_subvencions_2022_artesania\">Subvencions 2022 &#8211; Artesania. Canal Empresa (gencat.cat)<\/a><\/p>\n<h2><span class=\"ez-toc-section\" id=\"Subvencions_per_a_programes_de_compliment_normatiu_en_materia_de_competencia_de_les_empreses\"><\/span>Subvencions per a programes de compliment normatiu en mat\u00e8ria de compet\u00e8ncia de les empreses<span class=\"ez-toc-section-end\"><\/span><\/h2>\n<p>Subvencions per a les petites i mitjanes empreses que siguin una PIME i que adoptin i implantin en la seva organitzaci\u00f3 un programa de compliment normatiu en mat\u00e8ria de compet\u00e8ncia de les empreses.<\/p>\n<p>M\u00e9s informaci\u00f3 al link: <a href=\"https:\/\/canalempresa.gencat.cat\/ca\/integraciodepartamentaltramit\/tramit\/PerTemes\/subvencions-compliment-normatiu-acco\">Subvencions per a programes de compliment normatiu en mat\u00e8ria de compet\u00e8ncia de les empreses. Canal Empresa (gencat.cat)<\/a><\/p>\n","protected":false},"excerpt":{"rendered":"<p>A Arias Assessors t&#8217;ho posem f\u00e0cil i per aix\u00f2 avui et portem un breu resum de les subvencions 2022 actives de la Generalitat de Catalunya: Subvencions 2022 &#8211; Comer\u00e7 i Serveis Presentaci\u00f3 de sol\u00b7licituds: des de les 9:00 hores del dia 16 de juny de&#8230;<\/p>\n","protected":false},"author":2,"featured_media":1957,"comment_status":"open","ping_status":"open","sticky":false,"template":"","format":"standard","meta":{"footnotes":""},"categories":[4],"tags":[],"class_list":["post-1956","post","type-post","status-publish","format-standard","has-post-thumbnail","hentry","category-noticies"],"yoast_head":"<!-- This site is optimized with the Yoast SEO plugin v24.3 - https:\/\/yoast.com\/wordpress\/plugins\/seo\/ -->\n<title>SUBVENCIONS 2022: BREU RESUM DE LES SUBVENCIONS ACTIVES DE LA GENERALITAT DE CATALUNYA | Arias Assessors<\/title>\n<meta name=\"description\" content=\"Resum de subvencions 2022 actives de la Generalitat de Catalunya. Subvencions per a comer\u00e7 i serveis, moda i artesania.\" \/>\n<meta name=\"robots\" content=\"index, follow, max-snippet:-1, max-image-preview:large, max-video-preview:-1\" \/>\n<link rel=\"canonical\" href=\"https:\/\/www.ariasassessors.com\/ca\/subvencions-2022-generalitat\/\" \/>\n<meta property=\"og:locale\" content=\"ca_ES\" \/>\n<meta property=\"og:type\" content=\"article\" \/>\n<meta property=\"og:title\" content=\"SUBVENCIONS 2022: BREU RESUM DE LES SUBVENCIONS ACTIVES DE LA GENERALITAT DE CATALUNYA | Arias Assessors\" \/>\n<meta property=\"og:description\" content=\"Resum de subvencions 2022 actives de la Generalitat de Catalunya. Subvencions per a comer\u00e7 i serveis, moda i artesania.\" \/>\n<meta property=\"og:url\" content=\"https:\/\/www.ariasassessors.com\/ca\/subvencions-2022-generalitat\/\" \/>\n<meta property=\"og:site_name\" content=\"Arias Assessors\" \/>\n<meta property=\"article:publisher\" content=\"https:\/\/www.facebook.com\/ariasassessors\/\" \/>\n<meta property=\"article:published_time\" content=\"2022-06-20T08:30:39+00:00\" \/>\n<meta property=\"article:modified_time\" content=\"2022-06-20T08:31:00+00:00\" \/>\n<meta property=\"og:image\" content=\"https:\/\/www.ariasassessors.com\/wp-content\/uploads\/2022\/06\/Arias_Blog_IMAGEN_DESTACADA-1.jpg\" \/>\n\t<meta property=\"og:image:width\" content=\"1920\" \/>\n\t<meta property=\"og:image:height\" content=\"1202\" \/>\n\t<meta property=\"og:image:type\" content=\"image\/jpeg\" \/>\n<meta name=\"author\" content=\"btorras\" \/>\n<meta name=\"twitter:card\" content=\"summary_large_image\" \/>\n<meta name=\"twitter:creator\" content=\"@ariasassessors\" \/>\n<meta name=\"twitter:site\" content=\"@ariasassessors\" \/>\n<meta name=\"twitter:label1\" content=\"Escrit per\" \/>\n\t<meta name=\"twitter:data1\" content=\"btorras\" \/>\n\t<meta name=\"twitter:label2\" content=\"Temps estimat de lectura\" \/>\n\t<meta name=\"twitter:data2\" content=\"2 minuts\" \/>\n<script type=\"application\/ld+json\" class=\"yoast-schema-graph\">{\"@context\":\"https:\/\/schema.org\",\"@graph\":[{\"@type\":\"Article\",\"@id\":\"https:\/\/www.ariasassessors.com\/ca\/subvencions-2022-generalitat\/#article\",\"isPartOf\":{\"@id\":\"https:\/\/www.ariasassessors.com\/ca\/subvencions-2022-generalitat\/\"},\"author\":{\"name\":\"btorras\",\"@id\":\"https:\/\/www.ariasassessors.com\/#\/schema\/person\/63c6ad1775f0a9413c37932562673cef\"},\"headline\":\"SUBVENCIONS 2022: BREU RESUM DE LES SUBVENCIONS ACTIVES DE LA GENERALITAT DE CATALUNYA\",\"datePublished\":\"2022-06-20T08:30:39+00:00\",\"dateModified\":\"2022-06-20T08:31:00+00:00\",\"mainEntityOfPage\":{\"@id\":\"https:\/\/www.ariasassessors.com\/ca\/subvencions-2022-generalitat\/\"},\"wordCount\":316,\"commentCount\":0,\"publisher\":{\"@id\":\"https:\/\/www.ariasassessors.com\/#organization\"},\"image\":{\"@id\":\"https:\/\/www.ariasassessors.com\/ca\/subvencions-2022-generalitat\/#primaryimage\"},\"thumbnailUrl\":\"https:\/\/www.ariasassessors.com\/wp-content\/uploads\/2022\/06\/Arias_Blog_IMAGEN_DESTACADA-1.jpg\",\"articleSection\":[\"noticies\"],\"inLanguage\":\"ca\",\"potentialAction\":[{\"@type\":\"CommentAction\",\"name\":\"Comment\",\"target\":[\"https:\/\/www.ariasassessors.com\/ca\/subvencions-2022-generalitat\/#respond\"]}]},{\"@type\":\"WebPage\",\"@id\":\"https:\/\/www.ariasassessors.com\/ca\/subvencions-2022-generalitat\/\",\"url\":\"https:\/\/www.ariasassessors.com\/ca\/subvencions-2022-generalitat\/\",\"name\":\"SUBVENCIONS 2022: BREU RESUM DE LES SUBVENCIONS ACTIVES DE LA GENERALITAT DE CATALUNYA | Arias Assessors\",\"isPartOf\":{\"@id\":\"https:\/\/www.ariasassessors.com\/#website\"},\"primaryImageOfPage\":{\"@id\":\"https:\/\/www.ariasassessors.com\/ca\/subvencions-2022-generalitat\/#primaryimage\"},\"image\":{\"@id\":\"https:\/\/www.ariasassessors.com\/ca\/subvencions-2022-generalitat\/#primaryimage\"},\"thumbnailUrl\":\"https:\/\/www.ariasassessors.com\/wp-content\/uploads\/2022\/06\/Arias_Blog_IMAGEN_DESTACADA-1.jpg\",\"datePublished\":\"2022-06-20T08:30:39+00:00\",\"dateModified\":\"2022-06-20T08:31:00+00:00\",\"description\":\"Resum de subvencions 2022 actives de la Generalitat de Catalunya. Subvencions per a comer\u00e7 i serveis, moda i artesania.\",\"breadcrumb\":{\"@id\":\"https:\/\/www.ariasassessors.com\/ca\/subvencions-2022-generalitat\/#breadcrumb\"},\"inLanguage\":\"ca\",\"potentialAction\":[{\"@type\":\"ReadAction\",\"target\":[\"https:\/\/www.ariasassessors.com\/ca\/subvencions-2022-generalitat\/\"]}]},{\"@type\":\"ImageObject\",\"inLanguage\":\"ca\",\"@id\":\"https:\/\/www.ariasassessors.com\/ca\/subvencions-2022-generalitat\/#primaryimage\",\"url\":\"https:\/\/www.ariasassessors.com\/wp-content\/uploads\/2022\/06\/Arias_Blog_IMAGEN_DESTACADA-1.jpg\",\"contentUrl\":\"https:\/\/www.ariasassessors.com\/wp-content\/uploads\/2022\/06\/Arias_Blog_IMAGEN_DESTACADA-1.jpg\",\"width\":1920,\"height\":1202,\"caption\":\"subvenciones 2022\"},{\"@type\":\"BreadcrumbList\",\"@id\":\"https:\/\/www.ariasassessors.com\/ca\/subvencions-2022-generalitat\/#breadcrumb\",\"itemListElement\":[{\"@type\":\"ListItem\",\"position\":1,\"name\":\"Portada\",\"item\":\"https:\/\/www.ariasassessors.com\/ca\/\"},{\"@type\":\"ListItem\",\"position\":2,\"name\":\"SUBVENCIONS 2022: BREU RESUM DE LES SUBVENCIONS ACTIVES DE LA GENERALITAT DE CATALUNYA\"}]},{\"@type\":\"WebSite\",\"@id\":\"https:\/\/www.ariasassessors.com\/#website\",\"url\":\"https:\/\/www.ariasassessors.com\/\",\"name\":\"Arias Assessors\",\"description\":\"Asesor\u00eda para aut\u00f3nomos, profesionales y PYMES\",\"publisher\":{\"@id\":\"https:\/\/www.ariasassessors.com\/#organization\"},\"potentialAction\":[{\"@type\":\"SearchAction\",\"target\":{\"@type\":\"EntryPoint\",\"urlTemplate\":\"https:\/\/www.ariasassessors.com\/?s={search_term_string}\"},\"query-input\":{\"@type\":\"PropertyValueSpecification\",\"valueRequired\":true,\"valueName\":\"search_term_string\"}}],\"inLanguage\":\"ca\"},{\"@type\":\"Organization\",\"@id\":\"https:\/\/www.ariasassessors.com\/#organization\",\"name\":\"Arias Assessors\",\"url\":\"https:\/\/www.ariasassessors.com\/\",\"logo\":{\"@type\":\"ImageObject\",\"inLanguage\":\"ca\",\"@id\":\"https:\/\/www.ariasassessors.com\/#\/schema\/logo\/image\/\",\"url\":\"https:\/\/www.ariasassessors.com\/wp-content\/uploads\/2019\/01\/arias-logo.png\",\"contentUrl\":\"https:\/\/www.ariasassessors.com\/wp-content\/uploads\/2019\/01\/arias-logo.png\",\"width\":349,\"height\":254,\"caption\":\"Arias Assessors\"},\"image\":{\"@id\":\"https:\/\/www.ariasassessors.com\/#\/schema\/logo\/image\/\"},\"sameAs\":[\"https:\/\/www.facebook.com\/ariasassessors\/\",\"https:\/\/x.com\/ariasassessors\",\"https:\/\/www.linkedin.com\/company\/r&amp;amp;r-growing-knowledge\/\"]},{\"@type\":\"Person\",\"@id\":\"https:\/\/www.ariasassessors.com\/#\/schema\/person\/63c6ad1775f0a9413c37932562673cef\",\"name\":\"btorras\",\"image\":{\"@type\":\"ImageObject\",\"inLanguage\":\"ca\",\"@id\":\"https:\/\/www.ariasassessors.com\/#\/schema\/person\/image\/\",\"url\":\"https:\/\/secure.gravatar.com\/avatar\/0531db351fc361fdbfd204c58fa2d6a3?s=96&d=mm&r=g\",\"contentUrl\":\"https:\/\/secure.gravatar.com\/avatar\/0531db351fc361fdbfd204c58fa2d6a3?s=96&d=mm&r=g\",\"caption\":\"btorras\"}}]}<\/script>\n<!-- \/ Yoast SEO plugin. -->","yoast_head_json":{"title":"SUBVENCIONS 2022: BREU RESUM DE LES SUBVENCIONS ACTIVES DE LA GENERALITAT DE CATALUNYA | Arias Assessors","description":"Resum de subvencions 2022 actives de la Generalitat de Catalunya. Subvencions per a comer\u00e7 i serveis, moda i artesania.","robots":{"index":"index","follow":"follow","max-snippet":"max-snippet:-1","max-image-preview":"max-image-preview:large","max-video-preview":"max-video-preview:-1"},"canonical":"https:\/\/www.ariasassessors.com\/ca\/subvencions-2022-generalitat\/","og_locale":"ca_ES","og_type":"article","og_title":"SUBVENCIONS 2022: BREU RESUM DE LES SUBVENCIONS ACTIVES DE LA GENERALITAT DE CATALUNYA | Arias Assessors","og_description":"Resum de subvencions 2022 actives de la Generalitat de Catalunya. Subvencions per a comer\u00e7 i serveis, moda i artesania.","og_url":"https:\/\/www.ariasassessors.com\/ca\/subvencions-2022-generalitat\/","og_site_name":"Arias Assessors","article_publisher":"https:\/\/www.facebook.com\/ariasassessors\/","article_published_time":"2022-06-20T08:30:39+00:00","article_modified_time":"2022-06-20T08:31:00+00:00","og_image":[{"width":1920,"height":1202,"url":"https:\/\/www.ariasassessors.com\/wp-content\/uploads\/2022\/06\/Arias_Blog_IMAGEN_DESTACADA-1.jpg","type":"image\/jpeg"}],"author":"btorras","twitter_card":"summary_large_image","twitter_creator":"@ariasassessors","twitter_site":"@ariasassessors","twitter_misc":{"Escrit per":"btorras","Temps estimat de lectura":"2 minuts"},"schema":{"@context":"https:\/\/schema.org","@graph":[{"@type":"Article","@id":"https:\/\/www.ariasassessors.com\/ca\/subvencions-2022-generalitat\/#article","isPartOf":{"@id":"https:\/\/www.ariasassessors.com\/ca\/subvencions-2022-generalitat\/"},"author":{"name":"btorras","@id":"https:\/\/www.ariasassessors.com\/#\/schema\/person\/63c6ad1775f0a9413c37932562673cef"},"headline":"SUBVENCIONS 2022: BREU RESUM DE LES SUBVENCIONS ACTIVES DE LA GENERALITAT DE CATALUNYA","datePublished":"2022-06-20T08:30:39+00:00","dateModified":"2022-06-20T08:31:00+00:00","mainEntityOfPage":{"@id":"https:\/\/www.ariasassessors.com\/ca\/subvencions-2022-generalitat\/"},"wordCount":316,"commentCount":0,"publisher":{"@id":"https:\/\/www.ariasassessors.com\/#organization"},"image":{"@id":"https:\/\/www.ariasassessors.com\/ca\/subvencions-2022-generalitat\/#primaryimage"},"thumbnailUrl":"https:\/\/www.ariasassessors.com\/wp-content\/uploads\/2022\/06\/Arias_Blog_IMAGEN_DESTACADA-1.jpg","articleSection":["noticies"],"inLanguage":"ca","potentialAction":[{"@type":"CommentAction","name":"Comment","target":["https:\/\/www.ariasassessors.com\/ca\/subvencions-2022-generalitat\/#respond"]}]},{"@type":"WebPage","@id":"https:\/\/www.ariasassessors.com\/ca\/subvencions-2022-generalitat\/","url":"https:\/\/www.ariasassessors.com\/ca\/subvencions-2022-generalitat\/","name":"SUBVENCIONS 2022: BREU RESUM DE LES SUBVENCIONS ACTIVES DE LA GENERALITAT DE CATALUNYA | Arias Assessors","isPartOf":{"@id":"https:\/\/www.ariasassessors.com\/#website"},"primaryImageOfPage":{"@id":"https:\/\/www.ariasassessors.com\/ca\/subvencions-2022-generalitat\/#primaryimage"},"image":{"@id":"https:\/\/www.ariasassessors.com\/ca\/subvencions-2022-generalitat\/#primaryimage"},"thumbnailUrl":"https:\/\/www.ariasassessors.com\/wp-content\/uploads\/2022\/06\/Arias_Blog_IMAGEN_DESTACADA-1.jpg","datePublished":"2022-06-20T08:30:39+00:00","dateModified":"2022-06-20T08:31:00+00:00","description":"Resum de subvencions 2022 actives de la Generalitat de Catalunya. Subvencions per a comer\u00e7 i serveis, moda i artesania.","breadcrumb":{"@id":"https:\/\/www.ariasassessors.com\/ca\/subvencions-2022-generalitat\/#breadcrumb"},"inLanguage":"ca","potentialAction":[{"@type":"ReadAction","target":["https:\/\/www.ariasassessors.com\/ca\/subvencions-2022-generalitat\/"]}]},{"@type":"ImageObject","inLanguage":"ca","@id":"https:\/\/www.ariasassessors.com\/ca\/subvencions-2022-generalitat\/#primaryimage","url":"https:\/\/www.ariasassessors.com\/wp-content\/uploads\/2022\/06\/Arias_Blog_IMAGEN_DESTACADA-1.jpg","contentUrl":"https:\/\/www.ariasassessors.com\/wp-content\/uploads\/2022\/06\/Arias_Blog_IMAGEN_DESTACADA-1.jpg","width":1920,"height":1202,"caption":"subvenciones 2022"},{"@type":"BreadcrumbList","@id":"https:\/\/www.ariasassessors.com\/ca\/subvencions-2022-generalitat\/#breadcrumb","itemListElement":[{"@type":"ListItem","position":1,"name":"Portada","item":"https:\/\/www.ariasassessors.com\/ca\/"},{"@type":"ListItem","position":2,"name":"SUBVENCIONS 2022: BREU RESUM DE LES SUBVENCIONS ACTIVES DE LA GENERALITAT DE CATALUNYA"}]},{"@type":"WebSite","@id":"https:\/\/www.ariasassessors.com\/#website","url":"https:\/\/www.ariasassessors.com\/","name":"Arias Assessors","description":"Asesor\u00eda para aut\u00f3nomos, profesionales y PYMES","publisher":{"@id":"https:\/\/www.ariasassessors.com\/#organization"},"potentialAction":[{"@type":"SearchAction","target":{"@type":"EntryPoint","urlTemplate":"https:\/\/www.ariasassessors.com\/?s={search_term_string}"},"query-input":{"@type":"PropertyValueSpecification","valueRequired":true,"valueName":"search_term_string"}}],"inLanguage":"ca"},{"@type":"Organization","@id":"https:\/\/www.ariasassessors.com\/#organization","name":"Arias Assessors","url":"https:\/\/www.ariasassessors.com\/","logo":{"@type":"ImageObject","inLanguage":"ca","@id":"https:\/\/www.ariasassessors.com\/#\/schema\/logo\/image\/","url":"https:\/\/www.ariasassessors.com\/wp-content\/uploads\/2019\/01\/arias-logo.png","contentUrl":"https:\/\/www.ariasassessors.com\/wp-content\/uploads\/2019\/01\/arias-logo.png","width":349,"height":254,"caption":"Arias Assessors"},"image":{"@id":"https:\/\/www.ariasassessors.com\/#\/schema\/logo\/image\/"},"sameAs":["https:\/\/www.facebook.com\/ariasassessors\/","https:\/\/x.com\/ariasassessors","https:\/\/www.linkedin.com\/company\/r&amp;amp;r-growing-knowledge\/"]},{"@type":"Person","@id":"https:\/\/www.ariasassessors.com\/#\/schema\/person\/63c6ad1775f0a9413c37932562673cef","name":"btorras","image":{"@type":"ImageObject","inLanguage":"ca","@id":"https:\/\/www.ariasassessors.com\/#\/schema\/person\/image\/","url":"https:\/\/secure.gravatar.com\/avatar\/0531db351fc361fdbfd204c58fa2d6a3?s=96&d=mm&r=g","contentUrl":"https:\/\/secure.gravatar.com\/avatar\/0531db351fc361fdbfd204c58fa2d6a3?s=96&d=mm&r=g","caption":"btorras"}}]}},"_links":{"self":[{"href":"https:\/\/www.ariasassessors.com\/ca\/wp-json\/wp\/v2\/posts\/1956","targetHints":{"allow":["GET"]}}],"collection":[{"href":"https:\/\/www.ariasassessors.com\/ca\/wp-json\/wp\/v2\/posts"}],"about":[{"href":"https:\/\/www.ariasassessors.com\/ca\/wp-json\/wp\/v2\/types\/post"}],"author":[{"embeddable":true,"href":"https:\/\/www.ariasassessors.com\/ca\/wp-json\/wp\/v2\/users\/2"}],"replies":[{"embeddable":true,"href":"https:\/\/www.ariasassessors.com\/ca\/wp-json\/wp\/v2\/comments?post=1956"}],"version-history":[{"count":1,"href":"https:\/\/www.ariasassessors.com\/ca\/wp-json\/wp\/v2\/posts\/1956\/revisions"}],"predecessor-version":[{"id":1959,"href":"https:\/\/www.ariasassessors.com\/ca\/wp-json\/wp\/v2\/posts\/1956\/revisions\/1959"}],"wp:featuredmedia":[{"embeddable":true,"href":"https:\/\/www.ariasassessors.com\/ca\/wp-json\/wp\/v2\/media\/1957"}],"wp:attachment":[{"href":"https:\/\/www.ariasassessors.com\/ca\/wp-json\/wp\/v2\/media?parent=1956"}],"wp:term":[{"taxonomy":"category","embeddable":true,"href":"https:\/\/www.ariasassessors.com\/ca\/wp-json\/wp\/v2\/categories?post=1956"},{"taxonomy":"post_tag","embeddable":true,"href":"https:\/\/www.ariasassessors.com\/ca\/wp-json\/wp\/v2\/tags?post=1956"}],"curies":[{"name":"wp","href":"https:\/\/api.w.org\/{rel}","templated":true}]}}