{"id":1970,"date":"2022-06-28T11:42:14","date_gmt":"2022-06-28T09:42:14","guid":{"rendered":"https:\/\/www.ariasassessors.com\/?p=1970"},"modified":"2022-06-28T11:52:22","modified_gmt":"2022-06-28T09:52:22","slug":"ajuda-de-200-euros-per-persones-fisiques-de-baix-nivell-de-ingresos","status":"publish","type":"post","link":"https:\/\/www.ariasassessors.com\/ca\/ajuda-de-200-euros-per-persones-fisiques-de-baix-nivell-de-ingresos\/","title":{"rendered":"Ajuda de 200 euros per a persones f\u00edsiques de baix nivell d&#8217;ingressos i patrimoni."},"content":{"rendered":"<p><strong>L\u00ednia directa d&#8217;ajuda amb 200 euros a persones f\u00edsiques de baix nivell d&#8217;ingressos i patrimoni, que siguin assalariats, aut\u00f2noms o aturats<\/strong><\/p>\n<p>Mitjan\u00e7ant un butllet\u00ed extraordinari, publicat el diumenge 26 de juny de 2022, el BOE publica el Reial decret llei 11\/2022, de 25 de juny, pel qual s&#8217;adopten i es prorroguen determinades mesures per a respondre a les conseq\u00fc\u00e8ncies econ\u00f2miques i socials de la guerra a Ucra\u00efna, per a fer front a situacions de vulnerabilitat social i econ\u00f2mica, i per a la recuperaci\u00f3 econ\u00f2mica i social de l&#8217;illa de la Palma. Al costat de la pr\u00f2rroga de determinades mesures contemplades en els Reials decrets llei 4\/2022, de 15 de mar\u00e7 i 6\/2022, de 29 de mar\u00e7, introduint alguns ajustos complementaris, en l&#8217;\u00e0mbit laboral i de la seguretat social trobem:<\/p>\n<h2>L\u00ednia directa d&#8217;ajuda amb 200 euros<\/h2>\n<p>L&#8217;art. 31\u00a0de el\u00a0<a href=\"https:\/\/www.iberley.es\/legislacion\/real-decreto-11-2022-25-jun-adoptan-prorrogan-determinadas-medidas-responder-consecuencias-economicas-sociales-guerra-ucrania-frente-situaciones-vulnerabilidad-social-economica-recuperacion-economica-social-i-27121084\">Reial decret llei 11\/2022, de 25 de juny<\/a>, introdueix una l\u00ednia directa d&#8217;ajuda a persones f\u00edsiques de baix nivell d&#8217;ingressos i patrimoni, que siguin assalariats, aut\u00f2noms o aturats. Aquesta ajuda, de\u00a0200 euros de quantia en pagament \u00fanic, t\u00e9 per objecte<strong>\u00a0pal\u00b7liar l&#8217;efecte perjudicial en els preus ocasionat per la crisi energ\u00e8tica derivada de la invasi\u00f3 d&#8217;Ucra\u00efna en situacions de vulnerabilitat econ\u00f2mica, no cobertes per altres prestacions de car\u00e0cter social<\/strong>, com \u00e9s el cas de les pensions contributives, l&#8217;increment de les quals es garanteix en l\u00ednia amb la inflaci\u00f3; de l&#8217;ingr\u00e9s m\u00ednim vital, o de les pensions de jubilaci\u00f3 i invalidesa no contributives, tenint en compte que aquests dos \u00faltims casos, ja es beneficien d&#8217;un increment extraordinari en els termes previstos en aquest reial decret llei. Per a la percepci\u00f3 d&#8217;aquesta ajuda, s&#8217;estableixen aix\u00ed mateix uns m\u00e0xims d&#8217;ingressos i patrimonis conjunts en funci\u00f3 de la conviv\u00e8ncia en el domicili, amb l&#8217;objectiu que el col\u00b7lectiu de beneficiaris de l&#8217;ajuda respongui als principis de necessitat i progressivitat.<\/p>\n<p class=\"parrafo\">Aquesta ajuda mobilitzar\u00e0\u00a0540 milions\u00a0d&#8217;euros i es presenta els seg\u00fcents extrems:<\/p>\n<ul>\n<li class=\"parrafo\">Suposa un pagament \u00fanic de\u00a0200 euros.<\/li>\n<li>Seran benefici\u00e0ries les persones f\u00edsiques que en la data d&#8217;entrada de vigor de el\u00a0<a href=\"https:\/\/www.iberley.es\/legislacion\/real-decreto-11-2022-25-jun-adoptan-prorrogan-determinadas-medidas-responder-consecuencias-economicas-sociales-guerra-ucrania-frente-situaciones-vulnerabilidad-social-economica-recuperacion-economica-social-i-27121084\">Reial decret llei 11\/2022, de 25 de juny<\/a>\u00a0(27 de juny de 2022) realitzin una activitat per compte propi o ali\u00e8 per la qual estiguin donats d&#8217;alta en el r\u00e8gim corresponent de la Seguretat Social o mutualitat, o siguin desocupats inscrits en l&#8217;oficina d&#8217;ocupaci\u00f3, siguin beneficiaris o no de la prestaci\u00f3 o subsidi per desocupaci\u00f3, sempre que en\u00a02021 haguessin percebut ingressos inferiors a\u00a014.000 euros anuals, i tinguessin un patrimoni inferior a\u00a043.196,40 euros anuals.<\/li>\n<li class=\"parrafo\">El c\u00f2mput d&#8217;ingressos i de patrimoni s&#8217;efectuar\u00e0 de manera conjunta per tota la unitat familiar, segons els apartats 1, 4 i 5 de l&#8217;article 20 de la Llei 19\/2021, de 20 de desembre.<br \/>\nEls beneficiaris han de tenir resid\u00e8ncia legal i efectiva a Espanya.<\/li>\n<li class=\"parrafo\">Queden exclosos els perceptors de el\u00a0ingr\u00e9s m\u00ednim vital, o pensions abonades pel R\u00e8gim General i els R\u00e8gims especials de la Seguretat Social o pel R\u00e8gim de Classes Passives de l&#8217;Estat. Tamb\u00e9 els professionals no integrats en el R\u00e8gim Especial de la Seguretat Social dels Treballadors per Compte Propi o Aut\u00f2noms integrats en les mutualitats de previsi\u00f3 social.<\/li>\n<li class=\"parrafo\">La sol\u00b7licitud es presentar\u00e0 en la Seu Electr\u00f2nica de l&#8217;Ag\u00e8ncia Estatal d&#8217;Administraci\u00f3 Tribut\u00e0ria\u00a0fins a el\u00a030 de setembre de\u00a02022.<\/li>\n<\/ul>\n","protected":false},"excerpt":{"rendered":"<p>L\u00ednia directa d&#8217;ajuda amb 200 euros a persones f\u00edsiques de baix nivell d&#8217;ingressos i patrimoni, que siguin assalariats, aut\u00f2noms o aturats Mitjan\u00e7ant un butllet\u00ed extraordinari, publicat el diumenge 26 de juny de 2022, el BOE publica el Reial decret llei 11\/2022, de 25 de juny,&#8230;<\/p>\n","protected":false},"author":2,"featured_media":1969,"comment_status":"open","ping_status":"open","sticky":false,"template":"","format":"standard","meta":{"footnotes":""},"categories":[4],"tags":[],"class_list":["post-1970","post","type-post","status-publish","format-standard","has-post-thumbnail","hentry","category-noticies"],"yoast_head":"<!-- This site is optimized with the Yoast SEO plugin v24.3 - https:\/\/yoast.com\/wordpress\/plugins\/seo\/ -->\n<title>Ajuda de 200 euros per a persones f\u00edsiques de baix nivell d&#039;ingressos i patrimoni. | Arias Assessors<\/title>\n<meta name=\"description\" content=\"L\u00ednia directa d&#039;ajuda de 200 euros a persones f\u00edsiques de baix nivell d&#039;ingressos i patrimoni, que siguin assalariats, aut\u00f2noms o aturats.\" \/>\n<meta name=\"robots\" content=\"index, follow, max-snippet:-1, max-image-preview:large, max-video-preview:-1\" \/>\n<link rel=\"canonical\" href=\"https:\/\/www.ariasassessors.com\/ca\/ajuda-de-200-euros-per-persones-fisiques-de-baix-nivell-de-ingresos\/\" \/>\n<meta property=\"og:locale\" content=\"ca_ES\" \/>\n<meta property=\"og:type\" content=\"article\" \/>\n<meta property=\"og:title\" content=\"Ajuda de 200 euros per a persones f\u00edsiques de baix nivell d&#039;ingressos i patrimoni. | Arias Assessors\" \/>\n<meta property=\"og:description\" content=\"L\u00ednia directa d&#039;ajuda de 200 euros a persones f\u00edsiques de baix nivell d&#039;ingressos i patrimoni, que siguin assalariats, aut\u00f2noms o aturats.\" \/>\n<meta property=\"og:url\" content=\"https:\/\/www.ariasassessors.com\/ca\/ajuda-de-200-euros-per-persones-fisiques-de-baix-nivell-de-ingresos\/\" \/>\n<meta property=\"og:site_name\" content=\"Arias Assessors\" \/>\n<meta property=\"article:publisher\" content=\"https:\/\/www.facebook.com\/ariasassessors\/\" \/>\n<meta property=\"article:published_time\" content=\"2022-06-28T09:42:14+00:00\" \/>\n<meta property=\"article:modified_time\" content=\"2022-06-28T09:52:22+00:00\" \/>\n<meta property=\"og:image\" content=\"https:\/\/www.ariasassessors.com\/wp-content\/uploads\/2022\/06\/Arias_Blog_IMAGEN_DESTACADA-1-1.jpg\" \/>\n\t<meta property=\"og:image:width\" content=\"1920\" \/>\n\t<meta property=\"og:image:height\" content=\"1202\" \/>\n\t<meta property=\"og:image:type\" content=\"image\/jpeg\" \/>\n<meta name=\"author\" content=\"btorras\" \/>\n<meta name=\"twitter:card\" content=\"summary_large_image\" \/>\n<meta name=\"twitter:creator\" content=\"@ariasassessors\" \/>\n<meta name=\"twitter:site\" content=\"@ariasassessors\" \/>\n<meta name=\"twitter:label1\" content=\"Escrit per\" \/>\n\t<meta name=\"twitter:data1\" content=\"btorras\" \/>\n\t<meta name=\"twitter:label2\" content=\"Temps estimat de lectura\" \/>\n\t<meta name=\"twitter:data2\" content=\"3 minuts\" \/>\n<script type=\"application\/ld+json\" class=\"yoast-schema-graph\">{\"@context\":\"https:\/\/schema.org\",\"@graph\":[{\"@type\":\"Article\",\"@id\":\"https:\/\/www.ariasassessors.com\/ca\/ajuda-de-200-euros-per-persones-fisiques-de-baix-nivell-de-ingresos\/#article\",\"isPartOf\":{\"@id\":\"https:\/\/www.ariasassessors.com\/ca\/ajuda-de-200-euros-per-persones-fisiques-de-baix-nivell-de-ingresos\/\"},\"author\":{\"name\":\"btorras\",\"@id\":\"https:\/\/www.ariasassessors.com\/#\/schema\/person\/63c6ad1775f0a9413c37932562673cef\"},\"headline\":\"Ajuda de 200 euros per a persones f\u00edsiques de baix nivell d&#8217;ingressos i patrimoni.\",\"datePublished\":\"2022-06-28T09:42:14+00:00\",\"dateModified\":\"2022-06-28T09:52:22+00:00\",\"mainEntityOfPage\":{\"@id\":\"https:\/\/www.ariasassessors.com\/ca\/ajuda-de-200-euros-per-persones-fisiques-de-baix-nivell-de-ingresos\/\"},\"wordCount\":562,\"commentCount\":0,\"publisher\":{\"@id\":\"https:\/\/www.ariasassessors.com\/#organization\"},\"image\":{\"@id\":\"https:\/\/www.ariasassessors.com\/ca\/ajuda-de-200-euros-per-persones-fisiques-de-baix-nivell-de-ingresos\/#primaryimage\"},\"thumbnailUrl\":\"https:\/\/www.ariasassessors.com\/wp-content\/uploads\/2022\/06\/Arias_Blog_IMAGEN_DESTACADA-1-1.jpg\",\"articleSection\":[\"noticies\"],\"inLanguage\":\"ca\",\"potentialAction\":[{\"@type\":\"CommentAction\",\"name\":\"Comment\",\"target\":[\"https:\/\/www.ariasassessors.com\/ca\/ajuda-de-200-euros-per-persones-fisiques-de-baix-nivell-de-ingresos\/#respond\"]}]},{\"@type\":\"WebPage\",\"@id\":\"https:\/\/www.ariasassessors.com\/ca\/ajuda-de-200-euros-per-persones-fisiques-de-baix-nivell-de-ingresos\/\",\"url\":\"https:\/\/www.ariasassessors.com\/ca\/ajuda-de-200-euros-per-persones-fisiques-de-baix-nivell-de-ingresos\/\",\"name\":\"Ajuda de 200 euros per a persones f\u00edsiques de baix nivell d'ingressos i patrimoni. | Arias Assessors\",\"isPartOf\":{\"@id\":\"https:\/\/www.ariasassessors.com\/#website\"},\"primaryImageOfPage\":{\"@id\":\"https:\/\/www.ariasassessors.com\/ca\/ajuda-de-200-euros-per-persones-fisiques-de-baix-nivell-de-ingresos\/#primaryimage\"},\"image\":{\"@id\":\"https:\/\/www.ariasassessors.com\/ca\/ajuda-de-200-euros-per-persones-fisiques-de-baix-nivell-de-ingresos\/#primaryimage\"},\"thumbnailUrl\":\"https:\/\/www.ariasassessors.com\/wp-content\/uploads\/2022\/06\/Arias_Blog_IMAGEN_DESTACADA-1-1.jpg\",\"datePublished\":\"2022-06-28T09:42:14+00:00\",\"dateModified\":\"2022-06-28T09:52:22+00:00\",\"description\":\"L\u00ednia directa d'ajuda de 200 euros a persones f\u00edsiques de baix nivell d'ingressos i patrimoni, que siguin assalariats, aut\u00f2noms o aturats.\",\"breadcrumb\":{\"@id\":\"https:\/\/www.ariasassessors.com\/ca\/ajuda-de-200-euros-per-persones-fisiques-de-baix-nivell-de-ingresos\/#breadcrumb\"},\"inLanguage\":\"ca\",\"potentialAction\":[{\"@type\":\"ReadAction\",\"target\":[\"https:\/\/www.ariasassessors.com\/ca\/ajuda-de-200-euros-per-persones-fisiques-de-baix-nivell-de-ingresos\/\"]}]},{\"@type\":\"ImageObject\",\"inLanguage\":\"ca\",\"@id\":\"https:\/\/www.ariasassessors.com\/ca\/ajuda-de-200-euros-per-persones-fisiques-de-baix-nivell-de-ingresos\/#primaryimage\",\"url\":\"https:\/\/www.ariasassessors.com\/wp-content\/uploads\/2022\/06\/Arias_Blog_IMAGEN_DESTACADA-1-1.jpg\",\"contentUrl\":\"https:\/\/www.ariasassessors.com\/wp-content\/uploads\/2022\/06\/Arias_Blog_IMAGEN_DESTACADA-1-1.jpg\",\"width\":1920,\"height\":1202,\"caption\":\"Ayuda de 200 euros\"},{\"@type\":\"BreadcrumbList\",\"@id\":\"https:\/\/www.ariasassessors.com\/ca\/ajuda-de-200-euros-per-persones-fisiques-de-baix-nivell-de-ingresos\/#breadcrumb\",\"itemListElement\":[{\"@type\":\"ListItem\",\"position\":1,\"name\":\"Portada\",\"item\":\"https:\/\/www.ariasassessors.com\/ca\/\"},{\"@type\":\"ListItem\",\"position\":2,\"name\":\"Ajuda de 200 euros per a persones f\u00edsiques de baix nivell d&#8217;ingressos i patrimoni.\"}]},{\"@type\":\"WebSite\",\"@id\":\"https:\/\/www.ariasassessors.com\/#website\",\"url\":\"https:\/\/www.ariasassessors.com\/\",\"name\":\"Arias Assessors\",\"description\":\"Asesor\u00eda para aut\u00f3nomos, profesionales y PYMES\",\"publisher\":{\"@id\":\"https:\/\/www.ariasassessors.com\/#organization\"},\"potentialAction\":[{\"@type\":\"SearchAction\",\"target\":{\"@type\":\"EntryPoint\",\"urlTemplate\":\"https:\/\/www.ariasassessors.com\/?s={search_term_string}\"},\"query-input\":{\"@type\":\"PropertyValueSpecification\",\"valueRequired\":true,\"valueName\":\"search_term_string\"}}],\"inLanguage\":\"ca\"},{\"@type\":\"Organization\",\"@id\":\"https:\/\/www.ariasassessors.com\/#organization\",\"name\":\"Arias Assessors\",\"url\":\"https:\/\/www.ariasassessors.com\/\",\"logo\":{\"@type\":\"ImageObject\",\"inLanguage\":\"ca\",\"@id\":\"https:\/\/www.ariasassessors.com\/#\/schema\/logo\/image\/\",\"url\":\"https:\/\/www.ariasassessors.com\/wp-content\/uploads\/2019\/01\/arias-logo.png\",\"contentUrl\":\"https:\/\/www.ariasassessors.com\/wp-content\/uploads\/2019\/01\/arias-logo.png\",\"width\":349,\"height\":254,\"caption\":\"Arias Assessors\"},\"image\":{\"@id\":\"https:\/\/www.ariasassessors.com\/#\/schema\/logo\/image\/\"},\"sameAs\":[\"https:\/\/www.facebook.com\/ariasassessors\/\",\"https:\/\/x.com\/ariasassessors\",\"https:\/\/www.linkedin.com\/company\/r&amp;amp;r-growing-knowledge\/\"]},{\"@type\":\"Person\",\"@id\":\"https:\/\/www.ariasassessors.com\/#\/schema\/person\/63c6ad1775f0a9413c37932562673cef\",\"name\":\"btorras\",\"image\":{\"@type\":\"ImageObject\",\"inLanguage\":\"ca\",\"@id\":\"https:\/\/www.ariasassessors.com\/#\/schema\/person\/image\/\",\"url\":\"https:\/\/secure.gravatar.com\/avatar\/0531db351fc361fdbfd204c58fa2d6a3?s=96&d=mm&r=g\",\"contentUrl\":\"https:\/\/secure.gravatar.com\/avatar\/0531db351fc361fdbfd204c58fa2d6a3?s=96&d=mm&r=g\",\"caption\":\"btorras\"}}]}<\/script>\n<!-- \/ Yoast SEO plugin. -->","yoast_head_json":{"title":"Ajuda de 200 euros per a persones f\u00edsiques de baix nivell d'ingressos i patrimoni. | Arias Assessors","description":"L\u00ednia directa d'ajuda de 200 euros a persones f\u00edsiques de baix nivell d'ingressos i patrimoni, que siguin assalariats, aut\u00f2noms o aturats.","robots":{"index":"index","follow":"follow","max-snippet":"max-snippet:-1","max-image-preview":"max-image-preview:large","max-video-preview":"max-video-preview:-1"},"canonical":"https:\/\/www.ariasassessors.com\/ca\/ajuda-de-200-euros-per-persones-fisiques-de-baix-nivell-de-ingresos\/","og_locale":"ca_ES","og_type":"article","og_title":"Ajuda de 200 euros per a persones f\u00edsiques de baix nivell d'ingressos i patrimoni. | Arias Assessors","og_description":"L\u00ednia directa d'ajuda de 200 euros a persones f\u00edsiques de baix nivell d'ingressos i patrimoni, que siguin assalariats, aut\u00f2noms o aturats.","og_url":"https:\/\/www.ariasassessors.com\/ca\/ajuda-de-200-euros-per-persones-fisiques-de-baix-nivell-de-ingresos\/","og_site_name":"Arias Assessors","article_publisher":"https:\/\/www.facebook.com\/ariasassessors\/","article_published_time":"2022-06-28T09:42:14+00:00","article_modified_time":"2022-06-28T09:52:22+00:00","og_image":[{"width":1920,"height":1202,"url":"https:\/\/www.ariasassessors.com\/wp-content\/uploads\/2022\/06\/Arias_Blog_IMAGEN_DESTACADA-1-1.jpg","type":"image\/jpeg"}],"author":"btorras","twitter_card":"summary_large_image","twitter_creator":"@ariasassessors","twitter_site":"@ariasassessors","twitter_misc":{"Escrit per":"btorras","Temps estimat de lectura":"3 minuts"},"schema":{"@context":"https:\/\/schema.org","@graph":[{"@type":"Article","@id":"https:\/\/www.ariasassessors.com\/ca\/ajuda-de-200-euros-per-persones-fisiques-de-baix-nivell-de-ingresos\/#article","isPartOf":{"@id":"https:\/\/www.ariasassessors.com\/ca\/ajuda-de-200-euros-per-persones-fisiques-de-baix-nivell-de-ingresos\/"},"author":{"name":"btorras","@id":"https:\/\/www.ariasassessors.com\/#\/schema\/person\/63c6ad1775f0a9413c37932562673cef"},"headline":"Ajuda de 200 euros per a persones f\u00edsiques de baix nivell d&#8217;ingressos i patrimoni.","datePublished":"2022-06-28T09:42:14+00:00","dateModified":"2022-06-28T09:52:22+00:00","mainEntityOfPage":{"@id":"https:\/\/www.ariasassessors.com\/ca\/ajuda-de-200-euros-per-persones-fisiques-de-baix-nivell-de-ingresos\/"},"wordCount":562,"commentCount":0,"publisher":{"@id":"https:\/\/www.ariasassessors.com\/#organization"},"image":{"@id":"https:\/\/www.ariasassessors.com\/ca\/ajuda-de-200-euros-per-persones-fisiques-de-baix-nivell-de-ingresos\/#primaryimage"},"thumbnailUrl":"https:\/\/www.ariasassessors.com\/wp-content\/uploads\/2022\/06\/Arias_Blog_IMAGEN_DESTACADA-1-1.jpg","articleSection":["noticies"],"inLanguage":"ca","potentialAction":[{"@type":"CommentAction","name":"Comment","target":["https:\/\/www.ariasassessors.com\/ca\/ajuda-de-200-euros-per-persones-fisiques-de-baix-nivell-de-ingresos\/#respond"]}]},{"@type":"WebPage","@id":"https:\/\/www.ariasassessors.com\/ca\/ajuda-de-200-euros-per-persones-fisiques-de-baix-nivell-de-ingresos\/","url":"https:\/\/www.ariasassessors.com\/ca\/ajuda-de-200-euros-per-persones-fisiques-de-baix-nivell-de-ingresos\/","name":"Ajuda de 200 euros per a persones f\u00edsiques de baix nivell d'ingressos i patrimoni. | Arias Assessors","isPartOf":{"@id":"https:\/\/www.ariasassessors.com\/#website"},"primaryImageOfPage":{"@id":"https:\/\/www.ariasassessors.com\/ca\/ajuda-de-200-euros-per-persones-fisiques-de-baix-nivell-de-ingresos\/#primaryimage"},"image":{"@id":"https:\/\/www.ariasassessors.com\/ca\/ajuda-de-200-euros-per-persones-fisiques-de-baix-nivell-de-ingresos\/#primaryimage"},"thumbnailUrl":"https:\/\/www.ariasassessors.com\/wp-content\/uploads\/2022\/06\/Arias_Blog_IMAGEN_DESTACADA-1-1.jpg","datePublished":"2022-06-28T09:42:14+00:00","dateModified":"2022-06-28T09:52:22+00:00","description":"L\u00ednia directa d'ajuda de 200 euros a persones f\u00edsiques de baix nivell d'ingressos i patrimoni, que siguin assalariats, aut\u00f2noms o aturats.","breadcrumb":{"@id":"https:\/\/www.ariasassessors.com\/ca\/ajuda-de-200-euros-per-persones-fisiques-de-baix-nivell-de-ingresos\/#breadcrumb"},"inLanguage":"ca","potentialAction":[{"@type":"ReadAction","target":["https:\/\/www.ariasassessors.com\/ca\/ajuda-de-200-euros-per-persones-fisiques-de-baix-nivell-de-ingresos\/"]}]},{"@type":"ImageObject","inLanguage":"ca","@id":"https:\/\/www.ariasassessors.com\/ca\/ajuda-de-200-euros-per-persones-fisiques-de-baix-nivell-de-ingresos\/#primaryimage","url":"https:\/\/www.ariasassessors.com\/wp-content\/uploads\/2022\/06\/Arias_Blog_IMAGEN_DESTACADA-1-1.jpg","contentUrl":"https:\/\/www.ariasassessors.com\/wp-content\/uploads\/2022\/06\/Arias_Blog_IMAGEN_DESTACADA-1-1.jpg","width":1920,"height":1202,"caption":"Ayuda de 200 euros"},{"@type":"BreadcrumbList","@id":"https:\/\/www.ariasassessors.com\/ca\/ajuda-de-200-euros-per-persones-fisiques-de-baix-nivell-de-ingresos\/#breadcrumb","itemListElement":[{"@type":"ListItem","position":1,"name":"Portada","item":"https:\/\/www.ariasassessors.com\/ca\/"},{"@type":"ListItem","position":2,"name":"Ajuda de 200 euros per a persones f\u00edsiques de baix nivell d&#8217;ingressos i patrimoni."}]},{"@type":"WebSite","@id":"https:\/\/www.ariasassessors.com\/#website","url":"https:\/\/www.ariasassessors.com\/","name":"Arias Assessors","description":"Asesor\u00eda para aut\u00f3nomos, profesionales y PYMES","publisher":{"@id":"https:\/\/www.ariasassessors.com\/#organization"},"potentialAction":[{"@type":"SearchAction","target":{"@type":"EntryPoint","urlTemplate":"https:\/\/www.ariasassessors.com\/?s={search_term_string}"},"query-input":{"@type":"PropertyValueSpecification","valueRequired":true,"valueName":"search_term_string"}}],"inLanguage":"ca"},{"@type":"Organization","@id":"https:\/\/www.ariasassessors.com\/#organization","name":"Arias Assessors","url":"https:\/\/www.ariasassessors.com\/","logo":{"@type":"ImageObject","inLanguage":"ca","@id":"https:\/\/www.ariasassessors.com\/#\/schema\/logo\/image\/","url":"https:\/\/www.ariasassessors.com\/wp-content\/uploads\/2019\/01\/arias-logo.png","contentUrl":"https:\/\/www.ariasassessors.com\/wp-content\/uploads\/2019\/01\/arias-logo.png","width":349,"height":254,"caption":"Arias Assessors"},"image":{"@id":"https:\/\/www.ariasassessors.com\/#\/schema\/logo\/image\/"},"sameAs":["https:\/\/www.facebook.com\/ariasassessors\/","https:\/\/x.com\/ariasassessors","https:\/\/www.linkedin.com\/company\/r&amp;amp;r-growing-knowledge\/"]},{"@type":"Person","@id":"https:\/\/www.ariasassessors.com\/#\/schema\/person\/63c6ad1775f0a9413c37932562673cef","name":"btorras","image":{"@type":"ImageObject","inLanguage":"ca","@id":"https:\/\/www.ariasassessors.com\/#\/schema\/person\/image\/","url":"https:\/\/secure.gravatar.com\/avatar\/0531db351fc361fdbfd204c58fa2d6a3?s=96&d=mm&r=g","contentUrl":"https:\/\/secure.gravatar.com\/avatar\/0531db351fc361fdbfd204c58fa2d6a3?s=96&d=mm&r=g","caption":"btorras"}}]}},"_links":{"self":[{"href":"https:\/\/www.ariasassessors.com\/ca\/wp-json\/wp\/v2\/posts\/1970","targetHints":{"allow":["GET"]}}],"collection":[{"href":"https:\/\/www.ariasassessors.com\/ca\/wp-json\/wp\/v2\/posts"}],"about":[{"href":"https:\/\/www.ariasassessors.com\/ca\/wp-json\/wp\/v2\/types\/post"}],"author":[{"embeddable":true,"href":"https:\/\/www.ariasassessors.com\/ca\/wp-json\/wp\/v2\/users\/2"}],"replies":[{"embeddable":true,"href":"https:\/\/www.ariasassessors.com\/ca\/wp-json\/wp\/v2\/comments?post=1970"}],"version-history":[{"count":3,"href":"https:\/\/www.ariasassessors.com\/ca\/wp-json\/wp\/v2\/posts\/1970\/revisions"}],"predecessor-version":[{"id":1974,"href":"https:\/\/www.ariasassessors.com\/ca\/wp-json\/wp\/v2\/posts\/1970\/revisions\/1974"}],"wp:featuredmedia":[{"embeddable":true,"href":"https:\/\/www.ariasassessors.com\/ca\/wp-json\/wp\/v2\/media\/1969"}],"wp:attachment":[{"href":"https:\/\/www.ariasassessors.com\/ca\/wp-json\/wp\/v2\/media?parent=1970"}],"wp:term":[{"taxonomy":"category","embeddable":true,"href":"https:\/\/www.ariasassessors.com\/ca\/wp-json\/wp\/v2\/categories?post=1970"},{"taxonomy":"post_tag","embeddable":true,"href":"https:\/\/www.ariasassessors.com\/ca\/wp-json\/wp\/v2\/tags?post=1970"}],"curies":[{"name":"wp","href":"https:\/\/api.w.org\/{rel}","templated":true}]}}