{"id":1976,"date":"2022-06-29T11:30:24","date_gmt":"2022-06-29T09:30:24","guid":{"rendered":"https:\/\/www.ariasassessors.com\/?p=1976"},"modified":"2022-06-29T11:42:44","modified_gmt":"2022-06-29T09:42:44","slug":"futura-cotitzacio-autonoms","status":"publish","type":"post","link":"https:\/\/www.ariasassessors.com\/ca\/futura-cotitzacio-autonoms\/","title":{"rendered":"Futura cotitzaci\u00f3 per ingressos reals dels aut\u00f2noms (RD 504\/2022)"},"content":{"rendered":"<p>Mitjan\u00e7ant el\u00a0<strong>Reial decret 504\/2022, de 27 de juny<\/strong>, es modifiquen el Reglament General sobre inscripci\u00f3 d&#8217;empreses i afiliaci\u00f3, altes, baixes i variacions de dades de treballadors en la Seguretat Social <a href=\"https:\/\/www.iberley.es\/legislacion\/real-decreto-84-1996-26-ene-reglamento-general-sobre-inscripcion-empresas-afiliacion-altas-bajas-variaciones-datos-trabajadores-seguridad-social-1991634\">(Reial decret 84\/1996, de 26 de gener)<\/a>, i el Reglament General sobre Cotitzaci\u00f3 i Liquidaci\u00f3 d&#8217;altres Drets de la Seguretat Social <a href=\"https:\/\/www.iberley.es\/legislacion\/real-decreto-2064-1995-22-dic-reglamento-general-sobre-cotizacion-liquidacion-derechos-seguridad-social-1997661\">(Reial decret 2064\/1995, de 22 de desembre<\/a>), per a\u00a0<strong>actualitzar la seva regulaci\u00f3 respecte als treballadors per compte propi o aut\u00f2noms a partir de el\u00a02 de gener de\u00a02023.<\/strong><\/p>\n<p>A fi de facilitar l&#8217;establiment d&#8217;un\u00a0<strong>nou sistema de cotitzaci\u00f3 per als treballadors per compte propi o aut\u00f2noms\u00a0en funci\u00f3 dels rendiments obtinguts per la seva activitat econ\u00f2mica o professional<\/strong>, les reformes efectuades s&#8217;emmarquen en:<\/p>\n<ul>\n<li>La implantaci\u00f3 gradual d&#8217;un nou sistema de cotitzaci\u00f3 per als treballadors per compte propi o aut\u00f2noms, en funci\u00f3 dels seus ingressos reals, prevista en el Pla de Recuperaci\u00f3, Transformaci\u00f3 i Resili\u00e8ncia.<\/li>\n<li>Adaptar la regulaci\u00f3 dels textos reglamentaris citats a fi de refor\u00e7ar el car\u00e0cter prioritari de la tramitaci\u00f3 electr\u00f2nica dels procediments d&#8217;alta, baixa i variaci\u00f3 de dades de treballadors, en particular respecte a aquells que exerceixen la seva activitat per compte propi, aix\u00ed com per a actualitzar-la quant a les especialitats sobre cobertura i cotitzaci\u00f3 respecte a determinades conting\u00e8ncies, tant en el\u00a0RETA com en el R\u00e8gim Especial de la Seguretat Social dels Treballadors de la Mar, acomodant-la a la regulaci\u00f3 vigent sobre aquesta mat\u00e8ria.<\/li>\n<\/ul>\n<div id=\"ez-toc-container\" class=\"ez-toc-v2_0_72 counter-hierarchy ez-toc-counter ez-toc-grey ez-toc-container-direction\">\n<div class=\"ez-toc-title-container\">\n<p class=\"ez-toc-title\" style=\"cursor:inherit\">\u00cdndice de Contenidos<\/p>\n<span class=\"ez-toc-title-toggle\"><a href=\"#\" class=\"ez-toc-pull-right ez-toc-btn ez-toc-btn-xs ez-toc-btn-default ez-toc-toggle\" aria-label=\"Toggle Table of Content\"><span class=\"ez-toc-js-icon-con\"><span class=\"\"><span class=\"eztoc-hide\" style=\"display:none;\">Toggle<\/span><span class=\"ez-toc-icon-toggle-span\"><svg style=\"fill: #428bca;color:#428bca\" xmlns=\"http:\/\/www.w3.org\/2000\/svg\" class=\"list-377408\" width=\"20px\" height=\"20px\" viewBox=\"0 0 24 24\" fill=\"none\"><path d=\"M6 6H4v2h2V6zm14 0H8v2h12V6zM4 11h2v2H4v-2zm16 0H8v2h12v-2zM4 16h2v2H4v-2zm16 0H8v2h12v-2z\" fill=\"currentColor\"><\/path><\/svg><svg style=\"fill: #428bca;color:#428bca\" class=\"arrow-unsorted-368013\" xmlns=\"http:\/\/www.w3.org\/2000\/svg\" width=\"10px\" height=\"10px\" viewBox=\"0 0 24 24\" version=\"1.2\" baseProfile=\"tiny\"><path d=\"M18.2 9.3l-6.2-6.3-6.2 6.3c-.2.2-.3.4-.3.7s.1.5.3.7c.2.2.4.3.7.3h11c.3 0 .5-.1.7-.3.2-.2.3-.5.3-.7s-.1-.5-.3-.7zM5.8 14.7l6.2 6.3 6.2-6.3c.2-.2.3-.5.3-.7s-.1-.5-.3-.7c-.2-.2-.4-.3-.7-.3h-11c-.3 0-.5.1-.7.3-.2.2-.3.5-.3.7s.1.5.3.7z\"\/><\/svg><\/span><\/span><\/span><\/a><\/span><\/div>\n<nav><ul class='ez-toc-list ez-toc-list-level-1 eztoc-toggle-hide-by-default' ><li class='ez-toc-page-1 ez-toc-heading-level-2'><a class=\"ez-toc-link ez-toc-heading-1\" href=\"https:\/\/www.ariasassessors.com\/ca\/futura-cotitzacio-autonoms\/#Que_hauran_de_tenir_els_autonoms_en_compte_des_de_el_2_de_gener_de_2023\" title=\"Qu\u00e8 hauran de tenir els aut\u00f2noms en compte des de el\u00a02 de gener de 2023?\">Qu\u00e8 hauran de tenir els aut\u00f2noms en compte des de el\u00a02 de gener de 2023?<\/a><ul class='ez-toc-list-level-3' ><li class='ez-toc-heading-level-3'><a class=\"ez-toc-link ez-toc-heading-2\" href=\"https:\/\/www.ariasassessors.com\/ca\/futura-cotitzacio-autonoms\/#Modificacio_del_Reglament_General_sobre_inscripcio_dempreses_i_afiliacio_altes_baixes_i_variacions_de_dades_de_treballadors_en_la_Seguretat_Social_Reial_Decret_841996_de_26_de_gener\" title=\"Modificaci\u00f3 del Reglament General sobre inscripci\u00f3 d&#8217;empreses i afiliaci\u00f3, altes, baixes i variacions de dades de treballadors en la Seguretat Social (Reial Decret 84\/1996, de 26 de gener):\">Modificaci\u00f3 del Reglament General sobre inscripci\u00f3 d&#8217;empreses i afiliaci\u00f3, altes, baixes i variacions de dades de treballadors en la Seguretat Social (Reial Decret 84\/1996, de 26 de gener):<\/a><\/li><li class='ez-toc-page-1 ez-toc-heading-level-3'><a class=\"ez-toc-link ez-toc-heading-3\" href=\"https:\/\/www.ariasassessors.com\/ca\/futura-cotitzacio-autonoms\/#Modificacio_del_Reglament_General_sobre_Cotitzacio_i_Liquidacio_daltres_Drets_de_la_Seguretat_Social_Reial_Decret_20641995_de_22_de_desembre\" title=\"Modificaci\u00f3 del Reglament General sobre Cotitzaci\u00f3 i Liquidaci\u00f3 d&#8217;altres Drets de la Seguretat Social (Reial Decret 2064\/1995, de 22 de desembre):\">Modificaci\u00f3 del Reglament General sobre Cotitzaci\u00f3 i Liquidaci\u00f3 d&#8217;altres Drets de la Seguretat Social (Reial Decret 2064\/1995, de 22 de desembre):<\/a><\/li><li class='ez-toc-page-1 ez-toc-heading-level-3'><a class=\"ez-toc-link ez-toc-heading-4\" href=\"https:\/\/www.ariasassessors.com\/ca\/futura-cotitzacio-autonoms\/#Modificacio_del_Reglament_General_de_Recaptacio_de_la_Seguretat_Social_Reial_Decret_14152004_de_l11_de_juny\" title=\"Modificaci\u00f3 del Reglament General de Recaptaci\u00f3 de la Seguretat Social (Reial Decret 1415\/2004, de l&#8217;11 de juny):\">Modificaci\u00f3 del Reglament General de Recaptaci\u00f3 de la Seguretat Social (Reial Decret 1415\/2004, de l&#8217;11 de juny):<\/a><\/li><\/ul><\/li><\/ul><\/nav><\/div>\n<h2><span class=\"ez-toc-section\" id=\"Que_hauran_de_tenir_els_autonoms_en_compte_des_de_el_2_de_gener_de_2023\"><\/span>Qu\u00e8 hauran de tenir els aut\u00f2noms en compte des de el\u00a02 de gener de 2023?<span class=\"ez-toc-section-end\"><\/span><\/h2>\n<p>&#8211; En el RETA\u00a0<strong>podr\u00e0 canviar-se fins a sis vegades\u00a0a l&#8217;any la base de cotitzaci\u00f3<\/strong>:\u00a01 de mar\u00e7; 1 de maig; 1 de juliol; 1 de setembre; 1 de novembre; 1 de gener (de l&#8217;any seg\u00fcent). [Fins al moment eren quatre].<\/p>\n<p>&#8211;\u00a0<strong>Ser\u00e0 necessari realitzar una declaraci\u00f3 de previsi\u00f3 dels rendiments econ\u00f2mics nets\u00a0en la sol\u00b7licitud d&#8217;alta<\/strong>:\u00a0haur\u00e0 de realitzar-se una previsi\u00f3\u00a0\u00a0dels rendiments econ\u00f2mics nets\u00a0durant l&#8217;any natural en el qual es produeixi l&#8217;alta per la seva activitat econ\u00f2mica o professional, de manera directa i\/o per la seva participaci\u00f3 en la societat o comunitat de b\u00e9ns que determini la seva inclusi\u00f3 en el r\u00e8gim especial que correspongui (excepte membres d&#8217;instituts de vida consagrada de l&#8217;Esgl\u00e9sia Cat\u00f2lica i treballadors per compte propi inclosos en els grups segon i tercer de cotitzaci\u00f3 del\u00a0RETM. [Fins al moment no existia aquesta obligaci\u00f3].<\/p>\n<h3><span class=\"ez-toc-section\" id=\"Modificacio_del_Reglament_General_sobre_inscripcio_dempreses_i_afiliacio_altes_baixes_i_variacions_de_dades_de_treballadors_en_la_Seguretat_Social_Reial_Decret_841996_de_26_de_gener\"><\/span><strong>Modificaci\u00f3 del Reglament General sobre inscripci\u00f3 d&#8217;empreses i afiliaci\u00f3, altes, baixes i variacions de dades de treballadors en la Seguretat Social (<a href=\"https:\/\/www.iberley.es\/legislacion\/real-decreto-84-1996-26-ene-reglamento-general-sobre-inscripcion-empresas-afiliacion-altas-bajas-variaciones-datos-trabajadores-seguridad-social-1991634\">Reial Decret 84\/1996, de 26 de gener<\/a>):<\/strong><span class=\"ez-toc-section-end\"><\/span><\/h3>\n<ul>\n<li>Nova redacci\u00f3 a l&#8217;art. 30: sol\u00b7licituds d&#8217;alta i baixa.<\/li>\n<li>Nova redacci\u00f3 a l&#8217;art. 40.1: altes i baixes dels qui es trobin en la situaci\u00f3 de pluriactivitat.<\/li>\n<li>Nova redacci\u00f3 a l&#8217;art. 46: afiliaci\u00f3, altes, baixes i variacions de dades dels treballadors compresos en el camp d&#8217;aplicaci\u00f3 del R\u00e8gim Especial dels Treballadors per Compte Propi o Aut\u00f2noms.<\/li>\n<li>Nova redacci\u00f3 a l&#8217;art. 47: acci\u00f3 protectora en el R\u00e8gim Especial dels Treballadors per Compte Propi o Aut\u00f2noms. Cobertura de determinades conting\u00e8ncies.<\/li>\n<li>Se suprimeix l&#8217;article\u00a047 bis que passa a regular-se en el nou art. 48:\u00a0acci\u00f3 protectora en el\u00a0Sistema Especial per a Treballadors per Compte Propi Agraris establert dins del R\u00e8gim Especial dels Treballadors per Compte Propi o Aut\u00f2noms.<\/li>\n<li>Nou art. 49: regulaci\u00f3 de l&#8217;afiliaci\u00f3 en el R\u00e8gim Especial dels Treballadors de la Mar.<\/li>\n<\/ul>\n<h3><span class=\"ez-toc-section\" id=\"Modificacio_del_Reglament_General_sobre_Cotitzacio_i_Liquidacio_daltres_Drets_de_la_Seguretat_Social_Reial_Decret_20641995_de_22_de_desembre\"><\/span><strong>Modificaci\u00f3 del Reglament General sobre Cotitzaci\u00f3 i Liquidaci\u00f3 d&#8217;altres Drets de la Seguretat Social (<a href=\"https:\/\/www.iberley.es\/legislacion\/real-decreto-2064-1995-22-dic-reglamento-general-sobre-cotizacion-liquidacion-derechos-seguridad-social-1997661\">Reial Decret 2064\/1995, de 22 de desembre<\/a>):<\/strong><span class=\"ez-toc-section-end\"><\/span><\/h3>\n<ul>\n<li>Nova redacci\u00f3 a l&#8217;art. 11.1:\u00a0cotitzaci\u00f3 per part dels empresaris i dels empleats de llar.<\/li>\n<li>Nova redacci\u00f3 a l&#8217;art. 43.2: obligaci\u00f3 de cotitzar al RETA, almenys, sobre la quantia de la base m\u00ednima que correspongui a l&#8217;interessat i elecci\u00f3 de les bases.<\/li>\n<li>Nova redacci\u00f3 a l&#8217;art. 43.1 bis: canvis en la base de cotitzaci\u00f3 al r\u00e8gim especial fins a sis vegades a l&#8217;any i declaraci\u00f3 dels rendiments econ\u00f2mics nets.<\/li>\n<li>Nova redacci\u00f3 a l&#8217;art. 44: adaptaci\u00f3 de la cotitzaci\u00f3 per incapacitat temporal, conting\u00e8ncies professionals i cessament d&#8217;activitat a la nova situaci\u00f3.<\/li>\n<li>Nova redacci\u00f3 a l&#8217;art. 45.4 i 5:\u00a0cotitzaci\u00f3 per les prestacions d&#8217;incapacitat temporal derivada de conting\u00e8ncies comunes i per cessament d&#8217;activitat i\u00a0cotitzaci\u00f3 per les conting\u00e8ncies d&#8217;accidents de treball i malalties professionals en aquest r\u00e8gim especial.<\/li>\n<\/ul>\n<h3><span class=\"ez-toc-section\" id=\"Modificacio_del_Reglament_General_de_Recaptacio_de_la_Seguretat_Social_Reial_Decret_14152004_de_l11_de_juny\"><\/span><strong>Modificaci\u00f3 del Reglament General de Recaptaci\u00f3 de la Seguretat Social (<a href=\"https:\/\/www.iberley.es\/legislacion\/real-decreto-84-1996-26-ene-reglamento-general-sobre-inscripcion-empresas-afiliacion-altas-bajas-variaciones-datos-trabajadores-seguridad-social-1991634\">Reial Decret 1415\/2004, de l&#8217;11 de juny<\/a>):<\/strong><span class=\"ez-toc-section-end\"><\/span><\/h3>\n<ul>\n<li>Nou par\u00e0graf 5\u00e8 de l&#8217;apartat 1.c) de l&#8217;article 56: sol\u00b7licituds d&#8217;exclusi\u00f3 del Sistema Especial per a Treballadors per Compte Propi Agraris.<\/li>\n<\/ul>\n<p>En paral\u00b7lel a les modificacions reglament\u00e0ries citades, el \u00a0Reial decret 504\/2022, de 27 de juny, regula un\u00a0<strong>proc\u00e9s de comunicaci\u00f3 de dades per part de treballadors per compte propi o <a href=\"https:\/\/www.ariasassessors.com\/gastos-deducirse-autonomos-renta\/\">aut\u00f2noms<\/a> que ja figurin en alta en algun r\u00e8gim de la Seguretat Social:<\/strong><\/p>\n<p><em>\u00abEls treballadors que, en la data d&#8217;entrada en vigor d&#8217;aquest reial decret, figurin en alta en el R\u00e8gim Especial de la Seguretat Social dels Treballadors per Compte Propi o Aut\u00f2noms o en el R\u00e8gim Especial de la Seguretat Social dels Treballadors de la Mar, com a treballadors per compte propi inclosos en el grup primer de cotitzaci\u00f3, i que, per les peculiaritats de la seva inclusi\u00f3 en tots dos, hagin d&#8217;aportar qualsevol de les dades relacionades en els par\u00e0grafs 1r a 10\u00e8 de l&#8217;article 30.2.b) del Reglament General sobre inscripci\u00f3 d&#8217;empreses i afiliaci\u00f3, altes, baixes i variacions de dades de treballadors en la Seguretat Social, hauran de comunicar-los per mitjans electr\u00f2nics a la Tresoreria General de la Seguretat Social, en un termini que finalitzar\u00e0 el 31 d&#8217;octubre de 2023\u00bb.<\/em><\/p>\n","protected":false},"excerpt":{"rendered":"<p>Mitjan\u00e7ant el\u00a0Reial decret 504\/2022, de 27 de juny, es modifiquen el Reglament General sobre inscripci\u00f3 d&#8217;empreses i afiliaci\u00f3, altes, baixes i variacions de dades de treballadors en la Seguretat Social (Reial decret 84\/1996, de 26 de gener), i el Reglament General sobre Cotitzaci\u00f3 i Liquidaci\u00f3&#8230;<\/p>\n","protected":false},"author":2,"featured_media":1977,"comment_status":"open","ping_status":"open","sticky":false,"template":"","format":"standard","meta":{"footnotes":""},"categories":[4],"tags":[],"class_list":["post-1976","post","type-post","status-publish","format-standard","has-post-thumbnail","hentry","category-noticies"],"yoast_head":"<!-- This site is optimized with the Yoast SEO plugin v24.3 - https:\/\/yoast.com\/wordpress\/plugins\/seo\/ -->\n<title>Futura cotitzaci\u00f3 per ingressos reals dels aut\u00f2noms (RD 504\/2022) | Arias Assessors<\/title>\n<meta name=\"description\" content=\"Es modifica el reglament sobre cotitzaci\u00f3 i inscripci\u00f3 d&#039;empreses i afiliaci\u00f3, altes, baixes de dades en la Seguretat Social.\" \/>\n<meta name=\"robots\" content=\"index, follow, max-snippet:-1, max-image-preview:large, max-video-preview:-1\" \/>\n<link rel=\"canonical\" href=\"https:\/\/www.ariasassessors.com\/ca\/futura-cotitzacio-autonoms\/\" \/>\n<meta property=\"og:locale\" content=\"ca_ES\" \/>\n<meta property=\"og:type\" content=\"article\" \/>\n<meta property=\"og:title\" content=\"Futura cotitzaci\u00f3 per ingressos reals dels aut\u00f2noms (RD 504\/2022) | Arias Assessors\" \/>\n<meta property=\"og:description\" content=\"Es modifica el reglament sobre cotitzaci\u00f3 i inscripci\u00f3 d&#039;empreses i afiliaci\u00f3, altes, baixes de dades en la Seguretat Social.\" \/>\n<meta property=\"og:url\" content=\"https:\/\/www.ariasassessors.com\/ca\/futura-cotitzacio-autonoms\/\" \/>\n<meta property=\"og:site_name\" content=\"Arias Assessors\" \/>\n<meta property=\"article:publisher\" content=\"https:\/\/www.facebook.com\/ariasassessors\/\" \/>\n<meta property=\"article:published_time\" content=\"2022-06-29T09:30:24+00:00\" \/>\n<meta property=\"article:modified_time\" content=\"2022-06-29T09:42:44+00:00\" \/>\n<meta property=\"og:image\" content=\"https:\/\/www.ariasassessors.com\/wp-content\/uploads\/2022\/06\/Arias_Blog_IMAGEN_DESTACADA-2.jpg\" \/>\n\t<meta property=\"og:image:width\" content=\"1920\" \/>\n\t<meta property=\"og:image:height\" content=\"1202\" \/>\n\t<meta property=\"og:image:type\" content=\"image\/jpeg\" \/>\n<meta name=\"author\" content=\"btorras\" \/>\n<meta name=\"twitter:card\" content=\"summary_large_image\" \/>\n<meta name=\"twitter:creator\" content=\"@ariasassessors\" \/>\n<meta name=\"twitter:site\" content=\"@ariasassessors\" \/>\n<meta name=\"twitter:label1\" content=\"Escrit per\" \/>\n\t<meta name=\"twitter:data1\" content=\"btorras\" \/>\n\t<meta name=\"twitter:label2\" content=\"Temps estimat de lectura\" \/>\n\t<meta name=\"twitter:data2\" content=\"5 minuts\" \/>\n<script type=\"application\/ld+json\" class=\"yoast-schema-graph\">{\"@context\":\"https:\/\/schema.org\",\"@graph\":[{\"@type\":\"Article\",\"@id\":\"https:\/\/www.ariasassessors.com\/ca\/futura-cotitzacio-autonoms\/#article\",\"isPartOf\":{\"@id\":\"https:\/\/www.ariasassessors.com\/ca\/futura-cotitzacio-autonoms\/\"},\"author\":{\"name\":\"btorras\",\"@id\":\"https:\/\/www.ariasassessors.com\/#\/schema\/person\/63c6ad1775f0a9413c37932562673cef\"},\"headline\":\"Futura cotitzaci\u00f3 per ingressos reals dels aut\u00f2noms (RD 504\/2022)\",\"datePublished\":\"2022-06-29T09:30:24+00:00\",\"dateModified\":\"2022-06-29T09:42:44+00:00\",\"mainEntityOfPage\":{\"@id\":\"https:\/\/www.ariasassessors.com\/ca\/futura-cotitzacio-autonoms\/\"},\"wordCount\":924,\"commentCount\":0,\"publisher\":{\"@id\":\"https:\/\/www.ariasassessors.com\/#organization\"},\"image\":{\"@id\":\"https:\/\/www.ariasassessors.com\/ca\/futura-cotitzacio-autonoms\/#primaryimage\"},\"thumbnailUrl\":\"https:\/\/www.ariasassessors.com\/wp-content\/uploads\/2022\/06\/Arias_Blog_IMAGEN_DESTACADA-2.jpg\",\"articleSection\":[\"noticies\"],\"inLanguage\":\"ca\",\"potentialAction\":[{\"@type\":\"CommentAction\",\"name\":\"Comment\",\"target\":[\"https:\/\/www.ariasassessors.com\/ca\/futura-cotitzacio-autonoms\/#respond\"]}]},{\"@type\":\"WebPage\",\"@id\":\"https:\/\/www.ariasassessors.com\/ca\/futura-cotitzacio-autonoms\/\",\"url\":\"https:\/\/www.ariasassessors.com\/ca\/futura-cotitzacio-autonoms\/\",\"name\":\"Futura cotitzaci\u00f3 per ingressos reals dels aut\u00f2noms (RD 504\/2022) | Arias Assessors\",\"isPartOf\":{\"@id\":\"https:\/\/www.ariasassessors.com\/#website\"},\"primaryImageOfPage\":{\"@id\":\"https:\/\/www.ariasassessors.com\/ca\/futura-cotitzacio-autonoms\/#primaryimage\"},\"image\":{\"@id\":\"https:\/\/www.ariasassessors.com\/ca\/futura-cotitzacio-autonoms\/#primaryimage\"},\"thumbnailUrl\":\"https:\/\/www.ariasassessors.com\/wp-content\/uploads\/2022\/06\/Arias_Blog_IMAGEN_DESTACADA-2.jpg\",\"datePublished\":\"2022-06-29T09:30:24+00:00\",\"dateModified\":\"2022-06-29T09:42:44+00:00\",\"description\":\"Es modifica el reglament sobre cotitzaci\u00f3 i inscripci\u00f3 d'empreses i afiliaci\u00f3, altes, baixes de dades en la Seguretat Social.\",\"breadcrumb\":{\"@id\":\"https:\/\/www.ariasassessors.com\/ca\/futura-cotitzacio-autonoms\/#breadcrumb\"},\"inLanguage\":\"ca\",\"potentialAction\":[{\"@type\":\"ReadAction\",\"target\":[\"https:\/\/www.ariasassessors.com\/ca\/futura-cotitzacio-autonoms\/\"]}]},{\"@type\":\"ImageObject\",\"inLanguage\":\"ca\",\"@id\":\"https:\/\/www.ariasassessors.com\/ca\/futura-cotitzacio-autonoms\/#primaryimage\",\"url\":\"https:\/\/www.ariasassessors.com\/wp-content\/uploads\/2022\/06\/Arias_Blog_IMAGEN_DESTACADA-2.jpg\",\"contentUrl\":\"https:\/\/www.ariasassessors.com\/wp-content\/uploads\/2022\/06\/Arias_Blog_IMAGEN_DESTACADA-2.jpg\",\"width\":1920,\"height\":1202,\"caption\":\"Cotizaci\u00f3n\"},{\"@type\":\"BreadcrumbList\",\"@id\":\"https:\/\/www.ariasassessors.com\/ca\/futura-cotitzacio-autonoms\/#breadcrumb\",\"itemListElement\":[{\"@type\":\"ListItem\",\"position\":1,\"name\":\"Portada\",\"item\":\"https:\/\/www.ariasassessors.com\/ca\/\"},{\"@type\":\"ListItem\",\"position\":2,\"name\":\"Futura cotitzaci\u00f3 per ingressos reals dels aut\u00f2noms (RD 504\/2022)\"}]},{\"@type\":\"WebSite\",\"@id\":\"https:\/\/www.ariasassessors.com\/#website\",\"url\":\"https:\/\/www.ariasassessors.com\/\",\"name\":\"Arias Assessors\",\"description\":\"Asesor\u00eda para aut\u00f3nomos, profesionales y PYMES\",\"publisher\":{\"@id\":\"https:\/\/www.ariasassessors.com\/#organization\"},\"potentialAction\":[{\"@type\":\"SearchAction\",\"target\":{\"@type\":\"EntryPoint\",\"urlTemplate\":\"https:\/\/www.ariasassessors.com\/?s={search_term_string}\"},\"query-input\":{\"@type\":\"PropertyValueSpecification\",\"valueRequired\":true,\"valueName\":\"search_term_string\"}}],\"inLanguage\":\"ca\"},{\"@type\":\"Organization\",\"@id\":\"https:\/\/www.ariasassessors.com\/#organization\",\"name\":\"Arias Assessors\",\"url\":\"https:\/\/www.ariasassessors.com\/\",\"logo\":{\"@type\":\"ImageObject\",\"inLanguage\":\"ca\",\"@id\":\"https:\/\/www.ariasassessors.com\/#\/schema\/logo\/image\/\",\"url\":\"https:\/\/www.ariasassessors.com\/wp-content\/uploads\/2019\/01\/arias-logo.png\",\"contentUrl\":\"https:\/\/www.ariasassessors.com\/wp-content\/uploads\/2019\/01\/arias-logo.png\",\"width\":349,\"height\":254,\"caption\":\"Arias Assessors\"},\"image\":{\"@id\":\"https:\/\/www.ariasassessors.com\/#\/schema\/logo\/image\/\"},\"sameAs\":[\"https:\/\/www.facebook.com\/ariasassessors\/\",\"https:\/\/x.com\/ariasassessors\",\"https:\/\/www.linkedin.com\/company\/r&amp;amp;r-growing-knowledge\/\"]},{\"@type\":\"Person\",\"@id\":\"https:\/\/www.ariasassessors.com\/#\/schema\/person\/63c6ad1775f0a9413c37932562673cef\",\"name\":\"btorras\",\"image\":{\"@type\":\"ImageObject\",\"inLanguage\":\"ca\",\"@id\":\"https:\/\/www.ariasassessors.com\/#\/schema\/person\/image\/\",\"url\":\"https:\/\/secure.gravatar.com\/avatar\/0531db351fc361fdbfd204c58fa2d6a3?s=96&d=mm&r=g\",\"contentUrl\":\"https:\/\/secure.gravatar.com\/avatar\/0531db351fc361fdbfd204c58fa2d6a3?s=96&d=mm&r=g\",\"caption\":\"btorras\"}}]}<\/script>\n<!-- \/ Yoast SEO plugin. -->","yoast_head_json":{"title":"Futura cotitzaci\u00f3 per ingressos reals dels aut\u00f2noms (RD 504\/2022) | Arias Assessors","description":"Es modifica el reglament sobre cotitzaci\u00f3 i inscripci\u00f3 d'empreses i afiliaci\u00f3, altes, baixes de dades en la Seguretat Social.","robots":{"index":"index","follow":"follow","max-snippet":"max-snippet:-1","max-image-preview":"max-image-preview:large","max-video-preview":"max-video-preview:-1"},"canonical":"https:\/\/www.ariasassessors.com\/ca\/futura-cotitzacio-autonoms\/","og_locale":"ca_ES","og_type":"article","og_title":"Futura cotitzaci\u00f3 per ingressos reals dels aut\u00f2noms (RD 504\/2022) | Arias Assessors","og_description":"Es modifica el reglament sobre cotitzaci\u00f3 i inscripci\u00f3 d'empreses i afiliaci\u00f3, altes, baixes de dades en la Seguretat Social.","og_url":"https:\/\/www.ariasassessors.com\/ca\/futura-cotitzacio-autonoms\/","og_site_name":"Arias Assessors","article_publisher":"https:\/\/www.facebook.com\/ariasassessors\/","article_published_time":"2022-06-29T09:30:24+00:00","article_modified_time":"2022-06-29T09:42:44+00:00","og_image":[{"width":1920,"height":1202,"url":"https:\/\/www.ariasassessors.com\/wp-content\/uploads\/2022\/06\/Arias_Blog_IMAGEN_DESTACADA-2.jpg","type":"image\/jpeg"}],"author":"btorras","twitter_card":"summary_large_image","twitter_creator":"@ariasassessors","twitter_site":"@ariasassessors","twitter_misc":{"Escrit per":"btorras","Temps estimat de lectura":"5 minuts"},"schema":{"@context":"https:\/\/schema.org","@graph":[{"@type":"Article","@id":"https:\/\/www.ariasassessors.com\/ca\/futura-cotitzacio-autonoms\/#article","isPartOf":{"@id":"https:\/\/www.ariasassessors.com\/ca\/futura-cotitzacio-autonoms\/"},"author":{"name":"btorras","@id":"https:\/\/www.ariasassessors.com\/#\/schema\/person\/63c6ad1775f0a9413c37932562673cef"},"headline":"Futura cotitzaci\u00f3 per ingressos reals dels aut\u00f2noms (RD 504\/2022)","datePublished":"2022-06-29T09:30:24+00:00","dateModified":"2022-06-29T09:42:44+00:00","mainEntityOfPage":{"@id":"https:\/\/www.ariasassessors.com\/ca\/futura-cotitzacio-autonoms\/"},"wordCount":924,"commentCount":0,"publisher":{"@id":"https:\/\/www.ariasassessors.com\/#organization"},"image":{"@id":"https:\/\/www.ariasassessors.com\/ca\/futura-cotitzacio-autonoms\/#primaryimage"},"thumbnailUrl":"https:\/\/www.ariasassessors.com\/wp-content\/uploads\/2022\/06\/Arias_Blog_IMAGEN_DESTACADA-2.jpg","articleSection":["noticies"],"inLanguage":"ca","potentialAction":[{"@type":"CommentAction","name":"Comment","target":["https:\/\/www.ariasassessors.com\/ca\/futura-cotitzacio-autonoms\/#respond"]}]},{"@type":"WebPage","@id":"https:\/\/www.ariasassessors.com\/ca\/futura-cotitzacio-autonoms\/","url":"https:\/\/www.ariasassessors.com\/ca\/futura-cotitzacio-autonoms\/","name":"Futura cotitzaci\u00f3 per ingressos reals dels aut\u00f2noms (RD 504\/2022) | Arias Assessors","isPartOf":{"@id":"https:\/\/www.ariasassessors.com\/#website"},"primaryImageOfPage":{"@id":"https:\/\/www.ariasassessors.com\/ca\/futura-cotitzacio-autonoms\/#primaryimage"},"image":{"@id":"https:\/\/www.ariasassessors.com\/ca\/futura-cotitzacio-autonoms\/#primaryimage"},"thumbnailUrl":"https:\/\/www.ariasassessors.com\/wp-content\/uploads\/2022\/06\/Arias_Blog_IMAGEN_DESTACADA-2.jpg","datePublished":"2022-06-29T09:30:24+00:00","dateModified":"2022-06-29T09:42:44+00:00","description":"Es modifica el reglament sobre cotitzaci\u00f3 i inscripci\u00f3 d'empreses i afiliaci\u00f3, altes, baixes de dades en la Seguretat Social.","breadcrumb":{"@id":"https:\/\/www.ariasassessors.com\/ca\/futura-cotitzacio-autonoms\/#breadcrumb"},"inLanguage":"ca","potentialAction":[{"@type":"ReadAction","target":["https:\/\/www.ariasassessors.com\/ca\/futura-cotitzacio-autonoms\/"]}]},{"@type":"ImageObject","inLanguage":"ca","@id":"https:\/\/www.ariasassessors.com\/ca\/futura-cotitzacio-autonoms\/#primaryimage","url":"https:\/\/www.ariasassessors.com\/wp-content\/uploads\/2022\/06\/Arias_Blog_IMAGEN_DESTACADA-2.jpg","contentUrl":"https:\/\/www.ariasassessors.com\/wp-content\/uploads\/2022\/06\/Arias_Blog_IMAGEN_DESTACADA-2.jpg","width":1920,"height":1202,"caption":"Cotizaci\u00f3n"},{"@type":"BreadcrumbList","@id":"https:\/\/www.ariasassessors.com\/ca\/futura-cotitzacio-autonoms\/#breadcrumb","itemListElement":[{"@type":"ListItem","position":1,"name":"Portada","item":"https:\/\/www.ariasassessors.com\/ca\/"},{"@type":"ListItem","position":2,"name":"Futura cotitzaci\u00f3 per ingressos reals dels aut\u00f2noms (RD 504\/2022)"}]},{"@type":"WebSite","@id":"https:\/\/www.ariasassessors.com\/#website","url":"https:\/\/www.ariasassessors.com\/","name":"Arias Assessors","description":"Asesor\u00eda para aut\u00f3nomos, profesionales y PYMES","publisher":{"@id":"https:\/\/www.ariasassessors.com\/#organization"},"potentialAction":[{"@type":"SearchAction","target":{"@type":"EntryPoint","urlTemplate":"https:\/\/www.ariasassessors.com\/?s={search_term_string}"},"query-input":{"@type":"PropertyValueSpecification","valueRequired":true,"valueName":"search_term_string"}}],"inLanguage":"ca"},{"@type":"Organization","@id":"https:\/\/www.ariasassessors.com\/#organization","name":"Arias Assessors","url":"https:\/\/www.ariasassessors.com\/","logo":{"@type":"ImageObject","inLanguage":"ca","@id":"https:\/\/www.ariasassessors.com\/#\/schema\/logo\/image\/","url":"https:\/\/www.ariasassessors.com\/wp-content\/uploads\/2019\/01\/arias-logo.png","contentUrl":"https:\/\/www.ariasassessors.com\/wp-content\/uploads\/2019\/01\/arias-logo.png","width":349,"height":254,"caption":"Arias Assessors"},"image":{"@id":"https:\/\/www.ariasassessors.com\/#\/schema\/logo\/image\/"},"sameAs":["https:\/\/www.facebook.com\/ariasassessors\/","https:\/\/x.com\/ariasassessors","https:\/\/www.linkedin.com\/company\/r&amp;amp;r-growing-knowledge\/"]},{"@type":"Person","@id":"https:\/\/www.ariasassessors.com\/#\/schema\/person\/63c6ad1775f0a9413c37932562673cef","name":"btorras","image":{"@type":"ImageObject","inLanguage":"ca","@id":"https:\/\/www.ariasassessors.com\/#\/schema\/person\/image\/","url":"https:\/\/secure.gravatar.com\/avatar\/0531db351fc361fdbfd204c58fa2d6a3?s=96&d=mm&r=g","contentUrl":"https:\/\/secure.gravatar.com\/avatar\/0531db351fc361fdbfd204c58fa2d6a3?s=96&d=mm&r=g","caption":"btorras"}}]}},"_links":{"self":[{"href":"https:\/\/www.ariasassessors.com\/ca\/wp-json\/wp\/v2\/posts\/1976","targetHints":{"allow":["GET"]}}],"collection":[{"href":"https:\/\/www.ariasassessors.com\/ca\/wp-json\/wp\/v2\/posts"}],"about":[{"href":"https:\/\/www.ariasassessors.com\/ca\/wp-json\/wp\/v2\/types\/post"}],"author":[{"embeddable":true,"href":"https:\/\/www.ariasassessors.com\/ca\/wp-json\/wp\/v2\/users\/2"}],"replies":[{"embeddable":true,"href":"https:\/\/www.ariasassessors.com\/ca\/wp-json\/wp\/v2\/comments?post=1976"}],"version-history":[{"count":3,"href":"https:\/\/www.ariasassessors.com\/ca\/wp-json\/wp\/v2\/posts\/1976\/revisions"}],"predecessor-version":[{"id":1982,"href":"https:\/\/www.ariasassessors.com\/ca\/wp-json\/wp\/v2\/posts\/1976\/revisions\/1982"}],"wp:featuredmedia":[{"embeddable":true,"href":"https:\/\/www.ariasassessors.com\/ca\/wp-json\/wp\/v2\/media\/1977"}],"wp:attachment":[{"href":"https:\/\/www.ariasassessors.com\/ca\/wp-json\/wp\/v2\/media?parent=1976"}],"wp:term":[{"taxonomy":"category","embeddable":true,"href":"https:\/\/www.ariasassessors.com\/ca\/wp-json\/wp\/v2\/categories?post=1976"},{"taxonomy":"post_tag","embeddable":true,"href":"https:\/\/www.ariasassessors.com\/ca\/wp-json\/wp\/v2\/tags?post=1976"}],"curies":[{"name":"wp","href":"https:\/\/api.w.org\/{rel}","templated":true}]}}